{"id":336459,"date":"2023-05-18T23:59:31","date_gmt":"2023-05-18T21:59:31","guid":{"rendered":"https:\/\/www.radiopiu.net\/wordpress\/?p=336459"},"modified":"2023-05-19T05:24:58","modified_gmt":"2023-05-19T03:24:58","slug":"i-giovanissimi-dellagordina-in-campo-per-giocarsi-il-terzo-posto","status":"publish","type":"post","link":"https:\/\/www.radiopiu.net\/wordpress\/i-giovanissimi-dellagordina-in-campo-per-giocarsi-il-terzo-posto\/","title":{"rendered":"I GIOVANISSIMI DELL&#8217;AGORDINA IN CAMPO PER GIOCARSI IL TERZO POSTO"},"content":{"rendered":"<p><strong><a class=\"dt-pswp-item\" href=\"https:\/\/www.radiopiu.net\/wordpress\/wp-content\/uploads\/2021\/10\/CALCIO-2021.jpg\" data-dt-img-description=\"\" data-large_image_width=\"1920\" data-large_image_height=\"1280\"><img loading=\"lazy\" decoding=\"async\" class=\" wp-image-235116 alignleft\" src=\"https:\/\/www.radiopiu.net\/wordpress\/wp-content\/uploads\/2021\/10\/CALCIO-2021-300x200.jpg\" alt=\"\" width=\"215\" height=\"143\" srcset=\"https:\/\/www.radiopiu.net\/wordpress\/wp-content\/uploads\/2021\/10\/CALCIO-2021-300x200.jpg 300w, https:\/\/www.radiopiu.net\/wordpress\/wp-content\/uploads\/2021\/10\/CALCIO-2021-1024x683.jpg 1024w, https:\/\/www.radiopiu.net\/wordpress\/wp-content\/uploads\/2021\/10\/CALCIO-2021-768x512.jpg 768w, https:\/\/www.radiopiu.net\/wordpress\/wp-content\/uploads\/2021\/10\/CALCIO-2021-1536x1024.jpg 1536w, https:\/\/www.radiopiu.net\/wordpress\/wp-content\/uploads\/2021\/10\/CALCIO-2021.jpg 1920w\" sizes=\"auto, (max-width: 215px) 100vw, 215px\" \/><\/a>di Marco Gaz<\/strong><\/p>\n<p><strong>REDAZIONE<\/strong> Sar\u00e0 un fine settimana intenso per l&#8217;Agordina Calcio che, oltre ad organizzare i due Memorial giovanili dedicati ad Enrico Pizzoni ed Attilio Moretti, domani sar\u00e0 impegnata con l&#8217;atto finale del campionato Giovanissimi. La squadra di De Bastiani non \u00e8 riuscita ad aggiudicarsi la finalissima del torneo dopo le due sconfitte con la Plavis e quindi si giocher\u00e0 la sfida valida per il terzo-quarto posto. I ragazzi di Agordo scenderanno a Puos D&#8217;Alpago dove sono in programma le partite finali della stagione. Di fronte agli agordini ci sar\u00e0 il Limana Cavarzano. Una sfida da vincere per onorare al meglio un campionato in cui i giovani allenati da De Bastiani sono stati protagonisti.<\/p>\n<p>&nbsp;<\/p>\n<p>&nbsp;<\/p>\n<p>*******<\/p>\n","protected":false},"excerpt":{"rendered":"<p>di Marco Gaz REDAZIONE Sar\u00e0 un fine settimana intenso per l&#8217;Agordina Calcio che, oltre ad organizzare i due Memorial giovanili dedicati ad Enrico Pizzoni ed Attilio Moretti, domani sar\u00e0 impegnata con l&#8217;atto finale del campionato Giovanissimi. La squadra di De Bastiani non \u00e8 riuscita ad aggiudicarsi la finalissima del torneo dopo le due sconfitte con&hellip;<\/p>\n","protected":false},"author":4,"featured_media":235116,"comment_status":"closed","ping_status":"closed","sticky":false,"template":"","format":"standard","meta":{"_monsterinsights_skip_tracking":false,"_monsterinsights_sitenote_active":false,"_monsterinsights_sitenote_note":"","_monsterinsights_sitenote_category":0,"footnotes":""},"categories":[104,49],"tags":[],"class_list":["post-336459","post","type-post","status-publish","format-standard","has-post-thumbnail","hentry","category-evidenza_3","category-news-18","category-104","category-49","description-off"],"img_url":"https:\/\/www.radiopiu.net\/wordpress\/wp-content\/uploads\/2021\/10\/CALCIO-2021.jpg","_links":{"self":[{"href":"https:\/\/www.radiopiu.net\/wordpress\/wp-json\/wp\/v2\/posts\/336459","targetHints":{"allow":["GET"]}}],"collection":[{"href":"https:\/\/www.radiopiu.net\/wordpress\/wp-json\/wp\/v2\/posts"}],"about":[{"href":"https:\/\/www.radiopiu.net\/wordpress\/wp-json\/wp\/v2\/types\/post"}],"author":[{"embeddable":true,"href":"https:\/\/www.radiopiu.net\/wordpress\/wp-json\/wp\/v2\/users\/4"}],"replies":[{"embeddable":true,"href":"https:\/\/www.radiopiu.net\/wordpress\/wp-json\/wp\/v2\/comments?post=336459"}],"version-history":[{"count":0,"href":"https:\/\/www.radiopiu.net\/wordpress\/wp-json\/wp\/v2\/posts\/336459\/revisions"}],"wp:featuredmedia":[{"embeddable":true,"href":"https:\/\/www.radiopiu.net\/wordpress\/wp-json\/wp\/v2\/media\/235116"}],"wp:attachment":[{"href":"https:\/\/www.radiopiu.net\/wordpress\/wp-json\/wp\/v2\/media?parent=336459"}],"wp:term":[{"taxonomy":"category","embeddable":true,"href":"https:\/\/www.radiopiu.net\/wordpress\/wp-json\/wp\/v2\/categories?post=336459"},{"taxonomy":"post_tag","embeddable":true,"href":"https:\/\/www.radiopiu.net\/wordpress\/wp-json\/wp\/v2\/tags?post=336459"}],"curies":[{"name":"wp","href":"https:\/\/api.w.org\/{rel}","templated":true}]}}