{"id":336471,"date":"2023-05-19T05:17:28","date_gmt":"2023-05-19T03:17:28","guid":{"rendered":"https:\/\/www.radiopiu.net\/wordpress\/?p=336471"},"modified":"2023-05-19T05:25:25","modified_gmt":"2023-05-19T03:25:25","slug":"700-studenti-a-scuola-dai-vigili-del-fuoco","status":"publish","type":"post","link":"https:\/\/www.radiopiu.net\/wordpress\/700-studenti-a-scuola-dai-vigili-del-fuoco\/","title":{"rendered":"700 STUDENTI A SCUOLA DAI VIGILI DEL FUOCO"},"content":{"rendered":"<blockquote>\n<h3><\/h3>\n<p><em>L&#8217;evento \u00e8 stato un&#8217;opportunit\u00e0 per i bambini e i ragazzi di apprezzare il lavoro dei Vigili del Fuoco e di acquisire una maggiore consapevolezza sulla sicurezza e l&#8217;importanza delle operazioni di soccorso.<\/em><\/p><\/blockquote>\n<div class=\"flex-1 overflow-hidden\">\n<div class=\"react-scroll-to-bottom--css-phhur-79elbk h-full dark:bg-gray-800\">\n<div class=\"react-scroll-to-bottom--css-phhur-1n7m0yu\">\n<div class=\"flex flex-col items-center text-sm dark:bg-gray-800\">\n<div class=\"group w-full text-gray-800 dark:text-gray-100 border-b border-black\/10 dark:border-gray-900\/50 bg-gray-50 dark:bg-[#444654]\">\n<div class=\"flex p-4 gap-4 text-base md:gap-6 md:max-w-2xl lg:max-w-xl xl:max-w-3xl md:py-6 lg:px-0 m-auto\">\n<div class=\"relative flex w-[calc(100%-50px)] flex-col gap-1 md:gap-3 lg:w-[calc(100%-115px)]\">\n<div class=\"flex flex-grow flex-col gap-3\">\n<div class=\"min-h-[20px] flex flex-col items-start gap-4 whitespace-pre-wrap break-words\">\n<div class=\"markdown prose w-full break-words dark:prose-invert light\">\n<p><strong><a class=\"dt-pswp-item\" href=\"https:\/\/www.radiopiu.net\/wordpress\/wp-content\/uploads\/2023\/05\/Senza-nome-59.jpg\" data-dt-img-description=\"\" data-large_image_width=\"274\" data-large_image_height=\"165\"><img loading=\"lazy\" decoding=\"async\" class=\"size-medium wp-image-336470 alignleft\" src=\"https:\/\/www.radiopiu.net\/wordpress\/wp-content\/uploads\/2023\/05\/Senza-nome-59.jpg\" alt=\"\" width=\"274\" height=\"165\" \/><\/a>BELLUNO<\/strong> Settecento bambini delle scuole elementari e medie della provincia hanno partecipato a una giornata organizzata dai Vigili del Fuoco. Gli studenti hanno avuto l&#8217;opportunit\u00e0 di vedere da vicino i mezzi e le attrezzature utilizzate dai vigili del fuoco e hanno assistito a simulazioni di salvataggio in cui sono state spegnate bombole di gas incendiate e sono state estratte persone da incidenti automobilistici. Nonostante l&#8217;emergenza alluvione che ha colpito l&#8217;Emilia Romagna e l&#8217;impegno delle squadre dei Vigili del Fuoco, l&#8217;evento si \u00e8 svolto come programmato. Il comandante provinciale dei Vigili del Fuoco, Antonio Del Gallo, ha spiegato che l&#8217;idea di posticipare l&#8217;evento \u00e8 stata presa in considerazione, ma alla fine si \u00e8 deciso di farlo comunque, dedicando per\u00f2 un pensiero alle popolazioni colpite e ai colleghi impegnati nelle operazioni di soccorso.<\/p>\n<\/div>\n<\/div>\n<\/div>\n<\/div>\n<\/div>\n<\/div>\n<\/div>\n<\/div>\n<\/div>\n<\/div>\n","protected":false},"excerpt":{"rendered":"<p>L&#8217;evento \u00e8 stato un&#8217;opportunit\u00e0 per i bambini e i ragazzi di apprezzare il lavoro dei Vigili del Fuoco e di acquisire una maggiore consapevolezza sulla sicurezza e l&#8217;importanza delle operazioni di soccorso. BELLUNO Settecento bambini delle scuole elementari e medie della provincia hanno partecipato a una giornata organizzata dai Vigili del Fuoco. Gli studenti hanno&hellip;<\/p>\n","protected":false},"author":4,"featured_media":336473,"comment_status":"closed","ping_status":"closed","sticky":false,"template":"","format":"standard","meta":{"_monsterinsights_skip_tracking":false,"_monsterinsights_sitenote_active":false,"_monsterinsights_sitenote_note":"","_monsterinsights_sitenote_category":0,"footnotes":""},"categories":[51,49],"tags":[],"class_list":["post-336471","post","type-post","status-publish","format-standard","has-post-thumbnail","hentry","category-evidenza-top","category-news-18","category-51","category-49","description-off"],"img_url":"https:\/\/www.radiopiu.net\/wordpress\/wp-content\/uploads\/2023\/05\/Senza-nome-5.png","_links":{"self":[{"href":"https:\/\/www.radiopiu.net\/wordpress\/wp-json\/wp\/v2\/posts\/336471","targetHints":{"allow":["GET"]}}],"collection":[{"href":"https:\/\/www.radiopiu.net\/wordpress\/wp-json\/wp\/v2\/posts"}],"about":[{"href":"https:\/\/www.radiopiu.net\/wordpress\/wp-json\/wp\/v2\/types\/post"}],"author":[{"embeddable":true,"href":"https:\/\/www.radiopiu.net\/wordpress\/wp-json\/wp\/v2\/users\/4"}],"replies":[{"embeddable":true,"href":"https:\/\/www.radiopiu.net\/wordpress\/wp-json\/wp\/v2\/comments?post=336471"}],"version-history":[{"count":0,"href":"https:\/\/www.radiopiu.net\/wordpress\/wp-json\/wp\/v2\/posts\/336471\/revisions"}],"wp:featuredmedia":[{"embeddable":true,"href":"https:\/\/www.radiopiu.net\/wordpress\/wp-json\/wp\/v2\/media\/336473"}],"wp:attachment":[{"href":"https:\/\/www.radiopiu.net\/wordpress\/wp-json\/wp\/v2\/media?parent=336471"}],"wp:term":[{"taxonomy":"category","embeddable":true,"href":"https:\/\/www.radiopiu.net\/wordpress\/wp-json\/wp\/v2\/categories?post=336471"},{"taxonomy":"post_tag","embeddable":true,"href":"https:\/\/www.radiopiu.net\/wordpress\/wp-json\/wp\/v2\/tags?post=336471"}],"curies":[{"name":"wp","href":"https:\/\/api.w.org\/{rel}","templated":true}]}}