{"id":336475,"date":"2023-05-19T07:45:43","date_gmt":"2023-05-19T05:45:43","guid":{"rendered":"https:\/\/www.radiopiu.net\/wordpress\/?p=336475"},"modified":"2023-05-19T11:08:56","modified_gmt":"2023-05-19T09:08:56","slug":"la-rassegna-stampa-locale-dal-1983-alle-otto-di-mirko-mezzacasa","status":"publish","type":"post","link":"https:\/\/www.radiopiu.net\/wordpress\/la-rassegna-stampa-locale-dal-1983-alle-otto-di-mirko-mezzacasa\/","title":{"rendered":"LA RASSEGNA STAMPA LOCALE , DAL 1983 ALLE OTTO, DI MIRKO MEZZACASA"},"content":{"rendered":"<p><strong>RIVAMONTE<\/strong> VENETO STRADE Informa che oggi dalle 8 alle 17 in localit\u00e0 Gona, la strada sar\u00e0 preclusa anche ai pedoni. Interdizione totale per permetterei il proseguo del lavori di consolidamento.<br \/>\n<strong>FALCADE<\/strong>\u00a0 Gestione Servizi Pubblici informa che a FALCADE nelle localit\u00e0 FALCADE ALTO, VILLOTTA, LA FOCA E VIA MAS DE LE MOLE l\u2019acqua erogata dall\u2019acquedotto non \u00e8 potabile e pu\u00f2 essere usata per scopi alimentari SOLO PREVIA bollitura.<\/p>\n<p><strong>BELLUNO<\/strong> Giuseppe Dal Ben \u00e8 il nuovo direttore sanitario della Ulss1 di Belluno. Ieri la nomina ufficiale dalla regione. Si divider\u00e0 tra Belluno (dove si dice lavorer\u00e0 gratis) e Padova. Ieri il primo tavolo in provincia.<br \/>\n<strong>BORGO VALBELLUNA<\/strong> Da oggi l&#8217;ex Acc si ferma. Annunciate 13 settimana di cassa integrazione ordinaria<br \/>\n<strong>BELLUNO<\/strong> Uomini e donne del vigili del fuoco, guardia di finanza, protezione civile, sono partiti da Belluno per aiutare gli alluvionati dell&#8217;Emilia. Operazioni difficili. Ieri al Comando c&#8217;\u00e8 stata anche l&#8217;esercitazione per i bambini e ragazzi delle scuole.<br \/>\n<strong>BELLUNO<\/strong> sul piccolo schermo, un coro di polemiche, minacce di denunce dopo il servizio su Fuori dal Coro di Rete 4: aggressioni e omicidi ma questa non \u00e8 Belluno.<br \/>\n<strong>BELLUNO<\/strong>\u00a0 Madre e figlia minorenne hanno accusato un amico di famiglia di violenza sessuale. Il pubblico ministero Simone Marcon ha chiesto una condanna di un anno e sei mesi di reclusione per l\u2019imputato in un processo abbreviato. Il difensore di fiducia Giorgio Gasperin ha invece richiesto l\u2019assoluzione<br \/>\n<strong>ROCCA PIETORE<\/strong> Progetto di Veneto Strade per la strada che da Saviner sale verso Sopra Cordevole. A breve partiranno i lavori per un costo di 2 milioni di euro<br \/>\n<strong>LIVINALLONGO<\/strong> \u201cConzert d\u2019Asciuda\u201d \u00e8 la nuova iniziativa in territorio Fodom, omaggio a Don Andrea a 25 anni dall\u2019ordinazione a parroco. Sabato, alle 20.45 nella Chiesa di Pieve di Livinallongo<\/p>\n<p><strong>BELLUNO<\/strong> Da Feltre a Piazza dei Martiri tra autografi e selfie, ieri Luciano Ligabue in provincia anche a visitare le caserme che lo hanno ospitato durante il &#8220;Car&#8221; sotto Naja.<br \/>\n<strong>AGORDO<\/strong> Stamane al Follador Workshop del minerario: diretta sui canali facebook, telegram e sito RADIOPIU<br \/>\n<strong>TAIBON<\/strong> Stamane in Valle di San Lucano l&#8217;accensione della calchera con il gruppo Piodech. Diretta sui canali facebook, telegram e sito RADIOPIU<br \/>\n<strong>ALLEGHE<\/strong> Questa sera la presentazione della nuova proloco<br \/>\n<strong>TRICHIANA<\/strong> Domani alle 21 al Teatro San Felice la commedia teatrale da un\u2019idea di Valerio Scremin per la regia di Giancarlo Merlini.<br \/>\n<strong>FALCADE<\/strong> il Gruppo Alpini di Falcade ha annunciato una gita straordinaria che si terr\u00e0 l\u201911 giugno, con destinazione la Foiba di Basovizza e una deliziosa pausa pranzo a Lignano. Remo Secchi, responsabile delle iscrizioni, sar\u00e0 il punto di riferimento per tutti coloro che desiderano partecipare. Per prenotare un posto e per ulteriori informazioni, \u00e8 possibile contattare Remo Secchi al numero di telefono 338 5628415.<br \/>\n<strong>AGORDO<\/strong> E\u2019 in programma per sabato 3 giugno al Ristorante \u201cLa Stanga\u201d la cena delle classi 1955-1956. Ritrovo al ristorante alle 19, cena , musica e premi. Per informazioni ed iscrizioni Roberto Schenot al 348 8524340. Iscrizioni entro il 29 maggio.<\/p>\n<p>&nbsp;<\/p>\n<p><iframe loading=\"lazy\" title=\"RASSEGNA STAMPA LOCALE\" width=\"1200\" height=\"675\" src=\"https:\/\/www.youtube.com\/embed\/jA4zBc2xiBg?feature=oembed\" frameborder=\"0\" allow=\"accelerometer; autoplay; clipboard-write; encrypted-media; gyroscope; picture-in-picture; web-share\" allowfullscreen><\/iframe><\/p>\n<p>&nbsp;<\/p>\n<hr \/>\n<p>&nbsp;<\/p>\n","protected":false},"excerpt":{"rendered":"<p>RIVAMONTE VENETO STRADE Informa che oggi dalle 8 alle 17 in localit\u00e0 Gona, la strada sar\u00e0 preclusa anche ai pedoni. Interdizione totale per permetterei il proseguo del lavori di consolidamento. FALCADE\u00a0 Gestione Servizi Pubblici informa che a FALCADE nelle localit\u00e0 FALCADE ALTO, VILLOTTA, LA FOCA E VIA MAS DE LE MOLE l\u2019acqua erogata dall\u2019acquedotto non&hellip;<\/p>\n","protected":false},"author":4,"featured_media":336476,"comment_status":"closed","ping_status":"closed","sticky":false,"template":"","format":"standard","meta":{"_monsterinsights_skip_tracking":false,"_monsterinsights_sitenote_active":false,"_monsterinsights_sitenote_note":"","_monsterinsights_sitenote_category":0,"footnotes":""},"categories":[51,49],"tags":[],"class_list":["post-336475","post","type-post","status-publish","format-standard","has-post-thumbnail","hentry","category-evidenza-top","category-news-18","category-51","category-49","description-off"],"img_url":"https:\/\/www.radiopiu.net\/wordpress\/wp-content\/uploads\/2023\/05\/COPERT-1.jpg","_links":{"self":[{"href":"https:\/\/www.radiopiu.net\/wordpress\/wp-json\/wp\/v2\/posts\/336475","targetHints":{"allow":["GET"]}}],"collection":[{"href":"https:\/\/www.radiopiu.net\/wordpress\/wp-json\/wp\/v2\/posts"}],"about":[{"href":"https:\/\/www.radiopiu.net\/wordpress\/wp-json\/wp\/v2\/types\/post"}],"author":[{"embeddable":true,"href":"https:\/\/www.radiopiu.net\/wordpress\/wp-json\/wp\/v2\/users\/4"}],"replies":[{"embeddable":true,"href":"https:\/\/www.radiopiu.net\/wordpress\/wp-json\/wp\/v2\/comments?post=336475"}],"version-history":[{"count":0,"href":"https:\/\/www.radiopiu.net\/wordpress\/wp-json\/wp\/v2\/posts\/336475\/revisions"}],"wp:featuredmedia":[{"embeddable":true,"href":"https:\/\/www.radiopiu.net\/wordpress\/wp-json\/wp\/v2\/media\/336476"}],"wp:attachment":[{"href":"https:\/\/www.radiopiu.net\/wordpress\/wp-json\/wp\/v2\/media?parent=336475"}],"wp:term":[{"taxonomy":"category","embeddable":true,"href":"https:\/\/www.radiopiu.net\/wordpress\/wp-json\/wp\/v2\/categories?post=336475"},{"taxonomy":"post_tag","embeddable":true,"href":"https:\/\/www.radiopiu.net\/wordpress\/wp-json\/wp\/v2\/tags?post=336475"}],"curies":[{"name":"wp","href":"https:\/\/api.w.org\/{rel}","templated":true}]}}