{"id":336536,"date":"2023-05-25T16:10:53","date_gmt":"2023-05-25T14:10:53","guid":{"rendered":"https:\/\/www.radiopiu.net\/wordpress\/?p=336536"},"modified":"2023-05-25T16:11:12","modified_gmt":"2023-05-25T14:11:12","slug":"torna-folklor-jalpe-de-la-marmoleda-la-festa-a-boscoverde-di-rocca-pietore","status":"publish","type":"post","link":"https:\/\/www.radiopiu.net\/wordpress\/torna-folklor-jalpe-de-la-marmoleda-la-festa-a-boscoverde-di-rocca-pietore\/","title":{"rendered":"TORNA FOLKLOR JALPE&#8217; DE LA MARMOLEDA, LA FESTA A BOSCOVERDE DI ROCCA PIETORE"},"content":{"rendered":"<p><strong><a class=\"dt-pswp-item\" href=\"https:\/\/www.radiopiu.net\/wordpress\/wp-content\/uploads\/2023\/05\/image3.jpg\" data-dt-img-description=\"\" data-large_image_width=\"1109\" data-large_image_height=\"624\"><img loading=\"lazy\" decoding=\"async\" class=\" wp-image-336537 alignleft\" src=\"https:\/\/www.radiopiu.net\/wordpress\/wp-content\/uploads\/2023\/05\/image3-300x169.jpg\" alt=\"\" width=\"201\" height=\"113\" srcset=\"https:\/\/www.radiopiu.net\/wordpress\/wp-content\/uploads\/2023\/05\/image3-300x169.jpg 300w, https:\/\/www.radiopiu.net\/wordpress\/wp-content\/uploads\/2023\/05\/image3-1024x576.jpg 1024w, https:\/\/www.radiopiu.net\/wordpress\/wp-content\/uploads\/2023\/05\/image3-768x432.jpg 768w, https:\/\/www.radiopiu.net\/wordpress\/wp-content\/uploads\/2023\/05\/image3.jpg 1109w\" sizes=\"auto, (max-width: 201px) 100vw, 201px\" \/><\/a>di Mirko Mezzacasa<\/strong><\/p>\n<p>OSPITE: Lisa De Grandi ed Elisa De Nardin<\/p>\n<audio class=\"wp-audio-shortcode\" id=\"audio-336536-1\" preload=\"none\" style=\"width: 100%;\" controls=\"controls\"><source type=\"audio\/mpeg\" src=\"https:\/\/www.radiopiu.net\/wordpress\/wp-content\/uploads\/2023\/05\/ELISA-LISA.mp3?_=1\" \/><a href=\"https:\/\/www.radiopiu.net\/wordpress\/wp-content\/uploads\/2023\/05\/ELISA-LISA.mp3\">https:\/\/www.radiopiu.net\/wordpress\/wp-content\/uploads\/2023\/05\/ELISA-LISA.mp3<\/a><\/audio>\n<p>&nbsp;<\/p>\n<p><strong><a class=\"dt-pswp-item\" href=\"https:\/\/www.radiopiu.net\/wordpress\/wp-content\/uploads\/2023\/05\/7706e5f5-3112-441b-9cd0-f5e34015bdca.jpg\" data-dt-img-description=\"\" data-large_image_width=\"1080\" data-large_image_height=\"1547\"><img loading=\"lazy\" decoding=\"async\" class=\"size-medium wp-image-337472 alignleft\" src=\"https:\/\/www.radiopiu.net\/wordpress\/wp-content\/uploads\/2023\/05\/7706e5f5-3112-441b-9cd0-f5e34015bdca-209x300.jpg\" alt=\"\" width=\"209\" height=\"300\" srcset=\"https:\/\/www.radiopiu.net\/wordpress\/wp-content\/uploads\/2023\/05\/7706e5f5-3112-441b-9cd0-f5e34015bdca-209x300.jpg 209w, https:\/\/www.radiopiu.net\/wordpress\/wp-content\/uploads\/2023\/05\/7706e5f5-3112-441b-9cd0-f5e34015bdca-715x1024.jpg 715w, https:\/\/www.radiopiu.net\/wordpress\/wp-content\/uploads\/2023\/05\/7706e5f5-3112-441b-9cd0-f5e34015bdca-768x1100.jpg 768w, https:\/\/www.radiopiu.net\/wordpress\/wp-content\/uploads\/2023\/05\/7706e5f5-3112-441b-9cd0-f5e34015bdca-1072x1536.jpg 1072w, https:\/\/www.radiopiu.net\/wordpress\/wp-content\/uploads\/2023\/05\/7706e5f5-3112-441b-9cd0-f5e34015bdca.jpg 1080w\" sizes=\"auto, (max-width: 209px) 100vw, 209px\" \/><\/a>ROCCA PIETORE<\/strong> \u00c8 in programma\u00a0 da domani\u00a0 a domenica l&#8217;edizione 2023 di Folklor Jalp\u00e8 De La Marmoleda. Sotto al tendone riscaldato in localit\u00e0 Bosco Verde a Rocca Pietore tra cucina tipica e balli con le band tirolesi. Domenica 28, nel pomeriggio, la sfilata dei gruppi folk<\/p>\n<p>&nbsp;<\/p>\n<p><strong>IL SINDACO DI ROCCA PIETORE, ANDREA DE BERNARDIN\u00a0<\/strong><\/p>\n<blockquote><p>Festa grande a Rocca Pietore. L&#8217;occasione sono i 30 anni del Gruppo Folkloristico Marmoleda nato quindi nel 1993. La prima edizione della festa venne organizzata nel 1997 e fino al 2007 divenne uno dei pi\u00f9 importanti raduni folkloristici delle Dolomiti. Poi il gruppo ebbe qualche problema di organizzazione e venne sospesa per alcuni anni. Il ricambio generazionale che il gruppo folk di Rocca Pietore \u00e8 riuscito ad avere ha fatto si che nell&#8217;autunno del 2018 la festa riprese. Poi la pandemia la fece nuovamente sospendere ma ora torna con tutto il suo carico di allegria e Folklore. Alcuni dei pi\u00f9 bei gruppi dolomitici si esibiranno sul palco domenica e questo \u00e8 sicuramente appuntamento da non perdere. Ma sono certo che anche venerd\u00ec e sabato saranno attrattivi con la scaletta prevista. Auguro davvero agli organizzatori di fare una bella festa e soprattutto di divertirsi. Per Rocca \u00e8 anche di buon auspicio per tornare a vivere con tranquillit\u00e0 dopo i noti eventi causati dalla tempesta Vaia.<\/p><\/blockquote>\n<p>******<\/p>\n","protected":false},"excerpt":{"rendered":"<p>di Mirko Mezzacasa OSPITE: Lisa De Grandi ed Elisa De Nardin &nbsp; ROCCA PIETORE \u00c8 in programma\u00a0 da domani\u00a0 a domenica l&#8217;edizione 2023 di Folklor Jalp\u00e8 De La Marmoleda. Sotto al tendone riscaldato in localit\u00e0 Bosco Verde a Rocca Pietore tra cucina tipica e balli con le band tirolesi. Domenica 28, nel pomeriggio, la sfilata&hellip;<\/p>\n","protected":false},"author":4,"featured_media":336537,"comment_status":"closed","ping_status":"closed","sticky":false,"template":"","format":"standard","meta":{"_monsterinsights_skip_tracking":false,"_monsterinsights_sitenote_active":false,"_monsterinsights_sitenote_note":"","_monsterinsights_sitenote_category":0,"footnotes":""},"categories":[104,49],"tags":[],"class_list":["post-336536","post","type-post","status-publish","format-standard","has-post-thumbnail","hentry","category-evidenza_3","category-news-18","category-104","category-49","description-off"],"img_url":"https:\/\/www.radiopiu.net\/wordpress\/wp-content\/uploads\/2023\/05\/image3.jpg","_links":{"self":[{"href":"https:\/\/www.radiopiu.net\/wordpress\/wp-json\/wp\/v2\/posts\/336536","targetHints":{"allow":["GET"]}}],"collection":[{"href":"https:\/\/www.radiopiu.net\/wordpress\/wp-json\/wp\/v2\/posts"}],"about":[{"href":"https:\/\/www.radiopiu.net\/wordpress\/wp-json\/wp\/v2\/types\/post"}],"author":[{"embeddable":true,"href":"https:\/\/www.radiopiu.net\/wordpress\/wp-json\/wp\/v2\/users\/4"}],"replies":[{"embeddable":true,"href":"https:\/\/www.radiopiu.net\/wordpress\/wp-json\/wp\/v2\/comments?post=336536"}],"version-history":[{"count":0,"href":"https:\/\/www.radiopiu.net\/wordpress\/wp-json\/wp\/v2\/posts\/336536\/revisions"}],"wp:featuredmedia":[{"embeddable":true,"href":"https:\/\/www.radiopiu.net\/wordpress\/wp-json\/wp\/v2\/media\/336537"}],"wp:attachment":[{"href":"https:\/\/www.radiopiu.net\/wordpress\/wp-json\/wp\/v2\/media?parent=336536"}],"wp:term":[{"taxonomy":"category","embeddable":true,"href":"https:\/\/www.radiopiu.net\/wordpress\/wp-json\/wp\/v2\/categories?post=336536"},{"taxonomy":"post_tag","embeddable":true,"href":"https:\/\/www.radiopiu.net\/wordpress\/wp-json\/wp\/v2\/tags?post=336536"}],"curies":[{"name":"wp","href":"https:\/\/api.w.org\/{rel}","templated":true}]}}