{"id":336580,"date":"2023-05-19T14:19:36","date_gmt":"2023-05-19T12:19:36","guid":{"rendered":"https:\/\/www.radiopiu.net\/wordpress\/?p=336580"},"modified":"2023-05-19T14:30:09","modified_gmt":"2023-05-19T12:30:09","slug":"mercato-del-lavoro-fra-15-anni-mancheranno-17mila-lavoratori-nel-bellunese","status":"publish","type":"post","link":"https:\/\/www.radiopiu.net\/wordpress\/mercato-del-lavoro-fra-15-anni-mancheranno-17mila-lavoratori-nel-bellunese\/","title":{"rendered":"MERCATO DEL LAVORO: FRA 15 ANNI MANCHERANNO 17MILA LAVORATORI NEL BELLUNESE"},"content":{"rendered":"<p><strong><a class=\"dt-pswp-item\" href=\"https:\/\/www.radiopiu.net\/wordpress\/wp-content\/uploads\/2023\/05\/conf-stampa-BL-Paglini-e-Dal-Pra.jpeg\" data-dt-img-description=\"\" data-large_image_width=\"1984\" data-large_image_height=\"1488\"><img loading=\"lazy\" decoding=\"async\" class=\" wp-image-336581 alignleft\" src=\"https:\/\/www.radiopiu.net\/wordpress\/wp-content\/uploads\/2023\/05\/conf-stampa-BL-Paglini-e-Dal-Pra-300x225.jpeg\" alt=\"\" width=\"204\" height=\"153\" srcset=\"https:\/\/www.radiopiu.net\/wordpress\/wp-content\/uploads\/2023\/05\/conf-stampa-BL-Paglini-e-Dal-Pra-300x225.jpeg 300w, https:\/\/www.radiopiu.net\/wordpress\/wp-content\/uploads\/2023\/05\/conf-stampa-BL-Paglini-e-Dal-Pra-1024x768.jpeg 1024w, https:\/\/www.radiopiu.net\/wordpress\/wp-content\/uploads\/2023\/05\/conf-stampa-BL-Paglini-e-Dal-Pra-768x576.jpeg 768w, https:\/\/www.radiopiu.net\/wordpress\/wp-content\/uploads\/2023\/05\/conf-stampa-BL-Paglini-e-Dal-Pra-1536x1152.jpeg 1536w, https:\/\/www.radiopiu.net\/wordpress\/wp-content\/uploads\/2023\/05\/conf-stampa-BL-Paglini-e-Dal-Pra.jpeg 1984w\" sizes=\"auto, (max-width: 204px) 100vw, 204px\" \/><\/a>BELLUNO <\/strong>Entro 15 anni potrebbero mancare all&#8217;appello 50mila potenziali lavoratori nella provincia di Treviso e 17mila in quella di Belluno. Lo dimostra una ricerca sul ricambio generazionale nel mercato del lavoro realizzata dall\u2019Ufficio Studi della Cisl Belluno Treviso. Lo studio, curato dai ricercatori Stefano Dal Pra Caputo e Francesco Peron e presentato nella giornata di venerd\u00ec 19 maggio nelle due sedi Cisl di Treviso e Belluno dal segretario generale Massimiliano Paglini, incrocia dati demografici e occupazionali, mettendo nero su bianco numeri allarmanti: se gi\u00e0 oggi nel privato e nel pubblico si lamenta la carenza crescente delle figure professionali necessarie all\u2019attivit\u00e0 &#8211; operai specializzati, camerieri, autisti, tornitori, elettricisti, cuochi, manutentori, ma anche Oss e infermieri, solo per fare qualche esempio &#8211; nel 2037 la prospettiva \u00e8 quella di una carenza strutturale di giovani in et\u00e0 occupazionale che rischia di compromettere la tenuta del sistema economico e sociale. <em>\u201c<\/em><em>Se non saremo in grado di invertire rapidamente la curva demografica, ci troveremo di fronte a uno scenario apocalittico\u201d<\/em>, dichiara il segretario generale della Cisl Belluno Treviso Massimiliano Paglini. La popolazione assoluta in provincia di Belluno dal 1982 al 2022 \u00e8 in costante diminuzione. In 40 anni si sono persi quasi 22 mila residenti, passando dagli oltre 220mila residenti del 1982 ai 198.676 del 2022. A crescere \u00e8 stata solo la fascia degli over 65: da 35.707 (16% della popolazione) del 1982 ai 54.711 del 2022 (27,5% della popolazione, superando di 16,4 punti quella degli under 14). Il numero degli under 14, invece, \u00e8 dimezzato, passando da poco pi\u00f9 di 40mila del 1982 ai poco meno di 22mila dell\u2019anno scorso. Occupazione: Com\u2019\u00e8 cambiata, negli ultimi 10 anni, la popolazione occupata? \u00c8 invecchiata. In provincia di <u>Belluno<\/u>, se nel 2012 i lavoratori sopra i 45 anni erano il 45% del totale, nel 2021 erano il 54%. Gli occupati tra i 55 e i 64 anni sono passati dal rappresentare il 12,5% del totale al 19%. Quelli tra i 25 e i 44 anni invece sono diminuiti di 10,4 punti percentuali. In prospettiva l\u2019invecchiamento della popolazione e degli occupati determiner\u00e0 un mancato ricambio generazionale nel mercato del lavoro. In provincia di Belluno, gi\u00e0 tra 5 anni a fronte di 10.579 cittadini &#8211; oggi tra i 13 e i 18 anni &#8211; che troveranno occupazione, ci sono 16.871 residenti &#8211; oggi tra i 62 e i 67 anni &#8211; che usciranno dal mondo del lavoro per raggiunti limiti di et\u00e0. Un saldo negativo di -6.292 lavoratori gi\u00e0 entro il 2027, che diventer\u00e0 di -14.271 nel 2032 e -24.423 nel 2037. Mantenendo l&#8217;attuale tasso d&#8217;occupazione (70%), ci\u00f2 significa che fra 15 anni mancheranno all&#8217;appello 17mila lavoratori in provincia di Belluno.<\/p>\n<p><strong>MASSIMILIANO PAGLINI<\/strong><\/p>\n<div style=\"width: 640px;\" class=\"wp-video\"><video class=\"wp-video-shortcode\" id=\"video-336580-1\" width=\"640\" height=\"360\" preload=\"metadata\" controls=\"controls\"><source type=\"video\/mp4\" src=\"https:\/\/www.radiopiu.net\/wordpress\/wp-content\/uploads\/2023\/05\/WhatsApp-Video-2023-05-19-at-14.24.09.mp4?_=1\" \/><a href=\"https:\/\/www.radiopiu.net\/wordpress\/wp-content\/uploads\/2023\/05\/WhatsApp-Video-2023-05-19-at-14.24.09.mp4\">https:\/\/www.radiopiu.net\/wordpress\/wp-content\/uploads\/2023\/05\/WhatsApp-Video-2023-05-19-at-14.24.09.mp4<\/a><\/video><\/div>\n<p>&nbsp;<\/p>\n<p>&nbsp;<\/p>\n<p>*******<\/p>\n","protected":false},"excerpt":{"rendered":"<p>BELLUNO Entro 15 anni potrebbero mancare all&#8217;appello 50mila potenziali lavoratori nella provincia di Treviso e 17mila in quella di Belluno. Lo dimostra una ricerca sul ricambio generazionale nel mercato del lavoro realizzata dall\u2019Ufficio Studi della Cisl Belluno Treviso. Lo studio, curato dai ricercatori Stefano Dal Pra Caputo e Francesco Peron e presentato nella giornata di&hellip;<\/p>\n","protected":false},"author":4,"featured_media":336581,"comment_status":"closed","ping_status":"closed","sticky":false,"template":"","format":"standard","meta":{"_monsterinsights_skip_tracking":false,"_monsterinsights_sitenote_active":false,"_monsterinsights_sitenote_note":"","_monsterinsights_sitenote_category":0,"footnotes":""},"categories":[51,49],"tags":[],"class_list":["post-336580","post","type-post","status-publish","format-standard","has-post-thumbnail","hentry","category-evidenza-top","category-news-18","category-51","category-49","description-off"],"img_url":"https:\/\/www.radiopiu.net\/wordpress\/wp-content\/uploads\/2023\/05\/conf-stampa-BL-Paglini-e-Dal-Pra.jpeg","_links":{"self":[{"href":"https:\/\/www.radiopiu.net\/wordpress\/wp-json\/wp\/v2\/posts\/336580","targetHints":{"allow":["GET"]}}],"collection":[{"href":"https:\/\/www.radiopiu.net\/wordpress\/wp-json\/wp\/v2\/posts"}],"about":[{"href":"https:\/\/www.radiopiu.net\/wordpress\/wp-json\/wp\/v2\/types\/post"}],"author":[{"embeddable":true,"href":"https:\/\/www.radiopiu.net\/wordpress\/wp-json\/wp\/v2\/users\/4"}],"replies":[{"embeddable":true,"href":"https:\/\/www.radiopiu.net\/wordpress\/wp-json\/wp\/v2\/comments?post=336580"}],"version-history":[{"count":0,"href":"https:\/\/www.radiopiu.net\/wordpress\/wp-json\/wp\/v2\/posts\/336580\/revisions"}],"wp:featuredmedia":[{"embeddable":true,"href":"https:\/\/www.radiopiu.net\/wordpress\/wp-json\/wp\/v2\/media\/336581"}],"wp:attachment":[{"href":"https:\/\/www.radiopiu.net\/wordpress\/wp-json\/wp\/v2\/media?parent=336580"}],"wp:term":[{"taxonomy":"category","embeddable":true,"href":"https:\/\/www.radiopiu.net\/wordpress\/wp-json\/wp\/v2\/categories?post=336580"},{"taxonomy":"post_tag","embeddable":true,"href":"https:\/\/www.radiopiu.net\/wordpress\/wp-json\/wp\/v2\/tags?post=336580"}],"curies":[{"name":"wp","href":"https:\/\/api.w.org\/{rel}","templated":true}]}}