{"id":336593,"date":"2023-05-19T23:59:30","date_gmt":"2023-05-19T21:59:30","guid":{"rendered":"https:\/\/www.radiopiu.net\/wordpress\/?p=336593"},"modified":"2023-05-19T15:26:51","modified_gmt":"2023-05-19T13:26:51","slug":"due-tornei-giovanili-allivano-dorigo-di-agordo-oggi-il-memorial-enrico-pizzoni-domani-il-memorial-attilio-moretti","status":"publish","type":"post","link":"https:\/\/www.radiopiu.net\/wordpress\/due-tornei-giovanili-allivano-dorigo-di-agordo-oggi-il-memorial-enrico-pizzoni-domani-il-memorial-attilio-moretti\/","title":{"rendered":"DUE TORNEI GIOVANILI ALL&#8217;IVANO DORIGO DI AGORDO. OGGI IL MEMORIAL ENRICO PIZZONI, DOMANI IL MEMORIAL ATTILIO MORETTI"},"content":{"rendered":"<p><strong><a class=\"dt-pswp-item\" href=\"https:\/\/www.radiopiu.net\/wordpress\/wp-content\/uploads\/2019\/09\/COSMO-FORCELLA.jpeg\" data-dt-img-description=\"\" data-large_image_width=\"1200\" data-large_image_height=\"1600\"><img loading=\"lazy\" decoding=\"async\" class=\" wp-image-98244 alignleft\" src=\"https:\/\/www.radiopiu.net\/wordpress\/wp-content\/uploads\/2019\/09\/COSMO-FORCELLA-225x300.jpeg\" alt=\"\" width=\"80\" height=\"107\" srcset=\"https:\/\/www.radiopiu.net\/wordpress\/wp-content\/uploads\/2019\/09\/COSMO-FORCELLA-225x300.jpeg 225w, https:\/\/www.radiopiu.net\/wordpress\/wp-content\/uploads\/2019\/09\/COSMO-FORCELLA-768x1024.jpeg 768w, https:\/\/www.radiopiu.net\/wordpress\/wp-content\/uploads\/2019\/09\/COSMO-FORCELLA.jpeg 1200w\" sizes=\"auto, (max-width: 80px) 100vw, 80px\" \/><\/a>di Marco Gaz<\/strong><\/p>\n<p><strong>REDAZIONE<\/strong> Sar\u00e0 un fine settimana a pieni giri per l&#8217;Agordina che oggi e domani organizza due tornei dedicati al settore giovanile. Oggi \u00e8 il turno del Memorial Enrico Pizzoni, gi\u00e0 presidente della societ\u00e0 di Agordo. Domani i pulcini si cimenteranno nel Memorial Attilio Moretti.<\/p>\n<p><strong>COSMO FORCELLA, PRESIDENTE DELL&#8217;AGORDINA<\/strong><\/p>\n<audio class=\"wp-audio-shortcode\" id=\"audio-336593-1\" preload=\"none\" style=\"width: 100%;\" controls=\"controls\"><source type=\"audio\/mpeg\" src=\"https:\/\/www.radiopiu.net\/wordpress\/wp-content\/uploads\/2023\/05\/COSMO.mp3?_=1\" \/><a href=\"https:\/\/www.radiopiu.net\/wordpress\/wp-content\/uploads\/2023\/05\/COSMO.mp3\">https:\/\/www.radiopiu.net\/wordpress\/wp-content\/uploads\/2023\/05\/COSMO.mp3<\/a><\/audio>\n<p>&nbsp;<\/p>\n<p>&nbsp;<\/p>\n<p>*****<\/p>\n","protected":false},"excerpt":{"rendered":"<p>di Marco Gaz REDAZIONE Sar\u00e0 un fine settimana a pieni giri per l&#8217;Agordina che oggi e domani organizza due tornei dedicati al settore giovanile. Oggi \u00e8 il turno del Memorial Enrico Pizzoni, gi\u00e0 presidente della societ\u00e0 di Agordo. Domani i pulcini si cimenteranno nel Memorial Attilio Moretti. COSMO FORCELLA, PRESIDENTE DELL&#8217;AGORDINA &nbsp; &nbsp; *****<\/p>\n","protected":false},"author":4,"featured_media":97575,"comment_status":"closed","ping_status":"closed","sticky":false,"template":"","format":"standard","meta":{"_monsterinsights_skip_tracking":false,"_monsterinsights_sitenote_active":false,"_monsterinsights_sitenote_note":"","_monsterinsights_sitenote_category":0,"footnotes":""},"categories":[49],"tags":[],"class_list":["post-336593","post","type-post","status-publish","format-standard","has-post-thumbnail","hentry","category-news-18","category-49","description-off"],"img_url":"https:\/\/www.radiopiu.net\/wordpress\/wp-content\/uploads\/2019\/09\/AGORDINA-CALCIO.jpeg","_links":{"self":[{"href":"https:\/\/www.radiopiu.net\/wordpress\/wp-json\/wp\/v2\/posts\/336593","targetHints":{"allow":["GET"]}}],"collection":[{"href":"https:\/\/www.radiopiu.net\/wordpress\/wp-json\/wp\/v2\/posts"}],"about":[{"href":"https:\/\/www.radiopiu.net\/wordpress\/wp-json\/wp\/v2\/types\/post"}],"author":[{"embeddable":true,"href":"https:\/\/www.radiopiu.net\/wordpress\/wp-json\/wp\/v2\/users\/4"}],"replies":[{"embeddable":true,"href":"https:\/\/www.radiopiu.net\/wordpress\/wp-json\/wp\/v2\/comments?post=336593"}],"version-history":[{"count":0,"href":"https:\/\/www.radiopiu.net\/wordpress\/wp-json\/wp\/v2\/posts\/336593\/revisions"}],"wp:featuredmedia":[{"embeddable":true,"href":"https:\/\/www.radiopiu.net\/wordpress\/wp-json\/wp\/v2\/media\/97575"}],"wp:attachment":[{"href":"https:\/\/www.radiopiu.net\/wordpress\/wp-json\/wp\/v2\/media?parent=336593"}],"wp:term":[{"taxonomy":"category","embeddable":true,"href":"https:\/\/www.radiopiu.net\/wordpress\/wp-json\/wp\/v2\/categories?post=336593"},{"taxonomy":"post_tag","embeddable":true,"href":"https:\/\/www.radiopiu.net\/wordpress\/wp-json\/wp\/v2\/tags?post=336593"}],"curies":[{"name":"wp","href":"https:\/\/api.w.org\/{rel}","templated":true}]}}