{"id":336605,"date":"2023-05-19T15:27:36","date_gmt":"2023-05-19T13:27:36","guid":{"rendered":"https:\/\/www.radiopiu.net\/wordpress\/?p=336605"},"modified":"2023-05-19T15:27:36","modified_gmt":"2023-05-19T13:27:36","slug":"oscar-de-pellegrin-incontra-il-commissario-dellulss-1-dolomiti-dal-ben","status":"publish","type":"post","link":"https:\/\/www.radiopiu.net\/wordpress\/oscar-de-pellegrin-incontra-il-commissario-dellulss-1-dolomiti-dal-ben\/","title":{"rendered":"OSCAR DE PELLEGRIN INCONTRA IL COMMISSARIO DELL&#8217;ULSS 1 DOLOMITI DAL BEN"},"content":{"rendered":"<p><strong><a class=\"dt-pswp-item\" href=\"https:\/\/www.radiopiu.net\/wordpress\/wp-content\/uploads\/2023\/05\/Incontro-con-Dal-Ben.jpeg\" data-dt-img-description=\"\" data-large_image_width=\"2048\" data-large_image_height=\"2048\"><img loading=\"lazy\" decoding=\"async\" class=\" wp-image-336603 alignleft\" src=\"https:\/\/www.radiopiu.net\/wordpress\/wp-content\/uploads\/2023\/05\/Incontro-con-Dal-Ben-300x300.jpeg\" alt=\"\" width=\"168\" height=\"168\" srcset=\"https:\/\/www.radiopiu.net\/wordpress\/wp-content\/uploads\/2023\/05\/Incontro-con-Dal-Ben-300x300.jpeg 300w, https:\/\/www.radiopiu.net\/wordpress\/wp-content\/uploads\/2023\/05\/Incontro-con-Dal-Ben-1024x1024.jpeg 1024w, https:\/\/www.radiopiu.net\/wordpress\/wp-content\/uploads\/2023\/05\/Incontro-con-Dal-Ben-150x150.jpeg 150w, https:\/\/www.radiopiu.net\/wordpress\/wp-content\/uploads\/2023\/05\/Incontro-con-Dal-Ben-768x768.jpeg 768w, https:\/\/www.radiopiu.net\/wordpress\/wp-content\/uploads\/2023\/05\/Incontro-con-Dal-Ben-1536x1536.jpeg 1536w, https:\/\/www.radiopiu.net\/wordpress\/wp-content\/uploads\/2023\/05\/Incontro-con-Dal-Ben.jpeg 2048w\" sizes=\"auto, (max-width: 168px) 100vw, 168px\" \/><\/a>BELLUNO <\/strong>Primo incontro, questa mattina, tra il sindaco Oscar De Pellegrin e il nuovo commissario della sanit\u00e0 bellunese. Il commissario dell\u2019Ulss 1 Dolomiti Giuseppe Dal Ben, al suo primo giorno di incarico dopo la nomina avvenuta ieri da parte del governatore del Veneto Zaia, ha rassicurato il primo cittadino di Belluno, e presidente della Conferenza dei sindaci: i problemi della sanit\u00e0 bellunese sono noti, da qui in avanti si lavorer\u00e0 in sinergia con il territorio e con l\u2019Universit\u00e0 di Padova per superarli. Non solo, Dal Ben ha annunciato che la sua presenza sul territorio sar\u00e0 quotidiana, lavorer\u00e0 a Belluno tutti i giorni. I timori dei giorni scorsi sono sfumati attorno al tavolo di confronto, il commissario della sanit\u00e0 bellunese ha dimostrato di avere una precisa conoscenza della situazione dell\u2019Ulss locale, della sua annosa carenza di medici e infermieri peggiorata tanto negli ultimi mesi da mettere in difficolt\u00e0 reparti e servizi, delle preoccupazioni dei territori e della popolazione, della volont\u00e0 delle comunit\u00e0 di tenersi stretti i servizi, aperti reparti e ospedali.<\/p>\n<p><strong>IL SINDACO DI BELLUNO OSCAR DE PELLEGRIN<\/strong><\/p>\n<audio class=\"wp-audio-shortcode\" id=\"audio-336605-1\" preload=\"none\" style=\"width: 100%;\" controls=\"controls\"><source type=\"audio\/mpeg\" src=\"https:\/\/www.radiopiu.net\/wordpress\/wp-content\/uploads\/2023\/05\/De-Pellegrin-su-incontro-con-Dal-Ben.mp3?_=1\" \/><a href=\"https:\/\/www.radiopiu.net\/wordpress\/wp-content\/uploads\/2023\/05\/De-Pellegrin-su-incontro-con-Dal-Ben.mp3\">https:\/\/www.radiopiu.net\/wordpress\/wp-content\/uploads\/2023\/05\/De-Pellegrin-su-incontro-con-Dal-Ben.mp3<\/a><\/audio>\n<p>&nbsp;<\/p>\n<p>&nbsp;<\/p>\n<p>*******<\/p>\n","protected":false},"excerpt":{"rendered":"<p>BELLUNO Primo incontro, questa mattina, tra il sindaco Oscar De Pellegrin e il nuovo commissario della sanit\u00e0 bellunese. Il commissario dell\u2019Ulss 1 Dolomiti Giuseppe Dal Ben, al suo primo giorno di incarico dopo la nomina avvenuta ieri da parte del governatore del Veneto Zaia, ha rassicurato il primo cittadino di Belluno, e presidente della Conferenza&hellip;<\/p>\n","protected":false},"author":4,"featured_media":336603,"comment_status":"closed","ping_status":"closed","sticky":false,"template":"","format":"standard","meta":{"_monsterinsights_skip_tracking":false,"_monsterinsights_sitenote_active":false,"_monsterinsights_sitenote_note":"","_monsterinsights_sitenote_category":0,"footnotes":""},"categories":[49],"tags":[],"class_list":["post-336605","post","type-post","status-publish","format-standard","has-post-thumbnail","hentry","category-news-18","category-49","description-off"],"img_url":"https:\/\/www.radiopiu.net\/wordpress\/wp-content\/uploads\/2023\/05\/Incontro-con-Dal-Ben.jpeg","_links":{"self":[{"href":"https:\/\/www.radiopiu.net\/wordpress\/wp-json\/wp\/v2\/posts\/336605","targetHints":{"allow":["GET"]}}],"collection":[{"href":"https:\/\/www.radiopiu.net\/wordpress\/wp-json\/wp\/v2\/posts"}],"about":[{"href":"https:\/\/www.radiopiu.net\/wordpress\/wp-json\/wp\/v2\/types\/post"}],"author":[{"embeddable":true,"href":"https:\/\/www.radiopiu.net\/wordpress\/wp-json\/wp\/v2\/users\/4"}],"replies":[{"embeddable":true,"href":"https:\/\/www.radiopiu.net\/wordpress\/wp-json\/wp\/v2\/comments?post=336605"}],"version-history":[{"count":0,"href":"https:\/\/www.radiopiu.net\/wordpress\/wp-json\/wp\/v2\/posts\/336605\/revisions"}],"wp:featuredmedia":[{"embeddable":true,"href":"https:\/\/www.radiopiu.net\/wordpress\/wp-json\/wp\/v2\/media\/336603"}],"wp:attachment":[{"href":"https:\/\/www.radiopiu.net\/wordpress\/wp-json\/wp\/v2\/media?parent=336605"}],"wp:term":[{"taxonomy":"category","embeddable":true,"href":"https:\/\/www.radiopiu.net\/wordpress\/wp-json\/wp\/v2\/categories?post=336605"},{"taxonomy":"post_tag","embeddable":true,"href":"https:\/\/www.radiopiu.net\/wordpress\/wp-json\/wp\/v2\/tags?post=336605"}],"curies":[{"name":"wp","href":"https:\/\/api.w.org\/{rel}","templated":true}]}}