{"id":336615,"date":"2023-05-19T16:37:19","date_gmt":"2023-05-19T14:37:19","guid":{"rendered":"https:\/\/www.radiopiu.net\/wordpress\/?p=336615"},"modified":"2023-05-19T16:37:19","modified_gmt":"2023-05-19T14:37:19","slug":"assessore-allistruzione-interviene-ad-agordo-alliis-follador-modello-didattico-vincente-nel-formare-giovani-tecnici-super-specializzati-nel-geotecnico-minerario-e-costruzi","status":"publish","type":"post","link":"https:\/\/www.radiopiu.net\/wordpress\/assessore-allistruzione-interviene-ad-agordo-alliis-follador-modello-didattico-vincente-nel-formare-giovani-tecnici-super-specializzati-nel-geotecnico-minerario-e-costruzi\/","title":{"rendered":"ASSESSORE ALL\u2019ISTRUZIONE INTERVIENE AD AGORDO ALL\u2019IIS FOLLADOR. \u201cMODELLO DIDATTICO VINCENTE NEL FORMARE GIOVANI TECNICI SUPER SPECIALIZZATI NEL GEOTECNICO, MINERARIO E COSTRUZIONI\u201d"},"content":{"rendered":"<p><strong>AGORDO <\/strong>\u201cL\u2019Istituto Tecnico Industriale Follador di Agordo con il Dipartimento Geotecnico-Minerario ha fatto la storia delle costruzioni nel mondo. Da oltre 150 anni fa uscire tecnici preparati che hanno avuto grandi opportunit\u00e0 di lavoro, lavorando alla realizzazione di grandi infrastrutture, operando per la modernizzazione non solo dell\u2019Italia ma a livello internazionale, dal Canada all\u2019Australia fino all\u2019Africa. Anche oggi i tecnici diplomati all\u2019Istituto Follador sono un punto di riferimento per le aziende pi\u00f9 importanti, multinazionali italiane e grandi imprese di costruzioni. Le opportunit\u00e0 che questo Istituto genera per i giovani, tra cui viaggiare all\u2019estero, fare esperienze e acquisire competenze sul campo, fa s\u00ec che molti lo scelgano. Ed \u00e8 una scelta vincente perch\u00e9 questo Istituto ha un forte raccordo con il mondo del lavoro e forma tecnici qualificati particolarmente richiesti dalle imprese\u201d. Lo ha detto oggi l\u2019Assessore regionale all\u2019istruzione, formazione e lavoro, intervenendo ad Agordo al workshop dal titolo &#8220;Cosa chiede il mondo del lavoro alla scuola: Conoscenze e competenze richieste ai diplomati tecnici dalle imprese&#8221;, incentrato sulle necessit\u00e0 rdel mondo del lavoro e sulla preparazione dei diplomati della scuola di oggi, organizzato dal Dipartimento Geotecnico-Minerario dell&#8217;Istituto di Istruzione Superiore Follador-De Rossi, in collaborazione con APIM &#8211; Associazione Periti Italiani Minerari e Associazione Amici dei Minerari. \u201c\u00c8 un momento molto favorevole per gli istituti tecnici la cui principale forza \u00e8 la capacit\u00e0 di far apprendere ai giovani la teoria attraverso la pratica, diplomando persone pronte al lavoro. Gli studenti imparano le tecniche pi\u00f9 innovative nei vari ambiti anche sul campo\u201d ha precisato l\u2019Assessore regionale all\u2019istruzione.<\/p>\n\n\t\t\t<style type='text\/css'>\n\t\t\t\t#gallery-1 {\n\t\t\t\t\tmargin: auto;\n\t\t\t\t}\n\t\t\t\t#gallery-1 .gallery-item {\n\t\t\t\t\tfloat: left;\n\t\t\t\t\tmargin-top: 10px;\n\t\t\t\t\ttext-align: center;\n\t\t\t\t\twidth: 50%;\n\t\t\t\t}\n\t\t\t\t#gallery-1 img {\n\t\t\t\t\tborder: 2px solid #cfcfcf;\n\t\t\t\t}\n\t\t\t\t#gallery-1 .gallery-caption {\n\t\t\t\t\tmargin-left: 0;\n\t\t\t\t}\n\t\t\t\t\/* see gallery_shortcode() in wp-includes\/media.php *\/\n\t\t\t<\/style>\n\t\t<div id='gallery-1' class='dt-gallery-container gallery galleryid-336615 gallery-columns-2 gallery-size-medium'><dl class='gallery-item'>\n\t\t\t\t<dt class='gallery-icon landscape'>\n\t\t\t\t\t<a class=\"rollover rollover-zoom dt-pswp-item\" title=\"912-2023 ASSESSORE AL LAVORO IIS FOLLADOR_1\" data-dt-img-description=\"\" data-large_image_width=\"2048\" data-large_image_height=\"1536\"href='https:\/\/www.radiopiu.net\/wordpress\/wp-content\/uploads\/2023\/05\/912-2023-ASSESSORE-AL-LAVORO-IIS-FOLLADOR_1.jpeg'><img loading=\"lazy\" decoding=\"async\" width=\"300\" height=\"225\" src=\"https:\/\/www.radiopiu.net\/wordpress\/wp-content\/uploads\/2023\/05\/912-2023-ASSESSORE-AL-LAVORO-IIS-FOLLADOR_1-300x225.jpeg\" class=\"attachment-medium size-medium\" alt=\"\" srcset=\"https:\/\/www.radiopiu.net\/wordpress\/wp-content\/uploads\/2023\/05\/912-2023-ASSESSORE-AL-LAVORO-IIS-FOLLADOR_1-300x225.jpeg 300w, https:\/\/www.radiopiu.net\/wordpress\/wp-content\/uploads\/2023\/05\/912-2023-ASSESSORE-AL-LAVORO-IIS-FOLLADOR_1-1024x768.jpeg 1024w, https:\/\/www.radiopiu.net\/wordpress\/wp-content\/uploads\/2023\/05\/912-2023-ASSESSORE-AL-LAVORO-IIS-FOLLADOR_1-768x576.jpeg 768w, https:\/\/www.radiopiu.net\/wordpress\/wp-content\/uploads\/2023\/05\/912-2023-ASSESSORE-AL-LAVORO-IIS-FOLLADOR_1-1536x1152.jpeg 1536w, https:\/\/www.radiopiu.net\/wordpress\/wp-content\/uploads\/2023\/05\/912-2023-ASSESSORE-AL-LAVORO-IIS-FOLLADOR_1.jpeg 2048w\" sizes=\"auto, (max-width: 300px) 100vw, 300px\" \/><\/a>\n\t\t\t\t<\/dt><\/dl><dl class='gallery-item'>\n\t\t\t\t<dt class='gallery-icon landscape'>\n\t\t\t\t\t<a class=\"rollover rollover-zoom dt-pswp-item\" title=\"912-2023 ASSESSORE AL LAVORO IIS FOLLADOR_2\" data-dt-img-description=\"\" data-large_image_width=\"2048\" data-large_image_height=\"1536\"href='https:\/\/www.radiopiu.net\/wordpress\/wp-content\/uploads\/2023\/05\/912-2023-ASSESSORE-AL-LAVORO-IIS-FOLLADOR_2.jpeg'><img loading=\"lazy\" decoding=\"async\" width=\"300\" height=\"225\" src=\"https:\/\/www.radiopiu.net\/wordpress\/wp-content\/uploads\/2023\/05\/912-2023-ASSESSORE-AL-LAVORO-IIS-FOLLADOR_2-300x225.jpeg\" class=\"attachment-medium size-medium\" alt=\"\" srcset=\"https:\/\/www.radiopiu.net\/wordpress\/wp-content\/uploads\/2023\/05\/912-2023-ASSESSORE-AL-LAVORO-IIS-FOLLADOR_2-300x225.jpeg 300w, https:\/\/www.radiopiu.net\/wordpress\/wp-content\/uploads\/2023\/05\/912-2023-ASSESSORE-AL-LAVORO-IIS-FOLLADOR_2-1024x768.jpeg 1024w, https:\/\/www.radiopiu.net\/wordpress\/wp-content\/uploads\/2023\/05\/912-2023-ASSESSORE-AL-LAVORO-IIS-FOLLADOR_2-768x576.jpeg 768w, https:\/\/www.radiopiu.net\/wordpress\/wp-content\/uploads\/2023\/05\/912-2023-ASSESSORE-AL-LAVORO-IIS-FOLLADOR_2-1536x1152.jpeg 1536w, https:\/\/www.radiopiu.net\/wordpress\/wp-content\/uploads\/2023\/05\/912-2023-ASSESSORE-AL-LAVORO-IIS-FOLLADOR_2.jpeg 2048w\" sizes=\"auto, (max-width: 300px) 100vw, 300px\" \/><\/a>\n\t\t\t\t<\/dt><\/dl><br style=\"clear: both\" \/>\n\t\t\t<\/div>\n\n<p>&nbsp;<\/p>\n<p>&nbsp;<\/p>\n<p>********<\/p>\n","protected":false},"excerpt":{"rendered":"<p>AGORDO \u201cL\u2019Istituto Tecnico Industriale Follador di Agordo con il Dipartimento Geotecnico-Minerario ha fatto la storia delle costruzioni nel mondo. Da oltre 150 anni fa uscire tecnici preparati che hanno avuto grandi opportunit\u00e0 di lavoro, lavorando alla realizzazione di grandi infrastrutture, operando per la modernizzazione non solo dell\u2019Italia ma a livello internazionale, dal Canada all\u2019Australia fino&hellip;<\/p>\n","protected":false},"author":4,"featured_media":336619,"comment_status":"closed","ping_status":"closed","sticky":false,"template":"","format":"standard","meta":{"_monsterinsights_skip_tracking":false,"_monsterinsights_sitenote_active":false,"_monsterinsights_sitenote_note":"","_monsterinsights_sitenote_category":0,"footnotes":""},"categories":[51,49],"tags":[],"class_list":["post-336615","post","type-post","status-publish","format-standard","has-post-thumbnail","hentry","category-evidenza-top","category-news-18","category-51","category-49","description-off"],"img_url":"https:\/\/www.radiopiu.net\/wordpress\/wp-content\/uploads\/2023\/05\/912-2023-ASSESSORE-AL-LAVORO-IIS-FOLLADOR_1.jpeg","_links":{"self":[{"href":"https:\/\/www.radiopiu.net\/wordpress\/wp-json\/wp\/v2\/posts\/336615","targetHints":{"allow":["GET"]}}],"collection":[{"href":"https:\/\/www.radiopiu.net\/wordpress\/wp-json\/wp\/v2\/posts"}],"about":[{"href":"https:\/\/www.radiopiu.net\/wordpress\/wp-json\/wp\/v2\/types\/post"}],"author":[{"embeddable":true,"href":"https:\/\/www.radiopiu.net\/wordpress\/wp-json\/wp\/v2\/users\/4"}],"replies":[{"embeddable":true,"href":"https:\/\/www.radiopiu.net\/wordpress\/wp-json\/wp\/v2\/comments?post=336615"}],"version-history":[{"count":0,"href":"https:\/\/www.radiopiu.net\/wordpress\/wp-json\/wp\/v2\/posts\/336615\/revisions"}],"wp:featuredmedia":[{"embeddable":true,"href":"https:\/\/www.radiopiu.net\/wordpress\/wp-json\/wp\/v2\/media\/336619"}],"wp:attachment":[{"href":"https:\/\/www.radiopiu.net\/wordpress\/wp-json\/wp\/v2\/media?parent=336615"}],"wp:term":[{"taxonomy":"category","embeddable":true,"href":"https:\/\/www.radiopiu.net\/wordpress\/wp-json\/wp\/v2\/categories?post=336615"},{"taxonomy":"post_tag","embeddable":true,"href":"https:\/\/www.radiopiu.net\/wordpress\/wp-json\/wp\/v2\/tags?post=336615"}],"curies":[{"name":"wp","href":"https:\/\/api.w.org\/{rel}","templated":true}]}}