{"id":336651,"date":"2023-05-20T07:45:16","date_gmt":"2023-05-20T05:45:16","guid":{"rendered":"https:\/\/www.radiopiu.net\/wordpress\/?p=336651"},"modified":"2023-05-20T07:57:50","modified_gmt":"2023-05-20T05:57:50","slug":"la-rassegna-stampa-locale-dal-1983-alle-otto-di-mirko-mezzacasa-20-maggio-2023","status":"publish","type":"post","link":"https:\/\/www.radiopiu.net\/wordpress\/la-rassegna-stampa-locale-dal-1983-alle-otto-di-mirko-mezzacasa-20-maggio-2023\/","title":{"rendered":"LA RASSEGNA STAMPA LOCALE , DAL 1983 ALLE OTTO, DI MIRKO MEZZACASA &#8211; 20 MAGGIO 2023"},"content":{"rendered":"<p><strong>FALCADE<\/strong> Gestione Servizi Pubblici informa che a FALCADE nelle localit\u00e0 FALCADE ALTO, VILLOTTA, LA FOCA E VIA MAS DE LE MOLE l&#8217;acqua erogata dall&#8217;acquedotto non \u00e8 potabile e pu\u00f2 essere usata per scopi alimentari SOLO PREVIA bollitura.<\/p>\n<p>Gestione Servizi Pubblici informa che, per lavori alla rete idrica comunale, luned\u00ec dalle 9 a FINE LAVORI verr\u00e0 sospesa l\u2019erogazione dell\u2019acqua a CANALE D&#8217;AGORDO in FRAZIONE COL MEAN. Mercoled\u00ec dalle 8 alle 12 verr\u00e0 sospesa l\u2019erogazione dell\u2019acqua a TAIBON AGORDINO in FRAZ.LISTOLADE e dalle 13 a fine lavori NELLE VIE CROTTA, CARAVAGGIO FUSINE.<\/p>\n<p><strong>SEDICO<\/strong> Intervento dei Vigili del Fuoco di Belluno nella mattinata di ieri per un incidente in localit\u00e0 Gresal di Sedico sulla SS 50 dove una persona \u00e8 rimasta ferita. I pompieri hanno messo in sicurezza i mezzi, mentre le tre persone coinvolte nel sinistro sono state assistite dal personale sanitario del Suem.<\/p>\n<p><strong>AGORDO <\/strong>\u201cL\u2019Istituto Tecnico Industriale Follador di Agordo con il Dipartimento Geotecnico-Minerario ha fatto la storia delle costruzioni nel mondo. Da oltre 150 anni fa uscire tecnici preparati che hanno avuto grandi opportunit\u00e0 di lavoro, lavorando alla realizzazione di grandi infrastrutture, operando per la modernizzazione non solo dell\u2019Italia ma a livello internazionale, dal Canada all\u2019Australia fino all\u2019Africa&#8221;. Lo ha detto l\u2019Assessore regionale all\u2019istruzione, formazione e lavoro, intervenendo ad Agordo al workshop dal titolo &#8220;Cosa chiede il mondo del lavoro alla scuola: Conoscenze e competenze richieste ai diplomati tecnici dalle imprese&#8221;<\/p>\n<p><strong>BELLUNO <\/strong>Primo incontro tra il sindaco Oscar De Pellegrin e il nuovo commissario della sanit\u00e0 bellunese. Il commissario dell\u2019Ulss 1 Dolomiti Giuseppe Dal Ben, al suo primo giorno di incarico dopo la nomina da parte del governatore del Veneto Zaia, ha rassicurato il primo cittadino di Belluno, e presidente della Conferenza dei sindaci<\/p>\n<p><strong>BELLUNO\u00a0 <\/strong>\u00abLa sanit\u00e0 di montagna deve superare distanze diverse rispetto a quelle della pianura. Ma proprio perch\u00e9 tale, pu\u00f2 diventare un laboratorio di formazione dei nuovi medici\u00bb. Lo dice il presidente della Provincia di Belluno, a margine dell\u2019incontro con il nuovo direttore generale dell\u2019Ulss 1 Dolomiti Giuseppe Dal Ben<\/p>\n<p><strong>BELLUNO <\/strong>Entro 15 anni potrebbero mancare all&#8217;appello 50mila potenziali lavoratori nella provincia di Treviso e 17mila in quella di Belluno. Lo dimostra una ricerca sul ricambio generazionale nel mercato del lavoro realizzata dall\u2019Ufficio Studi della Cisl Belluno Treviso. Lo studio incrocia dati demografici e occupazionali, mettendo nero su bianco numeri allarmanti<\/p>\n<p><strong>BELLUNO <\/strong>\u00abCi vogliono pochi minuti per distruggere, anni per ricostruire. E il danno di immagine arrecato a Belluno &#8211; citt\u00e0 e provincia &#8211; dal servizio di Rete 4 sull\u2019insicurezza a loro dire diffusa \u00e8 proprio l\u2019esempio di ci\u00f2: in cinque minuti viene derubricato il Bellunese a luogo di spaccio, rapine, furti e omicidi. I bellunesi sanno che non \u00e8 cos\u00ec. Ma chi a Belluno vorrebbe venirci da turista o da residente?\u00bb. Lo scrive il presidente della Provincia di Belluno, in una nota di censura del servizio della trasmissione \u201cFuori dal coro\u201d<\/p>\n<p><strong>REDAZIONE<\/strong> Da ieri, per poter fornire il giusto supporto all\u2019attivit\u00e0 di soccorso nelle tappe alpine della pi\u00f9 famosa corsa ciclistica nazionale, il servizio regionale del Soccorso Alpino e Speleologico Veneto sar\u00e0 al seguito della carovana rosa del Giro d\u2019Italia<\/p>\n<p><strong>BELLUNO<\/strong> Una delegazione della lista civica Belluno al Centro ha provveduto direttamente con guanti, mascherine e solventi, forniti dall\u2019area manutenzione del Comune di Belluno, alla rimozione delle scritte spray che da anni deturpavano le balaustre in plexiglass del sovrappasso di Viale Europa.<\/p>\n<p><strong>FELTRE<\/strong> All&#8217;ospedale di Feltre, si \u00e8 svolta la cerimonia della consegna dell&#8217;attestato &#8220;Ospedale Amico del Bambino&#8221; da parte di UNICEF che certifica il percorso di presa in carico della mamma e del suo bambino per favorire l&#8217;allattamento al seno. Tante le buone prassi valutate dai valutatori UNICEF, che testimoniano una cultura consolidata dell&#8217;allattamento dentro e fuori l&#8217;ospedale<\/p>\n<p><strong>TRICHIANA<\/strong> Stasera alle 21 al Teatro San Felice la commedia teatrale &#8220;Benvenuti a Checciavau&#8221;<\/p>\n<p><strong>SOSPIROLO<\/strong> A Gron in Pra de la Melia oggi e domani si festeggiano i 50 anni della Pro Loco Monti Del Sole<\/p>\n<p><strong>AGORDO\u00a0<\/strong>Sar\u00e0 un fine settimana a pieni giri per l&#8217;Agordina che oggi e domani organizza due tornei dedicati al settore giovanile. Oggi \u00e8 il turno del Memorial Enrico Pizzoni, gi\u00e0 presidente della societ\u00e0 di Agordo. Domani i pulcini si cimenteranno nel Memorial Attilio Moretti.<\/p>\n<p><strong>VERONA<\/strong> Moreno Pesce, atleta paralimpico ed i compagni del Team 3Gambe, a Verona. Hanno lasciato l\u2019Etna con un\u2019allerta di attivit\u00e0 vulcanica, quindi sono stati fortunati a riuscire a portare a termine proprio sul filo di lana, il \u201cProgetto Etna\u201d. Moreno insieme ai compagni del Team3Gambe, a parte Valeria Masala che ha percorso un itinerario con obiettivo diverso ma non meno affascinante, hanno raggiunto mercoled\u00ec, nell\u2019unica vera giornata di sole di questa spedizione, i 2.920m. della Torre del Filosofo<\/p>\n<p>&nbsp;<\/p>\n<p><iframe loading=\"lazy\" title=\"RASSEGNA STAMPA LOCALE 20 MAGGIO 2023\" width=\"1200\" height=\"675\" src=\"https:\/\/www.youtube.com\/embed\/OiYKJzYsxKU?feature=oembed\" frameborder=\"0\" allow=\"accelerometer; autoplay; clipboard-write; encrypted-media; gyroscope; picture-in-picture; web-share\" allowfullscreen><\/iframe><\/p>\n<p>&nbsp;<\/p>\n<p>&nbsp;<\/p>\n<p>&nbsp;<\/p>\n<p>********<\/p>\n","protected":false},"excerpt":{"rendered":"<p>FALCADE Gestione Servizi Pubblici informa che a FALCADE nelle localit\u00e0 FALCADE ALTO, VILLOTTA, LA FOCA E VIA MAS DE LE MOLE l&#8217;acqua erogata dall&#8217;acquedotto non \u00e8 potabile e pu\u00f2 essere usata per scopi alimentari SOLO PREVIA bollitura. Gestione Servizi Pubblici informa che, per lavori alla rete idrica comunale, luned\u00ec dalle 9 a FINE LAVORI verr\u00e0&hellip;<\/p>\n","protected":false},"author":4,"featured_media":336653,"comment_status":"closed","ping_status":"closed","sticky":false,"template":"","format":"standard","meta":{"_monsterinsights_skip_tracking":false,"_monsterinsights_sitenote_active":false,"_monsterinsights_sitenote_note":"","_monsterinsights_sitenote_category":0,"footnotes":""},"categories":[104,49],"tags":[],"class_list":["post-336651","post","type-post","status-publish","format-standard","has-post-thumbnail","hentry","category-evidenza_3","category-news-18","category-104","category-49","description-off"],"img_url":"https:\/\/www.radiopiu.net\/wordpress\/wp-content\/uploads\/2023\/05\/5402736b-6970-4f92-be1c-4518d6b87460.jpg","_links":{"self":[{"href":"https:\/\/www.radiopiu.net\/wordpress\/wp-json\/wp\/v2\/posts\/336651","targetHints":{"allow":["GET"]}}],"collection":[{"href":"https:\/\/www.radiopiu.net\/wordpress\/wp-json\/wp\/v2\/posts"}],"about":[{"href":"https:\/\/www.radiopiu.net\/wordpress\/wp-json\/wp\/v2\/types\/post"}],"author":[{"embeddable":true,"href":"https:\/\/www.radiopiu.net\/wordpress\/wp-json\/wp\/v2\/users\/4"}],"replies":[{"embeddable":true,"href":"https:\/\/www.radiopiu.net\/wordpress\/wp-json\/wp\/v2\/comments?post=336651"}],"version-history":[{"count":0,"href":"https:\/\/www.radiopiu.net\/wordpress\/wp-json\/wp\/v2\/posts\/336651\/revisions"}],"wp:featuredmedia":[{"embeddable":true,"href":"https:\/\/www.radiopiu.net\/wordpress\/wp-json\/wp\/v2\/media\/336653"}],"wp:attachment":[{"href":"https:\/\/www.radiopiu.net\/wordpress\/wp-json\/wp\/v2\/media?parent=336651"}],"wp:term":[{"taxonomy":"category","embeddable":true,"href":"https:\/\/www.radiopiu.net\/wordpress\/wp-json\/wp\/v2\/categories?post=336651"},{"taxonomy":"post_tag","embeddable":true,"href":"https:\/\/www.radiopiu.net\/wordpress\/wp-json\/wp\/v2\/tags?post=336651"}],"curies":[{"name":"wp","href":"https:\/\/api.w.org\/{rel}","templated":true}]}}