{"id":336656,"date":"2023-05-22T05:30:14","date_gmt":"2023-05-22T03:30:14","guid":{"rendered":"https:\/\/www.radiopiu.net\/wordpress\/?p=336656"},"modified":"2023-05-22T05:36:46","modified_gmt":"2023-05-22T03:36:46","slug":"giornale-radiopiu-22-maggio-2023-direttore-mirko-mezzacasa-verso-i-40-anni-25-giugno-1983-25-giugno-2023","status":"publish","type":"post","link":"https:\/\/www.radiopiu.net\/wordpress\/giornale-radiopiu-22-maggio-2023-direttore-mirko-mezzacasa-verso-i-40-anni-25-giugno-1983-25-giugno-2023\/","title":{"rendered":"GIORNALE RADIOPIU 22 MAGGIO 2023 DIRETTORE MIRKO MEZZACASA&#8230;verso i 40 anni 25 giugno 1983-25 giugno 2023"},"content":{"rendered":"<h2 style=\"text-align: left;\"><span style=\"color: #ff0000;\"><span style=\"vertical-align: inherit;\"><a class=\"dt-pswp-item\" href=\"https:\/\/www.radiopiu.net\/wordpress\/wp-content\/uploads\/2023\/04\/e0aad41d-951e-47b9-9fae-1a879a9bcb7e-1.jpg\" data-dt-img-description=\"\" data-large_image_width=\"1200\" data-large_image_height=\"1200\"><img loading=\"lazy\" decoding=\"async\" class=\"wp-image-333205 alignleft\" src=\"https:\/\/www.radiopiu.net\/wordpress\/wp-content\/uploads\/2023\/04\/e0aad41d-951e-47b9-9fae-1a879a9bcb7e-1-300x300.jpg\" alt=\"\" width=\"110\" height=\"110\" srcset=\"https:\/\/www.radiopiu.net\/wordpress\/wp-content\/uploads\/2023\/04\/e0aad41d-951e-47b9-9fae-1a879a9bcb7e-1-300x300.jpg 300w, https:\/\/www.radiopiu.net\/wordpress\/wp-content\/uploads\/2023\/04\/e0aad41d-951e-47b9-9fae-1a879a9bcb7e-1-1024x1024.jpg 1024w, https:\/\/www.radiopiu.net\/wordpress\/wp-content\/uploads\/2023\/04\/e0aad41d-951e-47b9-9fae-1a879a9bcb7e-1-150x150.jpg 150w, https:\/\/www.radiopiu.net\/wordpress\/wp-content\/uploads\/2023\/04\/e0aad41d-951e-47b9-9fae-1a879a9bcb7e-1-768x768.jpg 768w, https:\/\/www.radiopiu.net\/wordpress\/wp-content\/uploads\/2023\/04\/e0aad41d-951e-47b9-9fae-1a879a9bcb7e-1.jpg 1200w\" sizes=\"auto, (max-width: 110px) 100vw, 110px\" \/><\/a><\/span><\/span><\/h2>\n<h2 style=\"text-align: left;\"><span style=\"color: #ff0000;\"><span style=\"vertical-align: inherit;\">ISCRIVITI AL NOSTRO CANALE\u00a0 <\/span><\/span><span style=\"vertical-align: inherit;\"> YOUTUBE PER SEGUIRE IN DIRETTA I PRINCIPALI PROGRAMMI DI RADIO PIU&#8217; E LE FUTURE DIRETTE IN ESTERNA. PER ISCRIVERTI <\/span><a style=\"color: #ff0000;\" href=\"https:\/\/youtube.com\/@radiopiu1527\"><span style=\"vertical-align: inherit;\">CLICCA QUI <\/span><\/a><span style=\"color: #ff0000; font-size: 14px; font-weight: normal;\"><span style=\"vertical-align: inherit;\">E PREMI\u00a0 &#8220;Iscriviti&#8221;\u00a0 <\/span><\/span><\/h2>\n<p>&nbsp;<\/p>\n<p><strong><a class=\"dt-pswp-item\" href=\"https:\/\/www.radiopiu.net\/wordpress\/wp-content\/uploads\/2021\/11\/FERNANDO-SOCCOL.png\" data-dt-img-description=\"\" data-large_image_width=\"608\" data-large_image_height=\"444\"><img loading=\"lazy\" decoding=\"async\" class=\"wp-image-243446 alignleft\" src=\"https:\/\/www.radiopiu.net\/wordpress\/wp-content\/uploads\/2021\/11\/FERNANDO-SOCCOL-300x219.png\" alt=\"\" width=\"225\" height=\"164\" srcset=\"https:\/\/www.radiopiu.net\/wordpress\/wp-content\/uploads\/2021\/11\/FERNANDO-SOCCOL-300x219.png 300w, https:\/\/www.radiopiu.net\/wordpress\/wp-content\/uploads\/2021\/11\/FERNANDO-SOCCOL.png 608w\" sizes=\"auto, (max-width: 225px) 100vw, 225px\" \/><\/a>OGGI ALLA RADIO:<\/strong> ALLE 10.30 E 19.00 I PERITI MINERARI DALL&#8217;AGORDINO AL MONDO: CLAUDIO MAZZAROL.<br \/>\n<strong>ALLE 13.10<\/strong> SALUTE E SOCIETA&#8217;, LA RUBRICA DI MEDICINA ALLA RADIO<br \/>\n<strong>ALLE 14.40<\/strong> ATHOS E IL NUOVO PROGRAMMA DAL 1953 AL 25 GIUGNO 1983<br \/>\n<strong>ALLE 16.00<\/strong> MIRCO BENCIVENNI, HIT PARADE<br \/>\n<strong>ALLE 16.30<\/strong> LO SPORT DEL FINE SETTIMANA CON MARCO GAZ<br \/>\n<strong>ALLE 18.30<\/strong> FERNANDO SOCCOL, ATLETICA AGORDINA (foto)<\/p>\n<p>&nbsp;<\/p>\n<p>&nbsp;<\/p>\n<p>&nbsp;<\/p>\n<hr \/>\n<p>&nbsp;<\/p>\n<blockquote>\n<h3>CHIUSO IL SENTIERO CAI 551<\/h3>\n<\/blockquote>\n<p><strong>LA VALLE AGORDINA<\/strong> Il sentiero CAI 551 \u00e8 stato chiuso tra le localit\u00e0 Forca e Capitel Di Fries per cantiere boschivo. Il tratto rimarr\u00e0 chiuso fino al 01 giugno. Il transito a piedi o con bicicletta \u00e8 consentito solo fino al bivio in localit\u00e0 Forca.<\/p>\n<p>&nbsp;<\/p>\n<p>&nbsp;<\/p>\n<hr \/>\n<p>&nbsp;<\/p>\n<blockquote>\n<h3>ACQUA NON POTABILE IN ALCUNE ZONE DI FALCADE<\/h3>\n<\/blockquote>\n<p><strong><a class=\"dt-pswp-item\" href=\"https:\/\/www.radiopiu.net\/wordpress\/wp-content\/uploads\/2018\/08\/ACQUA.jpeg\" data-dt-img-description=\"\" data-large_image_width=\"1280\" data-large_image_height=\"768\"><img loading=\"lazy\" decoding=\"async\" class=\" wp-image-57052 alignleft\" src=\"https:\/\/www.radiopiu.net\/wordpress\/wp-content\/uploads\/2018\/08\/ACQUA-300x180.jpeg\" alt=\"\" width=\"150\" height=\"90\" srcset=\"https:\/\/www.radiopiu.net\/wordpress\/wp-content\/uploads\/2018\/08\/ACQUA-300x180.jpeg 300w, https:\/\/www.radiopiu.net\/wordpress\/wp-content\/uploads\/2018\/08\/ACQUA-768x461.jpeg 768w, https:\/\/www.radiopiu.net\/wordpress\/wp-content\/uploads\/2018\/08\/ACQUA-1024x614.jpeg 1024w, https:\/\/www.radiopiu.net\/wordpress\/wp-content\/uploads\/2018\/08\/ACQUA.jpeg 1280w\" sizes=\"auto, (max-width: 150px) 100vw, 150px\" \/><\/a>FALCADE<\/strong> Gestione Servizi Pubblici informa che a FALCADE nelle localit\u00e0 FALCADE ALTO, VILLOTTA, LA FOCA E VIA MAS DE LE MOLE l&#8217;acqua erogata dall&#8217;acquedotto non \u00e8 potabile e pu\u00f2 essere usata per scopi alimentari SOLO PREVIA bollitura. GSP ha, comunque, gi\u00e0 adottato le necessarie misure per la disinfezione dell&#8217;acqua presente nei serbatoi e nella rete idrica con l&#8217;aggiunta di cloro.<\/p>\n<p>&nbsp;<\/p>\n<p>&nbsp;<\/p>\n<hr \/>\n<p>&nbsp;<\/p>\n<blockquote>\n<h3>BIM GSP: LAVORI A TAIBON E CANALE D&#8217;AGORDO<\/h3>\n<\/blockquote>\n<p>Gestione Servizi Pubblici informa che, per lavori alla rete idrica comunale, oggi dalle 9 a FINE LAVORI verr\u00e0 sospesa l\u2019erogazione dell\u2019acqua a CANALE D&#8217;AGORDO in FRAZIONE COL MEAN. Mercoled\u00ec dalle 8 alle 12 verr\u00e0 sospesa l\u2019erogazione dell\u2019acqua a TAIBON AGORDINO in FRAZ.LISTOLADE e dalle 13 a fine lavori NELLE VIE CROTTA, CARAVAGGIO FUSINE.<\/p>\n<p>&nbsp;<\/p>\n<p>&nbsp;<\/p>\n<hr \/>\n<p>&nbsp;<\/p>\n<blockquote>\n<h3><a class=\"dt-pswp-item\" href=\"https:\/\/www.radiopiu.net\/wordpress\/wp-content\/uploads\/2023\/05\/Senza-nome-61.jpg\" data-dt-img-description=\"\" data-large_image_width=\"270\" data-large_image_height=\"287\"><img loading=\"lazy\" decoding=\"async\" class=\"wp-image-336887 alignleft\" src=\"https:\/\/www.radiopiu.net\/wordpress\/wp-content\/uploads\/2023\/05\/Senza-nome-61.jpg\" alt=\"\" width=\"157\" height=\"167\" \/><\/a>E&#8217; MANCATO PHILIPPE, STRONCATO DA INFARTO A 51 ANNI<\/h3>\n<\/blockquote>\n<p><strong>SEDICO<\/strong> Philippe Reolon, 51 anni \u00e8 stato trovato senza vita in un cortile del centro del paese. Alle sette del mattino \u00e8 stato uno degli inquilinia dare l&#8217;allarme. L&#8217;uomo era gi\u00e0 morto da qualche ora quando sono arrivati i soccorsi. Lavorava alla De Rigo, persona conosciuta e benvoluta in\u00a0 paese.<\/p>\n<p>&nbsp;<\/p>\n<hr \/>\n<p>&nbsp;<\/p>\n<blockquote>\n<h3>L&#8217;INFARTO DURANTE LA GARA, 19ENNE DEL CADORE RIANIMATO <img loading=\"lazy\" decoding=\"async\" class=\"alignleft\" src=\"https:\/\/www.radiopiu.net\/wordpress\/wp-content\/uploads\/2022\/08\/salt_20220825_171725_606.jpg\" width=\"196\" height=\"147\" \/>E INTUBATO SUL POSTO<\/h3>\n<\/blockquote>\n<p><strong>VIGO DI CADORE<\/strong> Innanzitutto la buona notiza: Massimiliano Colli 19 anni di Pieve di Cadore \u00e8 fuori pericolo. Il giovane atleta \u00e8 stato colpito da un arresto cardiaco durante la corsa campestre di Pelos. E&#8217; ricoverato nel reparto di rianimazione del San Martino di Belluno con un quadro clinico giudicato molto buono. Il giovane si \u00e8 sentito male mentre correva poco prima di mezzogiorno. Il personale sanitario lo ha rianimato con il defibrillatore prima dell&#8217;arrivo dell&#8217;elicottero. I medici del 118 lo hanno intubato sul posto mentre la gara \u00e8 stata sospesa.<\/p>\n<p>&nbsp;<\/p>\n<p>&nbsp;<\/p>\n<hr \/>\n<p>&nbsp;<\/p>\n<blockquote>\n<h3>SCONTRO AUTO-MOTO: UN FERITO<\/h3>\n<\/blockquote>\n<p><strong>BELLUNO<\/strong> Un uomo ferito e trasportato all&#8217;ospedale. L&#8217;incidente ieri pomeriggio a Safforze, sulla strada interna nei pressi di Villa Montalban. Le cause in corso di accertamento da parte degli agenti della Questura. Ad avere la peggio il motociclista portato in ospedale con un codice di media gravit\u00e0.<\/p>\n<p>&nbsp;<\/p>\n<p>&nbsp;<\/p>\n<hr \/>\n<p>&nbsp;<\/p>\n<blockquote>\n<h3>INVESTITO UN CERVO SUBITO DOPO IL PERON<\/h3>\n<\/blockquote>\n<p style=\"font-weight: 400;\"><strong>SEDICO <\/strong>Cervo investito nella serata di sabato, subito dopo la localit\u00e0 Peron di Sedico salendo verso Agordo. A centrare l\u2019animale un furgone. Parecchi danni al mezzo e traffico a senso unico alternato. Nessun ferito nell\u2019incidente.<\/p>\n\n\t\t\t<style type='text\/css'>\n\t\t\t\t#gallery-1 {\n\t\t\t\t\tmargin: auto;\n\t\t\t\t}\n\t\t\t\t#gallery-1 .gallery-item {\n\t\t\t\t\tfloat: left;\n\t\t\t\t\tmargin-top: 10px;\n\t\t\t\t\ttext-align: center;\n\t\t\t\t\twidth: 50%;\n\t\t\t\t}\n\t\t\t\t#gallery-1 img {\n\t\t\t\t\tborder: 2px solid #cfcfcf;\n\t\t\t\t}\n\t\t\t\t#gallery-1 .gallery-caption {\n\t\t\t\t\tmargin-left: 0;\n\t\t\t\t}\n\t\t\t\t\/* see gallery_shortcode() in wp-includes\/media.php *\/\n\t\t\t<\/style>\n\t\t<div id='gallery-1' class='dt-gallery-container gallery galleryid-336656 gallery-columns-2 gallery-size-medium'><dl class='gallery-item'>\n\t\t\t\t<dt class='gallery-icon landscape'>\n\t\t\t\t\t<a class=\"rollover rollover-zoom dt-pswp-item\" title=\"IMG_9370\" data-dt-img-description=\"\" data-large_image_width=\"1125\" data-large_image_height=\"703\"href='https:\/\/www.radiopiu.net\/wordpress\/wp-content\/uploads\/2023\/05\/IMG_9370.jpeg'><img loading=\"lazy\" decoding=\"async\" width=\"300\" height=\"187\" src=\"https:\/\/www.radiopiu.net\/wordpress\/wp-content\/uploads\/2023\/05\/IMG_9370-300x187.jpeg\" class=\"attachment-medium size-medium\" alt=\"\" srcset=\"https:\/\/www.radiopiu.net\/wordpress\/wp-content\/uploads\/2023\/05\/IMG_9370-300x187.jpeg 300w, https:\/\/www.radiopiu.net\/wordpress\/wp-content\/uploads\/2023\/05\/IMG_9370-1024x640.jpeg 1024w, https:\/\/www.radiopiu.net\/wordpress\/wp-content\/uploads\/2023\/05\/IMG_9370-768x480.jpeg 768w, https:\/\/www.radiopiu.net\/wordpress\/wp-content\/uploads\/2023\/05\/IMG_9370.jpeg 1125w\" sizes=\"auto, (max-width: 300px) 100vw, 300px\" \/><\/a>\n\t\t\t\t<\/dt><\/dl><dl class='gallery-item'>\n\t\t\t\t<dt class='gallery-icon landscape'>\n\t\t\t\t\t<a class=\"rollover rollover-zoom dt-pswp-item\" title=\"IMG_9369\" data-dt-img-description=\"\" data-large_image_width=\"1125\" data-large_image_height=\"691\"href='https:\/\/www.radiopiu.net\/wordpress\/wp-content\/uploads\/2023\/05\/IMG_9369.jpeg'><img loading=\"lazy\" decoding=\"async\" width=\"300\" height=\"184\" src=\"https:\/\/www.radiopiu.net\/wordpress\/wp-content\/uploads\/2023\/05\/IMG_9369-300x184.jpeg\" class=\"attachment-medium size-medium\" alt=\"\" srcset=\"https:\/\/www.radiopiu.net\/wordpress\/wp-content\/uploads\/2023\/05\/IMG_9369-300x184.jpeg 300w, https:\/\/www.radiopiu.net\/wordpress\/wp-content\/uploads\/2023\/05\/IMG_9369-1024x629.jpeg 1024w, https:\/\/www.radiopiu.net\/wordpress\/wp-content\/uploads\/2023\/05\/IMG_9369-768x472.jpeg 768w, https:\/\/www.radiopiu.net\/wordpress\/wp-content\/uploads\/2023\/05\/IMG_9369.jpeg 1125w\" sizes=\"auto, (max-width: 300px) 100vw, 300px\" \/><\/a>\n\t\t\t\t<\/dt><\/dl><br style=\"clear: both\" \/>\n\t\t\t<\/div>\n\n<p>&nbsp;<\/p>\n<hr \/>\n<p>&nbsp;<\/p>\n<blockquote>\n<h3 class=\"entry-title\">INCIDENTE SULLA 203 AGORDINA. UNA PANDA FINISCE RUOTE ALL\u2019ARIA<\/h3>\n<\/blockquote>\n<p><strong class=\"photoswipe-wrapper\"><a class=\"dt-pswp-item pspw-wrap-ready\" href=\"https:\/\/www.radiopiu.net\/wordpress\/wp-content\/uploads\/2023\/05\/Immagine-2023-05-21-091143.jpg\" data-dt-img-description=\"\" data-large_image_width=\"403\" data-large_image_height=\"309\"><img loading=\"lazy\" decoding=\"async\" class=\" wp-image-336753 alignleft\" src=\"https:\/\/www.radiopiu.net\/wordpress\/wp-content\/uploads\/2023\/05\/Immagine-2023-05-21-091143-300x230.jpg\" sizes=\"auto, (max-width: 175px) 100vw, 175px\" srcset=\"https:\/\/www.radiopiu.net\/wordpress\/wp-content\/uploads\/2023\/05\/Immagine-2023-05-21-091143-300x230.jpg 300w, https:\/\/www.radiopiu.net\/wordpress\/wp-content\/uploads\/2023\/05\/Immagine-2023-05-21-091143.jpg 403w\" alt=\"\" width=\"175\" height=\"134\" \/><\/a><\/strong><\/p>\n<p><strong>\u00a0<\/strong><\/p>\n<p><strong>SEDICO<\/strong> Incidente nella mattinata di ieri sulla SR 203 Agordina, subito dopo la localit\u00e0 La Stanga scendendo verso Belluno. Una Fiat Panda \u00e8 finita ruota all\u2019aria. Non si conosce la dinamica dell\u2019incidente. Nessun problema al traffico. Sul posto la Polizia.<\/p>\n<p>&nbsp;<\/p>\n<p>&nbsp;<\/p>\n<p>&nbsp;<\/p>\n<hr \/>\n<p>&nbsp;<\/p>\n<blockquote>\n<h3>LA TRUFFA DEL RESTO<\/h3>\n<\/blockquote>\n<p><strong>SEREN DEL GRAPPA\u00a0<\/strong> La truffa\u00a0 durante il cambio di denaro al bar situato all&#8217;interno del Mvc Store alla rotatoria di Santa Lucia. La truffa consiste nel chiedere il cambio di soldi al momento del pagamento e richiedere il resto in varie denominazioni. L&#8217;invito agli altri commercianti \u00e8 di prestare attenzione se un cliente inizia a fare richieste insolite riguardo al cambio di denaro e manipola i soldi in modo sospetto.\u00a0 Si sospetta che le due donne responsabili di questa truffa possano ancora essere presenti nella zona e cercare di ingannare altri commercianti.<\/p>\n<div class=\"flex-1 overflow-hidden\">\n<div class=\"react-scroll-to-bottom--css-mlfuq-79elbk h-full dark:bg-gray-800\">\n<div class=\"react-scroll-to-bottom--css-mlfuq-1n7m0yu\">\n<div class=\"flex flex-col text-sm dark:bg-gray-800\">\n<div class=\"group w-full text-gray-800 dark:text-gray-100 border-b border-black\/10 dark:border-gray-900\/50 bg-gray-50 dark:bg-[#444654]\">\n<div class=\"flex p-4 gap-4 text-base md:gap-6 md:max-w-2xl lg:max-w-xl xl:max-w-3xl md:py-6 lg:px-0 m-auto\">\n<div class=\"relative flex w-[calc(100%-50px)] flex-col gap-1 md:gap-3 lg:w-[calc(100%-115px)]\">\n<div class=\"flex justify-between lg:block\">\n<div class=\"text-gray-400 flex self-end lg:self-center justify-center mt-2 gap-2 md:gap-3 lg:gap-1 lg:absolute lg:top-0 lg:translate-x-full lg:right-0 lg:mt-0 lg:pl-2 visible\"><\/div>\n<\/div>\n<\/div>\n<\/div>\n<\/div>\n<\/div>\n<\/div>\n<\/div>\n<\/div>\n<div class=\"absolute bottom-0 left-0 w-full border-t md:border-t-0 dark:border-white\/20 md:border-transparent md:dark:border-transparent md:bg-vert-light-gradient bg-white dark:bg-gray-800 md:!bg-transparent dark:md:bg-vert-dark-gradient pt-2\">\n<form class=\"stretch mx-2 flex flex-row gap-3 last:mb-2 md:mx-4 md:last:mb-6 lg:mx-auto lg:max-w-2xl xl:max-w-3xl\">\n<div class=\"relative flex h-full flex-1 items-stretch md:flex-col\">\n<div class=\"\">\n<div class=\"h-full flex ml-1 md:w-full md:m-auto md:mb-2 gap-0 md:gap-2 justify-center\"><\/div>\n<\/div>\n<\/div>\n<\/form>\n<\/div>\n<hr \/>\n<p>&nbsp;<\/p>\n<blockquote>\n<h3>I VIGILI DEL FUOCO DI BELLUNO IN AIUTO ALLA POPOLAZIONE DELL&#8217;EMILIA ROMAGNA COLPITA DALL&#8217;ALLUVIONE<\/h3>\n<\/blockquote>\n<p><strong>BELLUNO <\/strong>Su richiesta del Centro Operativo Nazionale, il comando dei Vigili del Fuoco di Belluno ha inviato ulteriori mezzi e personale sulle zone alluvionate dell&#8217;Emilia Romagna per le operazioni di soccorso alla popolazione. Il modulo operativo aggiuntivo consiste in escavatori, una pala gommata di grandi dimensioni e 5 operatori specializzati dei Vigili del Fuoco. Fino ad oggi, sono 19 i Vigili del Fuoco di Belluno impegnati sullo scenario, operanti 24 ore su 24 nelle province di Cesena, Forl\u00ec e Bologna. Inoltre, \u00e8 presente anche un operatore dei Vigili del Fuoco per il monitoraggio delle aree colpite tramite droni. Presso il Comando Provinciale di Belluno \u00e8 stata aperta la Sala Crisi per il monitoraggio continuo del dispositivo d&#8217;intervento impegnato. Questa struttura permette di coordinare e tenere sotto controllo l&#8217;evolversi della situazione, garantendo una risposta tempestiva ed efficace alle emergenze causate dalle alluvioni. Si tratta di un&#8217;importante mobilitazione di risorse e competenze per affrontare l&#8217;emergenza in corso e fornire assistenza alla popolazione colpita.<\/p>\n\n\t\t\t<style type='text\/css'>\n\t\t\t\t#gallery-2 {\n\t\t\t\t\tmargin: auto;\n\t\t\t\t}\n\t\t\t\t#gallery-2 .gallery-item {\n\t\t\t\t\tfloat: left;\n\t\t\t\t\tmargin-top: 10px;\n\t\t\t\t\ttext-align: center;\n\t\t\t\t\twidth: 25%;\n\t\t\t\t}\n\t\t\t\t#gallery-2 img {\n\t\t\t\t\tborder: 2px solid #cfcfcf;\n\t\t\t\t}\n\t\t\t\t#gallery-2 .gallery-caption {\n\t\t\t\t\tmargin-left: 0;\n\t\t\t\t}\n\t\t\t\t\/* see gallery_shortcode() in wp-includes\/media.php *\/\n\t\t\t<\/style>\n\t\t<div id='gallery-2' class='dt-gallery-container gallery galleryid-336656 gallery-columns-4 gallery-size-thumbnail'><dl class='gallery-item'>\n\t\t\t\t<dt class='gallery-icon landscape'>\n\t\t\t\t\t<a class=\"rollover rollover-zoom dt-pswp-item\" title=\"photo_2023-05-20_13-11-08\" data-dt-img-description=\"\" data-large_image_width=\"1280\" data-large_image_height=\"960\"href='https:\/\/www.radiopiu.net\/wordpress\/wp-content\/uploads\/2023\/05\/photo_2023-05-20_13-11-08.jpg'><img loading=\"lazy\" decoding=\"async\" width=\"150\" height=\"150\" src=\"https:\/\/www.radiopiu.net\/wordpress\/wp-content\/uploads\/2023\/05\/photo_2023-05-20_13-11-08-150x150.jpg\" class=\"attachment-thumbnail size-thumbnail\" alt=\"\" \/><\/a>\n\t\t\t\t<\/dt><\/dl><dl class='gallery-item'>\n\t\t\t\t<dt class='gallery-icon landscape'>\n\t\t\t\t\t<a class=\"rollover rollover-zoom dt-pswp-item\" title=\"photo_2023-05-20_13-11-15\" data-dt-img-description=\"\" data-large_image_width=\"1280\" data-large_image_height=\"960\"href='https:\/\/www.radiopiu.net\/wordpress\/wp-content\/uploads\/2023\/05\/photo_2023-05-20_13-11-15.jpg'><img loading=\"lazy\" decoding=\"async\" width=\"150\" height=\"150\" src=\"https:\/\/www.radiopiu.net\/wordpress\/wp-content\/uploads\/2023\/05\/photo_2023-05-20_13-11-15-150x150.jpg\" class=\"attachment-thumbnail size-thumbnail\" alt=\"\" \/><\/a>\n\t\t\t\t<\/dt><\/dl><dl class='gallery-item'>\n\t\t\t\t<dt class='gallery-icon landscape'>\n\t\t\t\t\t<a class=\"rollover rollover-zoom dt-pswp-item\" title=\"photo_2023-05-20_13-11-24\" data-dt-img-description=\"\" data-large_image_width=\"1280\" data-large_image_height=\"960\"href='https:\/\/www.radiopiu.net\/wordpress\/wp-content\/uploads\/2023\/05\/photo_2023-05-20_13-11-24.jpg'><img loading=\"lazy\" decoding=\"async\" width=\"150\" height=\"150\" src=\"https:\/\/www.radiopiu.net\/wordpress\/wp-content\/uploads\/2023\/05\/photo_2023-05-20_13-11-24-150x150.jpg\" class=\"attachment-thumbnail size-thumbnail\" alt=\"\" \/><\/a>\n\t\t\t\t<\/dt><\/dl><dl class='gallery-item'>\n\t\t\t\t<dt class='gallery-icon landscape'>\n\t\t\t\t\t<a class=\"rollover rollover-zoom dt-pswp-item\" title=\"photo_2023-05-20_13-11-30\" data-dt-img-description=\"\" data-large_image_width=\"1280\" data-large_image_height=\"960\"href='https:\/\/www.radiopiu.net\/wordpress\/wp-content\/uploads\/2023\/05\/photo_2023-05-20_13-11-30.jpg'><img loading=\"lazy\" decoding=\"async\" width=\"150\" height=\"150\" src=\"https:\/\/www.radiopiu.net\/wordpress\/wp-content\/uploads\/2023\/05\/photo_2023-05-20_13-11-30-150x150.jpg\" class=\"attachment-thumbnail size-thumbnail\" alt=\"\" \/><\/a>\n\t\t\t\t<\/dt><\/dl><br style=\"clear: both\" \/>\n\t\t\t<\/div>\n\n<p>&nbsp;<\/p>\n<hr \/>\n<p>&nbsp;<\/p>\n<blockquote>\n<h3>LUXOTTICA CONFERMA LA VIOLAZIONE DEI DATI: INFORMAZIONI PERSONALI DI 70 MILIONI DI CLIENTI ESPOSTE<\/h3>\n<\/blockquote>\n<p><strong><a class=\"dt-pswp-item\" href=\"https:\/\/www.radiopiu.net\/wordpress\/wp-content\/uploads\/2021\/01\/HACKER.jpg\" data-dt-img-description=\"\" data-large_image_width=\"1920\" data-large_image_height=\"1477\"><img loading=\"lazy\" decoding=\"async\" class=\" wp-image-187990 alignleft\" src=\"https:\/\/www.radiopiu.net\/wordpress\/wp-content\/uploads\/2021\/01\/HACKER-300x231.jpg\" alt=\"\" width=\"183\" height=\"141\" srcset=\"https:\/\/www.radiopiu.net\/wordpress\/wp-content\/uploads\/2021\/01\/HACKER-300x231.jpg 300w, https:\/\/www.radiopiu.net\/wordpress\/wp-content\/uploads\/2021\/01\/HACKER-1024x788.jpg 1024w, https:\/\/www.radiopiu.net\/wordpress\/wp-content\/uploads\/2021\/01\/HACKER-768x591.jpg 768w, https:\/\/www.radiopiu.net\/wordpress\/wp-content\/uploads\/2021\/01\/HACKER-1536x1182.jpg 1536w, https:\/\/www.radiopiu.net\/wordpress\/wp-content\/uploads\/2021\/01\/HACKER.jpg 1920w\" sizes=\"auto, (max-width: 183px) 100vw, 183px\" \/><\/a>REDAZIONE<\/strong> Luxottica ha confermato che una societ\u00e0 terza, partner del gruppo, ha subito una violazione dei dati avvenuta nel 2021 che ha esposto le informazioni personali di 70 milioni di clienti. Finora \u00e8 stato accertato che i dati esposti includono nomi dei clienti, indirizzi email, numeri di telefono, indirizzi e date di nascita \u2013 quindi nessun dato che possa generare danni economici per gli interessati. A rendere pubblica la notizia il sito BleepingComputer, importante punto di riferimento sulla sicurezza online. La violazione \u00e8 stata resa pubblica quando \u00e8 stato pubblicato gratuitamente un database hackerato su forum di hacking questo mese. Questa non \u00e8 la prima violazione dei dati per Luxottica. Nel 2020, l\u2019azienda ha subito due attacchi, uno che ha esposto le informazioni personali dei pazienti di EyeMed e Lenscrafters e un altro attacco ransomware. Il database trapelato di recente contiene 305 milioni di righe di dati, tra cui 74,4 milioni di indirizzi email unici. Luxottica ha riconosciuto la violazione, affermando che ha coinvolto un appaltatore esterno che deteneva i dati dei clienti. L\u2019azienda ha segnalato l\u2019incidente alle autorit\u00e0 competenti ed \u00e8 in corso un\u2019indagine. Nel frattempo, il proprietario del sito che ha pubblicato i dati \u00e8 stato arrestato e il sito stesso \u00e8 stato chiuso. Luxottica assicura che i propri sistemi non sono stati violati. Troy Hunt, proprietario del servizio di notifica delle violazioni dei dati \u201cHave I Been Pwned\u201d, ha confermato che oltre 77 milioni di account unici sono stati coinvolti nella violazione dei dati Luxottica. Il servizio invier\u00e0 notifiche di violazione agli abbonati interessati dalla violazione. Gli utenti possono verificare se le proprie informazioni sono state esposte cercando il proprio indirizzo email sul sito di Have I Been Pwned.<\/p>\n<p><strong>PER VERIFICARE SE IL TUO INDIRIZZO MAIL E&#8217; ESPOSTO A RISCHI <a href=\"https:\/\/haveibeenpwned.com\/\">CLICCA QUI<\/a><\/strong><\/p>\n<p>&nbsp;<\/p>\n<p>&nbsp;<\/p>\n<hr \/>\n<p>&nbsp;<\/p>\n<blockquote>\n<h3>CADDE DA UN&#8217;ALTEZZA DI 7 METRI IN UN CANTIERE A TRIESTE. CONDANNATI I DATORI DI LAVORO<\/h3>\n<\/blockquote>\n<p><strong><a class=\"dt-pswp-item\" href=\"https:\/\/www.radiopiu.net\/wordpress\/wp-content\/uploads\/2021\/10\/consulenza-formazione-sicurezza-sul-lavoro-4.jpg\" data-dt-img-description=\"\" data-large_image_width=\"600\" data-large_image_height=\"450\"><img loading=\"lazy\" decoding=\"async\" class=\" wp-image-237753 alignleft\" src=\"https:\/\/www.radiopiu.net\/wordpress\/wp-content\/uploads\/2021\/10\/consulenza-formazione-sicurezza-sul-lavoro-4-300x225.jpg\" alt=\"\" width=\"188\" height=\"141\" srcset=\"https:\/\/www.radiopiu.net\/wordpress\/wp-content\/uploads\/2021\/10\/consulenza-formazione-sicurezza-sul-lavoro-4-300x225.jpg 300w, https:\/\/www.radiopiu.net\/wordpress\/wp-content\/uploads\/2021\/10\/consulenza-formazione-sicurezza-sul-lavoro-4.jpg 600w\" sizes=\"auto, (max-width: 188px) 100vw, 188px\" \/><\/a><em>Luis Jos\u00e9 Pujols Brea \u00e8 assistito da Giesse Risarcimenti Belluno<\/em><\/strong><\/p>\n<p><strong>BELLUNO <\/strong>Cinque anni e mezzo fa a Trieste,\u00a0 Luis Jos\u00e9 Pujols Brea, cinquantenne di Mel, rimase gravemente ferito in un incidente sul posto di lavoro. Tre responsabili sono stati condannati in sede penale, ma rifiutano di risarcire il danno alla parte offesa. Il presidente e il direttore tecnico della societ\u00e0 Geoprotection srl sono stati condannati rispettivamente a sei e quattro mesi di reclusione mentre il coordinatore per la sicurezza \u00e8 stato condannato a quattro mesi di reclusione. Tutti hanno ottenuto la sospensione condizionale della pena, ma sono obbligati a risarcire il danno e a pagare le spese legali. Un ingegnere \u00e8 stato assolto dalle accuse. I tre imputati sono stati dichiarati responsabili per l&#8217;infortunio sul lavoro avvenuto nel 2017 a Duino Aurisina in provincia di Trieste. Il presidente dell&#8217;azienda \u00e8 stato ritenuto colpevole per la mancanza di aree adeguate per il deposito di materiale. Il direttore del cantiere \u00e8 stato ritenuto colpevole per un uso improprio della struttura paramassi. Il coordinatore per la sicurezza \u00e8 stato ritenuto colpevole per non aver sospeso i lavori nonostante il pericolo evidente. Luis Jos\u00e9 Pujols Brea \u00e8 assistito da Giesse Risarcimenti Belluno. Nonostante la sentenza di condanna, non \u00e8 stato possibile raggiungere un accordo per il risarcimento. Brea aveva segnalato ai superiori il carico eccessivo, rischiando la vita cadendo da un&#8217;altezza di sette metri. Le responsabilit\u00e0 degli imputati, confermate dalla sentenza, non hanno portato a proposte risarcitorie. L&#8217;incidente \u00e8 avvenuto durante i lavori di messa in sicurezza di una parete rocciosa lungo una strada regionale. La struttura paramassi doveva proteggere la sede stradale. La causa dell&#8217;infortunio \u00e8 stata l&#8217;eccessivo carico sul ponteggio che ha causato il collasso. Materiale come barre metalliche, rotoli di rete metallica e bobine di cavi sono stati ritrovati sulla strada.<\/p>\n<p>&nbsp;<\/p>\n<p>&nbsp;<\/p>\n<hr \/>\n<p>&nbsp;<\/p>\n<blockquote>\n<h3>GIUSEPPE DAL BEN, COMMISSARIO DELL&#8217;ULSS 1 DOLOMITI, IN VISITA AGLI OSPEDALI BELLUNESI<\/h3>\n<\/blockquote>\n<p><a class=\"dt-pswp-item\" href=\"https:\/\/www.radiopiu.net\/wordpress\/wp-content\/uploads\/2023\/05\/primari-Feltre.jpeg\" data-dt-img-description=\"PRIMARI DI FELTRE\" data-large_image_width=\"1600\" data-large_image_height=\"927\"><img loading=\"lazy\" decoding=\"async\" class=\"alignleft wp-image-336632 \" src=\"https:\/\/www.radiopiu.net\/wordpress\/wp-content\/uploads\/2023\/05\/primari-Feltre-300x174.jpeg\" alt=\"\" width=\"228\" height=\"132\" srcset=\"https:\/\/www.radiopiu.net\/wordpress\/wp-content\/uploads\/2023\/05\/primari-Feltre-300x174.jpeg 300w, https:\/\/www.radiopiu.net\/wordpress\/wp-content\/uploads\/2023\/05\/primari-Feltre-1024x593.jpeg 1024w, https:\/\/www.radiopiu.net\/wordpress\/wp-content\/uploads\/2023\/05\/primari-Feltre-768x445.jpeg 768w, https:\/\/www.radiopiu.net\/wordpress\/wp-content\/uploads\/2023\/05\/primari-Feltre-1536x890.jpeg 1536w, https:\/\/www.radiopiu.net\/wordpress\/wp-content\/uploads\/2023\/05\/primari-Feltre.jpeg 1600w\" sizes=\"auto, (max-width: 228px) 100vw, 228px\" \/><\/a><strong>BELLUNO<\/strong><\/p>\n<p>di Moreno Gioli<\/p>\n<audio class=\"wp-audio-shortcode\" id=\"audio-336656-1\" preload=\"none\" style=\"width: 100%;\" controls=\"controls\"><source type=\"audio\/mpeg\" src=\"https:\/\/www.radiopiu.net\/wordpress\/wp-content\/uploads\/2023\/05\/GIOLI-dal-ben.mp3?_=1\" \/><a href=\"https:\/\/www.radiopiu.net\/wordpress\/wp-content\/uploads\/2023\/05\/GIOLI-dal-ben.mp3\">https:\/\/www.radiopiu.net\/wordpress\/wp-content\/uploads\/2023\/05\/GIOLI-dal-ben.mp3<\/a><\/audio>\n<p>&nbsp;<\/p>\n<hr \/>\n<p>&nbsp;<\/p>\n<div class=\"flex-1 overflow-hidden\">\n<div class=\"react-scroll-to-bottom--css-mlfuq-79elbk h-full dark:bg-gray-800\">\n<div class=\"react-scroll-to-bottom--css-mlfuq-1n7m0yu\">\n<div class=\"flex flex-col text-sm dark:bg-gray-800\">\n<div class=\"group w-full text-gray-800 dark:text-gray-100 border-b border-black\/10 dark:border-gray-900\/50 bg-gray-50 dark:bg-[#444654]\">\n<div class=\"flex p-4 gap-4 text-base md:gap-6 md:max-w-2xl lg:max-w-xl xl:max-w-3xl md:py-6 lg:px-0 m-auto\">\n<div class=\"relative flex w-[calc(100%-50px)] flex-col gap-1 md:gap-3 lg:w-[calc(100%-115px)]\">\n<div class=\"flex flex-grow flex-col gap-3\">\n<div class=\"min-h-[20px] flex flex-col items-start gap-4 whitespace-pre-wrap break-words\">\n<div class=\"markdown prose w-full break-words dark:prose-invert light\">\n<p>Nel segno degli zattieri e in ricordo del Vajont. Ieri mattina si \u00e8 svolta la festa della Sensa, che ha celebrato il forte legame d&#8217;acqua tra Longarone e Venezia, mentre si \u00e8 fatto un monito sull&#8217;importanza della prevenzione e del rispetto della natura. Nella cerimonia di apertura, il sindaco di Venezia e il sindaco di Longarone hanno scambiato un anello simbolico, restituito dalla citt\u00e0 gemellata di Odessa.\u00a0Durante l&#8217;evento, sia il sindaco di Venezia che il patriarca hanno espresso solidariet\u00e0 alle popolazioni dell&#8217;Emilia Romagna, che hanno subito danni e perdite a causa delle alluvioni. Hanno sottolineato l&#8217;importanza di trattare l&#8217;acqua come una risorsa preziosa che richiede rispetto e attenzione, prendendo come esempio il disastro del Vajont, avvenuto sessant&#8217;anni fa, e l&#8217;alluvione attuale in Emilia Romagna.Il sindaco di Longarone ha evidenziato come il legame tra Longarone e Venezia sia una parte importante della storia della sua comunit\u00e0, richiamando l&#8217;epoca degli zattieri e ricordando le vittime del Vajont.<\/p>\n<\/div>\n<\/div>\n<\/div>\n<div class=\"flex justify-between lg:block\">\n<div class=\"text-gray-400 flex self-end lg:self-center justify-center mt-2 gap-2 md:gap-3 lg:gap-1 lg:absolute lg:top-0 lg:translate-x-full lg:right-0 lg:mt-0 lg:pl-2 visible\">\n<div class=\"flex gap-1\">\n\n\t\t\t<style type='text\/css'>\n\t\t\t\t#gallery-3 {\n\t\t\t\t\tmargin: auto;\n\t\t\t\t}\n\t\t\t\t#gallery-3 .gallery-item {\n\t\t\t\t\tfloat: left;\n\t\t\t\t\tmargin-top: 10px;\n\t\t\t\t\ttext-align: center;\n\t\t\t\t\twidth: 33%;\n\t\t\t\t}\n\t\t\t\t#gallery-3 img {\n\t\t\t\t\tborder: 2px solid #cfcfcf;\n\t\t\t\t}\n\t\t\t\t#gallery-3 .gallery-caption {\n\t\t\t\t\tmargin-left: 0;\n\t\t\t\t}\n\t\t\t\t\/* see gallery_shortcode() in wp-includes\/media.php *\/\n\t\t\t<\/style>\n\t\t<div id='gallery-3' class='dt-gallery-container gallery galleryid-336656 gallery-columns-3 gallery-size-thumbnail'><dl class='gallery-item'>\n\t\t\t\t<dt class='gallery-icon portrait'>\n\t\t\t\t\t<a class=\"rollover rollover-zoom dt-pswp-item\" title=\"09b947e7-8b52-4f52-a8b2-562fc182a62d\" data-dt-img-description=\"\" data-large_image_width=\"1200\" data-large_image_height=\"1600\"href='https:\/\/www.radiopiu.net\/wordpress\/wp-content\/uploads\/2023\/05\/09b947e7-8b52-4f52-a8b2-562fc182a62d.jpg'><img loading=\"lazy\" decoding=\"async\" width=\"150\" height=\"150\" src=\"https:\/\/www.radiopiu.net\/wordpress\/wp-content\/uploads\/2023\/05\/09b947e7-8b52-4f52-a8b2-562fc182a62d-150x150.jpg\" class=\"attachment-thumbnail size-thumbnail\" alt=\"\" \/><\/a>\n\t\t\t\t<\/dt><\/dl><dl class='gallery-item'>\n\t\t\t\t<dt class='gallery-icon landscape'>\n\t\t\t\t\t<a class=\"rollover rollover-zoom dt-pswp-item\" title=\"764388cb-e586-4dd1-aed4-13805132afa1\" data-dt-img-description=\"\" data-large_image_width=\"960\" data-large_image_height=\"720\"href='https:\/\/www.radiopiu.net\/wordpress\/wp-content\/uploads\/2023\/05\/764388cb-e586-4dd1-aed4-13805132afa1.jpg'><img loading=\"lazy\" decoding=\"async\" width=\"150\" height=\"150\" src=\"https:\/\/www.radiopiu.net\/wordpress\/wp-content\/uploads\/2023\/05\/764388cb-e586-4dd1-aed4-13805132afa1-150x150.jpg\" class=\"attachment-thumbnail size-thumbnail\" alt=\"\" \/><\/a>\n\t\t\t\t<\/dt><\/dl><dl class='gallery-item'>\n\t\t\t\t<dt class='gallery-icon landscape'>\n\t\t\t\t\t<a class=\"rollover rollover-zoom dt-pswp-item\" title=\"161d5b90-d53c-49ef-add8-4c226707377f\" data-dt-img-description=\"\" data-large_image_width=\"1600\" data-large_image_height=\"1200\"href='https:\/\/www.radiopiu.net\/wordpress\/wp-content\/uploads\/2023\/05\/161d5b90-d53c-49ef-add8-4c226707377f.jpg'><img loading=\"lazy\" decoding=\"async\" width=\"150\" height=\"150\" src=\"https:\/\/www.radiopiu.net\/wordpress\/wp-content\/uploads\/2023\/05\/161d5b90-d53c-49ef-add8-4c226707377f-150x150.jpg\" class=\"attachment-thumbnail size-thumbnail\" alt=\"\" \/><\/a>\n\t\t\t\t<\/dt><\/dl><br style=\"clear: both\" \/>\n\t\t\t<\/div>\n\n<hr \/>\n<\/div>\n<\/div>\n<\/div>\n<\/div>\n<\/div>\n<\/div>\n<\/div>\n<p><button class=\"cursor-pointer absolute right-6 bottom-[124px] md:bottom-[120px] z-10 rounded-full border border-gray-200 bg-gray-50 text-gray-600 dark:border-white\/10 dark:bg-white\/10 dark:text-gray-200\">\u00a0<\/button><\/p>\n<\/div>\n<div><\/div>\n<\/div>\n<\/div>\n<blockquote>\n<h3>SIAMO BELLUNO CHIEDE UN PIANO MARSHALL PER LA SANITA&#8217; BELLUNESE<\/h3>\n<\/blockquote>\n<p><strong><a class=\"dt-pswp-item\" href=\"https:\/\/www.radiopiu.net\/wordpress\/wp-content\/uploads\/2023\/05\/SIAMO-BELLUNO.png\" data-dt-img-description=\"\" data-large_image_width=\"750\" data-large_image_height=\"484\"><img loading=\"lazy\" decoding=\"async\" class=\" wp-image-336800 alignleft\" src=\"https:\/\/www.radiopiu.net\/wordpress\/wp-content\/uploads\/2023\/05\/SIAMO-BELLUNO-300x194.png\" alt=\"\" width=\"199\" height=\"129\" srcset=\"https:\/\/www.radiopiu.net\/wordpress\/wp-content\/uploads\/2023\/05\/SIAMO-BELLUNO-300x194.png 300w, https:\/\/www.radiopiu.net\/wordpress\/wp-content\/uploads\/2023\/05\/SIAMO-BELLUNO.png 750w\" sizes=\"auto, (max-width: 199px) 100vw, 199px\" \/><\/a>BELLUNO<\/strong> SiAmo Belluno non \u00e8 d&#8217;accordo con il commissariamento dell&#8217;Ulss1 Dolomiti e lo fa con una lettera aperta. &#8221; Non possiamo tacere davanti a questa nuova puntata della fiction della Sanita\u0300 Bellunese, che vede come attore protagonista il logoramento e lo smantellamento silenzioso della sanita\u0300 provinciale, e umilmente, ma con forza, ci uniamo ad altri accorati appelli che in questi giorni hanno preso posizione su questa scelta politica che va a ledere la dignita\u0300 del \u201ccittadino della montagna veneta\u201d, che non deve avere un diverso trattamento da quello della pianura &#8211; si legge nel documento &#8211; Ad una settimana dalla notizia del commissariamento di fatto della sanita\u0300 bellunese, pur credendo convintamente alla grandissima professionalita\u0300 del nuovo direttore generale, siamo convinti che per due aziende sanitarie importanti come quelle di Belluno e dell\u2019Azienda Ospedale Universita\u0300 di Padova ci debbano essere due Direttori Generali a tempo pieno e non part-time, tra l\u2019altro con sedi distanti tra di loro e con esigenze e peculiarita\u0300 differenti&#8221;. Poi si parla delle dichiarazioni del commissario Dal Ben e dell&#8217;abbattimento dei campanilismi tra ospedali. &#8220;Potremmo anche essere d\u2019accordo per l\u2019abbattimento dei campanili, ma dobbiamo pero\u0300 ripopolare le \u201cchiese\u201d di sacerdoti e perpetue &#8211; concludono da SiAmo Belluno &#8211; cioe\u0300 sopperire a quella mancanza cronaca di medici ospedalieri, medici di famiglia, medici pediatri e personale infermieristico che il bellunese soffre da moltissimi anni e che non puo\u0300 essere, come dichiarato, ripristinata nel giro di qualche anno. Qui e\u0300 necessario un vero e proprio \u201cpiano Marshall sanitario\u201d per la nostra provincia&#8221;.<\/p>\n<p>&nbsp;<\/p>\n<p>&nbsp;<\/p>\n<hr \/>\n<p>&nbsp;<\/p>\n<blockquote>\n<h3>ERWIN LAZZARINI E LA SUA ESPERIENZA IN CONSIGLIO COMUNALE A CENCENIGHE<\/h3>\n<\/blockquote>\n<p><a class=\"dt-pswp-item\" href=\"https:\/\/www.radiopiu.net\/wordpress\/wp-content\/uploads\/2023\/05\/ERWIN-LAZZARINI.jpg\" data-dt-img-description=\"ERWIN LAZZARINI\" data-large_image_width=\"1450\" data-large_image_height=\"1812\"><img loading=\"lazy\" decoding=\"async\" class=\"alignleft wp-image-334154 \" src=\"https:\/\/www.radiopiu.net\/wordpress\/wp-content\/uploads\/2023\/05\/ERWIN-LAZZARINI-240x300.jpg\" alt=\"\" width=\"168\" height=\"210\" srcset=\"https:\/\/www.radiopiu.net\/wordpress\/wp-content\/uploads\/2023\/05\/ERWIN-LAZZARINI-240x300.jpg 240w, https:\/\/www.radiopiu.net\/wordpress\/wp-content\/uploads\/2023\/05\/ERWIN-LAZZARINI-819x1024.jpg 819w, https:\/\/www.radiopiu.net\/wordpress\/wp-content\/uploads\/2023\/05\/ERWIN-LAZZARINI-768x960.jpg 768w, https:\/\/www.radiopiu.net\/wordpress\/wp-content\/uploads\/2023\/05\/ERWIN-LAZZARINI-1229x1536.jpg 1229w, https:\/\/www.radiopiu.net\/wordpress\/wp-content\/uploads\/2023\/05\/ERWIN-LAZZARINI.jpg 1450w\" sizes=\"auto, (max-width: 168px) 100vw, 168px\" \/><\/a><strong>CENCENIGHE<\/strong><\/p>\n<p>di Gianni Santomaso<\/p>\n<audio class=\"wp-audio-shortcode\" id=\"audio-336656-2\" preload=\"none\" style=\"width: 100%;\" controls=\"controls\"><source type=\"audio\/mpeg\" src=\"https:\/\/www.radiopiu.net\/wordpress\/wp-content\/uploads\/2023\/05\/GIANNI-INTERVISTA-ERWIN-LAZZARINI.mp3?_=2\" \/><a href=\"https:\/\/www.radiopiu.net\/wordpress\/wp-content\/uploads\/2023\/05\/GIANNI-INTERVISTA-ERWIN-LAZZARINI.mp3\">https:\/\/www.radiopiu.net\/wordpress\/wp-content\/uploads\/2023\/05\/GIANNI-INTERVISTA-ERWIN-LAZZARINI.mp3<\/a><\/audio>\n<p>&nbsp;<\/p>\n<hr \/>\n<p>&nbsp;<\/p>\n<blockquote>\n<h3>IL PALALUXOTTICA NEGATO ALLA CENA DELLE CLASSI AGORDINE 1990-1999. L&#8217;AMAREZZA DEGLI ORGANIZZATORI<\/h3>\n<\/blockquote>\n<p><strong><a class=\"dt-pswp-item\" href=\"https:\/\/www.radiopiu.net\/wordpress\/wp-content\/uploads\/2020\/05\/PALALUXOTTICA.jpg\" data-dt-img-description=\"\" data-large_image_width=\"1600\" data-large_image_height=\"901\"><img loading=\"lazy\" decoding=\"async\" class=\" wp-image-140460 alignleft\" src=\"https:\/\/www.radiopiu.net\/wordpress\/wp-content\/uploads\/2020\/05\/PALALUXOTTICA-300x169.jpg\" alt=\"\" width=\"167\" height=\"94\" srcset=\"https:\/\/www.radiopiu.net\/wordpress\/wp-content\/uploads\/2020\/05\/PALALUXOTTICA-300x169.jpg 300w, https:\/\/www.radiopiu.net\/wordpress\/wp-content\/uploads\/2020\/05\/PALALUXOTTICA-1024x577.jpg 1024w, https:\/\/www.radiopiu.net\/wordpress\/wp-content\/uploads\/2020\/05\/PALALUXOTTICA-768x432.jpg 768w, https:\/\/www.radiopiu.net\/wordpress\/wp-content\/uploads\/2020\/05\/PALALUXOTTICA-1536x865.jpg 1536w, https:\/\/www.radiopiu.net\/wordpress\/wp-content\/uploads\/2020\/05\/PALALUXOTTICA.jpg 1600w\" sizes=\"auto, (max-width: 167px) 100vw, 167px\" \/><\/a>REDAZIONE<\/strong> Riceviamo e pubblichiamo una lettera che ci \u00e8 arrivata in redazione da alcuni giovani agordini che vorrebbero organizzare una festa per coloro che sono nati tra il 1990 e il 1999. Visto il numero di partecipanti alla cena, gli organizzatori avevano optato per richiedere il PalaLuxottica di Agordo ma la richiesta \u00e8 stata negata.<\/p>\n<p><strong>LA LETTERA<\/strong><\/p>\n<blockquote><p><em>Scriviamo questa lettera aperta sia come denuncia che come sfogo, siamo un gruppo di giovani Agordini che dopo vari anni di tentennamenti abbiamo deciso di iniziare ad organizzare la cena di tutte le classi Agordine dal 1990 al 1999, programmando la serata e facendo una stima del numero di Agordini che potrebbero partecipare siamo giunti alla conclusione che nessuna delle varie sale comunali presenti nei 16 comuni sarebbero bastate, cos\u00ec abbiamo provato a contattare la &#8220;sala&#8221; pi\u00f9 grande che esiste in Agordino e forse in provincia, ossia il PalaLuxottica. Dopo svariate mail inviate ai vari responsabili della struttura, abbiamo ricevuto, dopo mesi dalla prima richiesta di informazioni, da una delle tante mail un categorico no senza nessuna motivazione. In seguito alle altre mail inviate pi\u00f9 nessuno, ad oggi, ha ancora risposto. Ci chiediamo dove sia questo famoso &#8220;palazzetto del popolo&#8221; dato che era stato promosso cos\u00ec, prima che gli venissero firmati i permessi di costruzione. L&#8217;ex sindaco di Agordo Sisto da Roit nel 2018 affermava: &#8220;Siamo molto soddisfatti del traguardo raggiunto, ringraziamo molto l\u2019azienda per la sensibilit\u00e0 dimostrata nel mettere a disposizione della comunit\u00e0 questa struttura. Come Comune abbiamo lavorato per creare le condizioni affinch\u00e9 la comunit\u00e0 possa sfruttare questa enorme possibilit\u00e0&#8221;. Possibilit\u00e0, per\u00f2, che al momento non ci viene concessa, anzi addirittura secondo Luxottica non merita nemmeno risposta. Non mettiamo assolutamente in dubbio quanto faccia l&#8217;azienda con il miglior welfare al mondo per le nostre vallate, ma ci saremmo aspettati un minimo di considerazione per un evento cos\u00ec atteso, visto quanto Luxottica abbia a cuore l&#8217;Agordino e la sua popolazione.<\/em><\/p>\n<p><em><strong>Organizzatori cena delle classi Agordine dal 1990 al 1999.<\/strong><\/em><\/p><\/blockquote>\n<p>&nbsp;<\/p>\n<p>&nbsp;<\/p>\n<hr \/>\n<p>&nbsp;<\/p>\n<blockquote>\n<h3>DUE GIORNATE DELLO SPORT PER L&#8217;ISTITUTO COMPRENSIVO DI CENCENIGHE<\/h3>\n<\/blockquote>\n<p><strong><a class=\"dt-pswp-item\" href=\"https:\/\/www.radiopiu.net\/wordpress\/wp-content\/uploads\/2023\/05\/gli-impianti-sportivi-di-San-Tomaso-in-una-delle-due-giornate-dello-sport-scaled.jpg\" data-dt-img-description=\"\" data-large_image_width=\"2560\" data-large_image_height=\"1440\"><img loading=\"lazy\" decoding=\"async\" class=\" wp-image-336794 alignleft\" src=\"https:\/\/www.radiopiu.net\/wordpress\/wp-content\/uploads\/2023\/05\/gli-impianti-sportivi-di-San-Tomaso-in-una-delle-due-giornate-dello-sport-300x169.jpg\" alt=\"\" width=\"185\" height=\"104\" srcset=\"https:\/\/www.radiopiu.net\/wordpress\/wp-content\/uploads\/2023\/05\/gli-impianti-sportivi-di-San-Tomaso-in-una-delle-due-giornate-dello-sport-300x169.jpg 300w, https:\/\/www.radiopiu.net\/wordpress\/wp-content\/uploads\/2023\/05\/gli-impianti-sportivi-di-San-Tomaso-in-una-delle-due-giornate-dello-sport-1024x576.jpg 1024w, https:\/\/www.radiopiu.net\/wordpress\/wp-content\/uploads\/2023\/05\/gli-impianti-sportivi-di-San-Tomaso-in-una-delle-due-giornate-dello-sport-768x432.jpg 768w, https:\/\/www.radiopiu.net\/wordpress\/wp-content\/uploads\/2023\/05\/gli-impianti-sportivi-di-San-Tomaso-in-una-delle-due-giornate-dello-sport-1536x864.jpg 1536w, https:\/\/www.radiopiu.net\/wordpress\/wp-content\/uploads\/2023\/05\/gli-impianti-sportivi-di-San-Tomaso-in-una-delle-due-giornate-dello-sport-2048x1152.jpg 2048w\" sizes=\"auto, (max-width: 185px) 100vw, 185px\" \/><\/a>SAN TOMASO<\/strong><\/p>\n<p>di Luisa Manfroi<\/p>\n<audio class=\"wp-audio-shortcode\" id=\"audio-336656-3\" preload=\"none\" style=\"width: 100%;\" controls=\"controls\"><source type=\"audio\/mpeg\" src=\"https:\/\/www.radiopiu.net\/wordpress\/wp-content\/uploads\/2023\/05\/LUISA-MANFROI-GIORNATE-DELLO-SPORT.mp3?_=3\" \/><a href=\"https:\/\/www.radiopiu.net\/wordpress\/wp-content\/uploads\/2023\/05\/LUISA-MANFROI-GIORNATE-DELLO-SPORT.mp3\">https:\/\/www.radiopiu.net\/wordpress\/wp-content\/uploads\/2023\/05\/LUISA-MANFROI-GIORNATE-DELLO-SPORT.mp3<\/a><\/audio>\n<p>&nbsp;<\/p>\n<hr \/>\n<p>&nbsp;<\/p>\n<blockquote>\n<h3>DALLA CALCHERA DELLE TORTE LA SITUAZIONE<\/h3>\n<\/blockquote>\n<p><strong>TAIBON<\/strong> Gli uomini del Piodech continuano ad alimentare le fiamme nella calchera delle torte in Valle di San Lucano. Turni giorno e notte per mantenere vive le fiamme e cuocere i sassi che diventeranno calce. Nel fine settimana centinaia di persone in Valle di San Lucano<\/p>\n\n\t\t\t<style type='text\/css'>\n\t\t\t\t#gallery-4 {\n\t\t\t\t\tmargin: auto;\n\t\t\t\t}\n\t\t\t\t#gallery-4 .gallery-item {\n\t\t\t\t\tfloat: left;\n\t\t\t\t\tmargin-top: 10px;\n\t\t\t\t\ttext-align: center;\n\t\t\t\t\twidth: 33%;\n\t\t\t\t}\n\t\t\t\t#gallery-4 img {\n\t\t\t\t\tborder: 2px solid #cfcfcf;\n\t\t\t\t}\n\t\t\t\t#gallery-4 .gallery-caption {\n\t\t\t\t\tmargin-left: 0;\n\t\t\t\t}\n\t\t\t\t\/* see gallery_shortcode() in wp-includes\/media.php *\/\n\t\t\t<\/style>\n\t\t<div id='gallery-4' class='dt-gallery-container gallery galleryid-336656 gallery-columns-3 gallery-size-thumbnail'><dl class='gallery-item'>\n\t\t\t\t<dt class='gallery-icon landscape'>\n\t\t\t\t\t<a class=\"rollover rollover-zoom dt-pswp-item\" title=\"5e67c14f-37a2-4689-9221-b70849013179\" data-dt-img-description=\"\" data-large_image_width=\"1600\" data-large_image_height=\"900\"href='https:\/\/www.radiopiu.net\/wordpress\/wp-content\/uploads\/2023\/05\/5e67c14f-37a2-4689-9221-b70849013179.jpg'><img loading=\"lazy\" decoding=\"async\" width=\"150\" height=\"150\" src=\"https:\/\/www.radiopiu.net\/wordpress\/wp-content\/uploads\/2023\/05\/5e67c14f-37a2-4689-9221-b70849013179-150x150.jpg\" class=\"attachment-thumbnail size-thumbnail\" alt=\"\" \/><\/a>\n\t\t\t\t<\/dt><\/dl><dl class='gallery-item'>\n\t\t\t\t<dt class='gallery-icon landscape'>\n\t\t\t\t\t<a class=\"rollover rollover-zoom dt-pswp-item\" title=\"cd97b709-e9f4-4d55-aec9-bd40bd668fb3\" data-dt-img-description=\"\" data-large_image_width=\"1600\" data-large_image_height=\"900\"href='https:\/\/www.radiopiu.net\/wordpress\/wp-content\/uploads\/2023\/05\/cd97b709-e9f4-4d55-aec9-bd40bd668fb3.jpg'><img loading=\"lazy\" decoding=\"async\" width=\"150\" height=\"150\" src=\"https:\/\/www.radiopiu.net\/wordpress\/wp-content\/uploads\/2023\/05\/cd97b709-e9f4-4d55-aec9-bd40bd668fb3-150x150.jpg\" class=\"attachment-thumbnail size-thumbnail\" alt=\"\" \/><\/a>\n\t\t\t\t<\/dt><\/dl><dl class='gallery-item'>\n\t\t\t\t<dt class='gallery-icon landscape'>\n\t\t\t\t\t<a class=\"rollover rollover-zoom dt-pswp-item\" title=\"55696414-a9a9-45b7-a26e-6de3710d64be\" data-dt-img-description=\"\" data-large_image_width=\"1600\" data-large_image_height=\"900\"href='https:\/\/www.radiopiu.net\/wordpress\/wp-content\/uploads\/2023\/05\/55696414-a9a9-45b7-a26e-6de3710d64be.jpg'><img loading=\"lazy\" decoding=\"async\" width=\"150\" height=\"150\" src=\"https:\/\/www.radiopiu.net\/wordpress\/wp-content\/uploads\/2023\/05\/55696414-a9a9-45b7-a26e-6de3710d64be-150x150.jpg\" class=\"attachment-thumbnail size-thumbnail\" alt=\"\" \/><\/a>\n\t\t\t\t<\/dt><\/dl><br style=\"clear: both\" \/>\n\t\t\t<\/div>\n\n<p><strong>LA DIRETTA RADIO PIU&#8217; &#8211; IERI SERA<\/strong><\/p>\n<p>https:\/\/www.facebook.com\/marco.baghy.1\/videos\/2447897142057277<\/p>\n<p>&nbsp;<\/p>\n<hr \/>\n<p>&nbsp;<\/p>\n<blockquote>\n<h3>ELETTA LA SEGRETERIA DELLA FP CGIL BELLUNO<\/h3>\n<\/blockquote>\n<p><strong><a class=\"dt-pswp-item\" href=\"https:\/\/www.radiopiu.net\/wordpress\/wp-content\/uploads\/2023\/05\/a1f9dd26-1f83-46a3-9988-34db2e28a6b5.jpg\" data-dt-img-description=\"\" data-large_image_width=\"2016\" data-large_image_height=\"1512\"><img loading=\"lazy\" decoding=\"async\" class=\" wp-image-336686 alignleft\" src=\"https:\/\/www.radiopiu.net\/wordpress\/wp-content\/uploads\/2023\/05\/a1f9dd26-1f83-46a3-9988-34db2e28a6b5-300x225.jpg\" alt=\"\" width=\"193\" height=\"145\" srcset=\"https:\/\/www.radiopiu.net\/wordpress\/wp-content\/uploads\/2023\/05\/a1f9dd26-1f83-46a3-9988-34db2e28a6b5-300x225.jpg 300w, https:\/\/www.radiopiu.net\/wordpress\/wp-content\/uploads\/2023\/05\/a1f9dd26-1f83-46a3-9988-34db2e28a6b5-1024x768.jpg 1024w, https:\/\/www.radiopiu.net\/wordpress\/wp-content\/uploads\/2023\/05\/a1f9dd26-1f83-46a3-9988-34db2e28a6b5-768x576.jpg 768w, https:\/\/www.radiopiu.net\/wordpress\/wp-content\/uploads\/2023\/05\/a1f9dd26-1f83-46a3-9988-34db2e28a6b5-1536x1152.jpg 1536w, https:\/\/www.radiopiu.net\/wordpress\/wp-content\/uploads\/2023\/05\/a1f9dd26-1f83-46a3-9988-34db2e28a6b5.jpg 2016w\" sizes=\"auto, (max-width: 193px) 100vw, 193px\" \/><\/a>BELLUNO<\/strong> Venerd\u00ec al Centro Congressi Giovanni XXIII di Belluno, \u00e8 stata eletta la segreteria della Fp CGIL di Belluno. Alla presenza del Segretario generale della Fp CGIL del Veneto, Ivan Bernini, e della Segretaria generale della Camera del lavoro di Belluno, Denise Casanova, Andrea Fiocco, Segretario generale della Fp CGIL di Belluno ha proposto una segreteria composta da 2 donne e 2 uomini: oltre allo stesso Fiocco, Lara Panata, delegata della sanit\u00e0 (Ulss), Caterina Casagrande, delegata del terzo settore (SerSA), e Marco Puricelli, delegato delle funzioni locali (Comune di Belluno).<br \/>\nL&#8217;assemblea generale ha eletto all&#8217;unanimit\u00e0 la segreteria. Nel suo discorso, Fiocco ha espresso la volont\u00e0 di comporre una segreteria molto coesa, con cui condividere le scelte importanti nella gestione della categoria. Nella discussione politica seguita alla relazione di Fiocco, centrata sulla stagione di mobilitazione dei sindacati confederali, sono emerse le criticit\u00e0 dei settori rappresentati. Denise Casanova ha offerto il supporto della Camera del lavoro ai colleghi della Funzione Pubblica, mentre Ivan Bernini ha fatto il punto della situazione sulla situazione politico-sindacale, facendo riferimento in particolare alla grande evidenza che hanno avuto le recenti manifestazioni di Bologna e Milano.<\/p>\n<p><em>(Nella foto, da sinistra, Marco Puricelli, Marco Giacchetti (presidente della Assemblea), Andrea Fiocco, Lara Panata, Ivan Bernini, Denise Casanova, Caterina Casagrande)<\/em><\/p>\n<p>&nbsp;<\/p>\n<p>&nbsp;<\/p>\n<hr \/>\n<p>&nbsp;<\/p>\n<blockquote>\n<h3>SICUREZZA IN MONTAGNA: IL PROGETTO CHE COINVOLGE IL SOCCORSO ALPINO VAL PETTORINA E I BAMBINI DELLA PRIMARIA DI ROCCA PIETORE<\/h3>\n<\/blockquote>\n<p><strong>ROCCA PIETORE<\/strong> Con l&#8217;uscita del 18 maggio si \u00e9 concluso il progetto &#8220;Sicurezza in montagna&#8221;, frutto della collaborazione tra la scuola primaria di Rocca Pietore e la stazione del soccorso alpino Val Pettorina. Gli alunni hanno sperimentato ancora una volta l&#8217;emozione dell&#8217;arrampicata in falesia, provando sia ad arrampicare in prima persona che a fare sicurezza al loro compagno. Sono stati istruiti sulle regole da seguire e sull&#8217;attrezzatura provando anche a piantare i chiodi nella roccia. Il tutto si \u00e9 concluso in allegria con dei giochi a squadre. Con questi progetti si gettano dei piccoli semi che ci si augura facciano crescere giovani legati al loro territorio, che si divertono responsabilmente e magari collaborano nel prezioso servizio delle associazioni di volontariato.<\/p>\n\n\t\t\t<style type='text\/css'>\n\t\t\t\t#gallery-5 {\n\t\t\t\t\tmargin: auto;\n\t\t\t\t}\n\t\t\t\t#gallery-5 .gallery-item {\n\t\t\t\t\tfloat: left;\n\t\t\t\t\tmargin-top: 10px;\n\t\t\t\t\ttext-align: center;\n\t\t\t\t\twidth: 25%;\n\t\t\t\t}\n\t\t\t\t#gallery-5 img {\n\t\t\t\t\tborder: 2px solid #cfcfcf;\n\t\t\t\t}\n\t\t\t\t#gallery-5 .gallery-caption {\n\t\t\t\t\tmargin-left: 0;\n\t\t\t\t}\n\t\t\t\t\/* see gallery_shortcode() in wp-includes\/media.php *\/\n\t\t\t<\/style>\n\t\t<div id='gallery-5' class='dt-gallery-container gallery galleryid-336656 gallery-columns-4 gallery-size-thumbnail'><dl class='gallery-item'>\n\t\t\t\t<dt class='gallery-icon landscape'>\n\t\t\t\t\t<a class=\"rollover rollover-zoom dt-pswp-item\" title=\"f29633a5-602c-49e3-b4e9-7b2e3885244b\" data-dt-img-description=\"\" data-large_image_width=\"1440\" data-large_image_height=\"1078\"href='https:\/\/www.radiopiu.net\/wordpress\/wp-content\/uploads\/2023\/05\/f29633a5-602c-49e3-b4e9-7b2e3885244b.jpg'><img loading=\"lazy\" decoding=\"async\" width=\"150\" height=\"150\" src=\"https:\/\/www.radiopiu.net\/wordpress\/wp-content\/uploads\/2023\/05\/f29633a5-602c-49e3-b4e9-7b2e3885244b-150x150.jpg\" class=\"attachment-thumbnail size-thumbnail\" alt=\"\" \/><\/a>\n\t\t\t\t<\/dt><\/dl><dl class='gallery-item'>\n\t\t\t\t<dt class='gallery-icon portrait'>\n\t\t\t\t\t<a class=\"rollover rollover-zoom dt-pswp-item\" title=\"572f8cdf-04cc-48d3-8edf-421dac613f9c\" data-dt-img-description=\"\" data-large_image_width=\"1197\" data-large_image_height=\"1600\"href='https:\/\/www.radiopiu.net\/wordpress\/wp-content\/uploads\/2023\/05\/572f8cdf-04cc-48d3-8edf-421dac613f9c.jpg'><img loading=\"lazy\" decoding=\"async\" width=\"150\" height=\"150\" src=\"https:\/\/www.radiopiu.net\/wordpress\/wp-content\/uploads\/2023\/05\/572f8cdf-04cc-48d3-8edf-421dac613f9c-150x150.jpg\" class=\"attachment-thumbnail size-thumbnail\" alt=\"\" \/><\/a>\n\t\t\t\t<\/dt><\/dl><dl class='gallery-item'>\n\t\t\t\t<dt class='gallery-icon portrait'>\n\t\t\t\t\t<a class=\"rollover rollover-zoom dt-pswp-item\" title=\"d5a8612a-af2b-46fc-93a9-a877aa53e1e1\" data-dt-img-description=\"\" data-large_image_width=\"1078\" data-large_image_height=\"1440\"href='https:\/\/www.radiopiu.net\/wordpress\/wp-content\/uploads\/2023\/05\/d5a8612a-af2b-46fc-93a9-a877aa53e1e1.jpg'><img loading=\"lazy\" decoding=\"async\" width=\"150\" height=\"150\" src=\"https:\/\/www.radiopiu.net\/wordpress\/wp-content\/uploads\/2023\/05\/d5a8612a-af2b-46fc-93a9-a877aa53e1e1-150x150.jpg\" class=\"attachment-thumbnail size-thumbnail\" alt=\"\" \/><\/a>\n\t\t\t\t<\/dt><\/dl><dl class='gallery-item'>\n\t\t\t\t<dt class='gallery-icon landscape'>\n\t\t\t\t\t<a class=\"rollover rollover-zoom dt-pswp-item\" title=\"1ada1ed0-9760-4594-886f-8b2e831c7abb\" data-dt-img-description=\"\" data-large_image_width=\"1440\" data-large_image_height=\"1078\"href='https:\/\/www.radiopiu.net\/wordpress\/wp-content\/uploads\/2023\/05\/1ada1ed0-9760-4594-886f-8b2e831c7abb.jpg'><img loading=\"lazy\" decoding=\"async\" width=\"150\" height=\"150\" src=\"https:\/\/www.radiopiu.net\/wordpress\/wp-content\/uploads\/2023\/05\/1ada1ed0-9760-4594-886f-8b2e831c7abb-150x150.jpg\" class=\"attachment-thumbnail size-thumbnail\" alt=\"\" \/><\/a>\n\t\t\t\t<\/dt><\/dl><br style=\"clear: both\" \/><dl class='gallery-item'>\n\t\t\t\t<dt class='gallery-icon landscape'>\n\t\t\t\t\t<a class=\"rollover rollover-zoom dt-pswp-item\" title=\"e382bb43-9bf6-49bd-8f7d-8c2e886867e3\" data-dt-img-description=\"\" data-large_image_width=\"1440\" data-large_image_height=\"1078\"href='https:\/\/www.radiopiu.net\/wordpress\/wp-content\/uploads\/2023\/05\/e382bb43-9bf6-49bd-8f7d-8c2e886867e3.jpg'><img loading=\"lazy\" decoding=\"async\" width=\"150\" height=\"150\" src=\"https:\/\/www.radiopiu.net\/wordpress\/wp-content\/uploads\/2023\/05\/e382bb43-9bf6-49bd-8f7d-8c2e886867e3-150x150.jpg\" class=\"attachment-thumbnail size-thumbnail\" alt=\"\" \/><\/a>\n\t\t\t\t<\/dt><\/dl><dl class='gallery-item'>\n\t\t\t\t<dt class='gallery-icon landscape'>\n\t\t\t\t\t<a class=\"rollover rollover-zoom dt-pswp-item\" title=\"2f5d553a-f750-45da-8250-f18c8bef3bd1\" data-dt-img-description=\"\" data-large_image_width=\"1440\" data-large_image_height=\"1078\"href='https:\/\/www.radiopiu.net\/wordpress\/wp-content\/uploads\/2023\/05\/2f5d553a-f750-45da-8250-f18c8bef3bd1.jpg'><img loading=\"lazy\" decoding=\"async\" width=\"150\" height=\"150\" src=\"https:\/\/www.radiopiu.net\/wordpress\/wp-content\/uploads\/2023\/05\/2f5d553a-f750-45da-8250-f18c8bef3bd1-150x150.jpg\" class=\"attachment-thumbnail size-thumbnail\" alt=\"\" \/><\/a>\n\t\t\t\t<\/dt><\/dl><dl class='gallery-item'>\n\t\t\t\t<dt class='gallery-icon portrait'>\n\t\t\t\t\t<a class=\"rollover rollover-zoom dt-pswp-item\" title=\"f321b474-a6a0-4c3e-81b3-620d7e940a81\" data-dt-img-description=\"\" data-large_image_width=\"1078\" data-large_image_height=\"1440\"href='https:\/\/www.radiopiu.net\/wordpress\/wp-content\/uploads\/2023\/05\/f321b474-a6a0-4c3e-81b3-620d7e940a81.jpg'><img loading=\"lazy\" decoding=\"async\" width=\"150\" height=\"150\" src=\"https:\/\/www.radiopiu.net\/wordpress\/wp-content\/uploads\/2023\/05\/f321b474-a6a0-4c3e-81b3-620d7e940a81-150x150.jpg\" class=\"attachment-thumbnail size-thumbnail\" alt=\"\" \/><\/a>\n\t\t\t\t<\/dt><\/dl><dl class='gallery-item'>\n\t\t\t\t<dt class='gallery-icon landscape'>\n\t\t\t\t\t<a class=\"rollover rollover-zoom dt-pswp-item\" title=\"15d2399d-8804-41f7-b4ac-5edd117c7a0b\" data-dt-img-description=\"\" data-large_image_width=\"1194\" data-large_image_height=\"1075\"href='https:\/\/www.radiopiu.net\/wordpress\/wp-content\/uploads\/2023\/05\/15d2399d-8804-41f7-b4ac-5edd117c7a0b.jpg'><img loading=\"lazy\" decoding=\"async\" width=\"150\" height=\"150\" src=\"https:\/\/www.radiopiu.net\/wordpress\/wp-content\/uploads\/2023\/05\/15d2399d-8804-41f7-b4ac-5edd117c7a0b-150x150.jpg\" class=\"attachment-thumbnail size-thumbnail\" alt=\"\" \/><\/a>\n\t\t\t\t<\/dt><\/dl><br style=\"clear: both\" \/>\n\t\t\t<\/div>\n\n<p>&nbsp;<\/p>\n<hr \/>\n<p>&nbsp;<\/p>\n<blockquote>\n<h3>AL PRA DE MELIA A GRON DI SOSPIROLO I 50 ANNI DELLA PRO LOCO MONTI DEL SOLE CON L&#8217;INAUGURAZIONE DELLA NUOVA SEDE<\/h3>\n<\/blockquote>\n<p><strong><a class=\"dt-pswp-item\" href=\"https:\/\/www.radiopiu.net\/wordpress\/wp-content\/uploads\/2023\/05\/cc66b552-9e36-46c4-a059-1f5f4e628ffd.jpg\" data-dt-img-description=\"\" data-large_image_width=\"1600\" data-large_image_height=\"1200\"><img loading=\"lazy\" decoding=\"async\" class=\" wp-image-336805 alignleft\" src=\"https:\/\/www.radiopiu.net\/wordpress\/wp-content\/uploads\/2023\/05\/cc66b552-9e36-46c4-a059-1f5f4e628ffd-300x225.jpg\" alt=\"\" width=\"161\" height=\"121\" srcset=\"https:\/\/www.radiopiu.net\/wordpress\/wp-content\/uploads\/2023\/05\/cc66b552-9e36-46c4-a059-1f5f4e628ffd-300x225.jpg 300w, https:\/\/www.radiopiu.net\/wordpress\/wp-content\/uploads\/2023\/05\/cc66b552-9e36-46c4-a059-1f5f4e628ffd-1024x768.jpg 1024w, https:\/\/www.radiopiu.net\/wordpress\/wp-content\/uploads\/2023\/05\/cc66b552-9e36-46c4-a059-1f5f4e628ffd-768x576.jpg 768w, https:\/\/www.radiopiu.net\/wordpress\/wp-content\/uploads\/2023\/05\/cc66b552-9e36-46c4-a059-1f5f4e628ffd-1536x1152.jpg 1536w, https:\/\/www.radiopiu.net\/wordpress\/wp-content\/uploads\/2023\/05\/cc66b552-9e36-46c4-a059-1f5f4e628ffd.jpg 1600w\" sizes=\"auto, (max-width: 161px) 100vw, 161px\" \/><\/a>SOSPIROLO\u00a0<\/strong>Celebrato, tra sabato e domenica, sotto il padiglione al Pr\u00e0 de la Melia di Gron, il cinquantesimo anniversario della Pro loco \u201cMonti del Sole\u201d di Sospirolo. Una festa per tutta la comunit\u00e0 cui hanno preso parte svariati collaboratori storici e non ma anche simpatizzanti e appassionati. Domenica mattina, prima la santa messa con la partecipazione del coro \u201cMonti del Sole\u201d celebrata da don Luciano e don Alvise, poi il momento celebrativo con i presidenti succedutosi negli anni: Luciano Trevisson, Francesco Bacchetti (per diversi anni), Sandro Fiorot, l&#8217;attuale Enzo Caviola. Poi i componenti storici come Giovanni Cadorin, vicepresidente nel &#8217;73 e ancora oggi in direttivo, i consiglieri Mario Sogne e Mauro Selle, il responsabile delle cucine Arturo Caldart.<\/p>\n<p><strong>di Roberto Bona<\/strong><\/p>\n<audio class=\"wp-audio-shortcode\" id=\"audio-336656-4\" preload=\"none\" style=\"width: 100%;\" controls=\"controls\"><source type=\"audio\/mpeg\" src=\"https:\/\/www.radiopiu.net\/wordpress\/wp-content\/uploads\/2023\/05\/PraDeLaMelia2.mp3?_=4\" \/><a href=\"https:\/\/www.radiopiu.net\/wordpress\/wp-content\/uploads\/2023\/05\/PraDeLaMelia2.mp3\">https:\/\/www.radiopiu.net\/wordpress\/wp-content\/uploads\/2023\/05\/PraDeLaMelia2.mp3<\/a><\/audio>\n\n\t\t\t<style type='text\/css'>\n\t\t\t\t#gallery-6 {\n\t\t\t\t\tmargin: auto;\n\t\t\t\t}\n\t\t\t\t#gallery-6 .gallery-item {\n\t\t\t\t\tfloat: left;\n\t\t\t\t\tmargin-top: 10px;\n\t\t\t\t\ttext-align: center;\n\t\t\t\t\twidth: 33%;\n\t\t\t\t}\n\t\t\t\t#gallery-6 img {\n\t\t\t\t\tborder: 2px solid #cfcfcf;\n\t\t\t\t}\n\t\t\t\t#gallery-6 .gallery-caption {\n\t\t\t\t\tmargin-left: 0;\n\t\t\t\t}\n\t\t\t\t\/* see gallery_shortcode() in wp-includes\/media.php *\/\n\t\t\t<\/style>\n\t\t<div id='gallery-6' class='dt-gallery-container gallery galleryid-336656 gallery-columns-3 gallery-size-medium'><dl class='gallery-item'>\n\t\t\t\t<dt class='gallery-icon landscape'>\n\t\t\t\t\t<a class=\"rollover rollover-zoom dt-pswp-item\" title=\"Autorita\u0300 e ex presidenti\" data-dt-img-description=\"\" data-large_image_width=\"2048\" data-large_image_height=\"1536\"href='https:\/\/www.radiopiu.net\/wordpress\/wp-content\/uploads\/2023\/05\/Autorita-e-ex-presidenti.jpg'><img loading=\"lazy\" decoding=\"async\" width=\"300\" height=\"225\" src=\"https:\/\/www.radiopiu.net\/wordpress\/wp-content\/uploads\/2023\/05\/Autorita-e-ex-presidenti-300x225.jpg\" class=\"attachment-medium size-medium\" alt=\"\" srcset=\"https:\/\/www.radiopiu.net\/wordpress\/wp-content\/uploads\/2023\/05\/Autorita-e-ex-presidenti-300x225.jpg 300w, https:\/\/www.radiopiu.net\/wordpress\/wp-content\/uploads\/2023\/05\/Autorita-e-ex-presidenti-1024x768.jpg 1024w, https:\/\/www.radiopiu.net\/wordpress\/wp-content\/uploads\/2023\/05\/Autorita-e-ex-presidenti-768x576.jpg 768w, https:\/\/www.radiopiu.net\/wordpress\/wp-content\/uploads\/2023\/05\/Autorita-e-ex-presidenti-1536x1152.jpg 1536w, https:\/\/www.radiopiu.net\/wordpress\/wp-content\/uploads\/2023\/05\/Autorita-e-ex-presidenti.jpg 2048w\" sizes=\"auto, (max-width: 300px) 100vw, 300px\" \/><\/a>\n\t\t\t\t<\/dt><\/dl><dl class='gallery-item'>\n\t\t\t\t<dt class='gallery-icon landscape'>\n\t\t\t\t\t<a class=\"rollover rollover-zoom dt-pswp-item\" title=\"Premiato il primo presidente Luciano Trevisson\" data-dt-img-description=\"\" data-large_image_width=\"2048\" data-large_image_height=\"1536\"href='https:\/\/www.radiopiu.net\/wordpress\/wp-content\/uploads\/2023\/05\/Premiato-il-primo-presidente-Luciano-Trevisson.jpg'><img loading=\"lazy\" decoding=\"async\" width=\"300\" height=\"225\" src=\"https:\/\/www.radiopiu.net\/wordpress\/wp-content\/uploads\/2023\/05\/Premiato-il-primo-presidente-Luciano-Trevisson-300x225.jpg\" class=\"attachment-medium size-medium\" alt=\"\" srcset=\"https:\/\/www.radiopiu.net\/wordpress\/wp-content\/uploads\/2023\/05\/Premiato-il-primo-presidente-Luciano-Trevisson-300x225.jpg 300w, https:\/\/www.radiopiu.net\/wordpress\/wp-content\/uploads\/2023\/05\/Premiato-il-primo-presidente-Luciano-Trevisson-1024x768.jpg 1024w, https:\/\/www.radiopiu.net\/wordpress\/wp-content\/uploads\/2023\/05\/Premiato-il-primo-presidente-Luciano-Trevisson-768x576.jpg 768w, https:\/\/www.radiopiu.net\/wordpress\/wp-content\/uploads\/2023\/05\/Premiato-il-primo-presidente-Luciano-Trevisson-1536x1152.jpg 1536w, https:\/\/www.radiopiu.net\/wordpress\/wp-content\/uploads\/2023\/05\/Premiato-il-primo-presidente-Luciano-Trevisson.jpg 2048w\" sizes=\"auto, (max-width: 300px) 100vw, 300px\" \/><\/a>\n\t\t\t\t<\/dt><\/dl><dl class='gallery-item'>\n\t\t\t\t<dt class='gallery-icon landscape'>\n\t\t\t\t\t<a class=\"rollover rollover-zoom dt-pswp-item\" title=\"Scambio di doni tra Pro loco e Unpli regionale\" data-dt-img-description=\"\" data-large_image_width=\"2048\" data-large_image_height=\"1536\"href='https:\/\/www.radiopiu.net\/wordpress\/wp-content\/uploads\/2023\/05\/Scambio-di-doni-tra-Pro-loco-e-Unpli-regionale.jpg'><img loading=\"lazy\" decoding=\"async\" width=\"300\" height=\"225\" src=\"https:\/\/www.radiopiu.net\/wordpress\/wp-content\/uploads\/2023\/05\/Scambio-di-doni-tra-Pro-loco-e-Unpli-regionale-300x225.jpg\" class=\"attachment-medium size-medium\" alt=\"\" srcset=\"https:\/\/www.radiopiu.net\/wordpress\/wp-content\/uploads\/2023\/05\/Scambio-di-doni-tra-Pro-loco-e-Unpli-regionale-300x225.jpg 300w, https:\/\/www.radiopiu.net\/wordpress\/wp-content\/uploads\/2023\/05\/Scambio-di-doni-tra-Pro-loco-e-Unpli-regionale-1024x768.jpg 1024w, https:\/\/www.radiopiu.net\/wordpress\/wp-content\/uploads\/2023\/05\/Scambio-di-doni-tra-Pro-loco-e-Unpli-regionale-768x576.jpg 768w, https:\/\/www.radiopiu.net\/wordpress\/wp-content\/uploads\/2023\/05\/Scambio-di-doni-tra-Pro-loco-e-Unpli-regionale-1536x1152.jpg 1536w, https:\/\/www.radiopiu.net\/wordpress\/wp-content\/uploads\/2023\/05\/Scambio-di-doni-tra-Pro-loco-e-Unpli-regionale.jpg 2048w\" sizes=\"auto, (max-width: 300px) 100vw, 300px\" \/><\/a>\n\t\t\t\t<\/dt><\/dl><br style=\"clear: both\" \/>\n\t\t\t<\/div>\n\n<p>&nbsp;<\/p>\n<hr \/>\n<p>&nbsp;<\/p>\n<blockquote>\n<h3>CERAMICA DOLOMITE APRE LE PORTE AI DIPENDENTI E FAMIGLIARI<\/h3>\n<\/blockquote>\n<p><strong>BORGO VALBELLUNA <\/strong>Una rinascita che ha molti volti, ma soprattutto quello dei lavoratori che, con la loro dedizione e le loro competenze, hanno contribuito e stanno contribuendo a scrivere una nuova pagina della storia di Ceramica Dolomite, l\u2019azienda bellunese specializzata nella produzione di ceramiche sanitarie Made in Italy che proprio un anno fa ha iniziato il suo percorso di rilancio e riposizionamento sul mercato. Per questo l\u2019azienda ha voluto dedicare a dipendenti, ex dipendenti e alle loro famiglie \u201cUna Giornata Assieme\u201d, un momento di festa, condivisione e ringraziamento che si \u00e8 svolto sabato allo stabilimento di Borgo Valbelluna, la fabbrica tornata operativa un anno fa dopo un periodo di crisi industriale, quando, insieme al marchio Ceramica Dolomite, \u00e8 stata rilevata da una cordata di imprenditori formata da quattro soci, espressione della migliore imprenditoria del Nord-Est, assieme ad Invitalia.<\/p>\n\n\t\t\t<style type='text\/css'>\n\t\t\t\t#gallery-7 {\n\t\t\t\t\tmargin: auto;\n\t\t\t\t}\n\t\t\t\t#gallery-7 .gallery-item {\n\t\t\t\t\tfloat: left;\n\t\t\t\t\tmargin-top: 10px;\n\t\t\t\t\ttext-align: center;\n\t\t\t\t\twidth: 25%;\n\t\t\t\t}\n\t\t\t\t#gallery-7 img {\n\t\t\t\t\tborder: 2px solid #cfcfcf;\n\t\t\t\t}\n\t\t\t\t#gallery-7 .gallery-caption {\n\t\t\t\t\tmargin-left: 0;\n\t\t\t\t}\n\t\t\t\t\/* see gallery_shortcode() in wp-includes\/media.php *\/\n\t\t\t<\/style>\n\t\t<div id='gallery-7' class='dt-gallery-container gallery galleryid-336656 gallery-columns-4 gallery-size-medium'><dl class='gallery-item'>\n\t\t\t\t<dt class='gallery-icon landscape'>\n\t\t\t\t\t<a class=\"rollover rollover-zoom dt-pswp-item\" title=\"Una Giornata Assieme 1\" data-dt-img-description=\"\" data-large_image_width=\"1737\" data-large_image_height=\"1158\"href='https:\/\/www.radiopiu.net\/wordpress\/wp-content\/uploads\/2023\/05\/Una-Giornata-Assieme-1.jpg'><img loading=\"lazy\" decoding=\"async\" width=\"300\" height=\"200\" src=\"https:\/\/www.radiopiu.net\/wordpress\/wp-content\/uploads\/2023\/05\/Una-Giornata-Assieme-1-300x200.jpg\" class=\"attachment-medium size-medium\" alt=\"\" srcset=\"https:\/\/www.radiopiu.net\/wordpress\/wp-content\/uploads\/2023\/05\/Una-Giornata-Assieme-1-300x200.jpg 300w, https:\/\/www.radiopiu.net\/wordpress\/wp-content\/uploads\/2023\/05\/Una-Giornata-Assieme-1-1024x683.jpg 1024w, https:\/\/www.radiopiu.net\/wordpress\/wp-content\/uploads\/2023\/05\/Una-Giornata-Assieme-1-768x512.jpg 768w, https:\/\/www.radiopiu.net\/wordpress\/wp-content\/uploads\/2023\/05\/Una-Giornata-Assieme-1-1536x1024.jpg 1536w, https:\/\/www.radiopiu.net\/wordpress\/wp-content\/uploads\/2023\/05\/Una-Giornata-Assieme-1.jpg 1737w\" sizes=\"auto, (max-width: 300px) 100vw, 300px\" \/><\/a>\n\t\t\t\t<\/dt><\/dl><dl class='gallery-item'>\n\t\t\t\t<dt class='gallery-icon landscape'>\n\t\t\t\t\t<a class=\"rollover rollover-zoom dt-pswp-item\" title=\"Una Giornata Assieme 4\" data-dt-img-description=\"\" data-large_image_width=\"1717\" data-large_image_height=\"1144\"href='https:\/\/www.radiopiu.net\/wordpress\/wp-content\/uploads\/2023\/05\/Una-Giornata-Assieme-4.jpg'><img loading=\"lazy\" decoding=\"async\" width=\"300\" height=\"200\" src=\"https:\/\/www.radiopiu.net\/wordpress\/wp-content\/uploads\/2023\/05\/Una-Giornata-Assieme-4-300x200.jpg\" class=\"attachment-medium size-medium\" alt=\"\" srcset=\"https:\/\/www.radiopiu.net\/wordpress\/wp-content\/uploads\/2023\/05\/Una-Giornata-Assieme-4-300x200.jpg 300w, https:\/\/www.radiopiu.net\/wordpress\/wp-content\/uploads\/2023\/05\/Una-Giornata-Assieme-4-1024x682.jpg 1024w, https:\/\/www.radiopiu.net\/wordpress\/wp-content\/uploads\/2023\/05\/Una-Giornata-Assieme-4-768x512.jpg 768w, https:\/\/www.radiopiu.net\/wordpress\/wp-content\/uploads\/2023\/05\/Una-Giornata-Assieme-4-1536x1023.jpg 1536w, https:\/\/www.radiopiu.net\/wordpress\/wp-content\/uploads\/2023\/05\/Una-Giornata-Assieme-4.jpg 1717w\" sizes=\"auto, (max-width: 300px) 100vw, 300px\" \/><\/a>\n\t\t\t\t<\/dt><\/dl><dl class='gallery-item'>\n\t\t\t\t<dt class='gallery-icon landscape'>\n\t\t\t\t\t<a class=\"rollover rollover-zoom dt-pswp-item\" title=\"Una Giornata Assieme 6\" data-dt-img-description=\"\" data-large_image_width=\"1704\" data-large_image_height=\"1136\"href='https:\/\/www.radiopiu.net\/wordpress\/wp-content\/uploads\/2023\/05\/Una-Giornata-Assieme-6.jpg'><img loading=\"lazy\" decoding=\"async\" width=\"300\" height=\"200\" src=\"https:\/\/www.radiopiu.net\/wordpress\/wp-content\/uploads\/2023\/05\/Una-Giornata-Assieme-6-300x200.jpg\" class=\"attachment-medium size-medium\" alt=\"\" srcset=\"https:\/\/www.radiopiu.net\/wordpress\/wp-content\/uploads\/2023\/05\/Una-Giornata-Assieme-6-300x200.jpg 300w, https:\/\/www.radiopiu.net\/wordpress\/wp-content\/uploads\/2023\/05\/Una-Giornata-Assieme-6-1024x683.jpg 1024w, https:\/\/www.radiopiu.net\/wordpress\/wp-content\/uploads\/2023\/05\/Una-Giornata-Assieme-6-768x512.jpg 768w, https:\/\/www.radiopiu.net\/wordpress\/wp-content\/uploads\/2023\/05\/Una-Giornata-Assieme-6-1536x1024.jpg 1536w, https:\/\/www.radiopiu.net\/wordpress\/wp-content\/uploads\/2023\/05\/Una-Giornata-Assieme-6.jpg 1704w\" sizes=\"auto, (max-width: 300px) 100vw, 300px\" \/><\/a>\n\t\t\t\t<\/dt><\/dl><dl class='gallery-item'>\n\t\t\t\t<dt class='gallery-icon landscape'>\n\t\t\t\t\t<a class=\"rollover rollover-zoom dt-pswp-item\" title=\"Una Giornata Assieme 7_autorita\u0300 e management\" data-dt-img-description=\"\" data-large_image_width=\"1759\" data-large_image_height=\"1173\"href='https:\/\/www.radiopiu.net\/wordpress\/wp-content\/uploads\/2023\/05\/Una-Giornata-Assieme-7_autorita-e-management.jpg'><img loading=\"lazy\" decoding=\"async\" width=\"300\" height=\"200\" src=\"https:\/\/www.radiopiu.net\/wordpress\/wp-content\/uploads\/2023\/05\/Una-Giornata-Assieme-7_autorita-e-management-300x200.jpg\" class=\"attachment-medium size-medium\" alt=\"\" srcset=\"https:\/\/www.radiopiu.net\/wordpress\/wp-content\/uploads\/2023\/05\/Una-Giornata-Assieme-7_autorita-e-management-300x200.jpg 300w, https:\/\/www.radiopiu.net\/wordpress\/wp-content\/uploads\/2023\/05\/Una-Giornata-Assieme-7_autorita-e-management-1024x683.jpg 1024w, https:\/\/www.radiopiu.net\/wordpress\/wp-content\/uploads\/2023\/05\/Una-Giornata-Assieme-7_autorita-e-management-768x512.jpg 768w, https:\/\/www.radiopiu.net\/wordpress\/wp-content\/uploads\/2023\/05\/Una-Giornata-Assieme-7_autorita-e-management-1536x1024.jpg 1536w, https:\/\/www.radiopiu.net\/wordpress\/wp-content\/uploads\/2023\/05\/Una-Giornata-Assieme-7_autorita-e-management.jpg 1759w\" sizes=\"auto, (max-width: 300px) 100vw, 300px\" \/><\/a>\n\t\t\t\t<\/dt><\/dl><br style=\"clear: both\" \/>\n\t\t\t<\/div>\n\n<p>&nbsp;<\/p>\n<p>&nbsp;<\/p>\n<hr \/>\n<p>&nbsp;<\/p>\n<blockquote>\n<h3>OLTRE 200 PERSONE CONIVOLTE NEGLI INCONTRI CON IL COMUNE DI PONTE NELLE ALPI<\/h3>\n<\/blockquote>\n<p><strong><a class=\"dt-pswp-item\" href=\"https:\/\/www.radiopiu.net\/wordpress\/wp-content\/uploads\/2023\/04\/Municipio_di_Ponte_nelle_Alpi-1.jpg\" data-dt-img-description=\"\" data-large_image_width=\"1024\" data-large_image_height=\"768\"><img loading=\"lazy\" decoding=\"async\" class=\" wp-image-331602 alignleft\" src=\"https:\/\/www.radiopiu.net\/wordpress\/wp-content\/uploads\/2023\/04\/Municipio_di_Ponte_nelle_Alpi-1-300x225.jpg\" alt=\"\" width=\"164\" height=\"123\" srcset=\"https:\/\/www.radiopiu.net\/wordpress\/wp-content\/uploads\/2023\/04\/Municipio_di_Ponte_nelle_Alpi-1-300x225.jpg 300w, https:\/\/www.radiopiu.net\/wordpress\/wp-content\/uploads\/2023\/04\/Municipio_di_Ponte_nelle_Alpi-1-768x576.jpg 768w, https:\/\/www.radiopiu.net\/wordpress\/wp-content\/uploads\/2023\/04\/Municipio_di_Ponte_nelle_Alpi-1.jpg 1024w\" sizes=\"auto, (max-width: 164px) 100vw, 164px\" \/><\/a>PONTE NELLE ALPI <\/strong>Gli incontri nelle frazioni per spiegare il Piano degli Interventi Urbanistici ed Edilizi si sono conclusi con un\u2019ottima partecipazione: basti pensare che 200 persone hanno aderito all\u2019iniziativa. Valorizzazione delle frazioni, rispetto ambientale, zone agricole, nuova residenzialit\u00e0: queste le tematiche principali emerse dal percorso condiviso con la cittadinanza per l\u2019adozione del Piano degli Interventi, all\u2019interno di un tour che ha toccato tutte le aree del comune e definito gli aspetti del Pat (Piano di Assetto Territoriale).<span class=\"gmail-Apple-converted-space\"> \u00a0<\/span>Una casa da riqualificare, un\u2019area che \u00e8 possibile trasformare da agricola a residenziale e viceversa, una lottizzazione ferma e che pu\u00f2 ripartire, una zona dismessa che \u00e8 possibile riqualificare: sono molteplici le possibilit\u00e0 di questo nuovo strumento urbanistico che molti cittadini di Ponte nelle Alpi pensano di utilizzare. I cittadini hanno tempo fino al 6 giugno per presentare domande da inserire nel Piano, attraverso l\u2019apposito modulo, scaricabile dal sito del comune.<\/p>\n<p>&nbsp;<\/p>\n<p>&nbsp;<\/p>\n<hr \/>\n<p>&nbsp;<\/p>\n<blockquote>\n<h3>OTTO PUNTI DA DISCUTERE NEL CONSIGLIO COMUNALE DI VOLTAGO<\/h3>\n<\/blockquote>\n<p><strong>VOLTAGO <\/strong>Il sindaco di Voltago Giuseppe Schena ha convocato il consiglio comunale per oggi alle 18. Saranno otto i punti da trattare con i consiglieri comunali. Tra questi l&#8217;approvazione del rendiconto della gestione di esercizio 2022, una variazione a bilancio, la concessione a titolo gratuito di immobili comunali destinati ad ecocentro, il recesso del comune di Voltago come socio della Casa di Soggiorno di Taibon e la fusione tra Bim GSP e Bim Infrastrutture.<\/p>\n<p>&nbsp;<\/p>\n<hr \/>\n<p>&nbsp;<\/p>\n<blockquote>\n<h3>CONVENZIONE PER IL SEGRETARIO A SCAVALCO<\/h3>\n<\/blockquote>\n<p><strong>TAIBON<\/strong> Oggi alle 20 consiglio comunale convocato dal sindaco Silvia Tormen, all&#8217;ordine del giorno al convenzione per la gestione in forma associata della segreteria comunale tra Miane e Taibon; variazione al bilancio e comunicazioni del sindaco.<\/p>\n<p>&nbsp;<\/p>\n<p>&nbsp;<\/p>\n<hr \/>\n<p>&nbsp;<\/p>\n<blockquote>\n<h3><a class=\"dt-pswp-item\" href=\"https:\/\/www.radiopiu.net\/wordpress\/wp-content\/uploads\/2022\/11\/CENCENIGHE-NOF-FILO.png\" data-dt-img-description=\"\" data-large_image_width=\"1494\" data-large_image_height=\"962\"><img loading=\"lazy\" decoding=\"async\" class=\"wp-image-308445 alignleft\" src=\"https:\/\/www.radiopiu.net\/wordpress\/wp-content\/uploads\/2022\/11\/CENCENIGHE-NOF-FILO-300x193.png\" alt=\"\" width=\"180\" height=\"116\" srcset=\"https:\/\/www.radiopiu.net\/wordpress\/wp-content\/uploads\/2022\/11\/CENCENIGHE-NOF-FILO-300x193.png 300w, https:\/\/www.radiopiu.net\/wordpress\/wp-content\/uploads\/2022\/11\/CENCENIGHE-NOF-FILO-1024x659.png 1024w, https:\/\/www.radiopiu.net\/wordpress\/wp-content\/uploads\/2022\/11\/CENCENIGHE-NOF-FILO-768x495.png 768w, https:\/\/www.radiopiu.net\/wordpress\/wp-content\/uploads\/2022\/11\/CENCENIGHE-NOF-FILO.png 1494w\" sizes=\"auto, (max-width: 180px) 100vw, 180px\" \/><\/a>IL GIURAMENTO DEL SINDACO<\/h3>\n<\/blockquote>\n<p><strong>CENCENIGHE<\/strong> Non ha perso tempo il sindaco uscente Mauro Soppelsa, ha gi\u00e0 scelto la data e convocato i consiglieri per il primo consiglio di legislatura. E&#8217; in programma per martedi 23 maggio in Municipio. Oltre al giuramento del sindaco, presentazione delle linee programmatiche e nomina delle commissioni i consiglieri daranno seguito ai lavori gi\u00e0 avviati\u00a0 come il\u00a0 recesso del Comune dalla Casa di Soggiorno di Taibon.<\/p>\n<p>&nbsp;<\/p>\n<hr \/>\n<p>&nbsp;<\/p>\n<blockquote>\n<h3>ASPETTANDO IL GIRO D&#8217;ITALIA CON L&#8217;ULSS 1 DOLOMITI E STEFANO GASPERIN, DIRETTORE DEL PRONTO SOCCORSO DI AGORDO<\/h3>\n<\/blockquote>\n<p><strong>BELLUNO <\/strong>Ecco il benvenuto al <span class=\"xt0psk2\">Giro d&#8217;Italia<\/span> del direttore del Pronto Soccorso di Agordo Stefano Gasperin, qui in veste di ciclista.<\/p>\n<div style=\"width: 848px;\" class=\"wp-video\"><video class=\"wp-video-shortcode\" id=\"video-336656-1\" width=\"848\" height=\"480\" preload=\"metadata\" controls=\"controls\"><source type=\"video\/mp4\" src=\"https:\/\/www.radiopiu.net\/wordpress\/wp-content\/uploads\/2023\/05\/WhatsApp-Video-2023-05-15-at-17.08.25.mp4?_=1\" \/><a href=\"https:\/\/www.radiopiu.net\/wordpress\/wp-content\/uploads\/2023\/05\/WhatsApp-Video-2023-05-15-at-17.08.25.mp4\">https:\/\/www.radiopiu.net\/wordpress\/wp-content\/uploads\/2023\/05\/WhatsApp-Video-2023-05-15-at-17.08.25.mp4<\/a><\/video><\/div>\n<p>&nbsp;<\/p>\n<blockquote>\n<h3>ASPETTANDO IL GIRO D&#8217;ITALIA CON L&#8217;ULSS 1 DOLOMITI E FRANCESCO MINNITI, DIRETTORE DEL REPARTO MEDICINA DI AGORDO<\/h3>\n<\/blockquote>\n<p><strong>BELLUNO<\/strong> Francesco Minniti, direttore della Medicina di Agordo, territorio che tra pochi giorni accoglier\u00e0 il <span class=\"xt0psk2\">Giro d&#8217;Italia<\/span>, ci spiega perch\u00e9 fa bene andare in bici: la bici aiuta a superare le fragilit\u00e0 fisiche e mentali.<\/p>\n<div style=\"width: 848px;\" class=\"wp-video\"><video class=\"wp-video-shortcode\" id=\"video-336656-2\" width=\"848\" height=\"480\" preload=\"metadata\" controls=\"controls\"><source type=\"video\/mp4\" src=\"https:\/\/www.radiopiu.net\/wordpress\/wp-content\/uploads\/2023\/05\/WhatsApp-Video-2023-05-18-at-15.18.26.mp4?_=2\" \/><a href=\"https:\/\/www.radiopiu.net\/wordpress\/wp-content\/uploads\/2023\/05\/WhatsApp-Video-2023-05-18-at-15.18.26.mp4\">https:\/\/www.radiopiu.net\/wordpress\/wp-content\/uploads\/2023\/05\/WhatsApp-Video-2023-05-18-at-15.18.26.mp4<\/a><\/video><\/div>\n<p>&nbsp;<\/p>\n<hr \/>\n<p>&nbsp;<\/p>\n<blockquote>\n<h3>L\u2019INFLAZIONE ERODE IL POTERE D\u2019ACQUISTO DEI PENSIONATI VENETI. PER AFFRONTARE I RINCARI SERVONO IN MEDIA 115 EURO IN PIU&#8217; AL MESE<\/h3>\n<\/blockquote>\n<p><strong><a class=\"dt-pswp-item\" href=\"https:\/\/www.radiopiu.net\/wordpress\/wp-content\/uploads\/2023\/02\/SPI-CGIL.png\" data-dt-img-description=\"\" data-large_image_width=\"278\" data-large_image_height=\"244\"><img loading=\"lazy\" decoding=\"async\" class=\" wp-image-322694 alignleft\" src=\"https:\/\/www.radiopiu.net\/wordpress\/wp-content\/uploads\/2023\/02\/SPI-CGIL.png\" alt=\"\" width=\"147\" height=\"129\" \/><\/a>VENEZIA <\/strong>La rivalutazione insufficiente, l\u2019inflazione che continua a mordere, il (finora) mancato innalzamento delle pensioni minime. A causa di questo pericoloso mix di elementi, i pensionati veneti continuano a perdere potere d\u2019acquisto in particolare sul carrello della spesa, che rincara con percentuali a doppia cifra. L\u2019analisi dello Spi Cgil regionale parte dagli ultimi dati Inps sulle pensioni private (anno 2023) e li mette in relazione all\u2019inflazione registrata nel 2022 in Veneto (+8,1% sul 2021) e a quella del 2023, che viaggia attorno al 5% (con punte superiori al 10% sui prodotti alimentari). L\u2019inflazione morde. Lo studio del sindacato dei pensionati evidenzia il divario fra l\u2019aumento delle pensioni legato principalmente alla rivalutazione e l\u2019incremento dei prezzi che pure quest\u2019anno morde i bilanci delle famiglie venete. Cos\u00ec &#8211; secondo le elaborazioni dello Spi Cgil sui dati Istat &#8211; nella nostra regione la spesa media mensile di un ultra65enne \u00e8 passata dai 1.380 euro del 2021 ai 1.490 euro del 2022 con un aumento di 110 euro. Nel 2023, con una inflazione attorno al 5%, il conto per le famiglie \u00e8 aumentato mediamente di altri 70 euro, attestandosi a circa 1.566 euro. Insomma, a partire da quest\u2019anno gli \u201canziani\u201d veneti stanno sborsando in media 180 euro in pi\u00f9 al mese in confronto al 2021, quando i rincari si aggiravano attorno all\u20191%. Le pensioni nel 2023. A questo punto il ragionamento si sposta sulle pensioni e sulla rivalutazione grazie agli ultimi dati Inps. Il valore medio delle pensioni private in Veneto (esclusi i centesimi) \u00e8 passato dai 1.025 euro lordi mensili del 2022 ai 1.090 euro attuali, con una crescita assoluta di circa 65 euro e un aumento percentuale di poco superiore al 6%. Ovviamente fra uomini e donne le differenze di reddito sono evidenti. Ai maschi arrivano assegni previdenziali medi di circa 1.460 euro lordi (pi\u00f9 74 euro rispetto al 2022) mentre le donne si debbono \u201caccontentare\u201d della met\u00e0, 782 euro lordi mensili (pi\u00f9 55 euro in confronto all\u2019anno passato). Crollo del potere d\u2019acquisto. Il risultato dell\u2019indagine \u00e8 evidente e testimonia come il potere d\u2019acquisto degli anziani non risulti tutelato neppure dall\u2019adeguamento delle pensioni all\u2019inflazione. Come detto, la rivalutazione ha portato in dote ai pensionati veneti circa 65 euro mensili lordi in pi\u00f9 al mese ma a partire da gennaio 2023 i pensionati ne stanno sborsando 180 euro in pi\u00f9 rispetto a una identica spesa effettuata nel 2021 con un esborso medio di 1.566 euro. All\u2019appello mancano dunque 115 euro al mese.<\/p>\n<p>&nbsp;<\/p>\n<p>&nbsp;<\/p>\n<hr \/>\n<p>&nbsp;<\/p>\n<blockquote>\n<h3>ANCHE IN VENETO L\u2019EVASIONE CALA<\/h3>\n<\/blockquote>\n<p><a class=\"dt-pswp-item\" href=\"https:\/\/www.radiopiu.net\/wordpress\/wp-content\/uploads\/2023\/05\/Schermata-2023-05-20-alle-09.41.43.png\" data-dt-img-description=\"\" data-large_image_width=\"788\" data-large_image_height=\"796\"><img loading=\"lazy\" decoding=\"async\" class=\"size-medium wp-image-336679 alignleft\" src=\"https:\/\/www.radiopiu.net\/wordpress\/wp-content\/uploads\/2023\/05\/Schermata-2023-05-20-alle-09.41.43-297x300.png\" alt=\"\" width=\"297\" height=\"300\" srcset=\"https:\/\/www.radiopiu.net\/wordpress\/wp-content\/uploads\/2023\/05\/Schermata-2023-05-20-alle-09.41.43-297x300.png 297w, https:\/\/www.radiopiu.net\/wordpress\/wp-content\/uploads\/2023\/05\/Schermata-2023-05-20-alle-09.41.43-768x776.png 768w, https:\/\/www.radiopiu.net\/wordpress\/wp-content\/uploads\/2023\/05\/Schermata-2023-05-20-alle-09.41.43.png 788w\" sizes=\"auto, (max-width: 297px) 100vw, 297px\" \/><\/a>Tra il 2014 e il 2020 (ultimo anno in cui i dati sono disponibili), la stima dell\u2019evasione fiscale in Veneto \u00e8 diminuita di 2,2 miliardi di euro (-23,7 per cento). Sebbene il 2020 sia stato un anno molto particolare a causa della pandemia, in questi 6 anni il tax gap nella nostra regione stimato dall\u2019Ufficio studi della CGIA \u00e8 sceso da 9,36 a 7,15 miliardi di euro (vedi Tab. 1).<\/p>\n<p>E sebbene in Veneto l\u2019evasione abbia una dimensione tra le pi\u00f9 contenute d\u2019Italia, l\u2019Amministrazione finanziaria \u00e8 comunque riuscita a imboccare la strada giusta per combattere efficacemente questa piaga sociale ed economica. Tra la compliance fiscale, lo split payment, la fatturazione elettronica e l\u2019invio telematico dei corrispettivi, una serie di contribuenti \u2013 tra cui gli evasori incalliti, chi riceveva i pagamenti dallo Stato per un servizio o una prestazione lavorativa resa e poi non versava l\u2019Iva e, infine, i professionisti delle cosiddette \u201cfrodi carosello\u201d &#8211; sono stati indotti a ravvedersi. Non solo; anche il leggero calo della pressione fiscale registrato in questi ultimi anni ha sicuramente avuto un effetto positivo sul fronte delle entrate. Sebbene sia ancora del tutto insufficiente, la contrazione del carico fiscale ha contribuito, in parte, a ridurre l\u2019evasione, soprattutto quella che in gergo viene chiamata di \u201csopravvivenza\u201d. Purtroppo, chi \u00e8 completamente sconosciuto al fisco continua imperterrito a farla franca, cos\u00ec come le organizzazioni criminali di stampo mafioso che sempre con maggior dedizione seguitano a coltivare i propri traffici illegali. Poco \u201csensibili\u201d alla fedelt\u00e0 fiscale lo sono anche quelle multinazionali e i giganti del web che, anche in Veneto, realizzano profitti milionari, ma la stragrande maggioranza delle imposte le versano nei paesi a elevata fiscalit\u00e0 di vantaggio.<\/p>\n<p><strong>Evasione: a rischio \u00e8 in particolar modo il Sud.<\/strong><br \/>\nI contribuenti veneti sono tra i pi\u00f9 fedeli al fisco<br \/>\nNel 2020 il peso dell\u2019economia non osservata sul valore aggiunto nazionale (Pil) era all\u2019 11,6 per cento, pari a 174,6 miliardi di euro. Nelle varie aree del Paese, il sommerso economico ha una diversa incidenza sulla ricchezza prodotta: il 9,2 per cento a Nordovest, il 9,8 per cento a Nordest, sale al 12 per cento al Centro e raggiunge il 16,8 per cento nel Mezzogiorno. Specularmente, per ogni regione il mancato gettito tributario e contributivo che, invece, si aggira attorno ai 90 miliardi di euro. In altre parole \u00e8 come se, a livello nazionale, a fronte di ogni 100 euro di gettito incassato ne venissero evasi 13,2. Nel Nordovest, l\u2019Ufficio studi della CGIA stima che l\u2019ammontare totale del gettito evaso sia pari a 23,4 miliardi di euro; pertanto, ogni 100 euro incassati se ne perdono 10,3, nel Nordest 11,1 (17,6 miliardi di gettito eroso dagli evasori), al Centro 13,6 (19,8 miliardi di gettito perso) e nel Mezzogiorno 19 (29,1 miliardi di gettito perso).<br \/>\nA livello regionale, infine, la situazione pi\u00f9 critica la scorgiamo nel Sud: nella classifica di euro evasi ogni 100 euro incassati, in Puglia se ne \u201cperdono\u201d 19,2 euro, in Campania 20 e in Calabria 21,3. Si tratta di cifre doppie rispetto a quelle che si registrano nelle regioni meno interessate dal fenomeno evasivo: Veneto (11,4 euro), Friuli Venezia Giulia (10,6 euro), Provincia di Trento (10,2 euro) e Lombardia (9,5 euro). Il territorio nazionale pi\u00f9 fedele al fisco \u00e8 la Provincia di Bolzano che presenta un\u2019evasione di 9,3 euro ogni 100 incassati (vedi Tab. 2).<\/p>\n<p><strong><a class=\"dt-pswp-item\" href=\"https:\/\/www.radiopiu.net\/wordpress\/wp-content\/uploads\/2023\/05\/Schermata-2023-05-20-alle-09.42.20.png\" data-dt-img-description=\"\" data-large_image_width=\"946\" data-large_image_height=\"1566\"><img loading=\"lazy\" decoding=\"async\" class=\"size-medium wp-image-336678 alignleft\" src=\"https:\/\/www.radiopiu.net\/wordpress\/wp-content\/uploads\/2023\/05\/Schermata-2023-05-20-alle-09.42.20-181x300.png\" alt=\"\" width=\"181\" height=\"300\" srcset=\"https:\/\/www.radiopiu.net\/wordpress\/wp-content\/uploads\/2023\/05\/Schermata-2023-05-20-alle-09.42.20-181x300.png 181w, https:\/\/www.radiopiu.net\/wordpress\/wp-content\/uploads\/2023\/05\/Schermata-2023-05-20-alle-09.42.20-619x1024.png 619w, https:\/\/www.radiopiu.net\/wordpress\/wp-content\/uploads\/2023\/05\/Schermata-2023-05-20-alle-09.42.20-768x1271.png 768w, https:\/\/www.radiopiu.net\/wordpress\/wp-content\/uploads\/2023\/05\/Schermata-2023-05-20-alle-09.42.20-928x1536.png 928w, https:\/\/www.radiopiu.net\/wordpress\/wp-content\/uploads\/2023\/05\/Schermata-2023-05-20-alle-09.42.20.png 946w\" sizes=\"auto, (max-width: 181px) 100vw, 181px\" \/><\/a>Ora bisogna tagliare le tasse<\/strong><\/p>\n<p>Se riusciremo a contrastare con maggiore incisivit\u00e0 l\u2019economia sommersa, faremo pagare le tasse alle multinazionali del web e ai colossi dell\u2019e-commerce presenti nel nostro Paese, riusciremo a incrociare in maniera efficace le 161 banche dati fiscali che possiede la nostra Amministrazione finanziaria e, infine, assisteremo a una seria riforma del fisco che tagli strutturalmente il peso del fisco su tutti i contribuenti, non \u00e8 da escludere che nel giro dei prossimi 4\/5 anni l\u2019evasione fiscale presente in Italia potrebbe addirittura ridursi della met\u00e0, allineandosi cos\u00ec al dato medio europeo.<\/p>\n<p><strong>Irpef: gli autonomi pagano di pi\u00f9 dei dipendenti<\/strong><\/p>\n<p>In queste ultime settimane, in particolar modo da parte della CGIL e della UIL, si sostiene che l\u2019imposta sul reddito delle persone fisiche (Irpef) sarebbe pagata quasi interamente da pensionati e lavoratori dipendenti. Ci permettiamo di segnalare che questa affermazione \u00e8 del tutto fuorviante, perch\u00e9 sottende che in Italia a versare la quasi totalit\u00e0 dell\u2019Irpef sarebbero solo due categorie di contribuenti: quelle richiamate poc\u2019anzi. In realt\u00e0 chi continua a ripetere questa ovviet\u00e0 \u00e8 \u201cvittima\u201d di un grave abbaglio statistico\/interpretativo. Se, infatti, \u00e8 palese che l\u201984 per cento dell\u2019Irpef totale \u00e8 versata all\u2019erario da pensionati e lavoratori dipendenti, ci\u00f2 avviene perch\u00e9 queste due categorie rappresentano l\u201989 per cento del totale dei contribuenti Irpef presenti in Italia. L\u2019altro 11 per cento circa, invece, \u00e8 costituito da percettori di altre categorie di reddito. In particolare, i lavoratori autonomi sono l\u20198,5 per cento del totale dei contribuenti Irpef. Se si vuole dimostrare lo squilibrio del carico fiscale legato all\u2019Irpef, la metodologia \u201ccorretta\u201d sta nel calcolare l\u2019importo medio versato da ciascun contribuente facente parte di ognuna delle tre principali tipologie che pagano l\u2019imposta sulle persone fisiche: ovvero autonomi, dipendenti e pensionati. Applicando questa metodica, ai dati sui redditi relativi al 2019 (fonte Ministero dell\u2019Economia e delle Finanze), emerge che, mediamente, i pensionati pagano un\u2019Irpef netta annua di 3.281 euro, i lavoratori dipendenti di 4.061 euro e gli imprenditori\/lavoratori autonomi di 6.026 euro. Sia chiaro, l\u2019evasione fiscale in Italia c\u2019\u00e8 ed \u00e8 presente in tutte le categorie di contribuenti, quindi, anche tra i lavoratori autonomi e gli imprenditori. Pertanto, l\u2019evasione va contrastata ovunque essa si annidi, senza per\u00f2 accusare pregiudizialmente nessuno, tantomeno attraverso l\u2019interpretazione scorretta di dati molto parziali, cos\u00ec come \u00e8 successo in queste ultime settimane.<\/p>\n<p><strong>In attesa della riforma fiscale<\/strong><br \/>\nIn attesa dell\u2019approvazione dei decreti attuativi, per l\u2019Ufficio studi della CGIA una riforma fiscale importante che abbia l\u2019ambizione di definirsi tale deve, innanzitutto, indicare preventivamente quanto costa e dove si recuperano le coperture, dopodich\u00e9 ha il compito di conseguire, in tempi ragionevolmente brevi, almeno altri tre obbiettivi:<br \/>\nla riduzione del carico fiscale a famiglie e imprese;<br \/>\nla semplificazione del rapporto tra il fisco e il contribuente;<br \/>\nla riduzione dell\u2019evasione e dell\u2019elusione fiscale.<br \/>\nIl mancato raggiungimento di questi punti costituisce un serio pericolo che la stessa sia destinata a fallire o comunque non in grado di dare una seria risposta alle tante istanze sollevate dai contribuenti italiani che da decenni chiedono un fisco pi\u00f9 equo e meno complicato.<\/p>\n<p>&nbsp;<\/p>\n<p>&nbsp;<\/p>\n<hr \/>\n<p>&nbsp;<\/p>\n<h2><span style=\"color: #800080;\">ALLA RADIO<\/span><\/h2>\n<h2><strong><a class=\"dt-pswp-item\" href=\"https:\/\/www.radiopiu.net\/wordpress\/wp-content\/uploads\/2023\/05\/CINQUETTI.jpg\" data-dt-img-description=\"\" data-large_image_width=\"2048\" data-large_image_height=\"1152\"><img loading=\"lazy\" decoding=\"async\" class=\" wp-image-336663 alignleft\" src=\"https:\/\/www.radiopiu.net\/wordpress\/wp-content\/uploads\/2023\/05\/CINQUETTI-300x169.jpg\" alt=\"\" width=\"188\" height=\"106\" srcset=\"https:\/\/www.radiopiu.net\/wordpress\/wp-content\/uploads\/2023\/05\/CINQUETTI-300x169.jpg 300w, https:\/\/www.radiopiu.net\/wordpress\/wp-content\/uploads\/2023\/05\/CINQUETTI-1024x576.jpg 1024w, https:\/\/www.radiopiu.net\/wordpress\/wp-content\/uploads\/2023\/05\/CINQUETTI-768x432.jpg 768w, https:\/\/www.radiopiu.net\/wordpress\/wp-content\/uploads\/2023\/05\/CINQUETTI-1536x864.jpg 1536w, https:\/\/www.radiopiu.net\/wordpress\/wp-content\/uploads\/2023\/05\/CINQUETTI.jpg 2048w\" sizes=\"auto, (max-width: 188px) 100vw, 188px\" \/><\/a><span style=\"color: #008000;\">IL COVID VERSO LA FINE. NE PARLIAMO CON SANDRO CINQUETTI, DIRETTORE DEL DIPARTIMENTO DI PREVENZIONE ULSS 1 DOLOMITI<\/span><\/strong><\/h2>\n<p><strong>di Mirko Mezzacasa<\/strong><\/p>\n<p>OSPITE: il dottor Sandro Cinquetti, direttore del dipartimento di prevenzione ULSS 1 Dolomiti<\/p>\n<audio class=\"wp-audio-shortcode\" id=\"audio-336656-5\" preload=\"none\" style=\"width: 100%;\" controls=\"controls\"><source type=\"audio\/mpeg\" src=\"https:\/\/www.radiopiu.net\/wordpress\/wp-content\/uploads\/2023\/05\/SANDRO-CINQUETTI-1.mp3?_=5\" \/><a href=\"https:\/\/www.radiopiu.net\/wordpress\/wp-content\/uploads\/2023\/05\/SANDRO-CINQUETTI-1.mp3\">https:\/\/www.radiopiu.net\/wordpress\/wp-content\/uploads\/2023\/05\/SANDRO-CINQUETTI-1.mp3<\/a><\/audio>\n<p>&nbsp;<\/p>\n<h2><strong><a class=\"dt-pswp-item\" href=\"https:\/\/www.radiopiu.net\/wordpress\/wp-content\/uploads\/2023\/05\/MATTIA-DE-NARDIN.png\" data-dt-img-description=\"\" data-large_image_width=\"418\" data-large_image_height=\"347\"><img loading=\"lazy\" decoding=\"async\" class=\" wp-image-336659 alignleft\" src=\"https:\/\/www.radiopiu.net\/wordpress\/wp-content\/uploads\/2023\/05\/MATTIA-DE-NARDIN-300x249.png\" alt=\"\" width=\"167\" height=\"139\" srcset=\"https:\/\/www.radiopiu.net\/wordpress\/wp-content\/uploads\/2023\/05\/MATTIA-DE-NARDIN-300x249.png 300w, https:\/\/www.radiopiu.net\/wordpress\/wp-content\/uploads\/2023\/05\/MATTIA-DE-NARDIN.png 418w\" sizes=\"auto, (max-width: 167px) 100vw, 167px\" \/><\/a><span style=\"color: #99cc00;\">MATTIA DE NARDIN E IL PARCO GIOCHI DI CAVIOLA<\/span><\/strong><\/h2>\n<p><strong>di Mirko Mezzacasa<\/strong><\/p>\n<p>OSPITE: Mattia De Nardin<\/p>\n<audio class=\"wp-audio-shortcode\" id=\"audio-336656-6\" preload=\"none\" style=\"width: 100%;\" controls=\"controls\"><source type=\"audio\/mpeg\" src=\"https:\/\/www.radiopiu.net\/wordpress\/wp-content\/uploads\/2023\/05\/mattia-de-nardin.mp3?_=6\" \/><a href=\"https:\/\/www.radiopiu.net\/wordpress\/wp-content\/uploads\/2023\/05\/mattia-de-nardin.mp3\">https:\/\/www.radiopiu.net\/wordpress\/wp-content\/uploads\/2023\/05\/mattia-de-nardin.mp3<\/a><\/audio>\n<p>&nbsp;<\/p>\n<hr \/>\n<p>&nbsp;<\/p>\n<h2><span style=\"color: #ff0000;\">GLI APPUNTAMENTI DELLA SETTIMANA<\/span><\/h2>\n<blockquote>\n<h3>MARTEDIACOLOR<\/h3>\n<\/blockquote>\n<p><strong>BELLUNO <\/strong>Con la Primavera tornano a Belluno i Martediacolor, una tradizionale manifestazione che trova sempre l\u2019interesse di un numeroso pubblico. Organizzate dal C.T.G. gruppo Belluno, in collaborazione con i Circoli Fotografici di Belluno ed Agordo, sono piacevoli serate con racconti fotografici realizzati in multivisione, dedicate agli amanti dei viaggi, della natura e dell&#8217;arte. Il programma si articola in tre appuntamenti presso la sala Parrocchiale di Cavarzano alle ore 20.45, con ingresso libero, nelle giornate di marted\u00ec 23 e 30 maggio.<\/p>\n<p>&nbsp;<\/p>\n<hr \/>\n<p>&nbsp;<\/p>\n<blockquote>\n<h3>FOLKLOR JALPE&#8217; DE LA MARMOLEDA<\/h3>\n<\/blockquote>\n<p><strong>ROCCA PIETORE<\/strong> \u00c8 in programma per il 26, 27 e 28 maggio l&#8217;edizione 2023 di Folklor Jalp\u00e8 De La Marmoleda. Tre giorni di festa sotto al tendone riscaldato in localit\u00e0 Bosco Verde a Rocca Pietore tra cucina tipica e balli con le band tirolesi. Domenica 28, nel pomeriggio, la sfilata dei gruppi folk<\/p>\n<p>&nbsp;<\/p>\n<p>&nbsp;<\/p>\n<hr \/>\n<p>&nbsp;<\/p>\n<blockquote>\n<h3>LATTERIE APERTE IN VALBELLUNA<\/h3>\n<\/blockquote>\n<p><strong>BELLUNO<\/strong> Domenica 28 maggio in Val Belluna ritrona l&#8217;evento &#8220;Latteirie Aperte&#8221; dove le principali latterie apriranno le porte per illustrare l&#8217;arte del fare formaggio. Le latterie aderenti sono; Camolino, Tisoi e Bolzano Bellunese, Sedico, Valpiana, Frontin, Valmorel, Lentiai e Sant&#8217;Antonio di Tortal.<\/p>\n<p>&nbsp;<\/p>\n<p>&nbsp;<\/p>\n<hr \/>\n<p>&nbsp;<\/p>\n<blockquote>\n<h3>I 75 ANNI DELLA COMUNITA&#8217; DI VILLA SAN FRANCESCO<\/h3>\n<\/blockquote>\n<p><strong>PEDAVENA <\/strong>Nel fine settimana del 27 e 28 maggio \u00e8 in programma una due giorni dedicata ai 75 anni della comunit\u00e0 di Villa San Francesco dove ci saranno dei convegni dedicati ai giovani in occasione della 26\u00aa edizione della Festa del Volontariato Sociale.<\/p>\n<p>&nbsp;<\/p>\n<p>&nbsp;<\/p>\n<hr \/>\n<p>&nbsp;<\/p>\n<blockquote>\n<h3>LA PRIMA EDIZIONE DELLA DON &#8211; PIANLONCH<\/h3>\n<\/blockquote>\n<p><strong>GOSALDO<\/strong> E&#8217; in programma per <strong>domenica 28 maggio<\/strong> la prima edizione della gara di corsa Don &#8211; Pianlonch. Una passeggiata ludicomotoria di 5,6 km non competitiva. Iscrizione 6 euro prima della partenza, 10 euro con panino farcito e bottigllia d&#8217;acqua.<\/p>\n<p>&nbsp;<\/p>\n<hr \/>\n<p>&nbsp;<\/p>\n<blockquote>\n<h3>IL RITORNO DI LUNGARDO IN FEST<\/h3>\n<\/blockquote>\n<p><strong>BELLUNO<\/strong>\u00a0 Lungardo In Fest \u00e8 la festa della Cooperativa Societ\u00e0 Nuova. L&#8217;appuntamento \u00e8 per sabato 27 maggio presso la sede di via Lungardo. Per maggiori informazioni\u00a0 Facebook: cooperativasocietanuova. Programma, dalle 11 frasca , dj set, pesca di beneficenza, gonfiabili per i bambini. Dalle 20:00 musica dal vivo con\u00a0 gli Sklero Zero e i Maci&#8217;s Mobile<\/p>\n<p>&nbsp;<\/p>\n<p>&nbsp;<\/p>\n<hr \/>\n<p>&nbsp;<\/p>\n<h2><span style=\"color: #ff0000;\">PROSSIMAMENTE&#8230;<\/span><\/h2>\n<blockquote>\n<h3>SABATO 3 GIUGNO LA CENA DELLA CLASSE 1955-56<\/h3>\n<\/blockquote>\n<p><strong>AGORDO<\/strong> E&#8217; in programma per sabato 3 giugno al Ristorante &#8220;La Stanga&#8221; la cena delle classi 1955-1956. Ritrovo al ristorante alle 19, cena , musica e premi. Per informazioni ed iscrizioni Roberto Schenot al 348 8524340. Iscrizioni entro il 29 maggio.<\/p>\n<p>&nbsp;<\/p>\n<p>&nbsp;<\/p>\n<hr \/>\n<p>&nbsp;<\/p>\n<blockquote>\n<h3>DOMENICA 4 GIUGNO LA 4 PAS IN DOI<\/h3>\n<\/blockquote>\n<p><strong>AGORDO<\/strong> <strong>DOMENICA 4 GIUGNO<\/strong> AD AGORDO: &#8220;4 Pas in doi&#8221; TRAIL RUNNING A COPPIE. Due percorsi: 16 km con 900 metri di dislivello, o 5 km con 250 metri di dislivello. E per i pi\u00f9 golosi, la &#8220;4 Pas in doi Bocoi&#8221;: itinerario enogastronomico, 6 km, con 4 tappe da&#8230; gustare. Per informazioni ed iscrizioni: www.4pasindoi.it<\/p>\n<p>&nbsp;<\/p>\n<p>&nbsp;<\/p>\n<hr \/>\n<p>&nbsp;<\/p>\n<blockquote>\n<h3>Il Gruppo Alpini organizza una gita indimenticabile alla Foiba di Basovizza con pranzo di pesce a Lignano<\/h3>\n<\/blockquote>\n<p><strong>FALCADE <\/strong>\u00a0I Gruppi Alpini rappresentano un importante pilastro della comunit\u00e0 locale, promuovendo attivit\u00e0 che uniscono tradizione, avventura e scoperta del patrimonio culturale. Nel contesto di queste iniziative, il Gruppo Alpini di Falcade ha annunciato una gita straordinaria che si terr\u00e0 l&#8217;11 giugno, con destinazione la Foiba di Basovizza e una deliziosa pausa pranzo a Lignano.\u00a0 Remo Secchi, responsabile delle iscrizioni, sar\u00e0 il punto di riferimento per tutti coloro che desiderano partecipare. Per prenotare un posto e per ulteriori informazioni, \u00e8 possibile contattare\u00a0 il\u00a0 338 5628415.<\/p>\n<p>&nbsp;<\/p>\n<p>&nbsp;<\/p>\n<hr \/>\n<p>&nbsp;<\/p>\n<p>&nbsp;<\/p>\n<blockquote class=\"wp-embedded-content\" data-secret=\"2FGcQvB1xb\"><p><a href=\"https:\/\/www.radiopiu.net\/wordpress\/periti-minerari-agordini-nel-mondo-la-presentazione-del-libro-la-diretta\/\">PERITI MINERARI AGORDINI NEL MONDO, LA PRESENTAZIONE DEL LIBRO &#8211; LA DIRETTA<\/a><\/p><\/blockquote>\n<p><iframe loading=\"lazy\" class=\"wp-embedded-content\" sandbox=\"allow-scripts\" security=\"restricted\" style=\"position: absolute; clip: rect(1px, 1px, 1px, 1px);\" title=\"&#8220;PERITI MINERARI AGORDINI NEL MONDO, LA PRESENTAZIONE DEL LIBRO &#8211; LA DIRETTA&#8221; &#8212; Radio Pi\u00f9\" src=\"https:\/\/www.radiopiu.net\/wordpress\/periti-minerari-agordini-nel-mondo-la-presentazione-del-libro-la-diretta\/embed\/#?secret=PLK5QOONTz#?secret=2FGcQvB1xb\" data-secret=\"2FGcQvB1xb\" width=\"600\" height=\"338\" frameborder=\"0\" marginwidth=\"0\" marginheight=\"0\" scrolling=\"no\"><\/iframe><\/p>\n<p>&nbsp;<\/p>\n<hr \/>\n<p>&nbsp;<\/p>\n<blockquote class=\"wp-embedded-content\" data-secret=\"oCILqogATQ\"><p><a href=\"https:\/\/www.radiopiu.net\/wordpress\/dj-athos-e-convolato-a-nozze-con-veronica-tanti-auguri-da-radio-piu\/\">DJ ATHOS E&#8217; CONVOLATO A NOZZE CON VERONICA&#8230;TANTI AUGURI DA RADIO PIU&#8217;<\/a><\/p><\/blockquote>\n<p><iframe loading=\"lazy\" class=\"wp-embedded-content\" sandbox=\"allow-scripts\" security=\"restricted\" style=\"position: absolute; clip: rect(1px, 1px, 1px, 1px);\" title=\"&#8220;DJ ATHOS E&#8217; CONVOLATO A NOZZE CON VERONICA&#8230;TANTI AUGURI DA RADIO PIU&#8217;&#8221; &#8212; Radio Pi\u00f9\" src=\"https:\/\/www.radiopiu.net\/wordpress\/dj-athos-e-convolato-a-nozze-con-veronica-tanti-auguri-da-radio-piu\/embed\/#?secret=wMnFgC1hGo#?secret=oCILqogATQ\" data-secret=\"oCILqogATQ\" width=\"600\" height=\"338\" frameborder=\"0\" marginwidth=\"0\" marginheight=\"0\" scrolling=\"no\"><\/iframe><\/p>\n<p>&nbsp;<\/p>\n<hr \/>\n<p>&nbsp;<\/p>\n<p>&nbsp;<\/p>\n<blockquote class=\"wp-embedded-content\" data-secret=\"UctsYbHlZT\"><p><a href=\"https:\/\/www.radiopiu.net\/wordpress\/rolling-stones-il-programma-di-siro-lena-e-moreno-tocchetto\/\">ROLLING STONES, IL PROGRAMMA DI SIRO LENA E MORENO TOCCHETTO<\/a><\/p><\/blockquote>\n<p><iframe loading=\"lazy\" class=\"wp-embedded-content\" sandbox=\"allow-scripts\" security=\"restricted\" style=\"position: absolute; clip: rect(1px, 1px, 1px, 1px);\" title=\"&#8220;ROLLING STONES, IL PROGRAMMA DI SIRO LENA E MORENO TOCCHETTO&#8221; &#8212; Radio Pi\u00f9\" src=\"https:\/\/www.radiopiu.net\/wordpress\/rolling-stones-il-programma-di-siro-lena-e-moreno-tocchetto\/embed\/#?secret=AgBwlr7Wra#?secret=UctsYbHlZT\" data-secret=\"UctsYbHlZT\" width=\"600\" height=\"338\" frameborder=\"0\" marginwidth=\"0\" marginheight=\"0\" scrolling=\"no\"><\/iframe><\/p>\n<p>&nbsp;<\/p>\n<p>&nbsp;<\/p>\n<p>&nbsp;<\/p>\n<hr \/>\n<p>&nbsp;<\/p>\n<h2><strong><a class=\"dt-pswp-item\" href=\"https:\/\/www.radiopiu.net\/wordpress\/wp-content\/uploads\/2020\/12\/DON-GIORGIO-LISE.jpg\" data-dt-img-description=\"\" data-large_image_width=\"1600\" data-large_image_height=\"901\"><img loading=\"lazy\" decoding=\"async\" class=\" wp-image-177420 alignleft\" src=\"https:\/\/www.radiopiu.net\/wordpress\/wp-content\/uploads\/2020\/12\/DON-GIORGIO-LISE-300x169.jpg\" alt=\"\" width=\"167\" height=\"94\" srcset=\"https:\/\/www.radiopiu.net\/wordpress\/wp-content\/uploads\/2020\/12\/DON-GIORGIO-LISE-300x169.jpg 300w, https:\/\/www.radiopiu.net\/wordpress\/wp-content\/uploads\/2020\/12\/DON-GIORGIO-LISE-1024x577.jpg 1024w, https:\/\/www.radiopiu.net\/wordpress\/wp-content\/uploads\/2020\/12\/DON-GIORGIO-LISE-768x432.jpg 768w, https:\/\/www.radiopiu.net\/wordpress\/wp-content\/uploads\/2020\/12\/DON-GIORGIO-LISE-1536x865.jpg 1536w, https:\/\/www.radiopiu.net\/wordpress\/wp-content\/uploads\/2020\/12\/DON-GIORGIO-LISE.jpg 1600w\" sizes=\"auto, (max-width: 167px) 100vw, 167px\" \/><\/a><\/strong><span style=\"color: #800080;\">DUE MINUTI PER TE<\/span><\/h2>\n<p><strong>APPUNTAMENTO DELLA DOMENICA CON IL PENSIERO DI MONSIGNOR GIORGIO LISE<\/strong><\/p>\n<audio class=\"wp-audio-shortcode\" id=\"audio-336656-7\" preload=\"none\" style=\"width: 100%;\" controls=\"controls\"><source type=\"audio\/mpeg\" src=\"https:\/\/www.radiopiu.net\/wordpress\/wp-content\/uploads\/2023\/05\/DON-GIORGIO-2.mp3?_=7\" \/><a href=\"https:\/\/www.radiopiu.net\/wordpress\/wp-content\/uploads\/2023\/05\/DON-GIORGIO-2.mp3\">https:\/\/www.radiopiu.net\/wordpress\/wp-content\/uploads\/2023\/05\/DON-GIORGIO-2.mp3<\/a><\/audio>\n<p>&nbsp;<\/p>\n<hr \/>\n<p>&nbsp;<\/p>\n<div dir=\"auto\">\n<div class=\"message spoilers-container\" dir=\"auto\">\n<div>\n<div class=\"b654a4as d2edcug0\">\n<div class=\"rq0escxv hkbzh7o3 jwdofwj8 n8tt0mok r8blr3vg hyh9befq\">\n<p><a class=\"dt-pswp-item\" href=\"https:\/\/www.radiopiu.net\/wordpress\/wp-content\/uploads\/2020\/10\/pp.jpg\" data-dt-img-description=\"\" data-large_image_width=\"640\" data-large_image_height=\"640\"><img loading=\"lazy\" decoding=\"async\" class=\"wp-image-163678 alignleft\" src=\"https:\/\/www.radiopiu.net\/wordpress\/wp-content\/uploads\/2020\/10\/pp-300x300.jpg\" alt=\"\" width=\"106\" height=\"106\" srcset=\"https:\/\/www.radiopiu.net\/wordpress\/wp-content\/uploads\/2020\/10\/pp-300x300.jpg 300w, https:\/\/www.radiopiu.net\/wordpress\/wp-content\/uploads\/2020\/10\/pp-150x150.jpg 150w, https:\/\/www.radiopiu.net\/wordpress\/wp-content\/uploads\/2020\/10\/pp-125x125.jpg 125w, https:\/\/www.radiopiu.net\/wordpress\/wp-content\/uploads\/2020\/10\/pp-200x200.jpg 200w, https:\/\/www.radiopiu.net\/wordpress\/wp-content\/uploads\/2020\/10\/pp-80x80.jpg 80w, https:\/\/www.radiopiu.net\/wordpress\/wp-content\/uploads\/2020\/10\/pp-480x480.jpg 480w, https:\/\/www.radiopiu.net\/wordpress\/wp-content\/uploads\/2020\/10\/pp.jpg 640w\" sizes=\"auto, (max-width: 106px) 100vw, 106px\" \/><\/a><\/p>\n<\/div>\n<\/div>\n<\/div>\n<\/div>\n<div class=\"message spoilers-container\" dir=\"auto\">\n<div class=\"page-title-head hgroup\">\n<div class=\"page-title-head hgroup\">\n<div class=\"b654a4as d2edcug0\">\n<div class=\"j83agx80 btwxx1t3 lhclo0ds hop8lmos nkwizq5d scwd0bx6 roh60bw9\">\n<div class=\"rq0escxv hkbzh7o3 jwdofwj8 n8tt0mok r8blr3vg hyh9befq\">\n<div class=\"do00u71z l9j0dhe7 k4urcfbm\" style=\"text-align: left;\">\n<h2><span style=\"color: #000080;\">DON CESARE, IL PENSIERO DEL GIORNO. ALLA RADIO ALLE 7 DEL MATTINO E ALLE 19.30 DELLA SERA<\/span><\/h2>\n<\/div>\n<audio class=\"wp-audio-shortcode\" id=\"audio-336656-8\" preload=\"none\" style=\"width: 100%;\" controls=\"controls\"><source type=\"audio\/mpeg\" src=\"https:\/\/www.radiopiu.net\/wordpress\/wp-content\/uploads\/2023\/05\/CESARE-17.mp3?_=8\" \/><a href=\"https:\/\/www.radiopiu.net\/wordpress\/wp-content\/uploads\/2023\/05\/CESARE-17.mp3\">https:\/\/www.radiopiu.net\/wordpress\/wp-content\/uploads\/2023\/05\/CESARE-17.mp3<\/a><\/audio>\n<div class=\"do00u71z l9j0dhe7 k4urcfbm\" style=\"text-align: left;\">\n<h2 style=\"text-align: left;\"><span style=\"color: #ff0000;\"><span style=\"vertical-align: inherit;\"><a class=\"dt-pswp-item\" href=\"https:\/\/www.radiopiu.net\/wordpress\/wp-content\/uploads\/2023\/04\/e0aad41d-951e-47b9-9fae-1a879a9bcb7e-1.jpg\" data-dt-img-description=\"\" data-large_image_width=\"1200\" data-large_image_height=\"1200\"><img loading=\"lazy\" decoding=\"async\" class=\"wp-image-333205 aligncenter\" src=\"https:\/\/www.radiopiu.net\/wordpress\/wp-content\/uploads\/2023\/04\/e0aad41d-951e-47b9-9fae-1a879a9bcb7e-1-300x300.jpg\" alt=\"\" width=\"227\" height=\"227\" srcset=\"https:\/\/www.radiopiu.net\/wordpress\/wp-content\/uploads\/2023\/04\/e0aad41d-951e-47b9-9fae-1a879a9bcb7e-1-300x300.jpg 300w, https:\/\/www.radiopiu.net\/wordpress\/wp-content\/uploads\/2023\/04\/e0aad41d-951e-47b9-9fae-1a879a9bcb7e-1-1024x1024.jpg 1024w, https:\/\/www.radiopiu.net\/wordpress\/wp-content\/uploads\/2023\/04\/e0aad41d-951e-47b9-9fae-1a879a9bcb7e-1-150x150.jpg 150w, https:\/\/www.radiopiu.net\/wordpress\/wp-content\/uploads\/2023\/04\/e0aad41d-951e-47b9-9fae-1a879a9bcb7e-1-768x768.jpg 768w, https:\/\/www.radiopiu.net\/wordpress\/wp-content\/uploads\/2023\/04\/e0aad41d-951e-47b9-9fae-1a879a9bcb7e-1.jpg 1200w\" sizes=\"auto, (max-width: 227px) 100vw, 227px\" \/><br \/>\n<\/a><\/span><\/span><\/h2>\n<\/div>\n<\/div>\n<\/div>\n<\/div>\n<\/div>\n<\/div>\n<\/div>\n<div class=\"message spoilers-container\" dir=\"auto\">\n<blockquote class=\"wp-embedded-content\" data-secret=\"UctsYbHlZT\"><p><a href=\"https:\/\/www.radiopiu.net\/wordpress\/rolling-stones-il-programma-di-siro-lena-e-moreno-tocchetto\/\">ROLLING STONES, IL PROGRAMMA DI SIRO LENA E MORENO TOCCHETTO<\/a><\/p><\/blockquote>\n<p><iframe loading=\"lazy\" class=\"wp-embedded-content\" sandbox=\"allow-scripts\" security=\"restricted\" style=\"position: absolute; clip: rect(1px, 1px, 1px, 1px);\" title=\"&#8220;ROLLING STONES, IL PROGRAMMA DI SIRO LENA E MORENO TOCCHETTO&#8221; &#8212; Radio Pi\u00f9\" src=\"https:\/\/www.radiopiu.net\/wordpress\/rolling-stones-il-programma-di-siro-lena-e-moreno-tocchetto\/embed\/#?secret=AgBwlr7Wra#?secret=UctsYbHlZT\" data-secret=\"UctsYbHlZT\" width=\"600\" height=\"338\" frameborder=\"0\" marginwidth=\"0\" marginheight=\"0\" scrolling=\"no\"><\/iframe><\/p>\n<\/div>\n<\/div>\n<div class=\"message spoilers-container\" dir=\"auto\">\n<p>&nbsp;<\/p>\n<\/div>\n<hr \/>\n<p>&nbsp;<\/p>\n<div class=\"message spoilers-container\" dir=\"auto\">\n<h2><span style=\"color: #008080;\">GOCCE DI FILOSOFIA\u00a0\u00a0<\/span><\/h2>\n<\/div>\n<blockquote>\n<div class=\"message spoilers-container\" dir=\"auto\">\n<p><strong>LA RACCOLTA COMPLETA<\/strong><\/p>\n<\/div>\n<\/blockquote>\n<div class=\"message spoilers-container\" dir=\"auto\">\n<blockquote class=\"wp-embedded-content\" data-secret=\"NyucrgWjep\"><p><a href=\"https:\/\/www.radiopiu.net\/wordpress\/gocce-filosofia\/\">Gocce di filosofia,  LA TERZA STAGIONE&#8230; 2023<\/a><\/p><\/blockquote>\n<p><iframe loading=\"lazy\" class=\"wp-embedded-content\" sandbox=\"allow-scripts\" security=\"restricted\" style=\"position: absolute; clip: rect(1px, 1px, 1px, 1px);\" title=\"&#8220;Gocce di filosofia,  LA TERZA STAGIONE&#8230; 2023&#8221; &#8212; Radio Pi\u00f9\" src=\"https:\/\/www.radiopiu.net\/wordpress\/gocce-filosofia\/embed\/#?secret=5jno0cc3Zy#?secret=NyucrgWjep\" data-secret=\"NyucrgWjep\" width=\"600\" height=\"338\" frameborder=\"0\" marginwidth=\"0\" marginheight=\"0\" scrolling=\"no\"><\/iframe><\/p>\n<\/div>\n<hr \/>\n<p>&nbsp;<\/p>\n<p>&nbsp;<\/p>\n<blockquote class=\"wp-embedded-content\" data-secret=\"vigX1sacLj\"><p><a href=\"https:\/\/www.radiopiu.net\/wordpress\/sentimental-il-nuovo-programma-di-paola-lanciato\/\">SENTIMENTAL, IL NUOVO PROGRAMMA DI PAOLA LANCIATO<\/a><\/p><\/blockquote>\n<p><iframe loading=\"lazy\" class=\"wp-embedded-content\" sandbox=\"allow-scripts\" security=\"restricted\" style=\"position: absolute; clip: rect(1px, 1px, 1px, 1px);\" title=\"&#8220;SENTIMENTAL, IL NUOVO PROGRAMMA DI PAOLA LANCIATO&#8221; &#8212; Radio Pi\u00f9\" src=\"https:\/\/www.radiopiu.net\/wordpress\/sentimental-il-nuovo-programma-di-paola-lanciato\/embed\/#?secret=NESGKIALeZ#?secret=vigX1sacLj\" data-secret=\"vigX1sacLj\" width=\"600\" height=\"338\" frameborder=\"0\" marginwidth=\"0\" marginheight=\"0\" scrolling=\"no\"><\/iframe><\/p>\n<p>&nbsp;<\/p>\n<p>&nbsp;<\/p>\n<div class=\"message spoilers-container\" dir=\"auto\">\n<hr \/>\n<p>&nbsp;<\/p>\n<\/div>\n<div class=\"message spoilers-container\" dir=\"auto\">\n<div class=\"column\">\n<p><img loading=\"lazy\" decoding=\"async\" class=\"aligncenter wp-image-61954 size-full\" src=\"https:\/\/www.radiopiu.net\/wordpress\/wp-content\/uploads\/2018\/09\/viabilita.jpeg\" sizes=\"auto, (max-width: 800px) 100vw, 800px\" srcset=\"https:\/\/www.radiopiu.net\/wordpress\/wp-content\/uploads\/2018\/09\/viabilita.jpeg 800w, https:\/\/www.radiopiu.net\/wordpress\/wp-content\/uploads\/2018\/09\/viabilita-300x38.jpeg 300w, https:\/\/www.radiopiu.net\/wordpress\/wp-content\/uploads\/2018\/09\/viabilita-768x96.jpeg 768w\" alt=\"\" width=\"800\" height=\"100\" \/><\/p>\n<\/div>\n<\/div>\n<div class=\"message spoilers-container\" dir=\"auto\">\n<div class=\"column\">\n<p>&nbsp;<\/p>\n<\/div>\n<\/div>\n<div class=\"message spoilers-container\" dir=\"auto\">\n<div class=\"column\">\n<div dir=\"ltr\">\n<div class=\"gmail_quote\">\n<div dir=\"ltr\">\n<div class=\"gmail_quote\">\n<blockquote class=\"wp-embedded-content\" data-secret=\"XmyCy9vnh1\"><p><a href=\"https:\/\/www.radiopiu.net\/wordpress\/viabilita\/\">viabilita<\/a><\/p><\/blockquote>\n<p><iframe loading=\"lazy\" class=\"wp-embedded-content\" sandbox=\"allow-scripts\" security=\"restricted\" style=\"position: absolute; clip: rect(1px, 1px, 1px, 1px);\" title=\"&#8220;viabilita&#8221; &#8212; Radio Pi\u00f9\" src=\"https:\/\/www.radiopiu.net\/wordpress\/viabilita\/embed\/#?secret=aNNWqsyvlt#?secret=XmyCy9vnh1\" data-secret=\"XmyCy9vnh1\" width=\"600\" height=\"338\" frameborder=\"0\" marginwidth=\"0\" marginheight=\"0\" scrolling=\"no\"><\/iframe><\/p>\n<\/div>\n<\/div>\n<\/div>\n<\/div>\n<\/div>\n<\/div>\n<div class=\"message spoilers-container\" dir=\"auto\">\n<div class=\"column\">\n<div>\n<div dir=\"ltr\">\n<div class=\"gmail_quote\">\n<div dir=\"ltr\">\n<div><\/div>\n<\/div>\n<\/div>\n<\/div>\n<\/div>\n<hr \/>\n<p>&nbsp;<\/p>\n<p><a class=\"dt-pswp-item\" href=\"https:\/\/www.radiopiu.net\/wordpress\/wp-content\/uploads\/2018\/09\/WhatsApp-Image-2018-09-20-at-16.04.06.jpeg\" data-dt-img-description=\"\" data-large_image_width=\"800\" data-large_image_height=\"100\"><img loading=\"lazy\" decoding=\"async\" class=\"wp-image-61378 size-full aligncenter\" src=\"https:\/\/www.radiopiu.net\/wordpress\/wp-content\/uploads\/2018\/09\/WhatsApp-Image-2018-09-20-at-16.04.06.jpeg\" alt=\"\" width=\"800\" height=\"100\" srcset=\"https:\/\/www.radiopiu.net\/wordpress\/wp-content\/uploads\/2018\/09\/WhatsApp-Image-2018-09-20-at-16.04.06.jpeg 800w, https:\/\/www.radiopiu.net\/wordpress\/wp-content\/uploads\/2018\/09\/WhatsApp-Image-2018-09-20-at-16.04.06-300x38.jpeg 300w, https:\/\/www.radiopiu.net\/wordpress\/wp-content\/uploads\/2018\/09\/WhatsApp-Image-2018-09-20-at-16.04.06-768x96.jpeg 768w\" sizes=\"auto, (max-width: 800px) 100vw, 800px\" \/><\/a><\/p>\n<\/div>\n<\/div>\n<div class=\"message spoilers-container\" dir=\"auto\"><\/div>\n<p><center><\/center><center><b>OGGI<\/b><\/center><b>Tempo atteso: <\/b>Fino al primo mattino generalmente sereno o poco nuvoloso, poi da poco a parzialmente nuvoloso per addensamenti sparsi.<br \/>\n<b>Precipitazioni: <\/b>All&#8217;inizio generalmente assenti e poi probabilit\u00e0 in temporaneo aumento fino a medio-bassa (20-30%) di fenomeni da locali a sparsi, perlopi\u00f9 modesti; cadr\u00e0 un po&#8217; di neve eventualmente solo sulle cime dolomitiche pi\u00f9 elevate.<br \/>\n<b>Temperature: <\/b>Contenute variazioni di carattere locale, con prevalenza di diminuzioni riguardo alle minime e aumenti riguardo alle massime<\/p>\n<hr \/>\n<p><center><b>DOMANI<\/b><\/center><b>Tempo atteso: <\/b>Variabilit\u00e0, con spazi di sereno e addensamenti nuvolosi anche significativi specie da met\u00e0 giornata in poi.<br \/>\n<b>Precipitazioni: <\/b>Nelle prime ore assenti e poi probabilit\u00e0 in aumento fino a media (40-60%) per fenomeni sparsi, in genere modesti ma con possibilit\u00e0 di qualche rovescio o locale temporale e un po&#8217; di neve sulle cime dolomitiche pi\u00f9 elevate.<br \/>\n<b>Temperature: <\/b>Prevarr\u00e0 un lieve aumento, specie riguardo alle massime in quota<\/p>\n<hr \/>\n<p><center><b>MERCOLEDI<\/b><\/center>Tempo da variabile a instabile, con spazi di sereno pi\u00f9 presenti all&#8217;inizio sulle Dolomiti e per il resto nubi anche piuttosto diffuse, associate a varie precipitazioni anche a carattere di rovescio o locale temporale; le temperature subiranno contenute variazioni di carattere locale riguardo alle minime e moderate diminuzioni riguardo alle massime.<\/p>\n<hr \/>\n<p><center><b>GIOVEDI<\/b><\/center>Tempo instabile, con nubi e precipitazioni pi\u00f9 diffuse nelle prime ore, schiarite sparse in seguito; probabili dei rovesci e qualche temporale; le temperature minime subiranno contenute variazioni di carattere locale, tra cui ad alta quota prevarranno le diminuzioni; generale calo delle temperature massime.<\/p>\n<p>&nbsp;<\/p>\n<div class=\"message spoilers-container\" dir=\"auto\">\n<hr \/>\n<p>&nbsp;<\/p>\n<p><a class=\"dt-pswp-item\" href=\"https:\/\/www.radiopiu.net\/wordpress\/wp-content\/uploads\/2018\/09\/sport.jpg\" data-dt-img-description=\"\" data-large_image_width=\"800\" data-large_image_height=\"100\"><img loading=\"lazy\" decoding=\"async\" class=\"aligncenter wp-image-60761 size-full\" src=\"https:\/\/www.radiopiu.net\/wordpress\/wp-content\/uploads\/2018\/09\/sport.jpg\" alt=\"\" width=\"800\" height=\"100\" srcset=\"https:\/\/www.radiopiu.net\/wordpress\/wp-content\/uploads\/2018\/09\/sport.jpg 800w, https:\/\/www.radiopiu.net\/wordpress\/wp-content\/uploads\/2018\/09\/sport-300x38.jpg 300w, https:\/\/www.radiopiu.net\/wordpress\/wp-content\/uploads\/2018\/09\/sport-768x96.jpg 768w\" sizes=\"auto, (max-width: 800px) 100vw, 800px\" \/><\/a><\/p>\n<\/div>\n<div class=\"message spoilers-container\" dir=\"auto\">\n<p>&nbsp;<\/p>\n<p><span style=\"color: #0000ff;\"><strong>CALCIO A 5<\/strong><\/span><\/p>\n<blockquote>\n<h3>LA CANOTTIERI BELLUNO BATTE ACIREALE E VOLA AD ISCHIA PER LA FINALISSIMA PLAYOFF<\/h3>\n<\/blockquote>\n<p><strong><a class=\"dt-pswp-item\" href=\"https:\/\/www.radiopiu.net\/wordpress\/wp-content\/uploads\/2023\/05\/SCR-20230521-ixzc.jpeg\" data-dt-img-description=\"\" data-large_image_width=\"1184\" data-large_image_height=\"812\"><img loading=\"lazy\" decoding=\"async\" class=\" wp-image-336756 alignleft\" src=\"https:\/\/www.radiopiu.net\/wordpress\/wp-content\/uploads\/2023\/05\/SCR-20230521-ixzc-300x206.jpeg\" alt=\"\" width=\"189\" height=\"130\" srcset=\"https:\/\/www.radiopiu.net\/wordpress\/wp-content\/uploads\/2023\/05\/SCR-20230521-ixzc-300x206.jpeg 300w, https:\/\/www.radiopiu.net\/wordpress\/wp-content\/uploads\/2023\/05\/SCR-20230521-ixzc-1024x702.jpeg 1024w, https:\/\/www.radiopiu.net\/wordpress\/wp-content\/uploads\/2023\/05\/SCR-20230521-ixzc-768x527.jpeg 768w, https:\/\/www.radiopiu.net\/wordpress\/wp-content\/uploads\/2023\/05\/SCR-20230521-ixzc.jpeg 1184w\" sizes=\"auto, (max-width: 189px) 100vw, 189px\" \/><\/a><span style=\"color: #ff0000;\">SERIE B &#8211; PLAYOFF<\/span><\/strong><\/p>\n<p><strong>CANOTTIERI BELLUNO &#8211; ACIREALE 6-2<\/strong><\/p>\n<p dir=\"auto\">Ce la mette tutta, la Drago Acireale: ma anche la Canottieri. Un bel match: a segno Tomarchio e Foti, per i bellunesi doppio Dall&#8217;\u00d2, doppio Gheno, Ale Bortolini e capitan Reolon. Sabato prossimo vola a Napoli, la Canottieri: destinazione Ischia.<\/p>\n<p dir=\"auto\">(FOTO: Dalla Libera)<\/p>\n<p dir=\"auto\"><strong>IL SERVIZIO DI ANTONIO FIABANE, PORTAVOCE DELLA CANOTTIERI BELLUNO<\/strong><\/p>\n<audio class=\"wp-audio-shortcode\" id=\"audio-336656-9\" preload=\"none\" style=\"width: 100%;\" controls=\"controls\"><source type=\"audio\/mpeg\" src=\"https:\/\/www.radiopiu.net\/wordpress\/wp-content\/uploads\/2023\/05\/CANOTTIERI-SITO-1.mp3?_=9\" \/><a href=\"https:\/\/www.radiopiu.net\/wordpress\/wp-content\/uploads\/2023\/05\/CANOTTIERI-SITO-1.mp3\">https:\/\/www.radiopiu.net\/wordpress\/wp-content\/uploads\/2023\/05\/CANOTTIERI-SITO-1.mp3<\/a><\/audio>\n<p>&nbsp;<\/p>\n<p><span style=\"color: #0000ff;\"><strong>CALCIO<\/strong><\/span><\/p>\n<blockquote>\n<h3>L&#8217;AGORDINA PERDE AI RIGORI CON IL LIMANA CAVARZANO E SI ACCONTENTA DEL QUARTO POSTO NEL CAMPIONATO GIOVANISSMI PROVINCIALI<\/h3>\n<\/blockquote>\n<p><a class=\"dt-pswp-item\" href=\"https:\/\/www.radiopiu.net\/wordpress\/wp-content\/uploads\/2022\/09\/GIOVANISSIMI-AGORDINA-2022.jpg\" data-dt-img-description=\"GIOVANISSIMI\" data-large_image_width=\"1600\" data-large_image_height=\"1307\"><img loading=\"lazy\" decoding=\"async\" class=\"alignleft wp-image-297691 \" src=\"https:\/\/www.radiopiu.net\/wordpress\/wp-content\/uploads\/2022\/09\/GIOVANISSIMI-AGORDINA-2022-300x245.jpg\" alt=\"\" width=\"163\" height=\"133\" srcset=\"https:\/\/www.radiopiu.net\/wordpress\/wp-content\/uploads\/2022\/09\/GIOVANISSIMI-AGORDINA-2022-300x245.jpg 300w, https:\/\/www.radiopiu.net\/wordpress\/wp-content\/uploads\/2022\/09\/GIOVANISSIMI-AGORDINA-2022-1024x836.jpg 1024w, https:\/\/www.radiopiu.net\/wordpress\/wp-content\/uploads\/2022\/09\/GIOVANISSIMI-AGORDINA-2022-768x627.jpg 768w, https:\/\/www.radiopiu.net\/wordpress\/wp-content\/uploads\/2022\/09\/GIOVANISSIMI-AGORDINA-2022-1536x1255.jpg 1536w, https:\/\/www.radiopiu.net\/wordpress\/wp-content\/uploads\/2022\/09\/GIOVANISSIMI-AGORDINA-2022.jpg 1600w\" sizes=\"auto, (max-width: 163px) 100vw, 163px\" \/><\/a><span style=\"color: #ff0000;\"><strong>FINALE 3\u00b0-4\u00b0 POSTO CAMPIONATO GIOVANISSIMI PROVINCIALI<\/strong><\/span><\/p>\n<p><strong>AGORDINA &#8211; LIMANA CAVARZANO 7-8 DCR<\/strong><\/p>\n<p><strong>di Marco Gaz<\/strong><\/p>\n<p>L&#8217;Agordina di De Bastiani deve accontentarsi del quarto posto. Si \u00e8 giocata ieri la giornata finale del campionato provinciale con le ultime partite della stagione. Sul campo di Puos D&#8217;Alpago le sfide valide per decretare le prime quattro posizioni del torneo. Gli agordini si sono giocati la gara per il terzo-quarto posto contro il Limana Cavarzano. Ad avere la meglio la compagine della Val Belluna. Dopo i novanta minuti di gioco la sfida \u00e8 terminata 1 a 1 e a decidere la vincente sono stati i calci di rigore. Dal dischetto il Limana Cavarzano ha avuto la meglio e l&#8217;Agordina si \u00e8 dovuta accontentare della quarta posizione. Nonostante tutto un&#8217;ottima stagione dei ragazzi allenati da De Bastiani che hanno saputo mettere in difficolt\u00e0 quasi tutte le squadre affrontate.<\/p>\n<p>&nbsp;<\/p>\n<p>&nbsp;<\/p>\n<blockquote>\n<h3>IL MEMORIAL ENRICO PIZZONI E&#8217; DELL&#8217;AGORDINA. VITTORIA AI RIGORI CONTRO LA DOLOMITI BELLUNESI<\/h3>\n<\/blockquote>\n<p><strong>di Marco Gaz<\/strong><\/p>\n<p><strong>AGORDO<\/strong> L&#8217;Agordina si aggiudica il Memorial Enrico Pizzoni andato in scena all&#8217;Ivano Dorigo di Agordo nel pomeriggio di sabato. Otto le squadre iscritte al torneo dedicato alla categoria Esordienti Misti: Agordina, Cavarzano, Dynamo, Sois, Cadore, Dolomiti Bellunesi, Juventina e Schiara. Al termine delle partite dei due gironi in cui sono state smistate le squadre, Dolomiti Bellunesi ed Agordina hanno chiuso a pieni punti le classifica. Nella finale la squadra di Belluno sembrava aver messo subito al sicuro il risultato ma gli agordini hanno risposto pareggiando 2 a 2 la sfida. A decretare la vincente la lotteria dei calci di rigore dove l&#8217;Agordina \u00e8 stata pi\u00f9 precisa. (Foto: Mario Scussel)<\/p>\n<p><strong>LE SQUADRE PARTECIPANTI<\/strong><\/p>\n\n\t\t\t<style type='text\/css'>\n\t\t\t\t#gallery-8 {\n\t\t\t\t\tmargin: auto;\n\t\t\t\t}\n\t\t\t\t#gallery-8 .gallery-item {\n\t\t\t\t\tfloat: left;\n\t\t\t\t\tmargin-top: 10px;\n\t\t\t\t\ttext-align: center;\n\t\t\t\t\twidth: 25%;\n\t\t\t\t}\n\t\t\t\t#gallery-8 img {\n\t\t\t\t\tborder: 2px solid #cfcfcf;\n\t\t\t\t}\n\t\t\t\t#gallery-8 .gallery-caption {\n\t\t\t\t\tmargin-left: 0;\n\t\t\t\t}\n\t\t\t\t\/* see gallery_shortcode() in wp-includes\/media.php *\/\n\t\t\t<\/style>\n\t\t<div id='gallery-8' class='dt-gallery-container gallery galleryid-336656 gallery-columns-4 gallery-size-medium'><dl class='gallery-item'>\n\t\t\t\t<dt class='gallery-icon landscape'>\n\t\t\t\t\t<a class=\"rollover rollover-zoom dt-pswp-item\" title=\"0\" data-dt-img-description=\"\" data-large_image_width=\"2560\" data-large_image_height=\"1440\"href='https:\/\/www.radiopiu.net\/wordpress\/wp-content\/uploads\/2023\/05\/0-scaled.jpg'><img loading=\"lazy\" decoding=\"async\" width=\"300\" height=\"169\" src=\"https:\/\/www.radiopiu.net\/wordpress\/wp-content\/uploads\/2023\/05\/0-300x169.jpg\" class=\"attachment-medium size-medium\" alt=\"\" srcset=\"https:\/\/www.radiopiu.net\/wordpress\/wp-content\/uploads\/2023\/05\/0-300x169.jpg 300w, https:\/\/www.radiopiu.net\/wordpress\/wp-content\/uploads\/2023\/05\/0-1024x576.jpg 1024w, https:\/\/www.radiopiu.net\/wordpress\/wp-content\/uploads\/2023\/05\/0-768x432.jpg 768w, https:\/\/www.radiopiu.net\/wordpress\/wp-content\/uploads\/2023\/05\/0-1536x864.jpg 1536w, https:\/\/www.radiopiu.net\/wordpress\/wp-content\/uploads\/2023\/05\/0-2048x1152.jpg 2048w\" sizes=\"auto, (max-width: 300px) 100vw, 300px\" \/><\/a>\n\t\t\t\t<\/dt><\/dl><dl class='gallery-item'>\n\t\t\t\t<dt class='gallery-icon landscape'>\n\t\t\t\t\t<a class=\"rollover rollover-zoom dt-pswp-item\" title=\"0-1\" data-dt-img-description=\"\" data-large_image_width=\"2560\" data-large_image_height=\"1440\"href='https:\/\/www.radiopiu.net\/wordpress\/wp-content\/uploads\/2023\/05\/0-1-scaled.jpg'><img loading=\"lazy\" decoding=\"async\" width=\"300\" height=\"169\" src=\"https:\/\/www.radiopiu.net\/wordpress\/wp-content\/uploads\/2023\/05\/0-1-300x169.jpg\" class=\"attachment-medium size-medium\" alt=\"\" srcset=\"https:\/\/www.radiopiu.net\/wordpress\/wp-content\/uploads\/2023\/05\/0-1-300x169.jpg 300w, https:\/\/www.radiopiu.net\/wordpress\/wp-content\/uploads\/2023\/05\/0-1-1024x576.jpg 1024w, https:\/\/www.radiopiu.net\/wordpress\/wp-content\/uploads\/2023\/05\/0-1-768x432.jpg 768w, https:\/\/www.radiopiu.net\/wordpress\/wp-content\/uploads\/2023\/05\/0-1-1536x864.jpg 1536w, https:\/\/www.radiopiu.net\/wordpress\/wp-content\/uploads\/2023\/05\/0-1-2048x1152.jpg 2048w\" sizes=\"auto, (max-width: 300px) 100vw, 300px\" \/><\/a>\n\t\t\t\t<\/dt><\/dl><dl class='gallery-item'>\n\t\t\t\t<dt class='gallery-icon landscape'>\n\t\t\t\t\t<a class=\"rollover rollover-zoom dt-pswp-item\" title=\"0-2\" data-dt-img-description=\"\" data-large_image_width=\"2560\" data-large_image_height=\"1440\"href='https:\/\/www.radiopiu.net\/wordpress\/wp-content\/uploads\/2023\/05\/0-2-scaled.jpg'><img loading=\"lazy\" decoding=\"async\" width=\"300\" height=\"169\" src=\"https:\/\/www.radiopiu.net\/wordpress\/wp-content\/uploads\/2023\/05\/0-2-300x169.jpg\" class=\"attachment-medium size-medium\" alt=\"\" srcset=\"https:\/\/www.radiopiu.net\/wordpress\/wp-content\/uploads\/2023\/05\/0-2-300x169.jpg 300w, https:\/\/www.radiopiu.net\/wordpress\/wp-content\/uploads\/2023\/05\/0-2-1024x576.jpg 1024w, https:\/\/www.radiopiu.net\/wordpress\/wp-content\/uploads\/2023\/05\/0-2-768x432.jpg 768w, https:\/\/www.radiopiu.net\/wordpress\/wp-content\/uploads\/2023\/05\/0-2-1536x864.jpg 1536w, https:\/\/www.radiopiu.net\/wordpress\/wp-content\/uploads\/2023\/05\/0-2-2048x1152.jpg 2048w\" sizes=\"auto, (max-width: 300px) 100vw, 300px\" \/><\/a>\n\t\t\t\t<\/dt><\/dl><dl class='gallery-item'>\n\t\t\t\t<dt class='gallery-icon landscape'>\n\t\t\t\t\t<a class=\"rollover rollover-zoom dt-pswp-item\" title=\"0-3\" data-dt-img-description=\"\" data-large_image_width=\"2560\" data-large_image_height=\"1440\"href='https:\/\/www.radiopiu.net\/wordpress\/wp-content\/uploads\/2023\/05\/0-3-scaled.jpg'><img loading=\"lazy\" decoding=\"async\" width=\"300\" height=\"169\" src=\"https:\/\/www.radiopiu.net\/wordpress\/wp-content\/uploads\/2023\/05\/0-3-300x169.jpg\" class=\"attachment-medium size-medium\" alt=\"\" srcset=\"https:\/\/www.radiopiu.net\/wordpress\/wp-content\/uploads\/2023\/05\/0-3-300x169.jpg 300w, https:\/\/www.radiopiu.net\/wordpress\/wp-content\/uploads\/2023\/05\/0-3-1024x576.jpg 1024w, https:\/\/www.radiopiu.net\/wordpress\/wp-content\/uploads\/2023\/05\/0-3-768x432.jpg 768w, https:\/\/www.radiopiu.net\/wordpress\/wp-content\/uploads\/2023\/05\/0-3-1536x864.jpg 1536w, https:\/\/www.radiopiu.net\/wordpress\/wp-content\/uploads\/2023\/05\/0-3-2048x1152.jpg 2048w\" sizes=\"auto, (max-width: 300px) 100vw, 300px\" \/><\/a>\n\t\t\t\t<\/dt><\/dl><br style=\"clear: both\" \/><dl class='gallery-item'>\n\t\t\t\t<dt class='gallery-icon landscape'>\n\t\t\t\t\t<a class=\"rollover rollover-zoom dt-pswp-item\" title=\"0-4\" data-dt-img-description=\"\" data-large_image_width=\"2560\" data-large_image_height=\"1440\"href='https:\/\/www.radiopiu.net\/wordpress\/wp-content\/uploads\/2023\/05\/0-4-scaled.jpg'><img loading=\"lazy\" decoding=\"async\" width=\"300\" height=\"169\" src=\"https:\/\/www.radiopiu.net\/wordpress\/wp-content\/uploads\/2023\/05\/0-4-300x169.jpg\" class=\"attachment-medium size-medium\" alt=\"\" srcset=\"https:\/\/www.radiopiu.net\/wordpress\/wp-content\/uploads\/2023\/05\/0-4-300x169.jpg 300w, https:\/\/www.radiopiu.net\/wordpress\/wp-content\/uploads\/2023\/05\/0-4-1024x576.jpg 1024w, https:\/\/www.radiopiu.net\/wordpress\/wp-content\/uploads\/2023\/05\/0-4-768x432.jpg 768w, https:\/\/www.radiopiu.net\/wordpress\/wp-content\/uploads\/2023\/05\/0-4-1536x864.jpg 1536w, https:\/\/www.radiopiu.net\/wordpress\/wp-content\/uploads\/2023\/05\/0-4-2048x1152.jpg 2048w\" sizes=\"auto, (max-width: 300px) 100vw, 300px\" \/><\/a>\n\t\t\t\t<\/dt><\/dl><dl class='gallery-item'>\n\t\t\t\t<dt class='gallery-icon landscape'>\n\t\t\t\t\t<a class=\"rollover rollover-zoom dt-pswp-item\" title=\"0-5\" data-dt-img-description=\"\" data-large_image_width=\"2560\" data-large_image_height=\"1440\"href='https:\/\/www.radiopiu.net\/wordpress\/wp-content\/uploads\/2023\/05\/0-5-scaled.jpg'><img loading=\"lazy\" decoding=\"async\" width=\"300\" height=\"169\" src=\"https:\/\/www.radiopiu.net\/wordpress\/wp-content\/uploads\/2023\/05\/0-5-300x169.jpg\" class=\"attachment-medium size-medium\" alt=\"\" srcset=\"https:\/\/www.radiopiu.net\/wordpress\/wp-content\/uploads\/2023\/05\/0-5-300x169.jpg 300w, https:\/\/www.radiopiu.net\/wordpress\/wp-content\/uploads\/2023\/05\/0-5-1024x576.jpg 1024w, https:\/\/www.radiopiu.net\/wordpress\/wp-content\/uploads\/2023\/05\/0-5-768x432.jpg 768w, https:\/\/www.radiopiu.net\/wordpress\/wp-content\/uploads\/2023\/05\/0-5-1536x864.jpg 1536w, https:\/\/www.radiopiu.net\/wordpress\/wp-content\/uploads\/2023\/05\/0-5-2048x1152.jpg 2048w\" sizes=\"auto, (max-width: 300px) 100vw, 300px\" \/><\/a>\n\t\t\t\t<\/dt><\/dl><dl class='gallery-item'>\n\t\t\t\t<dt class='gallery-icon landscape'>\n\t\t\t\t\t<a class=\"rollover rollover-zoom dt-pswp-item\" title=\"0-6\" data-dt-img-description=\"\" data-large_image_width=\"2560\" data-large_image_height=\"1440\"href='https:\/\/www.radiopiu.net\/wordpress\/wp-content\/uploads\/2023\/05\/0-6-scaled.jpg'><img loading=\"lazy\" decoding=\"async\" width=\"300\" height=\"169\" src=\"https:\/\/www.radiopiu.net\/wordpress\/wp-content\/uploads\/2023\/05\/0-6-300x169.jpg\" class=\"attachment-medium size-medium\" alt=\"\" srcset=\"https:\/\/www.radiopiu.net\/wordpress\/wp-content\/uploads\/2023\/05\/0-6-300x169.jpg 300w, https:\/\/www.radiopiu.net\/wordpress\/wp-content\/uploads\/2023\/05\/0-6-1024x576.jpg 1024w, https:\/\/www.radiopiu.net\/wordpress\/wp-content\/uploads\/2023\/05\/0-6-768x432.jpg 768w, https:\/\/www.radiopiu.net\/wordpress\/wp-content\/uploads\/2023\/05\/0-6-1536x864.jpg 1536w, https:\/\/www.radiopiu.net\/wordpress\/wp-content\/uploads\/2023\/05\/0-6-2048x1152.jpg 2048w\" sizes=\"auto, (max-width: 300px) 100vw, 300px\" \/><\/a>\n\t\t\t\t<\/dt><\/dl><dl class='gallery-item'>\n\t\t\t\t<dt class='gallery-icon landscape'>\n\t\t\t\t\t<a class=\"rollover rollover-zoom dt-pswp-item\" title=\"0-7\" data-dt-img-description=\"\" data-large_image_width=\"2560\" data-large_image_height=\"1440\"href='https:\/\/www.radiopiu.net\/wordpress\/wp-content\/uploads\/2023\/05\/0-7-scaled.jpg'><img loading=\"lazy\" decoding=\"async\" width=\"300\" height=\"169\" src=\"https:\/\/www.radiopiu.net\/wordpress\/wp-content\/uploads\/2023\/05\/0-7-300x169.jpg\" class=\"attachment-medium size-medium\" alt=\"\" srcset=\"https:\/\/www.radiopiu.net\/wordpress\/wp-content\/uploads\/2023\/05\/0-7-300x169.jpg 300w, https:\/\/www.radiopiu.net\/wordpress\/wp-content\/uploads\/2023\/05\/0-7-1024x576.jpg 1024w, https:\/\/www.radiopiu.net\/wordpress\/wp-content\/uploads\/2023\/05\/0-7-768x432.jpg 768w, https:\/\/www.radiopiu.net\/wordpress\/wp-content\/uploads\/2023\/05\/0-7-1536x864.jpg 1536w, https:\/\/www.radiopiu.net\/wordpress\/wp-content\/uploads\/2023\/05\/0-7-2048x1152.jpg 2048w\" sizes=\"auto, (max-width: 300px) 100vw, 300px\" \/><\/a>\n\t\t\t\t<\/dt><\/dl><br style=\"clear: both\" \/>\n\t\t\t<\/div>\n\n<p>&nbsp;<\/p>\n<p><strong>LE PRIME DUE SQUADRE CLASSIFICATE<\/strong><\/p>\n\n\t\t\t<style type='text\/css'>\n\t\t\t\t#gallery-9 {\n\t\t\t\t\tmargin: auto;\n\t\t\t\t}\n\t\t\t\t#gallery-9 .gallery-item {\n\t\t\t\t\tfloat: left;\n\t\t\t\t\tmargin-top: 10px;\n\t\t\t\t\ttext-align: center;\n\t\t\t\t\twidth: 50%;\n\t\t\t\t}\n\t\t\t\t#gallery-9 img {\n\t\t\t\t\tborder: 2px solid #cfcfcf;\n\t\t\t\t}\n\t\t\t\t#gallery-9 .gallery-caption {\n\t\t\t\t\tmargin-left: 0;\n\t\t\t\t}\n\t\t\t\t\/* see gallery_shortcode() in wp-includes\/media.php *\/\n\t\t\t<\/style>\n\t\t<div id='gallery-9' class='dt-gallery-container gallery galleryid-336656 gallery-columns-2 gallery-size-medium'><dl class='gallery-item'>\n\t\t\t\t<dt class='gallery-icon landscape'>\n\t\t\t\t\t<a class=\"rollover rollover-zoom dt-pswp-item\" title=\"DSCN0469 (2)\" data-dt-img-description=\"\" data-large_image_width=\"2560\" data-large_image_height=\"1440\"href='https:\/\/www.radiopiu.net\/wordpress\/wp-content\/uploads\/2023\/05\/DSCN0469-2-scaled.jpg'><img loading=\"lazy\" decoding=\"async\" width=\"300\" height=\"169\" src=\"https:\/\/www.radiopiu.net\/wordpress\/wp-content\/uploads\/2023\/05\/DSCN0469-2-300x169.jpg\" class=\"attachment-medium size-medium\" alt=\"\" srcset=\"https:\/\/www.radiopiu.net\/wordpress\/wp-content\/uploads\/2023\/05\/DSCN0469-2-300x169.jpg 300w, https:\/\/www.radiopiu.net\/wordpress\/wp-content\/uploads\/2023\/05\/DSCN0469-2-1024x576.jpg 1024w, https:\/\/www.radiopiu.net\/wordpress\/wp-content\/uploads\/2023\/05\/DSCN0469-2-768x432.jpg 768w, https:\/\/www.radiopiu.net\/wordpress\/wp-content\/uploads\/2023\/05\/DSCN0469-2-1536x864.jpg 1536w, https:\/\/www.radiopiu.net\/wordpress\/wp-content\/uploads\/2023\/05\/DSCN0469-2-2048x1152.jpg 2048w\" sizes=\"auto, (max-width: 300px) 100vw, 300px\" \/><\/a>\n\t\t\t\t<\/dt><\/dl><dl class='gallery-item'>\n\t\t\t\t<dt class='gallery-icon landscape'>\n\t\t\t\t\t<a class=\"rollover rollover-zoom dt-pswp-item\" title=\"DSCN0462 (2)\" data-dt-img-description=\"\" data-large_image_width=\"2560\" data-large_image_height=\"1440\"href='https:\/\/www.radiopiu.net\/wordpress\/wp-content\/uploads\/2023\/05\/DSCN0462-2-scaled.jpg'><img loading=\"lazy\" decoding=\"async\" width=\"300\" height=\"169\" src=\"https:\/\/www.radiopiu.net\/wordpress\/wp-content\/uploads\/2023\/05\/DSCN0462-2-300x169.jpg\" class=\"attachment-medium size-medium\" alt=\"\" srcset=\"https:\/\/www.radiopiu.net\/wordpress\/wp-content\/uploads\/2023\/05\/DSCN0462-2-300x169.jpg 300w, https:\/\/www.radiopiu.net\/wordpress\/wp-content\/uploads\/2023\/05\/DSCN0462-2-1024x576.jpg 1024w, https:\/\/www.radiopiu.net\/wordpress\/wp-content\/uploads\/2023\/05\/DSCN0462-2-768x432.jpg 768w, https:\/\/www.radiopiu.net\/wordpress\/wp-content\/uploads\/2023\/05\/DSCN0462-2-1536x864.jpg 1536w, https:\/\/www.radiopiu.net\/wordpress\/wp-content\/uploads\/2023\/05\/DSCN0462-2-2048x1152.jpg 2048w\" sizes=\"auto, (max-width: 300px) 100vw, 300px\" \/><\/a>\n\t\t\t\t<\/dt><\/dl><br style=\"clear: both\" \/>\n\t\t\t<\/div>\n\n<p>&nbsp;<\/p>\n<blockquote>\n<h3>LA DOLOMITI BELLUNESI VINCE IL MEMORIAL ATTILIO MORETTI<\/h3>\n<\/blockquote>\n<p><strong><a class=\"dt-pswp-item\" href=\"https:\/\/www.radiopiu.net\/wordpress\/wp-content\/uploads\/2023\/05\/0-10-scaled.jpg\" data-dt-img-description=\"\" data-large_image_width=\"2560\" data-large_image_height=\"1440\"><img loading=\"lazy\" decoding=\"async\" class=\" wp-image-336826 alignleft\" src=\"https:\/\/www.radiopiu.net\/wordpress\/wp-content\/uploads\/2023\/05\/0-10-300x169.jpg\" alt=\"\" width=\"250\" height=\"141\" srcset=\"https:\/\/www.radiopiu.net\/wordpress\/wp-content\/uploads\/2023\/05\/0-10-300x169.jpg 300w, https:\/\/www.radiopiu.net\/wordpress\/wp-content\/uploads\/2023\/05\/0-10-1024x576.jpg 1024w, https:\/\/www.radiopiu.net\/wordpress\/wp-content\/uploads\/2023\/05\/0-10-768x432.jpg 768w, https:\/\/www.radiopiu.net\/wordpress\/wp-content\/uploads\/2023\/05\/0-10-1536x864.jpg 1536w, https:\/\/www.radiopiu.net\/wordpress\/wp-content\/uploads\/2023\/05\/0-10-2048x1152.jpg 2048w\" sizes=\"auto, (max-width: 250px) 100vw, 250px\" \/><\/a>di Marco Gaz<\/strong><\/p>\n<p><strong>AGORDO\u00a0<\/strong>Una domenica dedicata al calcio giovanile quella andata in scena all&#8217;Ivano Dorigo di Agordo dove l&#8217;Agordina calcio ha organizzato il Memorial Attilio Moretti dedicato alla categoria Pulcini. I giovani calciatori si sono cimentati tutta mattina sul green di Agordo sfidandosi in due gironi di 5 squadre ciascuno. Dieci le squadre iscritte al torneo. Alla fine dei gironi, si \u00e8 optato per giocare le partite che assegnavano le varie posizioni del torneo. Nella finalissima la Dolomiti Bellunesi l&#8217;ha spuntata con il Longarone. Una giornata di festa per ricordare Attilio Moretti, un uomo che all&#8217;Agordina Calcio ha dato tanto sia dentro che fuori il campo di gioco.<\/p>\n<p><strong>La classifica del Memorial Attilio Moretti:<\/strong> 1. Dolomiti Bellunesi, 2. Longarone, 3. Ponte Nelle Alpi, 4. Agordina B, 5. Cadore, 6. Agordina C, 7. Sois, 8. Plavis, 9. Agordina A, 10. Val Zoldana. (FOTO: Mario Scussel)<\/p>\n<p><strong>LE SQUADRE PARTECIPANTI<\/strong><\/p>\n\n\t\t\t<style type='text\/css'>\n\t\t\t\t#gallery-10 {\n\t\t\t\t\tmargin: auto;\n\t\t\t\t}\n\t\t\t\t#gallery-10 .gallery-item {\n\t\t\t\t\tfloat: left;\n\t\t\t\t\tmargin-top: 10px;\n\t\t\t\t\ttext-align: center;\n\t\t\t\t\twidth: 20%;\n\t\t\t\t}\n\t\t\t\t#gallery-10 img {\n\t\t\t\t\tborder: 2px solid #cfcfcf;\n\t\t\t\t}\n\t\t\t\t#gallery-10 .gallery-caption {\n\t\t\t\t\tmargin-left: 0;\n\t\t\t\t}\n\t\t\t\t\/* see gallery_shortcode() in wp-includes\/media.php *\/\n\t\t\t<\/style>\n\t\t<div id='gallery-10' class='dt-gallery-container gallery galleryid-336656 gallery-columns-5 gallery-size-medium'><dl class='gallery-item'>\n\t\t\t\t<dt class='gallery-icon landscape'>\n\t\t\t\t\t<a class=\"rollover rollover-zoom dt-pswp-item\" title=\"0\" data-dt-img-description=\"\" data-large_image_width=\"2560\" data-large_image_height=\"1440\"href='https:\/\/www.radiopiu.net\/wordpress\/wp-content\/uploads\/2023\/05\/0-8-scaled.jpg'><img loading=\"lazy\" decoding=\"async\" width=\"300\" height=\"169\" src=\"https:\/\/www.radiopiu.net\/wordpress\/wp-content\/uploads\/2023\/05\/0-8-300x169.jpg\" class=\"attachment-medium size-medium\" alt=\"\" srcset=\"https:\/\/www.radiopiu.net\/wordpress\/wp-content\/uploads\/2023\/05\/0-8-300x169.jpg 300w, https:\/\/www.radiopiu.net\/wordpress\/wp-content\/uploads\/2023\/05\/0-8-1024x576.jpg 1024w, https:\/\/www.radiopiu.net\/wordpress\/wp-content\/uploads\/2023\/05\/0-8-768x432.jpg 768w, https:\/\/www.radiopiu.net\/wordpress\/wp-content\/uploads\/2023\/05\/0-8-1536x864.jpg 1536w, https:\/\/www.radiopiu.net\/wordpress\/wp-content\/uploads\/2023\/05\/0-8-2048x1152.jpg 2048w\" sizes=\"auto, (max-width: 300px) 100vw, 300px\" \/><\/a>\n\t\t\t\t<\/dt><\/dl><dl class='gallery-item'>\n\t\t\t\t<dt class='gallery-icon landscape'>\n\t\t\t\t\t<a class=\"rollover rollover-zoom dt-pswp-item\" title=\"0-1\" data-dt-img-description=\"\" data-large_image_width=\"2560\" data-large_image_height=\"1440\"href='https:\/\/www.radiopiu.net\/wordpress\/wp-content\/uploads\/2023\/05\/0-1-1-scaled.jpg'><img loading=\"lazy\" decoding=\"async\" width=\"300\" height=\"169\" src=\"https:\/\/www.radiopiu.net\/wordpress\/wp-content\/uploads\/2023\/05\/0-1-1-300x169.jpg\" class=\"attachment-medium size-medium\" alt=\"\" srcset=\"https:\/\/www.radiopiu.net\/wordpress\/wp-content\/uploads\/2023\/05\/0-1-1-300x169.jpg 300w, https:\/\/www.radiopiu.net\/wordpress\/wp-content\/uploads\/2023\/05\/0-1-1-1024x576.jpg 1024w, https:\/\/www.radiopiu.net\/wordpress\/wp-content\/uploads\/2023\/05\/0-1-1-768x432.jpg 768w, https:\/\/www.radiopiu.net\/wordpress\/wp-content\/uploads\/2023\/05\/0-1-1-1536x864.jpg 1536w, https:\/\/www.radiopiu.net\/wordpress\/wp-content\/uploads\/2023\/05\/0-1-1-2048x1152.jpg 2048w\" sizes=\"auto, (max-width: 300px) 100vw, 300px\" \/><\/a>\n\t\t\t\t<\/dt><\/dl><dl class='gallery-item'>\n\t\t\t\t<dt class='gallery-icon landscape'>\n\t\t\t\t\t<a class=\"rollover rollover-zoom dt-pswp-item\" title=\"0-2\" data-dt-img-description=\"\" data-large_image_width=\"2560\" data-large_image_height=\"1440\"href='https:\/\/www.radiopiu.net\/wordpress\/wp-content\/uploads\/2023\/05\/0-2-1-scaled.jpg'><img loading=\"lazy\" decoding=\"async\" width=\"300\" height=\"169\" src=\"https:\/\/www.radiopiu.net\/wordpress\/wp-content\/uploads\/2023\/05\/0-2-1-300x169.jpg\" class=\"attachment-medium size-medium\" alt=\"\" srcset=\"https:\/\/www.radiopiu.net\/wordpress\/wp-content\/uploads\/2023\/05\/0-2-1-300x169.jpg 300w, https:\/\/www.radiopiu.net\/wordpress\/wp-content\/uploads\/2023\/05\/0-2-1-1024x576.jpg 1024w, https:\/\/www.radiopiu.net\/wordpress\/wp-content\/uploads\/2023\/05\/0-2-1-768x432.jpg 768w, https:\/\/www.radiopiu.net\/wordpress\/wp-content\/uploads\/2023\/05\/0-2-1-1536x864.jpg 1536w, https:\/\/www.radiopiu.net\/wordpress\/wp-content\/uploads\/2023\/05\/0-2-1-2048x1152.jpg 2048w\" sizes=\"auto, (max-width: 300px) 100vw, 300px\" \/><\/a>\n\t\t\t\t<\/dt><\/dl><dl class='gallery-item'>\n\t\t\t\t<dt class='gallery-icon landscape'>\n\t\t\t\t\t<a class=\"rollover rollover-zoom dt-pswp-item\" title=\"0-3\" data-dt-img-description=\"\" data-large_image_width=\"2560\" data-large_image_height=\"1440\"href='https:\/\/www.radiopiu.net\/wordpress\/wp-content\/uploads\/2023\/05\/0-3-1-scaled.jpg'><img loading=\"lazy\" decoding=\"async\" width=\"300\" height=\"169\" src=\"https:\/\/www.radiopiu.net\/wordpress\/wp-content\/uploads\/2023\/05\/0-3-1-300x169.jpg\" class=\"attachment-medium size-medium\" alt=\"\" srcset=\"https:\/\/www.radiopiu.net\/wordpress\/wp-content\/uploads\/2023\/05\/0-3-1-300x169.jpg 300w, https:\/\/www.radiopiu.net\/wordpress\/wp-content\/uploads\/2023\/05\/0-3-1-1024x576.jpg 1024w, https:\/\/www.radiopiu.net\/wordpress\/wp-content\/uploads\/2023\/05\/0-3-1-768x432.jpg 768w, https:\/\/www.radiopiu.net\/wordpress\/wp-content\/uploads\/2023\/05\/0-3-1-1536x864.jpg 1536w, https:\/\/www.radiopiu.net\/wordpress\/wp-content\/uploads\/2023\/05\/0-3-1-2048x1152.jpg 2048w\" sizes=\"auto, (max-width: 300px) 100vw, 300px\" \/><\/a>\n\t\t\t\t<\/dt><\/dl><dl class='gallery-item'>\n\t\t\t\t<dt class='gallery-icon landscape'>\n\t\t\t\t\t<a class=\"rollover rollover-zoom dt-pswp-item\" title=\"0-4\" data-dt-img-description=\"\" data-large_image_width=\"2560\" data-large_image_height=\"1440\"href='https:\/\/www.radiopiu.net\/wordpress\/wp-content\/uploads\/2023\/05\/0-4-1-scaled.jpg'><img loading=\"lazy\" decoding=\"async\" width=\"300\" height=\"169\" src=\"https:\/\/www.radiopiu.net\/wordpress\/wp-content\/uploads\/2023\/05\/0-4-1-300x169.jpg\" class=\"attachment-medium size-medium\" alt=\"\" srcset=\"https:\/\/www.radiopiu.net\/wordpress\/wp-content\/uploads\/2023\/05\/0-4-1-300x169.jpg 300w, https:\/\/www.radiopiu.net\/wordpress\/wp-content\/uploads\/2023\/05\/0-4-1-1024x576.jpg 1024w, https:\/\/www.radiopiu.net\/wordpress\/wp-content\/uploads\/2023\/05\/0-4-1-768x432.jpg 768w, https:\/\/www.radiopiu.net\/wordpress\/wp-content\/uploads\/2023\/05\/0-4-1-1536x864.jpg 1536w, https:\/\/www.radiopiu.net\/wordpress\/wp-content\/uploads\/2023\/05\/0-4-1-2048x1152.jpg 2048w\" sizes=\"auto, (max-width: 300px) 100vw, 300px\" \/><\/a>\n\t\t\t\t<\/dt><\/dl><br style=\"clear: both\" \/><dl class='gallery-item'>\n\t\t\t\t<dt class='gallery-icon landscape'>\n\t\t\t\t\t<a class=\"rollover rollover-zoom dt-pswp-item\" title=\"0-5\" data-dt-img-description=\"\" data-large_image_width=\"2560\" data-large_image_height=\"1440\"href='https:\/\/www.radiopiu.net\/wordpress\/wp-content\/uploads\/2023\/05\/0-5-1-scaled.jpg'><img loading=\"lazy\" decoding=\"async\" width=\"300\" height=\"169\" src=\"https:\/\/www.radiopiu.net\/wordpress\/wp-content\/uploads\/2023\/05\/0-5-1-300x169.jpg\" class=\"attachment-medium size-medium\" alt=\"\" srcset=\"https:\/\/www.radiopiu.net\/wordpress\/wp-content\/uploads\/2023\/05\/0-5-1-300x169.jpg 300w, https:\/\/www.radiopiu.net\/wordpress\/wp-content\/uploads\/2023\/05\/0-5-1-1024x576.jpg 1024w, https:\/\/www.radiopiu.net\/wordpress\/wp-content\/uploads\/2023\/05\/0-5-1-768x432.jpg 768w, https:\/\/www.radiopiu.net\/wordpress\/wp-content\/uploads\/2023\/05\/0-5-1-1536x864.jpg 1536w, https:\/\/www.radiopiu.net\/wordpress\/wp-content\/uploads\/2023\/05\/0-5-1-2048x1152.jpg 2048w\" sizes=\"auto, (max-width: 300px) 100vw, 300px\" \/><\/a>\n\t\t\t\t<\/dt><\/dl><dl class='gallery-item'>\n\t\t\t\t<dt class='gallery-icon landscape'>\n\t\t\t\t\t<a class=\"rollover rollover-zoom dt-pswp-item\" title=\"0-6\" data-dt-img-description=\"\" data-large_image_width=\"2560\" data-large_image_height=\"1440\"href='https:\/\/www.radiopiu.net\/wordpress\/wp-content\/uploads\/2023\/05\/0-6-1-scaled.jpg'><img loading=\"lazy\" decoding=\"async\" width=\"300\" height=\"169\" src=\"https:\/\/www.radiopiu.net\/wordpress\/wp-content\/uploads\/2023\/05\/0-6-1-300x169.jpg\" class=\"attachment-medium size-medium\" alt=\"\" srcset=\"https:\/\/www.radiopiu.net\/wordpress\/wp-content\/uploads\/2023\/05\/0-6-1-300x169.jpg 300w, https:\/\/www.radiopiu.net\/wordpress\/wp-content\/uploads\/2023\/05\/0-6-1-1024x576.jpg 1024w, https:\/\/www.radiopiu.net\/wordpress\/wp-content\/uploads\/2023\/05\/0-6-1-768x432.jpg 768w, https:\/\/www.radiopiu.net\/wordpress\/wp-content\/uploads\/2023\/05\/0-6-1-1536x864.jpg 1536w, https:\/\/www.radiopiu.net\/wordpress\/wp-content\/uploads\/2023\/05\/0-6-1-2048x1152.jpg 2048w\" sizes=\"auto, (max-width: 300px) 100vw, 300px\" \/><\/a>\n\t\t\t\t<\/dt><\/dl><dl class='gallery-item'>\n\t\t\t\t<dt class='gallery-icon landscape'>\n\t\t\t\t\t<a class=\"rollover rollover-zoom dt-pswp-item\" title=\"0-7\" data-dt-img-description=\"\" data-large_image_width=\"2560\" data-large_image_height=\"1440\"href='https:\/\/www.radiopiu.net\/wordpress\/wp-content\/uploads\/2023\/05\/0-7-1-scaled.jpg'><img loading=\"lazy\" decoding=\"async\" width=\"300\" height=\"169\" src=\"https:\/\/www.radiopiu.net\/wordpress\/wp-content\/uploads\/2023\/05\/0-7-1-300x169.jpg\" class=\"attachment-medium size-medium\" alt=\"\" srcset=\"https:\/\/www.radiopiu.net\/wordpress\/wp-content\/uploads\/2023\/05\/0-7-1-300x169.jpg 300w, https:\/\/www.radiopiu.net\/wordpress\/wp-content\/uploads\/2023\/05\/0-7-1-1024x576.jpg 1024w, https:\/\/www.radiopiu.net\/wordpress\/wp-content\/uploads\/2023\/05\/0-7-1-768x432.jpg 768w, https:\/\/www.radiopiu.net\/wordpress\/wp-content\/uploads\/2023\/05\/0-7-1-1536x864.jpg 1536w, https:\/\/www.radiopiu.net\/wordpress\/wp-content\/uploads\/2023\/05\/0-7-1-2048x1152.jpg 2048w\" sizes=\"auto, (max-width: 300px) 100vw, 300px\" \/><\/a>\n\t\t\t\t<\/dt><\/dl><dl class='gallery-item'>\n\t\t\t\t<dt class='gallery-icon landscape'>\n\t\t\t\t\t<a class=\"rollover rollover-zoom dt-pswp-item\" title=\"0-8\" data-dt-img-description=\"\" data-large_image_width=\"2560\" data-large_image_height=\"1440\"href='https:\/\/www.radiopiu.net\/wordpress\/wp-content\/uploads\/2023\/05\/0-8-1-scaled.jpg'><img loading=\"lazy\" decoding=\"async\" width=\"300\" height=\"169\" src=\"https:\/\/www.radiopiu.net\/wordpress\/wp-content\/uploads\/2023\/05\/0-8-1-300x169.jpg\" class=\"attachment-medium size-medium\" alt=\"\" srcset=\"https:\/\/www.radiopiu.net\/wordpress\/wp-content\/uploads\/2023\/05\/0-8-1-300x169.jpg 300w, https:\/\/www.radiopiu.net\/wordpress\/wp-content\/uploads\/2023\/05\/0-8-1-1024x576.jpg 1024w, https:\/\/www.radiopiu.net\/wordpress\/wp-content\/uploads\/2023\/05\/0-8-1-768x432.jpg 768w, https:\/\/www.radiopiu.net\/wordpress\/wp-content\/uploads\/2023\/05\/0-8-1-1536x864.jpg 1536w, https:\/\/www.radiopiu.net\/wordpress\/wp-content\/uploads\/2023\/05\/0-8-1-2048x1152.jpg 2048w\" sizes=\"auto, (max-width: 300px) 100vw, 300px\" \/><\/a>\n\t\t\t\t<\/dt><\/dl><dl class='gallery-item'>\n\t\t\t\t<dt class='gallery-icon landscape'>\n\t\t\t\t\t<a class=\"rollover rollover-zoom dt-pswp-item\" title=\"0-9\" data-dt-img-description=\"\" data-large_image_width=\"2560\" data-large_image_height=\"1440\"href='https:\/\/www.radiopiu.net\/wordpress\/wp-content\/uploads\/2023\/05\/0-9-scaled.jpg'><img loading=\"lazy\" decoding=\"async\" width=\"300\" height=\"169\" src=\"https:\/\/www.radiopiu.net\/wordpress\/wp-content\/uploads\/2023\/05\/0-9-300x169.jpg\" class=\"attachment-medium size-medium\" alt=\"\" srcset=\"https:\/\/www.radiopiu.net\/wordpress\/wp-content\/uploads\/2023\/05\/0-9-300x169.jpg 300w, https:\/\/www.radiopiu.net\/wordpress\/wp-content\/uploads\/2023\/05\/0-9-1024x576.jpg 1024w, https:\/\/www.radiopiu.net\/wordpress\/wp-content\/uploads\/2023\/05\/0-9-768x432.jpg 768w, https:\/\/www.radiopiu.net\/wordpress\/wp-content\/uploads\/2023\/05\/0-9-1536x864.jpg 1536w, https:\/\/www.radiopiu.net\/wordpress\/wp-content\/uploads\/2023\/05\/0-9-2048x1152.jpg 2048w\" sizes=\"auto, (max-width: 300px) 100vw, 300px\" \/><\/a>\n\t\t\t\t<\/dt><\/dl><br style=\"clear: both\" \/>\n\t\t\t<\/div>\n\n<p>&nbsp;<\/p>\n<p><span style=\"color: #0000ff;\"><strong>CORSA CAMPESTRE<\/strong><\/span><\/p>\n<blockquote>\n<h3>OTTIMA PRESTAZIONE DI ALYSSA FRIZ E LAILA SOPPELSA A PELOS PER IL CRITERIUM CADORINO<\/h3>\n<\/blockquote>\n<p><a class=\"dt-pswp-item\" href=\"https:\/\/www.radiopiu.net\/wordpress\/wp-content\/uploads\/2023\/05\/CorsaCampestre059.jpg\" data-dt-img-description=\"Cesenatico-Corsa Campestre CSI\" data-large_image_width=\"1400\" data-large_image_height=\"905\"><img loading=\"lazy\" decoding=\"async\" class=\"alignleft wp-image-336789 \" src=\"https:\/\/www.radiopiu.net\/wordpress\/wp-content\/uploads\/2023\/05\/CorsaCampestre059-300x194.jpg\" alt=\"\" width=\"192\" height=\"124\" srcset=\"https:\/\/www.radiopiu.net\/wordpress\/wp-content\/uploads\/2023\/05\/CorsaCampestre059-300x194.jpg 300w, https:\/\/www.radiopiu.net\/wordpress\/wp-content\/uploads\/2023\/05\/CorsaCampestre059-1024x662.jpg 1024w, https:\/\/www.radiopiu.net\/wordpress\/wp-content\/uploads\/2023\/05\/CorsaCampestre059-768x496.jpg 768w, https:\/\/www.radiopiu.net\/wordpress\/wp-content\/uploads\/2023\/05\/CorsaCampestre059.jpg 1400w\" sizes=\"auto, (max-width: 192px) 100vw, 192px\" \/><\/a><strong>di Marco Gaz<\/strong><\/p>\n<p><strong>REDAZIONE<\/strong> Continua il Criterium Cadorino CSI arrivato alla sua 26\u00b0 edizione. Ultima tappa in ordine di tempo quella di Pelos a Vigo di Cadore. In campo anche alcuni atleti dell&#8217;Atletica Agordina. Nella categoria Ragazzi Femminile ottima prova di Alyssa Friz che ha chiuso la sua prova al secondo posto. Bene anche Laila Soppelsa che nella stessa categoria ha ottenuto un quinto posto. Un&#8217;ottima stagione al momento per le ragazze capitanate dal presidente Fernando Soccol che nelle ultime prove hanno fatto vedere dei buoni risultati. Criterium Cadorino che terminer\u00e0 domenica prossima con l&#8217;ultima prova a Fiames di Cortina. (foto archivio)<\/p>\n<p>&nbsp;<\/p>\n<p><span style=\"color: #0000ff;\"><strong>CICLISMO<\/strong><\/span><\/p>\n<blockquote>\n<h3>OLTRE 200 ALLA PEDALATA ROSA<\/h3>\n<\/blockquote>\n<p><strong>LONGARONE <\/strong>Una festa colorata e sui pedali ha animato ieri il quartiere di Longarone Fiere Dolomiti. La \u201cPedalata rosa\u201d ha portato oltre 200 persone a percorrere la ciclabile da Soverzene per una giornata che anticipa l\u2019abbuffata di ciclismo dei prossimi giorni, quando Longarone vedr\u00e0 transitare la tappa Oderzo-Palafavera (25 maggio) e soprattutto sar\u00e0 partenza del tappone dolomitico (26 maggio).\u00a0 Famiglie, bambini, appassionati di ciclismo\u2026 la \u201cPedalata rosa\u201d &#8211; organizzata da Longarone Fiere Dolomiti con la collaborazione del Veloce Club &#8211; ha messo in sella proprio tutti. C\u2019erano biciclette da corsa, mountain-bike, bici da citt\u00e0 e da Gravel, e le immancabili e-bike. Un gruppo \u00e8 partito da Villa Montalban a Belluno. Un altro da Ponte nelle Alpi e un altro ancora da Paiane. Tutti si sono ritrovati nella piazza di Soverzene per il \u201cchilometro zero\u201d e la partenza vera e propria. Poi via, lungo la ciclabile, con sosta a Provagna per un rinfresco organizzato dal locale circolo, e arrivo a Longarone Fiere dove ad attendere i ciclisti c\u2019era il pasta party organizzato dalla Proloco di Longarone.<\/p>\n\n\t\t\t<style type='text\/css'>\n\t\t\t\t#gallery-11 {\n\t\t\t\t\tmargin: auto;\n\t\t\t\t}\n\t\t\t\t#gallery-11 .gallery-item {\n\t\t\t\t\tfloat: left;\n\t\t\t\t\tmargin-top: 10px;\n\t\t\t\t\ttext-align: center;\n\t\t\t\t\twidth: 33%;\n\t\t\t\t}\n\t\t\t\t#gallery-11 img {\n\t\t\t\t\tborder: 2px solid #cfcfcf;\n\t\t\t\t}\n\t\t\t\t#gallery-11 .gallery-caption {\n\t\t\t\t\tmargin-left: 0;\n\t\t\t\t}\n\t\t\t\t\/* see gallery_shortcode() in wp-includes\/media.php *\/\n\t\t\t<\/style>\n\t\t<div id='gallery-11' class='dt-gallery-container gallery galleryid-336656 gallery-columns-3 gallery-size-medium'><dl class='gallery-item'>\n\t\t\t\t<dt class='gallery-icon landscape'>\n\t\t\t\t\t<a class=\"rollover rollover-zoom dt-pswp-item\" title=\"20230521 - Pedalata rosa 01\" data-dt-img-description=\"\" data-large_image_width=\"1280\" data-large_image_height=\"855\"href='https:\/\/www.radiopiu.net\/wordpress\/wp-content\/uploads\/2023\/05\/20230521-Pedalata-rosa-01.jpg'><img loading=\"lazy\" decoding=\"async\" width=\"300\" height=\"200\" src=\"https:\/\/www.radiopiu.net\/wordpress\/wp-content\/uploads\/2023\/05\/20230521-Pedalata-rosa-01-300x200.jpg\" class=\"attachment-medium size-medium\" alt=\"\" srcset=\"https:\/\/www.radiopiu.net\/wordpress\/wp-content\/uploads\/2023\/05\/20230521-Pedalata-rosa-01-300x200.jpg 300w, https:\/\/www.radiopiu.net\/wordpress\/wp-content\/uploads\/2023\/05\/20230521-Pedalata-rosa-01-1024x684.jpg 1024w, https:\/\/www.radiopiu.net\/wordpress\/wp-content\/uploads\/2023\/05\/20230521-Pedalata-rosa-01-768x513.jpg 768w, https:\/\/www.radiopiu.net\/wordpress\/wp-content\/uploads\/2023\/05\/20230521-Pedalata-rosa-01.jpg 1280w\" sizes=\"auto, (max-width: 300px) 100vw, 300px\" \/><\/a>\n\t\t\t\t<\/dt><\/dl><dl class='gallery-item'>\n\t\t\t\t<dt class='gallery-icon landscape'>\n\t\t\t\t\t<a class=\"rollover rollover-zoom dt-pswp-item\" title=\"20230521 - Pedalata rosa 02\" data-dt-img-description=\"\" data-large_image_width=\"1280\" data-large_image_height=\"855\"href='https:\/\/www.radiopiu.net\/wordpress\/wp-content\/uploads\/2023\/05\/20230521-Pedalata-rosa-02.jpg'><img loading=\"lazy\" decoding=\"async\" width=\"300\" height=\"200\" src=\"https:\/\/www.radiopiu.net\/wordpress\/wp-content\/uploads\/2023\/05\/20230521-Pedalata-rosa-02-300x200.jpg\" class=\"attachment-medium size-medium\" alt=\"\" srcset=\"https:\/\/www.radiopiu.net\/wordpress\/wp-content\/uploads\/2023\/05\/20230521-Pedalata-rosa-02-300x200.jpg 300w, https:\/\/www.radiopiu.net\/wordpress\/wp-content\/uploads\/2023\/05\/20230521-Pedalata-rosa-02-1024x684.jpg 1024w, https:\/\/www.radiopiu.net\/wordpress\/wp-content\/uploads\/2023\/05\/20230521-Pedalata-rosa-02-768x513.jpg 768w, https:\/\/www.radiopiu.net\/wordpress\/wp-content\/uploads\/2023\/05\/20230521-Pedalata-rosa-02.jpg 1280w\" sizes=\"auto, (max-width: 300px) 100vw, 300px\" \/><\/a>\n\t\t\t\t<\/dt><\/dl><dl class='gallery-item'>\n\t\t\t\t<dt class='gallery-icon landscape'>\n\t\t\t\t\t<a class=\"rollover rollover-zoom dt-pswp-item\" title=\"20230521 - Pedalata rosa 03\" data-dt-img-description=\"\" data-large_image_width=\"1280\" data-large_image_height=\"960\"href='https:\/\/www.radiopiu.net\/wordpress\/wp-content\/uploads\/2023\/05\/20230521-Pedalata-rosa-03.jpg'><img loading=\"lazy\" decoding=\"async\" width=\"300\" height=\"225\" src=\"https:\/\/www.radiopiu.net\/wordpress\/wp-content\/uploads\/2023\/05\/20230521-Pedalata-rosa-03-300x225.jpg\" class=\"attachment-medium size-medium\" alt=\"\" srcset=\"https:\/\/www.radiopiu.net\/wordpress\/wp-content\/uploads\/2023\/05\/20230521-Pedalata-rosa-03-300x225.jpg 300w, https:\/\/www.radiopiu.net\/wordpress\/wp-content\/uploads\/2023\/05\/20230521-Pedalata-rosa-03-1024x768.jpg 1024w, https:\/\/www.radiopiu.net\/wordpress\/wp-content\/uploads\/2023\/05\/20230521-Pedalata-rosa-03-768x576.jpg 768w, https:\/\/www.radiopiu.net\/wordpress\/wp-content\/uploads\/2023\/05\/20230521-Pedalata-rosa-03.jpg 1280w\" sizes=\"auto, (max-width: 300px) 100vw, 300px\" \/><\/a>\n\t\t\t\t<\/dt><\/dl><br style=\"clear: both\" \/>\n\t\t\t<\/div>\n\n<p>&nbsp;<\/p>\n<p><span style=\"color: #0000ff;\"><strong>CORSA IN MONTAGNA<\/strong><\/span><\/p>\n<blockquote>\n<h3>ALBERTO VENDER E GIULIA POL VINCONO L&#8217;OTTAVA EDIZIONE DE LA VELENOSA<\/h3>\n<\/blockquote>\n<p><strong>BELLUNO<\/strong> Alberto Vender (Dinamo Running Team) con il tempo di 1:04\u201934\u2019\u2019 vince edizione 2023 de \u201cLa Velenosa\u201d, gara podistica di 14 chilometri che si \u00e8 corsa alle pendici del Monte Terne, all\u2019ombra della Schiara. In campo femminile Giulia Pol (The North face) bissa il successo dello scorso anno con il tempo di 1:22\u201959\u2019\u2019.\u2028 Sul tracciato disegnato tra i sentieri del Terne, 1150 runner, suddivisi nei due tracciati, hanno vissuto una giornata di sport e di festa dove il bel tempo ha reso memorabile il passaggio al GPM gremito di pubblico. Poco sopra di loro il Monte Terne e la Schiara con la sua Gusela del Vescov\u00e0, simbolo indiscusso della Valbelluna, hanno fatto da cornice naturale all\u2019evento.<\/p>\n\n\t\t\t<style type='text\/css'>\n\t\t\t\t#gallery-12 {\n\t\t\t\t\tmargin: auto;\n\t\t\t\t}\n\t\t\t\t#gallery-12 .gallery-item {\n\t\t\t\t\tfloat: left;\n\t\t\t\t\tmargin-top: 10px;\n\t\t\t\t\ttext-align: center;\n\t\t\t\t\twidth: 50%;\n\t\t\t\t}\n\t\t\t\t#gallery-12 img {\n\t\t\t\t\tborder: 2px solid #cfcfcf;\n\t\t\t\t}\n\t\t\t\t#gallery-12 .gallery-caption {\n\t\t\t\t\tmargin-left: 0;\n\t\t\t\t}\n\t\t\t\t\/* see gallery_shortcode() in wp-includes\/media.php *\/\n\t\t\t<\/style>\n\t\t<div id='gallery-12' class='dt-gallery-container gallery galleryid-336656 gallery-columns-2 gallery-size-medium'><dl class='gallery-item'>\n\t\t\t\t<dt class='gallery-icon landscape'>\n\t\t\t\t\t<a class=\"rollover rollover-zoom dt-pswp-item\" title=\"ALBERTO_VENDER_DSC4627\" data-dt-img-description=\"\" data-large_image_width=\"2309\" data-large_image_height=\"1732\"href='https:\/\/www.radiopiu.net\/wordpress\/wp-content\/uploads\/2023\/05\/ALBERTO_VENDER_DSC4627.jpg'><img loading=\"lazy\" decoding=\"async\" width=\"300\" height=\"225\" src=\"https:\/\/www.radiopiu.net\/wordpress\/wp-content\/uploads\/2023\/05\/ALBERTO_VENDER_DSC4627-300x225.jpg\" class=\"attachment-medium size-medium\" alt=\"\" aria-describedby=\"gallery-12-336813\" srcset=\"https:\/\/www.radiopiu.net\/wordpress\/wp-content\/uploads\/2023\/05\/ALBERTO_VENDER_DSC4627-300x225.jpg 300w, https:\/\/www.radiopiu.net\/wordpress\/wp-content\/uploads\/2023\/05\/ALBERTO_VENDER_DSC4627-1024x768.jpg 1024w, https:\/\/www.radiopiu.net\/wordpress\/wp-content\/uploads\/2023\/05\/ALBERTO_VENDER_DSC4627-768x576.jpg 768w, https:\/\/www.radiopiu.net\/wordpress\/wp-content\/uploads\/2023\/05\/ALBERTO_VENDER_DSC4627-1536x1152.jpg 1536w, https:\/\/www.radiopiu.net\/wordpress\/wp-content\/uploads\/2023\/05\/ALBERTO_VENDER_DSC4627-2048x1536.jpg 2048w\" sizes=\"auto, (max-width: 300px) 100vw, 300px\" \/><\/a>\n\t\t\t\t<\/dt>\n\t\t\t\t\t<dd class='wp-caption-text gallery-caption' id='gallery-12-336813'>\n\t\t\t\t\tALBERTO VENDER\n\t\t\t\t\t<\/dd><\/dl><dl class='gallery-item'>\n\t\t\t\t<dt class='gallery-icon landscape'>\n\t\t\t\t\t<a class=\"rollover rollover-zoom dt-pswp-item\" title=\"GULIA-POL_DSC4771\" data-dt-img-description=\"\" data-large_image_width=\"2309\" data-large_image_height=\"1732\"href='https:\/\/www.radiopiu.net\/wordpress\/wp-content\/uploads\/2023\/05\/GULIA-POL_DSC4771.jpg'><img loading=\"lazy\" decoding=\"async\" width=\"300\" height=\"225\" src=\"https:\/\/www.radiopiu.net\/wordpress\/wp-content\/uploads\/2023\/05\/GULIA-POL_DSC4771-300x225.jpg\" class=\"attachment-medium size-medium\" alt=\"\" aria-describedby=\"gallery-12-336812\" srcset=\"https:\/\/www.radiopiu.net\/wordpress\/wp-content\/uploads\/2023\/05\/GULIA-POL_DSC4771-300x225.jpg 300w, https:\/\/www.radiopiu.net\/wordpress\/wp-content\/uploads\/2023\/05\/GULIA-POL_DSC4771-1024x768.jpg 1024w, https:\/\/www.radiopiu.net\/wordpress\/wp-content\/uploads\/2023\/05\/GULIA-POL_DSC4771-768x576.jpg 768w, https:\/\/www.radiopiu.net\/wordpress\/wp-content\/uploads\/2023\/05\/GULIA-POL_DSC4771-1536x1152.jpg 1536w, https:\/\/www.radiopiu.net\/wordpress\/wp-content\/uploads\/2023\/05\/GULIA-POL_DSC4771-2048x1536.jpg 2048w\" sizes=\"auto, (max-width: 300px) 100vw, 300px\" \/><\/a>\n\t\t\t\t<\/dt>\n\t\t\t\t\t<dd class='wp-caption-text gallery-caption' id='gallery-12-336812'>\n\t\t\t\t\tGIULIA POL\n\t\t\t\t\t<\/dd><\/dl><br style=\"clear: both\" \/>\n\t\t\t<\/div>\n\n<p>&nbsp;<\/p>\n<p>&nbsp;<\/p>\n<p>&nbsp;<\/p>\n<\/div>\n","protected":false},"excerpt":{"rendered":"<p>ISCRIVITI AL NOSTRO CANALE\u00a0 YOUTUBE PER SEGUIRE IN DIRETTA I PRINCIPALI PROGRAMMI DI RADIO PIU&#8217; E LE FUTURE DIRETTE IN ESTERNA. PER ISCRIVERTI CLICCA QUI E PREMI\u00a0 &#8220;Iscriviti&#8221;\u00a0 &nbsp; OGGI ALLA RADIO: ALLE 10.30 E 19.00 I PERITI MINERARI DALL&#8217;AGORDINO AL MONDO: CLAUDIO MAZZAROL. ALLE 13.10 SALUTE E SOCIETA&#8217;, LA RUBRICA DI MEDICINA ALLA RADIO&hellip;<\/p>\n","protected":false},"author":4,"featured_media":336894,"comment_status":"closed","ping_status":"closed","sticky":false,"template":"","format":"standard","meta":{"_monsterinsights_skip_tracking":false,"_monsterinsights_sitenote_active":false,"_monsterinsights_sitenote_note":"","_monsterinsights_sitenote_category":0,"footnotes":""},"categories":[51,86,49],"tags":[],"class_list":["post-336656","post","type-post","status-publish","format-standard","has-post-thumbnail","hentry","category-evidenza-top","category-gr","category-news-18","category-51","category-86","category-49","description-off"],"img_url":"https:\/\/www.radiopiu.net\/wordpress\/wp-content\/uploads\/2023\/05\/5e67c14f-37a2-4689-9221-b70849013179.jpg","_links":{"self":[{"href":"https:\/\/www.radiopiu.net\/wordpress\/wp-json\/wp\/v2\/posts\/336656","targetHints":{"allow":["GET"]}}],"collection":[{"href":"https:\/\/www.radiopiu.net\/wordpress\/wp-json\/wp\/v2\/posts"}],"about":[{"href":"https:\/\/www.radiopiu.net\/wordpress\/wp-json\/wp\/v2\/types\/post"}],"author":[{"embeddable":true,"href":"https:\/\/www.radiopiu.net\/wordpress\/wp-json\/wp\/v2\/users\/4"}],"replies":[{"embeddable":true,"href":"https:\/\/www.radiopiu.net\/wordpress\/wp-json\/wp\/v2\/comments?post=336656"}],"version-history":[{"count":0,"href":"https:\/\/www.radiopiu.net\/wordpress\/wp-json\/wp\/v2\/posts\/336656\/revisions"}],"wp:featuredmedia":[{"embeddable":true,"href":"https:\/\/www.radiopiu.net\/wordpress\/wp-json\/wp\/v2\/media\/336894"}],"wp:attachment":[{"href":"https:\/\/www.radiopiu.net\/wordpress\/wp-json\/wp\/v2\/media?parent=336656"}],"wp:term":[{"taxonomy":"category","embeddable":true,"href":"https:\/\/www.radiopiu.net\/wordpress\/wp-json\/wp\/v2\/categories?post=336656"},{"taxonomy":"post_tag","embeddable":true,"href":"https:\/\/www.radiopiu.net\/wordpress\/wp-json\/wp\/v2\/tags?post=336656"}],"curies":[{"name":"wp","href":"https:\/\/api.w.org\/{rel}","templated":true}]}}