{"id":336675,"date":"2023-05-20T09:43:54","date_gmt":"2023-05-20T07:43:54","guid":{"rendered":"https:\/\/www.radiopiu.net\/wordpress\/?p=336675"},"modified":"2023-05-20T09:43:54","modified_gmt":"2023-05-20T07:43:54","slug":"anche-in-veneto-levasione-cala","status":"publish","type":"post","link":"https:\/\/www.radiopiu.net\/wordpress\/anche-in-veneto-levasione-cala\/","title":{"rendered":"ANCHE IN VENETO L\u2019EVASIONE CALA"},"content":{"rendered":"<p><a class=\"dt-pswp-item\" href=\"https:\/\/www.radiopiu.net\/wordpress\/wp-content\/uploads\/2023\/05\/Schermata-2023-05-20-alle-09.41.43.png\" data-dt-img-description=\"\" data-large_image_width=\"788\" data-large_image_height=\"796\"><img loading=\"lazy\" decoding=\"async\" class=\"size-medium wp-image-336679 alignleft\" src=\"https:\/\/www.radiopiu.net\/wordpress\/wp-content\/uploads\/2023\/05\/Schermata-2023-05-20-alle-09.41.43-297x300.png\" alt=\"\" width=\"297\" height=\"300\" srcset=\"https:\/\/www.radiopiu.net\/wordpress\/wp-content\/uploads\/2023\/05\/Schermata-2023-05-20-alle-09.41.43-297x300.png 297w, https:\/\/www.radiopiu.net\/wordpress\/wp-content\/uploads\/2023\/05\/Schermata-2023-05-20-alle-09.41.43-768x776.png 768w, https:\/\/www.radiopiu.net\/wordpress\/wp-content\/uploads\/2023\/05\/Schermata-2023-05-20-alle-09.41.43.png 788w\" sizes=\"auto, (max-width: 297px) 100vw, 297px\" \/><\/a>Tra il 2014 e il 2020 (ultimo anno in cui i dati sono disponibili), la stima dell\u2019evasione fiscale in Veneto \u00e8 diminuita di 2,2 miliardi di euro (-23,7 per cento). Sebbene il 2020 sia stato un anno molto particolare a causa della pandemia, in questi 6 anni il tax gap nella nostra regione stimato dall\u2019Ufficio studi della CGIA \u00e8 sceso da 9,36 a 7,15 miliardi di euro (vedi Tab. 1).<\/p>\n<p>E sebbene in Veneto l\u2019evasione abbia una dimensione tra le pi\u00f9 contenute d\u2019Italia, l\u2019Amministrazione finanziaria \u00e8 comunque riuscita a imboccare la strada giusta per combattere efficacemente questa piaga sociale ed economica. Tra la compliance fiscale, lo split payment, la fatturazione elettronica e l\u2019invio telematico dei corrispettivi, una serie di contribuenti \u2013 tra cui gli evasori incalliti, chi riceveva i pagamenti dallo Stato per un servizio o una prestazione lavorativa resa e poi non versava l\u2019Iva e, infine, i professionisti delle cosiddette \u201cfrodi carosello\u201d &#8211; sono stati indotti a ravvedersi. Non solo; anche il leggero calo della pressione fiscale registrato in questi ultimi anni ha sicuramente avuto un effetto positivo sul fronte delle entrate. Sebbene sia ancora del tutto insufficiente, la contrazione del carico fiscale ha contribuito, in parte, a ridurre l\u2019evasione, soprattutto quella che in gergo viene chiamata di \u201csopravvivenza\u201d. Purtroppo, chi \u00e8 completamente sconosciuto al fisco continua imperterrito a farla franca, cos\u00ec come le organizzazioni criminali di stampo mafioso che sempre con maggior dedizione seguitano a coltivare i propri traffici illegali. Poco \u201csensibili\u201d alla fedelt\u00e0 fiscale lo sono anche quelle multinazionali e i giganti del web che, anche in Veneto, realizzano profitti milionari, ma la stragrande maggioranza delle imposte le versano nei paesi a elevata fiscalit\u00e0 di vantaggio.<\/p>\n<p><strong>Evasione: a rischio \u00e8 in particolar modo il Sud.<\/strong><br \/>\nI contribuenti veneti sono tra i pi\u00f9 fedeli al fisco<br \/>\nNel 2020 il peso dell\u2019economia non osservata sul valore aggiunto nazionale (Pil) era all\u2019 11,6 per cento, pari a 174,6 miliardi di euro. Nelle varie aree del Paese, il sommerso economico ha una diversa incidenza sulla ricchezza prodotta: il 9,2 per cento a Nordovest, il 9,8 per cento a Nordest, sale al 12 per cento al Centro e raggiunge il 16,8 per cento nel Mezzogiorno. Specularmente, per ogni regione il mancato gettito tributario e contributivo che, invece, si aggira attorno ai 90 miliardi di euro. In altre parole \u00e8 come se, a livello nazionale, a fronte di ogni 100 euro di gettito incassato ne venissero evasi 13,2. Nel Nordovest, l\u2019Ufficio studi della CGIA stima che l\u2019ammontare totale del gettito evaso sia pari a 23,4 miliardi di euro; pertanto, ogni 100 euro incassati se ne perdono 10,3, nel Nordest 11,1 (17,6 miliardi di gettito eroso dagli evasori), al Centro 13,6 (19,8 miliardi di gettito perso) e nel Mezzogiorno 19 (29,1 miliardi di gettito perso).<br \/>\nA livello regionale, infine, la situazione pi\u00f9 critica la scorgiamo nel Sud: nella classifica di euro evasi ogni 100 euro incassati, in Puglia se ne \u201cperdono\u201d 19,2 euro, in Campania 20 e in Calabria 21,3. Si tratta di cifre doppie rispetto a quelle che si registrano nelle regioni meno interessate dal fenomeno evasivo: Veneto (11,4 euro), Friuli Venezia Giulia (10,6 euro), Provincia di Trento (10,2 euro) e Lombardia (9,5 euro). Il territorio nazionale pi\u00f9 fedele al fisco \u00e8 la Provincia di Bolzano che presenta un\u2019evasione di 9,3 euro ogni 100 incassati (vedi Tab. 2).<\/p>\n<p><strong><a class=\"dt-pswp-item\" href=\"https:\/\/www.radiopiu.net\/wordpress\/wp-content\/uploads\/2023\/05\/Schermata-2023-05-20-alle-09.42.20.png\" data-dt-img-description=\"\" data-large_image_width=\"946\" data-large_image_height=\"1566\"><img loading=\"lazy\" decoding=\"async\" class=\"size-medium wp-image-336678 alignleft\" src=\"https:\/\/www.radiopiu.net\/wordpress\/wp-content\/uploads\/2023\/05\/Schermata-2023-05-20-alle-09.42.20-181x300.png\" alt=\"\" width=\"181\" height=\"300\" srcset=\"https:\/\/www.radiopiu.net\/wordpress\/wp-content\/uploads\/2023\/05\/Schermata-2023-05-20-alle-09.42.20-181x300.png 181w, https:\/\/www.radiopiu.net\/wordpress\/wp-content\/uploads\/2023\/05\/Schermata-2023-05-20-alle-09.42.20-619x1024.png 619w, https:\/\/www.radiopiu.net\/wordpress\/wp-content\/uploads\/2023\/05\/Schermata-2023-05-20-alle-09.42.20-768x1271.png 768w, https:\/\/www.radiopiu.net\/wordpress\/wp-content\/uploads\/2023\/05\/Schermata-2023-05-20-alle-09.42.20-928x1536.png 928w, https:\/\/www.radiopiu.net\/wordpress\/wp-content\/uploads\/2023\/05\/Schermata-2023-05-20-alle-09.42.20.png 946w\" sizes=\"auto, (max-width: 181px) 100vw, 181px\" \/><\/a>Ora bisogna tagliare le tasse<\/strong><\/p>\n<p>Se riusciremo a contrastare con maggiore incisivit\u00e0 l\u2019economia sommersa, faremo pagare le tasse alle multinazionali del web e ai colossi dell\u2019e-commerce presenti nel nostro Paese, riusciremo a incrociare in maniera efficace le 161 banche dati fiscali che possiede la nostra Amministrazione finanziaria e, infine, assisteremo a una seria riforma del fisco che tagli strutturalmente il peso del fisco su tutti i contribuenti, non \u00e8 da escludere che nel giro dei prossimi 4\/5 anni l\u2019evasione fiscale presente in Italia potrebbe addirittura ridursi della met\u00e0, allineandosi cos\u00ec al dato medio europeo.<\/p>\n<p><strong>Irpef: gli autonomi pagano di pi\u00f9 dei dipendenti<\/strong><\/p>\n<p>In queste ultime settimane, in particolar modo da parte della CGIL e della UIL, si sostiene che l\u2019imposta sul reddito delle persone fisiche (Irpef) sarebbe pagata quasi interamente da pensionati e lavoratori dipendenti. Ci permettiamo di segnalare che questa affermazione \u00e8 del tutto fuorviante, perch\u00e9 sottende che in Italia a versare la quasi totalit\u00e0 dell\u2019Irpef sarebbero solo due categorie di contribuenti: quelle richiamate poc\u2019anzi. In realt\u00e0 chi continua a ripetere questa ovviet\u00e0 \u00e8 \u201cvittima\u201d di un grave abbaglio statistico\/interpretativo. Se, infatti, \u00e8 palese che l\u201984 per cento dell\u2019Irpef totale \u00e8 versata all\u2019erario da pensionati e lavoratori dipendenti, ci\u00f2 avviene perch\u00e9 queste due categorie rappresentano l\u201989 per cento del totale dei contribuenti Irpef presenti in Italia. L\u2019altro 11 per cento circa, invece, \u00e8 costituito da percettori di altre categorie di reddito. In particolare, i lavoratori autonomi sono l\u20198,5 per cento del totale dei contribuenti Irpef. Se si vuole dimostrare lo squilibrio del carico fiscale legato all\u2019Irpef, la metodologia \u201ccorretta\u201d sta nel calcolare l\u2019importo medio versato da ciascun contribuente facente parte di ognuna delle tre principali tipologie che pagano l\u2019imposta sulle persone fisiche: ovvero autonomi, dipendenti e pensionati. Applicando questa metodica, ai dati sui redditi relativi al 2019 (fonte Ministero dell\u2019Economia e delle Finanze), emerge che, mediamente, i pensionati pagano un\u2019Irpef netta annua di 3.281 euro, i lavoratori dipendenti di 4.061 euro e gli imprenditori\/lavoratori autonomi di 6.026 euro. Sia chiaro, l\u2019evasione fiscale in Italia c\u2019\u00e8 ed \u00e8 presente in tutte le categorie di contribuenti, quindi, anche tra i lavoratori autonomi e gli imprenditori. Pertanto, l\u2019evasione va contrastata ovunque essa si annidi, senza per\u00f2 accusare pregiudizialmente nessuno, tantomeno attraverso l\u2019interpretazione scorretta di dati molto parziali, cos\u00ec come \u00e8 successo in queste ultime settimane.<\/p>\n<p><strong>In attesa della riforma fiscale<\/strong><br \/>\nIn attesa dell\u2019approvazione dei decreti attuativi, per l\u2019Ufficio studi della CGIA una riforma fiscale importante che abbia l\u2019ambizione di definirsi tale deve, innanzitutto, indicare preventivamente quanto costa e dove si recuperano le coperture, dopodich\u00e9 ha il compito di conseguire, in tempi ragionevolmente brevi, almeno altri tre obbiettivi:<br \/>\nla riduzione del carico fiscale a famiglie e imprese;<br \/>\nla semplificazione del rapporto tra il fisco e il contribuente;<br \/>\nla riduzione dell\u2019evasione e dell\u2019elusione fiscale.<br \/>\nIl mancato raggiungimento di questi punti costituisce un serio pericolo che la stessa sia destinata a fallire o comunque non in grado di dare una seria risposta alle tante istanze sollevate dai contribuenti italiani che da decenni chiedono un fisco pi\u00f9 equo e meno complicato.<\/p>\n","protected":false},"excerpt":{"rendered":"<p>Tra il 2014 e il 2020 (ultimo anno in cui i dati sono disponibili), la stima dell\u2019evasione fiscale in Veneto \u00e8 diminuita di 2,2 miliardi di euro (-23,7 per cento). Sebbene il 2020 sia stato un anno molto particolare a causa della pandemia, in questi 6 anni il tax gap nella nostra regione stimato dall\u2019Ufficio&hellip;<\/p>\n","protected":false},"author":2,"featured_media":146655,"comment_status":"closed","ping_status":"closed","sticky":false,"template":"","format":"standard","meta":{"_monsterinsights_skip_tracking":false,"_monsterinsights_sitenote_active":false,"_monsterinsights_sitenote_note":"","_monsterinsights_sitenote_category":0,"footnotes":""},"categories":[49],"tags":[],"class_list":["post-336675","post","type-post","status-publish","format-standard","has-post-thumbnail","hentry","category-news-18","category-49","description-off"],"img_url":"https:\/\/www.radiopiu.net\/wordpress\/wp-content\/uploads\/2020\/06\/vista-frontale-dei-soldi-della-holding-della-persona_23-2148547912.jpg","_links":{"self":[{"href":"https:\/\/www.radiopiu.net\/wordpress\/wp-json\/wp\/v2\/posts\/336675","targetHints":{"allow":["GET"]}}],"collection":[{"href":"https:\/\/www.radiopiu.net\/wordpress\/wp-json\/wp\/v2\/posts"}],"about":[{"href":"https:\/\/www.radiopiu.net\/wordpress\/wp-json\/wp\/v2\/types\/post"}],"author":[{"embeddable":true,"href":"https:\/\/www.radiopiu.net\/wordpress\/wp-json\/wp\/v2\/users\/2"}],"replies":[{"embeddable":true,"href":"https:\/\/www.radiopiu.net\/wordpress\/wp-json\/wp\/v2\/comments?post=336675"}],"version-history":[{"count":0,"href":"https:\/\/www.radiopiu.net\/wordpress\/wp-json\/wp\/v2\/posts\/336675\/revisions"}],"wp:featuredmedia":[{"embeddable":true,"href":"https:\/\/www.radiopiu.net\/wordpress\/wp-json\/wp\/v2\/media\/146655"}],"wp:attachment":[{"href":"https:\/\/www.radiopiu.net\/wordpress\/wp-json\/wp\/v2\/media?parent=336675"}],"wp:term":[{"taxonomy":"category","embeddable":true,"href":"https:\/\/www.radiopiu.net\/wordpress\/wp-json\/wp\/v2\/categories?post=336675"},{"taxonomy":"post_tag","embeddable":true,"href":"https:\/\/www.radiopiu.net\/wordpress\/wp-json\/wp\/v2\/tags?post=336675"}],"curies":[{"name":"wp","href":"https:\/\/api.w.org\/{rel}","templated":true}]}}