{"id":336696,"date":"2023-05-20T13:03:18","date_gmt":"2023-05-20T11:03:18","guid":{"rendered":"https:\/\/www.radiopiu.net\/wordpress\/?p=336696"},"modified":"2023-05-20T13:03:18","modified_gmt":"2023-05-20T11:03:18","slug":"la-protezione-civile-alla-fiera-di-primavera-di-sedico","status":"publish","type":"post","link":"https:\/\/www.radiopiu.net\/wordpress\/la-protezione-civile-alla-fiera-di-primavera-di-sedico\/","title":{"rendered":"LA PROTEZIONE CIVILE ALLA FIERA DI PRIMAVERA DI SEDICO"},"content":{"rendered":"<p><strong><a class=\"dt-pswp-item\" href=\"https:\/\/www.radiopiu.net\/wordpress\/wp-content\/uploads\/2023\/05\/protezione-civile-veneto.jpg\" data-dt-img-description=\"\" data-large_image_width=\"225\" data-large_image_height=\"224\"><img loading=\"lazy\" decoding=\"async\" class=\" wp-image-336697 alignleft\" src=\"https:\/\/www.radiopiu.net\/wordpress\/wp-content\/uploads\/2023\/05\/protezione-civile-veneto.jpg\" alt=\"\" width=\"93\" height=\"93\" srcset=\"https:\/\/www.radiopiu.net\/wordpress\/wp-content\/uploads\/2023\/05\/protezione-civile-veneto.jpg 225w, https:\/\/www.radiopiu.net\/wordpress\/wp-content\/uploads\/2023\/05\/protezione-civile-veneto-150x150.jpg 150w\" sizes=\"auto, (max-width: 93px) 100vw, 93px\" \/><\/a>SEDICO <\/strong>\u00c8 in programma domani la Fiera di Primavera a Sedico. Tra i protagonisti anche gli uomini e le donne della Protezione Civile che allestiranno una cittadella con esposizione mezzi, attrezzature, chiosco e qualche attivit\u00e0. Marted\u00ec la Protezione Civile sar\u00e0 alle Scuole Elementari di Sedico in Via Stadio dove ci sar\u00e0 un incontro con i bambini delle classi quarte e quinte dove verr\u00e0 illustrato a cosa serve la Protezione Civile, quando e come interviene e poi verranno mostrati i mezzi e le attrezzature. Verr\u00e0 anche montata una tenda da campo.<\/p>\n<p>&nbsp;<\/p>\n<p>&nbsp;<\/p>\n<p>******<\/p>\n","protected":false},"excerpt":{"rendered":"<p>SEDICO \u00c8 in programma domani la Fiera di Primavera a Sedico. Tra i protagonisti anche gli uomini e le donne della Protezione Civile che allestiranno una cittadella con esposizione mezzi, attrezzature, chiosco e qualche attivit\u00e0. Marted\u00ec la Protezione Civile sar\u00e0 alle Scuole Elementari di Sedico in Via Stadio dove ci sar\u00e0 un incontro con i&hellip;<\/p>\n","protected":false},"author":4,"featured_media":336697,"comment_status":"closed","ping_status":"closed","sticky":false,"template":"","format":"standard","meta":{"_monsterinsights_skip_tracking":false,"_monsterinsights_sitenote_active":false,"_monsterinsights_sitenote_note":"","_monsterinsights_sitenote_category":0,"footnotes":""},"categories":[49],"tags":[],"class_list":["post-336696","post","type-post","status-publish","format-standard","has-post-thumbnail","hentry","category-news-18","category-49","description-off"],"img_url":"https:\/\/www.radiopiu.net\/wordpress\/wp-content\/uploads\/2023\/05\/protezione-civile-veneto.jpg","_links":{"self":[{"href":"https:\/\/www.radiopiu.net\/wordpress\/wp-json\/wp\/v2\/posts\/336696","targetHints":{"allow":["GET"]}}],"collection":[{"href":"https:\/\/www.radiopiu.net\/wordpress\/wp-json\/wp\/v2\/posts"}],"about":[{"href":"https:\/\/www.radiopiu.net\/wordpress\/wp-json\/wp\/v2\/types\/post"}],"author":[{"embeddable":true,"href":"https:\/\/www.radiopiu.net\/wordpress\/wp-json\/wp\/v2\/users\/4"}],"replies":[{"embeddable":true,"href":"https:\/\/www.radiopiu.net\/wordpress\/wp-json\/wp\/v2\/comments?post=336696"}],"version-history":[{"count":0,"href":"https:\/\/www.radiopiu.net\/wordpress\/wp-json\/wp\/v2\/posts\/336696\/revisions"}],"wp:featuredmedia":[{"embeddable":true,"href":"https:\/\/www.radiopiu.net\/wordpress\/wp-json\/wp\/v2\/media\/336697"}],"wp:attachment":[{"href":"https:\/\/www.radiopiu.net\/wordpress\/wp-json\/wp\/v2\/media?parent=336696"}],"wp:term":[{"taxonomy":"category","embeddable":true,"href":"https:\/\/www.radiopiu.net\/wordpress\/wp-json\/wp\/v2\/categories?post=336696"},{"taxonomy":"post_tag","embeddable":true,"href":"https:\/\/www.radiopiu.net\/wordpress\/wp-json\/wp\/v2\/tags?post=336696"}],"curies":[{"name":"wp","href":"https:\/\/api.w.org\/{rel}","templated":true}]}}