{"id":336760,"date":"2023-05-21T09:54:15","date_gmt":"2023-05-21T07:54:15","guid":{"rendered":"https:\/\/www.radiopiu.net\/wordpress\/?p=336760"},"modified":"2023-05-21T09:54:15","modified_gmt":"2023-05-21T07:54:15","slug":"il-palaluxottica-negato-alla-cena-delle-classi-agordine-1990-1999-lamarezza-degli-organizzatori","status":"publish","type":"post","link":"https:\/\/www.radiopiu.net\/wordpress\/il-palaluxottica-negato-alla-cena-delle-classi-agordine-1990-1999-lamarezza-degli-organizzatori\/","title":{"rendered":"IL PALALUXOTTICA NEGATO ALLA CENA DELLE CLASSI AGORDINE 1990-1999. L&#8217;AMAREZZA DEGLI ORGANIZZATORI"},"content":{"rendered":"<p><strong><a class=\"dt-pswp-item\" href=\"https:\/\/www.radiopiu.net\/wordpress\/wp-content\/uploads\/2020\/05\/PALALUXOTTICA.jpg\" data-dt-img-description=\"\" data-large_image_width=\"1600\" data-large_image_height=\"901\"><img loading=\"lazy\" decoding=\"async\" class=\" wp-image-140460 alignleft\" src=\"https:\/\/www.radiopiu.net\/wordpress\/wp-content\/uploads\/2020\/05\/PALALUXOTTICA-300x169.jpg\" alt=\"\" width=\"167\" height=\"94\" srcset=\"https:\/\/www.radiopiu.net\/wordpress\/wp-content\/uploads\/2020\/05\/PALALUXOTTICA-300x169.jpg 300w, https:\/\/www.radiopiu.net\/wordpress\/wp-content\/uploads\/2020\/05\/PALALUXOTTICA-1024x577.jpg 1024w, https:\/\/www.radiopiu.net\/wordpress\/wp-content\/uploads\/2020\/05\/PALALUXOTTICA-768x432.jpg 768w, https:\/\/www.radiopiu.net\/wordpress\/wp-content\/uploads\/2020\/05\/PALALUXOTTICA-1536x865.jpg 1536w, https:\/\/www.radiopiu.net\/wordpress\/wp-content\/uploads\/2020\/05\/PALALUXOTTICA.jpg 1600w\" sizes=\"auto, (max-width: 167px) 100vw, 167px\" \/><\/a>REDAZIONE<\/strong> Riceviamo e pubblichiamo una lettera che ci \u00e8 arrivata in redazione da alcuni giovani agordini che vorrebbero organizzare una festa per coloro che sono nati tra il 1990 e il 1999. Visto il numero di partecipanti alla cena, gli organizzatori avevano optato per richiedere il PalaLuxottica di Agordo ma la richiesta \u00e8 stata negata.<\/p>\n<p><strong>LA LETTERA<\/strong><\/p>\n<blockquote><p><em>Scriviamo questa lettera aperta sia come denuncia che come sfogo, siamo un gruppo di giovani Agordini che dopo vari anni di tentennamenti abbiamo deciso di iniziare ad organizzare la cena di tutte le classi Agordine dal 1990 al 1999, programmando la serata e facendo una stima del numero di Agordini che potrebbero partecipare siamo giunti alla conclusione che nessuna delle varie sale comunali presenti nei 16 comuni sarebbero bastate, cos\u00ec abbiamo provato a contattare la &#8220;sala&#8221; pi\u00f9 grande che esiste in Agordino e forse in provincia, ossia il PalaLuxottica. Dopo svariate mail inviate ai vari responsabili della struttura, abbiamo ricevuto, dopo mesi dalla prima richiesta di informazioni, da una delle tante mail un categorico no senza nessuna motivazione. In seguito alle altre mail inviate pi\u00f9 nessuno, ad oggi, ha ancora risposto. Ci chiediamo dove sia questo famoso &#8220;palazzetto del popolo&#8221; dato che era stato promosso cos\u00ec, prima che gli venissero firmati i permessi di costruzione. L&#8217;ex sindaco di Agordo Sisto da Roit nel 2018 affermava: &#8220;Siamo molto soddisfatti del traguardo raggiunto, ringraziamo molto l\u2019azienda per la sensibilit\u00e0 dimostrata nel mettere a disposizione della comunit\u00e0 questa struttura. Come Comune abbiamo lavorato per creare le condizioni affinch\u00e9 la comunit\u00e0 possa sfruttare questa enorme possibilit\u00e0&#8221;. Possibilit\u00e0, per\u00f2, che al momento non ci viene concessa, anzi addirittura secondo Luxottica non merita nemmeno risposta. Non mettiamo assolutamente in dubbio quanto faccia l&#8217;azienda con il miglior welfare al mondo per le nostre vallate, ma ci saremmo aspettati un minimo di considerazione per un evento cos\u00ec atteso, visto quanto Luxottica abbia a cuore l&#8217;Agordino e la sua popolazione.<\/em><\/p>\n<p><em><strong>Organizzatori cena delle classi Agordine dal 1990 al 1999.<\/strong><\/em><\/p><\/blockquote>\n<p>&nbsp;<\/p>\n<p>&nbsp;<\/p>\n<p>********<\/p>\n","protected":false},"excerpt":{"rendered":"<p>REDAZIONE Riceviamo e pubblichiamo una lettera che ci \u00e8 arrivata in redazione da alcuni giovani agordini che vorrebbero organizzare una festa per coloro che sono nati tra il 1990 e il 1999. Visto il numero di partecipanti alla cena, gli organizzatori avevano optato per richiedere il PalaLuxottica di Agordo ma la richiesta \u00e8 stata negata.&hellip;<\/p>\n","protected":false},"author":4,"featured_media":140460,"comment_status":"closed","ping_status":"closed","sticky":false,"template":"","format":"standard","meta":{"_monsterinsights_skip_tracking":false,"_monsterinsights_sitenote_active":false,"_monsterinsights_sitenote_note":"","_monsterinsights_sitenote_category":0,"footnotes":""},"categories":[51,49],"tags":[],"class_list":["post-336760","post","type-post","status-publish","format-standard","has-post-thumbnail","hentry","category-evidenza-top","category-news-18","category-51","category-49","description-off"],"img_url":"https:\/\/www.radiopiu.net\/wordpress\/wp-content\/uploads\/2020\/05\/PALALUXOTTICA.jpg","_links":{"self":[{"href":"https:\/\/www.radiopiu.net\/wordpress\/wp-json\/wp\/v2\/posts\/336760","targetHints":{"allow":["GET"]}}],"collection":[{"href":"https:\/\/www.radiopiu.net\/wordpress\/wp-json\/wp\/v2\/posts"}],"about":[{"href":"https:\/\/www.radiopiu.net\/wordpress\/wp-json\/wp\/v2\/types\/post"}],"author":[{"embeddable":true,"href":"https:\/\/www.radiopiu.net\/wordpress\/wp-json\/wp\/v2\/users\/4"}],"replies":[{"embeddable":true,"href":"https:\/\/www.radiopiu.net\/wordpress\/wp-json\/wp\/v2\/comments?post=336760"}],"version-history":[{"count":0,"href":"https:\/\/www.radiopiu.net\/wordpress\/wp-json\/wp\/v2\/posts\/336760\/revisions"}],"wp:featuredmedia":[{"embeddable":true,"href":"https:\/\/www.radiopiu.net\/wordpress\/wp-json\/wp\/v2\/media\/140460"}],"wp:attachment":[{"href":"https:\/\/www.radiopiu.net\/wordpress\/wp-json\/wp\/v2\/media?parent=336760"}],"wp:term":[{"taxonomy":"category","embeddable":true,"href":"https:\/\/www.radiopiu.net\/wordpress\/wp-json\/wp\/v2\/categories?post=336760"},{"taxonomy":"post_tag","embeddable":true,"href":"https:\/\/www.radiopiu.net\/wordpress\/wp-json\/wp\/v2\/tags?post=336760"}],"curies":[{"name":"wp","href":"https:\/\/api.w.org\/{rel}","templated":true}]}}