{"id":336888,"date":"2023-05-23T05:27:49","date_gmt":"2023-05-23T03:27:49","guid":{"rendered":"https:\/\/www.radiopiu.net\/wordpress\/?p=336888"},"modified":"2023-05-23T05:56:10","modified_gmt":"2023-05-23T03:56:10","slug":"giovedi-i-funerali-di-pippo-il-ricordo-degli-amici","status":"publish","type":"post","link":"https:\/\/www.radiopiu.net\/wordpress\/giovedi-i-funerali-di-pippo-il-ricordo-degli-amici\/","title":{"rendered":"GIOVEDI I FUNERALI DI &#8220;PIPPO&#8221;, IL RICORDO DEGLI AMICI"},"content":{"rendered":"<blockquote>\n<h3><img decoding=\"async\" class=\"alignleft\" style=\"font-size: 14px; font-weight: normal;\" src=\"https:\/\/www.radiopiu.net\/wordpress\/wp-content\/uploads\/2023\/05\/Senza-nome-64.jpg\" \/><\/h3>\n<\/blockquote>\n<div class=\"flex-1 overflow-hidden\">\n<div class=\"react-scroll-to-bottom--css-zskzn-79elbk h-full dark:bg-gray-800\">\n<div class=\"react-scroll-to-bottom--css-zskzn-1n7m0yu\">\n<div class=\"flex flex-col text-sm dark:bg-gray-800\">\n<div class=\"group w-full text-gray-800 dark:text-gray-100 border-b border-black\/10 dark:border-gray-900\/50 bg-gray-50 dark:bg-[#444654]\">\n<div class=\"flex p-4 gap-4 text-base md:gap-6 md:max-w-2xl lg:max-w-xl xl:max-w-3xl md:py-6 lg:px-0 m-auto\">\n<div class=\"relative flex w-[calc(100%-50px)] flex-col gap-1 md:gap-3 lg:w-[calc(100%-115px)]\">\n<div class=\"flex flex-grow flex-col gap-3\">\n<div class=\"min-h-[20px] flex flex-col items-start gap-4 whitespace-pre-wrap break-words\">\n<div class=\"markdown prose w-full break-words dark:prose-invert light\">\n<p><strong>SEDICO\u00a0<\/strong> Gioved\u00ec, i familiari, i colleghi di lavoro e i tanti amici di Filippo &#8220;Pippo&#8221; Reolon daranno l&#8217;ultimo saluto al 51enne di Sedico, che \u00e8 stato trovato senza vita domenica mattina in un cortile del centro. La cerimonia funebre si svolger\u00e0 gioved\u00ec alle 14:30 presso la chiesa arcipretale di Sedico, e successivamente la salma sar\u00e0 cremata. La famiglia ha deciso di devolvere eventuali offerte in memoria di Filippo all&#8217;hospice Le Vette.<\/p>\n<p>Reolon, che lavorava presso la De Rigo Refrigeration, lascia la moglie Sonia e due figli. La mattina di domenica, il suo corpo senza vita \u00e8 stato trovato a terra nel cortile, e si stima che fosse deceduto da alcune ore per cause naturali. Sei mesi fa, l&#8217;uomo aveva gi\u00e0 subito un infarto, ma dopo una lunga fase di recupero era tornato al lavoro e alla sua vita normale.<\/p>\n<p><em>Anche gli appassionati di calcio del Giardini Sedico Veterani, squadra di cui faceva parte, lo hanno ricordato sulla pagina Facebook del club. (FOTO)<br \/>\n<\/em><\/p>\n\n\t\t\t<style type='text\/css'>\n\t\t\t\t#gallery-1 {\n\t\t\t\t\tmargin: auto;\n\t\t\t\t}\n\t\t\t\t#gallery-1 .gallery-item {\n\t\t\t\t\tfloat: left;\n\t\t\t\t\tmargin-top: 10px;\n\t\t\t\t\ttext-align: center;\n\t\t\t\t\twidth: 33%;\n\t\t\t\t}\n\t\t\t\t#gallery-1 img {\n\t\t\t\t\tborder: 2px solid #cfcfcf;\n\t\t\t\t}\n\t\t\t\t#gallery-1 .gallery-caption {\n\t\t\t\t\tmargin-left: 0;\n\t\t\t\t}\n\t\t\t\t\/* see gallery_shortcode() in wp-includes\/media.php *\/\n\t\t\t<\/style>\n\t\t<div id='gallery-1' class='dt-gallery-container gallery galleryid-336888 gallery-columns-3 gallery-size-thumbnail'><dl class='gallery-item'>\n\t\t\t\t<dt class='gallery-icon landscape'>\n\t\t\t\t\t<a class=\"rollover rollover-zoom dt-pswp-item\" title=\"345032393_253880007301855_9190517216272132058_n\" data-dt-img-description=\"\" data-large_image_width=\"595\" data-large_image_height=\"395\"href='https:\/\/www.radiopiu.net\/wordpress\/wp-content\/uploads\/2023\/05\/345032393_253880007301855_9190517216272132058_n.jpg'><img loading=\"lazy\" decoding=\"async\" width=\"150\" height=\"150\" src=\"https:\/\/www.radiopiu.net\/wordpress\/wp-content\/uploads\/2023\/05\/345032393_253880007301855_9190517216272132058_n-150x150.jpg\" class=\"attachment-thumbnail size-thumbnail\" alt=\"\" \/><\/a>\n\t\t\t\t<\/dt><\/dl><dl class='gallery-item'>\n\t\t\t\t<dt class='gallery-icon landscape'>\n\t\t\t\t\t<a class=\"rollover rollover-zoom dt-pswp-item\" title=\"345291330_267243332438552_2909560291004043564_n\" data-dt-img-description=\"\" data-large_image_width=\"206\" data-large_image_height=\"206\"href='https:\/\/www.radiopiu.net\/wordpress\/wp-content\/uploads\/2023\/05\/345291330_267243332438552_2909560291004043564_n.jpg'><img loading=\"lazy\" decoding=\"async\" width=\"150\" height=\"150\" src=\"https:\/\/www.radiopiu.net\/wordpress\/wp-content\/uploads\/2023\/05\/345291330_267243332438552_2909560291004043564_n-150x150.jpg\" class=\"attachment-thumbnail size-thumbnail\" alt=\"\" srcset=\"https:\/\/www.radiopiu.net\/wordpress\/wp-content\/uploads\/2023\/05\/345291330_267243332438552_2909560291004043564_n-150x150.jpg 150w, https:\/\/www.radiopiu.net\/wordpress\/wp-content\/uploads\/2023\/05\/345291330_267243332438552_2909560291004043564_n.jpg 206w\" sizes=\"auto, (max-width: 150px) 100vw, 150px\" \/><\/a>\n\t\t\t\t<\/dt><\/dl><dl class='gallery-item'>\n\t\t\t\t<dt class='gallery-icon landscape'>\n\t\t\t\t\t<a class=\"rollover rollover-zoom dt-pswp-item\" title=\"345614635_211675528332784_6299176282873384035_n\" data-dt-img-description=\"\" data-large_image_width=\"206\" data-large_image_height=\"206\"href='https:\/\/www.radiopiu.net\/wordpress\/wp-content\/uploads\/2023\/05\/345614635_211675528332784_6299176282873384035_n.jpg'><img loading=\"lazy\" decoding=\"async\" width=\"150\" height=\"150\" src=\"https:\/\/www.radiopiu.net\/wordpress\/wp-content\/uploads\/2023\/05\/345614635_211675528332784_6299176282873384035_n-150x150.jpg\" class=\"attachment-thumbnail size-thumbnail\" alt=\"\" srcset=\"https:\/\/www.radiopiu.net\/wordpress\/wp-content\/uploads\/2023\/05\/345614635_211675528332784_6299176282873384035_n-150x150.jpg 150w, https:\/\/www.radiopiu.net\/wordpress\/wp-content\/uploads\/2023\/05\/345614635_211675528332784_6299176282873384035_n.jpg 206w\" sizes=\"auto, (max-width: 150px) 100vw, 150px\" \/><\/a>\n\t\t\t\t<\/dt><\/dl><br style=\"clear: both\" \/>\n\t\t\t<\/div>\n\n<p><em>\u00a0<\/em><\/p>\n<blockquote><p>&nbsp;<\/p><\/blockquote>\n<\/div>\n<\/div>\n<\/div>\n<div class=\"text-xs flex items-center justify-center gap-1 self-center pt-2 !invisible\"><\/div>\n<\/div>\n<\/div>\n<\/div>\n<\/div>\n<\/div>\n<\/div>\n<\/div>\n<div class=\"absolute bottom-0 left-0 w-full border-t md:border-t-0 dark:border-white\/20 md:border-transparent md:dark:border-transparent md:bg-vert-light-gradient bg-white dark:bg-gray-800 md:!bg-transparent dark:md:bg-vert-dark-gradient pt-2\">\n<form class=\"stretch mx-2 flex flex-row gap-3 last:mb-2 md:mx-4 md:last:mb-6 lg:mx-auto lg:max-w-2xl xl:max-w-3xl\">\n<div class=\"relative flex h-full flex-1 items-stretch md:flex-col\">\n<div class=\"\">\n<div class=\"h-full flex ml-1 md:w-full md:m-auto md:mb-2 gap-0 md:gap-2 justify-center\">\n<div class=\"flex w-full gap-2 items-center justify-center\">\n<hr \/>\n<\/div>\n<\/div>\n<\/div>\n<\/div>\n<\/form>\n<\/div>\n<p>IERI ALLA RADIO<\/p>\n<p><strong>E&#8217; MANCATO PHILIPPE, STRONCATO DA INFARTO A 51 ANNI<\/strong><\/p>\n<h3><a class=\"dt-pswp-item\" href=\"https:\/\/www.radiopiu.net\/wordpress\/wp-content\/uploads\/2023\/05\/Senza-nome-61.jpg\" data-dt-img-description=\"\" data-large_image_width=\"270\" data-large_image_height=\"287\"><img loading=\"lazy\" decoding=\"async\" class=\"wp-image-336887 alignleft\" src=\"https:\/\/www.radiopiu.net\/wordpress\/wp-content\/uploads\/2023\/05\/Senza-nome-61.jpg\" alt=\"\" width=\"157\" height=\"167\" \/><\/a><\/h3>\n<p><strong>SEDICO<\/strong> Philippe Reolon, 51 anni \u00e8 stato trovato senza vita in un cortile del centro del paese. Alle sette del mattino \u00e8 stato uno degli inquilinia dare l&#8217;allarme. L&#8217;uomo era gi\u00e0 morto da qualche ora quando sono arrivati i soccorsi. Lavorava alla De Rigo, persona conosciuta e benvoluta in\u00a0 paese.<\/p>\n<p>&nbsp;<\/p>\n<p>&nbsp;<\/p>\n<p>&nbsp;<\/p>\n<hr \/>\n<p>&nbsp;<\/p>\n","protected":false},"excerpt":{"rendered":"<p>SEDICO\u00a0 Gioved\u00ec, i familiari, i colleghi di lavoro e i tanti amici di Filippo &#8220;Pippo&#8221; Reolon daranno l&#8217;ultimo saluto al 51enne di Sedico, che \u00e8 stato trovato senza vita domenica mattina in un cortile del centro. La cerimonia funebre si svolger\u00e0 gioved\u00ec alle 14:30 presso la chiesa arcipretale di Sedico, e successivamente la salma sar\u00e0&hellip;<\/p>\n","protected":false},"author":4,"featured_media":337040,"comment_status":"closed","ping_status":"closed","sticky":false,"template":"","format":"standard","meta":{"_monsterinsights_skip_tracking":false,"_monsterinsights_sitenote_active":false,"_monsterinsights_sitenote_note":"","_monsterinsights_sitenote_category":0,"footnotes":""},"categories":[51,49],"tags":[],"class_list":["post-336888","post","type-post","status-publish","format-standard","has-post-thumbnail","hentry","category-evidenza-top","category-news-18","category-51","category-49","description-off"],"img_url":"https:\/\/www.radiopiu.net\/wordpress\/wp-content\/uploads\/2023\/05\/345291330_267243332438552_2909560291004043564_n.jpg","_links":{"self":[{"href":"https:\/\/www.radiopiu.net\/wordpress\/wp-json\/wp\/v2\/posts\/336888","targetHints":{"allow":["GET"]}}],"collection":[{"href":"https:\/\/www.radiopiu.net\/wordpress\/wp-json\/wp\/v2\/posts"}],"about":[{"href":"https:\/\/www.radiopiu.net\/wordpress\/wp-json\/wp\/v2\/types\/post"}],"author":[{"embeddable":true,"href":"https:\/\/www.radiopiu.net\/wordpress\/wp-json\/wp\/v2\/users\/4"}],"replies":[{"embeddable":true,"href":"https:\/\/www.radiopiu.net\/wordpress\/wp-json\/wp\/v2\/comments?post=336888"}],"version-history":[{"count":0,"href":"https:\/\/www.radiopiu.net\/wordpress\/wp-json\/wp\/v2\/posts\/336888\/revisions"}],"wp:featuredmedia":[{"embeddable":true,"href":"https:\/\/www.radiopiu.net\/wordpress\/wp-json\/wp\/v2\/media\/337040"}],"wp:attachment":[{"href":"https:\/\/www.radiopiu.net\/wordpress\/wp-json\/wp\/v2\/media?parent=336888"}],"wp:term":[{"taxonomy":"category","embeddable":true,"href":"https:\/\/www.radiopiu.net\/wordpress\/wp-json\/wp\/v2\/categories?post=336888"},{"taxonomy":"post_tag","embeddable":true,"href":"https:\/\/www.radiopiu.net\/wordpress\/wp-json\/wp\/v2\/tags?post=336888"}],"curies":[{"name":"wp","href":"https:\/\/api.w.org\/{rel}","templated":true}]}}