{"id":336918,"date":"2023-05-23T05:30:08","date_gmt":"2023-05-23T03:30:08","guid":{"rendered":"https:\/\/www.radiopiu.net\/wordpress\/?p=336918"},"modified":"2023-05-23T09:05:59","modified_gmt":"2023-05-23T07:05:59","slug":"giornale-radiopiu-23-maggio-2023-direttore-mirko-mezzacasa-verso-i-40-anni-25-giugno-1983-25-giugno-2023","status":"publish","type":"post","link":"https:\/\/www.radiopiu.net\/wordpress\/giornale-radiopiu-23-maggio-2023-direttore-mirko-mezzacasa-verso-i-40-anni-25-giugno-1983-25-giugno-2023\/","title":{"rendered":"GIORNALE RADIOPIU 23 MAGGIO 2023 DIRETTORE MIRKO MEZZACASA&#8230;verso i 40 anni 25 giugno 1983-25 giugno 2023"},"content":{"rendered":"<h2 style=\"text-align: left;\"><span style=\"color: #ff0000;\"><span style=\"vertical-align: inherit;\"><a class=\"dt-pswp-item\" href=\"https:\/\/www.radiopiu.net\/wordpress\/wp-content\/uploads\/2023\/04\/e0aad41d-951e-47b9-9fae-1a879a9bcb7e-1.jpg\" data-dt-img-description=\"\" data-large_image_width=\"1200\" data-large_image_height=\"1200\"><img loading=\"lazy\" decoding=\"async\" class=\"wp-image-333205 alignleft\" src=\"https:\/\/www.radiopiu.net\/wordpress\/wp-content\/uploads\/2023\/04\/e0aad41d-951e-47b9-9fae-1a879a9bcb7e-1-300x300.jpg\" alt=\"\" width=\"110\" height=\"110\" srcset=\"https:\/\/www.radiopiu.net\/wordpress\/wp-content\/uploads\/2023\/04\/e0aad41d-951e-47b9-9fae-1a879a9bcb7e-1-300x300.jpg 300w, https:\/\/www.radiopiu.net\/wordpress\/wp-content\/uploads\/2023\/04\/e0aad41d-951e-47b9-9fae-1a879a9bcb7e-1-1024x1024.jpg 1024w, https:\/\/www.radiopiu.net\/wordpress\/wp-content\/uploads\/2023\/04\/e0aad41d-951e-47b9-9fae-1a879a9bcb7e-1-150x150.jpg 150w, https:\/\/www.radiopiu.net\/wordpress\/wp-content\/uploads\/2023\/04\/e0aad41d-951e-47b9-9fae-1a879a9bcb7e-1-768x768.jpg 768w, https:\/\/www.radiopiu.net\/wordpress\/wp-content\/uploads\/2023\/04\/e0aad41d-951e-47b9-9fae-1a879a9bcb7e-1.jpg 1200w\" sizes=\"auto, (max-width: 110px) 100vw, 110px\" \/><\/a><\/span><\/span><\/h2>\n<h2 style=\"text-align: left;\"><span style=\"color: #ff0000;\"><span style=\"vertical-align: inherit;\">ISCRIVITI AL NOSTRO CANALE\u00a0 <\/span><\/span><span style=\"vertical-align: inherit;\"> YOUTUBE PER SEGUIRE IN DIRETTA I PRINCIPALI PROGRAMMI DI RADIO PIU&#8217; E LE FUTURE DIRETTE IN ESTERNA. PER ISCRIVERTI <\/span><a style=\"color: #ff0000;\" href=\"https:\/\/youtube.com\/@radiopiu1527\"><span style=\"vertical-align: inherit;\">CLICCA QUI <\/span><\/a><span style=\"color: #ff0000; font-size: 14px; font-weight: normal;\"><span style=\"vertical-align: inherit;\">E PREMI\u00a0 &#8220;Iscriviti&#8221;\u00a0 <\/span><\/span><\/h2>\n<p>&nbsp;<\/p>\n<blockquote>\n<h3><\/h3>\n<\/blockquote>\n<blockquote class=\"wp-embedded-content\" data-secret=\"YQilwLhdYE\"><p><a href=\"https:\/\/www.radiopiu.net\/wordpress\/la-provincia-di-belluno-si-prepara-ad-accogliere-il-giro-ditalia-strade\/\">LA PROVINCIA DI BELLUNO SI PREPARA AD ACCOGLIERE IL GIRO D&#8217;ITALIA. STRADE CHIUSE DUE ORE E MEZZA PRIMA DEL PASSAGGIO DEI CICLISTI<\/a><\/p><\/blockquote>\n<p><iframe loading=\"lazy\" class=\"wp-embedded-content\" sandbox=\"allow-scripts\" security=\"restricted\" style=\"position: absolute; clip: rect(1px, 1px, 1px, 1px);\" title=\"&#8220;LA PROVINCIA DI BELLUNO SI PREPARA AD ACCOGLIERE IL GIRO D&#8217;ITALIA. STRADE CHIUSE DUE ORE E MEZZA PRIMA DEL PASSAGGIO DEI CICLISTI&#8221; &#8212; Radio Pi\u00f9\" src=\"https:\/\/www.radiopiu.net\/wordpress\/la-provincia-di-belluno-si-prepara-ad-accogliere-il-giro-ditalia-strade\/embed\/#?secret=NGQC2BkXZb#?secret=YQilwLhdYE\" data-secret=\"YQilwLhdYE\" width=\"600\" height=\"338\" frameborder=\"0\" marginwidth=\"0\" marginheight=\"0\" scrolling=\"no\"><\/iframe><\/p>\n<p>&nbsp;<\/p>\n<p><span style=\"color: #ff0000;\"><strong>\u00a0 OGGI ALLA RADIO: <\/strong><\/span><\/p>\n<p><span style=\"color: #ff0000;\"><strong>ALLE\u00a0 10.10 MUSLA LE NOVE IN LADIN CON MICHELA DELL&#8217;OSBEL<\/strong><\/span><\/p>\n<p><span style=\"color: #ff0000;\"><strong>ALLE 10.30 E 1900 DALLA PALESTRA B-FIT CON MARTINA FADDA<\/strong><\/span><\/p>\n<p><span style=\"color: #ff0000;\"><strong>ALLE 13.10 CORRIPOI&#8230; L&#8217;EVENTO PRESENTAZIONE UFFICIALE ALLA RADIO<\/strong><\/span><\/p>\n<p><span style=\"color: #ff0000;\"><strong>ALLE 14.00 ALICE BETTOLO &#8220;I MILLE PASSI&#8221;<\/strong><\/span><\/p>\n<p><span style=\"color: #ff0000;\"><strong>ALLE 16.00 SPCIALE DALLA PISCINA DI AGORDO CON GIORGIO DE NARDIN E ROBERTO BROGLIO<\/strong><\/span><\/p>\n<p>&nbsp;<\/p>\n<hr \/>\n<p>&nbsp;<\/p>\n<blockquote>\n<h3>AUGURI LEONARDO!<\/h3>\n<\/blockquote>\n<p><strong>AGORDO<\/strong> ieri primo 22 maggio senza Leonardo Del Vecchio.\u00a0 Il popolo di Luxottica non ha dimenticato il compleanno del patron di Luxottica dedicandogli virtualmente una torta con 88 candeline. Sui social si sono infatti moltiplicati auguri e ricordi, a cominciare da quelli dei suoi figli.<br \/>\n<a class=\"dt-pswp-item\" href=\"https:\/\/www.radiopiu.net\/wordpress\/wp-content\/uploads\/2023\/05\/347845454_221798467271176_8559678040241285662_n.jpg\" data-dt-img-description=\"\" data-large_image_width=\"512\" data-large_image_height=\"640\"><img loading=\"lazy\" decoding=\"async\" class=\"size-medium wp-image-337047 aligncenter\" src=\"https:\/\/www.radiopiu.net\/wordpress\/wp-content\/uploads\/2023\/05\/347845454_221798467271176_8559678040241285662_n-240x300.jpg\" alt=\"\" width=\"240\" height=\"300\" srcset=\"https:\/\/www.radiopiu.net\/wordpress\/wp-content\/uploads\/2023\/05\/347845454_221798467271176_8559678040241285662_n-240x300.jpg 240w, https:\/\/www.radiopiu.net\/wordpress\/wp-content\/uploads\/2023\/05\/347845454_221798467271176_8559678040241285662_n.jpg 512w\" sizes=\"auto, (max-width: 240px) 100vw, 240px\" \/><\/a><\/p>\n<p>&nbsp;<\/p>\n<p>&nbsp;<\/p>\n<hr \/>\n<p>&nbsp;<\/p>\n<blockquote>\n<h3>CHIUSO IL SENTIERO CAI 551<\/h3>\n<\/blockquote>\n<p><strong>LA VALLE AGORDINA<\/strong> Il sentiero CAI 551 \u00e8 stato chiuso tra le localit\u00e0 Forca e Capitel Di Fries per cantiere boschivo. Il tratto rimarr\u00e0 chiuso fino al 01 giugno. Il transito a piedi o con bicicletta \u00e8 consentito solo fino al bivio in localit\u00e0 Forca.<\/p>\n<p>&nbsp;<\/p>\n<p>&nbsp;<\/p>\n<hr \/>\n<p>&nbsp;<\/p>\n<blockquote>\n<h3>ACQUA NON POTABILE IN ALCUNE ZONE DI FALCADE<\/h3>\n<\/blockquote>\n<p><strong><a class=\"dt-pswp-item\" href=\"https:\/\/www.radiopiu.net\/wordpress\/wp-content\/uploads\/2018\/08\/ACQUA.jpeg\" data-dt-img-description=\"\" data-large_image_width=\"1280\" data-large_image_height=\"768\"><img loading=\"lazy\" decoding=\"async\" class=\" wp-image-57052 alignleft\" src=\"https:\/\/www.radiopiu.net\/wordpress\/wp-content\/uploads\/2018\/08\/ACQUA-300x180.jpeg\" alt=\"\" width=\"150\" height=\"90\" srcset=\"https:\/\/www.radiopiu.net\/wordpress\/wp-content\/uploads\/2018\/08\/ACQUA-300x180.jpeg 300w, https:\/\/www.radiopiu.net\/wordpress\/wp-content\/uploads\/2018\/08\/ACQUA-768x461.jpeg 768w, https:\/\/www.radiopiu.net\/wordpress\/wp-content\/uploads\/2018\/08\/ACQUA-1024x614.jpeg 1024w, https:\/\/www.radiopiu.net\/wordpress\/wp-content\/uploads\/2018\/08\/ACQUA.jpeg 1280w\" sizes=\"auto, (max-width: 150px) 100vw, 150px\" \/><\/a>FALCADE<\/strong> Gestione Servizi Pubblici informa che a FALCADE nelle localit\u00e0 FALCADE ALTO, VILLOTTA, LA FOCA E VIA MAS DE LE MOLE l&#8217;acqua erogata dall&#8217;acquedotto non \u00e8 potabile e pu\u00f2 essere usata per scopi alimentari SOLO PREVIA bollitura. GSP ha, comunque, gi\u00e0 adottato le necessarie misure per la disinfezione dell&#8217;acqua presente nei serbatoi e nella rete idrica con l&#8217;aggiunta di cloro.<\/p>\n<p>&nbsp;<\/p>\n<p>&nbsp;<\/p>\n<hr \/>\n<p>&nbsp;<\/p>\n<blockquote>\n<h3>BIM GSP: LAVORI A TAIBON E FALCADE<\/h3>\n<\/blockquote>\n<p>Gestione Servizi Pubblici informa che, per lavori alla rete idrica comunale, domani dalle 8 alle 12 verr\u00e0 sospesa l\u2019erogazione dell\u2019acqua a TAIBON AGORDINO in FRAZ.LISTOLADE e dalle 13 a fine lavori NELLE VIE CROTTA, CARAVAGGIO FUSINE. Domani e gioved\u00ec dalle 8:30 alle 17 verr\u00e0 sospesa l\u2019erogazione dell\u2019acqua a FALCADE nelle LOCALITA&#8217; VALT,LE COSTE E VIA TABIADON DI CANES.<\/p>\n<p>&nbsp;<\/p>\n<p>&nbsp;<\/p>\n<hr \/>\n<p>&nbsp;<\/p>\n<p align=\"CENTER\"><span style=\"color: #000000;\"><span style=\"font-family: Arial, serif;\"><span style=\"font-size: large;\"><b>Bim Gsp, asfaltature a Borgo Valbelluna<\/b><\/span><\/span><\/span><\/p>\n<p><strong>BELLUNO <\/strong>Lavori in corso, da inizio giugno, a Mel. Bim Gsp, infatti, provveder\u00e0 ad effettuare l\u2019asfaltatura del tratto di strada tra Samprogno e Pellegai. L\u2019intervento sar\u00e0 preceduto, nella settimana corrente, da una sistemazione provvisoria delle parti maggiormente ammalorate: a seguire, si proceder\u00e0 con la sistemazione definitiva gi\u00e0 programmata. Successivamente, verr\u00e0 asfaltata anche una tratta a Farra di Mel, dove nei mesi scorsi sono stati posati 400 metri di rete di distribuzione dell\u2019acquedotto.\u00a0 Il transito veicolare, nelle aree interessate, sar\u00e0 comunque garantito<\/p>\n<p>&nbsp;<\/p>\n<hr \/>\n<p>&nbsp;<\/p>\n<div class=\"page-title-head hgroup\">\n<blockquote>\n<h3 class=\"entry-title\">PEDONE TRAVOLTO DAL PIRATA UBRIACO<\/h3>\n<\/blockquote>\n<\/div>\n<div class=\"page-title-breadcrumbs\">\n<div class=\"flex flex-grow flex-col gap-3\">\n<div class=\"min-h-[20px] flex flex-col items-start gap-4 whitespace-pre-wrap break-words\">\n<div class=\"markdown prose w-full break-words dark:prose-invert light\">\n<blockquote><p><em><a class=\"dt-pswp-item\" href=\"https:\/\/www.radiopiu.net\/wordpress\/wp-content\/uploads\/2023\/05\/Senza-nome-63.jpg\" data-dt-img-description=\"\" data-large_image_width=\"607\" data-large_image_height=\"323\"><img loading=\"lazy\" decoding=\"async\" class=\"size-medium wp-image-337031 alignleft\" src=\"https:\/\/www.radiopiu.net\/wordpress\/wp-content\/uploads\/2023\/05\/Senza-nome-63-300x160.jpg\" alt=\"\" width=\"300\" height=\"160\" srcset=\"https:\/\/www.radiopiu.net\/wordpress\/wp-content\/uploads\/2023\/05\/Senza-nome-63-300x160.jpg 300w, https:\/\/www.radiopiu.net\/wordpress\/wp-content\/uploads\/2023\/05\/Senza-nome-63.jpg 607w\" sizes=\"auto, (max-width: 300px) 100vw, 300px\" \/><\/a>La polizia locale ha potuto gi\u00e0 individuare alcuni testimoni che potranno fare chiarezza su quanto accaduto<\/em><\/p><\/blockquote>\n<p>Una Renault Clio condotta a M.Z. di Arsi\u00e8 ha travolto un pedone sulla pista ciclopedonale, mandandolo in rianimazione. Il conducente, risultato positivo all&#8217;alcoltest, ha continuato a guidare nonostante i danni all&#8217;auto, ma \u00e8 stato fermato dalla polizia locale alla rotatoria dei vigili del fuoco. Sono in corso indagini sulla dinamica dell&#8217;incidente.<\/p>\n<p>La vittima \u00e8 stata trasportata d&#8217;urgenza all&#8217;ospedale di Feltre. La polizia ha individuato testimoni e sta valutando l&#8217;omissione di soccorso da parte del conducente. Il traffico \u00e8 stato rallentato durante i rilievi dell&#8217;incidente.<\/p>\n<\/div>\n<\/div>\n<\/div>\n<div class=\"flex justify-between lg:block\">\n<div class=\"text-xs flex items-center justify-center gap-1 self-center pt-2 !invisible\">foto\u00a0 CORRIERE DELLE ALPI<\/div>\n<\/div>\n<\/div>\n<p>&nbsp;<\/p>\n<p>&nbsp;<\/p>\n<p>&nbsp;<\/p>\n<hr \/>\n<blockquote>\n<h3><\/h3>\n<h3>PERDE IL CONTROLLO DELL&#8217;AUTO E FINISCE FUORI STRADA. UN FERITO A PIOVENA DI SANTA GIUSTINA<\/h3>\n<\/blockquote>\n<p><strong>SANTA GIUSTINA<\/strong> Nella serata di domenica i Vigili del Fuoco sono intervenuti a Piovena di Santa Giustina per un incidente stradale. Un&#8217;auto \u00e8 finita ruote all&#8217;aria dopo che il conducente ha perso il controllo. L&#8217;uomo alla guida \u00e8 rimasto ferito. I pompieri arrivati dal distaccamento di Feltre, hanno messo in sicurezza l\u2019auto, mentre l\u2019autista \u00e8 stato assistito dal personale sanitario del Suem per poi essere trasferito in ambulanza all\u2019ospedale. La Polizia Stradale ha eseguito i rilievi del sinistro. Le operazioni di soccorso dei Vigili del Fuoco sono terminate a mezzanotte circa.<\/p>\n<p><strong>di Moreno Gioli<\/strong><\/p>\n<audio class=\"wp-audio-shortcode\" id=\"audio-336918-1\" preload=\"none\" style=\"width: 100%;\" controls=\"controls\"><source type=\"audio\/mpeg\" src=\"https:\/\/www.radiopiu.net\/wordpress\/wp-content\/uploads\/2023\/05\/GIOLI-INCIDENTE-SANTA.mp3?_=1\" \/><a href=\"https:\/\/www.radiopiu.net\/wordpress\/wp-content\/uploads\/2023\/05\/GIOLI-INCIDENTE-SANTA.mp3\">https:\/\/www.radiopiu.net\/wordpress\/wp-content\/uploads\/2023\/05\/GIOLI-INCIDENTE-SANTA.mp3<\/a><\/audio>\n<p>&nbsp;<\/p>\n\n\t\t\t<style type='text\/css'>\n\t\t\t\t#gallery-1 {\n\t\t\t\t\tmargin: auto;\n\t\t\t\t}\n\t\t\t\t#gallery-1 .gallery-item {\n\t\t\t\t\tfloat: left;\n\t\t\t\t\tmargin-top: 10px;\n\t\t\t\t\ttext-align: center;\n\t\t\t\t\twidth: 50%;\n\t\t\t\t}\n\t\t\t\t#gallery-1 img {\n\t\t\t\t\tborder: 2px solid #cfcfcf;\n\t\t\t\t}\n\t\t\t\t#gallery-1 .gallery-caption {\n\t\t\t\t\tmargin-left: 0;\n\t\t\t\t}\n\t\t\t\t\/* see gallery_shortcode() in wp-includes\/media.php *\/\n\t\t\t<\/style>\n\t\t<div id='gallery-1' class='dt-gallery-container gallery galleryid-336918 gallery-columns-2 gallery-size-medium'><dl class='gallery-item'>\n\t\t\t\t<dt class='gallery-icon landscape'>\n\t\t\t\t\t<a class=\"rollover rollover-zoom dt-pswp-item\" title=\"13bef8b1-0aae-490c-ad28-00f09da256b3\" data-dt-img-description=\"\" data-large_image_width=\"1162\" data-large_image_height=\"608\"href='https:\/\/www.radiopiu.net\/wordpress\/wp-content\/uploads\/2023\/05\/13bef8b1-0aae-490c-ad28-00f09da256b3.jpg'><img loading=\"lazy\" decoding=\"async\" width=\"300\" height=\"157\" src=\"https:\/\/www.radiopiu.net\/wordpress\/wp-content\/uploads\/2023\/05\/13bef8b1-0aae-490c-ad28-00f09da256b3-300x157.jpg\" class=\"attachment-medium size-medium\" alt=\"\" srcset=\"https:\/\/www.radiopiu.net\/wordpress\/wp-content\/uploads\/2023\/05\/13bef8b1-0aae-490c-ad28-00f09da256b3-300x157.jpg 300w, https:\/\/www.radiopiu.net\/wordpress\/wp-content\/uploads\/2023\/05\/13bef8b1-0aae-490c-ad28-00f09da256b3-1024x536.jpg 1024w, https:\/\/www.radiopiu.net\/wordpress\/wp-content\/uploads\/2023\/05\/13bef8b1-0aae-490c-ad28-00f09da256b3-768x402.jpg 768w, https:\/\/www.radiopiu.net\/wordpress\/wp-content\/uploads\/2023\/05\/13bef8b1-0aae-490c-ad28-00f09da256b3.jpg 1162w\" sizes=\"auto, (max-width: 300px) 100vw, 300px\" \/><\/a>\n\t\t\t\t<\/dt><\/dl><dl class='gallery-item'>\n\t\t\t\t<dt class='gallery-icon landscape'>\n\t\t\t\t\t<a class=\"rollover rollover-zoom dt-pswp-item\" title=\"e4f250ee-b328-4ce6-8957-5f321e92fd40\" data-dt-img-description=\"\" data-large_image_width=\"897\" data-large_image_height=\"472\"href='https:\/\/www.radiopiu.net\/wordpress\/wp-content\/uploads\/2023\/05\/e4f250ee-b328-4ce6-8957-5f321e92fd40.jpg'><img loading=\"lazy\" decoding=\"async\" width=\"300\" height=\"158\" src=\"https:\/\/www.radiopiu.net\/wordpress\/wp-content\/uploads\/2023\/05\/e4f250ee-b328-4ce6-8957-5f321e92fd40-300x158.jpg\" class=\"attachment-medium size-medium\" alt=\"\" srcset=\"https:\/\/www.radiopiu.net\/wordpress\/wp-content\/uploads\/2023\/05\/e4f250ee-b328-4ce6-8957-5f321e92fd40-300x158.jpg 300w, https:\/\/www.radiopiu.net\/wordpress\/wp-content\/uploads\/2023\/05\/e4f250ee-b328-4ce6-8957-5f321e92fd40-768x404.jpg 768w, https:\/\/www.radiopiu.net\/wordpress\/wp-content\/uploads\/2023\/05\/e4f250ee-b328-4ce6-8957-5f321e92fd40.jpg 897w\" sizes=\"auto, (max-width: 300px) 100vw, 300px\" \/><\/a>\n\t\t\t\t<\/dt><\/dl><br style=\"clear: both\" \/>\n\t\t\t<\/div>\n\n<p>&nbsp;<\/p>\n<hr \/>\n<p>&nbsp;<\/p>\n<p>&nbsp;<\/p>\n<blockquote>\n<h3>UN ALTRO MEZZO RUOTE ALL&#8217;ARIA, SULLA STRADA PER DIGONERA<\/h3>\n<\/blockquote>\n<p><strong><a class=\"dt-pswp-item\" href=\"https:\/\/www.radiopiu.net\/wordpress\/wp-content\/uploads\/2023\/05\/th-22.jpg\" data-dt-img-description=\"\" data-large_image_width=\"240\" data-large_image_height=\"180\"><img loading=\"lazy\" decoding=\"async\" class=\"size-full wp-image-337019 alignleft\" src=\"https:\/\/www.radiopiu.net\/wordpress\/wp-content\/uploads\/2023\/05\/th-22.jpg\" alt=\"\" width=\"240\" height=\"180\" \/><\/a>ROCCA PIETORE<\/strong>\u00a0 Un incidente stradale ha avuto luogo ieri nella galleria di Digonera. Attorno alle 11:30 un motocarro Piaggio si \u00e8 ribaltato all&#8217;interno della seconda galleria tra Saviner di Laste e Digonera. Immediatamente dopo l&#8217;incidente, sono state attivate le squadre di emergenza. Sul posto sono intervenuti i volontari ambulanza di Rocca e il servizio di emergenza 118, che hanno raggiunto il luogo dell&#8217;incidente con l&#8217;ausilio di un elicottero. Sul posto i pompieri volontari di Caprile, da Agordo sono saliti i vigili del fuoco permanenti.\u00a0 Fortunatamente, la persona coinvolta nell&#8217;incidente era cosciente ed \u00e8 stata elitrasportata al pronto soccorso per ricevere le cure necessarie.\u00a0 Rilievi di legge dei\u00a0 Carabinieri di Arabba e di\u00a0 Caprile. Al momento non sono ancora chiare le circostanze che hanno portato al ribaltamento del motocarro all&#8217;interno della galleria. L&#8217;incidente ha causato alcuni disagi al traffico, con temporanee interruzioni della circolazione all&#8217;interno della galleria.<\/p>\n<p>&nbsp;<\/p>\n<hr \/>\n<p>&nbsp;<\/p>\n<blockquote>\n<h3>STALKING VERSO UN DISABILE, PRETE AI DOMICILIARI<\/h3>\n<\/blockquote>\n<p><strong>OGGI SUL CORRIERE DELLE ALPI<\/strong><\/p>\n<p><strong>di NICOLA CESARE<\/strong><\/p>\n<p><strong><a href=\"https:\/\/www.radiopiu.net\/wordpress\/wp-content\/uploads\/2023\/05\/201649467-503e5d30-d5b7-438d-bed3-0ce204f18e9a.webp\"><img loading=\"lazy\" decoding=\"async\" class=\"size-medium wp-image-337035 alignleft\" src=\"https:\/\/www.radiopiu.net\/wordpress\/wp-content\/uploads\/2023\/05\/201649467-503e5d30-d5b7-438d-bed3-0ce204f18e9a-300x169.webp\" alt=\"\" width=\"300\" height=\"169\" srcset=\"https:\/\/www.radiopiu.net\/wordpress\/wp-content\/uploads\/2023\/05\/201649467-503e5d30-d5b7-438d-bed3-0ce204f18e9a-300x169.webp 300w, https:\/\/www.radiopiu.net\/wordpress\/wp-content\/uploads\/2023\/05\/201649467-503e5d30-d5b7-438d-bed3-0ce204f18e9a-768x432.webp 768w, https:\/\/www.radiopiu.net\/wordpress\/wp-content\/uploads\/2023\/05\/201649467-503e5d30-d5b7-438d-bed3-0ce204f18e9a.webp 800w\" sizes=\"auto, (max-width: 300px) 100vw, 300px\" \/><\/a>CESIOMAGGIORE<\/strong> Il prete esorcista don Giovanni Brancaleoni, di 79 anni, \u00e8 stato arrestato su ordine di carcerazione della Procura di Belluno per una pena definitiva di circa un anno. Dopo alcuni giorni in carcere, \u00e8 stato concesso il regime di detenzione domiciliare nella Casa del clero di Rovigo. Don Brancaleoni era stato condannato per stalking nei confronti di un disabile che viveva in una struttura specializzata a Pullir, nel Feltrino. Il sacerdote, gi\u00e0 esorcista ufficiale della Diocesi di Adria e Rovigo, era molto coinvolto nella vicenda del giovane disabile affetto da una malattia psichiatrica. Aveva fatto irruzioni ripetute nella struttura per cercare di liberare il giovane e riconciliarlo con sua madre. Tuttavia, secondo le accuse, il suo comportamento era diventato tormentante, tanto da costringere il giudice a vietargli l&#8217;accesso al centro. Durante il processo, don Brancaleoni aveva utilizzato termini forti, come &#8220;lager&#8221;, per descrivere le condizioni della struttura bellunese, suscitando polemiche. La vicenda legale si \u00e8 conclusa con una sentenza definitiva della Cassazione e la conseguente necessit\u00e0 di scontare un anno di detenzione. Nonostante la sua avanzata et\u00e0, inizialmente il prete era stato portato in carcere a Rovigo, ma successivamente \u00e8 stato trasferito alla Casa del clero nel centro di Rovigo, dove sconta la pena agli arresti domiciliari.<\/p>\n<div class=\"flex-1 overflow-hidden\">\n<div class=\"react-scroll-to-bottom--css-zskzn-79elbk h-full dark:bg-gray-800\">\n<div class=\"react-scroll-to-bottom--css-zskzn-1n7m0yu\">\n<div class=\"flex flex-col text-sm dark:bg-gray-800\">\n<div class=\"group w-full text-gray-800 dark:text-gray-100 border-b border-black\/10 dark:border-gray-900\/50 bg-gray-50 dark:bg-[#444654]\">\n<div class=\"flex p-4 gap-4 text-base md:gap-6 md:max-w-2xl lg:max-w-xl xl:max-w-3xl md:py-6 lg:px-0 m-auto\">\n<div class=\"relative flex w-[calc(100%-50px)] flex-col gap-1 md:gap-3 lg:w-[calc(100%-115px)]\">\n<div class=\"flex justify-between lg:block\">\n<div class=\"text-xs flex items-center justify-center gap-1 self-center pt-2 !invisible\"><\/div>\n<div>\n<hr \/>\n<\/div>\n<blockquote>\n<h3>GIOVEDI I FUNERALI DI &#8220;PIPPO&#8221;, IL RICORDO DEGLI AMICI<\/h3>\n<\/blockquote>\n<div>\n<blockquote>\n<h3><img decoding=\"async\" class=\"alignleft\" style=\"font-size: 14px; font-weight: normal;\" src=\"https:\/\/www.radiopiu.net\/wordpress\/wp-content\/uploads\/2023\/05\/Senza-nome-64.jpg\" \/><\/h3>\n<\/blockquote>\n<div class=\"flex-1 overflow-hidden\">\n<div class=\"react-scroll-to-bottom--css-zskzn-79elbk h-full dark:bg-gray-800\">\n<div class=\"react-scroll-to-bottom--css-zskzn-1n7m0yu\">\n<div class=\"flex flex-col text-sm dark:bg-gray-800\">\n<div class=\"group w-full text-gray-800 dark:text-gray-100 border-b border-black\/10 dark:border-gray-900\/50 bg-gray-50 dark:bg-[#444654]\">\n<div class=\"flex p-4 gap-4 text-base md:gap-6 md:max-w-2xl lg:max-w-xl xl:max-w-3xl md:py-6 lg:px-0 m-auto\">\n<div class=\"relative flex w-[calc(100%-50px)] flex-col gap-1 md:gap-3 lg:w-[calc(100%-115px)]\">\n<div class=\"flex flex-grow flex-col gap-3\">\n<div class=\"min-h-[20px] flex flex-col items-start gap-4 whitespace-pre-wrap break-words\">\n<div class=\"markdown prose w-full break-words dark:prose-invert light\">\n<p><strong>SEDICO\u00a0<\/strong> Gioved\u00ec, i familiari, i colleghi di lavoro e i tanti amici di Filippo &#8220;Pippo&#8221; Reolon daranno l&#8217;ultimo saluto al 51enne di Sedico, che \u00e8 stato trovato senza vita domenica mattina in un cortile del centro. La cerimonia funebre si svolger\u00e0 gioved\u00ec alle 14:30 presso la chiesa arcipretale di Sedico, e successivamente la salma sar\u00e0 cremata. La famiglia ha deciso di devolvere eventuali offerte in memoria di Filippo all&#8217;hospice Le Vette.<\/p>\n<p>Reolon, che lavorava presso la De Rigo Refrigeration, lascia la moglie Sonia e due figli. La mattina di domenica, il suo corpo senza vita \u00e8 stato trovato a terra nel cortile, e si stima che fosse deceduto da alcune ore per cause naturali. Sei mesi fa, l&#8217;uomo aveva gi\u00e0 subito un infarto, ma dopo una lunga fase di recupero era tornato al lavoro e alla sua vita normale.<\/p>\n<p><em>Anche gli appassionati di calcio del Giardini Sedico Veterani, squadra di cui faceva parte, lo hanno ricordato sulla pagina Facebook del club. (FOTO)<br \/>\n<\/em><\/p>\n\n\t\t\t<style type='text\/css'>\n\t\t\t\t#gallery-2 {\n\t\t\t\t\tmargin: auto;\n\t\t\t\t}\n\t\t\t\t#gallery-2 .gallery-item {\n\t\t\t\t\tfloat: left;\n\t\t\t\t\tmargin-top: 10px;\n\t\t\t\t\ttext-align: center;\n\t\t\t\t\twidth: 33%;\n\t\t\t\t}\n\t\t\t\t#gallery-2 img {\n\t\t\t\t\tborder: 2px solid #cfcfcf;\n\t\t\t\t}\n\t\t\t\t#gallery-2 .gallery-caption {\n\t\t\t\t\tmargin-left: 0;\n\t\t\t\t}\n\t\t\t\t\/* see gallery_shortcode() in wp-includes\/media.php *\/\n\t\t\t<\/style>\n\t\t<div id='gallery-2' class='dt-gallery-container gallery galleryid-336918 gallery-columns-3 gallery-size-thumbnail'><dl class='gallery-item'>\n\t\t\t\t<dt class='gallery-icon landscape'>\n\t\t\t\t\t<a class=\"rollover rollover-zoom dt-pswp-item\" title=\"345032393_253880007301855_9190517216272132058_n\" data-dt-img-description=\"\" data-large_image_width=\"595\" data-large_image_height=\"395\"href='https:\/\/www.radiopiu.net\/wordpress\/wp-content\/uploads\/2023\/05\/345032393_253880007301855_9190517216272132058_n.jpg'><img loading=\"lazy\" decoding=\"async\" width=\"150\" height=\"150\" src=\"https:\/\/www.radiopiu.net\/wordpress\/wp-content\/uploads\/2023\/05\/345032393_253880007301855_9190517216272132058_n-150x150.jpg\" class=\"attachment-thumbnail size-thumbnail\" alt=\"\" \/><\/a>\n\t\t\t\t<\/dt><\/dl><dl class='gallery-item'>\n\t\t\t\t<dt class='gallery-icon landscape'>\n\t\t\t\t\t<a class=\"rollover rollover-zoom dt-pswp-item\" title=\"345291330_267243332438552_2909560291004043564_n\" data-dt-img-description=\"\" data-large_image_width=\"206\" data-large_image_height=\"206\"href='https:\/\/www.radiopiu.net\/wordpress\/wp-content\/uploads\/2023\/05\/345291330_267243332438552_2909560291004043564_n.jpg'><img loading=\"lazy\" decoding=\"async\" width=\"150\" height=\"150\" src=\"https:\/\/www.radiopiu.net\/wordpress\/wp-content\/uploads\/2023\/05\/345291330_267243332438552_2909560291004043564_n-150x150.jpg\" class=\"attachment-thumbnail size-thumbnail\" alt=\"\" srcset=\"https:\/\/www.radiopiu.net\/wordpress\/wp-content\/uploads\/2023\/05\/345291330_267243332438552_2909560291004043564_n-150x150.jpg 150w, https:\/\/www.radiopiu.net\/wordpress\/wp-content\/uploads\/2023\/05\/345291330_267243332438552_2909560291004043564_n.jpg 206w\" sizes=\"auto, (max-width: 150px) 100vw, 150px\" \/><\/a>\n\t\t\t\t<\/dt><\/dl><dl class='gallery-item'>\n\t\t\t\t<dt class='gallery-icon landscape'>\n\t\t\t\t\t<a class=\"rollover rollover-zoom dt-pswp-item\" title=\"345614635_211675528332784_6299176282873384035_n\" data-dt-img-description=\"\" data-large_image_width=\"206\" data-large_image_height=\"206\"href='https:\/\/www.radiopiu.net\/wordpress\/wp-content\/uploads\/2023\/05\/345614635_211675528332784_6299176282873384035_n.jpg'><img loading=\"lazy\" decoding=\"async\" width=\"150\" height=\"150\" src=\"https:\/\/www.radiopiu.net\/wordpress\/wp-content\/uploads\/2023\/05\/345614635_211675528332784_6299176282873384035_n-150x150.jpg\" class=\"attachment-thumbnail size-thumbnail\" alt=\"\" srcset=\"https:\/\/www.radiopiu.net\/wordpress\/wp-content\/uploads\/2023\/05\/345614635_211675528332784_6299176282873384035_n-150x150.jpg 150w, https:\/\/www.radiopiu.net\/wordpress\/wp-content\/uploads\/2023\/05\/345614635_211675528332784_6299176282873384035_n.jpg 206w\" sizes=\"auto, (max-width: 150px) 100vw, 150px\" \/><\/a>\n\t\t\t\t<\/dt><\/dl><br style=\"clear: both\" \/>\n\t\t\t<\/div>\n\n<p><em>\u00a0<\/em><\/p>\n<blockquote><p>&nbsp;<\/p><\/blockquote>\n<\/div>\n<\/div>\n<\/div>\n<\/div>\n<\/div>\n<\/div>\n<\/div>\n<\/div>\n<\/div>\n<\/div>\n<\/div>\n<\/div>\n<\/div>\n<\/div>\n<\/div>\n<\/div>\n<\/div>\n<\/div>\n<\/div>\n<p>&nbsp;<\/p>\n<hr \/>\n<p>&nbsp;<\/p>\n<blockquote>\n<h3>DOMANI CHIUDE LA GALLERIA DI SAN VITO PER IL PASSAGGIO DEL GIRO D&#8217;ITALIA<\/h3>\n<\/blockquote>\n<p><a class=\"dt-pswp-item\" href=\"https:\/\/www.radiopiu.net\/wordpress\/wp-content\/uploads\/2021\/06\/CICLISTI.jpg\" data-dt-img-description=\"\" data-large_image_width=\"1920\" data-large_image_height=\"1270\"><img loading=\"lazy\" decoding=\"async\" class=\" wp-image-218818 alignleft\" src=\"https:\/\/www.radiopiu.net\/wordpress\/wp-content\/uploads\/2021\/06\/CICLISTI-300x198.jpg\" alt=\"\" width=\"192\" height=\"127\" srcset=\"https:\/\/www.radiopiu.net\/wordpress\/wp-content\/uploads\/2021\/06\/CICLISTI-300x198.jpg 300w, https:\/\/www.radiopiu.net\/wordpress\/wp-content\/uploads\/2021\/06\/CICLISTI-1024x677.jpg 1024w, https:\/\/www.radiopiu.net\/wordpress\/wp-content\/uploads\/2021\/06\/CICLISTI-768x508.jpg 768w, https:\/\/www.radiopiu.net\/wordpress\/wp-content\/uploads\/2021\/06\/CICLISTI-1536x1016.jpg 1536w, https:\/\/www.radiopiu.net\/wordpress\/wp-content\/uploads\/2021\/06\/CICLISTI.jpg 1920w\" sizes=\"auto, (max-width: 192px) 100vw, 192px\" \/><\/a>Nella giornata di mercoled\u00ec \u00e8 previsto, con le relative limitazioni della circolazione, il transito del Giro d\u2019Italia sulla SS 47 della Valsugana, anche per quanto riguarda la parte immediatamente confinante con la provincia di Belluno, e precisamente in localit\u00e0 Arsi\u00e8, all\u2019uscita della galleria di San Vito. Al fine di impedire che il traffico, per effetto della chiusura degli svincoli della SS 47, si incolonni all\u2019interno della citata galleria, quest\u2019ultima sar\u00e0 chiusa in direzione Vicenza\/Trento, contemporaneamente alle chiusure sopradette (continuer\u00e0 invece a rimanere aperta in direzione Feltre\/Belluno). Al fine di evitare disagi eccessivi per l\u2019utenza, \u00e8 predisposto inoltre un dispositivo di informazione all\u2019utenza gi\u00e0 in prossimit\u00e0 della rotonda di Fonzaso (rotonda detta \u201cSportful\u201d), rispetto alla viabilit\u00e0 alternativa consigliata, nella maniera che segue: <strong>in direzione Trento<\/strong>, \u00e8 consentito il percorso alternativo \u201cscale di Primolano\u201d (si tenga presente che, dopo le scale di Primolano, la viabilit\u00e0 alternativa consentita \u00e8 costituita dalla SP 75dir nella provincia di Trento, e solo fino alla localit\u00e0 Grigno), oppure la prosecuzione della SR 50 (e poi SS 50) in direzione Fiera di Primiero e successivamente passo Rolle; <strong>in direzione Bassano del Grappa\/Vicenza<\/strong>, \u00e8 consentito il percorso alternativo rappresentato dalla SR 348 \u201cFeltrina\u201d e successivamente la SP 26 nella provincia di Treviso. Il provvedimento di sospensione della circolazione nella galleria di San Vito e le deviazioni suggerite resteranno in vigore dalle ore 11:00 fino presumibilmente alle ore 14:30, e comunque al termine del passaggio dell\u2019intera carovana.<\/p>\n<p>&nbsp;<\/p>\n<p>&nbsp;<\/p>\n<hr \/>\n<p>&nbsp;<\/p>\n<blockquote>\n<h3>L&#8217;INCONTRO, IL COMMISSARIO DELLA ULSS1 AD AGORDO, IN OSPEDALE E CON GLI AMMINISTRATORI<\/h3>\n<\/blockquote>\n<div class=\"xdj266r x11i5rnm xat24cr x1mh8g0r x1vvkbs x126k92a\">\n<div dir=\"auto\"><strong><a class=\"dt-pswp-item\" href=\"https:\/\/www.radiopiu.net\/wordpress\/wp-content\/uploads\/2023\/05\/5b61e22b-f632-42a4-9486-9560c566b1f0.jpg\" data-dt-img-description=\"\" data-large_image_width=\"2048\" data-large_image_height=\"1152\"><img loading=\"lazy\" decoding=\"async\" class=\" wp-image-337008 alignleft\" src=\"https:\/\/www.radiopiu.net\/wordpress\/wp-content\/uploads\/2023\/05\/5b61e22b-f632-42a4-9486-9560c566b1f0-300x169.jpg\" alt=\"\" width=\"291\" height=\"164\" srcset=\"https:\/\/www.radiopiu.net\/wordpress\/wp-content\/uploads\/2023\/05\/5b61e22b-f632-42a4-9486-9560c566b1f0-300x169.jpg 300w, https:\/\/www.radiopiu.net\/wordpress\/wp-content\/uploads\/2023\/05\/5b61e22b-f632-42a4-9486-9560c566b1f0-1024x576.jpg 1024w, https:\/\/www.radiopiu.net\/wordpress\/wp-content\/uploads\/2023\/05\/5b61e22b-f632-42a4-9486-9560c566b1f0-768x432.jpg 768w, https:\/\/www.radiopiu.net\/wordpress\/wp-content\/uploads\/2023\/05\/5b61e22b-f632-42a4-9486-9560c566b1f0-1536x864.jpg 1536w, https:\/\/www.radiopiu.net\/wordpress\/wp-content\/uploads\/2023\/05\/5b61e22b-f632-42a4-9486-9560c566b1f0.jpg 2048w\" sizes=\"auto, (max-width: 291px) 100vw, 291px\" \/><\/a>REDAZIONE<\/strong> Ieri\u00a0 \u00a0mattina il Commissario Giuseppe Dal Ben ha incontrato i professionisti dell&#8217;ospedale di Agordo e gli amministratori. Prima del rientro a Belluno la visita agli studi di RADIO PIU&#8217;<\/div>\n<div dir=\"auto\"><\/div>\n<div dir=\"auto\"><\/div>\n<div dir=\"auto\"><\/div>\n<div dir=\"auto\">L&#8217;INTERVISTA<\/div>\n<div dir=\"auto\">di mirko mezzacasa<\/div>\n<div dir=\"auto\"><\/div>\n<div dir=\"auto\">\n<audio class=\"wp-audio-shortcode\" id=\"audio-336918-2\" preload=\"none\" style=\"width: 100%;\" controls=\"controls\"><source type=\"audio\/mpeg\" src=\"https:\/\/www.radiopiu.net\/wordpress\/wp-content\/uploads\/2023\/05\/dal-ben-direttore-ulss.mp3?_=2\" \/><a href=\"https:\/\/www.radiopiu.net\/wordpress\/wp-content\/uploads\/2023\/05\/dal-ben-direttore-ulss.mp3\">https:\/\/www.radiopiu.net\/wordpress\/wp-content\/uploads\/2023\/05\/dal-ben-direttore-ulss.mp3<\/a><\/audio>\n<\/div>\n<div dir=\"auto\"><\/div>\n<\/div>\n<div class=\"xdj266r x11i5rnm xat24cr x1mh8g0r x1vvkbs x126k92a\">\n<div dir=\"auto\">\n<p>&nbsp;<\/p>\n\n\t\t\t<style type='text\/css'>\n\t\t\t\t#gallery-3 {\n\t\t\t\t\tmargin: auto;\n\t\t\t\t}\n\t\t\t\t#gallery-3 .gallery-item {\n\t\t\t\t\tfloat: left;\n\t\t\t\t\tmargin-top: 10px;\n\t\t\t\t\ttext-align: center;\n\t\t\t\t\twidth: 50%;\n\t\t\t\t}\n\t\t\t\t#gallery-3 img {\n\t\t\t\t\tborder: 2px solid #cfcfcf;\n\t\t\t\t}\n\t\t\t\t#gallery-3 .gallery-caption {\n\t\t\t\t\tmargin-left: 0;\n\t\t\t\t}\n\t\t\t\t\/* see gallery_shortcode() in wp-includes\/media.php *\/\n\t\t\t<\/style>\n\t\t<div id='gallery-3' class='dt-gallery-container gallery galleryid-336918 gallery-columns-2 gallery-size-medium'><dl class='gallery-item'>\n\t\t\t\t<dt class='gallery-icon landscape'>\n\t\t\t\t\t<a class=\"rollover rollover-zoom dt-pswp-item\" title=\"17df2eb6-1f57-4e8d-a2d7-d90f7769fe83\" data-dt-img-description=\"\" data-large_image_width=\"1600\" data-large_image_height=\"1600\"href='https:\/\/www.radiopiu.net\/wordpress\/wp-content\/uploads\/2023\/05\/17df2eb6-1f57-4e8d-a2d7-d90f7769fe83.jpg'><img loading=\"lazy\" decoding=\"async\" width=\"300\" height=\"300\" src=\"https:\/\/www.radiopiu.net\/wordpress\/wp-content\/uploads\/2023\/05\/17df2eb6-1f57-4e8d-a2d7-d90f7769fe83-300x300.jpg\" class=\"attachment-medium size-medium\" alt=\"\" srcset=\"https:\/\/www.radiopiu.net\/wordpress\/wp-content\/uploads\/2023\/05\/17df2eb6-1f57-4e8d-a2d7-d90f7769fe83-300x300.jpg 300w, https:\/\/www.radiopiu.net\/wordpress\/wp-content\/uploads\/2023\/05\/17df2eb6-1f57-4e8d-a2d7-d90f7769fe83-1024x1024.jpg 1024w, https:\/\/www.radiopiu.net\/wordpress\/wp-content\/uploads\/2023\/05\/17df2eb6-1f57-4e8d-a2d7-d90f7769fe83-150x150.jpg 150w, https:\/\/www.radiopiu.net\/wordpress\/wp-content\/uploads\/2023\/05\/17df2eb6-1f57-4e8d-a2d7-d90f7769fe83-768x768.jpg 768w, https:\/\/www.radiopiu.net\/wordpress\/wp-content\/uploads\/2023\/05\/17df2eb6-1f57-4e8d-a2d7-d90f7769fe83-1536x1536.jpg 1536w, https:\/\/www.radiopiu.net\/wordpress\/wp-content\/uploads\/2023\/05\/17df2eb6-1f57-4e8d-a2d7-d90f7769fe83.jpg 1600w\" sizes=\"auto, (max-width: 300px) 100vw, 300px\" \/><\/a>\n\t\t\t\t<\/dt><\/dl><dl class='gallery-item'>\n\t\t\t\t<dt class='gallery-icon landscape'>\n\t\t\t\t\t<a class=\"rollover rollover-zoom dt-pswp-item\" title=\"513f63cf-b390-4bb0-8ca9-e48e3d56d855\" data-dt-img-description=\"\" data-large_image_width=\"1496\" data-large_image_height=\"1496\"href='https:\/\/www.radiopiu.net\/wordpress\/wp-content\/uploads\/2023\/05\/513f63cf-b390-4bb0-8ca9-e48e3d56d855.jpg'><img loading=\"lazy\" decoding=\"async\" width=\"300\" height=\"300\" src=\"https:\/\/www.radiopiu.net\/wordpress\/wp-content\/uploads\/2023\/05\/513f63cf-b390-4bb0-8ca9-e48e3d56d855-300x300.jpg\" class=\"attachment-medium size-medium\" alt=\"\" srcset=\"https:\/\/www.radiopiu.net\/wordpress\/wp-content\/uploads\/2023\/05\/513f63cf-b390-4bb0-8ca9-e48e3d56d855-300x300.jpg 300w, https:\/\/www.radiopiu.net\/wordpress\/wp-content\/uploads\/2023\/05\/513f63cf-b390-4bb0-8ca9-e48e3d56d855-1024x1024.jpg 1024w, https:\/\/www.radiopiu.net\/wordpress\/wp-content\/uploads\/2023\/05\/513f63cf-b390-4bb0-8ca9-e48e3d56d855-150x150.jpg 150w, https:\/\/www.radiopiu.net\/wordpress\/wp-content\/uploads\/2023\/05\/513f63cf-b390-4bb0-8ca9-e48e3d56d855-768x768.jpg 768w, https:\/\/www.radiopiu.net\/wordpress\/wp-content\/uploads\/2023\/05\/513f63cf-b390-4bb0-8ca9-e48e3d56d855.jpg 1496w\" sizes=\"auto, (max-width: 300px) 100vw, 300px\" \/><\/a>\n\t\t\t\t<\/dt><\/dl><br style=\"clear: both\" \/>\n\t\t\t<\/div>\n\n<\/div>\n<\/div>\n<p>&nbsp;<\/p>\n<p>&nbsp;<\/p>\n<hr \/>\n<p>&nbsp;<\/p>\n<blockquote>\n<h3>L&#8217;OMAGGIO A DON ANDREA PER I 25 ANNI DI SACERDOZIO<\/h3>\n<\/blockquote>\n<p>&nbsp;<\/p>\n<p><strong>LIVINALLONGO<\/strong><\/p>\n<p>DI LORENZO SORATROI<\/p>\n<audio class=\"wp-audio-shortcode\" id=\"audio-336918-3\" preload=\"none\" style=\"width: 100%;\" controls=\"controls\"><source type=\"audio\/mpeg\" src=\"https:\/\/www.radiopiu.net\/wordpress\/wp-content\/uploads\/2023\/05\/LORENZO.mp3?_=3\" \/><a href=\"https:\/\/www.radiopiu.net\/wordpress\/wp-content\/uploads\/2023\/05\/LORENZO.mp3\">https:\/\/www.radiopiu.net\/wordpress\/wp-content\/uploads\/2023\/05\/LORENZO.mp3<\/a><\/audio>\n<p>&nbsp;<\/p>\n\n\t\t\t<style type='text\/css'>\n\t\t\t\t#gallery-4 {\n\t\t\t\t\tmargin: auto;\n\t\t\t\t}\n\t\t\t\t#gallery-4 .gallery-item {\n\t\t\t\t\tfloat: left;\n\t\t\t\t\tmargin-top: 10px;\n\t\t\t\t\ttext-align: center;\n\t\t\t\t\twidth: 50%;\n\t\t\t\t}\n\t\t\t\t#gallery-4 img {\n\t\t\t\t\tborder: 2px solid #cfcfcf;\n\t\t\t\t}\n\t\t\t\t#gallery-4 .gallery-caption {\n\t\t\t\t\tmargin-left: 0;\n\t\t\t\t}\n\t\t\t\t\/* see gallery_shortcode() in wp-includes\/media.php *\/\n\t\t\t<\/style>\n\t\t<div id='gallery-4' class='dt-gallery-container gallery galleryid-336918 gallery-columns-2 gallery-size-medium'><dl class='gallery-item'>\n\t\t\t\t<dt class='gallery-icon landscape'>\n\t\t\t\t\t<a class=\"rollover rollover-zoom dt-pswp-item\" title=\"25 agn don andrea_1\" data-dt-img-description=\"\" data-large_image_width=\"2560\" data-large_image_height=\"1294\"href='https:\/\/www.radiopiu.net\/wordpress\/wp-content\/uploads\/2023\/05\/25-agn-don-andrea_1-scaled.jpg'><img loading=\"lazy\" decoding=\"async\" width=\"300\" height=\"152\" src=\"https:\/\/www.radiopiu.net\/wordpress\/wp-content\/uploads\/2023\/05\/25-agn-don-andrea_1-300x152.jpg\" class=\"attachment-medium size-medium\" alt=\"\" srcset=\"https:\/\/www.radiopiu.net\/wordpress\/wp-content\/uploads\/2023\/05\/25-agn-don-andrea_1-300x152.jpg 300w, https:\/\/www.radiopiu.net\/wordpress\/wp-content\/uploads\/2023\/05\/25-agn-don-andrea_1-1024x517.jpg 1024w, https:\/\/www.radiopiu.net\/wordpress\/wp-content\/uploads\/2023\/05\/25-agn-don-andrea_1-768x388.jpg 768w, https:\/\/www.radiopiu.net\/wordpress\/wp-content\/uploads\/2023\/05\/25-agn-don-andrea_1-1536x776.jpg 1536w, https:\/\/www.radiopiu.net\/wordpress\/wp-content\/uploads\/2023\/05\/25-agn-don-andrea_1-2048x1035.jpg 2048w\" sizes=\"auto, (max-width: 300px) 100vw, 300px\" \/><\/a>\n\t\t\t\t<\/dt><\/dl><dl class='gallery-item'>\n\t\t\t\t<dt class='gallery-icon landscape'>\n\t\t\t\t\t<a class=\"rollover rollover-zoom dt-pswp-item\" title=\"25 agn don andrea_3\" data-dt-img-description=\"\" data-large_image_width=\"1922\" data-large_image_height=\"1418\"href='https:\/\/www.radiopiu.net\/wordpress\/wp-content\/uploads\/2023\/05\/25-agn-don-andrea_3.jpg'><img loading=\"lazy\" decoding=\"async\" width=\"300\" height=\"221\" src=\"https:\/\/www.radiopiu.net\/wordpress\/wp-content\/uploads\/2023\/05\/25-agn-don-andrea_3-300x221.jpg\" class=\"attachment-medium size-medium\" alt=\"\" srcset=\"https:\/\/www.radiopiu.net\/wordpress\/wp-content\/uploads\/2023\/05\/25-agn-don-andrea_3-300x221.jpg 300w, https:\/\/www.radiopiu.net\/wordpress\/wp-content\/uploads\/2023\/05\/25-agn-don-andrea_3-1024x755.jpg 1024w, https:\/\/www.radiopiu.net\/wordpress\/wp-content\/uploads\/2023\/05\/25-agn-don-andrea_3-768x567.jpg 768w, https:\/\/www.radiopiu.net\/wordpress\/wp-content\/uploads\/2023\/05\/25-agn-don-andrea_3-1536x1133.jpg 1536w, https:\/\/www.radiopiu.net\/wordpress\/wp-content\/uploads\/2023\/05\/25-agn-don-andrea_3.jpg 1922w\" sizes=\"auto, (max-width: 300px) 100vw, 300px\" \/><\/a>\n\t\t\t\t<\/dt><\/dl><br style=\"clear: both\" \/>\n\t\t\t<\/div>\n\n<p>&nbsp;<\/p>\n<hr \/>\n<p>&nbsp;<\/p>\n<blockquote>\n<h3>AUGURI DON VITO, 25 ANNI DI SACERDOZIO<\/h3>\n<\/blockquote>\n<p><strong><a class=\"dt-pswp-item\" href=\"https:\/\/www.radiopiu.net\/wordpress\/wp-content\/uploads\/2023\/05\/346154549_1123988408992032_3587231510307288654_n.jpg\" data-dt-img-description=\"\" data-large_image_width=\"1489\" data-large_image_height=\"2048\"><img loading=\"lazy\" decoding=\"async\" class=\"size-medium wp-image-337057 alignright\" src=\"https:\/\/www.radiopiu.net\/wordpress\/wp-content\/uploads\/2023\/05\/346154549_1123988408992032_3587231510307288654_n-218x300.jpg\" alt=\"\" width=\"218\" height=\"300\" srcset=\"https:\/\/www.radiopiu.net\/wordpress\/wp-content\/uploads\/2023\/05\/346154549_1123988408992032_3587231510307288654_n-218x300.jpg 218w, https:\/\/www.radiopiu.net\/wordpress\/wp-content\/uploads\/2023\/05\/346154549_1123988408992032_3587231510307288654_n-745x1024.jpg 745w, https:\/\/www.radiopiu.net\/wordpress\/wp-content\/uploads\/2023\/05\/346154549_1123988408992032_3587231510307288654_n-768x1056.jpg 768w, https:\/\/www.radiopiu.net\/wordpress\/wp-content\/uploads\/2023\/05\/346154549_1123988408992032_3587231510307288654_n-1117x1536.jpg 1117w, https:\/\/www.radiopiu.net\/wordpress\/wp-content\/uploads\/2023\/05\/346154549_1123988408992032_3587231510307288654_n.jpg 1489w\" sizes=\"auto, (max-width: 218px) 100vw, 218px\" \/><\/a><a class=\"dt-pswp-item\" href=\"https:\/\/www.radiopiu.net\/wordpress\/wp-content\/uploads\/2022\/05\/DON-VITO-DE-VIDO.jpg\" data-dt-img-description=\"\" data-large_image_width=\"550\" data-large_image_height=\"828\"><img loading=\"lazy\" decoding=\"async\" class=\" wp-image-275816 alignleft\" src=\"https:\/\/www.radiopiu.net\/wordpress\/wp-content\/uploads\/2022\/05\/DON-VITO-DE-VIDO-199x300.jpg\" alt=\"\" width=\"125\" height=\"188\" srcset=\"https:\/\/www.radiopiu.net\/wordpress\/wp-content\/uploads\/2022\/05\/DON-VITO-DE-VIDO-199x300.jpg 199w, https:\/\/www.radiopiu.net\/wordpress\/wp-content\/uploads\/2022\/05\/DON-VITO-DE-VIDO.jpg 550w\" sizes=\"auto, (max-width: 125px) 100vw, 125px\" \/><\/a>CANALE D&#8217;AGORDO<\/strong> Oggi, la comunit\u00e0 di Canale d&#8217;Agordo si riunir\u00e0 per celebrare il 25\u00ba anniversario di ordinazione sacerdotale di Don Vito De Vido. La messa commemorativa si terr\u00e0 alle 16 presso la chiesa locale, e sar\u00e0 un momento di gioia, gratitudine e riflessione sulla dedizione di Don Vito al servizio spirituale. Don Vito De Vido \u00e8 un sacerdote amato e rispettato nella comunit\u00e0 di Canale d&#8217;Agordo e Vallada. Dopo aver ricevuto l&#8217;ordinazione sacerdotale 25 anni fa, ha dedicato la sua vita alla guida spirituale e all&#8217;assistenza pastorale dei fedeli. La sua presenza calorosa e il suo impegno incrollabile hanno toccato molte vite, ed \u00e8 ammirato per la sua compassione, la sua saggezza e il suo sostegno incondizionato. La messa di oggi sar\u00e0 un momento significativo per la comunit\u00e0 di Canale d&#8217;Agordo, che si unir\u00e0 per ringraziare e onorare Don Vito per il suo servizio. La cerimonia sar\u00e0 presieduta dal vescovo locale, che si unir\u00e0 ai fedeli per esprimere la loro gratitudine e augurare a Don Vito molti anni di ministero sacerdotale ancora da compiere. Durante la messa, saranno condivise testimonianze e ricordi speciali del percorso di Don Vito come sacerdote. I fedeli avranno l&#8217;opportunit\u00e0 di esprimere i loro sentimenti e di ringraziare personalmente Don Vito per il suo impegno e il suo amore. Sar\u00e0 anche un momento di preghiera per chiedere a Dio di benedire Don Vito e di guidarlo nel suo continuo servizio spirituale.<\/p>\n<div class=\"flex-1 overflow-hidden\">\n<div class=\"react-scroll-to-bottom--css-zskzn-79elbk h-full dark:bg-gray-800\">\n<div class=\"react-scroll-to-bottom--css-zskzn-1n7m0yu\">\n<div class=\"flex flex-col text-sm dark:bg-gray-800\">\n<div class=\"group w-full text-gray-800 dark:text-gray-100 border-b border-black\/10 dark:border-gray-900\/50 bg-gray-50 dark:bg-[#444654]\">\n<div class=\"flex p-4 gap-4 text-base md:gap-6 md:max-w-2xl lg:max-w-xl xl:max-w-3xl md:py-6 lg:px-0 m-auto\">\n<div class=\"relative flex w-[calc(100%-50px)] flex-col gap-1 md:gap-3 lg:w-[calc(100%-115px)]\">\n<div class=\"flex flex-grow flex-col gap-3\">\n<div class=\"min-h-[20px] flex flex-col items-start gap-4 whitespace-pre-wrap break-words\">\n<div class=\"markdown prose w-full break-words dark:prose-invert light\">\n<blockquote><p><em>Il 25\u00ba anniversario di ordinazione sacerdotale di Don Vito De Vido \u00e8 un momento di grande importanza per la comunit\u00e0 di Canale d&#8217;Agordo. \u00c8 un&#8217;opportunit\u00e0 per riconoscere e celebrare il dono del suo ministero sacerdotale e per esprimere gratitudine per il suo servizio instancabile. La messa di oggi rappresenter\u00e0 un capitolo significativo nella vita spirituale di Don Vito e rimarr\u00e0 un ricordo prezioso per la comunit\u00e0 per molti anni a venire.<\/em><\/p><\/blockquote>\n<\/div>\n<\/div>\n<\/div>\n<\/div>\n<\/div>\n<\/div>\n<\/div>\n<\/div>\n<\/div>\n<\/div>\n<p>&nbsp;<\/p>\n<hr \/>\n<p>&nbsp;<\/p>\n<p>&nbsp;<\/p>\n<blockquote>\n<h3 style=\"text-align: left;\"><img loading=\"lazy\" decoding=\"async\" class=\"alignleft\" src=\"https:\/\/www.radiopiu.net\/wordpress\/wp-content\/uploads\/2023\/05\/Senza-nome-65.jpg\" width=\"262\" height=\"150\" \/>LA NUOVA PROLOCO DI ALLEGHE, IL RILANCIO DELL&#8217;ASSOCIAZIONE A VALLADA<\/h3>\n<\/blockquote>\n<p><strong>Alleghe<\/strong><\/p>\n<p><strong>DI GIANNI SANTOMASO<\/strong><\/p>\n<audio class=\"wp-audio-shortcode\" id=\"audio-336918-4\" preload=\"none\" style=\"width: 100%;\" controls=\"controls\"><source type=\"audio\/mpeg\" src=\"https:\/\/www.radiopiu.net\/wordpress\/wp-content\/uploads\/2023\/05\/alleghe-gianni-proloco.mp3?_=4\" \/><a href=\"https:\/\/www.radiopiu.net\/wordpress\/wp-content\/uploads\/2023\/05\/alleghe-gianni-proloco.mp3\">https:\/\/www.radiopiu.net\/wordpress\/wp-content\/uploads\/2023\/05\/alleghe-gianni-proloco.mp3<\/a><\/audio>\n<p>&nbsp;<\/p>\n<p>&nbsp;<\/p>\n<hr \/>\n<p>&nbsp;<\/p>\n<blockquote>\n<h3>IL COMUNE DI BELLUNO RINNOVA I FONDI PER LA PULIZIA DEI SENTIERI<\/h3>\n<\/blockquote>\n<p><strong>BELLUNO <\/strong>Contributi alle associazioni sportive per la cura dei sentieri: il Comune rinnova il fondo, a breve sar\u00e0 pubblicata la ricerca di partner attraverso un bando. Potranno candidarsi tutte le associazioni sportive che hanno organizzato o organizzeranno corse (competitive o meno) nel 2023\/2024 e che per rendere fruibili i sentieri terreno di gara si impegnano per la loro pulizia e manutenzione.<\/p>\n<p><strong>L\u2019ASSESSORE ALLO SPORT, MONICA MAZZOCCOLI <\/strong><\/p>\n<p><iframe loading=\"lazy\" title=\"l\u2019assessore allo sport, Monica Mazzoccoli - Cura Sentieri\" width=\"1200\" height=\"675\" src=\"https:\/\/www.youtube.com\/embed\/1oGCuPxOf1c?feature=oembed\" frameborder=\"0\" allow=\"accelerometer; autoplay; clipboard-write; encrypted-media; gyroscope; picture-in-picture; web-share\" allowfullscreen><\/iframe><\/p>\n<p>&nbsp;<\/p>\n<p>&nbsp;<\/p>\n<hr \/>\n<p>&nbsp;<\/p>\n<blockquote>\n<h3><b>Agricoltore custode dell&#8217;ambiente e del territorio, domani la chiusura dei lavori sul provvedimento. De Carlo: \u201cDare giusto ruolo e valorizzazione a questi presidi del territorio\u201d. <\/b><\/h3>\n<\/blockquote>\n<div dir=\"ltr\"><em>la dichiarazione del Senatore, Luca De Carlo\u00a0<\/em><\/div>\n<p><strong><em>ROMA<\/em> <\/strong>\u201c<em>\u00c8 un onore per me annunciare, proprio in occasione della Giornata mondiale della biodiversit\u00e0, che oggi concluderemo in commissione i lavori sul disegno di legge \u201cAgricoltore custode dell&#8217;ambiente e del territorio\u201d. Dopo anni in cui agricoltura e agricoltori sono stati messi sotto accusa da una certa propaganda pseudo-ambientalista, ora finalmente daremo a queste realt\u00e0 la giusta valorizzazione affinch\u00e9 venga riconosciuto il loro ruolo di presidi del territorio, come \u00e8 stato dimostrato \u2013 non da ultimo \u2013 anche nel corso dell&#8217;ultima, tragica emergenza dell&#8217;Emilia-Romagna\u201d.<\/em><\/p>\n<p>&nbsp;<\/p>\n<p>&nbsp;<\/p>\n<hr \/>\n<p>&nbsp;<\/p>\n<blockquote>\n<h3><strong>AUTONOMIA DIFFERENZIATA. IL PRESIDENTE DEL VENETO A PALAZZO MADAMA <\/strong><\/h3>\n<\/blockquote>\n<p><strong>VENEZIA<\/strong> Oggi alle 11, a Roma a Palazzo Madama, il Presidente della Regione del Veneto parteciper\u00e0 alle audizioni sull\u2019Autonomia differenziata presso la Commissione Affari Costituzionali del Senato.<\/p>\n<p>&nbsp;<\/p>\n<p>&nbsp;<\/p>\n<hr \/>\n<p>&nbsp;<\/p>\n<blockquote>\n<h3><strong> AL VIA UNA NUOVA COMUNICAZIONE PER AVVISARE LA CITTADINANZA SUL MALTEMPO<\/strong><\/h3>\n<\/blockquote>\n<p><strong><a class=\"dt-pswp-item\" href=\"https:\/\/www.radiopiu.net\/wordpress\/wp-content\/uploads\/2023\/05\/834d20ec-d310-4459-a226-87871d22c9fd.jpg\" data-dt-img-description=\"\" data-large_image_width=\"2000\" data-large_image_height=\"1500\"><img loading=\"lazy\" decoding=\"async\" class=\" wp-image-336978 alignleft\" src=\"https:\/\/www.radiopiu.net\/wordpress\/wp-content\/uploads\/2023\/05\/834d20ec-d310-4459-a226-87871d22c9fd-300x225.jpg\" alt=\"\" width=\"231\" height=\"173\" srcset=\"https:\/\/www.radiopiu.net\/wordpress\/wp-content\/uploads\/2023\/05\/834d20ec-d310-4459-a226-87871d22c9fd-300x225.jpg 300w, https:\/\/www.radiopiu.net\/wordpress\/wp-content\/uploads\/2023\/05\/834d20ec-d310-4459-a226-87871d22c9fd-1024x768.jpg 1024w, https:\/\/www.radiopiu.net\/wordpress\/wp-content\/uploads\/2023\/05\/834d20ec-d310-4459-a226-87871d22c9fd-768x576.jpg 768w, https:\/\/www.radiopiu.net\/wordpress\/wp-content\/uploads\/2023\/05\/834d20ec-d310-4459-a226-87871d22c9fd-1536x1152.jpg 1536w, https:\/\/www.radiopiu.net\/wordpress\/wp-content\/uploads\/2023\/05\/834d20ec-d310-4459-a226-87871d22c9fd.jpg 2000w\" sizes=\"auto, (max-width: 231px) 100vw, 231px\" \/><\/a>VENEZIA<\/strong> La Protezione Civile del Veneto utilizzer\u00e0 un linguaggio semplificato per comunicare i livelli di allerta per rischio idrogeologico, idraulico e temporali. I bollettini e gli avvisi saranno pubblicati online e sui social media con una grafica chiara e veloce. Il Centro Funzionale Decentrato emette quotidianamente il bollettino ufficiale della Regione del Veneto e valuta la criticit\u00e0 e gli effetti per ogni zona di allerta. Quando non ci sono criticit\u00e0, viene emesso un &#8220;Bollettino di Vigilanza&#8221;. In caso contrario, viene emesso un &#8220;Avviso di Criticit\u00e0&#8221; che indica il livello di allerta atteso e le zone interessate. La Protezione Civile dirama l&#8217;Allerta di Protezione Civile e le autorit\u00e0 locali dichiarano la fase operativa per il proprio territorio. Queste iniziative sono state prese per ampliare la comunicazione delle allerte e raggiungere il maggior numero possibile di operatori. I documenti saranno pubblicati quotidianamente sui canali social istituzionali della Regione del Veneto con una grafica riassuntiva. <em>\u201cNegli ultimi anni, &#8211; ha ricordato l\u2019Assessore veneto Gianpaolo Bottacin- i cambiamenti nella quantit\u00e0 e il tipo di precipitazioni, nonch\u00e9 le alterazioni nella frequenza e nell\u2019intensit\u00e0 degli eventi climatici estremi hanno evidenziato la necessit\u00e0 di ampliare i canali di comunicazione delle allerte e di raggiungere il numero pi\u00f9 elevato possibile di operatori in qualsiasi momento&#8221;.<\/em><\/p>\n<p>&nbsp;<\/p>\n<p>&nbsp;<\/p>\n<hr \/>\n<p>&nbsp;<\/p>\n<blockquote>\n<h3>LEGA IN PROVINCIA, OBIETTIVO PORTARE L&#8217;ATTENZIONE SUL TERRITORIO<\/h3>\n<\/blockquote>\n<blockquote>\n<h3 align=\"justify\"><i><b>\u201c<span style=\"font-family: Arial, sans-serif;\">Puntare i fari su Belluno, con eventi e iniziative. Qui ci sono amministratori, militanti e giovani che si danno da fare, il nostro territorio deve contare\u201d.\u00a0<\/span><\/b><\/i><\/h3>\n<\/blockquote>\n<p style=\"text-align: left;\"><strong><a class=\"dt-pswp-item\" href=\"https:\/\/www.radiopiu.net\/wordpress\/wp-content\/uploads\/2023\/05\/Scuola-politica-21.05.23_1.jpeg\" data-dt-img-description=\"\" data-large_image_width=\"2016\" data-large_image_height=\"908\"><img loading=\"lazy\" decoding=\"async\" class=\"size-medium wp-image-337014 alignleft\" src=\"https:\/\/www.radiopiu.net\/wordpress\/wp-content\/uploads\/2023\/05\/Scuola-politica-21.05.23_1-300x135.jpeg\" alt=\"\" width=\"300\" height=\"135\" srcset=\"https:\/\/www.radiopiu.net\/wordpress\/wp-content\/uploads\/2023\/05\/Scuola-politica-21.05.23_1-300x135.jpeg 300w, https:\/\/www.radiopiu.net\/wordpress\/wp-content\/uploads\/2023\/05\/Scuola-politica-21.05.23_1-1024x461.jpeg 1024w, https:\/\/www.radiopiu.net\/wordpress\/wp-content\/uploads\/2023\/05\/Scuola-politica-21.05.23_1-768x346.jpeg 768w, https:\/\/www.radiopiu.net\/wordpress\/wp-content\/uploads\/2023\/05\/Scuola-politica-21.05.23_1-1536x692.jpeg 1536w, https:\/\/www.radiopiu.net\/wordpress\/wp-content\/uploads\/2023\/05\/Scuola-politica-21.05.23_1.jpeg 2016w\" sizes=\"auto, (max-width: 300px) 100vw, 300px\" \/><\/a>BELLUNO<\/strong> doppietta di appuntamenti la scorsa settimana<b>.<\/b> Dopo la cena da oltre 120 partecipanti di venerd\u00ec sera\u00a0 con tutto il gotha della Lega regionale a partire dal governatore Luca Zaia, analoga soddisfazione \u00e8 stata raccolta domenica al sesto appuntamento della Scuola politica itinerante promossa e organizzata dal gruppo Lega giovani Veneto per i giovani amministratori. La lezione si \u00e8 tenuta nella sede di Belluno del partito e ha raccolto un gran numero di partecipanti.<span class=\"gmail-Apple-converted-space\">\u00a0<\/span><\/p>\n<p><strong>IL SEGRETARIO ANDREA DE BERNARDIN<\/strong><\/p>\n<audio class=\"wp-audio-shortcode\" id=\"audio-336918-5\" preload=\"none\" style=\"width: 100%;\" controls=\"controls\"><source type=\"audio\/mpeg\" src=\"https:\/\/www.radiopiu.net\/wordpress\/wp-content\/uploads\/2023\/05\/BERNARDIBN.mp3?_=5\" \/><a href=\"https:\/\/www.radiopiu.net\/wordpress\/wp-content\/uploads\/2023\/05\/BERNARDIBN.mp3\">https:\/\/www.radiopiu.net\/wordpress\/wp-content\/uploads\/2023\/05\/BERNARDIBN.mp3<\/a><\/audio>\n<p>&nbsp;<\/p>\n<p>&nbsp;<\/p>\n<hr \/>\n<p>&nbsp;<\/p>\n<blockquote>\n<h3><strong>UN DONO IN COMUNE A CHIES D\u2019ALPAGO CON ADMO<\/strong><\/h3>\n<\/blockquote>\n<p><strong><a class=\"dt-pswp-item\" href=\"https:\/\/www.radiopiu.net\/wordpress\/wp-content\/uploads\/2023\/05\/admo-logo.jpg\" data-dt-img-description=\"\" data-large_image_width=\"1200\" data-large_image_height=\"848\"><img loading=\"lazy\" decoding=\"async\" class=\" wp-image-336938 alignleft\" src=\"https:\/\/www.radiopiu.net\/wordpress\/wp-content\/uploads\/2023\/05\/admo-logo-300x212.jpg\" alt=\"\" width=\"143\" height=\"101\" srcset=\"https:\/\/www.radiopiu.net\/wordpress\/wp-content\/uploads\/2023\/05\/admo-logo-300x212.jpg 300w, https:\/\/www.radiopiu.net\/wordpress\/wp-content\/uploads\/2023\/05\/admo-logo-1024x724.jpg 1024w, https:\/\/www.radiopiu.net\/wordpress\/wp-content\/uploads\/2023\/05\/admo-logo-768x543.jpg 768w, https:\/\/www.radiopiu.net\/wordpress\/wp-content\/uploads\/2023\/05\/admo-logo.jpg 1200w\" sizes=\"auto, (max-width: 143px) 100vw, 143px\" \/><\/a>CHIES D&#8217;ALPAGO <\/strong>\u00c8 approdato a Chies d&#8217;Alpago il progetto &#8220;Un dono in comune&#8221;. L\u2019iniziativa \u00e8 stata promossa presso i giovani grazie alla collaborazione sul territorio del Comune e della sezione dell\u2019ABVS Lamosano-Chies. Il progetto \u201cUn dono in comune\u201d nasce dalla collaborazione tra ANCI Veneto e ADMO (Associazione Donatori Midollo Osseo) con l\u2019intento di coinvolgere le realt\u00e0 locali nella promozione e nella sensibilizzazione al dono. Concretamente attraverso l\u2019invio di una lettera indirizzata a tutti i giovani dai 18 ai 35 anni, informandoli che tramite un semplice esame del sangue possono entrare nel registro dei potenziali donatori di midollo osseo.<\/p>\n<p>&nbsp;<\/p>\n<p>&nbsp;<\/p>\n<hr \/>\n<p>&nbsp;<\/p>\n<p>&nbsp;<\/p>\n<blockquote>\n<h3>&#8220;LiberaMente: Sensibilizzazione sulla salute mentale al Cinema Piave di Santo Stefano di Cadore&#8221;<\/h3>\n<\/blockquote>\n<p><strong>PIEVE DI CADORE<\/strong> Il Cinema Piave di Santo Stefano di Cadore ospiter\u00e0 l&#8217;evento di sensibilizzazione sulla salute mentale chiamato &#8220;LiberaMente&#8221;, promosso dalla cooperativa sociale Itaca. L&#8217;incontro si svolger\u00e0 il venerd\u00ec 26 maggio e coinvolger\u00e0 gli studenti dell&#8217;istituto superiore Fermi di Pieve di Cadore, insegnanti, famiglie e cittadini.<\/p>\n<p><strong>DI DANIELE DALVIT<\/strong><\/p>\n<audio class=\"wp-audio-shortcode\" id=\"audio-336918-6\" preload=\"none\" style=\"width: 100%;\" controls=\"controls\"><source type=\"audio\/mpeg\" src=\"https:\/\/www.radiopiu.net\/wordpress\/wp-content\/uploads\/2023\/05\/Radio-Piu-Servizio-LiberaMente-salute-mentale-Santo-Stefano.mp3?_=6\" \/><a href=\"https:\/\/www.radiopiu.net\/wordpress\/wp-content\/uploads\/2023\/05\/Radio-Piu-Servizio-LiberaMente-salute-mentale-Santo-Stefano.mp3\">https:\/\/www.radiopiu.net\/wordpress\/wp-content\/uploads\/2023\/05\/Radio-Piu-Servizio-LiberaMente-salute-mentale-Santo-Stefano.mp3<\/a><\/audio>\n<p>&nbsp;<\/p>\n<hr \/>\n<p>&nbsp;<\/p>\n<blockquote>\n<h3>LA COMUNITA&#8217; EDUCATIVA PORTAPERTA BELLUNO APRE LE PORTE ALLA CITTADINANZA<\/h3>\n<\/blockquote>\n<p><strong>BELLUNO<\/strong> La comunit\u00e0 educativa Portaperta Belluno apre le porte alla cittadinanza. Gioved\u00ec alle 15 in Via Piero Gobetti 56 a Belluno i ragazzi accolti presso il centro saranno i testimonial diretti delle nostre attivit\u00e0 della Comunit\u00e0 Portaperta Belluno, per dare il senso<br \/>\ndel lavoro educativo che ogni giorno viene messo a servizio del territorio.<\/p>\n<p>&nbsp;<\/p>\n<p>&nbsp;<\/p>\n<hr \/>\n<p>&nbsp;<\/p>\n<blockquote>\n<h3><a class=\"dt-pswp-item\" href=\"https:\/\/www.radiopiu.net\/wordpress\/wp-content\/uploads\/2022\/11\/CENCENIGHE-NOF-FILO.png\" data-dt-img-description=\"\" data-large_image_width=\"1494\" data-large_image_height=\"962\"><img loading=\"lazy\" decoding=\"async\" class=\"wp-image-308445 alignleft\" src=\"https:\/\/www.radiopiu.net\/wordpress\/wp-content\/uploads\/2022\/11\/CENCENIGHE-NOF-FILO-300x193.png\" alt=\"\" width=\"180\" height=\"116\" srcset=\"https:\/\/www.radiopiu.net\/wordpress\/wp-content\/uploads\/2022\/11\/CENCENIGHE-NOF-FILO-300x193.png 300w, https:\/\/www.radiopiu.net\/wordpress\/wp-content\/uploads\/2022\/11\/CENCENIGHE-NOF-FILO-1024x659.png 1024w, https:\/\/www.radiopiu.net\/wordpress\/wp-content\/uploads\/2022\/11\/CENCENIGHE-NOF-FILO-768x495.png 768w, https:\/\/www.radiopiu.net\/wordpress\/wp-content\/uploads\/2022\/11\/CENCENIGHE-NOF-FILO.png 1494w\" sizes=\"auto, (max-width: 180px) 100vw, 180px\" \/><\/a>IL GIURAMENTO DEL SINDACO<\/h3>\n<\/blockquote>\n<p><strong>CENCENIGHE<\/strong>\u00a0 Questa sera\u00a0 in Municipio il consiglio comuanale. Oltre al giuramento del sindaco, presentazione delle linee programmatiche e nomina delle commissioni i consiglieri daranno seguito ai lavori gi\u00e0 avviati\u00a0 come il\u00a0 recesso del Comune dalla Casa di Soggiorno di Taibon.<\/p>\n<p>&nbsp;<\/p>\n<hr \/>\n<p>&nbsp;<\/p>\n<blockquote>\n<h3><a class=\"dt-pswp-item\" href=\"https:\/\/www.radiopiu.net\/wordpress\/wp-content\/uploads\/2021\/06\/8554eb80-bb6e-4752-a6d3-57aff91a2903.jpg\" data-dt-img-description=\"\" data-large_image_width=\"768\" data-large_image_height=\"1024\"><img loading=\"lazy\" decoding=\"async\" class=\"wp-image-215003 alignleft\" src=\"https:\/\/www.radiopiu.net\/wordpress\/wp-content\/uploads\/2021\/06\/8554eb80-bb6e-4752-a6d3-57aff91a2903-225x300.jpg\" alt=\"\" width=\"170\" height=\"227\" srcset=\"https:\/\/www.radiopiu.net\/wordpress\/wp-content\/uploads\/2021\/06\/8554eb80-bb6e-4752-a6d3-57aff91a2903-225x300.jpg 225w, https:\/\/www.radiopiu.net\/wordpress\/wp-content\/uploads\/2021\/06\/8554eb80-bb6e-4752-a6d3-57aff91a2903.jpg 768w\" sizes=\"auto, (max-width: 170px) 100vw, 170px\" \/><\/a>UNO SOLTANTO E NESSUNA INTERROGAZIONE<\/h3>\n<\/blockquote>\n<p><strong>ROCCA PIETORE\u00a0<\/strong> Che la minoranza o l&#8217;ex di maggioranza Diana Iraci Borgia non abbiamo presentato interrogazioni o mozioni \u00e8 una notizia.<\/p>\n<p>Infatti nel consiglio comunale di lunedi alle 18.30 \u00e8 all&#8217;ordine del giorno un unico punto sull&#8217;approvazione del rendiconto di gestione dell&#8217;esercizio finanziario 2022.<\/p>\n<p>&nbsp;<\/p>\n<p>&nbsp;<\/p>\n<p>&nbsp;<\/p>\n<hr \/>\n<p>&nbsp;<\/p>\n<blockquote>\n<h3>I LADIN DEL POI SPALANCANO LE PORTE AI GIOVANI<\/h3>\n<\/blockquote>\n<p><strong><img loading=\"lazy\" decoding=\"async\" class=\"alignleft\" src=\"https:\/\/www.radiopiu.net\/wordpress\/wp-content\/uploads\/2019\/03\/IMG-20190331-WA0080.jpg\" width=\"259\" height=\"146\" \/>VOLTAGO<\/strong><\/p>\n<p>&nbsp;<\/p>\n<p><strong>di GIANNI SANTOMASO<\/strong><\/p>\n<p>&nbsp;<\/p>\n<audio class=\"wp-audio-shortcode\" id=\"audio-336918-7\" preload=\"none\" style=\"width: 100%;\" controls=\"controls\"><source type=\"audio\/mpeg\" src=\"https:\/\/www.radiopiu.net\/wordpress\/wp-content\/uploads\/2023\/05\/gianni-poi.mp3?_=7\" \/><a href=\"https:\/\/www.radiopiu.net\/wordpress\/wp-content\/uploads\/2023\/05\/gianni-poi.mp3\">https:\/\/www.radiopiu.net\/wordpress\/wp-content\/uploads\/2023\/05\/gianni-poi.mp3<\/a><\/audio>\n<p>&nbsp;<\/p>\n<p>&nbsp;<\/p>\n<hr \/>\n<p>&nbsp;<\/p>\n<div class=\"group w-full text-gray-800 dark:text-gray-100 border-b border-black\/10 dark:border-gray-900\/50 bg-gray-50 dark:bg-[#444654]\">\n<div class=\"flex p-4 gap-4 text-base md:gap-6 md:max-w-2xl lg:max-w-xl xl:max-w-3xl md:py-6 lg:px-0 m-auto\">\n<div class=\"relative flex w-[calc(100%-50px)] flex-col gap-1 md:gap-3 lg:w-[calc(100%-115px)]\">\n<div class=\"flex flex-grow flex-col gap-3\">\n<div class=\"min-h-[20px] flex flex-col items-start gap-4 whitespace-pre-wrap break-words\">\n<div class=\"markdown prose w-full break-words dark:prose-invert light\">\n<blockquote>\n<h3>Corso residenziale intensivo sull&#8217;essere consapevole<\/h3>\n<\/blockquote>\n<p><strong>SANTA GIUSTINA<\/strong> L&#8217;associazione Studi Abilit\u00e0 Umane di Feltre sta organizzando un corso residenziale intensivo sull&#8217;essere consapevole, che si terr\u00e0 a Santa Giustina dall&#8217;1 al 4 giugno. Il corso sar\u00e0 condotto da Ivana Andreoletti e si concentrer\u00e0 sull&#8217;approfondimento della consapevolezza di s\u00e9, degli altri e della vita. Per conoscere gli argomenti trattati e per informazioni o iscrizioni, \u00e8 possibile prenotare incontri online o di persona contattando direttamente la formatrice al numero 334 879 5283 tramite SMS, Telegram o WhatsApp. In alternativa, \u00e8 possibile partecipare agli incontri di presentazione che si terranno presso la sede dell&#8217;associazione a Feltre, nelle serate di marted\u00ec 23, mercoled\u00ec 24, gioved\u00ec 25, venerd\u00ec 26 e sabato 27 maggio alle ore 20.<\/p>\n<\/div>\n<\/div>\n<\/div>\n<div class=\"flex justify-between lg:block\">\n<div class=\"text-gray-400 flex self-end lg:self-center justify-center mt-2 gap-2 md:gap-3 lg:gap-1 lg:absolute lg:top-0 lg:translate-x-full lg:right-0 lg:mt-0 lg:pl-2 visible\"><\/div>\n<\/div>\n<\/div>\n<\/div>\n<\/div>\n<p>&nbsp;<\/p>\n<hr \/>\n<p>&nbsp;<\/p>\n<blockquote>\n<h3>ASPETTANDO IL GIRO D&#8217;ITALIA CON L&#8217;ULSS 1 DOLOMITI E STEFANO GASPERIN, DIRETTORE DEL PRONTO SOCCORSO DI AGORDO<\/h3>\n<\/blockquote>\n<p><strong>BELLUNO <\/strong>Ecco il benvenuto al <span class=\"xt0psk2\">Giro d&#8217;Italia<\/span> del direttore del Pronto Soccorso di Agordo Stefano Gasperin, qui in veste di ciclista.<\/p>\n<div style=\"width: 848px;\" class=\"wp-video\"><video class=\"wp-video-shortcode\" id=\"video-336918-1\" width=\"848\" height=\"480\" preload=\"metadata\" controls=\"controls\"><source type=\"video\/mp4\" src=\"https:\/\/www.radiopiu.net\/wordpress\/wp-content\/uploads\/2023\/05\/WhatsApp-Video-2023-05-15-at-17.08.25.mp4?_=1\" \/><a href=\"https:\/\/www.radiopiu.net\/wordpress\/wp-content\/uploads\/2023\/05\/WhatsApp-Video-2023-05-15-at-17.08.25.mp4\">https:\/\/www.radiopiu.net\/wordpress\/wp-content\/uploads\/2023\/05\/WhatsApp-Video-2023-05-15-at-17.08.25.mp4<\/a><\/video><\/div>\n<p>&nbsp;<\/p>\n<blockquote>\n<h3>ASPETTANDO IL GIRO D&#8217;ITALIA CON L&#8217;ULSS 1 DOLOMITI E FRANCESCO MINNITI, DIRETTORE DEL REPARTO MEDICINA DI AGORDO<\/h3>\n<\/blockquote>\n<p><strong>BELLUNO<\/strong> Francesco Minniti, direttore della Medicina di Agordo, territorio che tra pochi giorni accoglier\u00e0 il <span class=\"xt0psk2\">Giro d&#8217;Italia<\/span>, ci spiega perch\u00e9 fa bene andare in bici: la bici aiuta a superare le fragilit\u00e0 fisiche e mentali.<\/p>\n<div style=\"width: 848px;\" class=\"wp-video\"><video class=\"wp-video-shortcode\" id=\"video-336918-2\" width=\"848\" height=\"480\" preload=\"metadata\" controls=\"controls\"><source type=\"video\/mp4\" src=\"https:\/\/www.radiopiu.net\/wordpress\/wp-content\/uploads\/2023\/05\/WhatsApp-Video-2023-05-18-at-15.18.26.mp4?_=2\" \/><a href=\"https:\/\/www.radiopiu.net\/wordpress\/wp-content\/uploads\/2023\/05\/WhatsApp-Video-2023-05-18-at-15.18.26.mp4\">https:\/\/www.radiopiu.net\/wordpress\/wp-content\/uploads\/2023\/05\/WhatsApp-Video-2023-05-18-at-15.18.26.mp4<\/a><\/video><\/div>\n<p>&nbsp;<\/p>\n<hr \/>\n<p>&nbsp;<\/p>\n<blockquote>\n<h3>DALLA CALCHERA DE LE TORTE, LE FOTO IN NOTTURNA<\/h3>\n<\/blockquote>\n<p><strong>REDAZIONE<\/strong> Continuano a lavorare gli uomini del Piodech di Taibon che sono in Valle di San Lucano da venerd\u00ec mattina per mantenere vive le fiamme alla Calchera de le Torte. Si lavora giorno e notte ma non sono soli. Alla calchera \u00e8 un continuo via vai di gente incuriosita da questa pratica per produrre la calce. Pubblichiamo le foto di Valter Moretti scattate durante la notte.<\/p>\n\n\t\t\t<style type='text\/css'>\n\t\t\t\t#gallery-5 {\n\t\t\t\t\tmargin: auto;\n\t\t\t\t}\n\t\t\t\t#gallery-5 .gallery-item {\n\t\t\t\t\tfloat: left;\n\t\t\t\t\tmargin-top: 10px;\n\t\t\t\t\ttext-align: center;\n\t\t\t\t\twidth: 33%;\n\t\t\t\t}\n\t\t\t\t#gallery-5 img {\n\t\t\t\t\tborder: 2px solid #cfcfcf;\n\t\t\t\t}\n\t\t\t\t#gallery-5 .gallery-caption {\n\t\t\t\t\tmargin-left: 0;\n\t\t\t\t}\n\t\t\t\t\/* see gallery_shortcode() in wp-includes\/media.php *\/\n\t\t\t<\/style>\n\t\t<div id='gallery-5' class='dt-gallery-container gallery galleryid-336918 gallery-columns-3 gallery-size-medium'><dl class='gallery-item'>\n\t\t\t\t<dt class='gallery-icon portrait'>\n\t\t\t\t\t<a class=\"rollover rollover-zoom dt-pswp-item\" title=\"4e70f837-a204-4f76-a4c8-e2b55cf68a5f\" data-dt-img-description=\"\" data-large_image_width=\"1366\" data-large_image_height=\"2048\"href='https:\/\/www.radiopiu.net\/wordpress\/wp-content\/uploads\/2023\/05\/4e70f837-a204-4f76-a4c8-e2b55cf68a5f.jpg'><img loading=\"lazy\" decoding=\"async\" width=\"200\" height=\"300\" src=\"https:\/\/www.radiopiu.net\/wordpress\/wp-content\/uploads\/2023\/05\/4e70f837-a204-4f76-a4c8-e2b55cf68a5f-200x300.jpg\" class=\"attachment-medium size-medium\" alt=\"\" srcset=\"https:\/\/www.radiopiu.net\/wordpress\/wp-content\/uploads\/2023\/05\/4e70f837-a204-4f76-a4c8-e2b55cf68a5f-200x300.jpg 200w, https:\/\/www.radiopiu.net\/wordpress\/wp-content\/uploads\/2023\/05\/4e70f837-a204-4f76-a4c8-e2b55cf68a5f-683x1024.jpg 683w, https:\/\/www.radiopiu.net\/wordpress\/wp-content\/uploads\/2023\/05\/4e70f837-a204-4f76-a4c8-e2b55cf68a5f-768x1151.jpg 768w, https:\/\/www.radiopiu.net\/wordpress\/wp-content\/uploads\/2023\/05\/4e70f837-a204-4f76-a4c8-e2b55cf68a5f-1025x1536.jpg 1025w, https:\/\/www.radiopiu.net\/wordpress\/wp-content\/uploads\/2023\/05\/4e70f837-a204-4f76-a4c8-e2b55cf68a5f.jpg 1366w\" sizes=\"auto, (max-width: 200px) 100vw, 200px\" \/><\/a>\n\t\t\t\t<\/dt><\/dl><dl class='gallery-item'>\n\t\t\t\t<dt class='gallery-icon landscape'>\n\t\t\t\t\t<a class=\"rollover rollover-zoom dt-pswp-item\" title=\"291423a3-601a-4e00-a555-597c69ce9290\" data-dt-img-description=\"\" data-large_image_width=\"2048\" data-large_image_height=\"1366\"href='https:\/\/www.radiopiu.net\/wordpress\/wp-content\/uploads\/2023\/05\/291423a3-601a-4e00-a555-597c69ce9290.jpg'><img loading=\"lazy\" decoding=\"async\" width=\"300\" height=\"200\" src=\"https:\/\/www.radiopiu.net\/wordpress\/wp-content\/uploads\/2023\/05\/291423a3-601a-4e00-a555-597c69ce9290-300x200.jpg\" class=\"attachment-medium size-medium\" alt=\"\" srcset=\"https:\/\/www.radiopiu.net\/wordpress\/wp-content\/uploads\/2023\/05\/291423a3-601a-4e00-a555-597c69ce9290-300x200.jpg 300w, https:\/\/www.radiopiu.net\/wordpress\/wp-content\/uploads\/2023\/05\/291423a3-601a-4e00-a555-597c69ce9290-1024x683.jpg 1024w, https:\/\/www.radiopiu.net\/wordpress\/wp-content\/uploads\/2023\/05\/291423a3-601a-4e00-a555-597c69ce9290-768x512.jpg 768w, https:\/\/www.radiopiu.net\/wordpress\/wp-content\/uploads\/2023\/05\/291423a3-601a-4e00-a555-597c69ce9290-1536x1025.jpg 1536w, https:\/\/www.radiopiu.net\/wordpress\/wp-content\/uploads\/2023\/05\/291423a3-601a-4e00-a555-597c69ce9290.jpg 2048w\" sizes=\"auto, (max-width: 300px) 100vw, 300px\" \/><\/a>\n\t\t\t\t<\/dt><\/dl><dl class='gallery-item'>\n\t\t\t\t<dt class='gallery-icon portrait'>\n\t\t\t\t\t<a class=\"rollover rollover-zoom dt-pswp-item\" title=\"e5ff2eb5-35f4-4e18-8635-ae043fffc5c9\" data-dt-img-description=\"\" data-large_image_width=\"1366\" data-large_image_height=\"2048\"href='https:\/\/www.radiopiu.net\/wordpress\/wp-content\/uploads\/2023\/05\/e5ff2eb5-35f4-4e18-8635-ae043fffc5c9.jpg'><img loading=\"lazy\" decoding=\"async\" width=\"200\" height=\"300\" src=\"https:\/\/www.radiopiu.net\/wordpress\/wp-content\/uploads\/2023\/05\/e5ff2eb5-35f4-4e18-8635-ae043fffc5c9-200x300.jpg\" class=\"attachment-medium size-medium\" alt=\"\" srcset=\"https:\/\/www.radiopiu.net\/wordpress\/wp-content\/uploads\/2023\/05\/e5ff2eb5-35f4-4e18-8635-ae043fffc5c9-200x300.jpg 200w, https:\/\/www.radiopiu.net\/wordpress\/wp-content\/uploads\/2023\/05\/e5ff2eb5-35f4-4e18-8635-ae043fffc5c9-683x1024.jpg 683w, https:\/\/www.radiopiu.net\/wordpress\/wp-content\/uploads\/2023\/05\/e5ff2eb5-35f4-4e18-8635-ae043fffc5c9-768x1151.jpg 768w, https:\/\/www.radiopiu.net\/wordpress\/wp-content\/uploads\/2023\/05\/e5ff2eb5-35f4-4e18-8635-ae043fffc5c9-1025x1536.jpg 1025w, https:\/\/www.radiopiu.net\/wordpress\/wp-content\/uploads\/2023\/05\/e5ff2eb5-35f4-4e18-8635-ae043fffc5c9.jpg 1366w\" sizes=\"auto, (max-width: 200px) 100vw, 200px\" \/><\/a>\n\t\t\t\t<\/dt><\/dl><br style=\"clear: both\" \/>\n\t\t\t<\/div>\n\n<p>&nbsp;<\/p>\n<hr \/>\n<p>&nbsp;<\/p>\n<div class=\"page-title-head hgroup\">\n<blockquote>\n<h3 class=\"entry-title\">ASSOCIAZIONE DANZA AGORDINA: LA DOMENICA DI EMOZIONI<\/h3>\n<\/blockquote>\n<\/div>\n<div class=\"page-title-breadcrumbs\">\n<div class=\"markdown prose w-full break-words dark:prose-invert light\">\n<blockquote>\n<div class=\"markdown prose w-full break-words dark:prose-invert light\">\n<blockquote><p><em>Gruppi di danza di Ada trionfano al concorso Pordenone danza 2023, conquistando 9 borse di studio<\/em><\/p><\/blockquote>\n<p><strong><a class=\"dt-pswp-item\" href=\"https:\/\/www.radiopiu.net\/wordpress\/wp-content\/uploads\/2023\/05\/34b5f686-5060-4635-8ee0-35aea172b994.jpg\" data-dt-img-description=\"\" data-large_image_width=\"1494\" data-large_image_height=\"1066\"><img loading=\"lazy\" decoding=\"async\" class=\"size-medium wp-image-336979 alignleft\" src=\"https:\/\/www.radiopiu.net\/wordpress\/wp-content\/uploads\/2023\/05\/34b5f686-5060-4635-8ee0-35aea172b994-300x214.jpg\" alt=\"\" width=\"300\" height=\"214\" srcset=\"https:\/\/www.radiopiu.net\/wordpress\/wp-content\/uploads\/2023\/05\/34b5f686-5060-4635-8ee0-35aea172b994-300x214.jpg 300w, https:\/\/www.radiopiu.net\/wordpress\/wp-content\/uploads\/2023\/05\/34b5f686-5060-4635-8ee0-35aea172b994-1024x731.jpg 1024w, https:\/\/www.radiopiu.net\/wordpress\/wp-content\/uploads\/2023\/05\/34b5f686-5060-4635-8ee0-35aea172b994-768x548.jpg 768w, https:\/\/www.radiopiu.net\/wordpress\/wp-content\/uploads\/2023\/05\/34b5f686-5060-4635-8ee0-35aea172b994.jpg 1494w\" sizes=\"auto, (max-width: 300px) 100vw, 300px\" \/><\/a>PORDENONE\u00a0<\/strong> Domenica scorsa \u00e8 stata una giornata di trionfo per l&#8217;Ada, con i gruppi che hanno brillantemente conquistato ben 9 borse di studio. Un risultato straordinario che riempie di orgoglio sia gli insegnanti che gli studenti. Tra i gruppi di maggior successo si sono distinti Modern 2, guidato dall&#8217;insegnante\u00a0 Roberta Reolon; Modern 4, con la rinomata coreografa di Vanessa Lagan\u00e0, e Hip Hop 2, sotto la guida di Fabiola Prompicai. Questi gruppi hanno concluso in grande stile la loro primavera di concorsi e uscite, dimostrando un talento e una dedizione che li hanno portati alla vittoria. Il gruppo di danza contemporanea inoltre ha primeggiato nella categoria, con la straordinaria coreografia di Vanessa Lagan\u00e0, conquistando il primo posto e guadagnando l&#8217;ammirazione di giudici e spettatori. La loro performance impeccabile e coinvolgente ha dimostrato ancora una volta la maestria e l&#8217;originalit\u00e0 dei ballerini di Ada. Ora che i riflettori si sono spenti sul palco del concorso, tutte le energie degli allievi e degli insegnanti di Ada sono rivolte alla preparazione dello spettacolo di fine anno. Questo evento molto atteso rappresenter\u00e0 il culmine di un anno di studio e dedizione, offrendo al pubblico un&#8217;esperienza emozionante e coinvolgente.<em>&#8220;Le vittorie al concorso Pordenone danza sono un riconoscimento straordinario per il talento e la passione dei nostri ballerini&#8221;, <\/em>ha dichiarato entusiasta\u00a0 l&#8217;insegnante Roberta Reolon<em> &#8220;Siamo orgogliosi dei loro successi e non vediamo l&#8217;ora di stupire il pubblico con il nostro spettacolo di fine anno. Sar\u00e0 un evento indimenticabile&#8221;<\/em>. Lo spettacolo di fine anno di Ada \u00e8 diventato un appuntamento imperdibile per gli amanti della danza e per la comunit\u00e0 locale. L&#8217;Ada si \u00e8 guadagnata una reputazione di eccellenza nel settore, grazie alla qualit\u00e0 delle\u00a0 performance e all&#8217;impegno di tutti.<\/p>\n\n\t\t\t<style type='text\/css'>\n\t\t\t\t#gallery-6 {\n\t\t\t\t\tmargin: auto;\n\t\t\t\t}\n\t\t\t\t#gallery-6 .gallery-item {\n\t\t\t\t\tfloat: left;\n\t\t\t\t\tmargin-top: 10px;\n\t\t\t\t\ttext-align: center;\n\t\t\t\t\twidth: 25%;\n\t\t\t\t}\n\t\t\t\t#gallery-6 img {\n\t\t\t\t\tborder: 2px solid #cfcfcf;\n\t\t\t\t}\n\t\t\t\t#gallery-6 .gallery-caption {\n\t\t\t\t\tmargin-left: 0;\n\t\t\t\t}\n\t\t\t\t\/* see gallery_shortcode() in wp-includes\/media.php *\/\n\t\t\t<\/style>\n\t\t<div id='gallery-6' class='dt-gallery-container gallery galleryid-336918 gallery-columns-4 gallery-size-thumbnail'><dl class='gallery-item'>\n\t\t\t\t<dt class='gallery-icon portrait'>\n\t\t\t\t\t<a class=\"rollover rollover-zoom dt-pswp-item\" title=\"b16f9aa9-63a8-4860-bce5-444430124612\" data-dt-img-description=\"\" data-large_image_width=\"1200\" data-large_image_height=\"1600\"href='https:\/\/www.radiopiu.net\/wordpress\/wp-content\/uploads\/2023\/05\/b16f9aa9-63a8-4860-bce5-444430124612.jpg'><img loading=\"lazy\" decoding=\"async\" width=\"150\" height=\"150\" src=\"https:\/\/www.radiopiu.net\/wordpress\/wp-content\/uploads\/2023\/05\/b16f9aa9-63a8-4860-bce5-444430124612-150x150.jpg\" class=\"attachment-thumbnail size-thumbnail\" alt=\"\" \/><\/a>\n\t\t\t\t<\/dt><\/dl><dl class='gallery-item'>\n\t\t\t\t<dt class='gallery-icon portrait'>\n\t\t\t\t\t<a class=\"rollover rollover-zoom dt-pswp-item\" title=\"8cfcac7f-097b-4a33-b3a5-c7ef4fcf7a45\" data-dt-img-description=\"\" data-large_image_width=\"1042\" data-large_image_height=\"1199\"href='https:\/\/www.radiopiu.net\/wordpress\/wp-content\/uploads\/2023\/05\/8cfcac7f-097b-4a33-b3a5-c7ef4fcf7a45.jpg'><img loading=\"lazy\" decoding=\"async\" width=\"150\" height=\"150\" src=\"https:\/\/www.radiopiu.net\/wordpress\/wp-content\/uploads\/2023\/05\/8cfcac7f-097b-4a33-b3a5-c7ef4fcf7a45-150x150.jpg\" class=\"attachment-thumbnail size-thumbnail\" alt=\"\" \/><\/a>\n\t\t\t\t<\/dt><\/dl><dl class='gallery-item'>\n\t\t\t\t<dt class='gallery-icon landscape'>\n\t\t\t\t\t<a class=\"rollover rollover-zoom dt-pswp-item\" title=\"9d84fc98-1793-4e2b-9dd2-f32b9f219927\" data-dt-img-description=\"\" data-large_image_width=\"2048\" data-large_image_height=\"1536\"href='https:\/\/www.radiopiu.net\/wordpress\/wp-content\/uploads\/2023\/05\/9d84fc98-1793-4e2b-9dd2-f32b9f219927.jpg'><img loading=\"lazy\" decoding=\"async\" width=\"150\" height=\"150\" src=\"https:\/\/www.radiopiu.net\/wordpress\/wp-content\/uploads\/2023\/05\/9d84fc98-1793-4e2b-9dd2-f32b9f219927-150x150.jpg\" class=\"attachment-thumbnail size-thumbnail\" alt=\"\" \/><\/a>\n\t\t\t\t<\/dt><\/dl><dl class='gallery-item'>\n\t\t\t\t<dt class='gallery-icon portrait'>\n\t\t\t\t\t<a class=\"rollover rollover-zoom dt-pswp-item\" title=\"b56ea86c-579d-4eaa-96c4-f31895f8ffcd\" data-dt-img-description=\"\" data-large_image_width=\"1341\" data-large_image_height=\"2048\"href='https:\/\/www.radiopiu.net\/wordpress\/wp-content\/uploads\/2023\/05\/b56ea86c-579d-4eaa-96c4-f31895f8ffcd.jpg'><img loading=\"lazy\" decoding=\"async\" width=\"150\" height=\"150\" src=\"https:\/\/www.radiopiu.net\/wordpress\/wp-content\/uploads\/2023\/05\/b56ea86c-579d-4eaa-96c4-f31895f8ffcd-150x150.jpg\" class=\"attachment-thumbnail size-thumbnail\" alt=\"\" \/><\/a>\n\t\t\t\t<\/dt><\/dl><br style=\"clear: both\" \/>\n\t\t\t<\/div>\n\n<\/div>\n<\/blockquote>\n<\/div>\n<p>&nbsp;<\/p>\n<\/div>\n<p>&nbsp;<\/p>\n<p>&nbsp;<\/p>\n<hr \/>\n<p>&nbsp;<\/p>\n<h2><span style=\"color: #800080;\">IERI ALLA RADIO<\/span><\/h2>\n<h3><span style=\"color: #ff6600;\">PERITI MINERARI DALL\u2019AGORDINO AL MONDO \u2013 PUNTATA 02 \u2013 CLAUDIO MAZZAROL<\/span><\/h3>\n<p><strong>REDAZIONE<\/strong> Secondo appuntamento con i periti minerari agordini. Oggi \u00e8 il turno di Claudio Mazzarol. I racconti dei periti minerari agordini che hanno lavorato nel mondo, ogni luned\u00ec alle 10:30 e alle 19 su Radio Pi\u00f9<\/p>\n<p><iframe loading=\"lazy\" title=\"CLAUDIO MAZZAROL\" width=\"1200\" height=\"675\" src=\"https:\/\/www.youtube.com\/embed\/ESrc7aRCiWw?start=257&#038;feature=oembed\" frameborder=\"0\" allow=\"accelerometer; autoplay; clipboard-write; encrypted-media; gyroscope; picture-in-picture; web-share\" allowfullscreen><\/iframe><\/p>\n<p>&nbsp;<\/p>\n<p><strong>LA RACCOLTA COMPLETA<\/strong><\/p>\n<blockquote class=\"wp-embedded-content\" data-secret=\"HgPloSJpF6\"><p><a href=\"https:\/\/www.radiopiu.net\/wordpress\/periti-minerari-dallagordino-al-mondo\/\">Periti minerari dall&#8217;agordino al mondo<\/a><\/p><\/blockquote>\n<p><iframe loading=\"lazy\" class=\"wp-embedded-content\" sandbox=\"allow-scripts\" security=\"restricted\" style=\"position: absolute; clip: rect(1px, 1px, 1px, 1px);\" title=\"&#8220;Periti minerari dall&#8217;agordino al mondo&#8221; &#8212; Radio Pi\u00f9\" src=\"https:\/\/www.radiopiu.net\/wordpress\/periti-minerari-dallagordino-al-mondo\/embed\/#?secret=HdXmw8EYh1#?secret=HgPloSJpF6\" data-secret=\"HgPloSJpF6\" width=\"600\" height=\"338\" frameborder=\"0\" marginwidth=\"0\" marginheight=\"0\" scrolling=\"no\"><\/iframe><\/p>\n<p>&nbsp;<\/p>\n<h3><strong><a class=\"dt-pswp-item\" href=\"https:\/\/www.radiopiu.net\/wordpress\/wp-content\/uploads\/2021\/11\/FERNANDO-SOCCOL.png\" data-dt-img-description=\"\" data-large_image_width=\"608\" data-large_image_height=\"444\"><img loading=\"lazy\" decoding=\"async\" class=\" wp-image-243446 alignleft\" src=\"https:\/\/www.radiopiu.net\/wordpress\/wp-content\/uploads\/2021\/11\/FERNANDO-SOCCOL-300x219.png\" alt=\"\" width=\"164\" height=\"120\" srcset=\"https:\/\/www.radiopiu.net\/wordpress\/wp-content\/uploads\/2021\/11\/FERNANDO-SOCCOL-300x219.png 300w, https:\/\/www.radiopiu.net\/wordpress\/wp-content\/uploads\/2021\/11\/FERNANDO-SOCCOL.png 608w\" sizes=\"auto, (max-width: 164px) 100vw, 164px\" \/><\/a><\/strong><span style=\"color: #008080;\">L&#8217;ATLETICA AGORDINA CON IL PRESIDENTE FERNANDO SOCCOL<\/span><\/h3>\n<p><strong>di Mirko Mezzacasa<\/strong><\/p>\n<p>OSPITE: Fernando Soccol, presidente Atletica Agordina<\/p>\n<audio class=\"wp-audio-shortcode\" id=\"audio-336918-8\" preload=\"none\" style=\"width: 100%;\" controls=\"controls\"><source type=\"audio\/mpeg\" src=\"https:\/\/www.radiopiu.net\/wordpress\/wp-content\/uploads\/2023\/05\/fernando-soccol.mp3?_=8\" \/><a href=\"https:\/\/www.radiopiu.net\/wordpress\/wp-content\/uploads\/2023\/05\/fernando-soccol.mp3\">https:\/\/www.radiopiu.net\/wordpress\/wp-content\/uploads\/2023\/05\/fernando-soccol.mp3<\/a><\/audio>\n<p>&nbsp;<\/p>\n<h3><span style=\"color: #0000ff;\">SALUTE &amp; SOCIETA&#8217;<\/span><\/h3>\n<p><a class=\"dt-pswp-item\" href=\"https:\/\/www.radiopiu.net\/wordpress\/wp-content\/uploads\/2023\/05\/mm-ss.jpg\" data-dt-img-description=\"Doctor using a digital tablet in the hospital, Healthcare and Medicine concept.\" data-large_image_width=\"800\" data-large_image_height=\"445\"><img loading=\"lazy\" decoding=\"async\" class=\"alignleft wp-image-336923 \" src=\"https:\/\/www.radiopiu.net\/wordpress\/wp-content\/uploads\/2023\/05\/mm-ss-300x167.jpg\" alt=\"\" width=\"174\" height=\"97\" srcset=\"https:\/\/www.radiopiu.net\/wordpress\/wp-content\/uploads\/2023\/05\/mm-ss-300x167.jpg 300w, https:\/\/www.radiopiu.net\/wordpress\/wp-content\/uploads\/2023\/05\/mm-ss-768x427.jpg 768w, https:\/\/www.radiopiu.net\/wordpress\/wp-content\/uploads\/2023\/05\/mm-ss.jpg 800w\" sizes=\"auto, (max-width: 174px) 100vw, 174px\" \/><\/a><strong>PUNTATA DEL 22 MAGGIO 2023<\/strong><\/p>\n<p><strong>Mieloma multiplo\u00a0 <\/strong>E&#8217; ora disponibile in Italia l\u2019anticorpo bispecifico teclistamab. Il farmaco \u00e8 indicato in monoterapia per il trattamento di pazienti adulti affetti da mieloma multiplo recidivato e refrattario che abbiano ricevuto almeno tre precedenti terapie.<strong> Sanit\u00e0 digitale\u00a0 <\/strong>Le pratiche basate sulle terapie digitali, pur essendo una realt\u00e0 in molti paesi come Stati Uniti, Giappone e Francia, in Italia sono per lo pi\u00f9 sconosciute.<br \/>\nServe un\u2019accelerazione di sistema sulla sanit\u00e0 digitale che riguardi tecnologie, \u00a0sistemi informatici e servizi digitali.<\/p>\n<audio class=\"wp-audio-shortcode\" id=\"audio-336918-9\" preload=\"none\" style=\"width: 100%;\" controls=\"controls\"><source type=\"audio\/mpeg\" src=\"https:\/\/www.radiopiu.net\/wordpress\/wp-content\/uploads\/2023\/05\/cs_230522.mp3?_=9\" \/><a href=\"https:\/\/www.radiopiu.net\/wordpress\/wp-content\/uploads\/2023\/05\/cs_230522.mp3\">https:\/\/www.radiopiu.net\/wordpress\/wp-content\/uploads\/2023\/05\/cs_230522.mp3<\/a><\/audio>\n<p>&nbsp;<\/p>\n<hr \/>\n<p>&nbsp;<\/p>\n<h2><span style=\"color: #ff0000;\">GLI APPUNTAMENTI DELLA SETTIMANA<\/span><\/h2>\n<blockquote>\n<h3><strong>IL SENTIERO ITALIA: IL SOGNO DIVENUTO REALT\u00c0<\/strong><\/h3>\n<\/blockquote>\n<p><strong>BORGO VALBELLUNA <\/strong>Terzo appuntamento per Camminando &#8211; Esperienze, sensazione, emozioni, festival del cammino a 360\u00b0, che venerd\u00ec, alla Sala\u00a0 San Felice di Lentiai, alle 20:45, presenter\u00e0 agli appassionati di trekking il SICAI, cos\u00ec ormai conosciuto il lungo Sentiero Italia Cai che unisce tutta la penisola italiana attraverso un unico cammino di 7800 chilometri nato dalla visione illuminata di un piccolo gruppo di scrittori-camminatori.<\/p>\n<p>&nbsp;<\/p>\n<p>&nbsp;<\/p>\n<hr \/>\n<p>&nbsp;<\/p>\n<blockquote>\n<h3>FOLKLOR JALPE&#8217; DE LA MARMOLEDA<\/h3>\n<\/blockquote>\n<p><strong>ROCCA PIETORE<\/strong> \u00c8 in programma per il 26, 27 e 28 maggio l&#8217;edizione 2023 di Folklor Jalp\u00e8 De La Marmoleda. Tre giorni di festa sotto al tendone riscaldato in localit\u00e0 Bosco Verde a Rocca Pietore tra cucina tipica e balli con le band tirolesi. Domenica 28, nel pomeriggio, la sfilata dei gruppi folk<\/p>\n<p>&nbsp;<\/p>\n<p>&nbsp;<\/p>\n<hr \/>\n<p>&nbsp;<\/p>\n<blockquote>\n<h3>LATTERIE APERTE IN VALBELLUNA<\/h3>\n<\/blockquote>\n<p><strong>BELLUNO<\/strong> Domenica 28 maggio in Val Belluna ritrona l&#8217;evento &#8220;Latteirie Aperte&#8221; dove le principali latterie apriranno le porte per illustrare l&#8217;arte del fare formaggio. Le latterie aderenti sono; Camolino, Tisoi e Bolzano Bellunese, Sedico, Valpiana, Frontin, Valmorel, Lentiai e Sant&#8217;Antonio di Tortal.<\/p>\n<p>&nbsp;<\/p>\n<p>&nbsp;<\/p>\n<hr \/>\n<p>&nbsp;<\/p>\n<blockquote>\n<h3>I 75 ANNI DELLA COMUNITA&#8217; DI VILLA SAN FRANCESCO<\/h3>\n<\/blockquote>\n<p><strong>PEDAVENA <\/strong>Nel fine settimana del 27 e 28 maggio \u00e8 in programma una due giorni dedicata ai 75 anni della comunit\u00e0 di Villa San Francesco dove ci saranno dei convegni dedicati ai giovani in occasione della 26\u00aa edizione della Festa del Volontariato Sociale.<\/p>\n<p>&nbsp;<\/p>\n<p>&nbsp;<\/p>\n<hr \/>\n<p>&nbsp;<\/p>\n<blockquote>\n<h3>DAS MAGISCHE AUGE, IL RECITAL<\/h3>\n<\/blockquote>\n<p><strong>LENTIAI<\/strong> Sabato alle ore 20.30 alla Societ\u00e0 Operaia di Mutuo Soccorso \u201cFelice Cavallotti\u201d di Lentiai, si svolger\u00e0 un recital poetico-musicale a cura del poeta e musicista bellunese Gianni Carlin; si tratta di un adattamento e recitazione del poema \u201cDas Magische Auge\u201d di Claudio Giuseppe De Don\u00e0<\/p>\n<p>&nbsp;<\/p>\n<p>&nbsp;<\/p>\n<hr \/>\n<p>&nbsp;<\/p>\n<blockquote>\n<h3>LA PRIMA EDIZIONE DELLA DON &#8211; PIANLONCH<\/h3>\n<\/blockquote>\n<p><strong>GOSALDO<\/strong> E&#8217; in programma per <strong>domenica 28 maggio<\/strong> la prima edizione della gara di corsa Don &#8211; Pianlonch. Una passeggiata ludicomotoria di 5,6 km non competitiva. Iscrizione 6 euro prima della partenza, 10 euro con panino farcito e bottigllia d&#8217;acqua.<\/p>\n<p>&nbsp;<\/p>\n<hr \/>\n<p>&nbsp;<\/p>\n<blockquote>\n<h3>IL RITORNO DI LUNGARDO IN FEST<\/h3>\n<\/blockquote>\n<p><strong>BELLUNO<\/strong>\u00a0 Lungardo In Fest \u00e8 la festa della Cooperativa Societ\u00e0 Nuova. L&#8217;appuntamento \u00e8 per sabato 27 maggio presso la sede di via Lungardo. Per maggiori informazioni\u00a0 Facebook: cooperativasocietanuova. Programma, dalle 11 frasca , dj set, pesca di beneficenza, gonfiabili per i bambini. Dalle 20:00 musica dal vivo con\u00a0 gli Sklero Zero e i Maci&#8217;s Mobile<\/p>\n<p>&nbsp;<\/p>\n<p>&nbsp;<\/p>\n<blockquote>\n<h3>IL SENTIERO ITALIA: IL SOGNO DIVENUTO REALT\u00c0<\/h3>\n<\/blockquote>\n<p><strong>BORGO VALBELLUNA<\/strong> Terzo appuntamento per Camminando &#8211; Esperienze, sensazione, emozioni, festival del cammino a 360\u00b0, che venerd\u00ec 26 maggio, alla Sala San Felice di Trichiana, 20:45, presenter\u00e0 agli appassionati di trekking il SICAI, cos\u00ec ormai conosciuto il lungo Sentiero Italia Cai che unisce tutta la penisola italiana attraverso un unico cammino di 7800 chilometri nato dalla visione illuminata di un piccolo gruppo di scrittori-camminatori.<\/p>\n<p>&nbsp;<\/p>\n<hr \/>\n<p>&nbsp;<\/p>\n<h2><span style=\"color: #ff0000;\">PROSSIMAMENTE&#8230;<\/span><\/h2>\n<blockquote>\n<h3>MARTEDIACOLOR<\/h3>\n<\/blockquote>\n<p><strong>BELLUNO <\/strong>Con la Primavera tornano a Belluno i Martediacolor, una tradizionale manifestazione che trova sempre l\u2019interesse di un numeroso pubblico. Organizzate dal C.T.G. gruppo Belluno, in collaborazione con i Circoli Fotografici di Belluno ed Agordo, sono piacevoli serate con racconti fotografici realizzati in multivisione, dedicate agli amanti dei viaggi, della natura e dell&#8217;arte. Il programma si articola in tre appuntamenti presso la sala Parrocchiale di Cavarzano alle ore 20.45, con ingresso libero, ultimo appuntamento il 30 maggio.<\/p>\n<p>&nbsp;<\/p>\n<p>&nbsp;<\/p>\n<hr \/>\n<p>&nbsp;<\/p>\n<blockquote>\n<h3>SABATO 3 GIUGNO LA CENA DELLA CLASSE 1955-56<\/h3>\n<\/blockquote>\n<p><strong>AGORDO<\/strong> E&#8217; in programma per sabato 3 giugno al Ristorante &#8220;La Stanga&#8221; la cena delle classi 1955-1956. Ritrovo al ristorante alle 19, cena , musica e premi. Per informazioni ed iscrizioni Roberto Schenot al 348 8524340. Iscrizioni entro il 29 maggio.<\/p>\n<p>&nbsp;<\/p>\n<p>&nbsp;<\/p>\n<hr \/>\n<p>&nbsp;<\/p>\n<blockquote>\n<h3>DOMENICA 4 GIUGNO LA 4 PAS IN DOI<\/h3>\n<\/blockquote>\n<p><strong>AGORDO<\/strong> <strong>DOMENICA 4 GIUGNO<\/strong> AD AGORDO: &#8220;4 Pas in doi&#8221; TRAIL RUNNING A COPPIE. Due percorsi: 16 km con 900 metri di dislivello, o 5 km con 250 metri di dislivello. E per i pi\u00f9 golosi, la &#8220;4 Pas in doi Bocoi&#8221;: itinerario enogastronomico, 6 km, con 4 tappe da&#8230; gustare. Per informazioni ed iscrizioni: www.4pasindoi.it<\/p>\n<p>&nbsp;<\/p>\n<p>&nbsp;<\/p>\n<hr \/>\n<p>&nbsp;<\/p>\n<blockquote>\n<h3>Il Gruppo Alpini organizza una gita indimenticabile alla Foiba di Basovizza con pranzo di pesce a Lignano<\/h3>\n<\/blockquote>\n<p><strong>FALCADE <\/strong>\u00a0I Gruppi Alpini rappresentano un importante pilastro della comunit\u00e0 locale, promuovendo attivit\u00e0 che uniscono tradizione, avventura e scoperta del patrimonio culturale. Nel contesto di queste iniziative, il Gruppo Alpini di Falcade ha annunciato una gita straordinaria che si terr\u00e0 l&#8217;11 giugno, con destinazione la Foiba di Basovizza e una deliziosa pausa pranzo a Lignano.\u00a0 Remo Secchi, responsabile delle iscrizioni, sar\u00e0 il punto di riferimento per tutti coloro che desiderano partecipare. Per prenotare un posto e per ulteriori informazioni, \u00e8 possibile contattare\u00a0 il\u00a0 338 5628415.<\/p>\n<p>&nbsp;<\/p>\n<p>&nbsp;<\/p>\n<hr \/>\n<p>&nbsp;<\/p>\n<blockquote>\n<h3>SI RACCOLGONO ADESIONI PER L&#8217;ALLACCIAMENTO AL METANO A FORNO VAL DI TAIBON<\/h3>\n<\/blockquote>\n<p><strong>TAIBON<\/strong> E&#8217; in distribuzione nei prossimi giorni un volantino che parla dell&#8217;allacciamento al gas metano dove si spiegano le agevolazioni fiscali per le nuove caldaie. La zona in questione \u00e8 quella di Forno Val dove si cerca di raccogliere adesioni per effettuare i lavori di allacciamento abbassando cos\u00ec i costi dei lavori.<\/p>\n<p><strong>IL VOLANTINO<\/strong><\/p>\n<p><a class=\"dt-pswp-item\" href=\"https:\/\/www.radiopiu.net\/wordpress\/wp-content\/uploads\/2023\/05\/metano-taibon.png\" data-dt-img-description=\"\" data-large_image_width=\"683\" data-large_image_height=\"882\"><img loading=\"lazy\" decoding=\"async\" class=\"alignnone wp-image-336925 \" src=\"https:\/\/www.radiopiu.net\/wordpress\/wp-content\/uploads\/2023\/05\/metano-taibon.png\" alt=\"\" width=\"397\" height=\"513\" srcset=\"https:\/\/www.radiopiu.net\/wordpress\/wp-content\/uploads\/2023\/05\/metano-taibon.png 683w, https:\/\/www.radiopiu.net\/wordpress\/wp-content\/uploads\/2023\/05\/metano-taibon-232x300.png 232w\" sizes=\"auto, (max-width: 397px) 100vw, 397px\" \/><\/a><\/p>\n<p>&nbsp;<\/p>\n<p>&nbsp;<\/p>\n<hr \/>\n<p>&nbsp;<\/p>\n<blockquote class=\"wp-embedded-content\" data-secret=\"6VlpczWaHq\"><p><a href=\"https:\/\/www.radiopiu.net\/wordpress\/periti-minerari-agordini-nel-mondo-la-presentazione-del-libro-la-diretta\/\">PERITI MINERARI AGORDINI NEL MONDO, LA PRESENTAZIONE DEL LIBRO &#8211; LA DIRETTA<\/a><\/p><\/blockquote>\n<p><iframe loading=\"lazy\" class=\"wp-embedded-content\" sandbox=\"allow-scripts\" security=\"restricted\" style=\"position: absolute; clip: rect(1px, 1px, 1px, 1px);\" title=\"&#8220;PERITI MINERARI AGORDINI NEL MONDO, LA PRESENTAZIONE DEL LIBRO &#8211; LA DIRETTA&#8221; &#8212; Radio Pi\u00f9\" src=\"https:\/\/www.radiopiu.net\/wordpress\/periti-minerari-agordini-nel-mondo-la-presentazione-del-libro-la-diretta\/embed\/#?secret=11Gk2NyB2V#?secret=6VlpczWaHq\" data-secret=\"6VlpczWaHq\" width=\"600\" height=\"338\" frameborder=\"0\" marginwidth=\"0\" marginheight=\"0\" scrolling=\"no\"><\/iframe><\/p>\n<p>&nbsp;<\/p>\n<p>&nbsp;<\/p>\n<hr \/>\n<p>&nbsp;<\/p>\n<p>&nbsp;<\/p>\n<blockquote class=\"wp-embedded-content\" data-secret=\"g8plX482L2\"><p><a href=\"https:\/\/www.radiopiu.net\/wordpress\/rolling-stones-il-programma-di-siro-lena-e-moreno-tocchetto\/\">ROLLING STONES, IL PROGRAMMA DI SIRO LENA E MORENO TOCCHETTO<\/a><\/p><\/blockquote>\n<p><iframe loading=\"lazy\" class=\"wp-embedded-content\" sandbox=\"allow-scripts\" security=\"restricted\" style=\"position: absolute; clip: rect(1px, 1px, 1px, 1px);\" title=\"&#8220;ROLLING STONES, IL PROGRAMMA DI SIRO LENA E MORENO TOCCHETTO&#8221; &#8212; Radio Pi\u00f9\" src=\"https:\/\/www.radiopiu.net\/wordpress\/rolling-stones-il-programma-di-siro-lena-e-moreno-tocchetto\/embed\/#?secret=lTMwtcN7mn#?secret=g8plX482L2\" data-secret=\"g8plX482L2\" width=\"600\" height=\"338\" frameborder=\"0\" marginwidth=\"0\" marginheight=\"0\" scrolling=\"no\"><\/iframe><\/p>\n<p>&nbsp;<\/p>\n<p>&nbsp;<\/p>\n<hr \/>\n<p>&nbsp;<\/p>\n<div dir=\"auto\">\n<div class=\"message spoilers-container\" dir=\"auto\">\n<div>\n<div class=\"b654a4as d2edcug0\">\n<div class=\"rq0escxv hkbzh7o3 jwdofwj8 n8tt0mok r8blr3vg hyh9befq\">\n<p><a class=\"dt-pswp-item\" href=\"https:\/\/www.radiopiu.net\/wordpress\/wp-content\/uploads\/2020\/10\/pp.jpg\" data-dt-img-description=\"\" data-large_image_width=\"640\" data-large_image_height=\"640\"><img loading=\"lazy\" decoding=\"async\" class=\"wp-image-163678 alignleft\" src=\"https:\/\/www.radiopiu.net\/wordpress\/wp-content\/uploads\/2020\/10\/pp-300x300.jpg\" alt=\"\" width=\"106\" height=\"106\" srcset=\"https:\/\/www.radiopiu.net\/wordpress\/wp-content\/uploads\/2020\/10\/pp-300x300.jpg 300w, https:\/\/www.radiopiu.net\/wordpress\/wp-content\/uploads\/2020\/10\/pp-150x150.jpg 150w, https:\/\/www.radiopiu.net\/wordpress\/wp-content\/uploads\/2020\/10\/pp-125x125.jpg 125w, https:\/\/www.radiopiu.net\/wordpress\/wp-content\/uploads\/2020\/10\/pp-200x200.jpg 200w, https:\/\/www.radiopiu.net\/wordpress\/wp-content\/uploads\/2020\/10\/pp-80x80.jpg 80w, https:\/\/www.radiopiu.net\/wordpress\/wp-content\/uploads\/2020\/10\/pp-480x480.jpg 480w, https:\/\/www.radiopiu.net\/wordpress\/wp-content\/uploads\/2020\/10\/pp.jpg 640w\" sizes=\"auto, (max-width: 106px) 100vw, 106px\" \/><\/a><\/p>\n<\/div>\n<\/div>\n<\/div>\n<\/div>\n<div class=\"message spoilers-container\" dir=\"auto\">\n<div class=\"page-title-head hgroup\">\n<div class=\"page-title-head hgroup\">\n<div class=\"b654a4as d2edcug0\">\n<div class=\"j83agx80 btwxx1t3 lhclo0ds hop8lmos nkwizq5d scwd0bx6 roh60bw9\">\n<div class=\"rq0escxv hkbzh7o3 jwdofwj8 n8tt0mok r8blr3vg hyh9befq\">\n<div class=\"do00u71z l9j0dhe7 k4urcfbm\" style=\"text-align: left;\">\n<h2><span style=\"color: #000080;\">DON CESARE, IL PENSIERO DEL GIORNO. ALLA RADIO ALLE 7 DEL MATTINO E ALLE 19.30 DELLA SERA<\/span><\/h2>\n<\/div>\n<div class=\"do00u71z l9j0dhe7 k4urcfbm\" style=\"text-align: left;\">\n<h2 style=\"text-align: left;\"><\/h2>\n<audio class=\"wp-audio-shortcode\" id=\"audio-336918-10\" preload=\"none\" style=\"width: 100%;\" controls=\"controls\"><source type=\"audio\/mpeg\" src=\"https:\/\/www.radiopiu.net\/wordpress\/wp-content\/uploads\/2023\/05\/CESARE-18.mp3?_=10\" \/><a href=\"https:\/\/www.radiopiu.net\/wordpress\/wp-content\/uploads\/2023\/05\/CESARE-18.mp3\">https:\/\/www.radiopiu.net\/wordpress\/wp-content\/uploads\/2023\/05\/CESARE-18.mp3<\/a><\/audio>\n<h2 style=\"text-align: left;\"><span style=\"color: #ff0000;\"><span style=\"vertical-align: inherit;\"><a class=\"dt-pswp-item\" href=\"https:\/\/www.radiopiu.net\/wordpress\/wp-content\/uploads\/2023\/04\/e0aad41d-951e-47b9-9fae-1a879a9bcb7e-1.jpg\" data-dt-img-description=\"\" data-large_image_width=\"1200\" data-large_image_height=\"1200\"><img loading=\"lazy\" decoding=\"async\" class=\"wp-image-333205 aligncenter\" src=\"https:\/\/www.radiopiu.net\/wordpress\/wp-content\/uploads\/2023\/04\/e0aad41d-951e-47b9-9fae-1a879a9bcb7e-1-300x300.jpg\" alt=\"\" width=\"227\" height=\"227\" srcset=\"https:\/\/www.radiopiu.net\/wordpress\/wp-content\/uploads\/2023\/04\/e0aad41d-951e-47b9-9fae-1a879a9bcb7e-1-300x300.jpg 300w, https:\/\/www.radiopiu.net\/wordpress\/wp-content\/uploads\/2023\/04\/e0aad41d-951e-47b9-9fae-1a879a9bcb7e-1-1024x1024.jpg 1024w, https:\/\/www.radiopiu.net\/wordpress\/wp-content\/uploads\/2023\/04\/e0aad41d-951e-47b9-9fae-1a879a9bcb7e-1-150x150.jpg 150w, https:\/\/www.radiopiu.net\/wordpress\/wp-content\/uploads\/2023\/04\/e0aad41d-951e-47b9-9fae-1a879a9bcb7e-1-768x768.jpg 768w, https:\/\/www.radiopiu.net\/wordpress\/wp-content\/uploads\/2023\/04\/e0aad41d-951e-47b9-9fae-1a879a9bcb7e-1.jpg 1200w\" sizes=\"auto, (max-width: 227px) 100vw, 227px\" \/><br \/>\n<\/a><\/span><\/span><\/h2>\n<\/div>\n<\/div>\n<\/div>\n<\/div>\n<\/div>\n<\/div>\n<\/div>\n<\/div>\n<hr \/>\n<p>&nbsp;<\/p>\n<div class=\"message spoilers-container\" dir=\"auto\">\n<h2><span style=\"color: #008080;\">GOCCE DI FILOSOFIA\u00a0\u00a0<\/span><\/h2>\n<p><strong>PUNTATA 316 &#8211; CHIARA CAU &#8211; TERZO ANNO<\/strong><\/p>\n<audio class=\"wp-audio-shortcode\" id=\"audio-336918-11\" preload=\"none\" style=\"width: 100%;\" controls=\"controls\"><source type=\"audio\/mpeg\" src=\"https:\/\/www.radiopiu.net\/wordpress\/wp-content\/uploads\/2023\/05\/FI1-3.mp3?_=11\" \/><a href=\"https:\/\/www.radiopiu.net\/wordpress\/wp-content\/uploads\/2023\/05\/FI1-3.mp3\">https:\/\/www.radiopiu.net\/wordpress\/wp-content\/uploads\/2023\/05\/FI1-3.mp3<\/a><\/audio>\n<p>&nbsp;<\/p>\n<\/div>\n<blockquote>\n<div class=\"message spoilers-container\" dir=\"auto\">\n<p><strong>LA RACCOLTA COMPLETA<\/strong><\/p>\n<\/div>\n<\/blockquote>\n<div class=\"message spoilers-container\" dir=\"auto\">\n<blockquote class=\"wp-embedded-content\" data-secret=\"DvxGzmaQGV\"><p><a href=\"https:\/\/www.radiopiu.net\/wordpress\/gocce-filosofia\/\">Gocce di filosofia,  LA TERZA STAGIONE&#8230; 2023<\/a><\/p><\/blockquote>\n<p><iframe loading=\"lazy\" class=\"wp-embedded-content\" sandbox=\"allow-scripts\" security=\"restricted\" style=\"position: absolute; clip: rect(1px, 1px, 1px, 1px);\" title=\"&#8220;Gocce di filosofia,  LA TERZA STAGIONE&#8230; 2023&#8221; &#8212; Radio Pi\u00f9\" src=\"https:\/\/www.radiopiu.net\/wordpress\/gocce-filosofia\/embed\/#?secret=OQ2pHB9B4W#?secret=DvxGzmaQGV\" data-secret=\"DvxGzmaQGV\" width=\"600\" height=\"338\" frameborder=\"0\" marginwidth=\"0\" marginheight=\"0\" scrolling=\"no\"><\/iframe><\/p>\n<\/div>\n<hr \/>\n<p>&nbsp;<\/p>\n<p>&nbsp;<\/p>\n<blockquote class=\"wp-embedded-content\" data-secret=\"7oLuNDMsrc\"><p><a href=\"https:\/\/www.radiopiu.net\/wordpress\/sentimental-il-nuovo-programma-di-paola-lanciato\/\">SENTIMENTAL, IL NUOVO PROGRAMMA DI PAOLA LANCIATO<\/a><\/p><\/blockquote>\n<p><iframe loading=\"lazy\" class=\"wp-embedded-content\" sandbox=\"allow-scripts\" security=\"restricted\" style=\"position: absolute; clip: rect(1px, 1px, 1px, 1px);\" title=\"&#8220;SENTIMENTAL, IL NUOVO PROGRAMMA DI PAOLA LANCIATO&#8221; &#8212; Radio Pi\u00f9\" src=\"https:\/\/www.radiopiu.net\/wordpress\/sentimental-il-nuovo-programma-di-paola-lanciato\/embed\/#?secret=4kt4iFn1Lz#?secret=7oLuNDMsrc\" data-secret=\"7oLuNDMsrc\" width=\"600\" height=\"338\" frameborder=\"0\" marginwidth=\"0\" marginheight=\"0\" scrolling=\"no\"><\/iframe><\/p>\n<p>&nbsp;<\/p>\n<p>&nbsp;<\/p>\n<div class=\"message spoilers-container\" dir=\"auto\">\n<hr \/>\n<p>&nbsp;<\/p>\n<h2><span style=\"color: #339966;\">I RACCONTI DI PAOLO SOPPELSA<\/span><\/h2>\n<p><strong>MONDO SEMPLICE<\/strong><\/p>\n<p><strong>AUDIO<\/strong><\/p>\n<audio class=\"wp-audio-shortcode\" id=\"audio-336918-12\" preload=\"none\" style=\"width: 100%;\" controls=\"controls\"><source type=\"audio\/mpeg\" src=\"https:\/\/www.radiopiu.net\/wordpress\/wp-content\/uploads\/2023\/05\/PAOLO-SOPPELSA-MONDO-SEMPLICE.mp3?_=12\" \/><a href=\"https:\/\/www.radiopiu.net\/wordpress\/wp-content\/uploads\/2023\/05\/PAOLO-SOPPELSA-MONDO-SEMPLICE.mp3\">https:\/\/www.radiopiu.net\/wordpress\/wp-content\/uploads\/2023\/05\/PAOLO-SOPPELSA-MONDO-SEMPLICE.mp3<\/a><\/audio>\n<p>&nbsp;<\/p>\n<p><a class=\"dt-pswp-item\" href=\"https:\/\/www.radiopiu.net\/wordpress\/wp-content\/uploads\/2023\/05\/774d47b3-e3a9-49cd-95c4-26ab5ec4b4dd.jpg\" data-dt-img-description=\"\" data-large_image_width=\"716\" data-large_image_height=\"543\"><img loading=\"lazy\" decoding=\"async\" class=\" wp-image-336778 alignleft\" src=\"https:\/\/www.radiopiu.net\/wordpress\/wp-content\/uploads\/2023\/05\/774d47b3-e3a9-49cd-95c4-26ab5ec4b4dd-300x228.jpg\" alt=\"\" width=\"163\" height=\"124\" srcset=\"https:\/\/www.radiopiu.net\/wordpress\/wp-content\/uploads\/2023\/05\/774d47b3-e3a9-49cd-95c4-26ab5ec4b4dd-300x228.jpg 300w, https:\/\/www.radiopiu.net\/wordpress\/wp-content\/uploads\/2023\/05\/774d47b3-e3a9-49cd-95c4-26ab5ec4b4dd.jpg 716w\" sizes=\"auto, (max-width: 163px) 100vw, 163px\" \/><\/a>Pochi giorni dopo la fine della scuola varcavo l&#8217;uscio di quel mondo semplice che si trovava a quota mille di fronte al Pelsa. Avevo lasciato la piccola citt\u00e0 che ormai era entrata nell&#8217;estate e mi ero ritrovato lass\u00f9, dove le lunghe sere di met\u00e0 giugno chiamavano la felpa, in compagnia di uomini e donne che portavano in viso i segni dei sacrifici e delle fatiche compiute durante la loro vita di montagna. Gente che era nata durante una guerra, che aveva combattuto in quella successiva e poi aveva lottato ancora per costruirsi una vita dignitosa l\u00ec, dove gli inverni erano lunghi e i campi erano in pendenza. Ora Belluno appariva cos\u00ec lontana, e i condomini, i semafori, le colonne d&#8217;auto, le persone eleganti che passeggiavano sul liston, erano divenuti ricordi che sfumavano giorno dopo giorno. Ora vivevo quella vita semplice solo all&#8217;apparenza; potevano sembrare facili quei gesti che sapevano di antico e che scandivano quelle lunghe giornate estive, e invece non lo erano affatto. Falciare un prato, legare i fasci di fieno, preparare il cibo per il maiale; perfino rastrellare e costruire correttamente una catasta di legna era difficile e necessitava di esperienza, di quel sapere tramandato da quelli che c&#8217;erano prima. Osservavo quei visi e quelle mani forti, ascoltavo quelle voci e imparavo ad essere onesto, a fare attenzione alle vipere, a leggere il cielo e conoscere le nuvole che avrebbero portato pioggia prima di sera. E poi imparavo che c&#8217;era sempre l&#8217;inverno all&#8217;orizzonte, e anche quando era luglio e trascorrevo i pomeriggi giocando a torso nudo, la stagione dei silenzi era sempre una presenza discreta. Erano i colpi secchi e decisi del &#8220;manarin&#8221; a ricordarmelo, era la &#8220;pila de legne&#8221; che cresceva settimana dopo settimana sotto le finestre della cucina. Un mondo semplice, che poteva dare l&#8217;impressione di offrire poco e che invece regalava tutto; non c&#8217;era la TV a colori con il telecomando, per\u00f2 c&#8217;era cibo genuino in abbondanza e la legna necessaria per stare bene al caldo durante i mesi invernali. E poi gli affetti, il Pelsa da scrutare con il binocolo e soprattutto la libert\u00e0; potevo dormire quando avevo sonno, mangiare quando avevo fame e poi saltare qualche muro a secco sempre un po&#8217; pi\u00f9 alto oppure inciampare cadendo fra le ortiche. Mentre vivevo quel tempo lento scandito dal maturare dei susini, imparavo che occorreva un minimo d&#8217;impegno per ottenere le cose; se desideravo un bagno caldo, prima dovevo accendere un fuoco nello scaldabagno a legna e poi governarlo con cura e dedizione, se a merenda volevo gustare uno squisito panino riempito con la marmellata di mirtilli, prima occorreva andare a raccoglierli nel bosco. E poi, come accadeva spesso, quando c&#8217;era il desiderio di assaporare l&#8217;ottima cioccolata al latte con il riso soffiato e le nocciole, bisognava attendere con la necessaria pazienza l&#8217;arrivo &#8220;de chel dal camion&#8221; che annunciava a colpi di clacson il suo approssimarsi alla frazione. E nel frattempo l&#8217;estate scorreva centellinando quel tempo lento apparentemente uguale e sempre diverso, consumato nell&#8217;attesa di semplici e preziosi attimi che sarebbero diventati ricordi mai perduti.<\/p>\n<p>&nbsp;<\/p>\n<p>&nbsp;<\/p>\n<hr \/>\n<p>&nbsp;<\/p>\n<\/div>\n<div class=\"message spoilers-container\" dir=\"auto\">\n<div class=\"column\">\n<p><img loading=\"lazy\" decoding=\"async\" class=\"aligncenter wp-image-61954 size-full\" src=\"https:\/\/www.radiopiu.net\/wordpress\/wp-content\/uploads\/2018\/09\/viabilita.jpeg\" sizes=\"auto, (max-width: 800px) 100vw, 800px\" srcset=\"https:\/\/www.radiopiu.net\/wordpress\/wp-content\/uploads\/2018\/09\/viabilita.jpeg 800w, https:\/\/www.radiopiu.net\/wordpress\/wp-content\/uploads\/2018\/09\/viabilita-300x38.jpeg 300w, https:\/\/www.radiopiu.net\/wordpress\/wp-content\/uploads\/2018\/09\/viabilita-768x96.jpeg 768w\" alt=\"\" width=\"800\" height=\"100\" \/><\/p>\n<\/div>\n<\/div>\n<div class=\"message spoilers-container\" dir=\"auto\">\n<div class=\"column\">\n<p>&nbsp;<\/p>\n<\/div>\n<\/div>\n<div class=\"message spoilers-container\" dir=\"auto\">\n<div class=\"column\">\n<div dir=\"ltr\">\n<div class=\"gmail_quote\">\n<div dir=\"ltr\">\n<div class=\"gmail_quote\">\n<blockquote class=\"wp-embedded-content\" data-secret=\"UJrKhj75vL\"><p><a href=\"https:\/\/www.radiopiu.net\/wordpress\/viabilita\/\">viabilita<\/a><\/p><\/blockquote>\n<p><iframe loading=\"lazy\" class=\"wp-embedded-content\" sandbox=\"allow-scripts\" security=\"restricted\" style=\"position: absolute; clip: rect(1px, 1px, 1px, 1px);\" title=\"&#8220;viabilita&#8221; &#8212; Radio Pi\u00f9\" src=\"https:\/\/www.radiopiu.net\/wordpress\/viabilita\/embed\/#?secret=dViiU1ttQG#?secret=UJrKhj75vL\" data-secret=\"UJrKhj75vL\" width=\"600\" height=\"338\" frameborder=\"0\" marginwidth=\"0\" marginheight=\"0\" scrolling=\"no\"><\/iframe><\/p>\n<\/div>\n<\/div>\n<\/div>\n<\/div>\n<\/div>\n<\/div>\n<div class=\"message spoilers-container\" dir=\"auto\">\n<div class=\"column\">\n<div>\n<div dir=\"ltr\">\n<div class=\"gmail_quote\">\n<div dir=\"ltr\">\n<div><\/div>\n<\/div>\n<\/div>\n<\/div>\n<\/div>\n<hr \/>\n<p>&nbsp;<\/p>\n<p><a class=\"dt-pswp-item\" href=\"https:\/\/www.radiopiu.net\/wordpress\/wp-content\/uploads\/2018\/09\/WhatsApp-Image-2018-09-20-at-16.04.06.jpeg\" data-dt-img-description=\"\" data-large_image_width=\"800\" data-large_image_height=\"100\"><img loading=\"lazy\" decoding=\"async\" class=\"wp-image-61378 size-full aligncenter\" src=\"https:\/\/www.radiopiu.net\/wordpress\/wp-content\/uploads\/2018\/09\/WhatsApp-Image-2018-09-20-at-16.04.06.jpeg\" alt=\"\" width=\"800\" height=\"100\" srcset=\"https:\/\/www.radiopiu.net\/wordpress\/wp-content\/uploads\/2018\/09\/WhatsApp-Image-2018-09-20-at-16.04.06.jpeg 800w, https:\/\/www.radiopiu.net\/wordpress\/wp-content\/uploads\/2018\/09\/WhatsApp-Image-2018-09-20-at-16.04.06-300x38.jpeg 300w, https:\/\/www.radiopiu.net\/wordpress\/wp-content\/uploads\/2018\/09\/WhatsApp-Image-2018-09-20-at-16.04.06-768x96.jpeg 768w\" sizes=\"auto, (max-width: 800px) 100vw, 800px\" \/><\/a><\/p>\n<\/div>\n<\/div>\n<div class=\"message spoilers-container\" dir=\"auto\"><\/div>\n<p><center><\/center><center><b>OGGI<\/b><\/center><b>Tempo atteso: <\/b>Al mattino in prevalenza soleggiato con cielo sereno, salvo primi modesti cumuli. Un eccezione al bel tempo del mattino, la Valbelluna con nubi basse e locali nebbie mattutine, in rapido dissolvimento. Al pomeriggio attivit\u00e0 cumuliforme, spesso modesta, localmente moderata, ma con rischio di fenomeni assai remoto.<br \/>\n<b>Precipitazioni: <\/b>Nelle prime ore assenti (0%), poi non escluso qualche locale piovasco o rovescio (20-30%)<br \/>\n<b>Temperature: <\/b>In generale lieve aumento, eccetto qualche locale diminuzione delle minime in alcune valli per maggiore irraggiamento notturno.<\/p>\n<hr \/>\n<p><center><b>DOMANI<\/b><\/center><b>Tempo atteso: <\/b>Al mattino tempo discreto\/variabile con alternanza di schiarite e di annuvolamenti irregolari. In seguito crescente nuvolosit\u00e0, anche cumuliforme per ritorno dell&#8217;instabilit\u00e0, responsabile di fenomeni convettivi al pomeriggio\/sera.<br \/>\n<b>Precipitazioni: <\/b>Al mattino assenti (0%), al pomeriggio probabili rovesci sparsi (70-80%), spesso anche temporaleschi.<br \/>\n<b>Temperature: <\/b>Minime del mattino in aumento, ma quelle della sera saranno in calo in quota; massime in diminuzione.<\/p>\n<hr \/>\n<p><center><b>GIOVEDI<\/b><\/center>Tempo variabile\/instabile, con brevi schiarite e cielo da irregolarmente nuvoloso a molto nuvoloso, associato a rovesci e temporali, pi\u00f9 probabili al pomeriggio, ma non esclusi al mattino.\u00a0 Temperature in generale lieve flessione.<\/p>\n<hr \/>\n<p><center><b>VENERDI<\/b><\/center>Di nuovo maggiormente soleggiato, nonostante la nuvolosit\u00e0 cumuliforme torni a svilupparsi durante le ore pi\u00f9 calde, ma sar\u00e0 di minore intensit\u00e0 rispetto a gioved\u00ec e il rischio di fenomeni convettivi sar\u00e0 decisamente pi\u00f9 contenuto. Temperature minime in calo e massime in ripresa.<\/p>\n<p>&nbsp;<\/p>\n<div class=\"message spoilers-container\" dir=\"auto\">\n<hr \/>\n<p>&nbsp;<\/p>\n<p><a class=\"dt-pswp-item\" href=\"https:\/\/www.radiopiu.net\/wordpress\/wp-content\/uploads\/2018\/09\/sport.jpg\" data-dt-img-description=\"\" data-large_image_width=\"800\" data-large_image_height=\"100\"><img loading=\"lazy\" decoding=\"async\" class=\"aligncenter wp-image-60761 size-full\" src=\"https:\/\/www.radiopiu.net\/wordpress\/wp-content\/uploads\/2018\/09\/sport.jpg\" alt=\"\" width=\"800\" height=\"100\" srcset=\"https:\/\/www.radiopiu.net\/wordpress\/wp-content\/uploads\/2018\/09\/sport.jpg 800w, https:\/\/www.radiopiu.net\/wordpress\/wp-content\/uploads\/2018\/09\/sport-300x38.jpg 300w, https:\/\/www.radiopiu.net\/wordpress\/wp-content\/uploads\/2018\/09\/sport-768x96.jpg 768w\" sizes=\"auto, (max-width: 800px) 100vw, 800px\" \/><\/a><\/p>\n<\/div>\n<div class=\"message spoilers-container\" dir=\"auto\">\n<p>&nbsp;<\/p>\n<p><span style=\"color: #0000ff;\"><strong>CALCIO\u00a0<\/strong><\/span><\/p>\n<blockquote>\n<h3>TERMINA UFFICIALMENTE LA STAGIONE DELL&#8217;AGORDINA CALCIO<\/h3>\n<\/blockquote>\n<p><strong><a class=\"dt-pswp-item\" href=\"https:\/\/www.radiopiu.net\/wordpress\/wp-content\/uploads\/2019\/09\/AGORDINA-CALCIO.jpeg\" data-dt-img-description=\"\" data-large_image_width=\"225\" data-large_image_height=\"225\"><img loading=\"lazy\" decoding=\"async\" class=\" wp-image-97575 alignleft\" src=\"https:\/\/www.radiopiu.net\/wordpress\/wp-content\/uploads\/2019\/09\/AGORDINA-CALCIO.jpeg\" alt=\"\" width=\"109\" height=\"109\" srcset=\"https:\/\/www.radiopiu.net\/wordpress\/wp-content\/uploads\/2019\/09\/AGORDINA-CALCIO.jpeg 225w, https:\/\/www.radiopiu.net\/wordpress\/wp-content\/uploads\/2019\/09\/AGORDINA-CALCIO-150x150.jpeg 150w\" sizes=\"auto, (max-width: 109px) 100vw, 109px\" \/><\/a>di Marco Gaz<\/strong><\/p>\n<p><strong>REDAZIONE<\/strong> Con la finale 3\u00b0-4\u00b0 posto del campionato Giovanissimi Provinciali, \u00e8 terminata ufficialmente la stagione 2022-23 dell&#8217;Agordina Calcio. La societ\u00e0 capitanata da Cosmo Forcella pu\u00f2 essere soddisfatta della stagione appena conclusa. Partiamo dal settore giovanile con i Giovanissmi di De Bastiani che hanno chiuso al quarto posto il loro campionato dopo la sconfitta di domenica scorsa ai calci di rigore contro il Limana Cavarzano. Gli Allievi di Renato Orzetti invece hanno avuto tante difficolt\u00e0 in un torneo regionale dove le squadre avversarie erano di livello superiore chiudendo la stagione all&#8217;ultimo posto con il Lovispresiano. Un campionato da incorniciare ma con un finale amaro quello della Juniores allenata da De Zaiacomo. Per tutta la stagione i giovani agordini sono stati ai vertici della classifica nel torneo provinciale. Nella fase finale l&#8217;Agordina si \u00e8 pizzata al secondo posto a pari merito con la Juventina e per decretare la squadra finalista ci \u00e8 voluto un sorteggio ma la dea bendata ha voltato le spalle alla squadra di Agordo. Infine la prima squadra che ha raggiunto l&#8217;obbiettivo stagionale: la salvezza. In Seconda Categoria la formazione di Agordo \u00e8 stata allenata da Marco Lorenzi fino a tre giornate dal termine quando il coach ha deciso di dare le dimissioni. Squadra che \u00e8 stata affidata a Danilo Chenet che non \u00e8 riuscito ad evitare i playout. Poi una prova di forza contro il Gemelle ha premiato l&#8217;Agordina che ha evitato la retrocessione.<\/p>\n<p>&nbsp;<\/p>\n<p><span style=\"color: #0000ff;\"><strong>CICLISMO<\/strong><\/span><\/p>\n<blockquote>\n<h3>LA PROVINCIA DI BELLUNO SI PREPARA AD ACCOGLIERE IL GIRO D&#8217;ITALIA<\/h3>\n<\/blockquote>\n<p><strong>di Marco Gaz<\/strong><\/p>\n<p><strong>REDAZIONE<\/strong> Anche quest&#8217;anno i ciclisti passeranno per la provincia di Belluno. Le tappe da segnare sul calendario sono due. La Oderzo &#8211; Val Di Zoldo del 25 maggio con i ciclisti che passeranno per Pieve D&#8217;Alpago, Pieve di Cadore, Forcella Cibiana, Forno di Zoldo per poi arrivare a Palafavera. Il giorno successivo invece sar\u00e0 la volta del tappone dolomitico Longarone &#8211; Tre Cime di Lavaredo. Una tappa che sar\u00e0 quasi interamente in provincia di Belluno. Si passer\u00e0 per Ponte Nelle Alpi, Belluno, Agordo, Cencenighe, Alleghe, Arabba per poi scollinare Passo Campolongo, scendere a Corvara per poi fare il Passo Valparola. Passaggio per Cernadoi, Selva di Cadore e poi il terzo Passo: il Giau. Si scender\u00e0 a Cortina D&#8217;Ampezzo per poi salire verso il Passo Tre Croci, Misurina e arrivo alle Tre Cime di Lavaredo, Rifugio Auronzo. Per quanto riguarda l&#8217;Agordino, il passaggio ad Agordo \u00e8 previsto tra le 12:44 e le 12:49, tra le 13:16 e le 13:25 a Caprile e Arabba tra le 13:50 e le 14:04. Non mancheranno le tappe della carovana del Giro che si fermer\u00e0 ad Agordo alle 11:34 e Arabba alle 12:45.<strong> Le strade verranno chiuse due ore e mezza prima del passaggio dei ciclisti in base alla tabella di marcia.<\/strong> (FOTO: Gazzetta.it)<\/p>\n<p><strong>L&#8217;ALTIMETRIA DELLE DUE TAPPE<\/strong><\/p>\n\n\t\t\t<style type='text\/css'>\n\t\t\t\t#gallery-7 {\n\t\t\t\t\tmargin: auto;\n\t\t\t\t}\n\t\t\t\t#gallery-7 .gallery-item {\n\t\t\t\t\tfloat: left;\n\t\t\t\t\tmargin-top: 10px;\n\t\t\t\t\ttext-align: center;\n\t\t\t\t\twidth: 50%;\n\t\t\t\t}\n\t\t\t\t#gallery-7 img {\n\t\t\t\t\tborder: 2px solid #cfcfcf;\n\t\t\t\t}\n\t\t\t\t#gallery-7 .gallery-caption {\n\t\t\t\t\tmargin-left: 0;\n\t\t\t\t}\n\t\t\t\t\/* see gallery_shortcode() in wp-includes\/media.php *\/\n\t\t\t<\/style>\n\t\t<div id='gallery-7' class='dt-gallery-container gallery galleryid-336918 gallery-columns-2 gallery-size-medium'><dl class='gallery-item'>\n\t\t\t\t<dt class='gallery-icon landscape'>\n\t\t\t\t\t<a class=\"rollover rollover-zoom dt-pswp-item\" title=\"T04_Viggiano_alt\" data-dt-img-description=\"\" data-large_image_width=\"1280\" data-large_image_height=\"852\"href='https:\/\/www.radiopiu.net\/wordpress\/wp-content\/uploads\/2023\/05\/ODE-VAL-DI-ZOLDO.jpg'><img loading=\"lazy\" decoding=\"async\" width=\"300\" height=\"200\" src=\"https:\/\/www.radiopiu.net\/wordpress\/wp-content\/uploads\/2023\/05\/ODE-VAL-DI-ZOLDO-300x200.jpg\" class=\"attachment-medium size-medium\" alt=\"\" aria-describedby=\"gallery-7-334320\" srcset=\"https:\/\/www.radiopiu.net\/wordpress\/wp-content\/uploads\/2023\/05\/ODE-VAL-DI-ZOLDO-300x200.jpg 300w, https:\/\/www.radiopiu.net\/wordpress\/wp-content\/uploads\/2023\/05\/ODE-VAL-DI-ZOLDO-1024x682.jpg 1024w, https:\/\/www.radiopiu.net\/wordpress\/wp-content\/uploads\/2023\/05\/ODE-VAL-DI-ZOLDO-768x511.jpg 768w, https:\/\/www.radiopiu.net\/wordpress\/wp-content\/uploads\/2023\/05\/ODE-VAL-DI-ZOLDO.jpg 1280w\" sizes=\"auto, (max-width: 300px) 100vw, 300px\" \/><\/a>\n\t\t\t\t<\/dt>\n\t\t\t\t\t<dd class='wp-caption-text gallery-caption' id='gallery-7-334320'>\n\t\t\t\t\tODERZO &#8211; VAL DI ZOLDO\n\t\t\t\t\t<\/dd><\/dl><dl class='gallery-item'>\n\t\t\t\t<dt class='gallery-icon landscape'>\n\t\t\t\t\t<a class=\"rollover rollover-zoom dt-pswp-item\" title=\"T19_TreCime_alt\" data-dt-img-description=\"\" data-large_image_width=\"1280\" data-large_image_height=\"852\"href='https:\/\/www.radiopiu.net\/wordpress\/wp-content\/uploads\/2023\/05\/LONG-TRE-CIME.jpg'><img loading=\"lazy\" decoding=\"async\" width=\"300\" height=\"200\" src=\"https:\/\/www.radiopiu.net\/wordpress\/wp-content\/uploads\/2023\/05\/LONG-TRE-CIME-300x200.jpg\" class=\"attachment-medium size-medium\" alt=\"\" aria-describedby=\"gallery-7-334321\" srcset=\"https:\/\/www.radiopiu.net\/wordpress\/wp-content\/uploads\/2023\/05\/LONG-TRE-CIME-300x200.jpg 300w, https:\/\/www.radiopiu.net\/wordpress\/wp-content\/uploads\/2023\/05\/LONG-TRE-CIME-1024x682.jpg 1024w, https:\/\/www.radiopiu.net\/wordpress\/wp-content\/uploads\/2023\/05\/LONG-TRE-CIME-768x511.jpg 768w, https:\/\/www.radiopiu.net\/wordpress\/wp-content\/uploads\/2023\/05\/LONG-TRE-CIME.jpg 1280w\" sizes=\"auto, (max-width: 300px) 100vw, 300px\" \/><\/a>\n\t\t\t\t<\/dt>\n\t\t\t\t\t<dd class='wp-caption-text gallery-caption' id='gallery-7-334321'>\n\t\t\t\t\tLONGARONE &#8211; TRE CIME DI LAVAREDO\n\t\t\t\t\t<\/dd><\/dl><br style=\"clear: both\" \/>\n\t\t\t<\/div>\n\n<p>&nbsp;<\/p>\n<p><strong>IL CRONOPROGRAMMA DELLE DUE TAPPE<\/strong><\/p>\n\n\t\t\t<style type='text\/css'>\n\t\t\t\t#gallery-8 {\n\t\t\t\t\tmargin: auto;\n\t\t\t\t}\n\t\t\t\t#gallery-8 .gallery-item {\n\t\t\t\t\tfloat: left;\n\t\t\t\t\tmargin-top: 10px;\n\t\t\t\t\ttext-align: center;\n\t\t\t\t\twidth: 50%;\n\t\t\t\t}\n\t\t\t\t#gallery-8 img {\n\t\t\t\t\tborder: 2px solid #cfcfcf;\n\t\t\t\t}\n\t\t\t\t#gallery-8 .gallery-caption {\n\t\t\t\t\tmargin-left: 0;\n\t\t\t\t}\n\t\t\t\t\/* see gallery_shortcode() in wp-includes\/media.php *\/\n\t\t\t<\/style>\n\t\t<div id='gallery-8' class='dt-gallery-container gallery galleryid-336918 gallery-columns-2 gallery-size-medium'><dl class='gallery-item'>\n\t\t\t\t<dt class='gallery-icon portrait'>\n\t\t\t\t\t<a class=\"rollover rollover-zoom dt-pswp-item\" title=\"ODERZO - VAL DI ZOLDO\" data-dt-img-description=\"\" data-large_image_width=\"852\" data-large_image_height=\"1205\"href='https:\/\/www.radiopiu.net\/wordpress\/wp-content\/uploads\/2023\/05\/ODERZO-VAL-DI-ZOLDO.jpg'><img loading=\"lazy\" decoding=\"async\" width=\"212\" height=\"300\" src=\"https:\/\/www.radiopiu.net\/wordpress\/wp-content\/uploads\/2023\/05\/ODERZO-VAL-DI-ZOLDO-212x300.jpg\" class=\"attachment-medium size-medium\" alt=\"\" aria-describedby=\"gallery-8-334322\" srcset=\"https:\/\/www.radiopiu.net\/wordpress\/wp-content\/uploads\/2023\/05\/ODERZO-VAL-DI-ZOLDO-212x300.jpg 212w, https:\/\/www.radiopiu.net\/wordpress\/wp-content\/uploads\/2023\/05\/ODERZO-VAL-DI-ZOLDO-724x1024.jpg 724w, https:\/\/www.radiopiu.net\/wordpress\/wp-content\/uploads\/2023\/05\/ODERZO-VAL-DI-ZOLDO-768x1086.jpg 768w, https:\/\/www.radiopiu.net\/wordpress\/wp-content\/uploads\/2023\/05\/ODERZO-VAL-DI-ZOLDO.jpg 852w\" sizes=\"auto, (max-width: 212px) 100vw, 212px\" \/><\/a>\n\t\t\t\t<\/dt>\n\t\t\t\t\t<dd class='wp-caption-text gallery-caption' id='gallery-8-334322'>\n\t\t\t\t\tODERZO &#8211; VAL DI ZOLDO\n\t\t\t\t\t<\/dd><\/dl><dl class='gallery-item'>\n\t\t\t\t<dt class='gallery-icon portrait'>\n\t\t\t\t\t<a class=\"rollover rollover-zoom dt-pswp-item\" title=\"LONGARONE - TRE CIME\" data-dt-img-description=\"\" data-large_image_width=\"852\" data-large_image_height=\"1205\"href='https:\/\/www.radiopiu.net\/wordpress\/wp-content\/uploads\/2023\/05\/LONGARONE-TRE-CIME.jpg'><img loading=\"lazy\" decoding=\"async\" width=\"212\" height=\"300\" src=\"https:\/\/www.radiopiu.net\/wordpress\/wp-content\/uploads\/2023\/05\/LONGARONE-TRE-CIME-212x300.jpg\" class=\"attachment-medium size-medium\" alt=\"\" aria-describedby=\"gallery-8-334323\" srcset=\"https:\/\/www.radiopiu.net\/wordpress\/wp-content\/uploads\/2023\/05\/LONGARONE-TRE-CIME-212x300.jpg 212w, https:\/\/www.radiopiu.net\/wordpress\/wp-content\/uploads\/2023\/05\/LONGARONE-TRE-CIME-724x1024.jpg 724w, https:\/\/www.radiopiu.net\/wordpress\/wp-content\/uploads\/2023\/05\/LONGARONE-TRE-CIME-768x1086.jpg 768w, https:\/\/www.radiopiu.net\/wordpress\/wp-content\/uploads\/2023\/05\/LONGARONE-TRE-CIME.jpg 852w\" sizes=\"auto, (max-width: 212px) 100vw, 212px\" \/><\/a>\n\t\t\t\t<\/dt>\n\t\t\t\t\t<dd class='wp-caption-text gallery-caption' id='gallery-8-334323'>\n\t\t\t\t\tLONGARONE &#8211; TRE CIME DI LAVAREDO\n\t\t\t\t\t<\/dd><\/dl><br style=\"clear: both\" \/>\n\t\t\t<\/div>\n\n<p>&nbsp;<\/p>\n<p>&nbsp;<\/p>\n<\/div>\n","protected":false},"excerpt":{"rendered":"<p>ISCRIVITI AL NOSTRO CANALE\u00a0 YOUTUBE PER SEGUIRE IN DIRETTA I PRINCIPALI PROGRAMMI DI RADIO PIU&#8217; E LE FUTURE DIRETTE IN ESTERNA. PER ISCRIVERTI CLICCA QUI E PREMI\u00a0 &#8220;Iscriviti&#8221;\u00a0 &nbsp; LA PROVINCIA DI BELLUNO SI PREPARA AD ACCOGLIERE IL GIRO D&#8217;ITALIA. STRADE CHIUSE DUE ORE E MEZZA PRIMA DEL PASSAGGIO DEI CICLISTI &nbsp; \u00a0 OGGI ALLA&hellip;<\/p>\n","protected":false},"author":4,"featured_media":337047,"comment_status":"closed","ping_status":"closed","sticky":false,"template":"","format":"standard","meta":{"_monsterinsights_skip_tracking":false,"_monsterinsights_sitenote_active":false,"_monsterinsights_sitenote_note":"","_monsterinsights_sitenote_category":0,"footnotes":""},"categories":[51,86,49],"tags":[],"class_list":["post-336918","post","type-post","status-publish","format-standard","has-post-thumbnail","hentry","category-evidenza-top","category-gr","category-news-18","category-51","category-86","category-49","description-off"],"img_url":"https:\/\/www.radiopiu.net\/wordpress\/wp-content\/uploads\/2023\/05\/347845454_221798467271176_8559678040241285662_n.jpg","_links":{"self":[{"href":"https:\/\/www.radiopiu.net\/wordpress\/wp-json\/wp\/v2\/posts\/336918","targetHints":{"allow":["GET"]}}],"collection":[{"href":"https:\/\/www.radiopiu.net\/wordpress\/wp-json\/wp\/v2\/posts"}],"about":[{"href":"https:\/\/www.radiopiu.net\/wordpress\/wp-json\/wp\/v2\/types\/post"}],"author":[{"embeddable":true,"href":"https:\/\/www.radiopiu.net\/wordpress\/wp-json\/wp\/v2\/users\/4"}],"replies":[{"embeddable":true,"href":"https:\/\/www.radiopiu.net\/wordpress\/wp-json\/wp\/v2\/comments?post=336918"}],"version-history":[{"count":0,"href":"https:\/\/www.radiopiu.net\/wordpress\/wp-json\/wp\/v2\/posts\/336918\/revisions"}],"wp:featuredmedia":[{"embeddable":true,"href":"https:\/\/www.radiopiu.net\/wordpress\/wp-json\/wp\/v2\/media\/337047"}],"wp:attachment":[{"href":"https:\/\/www.radiopiu.net\/wordpress\/wp-json\/wp\/v2\/media?parent=336918"}],"wp:term":[{"taxonomy":"category","embeddable":true,"href":"https:\/\/www.radiopiu.net\/wordpress\/wp-json\/wp\/v2\/categories?post=336918"},{"taxonomy":"post_tag","embeddable":true,"href":"https:\/\/www.radiopiu.net\/wordpress\/wp-json\/wp\/v2\/tags?post=336918"}],"curies":[{"name":"wp","href":"https:\/\/api.w.org\/{rel}","templated":true}]}}