{"id":336934,"date":"2023-05-23T05:26:54","date_gmt":"2023-05-23T03:26:54","guid":{"rendered":"https:\/\/www.radiopiu.net\/wordpress\/?p=336934"},"modified":"2023-05-23T05:52:48","modified_gmt":"2023-05-23T03:52:48","slug":"mercoledi-chiude-la-galleria-di-san-vito-per-il-passaggio-del-giro-ditalia","status":"publish","type":"post","link":"https:\/\/www.radiopiu.net\/wordpress\/mercoledi-chiude-la-galleria-di-san-vito-per-il-passaggio-del-giro-ditalia\/","title":{"rendered":"MERCOLEDI&#8217; CHIUDE LA GALLERIA DI SAN VITO  PER IL PASSAGGIO DEL GIRO D&#8217;ITALIA"},"content":{"rendered":"<p><a class=\"dt-pswp-item\" href=\"https:\/\/www.radiopiu.net\/wordpress\/wp-content\/uploads\/2021\/06\/CICLISTI.jpg\" data-dt-img-description=\"\" data-large_image_width=\"1920\" data-large_image_height=\"1270\"><img loading=\"lazy\" decoding=\"async\" class=\" wp-image-218818 alignleft\" src=\"https:\/\/www.radiopiu.net\/wordpress\/wp-content\/uploads\/2021\/06\/CICLISTI-300x198.jpg\" alt=\"\" width=\"192\" height=\"127\" srcset=\"https:\/\/www.radiopiu.net\/wordpress\/wp-content\/uploads\/2021\/06\/CICLISTI-300x198.jpg 300w, https:\/\/www.radiopiu.net\/wordpress\/wp-content\/uploads\/2021\/06\/CICLISTI-1024x677.jpg 1024w, https:\/\/www.radiopiu.net\/wordpress\/wp-content\/uploads\/2021\/06\/CICLISTI-768x508.jpg 768w, https:\/\/www.radiopiu.net\/wordpress\/wp-content\/uploads\/2021\/06\/CICLISTI-1536x1016.jpg 1536w, https:\/\/www.radiopiu.net\/wordpress\/wp-content\/uploads\/2021\/06\/CICLISTI.jpg 1920w\" sizes=\"auto, (max-width: 192px) 100vw, 192px\" \/><\/a>Nella giornata di mercoled\u00ec \u00e8 previsto, con le relative limitazioni della circolazione, il transito del Giro d\u2019Italia sulla SS 47 della Valsugana, anche per quanto riguarda la parte immediatamente confinante con la provincia di Belluno, e precisamente in localit\u00e0 Arsi\u00e8, all\u2019uscita della galleria di San Vito. Al fine di impedire che il traffico, per effetto della chiusura degli svincoli della SS 47, si incolonni all\u2019interno della citata galleria, quest\u2019ultima sar\u00e0 chiusa in direzione Vicenza\/Trento, contemporaneamente alle chiusure sopradette (continuer\u00e0 invece a rimanere aperta in direzione Feltre\/Belluno). Al fine di evitare disagi eccessivi per l\u2019utenza, \u00e8 predisposto inoltre un dispositivo di informazione all\u2019utenza gi\u00e0 in prossimit\u00e0 della rotonda di Fonzaso (rotonda detta \u201cSportful\u201d), rispetto alla viabilit\u00e0 alternativa consigliata, nella maniera che segue: <strong>in direzione Trento<\/strong>, \u00e8 consentito il percorso alternativo \u201cscale di Primolano\u201d (si tenga presente che, dopo le scale di Primolano, la viabilit\u00e0 alternativa consentita \u00e8 costituita dalla SP 75dir nella provincia di Trento, e solo fino alla localit\u00e0 Grigno), oppure la prosecuzione della SR 50 (e poi SS 50) in direzione Fiera di Primiero e successivamente passo Rolle; <strong>in direzione Bassano del Grappa\/Vicenza<\/strong>, \u00e8 consentito il percorso alternativo rappresentato dalla SR 348 \u201cFeltrina\u201d e successivamente la SP 26 nella provincia di Treviso. Il provvedimento di sospensione della circolazione nella galleria di San Vito e le deviazioni suggerite resteranno in vigore dalle ore 11:00 fino presumibilmente alle ore 14:30, e comunque al termine del passaggio dell\u2019intera carovana.<\/p>\n<p>&nbsp;<\/p>\n<p>&nbsp;<\/p>\n<p>*******<\/p>\n","protected":false},"excerpt":{"rendered":"<p>Nella giornata di mercoled\u00ec \u00e8 previsto, con le relative limitazioni della circolazione, il transito del Giro d\u2019Italia sulla SS 47 della Valsugana, anche per quanto riguarda la parte immediatamente confinante con la provincia di Belluno, e precisamente in localit\u00e0 Arsi\u00e8, all\u2019uscita della galleria di San Vito. Al fine di impedire che il traffico, per effetto&hellip;<\/p>\n","protected":false},"author":4,"featured_media":218818,"comment_status":"closed","ping_status":"closed","sticky":false,"template":"","format":"standard","meta":{"_monsterinsights_skip_tracking":false,"_monsterinsights_sitenote_active":false,"_monsterinsights_sitenote_note":"","_monsterinsights_sitenote_category":0,"footnotes":""},"categories":[51,49],"tags":[],"class_list":["post-336934","post","type-post","status-publish","format-standard","has-post-thumbnail","hentry","category-evidenza-top","category-news-18","category-51","category-49","description-off"],"img_url":"https:\/\/www.radiopiu.net\/wordpress\/wp-content\/uploads\/2021\/06\/CICLISTI.jpg","_links":{"self":[{"href":"https:\/\/www.radiopiu.net\/wordpress\/wp-json\/wp\/v2\/posts\/336934","targetHints":{"allow":["GET"]}}],"collection":[{"href":"https:\/\/www.radiopiu.net\/wordpress\/wp-json\/wp\/v2\/posts"}],"about":[{"href":"https:\/\/www.radiopiu.net\/wordpress\/wp-json\/wp\/v2\/types\/post"}],"author":[{"embeddable":true,"href":"https:\/\/www.radiopiu.net\/wordpress\/wp-json\/wp\/v2\/users\/4"}],"replies":[{"embeddable":true,"href":"https:\/\/www.radiopiu.net\/wordpress\/wp-json\/wp\/v2\/comments?post=336934"}],"version-history":[{"count":0,"href":"https:\/\/www.radiopiu.net\/wordpress\/wp-json\/wp\/v2\/posts\/336934\/revisions"}],"wp:featuredmedia":[{"embeddable":true,"href":"https:\/\/www.radiopiu.net\/wordpress\/wp-json\/wp\/v2\/media\/218818"}],"wp:attachment":[{"href":"https:\/\/www.radiopiu.net\/wordpress\/wp-json\/wp\/v2\/media?parent=336934"}],"wp:term":[{"taxonomy":"category","embeddable":true,"href":"https:\/\/www.radiopiu.net\/wordpress\/wp-json\/wp\/v2\/categories?post=336934"},{"taxonomy":"post_tag","embeddable":true,"href":"https:\/\/www.radiopiu.net\/wordpress\/wp-json\/wp\/v2\/tags?post=336934"}],"curies":[{"name":"wp","href":"https:\/\/api.w.org\/{rel}","templated":true}]}}