{"id":336948,"date":"2023-05-22T23:59:43","date_gmt":"2023-05-22T21:59:43","guid":{"rendered":"https:\/\/www.radiopiu.net\/wordpress\/?p=336948"},"modified":"2023-05-23T05:58:15","modified_gmt":"2023-05-23T03:58:15","slug":"termina-ufficialmente-la-stagione-dellagordina-calcio","status":"publish","type":"post","link":"https:\/\/www.radiopiu.net\/wordpress\/termina-ufficialmente-la-stagione-dellagordina-calcio\/","title":{"rendered":"TERMINA UFFICIALMENTE LA STAGIONE DELL&#8217;AGORDINA CALCIO"},"content":{"rendered":"<p><strong><a class=\"dt-pswp-item\" href=\"https:\/\/www.radiopiu.net\/wordpress\/wp-content\/uploads\/2019\/09\/AGORDINA-CALCIO.jpeg\" data-dt-img-description=\"\" data-large_image_width=\"225\" data-large_image_height=\"225\"><img loading=\"lazy\" decoding=\"async\" class=\" wp-image-97575 alignleft\" src=\"https:\/\/www.radiopiu.net\/wordpress\/wp-content\/uploads\/2019\/09\/AGORDINA-CALCIO.jpeg\" alt=\"\" width=\"109\" height=\"109\" srcset=\"https:\/\/www.radiopiu.net\/wordpress\/wp-content\/uploads\/2019\/09\/AGORDINA-CALCIO.jpeg 225w, https:\/\/www.radiopiu.net\/wordpress\/wp-content\/uploads\/2019\/09\/AGORDINA-CALCIO-150x150.jpeg 150w\" sizes=\"auto, (max-width: 109px) 100vw, 109px\" \/><\/a>di Marco Gaz<\/strong><\/p>\n<p><strong>REDAZIONE<\/strong> Con la finale 3\u00b0-4\u00b0 posto del campionato Giovanissimi Provinciali, \u00e8 terminata ufficialmente la stagione 2022-23 dell&#8217;Agordina Calcio. La societ\u00e0 capitanata da Cosmo Forcella pu\u00f2 essere soddisfatta della stagione appena conclusa. Partiamo dal settore giovanile con i Giovanissmi di De Bastiani che hanno chiuso al quarto posto il loro campionato dopo la sconfitta di domenica scorsa ai calci di rigore contro il Limana Cavarzano. Gli Allievi di Renato Orzetti invece hanno avuto tante difficolt\u00e0 in un torneo regionale dove le squadre avversarie erano di livello superiore chiudendo la stagione all&#8217;ultimo posto con il Lovispresiano. Un campionato da incorniciare ma con un finale amaro quello della Juniores allenata da De Zaiacomo. Per tutta la stagione i giovani agordini sono stati ai vertici della classifica nel torneo provinciale. Nella fase finale l&#8217;Agordina si \u00e8 pizzata al secondo posto a pari merito con la Juventina e per decretare la squadra finalista ci \u00e8 voluto un sorteggio ma la dea bendata ha voltato le spalle alla squadra di Agordo. Infine la prima squadra che ha raggiunto l&#8217;obbiettivo stagionale: la salvezza. In Seconda Categoria la formazione di Agordo \u00e8 stata allenata da Marco Lorenzi fino a tre giornate dal termine quando il coach ha deciso di dare le dimissioni. Squadra che \u00e8 stata affidata a Danilo Chenet che non \u00e8 riuscito ad evitare i playout. Poi una prova di forza contro il Gemelle ha premiato l&#8217;Agordina che ha evitato la retrocessione.<\/p>\n<p>&nbsp;<\/p>\n<p>&nbsp;<\/p>\n<p>*******<\/p>\n","protected":false},"excerpt":{"rendered":"<p>di Marco Gaz REDAZIONE Con la finale 3\u00b0-4\u00b0 posto del campionato Giovanissimi Provinciali, \u00e8 terminata ufficialmente la stagione 2022-23 dell&#8217;Agordina Calcio. La societ\u00e0 capitanata da Cosmo Forcella pu\u00f2 essere soddisfatta della stagione appena conclusa. Partiamo dal settore giovanile con i Giovanissmi di De Bastiani che hanno chiuso al quarto posto il loro campionato dopo la&hellip;<\/p>\n","protected":false},"author":4,"featured_media":242798,"comment_status":"closed","ping_status":"closed","sticky":false,"template":"","format":"standard","meta":{"_monsterinsights_skip_tracking":false,"_monsterinsights_sitenote_active":false,"_monsterinsights_sitenote_note":"","_monsterinsights_sitenote_category":0,"footnotes":""},"categories":[104,49],"tags":[],"class_list":["post-336948","post","type-post","status-publish","format-standard","has-post-thumbnail","hentry","category-evidenza_3","category-news-18","category-104","category-49","description-off"],"img_url":"https:\/\/www.radiopiu.net\/wordpress\/wp-content\/uploads\/2021\/11\/CALCIO-2021.jpg","_links":{"self":[{"href":"https:\/\/www.radiopiu.net\/wordpress\/wp-json\/wp\/v2\/posts\/336948","targetHints":{"allow":["GET"]}}],"collection":[{"href":"https:\/\/www.radiopiu.net\/wordpress\/wp-json\/wp\/v2\/posts"}],"about":[{"href":"https:\/\/www.radiopiu.net\/wordpress\/wp-json\/wp\/v2\/types\/post"}],"author":[{"embeddable":true,"href":"https:\/\/www.radiopiu.net\/wordpress\/wp-json\/wp\/v2\/users\/4"}],"replies":[{"embeddable":true,"href":"https:\/\/www.radiopiu.net\/wordpress\/wp-json\/wp\/v2\/comments?post=336948"}],"version-history":[{"count":0,"href":"https:\/\/www.radiopiu.net\/wordpress\/wp-json\/wp\/v2\/posts\/336948\/revisions"}],"wp:featuredmedia":[{"embeddable":true,"href":"https:\/\/www.radiopiu.net\/wordpress\/wp-json\/wp\/v2\/media\/242798"}],"wp:attachment":[{"href":"https:\/\/www.radiopiu.net\/wordpress\/wp-json\/wp\/v2\/media?parent=336948"}],"wp:term":[{"taxonomy":"category","embeddable":true,"href":"https:\/\/www.radiopiu.net\/wordpress\/wp-json\/wp\/v2\/categories?post=336948"},{"taxonomy":"post_tag","embeddable":true,"href":"https:\/\/www.radiopiu.net\/wordpress\/wp-json\/wp\/v2\/tags?post=336948"}],"curies":[{"name":"wp","href":"https:\/\/api.w.org\/{rel}","templated":true}]}}