{"id":336981,"date":"2023-05-22T17:15:50","date_gmt":"2023-05-22T15:15:50","guid":{"rendered":"https:\/\/www.radiopiu.net\/wordpress\/?p=336981"},"modified":"2023-05-22T18:35:26","modified_gmt":"2023-05-22T16:35:26","slug":"associazione-danza-agordina-la-domenica-di-emozioni","status":"publish","type":"post","link":"https:\/\/www.radiopiu.net\/wordpress\/associazione-danza-agordina-la-domenica-di-emozioni\/","title":{"rendered":"ASSOCIAZIONE DANZA AGORDINA: LA DOMENICA DI EMOZIONI"},"content":{"rendered":"<div class=\"flex-1 overflow-hidden\">\n<div class=\"react-scroll-to-bottom--css-zskzn-79elbk h-full dark:bg-gray-800\">\n<div class=\"react-scroll-to-bottom--css-zskzn-1n7m0yu\">\n<div class=\"flex flex-col text-sm dark:bg-gray-800\">\n<div class=\"group w-full text-gray-800 dark:text-gray-100 border-b border-black\/10 dark:border-gray-900\/50 bg-gray-50 dark:bg-[#444654]\">\n<div class=\"flex p-4 gap-4 text-base md:gap-6 md:max-w-2xl lg:max-w-xl xl:max-w-3xl md:py-6 lg:px-0 m-auto\">\n<div class=\"relative flex w-[calc(100%-50px)] flex-col gap-1 md:gap-3 lg:w-[calc(100%-115px)]\">\n<div class=\"flex flex-grow flex-col gap-3\">\n<div class=\"min-h-[20px] flex flex-col items-start gap-4 whitespace-pre-wrap break-words\">\n<div class=\"markdown prose w-full break-words dark:prose-invert light\">\n<div class=\"markdown prose w-full break-words dark:prose-invert light\">\n<blockquote>\n<div class=\"markdown prose w-full break-words dark:prose-invert light\">\n<blockquote><p><em>Gruppi di danza di Ada trionfano al concorso Pordenone danza 2023, conquistando 9 borse di studio<\/em><\/p><\/blockquote>\n<p><strong><a class=\"dt-pswp-item\" href=\"https:\/\/www.radiopiu.net\/wordpress\/wp-content\/uploads\/2023\/05\/34b5f686-5060-4635-8ee0-35aea172b994.jpg\" data-dt-img-description=\"\" data-large_image_width=\"1494\" data-large_image_height=\"1066\"><img loading=\"lazy\" decoding=\"async\" class=\"size-medium wp-image-336979 alignleft\" src=\"https:\/\/www.radiopiu.net\/wordpress\/wp-content\/uploads\/2023\/05\/34b5f686-5060-4635-8ee0-35aea172b994-300x214.jpg\" alt=\"\" width=\"300\" height=\"214\" srcset=\"https:\/\/www.radiopiu.net\/wordpress\/wp-content\/uploads\/2023\/05\/34b5f686-5060-4635-8ee0-35aea172b994-300x214.jpg 300w, https:\/\/www.radiopiu.net\/wordpress\/wp-content\/uploads\/2023\/05\/34b5f686-5060-4635-8ee0-35aea172b994-1024x731.jpg 1024w, https:\/\/www.radiopiu.net\/wordpress\/wp-content\/uploads\/2023\/05\/34b5f686-5060-4635-8ee0-35aea172b994-768x548.jpg 768w, https:\/\/www.radiopiu.net\/wordpress\/wp-content\/uploads\/2023\/05\/34b5f686-5060-4635-8ee0-35aea172b994.jpg 1494w\" sizes=\"auto, (max-width: 300px) 100vw, 300px\" \/><\/a>PORDENONE\u00a0<\/strong> Domenica scorsa \u00e8 stata una giornata di trionfo per l&#8217;Ada, con i gruppi che hanno brillantemente conquistato ben 9 borse di studio. Un risultato straordinario che riempie di orgoglio sia gli insegnanti che gli studenti. Tra i gruppi di maggior successo si sono distinti <strong>Modern 2<\/strong>, guidato dall&#8217;insegnante\u00a0<span style=\"color: #ff0000;\"> Roberta Reolon;<\/span> <strong>Modern 4<\/strong>, con la rinomata coreografa di <span style=\"color: #ff0000;\">Vanessa Lagan\u00e0<\/span>, e <strong>Hip Hop 2<\/strong>, sotto la guida di <span style=\"color: #ff0000;\">Fabiola Prompicai.<\/span> Questi gruppi hanno concluso in grande stile la loro primavera di concorsi e uscite, dimostrando un talento e una dedizione che li hanno portati alla vittoria. Il gruppo di danza contemporanea inoltre ha primeggiato nella categoria, con la straordinaria coreografia di Vanessa Lagan\u00e0,\u00a0 conquistando il primo posto e guadagnando l&#8217;ammirazione di giudici e spettatori. La loro performance impeccabile e coinvolgente ha dimostrato ancora una volta la maestria e l&#8217;originalit\u00e0 dei ballerini di Ada. Ora che i riflettori si sono spenti sul palco del concorso, tutte le energie degli allievi e degli insegnanti di Ada sono rivolte alla preparazione dello spettacolo di fine anno. Questo evento molto atteso rappresenter\u00e0 il culmine di un anno di studio e dedizione, offrendo al pubblico un&#8217;esperienza emozionante e coinvolgente.<em>&#8220;Le vittorie al concorso Pordenone danza sono un riconoscimento straordinario per il talento e la passione dei nostri ballerini&#8221;, <\/em>ha dichiarato entusiasta\u00a0 l&#8217;insegnante Roberta Reolon<em> &#8220;Siamo orgogliosi dei loro successi e non vediamo l&#8217;ora di stupire il pubblico con il nostro spettacolo di fine anno. Sar\u00e0 un evento indimenticabile&#8221;<\/em>. Lo spettacolo di fine anno di Ada \u00e8 diventato un appuntamento imperdibile per gli amanti della danza e per la comunit\u00e0 locale. L&#8217;Ada si \u00e8 guadagnata una reputazione di eccellenza nel settore, grazie alla qualit\u00e0 delle\u00a0 performance e all&#8217;impegno di tutti.<\/p>\n\n\t\t\t<style type='text\/css'>\n\t\t\t\t#gallery-1 {\n\t\t\t\t\tmargin: auto;\n\t\t\t\t}\n\t\t\t\t#gallery-1 .gallery-item {\n\t\t\t\t\tfloat: left;\n\t\t\t\t\tmargin-top: 10px;\n\t\t\t\t\ttext-align: center;\n\t\t\t\t\twidth: 25%;\n\t\t\t\t}\n\t\t\t\t#gallery-1 img {\n\t\t\t\t\tborder: 2px solid #cfcfcf;\n\t\t\t\t}\n\t\t\t\t#gallery-1 .gallery-caption {\n\t\t\t\t\tmargin-left: 0;\n\t\t\t\t}\n\t\t\t\t\/* see gallery_shortcode() in wp-includes\/media.php *\/\n\t\t\t<\/style>\n\t\t<div id='gallery-1' class='dt-gallery-container gallery galleryid-336981 gallery-columns-4 gallery-size-thumbnail'><dl class='gallery-item'>\n\t\t\t\t<dt class='gallery-icon portrait'>\n\t\t\t\t\t<a class=\"rollover rollover-zoom dt-pswp-item\" title=\"b16f9aa9-63a8-4860-bce5-444430124612\" data-dt-img-description=\"\" data-large_image_width=\"1200\" data-large_image_height=\"1600\"href='https:\/\/www.radiopiu.net\/wordpress\/wp-content\/uploads\/2023\/05\/b16f9aa9-63a8-4860-bce5-444430124612.jpg'><img loading=\"lazy\" decoding=\"async\" width=\"150\" height=\"150\" src=\"https:\/\/www.radiopiu.net\/wordpress\/wp-content\/uploads\/2023\/05\/b16f9aa9-63a8-4860-bce5-444430124612-150x150.jpg\" class=\"attachment-thumbnail size-thumbnail\" alt=\"\" \/><\/a>\n\t\t\t\t<\/dt><\/dl><dl class='gallery-item'>\n\t\t\t\t<dt class='gallery-icon portrait'>\n\t\t\t\t\t<a class=\"rollover rollover-zoom dt-pswp-item\" title=\"8cfcac7f-097b-4a33-b3a5-c7ef4fcf7a45\" data-dt-img-description=\"\" data-large_image_width=\"1042\" data-large_image_height=\"1199\"href='https:\/\/www.radiopiu.net\/wordpress\/wp-content\/uploads\/2023\/05\/8cfcac7f-097b-4a33-b3a5-c7ef4fcf7a45.jpg'><img loading=\"lazy\" decoding=\"async\" width=\"150\" height=\"150\" src=\"https:\/\/www.radiopiu.net\/wordpress\/wp-content\/uploads\/2023\/05\/8cfcac7f-097b-4a33-b3a5-c7ef4fcf7a45-150x150.jpg\" class=\"attachment-thumbnail size-thumbnail\" alt=\"\" \/><\/a>\n\t\t\t\t<\/dt><\/dl><dl class='gallery-item'>\n\t\t\t\t<dt class='gallery-icon landscape'>\n\t\t\t\t\t<a class=\"rollover rollover-zoom dt-pswp-item\" title=\"9d84fc98-1793-4e2b-9dd2-f32b9f219927\" data-dt-img-description=\"\" data-large_image_width=\"2048\" data-large_image_height=\"1536\"href='https:\/\/www.radiopiu.net\/wordpress\/wp-content\/uploads\/2023\/05\/9d84fc98-1793-4e2b-9dd2-f32b9f219927.jpg'><img loading=\"lazy\" decoding=\"async\" width=\"150\" height=\"150\" src=\"https:\/\/www.radiopiu.net\/wordpress\/wp-content\/uploads\/2023\/05\/9d84fc98-1793-4e2b-9dd2-f32b9f219927-150x150.jpg\" class=\"attachment-thumbnail size-thumbnail\" alt=\"\" \/><\/a>\n\t\t\t\t<\/dt><\/dl><dl class='gallery-item'>\n\t\t\t\t<dt class='gallery-icon portrait'>\n\t\t\t\t\t<a class=\"rollover rollover-zoom dt-pswp-item\" title=\"b56ea86c-579d-4eaa-96c4-f31895f8ffcd\" data-dt-img-description=\"\" data-large_image_width=\"1341\" data-large_image_height=\"2048\"href='https:\/\/www.radiopiu.net\/wordpress\/wp-content\/uploads\/2023\/05\/b56ea86c-579d-4eaa-96c4-f31895f8ffcd.jpg'><img loading=\"lazy\" decoding=\"async\" width=\"150\" height=\"150\" src=\"https:\/\/www.radiopiu.net\/wordpress\/wp-content\/uploads\/2023\/05\/b56ea86c-579d-4eaa-96c4-f31895f8ffcd-150x150.jpg\" class=\"attachment-thumbnail size-thumbnail\" alt=\"\" \/><\/a>\n\t\t\t\t<\/dt><\/dl><br style=\"clear: both\" \/>\n\t\t\t<\/div>\n\n<\/div>\n<\/blockquote>\n<\/div>\n<p>&nbsp;<\/p>\n<p>&nbsp;<\/p>\n<\/div>\n<p>&nbsp;<\/p>\n<hr \/>\n<div class=\"markdown prose w-full break-words dark:prose-invert light\">\n<p>&nbsp;<\/p>\n<p>&nbsp;<\/p>\n<p>&nbsp;<\/p>\n<\/div>\n<p>___<\/p>\n<\/div>\n<\/div>\n<\/div>\n<\/div>\n<\/div>\n<\/div>\n<\/div>\n<\/div>\n<\/div>\n","protected":false},"excerpt":{"rendered":"<p>Gruppi di danza di Ada trionfano al concorso Pordenone danza 2023, conquistando 9 borse di studio PORDENONE\u00a0 Domenica scorsa \u00e8 stata una giornata di trionfo per l&#8217;Ada, con i gruppi che hanno brillantemente conquistato ben 9 borse di studio. Un risultato straordinario che riempie di orgoglio sia gli insegnanti che gli studenti. Tra i gruppi&hellip;<\/p>\n","protected":false},"author":4,"featured_media":336979,"comment_status":"closed","ping_status":"closed","sticky":false,"template":"","format":"standard","meta":{"_monsterinsights_skip_tracking":false,"_monsterinsights_sitenote_active":false,"_monsterinsights_sitenote_note":"","_monsterinsights_sitenote_category":0,"footnotes":""},"categories":[104,49],"tags":[],"class_list":["post-336981","post","type-post","status-publish","format-standard","has-post-thumbnail","hentry","category-evidenza_3","category-news-18","category-104","category-49","description-off"],"img_url":"https:\/\/www.radiopiu.net\/wordpress\/wp-content\/uploads\/2023\/05\/34b5f686-5060-4635-8ee0-35aea172b994.jpg","_links":{"self":[{"href":"https:\/\/www.radiopiu.net\/wordpress\/wp-json\/wp\/v2\/posts\/336981","targetHints":{"allow":["GET"]}}],"collection":[{"href":"https:\/\/www.radiopiu.net\/wordpress\/wp-json\/wp\/v2\/posts"}],"about":[{"href":"https:\/\/www.radiopiu.net\/wordpress\/wp-json\/wp\/v2\/types\/post"}],"author":[{"embeddable":true,"href":"https:\/\/www.radiopiu.net\/wordpress\/wp-json\/wp\/v2\/users\/4"}],"replies":[{"embeddable":true,"href":"https:\/\/www.radiopiu.net\/wordpress\/wp-json\/wp\/v2\/comments?post=336981"}],"version-history":[{"count":0,"href":"https:\/\/www.radiopiu.net\/wordpress\/wp-json\/wp\/v2\/posts\/336981\/revisions"}],"wp:featuredmedia":[{"embeddable":true,"href":"https:\/\/www.radiopiu.net\/wordpress\/wp-json\/wp\/v2\/media\/336979"}],"wp:attachment":[{"href":"https:\/\/www.radiopiu.net\/wordpress\/wp-json\/wp\/v2\/media?parent=336981"}],"wp:term":[{"taxonomy":"category","embeddable":true,"href":"https:\/\/www.radiopiu.net\/wordpress\/wp-json\/wp\/v2\/categories?post=336981"},{"taxonomy":"post_tag","embeddable":true,"href":"https:\/\/www.radiopiu.net\/wordpress\/wp-json\/wp\/v2\/tags?post=336981"}],"curies":[{"name":"wp","href":"https:\/\/api.w.org\/{rel}","templated":true}]}}