{"id":337034,"date":"2023-05-23T05:28:27","date_gmt":"2023-05-23T03:28:27","guid":{"rendered":"https:\/\/www.radiopiu.net\/wordpress\/?p=337034"},"modified":"2023-05-23T05:57:37","modified_gmt":"2023-05-23T03:57:37","slug":"stalking-verso-un-disabile-prete-ai-domiciliari","status":"publish","type":"post","link":"https:\/\/www.radiopiu.net\/wordpress\/stalking-verso-un-disabile-prete-ai-domiciliari\/","title":{"rendered":"STALKING VERSO UN DISABILE, PRETE AI DOMICILIARI"},"content":{"rendered":"<p>OGGI SUL CORRIERE DELLE ALPI<\/p>\n<p>di NICOLA CESARE<\/p>\n<p><strong><a href=\"https:\/\/www.radiopiu.net\/wordpress\/wp-content\/uploads\/2023\/05\/201649467-503e5d30-d5b7-438d-bed3-0ce204f18e9a.webp\"><img loading=\"lazy\" decoding=\"async\" class=\"size-medium wp-image-337035 alignleft\" src=\"https:\/\/www.radiopiu.net\/wordpress\/wp-content\/uploads\/2023\/05\/201649467-503e5d30-d5b7-438d-bed3-0ce204f18e9a-300x169.webp\" alt=\"\" width=\"300\" height=\"169\" srcset=\"https:\/\/www.radiopiu.net\/wordpress\/wp-content\/uploads\/2023\/05\/201649467-503e5d30-d5b7-438d-bed3-0ce204f18e9a-300x169.webp 300w, https:\/\/www.radiopiu.net\/wordpress\/wp-content\/uploads\/2023\/05\/201649467-503e5d30-d5b7-438d-bed3-0ce204f18e9a-768x432.webp 768w, https:\/\/www.radiopiu.net\/wordpress\/wp-content\/uploads\/2023\/05\/201649467-503e5d30-d5b7-438d-bed3-0ce204f18e9a.webp 800w\" sizes=\"auto, (max-width: 300px) 100vw, 300px\" \/><\/a>CESIOMAGGIORE<\/strong> Il prete esorcista don Giovanni Brancaleoni, di 79 anni, \u00e8 stato arrestato su ordine di carcerazione della Procura di Belluno per una pena definitiva di circa un anno. Dopo alcuni giorni in carcere, \u00e8 stato concesso il regime di detenzione domiciliare nella Casa del clero di Rovigo. Don Brancaleoni era stato condannato per stalking nei confronti di un disabile che viveva in una struttura specializzata a Pullir, nel Feltrino. Il sacerdote, gi\u00e0 esorcista ufficiale della Diocesi di Adria e Rovigo, era molto coinvolto nella vicenda del giovane disabile affetto da una malattia psichiatrica. Aveva fatto irruzioni ripetute nella struttura per cercare di liberare il giovane e riconciliarlo con sua madre. Tuttavia, secondo le accuse, il suo comportamento era diventato tormentante, tanto da costringere il giudice a vietargli l&#8217;accesso al centro. Durante il processo, don Brancaleoni aveva utilizzato termini forti, come &#8220;lager&#8221;, per descrivere le condizioni della struttura bellunese, suscitando polemiche. La vicenda legale si \u00e8 conclusa con una sentenza definitiva della Cassazione e la conseguente necessit\u00e0 di scontare un anno di detenzione. Nonostante la sua avanzata et\u00e0, inizialmente il prete era stato portato in carcere a Rovigo, ma successivamente \u00e8 stato trasferito alla Casa del clero nel centro di Rovigo, dove sconta la pena agli arresti domiciliari.<\/p>\n<div class=\"flex-1 overflow-hidden\">\n<div class=\"react-scroll-to-bottom--css-zskzn-79elbk h-full dark:bg-gray-800\">\n<div class=\"react-scroll-to-bottom--css-zskzn-1n7m0yu\">\n<div class=\"flex flex-col text-sm dark:bg-gray-800\">\n<div class=\"group w-full text-gray-800 dark:text-gray-100 border-b border-black\/10 dark:border-gray-900\/50 bg-gray-50 dark:bg-[#444654]\">\n<div class=\"flex p-4 gap-4 text-base md:gap-6 md:max-w-2xl lg:max-w-xl xl:max-w-3xl md:py-6 lg:px-0 m-auto\">\n<div class=\"relative flex w-[calc(100%-50px)] flex-col gap-1 md:gap-3 lg:w-[calc(100%-115px)]\">\n<div class=\"flex justify-between lg:block\">\n<div class=\"text-xs flex items-center justify-center gap-1 self-center pt-2 !invisible\"><\/div>\n<div class=\"text-gray-400 flex self-end lg:self-center justify-center mt-2 gap-2 md:gap-3 lg:gap-1 lg:absolute lg:top-0 lg:translate-x-full lg:right-0 lg:mt-0 lg:pl-2 visible\"><button class=\"flex ml-auto gap-2 rounded-md p-1 hover:bg-gray-100 hover:text-gray-700 dark:text-gray-400 dark:hover:bg-gray-700 dark:hover:text-gray-200 disabled:dark:hover:text-gray-400\"><\/button><\/p>\n<div class=\"flex gap-1\"><\/div>\n<\/div>\n<\/div>\n<\/div>\n<\/div>\n<\/div>\n<div class=\"h-32 md:h-48 flex-shrink-0\"><\/div>\n<\/div>\n<p><button class=\"cursor-pointer absolute right-6 bottom-[124px] md:bottom-[120px] z-10 rounded-full border border-gray-200 bg-gray-50 text-gray-600 dark:border-white\/10 dark:bg-white\/10 dark:text-gray-200\"><\/button><\/div>\n<\/div>\n<\/div>\n<div class=\"absolute bottom-0 left-0 w-full border-t md:border-t-0 dark:border-white\/20 md:border-transparent md:dark:border-transparent md:bg-vert-light-gradient bg-white dark:bg-gray-800 md:!bg-transparent dark:md:bg-vert-dark-gradient pt-2\">\n<form class=\"stretch mx-2 flex flex-row gap-3 last:mb-2 md:mx-4 md:last:mb-6 lg:mx-auto lg:max-w-2xl xl:max-w-3xl\">\n<div class=\"relative flex h-full flex-1 items-stretch md:flex-col\">\n<div class=\"\">\n<div class=\"h-full flex ml-1 md:w-full md:m-auto md:mb-2 gap-0 md:gap-2 justify-center\"><\/div>\n<\/div>\n<\/div>\n<\/form>\n<\/div>\n","protected":false},"excerpt":{"rendered":"<p>OGGI SUL CORRIERE DELLE ALPI di NICOLA CESARE CESIOMAGGIORE Il prete esorcista don Giovanni Brancaleoni, di 79 anni, \u00e8 stato arrestato su ordine di carcerazione della Procura di Belluno per una pena definitiva di circa un anno. Dopo alcuni giorni in carcere, \u00e8 stato concesso il regime di detenzione domiciliare nella Casa del clero di&hellip;<\/p>\n","protected":false},"author":4,"featured_media":337035,"comment_status":"closed","ping_status":"closed","sticky":false,"template":"","format":"standard","meta":{"_monsterinsights_skip_tracking":false,"_monsterinsights_sitenote_active":false,"_monsterinsights_sitenote_note":"","_monsterinsights_sitenote_category":0,"footnotes":""},"categories":[51,49],"tags":[],"class_list":["post-337034","post","type-post","status-publish","format-standard","has-post-thumbnail","hentry","category-evidenza-top","category-news-18","category-51","category-49","description-off"],"img_url":"https:\/\/www.radiopiu.net\/wordpress\/wp-content\/uploads\/2023\/05\/201649467-503e5d30-d5b7-438d-bed3-0ce204f18e9a.webp","_links":{"self":[{"href":"https:\/\/www.radiopiu.net\/wordpress\/wp-json\/wp\/v2\/posts\/337034","targetHints":{"allow":["GET"]}}],"collection":[{"href":"https:\/\/www.radiopiu.net\/wordpress\/wp-json\/wp\/v2\/posts"}],"about":[{"href":"https:\/\/www.radiopiu.net\/wordpress\/wp-json\/wp\/v2\/types\/post"}],"author":[{"embeddable":true,"href":"https:\/\/www.radiopiu.net\/wordpress\/wp-json\/wp\/v2\/users\/4"}],"replies":[{"embeddable":true,"href":"https:\/\/www.radiopiu.net\/wordpress\/wp-json\/wp\/v2\/comments?post=337034"}],"version-history":[{"count":0,"href":"https:\/\/www.radiopiu.net\/wordpress\/wp-json\/wp\/v2\/posts\/337034\/revisions"}],"wp:featuredmedia":[{"embeddable":true,"href":"https:\/\/www.radiopiu.net\/wordpress\/wp-json\/wp\/v2\/media\/337035"}],"wp:attachment":[{"href":"https:\/\/www.radiopiu.net\/wordpress\/wp-json\/wp\/v2\/media?parent=337034"}],"wp:term":[{"taxonomy":"category","embeddable":true,"href":"https:\/\/www.radiopiu.net\/wordpress\/wp-json\/wp\/v2\/categories?post=337034"},{"taxonomy":"post_tag","embeddable":true,"href":"https:\/\/www.radiopiu.net\/wordpress\/wp-json\/wp\/v2\/tags?post=337034"}],"curies":[{"name":"wp","href":"https:\/\/api.w.org\/{rel}","templated":true}]}}