{"id":337056,"date":"2023-05-23T05:19:19","date_gmt":"2023-05-23T03:19:19","guid":{"rendered":"https:\/\/www.radiopiu.net\/wordpress\/?p=337056"},"modified":"2023-05-23T16:08:44","modified_gmt":"2023-05-23T14:08:44","slug":"diretta-da-canale-dagordo-auguri-don-vito-25-anni-di-sacerdozio","status":"publish","type":"post","link":"https:\/\/www.radiopiu.net\/wordpress\/diretta-da-canale-dagordo-auguri-don-vito-25-anni-di-sacerdozio\/","title":{"rendered":"DIRETTA DA CANALE D&#8217;AGORDO: AUGURI DON VITO, 25 ANNI DI SACERDOZIO"},"content":{"rendered":"<p>&nbsp;<\/p>\n<div class=\"flex-1 overflow-hidden\">\n<div class=\"react-scroll-to-bottom--css-zskzn-79elbk h-full dark:bg-gray-800\">\n<div class=\"react-scroll-to-bottom--css-zskzn-1n7m0yu\">\n<div class=\"flex flex-col text-sm dark:bg-gray-800\">\n<div class=\"group w-full text-gray-800 dark:text-gray-100 border-b border-black\/10 dark:border-gray-900\/50 bg-gray-50 dark:bg-[#444654]\">\n<div class=\"flex p-4 gap-4 text-base md:gap-6 md:max-w-2xl lg:max-w-xl xl:max-w-3xl md:py-6 lg:px-0 m-auto\">\n<div class=\"relative flex w-[calc(100%-50px)] flex-col gap-1 md:gap-3 lg:w-[calc(100%-115px)]\">\n<div class=\"flex justify-between lg:block\">\n<div class=\"text-xs flex items-center justify-center gap-1 self-center pt-2 !invisible\"><\/div>\n<div class=\"text-gray-400 flex self-end lg:self-center justify-center mt-2 gap-2 md:gap-3 lg:gap-1 lg:absolute lg:top-0 lg:translate-x-full lg:right-0 lg:mt-0 lg:pl-2 visible\">\n<p>&nbsp;<\/p>\n<div class=\"flex gap-1\"><\/div>\n<\/div>\n<\/div>\n<\/div>\n<\/div>\n<\/div>\n<div class=\"h-32 md:h-48 flex-shrink-0\">\n<p><a href=\"https:\/\/www.facebook.com\/parrocchiecanalevallada\/videos\/1707904172963246\">https:\/\/www.facebook.com\/parrocchiecanalevallada\/videos\/1707904172963246<\/a><\/p>\n<\/div>\n<\/div>\n<p>&nbsp;<\/p>\n<\/div>\n<\/div>\n<\/div>\n<div class=\"absolute bottom-0 left-0 w-full border-t md:border-t-0 dark:border-white\/20 md:border-transparent md:dark:border-transparent md:bg-vert-light-gradient bg-white dark:bg-gray-800 md:!bg-transparent dark:md:bg-vert-dark-gradient pt-2\">\n<form class=\"stretch mx-2 flex flex-row gap-3 last:mb-2 md:mx-4 md:last:mb-6 lg:mx-auto lg:max-w-2xl xl:max-w-3xl\">\n<div class=\"relative flex h-full flex-1 items-stretch md:flex-col\">\n<div class=\"\">\n<div class=\"h-full flex ml-1 md:w-full md:m-auto md:mb-2 gap-0 md:gap-2 justify-center\">\n<div class=\"flex w-full gap-2 items-center justify-center\">\n<p><strong><a class=\"dt-pswp-item\" href=\"https:\/\/www.radiopiu.net\/wordpress\/wp-content\/uploads\/2022\/05\/DON-VITO-DE-VIDO.jpg\" data-dt-img-description=\"\" data-large_image_width=\"550\" data-large_image_height=\"828\"><img loading=\"lazy\" decoding=\"async\" class=\" wp-image-275816 alignleft\" src=\"https:\/\/www.radiopiu.net\/wordpress\/wp-content\/uploads\/2022\/05\/DON-VITO-DE-VIDO-199x300.jpg\" alt=\"\" width=\"125\" height=\"188\" srcset=\"https:\/\/www.radiopiu.net\/wordpress\/wp-content\/uploads\/2022\/05\/DON-VITO-DE-VIDO-199x300.jpg 199w, https:\/\/www.radiopiu.net\/wordpress\/wp-content\/uploads\/2022\/05\/DON-VITO-DE-VIDO.jpg 550w\" sizes=\"auto, (max-width: 125px) 100vw, 125px\" \/><\/a>CANALE D&#8217;AGORDO<\/strong> Oggi, la comunit\u00e0 di Canale d&#8217;Agordo si riunir\u00e0 per celebrare il 25\u00ba anniversario di ordinazione sacerdotale di Don Vito De Vido. La messa commemorativa si terr\u00e0 alle 16 presso la chiesa locale, e sar\u00e0 un momento di gioia, gratitudine e riflessione sulla dedizione di Don Vito al servizio spirituale. Don Vito De Vido \u00e8 un sacerdote amato e rispettato nella comunit\u00e0 di Canale d&#8217;Agordo e Vallada. Dopo aver ricevuto l&#8217;ordinazione sacerdotale 25 anni fa, ha dedicato la sua vita alla guida spirituale e all&#8217;assistenza pastorale dei fedeli. La sua presenza calorosa e il suo impegno incrollabile hanno toccato molte vite, ed \u00e8 ammirato per la sua compassione, la sua saggezza e il suo sostegno incondizionato. La messa di oggi sar\u00e0 un momento significativo per la comunit\u00e0 di Canale d&#8217;Agordo, che si unir\u00e0 per ringraziare e onorare Don Vito per il suo servizio. La cerimonia sar\u00e0 presieduta dal vescovo locale, che si unir\u00e0 ai fedeli per esprimere la loro gratitudine e augurare a Don Vito molti anni di ministero sacerdotale ancora da compiere. Durante la messa, saranno condivise testimonianze e ricordi speciali del percorso di Don Vito come sacerdote. I fedeli avranno l&#8217;opportunit\u00e0 di esprimere i loro sentimenti e di ringraziare personalmente Don Vito per il suo impegno e il suo amore. Sar\u00e0 anche un momento di preghiera per chiedere a Dio di benedire Don Vito e di guidarlo nel suo continuo servizio spirituale.<\/p>\n<div class=\"flex-1 overflow-hidden\">\n<div class=\"react-scroll-to-bottom--css-zskzn-79elbk h-full dark:bg-gray-800\">\n<div class=\"react-scroll-to-bottom--css-zskzn-1n7m0yu\">\n<div class=\"flex flex-col text-sm dark:bg-gray-800\">\n<div class=\"group w-full text-gray-800 dark:text-gray-100 border-b border-black\/10 dark:border-gray-900\/50 bg-gray-50 dark:bg-[#444654]\">\n<div class=\"flex p-4 gap-4 text-base md:gap-6 md:max-w-2xl lg:max-w-xl xl:max-w-3xl md:py-6 lg:px-0 m-auto\">\n<div class=\"relative flex w-[calc(100%-50px)] flex-col gap-1 md:gap-3 lg:w-[calc(100%-115px)]\">\n<div class=\"flex flex-grow flex-col gap-3\">\n<div class=\"min-h-[20px] flex flex-col items-start gap-4 whitespace-pre-wrap break-words\">\n<div class=\"markdown prose w-full break-words dark:prose-invert light\">\n<blockquote><p><em>Il 25\u00ba anniversario di ordinazione sacerdotale di Don Vito De Vido \u00e8 un momento di grande importanza per la comunit\u00e0 di Canale d&#8217;Agordo. \u00c8 un&#8217;opportunit\u00e0 per riconoscere e celebrare il dono del suo ministero sacerdotale e per esprimere gratitudine per il suo servizio instancabile. La messa di oggi rappresenter\u00e0 un capitolo significativo nella vita spirituale di Don Vito e rimarr\u00e0 un ricordo prezioso per la comunit\u00e0 per molti anni a venire.<\/em><\/p><\/blockquote>\n<\/div>\n<\/div>\n<\/div>\n<hr \/>\n<p>&nbsp;<\/p>\n<\/div>\n<\/div>\n<\/div>\n<\/div>\n<\/div>\n<\/div>\n<\/div>\n<\/div>\n<\/div>\n<\/div>\n<\/div>\n<\/form>\n<\/div>\n","protected":false},"excerpt":{"rendered":"<p>&nbsp; &nbsp; &nbsp; CANALE D&#8217;AGORDO Oggi, la comunit\u00e0 di Canale d&#8217;Agordo si riunir\u00e0 per celebrare il 25\u00ba anniversario di ordinazione sacerdotale di Don Vito De Vido. La messa commemorativa si terr\u00e0 alle 16 presso la chiesa locale, e sar\u00e0 un momento di gioia, gratitudine e riflessione sulla dedizione di Don Vito al servizio spirituale. Don&hellip;<\/p>\n","protected":false},"author":4,"featured_media":276891,"comment_status":"closed","ping_status":"closed","sticky":false,"template":"","format":"standard","meta":{"_monsterinsights_skip_tracking":false,"_monsterinsights_sitenote_active":false,"_monsterinsights_sitenote_note":"","_monsterinsights_sitenote_category":0,"footnotes":""},"categories":[104,49],"tags":[],"class_list":["post-337056","post","type-post","status-publish","format-standard","has-post-thumbnail","hentry","category-evidenza_3","category-news-18","category-104","category-49","description-off"],"img_url":"https:\/\/www.radiopiu.net\/wordpress\/wp-content\/uploads\/2022\/05\/Schermata-2022-05-21-alle-13.52.29.png","_links":{"self":[{"href":"https:\/\/www.radiopiu.net\/wordpress\/wp-json\/wp\/v2\/posts\/337056","targetHints":{"allow":["GET"]}}],"collection":[{"href":"https:\/\/www.radiopiu.net\/wordpress\/wp-json\/wp\/v2\/posts"}],"about":[{"href":"https:\/\/www.radiopiu.net\/wordpress\/wp-json\/wp\/v2\/types\/post"}],"author":[{"embeddable":true,"href":"https:\/\/www.radiopiu.net\/wordpress\/wp-json\/wp\/v2\/users\/4"}],"replies":[{"embeddable":true,"href":"https:\/\/www.radiopiu.net\/wordpress\/wp-json\/wp\/v2\/comments?post=337056"}],"version-history":[{"count":0,"href":"https:\/\/www.radiopiu.net\/wordpress\/wp-json\/wp\/v2\/posts\/337056\/revisions"}],"wp:featuredmedia":[{"embeddable":true,"href":"https:\/\/www.radiopiu.net\/wordpress\/wp-json\/wp\/v2\/media\/276891"}],"wp:attachment":[{"href":"https:\/\/www.radiopiu.net\/wordpress\/wp-json\/wp\/v2\/media?parent=337056"}],"wp:term":[{"taxonomy":"category","embeddable":true,"href":"https:\/\/www.radiopiu.net\/wordpress\/wp-json\/wp\/v2\/categories?post=337056"},{"taxonomy":"post_tag","embeddable":true,"href":"https:\/\/www.radiopiu.net\/wordpress\/wp-json\/wp\/v2\/tags?post=337056"}],"curies":[{"name":"wp","href":"https:\/\/api.w.org\/{rel}","templated":true}]}}