{"id":337087,"date":"2023-05-24T05:56:18","date_gmt":"2023-05-24T03:56:18","guid":{"rendered":"https:\/\/www.radiopiu.net\/wordpress\/?p=337087"},"modified":"2023-05-24T07:16:32","modified_gmt":"2023-05-24T05:16:32","slug":"giornale-radiopiu-24-maggio-2023-direttore-mirko-mezzacasa-verso-i-40-anni-25-giugno-1983-25-giugno-2023","status":"publish","type":"post","link":"https:\/\/www.radiopiu.net\/wordpress\/giornale-radiopiu-24-maggio-2023-direttore-mirko-mezzacasa-verso-i-40-anni-25-giugno-1983-25-giugno-2023\/","title":{"rendered":"GIORNALE RADIOPIU 24 MAGGIO 2023 DIRETTORE MIRKO MEZZACASA&#8230;verso i 40 anni 25 giugno 1983-25 giugno 2023"},"content":{"rendered":"<h2 style=\"text-align: left;\"><span style=\"color: #ff0000;\"><span style=\"vertical-align: inherit;\"><a class=\"dt-pswp-item\" href=\"https:\/\/www.radiopiu.net\/wordpress\/wp-content\/uploads\/2023\/04\/e0aad41d-951e-47b9-9fae-1a879a9bcb7e-1.jpg\" data-dt-img-description=\"\" data-large_image_width=\"1200\" data-large_image_height=\"1200\"><img loading=\"lazy\" decoding=\"async\" class=\"wp-image-333205 alignleft\" src=\"https:\/\/www.radiopiu.net\/wordpress\/wp-content\/uploads\/2023\/04\/e0aad41d-951e-47b9-9fae-1a879a9bcb7e-1-300x300.jpg\" alt=\"\" width=\"110\" height=\"110\" srcset=\"https:\/\/www.radiopiu.net\/wordpress\/wp-content\/uploads\/2023\/04\/e0aad41d-951e-47b9-9fae-1a879a9bcb7e-1-300x300.jpg 300w, https:\/\/www.radiopiu.net\/wordpress\/wp-content\/uploads\/2023\/04\/e0aad41d-951e-47b9-9fae-1a879a9bcb7e-1-1024x1024.jpg 1024w, https:\/\/www.radiopiu.net\/wordpress\/wp-content\/uploads\/2023\/04\/e0aad41d-951e-47b9-9fae-1a879a9bcb7e-1-150x150.jpg 150w, https:\/\/www.radiopiu.net\/wordpress\/wp-content\/uploads\/2023\/04\/e0aad41d-951e-47b9-9fae-1a879a9bcb7e-1-768x768.jpg 768w, https:\/\/www.radiopiu.net\/wordpress\/wp-content\/uploads\/2023\/04\/e0aad41d-951e-47b9-9fae-1a879a9bcb7e-1.jpg 1200w\" sizes=\"auto, (max-width: 110px) 100vw, 110px\" \/><\/a><\/span><\/span><\/h2>\n<h2 style=\"text-align: left;\"><span style=\"color: #ff0000;\"><span style=\"vertical-align: inherit;\">ISCRIVITI AL NOSTRO CANALE\u00a0 <\/span><\/span><span style=\"vertical-align: inherit;\"> YOUTUBE PER SEGUIRE IN DIRETTA I PRINCIPALI PROGRAMMI DI RADIO PIU&#8217; E LE FUTURE DIRETTE IN ESTERNA. PER ISCRIVERTI <\/span><a style=\"color: #ff0000;\" href=\"https:\/\/youtube.com\/@radiopiu1527\"><span style=\"vertical-align: inherit;\">CLICCA QUI <\/span><\/a><span style=\"color: #ff0000; font-size: 14px; font-weight: normal;\"><span style=\"vertical-align: inherit;\">E PREMI\u00a0 &#8220;Iscriviti&#8221;\u00a0 <\/span><\/span><\/h2>\n<p>&nbsp;<\/p>\n<p>&nbsp;<\/p>\n<blockquote>\n<h3><span style=\"color: #ff99cc;\"><strong>IL GIRO D\u2019ITALIA IN VENETO. 5 CITTA\u2019, 3 TAPPE E 500 KM.<\/strong><\/span><\/h3>\n<\/blockquote>\n<p>Il 24 maggio l\u2019esercito marciava per raggiungere la frontiera e far contro il nemico una barriera&#8230; parafrasando la vecchia canzone riferita alla Prima Guerra Mondiale. Oltre 100 anni dopo lungo il Piave e fino alle montagne dolomitiche a marciare saranno i ciclisti del Giro d&#8217;Italia.\u00a0 Tre giorni da ricordare, accogliamo la carovana che da oggi\u00a0 percorrer\u00e0 le nostre strade: da Caorle a Oderzo, dal Cadore alle Tre Cime passando per l&#8217;Agordino. <em>&#8220;Il Giro d\u2019Italia rappresenta qualcosa che va oltre le gesta dei corridori. \u00c8 promozione del territorio, identit\u00e0, festa e orgoglio per le piccole e grandi localit\u00e0 percorse dalla carovana. In Veneto l\u2019attesa \u00e8 grande. Del resto, non c\u2019\u00e8 Giro senza Veneto e non c\u2019\u00e8 Veneto senza Giro. Vorrei ricordare chi ha reso possibile tutto questo: Fabio Gazzabin. Risultato che vorrei ancora una volta dedicargli\u201d.&#8221;<\/em> ha detto il Presidente della Regione Luca Zaia.<\/p>\n<p>&nbsp;<\/p>\n<p><strong>CHIUSURE ZOLDANE<\/strong><\/p>\n<p><strong>OGGI dalle ore 19:00<\/strong> il tratto Pecol &#8211; Passo Staulanza (sp 251), salvo frontisti ed autorizzati.<strong> Gioved\u00ec 25 maggio<\/strong> &#8211; dalle 11:30 il tratto Rutorbol &#8211; Brusad\u00e0z \u2013 Coi \u2013 Mareson (strada comunale) in direzione Coi, salvo autorizzati &#8211; 2,5h prima del passaggio del corridore pi\u00f9 veloce (quindi dalle ore 13 circa) il tratto Passo Cibiana &#8211; bivio Ciamb\u00e8r (sp 347) e Forno di Zoldo &#8211; Pecol (sp 251) &#8211; Al termine della gara il transito verr\u00e0 prontamente ripristinato su tutta la viabilit\u00e0 salvo il tratto Pecol \u2013 Passo Staulanza che verr\u00e0 mantenuto chiuso fino allo sgombero dei mezzi e infrastrutture in zona arrivo (indicativamente 1,5h successive al termine gara).<\/p>\n<p>&nbsp;<\/p>\n<blockquote class=\"wp-embedded-content\" data-secret=\"Qw2XSAoCoo\"><p><a href=\"https:\/\/www.radiopiu.net\/wordpress\/la-provincia-di-belluno-si-prepara-ad-accogliere-il-giro-ditalia-strade\/\">LA PROVINCIA DI BELLUNO SI PREPARA AD ACCOGLIERE IL GIRO D&#8217;ITALIA. STRADE CHIUSE DUE ORE E MEZZA PRIMA DEL PASSAGGIO DEI CICLISTI<\/a><\/p><\/blockquote>\n<p><iframe loading=\"lazy\" class=\"wp-embedded-content\" sandbox=\"allow-scripts\" security=\"restricted\" style=\"position: absolute; clip: rect(1px, 1px, 1px, 1px);\" title=\"&#8220;LA PROVINCIA DI BELLUNO SI PREPARA AD ACCOGLIERE IL GIRO D&#8217;ITALIA. STRADE CHIUSE DUE ORE E MEZZA PRIMA DEL PASSAGGIO DEI CICLISTI&#8221; &#8212; Radio Pi\u00f9\" src=\"https:\/\/www.radiopiu.net\/wordpress\/la-provincia-di-belluno-si-prepara-ad-accogliere-il-giro-ditalia-strade\/embed\/#?secret=HgVMnZJOpx#?secret=Qw2XSAoCoo\" data-secret=\"Qw2XSAoCoo\" width=\"600\" height=\"338\" frameborder=\"0\" marginwidth=\"0\" marginheight=\"0\" scrolling=\"no\"><\/iframe><\/p>\n<blockquote>\n<h3>OGGI CHIUDE LA GALLERIA DI SAN VITO PER IL PASSAGGIO DEL GIRO D\u2019ITALIA<\/h3>\n<\/blockquote>\n<p class=\"photoswipe-wrapper\"><a class=\"dt-pswp-item pspw-wrap-ready\" href=\"https:\/\/www.radiopiu.net\/wordpress\/wp-content\/uploads\/2021\/06\/CICLISTI.jpg\" data-dt-img-description=\"\" data-large_image_width=\"1920\" data-large_image_height=\"1270\"><img loading=\"lazy\" decoding=\"async\" class=\" wp-image-218818 alignleft\" src=\"https:\/\/www.radiopiu.net\/wordpress\/wp-content\/uploads\/2021\/06\/CICLISTI-300x198.jpg\" sizes=\"auto, (max-width: 192px) 100vw, 192px\" srcset=\"https:\/\/www.radiopiu.net\/wordpress\/wp-content\/uploads\/2021\/06\/CICLISTI-300x198.jpg 300w, https:\/\/www.radiopiu.net\/wordpress\/wp-content\/uploads\/2021\/06\/CICLISTI-1024x677.jpg 1024w, https:\/\/www.radiopiu.net\/wordpress\/wp-content\/uploads\/2021\/06\/CICLISTI-768x508.jpg 768w, https:\/\/www.radiopiu.net\/wordpress\/wp-content\/uploads\/2021\/06\/CICLISTI-1536x1016.jpg 1536w, https:\/\/www.radiopiu.net\/wordpress\/wp-content\/uploads\/2021\/06\/CICLISTI.jpg 1920w\" alt=\"\" width=\"192\" height=\"127\" \/><\/a>Oggi \u00e8 previsto, con le relative limitazioni della circolazione, il transito del Giro d\u2019Italia sulla SS 47 della Valsugana, anche per quanto riguarda la parte immediatamente confinante con la provincia di Belluno, e precisamente in localit\u00e0 Arsi\u00e8, all\u2019uscita della galleria di San Vito. Al fine di impedire che il traffico, per effetto della chiusura degli svincoli della SS 47, si incolonni all\u2019interno della citata galleria, quest\u2019ultima sar\u00e0 chiusa in direzione Vicenza\/Trento, contemporaneamente alle chiusure sopradette (continuer\u00e0 invece a rimanere aperta in direzione Feltre\/Belluno). Al fine di evitare disagi eccessivi per l\u2019utenza, \u00e8 predisposto inoltre un dispositivo di informazione all\u2019utenza gi\u00e0 in prossimit\u00e0 della rotonda di Fonzaso (rotonda detta \u201cSportful\u201d), rispetto alla viabilit\u00e0 alternativa consigliata, nella maniera che segue: <strong>in direzione Trento<\/strong>, \u00e8 consentito il percorso alternativo \u201cscale di Primolano\u201d (si tenga presente che, dopo le scale di Primolano, la viabilit\u00e0 alternativa consentita \u00e8 costituita dalla SP 75dir nella provincia di Trento, e solo fino alla localit\u00e0 Grigno), oppure la prosecuzione della SR 50 (e poi SS 50) in direzione Fiera di Primiero e successivamente passo Rolle;\u00a0<strong>in direzione Bassano del Grappa\/Vicenza<\/strong>, \u00e8 consentito il percorso alternativo rappresentato dalla SR 348 \u201cFeltrina\u201d e successivamente la SP 26 nella provincia di Treviso. Il provvedimento di sospensione della circolazione nella galleria di San Vito e le deviazioni suggerite resteranno in vigore dalle ore 11:00 fino presumibilmente alle ore 14:30, e comunque al termine del passaggio dell\u2019intera carovana.<\/p>\n<p>&nbsp;<\/p>\n<p><span style=\"color: #ff0000;\"><strong>\u00a0 OGGI ALLA RADIO: <\/strong><\/span><\/p>\n<p><span style=\"color: #ff0000;\"><strong>ALLE\u00a0 10.10\u00a0 CISL LA VOCE PER I LAVORATORI\u00a0 con Alessio Piccoli<\/strong><\/span><\/p>\n<p><span style=\"color: #ff0000;\"><strong>ALLE 10.30 E 1900 SE NON LA SMETTI TI MANDO DAL PRESIDE, con la prof. MARIA ROSA SALMAZO<\/strong><\/span><\/p>\n<p><span style=\"color: #ff0000;\"><strong>ALLE 13.10\u00a0 ALLEGHE UNDER 15, L&#8217;INTERVISTAS ALLA RADIO\u00a0<\/strong><\/span><\/p>\n<p><span style=\"color: #ff0000;\"><strong>ALLE 14.40 IL PROGRAMMA DI ATHOS DAL 1953 AL 1983&#8230;\u00a0<\/strong><\/span><\/p>\n<p><span style=\"color: #ff0000;\"><strong>ALLE 16.00 Mirco Bencivenni HIT PARADE<\/strong><\/span><\/p>\n<p><strong><span style=\"color: #ff0000;\">ALLE 16.30 CON DANIEL RECH PRESENTIAMO L&#8217;EVENTO A GOSALDO, LA CORSA FINO A PIAN LONCH<\/span><\/strong><\/p>\n<p><span style=\"color: #ff0000;\"><strong>ALLE 19.20 LISA ED ELISA&#8230; PRESENTANO LA FESTA FOLCLORE AI PIEDI DELLA MARMOLADA<\/strong><\/span><\/p>\n<p><span style=\"color: #ff0000;\"><strong>ALLE 20.30 QUATTRO AMICI ATTORNO AL MIXER CON MORENO MARCO SIMONETTA MIRKO E UN SACCO DI OSPITI.<\/strong><\/span><\/p>\n<p>&nbsp;<\/p>\n<p>&nbsp;<\/p>\n<hr \/>\n<p>&nbsp;<\/p>\n<blockquote>\n<h3>CHIUSO IL SENTIERO CAI 551<\/h3>\n<\/blockquote>\n<p><strong>LA VALLE AGORDINA<\/strong> Il sentiero CAI 551 \u00e8 stato chiuso tra le localit\u00e0 Forca e Capitel Di Fries per cantiere boschivo. Il tratto rimarr\u00e0 chiuso fino al 01 giugno. Il transito a piedi o con bicicletta \u00e8 consentito solo fino al bivio in localit\u00e0 Forca.<\/p>\n<p>&nbsp;<\/p>\n<p>&nbsp;<\/p>\n<hr \/>\n<p>&nbsp;<\/p>\n<blockquote>\n<h3>ACQUA NON POTABILE IN ALCUNE ZONE DI FALCADE<\/h3>\n<\/blockquote>\n<p><strong><a class=\"dt-pswp-item\" href=\"https:\/\/www.radiopiu.net\/wordpress\/wp-content\/uploads\/2018\/08\/ACQUA.jpeg\" data-dt-img-description=\"\" data-large_image_width=\"1280\" data-large_image_height=\"768\"><img loading=\"lazy\" decoding=\"async\" class=\" wp-image-57052 alignleft\" src=\"https:\/\/www.radiopiu.net\/wordpress\/wp-content\/uploads\/2018\/08\/ACQUA-300x180.jpeg\" alt=\"\" width=\"150\" height=\"90\" srcset=\"https:\/\/www.radiopiu.net\/wordpress\/wp-content\/uploads\/2018\/08\/ACQUA-300x180.jpeg 300w, https:\/\/www.radiopiu.net\/wordpress\/wp-content\/uploads\/2018\/08\/ACQUA-768x461.jpeg 768w, https:\/\/www.radiopiu.net\/wordpress\/wp-content\/uploads\/2018\/08\/ACQUA-1024x614.jpeg 1024w, https:\/\/www.radiopiu.net\/wordpress\/wp-content\/uploads\/2018\/08\/ACQUA.jpeg 1280w\" sizes=\"auto, (max-width: 150px) 100vw, 150px\" \/><\/a>FALCADE<\/strong> Gestione Servizi Pubblici informa che a FALCADE nelle localit\u00e0 FALCADE ALTO, VILLOTTA, LA FOCA E VIA MAS DE LE MOLE l&#8217;acqua erogata dall&#8217;acquedotto non \u00e8 potabile e pu\u00f2 essere usata per scopi alimentari SOLO PREVIA bollitura. GSP ha, comunque, gi\u00e0 adottato le necessarie misure per la disinfezione dell&#8217;acqua presente nei serbatoi e nella rete idrica con l&#8217;aggiunta di cloro.<\/p>\n<p>&nbsp;<\/p>\n<p>&nbsp;<\/p>\n<hr \/>\n<p>&nbsp;<\/p>\n<blockquote>\n<h3>BIM GSP: LAVORI A TAIBON E FALCADE<\/h3>\n<\/blockquote>\n<p>Gestione Servizi Pubblici informa che, per lavori alla rete idrica comunale, oggi dalle 8 alle 12 verr\u00e0 sospesa l\u2019erogazione dell\u2019acqua a TAIBON AGORDINO in FRAZ.LISTOLADE e dalle 13 a fine lavori NELLE VIE CROTTA, CARAVAGGIO FUSINE. Oggi e Domani dalle 8:30 alle 17 verr\u00e0 sospesa l\u2019erogazione dell\u2019acqua a FALCADE nelle LOCALITA&#8217; VALT,LE COSTE E VIA TABIADON DI CANES.<\/p>\n<p>&nbsp;<\/p>\n<p>&nbsp;<\/p>\n<hr \/>\n<p>&nbsp;<\/p>\n<p align=\"CENTER\"><span style=\"color: #000000;\"><span style=\"font-family: Arial, serif;\"><span style=\"font-size: large;\"><b>Bim Gsp, asfaltature a Borgo Valbelluna<\/b><\/span><\/span><\/span><\/p>\n<p><strong>BELLUNO <\/strong>Lavori in corso, da inizio giugno, a Mel. Bim Gsp, infatti, provveder\u00e0 ad effettuare l\u2019asfaltatura del tratto di strada tra Samprogno e Pellegai. L\u2019intervento sar\u00e0 preceduto, nella settimana corrente, da una sistemazione provvisoria delle parti maggiormente ammalorate: a seguire, si proceder\u00e0 con la sistemazione definitiva gi\u00e0 programmata. Successivamente, verr\u00e0 asfaltata anche una tratta a Farra di Mel, dove nei mesi scorsi sono stati posati 400 metri di rete di distribuzione dell\u2019acquedotto.\u00a0 Il transito veicolare, nelle aree interessate, sar\u00e0 comunque garantito<\/p>\n<p>&nbsp;<\/p>\n<p>&nbsp;<\/p>\n<hr \/>\n<p>&nbsp;<\/p>\n<p>&nbsp;<\/p>\n<blockquote>\n<h3>LADRI DI QUADRI IN SALA DI ATTESA<\/h3>\n<\/blockquote>\n<p><strong>BELLUNO<\/strong> Rubarti tre quadri dalla sala di attesa del medico Gianluca Rossi in via Feltre. Nessun segno di effrazione, l&#8217;ingresso all&#8217;ambulatorio \u00e8 libero e non controllato. I quadri 30 per 40 centimetri e 50 per 50 (non facili da nascondere) sono stati rubati nel pomeriggio di ieri, indagano i Carabinieri.<\/p>\n<p>&nbsp;<\/p>\n<hr \/>\n<p>&nbsp;<\/p>\n<blockquote>\n<h3>IL RITORNO DEI LADRI ACROBATI<\/h3>\n<\/blockquote>\n<p><strong>PEDAVENA<\/strong>\u00a0 Ladri in casa, dopo aver forzato la porta della cucina in\u00a0 via Galgallina. Il colpo tra le 21 e le 22.15.\u00a0 Saliti su uno dei due terrazzi al piano terra, si sono arrampicati sulla tettoia e nessuno si \u00e8 accordo di nulla. Una volta entrati si sono diretti verso le due camere, che sono state messe a soqquadro. \u00a0Per fortuna il bottino non \u00e8 stato elevato: i ladri, infatti si sono portati via un orologio e un paio di orecchini. Sul posto \u00e8 arrivata una pattuglia dei carabinieri di Feltre.<\/p>\n<p>&nbsp;<\/p>\n<hr \/>\n<p>&nbsp;<\/p>\n<blockquote>\n<h3>SBAGLIA IL PARCHEGGIO E SFONDA LA VETRINA<\/h3>\n<\/blockquote>\n<p><strong>PONTE NELLE ALPI\u00a0<\/strong> Ieri matina alle 8.30: scappa il pedale della vettura e sfonda la vetrina dell&#8217;ottico dietro viale Dolomiti. Tremila euro circa di danni ma nessuno si \u00e8 fatto male. L&#8217;automobilista avrebbe sbagliato pedale della vettura e l&#8217;auto \u00e8 finita quasi dentro il negozio. Sul posto i carabinieri ma anche i vigili del fuoco che il titolare dell&#8217;ottica ha chiamato per verificare la sicurezza della vetrata<\/p>\n<p>&nbsp;<\/p>\n<hr \/>\n<p>&nbsp;<\/p>\n<blockquote>\n<h3>MIGLIORANO LE CONDIZIONI DEL PICCOLO USTIONATOSI IN CASA<\/h3>\n<\/blockquote>\n<p><strong>VOLTAGO<\/strong> Pochi giorni e il piccolo torner\u00e0 a casa sua, forse gi\u00e0 nel fine settimana \u00e8\u00a0 ricoverato per circa un mese. Non sono stati necessari interventi chirurgici. La mattina del 23 aprile il ragazzino si era svegliato presto, per preparare la colazione ai genitori, come succedeva spesso quando non doveva andare a scuola. Ha cercato di accendere il fuoco in maniera molto rischiosa, con il risultato che il flacone \u00e8 esploso e le fiamme l&#8217;hanno investito nella parte bassa del corpo.<\/p>\n<p>&nbsp;<\/p>\n<hr \/>\n<p>&nbsp;<\/p>\n<blockquote>\n<h3>ANNULLATO IL SECONDO SEQUESTRO DELL&#8217;HOTEL AMPEZZO<\/h3>\n<\/blockquote>\n<p><strong><a class=\"dt-pswp-item\" href=\"https:\/\/www.radiopiu.net\/wordpress\/wp-content\/uploads\/2021\/12\/cortina-freccia-nel-cielo-inaugurazione-gratis.jpeg-1024x768-c.jpg\" data-dt-img-description=\"\" data-large_image_width=\"1024\" data-large_image_height=\"768\"><img loading=\"lazy\" decoding=\"async\" class=\"wp-image-248527 alignleft\" src=\"https:\/\/www.radiopiu.net\/wordpress\/wp-content\/uploads\/2021\/12\/cortina-freccia-nel-cielo-inaugurazione-gratis.jpeg-1024x768-c-300x225.jpg\" alt=\"\" width=\"165\" height=\"124\" srcset=\"https:\/\/www.radiopiu.net\/wordpress\/wp-content\/uploads\/2021\/12\/cortina-freccia-nel-cielo-inaugurazione-gratis.jpeg-1024x768-c-300x225.jpg 300w, https:\/\/www.radiopiu.net\/wordpress\/wp-content\/uploads\/2021\/12\/cortina-freccia-nel-cielo-inaugurazione-gratis.jpeg-1024x768-c-768x576.jpg 768w, https:\/\/www.radiopiu.net\/wordpress\/wp-content\/uploads\/2021\/12\/cortina-freccia-nel-cielo-inaugurazione-gratis.jpeg-1024x768-c.jpg 1024w\" sizes=\"auto, (max-width: 165px) 100vw, 165px\" \/><\/a>CORTINA<\/strong><\/p>\n<p><strong>MORENO GIOLI\u00a0<\/strong><\/p>\n<audio class=\"wp-audio-shortcode\" id=\"audio-337087-1\" preload=\"none\" style=\"width: 100%;\" controls=\"controls\"><source type=\"audio\/mpeg\" src=\"https:\/\/www.radiopiu.net\/wordpress\/wp-content\/uploads\/2023\/05\/moreno-gioli-mattina.mp3?_=1\" \/><a href=\"https:\/\/www.radiopiu.net\/wordpress\/wp-content\/uploads\/2023\/05\/moreno-gioli-mattina.mp3\">https:\/\/www.radiopiu.net\/wordpress\/wp-content\/uploads\/2023\/05\/moreno-gioli-mattina.mp3<\/a><\/audio>\n<p>&nbsp;<\/p>\n<p>&nbsp;<\/p>\n<hr \/>\n<p>&nbsp;<\/p>\n<blockquote>\n<h3>SCULACCIATA E COSTRETTA A FARE SESSO. PIZZAIOLO DENUNCIATO<\/h3>\n<\/blockquote>\n<p><strong>OGGI SUL CORRIERE DELLE ALPI<\/strong><\/p>\n<p><strong>DI GIGI SOSSO<\/strong><\/p>\n<p><strong>BELLUNO<\/strong>\u00a0 Sculacciate in Pizzeria, violenze sessuali anche in appartamento. Un pizzaiolo di Belluno \u00e8 a processo dopo la denuncia della donna che in un primo momento condivideva momenti di fiducia e simpatia con l&#8217;indagato. Presentata la querela con l&#8217;aiuto dell&#8217;avvocato Mauro Gasperin.<\/p>\n<p>&nbsp;<\/p>\n<hr \/>\n<p>&nbsp;<\/p>\n<p>&nbsp;<\/p>\n<blockquote>\n<h3>LUXOTTICA AGORDO: FLESSIBILITA\u2019 E STRAORDINARIO INCENTIVATO A GIUGNO<\/h3>\n<\/blockquote>\n<p style=\"font-weight: 400;\"><strong><a class=\"dt-pswp-item\" href=\"https:\/\/www.radiopiu.net\/wordpress\/wp-content\/uploads\/2021\/12\/LUXOTTICA-FRAMONT.jpg\" data-dt-img-description=\"\" data-large_image_width=\"2048\" data-large_image_height=\"1536\"><img loading=\"lazy\" decoding=\"async\" class=\"size-medium wp-image-246066 alignleft\" src=\"https:\/\/www.radiopiu.net\/wordpress\/wp-content\/uploads\/2021\/12\/LUXOTTICA-FRAMONT-300x225.jpg\" alt=\"\" width=\"300\" height=\"225\" srcset=\"https:\/\/www.radiopiu.net\/wordpress\/wp-content\/uploads\/2021\/12\/LUXOTTICA-FRAMONT-300x225.jpg 300w, https:\/\/www.radiopiu.net\/wordpress\/wp-content\/uploads\/2021\/12\/LUXOTTICA-FRAMONT-1024x768.jpg 1024w, https:\/\/www.radiopiu.net\/wordpress\/wp-content\/uploads\/2021\/12\/LUXOTTICA-FRAMONT-768x576.jpg 768w, https:\/\/www.radiopiu.net\/wordpress\/wp-content\/uploads\/2021\/12\/LUXOTTICA-FRAMONT-1536x1152.jpg 1536w, https:\/\/www.radiopiu.net\/wordpress\/wp-content\/uploads\/2021\/12\/LUXOTTICA-FRAMONT.jpg 2048w\" sizes=\"auto, (max-width: 300px) 100vw, 300px\" \/><\/a>AGORDO<\/strong> RSU e dirigenza dello stabilimento Luxottica di Agordo hanno raggiunto un accordo per un pacchetto di flessibilit\u00e0 e straordinario incentivato per il mese di giugno. Saranno tre i sabati lavorativi in cui le maestranze saranno chiamate a prestare servizio e lavoreranno solo coloro che in quella settimana dovranno recarsi al lavoro con il turno mattina. Le date da segnare sul calendario sono: 10, 17 e 24 giugno. Nelle giornate del 10 e 24 giugno, oltre ai turnisti, saranno chiamati al lavoro anche gli operaia giornata e part-time. I primi due sabati saranno una flessibilit\u00e0 mentre il 24 giugno uno straordinario incentivato. I reparti interessati dalle date concordate si possono consultare sulle bacheche aziendali poste in ogni reparto.<\/p>\n<p>***<\/p>\n<p>&nbsp;<\/p>\n<p>&nbsp;<\/p>\n<p>&nbsp;<\/p>\n<p>&nbsp;<\/p>\n<hr \/>\n<p>&nbsp;<\/p>\n<blockquote>\n<h3>TORNA IL FAMILY DAY ALLO STABILIMENTO ESSILORLUXOTTICA DI AGORDO<\/h3>\n<\/blockquote>\n<p><strong><a class=\"dt-pswp-item\" href=\"https:\/\/www.radiopiu.net\/wordpress\/wp-content\/uploads\/2022\/06\/LUXOTTICA-13.jpg\" data-dt-img-description=\"\" data-large_image_width=\"1111\" data-large_image_height=\"600\"><img loading=\"lazy\" decoding=\"async\" class=\" wp-image-284020 alignleft\" src=\"https:\/\/www.radiopiu.net\/wordpress\/wp-content\/uploads\/2022\/06\/LUXOTTICA-13-300x162.jpg\" alt=\"\" width=\"198\" height=\"107\" srcset=\"https:\/\/www.radiopiu.net\/wordpress\/wp-content\/uploads\/2022\/06\/LUXOTTICA-13-300x162.jpg 300w, https:\/\/www.radiopiu.net\/wordpress\/wp-content\/uploads\/2022\/06\/LUXOTTICA-13-1024x553.jpg 1024w, https:\/\/www.radiopiu.net\/wordpress\/wp-content\/uploads\/2022\/06\/LUXOTTICA-13-768x415.jpg 768w, https:\/\/www.radiopiu.net\/wordpress\/wp-content\/uploads\/2022\/06\/LUXOTTICA-13.jpg 1111w\" sizes=\"auto, (max-width: 198px) 100vw, 198px\" \/><\/a>AGORDO <\/strong>Dopo un periodo di restrizioni, Luxottica \u00e8 nuovamente pronta a far festa aprendo le porte dello stabilimento di Agordo e non solo, accogliendo i dipendenti assieme alle loro famiglie e amici per vivere insieme un&#8217;esperienza straordinaria in un\u2019atmosfera di convivialit\u00e0 e allegria. Un\u2019occasione unica per celebrare la grande famiglia EssilorLuxottica\u00a0partendo da dove tutto \u00e8 cominciato pi\u00f9 di sessanta anni fa, per poi toccare in futuro anche altri stabilimenti in Italia e nel mondo. Il Family Day 2023 si terr\u00e0 sabato 22 luglio. Una vera e propria festa con musica, cibo e attivit\u00e0 per grandi e piccini. I dipendenti per partecipare dovranno compilare un questionario entro il 31 maggio sul portale aziendale One EssilorLuxottica dove si chiedono alcune informazioni per organizzare al meglio la giornata. Una organizzazione con i fiocchi con tanto di bus navetta per far arrivare le maestranze e i loro famigliari anche dagli altri stabilimenti del Veneto.<\/p>\n<p>&nbsp;<\/p>\n<p>&nbsp;<\/p>\n<hr \/>\n<p>&nbsp;<\/p>\n<blockquote>\n<h3>RC AUTO VENETO: AD APRILE +20,6% RISPETTO A 12 MESI FA<\/h3>\n<\/blockquote>\n<p><strong>MILANO <\/strong>Ancora brutte notizie per gli automobilisti veneti; dopo il caro-mutui e l\u2019aumento generalizzato dei prezzi dei beni di consumo, anche il rincaro dell\u2019Rc auto iniziato quasi un anno e mezzo fa non stenta a rallentare tanto \u00e8 vero che, come evidenziato dall\u2019Osservatorio di Facile.it, in appena 12 mesi, il premio medio pagato in Veneto per assicurare un veicolo a quattro ruote \u00e8 cresciuto del 20,6% arrivando, ad aprile 2023, a 426,32 euro. Il dato emerge dall\u2019analisi di un campione di oltre 1.000.000 preventivi e relative quotazioni effettuati in Veneto e raccolti da Facile.it nel corso degli ultimi 12 mesi. A segnare l\u2019aumento pi\u00f9 consistente \u00e8 Padova, area dove lo scorso mese i valori medi sono saliti del 25,1% rispetto ad aprile 2022, raggiungendo i 440,22 euro, seguita da Verona (+21,7%, 431,39 euro). Rincari inferiori alla media regionale per Treviso, che in 12 mesi ha vissuto un incremento del 18,6% (423,09 euro), Venezia (+17,9%, 438,29 euro) e Vicenza (+17,8%, 399,98 euro). Chiude la graduatoria veneta la provincia di Belluno, area che ad aprile ha registrato un rialzo delle tariffe del 9,8%, arrivando a 348,38 euro. In valori assoluti, sempre ad aprile 2023, Padova \u00e8 risultata essere la provincia pi\u00f9 cara della regione, Belluno la pi\u00f9 economica.<\/p>\n<p><a class=\"dt-pswp-item\" href=\"https:\/\/www.radiopiu.net\/wordpress\/wp-content\/uploads\/2023\/05\/ASSFAC.png\" data-dt-img-description=\"\" data-large_image_width=\"522\" data-large_image_height=\"237\"><img loading=\"lazy\" decoding=\"async\" class=\"wp-image-337132 aligncenter\" src=\"https:\/\/www.radiopiu.net\/wordpress\/wp-content\/uploads\/2023\/05\/ASSFAC-300x136.png\" alt=\"\" width=\"435\" height=\"197\" srcset=\"https:\/\/www.radiopiu.net\/wordpress\/wp-content\/uploads\/2023\/05\/ASSFAC-300x136.png 300w, https:\/\/www.radiopiu.net\/wordpress\/wp-content\/uploads\/2023\/05\/ASSFAC.png 522w\" sizes=\"auto, (max-width: 435px) 100vw, 435px\" \/><\/a><\/p>\n<p>&nbsp;<\/p>\n<p>&nbsp;<\/p>\n<hr \/>\n<p>&nbsp;<\/p>\n<blockquote>\n<h3>SCONTO DELLE TARIFFE DEL SUOLO PUBBLICO. ACCORDO TRA COMUNE DI BELLUNO ED ASCOM<\/h3>\n<\/blockquote>\n<p><strong>BELLUNO<\/strong> Si \u00e8 svolta ieri la conferenza stampa congiunta tra Comune di Belluno ed Ascom per illustrare le iniziative intraprese in merito alla scontisca sulle tariffe del suolo pubblico<\/p>\n<p><b>DI MORENO GIOLI<\/b><\/p>\n<audio class=\"wp-audio-shortcode\" id=\"audio-337087-2\" preload=\"none\" style=\"width: 100%;\" controls=\"controls\"><source type=\"audio\/mpeg\" src=\"https:\/\/www.radiopiu.net\/wordpress\/wp-content\/uploads\/2023\/05\/PLATEATICI.mp3?_=2\" \/><a href=\"https:\/\/www.radiopiu.net\/wordpress\/wp-content\/uploads\/2023\/05\/PLATEATICI.mp3\">https:\/\/www.radiopiu.net\/wordpress\/wp-content\/uploads\/2023\/05\/PLATEATICI.mp3<\/a><\/audio>\n\n\t\t\t<style type='text\/css'>\n\t\t\t\t#gallery-1 {\n\t\t\t\t\tmargin: auto;\n\t\t\t\t}\n\t\t\t\t#gallery-1 .gallery-item {\n\t\t\t\t\tfloat: left;\n\t\t\t\t\tmargin-top: 10px;\n\t\t\t\t\ttext-align: center;\n\t\t\t\t\twidth: 50%;\n\t\t\t\t}\n\t\t\t\t#gallery-1 img {\n\t\t\t\t\tborder: 2px solid #cfcfcf;\n\t\t\t\t}\n\t\t\t\t#gallery-1 .gallery-caption {\n\t\t\t\t\tmargin-left: 0;\n\t\t\t\t}\n\t\t\t\t\/* see gallery_shortcode() in wp-includes\/media.php *\/\n\t\t\t<\/style>\n\t\t<div id='gallery-1' class='dt-gallery-container gallery galleryid-337087 gallery-columns-2 gallery-size-medium'><dl class='gallery-item'>\n\t\t\t\t<dt class='gallery-icon landscape'>\n\t\t\t\t\t<a class=\"rollover rollover-zoom dt-pswp-item\" title=\"Conferenza stampa tariffe suolo pubblico_1\" data-dt-img-description=\"\" data-large_image_width=\"1600\" data-large_image_height=\"1200\"href='https:\/\/www.radiopiu.net\/wordpress\/wp-content\/uploads\/2023\/05\/Conferenza-stampa-tariffe-suolo-pubblico_1.jpeg'><img loading=\"lazy\" decoding=\"async\" width=\"300\" height=\"225\" src=\"https:\/\/www.radiopiu.net\/wordpress\/wp-content\/uploads\/2023\/05\/Conferenza-stampa-tariffe-suolo-pubblico_1-300x225.jpeg\" class=\"attachment-medium size-medium\" alt=\"\" srcset=\"https:\/\/www.radiopiu.net\/wordpress\/wp-content\/uploads\/2023\/05\/Conferenza-stampa-tariffe-suolo-pubblico_1-300x225.jpeg 300w, https:\/\/www.radiopiu.net\/wordpress\/wp-content\/uploads\/2023\/05\/Conferenza-stampa-tariffe-suolo-pubblico_1-1024x768.jpeg 1024w, https:\/\/www.radiopiu.net\/wordpress\/wp-content\/uploads\/2023\/05\/Conferenza-stampa-tariffe-suolo-pubblico_1-768x576.jpeg 768w, https:\/\/www.radiopiu.net\/wordpress\/wp-content\/uploads\/2023\/05\/Conferenza-stampa-tariffe-suolo-pubblico_1-1536x1152.jpeg 1536w, https:\/\/www.radiopiu.net\/wordpress\/wp-content\/uploads\/2023\/05\/Conferenza-stampa-tariffe-suolo-pubblico_1.jpeg 1600w\" sizes=\"auto, (max-width: 300px) 100vw, 300px\" \/><\/a>\n\t\t\t\t<\/dt><\/dl><dl class='gallery-item'>\n\t\t\t\t<dt class='gallery-icon landscape'>\n\t\t\t\t\t<a class=\"rollover rollover-zoom dt-pswp-item\" title=\"Cs stampa tariffe suolo pubblico\" data-dt-img-description=\"\" data-large_image_width=\"1600\" data-large_image_height=\"1200\"href='https:\/\/www.radiopiu.net\/wordpress\/wp-content\/uploads\/2023\/05\/Cs-stampa-tariffe-suolo-pubblico.jpeg'><img loading=\"lazy\" decoding=\"async\" width=\"300\" height=\"225\" src=\"https:\/\/www.radiopiu.net\/wordpress\/wp-content\/uploads\/2023\/05\/Cs-stampa-tariffe-suolo-pubblico-300x225.jpeg\" class=\"attachment-medium size-medium\" alt=\"\" srcset=\"https:\/\/www.radiopiu.net\/wordpress\/wp-content\/uploads\/2023\/05\/Cs-stampa-tariffe-suolo-pubblico-300x225.jpeg 300w, https:\/\/www.radiopiu.net\/wordpress\/wp-content\/uploads\/2023\/05\/Cs-stampa-tariffe-suolo-pubblico-1024x768.jpeg 1024w, https:\/\/www.radiopiu.net\/wordpress\/wp-content\/uploads\/2023\/05\/Cs-stampa-tariffe-suolo-pubblico-768x576.jpeg 768w, https:\/\/www.radiopiu.net\/wordpress\/wp-content\/uploads\/2023\/05\/Cs-stampa-tariffe-suolo-pubblico-1536x1152.jpeg 1536w, https:\/\/www.radiopiu.net\/wordpress\/wp-content\/uploads\/2023\/05\/Cs-stampa-tariffe-suolo-pubblico.jpeg 1600w\" sizes=\"auto, (max-width: 300px) 100vw, 300px\" \/><\/a>\n\t\t\t\t<\/dt><\/dl><br style=\"clear: both\" \/>\n\t\t\t<\/div>\n\n<p>&nbsp;<\/p>\n<p>&nbsp;<\/p>\n<hr \/>\n<p>&nbsp;<\/p>\n<p>&nbsp;<\/p>\n<blockquote>\n<h3>RIPRISTINO DEI PASCOLI DELLE MALGHE: COMUNE DI LIMANA AVVIA LAVORO DI PULIZIA NELLE FORESTE<\/h3>\n<\/blockquote>\n<p><img loading=\"lazy\" decoding=\"async\" class=\"alignleft\" src=\"https:\/\/www.radiopiu.net\/wordpress\/wp-content\/uploads\/2023\/05\/1e36864c-272e-4804-9fa2-91c0ad3e45c2.jpg\" width=\"176\" height=\"132\" \/><strong>LIMANA <\/strong>L&#8217;obiettivo principale del Comune di Limana \u00e8 quello di ripristinare i pascoli delle malghe che nel corso degli anni sono stati progressivamente invasi dal bosco. Dopo aver affrontato con successo il problema degli alberi abbattuti a seguito della tempesta Vaia, il Comune intende concentrarsi su nuovi metodi di pulizia boschiva. Data l&#8217;importanza del patrimonio malghivo del Comune, l&#8217;assessore all&#8217;ambiente e alle foreste, Alex Segat, ha annunciato i prossimi impegni.<\/p>\n<p><strong>DI DANIELE DALVIT<\/strong><\/p>\n<audio class=\"wp-audio-shortcode\" id=\"audio-337087-3\" preload=\"none\" style=\"width: 100%;\" controls=\"controls\"><source type=\"audio\/mpeg\" src=\"https:\/\/www.radiopiu.net\/wordpress\/wp-content\/uploads\/2023\/05\/Radio-Piu-Servizio-Interventi-pascoli-Limana.mp3?_=3\" \/><a href=\"https:\/\/www.radiopiu.net\/wordpress\/wp-content\/uploads\/2023\/05\/Radio-Piu-Servizio-Interventi-pascoli-Limana.mp3\">https:\/\/www.radiopiu.net\/wordpress\/wp-content\/uploads\/2023\/05\/Radio-Piu-Servizio-Interventi-pascoli-Limana.mp3<\/a><\/audio>\n<p>&nbsp;<\/p>\n<p>&nbsp;<\/p>\n<p>&nbsp;<\/p>\n<hr \/>\n<p>&nbsp;<\/p>\n<div class=\"page-title-head hgroup\">\n<blockquote>\n<h3 class=\"entry-title\">IL COMMISSARIO DAL BEN A CORTINA. LORENZI \u201cOBIETTIVO: SENTIRCI SPESSO\u201d.<\/h3>\n<\/blockquote>\n<\/div>\n<div class=\"page-title-breadcrumbs\">\n<p><strong><em><a class=\"dt-pswp-item\" href=\"https:\/\/www.radiopiu.net\/wordpress\/wp-content\/uploads\/2023\/05\/174eb080-dcc3-468a-b013-4cf22849b0e0.jpg\" data-dt-img-description=\"\" data-large_image_width=\"1496\" data-large_image_height=\"1496\"><img loading=\"lazy\" decoding=\"async\" class=\"wp-image-337163 alignleft\" src=\"https:\/\/www.radiopiu.net\/wordpress\/wp-content\/uploads\/2023\/05\/174eb080-dcc3-468a-b013-4cf22849b0e0-300x300.jpg\" alt=\"\" width=\"183\" height=\"183\" srcset=\"https:\/\/www.radiopiu.net\/wordpress\/wp-content\/uploads\/2023\/05\/174eb080-dcc3-468a-b013-4cf22849b0e0-300x300.jpg 300w, https:\/\/www.radiopiu.net\/wordpress\/wp-content\/uploads\/2023\/05\/174eb080-dcc3-468a-b013-4cf22849b0e0-1024x1024.jpg 1024w, https:\/\/www.radiopiu.net\/wordpress\/wp-content\/uploads\/2023\/05\/174eb080-dcc3-468a-b013-4cf22849b0e0-150x150.jpg 150w, https:\/\/www.radiopiu.net\/wordpress\/wp-content\/uploads\/2023\/05\/174eb080-dcc3-468a-b013-4cf22849b0e0-768x768.jpg 768w, https:\/\/www.radiopiu.net\/wordpress\/wp-content\/uploads\/2023\/05\/174eb080-dcc3-468a-b013-4cf22849b0e0.jpg 1496w\" sizes=\"auto, (max-width: 183px) 100vw, 183px\" \/><\/a><\/em>CORTINA<\/strong> Il Commissario dell&#8217;Ulss Dolomiti Giuseppe Dal Ben,\u00a0 ha incontrato il sindaco di Cortina, Gianluca Lorenzi, per affrontare le tematiche emergenti nel campo sanitario. L&#8217;obiettivo principale della riunione era trovare soluzioni efficaci e tempestive per le sfide attuali. Durante l&#8217;incontro, il Commissario Dal Ben ha rassicurato il sindaco Lorenzi riguardo alla sostituzione immediata della dottoressa Bosco con un nuovo medico di medicina generale. Inoltre, \u00e8 stato messo a disposizione del nuovo medico un ambulatorio presso il Distretto socio sanitario di Cortina, che sar\u00e0 adeguato alle sue necessit\u00e0. Il sindaco Lorenzi ha espresso la sua gratitudine al Commissario Dal Ben per la disponibilit\u00e0 immediata all&#8217;incontro e per il proficuo dibattito che ha affrontato le questioni relative ai medici di base e al futuro del Codivilla. Sottolineando la reciproca volont\u00e0 di risolvere le problematiche, il sindaco ha dichiarato che si \u00e8 gi\u00e0 giunti a delle soluzioni che troveranno presto soddisfazione. Tuttavia, il sindaco si \u00e8 detto sorpreso dalla strumentalizzazione che \u00e8 stata fatta in merito alla situazione della dottoressa Bosco, affermando che attribuire le responsabilit\u00e0 alle istituzioni, quando invece si tratta di scelte personali, \u00e8 un&#8217;azione che non pu\u00f2 condividere. Ha invitato coloro che criticano senza conoscere a fondo la questione a informarsi adeguatamente, sottolineando che risolvere i problemi e offrire aiuto richiede un minimo sforzo di documentazione. Successivamente, il Commissario Dal Ben ha effettuato un sopralluogo con la Direzione Lavori presso il cantiere del Codivilla e il distretto socio sanitario. L&#8217;obiettivo era verificare di persona lo stato di avanzamento dei lavori al Codivilla. Durante la visita, \u00e8 stata comunicata una notizia positiva: \u00e8 stata individuata l&#8217;impresa che riprender\u00e0 il cantiere, dopo le attuali operazioni di pulizia. Il Commissario ha concluso affermando che da quel momento in avanti terr\u00e0 incontri settimanali per monitorare attentamente lo sviluppo del cantiere. Il prossimo incontro \u00e8 stato gi\u00e0 fissato per il 31 maggio.<\/p>\n<div class=\"flex-1 overflow-hidden\">\n<div class=\"react-scroll-to-bottom--css-qydlh-79elbk h-full dark:bg-gray-800\">\n<div class=\"react-scroll-to-bottom--css-qydlh-1n7m0yu\">\n<div class=\"flex flex-col text-sm dark:bg-gray-800\">\n<div class=\"group w-full text-gray-800 dark:text-gray-100 border-b border-black\/10 dark:border-gray-900\/50 bg-gray-50 dark:bg-[#444654]\">\n<div class=\"flex p-4 gap-4 text-base md:gap-6 md:max-w-2xl lg:max-w-xl xl:max-w-3xl md:py-6 lg:px-0 m-auto\">\n<div class=\"relative flex w-[calc(100%-50px)] flex-col gap-1 md:gap-3 lg:w-[calc(100%-115px)]\">\n<div class=\"flex justify-between lg:block\">\n<div><strong>IL COMMISSARIO DELLA ULSS1_DOLOMITI, GIUSEPPE DAL BEN<\/strong><\/div>\n<div><\/div>\n<\/div>\n<\/div>\n<div>\n<audio class=\"wp-audio-shortcode\" id=\"audio-337087-4\" preload=\"none\" style=\"width: 100%;\" controls=\"controls\"><source type=\"audio\/mpeg\" src=\"https:\/\/www.radiopiu.net\/wordpress\/wp-content\/uploads\/2023\/05\/dalben.mp3?_=4\" \/><a href=\"https:\/\/www.radiopiu.net\/wordpress\/wp-content\/uploads\/2023\/05\/dalben.mp3\">https:\/\/www.radiopiu.net\/wordpress\/wp-content\/uploads\/2023\/05\/dalben.mp3<\/a><\/audio>\n<blockquote><p><em>\u00a0<\/em><\/p>\n<p><em>&#8220;L&#8217;incontro tra il Commissario dell&#8217;Ulss Dolomiti Giuseppe Dal Ben e il sindaco Gianluca Lorenzi ha dimostrato un impegno concreto e una volont\u00e0 comune di affrontare le problematiche sanitarie in modo rapido ed efficace. La sostituzione del medico di base e il monitoraggio attento dei lavori al Codivilla sono passi significativi verso il raggiungimento di soluzioni a lungo termine per il bene della comunit\u00e0&#8221;.<\/em><\/p><\/blockquote>\n<p>&nbsp;<\/p>\n<p><strong>IL SINDACO GIANLUCA LORENZI\u00a0<\/strong><\/p>\n<audio class=\"wp-audio-shortcode\" id=\"audio-337087-5\" preload=\"none\" style=\"width: 100%;\" controls=\"controls\"><source type=\"audio\/mpeg\" src=\"https:\/\/www.radiopiu.net\/wordpress\/wp-content\/uploads\/2023\/05\/LORENZI.mp3?_=5\" \/><a href=\"https:\/\/www.radiopiu.net\/wordpress\/wp-content\/uploads\/2023\/05\/LORENZI.mp3\">https:\/\/www.radiopiu.net\/wordpress\/wp-content\/uploads\/2023\/05\/LORENZI.mp3<\/a><\/audio>\n<\/div>\n<div class=\"relative flex w-[calc(100%-50px)] flex-col gap-1 md:gap-3 lg:w-[calc(100%-115px)]\">\n<div class=\"flex justify-between lg:block\">\n<div>\n<div class=\"group w-full text-gray-800 dark:text-gray-100 border-b border-black\/10 dark:border-gray-900\/50 bg-gray-50 dark:bg-[#444654]\">\n<div class=\"flex p-4 gap-4 text-base md:gap-6 md:max-w-2xl lg:max-w-xl xl:max-w-3xl md:py-6 lg:px-0 m-auto\">\n<div class=\"relative flex w-[calc(100%-50px)] flex-col gap-1 md:gap-3 lg:w-[calc(100%-115px)]\">\n<div class=\"flex flex-grow flex-col gap-3\">\n<div class=\"min-h-[20px] flex flex-col items-start gap-4 whitespace-pre-wrap break-words\">\n<div class=\"markdown prose w-full break-words dark:prose-invert light\">\n<blockquote><p>&nbsp;<\/p>\n<p>&nbsp;<\/p><\/blockquote>\n<p>&nbsp;<\/p>\n<hr \/>\n<\/div>\n<\/div>\n<\/div>\n<\/div>\n<\/div>\n<\/div>\n<\/div>\n<\/div>\n<\/div>\n<\/div>\n<\/div>\n<\/div>\n<\/div>\n<\/div>\n<\/div>\n<\/div>\n<p>&nbsp;<\/p>\n<p>&nbsp;<\/p>\n<div class=\"page-title-head hgroup\">\n<blockquote>\n<h3 class=\"entry-title\">IL TERZO GIURAMENTO DI MAURO SOPPELSA, SINDACO DI CENCENIGHE<\/h3>\n<\/blockquote>\n<\/div>\n<div class=\"page-title-breadcrumbs\">\n<p><strong>CENCENIGHE<\/strong><\/p>\n<p><strong>\u00a0DI GIANNI SANTOMASO<\/strong><\/p>\n<audio class=\"wp-audio-shortcode\" id=\"audio-337087-6\" preload=\"none\" style=\"width: 100%;\" controls=\"controls\"><source type=\"audio\/mpeg\" src=\"https:\/\/www.radiopiu.net\/wordpress\/wp-content\/uploads\/2023\/05\/GIANNI-CENCENIGHE.mp3?_=6\" \/><a href=\"https:\/\/www.radiopiu.net\/wordpress\/wp-content\/uploads\/2023\/05\/GIANNI-CENCENIGHE.mp3\">https:\/\/www.radiopiu.net\/wordpress\/wp-content\/uploads\/2023\/05\/GIANNI-CENCENIGHE.mp3<\/a><\/audio>\n<p>&nbsp;<\/p>\n<p><strong>DIRETTA RADIO,\u00a0 <\/strong><strong>A cura di Mirko Mezzacasa\u00a0<\/strong><\/p>\n<p>https:\/\/www.facebook.com\/marco.baghy.1\/videos\/3480064895587657\/?<\/p>\n<p>&nbsp;<\/p>\n<hr \/>\n<p>&nbsp;<\/p>\n<blockquote>\n<h3>&#8230;E CON IL RITIRO DEL VENEZIA CALCIO A FALCADE?<\/h3>\n<\/blockquote>\n<\/div>\n<p><strong><a class=\"dt-pswp-item\" href=\"https:\/\/www.radiopiu.net\/wordpress\/wp-content\/uploads\/2023\/05\/th-23.jpg\" data-dt-img-description=\"\" data-large_image_width=\"288\" data-large_image_height=\"180\"><img loading=\"lazy\" decoding=\"async\" class=\"size-full wp-image-337216 alignleft\" src=\"https:\/\/www.radiopiu.net\/wordpress\/wp-content\/uploads\/2023\/05\/th-23.jpg\" alt=\"\" width=\"288\" height=\"180\" \/><\/a>FALCADE<\/strong> Entro la fine della settimana si sapr\u00e0 se il Venezia Calcio, squadra di calcio che ha da poco raggiunto i playoff per la promozione in Serie A, far\u00e0 il ritiro precampionato a Falcade. Nonostante un accordo economico pluriennale sia stato raggiunto tra il club e l&#8217;amministrazione comunale, la certezza ancora manca. Il sindaco di Falcade, Mauro Salvaterra, ha spiegato che i motivi che ritardano la chiusura dell&#8217;accordo sono di natura burocratica. Nonostante i fondi siano disponibili per portare la squadra nella localit\u00e0 dolomitica e nonostante la massima disponibilit\u00e0 da parte del club, alcune questioni devono ancora essere risolte. \u00c8 necessario l&#8217;appoggio di una societ\u00e0 dilettantistica che affianchi il Comune di Falcade e altre pratiche che al momento sono ancora in sospeso. Tuttavia, il sindaco esprime fiducia nell&#8217;eventuale conclusione positiva delle trattative. Nel caso contrario, si cercher\u00e0 di riproporre l&#8217;opportunit\u00e0 l&#8217;anno prossimo.<\/p>\n<p>I tifosi arancioneroverdi seguono con interesse lo sviluppo della vicenda, tanto che sono gi\u00e0 state effettuate diverse telefonate agli albergatori di Falcade per richiedere disponibilit\u00e0 di alloggio nel mese di luglio. Le date ufficiali del ritiro non sono ancora state comunicate, ma si ipotizza che si svolger\u00e0 circa dal 10 al 25 luglio.<\/p>\n<blockquote><p><em>Falcade \u00e8 stata e sar\u00e0 sede anche del ritiro precampionato della Reyer Venezia, squadra di basket, e potrebbe diventare una sorta di punto di riferimento estivo per lo sport lagunare e per le vacanze dei veneziani, che potranno godere sia del basket che del calcio durante il periodo estivo.<\/em><\/p><\/blockquote>\n<p>&nbsp;<\/p>\n<hr \/>\n<p>&nbsp;<\/p>\n<blockquote>\n<h3>IL RITORNO DI BUDEL A PUNTA PENIA\u00a0 e SORARUF AL CASTIGLIONI<\/h3>\n<\/blockquote>\n<p><em><a class=\"dt-pswp-item\" href=\"https:\/\/www.radiopiu.net\/wordpress\/wp-content\/uploads\/2023\/05\/Senza-nome-68.jpg\" data-dt-img-description=\"\" data-large_image_width=\"368\" data-large_image_height=\"410\"><img loading=\"lazy\" decoding=\"async\" class=\"wp-image-337218 alignleft\" src=\"https:\/\/www.radiopiu.net\/wordpress\/wp-content\/uploads\/2023\/05\/Senza-nome-68-269x300.jpg\" alt=\"\" width=\"164\" height=\"183\" srcset=\"https:\/\/www.radiopiu.net\/wordpress\/wp-content\/uploads\/2023\/05\/Senza-nome-68-269x300.jpg 269w, https:\/\/www.radiopiu.net\/wordpress\/wp-content\/uploads\/2023\/05\/Senza-nome-68.jpg 368w\" sizes=\"auto, (max-width: 164px) 100vw, 164px\" \/><\/a>alla ricerca dell&#8217;accesso al rifugio con motosega,\u00a0 piccone e la pala<\/em><\/p>\n<p><strong>ROCCA PIETORE<\/strong> Nevicate tardive rendono difficile l&#8217;accesso ai rifugi in alta quota sulle Dolomiti. Gli operatori del rifugio Castiglioni di Passo Fedaia e della Capanna di Punta Penia hanno dovuto scavare per trovare l&#8217;ingresso dei loro rifugi, coperti dalla neve. Nonostante le difficolt\u00e0, sperano di aprire i rifugi all&#8217;inizio di giugno. Questa primavera ha registrato una grande quantit\u00e0 di neve, insolita per il periodo. Le previsioni meteo indicano ancora precipitazioni, sia pioggia che neve oltre i 2700 metri di quota, ma il tempo dovrebbe migliorare nei prossimi giorni. Nel fine settimana si prevedono ampi tratti soleggiati.<\/p>\n<p><em>\u00abSiccome nei prossimi giorni far\u00e0 bello e le temperature si alzeranno, la nostra intenzione \u00e8 di aprire il rifugio per i primi giorni di giugno\u00bb, <\/em>anticipano Soraruf e Budel.<\/p>\n<p>&nbsp;<\/p>\n<hr \/>\n<p>&nbsp;<\/p>\n<blockquote>\n<h3>IL GRUPPO ANA FALCADE AL SERVIZIO DELLA COMUNITA&#8217;. SFALCIATO IL PRATO DELLA SCUOLA DELL&#8217;INFANZIA<\/h3>\n<\/blockquote>\n<p><strong>FALCADE<\/strong> Venerd\u00ec scorso il Gruppo ANA Falcade \u00e8 intervenuto per sfalciare il prato alla scuola dell&#8217;infanzia su richiesta del Sindaco Mauro Salvaterra per la carenza di organico<\/p>\n\n\t\t\t<style type='text\/css'>\n\t\t\t\t#gallery-2 {\n\t\t\t\t\tmargin: auto;\n\t\t\t\t}\n\t\t\t\t#gallery-2 .gallery-item {\n\t\t\t\t\tfloat: left;\n\t\t\t\t\tmargin-top: 10px;\n\t\t\t\t\ttext-align: center;\n\t\t\t\t\twidth: 100%;\n\t\t\t\t}\n\t\t\t\t#gallery-2 img {\n\t\t\t\t\tborder: 2px solid #cfcfcf;\n\t\t\t\t}\n\t\t\t\t#gallery-2 .gallery-caption {\n\t\t\t\t\tmargin-left: 0;\n\t\t\t\t}\n\t\t\t\t\/* see gallery_shortcode() in wp-includes\/media.php *\/\n\t\t\t<\/style>\n\t\t<div id='gallery-2' class='dt-gallery-container gallery galleryid-337087 gallery-columns-1 gallery-size-medium'><dl class='gallery-item'>\n\t\t\t\t<dt class='gallery-icon landscape'>\n\t\t\t\t\t<a class=\"rollover rollover-zoom dt-pswp-item\" title=\"47d5514d-3afe-4b36-a0d5-185183599b4b\" data-dt-img-description=\"\" data-large_image_width=\"1600\" data-large_image_height=\"1200\"href='https:\/\/www.radiopiu.net\/wordpress\/wp-content\/uploads\/2023\/05\/47d5514d-3afe-4b36-a0d5-185183599b4b.jpg'><img loading=\"lazy\" decoding=\"async\" width=\"300\" height=\"225\" src=\"https:\/\/www.radiopiu.net\/wordpress\/wp-content\/uploads\/2023\/05\/47d5514d-3afe-4b36-a0d5-185183599b4b-300x225.jpg\" class=\"attachment-medium size-medium\" alt=\"\" srcset=\"https:\/\/www.radiopiu.net\/wordpress\/wp-content\/uploads\/2023\/05\/47d5514d-3afe-4b36-a0d5-185183599b4b-300x225.jpg 300w, https:\/\/www.radiopiu.net\/wordpress\/wp-content\/uploads\/2023\/05\/47d5514d-3afe-4b36-a0d5-185183599b4b-1024x768.jpg 1024w, https:\/\/www.radiopiu.net\/wordpress\/wp-content\/uploads\/2023\/05\/47d5514d-3afe-4b36-a0d5-185183599b4b-768x576.jpg 768w, https:\/\/www.radiopiu.net\/wordpress\/wp-content\/uploads\/2023\/05\/47d5514d-3afe-4b36-a0d5-185183599b4b-1536x1152.jpg 1536w, https:\/\/www.radiopiu.net\/wordpress\/wp-content\/uploads\/2023\/05\/47d5514d-3afe-4b36-a0d5-185183599b4b.jpg 1600w\" sizes=\"auto, (max-width: 300px) 100vw, 300px\" \/><\/a>\n\t\t\t\t<\/dt><\/dl><br style=\"clear: both\" \/>\n\t\t\t<\/div>\n\n<p>&nbsp;<\/p>\n<hr \/>\n<p>&nbsp;<\/p>\n<blockquote>\n<h3><\/h3>\n<h3>SEMI CHE GERMOGLIANO &#8220;GRAZIE A DON GINO DEL FAVERO&#8221;<\/h3>\n<\/blockquote>\n<p><strong>DI GIANNI SANTOMASO\u00a0<\/strong><\/p>\n<audio class=\"wp-audio-shortcode\" id=\"audio-337087-7\" preload=\"none\" style=\"width: 100%;\" controls=\"controls\"><source type=\"audio\/mpeg\" src=\"https:\/\/www.radiopiu.net\/wordpress\/wp-content\/uploads\/2023\/05\/GIANNI-VITO.mp3?_=7\" \/><a href=\"https:\/\/www.radiopiu.net\/wordpress\/wp-content\/uploads\/2023\/05\/GIANNI-VITO.mp3\">https:\/\/www.radiopiu.net\/wordpress\/wp-content\/uploads\/2023\/05\/GIANNI-VITO.mp3<\/a><\/audio>\n<p>&nbsp;<\/p>\n<div class=\"flex-1 overflow-hidden\">\n<div class=\"react-scroll-to-bottom--css-zskzn-79elbk h-full dark:bg-gray-800\">\n<div class=\"react-scroll-to-bottom--css-zskzn-1n7m0yu\">\n<div class=\"flex flex-col text-sm dark:bg-gray-800\">\n<div class=\"group w-full text-gray-800 dark:text-gray-100 border-b border-black\/10 dark:border-gray-900\/50 bg-gray-50 dark:bg-[#444654]\">\n<div class=\"flex p-4 gap-4 text-base md:gap-6 md:max-w-2xl lg:max-w-xl xl:max-w-3xl md:py-6 lg:px-0 m-auto\">\n<div class=\"relative flex w-[calc(100%-50px)] flex-col gap-1 md:gap-3 lg:w-[calc(100%-115px)]\">\n<div class=\"flex justify-between lg:block\">\n<div class=\"text-gray-400 flex self-end lg:self-center justify-center mt-2 gap-2 md:gap-3 lg:gap-1 lg:absolute lg:top-0 lg:translate-x-full lg:right-0 lg:mt-0 lg:pl-2 visible\">\n<p><strong><a class=\"dt-pswp-item\" href=\"https:\/\/www.radiopiu.net\/wordpress\/wp-content\/uploads\/2022\/05\/DON-VITO-DE-VIDO.jpg\" data-dt-img-description=\"\" data-large_image_width=\"550\" data-large_image_height=\"828\"><img loading=\"lazy\" decoding=\"async\" class=\" wp-image-275816 alignleft\" src=\"https:\/\/www.radiopiu.net\/wordpress\/wp-content\/uploads\/2022\/05\/DON-VITO-DE-VIDO-199x300.jpg\" alt=\"\" width=\"125\" height=\"188\" srcset=\"https:\/\/www.radiopiu.net\/wordpress\/wp-content\/uploads\/2022\/05\/DON-VITO-DE-VIDO-199x300.jpg 199w, https:\/\/www.radiopiu.net\/wordpress\/wp-content\/uploads\/2022\/05\/DON-VITO-DE-VIDO.jpg 550w\" sizes=\"auto, (max-width: 125px) 100vw, 125px\" \/><\/a>CANALE D&#8217;AGORDO<\/strong> Ieri, le comunit\u00e0 di Canale d&#8217;Agordo e Vallada ha celebrato e festeggiato il 25\u00ba anniversario di ordinazione sacerdotale di Don Vito De Vido.<\/p>\n<div class=\"flex-1 overflow-hidden\">\n<div class=\"react-scroll-to-bottom--css-zskzn-79elbk h-full dark:bg-gray-800\">\n<div class=\"react-scroll-to-bottom--css-zskzn-1n7m0yu\">\n<div class=\"flex flex-col text-sm dark:bg-gray-800\">\n<div class=\"group w-full text-gray-800 dark:text-gray-100 border-b border-black\/10 dark:border-gray-900\/50 bg-gray-50 dark:bg-[#444654]\">\n<div class=\"flex p-4 gap-4 text-base md:gap-6 md:max-w-2xl lg:max-w-xl xl:max-w-3xl md:py-6 lg:px-0 m-auto\">\n<div class=\"relative flex w-[calc(100%-50px)] flex-col gap-1 md:gap-3 lg:w-[calc(100%-115px)]\">\n<div class=\"flex flex-grow flex-col gap-3\">\n<div class=\"min-h-[20px] flex flex-col items-start gap-4 whitespace-pre-wrap break-words\">\n<div class=\"markdown prose w-full break-words dark:prose-invert light\">\n<blockquote><p><em>Il 25\u00ba anniversario di ordinazione sacerdotale di Don Vito De Vido \u00e8 un momento di grande importanza per la comunit\u00e0 di Canale d&#8217;Agordo. \u00c8 un&#8217;opportunit\u00e0 per riconoscere e celebrare il dono del suo ministero sacerdotale e per esprimere gratitudine per il suo servizio instancabile. La messa di oggi rappresenter\u00e0 un capitolo significativo <\/em><em>nella vita spirituale di Don Vito e rimarr\u00e0 un ricordo prezioso per la comunit\u00e0 per molti anni a venire.\u00a0<\/em><\/p>\n<p>&nbsp;<\/p>\n<p>&nbsp;<\/p>\n\n\t\t\t<style type='text\/css'>\n\t\t\t\t#gallery-3 {\n\t\t\t\t\tmargin: auto;\n\t\t\t\t}\n\t\t\t\t#gallery-3 .gallery-item {\n\t\t\t\t\tfloat: left;\n\t\t\t\t\tmargin-top: 10px;\n\t\t\t\t\ttext-align: center;\n\t\t\t\t\twidth: 25%;\n\t\t\t\t}\n\t\t\t\t#gallery-3 img {\n\t\t\t\t\tborder: 2px solid #cfcfcf;\n\t\t\t\t}\n\t\t\t\t#gallery-3 .gallery-caption {\n\t\t\t\t\tmargin-left: 0;\n\t\t\t\t}\n\t\t\t\t\/* see gallery_shortcode() in wp-includes\/media.php *\/\n\t\t\t<\/style>\n\t\t<div id='gallery-3' class='dt-gallery-container gallery galleryid-337087 gallery-columns-4 gallery-size-thumbnail'><dl class='gallery-item'>\n\t\t\t\t<dt class='gallery-icon portrait'>\n\t\t\t\t\t<a class=\"rollover rollover-zoom dt-pswp-item\" title=\"6d131d92-9b30-4884-9f33-27c2a925ca2f\" data-dt-img-description=\"\" data-large_image_width=\"1200\" data-large_image_height=\"1600\"href='https:\/\/www.radiopiu.net\/wordpress\/wp-content\/uploads\/2023\/05\/6d131d92-9b30-4884-9f33-27c2a925ca2f.jpg'><img loading=\"lazy\" decoding=\"async\" width=\"150\" height=\"150\" src=\"https:\/\/www.radiopiu.net\/wordpress\/wp-content\/uploads\/2023\/05\/6d131d92-9b30-4884-9f33-27c2a925ca2f-150x150.jpg\" class=\"attachment-thumbnail size-thumbnail\" alt=\"\" \/><\/a>\n\t\t\t\t<\/dt><\/dl><dl class='gallery-item'>\n\t\t\t\t<dt class='gallery-icon portrait'>\n\t\t\t\t\t<a class=\"rollover rollover-zoom dt-pswp-item\" title=\"a87e82d3-5628-4dd4-badc-7acf08266b00\" data-dt-img-description=\"\" data-large_image_width=\"1200\" data-large_image_height=\"1600\"href='https:\/\/www.radiopiu.net\/wordpress\/wp-content\/uploads\/2023\/05\/a87e82d3-5628-4dd4-badc-7acf08266b00.jpg'><img loading=\"lazy\" decoding=\"async\" width=\"150\" height=\"150\" src=\"https:\/\/www.radiopiu.net\/wordpress\/wp-content\/uploads\/2023\/05\/a87e82d3-5628-4dd4-badc-7acf08266b00-150x150.jpg\" class=\"attachment-thumbnail size-thumbnail\" alt=\"\" \/><\/a>\n\t\t\t\t<\/dt><\/dl><dl class='gallery-item'>\n\t\t\t\t<dt class='gallery-icon portrait'>\n\t\t\t\t\t<a class=\"rollover rollover-zoom dt-pswp-item\" title=\"e94eec20-3ec2-49ee-8c1d-562a3f928281\" data-dt-img-description=\"\" data-large_image_width=\"1200\" data-large_image_height=\"1600\"href='https:\/\/www.radiopiu.net\/wordpress\/wp-content\/uploads\/2023\/05\/e94eec20-3ec2-49ee-8c1d-562a3f928281.jpg'><img loading=\"lazy\" decoding=\"async\" width=\"150\" height=\"150\" src=\"https:\/\/www.radiopiu.net\/wordpress\/wp-content\/uploads\/2023\/05\/e94eec20-3ec2-49ee-8c1d-562a3f928281-150x150.jpg\" class=\"attachment-thumbnail size-thumbnail\" alt=\"\" \/><\/a>\n\t\t\t\t<\/dt><\/dl><dl class='gallery-item'>\n\t\t\t\t<dt class='gallery-icon portrait'>\n\t\t\t\t\t<a class=\"rollover rollover-zoom dt-pswp-item\" title=\"0904526e-03db-4545-a06e-e74c46f3fa58\" data-dt-img-description=\"\" data-large_image_width=\"1200\" data-large_image_height=\"1600\"href='https:\/\/www.radiopiu.net\/wordpress\/wp-content\/uploads\/2023\/05\/0904526e-03db-4545-a06e-e74c46f3fa58.jpg'><img loading=\"lazy\" decoding=\"async\" width=\"150\" height=\"150\" src=\"https:\/\/www.radiopiu.net\/wordpress\/wp-content\/uploads\/2023\/05\/0904526e-03db-4545-a06e-e74c46f3fa58-150x150.jpg\" class=\"attachment-thumbnail size-thumbnail\" alt=\"\" \/><\/a>\n\t\t\t\t<\/dt><\/dl><br style=\"clear: both\" \/>\n\t\t\t<\/div>\n<\/blockquote>\n<\/div>\n<\/div>\n<\/div>\n<\/div>\n<\/div>\n<\/div>\n<\/div>\n<\/div>\n<\/div>\n<\/div>\n<div class=\"flex gap-1\">\n<h3>DIRETTA DA CANALE D&#8217;AGORDO: AUGURI DON VITO, 25 ANNI DI SACERDOZIO<\/h3>\n<\/div>\n<div><\/div>\n<\/div>\n<\/div>\n<\/div>\n<\/div>\n<\/div>\n<div class=\"h-32 md:h-48 flex-shrink-0\">\n<p><a href=\"https:\/\/www.facebook.com\/parrocchiecanalevallada\/videos\/1707904172963246\">https:\/\/www.facebook.com\/parrocchiecanalevallada\/videos\/1707904172963246<\/a><\/p>\n<\/div>\n<\/div>\n<p>&nbsp;<\/p>\n<\/div>\n<\/div>\n<\/div>\n<p>&nbsp;<\/p>\n<p>&nbsp;<\/p>\n<hr \/>\n<p>&nbsp;<\/p>\n<blockquote>\n<h3>UNA GIORNATA DI FESTA PER L&#8217;ASSOCIAZIONE CULTURALE PALUE<\/h3>\n<\/blockquote>\n<p><strong>ROCCA PIETORE<\/strong> Domenica scorsa gli amici dell\u2019Associazione Culturale Palue si sono ritrovati nella barchessa del Castello dei da Peraga (PD), gentilmente concessa dal Comune di Vigonza, per un momento conviviale di festa in attesa della stagione estiva al villaggio di Palue a Rocca Pietore. L\u2019associazione che opera in questo borgo montano, nel cuore delle Dolomiti Bellunesi ha presentato il programma estivo. Tra le novit\u00e0 di quest\u2019anno: 800 anni di presepi con esposizione di presepi a cura del maestro presepista Alfonso Pozzobon. \u201cVaia Viaggio in un inconsapevole disastro\u201d stampe in b\/n dei luoghi dove \u00e8 avvenuto il disastro a cura del grande fotografo Manuel Cicchetti e dello scrittore Angelo Miotto. Giardini Alpini Didattici progettati dal garden designer Francesco Pistollato con la collaborazione del noto botanico Cesare Lasen che creer\u00e0 una suggestiva cornice al borgo. Un innovativo giardino alpino, diffuso nel borgo e diviso secondo gli habitat tipici dolomitici con piante e materiali rigorosamente locali. Un progetto non solo botanico, ma esperienziale per conoscere meglio la natura che ci circonda e poterla ancora di pi\u00f9 apprezzare e rispettare.<\/p>\n\n\t\t\t<style type='text\/css'>\n\t\t\t\t#gallery-4 {\n\t\t\t\t\tmargin: auto;\n\t\t\t\t}\n\t\t\t\t#gallery-4 .gallery-item {\n\t\t\t\t\tfloat: left;\n\t\t\t\t\tmargin-top: 10px;\n\t\t\t\t\ttext-align: center;\n\t\t\t\t\twidth: 16%;\n\t\t\t\t}\n\t\t\t\t#gallery-4 img {\n\t\t\t\t\tborder: 2px solid #cfcfcf;\n\t\t\t\t}\n\t\t\t\t#gallery-4 .gallery-caption {\n\t\t\t\t\tmargin-left: 0;\n\t\t\t\t}\n\t\t\t\t\/* see gallery_shortcode() in wp-includes\/media.php *\/\n\t\t\t<\/style>\n\t\t<div id='gallery-4' class='dt-gallery-container gallery galleryid-337087 gallery-columns-6 gallery-size-thumbnail'><dl class='gallery-item'>\n\t\t\t\t<dt class='gallery-icon landscape'>\n\t\t\t\t\t<a class=\"rollover rollover-zoom dt-pswp-item\" title=\"b34aa95f-7547-4e29-878f-e2f66494e010\" data-dt-img-description=\"\" data-large_image_width=\"1024\" data-large_image_height=\"577\"href='https:\/\/www.radiopiu.net\/wordpress\/wp-content\/uploads\/2023\/05\/b34aa95f-7547-4e29-878f-e2f66494e010.jpg'><img loading=\"lazy\" decoding=\"async\" width=\"150\" height=\"150\" src=\"https:\/\/www.radiopiu.net\/wordpress\/wp-content\/uploads\/2023\/05\/b34aa95f-7547-4e29-878f-e2f66494e010-150x150.jpg\" class=\"attachment-thumbnail size-thumbnail\" alt=\"\" \/><\/a>\n\t\t\t\t<\/dt><\/dl><dl class='gallery-item'>\n\t\t\t\t<dt class='gallery-icon landscape'>\n\t\t\t\t\t<a class=\"rollover rollover-zoom dt-pswp-item\" title=\"3efd1531-f106-4828-9d72-b818c2d7d584\" data-dt-img-description=\"\" data-large_image_width=\"1024\" data-large_image_height=\"577\"href='https:\/\/www.radiopiu.net\/wordpress\/wp-content\/uploads\/2023\/05\/3efd1531-f106-4828-9d72-b818c2d7d584.jpg'><img loading=\"lazy\" decoding=\"async\" width=\"150\" height=\"150\" src=\"https:\/\/www.radiopiu.net\/wordpress\/wp-content\/uploads\/2023\/05\/3efd1531-f106-4828-9d72-b818c2d7d584-150x150.jpg\" class=\"attachment-thumbnail size-thumbnail\" alt=\"\" \/><\/a>\n\t\t\t\t<\/dt><\/dl><dl class='gallery-item'>\n\t\t\t\t<dt class='gallery-icon landscape'>\n\t\t\t\t\t<a class=\"rollover rollover-zoom dt-pswp-item\" title=\"696cbb50-0717-4ce4-85c1-f4478bad02b2\" data-dt-img-description=\"\" data-large_image_width=\"1024\" data-large_image_height=\"577\"href='https:\/\/www.radiopiu.net\/wordpress\/wp-content\/uploads\/2023\/05\/696cbb50-0717-4ce4-85c1-f4478bad02b2.jpg'><img loading=\"lazy\" decoding=\"async\" width=\"150\" height=\"150\" src=\"https:\/\/www.radiopiu.net\/wordpress\/wp-content\/uploads\/2023\/05\/696cbb50-0717-4ce4-85c1-f4478bad02b2-150x150.jpg\" class=\"attachment-thumbnail size-thumbnail\" alt=\"\" \/><\/a>\n\t\t\t\t<\/dt><\/dl><dl class='gallery-item'>\n\t\t\t\t<dt class='gallery-icon landscape'>\n\t\t\t\t\t<a class=\"rollover rollover-zoom dt-pswp-item\" title=\"005382c3-0eeb-4238-b9a2-3ebde90244e8\" data-dt-img-description=\"\" data-large_image_width=\"1024\" data-large_image_height=\"577\"href='https:\/\/www.radiopiu.net\/wordpress\/wp-content\/uploads\/2023\/05\/005382c3-0eeb-4238-b9a2-3ebde90244e8.jpg'><img loading=\"lazy\" decoding=\"async\" width=\"150\" height=\"150\" src=\"https:\/\/www.radiopiu.net\/wordpress\/wp-content\/uploads\/2023\/05\/005382c3-0eeb-4238-b9a2-3ebde90244e8-150x150.jpg\" class=\"attachment-thumbnail size-thumbnail\" alt=\"\" \/><\/a>\n\t\t\t\t<\/dt><\/dl><dl class='gallery-item'>\n\t\t\t\t<dt class='gallery-icon landscape'>\n\t\t\t\t\t<a class=\"rollover rollover-zoom dt-pswp-item\" title=\"55d45734-5469-4aab-98bc-c92f24be6912\" data-dt-img-description=\"\" data-large_image_width=\"1024\" data-large_image_height=\"577\"href='https:\/\/www.radiopiu.net\/wordpress\/wp-content\/uploads\/2023\/05\/55d45734-5469-4aab-98bc-c92f24be6912.jpg'><img loading=\"lazy\" decoding=\"async\" width=\"150\" height=\"150\" src=\"https:\/\/www.radiopiu.net\/wordpress\/wp-content\/uploads\/2023\/05\/55d45734-5469-4aab-98bc-c92f24be6912-150x150.jpg\" class=\"attachment-thumbnail size-thumbnail\" alt=\"\" \/><\/a>\n\t\t\t\t<\/dt><\/dl><dl class='gallery-item'>\n\t\t\t\t<dt class='gallery-icon landscape'>\n\t\t\t\t\t<a class=\"rollover rollover-zoom dt-pswp-item\" title=\"7b51b0fc-8488-4347-9e3f-821749283d6b\" data-dt-img-description=\"\" data-large_image_width=\"1024\" data-large_image_height=\"577\"href='https:\/\/www.radiopiu.net\/wordpress\/wp-content\/uploads\/2023\/05\/7b51b0fc-8488-4347-9e3f-821749283d6b.jpg'><img loading=\"lazy\" decoding=\"async\" width=\"150\" height=\"150\" src=\"https:\/\/www.radiopiu.net\/wordpress\/wp-content\/uploads\/2023\/05\/7b51b0fc-8488-4347-9e3f-821749283d6b-150x150.jpg\" class=\"attachment-thumbnail size-thumbnail\" alt=\"\" \/><\/a>\n\t\t\t\t<\/dt><\/dl><br style=\"clear: both\" \/><dl class='gallery-item'>\n\t\t\t\t<dt class='gallery-icon landscape'>\n\t\t\t\t\t<a class=\"rollover rollover-zoom dt-pswp-item\" title=\"eeb4e14e-ab34-4841-86ba-ce5f336f0c34\" data-dt-img-description=\"\" data-large_image_width=\"1024\" data-large_image_height=\"577\"href='https:\/\/www.radiopiu.net\/wordpress\/wp-content\/uploads\/2023\/05\/eeb4e14e-ab34-4841-86ba-ce5f336f0c34.jpg'><img loading=\"lazy\" decoding=\"async\" width=\"150\" height=\"150\" src=\"https:\/\/www.radiopiu.net\/wordpress\/wp-content\/uploads\/2023\/05\/eeb4e14e-ab34-4841-86ba-ce5f336f0c34-150x150.jpg\" class=\"attachment-thumbnail size-thumbnail\" alt=\"\" \/><\/a>\n\t\t\t\t<\/dt><\/dl><dl class='gallery-item'>\n\t\t\t\t<dt class='gallery-icon landscape'>\n\t\t\t\t\t<a class=\"rollover rollover-zoom dt-pswp-item\" title=\"06446c6f-5e1c-411c-a696-86e463a8990c\" data-dt-img-description=\"\" data-large_image_width=\"1024\" data-large_image_height=\"577\"href='https:\/\/www.radiopiu.net\/wordpress\/wp-content\/uploads\/2023\/05\/06446c6f-5e1c-411c-a696-86e463a8990c.jpg'><img loading=\"lazy\" decoding=\"async\" width=\"150\" height=\"150\" src=\"https:\/\/www.radiopiu.net\/wordpress\/wp-content\/uploads\/2023\/05\/06446c6f-5e1c-411c-a696-86e463a8990c-150x150.jpg\" class=\"attachment-thumbnail size-thumbnail\" alt=\"\" \/><\/a>\n\t\t\t\t<\/dt><\/dl><dl class='gallery-item'>\n\t\t\t\t<dt class='gallery-icon landscape'>\n\t\t\t\t\t<a class=\"rollover rollover-zoom dt-pswp-item\" title=\"d48e58b5-63dd-4725-992e-f3f152ab2873\" data-dt-img-description=\"\" data-large_image_width=\"1024\" data-large_image_height=\"577\"href='https:\/\/www.radiopiu.net\/wordpress\/wp-content\/uploads\/2023\/05\/d48e58b5-63dd-4725-992e-f3f152ab2873.jpg'><img loading=\"lazy\" decoding=\"async\" width=\"150\" height=\"150\" src=\"https:\/\/www.radiopiu.net\/wordpress\/wp-content\/uploads\/2023\/05\/d48e58b5-63dd-4725-992e-f3f152ab2873-150x150.jpg\" class=\"attachment-thumbnail size-thumbnail\" alt=\"\" \/><\/a>\n\t\t\t\t<\/dt><\/dl><dl class='gallery-item'>\n\t\t\t\t<dt class='gallery-icon landscape'>\n\t\t\t\t\t<a class=\"rollover rollover-zoom dt-pswp-item\" title=\"5155a41b-d446-46a7-b5aa-388065344cc6\" data-dt-img-description=\"\" data-large_image_width=\"1024\" data-large_image_height=\"577\"href='https:\/\/www.radiopiu.net\/wordpress\/wp-content\/uploads\/2023\/05\/5155a41b-d446-46a7-b5aa-388065344cc6.jpg'><img loading=\"lazy\" decoding=\"async\" width=\"150\" height=\"150\" src=\"https:\/\/www.radiopiu.net\/wordpress\/wp-content\/uploads\/2023\/05\/5155a41b-d446-46a7-b5aa-388065344cc6-150x150.jpg\" class=\"attachment-thumbnail size-thumbnail\" alt=\"\" \/><\/a>\n\t\t\t\t<\/dt><\/dl><dl class='gallery-item'>\n\t\t\t\t<dt class='gallery-icon landscape'>\n\t\t\t\t\t<a class=\"rollover rollover-zoom dt-pswp-item\" title=\"485004da-1439-4969-8a88-1814773fe2af\" data-dt-img-description=\"\" data-large_image_width=\"1024\" data-large_image_height=\"577\"href='https:\/\/www.radiopiu.net\/wordpress\/wp-content\/uploads\/2023\/05\/485004da-1439-4969-8a88-1814773fe2af.jpg'><img loading=\"lazy\" decoding=\"async\" width=\"150\" height=\"150\" src=\"https:\/\/www.radiopiu.net\/wordpress\/wp-content\/uploads\/2023\/05\/485004da-1439-4969-8a88-1814773fe2af-150x150.jpg\" class=\"attachment-thumbnail size-thumbnail\" alt=\"\" \/><\/a>\n\t\t\t\t<\/dt><\/dl><dl class='gallery-item'>\n\t\t\t\t<dt class='gallery-icon landscape'>\n\t\t\t\t\t<a class=\"rollover rollover-zoom dt-pswp-item\" title=\"e81c68da-2262-49c7-a83c-7749c8db5d83\" data-dt-img-description=\"\" data-large_image_width=\"1024\" data-large_image_height=\"768\"href='https:\/\/www.radiopiu.net\/wordpress\/wp-content\/uploads\/2023\/05\/e81c68da-2262-49c7-a83c-7749c8db5d83.jpg'><img loading=\"lazy\" decoding=\"async\" width=\"150\" height=\"150\" src=\"https:\/\/www.radiopiu.net\/wordpress\/wp-content\/uploads\/2023\/05\/e81c68da-2262-49c7-a83c-7749c8db5d83-150x150.jpg\" class=\"attachment-thumbnail size-thumbnail\" alt=\"\" \/><\/a>\n\t\t\t\t<\/dt><\/dl><br style=\"clear: both\" \/><dl class='gallery-item'>\n\t\t\t\t<dt class='gallery-icon landscape'>\n\t\t\t\t\t<a class=\"rollover rollover-zoom dt-pswp-item\" title=\"cfd97053-3447-46de-9a6a-2f0988679457\" data-dt-img-description=\"\" data-large_image_width=\"1024\" data-large_image_height=\"768\"href='https:\/\/www.radiopiu.net\/wordpress\/wp-content\/uploads\/2023\/05\/cfd97053-3447-46de-9a6a-2f0988679457.jpg'><img loading=\"lazy\" decoding=\"async\" width=\"150\" height=\"150\" src=\"https:\/\/www.radiopiu.net\/wordpress\/wp-content\/uploads\/2023\/05\/cfd97053-3447-46de-9a6a-2f0988679457-150x150.jpg\" class=\"attachment-thumbnail size-thumbnail\" alt=\"\" \/><\/a>\n\t\t\t\t<\/dt><\/dl><dl class='gallery-item'>\n\t\t\t\t<dt class='gallery-icon landscape'>\n\t\t\t\t\t<a class=\"rollover rollover-zoom dt-pswp-item\" title=\"f5d42fb7-5bce-4088-b987-c614361c26b2\" data-dt-img-description=\"\" data-large_image_width=\"1024\" data-large_image_height=\"768\"href='https:\/\/www.radiopiu.net\/wordpress\/wp-content\/uploads\/2023\/05\/f5d42fb7-5bce-4088-b987-c614361c26b2.jpg'><img loading=\"lazy\" decoding=\"async\" width=\"150\" height=\"150\" src=\"https:\/\/www.radiopiu.net\/wordpress\/wp-content\/uploads\/2023\/05\/f5d42fb7-5bce-4088-b987-c614361c26b2-150x150.jpg\" class=\"attachment-thumbnail size-thumbnail\" alt=\"\" \/><\/a>\n\t\t\t\t<\/dt><\/dl><dl class='gallery-item'>\n\t\t\t\t<dt class='gallery-icon landscape'>\n\t\t\t\t\t<a class=\"rollover rollover-zoom dt-pswp-item\" title=\"1c4b7c30-1545-472c-99ad-28486916eba7\" data-dt-img-description=\"\" data-large_image_width=\"1024\" data-large_image_height=\"768\"href='https:\/\/www.radiopiu.net\/wordpress\/wp-content\/uploads\/2023\/05\/1c4b7c30-1545-472c-99ad-28486916eba7.jpg'><img loading=\"lazy\" decoding=\"async\" width=\"150\" height=\"150\" src=\"https:\/\/www.radiopiu.net\/wordpress\/wp-content\/uploads\/2023\/05\/1c4b7c30-1545-472c-99ad-28486916eba7-150x150.jpg\" class=\"attachment-thumbnail size-thumbnail\" alt=\"\" \/><\/a>\n\t\t\t\t<\/dt><\/dl><dl class='gallery-item'>\n\t\t\t\t<dt class='gallery-icon landscape'>\n\t\t\t\t\t<a class=\"rollover rollover-zoom dt-pswp-item\" title=\"2096867d-ae5a-4c21-b896-cbdc56d19653\" data-dt-img-description=\"\" data-large_image_width=\"1024\" data-large_image_height=\"768\"href='https:\/\/www.radiopiu.net\/wordpress\/wp-content\/uploads\/2023\/05\/2096867d-ae5a-4c21-b896-cbdc56d19653.jpg'><img loading=\"lazy\" decoding=\"async\" width=\"150\" height=\"150\" src=\"https:\/\/www.radiopiu.net\/wordpress\/wp-content\/uploads\/2023\/05\/2096867d-ae5a-4c21-b896-cbdc56d19653-150x150.jpg\" class=\"attachment-thumbnail size-thumbnail\" alt=\"\" \/><\/a>\n\t\t\t\t<\/dt><\/dl><dl class='gallery-item'>\n\t\t\t\t<dt class='gallery-icon landscape'>\n\t\t\t\t\t<a class=\"rollover rollover-zoom dt-pswp-item\" title=\"fab7136c-d2ab-43f6-8aa4-b12f8eed2dc0\" data-dt-img-description=\"\" data-large_image_width=\"1023\" data-large_image_height=\"570\"href='https:\/\/www.radiopiu.net\/wordpress\/wp-content\/uploads\/2023\/05\/fab7136c-d2ab-43f6-8aa4-b12f8eed2dc0.jpg'><img loading=\"lazy\" decoding=\"async\" width=\"150\" height=\"150\" src=\"https:\/\/www.radiopiu.net\/wordpress\/wp-content\/uploads\/2023\/05\/fab7136c-d2ab-43f6-8aa4-b12f8eed2dc0-150x150.jpg\" class=\"attachment-thumbnail size-thumbnail\" alt=\"\" \/><\/a>\n\t\t\t\t<\/dt><\/dl><dl class='gallery-item'>\n\t\t\t\t<dt class='gallery-icon landscape'>\n\t\t\t\t\t<a class=\"rollover rollover-zoom dt-pswp-item\" title=\"030b6b14-2353-4c00-859a-f0623493aa19\" data-dt-img-description=\"\" data-large_image_width=\"1024\" data-large_image_height=\"768\"href='https:\/\/www.radiopiu.net\/wordpress\/wp-content\/uploads\/2023\/05\/030b6b14-2353-4c00-859a-f0623493aa19.jpg'><img loading=\"lazy\" decoding=\"async\" width=\"150\" height=\"150\" src=\"https:\/\/www.radiopiu.net\/wordpress\/wp-content\/uploads\/2023\/05\/030b6b14-2353-4c00-859a-f0623493aa19-150x150.jpg\" class=\"attachment-thumbnail size-thumbnail\" alt=\"\" \/><\/a>\n\t\t\t\t<\/dt><\/dl><br style=\"clear: both\" \/>\n\t\t\t<\/div>\n\n<p>&nbsp;<\/p>\n<hr \/>\n<p>&nbsp;<\/p>\n<blockquote>\n<h3>CONCORSO MUSICALE CITTA&#8217; DI BELLUNO E CONCORSO INTERNAZIONALE DI CANTO LIRICO: I VINCITORI<\/h3>\n<\/blockquote>\n<p><strong>BELLUNO<\/strong>\u00a0 L&#8217;associazione Gocce di Sole ha annunciato i nomi dei vincitori del concorso interanazionel musicale citt\u00e0 di Belluno, scelti tra i dieci finalisti: il primo premio \u00e8 andato a <strong>Margherita Spicci<\/strong> (arpista, 14 anni di Padova), allieva del Conservatorio \u201cCesare Pollini\u201d di Padova; il secondo a <strong>Maximilan Cotov<\/strong> (pianista, 9 anni di Padova), allievo del Conservatorio \u201cBenedetto Marcello\u201d di Venezia; il terzo a <strong>Lucia Amneris Rossi<\/strong> (violinista, 17 anni di Vicenza), allieva del Conservatorio \u201cArrigo Pedrollo\u201d di Vicenza.L&#8217;Associazione Chromatica di Zero Branco ha invece offerto al <b>Trio Mirage<\/b> (composto da flauto, violoncello e arpa), allieve del conservatorio di Reggio Emilia, un concerto premio in occasione della rassegna concertistica &#8220;Marzo in Musica 2024&#8221;.<\/p>\n\n\t\t\t<style type='text\/css'>\n\t\t\t\t#gallery-5 {\n\t\t\t\t\tmargin: auto;\n\t\t\t\t}\n\t\t\t\t#gallery-5 .gallery-item {\n\t\t\t\t\tfloat: left;\n\t\t\t\t\tmargin-top: 10px;\n\t\t\t\t\ttext-align: center;\n\t\t\t\t\twidth: 33%;\n\t\t\t\t}\n\t\t\t\t#gallery-5 img {\n\t\t\t\t\tborder: 2px solid #cfcfcf;\n\t\t\t\t}\n\t\t\t\t#gallery-5 .gallery-caption {\n\t\t\t\t\tmargin-left: 0;\n\t\t\t\t}\n\t\t\t\t\/* see gallery_shortcode() in wp-includes\/media.php *\/\n\t\t\t<\/style>\n\t\t<div id='gallery-5' class='dt-gallery-container gallery galleryid-337087 gallery-columns-3 gallery-size-thumbnail'><dl class='gallery-item'>\n\t\t\t\t<dt class='gallery-icon landscape'>\n\t\t\t\t\t<a class=\"rollover rollover-zoom dt-pswp-item\" title=\"ConcorsoCitt\u00e0Belluno_1\" data-dt-img-description=\"\" data-large_image_width=\"2480\" data-large_image_height=\"1395\"href='https:\/\/www.radiopiu.net\/wordpress\/wp-content\/uploads\/2023\/05\/ConcorsoCittaBelluno_1.jpg'><img loading=\"lazy\" decoding=\"async\" width=\"150\" height=\"150\" src=\"https:\/\/www.radiopiu.net\/wordpress\/wp-content\/uploads\/2023\/05\/ConcorsoCittaBelluno_1-150x150.jpg\" class=\"attachment-thumbnail size-thumbnail\" alt=\"\" \/><\/a>\n\t\t\t\t<\/dt><\/dl><dl class='gallery-item'>\n\t\t\t\t<dt class='gallery-icon landscape'>\n\t\t\t\t\t<a class=\"rollover rollover-zoom dt-pswp-item\" title=\"ConcorsoCitt\u00e0Belluno_2\" data-dt-img-description=\"\" data-large_image_width=\"2480\" data-large_image_height=\"1395\"href='https:\/\/www.radiopiu.net\/wordpress\/wp-content\/uploads\/2023\/05\/ConcorsoCittaBelluno_2.jpg'><img loading=\"lazy\" decoding=\"async\" width=\"150\" height=\"150\" src=\"https:\/\/www.radiopiu.net\/wordpress\/wp-content\/uploads\/2023\/05\/ConcorsoCittaBelluno_2-150x150.jpg\" class=\"attachment-thumbnail size-thumbnail\" alt=\"\" \/><\/a>\n\t\t\t\t<\/dt><\/dl><dl class='gallery-item'>\n\t\t\t\t<dt class='gallery-icon landscape'>\n\t\t\t\t\t<a class=\"rollover rollover-zoom dt-pswp-item\" title=\"ConcorsoCitt\u00e0Belluno_3\" data-dt-img-description=\"\" data-large_image_width=\"1600\" data-large_image_height=\"1066\"href='https:\/\/www.radiopiu.net\/wordpress\/wp-content\/uploads\/2023\/05\/ConcorsoCittaBelluno_3.jpeg'><img loading=\"lazy\" decoding=\"async\" width=\"150\" height=\"150\" src=\"https:\/\/www.radiopiu.net\/wordpress\/wp-content\/uploads\/2023\/05\/ConcorsoCittaBelluno_3-150x150.jpeg\" class=\"attachment-thumbnail size-thumbnail\" alt=\"\" \/><\/a>\n\t\t\t\t<\/dt><\/dl><br style=\"clear: both\" \/>\n\t\t\t<\/div>\n\n<p>I vincitori del Concorso Internazionale di Canto Lirico sono stati <strong>Bawoo Kim<\/strong> (tenore dalla Sud Corea), <strong>Hyeonsol Park<\/strong> (mezzosoprano dalla Sud Corea) e <strong>Cecilia Guzman Sanchez<\/strong> (soprano spagnolo). Il <b>Premio Young Jury<\/b>, scelto da un gruppo di allievi del liceo Musicale \u201cGiustina Renier\u201d di Belluno, \u00e8 andato al pianista <b>Martin Rizov<\/b> (22 anni, dalla Macedonia, allievo del Conservatorio \u201cGiuseppe Tartini\u201d di Trieste). Il M\u00b0 David Boldrini, Direttore dell&#8217;Italian Opera Florence, ha offerto a <b>Bawoo Kim<\/b> e <b>Hyeonsol Park<\/b> la partecipazione a due concerti che si terranno il 2 e 3 settembre a Firenze.<\/p>\n<p>&nbsp;<\/p>\n<hr \/>\n<p>&nbsp;<\/p>\n<blockquote>\n<h3>TUTTO PRONTO PER LA 18ESIMA EDIZIONE DELLA MARATONA DI LETTURA DI FELTRE, DEDICATA A NICCOLO&#8217; AMMANITI<\/h3>\n<\/blockquote>\n<p><strong><a class=\"dt-pswp-item\" href=\"https:\/\/www.radiopiu.net\/wordpress\/wp-content\/uploads\/2021\/11\/libri.jpg\" data-dt-img-description=\"\" data-large_image_width=\"1920\" data-large_image_height=\"1276\"><img loading=\"lazy\" decoding=\"async\" class=\" wp-image-242680 alignleft\" src=\"https:\/\/www.radiopiu.net\/wordpress\/wp-content\/uploads\/2021\/11\/libri-300x199.jpg\" alt=\"\" width=\"175\" height=\"116\" srcset=\"https:\/\/www.radiopiu.net\/wordpress\/wp-content\/uploads\/2021\/11\/libri-300x199.jpg 300w, https:\/\/www.radiopiu.net\/wordpress\/wp-content\/uploads\/2021\/11\/libri-1024x681.jpg 1024w, https:\/\/www.radiopiu.net\/wordpress\/wp-content\/uploads\/2021\/11\/libri-768x510.jpg 768w, https:\/\/www.radiopiu.net\/wordpress\/wp-content\/uploads\/2021\/11\/libri-1536x1021.jpg 1536w, https:\/\/www.radiopiu.net\/wordpress\/wp-content\/uploads\/2021\/11\/libri.jpg 1920w\" sizes=\"auto, (max-width: 175px) 100vw, 175px\" \/><\/a>FELTRE <\/strong>Prende il via domani la 18esima edizione della Maratona di Lettura di Feltre, appuntamento culturale che si \u00e8 ricavato negli anni un spazio a livello regionale e non solo, grazie alla qualit\u00e0 degli ospiti, ma anche in virt\u00f9 del lavoro organizzativo realizzato dall&#8217;Ufficio Cultura del Comune e dai molti volontari impegnati. A tale riguardo la rassegna di quest&#8217;anno, dedicata \u2013 come noto \u2013 a Niccol\u00f2 Ammaniti, vedr\u00e0 in campo oltre cinquanta volontari, a cominciare da quelli delle associazioni che presteranno voci e volti per la vera e propria maratona di lettura, appunto. Saranno circa 40 i\u00a0 lettori impegnati negli 11 appuntamenti dedicati alla lettura delle opere di Ammaniti disseminati in vari punti della citt\u00e0 nella tre giorni della Maratona.<\/p>\n<p><strong>L&#8217;ASSESSORE ALLA CULTURA DEL COMUNE DI FELTRE CLUDIO DALLA PALMA<\/strong><\/p>\n<audio class=\"wp-audio-shortcode\" id=\"audio-337087-8\" preload=\"none\" style=\"width: 100%;\" controls=\"controls\"><source type=\"audio\/mpeg\" src=\"https:\/\/www.radiopiu.net\/wordpress\/wp-content\/uploads\/2023\/05\/Audio-Dalla-Palma-su-Maratona-di-Lettura-al-via.mp3?_=8\" \/><a href=\"https:\/\/www.radiopiu.net\/wordpress\/wp-content\/uploads\/2023\/05\/Audio-Dalla-Palma-su-Maratona-di-Lettura-al-via.mp3\">https:\/\/www.radiopiu.net\/wordpress\/wp-content\/uploads\/2023\/05\/Audio-Dalla-Palma-su-Maratona-di-Lettura-al-via.mp3<\/a><\/audio>\n<p>&nbsp;<\/p>\n<p>&nbsp;<\/p>\n<p>&nbsp;<\/p>\n<hr \/>\n<p>&nbsp;<\/p>\n<blockquote>\n<h3><a class=\"dt-pswp-item\" href=\"https:\/\/www.radiopiu.net\/wordpress\/wp-content\/uploads\/2021\/06\/8554eb80-bb6e-4752-a6d3-57aff91a2903.jpg\" data-dt-img-description=\"\" data-large_image_width=\"768\" data-large_image_height=\"1024\"><img loading=\"lazy\" decoding=\"async\" class=\"wp-image-215003 alignleft\" src=\"https:\/\/www.radiopiu.net\/wordpress\/wp-content\/uploads\/2021\/06\/8554eb80-bb6e-4752-a6d3-57aff91a2903-225x300.jpg\" alt=\"\" width=\"99\" height=\"132\" srcset=\"https:\/\/www.radiopiu.net\/wordpress\/wp-content\/uploads\/2021\/06\/8554eb80-bb6e-4752-a6d3-57aff91a2903-225x300.jpg 225w, https:\/\/www.radiopiu.net\/wordpress\/wp-content\/uploads\/2021\/06\/8554eb80-bb6e-4752-a6d3-57aff91a2903.jpg 768w\" sizes=\"auto, (max-width: 99px) 100vw, 99px\" \/><\/a>UNO SOLTANTO E NESSUNA INTERROGAZIONE<\/h3>\n<\/blockquote>\n<p><strong>ROCCA PIETORE\u00a0<\/strong> Che la minoranza o l&#8217;ex di maggioranza Diana Iraci Borgia non abbiano presentato interrogazioni o mozioni \u00e8 una notizia.<\/p>\n<p>Infatti nel consiglio comunale di lunedi alle 18.30 \u00e8 all&#8217;ordine del giorno un unico punto sull&#8217;approvazione del rendiconto di gestione dell&#8217;esercizio finanziario 2022<\/p>\n<p>&nbsp;<\/p>\n<p>&nbsp;<\/p>\n<hr \/>\n<p>&nbsp;<\/p>\n<blockquote>\n<h3>SABATO A BELLUNO LA CAMPAGNA CONTRO IL FUMO DELLA LILT<\/h3>\n<\/blockquote>\n<p><strong><a class=\"dt-pswp-item\" href=\"https:\/\/www.radiopiu.net\/wordpress\/wp-content\/uploads\/2023\/01\/SIGARETTA.png\" data-dt-img-description=\"\" data-large_image_width=\"1620\" data-large_image_height=\"1068\"><img loading=\"lazy\" decoding=\"async\" class=\" wp-image-319122 alignleft\" src=\"https:\/\/www.radiopiu.net\/wordpress\/wp-content\/uploads\/2023\/01\/SIGARETTA-300x198.png\" alt=\"\" width=\"133\" height=\"88\" srcset=\"https:\/\/www.radiopiu.net\/wordpress\/wp-content\/uploads\/2023\/01\/SIGARETTA-300x198.png 300w, https:\/\/www.radiopiu.net\/wordpress\/wp-content\/uploads\/2023\/01\/SIGARETTA-1024x675.png 1024w, https:\/\/www.radiopiu.net\/wordpress\/wp-content\/uploads\/2023\/01\/SIGARETTA-768x506.png 768w, https:\/\/www.radiopiu.net\/wordpress\/wp-content\/uploads\/2023\/01\/SIGARETTA-1536x1013.png 1536w, https:\/\/www.radiopiu.net\/wordpress\/wp-content\/uploads\/2023\/01\/SIGARETTA.png 1620w\" sizes=\"auto, (max-width: 133px) 100vw, 133px\" \/><\/a>BELLUNO <\/strong>Lilt (Lega italiana per la lotta contro i tumori) sezione di Belluno, nell\u2019ambito delle attivit\u00e0 di prevenzione e informazione congiunte con l\u2019Ulss1 Dolomiti (Pneumologia e Ser.d), promuove \u2013 in occasione della Giornata mondiale senza tabacco \u2013 la campagna \u201cIl respiro \u00e8 vita. Dai vita al tuo respiro!\u201d con il patrocinio del Comune di Belluno. Sabato, dalle 9 alle 12 in Piazza dei Martiri a Belluno, verranno offerti dei servizi gratuiti nella logica di tenere monitorata la salute delle persone e invitarle a smettere di fumare<\/p>\n<p>&nbsp;<\/p>\n<p>&nbsp;<\/p>\n<hr \/>\n<p>&nbsp;<\/p>\n<blockquote>\n<h3>ASPETTANDO IL GIRO D&#8217;ITALIA CON L&#8217;ULSS 1 DOLOMITI E STEFANO GASPERIN, DIRETTORE DEL PRONTO SOCCORSO DI AGORDO<\/h3>\n<\/blockquote>\n<p><strong>BELLUNO <\/strong>Ecco il benvenuto al <span class=\"xt0psk2\">Giro d&#8217;Italia<\/span> del direttore del Pronto Soccorso di Agordo Stefano Gasperin, qui in veste di ciclista.<\/p>\n<div style=\"width: 848px;\" class=\"wp-video\"><video class=\"wp-video-shortcode\" id=\"video-337087-1\" width=\"848\" height=\"480\" preload=\"metadata\" controls=\"controls\"><source type=\"video\/mp4\" src=\"https:\/\/www.radiopiu.net\/wordpress\/wp-content\/uploads\/2023\/05\/WhatsApp-Video-2023-05-15-at-17.08.25.mp4?_=1\" \/><a href=\"https:\/\/www.radiopiu.net\/wordpress\/wp-content\/uploads\/2023\/05\/WhatsApp-Video-2023-05-15-at-17.08.25.mp4\">https:\/\/www.radiopiu.net\/wordpress\/wp-content\/uploads\/2023\/05\/WhatsApp-Video-2023-05-15-at-17.08.25.mp4<\/a><\/video><\/div>\n<p>&nbsp;<\/p>\n<blockquote>\n<h3>ASPETTANDO IL GIRO D&#8217;ITALIA CON L&#8217;ULSS 1 DOLOMITI E FRANCESCO MINNITI, DIRETTORE DEL REPARTO MEDICINA DI AGORDO<\/h3>\n<\/blockquote>\n<p><strong>BELLUNO<\/strong> Francesco Minniti, direttore della Medicina di Agordo, territorio che tra pochi giorni accoglier\u00e0 il <span class=\"xt0psk2\">Giro d&#8217;Italia<\/span>, ci spiega perch\u00e9 fa bene andare in bici: la bici aiuta a superare le fragilit\u00e0 fisiche e mentali.<\/p>\n<div style=\"width: 848px;\" class=\"wp-video\"><video class=\"wp-video-shortcode\" id=\"video-337087-2\" width=\"848\" height=\"480\" preload=\"metadata\" controls=\"controls\"><source type=\"video\/mp4\" src=\"https:\/\/www.radiopiu.net\/wordpress\/wp-content\/uploads\/2023\/05\/WhatsApp-Video-2023-05-18-at-15.18.26.mp4?_=2\" \/><a href=\"https:\/\/www.radiopiu.net\/wordpress\/wp-content\/uploads\/2023\/05\/WhatsApp-Video-2023-05-18-at-15.18.26.mp4\">https:\/\/www.radiopiu.net\/wordpress\/wp-content\/uploads\/2023\/05\/WhatsApp-Video-2023-05-18-at-15.18.26.mp4<\/a><\/video><\/div>\n<p>&nbsp;<\/p>\n<p>&nbsp;<\/p>\n<hr \/>\n<blockquote>\n<h3><\/h3>\n<h3><span dir=\"ltr\" role=\"presentation\"><a class=\"dt-pswp-item\" href=\"https:\/\/www.radiopiu.net\/wordpress\/wp-content\/uploads\/2023\/05\/Senza-nome-67.jpg\" data-dt-img-description=\"\" data-large_image_width=\"443\" data-large_image_height=\"272\"><img loading=\"lazy\" decoding=\"async\" class=\" wp-image-337208 alignleft\" src=\"https:\/\/www.radiopiu.net\/wordpress\/wp-content\/uploads\/2023\/05\/Senza-nome-67-300x184.jpg\" alt=\"\" width=\"240\" height=\"147\" srcset=\"https:\/\/www.radiopiu.net\/wordpress\/wp-content\/uploads\/2023\/05\/Senza-nome-67-300x184.jpg 300w, https:\/\/www.radiopiu.net\/wordpress\/wp-content\/uploads\/2023\/05\/Senza-nome-67.jpg 443w\" sizes=\"auto, (max-width: 240px) 100vw, 240px\" \/><\/a>IL 27 e 28 MAGGIO FIAB FELTREINBICI pedaler\u00e0 sul tratto della LUNGA VIA delle DOLOMITI CIMABANCHE \u2013 <\/span><span dir=\"ltr\" role=\"presentation\">PRIMOLANO<\/span><\/h3>\n<\/blockquote>\n<p><strong>FELTRE<\/strong> Q<span dir=\"ltr\" role=\"presentation\">uesta pedalata di 2 giorni in Valbelluna, che interfaccia le altre ciclovie di ampio respiro che percorrono la <\/span><span dir=\"ltr\" role=\"presentation\">vallata, (Anello della Valbelluna-Ciclabile della sx. Piave- Via Claudia Augusta Altinate ) \u00e8 pensata anche per <\/span><span dir=\"ltr\" role=\"presentation\">richiamare l&#8217;attenzione sul fatto che<\/span> <span dir=\"ltr\" role=\"presentation\">l&#8217; interruzione dura gi\u00e0 a tutt&#8217;oggi, 2023, da oltre 4 anni, con gravi <\/span><span dir=\"ltr\" role=\"presentation\">ripercussioni negative sul cicloturismo in Valbelluna e nel suo indotto<\/span><span dir=\"ltr\" role=\"presentation\">.\u00a0\u00a0<\/span><\/p>\n<p><strong><em><span dir=\"ltr\" role=\"presentation\">POST VAIA&#8230;\u00a0<\/span><\/em><\/strong><\/p>\n<p><em><span dir=\"ltr\" role=\"presentation\">La Piena del Piave che ne deriv\u00f2 <\/span><span dir=\"ltr\" role=\"presentation\">(e la successiva l&#8217;anno <\/span><span dir=\"ltr\" role=\"presentation\">seguente&#8230;) interruppero le <\/span><span dir=\"ltr\" role=\"presentation\">ciclovie transfrontaliere Monaco- <\/span><span dir=\"ltr\" role=\"presentation\">Venezia e la Lunga via delle <\/span><span dir=\"ltr\" role=\"presentation\">Dolomiti (Cima Banche &#8211; <\/span><span dir=\"ltr\" role=\"presentation\">Primolano) nei <\/span><span dir=\"ltr\" role=\"presentation\">tratti ,sovrapponibili, di <\/span><span dir=\"ltr\" role=\"presentation\">Castellavazzo (Longarone) e <\/span><span dir=\"ltr\" role=\"presentation\">Soverzene. Quest&#8217;ultimo tratto \u00e8<\/span><\/em><br role=\"presentation\" \/><em><span dir=\"ltr\" role=\"presentation\">stato ripristinato, mentre quello <\/span><span dir=\"ltr\" role=\"presentation\">di Castellavazzo (anche se <\/span><span dir=\"ltr\" role=\"presentation\">sostanzialmente ripristinato) \u00e8 attualmente (2023) non fruibile in quanto sede dei cantieri lungo l\u2019Alemagna, <\/span><span dir=\"ltr\" role=\"presentation\">in vista delle olimpiadi 2026. Con conseguente interruzione anche del flusso cicloturistico proveniente dal<\/span><\/em><br role=\"presentation\" \/><em><span dir=\"ltr\" role=\"presentation\">Nord-Europa.\u00a0<\/span><\/em><\/p>\n<p><strong><span dir=\"ltr\" role=\"presentation\">Le\u00a0 osservazioni, che Feltreinbici ha inviato alla Regione Veneto<\/span><span dir=\"ltr\" role=\"presentation\">. Non \u00e8 sottraendo <\/span><span dir=\"ltr\" role=\"presentation\">servizi, in questo caso infrastrutturali, che si aiutano i territori bellunesi \u201cdefilati\u201d. Facendo cos\u00ec si accentua <\/span><span dir=\"ltr\" role=\"presentation\">ancor di pi\u00f9 il loro l\u2019isolamento\u00a0<\/span><\/strong><\/p>\n<a href=\"https:\/\/www.radiopiu.net\/wordpress\/wp-content\/uploads\/2023\/05\/ALLEGATO-PDF-SPEDITO-IN-REGIONE-2023-APRILE.pdf\" class=\"pdfemb-viewer\" style=\"\" data-width=\"max\" data-height=\"max\" data-toolbar=\"top\" data-toolbar-fixed=\"on\">ALLEGATO PDF SPEDITO IN REGIONE 2023 APRILE<\/a>\n<p>&nbsp;<\/p>\n<hr \/>\n<p>&nbsp;<\/p>\n<h2><span style=\"color: #800080;\">IERI ALLA RADIO<\/span><\/h2>\n<h2><span style=\"color: #008080;\">&#8220;DINTORN E FORA VIA&#8221;\u00a0<\/span><span style=\"color: #008080;\"> IL PROGRAMMA\u00a0 <\/span><span style=\"color: #008080;\">A CURA DEL MUSLA\u00a0\u00a0<\/span><\/h2>\n<h1 style=\"text-align: center;\"><\/h1>\n<h1 style=\"text-align: center;\"><strong><span style=\"color: #ff0000;\">SECONDO ANNO\u00a0 <\/span><\/strong><strong><span style=\"color: #ff0000;\">\u00a0<\/span><\/strong><\/h1>\n<p><strong><a class=\"dt-pswp-item\" href=\"https:\/\/www.radiopiu.net\/wordpress\/wp-content\/uploads\/2023\/05\/QUOTIDIANO.png\" data-dt-img-description=\"\" data-large_image_width=\"735\" data-large_image_height=\"544\"><img loading=\"lazy\" decoding=\"async\" class=\"wp-image-337116 alignleft\" src=\"https:\/\/www.radiopiu.net\/wordpress\/wp-content\/uploads\/2023\/05\/QUOTIDIANO-300x222.png\" alt=\"\" width=\"150\" height=\"111\" srcset=\"https:\/\/www.radiopiu.net\/wordpress\/wp-content\/uploads\/2023\/05\/QUOTIDIANO-300x222.png 300w, https:\/\/www.radiopiu.net\/wordpress\/wp-content\/uploads\/2023\/05\/QUOTIDIANO.png 735w\" sizes=\"auto, (max-width: 150px) 100vw, 150px\" \/><\/a>PUNTATA 23 MAGGIO MICHELA DELL&#8217;OSBEL<\/strong><\/p>\n<audio class=\"wp-audio-shortcode\" id=\"audio-337087-9\" preload=\"none\" style=\"width: 100%;\" controls=\"controls\"><source type=\"audio\/mpeg\" src=\"https:\/\/www.radiopiu.net\/wordpress\/wp-content\/uploads\/2023\/05\/MUSLA-5.mp3?_=9\" \/><a href=\"https:\/\/www.radiopiu.net\/wordpress\/wp-content\/uploads\/2023\/05\/MUSLA-5.mp3\">https:\/\/www.radiopiu.net\/wordpress\/wp-content\/uploads\/2023\/05\/MUSLA-5.mp3<\/a><\/audio>\n<p><strong>\u00a0<\/strong><\/p>\n<p><strong>LA RACCOLTA COMPLETA<\/strong><\/p>\n<blockquote class=\"wp-embedded-content\" data-secret=\"f75Wp0OSH2\"><p><a href=\"https:\/\/www.radiopiu.net\/wordpress\/musla\/\">MUSLA<\/a><\/p><\/blockquote>\n<p><iframe loading=\"lazy\" class=\"wp-embedded-content\" sandbox=\"allow-scripts\" security=\"restricted\" style=\"position: absolute; clip: rect(1px, 1px, 1px, 1px);\" title=\"&#8220;MUSLA&#8221; &#8212; Radio Pi\u00f9\" src=\"https:\/\/www.radiopiu.net\/wordpress\/musla\/embed\/#?secret=Aani70CIRY#?secret=f75Wp0OSH2\" data-secret=\"f75Wp0OSH2\" width=\"600\" height=\"338\" frameborder=\"0\" marginwidth=\"0\" marginheight=\"0\" scrolling=\"no\"><\/iframe><\/p>\n<p>&nbsp;<\/p>\n<h2><span style=\"color: #ff00ff;\">ALLA PALESTRA B-FIT DI AGORDO CON MARTINA FADDA<\/span><\/h2>\n<p><strong>di Mirko Mezzacasa<\/strong><\/p>\n<p>con Martina Fadda<\/p>\n<p><iframe loading=\"lazy\" title=\"martina fadda\" width=\"1200\" height=\"675\" src=\"https:\/\/www.youtube.com\/embed\/s6Dl0X6Nr-8?start=164&#038;feature=oembed\" frameborder=\"0\" allow=\"accelerometer; autoplay; clipboard-write; encrypted-media; gyroscope; picture-in-picture; web-share\" allowfullscreen><\/iframe><\/p>\n<p>&nbsp;<\/p>\n<h2><\/h2>\n<p><strong><a class=\"dt-pswp-item\" href=\"https:\/\/www.radiopiu.net\/wordpress\/wp-content\/uploads\/2023\/05\/339293460_620637969444526_8243288131817928223_n.jpg\" data-dt-img-description=\"\" data-large_image_width=\"1448\" data-large_image_height=\"2048\"><img loading=\"lazy\" decoding=\"async\" class=\" wp-image-337121 alignleft\" src=\"https:\/\/www.radiopiu.net\/wordpress\/wp-content\/uploads\/2023\/05\/339293460_620637969444526_8243288131817928223_n-212x300.jpg\" alt=\"\" width=\"87\" height=\"123\" srcset=\"https:\/\/www.radiopiu.net\/wordpress\/wp-content\/uploads\/2023\/05\/339293460_620637969444526_8243288131817928223_n-212x300.jpg 212w, https:\/\/www.radiopiu.net\/wordpress\/wp-content\/uploads\/2023\/05\/339293460_620637969444526_8243288131817928223_n-724x1024.jpg 724w, https:\/\/www.radiopiu.net\/wordpress\/wp-content\/uploads\/2023\/05\/339293460_620637969444526_8243288131817928223_n-768x1086.jpg 768w, https:\/\/www.radiopiu.net\/wordpress\/wp-content\/uploads\/2023\/05\/339293460_620637969444526_8243288131817928223_n-1086x1536.jpg 1086w, https:\/\/www.radiopiu.net\/wordpress\/wp-content\/uploads\/2023\/05\/339293460_620637969444526_8243288131817928223_n.jpg 1448w\" sizes=\"auto, (max-width: 87px) 100vw, 87px\" \/><\/a><\/strong><\/p>\n<h2><span style=\"color: #000080;\">LA CORRI POI 2023, QUATTRO TAPPE TRA RIVAMONTE, FRASSENE&#8217;, VOLTAGO E FORCELLA AURINE<\/span><\/h2>\n<p><strong>di Mirko Mezzacasa<\/strong><\/p>\n<p>con Gabriele, Morgan, Sharon , Simone e Giulia<\/p>\n<audio class=\"wp-audio-shortcode\" id=\"audio-337087-10\" preload=\"none\" style=\"width: 100%;\" controls=\"controls\"><source type=\"audio\/mpeg\" src=\"https:\/\/www.radiopiu.net\/wordpress\/wp-content\/uploads\/2023\/05\/corri-poi.mp3?_=10\" \/><a href=\"https:\/\/www.radiopiu.net\/wordpress\/wp-content\/uploads\/2023\/05\/corri-poi.mp3\">https:\/\/www.radiopiu.net\/wordpress\/wp-content\/uploads\/2023\/05\/corri-poi.mp3<\/a><\/audio>\n<p>&nbsp;<\/p>\n<p>&nbsp;<\/p>\n<p>&nbsp;<\/p>\n<h2><strong><a class=\"dt-pswp-item\" href=\"https:\/\/www.radiopiu.net\/wordpress\/wp-content\/uploads\/2021\/04\/PISCINA-AGORDO.jpg\" data-dt-img-description=\"\" data-large_image_width=\"1600\" data-large_image_height=\"1200\"><img loading=\"lazy\" decoding=\"async\" class=\" wp-image-205123 alignleft\" src=\"https:\/\/www.radiopiu.net\/wordpress\/wp-content\/uploads\/2021\/04\/PISCINA-AGORDO-300x225.jpg\" alt=\"\" width=\"155\" height=\"116\" srcset=\"https:\/\/www.radiopiu.net\/wordpress\/wp-content\/uploads\/2021\/04\/PISCINA-AGORDO-300x225.jpg 300w, https:\/\/www.radiopiu.net\/wordpress\/wp-content\/uploads\/2021\/04\/PISCINA-AGORDO-1024x768.jpg 1024w, https:\/\/www.radiopiu.net\/wordpress\/wp-content\/uploads\/2021\/04\/PISCINA-AGORDO-768x576.jpg 768w, https:\/\/www.radiopiu.net\/wordpress\/wp-content\/uploads\/2021\/04\/PISCINA-AGORDO-1536x1152.jpg 1536w, https:\/\/www.radiopiu.net\/wordpress\/wp-content\/uploads\/2021\/04\/PISCINA-AGORDO.jpg 1600w\" sizes=\"auto, (max-width: 155px) 100vw, 155px\" \/><\/a><span style=\"color: #33cccc;\">ALLA PISCINA DI AGORDO CON ROBERTO BROGLIO E GIORGIO DE NARDIN<\/span><\/strong><\/h2>\n<p><strong>di Mirko Mezzacasa<\/strong><\/p>\n<p>Con Roberto Broglio e Giorgio De Nardin<\/p>\n<audio class=\"wp-audio-shortcode\" id=\"audio-337087-11\" preload=\"none\" style=\"width: 100%;\" controls=\"controls\"><source type=\"audio\/mpeg\" src=\"https:\/\/www.radiopiu.net\/wordpress\/wp-content\/uploads\/2023\/05\/GIORGIO-ROBERTO-PISCINA.mp3?_=11\" \/><a href=\"https:\/\/www.radiopiu.net\/wordpress\/wp-content\/uploads\/2023\/05\/GIORGIO-ROBERTO-PISCINA.mp3\">https:\/\/www.radiopiu.net\/wordpress\/wp-content\/uploads\/2023\/05\/GIORGIO-ROBERTO-PISCINA.mp3<\/a><\/audio>\n<p>&nbsp;<\/p>\n<h2><\/h2>\n<p>&nbsp;<\/p>\n<p>&nbsp;<\/p>\n<p><strong><a class=\"dt-pswp-item\" href=\"https:\/\/www.radiopiu.net\/wordpress\/wp-content\/uploads\/2023\/05\/don-pian-lonch-2023.png\" data-dt-img-description=\"\" data-large_image_width=\"952\" data-large_image_height=\"507\"><img loading=\"lazy\" decoding=\"async\" class=\" wp-image-337124 alignleft\" src=\"https:\/\/www.radiopiu.net\/wordpress\/wp-content\/uploads\/2023\/05\/don-pian-lonch-2023-300x160.png\" alt=\"\" width=\"204\" height=\"109\" srcset=\"https:\/\/www.radiopiu.net\/wordpress\/wp-content\/uploads\/2023\/05\/don-pian-lonch-2023-300x160.png 300w, https:\/\/www.radiopiu.net\/wordpress\/wp-content\/uploads\/2023\/05\/don-pian-lonch-2023-768x409.png 768w, https:\/\/www.radiopiu.net\/wordpress\/wp-content\/uploads\/2023\/05\/don-pian-lonch-2023.png 952w\" sizes=\"auto, (max-width: 204px) 100vw, 204px\" \/><\/a><\/strong><\/p>\n<h2><span style=\"color: #008000;\">DOMENICA LA PRIMA EDIZIONE DELLA DON &#8211; PIAN LONCH<\/span><\/h2>\n<p><strong>di Mirko Mezzacasa<\/strong><\/p>\n<p>con Daniel Rech<\/p>\n<audio class=\"wp-audio-shortcode\" id=\"audio-337087-12\" preload=\"none\" style=\"width: 100%;\" controls=\"controls\"><source type=\"audio\/mpeg\" src=\"https:\/\/www.radiopiu.net\/wordpress\/wp-content\/uploads\/2023\/05\/daniel-rech-gosaldo.mp3?_=12\" \/><a href=\"https:\/\/www.radiopiu.net\/wordpress\/wp-content\/uploads\/2023\/05\/daniel-rech-gosaldo.mp3\">https:\/\/www.radiopiu.net\/wordpress\/wp-content\/uploads\/2023\/05\/daniel-rech-gosaldo.mp3<\/a><\/audio>\n<p>&nbsp;<\/p>\n<p>&nbsp;<\/p>\n<p>&nbsp;<\/p>\n<p>&nbsp;<\/p>\n<p>&nbsp;<\/p>\n<hr \/>\n<p>&nbsp;<\/p>\n<h2><span style=\"color: #ff0000;\">GLI APPUNTAMENTI DELLA SETTIMANA<\/span><\/h2>\n<blockquote>\n<h3><strong>IL SENTIERO ITALIA: IL SOGNO DIVENUTO REALT\u00c0<\/strong><\/h3>\n<\/blockquote>\n<p><strong>BORGO VALBELLUNA <\/strong>Terzo appuntamento per Camminando &#8211; Esperienze, sensazione, emozioni, festival del cammino a 360\u00b0, che venerd\u00ec, alla Sala\u00a0 San Felice di Lentiai, alle 20:45, presenter\u00e0 agli appassionati di trekking il SICAI, cos\u00ec ormai conosciuto il lungo Sentiero Italia Cai che unisce tutta la penisola italiana attraverso un unico cammino di 7800 chilometri nato dalla visione illuminata di un piccolo gruppo di scrittori-camminatori.<\/p>\n<p>&nbsp;<\/p>\n<p>&nbsp;<\/p>\n<hr \/>\n<p>&nbsp;<\/p>\n<blockquote>\n<h3>DAS MAGISCHE AUGE, IL RECITAL<\/h3>\n<\/blockquote>\n<p><strong>LENTIAI<\/strong> Sabato alle ore 20.30 alla Societ\u00e0 Operaia di Mutuo Soccorso \u201cFelice Cavallotti\u201d di Lentiai, si svolger\u00e0 un recital poetico-musicale a cura del poeta e musicista bellunese Gianni Carlin; si tratta di un adattamento e recitazione del poema \u201cDas Magische Auge\u201d di Claudio Giuseppe De Don\u00e0<\/p>\n<p>&nbsp;<\/p>\n<p>&nbsp;<\/p>\n<hr \/>\n<p>&nbsp;<\/p>\n<blockquote>\n<h3>IL RITORNO DI LUNGARDO IN FEST<\/h3>\n<\/blockquote>\n<p><strong>BELLUNO<\/strong>\u00a0 Lungardo In Fest \u00e8 la festa della Cooperativa Societ\u00e0 Nuova. L&#8217;appuntamento \u00e8 per sabato 27 maggio presso la sede di via Lungardo. Per maggiori informazioni\u00a0 Facebook: cooperativasocietanuova. Programma, dalle 11 frasca , dj set, pesca di beneficenza, gonfiabili per i bambini. Dalle 20:00 musica dal vivo con\u00a0 gli Sklero Zero e i Maci&#8217;s Mobile<\/p>\n<p>&nbsp;<\/p>\n<p>&nbsp;<\/p>\n<hr \/>\n<p>&nbsp;<\/p>\n<blockquote>\n<h3>LA MISSIONE DI PACE IN AFGHANISTAN<\/h3>\n<\/blockquote>\n<p><strong>BELLUNO <\/strong>La missione di pace dei militari italiani in Afghanistan raccontata dal\u00a0 generale di corpo d\u2019armata Carmelo Burgio, sabato 27 maggio alle 18 a Palazzo Fulcis. Saranno la pace e l\u2019attivit\u00e0 dei militari italiani nei luoghi martoriati dai conflitti, ma anche il racconto di esperienze umane e professionali da parte di chi le ha vissute in prima persona, i temi al centro dell\u2019incontro organizzato dal Comune e aperto a tutti.<\/p>\n<p>&nbsp;<\/p>\n<p>&nbsp;<\/p>\n<hr \/>\n<p>&nbsp;<\/p>\n<blockquote>\n<h3>FOLKLOR JALPE&#8217; DE LA MARMOLEDA<\/h3>\n<\/blockquote>\n<p><strong>ROCCA PIETORE<\/strong> \u00c8 in programma per il 26, 27 e 28 maggio l&#8217;edizione 2023 di Folklor Jalp\u00e8 De La Marmoleda. Tre giorni di festa sotto al tendone riscaldato in localit\u00e0 Bosco Verde a Rocca Pietore tra cucina tipica e balli con le band tirolesi. Domenica 28, nel pomeriggio, la sfilata dei gruppi folk<\/p>\n<p>&nbsp;<\/p>\n<p>&nbsp;<\/p>\n<hr \/>\n<p>&nbsp;<\/p>\n<blockquote>\n<h3>LATTERIE APERTE IN VALBELLUNA<\/h3>\n<\/blockquote>\n<p><strong>BELLUNO<\/strong> Domenica 28 maggio in Val Belluna ritrona l&#8217;evento &#8220;Latteirie Aperte&#8221; dove le principali latterie apriranno le porte per illustrare l&#8217;arte del fare formaggio. Le latterie aderenti sono; Camolino, Tisoi e Bolzano Bellunese, Sedico, Valpiana, Frontin, Valmorel, Lentiai e Sant&#8217;Antonio di Tortal.<\/p>\n<p>&nbsp;<\/p>\n<p>&nbsp;<\/p>\n<hr \/>\n<p>&nbsp;<\/p>\n<blockquote>\n<h3>I 75 ANNI DELLA COMUNITA&#8217; DI VILLA SAN FRANCESCO<\/h3>\n<\/blockquote>\n<p><strong>PEDAVENA <\/strong>Nel fine settimana del 27 e 28 maggio \u00e8 in programma una due giorni dedicata ai 75 anni della comunit\u00e0 di Villa San Francesco dove ci saranno dei convegni dedicati ai giovani in occasione della 26\u00aa edizione della Festa del Volontariato Sociale.<\/p>\n<p>&nbsp;<\/p>\n<p>&nbsp;<\/p>\n<p>&nbsp;<\/p>\n<hr \/>\n<p>&nbsp;<\/p>\n<blockquote>\n<h3>ALL&#8217;EREMO DEI ROMITI CON IL CAI DI AGORDO<\/h3>\n<\/blockquote>\n<p><strong>AGORDO<\/strong> Il CAI di Agordo organizza per domenica un&#8217;escursione all&#8217;Eremo dei Romiti di Domegge di Cadore. Ritrovo alla sede sociale del Munixcipio di Agordo alle 7:15 e partenza con mezzi propri. Per info e iscrizioni 380 6983040<\/p>\n<p>&nbsp;<\/p>\n<p>&nbsp;<\/p>\n<hr \/>\n<p>&nbsp;<\/p>\n<blockquote>\n<h3>LA PRIMA EDIZIONE DELLA DON &#8211; PIANLONCH<\/h3>\n<\/blockquote>\n<p><strong>GOSALDO<\/strong> E&#8217; in programma per <strong>domenica 28 maggio<\/strong> la prima edizione della gara di corsa Don &#8211; Pianlonch. Una passeggiata ludicomotoria di 5,6 km non competitiva. Iscrizione 6 euro prima della partenza, 10 euro con panino farcito e bottigllia d&#8217;acqua.<\/p>\n<p>&nbsp;<\/p>\n<p>&nbsp;<\/p>\n<p>&nbsp;<\/p>\n<hr \/>\n<p>&nbsp;<\/p>\n<blockquote>\n<h3>LE PREMIAZIONI DEL CONCORSO LETTERARIO DELL&#8217;ASSOCIAZIONE VESES<\/h3>\n<\/blockquote>\n<p><strong>BORGO VALBELLUNA<\/strong> Si terr\u00e0 domenica 28 maggio, alle 10 presso il Palazzo delle Contesse a Mel di Borgo Valbelluna, la cerimonia di premiazione del concorso di scrittura \u201cParole che parlano di noi\u201d proposto dall\u2019associazione culturale \u201cVeses\u201d.<\/p>\n<p>&nbsp;<\/p>\n<p>&nbsp;<\/p>\n<hr \/>\n<p>&nbsp;<\/p>\n<p>&nbsp;<\/p>\n<blockquote>\n<h3>MOTOR STREET FOOD FA TAPPA A PONTE<\/h3>\n<\/blockquote>\n<p><strong>PONTE NELLE ALPI <\/strong>Dal 26 al 28 maggio, gli appassionati di motori e buon cibo avranno l&#8217;opportunit\u00e0 di godere di un evento unico nella provincia di Belluno. Motor Street Food, in collaborazione con Just Ride e il campione nazionale di freestyle Matteo Botteon, far\u00e0 tappa a Ponte nelle Alpi, nel piazzale dello stadio.<\/p>\n<p>&nbsp;<\/p>\n<blockquote>\n<h3>COM&#8217;E&#8217; GIALLA VENEZIA<\/h3>\n<\/blockquote>\n<p><strong>FELTRE<\/strong> <span id=\"page68R_mcid14\" class=\"markedContent\"><span dir=\"ltr\" role=\"presentation\">Venerd\u00ec<\/span> \u00a0<span dir=\"ltr\" role=\"presentation\">alle <\/span>\u00a0<span dir=\"ltr\" role=\"presentation\">1<\/span><span dir=\"ltr\" role=\"presentation\">7 <\/span><\/span><span id=\"page68R_mcid15\" class=\"markedContent\"><span dir=\"ltr\" role=\"presentation\">nel<\/span> <span dir=\"ltr\" role=\"presentation\">giardino di VILLA SAN GIUSEPPE <\/span><\/span><span id=\"page68R_mcid16\" class=\"markedContent\"><span dir=\"ltr\" role=\"presentation\">CASA GUARNIERI il giornalista e artista Ferruccio Gard <\/span><\/span><span id=\"page68R_mcid24\" class=\"markedContent\"><span dir=\"ltr\" role=\"presentation\">dialoga<\/span> <span dir=\"ltr\" role=\"presentation\">con<\/span> <span dir=\"ltr\" role=\"presentation\">CARLO MAZZANTI<\/span> <span dir=\"ltr\" role=\"presentation\">e<\/span> <span dir=\"ltr\" role=\"presentation\">PIERGIORGIO BAROLDI,\u00a0 <\/span><\/span><span id=\"page68R_mcid25\" class=\"markedContent\"><span dir=\"ltr\" role=\"presentation\">benvenuto di<\/span> <span dir=\"ltr\" role=\"presentation\">ENZO GUARNIERI<\/span> <span dir=\"ltr\" role=\"presentation\">e<\/span> <span dir=\"ltr\" role=\"presentation\">ANTONIO GANZ.\u00a0<\/span><\/span><\/p>\n<p>&nbsp;<\/p>\n<blockquote>\n<h3>ARMONIE IN MONASTERO<\/h3>\n<\/blockquote>\n<p><strong>BELLUNO<\/strong> Domenica alle 16 nella chiesa dei Santi Gervasio e Protasio\u00a0 concerto del Coro San Martino diretto da Radmila Visentin, al pianoforte Mose&#8217; Andrich;\u00a0 note di storia e arte dell&#8217;ex convento e chiesa con l&#8217;associazione Campedel. Ingresso libero ed eventuali offerte destinate ai giovani della Diocesi che parteciperanno alla Giornata Mondiale della Gioventu&#8217; di Lisbona.<\/p>\n<p>&nbsp;<\/p>\n<p>&nbsp;<\/p>\n<p>&nbsp;<\/p>\n<hr \/>\n<p>&nbsp;<\/p>\n<h2><span style=\"color: #ff0000;\">PROSSIMAMENTE&#8230;\u00a0<\/span><\/h2>\n<p>&nbsp;<\/p>\n<blockquote>\n<h3>MARTEDIACOLOR<\/h3>\n<\/blockquote>\n<p><strong>BELLUNO <\/strong>Con la Primavera tornano a Belluno i Martediacolor, una tradizionale manifestazione che trova sempre l\u2019interesse di un numeroso pubblico. Organizzate dal C.T.G. gruppo Belluno, in collaborazione con i Circoli Fotografici di Belluno ed Agordo, sono piacevoli serate con racconti fotografici realizzati in multivisione, dedicate agli amanti dei viaggi, della natura e dell&#8217;arte. Il programma si articola in tre appuntamenti presso la sala Parrocchiale di Cavarzano alle ore 20.45, con ingresso libero, ultimo appuntamento il 30 maggio.<\/p>\n<p>&nbsp;<\/p>\n<p>&nbsp;<\/p>\n<hr \/>\n<p>&nbsp;<\/p>\n<blockquote>\n<h3>SABATO 3 GIUGNO LA CENA DELLA CLASSE 1955-56<\/h3>\n<\/blockquote>\n<p><strong>AGORDO<\/strong> E&#8217; in programma per sabato 3 giugno al Ristorante &#8220;La Stanga&#8221; la cena delle classi 1955-1956. Ritrovo al ristorante alle 19, cena , musica e premi. Per informazioni ed iscrizioni Roberto Schenot al 348 8524340. Iscrizioni entro il 29 maggio.<\/p>\n<p>&nbsp;<\/p>\n<p>&nbsp;<\/p>\n<hr \/>\n<p>&nbsp;<\/p>\n<blockquote>\n<h3>DOMENICA 4 GIUGNO LA 4 PAS IN DOI<\/h3>\n<\/blockquote>\n<p><strong>AGORDO<\/strong> <strong>DOMENICA 4 GIUGNO<\/strong> AD AGORDO: &#8220;4 Pas in doi&#8221; TRAIL RUNNING A COPPIE. Due percorsi: 16 km con 900 metri di dislivello, o 5 km con 250 metri di dislivello. E per i pi\u00f9 golosi, la &#8220;4 Pas in doi Bocoi&#8221;: itinerario enogastronomico, 6 km, con 4 tappe da&#8230; gustare. Per informazioni ed iscrizioni: www.4pasindoi.it<\/p>\n<p>&nbsp;<\/p>\n<p>&nbsp;<\/p>\n<hr \/>\n<p>&nbsp;<\/p>\n<blockquote>\n<h3>Il Gruppo Alpini organizza una gita indimenticabile alla Foiba di Basovizza con pranzo di pesce a Lignano<\/h3>\n<\/blockquote>\n<p><strong>FALCADE <\/strong>\u00a0I Gruppi Alpini rappresentano un importante pilastro della comunit\u00e0 locale, promuovendo attivit\u00e0 che uniscono tradizione, avventura e scoperta del patrimonio culturale. Nel contesto di queste iniziative, il Gruppo Alpini di Falcade ha annunciato una gita straordinaria che si terr\u00e0 l&#8217;11 giugno, con destinazione la Foiba di Basovizza e una deliziosa pausa pranzo a Lignano.\u00a0 Remo Secchi, responsabile delle iscrizioni, sar\u00e0 il punto di riferimento per tutti coloro che desiderano partecipare. Per prenotare un posto e per ulteriori informazioni, \u00e8 possibile contattare\u00a0 il\u00a0 338 5628415.<\/p>\n<p>&nbsp;<\/p>\n<p>&nbsp;<\/p>\n<hr \/>\n<p>&nbsp;<\/p>\n<blockquote class=\"wp-embedded-content\" data-secret=\"uDatIvqjU1\"><p><a href=\"https:\/\/www.radiopiu.net\/wordpress\/periti-minerari-agordini-nel-mondo-la-presentazione-del-libro-la-diretta\/\">PERITI MINERARI AGORDINI NEL MONDO, LA PRESENTAZIONE DEL LIBRO &#8211; LA DIRETTA<\/a><\/p><\/blockquote>\n<p><iframe loading=\"lazy\" class=\"wp-embedded-content\" sandbox=\"allow-scripts\" security=\"restricted\" style=\"position: absolute; clip: rect(1px, 1px, 1px, 1px);\" title=\"&#8220;PERITI MINERARI AGORDINI NEL MONDO, LA PRESENTAZIONE DEL LIBRO &#8211; LA DIRETTA&#8221; &#8212; Radio Pi\u00f9\" src=\"https:\/\/www.radiopiu.net\/wordpress\/periti-minerari-agordini-nel-mondo-la-presentazione-del-libro-la-diretta\/embed\/#?secret=nCvGU21l7v#?secret=uDatIvqjU1\" data-secret=\"uDatIvqjU1\" width=\"600\" height=\"338\" frameborder=\"0\" marginwidth=\"0\" marginheight=\"0\" scrolling=\"no\"><\/iframe><\/p>\n<p>&nbsp;<\/p>\n<p>&nbsp;<\/p>\n<hr \/>\n<p>&nbsp;<\/p>\n<p>&nbsp;<\/p>\n<blockquote class=\"wp-embedded-content\" data-secret=\"XTCY62TD8d\"><p><a href=\"https:\/\/www.radiopiu.net\/wordpress\/rolling-stones-il-programma-di-siro-lena-e-moreno-tocchetto\/\">ROLLING STONES, IL PROGRAMMA DI SIRO LENA E MORENO TOCCHETTO<\/a><\/p><\/blockquote>\n<p><iframe loading=\"lazy\" class=\"wp-embedded-content\" sandbox=\"allow-scripts\" security=\"restricted\" style=\"position: absolute; clip: rect(1px, 1px, 1px, 1px);\" title=\"&#8220;ROLLING STONES, IL PROGRAMMA DI SIRO LENA E MORENO TOCCHETTO&#8221; &#8212; Radio Pi\u00f9\" src=\"https:\/\/www.radiopiu.net\/wordpress\/rolling-stones-il-programma-di-siro-lena-e-moreno-tocchetto\/embed\/#?secret=9Uo1dyN9gR#?secret=XTCY62TD8d\" data-secret=\"XTCY62TD8d\" width=\"600\" height=\"338\" frameborder=\"0\" marginwidth=\"0\" marginheight=\"0\" scrolling=\"no\"><\/iframe><\/p>\n<p>&nbsp;<\/p>\n<p>&nbsp;<\/p>\n<hr \/>\n<p>&nbsp;<\/p>\n<div dir=\"auto\">\n<div class=\"message spoilers-container\" dir=\"auto\">\n<div>\n<div class=\"b654a4as d2edcug0\">\n<div class=\"rq0escxv hkbzh7o3 jwdofwj8 n8tt0mok r8blr3vg hyh9befq\">\n<p><a class=\"dt-pswp-item\" href=\"https:\/\/www.radiopiu.net\/wordpress\/wp-content\/uploads\/2020\/10\/pp.jpg\" data-dt-img-description=\"\" data-large_image_width=\"640\" data-large_image_height=\"640\"><img loading=\"lazy\" decoding=\"async\" class=\"wp-image-163678 alignleft\" src=\"https:\/\/www.radiopiu.net\/wordpress\/wp-content\/uploads\/2020\/10\/pp-300x300.jpg\" alt=\"\" width=\"106\" height=\"106\" srcset=\"https:\/\/www.radiopiu.net\/wordpress\/wp-content\/uploads\/2020\/10\/pp-300x300.jpg 300w, https:\/\/www.radiopiu.net\/wordpress\/wp-content\/uploads\/2020\/10\/pp-150x150.jpg 150w, https:\/\/www.radiopiu.net\/wordpress\/wp-content\/uploads\/2020\/10\/pp-125x125.jpg 125w, https:\/\/www.radiopiu.net\/wordpress\/wp-content\/uploads\/2020\/10\/pp-200x200.jpg 200w, https:\/\/www.radiopiu.net\/wordpress\/wp-content\/uploads\/2020\/10\/pp-80x80.jpg 80w, https:\/\/www.radiopiu.net\/wordpress\/wp-content\/uploads\/2020\/10\/pp-480x480.jpg 480w, https:\/\/www.radiopiu.net\/wordpress\/wp-content\/uploads\/2020\/10\/pp.jpg 640w\" sizes=\"auto, (max-width: 106px) 100vw, 106px\" \/><\/a><\/p>\n<\/div>\n<\/div>\n<\/div>\n<\/div>\n<div class=\"message spoilers-container\" dir=\"auto\">\n<div class=\"page-title-head hgroup\">\n<div class=\"page-title-head hgroup\">\n<div class=\"b654a4as d2edcug0\">\n<div class=\"j83agx80 btwxx1t3 lhclo0ds hop8lmos nkwizq5d scwd0bx6 roh60bw9\">\n<div class=\"rq0escxv hkbzh7o3 jwdofwj8 n8tt0mok r8blr3vg hyh9befq\">\n<div class=\"do00u71z l9j0dhe7 k4urcfbm\" style=\"text-align: left;\">\n<h2><span style=\"color: #000080;\">DON CESARE, IL PENSIERO DEL GIORNO. ALLA RADIO ALLE 7 DEL MATTINO E ALLE 19.30 DELLA SERA<\/span><\/h2>\n<\/div>\n<h2 style=\"text-align: left;\"><\/h2>\n<audio class=\"wp-audio-shortcode\" id=\"audio-337087-13\" preload=\"none\" style=\"width: 100%;\" controls=\"controls\"><source type=\"audio\/mpeg\" src=\"https:\/\/www.radiopiu.net\/wordpress\/wp-content\/uploads\/2023\/05\/CESARE-19.mp3?_=13\" \/><a href=\"https:\/\/www.radiopiu.net\/wordpress\/wp-content\/uploads\/2023\/05\/CESARE-19.mp3\">https:\/\/www.radiopiu.net\/wordpress\/wp-content\/uploads\/2023\/05\/CESARE-19.mp3<\/a><\/audio>\n<div class=\"do00u71z l9j0dhe7 k4urcfbm\" style=\"text-align: left;\">\n<h2 style=\"text-align: left;\"><span style=\"color: #ff0000;\"><span style=\"vertical-align: inherit;\"><a class=\"dt-pswp-item\" href=\"https:\/\/www.radiopiu.net\/wordpress\/wp-content\/uploads\/2023\/04\/e0aad41d-951e-47b9-9fae-1a879a9bcb7e-1.jpg\" data-dt-img-description=\"\" data-large_image_width=\"1200\" data-large_image_height=\"1200\"><img loading=\"lazy\" decoding=\"async\" class=\"wp-image-333205 aligncenter\" src=\"https:\/\/www.radiopiu.net\/wordpress\/wp-content\/uploads\/2023\/04\/e0aad41d-951e-47b9-9fae-1a879a9bcb7e-1-300x300.jpg\" alt=\"\" width=\"227\" height=\"227\" srcset=\"https:\/\/www.radiopiu.net\/wordpress\/wp-content\/uploads\/2023\/04\/e0aad41d-951e-47b9-9fae-1a879a9bcb7e-1-300x300.jpg 300w, https:\/\/www.radiopiu.net\/wordpress\/wp-content\/uploads\/2023\/04\/e0aad41d-951e-47b9-9fae-1a879a9bcb7e-1-1024x1024.jpg 1024w, https:\/\/www.radiopiu.net\/wordpress\/wp-content\/uploads\/2023\/04\/e0aad41d-951e-47b9-9fae-1a879a9bcb7e-1-150x150.jpg 150w, https:\/\/www.radiopiu.net\/wordpress\/wp-content\/uploads\/2023\/04\/e0aad41d-951e-47b9-9fae-1a879a9bcb7e-1-768x768.jpg 768w, https:\/\/www.radiopiu.net\/wordpress\/wp-content\/uploads\/2023\/04\/e0aad41d-951e-47b9-9fae-1a879a9bcb7e-1.jpg 1200w\" sizes=\"auto, (max-width: 227px) 100vw, 227px\" \/><br \/>\n<\/a><\/span><\/span><\/h2>\n<\/div>\n<\/div>\n<\/div>\n<\/div>\n<\/div>\n<\/div>\n<\/div>\n<\/div>\n<hr \/>\n<p>&nbsp;<\/p>\n<div class=\"message spoilers-container\" dir=\"auto\">\n<h2><span style=\"color: #008080;\">GOCCE DI FILOSOFIA\u00a0\u00a0<\/span><\/h2>\n<p><strong>PUNTATA 317 &#8211; CHIARA CAU &#8211; TERZO ANNO<\/strong><\/p>\n<audio class=\"wp-audio-shortcode\" id=\"audio-337087-14\" preload=\"none\" style=\"width: 100%;\" controls=\"controls\"><source type=\"audio\/mpeg\" src=\"https:\/\/www.radiopiu.net\/wordpress\/wp-content\/uploads\/2023\/05\/FI2-3.mp3?_=14\" \/><a href=\"https:\/\/www.radiopiu.net\/wordpress\/wp-content\/uploads\/2023\/05\/FI2-3.mp3\">https:\/\/www.radiopiu.net\/wordpress\/wp-content\/uploads\/2023\/05\/FI2-3.mp3<\/a><\/audio>\n<p>&nbsp;<\/p>\n<\/div>\n<blockquote>\n<div class=\"message spoilers-container\" dir=\"auto\">\n<p><strong>LA RACCOLTA COMPLETA<\/strong><\/p>\n<\/div>\n<\/blockquote>\n<div class=\"message spoilers-container\" dir=\"auto\">\n<blockquote class=\"wp-embedded-content\" data-secret=\"sbj0eixVEh\"><p><a href=\"https:\/\/www.radiopiu.net\/wordpress\/gocce-filosofia\/\">Gocce di filosofia,  LA TERZA STAGIONE&#8230; 2023<\/a><\/p><\/blockquote>\n<p><iframe loading=\"lazy\" class=\"wp-embedded-content\" sandbox=\"allow-scripts\" security=\"restricted\" style=\"position: absolute; clip: rect(1px, 1px, 1px, 1px);\" title=\"&#8220;Gocce di filosofia,  LA TERZA STAGIONE&#8230; 2023&#8221; &#8212; Radio Pi\u00f9\" src=\"https:\/\/www.radiopiu.net\/wordpress\/gocce-filosofia\/embed\/#?secret=AeaJFxVOii#?secret=sbj0eixVEh\" data-secret=\"sbj0eixVEh\" width=\"600\" height=\"338\" frameborder=\"0\" marginwidth=\"0\" marginheight=\"0\" scrolling=\"no\"><\/iframe><\/p>\n<\/div>\n<hr \/>\n<p>&nbsp;<\/p>\n<p>&nbsp;<\/p>\n<blockquote class=\"wp-embedded-content\" data-secret=\"oMs7trVHci\"><p><a href=\"https:\/\/www.radiopiu.net\/wordpress\/sentimental-il-nuovo-programma-di-paola-lanciato\/\">SENTIMENTAL, IL NUOVO PROGRAMMA DI PAOLA LANCIATO<\/a><\/p><\/blockquote>\n<p><iframe loading=\"lazy\" class=\"wp-embedded-content\" sandbox=\"allow-scripts\" security=\"restricted\" style=\"position: absolute; clip: rect(1px, 1px, 1px, 1px);\" title=\"&#8220;SENTIMENTAL, IL NUOVO PROGRAMMA DI PAOLA LANCIATO&#8221; &#8212; Radio Pi\u00f9\" src=\"https:\/\/www.radiopiu.net\/wordpress\/sentimental-il-nuovo-programma-di-paola-lanciato\/embed\/#?secret=pG53IJs8fI#?secret=oMs7trVHci\" data-secret=\"oMs7trVHci\" width=\"600\" height=\"338\" frameborder=\"0\" marginwidth=\"0\" marginheight=\"0\" scrolling=\"no\"><\/iframe><\/p>\n<p>&nbsp;<\/p>\n<div class=\"message spoilers-container\" dir=\"auto\">\n<p>&nbsp;<\/p>\n<p>&nbsp;<\/p>\n<hr \/>\n<p>&nbsp;<\/p>\n<\/div>\n<div class=\"message spoilers-container\" dir=\"auto\">\n<div class=\"column\">\n<p><img loading=\"lazy\" decoding=\"async\" class=\"aligncenter wp-image-61954 size-full\" src=\"https:\/\/www.radiopiu.net\/wordpress\/wp-content\/uploads\/2018\/09\/viabilita.jpeg\" sizes=\"auto, (max-width: 800px) 100vw, 800px\" srcset=\"https:\/\/www.radiopiu.net\/wordpress\/wp-content\/uploads\/2018\/09\/viabilita.jpeg 800w, https:\/\/www.radiopiu.net\/wordpress\/wp-content\/uploads\/2018\/09\/viabilita-300x38.jpeg 300w, https:\/\/www.radiopiu.net\/wordpress\/wp-content\/uploads\/2018\/09\/viabilita-768x96.jpeg 768w\" alt=\"\" width=\"800\" height=\"100\" \/><\/p>\n<\/div>\n<\/div>\n<div class=\"message spoilers-container\" dir=\"auto\">\n<div class=\"column\">\n<p>&nbsp;<\/p>\n<\/div>\n<\/div>\n<div class=\"message spoilers-container\" dir=\"auto\">\n<div class=\"column\">\n<div dir=\"ltr\">\n<div class=\"gmail_quote\">\n<div dir=\"ltr\">\n<div class=\"gmail_quote\">\n<blockquote class=\"wp-embedded-content\" data-secret=\"MZHcBjskIO\"><p><a href=\"https:\/\/www.radiopiu.net\/wordpress\/viabilita\/\">viabilita<\/a><\/p><\/blockquote>\n<p><iframe loading=\"lazy\" class=\"wp-embedded-content\" sandbox=\"allow-scripts\" security=\"restricted\" style=\"position: absolute; clip: rect(1px, 1px, 1px, 1px);\" title=\"&#8220;viabilita&#8221; &#8212; Radio Pi\u00f9\" src=\"https:\/\/www.radiopiu.net\/wordpress\/viabilita\/embed\/#?secret=uwy2p1iS0E#?secret=MZHcBjskIO\" data-secret=\"MZHcBjskIO\" width=\"600\" height=\"338\" frameborder=\"0\" marginwidth=\"0\" marginheight=\"0\" scrolling=\"no\"><\/iframe><\/p>\n<\/div>\n<\/div>\n<\/div>\n<\/div>\n<\/div>\n<\/div>\n<div class=\"message spoilers-container\" dir=\"auto\">\n<div class=\"column\">\n<div>\n<div dir=\"ltr\">\n<div class=\"gmail_quote\">\n<div dir=\"ltr\">\n<div><\/div>\n<\/div>\n<\/div>\n<\/div>\n<\/div>\n<hr \/>\n<p>&nbsp;<\/p>\n<p><a class=\"dt-pswp-item\" href=\"https:\/\/www.radiopiu.net\/wordpress\/wp-content\/uploads\/2018\/09\/WhatsApp-Image-2018-09-20-at-16.04.06.jpeg\" data-dt-img-description=\"\" data-large_image_width=\"800\" data-large_image_height=\"100\"><img loading=\"lazy\" decoding=\"async\" class=\"wp-image-61378 size-full aligncenter\" src=\"https:\/\/www.radiopiu.net\/wordpress\/wp-content\/uploads\/2018\/09\/WhatsApp-Image-2018-09-20-at-16.04.06.jpeg\" alt=\"\" width=\"800\" height=\"100\" srcset=\"https:\/\/www.radiopiu.net\/wordpress\/wp-content\/uploads\/2018\/09\/WhatsApp-Image-2018-09-20-at-16.04.06.jpeg 800w, https:\/\/www.radiopiu.net\/wordpress\/wp-content\/uploads\/2018\/09\/WhatsApp-Image-2018-09-20-at-16.04.06-300x38.jpeg 300w, https:\/\/www.radiopiu.net\/wordpress\/wp-content\/uploads\/2018\/09\/WhatsApp-Image-2018-09-20-at-16.04.06-768x96.jpeg 768w\" sizes=\"auto, (max-width: 800px) 100vw, 800px\" \/><\/a><\/p>\n<\/div>\n<\/div>\n<div class=\"message spoilers-container\" dir=\"auto\"><\/div>\n<p><center><\/center><center><b>OGGI<\/b><\/center><b>Tempo atteso: <\/b>Al mattino tempo discreto\/variabile con alternanza di schiarite e di annuvolamenti irregolari. In seguito crescente nuvolosit\u00e0, anche cumuliforme per ritorno dell&#8217;instabilit\u00e0, responsabile di fenomeni convettivi al pomeriggio\/sera.<br \/>\n<b>Precipitazioni: <\/b>Primi fenomeni entro le ore cntrali (20-30%), al pomeriggio probabili rovesci sparsi (70-80%), spesso anche temporaleschi.<br \/>\n<b>Temperature: <\/b>Minime del mattino in aumento, anche se quelle assolute saranno osservate alle sera in quota; massime in diminuzione.<\/p>\n<hr \/>\n<p><center><b>DOMANI<\/b><\/center><b>Tempo atteso: <\/b>Al mattino parziale miglioramento del tempo sulle Dolomiti con rasserenamenti e nuvolosit\u00e0 sempre pi\u00f9 residua, mentre la nuvolosit\u00e0 sar\u00e0 maggiore sulle Prealpi per il perdurare dell&#8217;instabilit\u00e0 notturna, seppur in attenuazione. Dalle ore centrali miglioramento del tempo ovunque con ampi tratti soleggiati e transito di nubi alte, assieme a qualche cumulo.<br \/>\n<b>Precipitazioni: <\/b>Nella notte probabili residui fenomeni sulle Dolomiti (20-30%), mentre l&#8217;instabilit\u00e0 sar\u00e0 ancora presente sulle Prealpi con rovesci e temporali (70-80%), in esaurimento nel corso del mattino. Poi fenomeni assenti ovunque (0%).<br \/>\n<b>Temperature: <\/b>Minime in diminuzione, eccetto qualche aumento sulla fascia prealpina; massime in generale lieve ripresa.<\/p>\n<hr \/>\n<p><center><b>VENERDI<\/b><\/center>Al mattino tempo soleggiato con transito di sottili nubi alte. Al pomeriggio modesta o localmente moderata attivit\u00e0 cumuliforme sulle Dolomiti con qualche sporadico piovasco. Sulle Prealpi maggiore nuvolosit\u00e0 cumuliforme e instabilit\u00e0 pi\u00f9 marcata con maggiore probabilit\u00e0 di rovesci e locali temporali. Temperature minime in calo e massime in ripresa.<\/p>\n<hr \/>\n<p><center><b>SABATO<\/b><\/center>Maggiore soleggiamento con modesti annuvolamenti per contenuta attivit\u00e0 cumuliforme durante le ore pi\u00f9 calde. L&#8217;avvezione di aria assai pi\u00f9 secca dovrebbe contrastare l&#8217;instabilit\u00e0 pomeridiana. Temperature senza notevoli variazioni rispetto a venerd\u00ec, eccetto calo delle minime nelle valli.<\/p>\n<p>&nbsp;<\/p>\n<div class=\"message spoilers-container\" dir=\"auto\">\n<hr \/>\n<p>&nbsp;<\/p>\n<p><a class=\"dt-pswp-item\" href=\"https:\/\/www.radiopiu.net\/wordpress\/wp-content\/uploads\/2018\/09\/sport.jpg\" data-dt-img-description=\"\" data-large_image_width=\"800\" data-large_image_height=\"100\"><img loading=\"lazy\" decoding=\"async\" class=\"aligncenter wp-image-60761 size-full\" src=\"https:\/\/www.radiopiu.net\/wordpress\/wp-content\/uploads\/2018\/09\/sport.jpg\" alt=\"\" width=\"800\" height=\"100\" srcset=\"https:\/\/www.radiopiu.net\/wordpress\/wp-content\/uploads\/2018\/09\/sport.jpg 800w, https:\/\/www.radiopiu.net\/wordpress\/wp-content\/uploads\/2018\/09\/sport-300x38.jpg 300w, https:\/\/www.radiopiu.net\/wordpress\/wp-content\/uploads\/2018\/09\/sport-768x96.jpg 768w\" sizes=\"auto, (max-width: 800px) 100vw, 800px\" \/><\/a><\/p>\n<\/div>\n<div class=\"message spoilers-container\" dir=\"auto\">\n<p>&nbsp;<\/p>\n<p><span style=\"color: #0000ff;\"><strong>CICLISMO<\/strong><\/span><\/p>\n<blockquote>\n<h3><span style=\"color: #ff99cc;\">IL GIRO D\u2019ITALIA ALLE TRE CIME DI LAVAREDO, IL COMUNE DI AURONZO CONFERISCE LA CITTADINANZA ONORARIA A VINCENZO NIBALI<\/span><\/h3>\n<\/blockquote>\n<p><a class=\"dt-pswp-item\" href=\"https:\/\/www.radiopiu.net\/wordpress\/wp-content\/uploads\/2023\/05\/737EVP0knnCGc6I2eOSS_190523-105849.jpg\" data-dt-img-description=\"\" data-large_image_width=\"1280\" data-large_image_height=\"640\"><img loading=\"lazy\" decoding=\"async\" class=\" wp-image-337138 alignleft\" src=\"https:\/\/www.radiopiu.net\/wordpress\/wp-content\/uploads\/2023\/05\/737EVP0knnCGc6I2eOSS_190523-105849-300x150.jpg\" alt=\"\" width=\"160\" height=\"80\" srcset=\"https:\/\/www.radiopiu.net\/wordpress\/wp-content\/uploads\/2023\/05\/737EVP0knnCGc6I2eOSS_190523-105849-300x150.jpg 300w, https:\/\/www.radiopiu.net\/wordpress\/wp-content\/uploads\/2023\/05\/737EVP0knnCGc6I2eOSS_190523-105849-1024x512.jpg 1024w, https:\/\/www.radiopiu.net\/wordpress\/wp-content\/uploads\/2023\/05\/737EVP0knnCGc6I2eOSS_190523-105849-768x384.jpg 768w, https:\/\/www.radiopiu.net\/wordpress\/wp-content\/uploads\/2023\/05\/737EVP0knnCGc6I2eOSS_190523-105849.jpg 1280w\" sizes=\"auto, (max-width: 160px) 100vw, 160px\" \/><\/a><strong>AURONZO <\/strong>Venerd\u00ec il Giro d\u2019Italia arriver\u00e0, per l\u2019ottava volta nella storia, al rifugio Auronzo. Lo far\u00e0 nella <a href=\"http:\/\/19.ma\">19.ma<\/a> tappa, la tappa regina del Giro 106, vale a dire la Longarone \u2013 Tre Cime di Lavaredo (rifugio Auronzo), frazione che misura 183 chilometri di sviluppo e che propone 5.400 metri di dislivello, con cinque gran premi della montagna, nell\u2019ordine il passo Campolongo, il passo Valparola, il passo Giau e l\u2019ascesa finale alle Tre Cime, salita non lunghissima (7 chilometri) ma che presenta diversi tratti al 18 per cento di pendenza. L\u2019ultima volta che il Giro \u00e8 approdato ai 2.330 metri del rifugio Auronzo \u00e8 stato esattamente dieci anni, il 25 maggio del 2013. Ad imporsi quel giorno, al termine della Silandro \u2013 Tre Cime, fu la maglia rosa, Vincenzo Nibali: il siciliano vinse sotto una fitta nevicata, partendo a tre chilometri dall\u2019arrivo e trionfando in perfetta solitudine, mettendo cos\u00ec il sigillo pi\u00f9 bello alla sua prima vittoria nella corsa rosa (il secondo trionfo arriv\u00f2 tre anni pi\u00f9 tardi, nel 2016). Domani, alla vigilia dell\u2019arrivo alle Tre Cime, il Comune di Auronzo conferir\u00e0 a Nibali la cittadinanza onoraria. \u00abProtagonista di un&#8217;impresa epica, il 25 maggio 2013 con l&#8217;arrivo alle Tre Cime di Lavaredo ha scritto il proprio nome tra i vincitori di una delle salite pi\u00f9 iconiche del Giro d&#8217;Italia\u00bb si legge nella motivazione del conferimento. \u00abHa contribuito a divulgare nel mondo la lealt\u00e0, la tenacia, il coraggio, la perseveranza come veri valori che il Ciclismo sa trasmettere\u00bb. Il conferimento della cittadinanza onoraria avverr\u00e0 nella serata di gioved\u00ec 25 maggio, alle 21.30, nella sala consiliare del municipio di Auronzo. L\u2019ingresso al pubblico \u00e8 libero. (FOTO: giroditalia.it)<\/p>\n<p>&nbsp;<\/p>\n<p><span style=\"color: #0000ff;\"><strong>PALLAVOLO<\/strong><\/span><\/p>\n<blockquote>\n<h3><a class=\"dt-pswp-item\" href=\"https:\/\/www.radiopiu.net\/wordpress\/wp-content\/uploads\/2023\/05\/Andrea_Schiro_primo_volto_nuovo_della_DRL.jpg\" data-dt-img-description=\"7^ giornata and Agnelli Tipiesse-HRK Motta di Livenza\" data-large_image_width=\"1422\" data-large_image_height=\"797\"><img loading=\"lazy\" decoding=\"async\" class=\"wp-image-337142 alignleft\" src=\"https:\/\/www.radiopiu.net\/wordpress\/wp-content\/uploads\/2023\/05\/Andrea_Schiro_primo_volto_nuovo_della_DRL-300x168.jpg\" alt=\"\" width=\"177\" height=\"99\" srcset=\"https:\/\/www.radiopiu.net\/wordpress\/wp-content\/uploads\/2023\/05\/Andrea_Schiro_primo_volto_nuovo_della_DRL-300x168.jpg 300w, https:\/\/www.radiopiu.net\/wordpress\/wp-content\/uploads\/2023\/05\/Andrea_Schiro_primo_volto_nuovo_della_DRL-1024x574.jpg 1024w, https:\/\/www.radiopiu.net\/wordpress\/wp-content\/uploads\/2023\/05\/Andrea_Schiro_primo_volto_nuovo_della_DRL-768x430.jpg 768w, https:\/\/www.radiopiu.net\/wordpress\/wp-content\/uploads\/2023\/05\/Andrea_Schiro_primo_volto_nuovo_della_DRL.jpg 1422w\" sizes=\"auto, (max-width: 177px) 100vw, 177px\" \/><\/a>OGGI LA PRESENTAZIONE DI ANDREA SCHIRO, IL NUOVO GIOCATORE DELLA PALLAVOLO BELLUNO<\/h3>\n<\/blockquote>\n<p><strong>BELLUNO<\/strong> Oggi alle 17:30 verr\u00e0 presentato Andrea Schiro, il nuovo giocatore della Pallavolo Belluno Maschile. Schiro arriva dalla Serie A2. E, precisamente, da Motta di Livenza. Classe 2001, \u00e8 vicentino di origine (nato a Thiene), ma cresciuto nella Pallavolo Padova: proprio in bianconero ha esordito in Superlega e messo a segno 16 punti, all\u2019interno della stagione 2021-2022.La scorsa estate, inoltre, si \u00e8 laureato campione d\u2019Europa con la Nazionale italiana Under 22 e, in precedenza, campione del mondo Under 21.<\/p>\n<p>&nbsp;<\/p>\n<p><span style=\"color: #0000ff;\"><strong>KARATE<\/strong><\/span><\/p>\n<blockquote>\n<h3>A CAORLE IN TRIONFO LE RAGAZZE DEL KARATE TEAM DOLOMITI 1970<\/h3>\n<\/blockquote>\n<div class=\"flex flex-grow flex-col gap-3\">\n<div class=\"min-h-[20px] flex flex-col items-start gap-4 whitespace-pre-wrap break-words\">\n<div class=\"markdown prose w-full break-words dark:prose-invert light\">\n<p><strong>REDAZIONE<\/strong> Ancora una volta il Karate Team Dolomiti 1970 si distingue per i suoi risultati positivi. A Caorle, la dinamica e combattiva societ\u00e0 bellunese \u00e8 stata premiata durante il 1\u00b0 Trofeo Nazionale Citt\u00e0 di Caorle Karate Libertas. La squadra, guidata dal Maestro Moreno Vittorio, ha presentato sul tatami un gruppo di atlete talentuose. La giovane Joanna Sirbu,\u00a0 si \u00e8 aggiudicata la medaglia d&#8217;oro nella categoria juniores +59 kg. L&#8217;agordina Martina Fuso ha invece conquistato l&#8217;argento, posizionandosi alle spalle della Sirbu. La pontalpina Nataly Reveane, alla sua seconda competizione, ha ottenuto il bronzo nella categoria Cadetti -47 kg. La giovanissima Marta Terribile ha debuttato nella competizione agonistica classificandosi al quinto posto nella classe Esordienti, con un peso massimo di 42 kg. Le sensazioni positive e i nuovi spunti per migliorare hanno reso questa competizione estremamente proficua per il team. Va sottolineato che la Masoch non ha potuto partecipare a questa competizione, essendo stata impegnata il giorno precedente negli Open del Veneto a Padova. In tale evento, che faceva parte del ranking nazionale, si \u00e8 classificata al settimo posto nella categoria juniores 48 kg, affrontando una selezione agguerrita delle migliori atlete d&#8217;Italia. Il prossimo impegno per la Masoch e le altre atlete del team sar\u00e0 la Youth League di Porec, in Croazia, che si terr\u00e0 dal 29 giugno al 2 luglio. Si tratta di una competizione di livello mondiale riservata ai giovani dai 12 ai 21 anni provenienti dai cinque continenti. Pertanto, gli allenamenti proseguono senza sosta presso le sedi di Taibon Agordino, nella palestra della Scuola Primaria, e a Belluno, presso il Palasport &#8220;De Mas&#8221;.<\/p>\n<p><a class=\"dt-pswp-item\" href=\"https:\/\/www.radiopiu.net\/wordpress\/wp-content\/uploads\/2023\/05\/KT-DOLOMITI-CAORLE-1-scaled.jpg\" data-dt-img-description=\"\" data-large_image_width=\"2560\" data-large_image_height=\"1584\"><img loading=\"lazy\" decoding=\"async\" class=\"aligncenter wp-image-337175 \" src=\"https:\/\/www.radiopiu.net\/wordpress\/wp-content\/uploads\/2023\/05\/KT-DOLOMITI-CAORLE-1-1024x634.jpg\" alt=\"\" width=\"598\" height=\"370\" srcset=\"https:\/\/www.radiopiu.net\/wordpress\/wp-content\/uploads\/2023\/05\/KT-DOLOMITI-CAORLE-1-1024x634.jpg 1024w, https:\/\/www.radiopiu.net\/wordpress\/wp-content\/uploads\/2023\/05\/KT-DOLOMITI-CAORLE-1-300x186.jpg 300w, https:\/\/www.radiopiu.net\/wordpress\/wp-content\/uploads\/2023\/05\/KT-DOLOMITI-CAORLE-1-768x475.jpg 768w, https:\/\/www.radiopiu.net\/wordpress\/wp-content\/uploads\/2023\/05\/KT-DOLOMITI-CAORLE-1-1536x950.jpg 1536w, https:\/\/www.radiopiu.net\/wordpress\/wp-content\/uploads\/2023\/05\/KT-DOLOMITI-CAORLE-1-2048x1267.jpg 2048w\" sizes=\"auto, (max-width: 598px) 100vw, 598px\" \/><\/a><\/p>\n<blockquote><p><em>Il Karate Team Dolomiti 1970 continua a dimostrare la propria competitivit\u00e0 e impegno nel panorama delle arti marziali. Grazie alle performance di talentuose atlete e alla guida del Maestro Moreno Vittorio, la societ\u00e0 bellunese si conferma una realt\u00e0 di rilievo nel karate italiano e si prepara ad affrontare nuove sfide a livello nazionale e internazionale.<\/em><\/p><\/blockquote>\n<\/div>\n<\/div>\n<\/div>\n<div class=\"flex justify-between lg:block\">\n<div class=\"text-xs flex items-center justify-center gap-1 self-center pt-2 !invisible\">\n<p>foto: Martina Fuso, Nataly Reveane, Vittorio Moreno, Marta Terribile e Joanna Sirbu<\/p>\n<\/div>\n<div class=\"text-gray-400 flex self-end lg:self-center justify-center mt-2 gap-2 md:gap-3 lg:gap-1 lg:absolute lg:top-0 lg:translate-x-full lg:right-0 lg:mt-0 lg:pl-2 visible\">\n<p>&nbsp;<\/p>\n<div class=\"flex gap-1\"><\/div>\n<\/div>\n<\/div>\n<\/div>\n<p>&nbsp;<\/p>\n","protected":false},"excerpt":{"rendered":"<p>ISCRIVITI AL NOSTRO CANALE\u00a0 YOUTUBE PER SEGUIRE IN DIRETTA I PRINCIPALI PROGRAMMI DI RADIO PIU&#8217; E LE FUTURE DIRETTE IN ESTERNA. PER ISCRIVERTI CLICCA QUI E PREMI\u00a0 &#8220;Iscriviti&#8221;\u00a0 &nbsp; &nbsp; IL GIRO D\u2019ITALIA IN VENETO. 5 CITTA\u2019, 3 TAPPE E 500 KM. Il 24 maggio l\u2019esercito marciava per raggiungere la frontiera e far contro il&hellip;<\/p>\n","protected":false},"author":4,"featured_media":337165,"comment_status":"closed","ping_status":"closed","sticky":false,"template":"","format":"standard","meta":{"_monsterinsights_skip_tracking":false,"_monsterinsights_sitenote_active":false,"_monsterinsights_sitenote_note":"","_monsterinsights_sitenote_category":0,"footnotes":""},"categories":[51,86,49],"tags":[],"class_list":["post-337087","post","type-post","status-publish","format-standard","has-post-thumbnail","hentry","category-evidenza-top","category-gr","category-news-18","category-51","category-86","category-49","description-off"],"img_url":"https:\/\/www.radiopiu.net\/wordpress\/wp-content\/uploads\/2023\/05\/ConcorsoCittaBelluno_1.jpg","_links":{"self":[{"href":"https:\/\/www.radiopiu.net\/wordpress\/wp-json\/wp\/v2\/posts\/337087","targetHints":{"allow":["GET"]}}],"collection":[{"href":"https:\/\/www.radiopiu.net\/wordpress\/wp-json\/wp\/v2\/posts"}],"about":[{"href":"https:\/\/www.radiopiu.net\/wordpress\/wp-json\/wp\/v2\/types\/post"}],"author":[{"embeddable":true,"href":"https:\/\/www.radiopiu.net\/wordpress\/wp-json\/wp\/v2\/users\/4"}],"replies":[{"embeddable":true,"href":"https:\/\/www.radiopiu.net\/wordpress\/wp-json\/wp\/v2\/comments?post=337087"}],"version-history":[{"count":0,"href":"https:\/\/www.radiopiu.net\/wordpress\/wp-json\/wp\/v2\/posts\/337087\/revisions"}],"wp:featuredmedia":[{"embeddable":true,"href":"https:\/\/www.radiopiu.net\/wordpress\/wp-json\/wp\/v2\/media\/337165"}],"wp:attachment":[{"href":"https:\/\/www.radiopiu.net\/wordpress\/wp-json\/wp\/v2\/media?parent=337087"}],"wp:term":[{"taxonomy":"category","embeddable":true,"href":"https:\/\/www.radiopiu.net\/wordpress\/wp-json\/wp\/v2\/categories?post=337087"},{"taxonomy":"post_tag","embeddable":true,"href":"https:\/\/www.radiopiu.net\/wordpress\/wp-json\/wp\/v2\/tags?post=337087"}],"curies":[{"name":"wp","href":"https:\/\/api.w.org\/{rel}","templated":true}]}}