{"id":337131,"date":"2023-05-23T10:31:37","date_gmt":"2023-05-23T08:31:37","guid":{"rendered":"https:\/\/www.radiopiu.net\/wordpress\/?p=337131"},"modified":"2023-05-24T06:20:00","modified_gmt":"2023-05-24T04:20:00","slug":"rc-auto-veneto-ad-aprile-206-rispetto-a-12-mesi-fa","status":"publish","type":"post","link":"https:\/\/www.radiopiu.net\/wordpress\/rc-auto-veneto-ad-aprile-206-rispetto-a-12-mesi-fa\/","title":{"rendered":"RC AUTO VENETO: AD APRILE +20,6% RISPETTO A 12 MESI FA"},"content":{"rendered":"<p><strong>MILANO <\/strong>Ancora brutte notizie per gli automobilisti veneti; dopo il caro-mutui e l\u2019aumento generalizzato dei prezzi dei beni di consumo, anche il rincaro dell\u2019Rc auto iniziato quasi un anno e mezzo fa non stenta a rallentare tanto \u00e8 vero che, come evidenziato dall\u2019Osservatorio di Facile.it, in appena 12 mesi, il premio medio pagato in Veneto per assicurare un veicolo a quattro ruote \u00e8 cresciuto del 20,6% arrivando, ad aprile 2023, a 426,32 euro. Lo scorso mese la regione \u00e8 risultata essere la quarta area della Penisola con il premio medio pi\u00f9 basso, posizionandosi dopo il Friuli-Venezia Giulia (368,99 euro), il Trentino-Alto Adige (408,48 euro) e la Lombardia (408,50 euro). Il dato emerge dall\u2019analisi di un campione di oltre 1.000.000 preventivi e relative quotazioni effettuati in Veneto e raccolti da Facile.it nel corso degli ultimi 12 mesi. A segnare l\u2019aumento pi\u00f9 consistente \u00e8 Padova, area dove lo scorso mese i valori medi sono saliti del 25,1% rispetto ad aprile 2022, raggiungendo i 440,22 euro, seguita da Verona (+21,7%, 431,39 euro). Rincari inferiori alla media regionale per Treviso, che in 12 mesi ha vissuto un incremento del 18,6% (423,09 euro), Venezia (+17,9%, 438,29 euro) e Vicenza (+17,8%, 399,98 euro). Chiude la graduatoria veneta la provincia di Belluno, area che ad aprile ha registrato un rialzo delle tariffe del 9,8%, arrivando a 348,38 euro. In valori assoluti, sempre ad aprile 2023, Padova \u00e8 risultata essere la provincia pi\u00f9 cara della regione, Belluno la pi\u00f9 economica.<\/p>\n<p><a class=\"dt-pswp-item\" href=\"https:\/\/www.radiopiu.net\/wordpress\/wp-content\/uploads\/2023\/05\/ASSFAC.png\" data-dt-img-description=\"\" data-large_image_width=\"522\" data-large_image_height=\"237\"><img loading=\"lazy\" decoding=\"async\" class=\"wp-image-337132 aligncenter\" src=\"https:\/\/www.radiopiu.net\/wordpress\/wp-content\/uploads\/2023\/05\/ASSFAC-300x136.png\" alt=\"\" width=\"435\" height=\"197\" srcset=\"https:\/\/www.radiopiu.net\/wordpress\/wp-content\/uploads\/2023\/05\/ASSFAC-300x136.png 300w, https:\/\/www.radiopiu.net\/wordpress\/wp-content\/uploads\/2023\/05\/ASSFAC.png 522w\" sizes=\"auto, (max-width: 435px) 100vw, 435px\" \/><\/a><\/p>\n<p>&nbsp;<\/p>\n<p>&nbsp;<\/p>\n<p>&nbsp;<\/p>\n<p>********<\/p>\n","protected":false},"excerpt":{"rendered":"<p>MILANO Ancora brutte notizie per gli automobilisti veneti; dopo il caro-mutui e l\u2019aumento generalizzato dei prezzi dei beni di consumo, anche il rincaro dell\u2019Rc auto iniziato quasi un anno e mezzo fa non stenta a rallentare tanto \u00e8 vero che, come evidenziato dall\u2019Osservatorio di Facile.it, in appena 12 mesi, il premio medio pagato in Veneto&hellip;<\/p>\n","protected":false},"author":4,"featured_media":337133,"comment_status":"closed","ping_status":"closed","sticky":false,"template":"","format":"standard","meta":{"_monsterinsights_skip_tracking":false,"_monsterinsights_sitenote_active":false,"_monsterinsights_sitenote_note":"","_monsterinsights_sitenote_category":0,"footnotes":""},"categories":[51,49],"tags":[],"class_list":["post-337131","post","type-post","status-publish","format-standard","has-post-thumbnail","hentry","category-evidenza-top","category-news-18","category-51","category-49","description-off"],"img_url":"https:\/\/www.radiopiu.net\/wordpress\/wp-content\/uploads\/2023\/05\/Rc-auto_c-Spectrumblue_lr.jpg","_links":{"self":[{"href":"https:\/\/www.radiopiu.net\/wordpress\/wp-json\/wp\/v2\/posts\/337131","targetHints":{"allow":["GET"]}}],"collection":[{"href":"https:\/\/www.radiopiu.net\/wordpress\/wp-json\/wp\/v2\/posts"}],"about":[{"href":"https:\/\/www.radiopiu.net\/wordpress\/wp-json\/wp\/v2\/types\/post"}],"author":[{"embeddable":true,"href":"https:\/\/www.radiopiu.net\/wordpress\/wp-json\/wp\/v2\/users\/4"}],"replies":[{"embeddable":true,"href":"https:\/\/www.radiopiu.net\/wordpress\/wp-json\/wp\/v2\/comments?post=337131"}],"version-history":[{"count":0,"href":"https:\/\/www.radiopiu.net\/wordpress\/wp-json\/wp\/v2\/posts\/337131\/revisions"}],"wp:featuredmedia":[{"embeddable":true,"href":"https:\/\/www.radiopiu.net\/wordpress\/wp-json\/wp\/v2\/media\/337133"}],"wp:attachment":[{"href":"https:\/\/www.radiopiu.net\/wordpress\/wp-json\/wp\/v2\/media?parent=337131"}],"wp:term":[{"taxonomy":"category","embeddable":true,"href":"https:\/\/www.radiopiu.net\/wordpress\/wp-json\/wp\/v2\/categories?post=337131"},{"taxonomy":"post_tag","embeddable":true,"href":"https:\/\/www.radiopiu.net\/wordpress\/wp-json\/wp\/v2\/tags?post=337131"}],"curies":[{"name":"wp","href":"https:\/\/api.w.org\/{rel}","templated":true}]}}