{"id":337158,"date":"2023-05-23T14:05:02","date_gmt":"2023-05-23T12:05:02","guid":{"rendered":"https:\/\/www.radiopiu.net\/wordpress\/?p=337158"},"modified":"2023-05-23T14:05:03","modified_gmt":"2023-05-23T12:05:03","slug":"il-commissario-dal-ben-a-cortina-lorenzi-obiettivo-sentirci-spesso","status":"publish","type":"post","link":"https:\/\/www.radiopiu.net\/wordpress\/il-commissario-dal-ben-a-cortina-lorenzi-obiettivo-sentirci-spesso\/","title":{"rendered":"IL COMMISSARIO DAL BEN A CORTINA. LORENZI &#8220;OBIETTIVO: SENTIRCI SPESSO&#8221;."},"content":{"rendered":"<p><strong><a class=\"dt-pswp-item\" href=\"https:\/\/www.radiopiu.net\/wordpress\/wp-content\/uploads\/2023\/05\/d0b2fb70-6d97-483a-9091-e98c3682e459.jpg\" data-dt-img-description=\"\" data-large_image_width=\"1496\" data-large_image_height=\"1496\"><img loading=\"lazy\" decoding=\"async\" class=\"size-medium wp-image-337161 alignleft\" src=\"https:\/\/www.radiopiu.net\/wordpress\/wp-content\/uploads\/2023\/05\/d0b2fb70-6d97-483a-9091-e98c3682e459-300x300.jpg\" alt=\"\" width=\"300\" height=\"300\" srcset=\"https:\/\/www.radiopiu.net\/wordpress\/wp-content\/uploads\/2023\/05\/d0b2fb70-6d97-483a-9091-e98c3682e459-300x300.jpg 300w, https:\/\/www.radiopiu.net\/wordpress\/wp-content\/uploads\/2023\/05\/d0b2fb70-6d97-483a-9091-e98c3682e459-1024x1024.jpg 1024w, https:\/\/www.radiopiu.net\/wordpress\/wp-content\/uploads\/2023\/05\/d0b2fb70-6d97-483a-9091-e98c3682e459-150x150.jpg 150w, https:\/\/www.radiopiu.net\/wordpress\/wp-content\/uploads\/2023\/05\/d0b2fb70-6d97-483a-9091-e98c3682e459-768x768.jpg 768w, https:\/\/www.radiopiu.net\/wordpress\/wp-content\/uploads\/2023\/05\/d0b2fb70-6d97-483a-9091-e98c3682e459.jpg 1496w\" sizes=\"auto, (max-width: 300px) 100vw, 300px\" \/><\/a>CORTINA<\/strong> Il Commissario dell&#8217;Ulss Dolomiti Giuseppe Dal Ben,\u00a0 ha incontrato il sindaco di Cortina, Gianluca Lorenzi, per affrontare le tematiche emergenti nel campo sanitario. L&#8217;obiettivo principale della riunione era trovare soluzioni efficaci e tempestive per le sfide attuali. Durante l&#8217;incontro, il Commissario Dal Ben ha rassicurato il sindaco Lorenzi riguardo alla sostituzione immediata della dottoressa Bosco con un nuovo medico di medicina generale. Inoltre, \u00e8 stato messo a disposizione del nuovo medico un ambulatorio presso il Distretto socio sanitario di Cortina, che sar\u00e0 adeguato alle sue necessit\u00e0. Il sindaco Lorenzi ha espresso la sua gratitudine al Commissario Dal Ben per la disponibilit\u00e0 immediata all&#8217;incontro e per il proficuo dibattito che ha affrontato le questioni relative ai medici di base e al futuro del Codivilla. Sottolineando la reciproca volont\u00e0 di risolvere le problematiche, il sindaco ha dichiarato che si \u00e8 gi\u00e0 giunti a delle soluzioni che troveranno presto soddisfazione. Tuttavia, il sindaco si \u00e8 detto sorpreso dalla strumentalizzazione che \u00e8 stata fatta in merito alla situazione della dottoressa Bosco, affermando che attribuire le responsabilit\u00e0 alle istituzioni, quando invece si tratta di scelte personali, \u00e8 un&#8217;azione che non pu\u00f2 condividere. Ha invitato coloro che criticano senza conoscere a fondo la questione a informarsi adeguatamente, sottolineando che risolvere i problemi e offrire aiuto richiede un minimo <a class=\"dt-pswp-item\" href=\"https:\/\/www.radiopiu.net\/wordpress\/wp-content\/uploads\/2023\/05\/a2964159-064e-48a4-af88-2c6c690691f5.jpg\" data-dt-img-description=\"\" data-large_image_width=\"1496\" data-large_image_height=\"1496\"><img loading=\"lazy\" decoding=\"async\" class=\"wp-image-337162 alignright\" src=\"https:\/\/www.radiopiu.net\/wordpress\/wp-content\/uploads\/2023\/05\/a2964159-064e-48a4-af88-2c6c690691f5-300x300.jpg\" alt=\"\" width=\"191\" height=\"191\" srcset=\"https:\/\/www.radiopiu.net\/wordpress\/wp-content\/uploads\/2023\/05\/a2964159-064e-48a4-af88-2c6c690691f5-300x300.jpg 300w, https:\/\/www.radiopiu.net\/wordpress\/wp-content\/uploads\/2023\/05\/a2964159-064e-48a4-af88-2c6c690691f5-1024x1024.jpg 1024w, https:\/\/www.radiopiu.net\/wordpress\/wp-content\/uploads\/2023\/05\/a2964159-064e-48a4-af88-2c6c690691f5-150x150.jpg 150w, https:\/\/www.radiopiu.net\/wordpress\/wp-content\/uploads\/2023\/05\/a2964159-064e-48a4-af88-2c6c690691f5-768x768.jpg 768w, https:\/\/www.radiopiu.net\/wordpress\/wp-content\/uploads\/2023\/05\/a2964159-064e-48a4-af88-2c6c690691f5.jpg 1496w\" sizes=\"auto, (max-width: 191px) 100vw, 191px\" \/><\/a>sforzo di documentazione. Successivamente, il Commissario Dal Ben ha effettuato un sopralluogo con la Direzione Lavori presso il cantiere del Codivilla e il distretto socio sanitario. L&#8217;obiettivo era verificare di persona lo stato di avanzamento dei lavori al Codivilla. Durante la visita, \u00e8 stata comunicata una notizia positiva: \u00e8 stata individuata l&#8217;impresa che riprender\u00e0 il cantiere, dopo le attuali operazioni di pulizia. Il Commissario ha concluso affermando che da quel momento in avanti terr\u00e0 incontri settimanali per monitorare attentamente lo sviluppo del cantiere. Il prossimo incontro \u00e8 stato gi\u00e0 fissato per il 31 maggio.<\/p>\n<p>&nbsp;<\/p>\n<div class=\"flex-1 overflow-hidden\">\n<div class=\"react-scroll-to-bottom--css-qydlh-79elbk h-full dark:bg-gray-800\">\n<div class=\"react-scroll-to-bottom--css-qydlh-1n7m0yu\">\n<div class=\"flex flex-col text-sm dark:bg-gray-800\">\n<div class=\"group w-full text-gray-800 dark:text-gray-100 border-b border-black\/10 dark:border-gray-900\/50 bg-gray-50 dark:bg-[#444654]\">\n<div class=\"flex p-4 gap-4 text-base md:gap-6 md:max-w-2xl lg:max-w-xl xl:max-w-3xl md:py-6 lg:px-0 m-auto\">\n<div class=\"relative flex w-[calc(100%-50px)] flex-col gap-1 md:gap-3 lg:w-[calc(100%-115px)]\">\n<div class=\"flex justify-between lg:block\">\n<div class=\"text-xs flex items-center justify-center gap-1 self-center pt-2 !invisible\"><\/div>\n<div><strong>IL COMMISSARIO DELLA ULSS1_DOLOMITI, GIUSEPPE DAL BEN<\/strong><\/div>\n<div><\/div>\n<\/div>\n<\/div>\n<div>\n<audio class=\"wp-audio-shortcode\" id=\"audio-337158-1\" preload=\"none\" style=\"width: 100%;\" controls=\"controls\"><source type=\"audio\/mpeg\" src=\"https:\/\/www.radiopiu.net\/wordpress\/wp-content\/uploads\/2023\/05\/dalben.mp3?_=1\" \/><a href=\"https:\/\/www.radiopiu.net\/wordpress\/wp-content\/uploads\/2023\/05\/dalben.mp3\">https:\/\/www.radiopiu.net\/wordpress\/wp-content\/uploads\/2023\/05\/dalben.mp3<\/a><\/audio>\n<p>&nbsp;<\/p>\n<p><strong>IL SINDACO GIANLUCA LORENZI\u00a0<\/strong><\/p>\n<audio class=\"wp-audio-shortcode\" id=\"audio-337158-2\" preload=\"none\" style=\"width: 100%;\" controls=\"controls\"><source type=\"audio\/mpeg\" src=\"https:\/\/www.radiopiu.net\/wordpress\/wp-content\/uploads\/2023\/05\/LORENZI.mp3?_=2\" \/><a href=\"https:\/\/www.radiopiu.net\/wordpress\/wp-content\/uploads\/2023\/05\/LORENZI.mp3\">https:\/\/www.radiopiu.net\/wordpress\/wp-content\/uploads\/2023\/05\/LORENZI.mp3<\/a><\/audio>\n<\/div>\n<div class=\"relative flex w-[calc(100%-50px)] flex-col gap-1 md:gap-3 lg:w-[calc(100%-115px)]\">\n<div class=\"flex justify-between lg:block\">\n<div>\n<div class=\"group w-full text-gray-800 dark:text-gray-100 border-b border-black\/10 dark:border-gray-900\/50 bg-gray-50 dark:bg-[#444654]\">\n<div class=\"flex p-4 gap-4 text-base md:gap-6 md:max-w-2xl lg:max-w-xl xl:max-w-3xl md:py-6 lg:px-0 m-auto\">\n<div class=\"relative flex w-[calc(100%-50px)] flex-col gap-1 md:gap-3 lg:w-[calc(100%-115px)]\">\n<div class=\"flex flex-grow flex-col gap-3\">\n<div class=\"min-h-[20px] flex flex-col items-start gap-4 whitespace-pre-wrap break-words\">\n<div class=\"markdown prose w-full break-words dark:prose-invert light\">\n<blockquote><p><em><a class=\"dt-pswp-item\" href=\"https:\/\/www.radiopiu.net\/wordpress\/wp-content\/uploads\/2023\/05\/174eb080-dcc3-468a-b013-4cf22849b0e0.jpg\" data-dt-img-description=\"\" data-large_image_width=\"1496\" data-large_image_height=\"1496\"><img loading=\"lazy\" decoding=\"async\" class=\"wp-image-337163 alignleft\" src=\"https:\/\/www.radiopiu.net\/wordpress\/wp-content\/uploads\/2023\/05\/174eb080-dcc3-468a-b013-4cf22849b0e0-300x300.jpg\" alt=\"\" width=\"183\" height=\"183\" srcset=\"https:\/\/www.radiopiu.net\/wordpress\/wp-content\/uploads\/2023\/05\/174eb080-dcc3-468a-b013-4cf22849b0e0-300x300.jpg 300w, https:\/\/www.radiopiu.net\/wordpress\/wp-content\/uploads\/2023\/05\/174eb080-dcc3-468a-b013-4cf22849b0e0-1024x1024.jpg 1024w, https:\/\/www.radiopiu.net\/wordpress\/wp-content\/uploads\/2023\/05\/174eb080-dcc3-468a-b013-4cf22849b0e0-150x150.jpg 150w, https:\/\/www.radiopiu.net\/wordpress\/wp-content\/uploads\/2023\/05\/174eb080-dcc3-468a-b013-4cf22849b0e0-768x768.jpg 768w, https:\/\/www.radiopiu.net\/wordpress\/wp-content\/uploads\/2023\/05\/174eb080-dcc3-468a-b013-4cf22849b0e0.jpg 1496w\" sizes=\"auto, (max-width: 183px) 100vw, 183px\" \/><\/a> <\/em><\/p>\n<p><em>\u00a0<\/em><\/p>\n<p><em>&#8220;L&#8217;incontro tra il Commissario dell&#8217;Ulss Dolomiti Giuseppe Dal Ben e il sindaco Gianluca Lorenzi ha dimostrato un impegno concreto e una volont\u00e0 comune di affrontare le problematiche sanitarie in modo rapido ed efficace. La sostituzione del medico di base e il monitoraggio attento dei lavori al Codivilla sono passi significativi verso il raggiungimento di soluzioni a lungo termine per il bene della comunit\u00e0&#8221;.<\/em><\/p><\/blockquote>\n<p>&nbsp;<\/p>\n<\/div>\n<\/div>\n<\/div>\n<\/div>\n<div class=\"text-xs flex items-center justify-center gap-1 self-center pt-2 !invisible\"><\/div>\n<div class=\"relative flex w-[calc(100%-50px)] flex-col gap-1 md:gap-3 lg:w-[calc(100%-115px)]\">\n<div class=\"flex justify-between lg:block\">\n<div class=\"text-gray-400 flex self-end lg:self-center justify-center mt-2 gap-2 md:gap-3 lg:gap-1 lg:absolute lg:top-0 lg:translate-x-full lg:right-0 lg:mt-0 lg:pl-2 visible\">\n<div class=\"flex gap-1\"><\/div>\n<\/div>\n<\/div>\n<\/div>\n<\/div>\n<\/div>\n<\/div>\n<div><\/div>\n<div class=\"text-gray-400 flex self-end lg:self-center justify-center mt-2 gap-2 md:gap-3 lg:gap-1 lg:absolute lg:top-0 lg:translate-x-full lg:right-0 lg:mt-0 lg:pl-2 invisible\">\n<div class=\"flex gap-1\"><\/div>\n<\/div>\n<\/div>\n<\/div>\n<\/div>\n<\/div>\n<div class=\"h-32 md:h-48 flex-shrink-0\"><\/div>\n<\/div>\n<p><button class=\"cursor-pointer absolute right-6 bottom-[124px] md:bottom-[120px] z-10 rounded-full border border-gray-200 bg-gray-50 text-gray-600 dark:border-white\/10 dark:bg-white\/10 dark:text-gray-200\"><\/button><\/div>\n<\/div>\n<\/div>\n<div class=\"absolute bottom-0 left-0 w-full border-t md:border-t-0 dark:border-white\/20 md:border-transparent md:dark:border-transparent md:bg-vert-light-gradient bg-white dark:bg-gray-800 md:!bg-transparent dark:md:bg-vert-dark-gradient pt-2\">\n<form class=\"stretch mx-2 flex flex-row gap-3 last:mb-2 md:mx-4 md:last:mb-6 lg:mx-auto lg:max-w-2xl xl:max-w-3xl\">\n<div class=\"relative flex h-full flex-1 items-stretch md:flex-col\">\n<div class=\"\">\n<div class=\"h-full flex ml-1 md:w-full md:m-auto md:mb-2 gap-0 md:gap-2 justify-center\"><\/div>\n<\/div>\n<\/div>\n<\/form>\n<\/div>\n","protected":false},"excerpt":{"rendered":"<p>CORTINA Il Commissario dell&#8217;Ulss Dolomiti Giuseppe Dal Ben,\u00a0 ha incontrato il sindaco di Cortina, Gianluca Lorenzi, per affrontare le tematiche emergenti nel campo sanitario. L&#8217;obiettivo principale della riunione era trovare soluzioni efficaci e tempestive per le sfide attuali. Durante l&#8217;incontro, il Commissario Dal Ben ha rassicurato il sindaco Lorenzi riguardo alla sostituzione immediata della dottoressa&hellip;<\/p>\n","protected":false},"author":4,"featured_media":337161,"comment_status":"closed","ping_status":"closed","sticky":false,"template":"","format":"standard","meta":{"_monsterinsights_skip_tracking":false,"_monsterinsights_sitenote_active":false,"_monsterinsights_sitenote_note":"","_monsterinsights_sitenote_category":0,"footnotes":""},"categories":[49],"tags":[],"class_list":["post-337158","post","type-post","status-publish","format-standard","has-post-thumbnail","hentry","category-news-18","category-49","description-off"],"img_url":"https:\/\/www.radiopiu.net\/wordpress\/wp-content\/uploads\/2023\/05\/d0b2fb70-6d97-483a-9091-e98c3682e459.jpg","_links":{"self":[{"href":"https:\/\/www.radiopiu.net\/wordpress\/wp-json\/wp\/v2\/posts\/337158","targetHints":{"allow":["GET"]}}],"collection":[{"href":"https:\/\/www.radiopiu.net\/wordpress\/wp-json\/wp\/v2\/posts"}],"about":[{"href":"https:\/\/www.radiopiu.net\/wordpress\/wp-json\/wp\/v2\/types\/post"}],"author":[{"embeddable":true,"href":"https:\/\/www.radiopiu.net\/wordpress\/wp-json\/wp\/v2\/users\/4"}],"replies":[{"embeddable":true,"href":"https:\/\/www.radiopiu.net\/wordpress\/wp-json\/wp\/v2\/comments?post=337158"}],"version-history":[{"count":0,"href":"https:\/\/www.radiopiu.net\/wordpress\/wp-json\/wp\/v2\/posts\/337158\/revisions"}],"wp:featuredmedia":[{"embeddable":true,"href":"https:\/\/www.radiopiu.net\/wordpress\/wp-json\/wp\/v2\/media\/337161"}],"wp:attachment":[{"href":"https:\/\/www.radiopiu.net\/wordpress\/wp-json\/wp\/v2\/media?parent=337158"}],"wp:term":[{"taxonomy":"category","embeddable":true,"href":"https:\/\/www.radiopiu.net\/wordpress\/wp-json\/wp\/v2\/categories?post=337158"},{"taxonomy":"post_tag","embeddable":true,"href":"https:\/\/www.radiopiu.net\/wordpress\/wp-json\/wp\/v2\/tags?post=337158"}],"curies":[{"name":"wp","href":"https:\/\/api.w.org\/{rel}","templated":true}]}}