{"id":337238,"date":"2023-05-24T07:55:44","date_gmt":"2023-05-24T05:55:44","guid":{"rendered":"https:\/\/www.radiopiu.net\/wordpress\/?p=337238"},"modified":"2023-05-24T07:57:25","modified_gmt":"2023-05-24T05:57:25","slug":"la-rassegna-stampa-locale-dal-1983-di-mirko-mezzacasa-8","status":"publish","type":"post","link":"https:\/\/www.radiopiu.net\/wordpress\/la-rassegna-stampa-locale-dal-1983-di-mirko-mezzacasa-8\/","title":{"rendered":"la rassegna stampa locale, dal 1983 di mirko mezzacasa"},"content":{"rendered":"<p><span style=\"color: #ff99cc;\"><strong>IL GIRO D\u2019ITALIA IN VENETO. 5 CITTA\u2019, 3 TAPPE E 500 KM.<\/strong> Il 24 maggio l\u2019esercito marciava per raggiungere la frontiera e far contro il nemico una barriera\u2026 parafrasando la vecchia canzone riferita alla Prima Guerra Mondiale. Oltre 100 anni dopo lungo il Piave e fino alle montagne dolomitiche a marciare saranno i ciclisti del Giro d\u2019Italia. Tre giorni da ricordare, accogliamo la carovana che da oggi percorrer\u00e0 le nostre strade: da Caorle a Oderzo, dal Cadore alle Tre Cime passando per l\u2019Agordino.<\/span><\/p>\n<p><strong>BELLUNO<\/strong> Violenza sulla cameriera, pizzaiolo a processo dopo la denuncia per approcci sconvenienti e rapporti contro la volont\u00e0 della donna.<br \/>\n<strong>CORTINA<\/strong> Gli abusi edilizi si sciolgono come la neve al sole, all&#8217;hotel Ampezzo possono riaprire i cantieri<br \/>\n<strong>BELLUNO<\/strong> Rubarti tre quadri dalla sala di attesa del medico Gianluca Rossi in via Feltre. Nessun segno di effrazione, l&#8217;ingresso all&#8217;ambulatorio \u00e8 libero e non controllato. I quadri 30 per 40 centimetri e 50 per 50 (non facili da nascondere) sono stati rubati nel pomeriggio di ieri, indagano i Carabinieri.<br \/>\n<strong>PEDAVENA\u00a0<\/strong> Ladri in casa, dopo aver forzato la porta della cucina in\u00a0 via Galgallina. Il colpo tra le 21 e le 22.15.\u00a0 Saliti su uno dei due terrazzi al piano terra, si sono arrampicati sulla tettoia e nessuno si \u00e8 accordo di nulla. Una volta entrati si sono diretti verso le due camere, che sono state messe a soqquadro. \u00a0Per fortuna il bottino non \u00e8 stato elevato<br \/>\n<strong>PONTE NELLE ALPI<\/strong>\u00a0 Ieri matina alle 8.30: scappa il pedale della vettura e sfonda la vetrina dell&#8217;ottico dietro viale Dolomiti. Tremila euro circa di danni ma nessuno si \u00e8 fatto male.<br \/>\n<strong>MIGLIORANO LE CONDIZIONI DEL PICCOLO USTIONATOSI IN CASA.<\/strong> VOLTAGO Pochi giorni e il piccolo torner\u00e0 a casa sua, forse gi\u00e0 nel fine settimana \u00e8\u00a0 ricoverato per circa un mese. Non sono stati necessari interventi chirurgici.<br \/>\n<strong>TORNA IL FAMILY DAY ALLO STABILIMENTO ESSILORLUXOTTICA<\/strong>\u00a0 AGORDO Il Family Day 2023 si terr\u00e0 sabato 22 luglio<br \/>\n<strong>BELLUNO<\/strong> Retromarcia sui plateatici in citt\u00e0. Tavoli a met\u00e0 prezzo, non si sar\u00e0 nessuna stangata. L&#8217;incontro Comune-Ascom, tra le novit\u00e0 la possibilit\u00e0 di prenotare spazi anche saltuariamente.<br \/>\n<strong>ROCCA PIETORE<\/strong> Non smette di nevicare in Marmolada, 5 i metri di neve, Aurelio Soraruf e Carlo Budel armati di motosega per tagliare la neve e trovare la porta dei rifugi prossimi alla riapertura.<br \/>\n<strong>AGORDO RSU<\/strong> e dirigenza dello stabilimento Luxottica di Agordo hanno raggiunto un accordo per un pacchetto di flessibilit\u00e0 e straordinario incentivato per il mese di giugnoRIPRISTINO DEI PASCOLI DELLE MALGHE: <strong>COMUNE DI LIMANA AVVIA LAVORO DI PULIZIA NELLE FORESTE<\/strong>, LIMANA L&#8217;obiettivo principale del Comune di Limana \u00e8 quello di ripristinare i pascoli delle malghe che nel corso degli anni sono stati progressivamente invasi dal bosco. Saranno tre i sabati lavorativi<br \/>\n<strong>CORTINA<\/strong> Il Commissario dell&#8217;Ulss Dolomiti Giuseppe Dal Ben,\u00a0 ha incontrato il sindaco di Cortina, Gianluca Lorenzi, per affrontare le tematiche emergenti nel campo sanitario.<br \/>\n<strong>FALCADE<\/strong> Entro la fine della settimana si sapr\u00e0 se il Venezia Calcio, squadra di calcio che ha da poco raggiunto i playoff per la promozione in Serie A, far\u00e0 il ritiro precampionato a Falcade.<br \/>\n<strong>CANALE D&#8217;AGORDO<\/strong> Ieri, le comunit\u00e0 di Canale d&#8217;Agordo e Vallada ha celebrato e festeggiato il 25\u00ba anniversario di ordinazione sacerdotale di Don Vito De Vido.<br \/>\n<strong>ROCCA PIETORE<\/strong> Domenica scorsa gli amici dell\u2019Associazione Culturale Palue si sono ritrovati nella barchessa del Castello dei da Peraga (PD), gentilmente concessa dal Comune di Vigonza, per un momento conviviale di festa in attesa della stagione estiva al villaggio di Palue a Rocca Pietore<br \/>\n<strong>IL 27 e 28 MAGGIO FIAB FELTREINBICI<\/strong> pedaler\u00e0 sul tratto della LUNGA VIA delle DOLOMITI CIMABANCHE \u2013 PRIMOLANO. FELTRE Questa pedalata di 2 giorni in Valbelluna, che interfaccia le altre ciclovie di ampio respiro che percorrono la vallata, (Anello della Valbelluna-Ciclabile della sx. Piave- Via Claudia Augusta Altinate ) \u00e8 pensata anche per richiamare l&#8217;attenzione sul fatto che l&#8217; interruzione dura gi\u00e0 a tutt&#8217;oggi, 2023, da oltre 4 anni, con gravi ripercussioni negative sul cicloturismo in Valbelluna e nel suo indotto.<\/p>\n<p><strong>CICLISMO<\/strong> IL GIRO D\u2019ITALIA ALLE TRE CIME DI LAVAREDO, IL COMUNE DI AURONZO CONFERISCE LA CITTADINANZA ONORARIA A VINCENZO NIBALI<br \/>\n<strong>PALLAVOLO<\/strong> OGGI LA PRESENTAZIONE DI ANDREA SCHIRO, IL NUOVO GIOCATORE DELLA PALLAVOLO BELLUNO<br \/>\n<strong>KARATE<\/strong> A CAORLE IN TRIONFO LE RAGAZZE DEL KARATE TEAM DOLOMITI 1970<\/p>\n<p><iframe loading=\"lazy\" title=\"RASSEGNA STAMPA LOCALE\" width=\"1200\" height=\"675\" src=\"https:\/\/www.youtube.com\/embed\/gBdt-POKnpQ?feature=oembed\" frameborder=\"0\" allow=\"accelerometer; autoplay; clipboard-write; encrypted-media; gyroscope; picture-in-picture; web-share\" allowfullscreen><\/iframe><\/p>\n<p>&nbsp;<\/p>\n","protected":false},"excerpt":{"rendered":"<p>IL GIRO D\u2019ITALIA IN VENETO. 5 CITTA\u2019, 3 TAPPE E 500 KM. Il 24 maggio l\u2019esercito marciava per raggiungere la frontiera e far contro il nemico una barriera\u2026 parafrasando la vecchia canzone riferita alla Prima Guerra Mondiale. Oltre 100 anni dopo lungo il Piave e fino alle montagne dolomitiche a marciare saranno i ciclisti del&hellip;<\/p>\n","protected":false},"author":4,"featured_media":337237,"comment_status":"closed","ping_status":"closed","sticky":false,"template":"","format":"standard","meta":{"_monsterinsights_skip_tracking":false,"_monsterinsights_sitenote_active":false,"_monsterinsights_sitenote_note":"","_monsterinsights_sitenote_category":0,"footnotes":""},"categories":[104,49],"tags":[],"class_list":["post-337238","post","type-post","status-publish","format-standard","has-post-thumbnail","hentry","category-evidenza_3","category-news-18","category-104","category-49","description-off"],"img_url":"https:\/\/www.radiopiu.net\/wordpress\/wp-content\/uploads\/2023\/05\/Senza-nome-69.jpg","_links":{"self":[{"href":"https:\/\/www.radiopiu.net\/wordpress\/wp-json\/wp\/v2\/posts\/337238","targetHints":{"allow":["GET"]}}],"collection":[{"href":"https:\/\/www.radiopiu.net\/wordpress\/wp-json\/wp\/v2\/posts"}],"about":[{"href":"https:\/\/www.radiopiu.net\/wordpress\/wp-json\/wp\/v2\/types\/post"}],"author":[{"embeddable":true,"href":"https:\/\/www.radiopiu.net\/wordpress\/wp-json\/wp\/v2\/users\/4"}],"replies":[{"embeddable":true,"href":"https:\/\/www.radiopiu.net\/wordpress\/wp-json\/wp\/v2\/comments?post=337238"}],"version-history":[{"count":0,"href":"https:\/\/www.radiopiu.net\/wordpress\/wp-json\/wp\/v2\/posts\/337238\/revisions"}],"wp:featuredmedia":[{"embeddable":true,"href":"https:\/\/www.radiopiu.net\/wordpress\/wp-json\/wp\/v2\/media\/337237"}],"wp:attachment":[{"href":"https:\/\/www.radiopiu.net\/wordpress\/wp-json\/wp\/v2\/media?parent=337238"}],"wp:term":[{"taxonomy":"category","embeddable":true,"href":"https:\/\/www.radiopiu.net\/wordpress\/wp-json\/wp\/v2\/categories?post=337238"},{"taxonomy":"post_tag","embeddable":true,"href":"https:\/\/www.radiopiu.net\/wordpress\/wp-json\/wp\/v2\/tags?post=337238"}],"curies":[{"name":"wp","href":"https:\/\/api.w.org\/{rel}","templated":true}]}}