{"id":337245,"date":"2023-05-25T07:32:39","date_gmt":"2023-05-25T05:32:39","guid":{"rendered":"https:\/\/www.radiopiu.net\/wordpress\/?p=337245"},"modified":"2023-05-25T07:32:28","modified_gmt":"2023-05-25T05:32:28","slug":"giornale-radiopiu-25-maggio-2023-direttore-mirko-mezzacasaverso-i-40-anni-25-giugno-1983-25-giugno-2023","status":"publish","type":"post","link":"https:\/\/www.radiopiu.net\/wordpress\/giornale-radiopiu-25-maggio-2023-direttore-mirko-mezzacasaverso-i-40-anni-25-giugno-1983-25-giugno-2023\/","title":{"rendered":"GIORNALE RADIOPIU 25 MAGGIO 2023 DIRETTORE MIRKO MEZZACASA\u2026VERSO I 40 ANNI 25 GIUGNO 1983-25 GIUGNO 2023"},"content":{"rendered":"<h2 style=\"text-align: left;\"><span style=\"color: #ff0000;\"><span style=\"vertical-align: inherit;\"><a class=\"dt-pswp-item\" href=\"https:\/\/www.radiopiu.net\/wordpress\/wp-content\/uploads\/2023\/04\/e0aad41d-951e-47b9-9fae-1a879a9bcb7e-1.jpg\" data-dt-img-description=\"\" data-large_image_width=\"1200\" data-large_image_height=\"1200\"><img loading=\"lazy\" decoding=\"async\" class=\"wp-image-333205 alignleft\" src=\"https:\/\/www.radiopiu.net\/wordpress\/wp-content\/uploads\/2023\/04\/e0aad41d-951e-47b9-9fae-1a879a9bcb7e-1-300x300.jpg\" alt=\"\" width=\"110\" height=\"110\" srcset=\"https:\/\/www.radiopiu.net\/wordpress\/wp-content\/uploads\/2023\/04\/e0aad41d-951e-47b9-9fae-1a879a9bcb7e-1-300x300.jpg 300w, https:\/\/www.radiopiu.net\/wordpress\/wp-content\/uploads\/2023\/04\/e0aad41d-951e-47b9-9fae-1a879a9bcb7e-1-1024x1024.jpg 1024w, https:\/\/www.radiopiu.net\/wordpress\/wp-content\/uploads\/2023\/04\/e0aad41d-951e-47b9-9fae-1a879a9bcb7e-1-150x150.jpg 150w, https:\/\/www.radiopiu.net\/wordpress\/wp-content\/uploads\/2023\/04\/e0aad41d-951e-47b9-9fae-1a879a9bcb7e-1-768x768.jpg 768w, https:\/\/www.radiopiu.net\/wordpress\/wp-content\/uploads\/2023\/04\/e0aad41d-951e-47b9-9fae-1a879a9bcb7e-1.jpg 1200w\" sizes=\"auto, (max-width: 110px) 100vw, 110px\" \/><\/a><\/span><\/span><\/h2>\n<h2 style=\"text-align: left;\"><span style=\"color: #ff0000;\"><span style=\"vertical-align: inherit;\">ISCRIVITI AL NOSTRO CANALE\u00a0 <\/span><\/span><span style=\"vertical-align: inherit;\"> YOUTUBE PER SEGUIRE IN DIRETTA I PRINCIPALI PROGRAMMI DI RADIO PIU&#8217; E LE FUTURE DIRETTE IN ESTERNA. PER ISCRIVERTI <\/span><a style=\"color: #ff0000;\" href=\"https:\/\/youtube.com\/@radiopiu1527\"><span style=\"vertical-align: inherit;\">CLICCA QUI <\/span><\/a><span style=\"color: #ff0000; font-size: 14px; font-weight: normal;\"><span style=\"vertical-align: inherit;\">E PREMI\u00a0 &#8220;Iscriviti&#8221;\u00a0\u00a0<\/span><\/span><\/h2>\n<p>&nbsp;<\/p>\n<div class=\"flex-1 overflow-hidden\">\n<div class=\"react-scroll-to-bottom--css-bwgdh-79elbk h-full dark:bg-gray-800\">\n<div class=\"react-scroll-to-bottom--css-bwgdh-1n7m0yu\">\n<div class=\"flex flex-col text-sm dark:bg-gray-800\">\n<div class=\"group w-full text-gray-800 dark:text-gray-100 border-b border-black\/10 dark:border-gray-900\/50 bg-gray-50 dark:bg-[#444654]\">\n<div class=\"flex p-4 gap-4 text-base md:gap-6 md:max-w-2xl lg:max-w-xl xl:max-w-3xl md:py-6 lg:px-0 m-auto\">\n<div class=\"relative flex w-[calc(100%-50px)] flex-col gap-1 md:gap-3 lg:w-[calc(100%-115px)]\">\n<div class=\"flex justify-between lg:block\">\n<div class=\"text-xs flex items-center justify-center gap-1 self-center pt-2 !invisible\"><\/div>\n<div class=\"text-gray-400 flex self-end lg:self-center justify-center mt-2 gap-2 md:gap-3 lg:gap-1 lg:absolute lg:top-0 lg:translate-x-full lg:right-0 lg:mt-0 lg:pl-2 visible\">\n<p>&nbsp;<\/p>\n<div class=\"flex gap-1\"><\/div>\n<\/div>\n<\/div>\n<\/div>\n<\/div>\n<\/div>\n<\/div>\n<\/div>\n<\/div>\n<\/div>\n<div class=\"absolute bottom-0 left-0 w-full border-t md:border-t-0 dark:border-white\/20 md:border-transparent md:dark:border-transparent md:bg-vert-light-gradient bg-white dark:bg-gray-800 md:!bg-transparent dark:md:bg-vert-dark-gradient pt-2\">\n<form class=\"stretch mx-2 flex flex-row gap-3 last:mb-2 md:mx-4 md:last:mb-6 lg:mx-auto lg:max-w-2xl xl:max-w-3xl\">\n<div class=\"relative flex h-full flex-1 items-stretch md:flex-col\">\n<div class=\"\">\n<div class=\"h-full flex ml-1 md:w-full md:m-auto md:mb-2 gap-0 md:gap-2 justify-center\"><\/div>\n<\/div>\n<\/div>\n<\/form>\n<\/div>\n<p>&nbsp;<\/p>\n<hr \/>\n<blockquote>\n<h3><strong><span style=\"color: #000000;\">\u00a0<\/span><\/strong><\/h3>\n<h3><strong><span style=\"color: #000000;\">Le Dolomiti sono una parte fondamentale del Giro d&#8217;Italia.<\/span><\/strong><\/h3>\n<p>Roberto Padrin, presidente Provincia di Belluno <em>\u00abCi prepariamo a vivere due giorni di sport e di festa. Dopo mesi di lavoro di preparazione, finalmente siamo al dunque, pronti a vivere le emozioni che solo il Giro sa regalare\u00bb\u00a0<\/em><\/p><\/blockquote>\n<p><span style=\"color: #000000;\">Il Bellunese si prepara per due giorni di grande ciclismo, con il Giro d&#8217;Italia che attraverser\u00e0 la provincia. Le citt\u00e0 di tappa sono entusiaste e le strade sono state addobbate a festa. L&#8217;evento promuover\u00e0 lo sviluppo territoriale e turistico della zona. Le tappe includono salite spettacolari come Palafavera e le Tre Cime di Lavaredo. Ci sono numerosi volontari e il coinvolgimento dei comuni limitrofi per garantire il successo dell&#8217;evento. Sar\u00e0 anche commemorata la tragedia del Vajont, sessant&#8217;anni dopo, con una cerimonia speciale a Longarone. <em>&#8220;Abbiamo voluto fortemente che il Giro d\u2019Italia ricordasse il Vajont a sessant\u2019anni da quel terribile 9 ottobre 1963. &#8211; dice Roberto Padrin sindaco di Longarone e presidente della Provincia &#8211; uno sport di fatica e spettacolo come \u00e8 il ciclismo ha la forza di rendere universale il dovere della memoria&#8221;.<\/em>\u00a0<\/span><\/p>\n<blockquote><p>&nbsp;<\/p>\n<p>&nbsp;<\/p><\/blockquote>\n<hr \/>\n<p>&nbsp;<\/p>\n<blockquote class=\"wp-embedded-content\" data-secret=\"gT6S8JGbN4\"><p><a href=\"https:\/\/www.radiopiu.net\/wordpress\/la-provincia-di-belluno-si-prepara-ad-accogliere-il-giro-ditalia-strade\/\">LA PROVINCIA DI BELLUNO SI PREPARA AD ACCOGLIERE IL GIRO D&#8217;ITALIA. STRADE CHIUSE DUE ORE E MEZZA PRIMA DEL PASSAGGIO DEI CICLISTI<\/a><\/p><\/blockquote>\n<p><iframe loading=\"lazy\" class=\"wp-embedded-content\" sandbox=\"allow-scripts\" security=\"restricted\" style=\"position: absolute; clip: rect(1px, 1px, 1px, 1px);\" title=\"&#8220;LA PROVINCIA DI BELLUNO SI PREPARA AD ACCOGLIERE IL GIRO D&#8217;ITALIA. STRADE CHIUSE DUE ORE E MEZZA PRIMA DEL PASSAGGIO DEI CICLISTI&#8221; &#8212; Radio Pi\u00f9\" src=\"https:\/\/www.radiopiu.net\/wordpress\/la-provincia-di-belluno-si-prepara-ad-accogliere-il-giro-ditalia-strade\/embed\/#?secret=9LGTKiXHqy#?secret=gT6S8JGbN4\" data-secret=\"gT6S8JGbN4\" width=\"600\" height=\"338\" frameborder=\"0\" marginwidth=\"0\" marginheight=\"0\" scrolling=\"no\"><\/iframe><\/p>\n<p>&nbsp;<\/p>\n<blockquote>\n<h3 class=\"ContentPasted0\">GIRO D\u2019ITALIA 2023 TAPPA LONGARONE &#8211; TRE CIME DI LAVAREDO &#8211; VARIAZIONI CORSE DOLOMITI BUS VENERDI&#8217; 26 MAGGIO<span class=\"Apple-converted-space ContentPasted0\">\u00a0<\/span><\/h3>\n<\/blockquote>\n<p class=\"ContentPasted0\">Il passaggio della 19^ tappa del Giro d&#8217;Italia Longarone-Tre Cime di Lavaredo, in programma\u00a0 domani comporter\u00e0 l\u2019interruzione del transito, sul percorso della gara, 2 ore e mezza prima del passaggio dei ciclisti e la riapertura appena transitato il fine corsa. Le corse di Dolomiti Bus subiranno le variazioni legate a questa chiusura. Per ulteriori informazioni \u00e8 possibile contattare il numero 0437\/217208, dalle 8 alle 13 e dalle 14 alle 17.<\/p>\n<p>&nbsp;<\/p>\n<hr \/>\n<blockquote>\n<h3 class=\"articlePlainTitle\"><a class=\"dt-pswp-item\" href=\"https:\/\/www.radiopiu.net\/wordpress\/wp-content\/uploads\/2023\/05\/347622240_244674108245721_9128281372418568456_n.jpg\" data-dt-img-description=\"\" data-large_image_width=\"1520\" data-large_image_height=\"2048\"><img loading=\"lazy\" decoding=\"async\" class=\" wp-image-337379 alignleft\" src=\"https:\/\/www.radiopiu.net\/wordpress\/wp-content\/uploads\/2023\/05\/347622240_244674108245721_9128281372418568456_n-223x300.jpg\" alt=\"\" width=\"155\" height=\"209\" srcset=\"https:\/\/www.radiopiu.net\/wordpress\/wp-content\/uploads\/2023\/05\/347622240_244674108245721_9128281372418568456_n-223x300.jpg 223w, https:\/\/www.radiopiu.net\/wordpress\/wp-content\/uploads\/2023\/05\/347622240_244674108245721_9128281372418568456_n-760x1024.jpg 760w, https:\/\/www.radiopiu.net\/wordpress\/wp-content\/uploads\/2023\/05\/347622240_244674108245721_9128281372418568456_n-768x1035.jpg 768w, https:\/\/www.radiopiu.net\/wordpress\/wp-content\/uploads\/2023\/05\/347622240_244674108245721_9128281372418568456_n-1140x1536.jpg 1140w, https:\/\/www.radiopiu.net\/wordpress\/wp-content\/uploads\/2023\/05\/347622240_244674108245721_9128281372418568456_n.jpg 1520w\" sizes=\"auto, (max-width: 155px) 100vw, 155px\" \/><\/a>Pedalata della memoria sui luoghi delle stragi fa tappa in Valle del Biois<\/h3>\n<\/blockquote>\n<div class=\"addthis_sharing_toolbox\" data-url=\"http:\/\/sfoglio.corrierealpi.gelocal.it\/share_article.php?article_id=12291582\" data-title=\"Pedalata della memoria sui luoghi delle stragi fa tappa in Valle del Biois\"><strong>CANALE D&#8217;AGORDO\u00a0<\/strong> Il &#8220;ciclista della memoria&#8221; Giovanni Bloisi,\u00a0 in sella alla sua bici da strada sta compiendo un viaggio in solitaria toccando i luoghi teatro di stragi nazifasciste, \u00e8 arrivato in Valle del Biois salutato dalla Pro loco di Canale d&#8217;Agordo dalla propria pagina social: <em>\u00abGli facciamo un grande augurio per questo suo itinerario &#8220;nei luoghi delle stragi nazifasciste&#8221;. Gli abbiamo ricordato che la Valle del Biois \u00e8 ricca di testimonianze storiche e che, non a caso, \u00e8 sito dell&#8217;Ecomuseo Valle del Biois che vanta, tra l&#8217;altro, il Giardino della Memoria, il Museo e la Casa natale del beato Albino Luciani Papa Giovanni Paolo I\u00bb<\/em> . \u2014<\/div>\n<p>&nbsp;<\/p>\n<p>foto proloco, con Claudia Tancon<\/p>\n<p>&nbsp;<\/p>\n<hr \/>\n<p>&nbsp;<\/p>\n<p>&nbsp;<\/p>\n<blockquote>\n<h3><a class=\"dt-pswp-item\" href=\"https:\/\/www.radiopiu.net\/wordpress\/wp-content\/uploads\/2023\/05\/Unknown.jpeg\" data-dt-img-description=\"\" data-large_image_width=\"2048\" data-large_image_height=\"1618\"><img loading=\"lazy\" decoding=\"async\" class=\" wp-image-337310 alignleft\" src=\"https:\/\/www.radiopiu.net\/wordpress\/wp-content\/uploads\/2023\/05\/Unknown-300x237.jpeg\" alt=\"\" width=\"142\" height=\"112\" srcset=\"https:\/\/www.radiopiu.net\/wordpress\/wp-content\/uploads\/2023\/05\/Unknown-300x237.jpeg 300w, https:\/\/www.radiopiu.net\/wordpress\/wp-content\/uploads\/2023\/05\/Unknown-1024x809.jpeg 1024w, https:\/\/www.radiopiu.net\/wordpress\/wp-content\/uploads\/2023\/05\/Unknown-768x607.jpeg 768w, https:\/\/www.radiopiu.net\/wordpress\/wp-content\/uploads\/2023\/05\/Unknown-1536x1214.jpeg 1536w, https:\/\/www.radiopiu.net\/wordpress\/wp-content\/uploads\/2023\/05\/Unknown.jpeg 2048w\" sizes=\"auto, (max-width: 142px) 100vw, 142px\" \/><\/a>PRESENTATO IL PIANO DI ASSISTENZA SANITARIA PER IL GIRO D&#8217;ITALIA<\/h3>\n<\/blockquote>\n<p><strong>BELLUNO<\/strong> Ieri il dottor Giuseppe Dal Ben ha presentato, col direttore SUEM Giulio Trill\u00f2, il piano per l&#8217;assistenza sanitaria legato al Giro d&#8217;Italia che interesser\u00e0 il nostro territorio.<\/p>\n<p><strong>GIUSEPPE DAL BEN, COMMISSARIO ULSS 1 DOLOMITI<\/strong><\/p>\n<audio class=\"wp-audio-shortcode\" id=\"audio-337245-1\" preload=\"none\" style=\"width: 100%;\" controls=\"controls\"><source type=\"audio\/mpeg\" src=\"https:\/\/www.radiopiu.net\/wordpress\/wp-content\/uploads\/2023\/05\/dal-ben-2.mp3?_=1\" \/><a href=\"https:\/\/www.radiopiu.net\/wordpress\/wp-content\/uploads\/2023\/05\/dal-ben-2.mp3\">https:\/\/www.radiopiu.net\/wordpress\/wp-content\/uploads\/2023\/05\/dal-ben-2.mp3<\/a><\/audio>\n<p>&nbsp;<\/p>\n<p><strong>GIULIO TRILLO&#8217;, DIRETTORE SUEM<\/strong><\/p>\n<audio class=\"wp-audio-shortcode\" id=\"audio-337245-2\" preload=\"none\" style=\"width: 100%;\" controls=\"controls\"><source type=\"audio\/mpeg\" src=\"https:\/\/www.radiopiu.net\/wordpress\/wp-content\/uploads\/2023\/05\/trillo.mp3?_=2\" \/><a href=\"https:\/\/www.radiopiu.net\/wordpress\/wp-content\/uploads\/2023\/05\/trillo.mp3\">https:\/\/www.radiopiu.net\/wordpress\/wp-content\/uploads\/2023\/05\/trillo.mp3<\/a><\/audio>\n<p>&nbsp;<\/p>\n<p>&nbsp;<\/p>\n<p>&nbsp;<\/p>\n<p>&nbsp;<\/p>\n<p>&nbsp;<\/p>\n<hr \/>\n<p>&nbsp;<\/p>\n<blockquote>\n<h3>ACQUA NON POTABILE IN ALCUNE ZONE DI FALCADE<\/h3>\n<\/blockquote>\n<p><strong><a class=\"dt-pswp-item\" href=\"https:\/\/www.radiopiu.net\/wordpress\/wp-content\/uploads\/2018\/08\/ACQUA.jpeg\" data-dt-img-description=\"\" data-large_image_width=\"1280\" data-large_image_height=\"768\"><img loading=\"lazy\" decoding=\"async\" class=\" wp-image-57052 alignleft\" src=\"https:\/\/www.radiopiu.net\/wordpress\/wp-content\/uploads\/2018\/08\/ACQUA-300x180.jpeg\" alt=\"\" width=\"150\" height=\"90\" srcset=\"https:\/\/www.radiopiu.net\/wordpress\/wp-content\/uploads\/2018\/08\/ACQUA-300x180.jpeg 300w, https:\/\/www.radiopiu.net\/wordpress\/wp-content\/uploads\/2018\/08\/ACQUA-768x461.jpeg 768w, https:\/\/www.radiopiu.net\/wordpress\/wp-content\/uploads\/2018\/08\/ACQUA-1024x614.jpeg 1024w, https:\/\/www.radiopiu.net\/wordpress\/wp-content\/uploads\/2018\/08\/ACQUA.jpeg 1280w\" sizes=\"auto, (max-width: 150px) 100vw, 150px\" \/><\/a>FALCADE<\/strong> Gestione Servizi Pubblici informa che a FALCADE nelle localit\u00e0 FALCADE ALTO, VILLOTTA, LA FOCA E VIA MAS DE LE MOLE l&#8217;acqua erogata dall&#8217;acquedotto non \u00e8 potabile e pu\u00f2 essere usata per scopi alimentari SOLO PREVIA bollitura. GSP ha, comunque, gi\u00e0 adottato le necessarie misure per la disinfezione dell&#8217;acqua presente nei serbatoi e nella rete idrica con l&#8217;aggiunta di cloro.<\/p>\n<p>&nbsp;<\/p>\n<p>&nbsp;<\/p>\n<hr \/>\n<p>&nbsp;<\/p>\n<blockquote>\n<h3>BIM GSP: LAVORI A TAIBON E FALCADE<\/h3>\n<\/blockquote>\n<p>Gestione Servizi Pubblici informa che, per lavori alla rete idrica comunale, oggi dalle 8:30 alle 17 verr\u00e0 sospesa l\u2019erogazione dell\u2019acqua a FALCADE nelle LOCALITA&#8217; VALT,LE COSTE E VIA TABIADON DI CANES.<\/p>\n<p>&nbsp;<\/p>\n<p>&nbsp;<\/p>\n<hr \/>\n<p>&nbsp;<\/p>\n<p align=\"CENTER\"><span style=\"color: #000000;\"><span style=\"font-family: Arial, serif;\"><span style=\"font-size: large;\"><b>Bim Gsp, asfaltature a Borgo Valbelluna<\/b><\/span><\/span><\/span><\/p>\n<p><strong>BELLUNO <\/strong>Lavori in corso, da inizio giugno, a Mel. Bim Gsp, infatti, provveder\u00e0 ad effettuare l\u2019asfaltatura del tratto di strada tra Samprogno e Pellegai. L\u2019intervento sar\u00e0 preceduto, nella settimana corrente, da una sistemazione provvisoria delle parti maggiormente ammalorate: a seguire, si proceder\u00e0 con la sistemazione definitiva gi\u00e0 programmata. Successivamente, verr\u00e0 asfaltata anche una tratta a Farra di Mel, dove nei mesi scorsi sono stati posati 400 metri di rete di distribuzione dell\u2019acquedotto.\u00a0 Il transito veicolare, nelle aree interessate, sar\u00e0 comunque garantito<\/p>\n<p>&nbsp;<\/p>\n<hr \/>\n<p>&nbsp;<\/p>\n<blockquote>\n<h3>GRANDI DERIVAZIONI: LA REGIONE ASSEGNA IL 100% DEL CANONE ALLA PROVINCIA<\/h3>\n<\/blockquote>\n<p><strong>VENEZIA<\/strong> La Giunta regionale ha approvato una delibera riguardante i criteri per calcolare la componente fissa e variabile del canone dovuto dalle grandi derivazioni idroelettriche per il 2023, in conformit\u00e0 con la Legge Regionale 24\/2022. La componente fissa rimane invariata a 40 euro per ogni kW di potenza nominale media annua di concessione. Per la componente variabile, si propone che il 5% del valore del ricavo espresso in euro sia destinato al canone.\u00a0 Per le grandi derivazioni all&#8217;interno del territorio bellunese, \u00e8 stato deciso di assegnare il 100% del canone, sia nella componente fissa che in quella variabile, alla Provincia di Belluno.\u00a0 L&#8217;assessore Gianpaolo Bottacin considera questa decisione un importante riconoscimento della specificit\u00e0 territoriale, affermando che la norma valorizza Belluno e fornisce alla provincia oltre 20 milioni di risorse aggiuntive ogni anno.<\/p>\n<p><strong>L&#8217;ASSESSORE GIANPAOLO BOTTACIN<\/strong><\/p>\n<div style=\"width: 1200px;\" class=\"wp-video\"><video class=\"wp-video-shortcode\" id=\"video-337245-1\" width=\"1200\" height=\"675\" preload=\"metadata\" controls=\"controls\"><source type=\"video\/mp4\" src=\"https:\/\/www.radiopiu.net\/wordpress\/wp-content\/uploads\/2023\/05\/00301.mp4?_=1\" \/><a href=\"https:\/\/www.radiopiu.net\/wordpress\/wp-content\/uploads\/2023\/05\/00301.mp4\">https:\/\/www.radiopiu.net\/wordpress\/wp-content\/uploads\/2023\/05\/00301.mp4<\/a><\/video><\/div>\n<p>&nbsp;<\/p>\n<div class=\"flex-1 overflow-hidden\">\n<div class=\"react-scroll-to-bottom--css-bwgdh-79elbk h-full dark:bg-gray-800\">\n<div class=\"react-scroll-to-bottom--css-bwgdh-1n7m0yu\">\n<div class=\"flex flex-col text-sm dark:bg-gray-800\">\n<div class=\"group w-full text-gray-800 dark:text-gray-100 border-b border-black\/10 dark:border-gray-900\/50 bg-gray-50 dark:bg-[#444654]\">\n<div class=\"flex p-4 gap-4 text-base md:gap-6 md:max-w-2xl lg:max-w-xl xl:max-w-3xl md:py-6 lg:px-0 m-auto\">\n<div class=\"relative flex w-[calc(100%-50px)] flex-col gap-1 md:gap-3 lg:w-[calc(100%-115px)]\">\n<div class=\"flex justify-between lg:block\">\n<div class=\"text-xs flex items-center justify-center gap-1 self-center pt-2 !invisible\"><strong>IL PRESIDENTE DELLA PROVINCIA ROBERTO PADRIN:<\/strong> &#8220;<em>La lotta allo spopolamento si combatte cos\u00ec, con le risorse. Ringrazio quindi la Regione Veneto e l\u2019assessore proponente della delibera regionale, per aver compreso l\u2019importanza di queste risorse, frutto di quell\u2019acqua che costituisce il grande tesoro del Bellunese, che sgorga dalle nostre valli dolomitiche e viene sfruttata a fini idroelettrici. L\u2019amministrazione provinciale in carica nel 2029 potr\u00e0 avere maggiore ossigeno nel bilancio&#8221;.\u00a0<\/em><\/div>\n<div class=\"text-gray-400 flex self-end lg:self-center justify-center mt-2 gap-2 md:gap-3 lg:gap-1 lg:absolute lg:top-0 lg:translate-x-full lg:right-0 lg:mt-0 lg:pl-2 visible\">\n<p>&nbsp;<\/p>\n<\/div>\n<\/div>\n<\/div>\n<\/div>\n<\/div>\n<\/div>\n<\/div>\n<\/div>\n<\/div>\n<p>&nbsp;<\/p>\n<hr \/>\n<p>&nbsp;<\/p>\n<p>&nbsp;<\/p>\n<p><a class=\"dt-pswp-item\" href=\"https:\/\/www.radiopiu.net\/wordpress\/wp-content\/uploads\/2023\/05\/37132798_115092329413221_7691473815028629504_n.jpg\" data-dt-img-description=\"\" data-large_image_width=\"1529\" data-large_image_height=\"2048\"><img loading=\"lazy\" decoding=\"async\" class=\"size-medium wp-image-337385 alignleft\" src=\"https:\/\/www.radiopiu.net\/wordpress\/wp-content\/uploads\/2023\/05\/37132798_115092329413221_7691473815028629504_n-224x300.jpg\" alt=\"\" width=\"224\" height=\"300\" srcset=\"https:\/\/www.radiopiu.net\/wordpress\/wp-content\/uploads\/2023\/05\/37132798_115092329413221_7691473815028629504_n-224x300.jpg 224w, https:\/\/www.radiopiu.net\/wordpress\/wp-content\/uploads\/2023\/05\/37132798_115092329413221_7691473815028629504_n-765x1024.jpg 765w, https:\/\/www.radiopiu.net\/wordpress\/wp-content\/uploads\/2023\/05\/37132798_115092329413221_7691473815028629504_n-768x1029.jpg 768w, https:\/\/www.radiopiu.net\/wordpress\/wp-content\/uploads\/2023\/05\/37132798_115092329413221_7691473815028629504_n-1147x1536.jpg 1147w, https:\/\/www.radiopiu.net\/wordpress\/wp-content\/uploads\/2023\/05\/37132798_115092329413221_7691473815028629504_n.jpg 1529w\" sizes=\"auto, (max-width: 224px) 100vw, 224px\" \/><\/a><\/p>\n<p>&nbsp;<\/p>\n<p><strong>IL LUTTO\u00a0<\/strong><\/p>\n<p><strong>BELLUNO<\/strong><\/p>\n<p>E&#8217; morto Florindo Baldissera, la causa un malore improvviso, docente di chitarra al Conservatorio &#8220;Benedetto Marcello&#8221; di Venezia, e musicalmente figlio della scuola comunale &#8220;Miari&#8221; di Belluno. Classe 1957, di origine cadorina, si \u00e8 spento a Mestre dove abitava da tempo.<\/p>\n<p>&nbsp;<\/p>\n<p>&nbsp;<\/p>\n<p>&nbsp;<\/p>\n<p>&nbsp;<\/p>\n<hr \/>\n<p>&nbsp;<\/p>\n<blockquote>\n<h3><\/h3>\n<h3>DRAMMA DI FENER, UNA SOTTOSCRIZIONE PER AIUTARE I FIGLI DELL&#8217;UOMO IN CARCERE<\/h3>\n<h3><a class=\"dt-pswp-item\" href=\"https:\/\/www.radiopiu.net\/wordpress\/wp-content\/uploads\/2023\/05\/Senza-nome-8.png\" data-dt-img-description=\"\" data-large_image_width=\"96\" data-large_image_height=\"147\"><img loading=\"lazy\" decoding=\"async\" class=\"size-full wp-image-337386 alignleft\" src=\"https:\/\/www.radiopiu.net\/wordpress\/wp-content\/uploads\/2023\/05\/Senza-nome-8.png\" alt=\"\" width=\"96\" height=\"147\" \/><\/a><\/h3>\n<h3>Il paese di Fener ha lanciato una sottoscrizione per la raccolta fondi da devolvere alla famiglia di Pedro Livert Dominguez Sanchez, attualmente in carcere con l&#8217;accusa di omicidio di Antonio Costa. Oltre le mura della prigione 4 figli, dei quali due ancora minorenni, rimasti soli nella casa di Fener Bassa. \u00c8 il fenerese Silvio Forcellini a farsi portavoce dell&#8217;iniziativa, che \u00e8 stata rilanciata anche dai social.\u00a0 Conto corrente bancario IT 46 D 02008 60990 000106440167 presso UniCredit intestato a Manuel Dominguez (con la causale: un aiuto per la famiglia Dominguez).<\/h3>\n<\/blockquote>\n<p><em>l Tribunale del Riesame ha fissato per marted\u00ec 30 maggio l\u2019udienza relativa alla richiesta di scarcerazione presentata dalla difesa di Pedro Livert Dominguez. L\u2019uomo \u00e8 il principale indiziato per l\u2019omicidio di Antonio Costa, il cinquantatreenne ucciso nella notte fra sabato 6 e domenica 7 maggio davanti al Kangur Bar di Fener di Alano di Piave.\u00a0<\/em><\/p>\n<p>&nbsp;<\/p>\n<hr \/>\n<p>&nbsp;<\/p>\n<blockquote>\n<h3>LEGALITA&#8217; NELLE SCUOLE, 200 RAGAZZI ATTENTI E CURIOSI<\/h3>\n<\/blockquote>\n<p><strong>BELLUNO<\/strong><\/p>\n<p><strong>DI MORENO GIOLI<\/strong><\/p>\n<audio class=\"wp-audio-shortcode\" id=\"audio-337245-3\" preload=\"none\" style=\"width: 100%;\" controls=\"controls\"><source type=\"audio\/mpeg\" src=\"https:\/\/www.radiopiu.net\/wordpress\/wp-content\/uploads\/2023\/05\/incontri-sicurezza.mp3?_=3\" \/><a href=\"https:\/\/www.radiopiu.net\/wordpress\/wp-content\/uploads\/2023\/05\/incontri-sicurezza.mp3\">https:\/\/www.radiopiu.net\/wordpress\/wp-content\/uploads\/2023\/05\/incontri-sicurezza.mp3<\/a><\/audio>\n<p><a class=\"dt-pswp-item\" href=\"https:\/\/www.radiopiu.net\/wordpress\/wp-content\/uploads\/2023\/05\/Senza-nome-73.jpg\" data-dt-img-description=\"\" data-large_image_width=\"486\" data-large_image_height=\"250\"><img loading=\"lazy\" decoding=\"async\" class=\"size-medium wp-image-337373 aligncenter\" src=\"https:\/\/www.radiopiu.net\/wordpress\/wp-content\/uploads\/2023\/05\/Senza-nome-73-300x154.jpg\" alt=\"\" width=\"300\" height=\"154\" srcset=\"https:\/\/www.radiopiu.net\/wordpress\/wp-content\/uploads\/2023\/05\/Senza-nome-73-300x154.jpg 300w, https:\/\/www.radiopiu.net\/wordpress\/wp-content\/uploads\/2023\/05\/Senza-nome-73.jpg 486w\" sizes=\"auto, (max-width: 300px) 100vw, 300px\" \/><\/a><\/p>\n<p>&nbsp;<\/p>\n<hr \/>\n<p>&nbsp;<\/p>\n<blockquote>\n<h3>LA PROTEZIONE CIVILE INCONTRA I BAMBINI DELLA SCUOLA ELEMENTARE DI BRIBANO DI SEDICO<\/h3>\n<\/blockquote>\n<p><strong>SEDICO<\/strong> Si \u00e8 svolto alla scuola primaria di Bribano un incontro con la Protezione Civile di Sedico. Coinvolte le classi quarte e quinte. La giornata \u00e8 iniziata con una presentazione sulla Protezione Civile, seguita da un collegamento sul luogo di una frana nel comune di Brisighella, Ravenna, zona colpita dall&#8217;alluvione. Successivamente \u00e8 stata mostrata la Protezione Civile ANA Belluno di Sedico, insieme a tutte le attivit\u00e0 svolte da loro. \u00c8 stato spiegato cosa sia la Colonna Mobile e come venga gestito un campo in emergenza. Durante la presentazione sono state mostrate diverse foto delle attivit\u00e0 di emergenza svolte dal gruppo di Sedico, cos\u00ec come le attivit\u00e0 &#8220;in tempi di pace&#8221;. Infine, \u00e8 stato presentato il Piano di Protezione Civile comunale, spiegando il significato dei cartelli di area di Attesa, Soccorso e Ricovero, anche attraverso un gioco interattivo in cui gli alunni dovevano individuare i cartelli all&#8217;interno del comune tramite delle immagini. Nella seconda parte della giornata, gli alunni sono usciti in cortile, dove hanno potuto assistere al montaggio in diretta di una tenda da campo e osservare i mezzi a disposizione del gruppo di Sedico, insieme a tutte le attrezzature disponibili, dai mezzi meccanici alle ultime novit\u00e0, compresa una vasta gamma di apparati radio.<\/p>\n\n\t\t\t<style type='text\/css'>\n\t\t\t\t#gallery-1 {\n\t\t\t\t\tmargin: auto;\n\t\t\t\t}\n\t\t\t\t#gallery-1 .gallery-item {\n\t\t\t\t\tfloat: left;\n\t\t\t\t\tmargin-top: 10px;\n\t\t\t\t\ttext-align: center;\n\t\t\t\t\twidth: 25%;\n\t\t\t\t}\n\t\t\t\t#gallery-1 img {\n\t\t\t\t\tborder: 2px solid #cfcfcf;\n\t\t\t\t}\n\t\t\t\t#gallery-1 .gallery-caption {\n\t\t\t\t\tmargin-left: 0;\n\t\t\t\t}\n\t\t\t\t\/* see gallery_shortcode() in wp-includes\/media.php *\/\n\t\t\t<\/style>\n\t\t<div id='gallery-1' class='dt-gallery-container gallery galleryid-337245 gallery-columns-4 gallery-size-thumbnail'><dl class='gallery-item'>\n\t\t\t\t<dt class='gallery-icon landscape'>\n\t\t\t\t\t<a class=\"rollover\" href='https:\/\/www.radiopiu.net\/wordpress\/la-protezione-civile-incontra-i-bambini-della-scuola-elementare-di-bribano-di-sedico\/photo_6012769715946110517_y\/'><img loading=\"lazy\" decoding=\"async\" width=\"150\" height=\"150\" src=\"https:\/\/www.radiopiu.net\/wordpress\/wp-content\/uploads\/2023\/05\/photo_6012769715946110517_y-150x150.jpg\" class=\"attachment-thumbnail size-thumbnail\" alt=\"\" \/><\/a>\n\t\t\t\t<\/dt><\/dl><dl class='gallery-item'>\n\t\t\t\t<dt class='gallery-icon landscape'>\n\t\t\t\t\t<a class=\"rollover\" href='https:\/\/www.radiopiu.net\/wordpress\/la-protezione-civile-incontra-i-bambini-della-scuola-elementare-di-bribano-di-sedico\/photo_6012769715946110528_y\/'><img loading=\"lazy\" decoding=\"async\" width=\"150\" height=\"150\" src=\"https:\/\/www.radiopiu.net\/wordpress\/wp-content\/uploads\/2023\/05\/photo_6012769715946110528_y-150x150.jpg\" class=\"attachment-thumbnail size-thumbnail\" alt=\"\" \/><\/a>\n\t\t\t\t<\/dt><\/dl><dl class='gallery-item'>\n\t\t\t\t<dt class='gallery-icon landscape'>\n\t\t\t\t\t<a class=\"rollover\" href='https:\/\/www.radiopiu.net\/wordpress\/la-protezione-civile-incontra-i-bambini-della-scuola-elementare-di-bribano-di-sedico\/photo_6012769715946110520_y\/'><img loading=\"lazy\" decoding=\"async\" width=\"150\" height=\"150\" src=\"https:\/\/www.radiopiu.net\/wordpress\/wp-content\/uploads\/2023\/05\/photo_6012769715946110520_y-150x150.jpg\" class=\"attachment-thumbnail size-thumbnail\" alt=\"\" \/><\/a>\n\t\t\t\t<\/dt><\/dl><dl class='gallery-item'>\n\t\t\t\t<dt class='gallery-icon landscape'>\n\t\t\t\t\t<a class=\"rollover\" href='https:\/\/www.radiopiu.net\/wordpress\/la-protezione-civile-incontra-i-bambini-della-scuola-elementare-di-bribano-di-sedico\/photo_6012769715946110518_y\/'><img loading=\"lazy\" decoding=\"async\" width=\"150\" height=\"150\" src=\"https:\/\/www.radiopiu.net\/wordpress\/wp-content\/uploads\/2023\/05\/photo_6012769715946110518_y-150x150.jpg\" class=\"attachment-thumbnail size-thumbnail\" alt=\"\" \/><\/a>\n\t\t\t\t<\/dt><\/dl><br style=\"clear: both\" \/><dl class='gallery-item'>\n\t\t\t\t<dt class='gallery-icon landscape'>\n\t\t\t\t\t<a class=\"rollover\" href='https:\/\/www.radiopiu.net\/wordpress\/la-protezione-civile-incontra-i-bambini-della-scuola-elementare-di-bribano-di-sedico\/photo_6012769715946110530_y\/'><img loading=\"lazy\" decoding=\"async\" width=\"150\" height=\"150\" src=\"https:\/\/www.radiopiu.net\/wordpress\/wp-content\/uploads\/2023\/05\/photo_6012769715946110530_y-150x150.jpg\" class=\"attachment-thumbnail size-thumbnail\" alt=\"\" \/><\/a>\n\t\t\t\t<\/dt><\/dl><dl class='gallery-item'>\n\t\t\t\t<dt class='gallery-icon landscape'>\n\t\t\t\t\t<a class=\"rollover\" href='https:\/\/www.radiopiu.net\/wordpress\/la-protezione-civile-incontra-i-bambini-della-scuola-elementare-di-bribano-di-sedico\/photo_6012769715946110519_y\/'><img loading=\"lazy\" decoding=\"async\" width=\"150\" height=\"150\" src=\"https:\/\/www.radiopiu.net\/wordpress\/wp-content\/uploads\/2023\/05\/photo_6012769715946110519_y-150x150.jpg\" class=\"attachment-thumbnail size-thumbnail\" alt=\"\" \/><\/a>\n\t\t\t\t<\/dt><\/dl><dl class='gallery-item'>\n\t\t\t\t<dt class='gallery-icon landscape'>\n\t\t\t\t\t<a class=\"rollover\" href='https:\/\/www.radiopiu.net\/wordpress\/la-protezione-civile-incontra-i-bambini-della-scuola-elementare-di-bribano-di-sedico\/photo_6012769715946110532_y\/'><img loading=\"lazy\" decoding=\"async\" width=\"150\" height=\"150\" src=\"https:\/\/www.radiopiu.net\/wordpress\/wp-content\/uploads\/2023\/05\/photo_6012769715946110532_y-150x150.jpg\" class=\"attachment-thumbnail size-thumbnail\" alt=\"\" \/><\/a>\n\t\t\t\t<\/dt><\/dl><dl class='gallery-item'>\n\t\t\t\t<dt class='gallery-icon portrait'>\n\t\t\t\t\t<a class=\"rollover\" href='https:\/\/www.radiopiu.net\/wordpress\/la-protezione-civile-incontra-i-bambini-della-scuola-elementare-di-bribano-di-sedico\/photo_6012769715946110529_y\/'><img loading=\"lazy\" decoding=\"async\" width=\"150\" height=\"150\" src=\"https:\/\/www.radiopiu.net\/wordpress\/wp-content\/uploads\/2023\/05\/photo_6012769715946110529_y-150x150.jpg\" class=\"attachment-thumbnail size-thumbnail\" alt=\"\" \/><\/a>\n\t\t\t\t<\/dt><\/dl><br style=\"clear: both\" \/><dl class='gallery-item'>\n\t\t\t\t<dt class='gallery-icon landscape'>\n\t\t\t\t\t<a class=\"rollover\" href='https:\/\/www.radiopiu.net\/wordpress\/la-protezione-civile-incontra-i-bambini-della-scuola-elementare-di-bribano-di-sedico\/photo_6012769715946110526_y\/'><img loading=\"lazy\" decoding=\"async\" width=\"150\" height=\"150\" src=\"https:\/\/www.radiopiu.net\/wordpress\/wp-content\/uploads\/2023\/05\/photo_6012769715946110526_y-150x150.jpg\" class=\"attachment-thumbnail size-thumbnail\" alt=\"\" \/><\/a>\n\t\t\t\t<\/dt><\/dl><dl class='gallery-item'>\n\t\t\t\t<dt class='gallery-icon portrait'>\n\t\t\t\t\t<a class=\"rollover\" href='https:\/\/www.radiopiu.net\/wordpress\/la-protezione-civile-incontra-i-bambini-della-scuola-elementare-di-bribano-di-sedico\/photo_6012769715946110525_y\/'><img loading=\"lazy\" decoding=\"async\" width=\"150\" height=\"150\" src=\"https:\/\/www.radiopiu.net\/wordpress\/wp-content\/uploads\/2023\/05\/photo_6012769715946110525_y-150x150.jpg\" class=\"attachment-thumbnail size-thumbnail\" alt=\"\" \/><\/a>\n\t\t\t\t<\/dt><\/dl><dl class='gallery-item'>\n\t\t\t\t<dt class='gallery-icon landscape'>\n\t\t\t\t\t<a class=\"rollover\" href='https:\/\/www.radiopiu.net\/wordpress\/la-protezione-civile-incontra-i-bambini-della-scuola-elementare-di-bribano-di-sedico\/photo_6012769715946110524_y\/'><img loading=\"lazy\" decoding=\"async\" width=\"150\" height=\"150\" src=\"https:\/\/www.radiopiu.net\/wordpress\/wp-content\/uploads\/2023\/05\/photo_6012769715946110524_y-150x150.jpg\" class=\"attachment-thumbnail size-thumbnail\" alt=\"\" \/><\/a>\n\t\t\t\t<\/dt><\/dl><dl class='gallery-item'>\n\t\t\t\t<dt class='gallery-icon portrait'>\n\t\t\t\t\t<a class=\"rollover\" href='https:\/\/www.radiopiu.net\/wordpress\/la-protezione-civile-incontra-i-bambini-della-scuola-elementare-di-bribano-di-sedico\/photo_6012769715946110523_y\/'><img loading=\"lazy\" decoding=\"async\" width=\"150\" height=\"150\" src=\"https:\/\/www.radiopiu.net\/wordpress\/wp-content\/uploads\/2023\/05\/photo_6012769715946110523_y-150x150.jpg\" class=\"attachment-thumbnail size-thumbnail\" alt=\"\" \/><\/a>\n\t\t\t\t<\/dt><\/dl><br style=\"clear: both\" \/><dl class='gallery-item'>\n\t\t\t\t<dt class='gallery-icon landscape'>\n\t\t\t\t\t<a class=\"rollover\" href='https:\/\/www.radiopiu.net\/wordpress\/la-protezione-civile-incontra-i-bambini-della-scuola-elementare-di-bribano-di-sedico\/photo_6012769715946110522_y\/'><img loading=\"lazy\" decoding=\"async\" width=\"150\" height=\"150\" src=\"https:\/\/www.radiopiu.net\/wordpress\/wp-content\/uploads\/2023\/05\/photo_6012769715946110522_y-150x150.jpg\" class=\"attachment-thumbnail size-thumbnail\" alt=\"\" \/><\/a>\n\t\t\t\t<\/dt><\/dl><dl class='gallery-item'>\n\t\t\t\t<dt class='gallery-icon portrait'>\n\t\t\t\t\t<a class=\"rollover\" href='https:\/\/www.radiopiu.net\/wordpress\/la-protezione-civile-incontra-i-bambini-della-scuola-elementare-di-bribano-di-sedico\/photo_6012769715946110521_y\/'><img loading=\"lazy\" decoding=\"async\" width=\"150\" height=\"150\" src=\"https:\/\/www.radiopiu.net\/wordpress\/wp-content\/uploads\/2023\/05\/photo_6012769715946110521_y-150x150.jpg\" class=\"attachment-thumbnail size-thumbnail\" alt=\"\" \/><\/a>\n\t\t\t\t<\/dt><\/dl><dl class='gallery-item'>\n\t\t\t\t<dt class='gallery-icon portrait'>\n\t\t\t\t\t<a class=\"rollover\" href='https:\/\/www.radiopiu.net\/wordpress\/la-protezione-civile-incontra-i-bambini-della-scuola-elementare-di-bribano-di-sedico\/photo_6012769715946110527_y\/'><img loading=\"lazy\" decoding=\"async\" width=\"150\" height=\"150\" src=\"https:\/\/www.radiopiu.net\/wordpress\/wp-content\/uploads\/2023\/05\/photo_6012769715946110527_y-150x150.jpg\" class=\"attachment-thumbnail size-thumbnail\" alt=\"\" \/><\/a>\n\t\t\t\t<\/dt><\/dl><dl class='gallery-item'>\n\t\t\t\t<dt class='gallery-icon landscape'>\n\t\t\t\t\t<a class=\"rollover\" href='https:\/\/www.radiopiu.net\/wordpress\/la-protezione-civile-incontra-i-bambini-della-scuola-elementare-di-bribano-di-sedico\/photo_6012769715946110531_y\/'><img loading=\"lazy\" decoding=\"async\" width=\"150\" height=\"150\" src=\"https:\/\/www.radiopiu.net\/wordpress\/wp-content\/uploads\/2023\/05\/photo_6012769715946110531_y-150x150.jpg\" class=\"attachment-thumbnail size-thumbnail\" alt=\"\" \/><\/a>\n\t\t\t\t<\/dt><\/dl><br style=\"clear: both\" \/>\n\t\t\t<\/div>\n\n<p>&nbsp;<\/p>\n<hr \/>\n<p>&nbsp;<\/p>\n<blockquote>\n<h3><a class=\"dt-pswp-item\" href=\"https:\/\/www.radiopiu.net\/wordpress\/wp-content\/uploads\/2019\/07\/LADINI-VAL-BIOIS.jpg\" data-dt-img-description=\"\" data-large_image_width=\"1040\" data-large_image_height=\"780\"><img loading=\"lazy\" decoding=\"async\" class=\" wp-image-93352 alignleft\" src=\"https:\/\/www.radiopiu.net\/wordpress\/wp-content\/uploads\/2019\/07\/LADINI-VAL-BIOIS-300x225.jpg\" alt=\"\" width=\"239\" height=\"179\" srcset=\"https:\/\/www.radiopiu.net\/wordpress\/wp-content\/uploads\/2019\/07\/LADINI-VAL-BIOIS-300x225.jpg 300w, https:\/\/www.radiopiu.net\/wordpress\/wp-content\/uploads\/2019\/07\/LADINI-VAL-BIOIS-768x576.jpg 768w, https:\/\/www.radiopiu.net\/wordpress\/wp-content\/uploads\/2019\/07\/LADINI-VAL-BIOIS-1024x768.jpg 1024w, https:\/\/www.radiopiu.net\/wordpress\/wp-content\/uploads\/2019\/07\/LADINI-VAL-BIOIS.jpg 1040w\" sizes=\"auto, (max-width: 239px) 100vw, 239px\" \/><\/a>\u00a0LA PROVINCIA DIMENTICA FODOM, COL E ANPEZO<\/h3>\n<\/blockquote>\n<p><strong>LIVINALLONGO<\/strong>\u00a0 Dello sportello linguistico ladino a Livinallongo inaugurato a Pieve a novembre non c&#8217;\u00e8 traccia sul sito della Provincia di Belluno. Come non risultano nemmeno gli sportelli linguistici degli altri comuni ladini storici, Colle Santa Lucia e Cortina. Nella pagina del sito della Provincia di Belluno si elencano gli sportelli ladini sovracomunali attivati per dare sostegno alle amministrazioni locali, indicando orari e riferimenti. L&#8217;elenco parte dallo sportello al Museo Algudnei di Dosoledo e indica poi lo sportello di Lozzo di Cadore al Museo della latteria, quello diviso tra l&#8217;Asilo vecio di San Vito e il museo etnografico di Zopp\u00e8, quello che fa capo alla Pro loco Val Fiorentina, al municipio di Alleghe e alla sala di Fusine, e infine quello al museo Albino Luciani di Canale d&#8217;Agordo.<\/p>\n<p>&nbsp;<\/p>\n<p>&nbsp;<\/p>\n<hr \/>\n<p>&nbsp;<\/p>\n<blockquote>\n<h3>CON IL PRIMO LUGLIO ENTRA IN VIGORE LA RIFORMA DELLO SPORT<\/h3>\n<\/blockquote>\n<p><strong><a class=\"dt-pswp-item\" href=\"https:\/\/www.radiopiu.net\/wordpress\/wp-content\/uploads\/2021\/08\/972ec435-fa04-49e8-bf1e-048263cab367.jpg\" data-dt-img-description=\"\" data-large_image_width=\"1024\" data-large_image_height=\"684\"><img loading=\"lazy\" decoding=\"async\" class=\" wp-image-226219 alignleft\" src=\"https:\/\/www.radiopiu.net\/wordpress\/wp-content\/uploads\/2021\/08\/972ec435-fa04-49e8-bf1e-048263cab367-300x200.jpg\" alt=\"\" width=\"188\" height=\"125\" srcset=\"https:\/\/www.radiopiu.net\/wordpress\/wp-content\/uploads\/2021\/08\/972ec435-fa04-49e8-bf1e-048263cab367-300x200.jpg 300w, https:\/\/www.radiopiu.net\/wordpress\/wp-content\/uploads\/2021\/08\/972ec435-fa04-49e8-bf1e-048263cab367-768x513.jpg 768w, https:\/\/www.radiopiu.net\/wordpress\/wp-content\/uploads\/2021\/08\/972ec435-fa04-49e8-bf1e-048263cab367.jpg 1024w\" sizes=\"auto, (max-width: 188px) 100vw, 188px\" \/><\/a>BELLUNO<\/strong> Primo luglio 2023, ovvero tra poco pi\u00f9 di un mese. Dopo una proroga di 6 mesi gi\u00e0 attuata, \u00e8 questa la data prevista per l\u2019entrata in vigore della Riforma dello Sport messa a punto, negli anni passati, dai due governi Conte e ora ai nastri di partenza. Si tratta di un passaggio molto importante passato quasi sotto silenzio, eppure dagli effetti tanto dirompenti quanto incerti, soprattutto per le associazioni sportive e le piccole societ\u00e0 dilettantistiche che costellano il territorio Bellunese<\/p>\n<p><strong>DARIO SCOPEL, COORDINATORE PROVINCIALE DI FORZA ITALIA<\/strong><\/p>\n<audio class=\"wp-audio-shortcode\" id=\"audio-337245-4\" preload=\"none\" style=\"width: 100%;\" controls=\"controls\"><source type=\"audio\/mpeg\" src=\"https:\/\/www.radiopiu.net\/wordpress\/wp-content\/uploads\/2023\/05\/SCOPEL-RIFORMA-SPORT.mp3?_=4\" \/><a href=\"https:\/\/www.radiopiu.net\/wordpress\/wp-content\/uploads\/2023\/05\/SCOPEL-RIFORMA-SPORT.mp3\">https:\/\/www.radiopiu.net\/wordpress\/wp-content\/uploads\/2023\/05\/SCOPEL-RIFORMA-SPORT.mp3<\/a><\/audio>\n<p>&nbsp;<\/p>\n<hr \/>\n<p>&nbsp;<\/p>\n<blockquote>\n<h3>IL GIURAMENTO DI MASSIMO MURER<\/h3>\n<\/blockquote>\n<p><strong>CANALE D&#8217;AGORDO<\/strong> Dopo il giuramento del sindaco di Cencenighe si prepara ad indossare la fascia tricolore anche Massimo Murer, l&#8217;occasione il consiglio comunale di mercoledi, convocato per le 20 in sala Lina Zando&#8217;. Oltre al giuramento del sindaco saranno comunicati i nomi del vice sindaco, assessore, rappresentanti per L&#8217;unione Montana, Comitato di gemellaggio e Fondazione Papa Luciani.<\/p>\n<p>&nbsp;<\/p>\n<hr \/>\n<p>&nbsp;<\/p>\n<blockquote>\n<h3><a class=\"dt-pswp-item\" href=\"https:\/\/www.radiopiu.net\/wordpress\/wp-content\/uploads\/2021\/06\/8554eb80-bb6e-4752-a6d3-57aff91a2903.jpg\" data-dt-img-description=\"\" data-large_image_width=\"768\" data-large_image_height=\"1024\"><img loading=\"lazy\" decoding=\"async\" class=\"wp-image-215003 alignleft\" src=\"https:\/\/www.radiopiu.net\/wordpress\/wp-content\/uploads\/2021\/06\/8554eb80-bb6e-4752-a6d3-57aff91a2903-225x300.jpg\" alt=\"\" width=\"99\" height=\"132\" srcset=\"https:\/\/www.radiopiu.net\/wordpress\/wp-content\/uploads\/2021\/06\/8554eb80-bb6e-4752-a6d3-57aff91a2903-225x300.jpg 225w, https:\/\/www.radiopiu.net\/wordpress\/wp-content\/uploads\/2021\/06\/8554eb80-bb6e-4752-a6d3-57aff91a2903.jpg 768w\" sizes=\"auto, (max-width: 99px) 100vw, 99px\" \/><\/a>UNO SOLTANTO E NESSUNA INTERROGAZIONE<\/h3>\n<\/blockquote>\n<p><strong>ROCCA PIETORE\u00a0<\/strong> Che la minoranza o l&#8217;ex di maggioranza Diana Iraci Borgia non abbiano presentato interrogazioni o mozioni \u00e8 una notizia.<\/p>\n<p>Infatti nel consiglio comunale di lunedi alle 18.30 \u00e8 all&#8217;ordine del giorno un unico punto sull&#8217;approvazione del rendiconto di gestione dell&#8217;esercizio finanziario 2022<\/p>\n<p>&nbsp;<\/p>\n<hr \/>\n<p>&nbsp;<\/p>\n<blockquote>\n<h3><a class=\"dt-pswp-item\" href=\"https:\/\/www.radiopiu.net\/wordpress\/wp-content\/uploads\/2023\/05\/c10062c7-e52a-4463-b265-6218b6e86845.jpg\" data-dt-img-description=\"\" data-large_image_width=\"2016\" data-large_image_height=\"1512\"><img loading=\"lazy\" decoding=\"async\" class=\" wp-image-337367 alignleft\" src=\"https:\/\/www.radiopiu.net\/wordpress\/wp-content\/uploads\/2023\/05\/c10062c7-e52a-4463-b265-6218b6e86845-300x225.jpg\" alt=\"\" width=\"247\" height=\"185\" srcset=\"https:\/\/www.radiopiu.net\/wordpress\/wp-content\/uploads\/2023\/05\/c10062c7-e52a-4463-b265-6218b6e86845-300x225.jpg 300w, https:\/\/www.radiopiu.net\/wordpress\/wp-content\/uploads\/2023\/05\/c10062c7-e52a-4463-b265-6218b6e86845-1024x768.jpg 1024w, https:\/\/www.radiopiu.net\/wordpress\/wp-content\/uploads\/2023\/05\/c10062c7-e52a-4463-b265-6218b6e86845-768x576.jpg 768w, https:\/\/www.radiopiu.net\/wordpress\/wp-content\/uploads\/2023\/05\/c10062c7-e52a-4463-b265-6218b6e86845-1536x1152.jpg 1536w, https:\/\/www.radiopiu.net\/wordpress\/wp-content\/uploads\/2023\/05\/c10062c7-e52a-4463-b265-6218b6e86845.jpg 2016w\" sizes=\"auto, (max-width: 247px) 100vw, 247px\" \/><\/a>LAVORI AL VIA IN CENTRO A LA VALLE AGORDINA<\/h3>\n<\/blockquote>\n<p>Sono iniziati ieri a La Valle i lavori in centro paese per la ristrutturazione del ponte che interesser\u00e0 il paese e la strada del Passo Duran per tre mesi. Disagi per tutti e periodo decisamente sbagliato porteranno, si spera, alla realizzazione di uno dei pi\u00f9 bei ponti delle Dolomiti.<\/p>\n<p>&nbsp;<\/p>\n<p>&nbsp;<\/p>\n<p>&nbsp;<\/p>\n<hr \/>\n<p>&nbsp;<\/p>\n<blockquote>\n<h3>FREESTYLE HOSPITAL, OGGI ALL&#8217;OSPEDALE DI BELLUNO<\/h3>\n<\/blockquote>\n<p><strong>BELLUNO<\/strong> Per la prima volta dopo tanto tempo, oggi, l&#8217;ospedale di Belluno dar\u00e0 il benvenuto a un&#8217;iniziativa unica nel suo genere. Alvaro Dal Farra, rinomato pilota di freestyle motocross, sar\u00e0 accompagnato dal suo fido amico Mattia Cattapan CROSSabili per portare il progetto sociale di Freestyle Hospital direttamente alla struttura ospedaliera. Il Freestyle Hospital \u00e8 un progetto che da anni si dedica a portare attivit\u00e0 sociali negli ospedali, con un&#8217;attenzione particolare ai bambini e ai reparti di pediatria. Dopo quasi 15 anni di Mototerapia e 10 anni di Freestyle Hospital, il progetto ha preso sempre pi\u00f9 forma, ottenendo un grande successo e risultati unici sui bambini e sui malati in generale.<\/p>\n\n\t\t\t<style type='text\/css'>\n\t\t\t\t#gallery-2 {\n\t\t\t\t\tmargin: auto;\n\t\t\t\t}\n\t\t\t\t#gallery-2 .gallery-item {\n\t\t\t\t\tfloat: left;\n\t\t\t\t\tmargin-top: 10px;\n\t\t\t\t\ttext-align: center;\n\t\t\t\t\twidth: 25%;\n\t\t\t\t}\n\t\t\t\t#gallery-2 img {\n\t\t\t\t\tborder: 2px solid #cfcfcf;\n\t\t\t\t}\n\t\t\t\t#gallery-2 .gallery-caption {\n\t\t\t\t\tmargin-left: 0;\n\t\t\t\t}\n\t\t\t\t\/* see gallery_shortcode() in wp-includes\/media.php *\/\n\t\t\t<\/style>\n\t\t<div id='gallery-2' class='dt-gallery-container gallery galleryid-337245 gallery-columns-4 gallery-size-thumbnail'><dl class='gallery-item'>\n\t\t\t\t<dt class='gallery-icon landscape'>\n\t\t\t\t\t<a class=\"rollover rollover-zoom dt-pswp-item\" title=\"e77f58f8-e787-4501-be81-fb044229d5a7\" data-dt-img-description=\"\" data-large_image_width=\"1600\" data-large_image_height=\"1066\"href='https:\/\/www.radiopiu.net\/wordpress\/wp-content\/uploads\/2023\/05\/e77f58f8-e787-4501-be81-fb044229d5a7.jpg'><img loading=\"lazy\" decoding=\"async\" width=\"150\" height=\"150\" src=\"https:\/\/www.radiopiu.net\/wordpress\/wp-content\/uploads\/2023\/05\/e77f58f8-e787-4501-be81-fb044229d5a7-150x150.jpg\" class=\"attachment-thumbnail size-thumbnail\" alt=\"\" \/><\/a>\n\t\t\t\t<\/dt><\/dl><dl class='gallery-item'>\n\t\t\t\t<dt class='gallery-icon portrait'>\n\t\t\t\t\t<a class=\"rollover rollover-zoom dt-pswp-item\" title=\"e8298ef8-23f9-4248-855d-ad14a3f6a4dd\" data-dt-img-description=\"\" data-large_image_width=\"1066\" data-large_image_height=\"1600\"href='https:\/\/www.radiopiu.net\/wordpress\/wp-content\/uploads\/2023\/05\/e8298ef8-23f9-4248-855d-ad14a3f6a4dd.jpg'><img loading=\"lazy\" decoding=\"async\" width=\"150\" height=\"150\" src=\"https:\/\/www.radiopiu.net\/wordpress\/wp-content\/uploads\/2023\/05\/e8298ef8-23f9-4248-855d-ad14a3f6a4dd-150x150.jpg\" class=\"attachment-thumbnail size-thumbnail\" alt=\"\" \/><\/a>\n\t\t\t\t<\/dt><\/dl><dl class='gallery-item'>\n\t\t\t\t<dt class='gallery-icon landscape'>\n\t\t\t\t\t<a class=\"rollover rollover-zoom dt-pswp-item\" title=\"482b908d-caa7-46be-a516-0a539b43fd48\" data-dt-img-description=\"\" data-large_image_width=\"1449\" data-large_image_height=\"828\"href='https:\/\/www.radiopiu.net\/wordpress\/wp-content\/uploads\/2023\/05\/482b908d-caa7-46be-a516-0a539b43fd48.jpg'><img loading=\"lazy\" decoding=\"async\" width=\"150\" height=\"150\" src=\"https:\/\/www.radiopiu.net\/wordpress\/wp-content\/uploads\/2023\/05\/482b908d-caa7-46be-a516-0a539b43fd48-150x150.jpg\" class=\"attachment-thumbnail size-thumbnail\" alt=\"\" \/><\/a>\n\t\t\t\t<\/dt><\/dl><dl class='gallery-item'>\n\t\t\t\t<dt class='gallery-icon landscape'>\n\t\t\t\t\t<a class=\"rollover rollover-zoom dt-pswp-item\" title=\"78c1606c-8ea8-4706-8bd7-d69b245d6454\" data-dt-img-description=\"\" data-large_image_width=\"1421\" data-large_image_height=\"828\"href='https:\/\/www.radiopiu.net\/wordpress\/wp-content\/uploads\/2023\/05\/78c1606c-8ea8-4706-8bd7-d69b245d6454.jpg'><img loading=\"lazy\" decoding=\"async\" width=\"150\" height=\"150\" src=\"https:\/\/www.radiopiu.net\/wordpress\/wp-content\/uploads\/2023\/05\/78c1606c-8ea8-4706-8bd7-d69b245d6454-150x150.jpg\" class=\"attachment-thumbnail size-thumbnail\" alt=\"\" \/><\/a>\n\t\t\t\t<\/dt><\/dl><br style=\"clear: both\" \/>\n\t\t\t<\/div>\n\n<p>&nbsp;<\/p>\n<hr \/>\n<p>&nbsp;<\/p>\n<p>&nbsp;<\/p>\n<blockquote>\n<h2>Impegno tra sport e vita Libera premia gli scolari<\/h2>\n<\/blockquote>\n<div class=\"addthis_sharing_toolbox\" data-url=\"http:\/\/sfoglio.corrierealpi.gelocal.it\/share_article.php?article_id=12291676\" data-title=\"Sportelli linguistici ladini Irsara contro la Provincia per il sito che dimentica Fodom, Col e An...\"><strong><img loading=\"lazy\" decoding=\"async\" class=\"alignleft\" src=\"https:\/\/www.radiopiu.net\/wordpress\/wp-content\/uploads\/2022\/03\/LIBERA-MAFIE.png\" width=\"179\" height=\"157\" \/>AGORDO<\/strong><\/div>\n<div data-url=\"http:\/\/sfoglio.corrierealpi.gelocal.it\/share_article.php?article_id=12291676\" data-title=\"Sportelli linguistici ladini Irsara contro la Provincia per il sito che dimentica Fodom, Col e An...\"><strong>DI GIANNI SANTOMASO<\/strong><\/div>\n<div class=\"articlePlainText\"><\/div>\n<div>\n<audio class=\"wp-audio-shortcode\" id=\"audio-337245-5\" preload=\"none\" style=\"width: 100%;\" controls=\"controls\"><source type=\"audio\/mpeg\" src=\"https:\/\/www.radiopiu.net\/wordpress\/wp-content\/uploads\/2023\/05\/GIANNI-LIBERA.mp3?_=5\" \/><a href=\"https:\/\/www.radiopiu.net\/wordpress\/wp-content\/uploads\/2023\/05\/GIANNI-LIBERA.mp3\">https:\/\/www.radiopiu.net\/wordpress\/wp-content\/uploads\/2023\/05\/GIANNI-LIBERA.mp3<\/a><\/audio>\n<p>&nbsp;<\/p>\n<p>&nbsp;<\/p>\n<\/div>\n<p>&nbsp;<\/p>\n<p>&nbsp;<\/p>\n<p>&nbsp;<\/p>\n<hr \/>\n<p>&nbsp;<\/p>\n<blockquote>\n<h3>COME SCRIVEVANO I ROMANI NELL\u2019ANTICA FELTRIA<\/h3>\n<\/blockquote>\n<p><strong><a class=\"dt-pswp-item\" href=\"https:\/\/www.radiopiu.net\/wordpress\/wp-content\/uploads\/2023\/05\/Museo-Archeologico-Feltre.jpg\" data-dt-img-description=\"\" data-large_image_width=\"1200\" data-large_image_height=\"1600\"><img loading=\"lazy\" decoding=\"async\" class=\" wp-image-337292 alignleft\" src=\"https:\/\/www.radiopiu.net\/wordpress\/wp-content\/uploads\/2023\/05\/Museo-Archeologico-Feltre-225x300.jpg\" alt=\"\" width=\"105\" height=\"140\" srcset=\"https:\/\/www.radiopiu.net\/wordpress\/wp-content\/uploads\/2023\/05\/Museo-Archeologico-Feltre-225x300.jpg 225w, https:\/\/www.radiopiu.net\/wordpress\/wp-content\/uploads\/2023\/05\/Museo-Archeologico-Feltre-768x1024.jpg 768w, https:\/\/www.radiopiu.net\/wordpress\/wp-content\/uploads\/2023\/05\/Museo-Archeologico-Feltre-1152x1536.jpg 1152w, https:\/\/www.radiopiu.net\/wordpress\/wp-content\/uploads\/2023\/05\/Museo-Archeologico-Feltre.jpg 1200w\" sizes=\"auto, (max-width: 105px) 100vw, 105px\" \/><\/a>FELTRE<\/strong> \u201cCome scrivevano i Romani dell\u2019Antica Feltria\u201d: \u00e8 questo il titolo del laboratorio calligrafico che sar\u00e0 ospitato sabato 17 e domenica 18 giugno nelle sale della sezione archeologica del Museo Civico di Feltre. Il progetto nasce su proposta dell\u2019Associazione feltrina Koin\u00e8-Linguaggi Comuni, che ha individuato come destinatari adulti e ragazzi dai 16 anni in su. Durante le due giornate sar\u00e0 proposto ai partecipanti lo studio delle lettere presenti, per l\u2019appunto, nelle iscrizioni lapidee del Museo Civico Archeologico di Feltre. La parte teorica prevede la descrizione delle modalit\u00e0 di esecuzione delle lettere capitali romane presenti nelle iscrizioni feltrine, inclusi gli studi calligrafici tradizionali di Catich sull&#8217;esempio della colonna Traiana. La parte pratica comporta l&#8217;esecuzione di frottage direttamente dalle iscrizioni presenti nel Museo &#8211; non invasive per i beni dal momento che si useranno carta velina, spugnette e grafite &#8211; e successivamente prove esecutive a pennello su carta, cos\u00ec come avveniva nella tradizione pi\u00f9 antica, testimoniata, oltre che da accurati studi, anche dai numerosi esempi delle iscrizioni pompeiane nello stile della Capitalis Rustica.<\/p>\n<p>&nbsp;<\/p>\n<hr \/>\n<p>&nbsp;<\/p>\n<blockquote>\n<h3>IL NUOVO DIRETTIVO DI SCUOLE IN RETE<\/h3>\n<\/blockquote>\n<p><strong>BELLUNO<\/strong> Gli Amici delle Scuole in Rete hanno un nuovo Direttivo. Alla presidenza \u00e8 stata riconfermata Daniela Mangiola, mentre vicepresidente diventa lo studente universitario Lorenzo Chiesura. Nuova segretaria amministrativa \u00e8 Alessia Nart, che sar\u00e0 affiancata dal segretario uscente Danilo Zanon. A completare la squadra ci sono Concetta Spadaro, Paolo Capraro, Flavia Palazzin, Sandy Fiabane e, in qualit\u00e0 di referente per le Scuole in Rete, Franco Chemello. Molti i progetti realizzati e molti sono in fase di realizzazione. Tra i prossimi ritorna anche quest\u2019estate il volontariato estivo per i ragazzi che vogliono aiutare adulti e anziani con corsi di informatica di base, recuperare computer dismessi da fornire a studenti e famiglie che ne hanno bisogno, \u00e8 possibile iscriversi su <a href=\"http:\/\/www.studentibelluno.it\">www.studentibelluno.it<\/a>).<\/p>\n<p>&nbsp;<\/p>\n<p>&nbsp;<\/p>\n<hr \/>\n<p>&nbsp;<\/p>\n<blockquote>\n<h3>SABATO A BELLUNO LA CAMPAGNA CONTRO IL FUMO DELLA LILT<\/h3>\n<\/blockquote>\n<p><strong><a class=\"dt-pswp-item\" href=\"https:\/\/www.radiopiu.net\/wordpress\/wp-content\/uploads\/2023\/01\/SIGARETTA.png\" data-dt-img-description=\"\" data-large_image_width=\"1620\" data-large_image_height=\"1068\"><img loading=\"lazy\" decoding=\"async\" class=\" wp-image-319122 alignleft\" src=\"https:\/\/www.radiopiu.net\/wordpress\/wp-content\/uploads\/2023\/01\/SIGARETTA-300x198.png\" alt=\"\" width=\"133\" height=\"88\" srcset=\"https:\/\/www.radiopiu.net\/wordpress\/wp-content\/uploads\/2023\/01\/SIGARETTA-300x198.png 300w, https:\/\/www.radiopiu.net\/wordpress\/wp-content\/uploads\/2023\/01\/SIGARETTA-1024x675.png 1024w, https:\/\/www.radiopiu.net\/wordpress\/wp-content\/uploads\/2023\/01\/SIGARETTA-768x506.png 768w, https:\/\/www.radiopiu.net\/wordpress\/wp-content\/uploads\/2023\/01\/SIGARETTA-1536x1013.png 1536w, https:\/\/www.radiopiu.net\/wordpress\/wp-content\/uploads\/2023\/01\/SIGARETTA.png 1620w\" sizes=\"auto, (max-width: 133px) 100vw, 133px\" \/><\/a>BELLUNO <\/strong>Lilt (Lega italiana per la lotta contro i tumori) sezione di Belluno, nell\u2019ambito delle attivit\u00e0 di prevenzione e informazione congiunte con l\u2019Ulss1 Dolomiti (Pneumologia e Ser.d), promuove \u2013 in occasione della Giornata mondiale senza tabacco \u2013 la campagna \u201cIl respiro \u00e8 vita. Dai vita al tuo respiro!\u201d con il patrocinio del Comune di Belluno. Sabato, dalle 9 alle 12 in Piazza dei Martiri a Belluno, verranno offerti dei servizi gratuiti nella logica di tenere monitorata la salute delle persone e invitarle a smettere di fumare<\/p>\n<p>&nbsp;<\/p>\n<p>&nbsp;<\/p>\n<hr \/>\n<p>&nbsp;<\/p>\n<blockquote>\n<h3>ALLA CALCHERA DE LE TORTE IL LAVORO E&#8217; TERMINATO<\/h3>\n<\/blockquote>\n<p><strong>TAIBON<\/strong> Gli uomini del Piodech hanno terminato il loro lavoro alla calchera de le torte. Ieri mattina l&#8217;ultimo fascina di legne e fuoco che si sta spegnendo.<\/p>\n<p><strong>LA DIRETTA RADIO PIU&#8217;<\/strong><\/p>\n<p>https:\/\/www.facebook.com\/marco.baghy.1\/videos\/806422380878824<\/p>\n<p>&nbsp;<\/p>\n<p>&nbsp;<\/p>\n<p><strong>MOLTO INTERESSANTE!<\/strong><br \/>\n<span class=\"yt-core-attributed-string yt-core-attributed-string--white-space-pre-wrap\" role=\"text\">video di Franca Visentin 2001. Recupero di tipologie locali. Ripristino e riuso di una &#8220;calchera&#8221; (fornace di calce). Ente promotore, Pro Loco Soranzen &#8211; Busche. Progetto e coordinamento di Adriana Querincig Lanciato e Gino Maoret. Rilievi topografici, Denis Maoret, Ennio Lanciato. Foto, Mario Brandalise, Ennio Lanciato, Gino Maoret. Patrocinio della Regione Veneto, del Parco Nazionale Dolomiti Bellunesi, della Pro Loco Soranzen &#8211; Busche. Con la collaborazione di Comunit\u00e0 Montana Feltrina, Corpo forestale dello Stato, Comuni del Comprensorio del Parco Nazionale Dolomiti Bellunesi, Club Alpino Italiano &#8211; sezione di Feltre, Gruppo Escursionisti di Cesiomaggiore, Associazione Nazionale Alpini gruppo Villabruna &#8211; Cesiomaggiore, Associazione donatori volontari del sangue &#8211; Cesiomaggiore, Operatori Volontari della Pedemontana. Studio tecnico arch. Giuliana Zanella. Laboratorio prove dell&#8217;Universit\u00e0 di Padova. Testo di Franca Visentin e Adriana Querincig Lanciato. Voce del commento di Claudia Toigo<\/span><\/p>\n<p><iframe loading=\"lazy\" title=\"Val Canzoi fornaci da calce\" width=\"1200\" height=\"900\" src=\"https:\/\/www.youtube.com\/embed\/iua5Hl-NPoQ?feature=oembed\" frameborder=\"0\" allow=\"accelerometer; autoplay; clipboard-write; encrypted-media; gyroscope; picture-in-picture; web-share\" allowfullscreen><\/iframe><\/p>\n<p>&nbsp;<\/p>\n<blockquote class=\"wp-embedded-content\" data-secret=\"eg5X42pOAi\"><p><a href=\"https:\/\/www.radiopiu.net\/wordpress\/cronostoria-la-calchera-dal-22-marzo-2022-ad-oggi-24-maggio-2023\/\">CRONOSTORIA, LA CALCHERA: DAL 22 MARZO 2022 AD OGGI 24 MAGGIO 2023<\/a><\/p><\/blockquote>\n<p><iframe loading=\"lazy\" class=\"wp-embedded-content\" sandbox=\"allow-scripts\" security=\"restricted\" style=\"position: absolute; clip: rect(1px, 1px, 1px, 1px);\" title=\"&#8220;CRONOSTORIA, LA CALCHERA: DAL 22 MARZO 2022 AD OGGI 24 MAGGIO 2023&#8221; &#8212; Radio Pi\u00f9\" src=\"https:\/\/www.radiopiu.net\/wordpress\/cronostoria-la-calchera-dal-22-marzo-2022-ad-oggi-24-maggio-2023\/embed\/#?secret=0Yv4Q7JWUC#?secret=eg5X42pOAi\" data-secret=\"eg5X42pOAi\" width=\"600\" height=\"338\" frameborder=\"0\" marginwidth=\"0\" marginheight=\"0\" scrolling=\"no\"><\/iframe><\/p>\n<p>&nbsp;<\/p>\n<p>&nbsp;<\/p>\n<hr \/>\n<p>&nbsp;<\/p>\n<p>&nbsp;<\/p>\n<blockquote>\n<h3>DONATORI DEL SANGUE DI AGORDO, DURANTE IL PRANZO IL PENSIERO VA A CASA TUA<\/h3>\n<\/blockquote>\n<p>&nbsp;<\/p>\n<p><strong><img loading=\"lazy\" decoding=\"async\" class=\"alignleft\" src=\"https:\/\/www.radiopiu.net\/wordpress\/wp-content\/uploads\/2021\/08\/ABVS-300x300.jpg\" width=\"122\" height=\"122\" \/>AGORDO<\/strong><\/p>\n<p><strong>DI GIANNI SANTOMASO<\/strong><\/p>\n<audio class=\"wp-audio-shortcode\" id=\"audio-337245-6\" preload=\"none\" style=\"width: 100%;\" controls=\"controls\"><source type=\"audio\/mpeg\" src=\"https:\/\/www.radiopiu.net\/wordpress\/wp-content\/uploads\/2023\/05\/GIANNI-SANGUE.mp3?_=6\" \/><a href=\"https:\/\/www.radiopiu.net\/wordpress\/wp-content\/uploads\/2023\/05\/GIANNI-SANGUE.mp3\">https:\/\/www.radiopiu.net\/wordpress\/wp-content\/uploads\/2023\/05\/GIANNI-SANGUE.mp3<\/a><\/audio>\n<p>&nbsp;<\/p>\n<p>&nbsp;<\/p>\n\n\t\t\t<style type='text\/css'>\n\t\t\t\t#gallery-3 {\n\t\t\t\t\tmargin: auto;\n\t\t\t\t}\n\t\t\t\t#gallery-3 .gallery-item {\n\t\t\t\t\tfloat: left;\n\t\t\t\t\tmargin-top: 10px;\n\t\t\t\t\ttext-align: center;\n\t\t\t\t\twidth: 50%;\n\t\t\t\t}\n\t\t\t\t#gallery-3 img {\n\t\t\t\t\tborder: 2px solid #cfcfcf;\n\t\t\t\t}\n\t\t\t\t#gallery-3 .gallery-caption {\n\t\t\t\t\tmargin-left: 0;\n\t\t\t\t}\n\t\t\t\t\/* see gallery_shortcode() in wp-includes\/media.php *\/\n\t\t\t<\/style>\n\t\t<div id='gallery-3' class='dt-gallery-container gallery galleryid-337245 gallery-columns-2 gallery-size-thumbnail'><dl class='gallery-item'>\n\t\t\t\t<dt class='gallery-icon landscape'>\n\t\t\t\t\t<a class=\"rollover rollover-zoom dt-pswp-item\" title=\"AGORDO- Grupppo Donatori sangue Sez.Agordo e gemelli Preganziaol\" data-dt-img-description=\"\" data-large_image_width=\"1476\" data-large_image_height=\"1107\"href='https:\/\/www.radiopiu.net\/wordpress\/wp-content\/uploads\/2023\/05\/AGORDO-Grupppo-Donatori-sangue-Sez.Agordo-e-gemelli-Preganziaol.jpg'><img loading=\"lazy\" decoding=\"async\" width=\"150\" height=\"150\" src=\"https:\/\/www.radiopiu.net\/wordpress\/wp-content\/uploads\/2023\/05\/AGORDO-Grupppo-Donatori-sangue-Sez.Agordo-e-gemelli-Preganziaol-150x150.jpg\" class=\"attachment-thumbnail size-thumbnail\" alt=\"\" aria-describedby=\"gallery-3-337404\" \/><\/a>\n\t\t\t\t<\/dt>\n\t\t\t\t\t<dd class='wp-caption-text gallery-caption' id='gallery-3-337404'>\n\t\t\t\t\tAGORDO- Grupppo Donatori sangue Sez.Agordo e gemelli Preganziaol\n\t\t\t\t\t<\/dd><\/dl><dl class='gallery-item'>\n\t\t\t\t<dt class='gallery-icon portrait'>\n\t\t\t\t\t<a class=\"rollover rollover-zoom dt-pswp-item\" title=\"AGORDO - Viviana Paganin premiata per 50 donazioni di sangue\" data-dt-img-description=\"\" data-large_image_width=\"984\" data-large_image_height=\"1312\"href='https:\/\/www.radiopiu.net\/wordpress\/wp-content\/uploads\/2023\/05\/AGORDO-Viviana-Paganin-premiata-per-50-donazioni-di-sangue.jpg'><img loading=\"lazy\" decoding=\"async\" width=\"150\" height=\"150\" src=\"https:\/\/www.radiopiu.net\/wordpress\/wp-content\/uploads\/2023\/05\/AGORDO-Viviana-Paganin-premiata-per-50-donazioni-di-sangue-150x150.jpg\" class=\"attachment-thumbnail size-thumbnail\" alt=\"\" aria-describedby=\"gallery-3-337403\" \/><\/a>\n\t\t\t\t<\/dt>\n\t\t\t\t\t<dd class='wp-caption-text gallery-caption' id='gallery-3-337403'>\n\t\t\t\t\tAGORDO &#8211; Viviana Paganin premiata per 50 donazioni di sangue\n\t\t\t\t\t<\/dd><\/dl><br style=\"clear: both\" \/>\n\t\t\t<\/div>\n\n<p>&nbsp;<\/p>\n<p>&nbsp;<\/p>\n<hr \/>\n<blockquote>\n<h3><a class=\"dt-pswp-item\" href=\"https:\/\/www.radiopiu.net\/wordpress\/wp-content\/uploads\/2023\/05\/coperitina1200x1596_05_email_2.jpg\" data-dt-img-description=\"\" data-large_image_width=\"1200\" data-large_image_height=\"1596\"><img loading=\"lazy\" decoding=\"async\" class=\" wp-image-337376 alignleft\" src=\"https:\/\/www.radiopiu.net\/wordpress\/wp-content\/uploads\/2023\/05\/coperitina1200x1596_05_email_2-226x300.jpg\" alt=\"\" width=\"111\" height=\"147\" srcset=\"https:\/\/www.radiopiu.net\/wordpress\/wp-content\/uploads\/2023\/05\/coperitina1200x1596_05_email_2-226x300.jpg 226w, https:\/\/www.radiopiu.net\/wordpress\/wp-content\/uploads\/2023\/05\/coperitina1200x1596_05_email_2-770x1024.jpg 770w, https:\/\/www.radiopiu.net\/wordpress\/wp-content\/uploads\/2023\/05\/coperitina1200x1596_05_email_2-768x1021.jpg 768w, https:\/\/www.radiopiu.net\/wordpress\/wp-content\/uploads\/2023\/05\/coperitina1200x1596_05_email_2-1155x1536.jpg 1155w, https:\/\/www.radiopiu.net\/wordpress\/wp-content\/uploads\/2023\/05\/coperitina1200x1596_05_email_2.jpg 1200w\" sizes=\"auto, (max-width: 111px) 100vw, 111px\" \/><\/a>The Blackfin Experience per oltre 350 ottici internazionali<\/h3>\n<\/blockquote>\n<p><strong>TAIBON<\/strong> Saranno oltre 350 gli ottici che nel corso dell\u2019anno raggiungeranno Agordo, tra le Dolomiti bellunesi, per vivere la loro personale <strong>Blackfin Experience<\/strong>. Blackfin apre infatti le porte del Black Shelter &#8211; la sede sostenibile certificata CasaClima Work&amp; Life e inaugurata nel 2021 in occasione del 50esimo anno di attivit\u00e0 &#8211; per far scoprire ai suoi clienti come e dove nascono gli occhiali in titanio.\u00a0 L\u2019iniziativa ha preso il via nel 2022, ma da quest\u2019anno viene sviluppata in modo strutturato attraverso l\u2019organizzazione di visite che coinvolgono ogni volta circa 15-20 ottici provenienti dai principali mercati europei come Germania, Italia, Francia, Austria, Svizzera e paesi Nordici.<\/p>\n<p>&nbsp;<\/p>\n<p>&nbsp;<\/p>\n<hr \/>\n<p>&nbsp;<\/p>\n<blockquote>\n<h3>AL LAVORO PER IL PRIMO SENTIERO UFFICIALE DI MONTAGNATERAPIA DELLE DOLOMITI<\/h3>\n<\/blockquote>\n<p><strong>FELTRE\u00a0 <\/strong>Il Lions Club Feltre Host, in collaborazione con il Leo Club di Feltre e il Club Alpino Italiano (CAI), si propone di realizzare il primo sentiero ufficiale di MontagnaTerapia delle Dolomiti, Patrimonio Mondiale UNESCO. L&#8217;obiettivo \u00e8 creare un percorso terapeutico-riabilitativo e\/o socio-educativo per la prevenzione, cura e riabilitazione di persone con diverse problematiche, patologie o disabilit\u00e0. Il primo passo verso questo obiettivo verr\u00e0 compiuto sabato 27 maggio, con un &#8220;trekking di comunit\u00e0&#8221; che partir\u00e0 dalla piazzetta di Vignui. L&#8217;evento sar\u00e0 aperto al pubblico e servir\u00e0 come momento propedeutico per coinvolgere la comunit\u00e0 nella progettazione del nuovo sentiero tematico. Il progetto \u00e8 stato promosso in collaborazione con il Primario del Centro di Salute Mentale (CSM) dell&#8217;ULSS 1 Dolomiti, Dott. Angelo Brega, e prevede la definizione della traccia, la realizzazione di un pannello esplicativo e un programma di accompagnamento per la sperimentazione e lo sviluppo di questo approccio al benessere e alla salute mentale. Il progetto ha ricevuto entusiasmo da parte delle commissioni del CAI che sostengono da anni un approccio terapeutico alla montagna, con particolare riferimento al Gruppo Montagna che Aiuta e al CAI TAM della sezione feltrina del Club Alpino. L&#8217;iniziativa ha anche l&#8217;obiettivo di combattere lo stigma associato alla malattia mentale e promuovere la guarigione attraverso un&#8217;attivit\u00e0 che si avvale della collaborazione tra le diverse associazioni coinvolte. Il progetto \u00e8 patrocinato dal Comune di Feltre.<\/p>\n<div class=\"flex-1 overflow-hidden\">\n<div class=\"react-scroll-to-bottom--css-bwgdh-79elbk h-full dark:bg-gray-800\">\n<div class=\"react-scroll-to-bottom--css-bwgdh-1n7m0yu\">\n<div class=\"flex flex-col text-sm dark:bg-gray-800\">\n<div class=\"group w-full text-gray-800 dark:text-gray-100 border-b border-black\/10 dark:border-gray-900\/50 bg-gray-50 dark:bg-[#444654]\">\n<div class=\"flex p-4 gap-4 text-base md:gap-6 md:max-w-2xl lg:max-w-xl xl:max-w-3xl md:py-6 lg:px-0 m-auto\">\n<div class=\"relative flex w-[calc(100%-50px)] flex-col gap-1 md:gap-3 lg:w-[calc(100%-115px)]\">\n<div class=\"flex justify-between lg:block\">\n<div class=\"text-gray-400 flex self-end lg:self-center justify-center mt-2 gap-2 md:gap-3 lg:gap-1 lg:absolute lg:top-0 lg:translate-x-full lg:right-0 lg:mt-0 lg:pl-2 visible\"><\/div>\n<\/div>\n<\/div>\n<\/div>\n<\/div>\n<div class=\"h-32 md:h-48 flex-shrink-0\"><\/div>\n<\/div>\n<p>&nbsp;<\/p>\n<\/div>\n<\/div>\n<\/div>\n<p>&nbsp;<\/p>\n<hr \/>\n<p>&nbsp;<\/p>\n<p>&nbsp;<\/p>\n<blockquote>\n<h3><a class=\"dt-pswp-item\" href=\"https:\/\/www.radiopiu.net\/wordpress\/wp-content\/uploads\/2021\/06\/ebe0e140-b21f-4a97-a898-717eb7fd126f.jpg\" data-dt-img-description=\"\" data-large_image_width=\"2000\" data-large_image_height=\"1500\"><img loading=\"lazy\" decoding=\"async\" class=\" wp-image-215869 alignleft\" src=\"https:\/\/www.radiopiu.net\/wordpress\/wp-content\/uploads\/2021\/06\/ebe0e140-b21f-4a97-a898-717eb7fd126f-300x225.jpg\" alt=\"\" width=\"241\" height=\"181\" srcset=\"https:\/\/www.radiopiu.net\/wordpress\/wp-content\/uploads\/2021\/06\/ebe0e140-b21f-4a97-a898-717eb7fd126f-300x225.jpg 300w, https:\/\/www.radiopiu.net\/wordpress\/wp-content\/uploads\/2021\/06\/ebe0e140-b21f-4a97-a898-717eb7fd126f-1024x768.jpg 1024w, https:\/\/www.radiopiu.net\/wordpress\/wp-content\/uploads\/2021\/06\/ebe0e140-b21f-4a97-a898-717eb7fd126f-768x576.jpg 768w, https:\/\/www.radiopiu.net\/wordpress\/wp-content\/uploads\/2021\/06\/ebe0e140-b21f-4a97-a898-717eb7fd126f-1536x1152.jpg 1536w, https:\/\/www.radiopiu.net\/wordpress\/wp-content\/uploads\/2021\/06\/ebe0e140-b21f-4a97-a898-717eb7fd126f.jpg 2000w\" sizes=\"auto, (max-width: 241px) 100vw, 241px\" \/><\/a>SANT&#8217;ANTONIO&#8230; LA SAGRA A RIVAMONTE!<\/h3>\n<\/blockquote>\n<p><strong>VENERDI 9 GIUGNO<\/strong> ALLE 17 APERTURA TENDONE, SERATA BAVARESE CON LA SPRITZ BAND; <strong>SABATO 10<\/strong> DALLE 17 DJ MORGAN E BATTAGLIA, AL CHIOSCO FANTASIOSI COCKTAIL. IN SERATA LA MUSICA DI WILMER, GNOCH CO LA POINA E ALTRE SPECIALITA&#8217;, DALLA MEZZANOTTE DJ MORGAN A BATTAGLIA.<strong> DOMENICA 11<\/strong> IL TENDONE APRE ALLE 9, ALLE 10 LA CORSA PODISTICA RIVARON, DALLE 12 SI MANGIA, POMERIGGIO CON DJ BISSO E IN SERATA L&#8217;ORCHESTRA PIERETTE ENSAMBLE. PER I BIMBI LA NOVITA&#8217; BUBBLE TEA. <strong>LUNEDI SERA<\/strong> IL TENDONE APRE ALLE 17, IN SERATA SI BALLA CON EROS E KARIN.<strong> MARTEDI 13<\/strong> IL GIORNO SI SANT&#8217;ANTONIO, UNA LUNGA GIORNATA DI FESTA CON IL BALLO FINALE DELLA TUA IDEA. SANT&#8217;ANTONIO, LA SAGRA, CON LA PROLOCO DI RIVAMONTE.<\/p>\n<p>&nbsp;<\/p>\n<p>&nbsp;<\/p>\n<p>&nbsp;<\/p>\n<hr \/>\n<p>&nbsp;<\/p>\n<blockquote>\n<h3>\u201cFAI UN GIRO DI MAESTRIA\u201d, L\u2019ARTIGIANATO BELLUNESE PEDALA ALLA CORSA ROSA<\/h3>\n<\/blockquote>\n<p><strong>BELLUNO <\/strong>Confartigianato Imprese Belluno si tinge di rosa. E propone due giornate a tema artigianato in occasione del passaggio del Giro d\u2019Italia in provincia. L\u2019iniziativa si chiama proprio \u201cFai un Giro di maestria\u201d e avr\u00e0 come quartier generale i padiglioni di Longarone Fiere. Sia nel giorno della tappa Longarone-Tre Cime di Lavaredo (26 maggio) sia il giorno successivo. Saranno due giornate di laboratori rivolti ai ragazzi dai 7 ai 14 anni, per far vedere loro come si lavora l\u2019argilla, come si pu\u00f2 riutilizzare il legno, ma anche cucito, pasticceria e tecniche per YouTuber.<\/p>\n<p>&nbsp;<\/p>\n<hr \/>\n<p>&nbsp;<\/p>\n<blockquote>\n<h3>DOLOMITI INNOVATION VALLEY AL GIRO D&#8217;ITALIA &#8211; SPORT, OCCHIALERIA E INNOVAZIONE<\/h3>\n<\/blockquote>\n<div class=\"flex-1 overflow-hidden\">\n<div class=\"react-scroll-to-bottom--css-khouw-79elbk h-full dark:bg-gray-800\">\n<div class=\"react-scroll-to-bottom--css-khouw-1n7m0yu\">\n<div class=\"flex flex-col text-sm dark:bg-gray-800\">\n<div class=\"group w-full text-gray-800 dark:text-gray-100 border-b border-black\/10 dark:border-gray-900\/50 bg-gray-50 dark:bg-[#444654]\">\n<div class=\"flex p-4 gap-4 text-base md:gap-6 md:max-w-2xl lg:max-w-xl xl:max-w-3xl md:py-6 lg:px-0 m-auto\">\n<div class=\"relative flex w-[calc(100%-50px)] flex-col gap-1 md:gap-3 lg:w-[calc(100%-115px)]\">\n<div class=\"flex flex-grow flex-col gap-3\">\n<div class=\"min-h-[20px] flex flex-col items-start gap-4 whitespace-pre-wrap break-words\">\n<div class=\"markdown prose w-full break-words dark:prose-invert light\">\n<p><strong>BELLUNO<\/strong> Durante la tappa dolomitica del Giro d&#8217;Italia si terr\u00e0 l&#8217;evento Dolomiti Innovation Valley, promosso da diverse organizzazioni industriali e fieristiche. L&#8217;obiettivo principale dell&#8217;iniziativa \u00e8 promuovere l&#8217;innovazione nel settore dell&#8217;occhialeria e dello sport system. Saranno organizzati tavoli di lavoro sull&#8217;Open Innovation come fattore di sviluppo del territorio, promuovendo la collaborazione tra imprese, startup, PMI innovative, spinoff e centri di ricerca. L&#8217;evento mira a evidenziare l&#8217;eccellenza della manifattura presente nel territorio e a dimostrare come gli eventi sportivi possano stimolare l&#8217;innovazione nella regione montana. Si considera questa iniziativa come un passo verso la creazione di un ecosistema dell&#8217;innovazione per rendere le aziende pi\u00f9 competitive. Inoltre, si sottolinea l&#8217;importanza del dialogo tra il settore dell&#8217;occhialeria e quello dello sport, in vista dei prossimi Giochi Olimpici. L&#8217;Open Innovation viene considerata una modalit\u00e0 operativa complessa ma fondamentale per il settore, e si ritiene che l&#8217;associazionismo possa facilitarne l&#8217;implementazione. L&#8217;evento comprender\u00e0 diverse sessioni, tra cui interventi sull&#8217;Open Innovation come motore di sviluppo territoriale, tavole rotonde su casi di co-innovazione tra startup e aziende, e tavoli di lavoro focalizzati sulle necessit\u00e0 di innovazione nel settore dell&#8217;occhialeria e dello sport.<\/p>\n<\/div>\n<\/div>\n<\/div>\n<div class=\"flex justify-between lg:block\">\n<div class=\"text-gray-400 flex self-end lg:self-center justify-center mt-2 gap-2 md:gap-3 lg:gap-1 lg:absolute lg:top-0 lg:translate-x-full lg:right-0 lg:mt-0 lg:pl-2 visible\"><\/div>\n<div><\/div>\n<\/div>\n<\/div>\n<\/div>\n<\/div>\n<\/div>\n<\/div>\n<\/div>\n<\/div>\n<hr \/>\n<p>&nbsp;<\/p>\n<blockquote>\n<h3>ASPETTANDO IL GIRO D&#8217;ITALIA CON L&#8217;ULSS 1 DOLOMITI E STEFANO GASPERIN, DIRETTORE DEL PRONTO SOCCORSO DI AGORDO<\/h3>\n<\/blockquote>\n<p><strong>BELLUNO <\/strong>Ecco il benvenuto al <span class=\"xt0psk2\">Giro d&#8217;Italia<\/span> del direttore del Pronto Soccorso di Agordo Stefano Gasperin, qui in veste di ciclista.<\/p>\n<div style=\"width: 848px;\" class=\"wp-video\"><video class=\"wp-video-shortcode\" id=\"video-337245-2\" width=\"848\" height=\"480\" preload=\"metadata\" controls=\"controls\"><source type=\"video\/mp4\" src=\"https:\/\/www.radiopiu.net\/wordpress\/wp-content\/uploads\/2023\/05\/WhatsApp-Video-2023-05-15-at-17.08.25.mp4?_=2\" \/><a href=\"https:\/\/www.radiopiu.net\/wordpress\/wp-content\/uploads\/2023\/05\/WhatsApp-Video-2023-05-15-at-17.08.25.mp4\">https:\/\/www.radiopiu.net\/wordpress\/wp-content\/uploads\/2023\/05\/WhatsApp-Video-2023-05-15-at-17.08.25.mp4<\/a><\/video><\/div>\n<p>&nbsp;<\/p>\n<blockquote>\n<h3>ASPETTANDO IL GIRO D&#8217;ITALIA CON L&#8217;ULSS 1 DOLOMITI E FRANCESCO MINNITI, DIRETTORE DEL REPARTO MEDICINA DI AGORDO<\/h3>\n<\/blockquote>\n<p><strong>BELLUNO<\/strong> Francesco Minniti, direttore della Medicina di Agordo, territorio che tra pochi giorni accoglier\u00e0 il <span class=\"xt0psk2\">Giro d&#8217;Italia<\/span>, ci spiega perch\u00e9 fa bene andare in bici: la bici aiuta a superare le fragilit\u00e0 fisiche e mentali.<\/p>\n<div style=\"width: 848px;\" class=\"wp-video\"><video class=\"wp-video-shortcode\" id=\"video-337245-3\" width=\"848\" height=\"480\" preload=\"metadata\" controls=\"controls\"><source type=\"video\/mp4\" src=\"https:\/\/www.radiopiu.net\/wordpress\/wp-content\/uploads\/2023\/05\/WhatsApp-Video-2023-05-18-at-15.18.26.mp4?_=3\" \/><a href=\"https:\/\/www.radiopiu.net\/wordpress\/wp-content\/uploads\/2023\/05\/WhatsApp-Video-2023-05-18-at-15.18.26.mp4\">https:\/\/www.radiopiu.net\/wordpress\/wp-content\/uploads\/2023\/05\/WhatsApp-Video-2023-05-18-at-15.18.26.mp4<\/a><\/video><\/div>\n<p>&nbsp;<\/p>\n<p>&nbsp;<\/p>\n<hr \/>\n<p>&nbsp;<\/p>\n<blockquote>\n<h3>ADDIO ALLA REGINA DEL ROCK&#8217;NROLL: TINA TURNER SI SPEGNE A 84 ANNI<\/h3>\n<\/blockquote>\n<p><em>Il mondo della musica piange la scomparsa di un&#8217;icona indimenticabile<\/em><\/p>\n<div class=\"flex-1 overflow-hidden\">\n<div class=\"react-scroll-to-bottom--css-bwgdh-79elbk h-full dark:bg-gray-800\">\n<div class=\"react-scroll-to-bottom--css-bwgdh-1n7m0yu\">\n<div class=\"flex flex-col text-sm dark:bg-gray-800\">\n<div class=\"group w-full text-gray-800 dark:text-gray-100 border-b border-black\/10 dark:border-gray-900\/50 bg-gray-50 dark:bg-[#444654]\">\n<div class=\"flex p-4 gap-4 text-base md:gap-6 md:max-w-2xl lg:max-w-xl xl:max-w-3xl md:py-6 lg:px-0 m-auto\">\n<div class=\"relative flex w-[calc(100%-50px)] flex-col gap-1 md:gap-3 lg:w-[calc(100%-115px)]\">\n<div class=\"flex flex-grow flex-col gap-3\">\n<div class=\"min-h-[20px] flex flex-col items-start gap-4 whitespace-pre-wrap break-words\">\n<div class=\"markdown prose w-full break-words dark:prose-invert light\">\n<p><a class=\"dt-pswp-item\" href=\"https:\/\/www.radiopiu.net\/wordpress\/wp-content\/uploads\/2023\/05\/th-24.jpg\" data-dt-img-description=\"\" data-large_image_width=\"270\" data-large_image_height=\"180\"><img loading=\"lazy\" decoding=\"async\" class=\"size-full wp-image-337368 alignleft\" src=\"https:\/\/www.radiopiu.net\/wordpress\/wp-content\/uploads\/2023\/05\/th-24.jpg\" alt=\"\" width=\"270\" height=\"180\" \/><\/a>In una triste giornata per il mondo della musica, Tina Turner, la leggendaria regina del Rock &#8216;n&#8217; Roll, ci ha lasciati all&#8217;et\u00e0 di 84 anni. La sua morte \u00e8 stata confermata dalla sua famiglia, che ha dichiarato che la Turner \u00e8 spirata pacificamente nella sua residenza svizzera. Nata il 26 novembre 1939 a Nutbush, nel Tennessee, con il nome di Anna Mae Bullock, Tina Turner ha lasciato un&#8217;impronta indelebile nella storia della musica. La sua voce potente, il suo stile inconfondibile e le sue straordinarie performance sul palco l&#8217;hanno consacrata come una delle artiste pi\u00f9 amate e influenti di tutti i tempi. La carriera di Tina Turner ha spaziato per oltre sei decenni, durante i quali ha collezionato successi senza tempo. Dai suoi primi giorni con Ike Turner, suo marito e partner musicale, ai suoi trionfi da solista, la sua musica ha attraversato generazioni, conquistando fan di tutte le et\u00e0. Brani come &#8220;Proud Mary&#8221;, &#8220;What&#8217;s Love Got to Do with It&#8221; e &#8220;Simply the Best&#8221; sono diventati veri e propri inni e hanno consolidato la sua reputazione di artista eccezionale.<\/p>\n<blockquote><p><em>La sua energia sul palco era contagiosa e il suo stile magnetico ha ispirato molti artisti successivi. Oltre alle sue doti vocali straordinarie, Tina Turner era anche una ballerina eccezionale, trasmettendo una passione e una forza emotiva uniche in ogni esibizione.<\/em><\/p><\/blockquote>\n<p>Nonostante il successo professionale, la vita di Tina Turner \u00e8 stata segnata da momenti difficili. Una relazione tumultuosa con Ike Turner ha portato alla sua separazione nel 1976 e al divorzio nel 1978. Tuttavia, Tina ha dimostrato una straordinaria resilienza e forza interiore, risorgendo dalle ceneri per costruire una brillante carriera da solista. Oltre alla sua carriera musicale, Tina Turner si \u00e8 dedicata anche all&#8217;attivismo e alla filantropia. Ha affrontato apertamente le questioni legate alla violenza domestica, ispirando molte persone a trovare la forza per uscire da situazioni abusive. Le reazioni alla notizia della sua morte sono arrivate da tutto il mondo. I colleghi artisti, i fan e i semplici ammiratori hanno espresso il loro cordoglio e la loro gratitudine per il lascito straordinario di Tina Turner. Le sue canzoni rimarranno per sempre nell&#8217;anima di milioni di persone, continuando a ispirare e a emozionare anche dopo la sua scomparsa.<\/p>\n<blockquote><p><em>Tina Turner ci ha lasciati, ma il suo spirito indomabile e la sua musica senza tempo vivranno per sempre. La Regina del Rock &#8216;n&#8217; Roll rimarr\u00e0 un&#8217;icona senza tempo, un simbolo di forza, passione e talento.<\/em><\/p><\/blockquote>\n<\/div>\n<\/div>\n<\/div>\n<div class=\"flex justify-between lg:block\">\n<div class=\"text-xs flex items-center justify-center gap-1 self-center pt-2 !invisible\"><\/div>\n<\/div>\n<\/div>\n<\/div>\n<\/div>\n<\/div>\n<\/div>\n<\/div>\n<\/div>\n<p>&nbsp;<\/p>\n<p>&nbsp;<\/p>\n<hr \/>\n<p>&nbsp;<\/p>\n<h2><span style=\"color: #800080;\">IERI ALLA RADIO<\/span><\/h2>\n<h2><strong><a class=\"dt-pswp-item\" href=\"https:\/\/www.radiopiu.net\/wordpress\/wp-content\/uploads\/2022\/11\/Senza-nome-128.jpg\" data-dt-img-description=\"\" data-large_image_width=\"193\" data-large_image_height=\"314\"><img loading=\"lazy\" decoding=\"async\" class=\"wp-image-310404 alignleft\" src=\"https:\/\/www.radiopiu.net\/wordpress\/wp-content\/uploads\/2022\/11\/Senza-nome-128-184x300.jpg\" alt=\"\" width=\"71\" height=\"116\" srcset=\"https:\/\/www.radiopiu.net\/wordpress\/wp-content\/uploads\/2022\/11\/Senza-nome-128-184x300.jpg 184w, https:\/\/www.radiopiu.net\/wordpress\/wp-content\/uploads\/2022\/11\/Senza-nome-128.jpg 193w\" sizes=\"auto, (max-width: 71px) 100vw, 71px\" \/><\/a><\/strong><span style=\"color: #008000;\">CISL LA VOCE PER I LAVORATORI<\/span><\/h2>\n<p><strong>PUNTATA 22, ALESSIO PICCOLI<\/strong><\/p>\n<audio class=\"wp-audio-shortcode\" id=\"audio-337245-7\" preload=\"none\" style=\"width: 100%;\" controls=\"controls\"><source type=\"audio\/mpeg\" src=\"https:\/\/www.radiopiu.net\/wordpress\/wp-content\/uploads\/2023\/05\/FEMCA-CISL-4.mp3?_=7\" \/><a href=\"https:\/\/www.radiopiu.net\/wordpress\/wp-content\/uploads\/2023\/05\/FEMCA-CISL-4.mp3\">https:\/\/www.radiopiu.net\/wordpress\/wp-content\/uploads\/2023\/05\/FEMCA-CISL-4.mp3<\/a><\/audio>\n<p>&nbsp;<\/p>\n<p><strong>LA RACCOLTA COMPLETA<\/strong><\/p>\n<blockquote class=\"wp-embedded-content\" data-secret=\"JH1DdWzDGH\"><p><a href=\"https:\/\/www.radiopiu.net\/wordpress\/cisl-e-femca-cisl-la-voce\/\">CISL E FEMCA CISL  LA VOCE PER I LAVORATORI<\/a><\/p><\/blockquote>\n<p><iframe loading=\"lazy\" class=\"wp-embedded-content\" sandbox=\"allow-scripts\" security=\"restricted\" style=\"position: absolute; clip: rect(1px, 1px, 1px, 1px);\" title=\"&#8220;CISL E FEMCA CISL  LA VOCE PER I LAVORATORI&#8221; &#8212; Radio Pi\u00f9\" src=\"https:\/\/www.radiopiu.net\/wordpress\/cisl-e-femca-cisl-la-voce\/embed\/#?secret=J8RJXoYioA#?secret=JH1DdWzDGH\" data-secret=\"JH1DdWzDGH\" width=\"600\" height=\"338\" frameborder=\"0\" marginwidth=\"0\" marginheight=\"0\" scrolling=\"no\"><\/iframe><\/p>\n<p>&nbsp;<\/p>\n<h2><a class=\"dt-pswp-item\" href=\"https:\/\/www.radiopiu.net\/wordpress\/wp-content\/uploads\/2022\/11\/scuola-zaino.jpeg\" data-dt-img-description=\"\" data-large_image_width=\"626\" data-large_image_height=\"417\"><img loading=\"lazy\" decoding=\"async\" class=\" wp-image-306830 alignleft\" src=\"https:\/\/www.radiopiu.net\/wordpress\/wp-content\/uploads\/2022\/11\/scuola-zaino-300x200.jpeg\" alt=\"\" width=\"160\" height=\"106\" srcset=\"https:\/\/www.radiopiu.net\/wordpress\/wp-content\/uploads\/2022\/11\/scuola-zaino-300x200.jpeg 300w, https:\/\/www.radiopiu.net\/wordpress\/wp-content\/uploads\/2022\/11\/scuola-zaino.jpeg 626w\" sizes=\"auto, (max-width: 160px) 100vw, 160px\" \/><\/a><span style=\"color: #ff00ff;\">SE NON LA SMETTI TI MANDO DAL PRESIDE<\/span><\/h2>\n<p><strong>di Mirko Mezzacasa<\/strong><\/p>\n<p>Con Maria Rosa Salmazo<\/p>\n<audio class=\"wp-audio-shortcode\" id=\"audio-337245-8\" preload=\"none\" style=\"width: 100%;\" controls=\"controls\"><source type=\"audio\/mpeg\" src=\"https:\/\/www.radiopiu.net\/wordpress\/wp-content\/uploads\/2023\/05\/SE-NON-LE-SMETTI-NUMERO-30-SECONDO-DEI-DUE.mp3?_=8\" \/><a href=\"https:\/\/www.radiopiu.net\/wordpress\/wp-content\/uploads\/2023\/05\/SE-NON-LE-SMETTI-NUMERO-30-SECONDO-DEI-DUE.mp3\">https:\/\/www.radiopiu.net\/wordpress\/wp-content\/uploads\/2023\/05\/SE-NON-LE-SMETTI-NUMERO-30-SECONDO-DEI-DUE.mp3<\/a><\/audio>\n<p>&nbsp;<\/p>\n<p>&nbsp;<\/p>\n<h2><span style=\"color: #ff6600;\"><a class=\"dt-pswp-item\" href=\"https:\/\/www.radiopiu.net\/wordpress\/wp-content\/uploads\/2023\/05\/b1630f2e-f17a-4092-86ed-bd28ff960e82.jpg\" data-dt-img-description=\"\" data-large_image_width=\"2048\" data-large_image_height=\"1152\"><img loading=\"lazy\" decoding=\"async\" class=\" wp-image-337264 alignleft\" src=\"https:\/\/www.radiopiu.net\/wordpress\/wp-content\/uploads\/2023\/05\/b1630f2e-f17a-4092-86ed-bd28ff960e82-300x169.jpg\" alt=\"\" width=\"174\" height=\"98\" srcset=\"https:\/\/www.radiopiu.net\/wordpress\/wp-content\/uploads\/2023\/05\/b1630f2e-f17a-4092-86ed-bd28ff960e82-300x169.jpg 300w, https:\/\/www.radiopiu.net\/wordpress\/wp-content\/uploads\/2023\/05\/b1630f2e-f17a-4092-86ed-bd28ff960e82-1024x576.jpg 1024w, https:\/\/www.radiopiu.net\/wordpress\/wp-content\/uploads\/2023\/05\/b1630f2e-f17a-4092-86ed-bd28ff960e82-768x432.jpg 768w, https:\/\/www.radiopiu.net\/wordpress\/wp-content\/uploads\/2023\/05\/b1630f2e-f17a-4092-86ed-bd28ff960e82-1536x864.jpg 1536w, https:\/\/www.radiopiu.net\/wordpress\/wp-content\/uploads\/2023\/05\/b1630f2e-f17a-4092-86ed-bd28ff960e82.jpg 2048w\" sizes=\"auto, (max-width: 174px) 100vw, 174px\" \/><\/a>TORNA FOLKLOR JALPE&#8217; DE LA MARMOLEDA, LA FESTA A BOSCOVERDE DI ROCCA PIETORE\u00a0<\/span><\/h2>\n<p><strong>di Mirko Mezzacasa<\/strong><\/p>\n<p>OSPITE: Lisa De Grandi ed Elisa De Nardin<\/p>\n<audio class=\"wp-audio-shortcode\" id=\"audio-337245-9\" preload=\"none\" style=\"width: 100%;\" controls=\"controls\"><source type=\"audio\/mpeg\" src=\"https:\/\/www.radiopiu.net\/wordpress\/wp-content\/uploads\/2023\/05\/ELISA-LISA.mp3?_=9\" \/><a href=\"https:\/\/www.radiopiu.net\/wordpress\/wp-content\/uploads\/2023\/05\/ELISA-LISA.mp3\">https:\/\/www.radiopiu.net\/wordpress\/wp-content\/uploads\/2023\/05\/ELISA-LISA.mp3<\/a><\/audio>\n<p>&nbsp;<\/p>\n<p>&nbsp;<\/p>\n<p><strong><img loading=\"lazy\" decoding=\"async\" class=\"alignleft\" src=\"https:\/\/www.radiopiu.net\/wordpress\/wp-content\/uploads\/2023\/03\/ALLEGHE-UNDER-17-2023.jpg\" width=\"170\" height=\"128\" \/><\/strong><\/p>\n<h2><span style=\"color: #ff0000;\">ALLEGHE HOCKEY, UNDER 15: CAMPIONI ALLA RADIO<\/span><\/h2>\n<p><strong>di\u00a0 MARCO GAZ<\/strong><\/p>\n<audio class=\"wp-audio-shortcode\" id=\"audio-337245-10\" preload=\"none\" style=\"width: 100%;\" controls=\"controls\"><source type=\"audio\/mpeg\" src=\"https:\/\/www.radiopiu.net\/wordpress\/wp-content\/uploads\/2023\/05\/ALLEGHE-UNDER-15.mp3?_=10\" \/><a href=\"https:\/\/www.radiopiu.net\/wordpress\/wp-content\/uploads\/2023\/05\/ALLEGHE-UNDER-15.mp3\">https:\/\/www.radiopiu.net\/wordpress\/wp-content\/uploads\/2023\/05\/ALLEGHE-UNDER-15.mp3<\/a><\/audio>\n<p>&nbsp;<\/p>\n<p>&nbsp;<\/p>\n<h2><strong><a class=\"dt-pswp-item\" href=\"https:\/\/www.radiopiu.net\/wordpress\/wp-content\/uploads\/2023\/05\/don-pian-lonch-2023.png\" data-dt-img-description=\"\" data-large_image_width=\"952\" data-large_image_height=\"507\"><img loading=\"lazy\" decoding=\"async\" class=\" wp-image-337124 alignleft\" src=\"https:\/\/www.radiopiu.net\/wordpress\/wp-content\/uploads\/2023\/05\/don-pian-lonch-2023-300x160.png\" alt=\"\" width=\"204\" height=\"109\" srcset=\"https:\/\/www.radiopiu.net\/wordpress\/wp-content\/uploads\/2023\/05\/don-pian-lonch-2023-300x160.png 300w, https:\/\/www.radiopiu.net\/wordpress\/wp-content\/uploads\/2023\/05\/don-pian-lonch-2023-768x409.png 768w, https:\/\/www.radiopiu.net\/wordpress\/wp-content\/uploads\/2023\/05\/don-pian-lonch-2023.png 952w\" sizes=\"auto, (max-width: 204px) 100vw, 204px\" \/><\/a><\/strong><span style=\"color: #808000;\">DOMENICA LA PRIMA EDIZIONE DELLA DON &#8211; PIAN LONCH<\/span><\/h2>\n<p><strong>di Mirko Mezzacasa<\/strong><\/p>\n<p>con Daniel Rech<\/p>\n<audio class=\"wp-audio-shortcode\" id=\"audio-337245-11\" preload=\"none\" style=\"width: 100%;\" controls=\"controls\"><source type=\"audio\/mpeg\" src=\"https:\/\/www.radiopiu.net\/wordpress\/wp-content\/uploads\/2023\/05\/daniel-rech-gosaldo.mp3?_=11\" \/><a href=\"https:\/\/www.radiopiu.net\/wordpress\/wp-content\/uploads\/2023\/05\/daniel-rech-gosaldo.mp3\">https:\/\/www.radiopiu.net\/wordpress\/wp-content\/uploads\/2023\/05\/daniel-rech-gosaldo.mp3<\/a><\/audio>\n<p>&nbsp;<\/p>\n<p>&nbsp;<\/p>\n<hr \/>\n<p>&nbsp;<\/p>\n<h2><span style=\"color: #ff0000;\">GLI APPUNTAMENTI DELLA SETTIMANA\u00a0\u00a0<\/span><\/h2>\n<p>&nbsp;<\/p>\n<blockquote>\n<h3>VALORIZZAZIONE DEI GIOVANI TALENTI<\/h3>\n<\/blockquote>\n<p><strong>BELLUNO\u00a0<\/strong> Questa sera alle 20.30 in Sala Zanardelli, del palazzo dei Rettori, si esibir\u00e0 al pianoforte Vera Cecino, benvenuto musicale di Niccolo&#8217; Zatta. Ingresso libero, raccolta fondi a favore delle popolazioni colpite dal devastante terremoto in Siria e Turchia.<\/p>\n<p>&nbsp;<\/p>\n<blockquote>\n<h3>COM&#8217;E&#8217; GIALLA VENEZIA<\/h3>\n<\/blockquote>\n<p><strong>FELTRE<\/strong> <span id=\"page68R_mcid14\" class=\"markedContent\"><span dir=\"ltr\" role=\"presentation\">Domani\u00a0<\/span> \u00a0<span dir=\"ltr\" role=\"presentation\">alle <\/span>\u00a0<span dir=\"ltr\" role=\"presentation\">1<\/span><span dir=\"ltr\" role=\"presentation\">7 <\/span><\/span><span id=\"page68R_mcid15\" class=\"markedContent\"><span dir=\"ltr\" role=\"presentation\">nel<\/span> <span dir=\"ltr\" role=\"presentation\">giardino di VILLA SAN GIUSEPPE <\/span><\/span><span id=\"page68R_mcid16\" class=\"markedContent\"><span dir=\"ltr\" role=\"presentation\">CASA GUARNIERI il giornalista e artista Ferruccio Gard <\/span><\/span><span id=\"page68R_mcid24\" class=\"markedContent\"><span dir=\"ltr\" role=\"presentation\">dialoga<\/span> <span dir=\"ltr\" role=\"presentation\">con<\/span> <span dir=\"ltr\" role=\"presentation\">CARLO MAZZANTI<\/span> <span dir=\"ltr\" role=\"presentation\">e<\/span> <span dir=\"ltr\" role=\"presentation\">PIERGIORGIO BAROLDI,\u00a0 <\/span><\/span><span id=\"page68R_mcid25\" class=\"markedContent\"><span dir=\"ltr\" role=\"presentation\">benvenuto di<\/span> <span dir=\"ltr\" role=\"presentation\">ENZO GUARNIERI<\/span> <span dir=\"ltr\" role=\"presentation\">e<\/span> <span dir=\"ltr\" role=\"presentation\">ANTONIO GANZ.\u00a0<\/span><\/span><\/p>\n<p>&nbsp;<\/p>\n<hr \/>\n<p>&nbsp;<\/p>\n<blockquote>\n<h3><strong>IL SENTIERO ITALIA: IL SOGNO DIVENUTO REALT\u00c0<\/strong><\/h3>\n<\/blockquote>\n<p><strong>BORGO VALBELLUNA <\/strong>Terzo appuntamento per Camminando &#8211; Esperienze, sensazione, emozioni, festival del cammino a 360\u00b0, che domani, alla Sala\u00a0 San Felice di Lentiai, alle 20:45, presenter\u00e0 agli appassionati di trekking il SICAI, cos\u00ec ormai conosciuto il lungo Sentiero Italia Cai che unisce tutta la penisola italiana attraverso un unico cammino di 7800 chilometri nato dalla visione illuminata di un piccolo gruppo di scrittori-camminatori.<\/p>\n<p>&nbsp;<\/p>\n<p>&nbsp;<\/p>\n<hr \/>\n<p>&nbsp;<\/p>\n<blockquote>\n<h3>EMIGRAZIONE 2.0 AL MIM<\/h3>\n<\/blockquote>\n<p><strong>BELLUNO<\/strong> \u201cEmigrazione 2.0: la nuova mobilit\u00e0\u201d \u00e8 il titolo del terzo e ultimo incontro organizzato dall\u2019Associazione Bellunesi nel Mondo, per celebrare il 10\u00b0 anniversario del MiM Belluno &#8211; Museo interattivo delle Migrazioni. Appuntamento direttamente al MIM (c\/o Associazione Bellunesi nel Mondo, via Cavour 3 Belluno) domani alle 18.<\/p>\n<p>&nbsp;<\/p>\n<p>&nbsp;<\/p>\n<hr \/>\n<p>&nbsp;<\/p>\n<blockquote>\n<h3>DAS MAGISCHE AUGE, IL RECITAL<\/h3>\n<\/blockquote>\n<p><strong>LENTIAI<\/strong> Sabato alle ore 20.30 alla Societ\u00e0 Operaia di Mutuo Soccorso \u201cFelice Cavallotti\u201d di Lentiai, si svolger\u00e0 un recital poetico-musicale a cura del poeta e musicista bellunese Gianni Carlin; si tratta di un adattamento e recitazione del poema \u201cDas Magische Auge\u201d di Claudio Giuseppe De Don\u00e0<\/p>\n<p>&nbsp;<\/p>\n<p>&nbsp;<\/p>\n<hr \/>\n<p>&nbsp;<\/p>\n<blockquote>\n<h3>IL RITORNO DI LUNGARDO IN FEST<\/h3>\n<\/blockquote>\n<p><strong>BELLUNO<\/strong>\u00a0 Lungardo In Fest \u00e8 la festa della Cooperativa Societ\u00e0 Nuova. L&#8217;appuntamento \u00e8 per sabato\u00a0 presso la sede di via Lungardo. Per maggiori informazioni\u00a0 Facebook: cooperativasocietanuova. Programma, dalle 11 frasca , dj set, pesca di beneficenza, gonfiabili per i bambini. Dalle 20:00 musica dal vivo con\u00a0 gli Sklero Zero e i Maci&#8217;s Mobile<\/p>\n<p>&nbsp;<\/p>\n<p>&nbsp;<\/p>\n<hr \/>\n<p>&nbsp;<\/p>\n<blockquote>\n<h3>LA MISSIONE DI PACE IN AFGHANISTAN<\/h3>\n<\/blockquote>\n<p><strong>BELLUNO <\/strong>La missione di pace dei militari italiani in Afghanistan raccontata dal\u00a0 generale di corpo d\u2019armata Carmelo Burgio, sabato alle 18 a Palazzo Fulcis. Saranno la pace e l\u2019attivit\u00e0 dei militari italiani nei luoghi martoriati dai conflitti, ma anche il racconto di esperienze umane e professionali da parte di chi le ha vissute in prima persona, i temi al centro dell\u2019incontro organizzato dal Comune e aperto a tutti.<\/p>\n<p>&nbsp;<\/p>\n<p>&nbsp;<\/p>\n<hr \/>\n<p>&nbsp;<\/p>\n<blockquote>\n<h3>FOLKLOR JALPE&#8217; DE LA MARMOLEDA<\/h3>\n<\/blockquote>\n<p><strong>ROCCA PIETORE<\/strong> \u00c8 in programma\u00a0 da domani a domenica l&#8217;edizione 2023 di Folklor Jalp\u00e8 De La Marmoleda. Sotto al tendone riscaldato in localit\u00e0 Bosco Verde a Rocca Pietore tra cucina tipica e balli con le band tirolesi. Domenica 28, nel pomeriggio, la sfilata dei gruppi folk<\/p>\n<p>&nbsp;<\/p>\n<hr \/>\n<p>&nbsp;<\/p>\n<p>&nbsp;<\/p>\n<blockquote>\n<h3><a class=\"dt-pswp-item\" href=\"https:\/\/www.radiopiu.net\/wordpress\/wp-content\/uploads\/2023\/05\/Senza-nome-71.jpg\" data-dt-img-description=\"\" data-large_image_width=\"178\" data-large_image_height=\"99\"><img loading=\"lazy\" decoding=\"async\" class=\"size-full wp-image-337323 alignleft\" src=\"https:\/\/www.radiopiu.net\/wordpress\/wp-content\/uploads\/2023\/05\/Senza-nome-71.jpg\" alt=\"\" width=\"178\" height=\"99\" \/><\/a>WILD DOLOMITES AL PALAFALCADE CON GLI STUDENTI DEL FOLLADOR-DE ROSSI<\/h3>\n<\/blockquote>\n<p><strong>LO SPOT ALLA RADIO<\/strong><\/p>\n<audio class=\"wp-audio-shortcode\" id=\"audio-337245-12\" preload=\"none\" style=\"width: 100%;\" controls=\"controls\"><source type=\"audio\/mpeg\" src=\"https:\/\/www.radiopiu.net\/wordpress\/wp-content\/uploads\/2023\/05\/wild-dolomites-c.mp3?_=12\" \/><a href=\"https:\/\/www.radiopiu.net\/wordpress\/wp-content\/uploads\/2023\/05\/wild-dolomites-c.mp3\">https:\/\/www.radiopiu.net\/wordpress\/wp-content\/uploads\/2023\/05\/wild-dolomites-c.mp3<\/a><\/audio>\n<p>&nbsp;<\/p>\n<p>&nbsp;<\/p>\n<hr \/>\n<p>&nbsp;<\/p>\n<p>&nbsp;<\/p>\n<blockquote class=\"wp-embedded-content\" data-secret=\"96JBACeHB5\"><p><a href=\"https:\/\/www.radiopiu.net\/wordpress\/il-ritorno-di-alice-bettolo-i-mille-passi-quinto-capitolo\/\">IL RITORNO DI ALICE BETTOLO, &#8220;I MILLE PASSI&#8221;, QUINTO CAPITOLO<\/a><\/p><\/blockquote>\n<p><iframe loading=\"lazy\" class=\"wp-embedded-content\" sandbox=\"allow-scripts\" security=\"restricted\" style=\"position: absolute; clip: rect(1px, 1px, 1px, 1px);\" title=\"&#8220;IL RITORNO DI ALICE BETTOLO, &#8220;I MILLE PASSI&#8221;, QUINTO CAPITOLO&#8221; &#8212; Radio Pi\u00f9\" src=\"https:\/\/www.radiopiu.net\/wordpress\/il-ritorno-di-alice-bettolo-i-mille-passi-quinto-capitolo\/embed\/#?secret=wpB95yWdlh#?secret=96JBACeHB5\" data-secret=\"96JBACeHB5\" width=\"600\" height=\"338\" frameborder=\"0\" marginwidth=\"0\" marginheight=\"0\" scrolling=\"no\"><\/iframe><\/p>\n<p>&nbsp;<\/p>\n<p>&nbsp;<\/p>\n<hr \/>\n<p>&nbsp;<\/p>\n<blockquote>\n<h3>LATTERIE APERTE IN VALBELLUNA<\/h3>\n<\/blockquote>\n<p><strong>BELLUNO<\/strong> Domenica 28 maggio in Val Belluna ritrona l&#8217;evento &#8220;Latteirie Aperte&#8221; dove le principali latterie apriranno le porte per illustrare l&#8217;arte del fare formaggio. Le latterie aderenti sono; Camolino, Tisoi e Bolzano Bellunese, Sedico, Valpiana, Frontin, Valmorel, Lentiai e Sant&#8217;Antonio di Tortal.<\/p>\n<p>&nbsp;<\/p>\n<p>&nbsp;<\/p>\n<hr \/>\n<p>&nbsp;<\/p>\n<blockquote>\n<h3>I 75 ANNI DELLA COMUNITA&#8217; DI VILLA SAN FRANCESCO<\/h3>\n<\/blockquote>\n<p><strong>PEDAVENA <\/strong>Nel fine settimana del 27 e 28 maggio \u00e8 in programma una due giorni dedicata ai 75 anni della comunit\u00e0 di Villa San Francesco dove ci saranno dei convegni dedicati ai giovani in occasione della 26\u00aa edizione della Festa del Volontariato Sociale.<\/p>\n<p>&nbsp;<\/p>\n<p>&nbsp;<\/p>\n<p>&nbsp;<\/p>\n<hr \/>\n<p>&nbsp;<\/p>\n<blockquote>\n<h3>ALL&#8217;EREMO DEI ROMITI CON IL CAI DI AGORDO<\/h3>\n<\/blockquote>\n<p><strong>AGORDO<\/strong> Il CAI di Agordo organizza per domenica un&#8217;escursione all&#8217;Eremo dei Romiti di Domegge di Cadore. Ritrovo alla sede sociale del Munixcipio di Agordo alle 7:15 e partenza con mezzi propri. Per info e iscrizioni 380 6983040<\/p>\n<p>&nbsp;<\/p>\n<p>&nbsp;<\/p>\n<hr \/>\n<p>&nbsp;<\/p>\n<blockquote>\n<h3>LA PRIMA EDIZIONE DELLA DON &#8211; PIANLONCH<\/h3>\n<\/blockquote>\n<p><strong>GOSALDO<\/strong> E&#8217; in programma per <strong>domenica 28 maggio<\/strong> la prima edizione della gara di corsa Don &#8211; Pianlonch. Una passeggiata ludicomotoria di 5,6 km non competitiva. Iscrizione 6 euro prima della partenza, 10 euro con panino farcito e bottigllia d&#8217;acqua.<\/p>\n<p>&nbsp;<\/p>\n<p>&nbsp;<\/p>\n<p>&nbsp;<\/p>\n<hr \/>\n<p>&nbsp;<\/p>\n<blockquote>\n<h3>LE PREMIAZIONI DEL CONCORSO LETTERARIO DELL&#8217;ASSOCIAZIONE VESES<\/h3>\n<\/blockquote>\n<p><strong>BORGO VALBELLUNA<\/strong> Si terr\u00e0 domenica 28 maggio, alle 10 presso il Palazzo delle Contesse a Mel di Borgo Valbelluna, la cerimonia di premiazione del concorso di scrittura \u201cParole che parlano di noi\u201d proposto dall\u2019associazione culturale \u201cVeses\u201d.<\/p>\n<p>&nbsp;<\/p>\n<p>&nbsp;<\/p>\n<hr \/>\n<p>&nbsp;<\/p>\n<p>&nbsp;<\/p>\n<blockquote>\n<h3>MOTOR STREET FOOD FA TAPPA A PONTE<\/h3>\n<\/blockquote>\n<p><strong>PONTE NELLE ALPI <\/strong>Dal 26 al 28 maggio, gli appassionati di motori e buon cibo avranno l&#8217;opportunit\u00e0 di godere di un evento unico nella provincia di Belluno. Motor Street Food, in collaborazione con Just Ride e il campione nazionale di freestyle Matteo Botteon, far\u00e0 tappa a Ponte nelle Alpi, nel piazzale dello stadio.<\/p>\n<p>&nbsp;<\/p>\n<hr \/>\n<p>&nbsp;<\/p>\n<p>&nbsp;<\/p>\n<blockquote>\n<h3>ARMONIE IN MONASTERO<\/h3>\n<\/blockquote>\n<p><strong>BELLUNO<\/strong> Domenica alle 16 nella chiesa dei Santi Gervasio e Protasio\u00a0 concerto del Coro San Martino diretto da Radmila Visentin, al pianoforte Mose&#8217; Andrich;\u00a0 note di storia e arte dell&#8217;ex convento e chiesa con l&#8217;associazione Campedel. Ingresso libero ed eventuali offerte destinate ai giovani della Diocesi che parteciperanno alla Giornata Mondiale della Gioventu&#8217; di Lisbona.<\/p>\n<p>&nbsp;<\/p>\n<p>&nbsp;<\/p>\n<p>&nbsp;<\/p>\n<hr \/>\n<p>&nbsp;<\/p>\n<h2><span style=\"color: #ff0000;\">PROSSIMAMENTE&#8230;\u00a0<\/span><\/h2>\n<blockquote>\n<h3>MASK TO RIDE A SEDICO<\/h3>\n<\/blockquote>\n<p><strong>SEDICO<\/strong> Luned\u00ec in Piazza della Vittoria a Sedico \u00e8 in programma la prima tappa di Mask To Ride, evento di mototerapia e inclusione<\/p>\n<p>&nbsp;<\/p>\n<p>&nbsp;<\/p>\n<hr \/>\n<p>&nbsp;<\/p>\n<blockquote>\n<h3>MARTEDIACOLOR<\/h3>\n<\/blockquote>\n<p><strong>BELLUNO <\/strong>Con la Primavera tornano a Belluno i Martediacolor, una tradizionale manifestazione che trova sempre l\u2019interesse di un numeroso pubblico. Organizzate dal C.T.G. gruppo Belluno, in collaborazione con i Circoli Fotografici di Belluno ed Agordo, sono piacevoli serate con racconti fotografici realizzati in multivisione, dedicate agli amanti dei viaggi, della natura e dell&#8217;arte. Il programma si articola in tre appuntamenti presso la sala Parrocchiale di Cavarzano alle ore 20.45, con ingresso libero, ultimo appuntamento il 30 maggio.<\/p>\n<p>&nbsp;<\/p>\n<p>&nbsp;<\/p>\n<hr \/>\n<p>&nbsp;<\/p>\n<blockquote>\n<h3>SABATO 3 GIUGNO LA CENA DELLA CLASSE 1955-56<\/h3>\n<\/blockquote>\n<p><strong>AGORDO<\/strong> E&#8217; in programma per sabato 3 giugno al Ristorante &#8220;La Stanga&#8221; la cena delle classi 1955-1956. Ritrovo al ristorante alle 19, cena , musica e premi. Per informazioni ed iscrizioni Roberto Schenot al 348 8524340. Iscrizioni entro il 29 maggio.<\/p>\n<p>&nbsp;<\/p>\n<p>&nbsp;<\/p>\n<hr \/>\n<p>&nbsp;<\/p>\n<blockquote>\n<h3>DOMENICA 4 GIUGNO LA 4 PAS IN DOI<\/h3>\n<\/blockquote>\n<p><strong>AGORDO<\/strong> <strong>DOMENICA 4 GIUGNO<\/strong> AD AGORDO: &#8220;4 Pas in doi&#8221; TRAIL RUNNING A COPPIE. Due percorsi: 16 km con 900 metri di dislivello, o 5 km con 250 metri di dislivello. E per i pi\u00f9 golosi, la &#8220;4 Pas in doi Bocoi&#8221;: itinerario enogastronomico, 6 km, con 4 tappe da&#8230; gustare. Per informazioni ed iscrizioni: www.4pasindoi.it<\/p>\n<p>&nbsp;<\/p>\n<p>&nbsp;<\/p>\n<hr \/>\n<p>&nbsp;<\/p>\n<blockquote>\n<h3>Il Gruppo Alpini organizza una gita indimenticabile alla Foiba di Basovizza con pranzo di pesce a Lignano<\/h3>\n<\/blockquote>\n<p><strong>FALCADE <\/strong>\u00a0I Gruppi Alpini rappresentano un importante pilastro della comunit\u00e0 locale, promuovendo attivit\u00e0 che uniscono tradizione, avventura e scoperta del patrimonio culturale. Nel contesto di queste iniziative, il Gruppo Alpini di Falcade ha annunciato una gita straordinaria che si terr\u00e0 l&#8217;11 giugno, con destinazione la Foiba di Basovizza e una deliziosa pausa pranzo a Lignano.\u00a0 Remo Secchi, responsabile delle iscrizioni, sar\u00e0 il punto di riferimento per tutti coloro che desiderano partecipare. Per prenotare un posto e per ulteriori informazioni, \u00e8 possibile contattare\u00a0 il\u00a0 338 5628415.<\/p>\n<p>&nbsp;<\/p>\n<p>&nbsp;<\/p>\n<hr \/>\n<p>&nbsp;<\/p>\n<blockquote class=\"wp-embedded-content\" data-secret=\"BdlebhmEJF\"><p><a href=\"https:\/\/www.radiopiu.net\/wordpress\/periti-minerari-agordini-nel-mondo-la-presentazione-del-libro-la-diretta\/\">PERITI MINERARI AGORDINI NEL MONDO, LA PRESENTAZIONE DEL LIBRO &#8211; LA DIRETTA<\/a><\/p><\/blockquote>\n<p><iframe loading=\"lazy\" class=\"wp-embedded-content\" sandbox=\"allow-scripts\" security=\"restricted\" style=\"position: absolute; clip: rect(1px, 1px, 1px, 1px);\" title=\"&#8220;PERITI MINERARI AGORDINI NEL MONDO, LA PRESENTAZIONE DEL LIBRO &#8211; LA DIRETTA&#8221; &#8212; Radio Pi\u00f9\" src=\"https:\/\/www.radiopiu.net\/wordpress\/periti-minerari-agordini-nel-mondo-la-presentazione-del-libro-la-diretta\/embed\/#?secret=qfnYhCK4nu#?secret=BdlebhmEJF\" data-secret=\"BdlebhmEJF\" width=\"600\" height=\"338\" frameborder=\"0\" marginwidth=\"0\" marginheight=\"0\" scrolling=\"no\"><\/iframe><\/p>\n<p>&nbsp;<\/p>\n<hr \/>\n<p>&nbsp;<\/p>\n<blockquote>\n<h3>IL GIRO NEL CUORE, di John Francis Della Pietra<\/h3>\n<\/blockquote>\n<p><img loading=\"lazy\" decoding=\"async\" class=\"aligncenter\" src=\"https:\/\/www.radiopiu.net\/wordpress\/wp-content\/uploads\/2023\/05\/Senza-nome-72.jpg\" width=\"182\" height=\"168\" \/><\/p>\n<p>Qui nel centro delle dolomiti<br \/>\nDel giro d Italia son nati i miti<br \/>\nQua si vede chi sull alpine salite sui passi osa<br \/>\nSe vuol indossare la maglia rosa<br \/>\nE tutti noi agordini<br \/>\nL\u00ec ad osservarli passare con gl occhi dei bambini<br \/>\nCerti noi montanari di capire<br \/>\nLe fatiche che quei corridori devono patire<br \/>\nMa pure della gioia che tagliando il traguardo sulla cima coppi sapranno sentire<br \/>\nTante storie ed anedoti si potrebbero raccontare<br \/>\nMa basta quell immagine a parlare<br \/>\nAnzi di pi\u00f9<br \/>\nNei pressi di radiopi\u00f9<br \/>\nFantasia a iosa<br \/>\nNelle dolomiti il giro ha vestito il suo cuore di rosa<\/p>\n<p>foto Taibon_Strapont. <em>l\u2019esperto del legno \u201cmamao\u201d Ben e Fulvio \u201ccason\u201d Del Din<\/em><\/p>\n<div id=\"gallery-1\" class=\"dt-gallery-container gallery galleryid-334612 gallery-columns-3 gallery-size-full\"><\/div>\n<p>&nbsp;<\/p>\n<p>&nbsp;<\/p>\n<p>&nbsp;<\/p>\n<hr \/>\n<p>&nbsp;<\/p>\n<p>&nbsp;<\/p>\n<blockquote class=\"wp-embedded-content\" data-secret=\"5ypR7MBQKG\"><p><a href=\"https:\/\/www.radiopiu.net\/wordpress\/rolling-stones-il-programma-di-siro-lena-e-moreno-tocchetto\/\">ROLLING STONES, IL PROGRAMMA DI SIRO LENA E MORENO TOCCHETTO<\/a><\/p><\/blockquote>\n<p><iframe loading=\"lazy\" class=\"wp-embedded-content\" sandbox=\"allow-scripts\" security=\"restricted\" style=\"position: absolute; clip: rect(1px, 1px, 1px, 1px);\" title=\"&#8220;ROLLING STONES, IL PROGRAMMA DI SIRO LENA E MORENO TOCCHETTO&#8221; &#8212; Radio Pi\u00f9\" src=\"https:\/\/www.radiopiu.net\/wordpress\/rolling-stones-il-programma-di-siro-lena-e-moreno-tocchetto\/embed\/#?secret=UtGv3j6UPT#?secret=5ypR7MBQKG\" data-secret=\"5ypR7MBQKG\" width=\"600\" height=\"338\" frameborder=\"0\" marginwidth=\"0\" marginheight=\"0\" scrolling=\"no\"><\/iframe><\/p>\n<p>&nbsp;<\/p>\n<p>&nbsp;<\/p>\n<hr \/>\n<p>&nbsp;<\/p>\n<div dir=\"auto\">\n<div class=\"message spoilers-container\" dir=\"auto\">\n<div>\n<div class=\"b654a4as d2edcug0\">\n<div class=\"rq0escxv hkbzh7o3 jwdofwj8 n8tt0mok r8blr3vg hyh9befq\">\n<p><a class=\"dt-pswp-item\" href=\"https:\/\/www.radiopiu.net\/wordpress\/wp-content\/uploads\/2020\/10\/pp.jpg\" data-dt-img-description=\"\" data-large_image_width=\"640\" data-large_image_height=\"640\"><img loading=\"lazy\" decoding=\"async\" class=\"wp-image-163678 alignleft\" src=\"https:\/\/www.radiopiu.net\/wordpress\/wp-content\/uploads\/2020\/10\/pp-300x300.jpg\" alt=\"\" width=\"106\" height=\"106\" srcset=\"https:\/\/www.radiopiu.net\/wordpress\/wp-content\/uploads\/2020\/10\/pp-300x300.jpg 300w, https:\/\/www.radiopiu.net\/wordpress\/wp-content\/uploads\/2020\/10\/pp-150x150.jpg 150w, https:\/\/www.radiopiu.net\/wordpress\/wp-content\/uploads\/2020\/10\/pp-125x125.jpg 125w, https:\/\/www.radiopiu.net\/wordpress\/wp-content\/uploads\/2020\/10\/pp-200x200.jpg 200w, https:\/\/www.radiopiu.net\/wordpress\/wp-content\/uploads\/2020\/10\/pp-80x80.jpg 80w, https:\/\/www.radiopiu.net\/wordpress\/wp-content\/uploads\/2020\/10\/pp-480x480.jpg 480w, https:\/\/www.radiopiu.net\/wordpress\/wp-content\/uploads\/2020\/10\/pp.jpg 640w\" sizes=\"auto, (max-width: 106px) 100vw, 106px\" \/><\/a><\/p>\n<\/div>\n<\/div>\n<\/div>\n<\/div>\n<div class=\"message spoilers-container\" dir=\"auto\">\n<div class=\"page-title-head hgroup\">\n<div class=\"page-title-head hgroup\">\n<div class=\"b654a4as d2edcug0\">\n<div class=\"j83agx80 btwxx1t3 lhclo0ds hop8lmos nkwizq5d scwd0bx6 roh60bw9\">\n<div class=\"rq0escxv hkbzh7o3 jwdofwj8 n8tt0mok r8blr3vg hyh9befq\">\n<div class=\"do00u71z l9j0dhe7 k4urcfbm\" style=\"text-align: left;\">\n<h2><span style=\"color: #000080;\">DON CESARE, IL PENSIERO DEL GIORNO. ALLA RADIO ALLE 7 DEL MATTINO E ALLE 19.30 DELLA SERA<\/span><\/h2>\n<\/div>\n<div class=\"do00u71z l9j0dhe7 k4urcfbm\" style=\"text-align: left;\">\n<h2 style=\"text-align: left;\"><\/h2>\n<audio class=\"wp-audio-shortcode\" id=\"audio-337245-13\" preload=\"none\" style=\"width: 100%;\" controls=\"controls\"><source type=\"audio\/mpeg\" src=\"https:\/\/www.radiopiu.net\/wordpress\/wp-content\/uploads\/2023\/05\/CESARE-20.mp3?_=13\" \/><a href=\"https:\/\/www.radiopiu.net\/wordpress\/wp-content\/uploads\/2023\/05\/CESARE-20.mp3\">https:\/\/www.radiopiu.net\/wordpress\/wp-content\/uploads\/2023\/05\/CESARE-20.mp3<\/a><\/audio>\n<h2 style=\"text-align: left;\"><span style=\"color: #ff0000;\"><span style=\"vertical-align: inherit;\"><a class=\"dt-pswp-item\" href=\"https:\/\/www.radiopiu.net\/wordpress\/wp-content\/uploads\/2023\/04\/e0aad41d-951e-47b9-9fae-1a879a9bcb7e-1.jpg\" data-dt-img-description=\"\" data-large_image_width=\"1200\" data-large_image_height=\"1200\"><img loading=\"lazy\" decoding=\"async\" class=\"wp-image-333205 aligncenter\" src=\"https:\/\/www.radiopiu.net\/wordpress\/wp-content\/uploads\/2023\/04\/e0aad41d-951e-47b9-9fae-1a879a9bcb7e-1-300x300.jpg\" alt=\"\" width=\"227\" height=\"227\" srcset=\"https:\/\/www.radiopiu.net\/wordpress\/wp-content\/uploads\/2023\/04\/e0aad41d-951e-47b9-9fae-1a879a9bcb7e-1-300x300.jpg 300w, https:\/\/www.radiopiu.net\/wordpress\/wp-content\/uploads\/2023\/04\/e0aad41d-951e-47b9-9fae-1a879a9bcb7e-1-1024x1024.jpg 1024w, https:\/\/www.radiopiu.net\/wordpress\/wp-content\/uploads\/2023\/04\/e0aad41d-951e-47b9-9fae-1a879a9bcb7e-1-150x150.jpg 150w, https:\/\/www.radiopiu.net\/wordpress\/wp-content\/uploads\/2023\/04\/e0aad41d-951e-47b9-9fae-1a879a9bcb7e-1-768x768.jpg 768w, https:\/\/www.radiopiu.net\/wordpress\/wp-content\/uploads\/2023\/04\/e0aad41d-951e-47b9-9fae-1a879a9bcb7e-1.jpg 1200w\" sizes=\"auto, (max-width: 227px) 100vw, 227px\" \/><br \/>\n<\/a><\/span><\/span><\/h2>\n<\/div>\n<\/div>\n<\/div>\n<\/div>\n<\/div>\n<\/div>\n<\/div>\n<\/div>\n<hr \/>\n<p>&nbsp;<\/p>\n<div class=\"message spoilers-container\" dir=\"auto\">\n<h2><span style=\"color: #008080;\">GOCCE DI FILOSOFIA\u00a0\u00a0<\/span><\/h2>\n<p><strong>PUNTATA 318 &#8211; CHIARA CAU &#8211; TERZO ANNO<\/strong><\/p>\n<audio class=\"wp-audio-shortcode\" id=\"audio-337245-14\" preload=\"none\" style=\"width: 100%;\" controls=\"controls\"><source type=\"audio\/mpeg\" src=\"https:\/\/www.radiopiu.net\/wordpress\/wp-content\/uploads\/2023\/05\/FI4-3.mp3?_=14\" \/><a href=\"https:\/\/www.radiopiu.net\/wordpress\/wp-content\/uploads\/2023\/05\/FI4-3.mp3\">https:\/\/www.radiopiu.net\/wordpress\/wp-content\/uploads\/2023\/05\/FI4-3.mp3<\/a><\/audio>\n<p>&nbsp;<\/p>\n<\/div>\n<blockquote>\n<div class=\"message spoilers-container\" dir=\"auto\">\n<p><strong>LA RACCOLTA COMPLETA<\/strong><\/p>\n<\/div>\n<\/blockquote>\n<div class=\"message spoilers-container\" dir=\"auto\">\n<blockquote class=\"wp-embedded-content\" data-secret=\"NBLOAlm9cL\"><p><a href=\"https:\/\/www.radiopiu.net\/wordpress\/gocce-filosofia\/\">Gocce di filosofia,  LA TERZA STAGIONE&#8230; 2023<\/a><\/p><\/blockquote>\n<p><iframe loading=\"lazy\" class=\"wp-embedded-content\" sandbox=\"allow-scripts\" security=\"restricted\" style=\"position: absolute; clip: rect(1px, 1px, 1px, 1px);\" title=\"&#8220;Gocce di filosofia,  LA TERZA STAGIONE&#8230; 2023&#8221; &#8212; Radio Pi\u00f9\" src=\"https:\/\/www.radiopiu.net\/wordpress\/gocce-filosofia\/embed\/#?secret=nhOeEAUiAz#?secret=NBLOAlm9cL\" data-secret=\"NBLOAlm9cL\" width=\"600\" height=\"338\" frameborder=\"0\" marginwidth=\"0\" marginheight=\"0\" scrolling=\"no\"><\/iframe><\/p>\n<\/div>\n<hr \/>\n<p>&nbsp;<\/p>\n<p>&nbsp;<\/p>\n<blockquote class=\"wp-embedded-content\" data-secret=\"R75HsugikQ\"><p><a href=\"https:\/\/www.radiopiu.net\/wordpress\/sentimental-il-nuovo-programma-di-paola-lanciato\/\">SENTIMENTAL, IL NUOVO PROGRAMMA DI PAOLA LANCIATO<\/a><\/p><\/blockquote>\n<p><iframe loading=\"lazy\" class=\"wp-embedded-content\" sandbox=\"allow-scripts\" security=\"restricted\" style=\"position: absolute; clip: rect(1px, 1px, 1px, 1px);\" title=\"&#8220;SENTIMENTAL, IL NUOVO PROGRAMMA DI PAOLA LANCIATO&#8221; &#8212; Radio Pi\u00f9\" src=\"https:\/\/www.radiopiu.net\/wordpress\/sentimental-il-nuovo-programma-di-paola-lanciato\/embed\/#?secret=RegBfZ5w8P#?secret=R75HsugikQ\" data-secret=\"R75HsugikQ\" width=\"600\" height=\"338\" frameborder=\"0\" marginwidth=\"0\" marginheight=\"0\" scrolling=\"no\"><\/iframe><\/p>\n<p>&nbsp;<\/p>\n<div class=\"message spoilers-container\" dir=\"auto\">\n<p>&nbsp;<\/p>\n<p>&nbsp;<\/p>\n<hr \/>\n<p>&nbsp;<\/p>\n<\/div>\n<div class=\"message spoilers-container\" dir=\"auto\">\n<div class=\"column\">\n<p><img loading=\"lazy\" decoding=\"async\" class=\"aligncenter wp-image-61954 size-full\" src=\"https:\/\/www.radiopiu.net\/wordpress\/wp-content\/uploads\/2018\/09\/viabilita.jpeg\" sizes=\"auto, (max-width: 800px) 100vw, 800px\" srcset=\"https:\/\/www.radiopiu.net\/wordpress\/wp-content\/uploads\/2018\/09\/viabilita.jpeg 800w, https:\/\/www.radiopiu.net\/wordpress\/wp-content\/uploads\/2018\/09\/viabilita-300x38.jpeg 300w, https:\/\/www.radiopiu.net\/wordpress\/wp-content\/uploads\/2018\/09\/viabilita-768x96.jpeg 768w\" alt=\"\" width=\"800\" height=\"100\" \/><\/p>\n<\/div>\n<\/div>\n<div class=\"message spoilers-container\" dir=\"auto\">\n<div class=\"column\">\n<p>&nbsp;<\/p>\n<\/div>\n<\/div>\n<div class=\"message spoilers-container\" dir=\"auto\">\n<div class=\"column\">\n<div dir=\"ltr\">\n<div class=\"gmail_quote\">\n<div dir=\"ltr\">\n<div class=\"gmail_quote\">\n<blockquote class=\"wp-embedded-content\" data-secret=\"MKSaIHmzPK\"><p><a href=\"https:\/\/www.radiopiu.net\/wordpress\/viabilita\/\">viabilita<\/a><\/p><\/blockquote>\n<p><iframe loading=\"lazy\" class=\"wp-embedded-content\" sandbox=\"allow-scripts\" security=\"restricted\" style=\"position: absolute; clip: rect(1px, 1px, 1px, 1px);\" title=\"&#8220;viabilita&#8221; &#8212; Radio Pi\u00f9\" src=\"https:\/\/www.radiopiu.net\/wordpress\/viabilita\/embed\/#?secret=gFwZrx1Hz4#?secret=MKSaIHmzPK\" data-secret=\"MKSaIHmzPK\" width=\"600\" height=\"338\" frameborder=\"0\" marginwidth=\"0\" marginheight=\"0\" scrolling=\"no\"><\/iframe><\/p>\n<\/div>\n<\/div>\n<\/div>\n<\/div>\n<\/div>\n<\/div>\n<div class=\"message spoilers-container\" dir=\"auto\">\n<div class=\"column\">\n<div>\n<div dir=\"ltr\">\n<div class=\"gmail_quote\">\n<div dir=\"ltr\">\n<div><\/div>\n<\/div>\n<\/div>\n<\/div>\n<\/div>\n<hr \/>\n<p>&nbsp;<\/p>\n<p><a class=\"dt-pswp-item\" href=\"https:\/\/www.radiopiu.net\/wordpress\/wp-content\/uploads\/2018\/09\/WhatsApp-Image-2018-09-20-at-16.04.06.jpeg\" data-dt-img-description=\"\" data-large_image_width=\"800\" data-large_image_height=\"100\"><img loading=\"lazy\" decoding=\"async\" class=\"wp-image-61378 size-full aligncenter\" src=\"https:\/\/www.radiopiu.net\/wordpress\/wp-content\/uploads\/2018\/09\/WhatsApp-Image-2018-09-20-at-16.04.06.jpeg\" alt=\"\" width=\"800\" height=\"100\" srcset=\"https:\/\/www.radiopiu.net\/wordpress\/wp-content\/uploads\/2018\/09\/WhatsApp-Image-2018-09-20-at-16.04.06.jpeg 800w, https:\/\/www.radiopiu.net\/wordpress\/wp-content\/uploads\/2018\/09\/WhatsApp-Image-2018-09-20-at-16.04.06-300x38.jpeg 300w, https:\/\/www.radiopiu.net\/wordpress\/wp-content\/uploads\/2018\/09\/WhatsApp-Image-2018-09-20-at-16.04.06-768x96.jpeg 768w\" sizes=\"auto, (max-width: 800px) 100vw, 800px\" \/><\/a><\/p>\n<\/div>\n<\/div>\n<div class=\"message spoilers-container\" dir=\"auto\"><\/div>\n<p><center><\/center><center><b>OGGI<\/b><\/center><b>Tempo atteso: <\/b>Dopo l&#8217;instabilit\u00e0 notturna, al mattino parziale miglioramento del tempo sulle Dolomiti con rasserenamenti e nuvolosit\u00e0 in diradamento, mentre la stessa sar\u00e0 maggiore sulle Prealpi per iniziale instabilit\u00e0, seppur in esaurimento. Dalle ore centrali il miglioramento si generalizzer\u00e0 con tratti soleggiati, residue nubi alte e qualche addensamento.<br \/>\n<b>Precipitazioni: <\/b>Nella notte probabili residui fenomeni sulle Dolomiti (40-50%), mentre l&#8217;instabilit\u00e0 sar\u00e0 ancora ben presente sulle Prealpi con rovesci e temporali (70-80%), in esaurimento nel corso del mattino. Poi fenomeni quasi assenti, salvo sporadici piovaschi (10-20%).<br \/>\n<b>Temperature: <\/b>Minime in calo, eccetto qualche aumento sulla fascia prealpina; massime in generale lieve ripresa.<\/p>\n<hr \/>\n<p><center><b>DOMANI<\/b><\/center><b>Tempo atteso: <\/b>Al mattino tempo soleggiato con transito di sottili nubi alte. Al pomeriggio modesta o localmente moderata attivit\u00e0 cumuliforme sulle Dolomiti con qualche fenomeno. Sulle Prealpi addensamenti di maggiore sviluppo e instabilit\u00e0 pi\u00f9 marcata.<br \/>\n<b>Precipitazioni: <\/b>Al mattino assenti (0%). Al pomeriggio qualche sporadico rovescio sulle Dolomiti (40-50%), mentre saranno pi\u00f9 frequenti sulle Prealpi (70-80%)<br \/>\n<b>Temperature: <\/b>Minime in aumento in quota e in diminuzione nelle valli per buon irraggiamento notturno; massime in generale lieve ripresa.<\/p>\n<hr \/>\n<p><center><b>SABATO<\/b><\/center>Maggiore soleggiamento con contenuta attivit\u00e0 cumuliforme durante le ore pi\u00f9 calde, localmente pi\u00f9 intensa ed associata a qualche rovescio o temporale pomeridiano, ma il rischio sar\u00e0 minore rispetto a venerd\u00ec, specie sulle Dolomiti, dove su molti settori non piover\u00e0 affatto. Temperature pressoch\u00e9 stazionarie o in lieve aumento per minore instabilit\u00e0.<\/p>\n<hr \/>\n<p><center><b>DOMENICA<\/b><\/center>Tempo ben soleggiato con cielo sereno al mattino. Al pomeriggio riduzione del soleggiamento per irregolare attivit\u00e0 cumuliforme; in qualche singolo caso qualche addensamento di maggiore sviluppo potr\u00e0 dar luogo a qualche isolato focolaio d&#8217;instabilit\u00e0, anche temporalesco, ma saranno eccezioni. Temperature senza notevoli variazioni variazioni.<\/p>\n<p>&nbsp;<\/p>\n<div class=\"message spoilers-container\" dir=\"auto\">\n<hr \/>\n<p>&nbsp;<\/p>\n<p><a class=\"dt-pswp-item\" href=\"https:\/\/www.radiopiu.net\/wordpress\/wp-content\/uploads\/2018\/09\/sport.jpg\" data-dt-img-description=\"\" data-large_image_width=\"800\" data-large_image_height=\"100\"><img loading=\"lazy\" decoding=\"async\" class=\"aligncenter wp-image-60761 size-full\" src=\"https:\/\/www.radiopiu.net\/wordpress\/wp-content\/uploads\/2018\/09\/sport.jpg\" alt=\"\" width=\"800\" height=\"100\" srcset=\"https:\/\/www.radiopiu.net\/wordpress\/wp-content\/uploads\/2018\/09\/sport.jpg 800w, https:\/\/www.radiopiu.net\/wordpress\/wp-content\/uploads\/2018\/09\/sport-300x38.jpg 300w, https:\/\/www.radiopiu.net\/wordpress\/wp-content\/uploads\/2018\/09\/sport-768x96.jpg 768w\" sizes=\"auto, (max-width: 800px) 100vw, 800px\" \/><\/a><\/p>\n<\/div>\n<div class=\"message spoilers-container\" dir=\"auto\">\n<p>&nbsp;<\/p>\n<p><span style=\"color: #0000ff;\"><strong>CALCIO<\/strong><\/span><\/p>\n<blockquote>\n<h3>CONFERMATO UFFICIALMENTE ANCHE IL CAMPIONATO AGORDINO UNDER 14<\/h3>\n<\/blockquote>\n<p><strong><a class=\"dt-pswp-item\" href=\"https:\/\/www.radiopiu.net\/wordpress\/wp-content\/uploads\/2021\/09\/PALLONE-CALCIO-CSI.jpg\" data-dt-img-description=\"\" data-large_image_width=\"956\" data-large_image_height=\"637\"><img loading=\"lazy\" decoding=\"async\" class=\" wp-image-233126 alignleft\" src=\"https:\/\/www.radiopiu.net\/wordpress\/wp-content\/uploads\/2021\/09\/PALLONE-CALCIO-CSI-300x200.jpg\" alt=\"\" width=\"168\" height=\"112\" srcset=\"https:\/\/www.radiopiu.net\/wordpress\/wp-content\/uploads\/2021\/09\/PALLONE-CALCIO-CSI-300x200.jpg 300w, https:\/\/www.radiopiu.net\/wordpress\/wp-content\/uploads\/2021\/09\/PALLONE-CALCIO-CSI-768x512.jpg 768w, https:\/\/www.radiopiu.net\/wordpress\/wp-content\/uploads\/2021\/09\/PALLONE-CALCIO-CSI.jpg 956w\" sizes=\"auto, (max-width: 168px) 100vw, 168px\" \/><\/a>di Marco Gaz<\/strong><\/p>\n<p><strong>REDAZIONE<\/strong> Oltre al Campionato Agordino Senior, anche quest&#8217;anno torna il torneo dedicato ai giovani under 14. Il movimento calcistico giovanile in Agordino \u00e8 in fermento per il via ufficiale della stagione. La prima novit\u00e0 rispetto allo scorso anno riguarda le squadre iscritte. Infatti sono otto le compagini che si sfideranno in questa edizione, una in pi\u00f9 rispetto allo scorso anno. Canale, Taibon, Caprile, Cencenighe, La Valle, Le Ville, Vallada e Fodom le squadre iscritte. Il campionato inizier\u00e0 sabato 10 giugno per terminare il 30 luglio in concomitanza con la finalissima del Memorial Attilio Moretti. Le semifinali cambiano sede, quest&#8217;anno sar\u00e0 il campo di Cernadoi ad ospitare la penultima giornata della manifestazione dedicata ai giovani.<\/p>\n<p><strong>ANDREA BALDASSI, COMITATO CALCIO AGORDINO<\/strong><\/p>\n<audio class=\"wp-audio-shortcode\" id=\"audio-337245-15\" preload=\"none\" style=\"width: 100%;\" controls=\"controls\"><source type=\"audio\/mpeg\" src=\"https:\/\/www.radiopiu.net\/wordpress\/wp-content\/uploads\/2023\/05\/BALDASSI-CAMP-AGO-GIOV.mp3?_=15\" \/><a href=\"https:\/\/www.radiopiu.net\/wordpress\/wp-content\/uploads\/2023\/05\/BALDASSI-CAMP-AGO-GIOV.mp3\">https:\/\/www.radiopiu.net\/wordpress\/wp-content\/uploads\/2023\/05\/BALDASSI-CAMP-AGO-GIOV.mp3<\/a><\/audio>\n<p>&nbsp;<\/p>\n<p>&nbsp;<\/p>\n<p><strong><span style=\"color: #0000ff;\">PALLAVOLO<\/span><\/strong><\/p>\n<blockquote>\n<h3>IL TALENTO SCHIRO DA THIENE A BELLUNO<\/h3>\n<\/blockquote>\n<p><strong><img loading=\"lazy\" decoding=\"async\" class=\"alignleft\" src=\"https:\/\/www.radiopiu.net\/wordpress\/wp-content\/uploads\/2023\/05\/e46bde3b-b180-47bd-9e23-e9e0f51b8ced.jpg\" width=\"174\" height=\"130\" \/>BELLUNO<\/strong> Il\u00a0 Volley Belluno ha presentato il suo nuovo schiacciatore, Andrea Schiro, un giovane talento di 21 anni proveniente da Thiene. Nonostante la sua giovane et\u00e0, Schiro ha gi\u00e0 accumulato una significativa esperienza nel mondo della pallavolo.<\/p>\n<p>&nbsp;<\/p>\n<p>&nbsp;<\/p>\n<p><strong>DI DANIELE DALVIT<\/strong><\/p>\n<audio class=\"wp-audio-shortcode\" id=\"audio-337245-16\" preload=\"none\" style=\"width: 100%;\" controls=\"controls\"><source type=\"audio\/mpeg\" src=\"https:\/\/www.radiopiu.net\/wordpress\/wp-content\/uploads\/2023\/05\/Radio-Piu-Servizio-Schiro-DRL.mp3?_=16\" \/><a href=\"https:\/\/www.radiopiu.net\/wordpress\/wp-content\/uploads\/2023\/05\/Radio-Piu-Servizio-Schiro-DRL.mp3\">https:\/\/www.radiopiu.net\/wordpress\/wp-content\/uploads\/2023\/05\/Radio-Piu-Servizio-Schiro-DRL.mp3<\/a><\/audio>\n<p>&nbsp;<\/p>\n<\/div>\n","protected":false},"excerpt":{"rendered":"<p>ISCRIVITI AL NOSTRO CANALE\u00a0 YOUTUBE PER SEGUIRE IN DIRETTA I PRINCIPALI PROGRAMMI DI RADIO PIU&#8217; E LE FUTURE DIRETTE IN ESTERNA. PER ISCRIVERTI CLICCA QUI E PREMI\u00a0 &#8220;Iscriviti&#8221;\u00a0\u00a0 &nbsp; &nbsp; &nbsp; \u00a0 Le Dolomiti sono una parte fondamentale del Giro d&#8217;Italia. Roberto Padrin, presidente Provincia di Belluno \u00abCi prepariamo a vivere due giorni di sport&hellip;<\/p>\n","protected":false},"author":4,"featured_media":337367,"comment_status":"closed","ping_status":"closed","sticky":false,"template":"","format":"standard","meta":{"_monsterinsights_skip_tracking":false,"_monsterinsights_sitenote_active":false,"_monsterinsights_sitenote_note":"","_monsterinsights_sitenote_category":0,"footnotes":""},"categories":[51,86,49],"tags":[],"class_list":["post-337245","post","type-post","status-publish","format-standard","has-post-thumbnail","hentry","category-evidenza-top","category-gr","category-news-18","category-51","category-86","category-49","description-off"],"img_url":"https:\/\/www.radiopiu.net\/wordpress\/wp-content\/uploads\/2023\/05\/c10062c7-e52a-4463-b265-6218b6e86845.jpg","_links":{"self":[{"href":"https:\/\/www.radiopiu.net\/wordpress\/wp-json\/wp\/v2\/posts\/337245","targetHints":{"allow":["GET"]}}],"collection":[{"href":"https:\/\/www.radiopiu.net\/wordpress\/wp-json\/wp\/v2\/posts"}],"about":[{"href":"https:\/\/www.radiopiu.net\/wordpress\/wp-json\/wp\/v2\/types\/post"}],"author":[{"embeddable":true,"href":"https:\/\/www.radiopiu.net\/wordpress\/wp-json\/wp\/v2\/users\/4"}],"replies":[{"embeddable":true,"href":"https:\/\/www.radiopiu.net\/wordpress\/wp-json\/wp\/v2\/comments?post=337245"}],"version-history":[{"count":0,"href":"https:\/\/www.radiopiu.net\/wordpress\/wp-json\/wp\/v2\/posts\/337245\/revisions"}],"wp:featuredmedia":[{"embeddable":true,"href":"https:\/\/www.radiopiu.net\/wordpress\/wp-json\/wp\/v2\/media\/337367"}],"wp:attachment":[{"href":"https:\/\/www.radiopiu.net\/wordpress\/wp-json\/wp\/v2\/media?parent=337245"}],"wp:term":[{"taxonomy":"category","embeddable":true,"href":"https:\/\/www.radiopiu.net\/wordpress\/wp-json\/wp\/v2\/categories?post=337245"},{"taxonomy":"post_tag","embeddable":true,"href":"https:\/\/www.radiopiu.net\/wordpress\/wp-json\/wp\/v2\/tags?post=337245"}],"curies":[{"name":"wp","href":"https:\/\/api.w.org\/{rel}","templated":true}]}}