{"id":337251,"date":"2023-05-25T05:38:39","date_gmt":"2023-05-25T03:38:39","guid":{"rendered":"https:\/\/www.radiopiu.net\/wordpress\/?p=337251"},"modified":"2023-05-25T05:53:38","modified_gmt":"2023-05-25T03:53:38","slug":"freestyle-hospital-domani-allospedale-di-belluno","status":"publish","type":"post","link":"https:\/\/www.radiopiu.net\/wordpress\/freestyle-hospital-domani-allospedale-di-belluno\/","title":{"rendered":"FREESTYLE HOSPITAL,  ALL&#8217;OSPEDALE DI BELLUNO"},"content":{"rendered":"<p><strong>BELLUNO<\/strong> Per la prima volta dopo tanto tempo, oggi l&#8217;ospedale di Belluno dar\u00e0 il benvenuto a un&#8217;iniziativa unica nel suo genere. Alvaro Dal Farra, rinomato pilota di freestyle motocross, sar\u00e0 accompagnato dal suo fido amico Mattia Cattapan CROSSabili per portare il progetto sociale di Freestyle Hospital direttamente alla struttura ospedaliera. Il Freestyle Hospital \u00e8 un progetto che da anni si dedica a portare attivit\u00e0 sociali negli ospedali, con un&#8217;attenzione particolare ai bambini e ai reparti di pediatria. Dopo quasi 15 anni di Mototerapia e 10 anni di Freestyle Hospital, il progetto ha preso sempre pi\u00f9 forma, ottenendo un grande successo e risultati unici sui bambini e sui malati in generale. &#8220;La nostra missione \u00e8 quella di portare le attivit\u00e0 direttamente nelle stanze degli ospedali, conferendo loro un nuovo scopo, rendendoli luoghi piacevoli e accoglienti. Vogliamo offrire ai bambini e a tutti gli ospiti l&#8217;opportunit\u00e0 di partecipare a queste attivit\u00e0 e trascorrere una giornata da protagonisti ed eroi, giocando con noi e, soprattutto, permettendo ai bambini di giocare insieme, e perch\u00e9 no, anche agli adulti. Desideriamo ringraziare la Dott.essa Federica Celato e Marilisa Celato per il loro aiuto e la loro volont\u00e0 nell&#8217;organizzazione di questa giornata straordinaria. Vi invitiamo a partecipare a questo evento emozionante, che speriamo possa segnare l&#8217;inizio di un percorso all&#8217;interno della struttura sanitaria di Belluno. Sar\u00e0 un&#8217;occasione per raccontare e condividere questa grande giornata che, siamo certi, lascer\u00e0 un segno duraturo nel cuore di coloro che parteciperanno&#8221;.<\/p>\n\n\t\t\t<style type='text\/css'>\n\t\t\t\t#gallery-1 {\n\t\t\t\t\tmargin: auto;\n\t\t\t\t}\n\t\t\t\t#gallery-1 .gallery-item {\n\t\t\t\t\tfloat: left;\n\t\t\t\t\tmargin-top: 10px;\n\t\t\t\t\ttext-align: center;\n\t\t\t\t\twidth: 25%;\n\t\t\t\t}\n\t\t\t\t#gallery-1 img {\n\t\t\t\t\tborder: 2px solid #cfcfcf;\n\t\t\t\t}\n\t\t\t\t#gallery-1 .gallery-caption {\n\t\t\t\t\tmargin-left: 0;\n\t\t\t\t}\n\t\t\t\t\/* see gallery_shortcode() in wp-includes\/media.php *\/\n\t\t\t<\/style>\n\t\t<div id='gallery-1' class='dt-gallery-container gallery galleryid-337251 gallery-columns-4 gallery-size-thumbnail'><dl class='gallery-item'>\n\t\t\t\t<dt class='gallery-icon landscape'>\n\t\t\t\t\t<a class=\"rollover rollover-zoom dt-pswp-item\" title=\"e77f58f8-e787-4501-be81-fb044229d5a7\" data-dt-img-description=\"\" data-large_image_width=\"1600\" data-large_image_height=\"1066\"href='https:\/\/www.radiopiu.net\/wordpress\/wp-content\/uploads\/2023\/05\/e77f58f8-e787-4501-be81-fb044229d5a7.jpg'><img loading=\"lazy\" decoding=\"async\" width=\"150\" height=\"150\" src=\"https:\/\/www.radiopiu.net\/wordpress\/wp-content\/uploads\/2023\/05\/e77f58f8-e787-4501-be81-fb044229d5a7-150x150.jpg\" class=\"attachment-thumbnail size-thumbnail\" alt=\"\" \/><\/a>\n\t\t\t\t<\/dt><\/dl><dl class='gallery-item'>\n\t\t\t\t<dt class='gallery-icon portrait'>\n\t\t\t\t\t<a class=\"rollover rollover-zoom dt-pswp-item\" title=\"e8298ef8-23f9-4248-855d-ad14a3f6a4dd\" data-dt-img-description=\"\" data-large_image_width=\"1066\" data-large_image_height=\"1600\"href='https:\/\/www.radiopiu.net\/wordpress\/wp-content\/uploads\/2023\/05\/e8298ef8-23f9-4248-855d-ad14a3f6a4dd.jpg'><img loading=\"lazy\" decoding=\"async\" width=\"150\" height=\"150\" src=\"https:\/\/www.radiopiu.net\/wordpress\/wp-content\/uploads\/2023\/05\/e8298ef8-23f9-4248-855d-ad14a3f6a4dd-150x150.jpg\" class=\"attachment-thumbnail size-thumbnail\" alt=\"\" \/><\/a>\n\t\t\t\t<\/dt><\/dl><dl class='gallery-item'>\n\t\t\t\t<dt class='gallery-icon landscape'>\n\t\t\t\t\t<a class=\"rollover rollover-zoom dt-pswp-item\" title=\"482b908d-caa7-46be-a516-0a539b43fd48\" data-dt-img-description=\"\" data-large_image_width=\"1449\" data-large_image_height=\"828\"href='https:\/\/www.radiopiu.net\/wordpress\/wp-content\/uploads\/2023\/05\/482b908d-caa7-46be-a516-0a539b43fd48.jpg'><img loading=\"lazy\" decoding=\"async\" width=\"150\" height=\"150\" src=\"https:\/\/www.radiopiu.net\/wordpress\/wp-content\/uploads\/2023\/05\/482b908d-caa7-46be-a516-0a539b43fd48-150x150.jpg\" class=\"attachment-thumbnail size-thumbnail\" alt=\"\" \/><\/a>\n\t\t\t\t<\/dt><\/dl><dl class='gallery-item'>\n\t\t\t\t<dt class='gallery-icon landscape'>\n\t\t\t\t\t<a class=\"rollover rollover-zoom dt-pswp-item\" title=\"78c1606c-8ea8-4706-8bd7-d69b245d6454\" data-dt-img-description=\"\" data-large_image_width=\"1421\" data-large_image_height=\"828\"href='https:\/\/www.radiopiu.net\/wordpress\/wp-content\/uploads\/2023\/05\/78c1606c-8ea8-4706-8bd7-d69b245d6454.jpg'><img loading=\"lazy\" decoding=\"async\" width=\"150\" height=\"150\" src=\"https:\/\/www.radiopiu.net\/wordpress\/wp-content\/uploads\/2023\/05\/78c1606c-8ea8-4706-8bd7-d69b245d6454-150x150.jpg\" class=\"attachment-thumbnail size-thumbnail\" alt=\"\" \/><\/a>\n\t\t\t\t<\/dt><\/dl><br style=\"clear: both\" \/>\n\t\t\t<\/div>\n\n<p>&nbsp;<\/p>\n<p>&nbsp;<\/p>\n<p>******<\/p>\n","protected":false},"excerpt":{"rendered":"<p>BELLUNO Per la prima volta dopo tanto tempo, oggi l&#8217;ospedale di Belluno dar\u00e0 il benvenuto a un&#8217;iniziativa unica nel suo genere. Alvaro Dal Farra, rinomato pilota di freestyle motocross, sar\u00e0 accompagnato dal suo fido amico Mattia Cattapan CROSSabili per portare il progetto sociale di Freestyle Hospital direttamente alla struttura ospedaliera. Il Freestyle Hospital \u00e8 un&hellip;<\/p>\n","protected":false},"author":4,"featured_media":337252,"comment_status":"closed","ping_status":"closed","sticky":false,"template":"","format":"standard","meta":{"_monsterinsights_skip_tracking":false,"_monsterinsights_sitenote_active":false,"_monsterinsights_sitenote_note":"","_monsterinsights_sitenote_category":0,"footnotes":""},"categories":[51,49],"tags":[],"class_list":["post-337251","post","type-post","status-publish","format-standard","has-post-thumbnail","hentry","category-evidenza-top","category-news-18","category-51","category-49","description-off"],"img_url":"https:\/\/www.radiopiu.net\/wordpress\/wp-content\/uploads\/2023\/05\/e77f58f8-e787-4501-be81-fb044229d5a7.jpg","_links":{"self":[{"href":"https:\/\/www.radiopiu.net\/wordpress\/wp-json\/wp\/v2\/posts\/337251","targetHints":{"allow":["GET"]}}],"collection":[{"href":"https:\/\/www.radiopiu.net\/wordpress\/wp-json\/wp\/v2\/posts"}],"about":[{"href":"https:\/\/www.radiopiu.net\/wordpress\/wp-json\/wp\/v2\/types\/post"}],"author":[{"embeddable":true,"href":"https:\/\/www.radiopiu.net\/wordpress\/wp-json\/wp\/v2\/users\/4"}],"replies":[{"embeddable":true,"href":"https:\/\/www.radiopiu.net\/wordpress\/wp-json\/wp\/v2\/comments?post=337251"}],"version-history":[{"count":0,"href":"https:\/\/www.radiopiu.net\/wordpress\/wp-json\/wp\/v2\/posts\/337251\/revisions"}],"wp:featuredmedia":[{"embeddable":true,"href":"https:\/\/www.radiopiu.net\/wordpress\/wp-json\/wp\/v2\/media\/337252"}],"wp:attachment":[{"href":"https:\/\/www.radiopiu.net\/wordpress\/wp-json\/wp\/v2\/media?parent=337251"}],"wp:term":[{"taxonomy":"category","embeddable":true,"href":"https:\/\/www.radiopiu.net\/wordpress\/wp-json\/wp\/v2\/categories?post=337251"},{"taxonomy":"post_tag","embeddable":true,"href":"https:\/\/www.radiopiu.net\/wordpress\/wp-json\/wp\/v2\/tags?post=337251"}],"curies":[{"name":"wp","href":"https:\/\/api.w.org\/{rel}","templated":true}]}}