{"id":337313,"date":"2023-05-25T05:29:19","date_gmt":"2023-05-25T03:29:19","guid":{"rendered":"https:\/\/www.radiopiu.net\/wordpress\/?p=337313"},"modified":"2023-05-26T05:56:46","modified_gmt":"2023-05-26T03:56:46","slug":"cronostoria-la-calchera-dal-22-marzo-2022-ad-oggi-24-maggio-2023","status":"publish","type":"post","link":"https:\/\/www.radiopiu.net\/wordpress\/cronostoria-la-calchera-dal-22-marzo-2022-ad-oggi-24-maggio-2023\/","title":{"rendered":"CRONOSTORIA, LA CALCHERA: DAL 22 MARZO 2022 AD OGGI 24 MAGGIO 2023"},"content":{"rendered":"<p>REDAZIONE Del progetto della calchera dei Marin in Valle di San Lucano abbiamo iniziato a parlare lo scorso 22 marzo 2022. Timidamente veniva anticipata l&#8217;iniziativa e partiva la ricerca &#8220;fascina&#8221;, ovvero legna combustibile, la stessa che ha permesso la realizzazione della calce dopo 5 giorni di fuoco. In questa pagina riproponiamo tutti i servizi, compresi quelli dedicati alla scuola Primaria vincitrice di un importante concorso.<\/p>\n<p><strong>22 MARZO 2022<\/strong><\/p>\n<h3>DAL GIORNALE RADIO DEL 22 MARZO 2022<\/h3>\n<blockquote>\n<h3><em>Il <\/em><em>sito si trova in prossimit\u00e0 del capitello delle tre dita, prima della chiesa di San Lucano.\u00a0<\/em><\/h3>\n<\/blockquote>\n<p><a class=\"dt-pswp-item\" href=\"https:\/\/www.radiopiu.net\/wordpress\/wp-content\/uploads\/2022\/03\/download-1.jpg\" data-dt-img-description=\"\" data-large_image_width=\"230\" data-large_image_height=\"183\"><img loading=\"lazy\" decoding=\"async\" class=\"size-thumbnail wp-image-267150 alignleft\" src=\"https:\/\/www.radiopiu.net\/wordpress\/wp-content\/uploads\/2022\/03\/download-1-150x150.jpg\" alt=\"\" width=\"150\" height=\"150\" \/><\/a><\/p>\n<p><strong>\u00a0<\/strong><strong>TAIBON<\/strong> I volontari di Taibon da tempo lavorano ad un progetto ambizioso: ridare vita alla Calch\u00e8ra de le t\u00f2rte, in previsione della \u201ccota\u201d di primavera, un evento dal momento che almeno da settant\u2019anni l\u2019operazione non \u00e8 pi\u00f9 praticata. Per quell&#8217;occasione sar\u00e0 importante e necessario che gli uomini del Piodech guidati dal presidente Paolo &#8220;moncio&#8221; Sibillon abbiamo a disposizione tanta legna. Ecco quindi la richiesta di collaborazione al paese. &#8220;In questi giorni &#8211; riflette Sibillon &#8211; sono in corso i lavori di giardinaggio, molte persone tagliano i rami degli alberi, cespugli per smaltire il legnatico presso l&#8217;ecocentro. Quello che chiediamo e che questo materiale venga preparato in fascine, della lunghezza di circa un metro. Anzich\u00e8 finire all&#8217;econcentro serviranno per la cota di primavera. Ci mettiamo a disposizione per recuperare presso le abitazioni le fascine di legna. Con un grazie in anticipo&#8221;. Per ulteriori informazioni e segnalare eventuali ritiri il referente \u00e8 Agostino &#8220;il tecnico&#8221; Cadorin telefono 337 495 723 Una\u00a0<b>fascina<\/b>\u00a0\u00e8 un insieme di\u00a0<a title=\"Ramo\" href=\"https:\/\/it.wikipedia.org\/wiki\/Ramo\">rami<\/a>\u00a0di\u00a0<a title=\"Legno\" href=\"https:\/\/it.wikipedia.org\/wiki\/Legno\">legna<\/a>\u00a0tenuti tra loro e legati in genere con\u00a0<a title=\"Corda\" href=\"https:\/\/it.wikipedia.org\/wiki\/Corda\">corde<\/a>,\u00a0<a title=\"Spago\" href=\"https:\/\/it.wikipedia.org\/wiki\/Spago\">spaghi<\/a>\u00a0o fibre di\u00a0<a title=\"Vimine\" href=\"https:\/\/it.wikipedia.org\/wiki\/Vimine\">vimini<\/a>; composta di legna fresca o secca (se comprendente anche\u00a0<a title=\"Paglia\" href=\"https:\/\/it.wikipedia.org\/wiki\/Paglia\">paglia<\/a>,\u00a0<a title=\"Erba\" href=\"https:\/\/it.wikipedia.org\/wiki\/Erba\">erba<\/a>\u00a0e\u00a0<a title=\"Fieno\" href=\"https:\/\/it.wikipedia.org\/wiki\/Fieno\">fieno<\/a>\u00a0\u00e8 detta\u00a0<b>fastello<\/b><sup id=\"cite_ref-1\" class=\"reference\"><\/sup>), ha diversi utilizzi principalmente da\u00a0<a title=\"Fuoco\" href=\"https:\/\/it.wikipedia.org\/wiki\/Fuoco\">fuoco<\/a>. Pu\u00f2 ad esempio essere usata per facilitare l&#8217;accensione del\u00a0<a title=\"Focolare\" href=\"https:\/\/it.wikipedia.org\/wiki\/Focolare\">focolare<\/a>\u00a0o per la regolazione della temperatura del\u00a0<a title=\"Forno\" href=\"https:\/\/it.wikipedia.org\/wiki\/Forno\">forno<\/a>\u00a0a legna.<\/p>\n<p>&nbsp;<\/p>\n<p>&nbsp;<\/p>\n<p>&nbsp;<\/p>\n<blockquote>\n<h3>CALCHERA DEI MARIN, A SETTEMBRE LA PRIMA &#8220;COTA&#8221;<\/h3>\n<\/blockquote>\n<p><strong>TAIBON<\/strong> C&#8217;\u00e8 una macchina perfettamente oliata in paese, \u00e8 quella del &#8220;piodech&#8221; (volontariato), questa si funziona. Il recupero della calchera dei Marin ne \u00e8 solo l&#8217;ultimo esempio. In questi mesi i lavori per il recupero della storia. Lungo la strada comunale per San Lucano \u00e8 gi\u00e0 visibile il cartello che presenta la rievocazione dell&#8217;attivit\u00e0 produttiva del passato per la produzione di calce tramite la cottura del sasso calcareo. L&#8217;elegante cartello ben inserito nell&#8217;ambiente da anche appuntamento a settembre per la prima &#8220;cota&#8221;<\/p>\n\n\t\t\t<style type='text\/css'>\n\t\t\t\t#gallery-1 {\n\t\t\t\t\tmargin: auto;\n\t\t\t\t}\n\t\t\t\t#gallery-1 .gallery-item {\n\t\t\t\t\tfloat: left;\n\t\t\t\t\tmargin-top: 10px;\n\t\t\t\t\ttext-align: center;\n\t\t\t\t\twidth: 25%;\n\t\t\t\t}\n\t\t\t\t#gallery-1 img {\n\t\t\t\t\tborder: 2px solid #cfcfcf;\n\t\t\t\t}\n\t\t\t\t#gallery-1 .gallery-caption {\n\t\t\t\t\tmargin-left: 0;\n\t\t\t\t}\n\t\t\t\t\/* see gallery_shortcode() in wp-includes\/media.php *\/\n\t\t\t<\/style>\n\t\t<div id='gallery-1' class='dt-gallery-container gallery galleryid-337313 gallery-columns-4 gallery-size-thumbnail'><dl class='gallery-item'>\n\t\t\t\t<dt class='gallery-icon landscape'>\n\t\t\t\t\t<a class=\"rollover rollover-zoom dt-pswp-item\" title=\"53ef4725-7129-487b-8f81-c5433464f5a8\" data-dt-img-description=\"\" data-large_image_width=\"1920\" data-large_image_height=\"1080\"href='https:\/\/www.radiopiu.net\/wordpress\/wp-content\/uploads\/2022\/03\/53ef4725-7129-487b-8f81-c5433464f5a8.jpg'><img loading=\"lazy\" decoding=\"async\" width=\"150\" height=\"150\" src=\"https:\/\/www.radiopiu.net\/wordpress\/wp-content\/uploads\/2022\/03\/53ef4725-7129-487b-8f81-c5433464f5a8-150x150.jpg\" class=\"attachment-thumbnail size-thumbnail\" alt=\"\" \/><\/a>\n\t\t\t\t<\/dt><\/dl><dl class='gallery-item'>\n\t\t\t\t<dt class='gallery-icon landscape'>\n\t\t\t\t\t<a class=\"rollover rollover-zoom dt-pswp-item\" title=\"06821038-7242-4568-ae1e-207b9b474a07\" data-dt-img-description=\"\" data-large_image_width=\"1920\" data-large_image_height=\"1080\"href='https:\/\/www.radiopiu.net\/wordpress\/wp-content\/uploads\/2022\/03\/06821038-7242-4568-ae1e-207b9b474a07.jpg'><img loading=\"lazy\" decoding=\"async\" width=\"150\" height=\"150\" src=\"https:\/\/www.radiopiu.net\/wordpress\/wp-content\/uploads\/2022\/03\/06821038-7242-4568-ae1e-207b9b474a07-150x150.jpg\" class=\"attachment-thumbnail size-thumbnail\" alt=\"\" \/><\/a>\n\t\t\t\t<\/dt><\/dl><dl class='gallery-item'>\n\t\t\t\t<dt class='gallery-icon landscape'>\n\t\t\t\t\t<a class=\"rollover rollover-zoom dt-pswp-item\" title=\"fbed8297-93db-4232-b046-ebf40e25c865\" data-dt-img-description=\"\" data-large_image_width=\"1920\" data-large_image_height=\"1080\"href='https:\/\/www.radiopiu.net\/wordpress\/wp-content\/uploads\/2022\/03\/fbed8297-93db-4232-b046-ebf40e25c865.jpg'><img loading=\"lazy\" decoding=\"async\" width=\"150\" height=\"150\" src=\"https:\/\/www.radiopiu.net\/wordpress\/wp-content\/uploads\/2022\/03\/fbed8297-93db-4232-b046-ebf40e25c865-150x150.jpg\" class=\"attachment-thumbnail size-thumbnail\" alt=\"\" \/><\/a>\n\t\t\t\t<\/dt><\/dl><dl class='gallery-item'>\n\t\t\t\t<dt class='gallery-icon landscape'>\n\t\t\t\t\t<a class=\"rollover rollover-zoom dt-pswp-item\" title=\"1017394c-bfe9-408c-9af8-59e8f13f01b5\" data-dt-img-description=\"\" data-large_image_width=\"1920\" data-large_image_height=\"1080\"href='https:\/\/www.radiopiu.net\/wordpress\/wp-content\/uploads\/2022\/03\/1017394c-bfe9-408c-9af8-59e8f13f01b5.jpg'><img loading=\"lazy\" decoding=\"async\" width=\"150\" height=\"150\" src=\"https:\/\/www.radiopiu.net\/wordpress\/wp-content\/uploads\/2022\/03\/1017394c-bfe9-408c-9af8-59e8f13f01b5-150x150.jpg\" class=\"attachment-thumbnail size-thumbnail\" alt=\"\" \/><\/a>\n\t\t\t\t<\/dt><\/dl><br style=\"clear: both\" \/>\n\t\t\t<\/div>\n\n\n\t\t\t<style type='text\/css'>\n\t\t\t\t#gallery-2 {\n\t\t\t\t\tmargin: auto;\n\t\t\t\t}\n\t\t\t\t#gallery-2 .gallery-item {\n\t\t\t\t\tfloat: left;\n\t\t\t\t\tmargin-top: 10px;\n\t\t\t\t\ttext-align: center;\n\t\t\t\t\twidth: 50%;\n\t\t\t\t}\n\t\t\t\t#gallery-2 img {\n\t\t\t\t\tborder: 2px solid #cfcfcf;\n\t\t\t\t}\n\t\t\t\t#gallery-2 .gallery-caption {\n\t\t\t\t\tmargin-left: 0;\n\t\t\t\t}\n\t\t\t\t\/* see gallery_shortcode() in wp-includes\/media.php *\/\n\t\t\t<\/style>\n\t\t<div id='gallery-2' class='dt-gallery-container gallery galleryid-337313 gallery-columns-2 gallery-size-medium'><dl class='gallery-item'>\n\t\t\t\t<dt class='gallery-icon landscape'>\n\t\t\t\t\t<a class=\"rollover rollover-zoom dt-pswp-item\" title=\"aedf1748-d416-4232-b2af-8363d3c12129\" data-dt-img-description=\"\" data-large_image_width=\"1920\" data-large_image_height=\"1080\"href='https:\/\/www.radiopiu.net\/wordpress\/wp-content\/uploads\/2022\/03\/aedf1748-d416-4232-b2af-8363d3c12129.jpg'><img loading=\"lazy\" decoding=\"async\" width=\"300\" height=\"169\" src=\"https:\/\/www.radiopiu.net\/wordpress\/wp-content\/uploads\/2022\/03\/aedf1748-d416-4232-b2af-8363d3c12129-300x169.jpg\" class=\"attachment-medium size-medium\" alt=\"\" srcset=\"https:\/\/www.radiopiu.net\/wordpress\/wp-content\/uploads\/2022\/03\/aedf1748-d416-4232-b2af-8363d3c12129-300x169.jpg 300w, https:\/\/www.radiopiu.net\/wordpress\/wp-content\/uploads\/2022\/03\/aedf1748-d416-4232-b2af-8363d3c12129-1024x576.jpg 1024w, https:\/\/www.radiopiu.net\/wordpress\/wp-content\/uploads\/2022\/03\/aedf1748-d416-4232-b2af-8363d3c12129-768x432.jpg 768w, https:\/\/www.radiopiu.net\/wordpress\/wp-content\/uploads\/2022\/03\/aedf1748-d416-4232-b2af-8363d3c12129-1536x864.jpg 1536w, https:\/\/www.radiopiu.net\/wordpress\/wp-content\/uploads\/2022\/03\/aedf1748-d416-4232-b2af-8363d3c12129.jpg 1920w\" sizes=\"auto, (max-width: 300px) 100vw, 300px\" \/><\/a>\n\t\t\t\t<\/dt><\/dl><dl class='gallery-item'>\n\t\t\t\t<dt class='gallery-icon landscape'>\n\t\t\t\t\t<a class=\"rollover rollover-zoom dt-pswp-item\" title=\"SDASD\" data-dt-img-description=\"\" data-large_image_width=\"526\" data-large_image_height=\"243\"href='https:\/\/www.radiopiu.net\/wordpress\/wp-content\/uploads\/2022\/03\/SDASD.jpg'><img loading=\"lazy\" decoding=\"async\" width=\"300\" height=\"139\" src=\"https:\/\/www.radiopiu.net\/wordpress\/wp-content\/uploads\/2022\/03\/SDASD-300x139.jpg\" class=\"attachment-medium size-medium\" alt=\"\" srcset=\"https:\/\/www.radiopiu.net\/wordpress\/wp-content\/uploads\/2022\/03\/SDASD-300x139.jpg 300w, https:\/\/www.radiopiu.net\/wordpress\/wp-content\/uploads\/2022\/03\/SDASD.jpg 526w\" sizes=\"auto, (max-width: 300px) 100vw, 300px\" \/><\/a>\n\t\t\t\t<\/dt><\/dl><br style=\"clear: both\" \/>\n\t\t\t<\/div>\n\n<p>&nbsp;<\/p>\n<p><strong>21 OTTOBRE 2022<\/strong><\/p>\n<blockquote>\n<h3>LA CALCHERA DELLE \u201cSCALETTE\u201d IN VALLE DI SAN LUCANO<\/h3>\n<\/blockquote>\n<p><strong>A cura di\u00a0 Alessandro Savio<\/strong><\/p>\n<p>In Comune di Taibon Agordino ci sono delle antiche testimonianze di manufatti in pietra che costituivano le \u201cCalchere\u201d, fornaci per la cottura del calcare in funzione della produzione della calce , materiale da costruzione , legante per la malta delle murature , per le tinteggiature degli edifici e per la igienizzazione dei locali. Erano costruzioni seminterrate a ridosso del pendio, di forma circolare e di varie dimensioni. La cotta necessitava di molto lavoro preparativo e la presenza di pi\u00f9 persone per il trasporto delle pietre e della legna,infatti lo studio attuale delle calchere comprende degli aspetti di archeologia industriale, artigianale, forestale e soprattutto sociale per la indispensabile collaborazione di numerose persone che si aiutavano a vicenda per la produzione di questo pregiato materiale da costruzione. La quantit\u00e0 di legna per una cotta variava a seconda delle dimensioni della fornace e conseguentemente dalla quantit\u00e0 di pietre da cuocere. Per la cottura di circa 300-350 quintali di pietre sono necessarie 2000 fascine ben secche di latifoglie del peso di 25-30 kg , pari a 550 quintali di legna. I tempi di cottura possono variare ininterrottamente dai 5-7 giorni per ottenere 250-300 quintali di calcare cotto. (calce viva). Il materiale veniva poi stoccato in una fossa di spegnimento interrata , gi\u00e0 predisposta per ultimare il processo di idratazione(calce spenta) per poi utilizzare il prodotto finito preferibilmente dopo tre anni dallo spegnimento. Ovviamente questa descrizione \u00e8 alquanto riassuntiva e breve, priva di tutti quei particolari tecnici da adottare per l\u2019esatto procedimento assai laborioso , e raggiunto dai nostri avi solo dopo anni di esperienza tramandata verbalmente dalle generazioni. Nel territorio \u00a0\u00a0comunale di Taibon\u00a0 Agordino esiste ancora la testimonianza di parecchie \u201cCalchere\u201d, alcune rappresentate anche sulle mappe catastali con un cerchietto tratteggiato. Ormai sono tutte in disuso da anni , ma ancora assai integre , con la struttura originaria a forma di tino di blocchi di pietra squadrati, senza copertura e \u00a0dotate di imbocco frontale per la introduzione delle fascine di legna e per il recupero della cenere. Una di queste calchere \u00a0si trova in Valle di San Lucano , a valle della strada che conduce al villaggio di Col Di Pr\u00e0 , nei pressi del Capitello votivo delle \u201cScalette\u201d , detto anche delle tre dita ove si dice che\u00a0 il vescovo Lucano abbia scacciato il diavolo imprimendo la forma delle tre dita ancora visibile nella pietra calcarea del capitello. La zona \u00e8 assai nota dal punto di vista storico perch\u00e9 vicina alla Chiesa di San Lucano\u00a0 risalente al\u00a0 1500 e poi per la vicinanza al sito menzionato come ricovero temporaneo della Regia Guardia Di Finanza di stanza in Agordo, che controllava quel piccolo commercio di tabacco, sale, fiammiferi, pietrine, assai in voga fino ai primi anni del 1900 scambiato con gli abitanti del vicino Primiero all\u2019epoca sotto il dominio dell\u2019Impero Austro Ungarico. Ora il piccolo fabbricato \u00e8 stato ristrutturato e viene usato come ricovero agricolo. La calchera in questione denominata \u201cCalchera dei Marin\u201d dal soprannome di famiglia del proprietario del terreno, risulta abbastanza\u00a0 integra ed \u00e8 stata recentemente oggetto di opere di recupero da parte del Gruppo Volontari Piodech di Taibon Agordino. Opere che sono tutt\u2019ora in corso , con le quali i volontari intendono effettuare una rievocazione storica della passata attivit\u00e0 produttiva della calce mediante la cotta di pietre calcaree come veniva fatto un tempo. Si pensa che l\u2019intervento venga ultimato nella primavera del 2023 , per concludersi con l\u2019accensione della fornace e la produzione della calce. Da notizie apprese dalla memoria storica del paese GINO BENVEGNU\u2019 si \u00e8 certi che l\u2019ultima accensione della Calchera dei Marin risalga al 1946 , effettuata da ANTONIO BENVEGNU\u2019 , fratello di Gino per ultimare i lavori di costruzione della casa di famiglia situata nel villaggio di Col Di Pr\u00e0. La fossa di spegnimento \u00a0, per una questione di comodit\u00e0 e di avvicinamento fu realizzata nei pressi della casa , purtroppo, la devastante alluvione del 1951 , con l\u2019esondazione del torrente Bordina provoc\u00f2 un travaso della fossa con dei materiali\u00a0 alluvionali e la calce divenne inutilizzabile , il colpo finale fu l\u2019alluvione del 1966 e quindi la fossa della calce fu definitivamente riempita e non pi\u00f9 utilizzata. L\u2019evento di rievocazione della cotta sar\u00e0 preventivamente pubblicizzato tramite i mezzi di informazione in maniera di poter rivivere dal vero un antico mestiere caratteristico dei nostri avi . Grazie pertanto al proprietario del terreno SILVIO DELL\u2019ANDREA (Marin) \u00a0per la sua disponibilit\u00e0\u00a0 , ed al gruppo Volontari Piodech di Taibon Agordino per l\u2019iniziativa assai impegnativa sia dal punto di vista tecnico ed anche\u00a0 per il tempo impiegato.<\/p>\n\n\t\t\t<style type='text\/css'>\n\t\t\t\t#gallery-3 {\n\t\t\t\t\tmargin: auto;\n\t\t\t\t}\n\t\t\t\t#gallery-3 .gallery-item {\n\t\t\t\t\tfloat: left;\n\t\t\t\t\tmargin-top: 10px;\n\t\t\t\t\ttext-align: center;\n\t\t\t\t\twidth: 25%;\n\t\t\t\t}\n\t\t\t\t#gallery-3 img {\n\t\t\t\t\tborder: 2px solid #cfcfcf;\n\t\t\t\t}\n\t\t\t\t#gallery-3 .gallery-caption {\n\t\t\t\t\tmargin-left: 0;\n\t\t\t\t}\n\t\t\t\t\/* see gallery_shortcode() in wp-includes\/media.php *\/\n\t\t\t<\/style>\n\t\t<div id='gallery-3' class='dt-gallery-container gallery galleryid-337313 gallery-columns-4 gallery-size-medium'><dl class='gallery-item'>\n\t\t\t\t<dt class='gallery-icon landscape'>\n\t\t\t\t\t<a class=\"rollover rollover-zoom dt-pswp-item\" title=\"1\" data-dt-img-description=\"\" data-large_image_width=\"1090\" data-large_image_height=\"818\"href='https:\/\/www.radiopiu.net\/wordpress\/wp-content\/uploads\/2022\/10\/1-4.jpg'><img loading=\"lazy\" decoding=\"async\" width=\"300\" height=\"225\" src=\"https:\/\/www.radiopiu.net\/wordpress\/wp-content\/uploads\/2022\/10\/1-4-300x225.jpg\" class=\"attachment-medium size-medium\" alt=\"\" srcset=\"https:\/\/www.radiopiu.net\/wordpress\/wp-content\/uploads\/2022\/10\/1-4-300x225.jpg 300w, https:\/\/www.radiopiu.net\/wordpress\/wp-content\/uploads\/2022\/10\/1-4-1024x768.jpg 1024w, https:\/\/www.radiopiu.net\/wordpress\/wp-content\/uploads\/2022\/10\/1-4-768x576.jpg 768w, https:\/\/www.radiopiu.net\/wordpress\/wp-content\/uploads\/2022\/10\/1-4.jpg 1090w\" sizes=\"auto, (max-width: 300px) 100vw, 300px\" \/><\/a>\n\t\t\t\t<\/dt><\/dl><dl class='gallery-item'>\n\t\t\t\t<dt class='gallery-icon landscape'>\n\t\t\t\t\t<a class=\"rollover rollover-zoom dt-pswp-item\" title=\"2\" data-dt-img-description=\"\" data-large_image_width=\"1090\" data-large_image_height=\"818\"href='https:\/\/www.radiopiu.net\/wordpress\/wp-content\/uploads\/2022\/10\/2-4.jpg'><img loading=\"lazy\" decoding=\"async\" width=\"300\" height=\"225\" src=\"https:\/\/www.radiopiu.net\/wordpress\/wp-content\/uploads\/2022\/10\/2-4-300x225.jpg\" class=\"attachment-medium size-medium\" alt=\"\" srcset=\"https:\/\/www.radiopiu.net\/wordpress\/wp-content\/uploads\/2022\/10\/2-4-300x225.jpg 300w, https:\/\/www.radiopiu.net\/wordpress\/wp-content\/uploads\/2022\/10\/2-4-1024x768.jpg 1024w, https:\/\/www.radiopiu.net\/wordpress\/wp-content\/uploads\/2022\/10\/2-4-768x576.jpg 768w, https:\/\/www.radiopiu.net\/wordpress\/wp-content\/uploads\/2022\/10\/2-4.jpg 1090w\" sizes=\"auto, (max-width: 300px) 100vw, 300px\" \/><\/a>\n\t\t\t\t<\/dt><\/dl><dl class='gallery-item'>\n\t\t\t\t<dt class='gallery-icon landscape'>\n\t\t\t\t\t<a class=\"rollover rollover-zoom dt-pswp-item\" title=\"3\" data-dt-img-description=\"\" data-large_image_width=\"1127\" data-large_image_height=\"846\"href='https:\/\/www.radiopiu.net\/wordpress\/wp-content\/uploads\/2022\/10\/3-2.jpg'><img loading=\"lazy\" decoding=\"async\" width=\"300\" height=\"225\" src=\"https:\/\/www.radiopiu.net\/wordpress\/wp-content\/uploads\/2022\/10\/3-2-300x225.jpg\" class=\"attachment-medium size-medium\" alt=\"\" srcset=\"https:\/\/www.radiopiu.net\/wordpress\/wp-content\/uploads\/2022\/10\/3-2-300x225.jpg 300w, https:\/\/www.radiopiu.net\/wordpress\/wp-content\/uploads\/2022\/10\/3-2-1024x769.jpg 1024w, https:\/\/www.radiopiu.net\/wordpress\/wp-content\/uploads\/2022\/10\/3-2-768x577.jpg 768w, https:\/\/www.radiopiu.net\/wordpress\/wp-content\/uploads\/2022\/10\/3-2.jpg 1127w\" sizes=\"auto, (max-width: 300px) 100vw, 300px\" \/><\/a>\n\t\t\t\t<\/dt><\/dl><dl class='gallery-item'>\n\t\t\t\t<dt class='gallery-icon landscape'>\n\t\t\t\t\t<a class=\"rollover rollover-zoom dt-pswp-item\" title=\"4\" data-dt-img-description=\"\" data-large_image_width=\"1093\" data-large_image_height=\"821\"href='https:\/\/www.radiopiu.net\/wordpress\/wp-content\/uploads\/2022\/10\/4-3.jpg'><img loading=\"lazy\" decoding=\"async\" width=\"300\" height=\"225\" src=\"https:\/\/www.radiopiu.net\/wordpress\/wp-content\/uploads\/2022\/10\/4-3-300x225.jpg\" class=\"attachment-medium size-medium\" alt=\"\" srcset=\"https:\/\/www.radiopiu.net\/wordpress\/wp-content\/uploads\/2022\/10\/4-3-300x225.jpg 300w, https:\/\/www.radiopiu.net\/wordpress\/wp-content\/uploads\/2022\/10\/4-3-1024x769.jpg 1024w, https:\/\/www.radiopiu.net\/wordpress\/wp-content\/uploads\/2022\/10\/4-3-768x577.jpg 768w, https:\/\/www.radiopiu.net\/wordpress\/wp-content\/uploads\/2022\/10\/4-3.jpg 1093w\" sizes=\"auto, (max-width: 300px) 100vw, 300px\" \/><\/a>\n\t\t\t\t<\/dt><\/dl><br style=\"clear: both\" \/>\n\t\t\t<\/div>\n\n<p>&nbsp;<\/p>\n<p><strong>21 OTTOBRE 2022<\/strong><\/p>\n<blockquote>\n<h3>UN PROGETTO PER RECUPERARE LA CALCHERA DEI MARIN<\/h3>\n<\/blockquote>\n<p>&nbsp;<\/p>\n<p><strong><a class=\"dt-pswp-item\" href=\"https:\/\/www.radiopiu.net\/wordpress\/wp-content\/uploads\/2022\/10\/4-3.jpg\" data-dt-img-description=\"\" data-large_image_width=\"1093\" data-large_image_height=\"821\"><img loading=\"lazy\" decoding=\"async\" class=\" wp-image-302496 alignleft\" src=\"https:\/\/www.radiopiu.net\/wordpress\/wp-content\/uploads\/2022\/10\/4-3-300x225.jpg\" alt=\"\" width=\"175\" height=\"131\" srcset=\"https:\/\/www.radiopiu.net\/wordpress\/wp-content\/uploads\/2022\/10\/4-3-300x225.jpg 300w, https:\/\/www.radiopiu.net\/wordpress\/wp-content\/uploads\/2022\/10\/4-3-1024x769.jpg 1024w, https:\/\/www.radiopiu.net\/wordpress\/wp-content\/uploads\/2022\/10\/4-3-768x577.jpg 768w, https:\/\/www.radiopiu.net\/wordpress\/wp-content\/uploads\/2022\/10\/4-3.jpg 1093w\" sizes=\"auto, (max-width: 175px) 100vw, 175px\" \/><\/a>TAIBON<\/strong><\/p>\n<p>di Gianni Santomaso<\/p>\n<audio class=\"wp-audio-shortcode\" id=\"audio-337313-1\" preload=\"none\" style=\"width: 100%;\" controls=\"controls\"><source type=\"audio\/mpeg\" src=\"https:\/\/www.radiopiu.net\/wordpress\/wp-content\/uploads\/2022\/10\/GIANNI-CALCHERA-DEI-MARIN.mp3?_=1\" \/><a href=\"https:\/\/www.radiopiu.net\/wordpress\/wp-content\/uploads\/2022\/10\/GIANNI-CALCHERA-DEI-MARIN.mp3\">https:\/\/www.radiopiu.net\/wordpress\/wp-content\/uploads\/2022\/10\/GIANNI-CALCHERA-DEI-MARIN.mp3<\/a><\/audio>\n<p>&nbsp;<\/p>\n<p><strong>28 MARZO 2023<\/strong><\/p>\n<blockquote>\n<h3>GLI STUDENTI DI TAIBON PREMIATI PER LA RICERCA SULLA CALCHERA<\/h3>\n<\/blockquote>\n<p><strong><a class=\"dt-pswp-item\" href=\"https:\/\/www.radiopiu.net\/wordpress\/wp-content\/uploads\/2023\/03\/calchera.jpg\" data-dt-img-description=\"\" data-large_image_width=\"681\" data-large_image_height=\"364\"><img loading=\"lazy\" decoding=\"async\" class=\"size-medium wp-image-328753 alignleft\" src=\"https:\/\/www.radiopiu.net\/wordpress\/wp-content\/uploads\/2023\/03\/calchera-300x160.jpg\" alt=\"\" width=\"300\" height=\"160\" srcset=\"https:\/\/www.radiopiu.net\/wordpress\/wp-content\/uploads\/2023\/03\/calchera-300x160.jpg 300w, https:\/\/www.radiopiu.net\/wordpress\/wp-content\/uploads\/2023\/03\/calchera.jpg 681w\" sizes=\"auto, (max-width: 300px) 100vw, 300px\" \/><\/a>REDAZIONE<\/strong> Gli alunni della scuola elementare Pio Soccol di Taibon Agordino, accompagnati dagli insegnanti sono stati a Mestre al Museo M9 per ritirare il premio concorso scuole &#8220;Tutela del Patrimonio Veneto&#8221; nell&#8217;ambito della ricerca storica. I giovani di Taibon hanno presentato e spiegato la storia e il progetto della calchera in Valle di San Lucano. Nel video di Serena Soppera il momento delle premiazioni e l&#8217;intervento degli alunni.<\/p>\n<p>&nbsp;<\/p>\n<p><strong>VIDEO<\/strong><\/p>\n<p><iframe loading=\"lazy\" title=\"Tutela, Valorizzazione e Promozione del patrimonio linguistico e culturale veneto\u201d Taibon Agordino\" width=\"1200\" height=\"675\" src=\"https:\/\/www.youtube.com\/embed\/cbzqV58DRoY?feature=oembed\" frameborder=\"0\" allow=\"accelerometer; autoplay; clipboard-write; encrypted-media; gyroscope; picture-in-picture; web-share\" allowfullscreen><\/iframe><\/p>\n<p>&nbsp;<\/p>\n<p>&nbsp;<\/p>\n<p>&nbsp;<\/p>\n<p><strong>28 APRILE 2023<\/strong><\/p>\n<blockquote>\n<h3>&#8220;LA COTA&#8221;: IL 19 MAGGIO L&#8217;ACCENSIONE DELLA CALCHERA DE LE TORTE IN VALLE DI SAN LUCANO<strong style=\"font-size: 14px;\">\u00a0<\/strong><\/h3>\n<\/blockquote>\n<p><strong> <img decoding=\"async\" src=\"https:\/\/www.radiopiu.net\/wordpress\/wp-content\/uploads\/2023\/04\/calchera-de-le-torte.jpg\" \/><\/strong><\/p>\n<p>&nbsp;<\/p>\n<p><strong>TAIBON<\/strong> Ritorna &#8220;La Cota&#8221; in Valle di San Lucano. I volontari del gruppo Piodech assieme alla Pro Loco di Taibon, Comune, Pompieri Volontari di Agordo e la scuola Minerari di Agordo, organizzano per venerd\u00ec 19 maggio la rievocazione dell&#8217;attivit\u00e0 produttiva del passato relativa all&#8217;ottenimento di calce da costruzione tramite la cottura della pietra calcarea. L&#8217;accensione avverr\u00e0 alla Calch\u00e8ra de le Torte nei pressi della chiesetta di San Lucano alle 10. Interverranno: Paolo Sibillon, Presidente del gruppo Piodech, il sindaco di Taibon Silvia Tormen, un rappresentante dell&#8217;Istituto Follador-De Rossi di Agordo e della scuola primaria di Taibon. Alle 11 l&#8217;accensione della fornace, dopo la benedizione di Monsignor Cesare Larese.<\/p>\n<p>&nbsp;<\/p>\n<p>&nbsp;<\/p>\n<p><strong>18 MAGGIO 2023<\/strong><\/p>\n<blockquote>\n<h3>DA DEDICHE E RICHIESTE&#8230;PAOLO SIBILLON E L&#8217;ACCENSIONE DELLA CALCHERA IN VALLE DI SAN LUCANO<\/h3>\n<\/blockquote>\n<p><strong><a class=\"dt-pswp-item\" href=\"https:\/\/www.radiopiu.net\/wordpress\/wp-content\/uploads\/2023\/05\/PAOLO-SIBILLON.png\" data-dt-img-description=\"\" data-large_image_width=\"494\" data-large_image_height=\"314\"><img loading=\"lazy\" decoding=\"async\" class=\" wp-image-336299 alignleft\" src=\"https:\/\/www.radiopiu.net\/wordpress\/wp-content\/uploads\/2023\/05\/PAOLO-SIBILLON-300x191.png\" alt=\"\" width=\"181\" height=\"115\" srcset=\"https:\/\/www.radiopiu.net\/wordpress\/wp-content\/uploads\/2023\/05\/PAOLO-SIBILLON-300x191.png 300w, https:\/\/www.radiopiu.net\/wordpress\/wp-content\/uploads\/2023\/05\/PAOLO-SIBILLON.png 494w\" sizes=\"auto, (max-width: 181px) 100vw, 181px\" \/><\/a>REDAZIONE<\/strong> Tra gli ospiti di Dediche e Richieste anche Paolo Sibillon, presidente del gruppo volontari Piodech di Taibon. Venerd\u00ec mattina alle 10 in valle di san Lucano ci sar\u00e0 &#8220;La cota&#8221;, ossia l&#8217;accensione della calchera dove vengono cotti i sassi per creare la calce viva. Ce lo ha spiegato in radio. Un lavoro certosino che per quattro giorni impegner\u00e0 i volontari con quattro turni giornalieri per mantenere vive le fiamme.<\/p>\n<p><strong>PAOLO SIBILLON<\/strong><\/p>\n<audio class=\"wp-audio-shortcode\" id=\"audio-337313-2\" preload=\"none\" style=\"width: 100%;\" controls=\"controls\"><source type=\"audio\/mpeg\" src=\"https:\/\/www.radiopiu.net\/wordpress\/wp-content\/uploads\/2023\/05\/DEDICHE-PAOLO-SIBILLON.mp3?_=2\" \/><a href=\"https:\/\/www.radiopiu.net\/wordpress\/wp-content\/uploads\/2023\/05\/DEDICHE-PAOLO-SIBILLON.mp3\">https:\/\/www.radiopiu.net\/wordpress\/wp-content\/uploads\/2023\/05\/DEDICHE-PAOLO-SIBILLON.mp3<\/a><\/audio>\n<p>&nbsp;<\/p>\n<p>&nbsp;<\/p>\n<p><strong>19 MAGGIO 2023<\/strong><\/p>\n<blockquote>\n<h3>OGGI LA COTA ALLA CALCHERA IN VALLE DI SAN LUCANO<\/h3>\n<\/blockquote>\n<p><strong><a class=\"dt-pswp-item\" href=\"https:\/\/www.radiopiu.net\/wordpress\/wp-content\/uploads\/2023\/04\/calchera-de-le-torte.jpg\" data-dt-img-description=\"\" data-large_image_width=\"1920\" data-large_image_height=\"1080\"><img loading=\"lazy\" decoding=\"async\" class=\" wp-image-333411 alignleft\" src=\"https:\/\/www.radiopiu.net\/wordpress\/wp-content\/uploads\/2023\/04\/calchera-de-le-torte-300x169.jpg\" alt=\"\" width=\"199\" height=\"112\" srcset=\"https:\/\/www.radiopiu.net\/wordpress\/wp-content\/uploads\/2023\/04\/calchera-de-le-torte-300x169.jpg 300w, https:\/\/www.radiopiu.net\/wordpress\/wp-content\/uploads\/2023\/04\/calchera-de-le-torte-1024x576.jpg 1024w, https:\/\/www.radiopiu.net\/wordpress\/wp-content\/uploads\/2023\/04\/calchera-de-le-torte-768x432.jpg 768w, https:\/\/www.radiopiu.net\/wordpress\/wp-content\/uploads\/2023\/04\/calchera-de-le-torte-1536x864.jpg 1536w, https:\/\/www.radiopiu.net\/wordpress\/wp-content\/uploads\/2023\/04\/calchera-de-le-torte.jpg 1920w\" sizes=\"auto, (max-width: 199px) 100vw, 199px\" \/><\/a>TAIBON<\/strong><\/p>\n<p>di Gianni Santomaso<\/p>\n<audio class=\"wp-audio-shortcode\" id=\"audio-337313-3\" preload=\"none\" style=\"width: 100%;\" controls=\"controls\"><source type=\"audio\/mpeg\" src=\"https:\/\/www.radiopiu.net\/wordpress\/wp-content\/uploads\/2023\/05\/GIANNI-CALCHERA-VALLE-SAN-LUCANO.mp3?_=3\" \/><a href=\"https:\/\/www.radiopiu.net\/wordpress\/wp-content\/uploads\/2023\/05\/GIANNI-CALCHERA-VALLE-SAN-LUCANO.mp3\">https:\/\/www.radiopiu.net\/wordpress\/wp-content\/uploads\/2023\/05\/GIANNI-CALCHERA-VALLE-SAN-LUCANO.mp3<\/a><\/audio>\n<p>&nbsp;<\/p>\n<p>&nbsp;<\/p>\n<p><strong>19 MAGGIO 2023<\/strong><\/p>\n<blockquote>\n<h3>LA COTA: L\u2019ACCENSIONE DELLA CALCHERA DE LE TORTE IN VALLE DI SAN LUCANO &#8211; LA DIRETTA<\/h3>\n<\/blockquote>\n<p><strong><img loading=\"lazy\" decoding=\"async\" class=\"alignleft\" src=\"https:\/\/www.radiopiu.net\/wordpress\/wp-content\/uploads\/2023\/04\/calchera-de-le-torte.jpg\" width=\"226\" height=\"127\" \/><\/strong><strong>TAIBON<\/strong> Ritorna \u201cLa Cota\u201d in Valle di San Lucano. I volontari del gruppo Piodech assieme alla Pro Loco di Taibon, Comune, Pompieri Volontari di Agordo e la scuola Minerari di Agordo, organizzano la rievocazione dell\u2019attivit\u00e0 produttiva del passato relativa all\u2019ottenimento di calce da costruzione tramite la cottura della pietra calcarea. L\u2019accensione avverr\u00e0 alla Calch\u00e8ra de le Torte nei pressi della chiesetta di San Lucano alle 10. Interverranno: Paolo Sibillon, Presidente del gruppo Piodech, il sindaco di Taibon Silvia Tormen, un rappresentante dell\u2019Istituto Follador-De Rossi di Agordo e della scuola primaria di Taibon. Alle 11 l\u2019accensione della fornace, dopo la benedizione di Monsignor Cesare Larese.<\/p>\n\n\t\t\t<style type='text\/css'>\n\t\t\t\t#gallery-4 {\n\t\t\t\t\tmargin: auto;\n\t\t\t\t}\n\t\t\t\t#gallery-4 .gallery-item {\n\t\t\t\t\tfloat: left;\n\t\t\t\t\tmargin-top: 10px;\n\t\t\t\t\ttext-align: center;\n\t\t\t\t\twidth: 20%;\n\t\t\t\t}\n\t\t\t\t#gallery-4 img {\n\t\t\t\t\tborder: 2px solid #cfcfcf;\n\t\t\t\t}\n\t\t\t\t#gallery-4 .gallery-caption {\n\t\t\t\t\tmargin-left: 0;\n\t\t\t\t}\n\t\t\t\t\/* see gallery_shortcode() in wp-includes\/media.php *\/\n\t\t\t<\/style>\n\t\t<div id='gallery-4' class='dt-gallery-container gallery galleryid-337313 gallery-columns-5 gallery-size-thumbnail'><dl class='gallery-item'>\n\t\t\t\t<dt class='gallery-icon landscape'>\n\t\t\t\t\t<a class=\"rollover rollover-zoom dt-pswp-item\" title=\"3ea2f217-cb8a-4967-bda8-07e8ea44bd55\" data-dt-img-description=\"\" data-large_image_width=\"1599\" data-large_image_height=\"899\"href='https:\/\/www.radiopiu.net\/wordpress\/wp-content\/uploads\/2023\/05\/3ea2f217-cb8a-4967-bda8-07e8ea44bd55.jpg'><img loading=\"lazy\" decoding=\"async\" width=\"150\" height=\"150\" src=\"https:\/\/www.radiopiu.net\/wordpress\/wp-content\/uploads\/2023\/05\/3ea2f217-cb8a-4967-bda8-07e8ea44bd55-150x150.jpg\" class=\"attachment-thumbnail size-thumbnail\" alt=\"\" \/><\/a>\n\t\t\t\t<\/dt><\/dl><dl class='gallery-item'>\n\t\t\t\t<dt class='gallery-icon landscape'>\n\t\t\t\t\t<a class=\"rollover rollover-zoom dt-pswp-item\" title=\"7b5ebe72-5c4b-4f51-9fb2-ffb3712467ab\" data-dt-img-description=\"\" data-large_image_width=\"1599\" data-large_image_height=\"899\"href='https:\/\/www.radiopiu.net\/wordpress\/wp-content\/uploads\/2023\/05\/7b5ebe72-5c4b-4f51-9fb2-ffb3712467ab.jpg'><img loading=\"lazy\" decoding=\"async\" width=\"150\" height=\"150\" src=\"https:\/\/www.radiopiu.net\/wordpress\/wp-content\/uploads\/2023\/05\/7b5ebe72-5c4b-4f51-9fb2-ffb3712467ab-150x150.jpg\" class=\"attachment-thumbnail size-thumbnail\" alt=\"\" \/><\/a>\n\t\t\t\t<\/dt><\/dl><dl class='gallery-item'>\n\t\t\t\t<dt class='gallery-icon portrait'>\n\t\t\t\t\t<a class=\"rollover rollover-zoom dt-pswp-item\" title=\"0859ecc1-c0bf-4577-b821-7a18482b6e73\" data-dt-img-description=\"\" data-large_image_width=\"899\" data-large_image_height=\"1599\"href='https:\/\/www.radiopiu.net\/wordpress\/wp-content\/uploads\/2023\/05\/0859ecc1-c0bf-4577-b821-7a18482b6e73.jpg'><img loading=\"lazy\" decoding=\"async\" width=\"150\" height=\"150\" src=\"https:\/\/www.radiopiu.net\/wordpress\/wp-content\/uploads\/2023\/05\/0859ecc1-c0bf-4577-b821-7a18482b6e73-150x150.jpg\" class=\"attachment-thumbnail size-thumbnail\" alt=\"\" \/><\/a>\n\t\t\t\t<\/dt><\/dl><dl class='gallery-item'>\n\t\t\t\t<dt class='gallery-icon landscape'>\n\t\t\t\t\t<a class=\"rollover rollover-zoom dt-pswp-item\" title=\"4a7be68d-8dac-4737-91d5-c1b1362efd80\" data-dt-img-description=\"\" data-large_image_width=\"1599\" data-large_image_height=\"899\"href='https:\/\/www.radiopiu.net\/wordpress\/wp-content\/uploads\/2023\/05\/4a7be68d-8dac-4737-91d5-c1b1362efd80.jpg'><img loading=\"lazy\" decoding=\"async\" width=\"150\" height=\"150\" src=\"https:\/\/www.radiopiu.net\/wordpress\/wp-content\/uploads\/2023\/05\/4a7be68d-8dac-4737-91d5-c1b1362efd80-150x150.jpg\" class=\"attachment-thumbnail size-thumbnail\" alt=\"\" \/><\/a>\n\t\t\t\t<\/dt><\/dl><dl class='gallery-item'>\n\t\t\t\t<dt class='gallery-icon portrait'>\n\t\t\t\t\t<a class=\"rollover rollover-zoom dt-pswp-item\" title=\"178813c1-a1a8-45b6-b91d-71c41950ab97\" data-dt-img-description=\"\" data-large_image_width=\"899\" data-large_image_height=\"1599\"href='https:\/\/www.radiopiu.net\/wordpress\/wp-content\/uploads\/2023\/05\/178813c1-a1a8-45b6-b91d-71c41950ab97.jpg'><img loading=\"lazy\" decoding=\"async\" width=\"150\" height=\"150\" src=\"https:\/\/www.radiopiu.net\/wordpress\/wp-content\/uploads\/2023\/05\/178813c1-a1a8-45b6-b91d-71c41950ab97-150x150.jpg\" class=\"attachment-thumbnail size-thumbnail\" alt=\"\" \/><\/a>\n\t\t\t\t<\/dt><\/dl><br style=\"clear: both\" \/><dl class='gallery-item'>\n\t\t\t\t<dt class='gallery-icon landscape'>\n\t\t\t\t\t<a class=\"rollover rollover-zoom dt-pswp-item\" title=\"6d389429-d499-4e9e-92d3-bbb34396d7fb\" data-dt-img-description=\"\" data-large_image_width=\"1599\" data-large_image_height=\"899\"href='https:\/\/www.radiopiu.net\/wordpress\/wp-content\/uploads\/2023\/05\/6d389429-d499-4e9e-92d3-bbb34396d7fb.jpg'><img loading=\"lazy\" decoding=\"async\" width=\"150\" height=\"150\" src=\"https:\/\/www.radiopiu.net\/wordpress\/wp-content\/uploads\/2023\/05\/6d389429-d499-4e9e-92d3-bbb34396d7fb-150x150.jpg\" class=\"attachment-thumbnail size-thumbnail\" alt=\"\" \/><\/a>\n\t\t\t\t<\/dt><\/dl><dl class='gallery-item'>\n\t\t\t\t<dt class='gallery-icon landscape'>\n\t\t\t\t\t<a class=\"rollover rollover-zoom dt-pswp-item\" title=\"354e86f7-8adb-4832-ba90-8fad2b84870e\" data-dt-img-description=\"\" data-large_image_width=\"1599\" data-large_image_height=\"899\"href='https:\/\/www.radiopiu.net\/wordpress\/wp-content\/uploads\/2023\/05\/354e86f7-8adb-4832-ba90-8fad2b84870e.jpg'><img loading=\"lazy\" decoding=\"async\" width=\"150\" height=\"150\" src=\"https:\/\/www.radiopiu.net\/wordpress\/wp-content\/uploads\/2023\/05\/354e86f7-8adb-4832-ba90-8fad2b84870e-150x150.jpg\" class=\"attachment-thumbnail size-thumbnail\" alt=\"\" \/><\/a>\n\t\t\t\t<\/dt><\/dl><dl class='gallery-item'>\n\t\t\t\t<dt class='gallery-icon landscape'>\n\t\t\t\t\t<a class=\"rollover rollover-zoom dt-pswp-item\" title=\"972c5764-375a-4673-ad28-0431e543ddb6\" data-dt-img-description=\"\" data-large_image_width=\"1599\" data-large_image_height=\"899\"href='https:\/\/www.radiopiu.net\/wordpress\/wp-content\/uploads\/2023\/05\/972c5764-375a-4673-ad28-0431e543ddb6.jpg'><img loading=\"lazy\" decoding=\"async\" width=\"150\" height=\"150\" src=\"https:\/\/www.radiopiu.net\/wordpress\/wp-content\/uploads\/2023\/05\/972c5764-375a-4673-ad28-0431e543ddb6-150x150.jpg\" class=\"attachment-thumbnail size-thumbnail\" alt=\"\" \/><\/a>\n\t\t\t\t<\/dt><\/dl><dl class='gallery-item'>\n\t\t\t\t<dt class='gallery-icon landscape'>\n\t\t\t\t\t<a class=\"rollover rollover-zoom dt-pswp-item\" title=\"1819cc08-53bc-4ac0-b59a-82004dbc7477\" data-dt-img-description=\"\" data-large_image_width=\"1599\" data-large_image_height=\"899\"href='https:\/\/www.radiopiu.net\/wordpress\/wp-content\/uploads\/2023\/05\/1819cc08-53bc-4ac0-b59a-82004dbc7477.jpg'><img loading=\"lazy\" decoding=\"async\" width=\"150\" height=\"150\" src=\"https:\/\/www.radiopiu.net\/wordpress\/wp-content\/uploads\/2023\/05\/1819cc08-53bc-4ac0-b59a-82004dbc7477-150x150.jpg\" class=\"attachment-thumbnail size-thumbnail\" alt=\"\" \/><\/a>\n\t\t\t\t<\/dt><\/dl><dl class='gallery-item'>\n\t\t\t\t<dt class='gallery-icon landscape'>\n\t\t\t\t\t<a class=\"rollover rollover-zoom dt-pswp-item\" title=\"f9597175-e800-4910-a32d-659fc77fb699\" data-dt-img-description=\"\" data-large_image_width=\"1599\" data-large_image_height=\"899\"href='https:\/\/www.radiopiu.net\/wordpress\/wp-content\/uploads\/2023\/05\/f9597175-e800-4910-a32d-659fc77fb699.jpg'><img loading=\"lazy\" decoding=\"async\" width=\"150\" height=\"150\" src=\"https:\/\/www.radiopiu.net\/wordpress\/wp-content\/uploads\/2023\/05\/f9597175-e800-4910-a32d-659fc77fb699-150x150.jpg\" class=\"attachment-thumbnail size-thumbnail\" alt=\"\" \/><\/a>\n\t\t\t\t<\/dt><\/dl><br style=\"clear: both\" \/><dl class='gallery-item'>\n\t\t\t\t<dt class='gallery-icon landscape'>\n\t\t\t\t\t<a class=\"rollover rollover-zoom dt-pswp-item\" title=\"4940c2c0-d1eb-42c0-a7ee-f092762922de\" data-dt-img-description=\"\" data-large_image_width=\"1599\" data-large_image_height=\"899\"href='https:\/\/www.radiopiu.net\/wordpress\/wp-content\/uploads\/2023\/05\/4940c2c0-d1eb-42c0-a7ee-f092762922de.jpg'><img loading=\"lazy\" decoding=\"async\" width=\"150\" height=\"150\" src=\"https:\/\/www.radiopiu.net\/wordpress\/wp-content\/uploads\/2023\/05\/4940c2c0-d1eb-42c0-a7ee-f092762922de-150x150.jpg\" class=\"attachment-thumbnail size-thumbnail\" alt=\"\" \/><\/a>\n\t\t\t\t<\/dt><\/dl><dl class='gallery-item'>\n\t\t\t\t<dt class='gallery-icon landscape'>\n\t\t\t\t\t<a class=\"rollover rollover-zoom dt-pswp-item\" title=\"06032e54-dd3e-49a2-9af6-ed7caf9d2e95\" data-dt-img-description=\"\" data-large_image_width=\"1599\" data-large_image_height=\"899\"href='https:\/\/www.radiopiu.net\/wordpress\/wp-content\/uploads\/2023\/05\/06032e54-dd3e-49a2-9af6-ed7caf9d2e95.jpg'><img loading=\"lazy\" decoding=\"async\" width=\"150\" height=\"150\" src=\"https:\/\/www.radiopiu.net\/wordpress\/wp-content\/uploads\/2023\/05\/06032e54-dd3e-49a2-9af6-ed7caf9d2e95-150x150.jpg\" class=\"attachment-thumbnail size-thumbnail\" alt=\"\" \/><\/a>\n\t\t\t\t<\/dt><\/dl><dl class='gallery-item'>\n\t\t\t\t<dt class='gallery-icon landscape'>\n\t\t\t\t\t<a class=\"rollover rollover-zoom dt-pswp-item\" title=\"dbf92b62-9a13-4080-8295-4ee1da51a8ec\" data-dt-img-description=\"\" data-large_image_width=\"1599\" data-large_image_height=\"899\"href='https:\/\/www.radiopiu.net\/wordpress\/wp-content\/uploads\/2023\/05\/dbf92b62-9a13-4080-8295-4ee1da51a8ec.jpg'><img loading=\"lazy\" decoding=\"async\" width=\"150\" height=\"150\" src=\"https:\/\/www.radiopiu.net\/wordpress\/wp-content\/uploads\/2023\/05\/dbf92b62-9a13-4080-8295-4ee1da51a8ec-150x150.jpg\" class=\"attachment-thumbnail size-thumbnail\" alt=\"\" \/><\/a>\n\t\t\t\t<\/dt><\/dl><dl class='gallery-item'>\n\t\t\t\t<dt class='gallery-icon landscape'>\n\t\t\t\t\t<a class=\"rollover rollover-zoom dt-pswp-item\" title=\"6c77f702-c20e-4770-9562-e539ff5566df\" data-dt-img-description=\"\" data-large_image_width=\"1599\" data-large_image_height=\"899\"href='https:\/\/www.radiopiu.net\/wordpress\/wp-content\/uploads\/2023\/05\/6c77f702-c20e-4770-9562-e539ff5566df.jpg'><img loading=\"lazy\" decoding=\"async\" width=\"150\" height=\"150\" src=\"https:\/\/www.radiopiu.net\/wordpress\/wp-content\/uploads\/2023\/05\/6c77f702-c20e-4770-9562-e539ff5566df-150x150.jpg\" class=\"attachment-thumbnail size-thumbnail\" alt=\"\" \/><\/a>\n\t\t\t\t<\/dt><\/dl><dl class='gallery-item'>\n\t\t\t\t<dt class='gallery-icon landscape'>\n\t\t\t\t\t<a class=\"rollover rollover-zoom dt-pswp-item\" title=\"9383f0eb-9ea9-443b-9d25-891c5fd2a475\" data-dt-img-description=\"\" data-large_image_width=\"1599\" data-large_image_height=\"899\"href='https:\/\/www.radiopiu.net\/wordpress\/wp-content\/uploads\/2023\/05\/9383f0eb-9ea9-443b-9d25-891c5fd2a475.jpg'><img loading=\"lazy\" decoding=\"async\" width=\"150\" height=\"150\" src=\"https:\/\/www.radiopiu.net\/wordpress\/wp-content\/uploads\/2023\/05\/9383f0eb-9ea9-443b-9d25-891c5fd2a475-150x150.jpg\" class=\"attachment-thumbnail size-thumbnail\" alt=\"\" \/><\/a>\n\t\t\t\t<\/dt><\/dl><br style=\"clear: both\" \/><dl class='gallery-item'>\n\t\t\t\t<dt class='gallery-icon landscape'>\n\t\t\t\t\t<a class=\"rollover rollover-zoom dt-pswp-item\" title=\"1efbf4a7-6a23-4e6e-b81c-8ac1494af617\" data-dt-img-description=\"\" data-large_image_width=\"1599\" data-large_image_height=\"899\"href='https:\/\/www.radiopiu.net\/wordpress\/wp-content\/uploads\/2023\/05\/1efbf4a7-6a23-4e6e-b81c-8ac1494af617.jpg'><img loading=\"lazy\" decoding=\"async\" width=\"150\" height=\"150\" src=\"https:\/\/www.radiopiu.net\/wordpress\/wp-content\/uploads\/2023\/05\/1efbf4a7-6a23-4e6e-b81c-8ac1494af617-150x150.jpg\" class=\"attachment-thumbnail size-thumbnail\" alt=\"\" \/><\/a>\n\t\t\t\t<\/dt><\/dl><dl class='gallery-item'>\n\t\t\t\t<dt class='gallery-icon landscape'>\n\t\t\t\t\t<a class=\"rollover rollover-zoom dt-pswp-item\" title=\"6e82da0f-5888-413a-a24f-9726f14f8876\" data-dt-img-description=\"\" data-large_image_width=\"1599\" data-large_image_height=\"899\"href='https:\/\/www.radiopiu.net\/wordpress\/wp-content\/uploads\/2023\/05\/6e82da0f-5888-413a-a24f-9726f14f8876.jpg'><img loading=\"lazy\" decoding=\"async\" width=\"150\" height=\"150\" src=\"https:\/\/www.radiopiu.net\/wordpress\/wp-content\/uploads\/2023\/05\/6e82da0f-5888-413a-a24f-9726f14f8876-150x150.jpg\" class=\"attachment-thumbnail size-thumbnail\" alt=\"\" \/><\/a>\n\t\t\t\t<\/dt><\/dl><dl class='gallery-item'>\n\t\t\t\t<dt class='gallery-icon landscape'>\n\t\t\t\t\t<a class=\"rollover rollover-zoom dt-pswp-item\" title=\"14c444f4-22f8-4aa8-af54-d1bb238de029\" data-dt-img-description=\"\" data-large_image_width=\"1599\" data-large_image_height=\"899\"href='https:\/\/www.radiopiu.net\/wordpress\/wp-content\/uploads\/2023\/05\/14c444f4-22f8-4aa8-af54-d1bb238de029.jpg'><img loading=\"lazy\" decoding=\"async\" width=\"150\" height=\"150\" src=\"https:\/\/www.radiopiu.net\/wordpress\/wp-content\/uploads\/2023\/05\/14c444f4-22f8-4aa8-af54-d1bb238de029-150x150.jpg\" class=\"attachment-thumbnail size-thumbnail\" alt=\"\" \/><\/a>\n\t\t\t\t<\/dt><\/dl><dl class='gallery-item'>\n\t\t\t\t<dt class='gallery-icon landscape'>\n\t\t\t\t\t<a class=\"rollover rollover-zoom dt-pswp-item\" title=\"c2c285f3-c65a-46a2-a5ef-43f19f2e63ca\" data-dt-img-description=\"\" data-large_image_width=\"1599\" data-large_image_height=\"899\"href='https:\/\/www.radiopiu.net\/wordpress\/wp-content\/uploads\/2023\/05\/c2c285f3-c65a-46a2-a5ef-43f19f2e63ca.jpg'><img loading=\"lazy\" decoding=\"async\" width=\"150\" height=\"150\" src=\"https:\/\/www.radiopiu.net\/wordpress\/wp-content\/uploads\/2023\/05\/c2c285f3-c65a-46a2-a5ef-43f19f2e63ca-150x150.jpg\" class=\"attachment-thumbnail size-thumbnail\" alt=\"\" \/><\/a>\n\t\t\t\t<\/dt><\/dl><dl class='gallery-item'>\n\t\t\t\t<dt class='gallery-icon portrait'>\n\t\t\t\t\t<a class=\"rollover rollover-zoom dt-pswp-item\" title=\"0b09fa64-7c18-4cf6-ba68-5a2c16fc0557\" data-dt-img-description=\"\" data-large_image_width=\"899\" data-large_image_height=\"1599\"href='https:\/\/www.radiopiu.net\/wordpress\/wp-content\/uploads\/2023\/05\/0b09fa64-7c18-4cf6-ba68-5a2c16fc0557.jpg'><img loading=\"lazy\" decoding=\"async\" width=\"150\" height=\"150\" src=\"https:\/\/www.radiopiu.net\/wordpress\/wp-content\/uploads\/2023\/05\/0b09fa64-7c18-4cf6-ba68-5a2c16fc0557-150x150.jpg\" class=\"attachment-thumbnail size-thumbnail\" alt=\"\" \/><\/a>\n\t\t\t\t<\/dt><\/dl><br style=\"clear: both\" \/><dl class='gallery-item'>\n\t\t\t\t<dt class='gallery-icon landscape'>\n\t\t\t\t\t<a class=\"rollover rollover-zoom dt-pswp-item\" title=\"a7b5de68-7004-4229-818e-c891e195548b\" data-dt-img-description=\"\" data-large_image_width=\"1599\" data-large_image_height=\"899\"href='https:\/\/www.radiopiu.net\/wordpress\/wp-content\/uploads\/2023\/05\/a7b5de68-7004-4229-818e-c891e195548b.jpg'><img loading=\"lazy\" decoding=\"async\" width=\"150\" height=\"150\" src=\"https:\/\/www.radiopiu.net\/wordpress\/wp-content\/uploads\/2023\/05\/a7b5de68-7004-4229-818e-c891e195548b-150x150.jpg\" class=\"attachment-thumbnail size-thumbnail\" alt=\"\" \/><\/a>\n\t\t\t\t<\/dt><\/dl><dl class='gallery-item'>\n\t\t\t\t<dt class='gallery-icon landscape'>\n\t\t\t\t\t<a class=\"rollover rollover-zoom dt-pswp-item\" title=\"54178def-d596-4a2f-abcf-b7222fe3ea2a\" data-dt-img-description=\"\" data-large_image_width=\"1599\" data-large_image_height=\"899\"href='https:\/\/www.radiopiu.net\/wordpress\/wp-content\/uploads\/2023\/05\/54178def-d596-4a2f-abcf-b7222fe3ea2a.jpg'><img loading=\"lazy\" decoding=\"async\" width=\"150\" height=\"150\" src=\"https:\/\/www.radiopiu.net\/wordpress\/wp-content\/uploads\/2023\/05\/54178def-d596-4a2f-abcf-b7222fe3ea2a-150x150.jpg\" class=\"attachment-thumbnail size-thumbnail\" alt=\"\" \/><\/a>\n\t\t\t\t<\/dt><\/dl><dl class='gallery-item'>\n\t\t\t\t<dt class='gallery-icon landscape'>\n\t\t\t\t\t<a class=\"rollover rollover-zoom dt-pswp-item\" title=\"a18632d3-8e76-425b-9d16-879a6d0d918f\" data-dt-img-description=\"\" data-large_image_width=\"1599\" data-large_image_height=\"899\"href='https:\/\/www.radiopiu.net\/wordpress\/wp-content\/uploads\/2023\/05\/a18632d3-8e76-425b-9d16-879a6d0d918f.jpg'><img loading=\"lazy\" decoding=\"async\" width=\"150\" height=\"150\" src=\"https:\/\/www.radiopiu.net\/wordpress\/wp-content\/uploads\/2023\/05\/a18632d3-8e76-425b-9d16-879a6d0d918f-150x150.jpg\" class=\"attachment-thumbnail size-thumbnail\" alt=\"\" \/><\/a>\n\t\t\t\t<\/dt><\/dl>\n\t\t\t\t<br style='clear: both' \/>\n\t\t\t<\/div>\n\n<p>&nbsp;<\/p>\n<p><strong>ASPETTANDO L&#8217;ACCENSIONE DELLA CALCHERA<\/strong><\/p>\n<p>https:\/\/www.facebook.com\/marco.baghy.1\/videos\/629856145831755<\/p>\n<p>&nbsp;<\/p>\n<p><strong>LA DIRETTA RADIO PIU&#8217; &#8211; VIDEO 1<\/strong><\/p>\n<p>https:\/\/www.facebook.com\/marco.baghy.1\/videos\/267496432404579<\/p>\n<p>&nbsp;<\/p>\n<p><strong>VIDEO 2<\/strong><\/p>\n<p>https:\/\/www.facebook.com\/marco.baghy.1\/videos\/1195213584510743<\/p>\n<p>&nbsp;<\/p>\n<p><strong>21 MAGGIO 2023<\/strong><\/p>\n<blockquote>\n<h3>DALLA CALCHERA DELLE TORTE LA SITUAZIONE &#8211; LA DIRETTA<\/h3>\n<\/blockquote>\n<p><strong>TAIBON<\/strong> Gli uomini del Piodech continuano ad alimentare le fiamme nella calchera delle torte in Valle di San Lucano. Turni giorno e notte per mantenere vive le fiamme e cuocere i sassi che diventeranno calce.<\/p>\n<p><strong>LA DIRETTA RADIO PIU&#8217;<\/strong><\/p>\n<p>https:\/\/www.facebook.com\/marco.baghy.1\/videos\/2447897142057277<\/p>\n<p>&nbsp;<\/p>\n<p>&nbsp;<\/p>\n<p><strong>23 MAGGIO 2023<\/strong><\/p>\n<blockquote>\n<h3>DALLA CALCHERA DE LE TORTE, LE FOTO IN NOTTURNA<\/h3>\n<\/blockquote>\n<p><strong>REDAZIONE<\/strong> Continuano a lavorare gli uomini del Piodech di Taibon che sono in Valle di San Lucano da venerd\u00ec mattina per mantenere vive le fiamme alla Calchera de le Torte. Si lavora giorno e notte ma non sono soli. Alla calchera \u00e8 un continuo via vai di gente incuriosita da questa pratica per produrre la calce. Pubblichiamo le foto di Valter Moretti scattate durante la notte.<\/p>\n\n\t\t\t<style type='text\/css'>\n\t\t\t\t#gallery-5 {\n\t\t\t\t\tmargin: auto;\n\t\t\t\t}\n\t\t\t\t#gallery-5 .gallery-item {\n\t\t\t\t\tfloat: left;\n\t\t\t\t\tmargin-top: 10px;\n\t\t\t\t\ttext-align: center;\n\t\t\t\t\twidth: 33%;\n\t\t\t\t}\n\t\t\t\t#gallery-5 img {\n\t\t\t\t\tborder: 2px solid #cfcfcf;\n\t\t\t\t}\n\t\t\t\t#gallery-5 .gallery-caption {\n\t\t\t\t\tmargin-left: 0;\n\t\t\t\t}\n\t\t\t\t\/* see gallery_shortcode() in wp-includes\/media.php *\/\n\t\t\t<\/style>\n\t\t<div id='gallery-5' class='dt-gallery-container gallery galleryid-337313 gallery-columns-3 gallery-size-medium'><dl class='gallery-item'>\n\t\t\t\t<dt class='gallery-icon portrait'>\n\t\t\t\t\t<a class=\"rollover rollover-zoom dt-pswp-item\" title=\"4e70f837-a204-4f76-a4c8-e2b55cf68a5f\" data-dt-img-description=\"\" data-large_image_width=\"1366\" data-large_image_height=\"2048\"href='https:\/\/www.radiopiu.net\/wordpress\/wp-content\/uploads\/2023\/05\/4e70f837-a204-4f76-a4c8-e2b55cf68a5f.jpg'><img loading=\"lazy\" decoding=\"async\" width=\"200\" height=\"300\" src=\"https:\/\/www.radiopiu.net\/wordpress\/wp-content\/uploads\/2023\/05\/4e70f837-a204-4f76-a4c8-e2b55cf68a5f-200x300.jpg\" class=\"attachment-medium size-medium\" alt=\"\" srcset=\"https:\/\/www.radiopiu.net\/wordpress\/wp-content\/uploads\/2023\/05\/4e70f837-a204-4f76-a4c8-e2b55cf68a5f-200x300.jpg 200w, https:\/\/www.radiopiu.net\/wordpress\/wp-content\/uploads\/2023\/05\/4e70f837-a204-4f76-a4c8-e2b55cf68a5f-683x1024.jpg 683w, https:\/\/www.radiopiu.net\/wordpress\/wp-content\/uploads\/2023\/05\/4e70f837-a204-4f76-a4c8-e2b55cf68a5f-768x1151.jpg 768w, https:\/\/www.radiopiu.net\/wordpress\/wp-content\/uploads\/2023\/05\/4e70f837-a204-4f76-a4c8-e2b55cf68a5f-1025x1536.jpg 1025w, https:\/\/www.radiopiu.net\/wordpress\/wp-content\/uploads\/2023\/05\/4e70f837-a204-4f76-a4c8-e2b55cf68a5f.jpg 1366w\" sizes=\"auto, (max-width: 200px) 100vw, 200px\" \/><\/a>\n\t\t\t\t<\/dt><\/dl><dl class='gallery-item'>\n\t\t\t\t<dt class='gallery-icon landscape'>\n\t\t\t\t\t<a class=\"rollover rollover-zoom dt-pswp-item\" title=\"291423a3-601a-4e00-a555-597c69ce9290\" data-dt-img-description=\"\" data-large_image_width=\"2048\" data-large_image_height=\"1366\"href='https:\/\/www.radiopiu.net\/wordpress\/wp-content\/uploads\/2023\/05\/291423a3-601a-4e00-a555-597c69ce9290.jpg'><img loading=\"lazy\" decoding=\"async\" width=\"300\" height=\"200\" src=\"https:\/\/www.radiopiu.net\/wordpress\/wp-content\/uploads\/2023\/05\/291423a3-601a-4e00-a555-597c69ce9290-300x200.jpg\" class=\"attachment-medium size-medium\" alt=\"\" srcset=\"https:\/\/www.radiopiu.net\/wordpress\/wp-content\/uploads\/2023\/05\/291423a3-601a-4e00-a555-597c69ce9290-300x200.jpg 300w, https:\/\/www.radiopiu.net\/wordpress\/wp-content\/uploads\/2023\/05\/291423a3-601a-4e00-a555-597c69ce9290-1024x683.jpg 1024w, https:\/\/www.radiopiu.net\/wordpress\/wp-content\/uploads\/2023\/05\/291423a3-601a-4e00-a555-597c69ce9290-768x512.jpg 768w, https:\/\/www.radiopiu.net\/wordpress\/wp-content\/uploads\/2023\/05\/291423a3-601a-4e00-a555-597c69ce9290-1536x1025.jpg 1536w, https:\/\/www.radiopiu.net\/wordpress\/wp-content\/uploads\/2023\/05\/291423a3-601a-4e00-a555-597c69ce9290.jpg 2048w\" sizes=\"auto, (max-width: 300px) 100vw, 300px\" \/><\/a>\n\t\t\t\t<\/dt><\/dl><dl class='gallery-item'>\n\t\t\t\t<dt class='gallery-icon portrait'>\n\t\t\t\t\t<a class=\"rollover rollover-zoom dt-pswp-item\" title=\"e5ff2eb5-35f4-4e18-8635-ae043fffc5c9\" data-dt-img-description=\"\" data-large_image_width=\"1366\" data-large_image_height=\"2048\"href='https:\/\/www.radiopiu.net\/wordpress\/wp-content\/uploads\/2023\/05\/e5ff2eb5-35f4-4e18-8635-ae043fffc5c9.jpg'><img loading=\"lazy\" decoding=\"async\" width=\"200\" height=\"300\" src=\"https:\/\/www.radiopiu.net\/wordpress\/wp-content\/uploads\/2023\/05\/e5ff2eb5-35f4-4e18-8635-ae043fffc5c9-200x300.jpg\" class=\"attachment-medium size-medium\" alt=\"\" srcset=\"https:\/\/www.radiopiu.net\/wordpress\/wp-content\/uploads\/2023\/05\/e5ff2eb5-35f4-4e18-8635-ae043fffc5c9-200x300.jpg 200w, https:\/\/www.radiopiu.net\/wordpress\/wp-content\/uploads\/2023\/05\/e5ff2eb5-35f4-4e18-8635-ae043fffc5c9-683x1024.jpg 683w, https:\/\/www.radiopiu.net\/wordpress\/wp-content\/uploads\/2023\/05\/e5ff2eb5-35f4-4e18-8635-ae043fffc5c9-768x1151.jpg 768w, https:\/\/www.radiopiu.net\/wordpress\/wp-content\/uploads\/2023\/05\/e5ff2eb5-35f4-4e18-8635-ae043fffc5c9-1025x1536.jpg 1025w, https:\/\/www.radiopiu.net\/wordpress\/wp-content\/uploads\/2023\/05\/e5ff2eb5-35f4-4e18-8635-ae043fffc5c9.jpg 1366w\" sizes=\"auto, (max-width: 200px) 100vw, 200px\" \/><\/a>\n\t\t\t\t<\/dt><\/dl><br style=\"clear: both\" \/>\n\t\t\t<\/div>\n\n<p>&nbsp;<\/p>\n<p><strong>24 MAGGIO 2023<\/strong><\/p>\n<blockquote>\n<h3>ORE 4.25 FINE DELLE OPERAZIONI. LA CALCHERA HA FATTO IL SUO DOVERE!<\/h3>\n<\/blockquote>\n<p><img loading=\"lazy\" decoding=\"async\" class=\"alignleft\" src=\"https:\/\/www.radiopiu.net\/wordpress\/wp-content\/uploads\/2023\/05\/e5ff2eb5-35f4-4e18-8635-ae043fffc5c9.jpg\" width=\"140\" height=\"210\" \/><strong>TAIBON<\/strong> Dopo cinque infuocati giorni alla calchera i volontari del piodech presieduto da Paolo Sibillon sono stanchi, hanno vigilato 24 ore su 24 da venerdi mattina dopo l&#8217;accensione. Stamane alle 4.25 Agostino ci ha scritto: &#8220;Finite le legne la calchera si sta spegnendo&#8221;.<\/p>\n<p>Quindi ci siamo&#8230; la calce della Calchera dei Marin \u00e8 pronta, e noi siamo pronti a documentarlo. Dalle 10 circa in diretta dalla Valle di San Lucano, tra Pale e Agner.<\/p>\n<p>A dopo<\/p>\n<p>&nbsp;<\/p>\n<p>&nbsp;<\/p>\n<p>&nbsp;<\/p>\n<p><strong>24 MAGGIO 2023<\/strong><\/p>\n<blockquote>\n<h3>ALLA CALCHERA DE LE TORTE IL LAVORO E&#8217; TERMINATO &#8211; LA DIRETTA<\/h3>\n<\/blockquote>\n<p><strong>TAIBON<\/strong> Gli uomini del Piodech hanno terminato il loro lavoro alla calchera de le torte. Questa mattina l&#8217;ultimo fascina di legne e fuoco che si sta spegnendo.<\/p>\n<p><strong>LA DIRETTA RADIO PIU&#8217;<\/strong><\/p>\n<p>https:\/\/www.facebook.com\/marco.baghy.1\/videos\/806422380878824<\/p>\n<p>&nbsp;<\/p>\n<div class=\"page-title-head hgroup\">\n<blockquote>\n<h3 class=\"entry-title\">DA DEDICHE E RICHIESTE\u2026LA CALCHERA DE LE TORTE CON AGOSTINO CADORIN<\/h3>\n<\/blockquote>\n<\/div>\n<div class=\"page-title-breadcrumbs\">\n<p><strong><a class=\"dt-pswp-item\" href=\"https:\/\/www.radiopiu.net\/wordpress\/wp-content\/uploads\/2023\/05\/291423a3-601a-4e00-a555-597c69ce9290.jpg\" data-dt-img-description=\"\" data-large_image_width=\"2048\" data-large_image_height=\"1366\"><img loading=\"lazy\" decoding=\"async\" class=\" wp-image-336944 alignleft\" src=\"https:\/\/www.radiopiu.net\/wordpress\/wp-content\/uploads\/2023\/05\/291423a3-601a-4e00-a555-597c69ce9290-300x200.jpg\" alt=\"\" width=\"174\" height=\"116\" srcset=\"https:\/\/www.radiopiu.net\/wordpress\/wp-content\/uploads\/2023\/05\/291423a3-601a-4e00-a555-597c69ce9290-300x200.jpg 300w, https:\/\/www.radiopiu.net\/wordpress\/wp-content\/uploads\/2023\/05\/291423a3-601a-4e00-a555-597c69ce9290-1024x683.jpg 1024w, https:\/\/www.radiopiu.net\/wordpress\/wp-content\/uploads\/2023\/05\/291423a3-601a-4e00-a555-597c69ce9290-768x512.jpg 768w, https:\/\/www.radiopiu.net\/wordpress\/wp-content\/uploads\/2023\/05\/291423a3-601a-4e00-a555-597c69ce9290-1536x1025.jpg 1536w, https:\/\/www.radiopiu.net\/wordpress\/wp-content\/uploads\/2023\/05\/291423a3-601a-4e00-a555-597c69ce9290.jpg 2048w\" sizes=\"auto, (max-width: 174px) 100vw, 174px\" \/><\/a>REDAZIONE <\/strong>Quasi 5 giorni di lavoro per gli uomini del Piodech di Taibon per mantenere vivo il fuoco alla Calchera De Le Torte in Valle di San Lucano. Un fine settimana impegnativo con chili e chili di fascine da bruciare per mantere in temperatura i sassi da trasformare in calce. Tra gli uomini che si sono alternati ad alimentare il fuoco anche Agostino Cadorin che nell&#8217;ultima puntata di Dediche e Richieste ci ha raccontato queste giornate in Valle di San Lucano e cosa succede ora con la calce prodotta<\/p>\n<p><strong>AGOSTINO CADORIN<\/strong><\/p>\n<audio class=\"wp-audio-shortcode\" id=\"audio-337313-4\" preload=\"none\" style=\"width: 100%;\" controls=\"controls\"><source type=\"audio\/mpeg\" src=\"https:\/\/www.radiopiu.net\/wordpress\/wp-content\/uploads\/2023\/05\/DEDICHE-AGOSTINO-CADORIN.mp3?_=4\" \/><a href=\"https:\/\/www.radiopiu.net\/wordpress\/wp-content\/uploads\/2023\/05\/DEDICHE-AGOSTINO-CADORIN.mp3\">https:\/\/www.radiopiu.net\/wordpress\/wp-content\/uploads\/2023\/05\/DEDICHE-AGOSTINO-CADORIN.mp3<\/a><\/audio>\n<p>&nbsp;<\/p>\n<\/div>\n<p>&nbsp;<\/p>\n<hr \/>\n<div id=\"gallery-5\" class=\"dt-gallery-container gallery galleryid-257009 gallery-columns-3 gallery-size-thumbnail\"><\/div>\n","protected":false},"excerpt":{"rendered":"<p>REDAZIONE Del progetto della calchera dei Marin in Valle di San Lucano abbiamo iniziato a parlare lo scorso 22 marzo 2022. Timidamente veniva anticipata l&#8217;iniziativa e partiva la ricerca &#8220;fascina&#8221;, ovvero legna combustibile, la stessa che ha permesso la realizzazione della calce dopo 5 giorni di fuoco. In questa pagina riproponiamo tutti i servizi, compresi&hellip;<\/p>\n","protected":false},"author":4,"featured_media":337314,"comment_status":"closed","ping_status":"closed","sticky":false,"template":"","format":"standard","meta":{"_monsterinsights_skip_tracking":false,"_monsterinsights_sitenote_active":false,"_monsterinsights_sitenote_note":"","_monsterinsights_sitenote_category":0,"footnotes":""},"categories":[51,104,49],"tags":[],"class_list":["post-337313","post","type-post","status-publish","format-standard","has-post-thumbnail","hentry","category-evidenza-top","category-evidenza_3","category-news-18","category-51","category-104","category-49","description-off"],"img_url":"https:\/\/www.radiopiu.net\/wordpress\/wp-content\/uploads\/2023\/05\/Senza-nome-70.jpg","_links":{"self":[{"href":"https:\/\/www.radiopiu.net\/wordpress\/wp-json\/wp\/v2\/posts\/337313","targetHints":{"allow":["GET"]}}],"collection":[{"href":"https:\/\/www.radiopiu.net\/wordpress\/wp-json\/wp\/v2\/posts"}],"about":[{"href":"https:\/\/www.radiopiu.net\/wordpress\/wp-json\/wp\/v2\/types\/post"}],"author":[{"embeddable":true,"href":"https:\/\/www.radiopiu.net\/wordpress\/wp-json\/wp\/v2\/users\/4"}],"replies":[{"embeddable":true,"href":"https:\/\/www.radiopiu.net\/wordpress\/wp-json\/wp\/v2\/comments?post=337313"}],"version-history":[{"count":0,"href":"https:\/\/www.radiopiu.net\/wordpress\/wp-json\/wp\/v2\/posts\/337313\/revisions"}],"wp:featuredmedia":[{"embeddable":true,"href":"https:\/\/www.radiopiu.net\/wordpress\/wp-json\/wp\/v2\/media\/337314"}],"wp:attachment":[{"href":"https:\/\/www.radiopiu.net\/wordpress\/wp-json\/wp\/v2\/media?parent=337313"}],"wp:term":[{"taxonomy":"category","embeddable":true,"href":"https:\/\/www.radiopiu.net\/wordpress\/wp-json\/wp\/v2\/categories?post=337313"},{"taxonomy":"post_tag","embeddable":true,"href":"https:\/\/www.radiopiu.net\/wordpress\/wp-json\/wp\/v2\/tags?post=337313"}],"curies":[{"name":"wp","href":"https:\/\/api.w.org\/{rel}","templated":true}]}}