{"id":337408,"date":"2023-05-25T07:55:16","date_gmt":"2023-05-25T05:55:16","guid":{"rendered":"https:\/\/www.radiopiu.net\/wordpress\/?p=337408"},"modified":"2023-05-25T08:46:24","modified_gmt":"2023-05-25T06:46:24","slug":"rassegna-stampa-locale-dal-1983-dal-lunedi-al-sabato-alle-otto-del-mattino","status":"publish","type":"post","link":"https:\/\/www.radiopiu.net\/wordpress\/rassegna-stampa-locale-dal-1983-dal-lunedi-al-sabato-alle-otto-del-mattino\/","title":{"rendered":"RASSEGNA STAMPA LOCALE, DAL 1983 dal lunedi al sabato alle otto del mattino"},"content":{"rendered":"<p><span style=\"color: #ff99cc;\"><strong>Benvenuto al Giro d&#8217;Italia, oggi \u00e8 il giorno della Val di Zoldo. Una provincia in rosa attende i ciclisti. Domani il tappone dolomitico, passaggio ad Agordo Piazza Libert\u00e0 alle 12.30 circa, la regionale 203 agordina Belluno-Agordino, chiuder\u00e0 alle 9.45 per riaprire dopo il passaggio dell&#8217;intera carovana.<\/strong><\/span><\/p>\n<p><strong>BELLUNO<\/strong> Grandi derivazioni, dalla Regione 20 milioni all&#8217;anno in pi\u00f9 per la Provincia. Per l&#8217;assessore Gianpaolo Bottacin \u00e8 il riconoscimento alla specificit\u00e0.<br \/>\n<strong>ALANO DI PIAVE<\/strong> A Fener una raccolta fondi per aiutare i quattro figli, di cui due minorenni, dell&#8217;uomo in carcere indagato per l&#8217;omicidio di Antonio Costa. I bimbi sono rimasti soli.<br \/>\n<strong>BELLUNO<\/strong> E\u2019 morto Florindo Baldissera, la causa un malore improvviso, docente di chitarra al Conservatorio \u201cBenedetto Marcello\u201d di Venezia, e musicalmente figlio della scuola comunale \u201cMiari\u201d di Belluno<br \/>\n<strong>LIVINALLONGO<\/strong> Dello sportello linguistico ladino a Livinallongo inaugurato a Pieve a novembre non c\u2019\u00e8 traccia sul sito della Provincia di Belluno. Come non risultano nemmeno gli sportelli linguistici degli altri comuni ladini storici, Colle Santa Lucia e Cortina.<br \/>\n<strong>BELLUNO<\/strong> Legalit\u00e0 nelle scuole, oltre 200 ragazzi e ragazze attenti e curiosi. &#8220;Dialogo e non repressione&#8221; la parola d&#8217;ordine del Comune e Forze dell&#8217;Ordine.<br \/>\n<strong>SEDICO<\/strong> Si \u00e8 svolto alla scuola primaria di Bribano un incontro con la Protezione Civile di Sedico. Coinvolte le classi quarte e quinte. La giornata \u00e8 iniziata con una presentazione sulla Protezione Civile, seguita da un collegamento sul luogo di una frana nel comune di Brisighella, Ravenna, zona colpita dall\u2019alluvione.<br \/>\n<strong>AGORDO<\/strong> Impegno tra sport e vita Libera premia gli scolari. Il concorso di Libera Agordino, sabato alle 20 l&#8217;atto conclusivo.<br \/>\n<strong>BELLUNO<\/strong> Gli Amici delle Scuole in Rete hanno un nuovo Direttivo. Alla presidenza \u00e8 stata riconfermata Daniela Mangiola, mentre vicepresidente diventa lo studente universitario Lorenzo Chiesura. Nuova segretaria amministrativa \u00e8 Alessia Nart<br \/>\n<strong>TAIBON<\/strong> Saranno oltre 350 gli ottici che nel corso dell\u2019anno raggiungeranno Agordo, tra le Dolomiti bellunesi, per vivere la loro personale Blackfin Experience. Blackfin apre infatti le porte del Black Shelter \u2013 la sede sostenibile certificata CasaClima Work&amp; Life e inaugurata nel 2021 in occasione del 50esimo anno di attivit\u00e0<br \/>\n<strong>CALCIO<\/strong> CONFERMATO UFFICIALMENTE ANCHE IL CAMPIONATO AGORDINO UNDER 14<br \/>\n<strong>PALLAVOLO<\/strong> IL TALENTO SCHIRO DA THIENE A BELLUNO<\/p>\n<p>&nbsp;<\/p>\n<p><iframe loading=\"lazy\" title=\"RASSEGNA STAMPA LOCALE\" width=\"1200\" height=\"675\" src=\"https:\/\/www.youtube.com\/embed\/cgp0jJc06uc?feature=oembed\" frameborder=\"0\" allow=\"accelerometer; autoplay; clipboard-write; encrypted-media; gyroscope; picture-in-picture; web-share\" allowfullscreen><\/iframe><\/p>\n<p>&nbsp;<\/p>\n<p>&nbsp;<\/p>\n<hr \/>\n<p>&nbsp;<\/p>\n","protected":false},"excerpt":{"rendered":"<p>Benvenuto al Giro d&#8217;Italia, oggi \u00e8 il giorno della Val di Zoldo. Una provincia in rosa attende i ciclisti. Domani il tappone dolomitico, passaggio ad Agordo Piazza Libert\u00e0 alle 12.30 circa, la regionale 203 agordina Belluno-Agordino, chiuder\u00e0 alle 9.45 per riaprire dopo il passaggio dell&#8217;intera carovana. BELLUNO Grandi derivazioni, dalla Regione 20 milioni all&#8217;anno in&hellip;<\/p>\n","protected":false},"author":4,"featured_media":337407,"comment_status":"closed","ping_status":"closed","sticky":false,"template":"","format":"standard","meta":{"_monsterinsights_skip_tracking":false,"_monsterinsights_sitenote_active":false,"_monsterinsights_sitenote_note":"","_monsterinsights_sitenote_category":0,"footnotes":""},"categories":[104,49,142],"tags":[],"class_list":["post-337408","post","type-post","status-publish","format-standard","has-post-thumbnail","hentry","category-evidenza_3","category-news-18","category-rassegna-stampa","category-104","category-49","category-142","description-off"],"img_url":"https:\/\/www.radiopiu.net\/wordpress\/wp-content\/uploads\/2023\/05\/Senza-nome-74.jpg","_links":{"self":[{"href":"https:\/\/www.radiopiu.net\/wordpress\/wp-json\/wp\/v2\/posts\/337408","targetHints":{"allow":["GET"]}}],"collection":[{"href":"https:\/\/www.radiopiu.net\/wordpress\/wp-json\/wp\/v2\/posts"}],"about":[{"href":"https:\/\/www.radiopiu.net\/wordpress\/wp-json\/wp\/v2\/types\/post"}],"author":[{"embeddable":true,"href":"https:\/\/www.radiopiu.net\/wordpress\/wp-json\/wp\/v2\/users\/4"}],"replies":[{"embeddable":true,"href":"https:\/\/www.radiopiu.net\/wordpress\/wp-json\/wp\/v2\/comments?post=337408"}],"version-history":[{"count":0,"href":"https:\/\/www.radiopiu.net\/wordpress\/wp-json\/wp\/v2\/posts\/337408\/revisions"}],"wp:featuredmedia":[{"embeddable":true,"href":"https:\/\/www.radiopiu.net\/wordpress\/wp-json\/wp\/v2\/media\/337407"}],"wp:attachment":[{"href":"https:\/\/www.radiopiu.net\/wordpress\/wp-json\/wp\/v2\/media?parent=337408"}],"wp:term":[{"taxonomy":"category","embeddable":true,"href":"https:\/\/www.radiopiu.net\/wordpress\/wp-json\/wp\/v2\/categories?post=337408"},{"taxonomy":"post_tag","embeddable":true,"href":"https:\/\/www.radiopiu.net\/wordpress\/wp-json\/wp\/v2\/tags?post=337408"}],"curies":[{"name":"wp","href":"https:\/\/api.w.org\/{rel}","templated":true}]}}