{"id":337459,"date":"2023-05-25T15:33:27","date_gmt":"2023-05-25T13:33:27","guid":{"rendered":"https:\/\/www.radiopiu.net\/wordpress\/?p=337459"},"modified":"2023-05-25T15:34:28","modified_gmt":"2023-05-25T13:34:28","slug":"il-grande-sci-femminile-per-due-volte-sulla-volata","status":"publish","type":"post","link":"https:\/\/www.radiopiu.net\/wordpress\/il-grande-sci-femminile-per-due-volte-sulla-volata\/","title":{"rendered":"IL GRANDE SCI FEMMINILE PER DUE VOLTE SULLA VOLATA"},"content":{"rendered":"<div class=\"flex-1 overflow-hidden\">\n<div class=\"react-scroll-to-bottom--css-bwgdh-79elbk h-full dark:bg-gray-800\">\n<div class=\"react-scroll-to-bottom--css-bwgdh-1n7m0yu\">\n<div class=\"flex flex-col text-sm dark:bg-gray-800\">\n<div class=\"group w-full text-gray-800 dark:text-gray-100 border-b border-black\/10 dark:border-gray-900\/50 bg-gray-50 dark:bg-[#444654]\">\n<div class=\"flex p-4 gap-4 text-base md:gap-6 md:max-w-2xl lg:max-w-xl xl:max-w-3xl md:py-6 lg:px-0 m-auto\">\n<div class=\"relative flex w-[calc(100%-50px)] flex-col gap-1 md:gap-3 lg:w-[calc(100%-115px)]\">\n<div class=\"flex flex-grow flex-col gap-3\">\n<div class=\"min-h-[20px] flex flex-col items-start gap-4 whitespace-pre-wrap break-words\">\n<div class=\"markdown prose w-full break-words dark:prose-invert light\">\n<p><em><a class=\"dt-pswp-item\" href=\"https:\/\/www.radiopiu.net\/wordpress\/wp-content\/uploads\/2023\/05\/MikaelaShiffrin_DSC3577_AptFassa.jpg\" data-dt-img-description=\"\" data-large_image_width=\"1000\" data-large_image_height=\"667\"><img loading=\"lazy\" decoding=\"async\" class=\"size-medium wp-image-337462 alignleft\" src=\"https:\/\/www.radiopiu.net\/wordpress\/wp-content\/uploads\/2023\/05\/MikaelaShiffrin_DSC3577_AptFassa-300x200.jpg\" alt=\"\" width=\"300\" height=\"200\" srcset=\"https:\/\/www.radiopiu.net\/wordpress\/wp-content\/uploads\/2023\/05\/MikaelaShiffrin_DSC3577_AptFassa-300x200.jpg 300w, https:\/\/www.radiopiu.net\/wordpress\/wp-content\/uploads\/2023\/05\/MikaelaShiffrin_DSC3577_AptFassa-768x512.jpg 768w, https:\/\/www.radiopiu.net\/wordpress\/wp-content\/uploads\/2023\/05\/MikaelaShiffrin_DSC3577_AptFassa.jpg 1000w\" sizes=\"auto, (max-width: 300px) 100vw, 300px\" \/><\/a><\/em>La Val di Fassa si prepara per un importante ritorno nel mondo dello sci alpino femminile. Sabato 24 e domenica 25 febbraio 2024, la pista &#8220;La VolatA&#8221; della Ski Area San Pellegrino ospiter\u00e0 due gare di superG valide per la Coppa del Mondo. Il calendario delle competizioni \u00e8 stato confermato durante l&#8217;incontro della Federazione Internazionale Sci, confermando il ritorno degli sciatori di \u00e9lite internazionale nella valle ladina il prossimo febbraio. Questo ritorno \u00e8 molto atteso dopo l&#8217;ottima performance del 2021, quando la Val di Fassa ha ospitato addirittura tre gare femminili di velocit\u00e0 (due discese libere e un superG) sulla<\/p>\n<p><a class=\"dt-pswp-item\" href=\"https:\/\/www.radiopiu.net\/wordpress\/wp-content\/uploads\/2023\/05\/8R_ElenaCurtoni_05022021-_MR49915_M_Rizzi_AptFassa.jpg\" data-dt-img-description=\"\" data-large_image_width=\"1000\" data-large_image_height=\"666\"><img loading=\"lazy\" decoding=\"async\" class=\"size-medium wp-image-337461 alignright\" src=\"https:\/\/www.radiopiu.net\/wordpress\/wp-content\/uploads\/2023\/05\/8R_ElenaCurtoni_05022021-_MR49915_M_Rizzi_AptFassa-300x200.jpg\" alt=\"\" width=\"300\" height=\"200\" srcset=\"https:\/\/www.radiopiu.net\/wordpress\/wp-content\/uploads\/2023\/05\/8R_ElenaCurtoni_05022021-_MR49915_M_Rizzi_AptFassa-300x200.jpg 300w, https:\/\/www.radiopiu.net\/wordpress\/wp-content\/uploads\/2023\/05\/8R_ElenaCurtoni_05022021-_MR49915_M_Rizzi_AptFassa-768x511.jpg 768w, https:\/\/www.radiopiu.net\/wordpress\/wp-content\/uploads\/2023\/05\/8R_ElenaCurtoni_05022021-_MR49915_M_Rizzi_AptFassa.jpg 1000w\" sizes=\"auto, (max-width: 300px) 100vw, 300px\" \/><\/a>pista &#8220;La VolatA&#8221;. Le prime due gare sono state vinte da Lara Gut Behrami, mentre la terza \u00e8 stata conquistata da Federica Brignone. Queste gare erano state assegnate alla Val di Fassa a dicembre 2020 dopo l&#8217;annullamento delle gare in Cina a causa della pandemia.<\/p>\n<blockquote><p><em>Mauro Vendruscolo, presidente della Ski Area San Pellegrino, sottolinea il valore del tracciato sciistico &#8220;La VolatA&#8221;. A soli sei anni dalla sua creazione, questa pista ospiter\u00e0 per la seconda volta una tappa della Coppa del Mondo, confermando le sue qualit\u00e0 tecniche e la sua idoneit\u00e0 all&#8217;\u00e9lite dello sci alpino internazionale. Vendruscolo considera questa un&#8217;opportunit\u00e0 importante per il territorio e il risultato di un intenso lavoro di squadra.<\/em><\/p><\/blockquote>\n<p>foto copertina\u00a0 MEMORIAL ALBERTO VENDRUSCOLO<\/p>\n<\/div>\n<\/div>\n<hr \/>\n<\/div>\n<div class=\"flex justify-between lg:block\">\n<div class=\"text-xs flex items-center justify-center gap-1 self-center pt-2 !invisible\"><\/div>\n<\/div>\n<\/div>\n<\/div>\n<\/div>\n<\/div>\n<\/div>\n<\/div>\n<\/div>\n<div class=\"absolute bottom-0 left-0 w-full border-t md:border-t-0 dark:border-white\/20 md:border-transparent md:dark:border-transparent md:bg-vert-light-gradient bg-white dark:bg-gray-800 md:!bg-transparent dark:md:bg-vert-dark-gradient pt-2\">\n<form class=\"stretch mx-2 flex flex-row gap-3 last:mb-2 md:mx-4 md:last:mb-6 lg:mx-auto lg:max-w-2xl xl:max-w-3xl\">\n<div class=\"relative flex h-full flex-1 items-stretch md:flex-col\">\n<div class=\"\">\n<div class=\"h-full flex ml-1 md:w-full md:m-auto md:mb-2 gap-0 md:gap-2 justify-center\"><\/div>\n<\/div>\n<\/div>\n<\/form>\n<\/div>\n","protected":false},"excerpt":{"rendered":"<p>La Val di Fassa si prepara per un importante ritorno nel mondo dello sci alpino femminile. Sabato 24 e domenica 25 febbraio 2024, la pista &#8220;La VolatA&#8221; della Ski Area San Pellegrino ospiter\u00e0 due gare di superG valide per la Coppa del Mondo. Il calendario delle competizioni \u00e8 stato confermato durante l&#8217;incontro della Federazione Internazionale&hellip;<\/p>\n","protected":false},"author":4,"featured_media":337460,"comment_status":"closed","ping_status":"closed","sticky":false,"template":"","format":"standard","meta":{"_monsterinsights_skip_tracking":false,"_monsterinsights_sitenote_active":false,"_monsterinsights_sitenote_note":"","_monsterinsights_sitenote_category":0,"footnotes":""},"categories":[104,49],"tags":[],"class_list":["post-337459","post","type-post","status-publish","format-standard","has-post-thumbnail","hentry","category-evidenza_3","category-news-18","category-104","category-49","description-off"],"img_url":"https:\/\/www.radiopiu.net\/wordpress\/wp-content\/uploads\/2023\/05\/R_LA-VOLATA-S-PELLEGRINO-DH-2017PHOTO-ELVIS.jpg","_links":{"self":[{"href":"https:\/\/www.radiopiu.net\/wordpress\/wp-json\/wp\/v2\/posts\/337459","targetHints":{"allow":["GET"]}}],"collection":[{"href":"https:\/\/www.radiopiu.net\/wordpress\/wp-json\/wp\/v2\/posts"}],"about":[{"href":"https:\/\/www.radiopiu.net\/wordpress\/wp-json\/wp\/v2\/types\/post"}],"author":[{"embeddable":true,"href":"https:\/\/www.radiopiu.net\/wordpress\/wp-json\/wp\/v2\/users\/4"}],"replies":[{"embeddable":true,"href":"https:\/\/www.radiopiu.net\/wordpress\/wp-json\/wp\/v2\/comments?post=337459"}],"version-history":[{"count":0,"href":"https:\/\/www.radiopiu.net\/wordpress\/wp-json\/wp\/v2\/posts\/337459\/revisions"}],"wp:featuredmedia":[{"embeddable":true,"href":"https:\/\/www.radiopiu.net\/wordpress\/wp-json\/wp\/v2\/media\/337460"}],"wp:attachment":[{"href":"https:\/\/www.radiopiu.net\/wordpress\/wp-json\/wp\/v2\/media?parent=337459"}],"wp:term":[{"taxonomy":"category","embeddable":true,"href":"https:\/\/www.radiopiu.net\/wordpress\/wp-json\/wp\/v2\/categories?post=337459"},{"taxonomy":"post_tag","embeddable":true,"href":"https:\/\/www.radiopiu.net\/wordpress\/wp-json\/wp\/v2\/tags?post=337459"}],"curies":[{"name":"wp","href":"https:\/\/api.w.org\/{rel}","templated":true}]}}