{"id":337512,"date":"2023-05-26T05:15:09","date_gmt":"2023-05-26T03:15:09","guid":{"rendered":"https:\/\/www.radiopiu.net\/wordpress\/?p=337512"},"modified":"2023-05-26T08:56:56","modified_gmt":"2023-05-26T06:56:56","slug":"calci-al-carabiniere-paga-e-fa-il-volontario","status":"publish","type":"post","link":"https:\/\/www.radiopiu.net\/wordpress\/calci-al-carabiniere-paga-e-fa-il-volontario\/","title":{"rendered":"CALCI AL CARABINIERE, PAGA E FA IL VOLONTARIO"},"content":{"rendered":"<p><strong>OGGI SUL CORRIERE DELLE ALPI<\/strong><\/p>\n<p><strong>DI GIGI SOSSO<\/strong><\/p>\n<p><strong><img loading=\"lazy\" decoding=\"async\" class=\"alignleft\" src=\"https:\/\/www.radiopiu.net\/wordpress\/wp-content\/uploads\/2023\/02\/controlli-dei-Carabinieri-a-Belluno_27.02.2023-scaled.jpg\" width=\"261\" height=\"174\" \/><\/strong>Un uomo di Borgo Valbelluna \u00e8 stato fermato in un posto di controllo da una pattuglia di carabinieri mentre guidava un furgone Citroen in evidente stato di ubriachezza. Nonostante i tentativi dei carabinieri di sottoporlo all&#8217;alcoltest, ha mostrato un atteggiamento ostile e si \u00e8 rifiutato di collaborare. Durante l&#8217;interazione, ha aggredito un appuntato, colpendolo con calci allo sterno che hanno richiesto cure ospedaliere per almeno tre settimane.\u00a0 L&#8217;uomo \u00e8 stato arrestato e tradotto nel carcere di Baldenich, ma \u00e8 stato successivamente rilasciato senza misure cautelari. \u00c8 iniziato un procedimento penale e si prevede che verr\u00e0 elaborato un programma di volontariato in collaborazione con l&#8217;Ufficio per l&#8217;esecuzione penale esterna di Venezia come possibile punizione. Inoltre, sar\u00e0 necessario decidere l&#8217;ente convenzionato con il Tribunale di Belluno e la somma che dovr\u00e0 essere versata ai carabinieri come risarcimento.<\/p>\n<div class=\"flex-1 overflow-hidden\">\n<div class=\"react-scroll-to-bottom--css-bwgdh-79elbk h-full dark:bg-gray-800\">\n<div class=\"react-scroll-to-bottom--css-bwgdh-1n7m0yu\">\n<div class=\"flex flex-col text-sm dark:bg-gray-800\">\n<div class=\"group w-full text-gray-800 dark:text-gray-100 border-b border-black\/10 dark:border-gray-900\/50 bg-gray-50 dark:bg-[#444654]\">\n<div class=\"flex p-4 gap-4 text-base md:gap-6 md:max-w-2xl lg:max-w-xl xl:max-w-3xl md:py-6 lg:px-0 m-auto\">\n<div class=\"relative flex w-[calc(100%-50px)] flex-col gap-1 md:gap-3 lg:w-[calc(100%-115px)]\">\n<div class=\"text-xs flex items-center justify-center gap-1 self-center pt-2 !invisible\"><\/div>\n<div><\/div>\n<div><\/div>\n<\/div>\n<\/div>\n<\/div>\n<div class=\"h-32 md:h-48 flex-shrink-0\">\n<hr \/>\n<\/div>\n<\/div>\n<\/div>\n<\/div>\n<\/div>\n<div class=\"absolute bottom-0 left-0 w-full border-t md:border-t-0 dark:border-white\/20 md:border-transparent md:dark:border-transparent md:bg-vert-light-gradient bg-white dark:bg-gray-800 md:!bg-transparent dark:md:bg-vert-dark-gradient pt-2\">\n<form class=\"stretch mx-2 flex flex-row gap-3 last:mb-2 md:mx-4 md:last:mb-6 lg:mx-auto lg:max-w-2xl xl:max-w-3xl\">\n<div class=\"relative flex h-full flex-1 items-stretch md:flex-col\">\n<div class=\"\">\n<div class=\"h-full flex ml-1 md:w-full md:m-auto md:mb-2 gap-0 md:gap-2 justify-center\"><\/div>\n<\/div>\n<\/div>\n<\/form>\n<\/div>\n","protected":false},"excerpt":{"rendered":"<p>OGGI SUL CORRIERE DELLE ALPI DI GIGI SOSSO Un uomo di Borgo Valbelluna \u00e8 stato fermato in un posto di controllo da una pattuglia di carabinieri mentre guidava un furgone Citroen in evidente stato di ubriachezza. Nonostante i tentativi dei carabinieri di sottoporlo all&#8217;alcoltest, ha mostrato un atteggiamento ostile e si \u00e8 rifiutato di collaborare.&hellip;<\/p>\n","protected":false},"author":4,"featured_media":324137,"comment_status":"closed","ping_status":"closed","sticky":false,"template":"","format":"standard","meta":{"_monsterinsights_skip_tracking":false,"_monsterinsights_sitenote_active":false,"_monsterinsights_sitenote_note":"","_monsterinsights_sitenote_category":0,"footnotes":""},"categories":[51,49],"tags":[],"class_list":["post-337512","post","type-post","status-publish","format-standard","has-post-thumbnail","hentry","category-evidenza-top","category-news-18","category-51","category-49","description-off"],"img_url":"https:\/\/www.radiopiu.net\/wordpress\/wp-content\/uploads\/2023\/02\/controlli-dei-Carabinieri-a-Belluno_27.02.2023-scaled.jpg","_links":{"self":[{"href":"https:\/\/www.radiopiu.net\/wordpress\/wp-json\/wp\/v2\/posts\/337512","targetHints":{"allow":["GET"]}}],"collection":[{"href":"https:\/\/www.radiopiu.net\/wordpress\/wp-json\/wp\/v2\/posts"}],"about":[{"href":"https:\/\/www.radiopiu.net\/wordpress\/wp-json\/wp\/v2\/types\/post"}],"author":[{"embeddable":true,"href":"https:\/\/www.radiopiu.net\/wordpress\/wp-json\/wp\/v2\/users\/4"}],"replies":[{"embeddable":true,"href":"https:\/\/www.radiopiu.net\/wordpress\/wp-json\/wp\/v2\/comments?post=337512"}],"version-history":[{"count":0,"href":"https:\/\/www.radiopiu.net\/wordpress\/wp-json\/wp\/v2\/posts\/337512\/revisions"}],"wp:featuredmedia":[{"embeddable":true,"href":"https:\/\/www.radiopiu.net\/wordpress\/wp-json\/wp\/v2\/media\/324137"}],"wp:attachment":[{"href":"https:\/\/www.radiopiu.net\/wordpress\/wp-json\/wp\/v2\/media?parent=337512"}],"wp:term":[{"taxonomy":"category","embeddable":true,"href":"https:\/\/www.radiopiu.net\/wordpress\/wp-json\/wp\/v2\/categories?post=337512"},{"taxonomy":"post_tag","embeddable":true,"href":"https:\/\/www.radiopiu.net\/wordpress\/wp-json\/wp\/v2\/tags?post=337512"}],"curies":[{"name":"wp","href":"https:\/\/api.w.org\/{rel}","templated":true}]}}