{"id":337535,"date":"2023-05-25T06:54:55","date_gmt":"2023-05-25T04:54:55","guid":{"rendered":"https:\/\/www.radiopiu.net\/wordpress\/?p=337535"},"modified":"2023-05-26T07:00:01","modified_gmt":"2023-05-26T05:00:01","slug":"puntata-320-chiara-cau-terzo-anno-ultima-puntata","status":"publish","type":"post","link":"https:\/\/www.radiopiu.net\/wordpress\/puntata-320-chiara-cau-terzo-anno-ultima-puntata\/","title":{"rendered":"PUNTATA 320 \u2013 CHIARA CAU \u2013 TERZO ANNO ultima puntata"},"content":{"rendered":"<p>&nbsp;<\/p>\n<p>AUDIO<\/p>\n<audio class=\"wp-audio-shortcode\" id=\"audio-337535-1\" preload=\"none\" style=\"width: 100%;\" controls=\"controls\"><source type=\"audio\/mpeg\" src=\"https:\/\/www.radiopiu.net\/wordpress\/wp-content\/uploads\/2023\/05\/FI5-3.mp3?_=1\" \/><a href=\"https:\/\/www.radiopiu.net\/wordpress\/wp-content\/uploads\/2023\/05\/FI5-3.mp3\">https:\/\/www.radiopiu.net\/wordpress\/wp-content\/uploads\/2023\/05\/FI5-3.mp3<\/a><\/audio>\n<p>&nbsp;<\/p>\n<div class=\"flex-1 overflow-hidden\">\n<div class=\"react-scroll-to-bottom--css-bwgdh-79elbk h-full dark:bg-gray-800\">\n<div class=\"react-scroll-to-bottom--css-bwgdh-1n7m0yu\">\n<div class=\"flex flex-col text-sm dark:bg-gray-800\">\n<div class=\"group w-full text-gray-800 dark:text-gray-100 border-b border-black\/10 dark:border-gray-900\/50 bg-gray-50 dark:bg-[#444654]\">\n<div class=\"flex p-4 gap-4 text-base md:gap-6 md:max-w-2xl lg:max-w-xl xl:max-w-3xl md:py-6 lg:px-0 m-auto\">\n<div class=\"relative flex w-[calc(100%-50px)] flex-col gap-1 md:gap-3 lg:w-[calc(100%-115px)]\">\n<div class=\"flex flex-grow flex-col gap-3\">\n<div class=\"min-h-[20px] flex flex-col items-start gap-4 whitespace-pre-wrap break-words\">\n<div class=\"markdown prose w-full break-words dark:prose-invert light\">\n<p>Oggi si conclude la terza stagione di &#8220;Gocce di Filosofia&#8221;, il programma radiofonico condotto con grande passione e dedizione da Chiara Cau e Lisa De Luca. In questa occasione, Radio Pi\u00f9 desidera esprimere la sua gratitudine per l&#8217;impegno profuso dalle due conduttrici nel portare avanti questo affascinante progetto che ha regalato ai suoi ascoltatori momenti di riflessione e approfondimento filosofico. Durante quest&#8217;ultima stagione, &#8220;Gocce di Filosofia&#8221; ha dimostrato ancora una volta la sua capacit\u00e0 di coniugare la profondit\u00e0 del pensiero filosofico con l&#8217;approccio accessibile e coinvolgente delle conduttrici. Ogni puntata \u00e8 stata un viaggio attraverso le grandi questioni dell&#8217;esistenza umana, toccando temi come la libert\u00e0, l&#8217;etica, la conoscenza, l&#8217;amore e molti altri. La forza di &#8220;Gocce di Filosofia&#8221; risiede nella capacit\u00e0 di trasmettere concetti complessi in modo chiaro e comprensibile, rendendo la filosofia accessibile a tutti, anche a coloro che potrebbero avvicinarsi per la prima volta a questa disciplina. Chiara Cau e Lisa De Luca hanno saputo creare un&#8217;atmosfera accogliente e coinvolgente, in cui gli ascoltatori sono stati invitati a riflettere e ad approfondire le tematiche trattate.\u00a0 In conclusione, la terza stagione di &#8220;Gocce di Filosofia&#8221; si chiude lasciando un segno importante nel panorama radiofonico, offrendo ai suoi ascoltatori l&#8217;opportunit\u00e0 di esplorare il mondo della filosofia in modo accessibile e appassionante.<\/p>\n<\/div>\n<\/div>\n<\/div>\n<\/div>\n<\/div>\n<\/div>\n<\/div>\n<\/div>\n<\/div>\n<\/div>\n<p>LA RACCOLTA COMPLETA<\/p>\n<blockquote class=\"wp-embedded-content\" data-secret=\"Wi8ADSVAOD\"><p><a href=\"https:\/\/www.radiopiu.net\/wordpress\/gocce-filosofia\/\">Gocce di filosofia,  LA TERZA STAGIONE&#8230; 2023<\/a><\/p><\/blockquote>\n<p><iframe loading=\"lazy\" class=\"wp-embedded-content\" sandbox=\"allow-scripts\" security=\"restricted\" style=\"position: absolute; clip: rect(1px, 1px, 1px, 1px);\" title=\"&#8220;Gocce di filosofia,  LA TERZA STAGIONE&#8230; 2023&#8221; &#8212; Radio Pi\u00f9\" src=\"https:\/\/www.radiopiu.net\/wordpress\/gocce-filosofia\/embed\/#?secret=mlbAZp12Y5#?secret=Wi8ADSVAOD\" data-secret=\"Wi8ADSVAOD\" width=\"600\" height=\"338\" frameborder=\"0\" marginwidth=\"0\" marginheight=\"0\" scrolling=\"no\"><\/iframe><\/p>\n<p>&nbsp;<\/p>\n<hr \/>\n<p>&nbsp;<\/p>\n","protected":false},"excerpt":{"rendered":"<p>&nbsp; AUDIO &nbsp; Oggi si conclude la terza stagione di &#8220;Gocce di Filosofia&#8221;, il programma radiofonico condotto con grande passione e dedizione da Chiara Cau e Lisa De Luca. In questa occasione, Radio Pi\u00f9 desidera esprimere la sua gratitudine per l&#8217;impegno profuso dalle due conduttrici nel portare avanti questo affascinante progetto che ha regalato ai&hellip;<\/p>\n","protected":false},"author":4,"featured_media":0,"comment_status":"closed","ping_status":"closed","sticky":false,"template":"","format":"standard","meta":{"_monsterinsights_skip_tracking":false,"_monsterinsights_sitenote_active":false,"_monsterinsights_sitenote_note":"","_monsterinsights_sitenote_category":0,"footnotes":""},"categories":[135,49],"tags":[],"class_list":["post-337535","post","type-post","status-publish","format-standard","hentry","category-filosofia","category-news-18","category-135","category-49","description-off"],"img_url":false,"_links":{"self":[{"href":"https:\/\/www.radiopiu.net\/wordpress\/wp-json\/wp\/v2\/posts\/337535","targetHints":{"allow":["GET"]}}],"collection":[{"href":"https:\/\/www.radiopiu.net\/wordpress\/wp-json\/wp\/v2\/posts"}],"about":[{"href":"https:\/\/www.radiopiu.net\/wordpress\/wp-json\/wp\/v2\/types\/post"}],"author":[{"embeddable":true,"href":"https:\/\/www.radiopiu.net\/wordpress\/wp-json\/wp\/v2\/users\/4"}],"replies":[{"embeddable":true,"href":"https:\/\/www.radiopiu.net\/wordpress\/wp-json\/wp\/v2\/comments?post=337535"}],"version-history":[{"count":0,"href":"https:\/\/www.radiopiu.net\/wordpress\/wp-json\/wp\/v2\/posts\/337535\/revisions"}],"wp:attachment":[{"href":"https:\/\/www.radiopiu.net\/wordpress\/wp-json\/wp\/v2\/media?parent=337535"}],"wp:term":[{"taxonomy":"category","embeddable":true,"href":"https:\/\/www.radiopiu.net\/wordpress\/wp-json\/wp\/v2\/categories?post=337535"},{"taxonomy":"post_tag","embeddable":true,"href":"https:\/\/www.radiopiu.net\/wordpress\/wp-json\/wp\/v2\/tags?post=337535"}],"curies":[{"name":"wp","href":"https:\/\/api.w.org\/{rel}","templated":true}]}}