{"id":337564,"date":"2023-05-27T07:25:37","date_gmt":"2023-05-27T05:25:37","guid":{"rendered":"https:\/\/www.radiopiu.net\/wordpress\/?p=337564"},"modified":"2023-05-27T09:16:42","modified_gmt":"2023-05-27T07:16:42","slug":"giornale-radiopiu-27-maggio-2023-direttore-mirko-mezzacasaverso-i-40-anni-25-giugno-1983-25-giugno-2023","status":"publish","type":"post","link":"https:\/\/www.radiopiu.net\/wordpress\/giornale-radiopiu-27-maggio-2023-direttore-mirko-mezzacasaverso-i-40-anni-25-giugno-1983-25-giugno-2023\/","title":{"rendered":"GIORNALE RADIOPIU 27 MAGGIO 2023 DIRETTORE MIRKO MEZZACASA\u2026VERSO I 40 ANNI 25 GIUGNO 1983-25 GIUGNO 2023"},"content":{"rendered":"<h2 style=\"text-align: left;\"><span style=\"color: #ff0000;\"><span style=\"vertical-align: inherit;\"><a class=\"dt-pswp-item\" href=\"https:\/\/www.radiopiu.net\/wordpress\/wp-content\/uploads\/2023\/04\/e0aad41d-951e-47b9-9fae-1a879a9bcb7e-1.jpg\" data-dt-img-description=\"\" data-large_image_width=\"1200\" data-large_image_height=\"1200\"><img loading=\"lazy\" decoding=\"async\" class=\"wp-image-333205 alignleft\" src=\"https:\/\/www.radiopiu.net\/wordpress\/wp-content\/uploads\/2023\/04\/e0aad41d-951e-47b9-9fae-1a879a9bcb7e-1-300x300.jpg\" alt=\"\" width=\"110\" height=\"110\" srcset=\"https:\/\/www.radiopiu.net\/wordpress\/wp-content\/uploads\/2023\/04\/e0aad41d-951e-47b9-9fae-1a879a9bcb7e-1-300x300.jpg 300w, https:\/\/www.radiopiu.net\/wordpress\/wp-content\/uploads\/2023\/04\/e0aad41d-951e-47b9-9fae-1a879a9bcb7e-1-1024x1024.jpg 1024w, https:\/\/www.radiopiu.net\/wordpress\/wp-content\/uploads\/2023\/04\/e0aad41d-951e-47b9-9fae-1a879a9bcb7e-1-150x150.jpg 150w, https:\/\/www.radiopiu.net\/wordpress\/wp-content\/uploads\/2023\/04\/e0aad41d-951e-47b9-9fae-1a879a9bcb7e-1-768x768.jpg 768w, https:\/\/www.radiopiu.net\/wordpress\/wp-content\/uploads\/2023\/04\/e0aad41d-951e-47b9-9fae-1a879a9bcb7e-1.jpg 1200w\" sizes=\"auto, (max-width: 110px) 100vw, 110px\" \/><\/a><\/span><\/span><\/h2>\n<h2 style=\"text-align: left;\"><span style=\"color: #ff0000;\"><span style=\"vertical-align: inherit;\">ISCRIVITI AL NOSTRO CANALE\u00a0 <\/span><\/span><span style=\"vertical-align: inherit;\"> YOUTUBE PER SEGUIRE IN DIRETTA I PRINCIPALI PROGRAMMI DI RADIO PIU&#8217; E LE FUTURE DIRETTE IN ESTERNA. PER ISCRIVERTI <\/span><a style=\"color: #ff0000;\" href=\"https:\/\/youtube.com\/@radiopiu1527\"><span style=\"vertical-align: inherit;\">CLICCA QUI <\/span><\/a><span style=\"color: #ff0000; font-size: 14px; font-weight: normal;\"><span style=\"vertical-align: inherit;\">E PREMI\u00a0 &#8220;Iscriviti&#8221;\u00a0 \u00a0<\/span><\/span><\/h2>\n<p>&nbsp;<\/p>\n<blockquote><p><em><strong>IERI IL GIORNO DELL&#8217; 86ESIMOCOMPLEANNO DELLE DOLOMITI AL GIRO, IL 26 MAGGIO DEL 1937 PER LA PRIMA VOLTA CON BARTALI E I CICLISTI SULLE DOLOMITI, DA VITTORIO VENETO A MERANO ATTRAVERSO I PASSI ROLLE E COSTALUNGA<\/strong><\/em><\/p><\/blockquote>\n<p>Il\u00a0<b>Giro d&#8217;Italia 1937<\/b>, venticinquesima edizione della &#8220;Corsa Rosa&#8221;, si svolse in diciannove tappe dall&#8217;8 maggio al 30 maggio\u00a0<a title=\"1937\" href=\"https:\/\/it.wikipedia.org\/wiki\/1937\">1937<\/a>, per un percorso totale di 3\u00a0840 km. La corsa fu dominata da\u00a0<a title=\"Gino Bartali\" href=\"https:\/\/it.wikipedia.org\/wiki\/Gino_Bartali\">Gino Bartali<\/a>\u00a0che, indossata la maglia rosa dopo la cronoscalata sul\u00a0<a title=\"Monte Terminillo\" href=\"https:\/\/it.wikipedia.org\/wiki\/Monte_Terminillo\">Terminillo<\/a>, non la lasci\u00f2 pi\u00f9 entrando trionfante al\u00a0<a class=\"mw-redirect\" title=\"Velodromo Vigorelli\" href=\"https:\/\/it.wikipedia.org\/wiki\/Velodromo_Vigorelli\">velodromo Vigorelli<\/a>. Nel 1937 aument\u00f2 il numero di tappe, con 19 frazioni di cui quattro suddivise in semitappe per un totale di 23. Per la prima volta furono inserite nel programma le\u00a0<a title=\"Dolomiti\" href=\"https:\/\/it.wikipedia.org\/wiki\/Dolomiti\">Dolomiti<\/a>, con i passaggi su\u00a0<a title=\"Passo Rolle\" href=\"https:\/\/it.wikipedia.org\/wiki\/Passo_Rolle\">passo Rolle<\/a>\u00a0e\u00a0<a title=\"Passo di Costalunga\" href=\"https:\/\/it.wikipedia.org\/wiki\/Passo_di_Costalunga\">Costalunga<\/a>.<\/p>\n<p>&nbsp;<\/p>\n<hr \/>\n<p>&nbsp;<\/p>\n<blockquote><p><strong><a class=\"dt-pswp-item\" href=\"https:\/\/www.radiopiu.net\/wordpress\/wp-content\/uploads\/2023\/04\/PAOLO-FRENA.png\" data-dt-img-description=\"\" data-large_image_width=\"292\" data-large_image_height=\"223\"><img loading=\"lazy\" decoding=\"async\" class=\"wp-image-331937 alignleft\" src=\"https:\/\/www.radiopiu.net\/wordpress\/wp-content\/uploads\/2023\/04\/PAOLO-FRENA.png\" alt=\"\" width=\"166\" height=\"127\" \/><\/a> PAOLO FRENA, PRESIDENTE DELL&#8217;UNIONE MONTANA AGORDINA &#8220;gente rispettosa&#8221;<\/strong><\/p>\n<p><em>O meglio&#8230; il sindaco di Colle Santa Lucia, Paolo Frena. Ieri non ha indugiato a indossare la divisa della protezione civile mettendosi a disposizione della comunit\u00e0 in zona Passo Giau. &#8220;E&#8217; stata una giornata fantastica, in tanti &#8211; e le immagini televisive lo hanno testimoniato &#8211; sono saliti al Passo sopra Colle Santa Lucia. Un esercito di tifosi e amanti della montagna in festa, rispettosi dell&#8217;ambiente e dell&#8217;evento&#8221;.\u00a0<\/em><\/p><\/blockquote>\n<p>&nbsp;<\/p>\n<p>&nbsp;<\/p>\n<blockquote class=\"wp-embedded-content\" data-secret=\"lOn7RFb2ok\"><p><a href=\"https:\/\/www.radiopiu.net\/wordpress\/lagordino-in-rosa\/\">L&#8217;AGORDINO IN ROSA<\/a><\/p><\/blockquote>\n<p><iframe loading=\"lazy\" class=\"wp-embedded-content\" sandbox=\"allow-scripts\" security=\"restricted\" style=\"position: absolute; clip: rect(1px, 1px, 1px, 1px);\" title=\"&#8220;L&#8217;AGORDINO IN ROSA&#8221; &#8212; Radio Pi\u00f9\" src=\"https:\/\/www.radiopiu.net\/wordpress\/lagordino-in-rosa\/embed\/#?secret=MssJVx7FFD#?secret=lOn7RFb2ok\" data-secret=\"lOn7RFb2ok\" width=\"600\" height=\"338\" frameborder=\"0\" marginwidth=\"0\" marginheight=\"0\" scrolling=\"no\"><\/iframe><\/p>\n<p>&nbsp;<\/p>\n<hr \/>\n<p>&nbsp;<\/p>\n<blockquote>\n<h3>DEBITORI DI UN GRAZIE&#8230; PER LE IMMAGINI<\/h3>\n<\/blockquote>\n<p><strong><img loading=\"lazy\" decoding=\"async\" class=\"alignleft\" src=\"https:\/\/www.radiopiu.net\/wordpress\/wp-content\/uploads\/2023\/05\/b409db86-2ed3-4671-aa93-e3950040d859.jpg\" width=\"289\" height=\"163\" \/>AGORDO<\/strong> L&#8217;elicottero al servizio della Rai ha insistito molto su Agordo, diversamente da un anno fa quando il passaggio dei ciclisti \u00e8 coinciso con il lancio di un cluster pubblicitario&#8230;e non erano mancate le critiche miste a perplessit\u00e0.<\/p>\n<p>Quest&#8217;anno no, \u00e8 andata in modo diverso. Una precisa descrizione della citt\u00e0, con le sue peculiarit\u00e0, i suoi musei non ultimo quello dell&#8217;occhiale. Credo che ci sia qualcuno da ringraziare anche se ufficialmente non ci sono conferme&#8230; Grazie comunque, a nome di tutte le attivit\u00e0 che hanno creato il loro futuro sul turismo, quindi sulla conoscenza del territorio.<br \/>\nFOTO la scritta in piana dei mogn, PalaLuxottica.<\/p>\n<p>&nbsp;<\/p>\n<div style=\"width: 848px;\" class=\"wp-video\"><video class=\"wp-video-shortcode\" id=\"video-337564-1\" width=\"848\" height=\"480\" preload=\"metadata\" controls=\"controls\"><source type=\"video\/mp4\" src=\"https:\/\/www.radiopiu.net\/wordpress\/wp-content\/uploads\/2023\/05\/SCRITTA-PALALUXOTTICA.mp4?_=1\" \/><a href=\"https:\/\/www.radiopiu.net\/wordpress\/wp-content\/uploads\/2023\/05\/SCRITTA-PALALUXOTTICA.mp4\">https:\/\/www.radiopiu.net\/wordpress\/wp-content\/uploads\/2023\/05\/SCRITTA-PALALUXOTTICA.mp4<\/a><\/video><\/div>\n<p>&nbsp;<\/p>\n<p>&nbsp;<\/p>\n<hr \/>\n<p>&nbsp;<\/p>\n<blockquote>\n<h3>L&#8217;OMAGGIO ALLE VITTIME DEL VAJONT AL CIMITERO DI FORTOGNA<\/h3>\n<\/blockquote>\n<p><strong>LONGARONE<\/strong> In occasione della tappa del Giro D&#8217;Italia Longarone &#8211; Tre Cime di Lavaredo, un pensiero \u00e8 andato anche alle vittime del Vajont. Al cimitero di Fortogna \u00e8 stato depositato un mazzo di rose.<\/p>\n\n\t\t\t<style type='text\/css'>\n\t\t\t\t#gallery-1 {\n\t\t\t\t\tmargin: auto;\n\t\t\t\t}\n\t\t\t\t#gallery-1 .gallery-item {\n\t\t\t\t\tfloat: left;\n\t\t\t\t\tmargin-top: 10px;\n\t\t\t\t\ttext-align: center;\n\t\t\t\t\twidth: 20%;\n\t\t\t\t}\n\t\t\t\t#gallery-1 img {\n\t\t\t\t\tborder: 2px solid #cfcfcf;\n\t\t\t\t}\n\t\t\t\t#gallery-1 .gallery-caption {\n\t\t\t\t\tmargin-left: 0;\n\t\t\t\t}\n\t\t\t\t\/* see gallery_shortcode() in wp-includes\/media.php *\/\n\t\t\t<\/style>\n\t\t<div id='gallery-1' class='dt-gallery-container gallery galleryid-337564 gallery-columns-5 gallery-size-medium'><dl class='gallery-item'>\n\t\t\t\t<dt class='gallery-icon landscape'>\n\t\t\t\t\t<a class=\"rollover rollover-zoom dt-pswp-item\" title=\"4e870da6-3b3d-4e4d-8ac2-3f29e52a9384\" data-dt-img-description=\"\" data-large_image_width=\"1024\" data-large_image_height=\"768\"href='https:\/\/www.radiopiu.net\/wordpress\/wp-content\/uploads\/2023\/05\/4e870da6-3b3d-4e4d-8ac2-3f29e52a9384.jpg'><img loading=\"lazy\" decoding=\"async\" width=\"300\" height=\"225\" src=\"https:\/\/www.radiopiu.net\/wordpress\/wp-content\/uploads\/2023\/05\/4e870da6-3b3d-4e4d-8ac2-3f29e52a9384-300x225.jpg\" class=\"attachment-medium size-medium\" alt=\"\" srcset=\"https:\/\/www.radiopiu.net\/wordpress\/wp-content\/uploads\/2023\/05\/4e870da6-3b3d-4e4d-8ac2-3f29e52a9384-300x225.jpg 300w, https:\/\/www.radiopiu.net\/wordpress\/wp-content\/uploads\/2023\/05\/4e870da6-3b3d-4e4d-8ac2-3f29e52a9384-768x576.jpg 768w, https:\/\/www.radiopiu.net\/wordpress\/wp-content\/uploads\/2023\/05\/4e870da6-3b3d-4e4d-8ac2-3f29e52a9384.jpg 1024w\" sizes=\"auto, (max-width: 300px) 100vw, 300px\" \/><\/a>\n\t\t\t\t<\/dt><\/dl><dl class='gallery-item'>\n\t\t\t\t<dt class='gallery-icon landscape'>\n\t\t\t\t\t<a class=\"rollover rollover-zoom dt-pswp-item\" title=\"47759af2-4067-467e-b343-89418c0e6e48\" data-dt-img-description=\"\" data-large_image_width=\"1024\" data-large_image_height=\"768\"href='https:\/\/www.radiopiu.net\/wordpress\/wp-content\/uploads\/2023\/05\/47759af2-4067-467e-b343-89418c0e6e48.jpg'><img loading=\"lazy\" decoding=\"async\" width=\"300\" height=\"225\" src=\"https:\/\/www.radiopiu.net\/wordpress\/wp-content\/uploads\/2023\/05\/47759af2-4067-467e-b343-89418c0e6e48-300x225.jpg\" class=\"attachment-medium size-medium\" alt=\"\" srcset=\"https:\/\/www.radiopiu.net\/wordpress\/wp-content\/uploads\/2023\/05\/47759af2-4067-467e-b343-89418c0e6e48-300x225.jpg 300w, https:\/\/www.radiopiu.net\/wordpress\/wp-content\/uploads\/2023\/05\/47759af2-4067-467e-b343-89418c0e6e48-768x576.jpg 768w, https:\/\/www.radiopiu.net\/wordpress\/wp-content\/uploads\/2023\/05\/47759af2-4067-467e-b343-89418c0e6e48.jpg 1024w\" sizes=\"auto, (max-width: 300px) 100vw, 300px\" \/><\/a>\n\t\t\t\t<\/dt><\/dl><dl class='gallery-item'>\n\t\t\t\t<dt class='gallery-icon landscape'>\n\t\t\t\t\t<a class=\"rollover rollover-zoom dt-pswp-item\" title=\"dae1cbbc-d5e5-4e54-8cbe-2bbef40da167\" data-dt-img-description=\"\" data-large_image_width=\"1023\" data-large_image_height=\"848\"href='https:\/\/www.radiopiu.net\/wordpress\/wp-content\/uploads\/2023\/05\/dae1cbbc-d5e5-4e54-8cbe-2bbef40da167.jpg'><img loading=\"lazy\" decoding=\"async\" width=\"300\" height=\"249\" src=\"https:\/\/www.radiopiu.net\/wordpress\/wp-content\/uploads\/2023\/05\/dae1cbbc-d5e5-4e54-8cbe-2bbef40da167-300x249.jpg\" class=\"attachment-medium size-medium\" alt=\"\" srcset=\"https:\/\/www.radiopiu.net\/wordpress\/wp-content\/uploads\/2023\/05\/dae1cbbc-d5e5-4e54-8cbe-2bbef40da167-300x249.jpg 300w, https:\/\/www.radiopiu.net\/wordpress\/wp-content\/uploads\/2023\/05\/dae1cbbc-d5e5-4e54-8cbe-2bbef40da167-768x637.jpg 768w, https:\/\/www.radiopiu.net\/wordpress\/wp-content\/uploads\/2023\/05\/dae1cbbc-d5e5-4e54-8cbe-2bbef40da167.jpg 1023w\" sizes=\"auto, (max-width: 300px) 100vw, 300px\" \/><\/a>\n\t\t\t\t<\/dt><\/dl><dl class='gallery-item'>\n\t\t\t\t<dt class='gallery-icon landscape'>\n\t\t\t\t\t<a class=\"rollover rollover-zoom dt-pswp-item\" title=\"9fedc2d7-9586-4f19-924e-1bebd6acefb3\" data-dt-img-description=\"\" data-large_image_width=\"1024\" data-large_image_height=\"768\"href='https:\/\/www.radiopiu.net\/wordpress\/wp-content\/uploads\/2023\/05\/9fedc2d7-9586-4f19-924e-1bebd6acefb3.jpg'><img loading=\"lazy\" decoding=\"async\" width=\"300\" height=\"225\" src=\"https:\/\/www.radiopiu.net\/wordpress\/wp-content\/uploads\/2023\/05\/9fedc2d7-9586-4f19-924e-1bebd6acefb3-300x225.jpg\" class=\"attachment-medium size-medium\" alt=\"\" srcset=\"https:\/\/www.radiopiu.net\/wordpress\/wp-content\/uploads\/2023\/05\/9fedc2d7-9586-4f19-924e-1bebd6acefb3-300x225.jpg 300w, https:\/\/www.radiopiu.net\/wordpress\/wp-content\/uploads\/2023\/05\/9fedc2d7-9586-4f19-924e-1bebd6acefb3-768x576.jpg 768w, https:\/\/www.radiopiu.net\/wordpress\/wp-content\/uploads\/2023\/05\/9fedc2d7-9586-4f19-924e-1bebd6acefb3.jpg 1024w\" sizes=\"auto, (max-width: 300px) 100vw, 300px\" \/><\/a>\n\t\t\t\t<\/dt><\/dl><dl class='gallery-item'>\n\t\t\t\t<dt class='gallery-icon landscape'>\n\t\t\t\t\t<a class=\"rollover rollover-zoom dt-pswp-item\" title=\"53ce0470-b1bd-432e-a9fe-651211ff4dbf\" data-dt-img-description=\"\" data-large_image_width=\"1024\" data-large_image_height=\"768\"href='https:\/\/www.radiopiu.net\/wordpress\/wp-content\/uploads\/2023\/05\/53ce0470-b1bd-432e-a9fe-651211ff4dbf.jpg'><img loading=\"lazy\" decoding=\"async\" width=\"300\" height=\"225\" src=\"https:\/\/www.radiopiu.net\/wordpress\/wp-content\/uploads\/2023\/05\/53ce0470-b1bd-432e-a9fe-651211ff4dbf-300x225.jpg\" class=\"attachment-medium size-medium\" alt=\"\" srcset=\"https:\/\/www.radiopiu.net\/wordpress\/wp-content\/uploads\/2023\/05\/53ce0470-b1bd-432e-a9fe-651211ff4dbf-300x225.jpg 300w, https:\/\/www.radiopiu.net\/wordpress\/wp-content\/uploads\/2023\/05\/53ce0470-b1bd-432e-a9fe-651211ff4dbf-768x576.jpg 768w, https:\/\/www.radiopiu.net\/wordpress\/wp-content\/uploads\/2023\/05\/53ce0470-b1bd-432e-a9fe-651211ff4dbf.jpg 1024w\" sizes=\"auto, (max-width: 300px) 100vw, 300px\" \/><\/a>\n\t\t\t\t<\/dt><\/dl><br style=\"clear: both\" \/>\n\t\t\t<\/div>\n\n<p>&nbsp;<\/p>\n<p><strong>IL VIDEO<\/strong><\/p>\n<div style=\"width: 848px;\" class=\"wp-video\"><video class=\"wp-video-shortcode\" id=\"video-337564-2\" width=\"848\" height=\"480\" preload=\"metadata\" controls=\"controls\"><source type=\"video\/mp4\" src=\"https:\/\/www.radiopiu.net\/wordpress\/wp-content\/uploads\/2023\/05\/WhatsApp-Video-2023-05-26-at-10.47.25.mp4?_=2\" \/><a href=\"https:\/\/www.radiopiu.net\/wordpress\/wp-content\/uploads\/2023\/05\/WhatsApp-Video-2023-05-26-at-10.47.25.mp4\">https:\/\/www.radiopiu.net\/wordpress\/wp-content\/uploads\/2023\/05\/WhatsApp-Video-2023-05-26-at-10.47.25.mp4<\/a><\/video><\/div>\n<p>&nbsp;<\/p>\n<hr \/>\n<p>&nbsp;<\/p>\n<blockquote>\n<h3>VINCENZO NIBALI CITTADINO ONORARIO DI AURONZO. LA MAGLIA ROSA ALL\u2019ASTA, A FAVORE DELLE POPOLAZIONI DELL\u2019EMILIA ROMAGNA<\/h3>\n<\/blockquote>\n<p><strong>AURONZO <\/strong>A dieci anni dall\u2019impresa con la quale ha messo il sigillo al suo primo Giro d\u2019Italia, vincendo in maglia rosa, sotto una fitta nevicata, la tappa che si concludeva al rifugio Auronzo ai piedi delle Tre Cime di Lavaredo, Vincenzo Nibali \u00e8 diventato cittadino onorario di Auronzo di Cadore. La cittadinanza onoraria gli \u00e8 stata conferita, nel corso di una cerimonia partecipatissima, alla sala consiliare di Auronzo, nella serata di gioved\u00ec 25 maggio, a dieci anni esatti dal 25 maggio del 2013.\u00a0 \u00a0La serata \u00e8 stata, anche, l\u2019occasione per lanciare un\u2019asta benefica a favore delle popolazioni dell\u2019Emilia Romagna colpite dall\u2019alluvione delle scorse settimane. Il comitato tappa, coordinato da Massimo Panighel e Lorenzo De Martin, ha messo all\u2019asta la maglia rosa del decennale, firmata da Nibali, insieme al logo di citt\u00e0 di tappa 2023, realizzato in legno di cirmolo, firmato da Nibali e da Lisa Vittozzi. L\u2019asta, gi\u00e0 aperta (lo rimarr\u00e0 fino al 4 giugno), \u00e8 disponibile sul sito <a href=\"http:\/\/www.regalaunsogno.org\">www.regalaunsogno.org<\/a>.<\/p>\n\n\t\t\t<style type='text\/css'>\n\t\t\t\t#gallery-2 {\n\t\t\t\t\tmargin: auto;\n\t\t\t\t}\n\t\t\t\t#gallery-2 .gallery-item {\n\t\t\t\t\tfloat: left;\n\t\t\t\t\tmargin-top: 10px;\n\t\t\t\t\ttext-align: center;\n\t\t\t\t\twidth: 20%;\n\t\t\t\t}\n\t\t\t\t#gallery-2 img {\n\t\t\t\t\tborder: 2px solid #cfcfcf;\n\t\t\t\t}\n\t\t\t\t#gallery-2 .gallery-caption {\n\t\t\t\t\tmargin-left: 0;\n\t\t\t\t}\n\t\t\t\t\/* see gallery_shortcode() in wp-includes\/media.php *\/\n\t\t\t<\/style>\n\t\t<div id='gallery-2' class='dt-gallery-container gallery galleryid-337564 gallery-columns-5 gallery-size-thumbnail'><dl class='gallery-item'>\n\t\t\t\t<dt class='gallery-icon portrait'>\n\t\t\t\t\t<a class=\"rollover rollover-zoom dt-pswp-item\" title=\"da sx dario vecellio galeno sindaco di auronzo_vincenzo nibali_ massimo pa... 2023\" data-dt-img-description=\"\" data-large_image_width=\"1200\" data-large_image_height=\"1600\"href='https:\/\/www.radiopiu.net\/wordpress\/wp-content\/uploads\/2023\/05\/da-sx-dario-vecellio-galeno-sindaco-di-auronzo_vincenzo-nibali_-massimo-pa.-2023.jpeg'><img loading=\"lazy\" decoding=\"async\" width=\"150\" height=\"150\" src=\"https:\/\/www.radiopiu.net\/wordpress\/wp-content\/uploads\/2023\/05\/da-sx-dario-vecellio-galeno-sindaco-di-auronzo_vincenzo-nibali_-massimo-pa.-2023-150x150.jpeg\" class=\"attachment-thumbnail size-thumbnail\" alt=\"\" \/><\/a>\n\t\t\t\t<\/dt><\/dl><dl class='gallery-item'>\n\t\t\t\t<dt class='gallery-icon landscape'>\n\t\t\t\t\t<a class=\"rollover rollover-zoom dt-pswp-item\" title=\"da sx dario vecellio galeno sindaco auronzo - vincenzo nibali - lisa vittozzi\" data-dt-img-description=\"\" data-large_image_width=\"2048\" data-large_image_height=\"2048\"href='https:\/\/www.radiopiu.net\/wordpress\/wp-content\/uploads\/2023\/05\/da-sx-dario-vecellio-galeno-sindaco-auronzo-vincenzo-nibali-lisa-vittozzi.jpeg'><img loading=\"lazy\" decoding=\"async\" width=\"150\" height=\"150\" src=\"https:\/\/www.radiopiu.net\/wordpress\/wp-content\/uploads\/2023\/05\/da-sx-dario-vecellio-galeno-sindaco-auronzo-vincenzo-nibali-lisa-vittozzi-150x150.jpeg\" class=\"attachment-thumbnail size-thumbnail\" alt=\"\" srcset=\"https:\/\/www.radiopiu.net\/wordpress\/wp-content\/uploads\/2023\/05\/da-sx-dario-vecellio-galeno-sindaco-auronzo-vincenzo-nibali-lisa-vittozzi-150x150.jpeg 150w, https:\/\/www.radiopiu.net\/wordpress\/wp-content\/uploads\/2023\/05\/da-sx-dario-vecellio-galeno-sindaco-auronzo-vincenzo-nibali-lisa-vittozzi-300x300.jpeg 300w, https:\/\/www.radiopiu.net\/wordpress\/wp-content\/uploads\/2023\/05\/da-sx-dario-vecellio-galeno-sindaco-auronzo-vincenzo-nibali-lisa-vittozzi-1024x1024.jpeg 1024w, https:\/\/www.radiopiu.net\/wordpress\/wp-content\/uploads\/2023\/05\/da-sx-dario-vecellio-galeno-sindaco-auronzo-vincenzo-nibali-lisa-vittozzi-768x768.jpeg 768w, https:\/\/www.radiopiu.net\/wordpress\/wp-content\/uploads\/2023\/05\/da-sx-dario-vecellio-galeno-sindaco-auronzo-vincenzo-nibali-lisa-vittozzi-1536x1536.jpeg 1536w, https:\/\/www.radiopiu.net\/wordpress\/wp-content\/uploads\/2023\/05\/da-sx-dario-vecellio-galeno-sindaco-auronzo-vincenzo-nibali-lisa-vittozzi.jpeg 2048w\" sizes=\"auto, (max-width: 150px) 100vw, 150px\" \/><\/a>\n\t\t\t\t<\/dt><\/dl><dl class='gallery-item'>\n\t\t\t\t<dt class='gallery-icon portrait'>\n\t\t\t\t\t<a class=\"rollover rollover-zoom dt-pswp-item\" title=\"logo citt\u00e0 tappa firmato vincenzo nibali e lisa vittozzi\" data-dt-img-description=\"\" data-large_image_width=\"1154\" data-large_image_height=\"2048\"href='https:\/\/www.radiopiu.net\/wordpress\/wp-content\/uploads\/2023\/05\/logo-citta-tappa-firmato-vincenzo-nibali-e-lisa-vittozzi.jpeg'><img loading=\"lazy\" decoding=\"async\" width=\"150\" height=\"150\" src=\"https:\/\/www.radiopiu.net\/wordpress\/wp-content\/uploads\/2023\/05\/logo-citta-tappa-firmato-vincenzo-nibali-e-lisa-vittozzi-150x150.jpeg\" class=\"attachment-thumbnail size-thumbnail\" alt=\"\" \/><\/a>\n\t\t\t\t<\/dt><\/dl><dl class='gallery-item'>\n\t\t\t\t<dt class='gallery-icon portrait'>\n\t\t\t\t\t<a class=\"rollover rollover-zoom dt-pswp-item\" title=\"maglia rosa vincenzo nibali_asta 2023\" data-dt-img-description=\"\" data-large_image_width=\"1155\" data-large_image_height=\"2048\"href='https:\/\/www.radiopiu.net\/wordpress\/wp-content\/uploads\/2023\/05\/maglia-rosa-vincenzo-nibali_asta-2023.jpeg'><img loading=\"lazy\" decoding=\"async\" width=\"150\" height=\"150\" src=\"https:\/\/www.radiopiu.net\/wordpress\/wp-content\/uploads\/2023\/05\/maglia-rosa-vincenzo-nibali_asta-2023-150x150.jpeg\" class=\"attachment-thumbnail size-thumbnail\" alt=\"\" \/><\/a>\n\t\t\t\t<\/dt><\/dl><dl class='gallery-item'>\n\t\t\t\t<dt class='gallery-icon landscape'>\n\t\t\t\t\t<a class=\"rollover rollover-zoom dt-pswp-item\" title=\"sala consiliare nibali\" data-dt-img-description=\"\" data-large_image_width=\"2048\" data-large_image_height=\"1536\"href='https:\/\/www.radiopiu.net\/wordpress\/wp-content\/uploads\/2023\/05\/sala-consiliare-nibali.jpeg'><img loading=\"lazy\" decoding=\"async\" width=\"150\" height=\"150\" src=\"https:\/\/www.radiopiu.net\/wordpress\/wp-content\/uploads\/2023\/05\/sala-consiliare-nibali-150x150.jpeg\" class=\"attachment-thumbnail size-thumbnail\" alt=\"\" \/><\/a>\n\t\t\t\t<\/dt><\/dl><br style=\"clear: both\" \/>\n\t\t\t<\/div>\n\n<p>&nbsp;<\/p>\n<hr \/>\n<p>&nbsp;<\/p>\n<p>&nbsp;<\/p>\n<blockquote>\n<h3>SECONDA GIORNATA, ALTRI 8 INTERVENTI DEL PERSONALE ULSS1 AD AURONZO<\/h3>\n<\/blockquote>\n<p><a class=\"dt-pswp-item\" href=\"https:\/\/www.radiopiu.net\/wordpress\/wp-content\/uploads\/2023\/05\/5b93d800-91ed-4e21-b320-b1408ce2b8a0.jpg\" data-dt-img-description=\"\" data-large_image_width=\"2048\" data-large_image_height=\"1536\"><img loading=\"lazy\" decoding=\"async\" class=\" wp-image-337697 alignleft\" src=\"https:\/\/www.radiopiu.net\/wordpress\/wp-content\/uploads\/2023\/05\/5b93d800-91ed-4e21-b320-b1408ce2b8a0-300x225.jpg\" alt=\"\" width=\"333\" height=\"250\" srcset=\"https:\/\/www.radiopiu.net\/wordpress\/wp-content\/uploads\/2023\/05\/5b93d800-91ed-4e21-b320-b1408ce2b8a0-300x225.jpg 300w, https:\/\/www.radiopiu.net\/wordpress\/wp-content\/uploads\/2023\/05\/5b93d800-91ed-4e21-b320-b1408ce2b8a0-1024x768.jpg 1024w, https:\/\/www.radiopiu.net\/wordpress\/wp-content\/uploads\/2023\/05\/5b93d800-91ed-4e21-b320-b1408ce2b8a0-768x576.jpg 768w, https:\/\/www.radiopiu.net\/wordpress\/wp-content\/uploads\/2023\/05\/5b93d800-91ed-4e21-b320-b1408ce2b8a0-1536x1152.jpg 1536w, https:\/\/www.radiopiu.net\/wordpress\/wp-content\/uploads\/2023\/05\/5b93d800-91ed-4e21-b320-b1408ce2b8a0.jpg 2048w\" sizes=\"auto, (max-width: 333px) 100vw, 333px\" \/><\/a>Si \u00e8 conclusa anche la seconda tappa del Giro d\u2019Italia nelle Dolomiti. Nelle due giornate sono stati impegnati 126 uomini e 35 mezzi coordinati dal Suem 118 e dal CREU, grazie al fondamentale supporto delle associazioni di volontariato. Ieri , in particolare, sono stati allestiti due Punti Medici Avanzati a Misurina, gestito dal SUEM di Treviso, e al Rifugio Auronzo, gestito dal personale SUEM di Agordo. Oggi sono state soccorse 4 persone dal PMA a Misurina e 4 al rifugio Auronzo per malori trattati sul posto. La persona soccorsa l&#8217;altro\u00a0 ieri per arresto cardiaco resta in prognosi riservata. <em>\u00abLa collaborazione tra SUEM, CREU e Volontariato ha permesso di assicurare una macchina dei soccorsi pronta ad ogni evenienza che si \u00e8 dimostrata efficace\u00bb, commenta il commissario Giuseppe Dal Ben \u00abRinnovo il ringraziamento a tutto il personale e ai Volontari intervenuti in questi due giorni che hanno permesso al territorio di offrire un ottimo biglietto da visita, anche per quanto riguarda i grandi eventi\u00bb.<\/em><\/p>\n<p>&nbsp;<\/p>\n<p>&nbsp;<\/p>\n<p><strong>Posto Medico Avanzato\u00a0 rifugio Auronzo gestito da Suem Agordo<\/strong><\/p>\n<p><img loading=\"lazy\" decoding=\"async\" class=\"\" src=\"https:\/\/www.radiopiu.net\/wordpress\/wp-content\/uploads\/2023\/05\/96d7c4c3-560a-47e8-9ff4-421c625fea30.jpg\" width=\"287\" height=\"215\" \/><\/p>\n<p>&nbsp;<\/p>\n<p>&nbsp;<\/p>\n<hr \/>\n<p>&nbsp;<\/p>\n<p>&nbsp;<\/p>\n<blockquote>\n<h3>ACQUA NON POTABILE IN ALCUNE ZONE DI FALCADE<\/h3>\n<\/blockquote>\n<p><strong><a class=\"dt-pswp-item\" href=\"https:\/\/www.radiopiu.net\/wordpress\/wp-content\/uploads\/2018\/08\/ACQUA.jpeg\" data-dt-img-description=\"\" data-large_image_width=\"1280\" data-large_image_height=\"768\"><img loading=\"lazy\" decoding=\"async\" class=\" wp-image-57052 alignleft\" src=\"https:\/\/www.radiopiu.net\/wordpress\/wp-content\/uploads\/2018\/08\/ACQUA-300x180.jpeg\" alt=\"\" width=\"150\" height=\"90\" srcset=\"https:\/\/www.radiopiu.net\/wordpress\/wp-content\/uploads\/2018\/08\/ACQUA-300x180.jpeg 300w, https:\/\/www.radiopiu.net\/wordpress\/wp-content\/uploads\/2018\/08\/ACQUA-768x461.jpeg 768w, https:\/\/www.radiopiu.net\/wordpress\/wp-content\/uploads\/2018\/08\/ACQUA-1024x614.jpeg 1024w, https:\/\/www.radiopiu.net\/wordpress\/wp-content\/uploads\/2018\/08\/ACQUA.jpeg 1280w\" sizes=\"auto, (max-width: 150px) 100vw, 150px\" \/><\/a>FALCADE<\/strong> Gestione Servizi Pubblici informa che a FALCADE nelle localit\u00e0 FALCADE ALTO, VILLOTTA, LA FOCA E VIA MAS DE LE MOLE l&#8217;acqua erogata dall&#8217;acquedotto non \u00e8 potabile e pu\u00f2 essere usata per scopi alimentari SOLO PREVIA bollitura. GSP ha, comunque, gi\u00e0 adottato le necessarie misure per la disinfezione dell&#8217;acqua presente nei serbatoi e nella rete idrica con l&#8217;aggiunta di cloro.<\/p>\n<p>&nbsp;<\/p>\n<p>&nbsp;<\/p>\n<hr \/>\n<p>&nbsp;<\/p>\n<p align=\"CENTER\"><span style=\"color: #000000;\"><span style=\"font-family: Arial, serif;\"><span style=\"font-size: large;\"><b>CHIUSURA SENTIERO ALTA VIA NUMERO 1<\/b><\/span><\/span><\/span><\/p>\n<p><strong>LA VALLE AGORDINA<\/strong> Sentiero chiuso al transito lungo l&#8217;Alta via delle Dolomiti tra Pian de Caleda e Forcella Dagarei per lavori di esbosco. dal 29 maggio a fine lavori, sabato e domenica compresi.<\/p>\n<p>&nbsp;<\/p>\n<hr \/>\n<p>&nbsp;<\/p>\n<blockquote>\n<h2>MOTOCICLISTA IN PROGNOSI RISERVATA<\/h2>\n<\/blockquote>\n<p><strong><img loading=\"lazy\" decoding=\"async\" class=\"alignleft\" src=\"https:\/\/www.radiopiu.net\/wordpress\/wp-content\/uploads\/2022\/09\/309142707_771246390814523_5693451179006834112_n.jpg\" width=\"260\" height=\"154\" \/>SOVRAMONTE<\/strong> Un grave incidente stradale si \u00e8 verificato ieri sulla piana di Sorriva, vicino alla chiesa di San Giorgio, coinvolgendo un motociclista di 65 anni di Vicenza, identificato come M.S. L&#8217;incidente ha causato una frattura esposta alle gambe e numerosi altri traumi al corpo del motociclista.\u00a0 Secondo le prime ipotesi formulate dai carabinieri del Nucleo radiomobile di Feltre, sembra che l&#8217;automobilista non abbia dato la precedenza al motociclista. Tuttavia, gli inquirenti dovranno ancora determinare la velocit\u00e0 a cui stavano viaggiando entrambi i veicoli coinvolti. Si suppone che quando l&#8217;automobilista ha iniziato a svoltare a sinistra, il motociclista fosse troppo vicino per evitare l&#8217;impatto. Il motociclista di Vicenza \u00e8 stato ricoverato in ospedale a Treviso con una prognosi riservata. Sar\u00e0 compito dei medici del C\u00e0 Foncello decidere il trattamento pi\u00f9 adeguato per ridurre i danni delle fratture.<\/p>\n<p>&nbsp;<\/p>\n<hr \/>\n<p>&nbsp;<\/p>\n<p>&nbsp;<\/p>\n<blockquote>\n<h3>DOLOMITIBUS SOSPENDE IL SERVIZIO, IMPOSSIBILE L&#8217;INVERSIONE<\/h3>\n<\/blockquote>\n<p><strong><img loading=\"lazy\" decoding=\"async\" class=\"alignleft\" src=\"https:\/\/www.radiopiu.net\/wordpress\/wp-content\/uploads\/2021\/10\/9396bbfc-2818-4225-b55d-9a56c39206f1.jpg\" width=\"229\" height=\"129\" \/>FALCADE<\/strong> Dolomitibus informa che, vista l&#8217;impossibilit\u00e0 della manovra di inversione di marci in sicurezza in localit\u00e0 Le Frate, con decorrenza immediata sospende la tratta Falcade Chiesa-Falcade Alto, Le Frate con tutti i servizi di linea e atipici effettuati da Dolomitibus, fino al ripristino delle condizioni di sicurezza. Il servizio di attester\u00e0 alla ferma Falcade Chiesa, fermi restando gli orari programmati.<\/p>\n<p>&nbsp;<\/p>\n<p>&nbsp;<\/p>\n<p>&nbsp;<\/p>\n<hr \/>\n<p>&nbsp;<\/p>\n<blockquote>\n<h3>OGGI L&#8217;ULTIMO SALUTO AL NUMISMATICO GIOVANNI<\/h3>\n<\/blockquote>\n<p><strong><img decoding=\"async\" class=\"alignleft\" src=\"https:\/\/www.radiopiu.net\/wordpress\/wp-content\/uploads\/2023\/05\/Senza-nome-75.jpg\" \/>VALLADA<\/strong> Giovanni Andrich, 84 anni, \u00e8 mancato nella sua casa a Vallada dopo una lunga malattia, suscitando grande tristezza nella valle del Biois.\u00a0 La sua passione per la filatelia e le cartoline da collezione era ben nota, e aveva tenuto numerose mostre in diverse<\/p>\n<p>&nbsp;<\/p>\n<p>&nbsp;<\/p>\n<p>&nbsp;<\/p>\n<p>&nbsp;<\/p>\n<p><strong>DI GIANNI SANTOMASO<\/strong><\/p>\n<audio class=\"wp-audio-shortcode\" id=\"audio-337564-1\" preload=\"none\" style=\"width: 100%;\" controls=\"controls\"><source type=\"audio\/mpeg\" src=\"https:\/\/www.radiopiu.net\/wordpress\/wp-content\/uploads\/2023\/05\/GIOVANNI-GIANNI.mp3?_=1\" \/><a href=\"https:\/\/www.radiopiu.net\/wordpress\/wp-content\/uploads\/2023\/05\/GIOVANNI-GIANNI.mp3\">https:\/\/www.radiopiu.net\/wordpress\/wp-content\/uploads\/2023\/05\/GIOVANNI-GIANNI.mp3<\/a><\/audio>\n<p>&nbsp;<\/p>\n<p>&nbsp;<\/p>\n<p>&nbsp;<\/p>\n<hr \/>\n<p>&nbsp;<\/p>\n<blockquote>\n<h3>SANITA&#8217;: BORTOLUZZI RESPINGE LE ACCUSE AL MITTENTE. &#8220;UNA MOZIONE CAMPANILISTICA&#8221;&#8221;<\/h3>\n<\/blockquote>\n<p><strong>BELLUNO<\/strong><\/p>\n<p><strong>MORENO GIOLI<\/strong><\/p>\n<audio class=\"wp-audio-shortcode\" id=\"audio-337564-2\" preload=\"none\" style=\"width: 100%;\" controls=\"controls\"><source type=\"audio\/mpeg\" src=\"https:\/\/www.radiopiu.net\/wordpress\/wp-content\/uploads\/2023\/05\/MORENO-BORTOLUZZI.mp3?_=2\" \/><a href=\"https:\/\/www.radiopiu.net\/wordpress\/wp-content\/uploads\/2023\/05\/MORENO-BORTOLUZZI.mp3\">https:\/\/www.radiopiu.net\/wordpress\/wp-content\/uploads\/2023\/05\/MORENO-BORTOLUZZI.mp3<\/a><\/audio>\n<p>&nbsp;<\/p>\n<p><strong><span style=\"color: #ff0000;\">IERI ALLA RADIO<\/span><\/strong><\/p>\n<blockquote>\n<h3>SANITA&#8217;: SCONTRI IN CONSIGLIO COMUNALE. NICOLINI &#8220;DA BAMBINI DELL&#8217;ASILO&#8221;<\/h3>\n<\/blockquote>\n<p><strong>BELLUNO<\/strong><\/p>\n<p><strong>DI MORENO GIOLI<\/strong><\/p>\n<p>&nbsp;<\/p>\n<audio class=\"wp-audio-shortcode\" id=\"audio-337564-3\" preload=\"none\" style=\"width: 100%;\" controls=\"controls\"><source type=\"audio\/mpeg\" src=\"https:\/\/www.radiopiu.net\/wordpress\/wp-content\/uploads\/2023\/05\/moreno-1.mp3?_=3\" \/><a href=\"https:\/\/www.radiopiu.net\/wordpress\/wp-content\/uploads\/2023\/05\/moreno-1.mp3\">https:\/\/www.radiopiu.net\/wordpress\/wp-content\/uploads\/2023\/05\/moreno-1.mp3<\/a><\/audio>\n<p>&nbsp;<\/p>\n<hr \/>\n<p>&nbsp;<\/p>\n<blockquote>\n<h3>SUL COLLETTO DI ROGER WATERS IL SIMBOLO DEI MINATORI<\/h3>\n<\/blockquote>\n<p><strong>IL FATTO<\/strong><\/p>\n<p><strong>BERLINO <\/strong>Roger Waters, noto musicista e membro fondatore dei Pink Floyd, \u00e8 stato accusato di ipotizzata sobillazione delle masse durante il suo concerto tenutosi lo scorso 18 maggio nella capitale tedesca. Secondo quanto riportato da diversi media tedeschi, la polizia avrebbe riferito che Waters si \u00e8 presentato &#8220;vestito in modo simile&#8221; a un membro delle SS, suscitando polemiche e indagini in corso \u00e8 importante sottolineare che non sono state riscontrate presenze di croci uncinate. Uno studio pi\u00f9 approfondito del simbolo indossato da Waters ha portato a un&#8217;interpretazione diversa. Secondo Tiziano De Col, esperto di storia dei minatori, il simbolo sul colletto dell&#8217;artista non rappresenta le SS, ma \u00e8 invece il simbolo dei minatori, ovvero la mazza e il martello.<\/p>\n<div class=\"flex-1 overflow-hidden\">\n<div class=\"react-scroll-to-bottom--css-jmixd-79elbk h-full dark:bg-gray-800\">\n<div class=\"react-scroll-to-bottom--css-jmixd-1n7m0yu\">\n<div class=\"flex flex-col text-sm dark:bg-gray-800\">\n<div class=\"group w-full text-gray-800 dark:text-gray-100 border-b border-black\/10 dark:border-gray-900\/50 bg-gray-50 dark:bg-[#444654]\">\n<div class=\"flex p-4 gap-4 text-base md:gap-6 md:max-w-2xl lg:max-w-xl xl:max-w-3xl md:py-6 lg:px-0 m-auto\">\n<div class=\"relative flex w-[calc(100%-50px)] flex-col gap-1 md:gap-3 lg:w-[calc(100%-115px)]\">\n<div class=\"flex flex-grow flex-col gap-3\">\n<div class=\"min-h-[20px] flex flex-col items-start gap-4 whitespace-pre-wrap break-words\">\n<div class=\"markdown prose w-full break-words dark:prose-invert light\">\n<p>&nbsp;<\/p>\n<\/div>\n<\/div>\n<\/div>\n<\/div>\n<\/div>\n<\/div>\n<\/div>\n<\/div>\n<\/div>\n<\/div>\n<p><strong>DI TIZIANO DE COL\u00a0<\/strong><\/p>\n<p><a class=\"dt-pswp-item\" href=\"https:\/\/www.radiopiu.net\/wordpress\/wp-content\/uploads\/2023\/05\/Senza-nome-78.jpg\" data-dt-img-description=\"\" data-large_image_width=\"151\" data-large_image_height=\"142\"><img loading=\"lazy\" decoding=\"async\" class=\"size-full wp-image-337718 alignleft\" src=\"https:\/\/www.radiopiu.net\/wordpress\/wp-content\/uploads\/2023\/05\/Senza-nome-78.jpg\" alt=\"\" width=\"151\" height=\"142\" \/><\/a><em>&#8220;Sul colletto non ha un simbolo delle SS, piuttosto \u00e8 il simbolo dei minatori : mazza e martello , che simboleggia una miniera aperta. Se capovolto simboleggia una miniera chiusa&#8221;.<\/em><\/p>\n<blockquote><p><em>&#8220;Spero non indaghino tutti noi periti minerari, per noi quel simbolo \u00e8 legato alla nostra storia, e su quella dell&#8217;ex Istituto Minerario Umberto Follador i cui cubetti di porfido nel piazzale riportano proprio mazza e martello&#8221;.<\/em><\/p><\/blockquote>\n<p>&nbsp;<\/p>\n<p>&nbsp;<\/p>\n<p>&nbsp;<\/p>\n<hr \/>\n<p>&nbsp;<\/p>\n<blockquote>\n<h3>L\u2019INFLAZIONE ERODE IL POTERE D\u2019ACQUISTO DEI PENSIONATI BELLUNESI<\/h3>\n<\/blockquote>\n<p><strong><a class=\"dt-pswp-item\" href=\"https:\/\/www.radiopiu.net\/wordpress\/wp-content\/uploads\/2023\/02\/SPI-CGIL.png\" data-dt-img-description=\"\" data-large_image_width=\"278\" data-large_image_height=\"244\"><img loading=\"lazy\" decoding=\"async\" class=\" wp-image-322694 alignleft\" src=\"https:\/\/www.radiopiu.net\/wordpress\/wp-content\/uploads\/2023\/02\/SPI-CGIL.png\" alt=\"\" width=\"142\" height=\"125\" \/><\/a>BELLUNO <\/strong>La situazione economica per i pensionati bellunesi si \u00e8 aggravata notevolmente a partire dal 2022. I costi della spesa quotidiana, inclusi il carrello della spesa, bollette, spese mediche, farmaci, carburanti, trasporti e servizi personali come il parrucchiere, sono aumentati in modo significativo, con incrementi anche a doppia cifra. Questo ha comportato una diminuzione del potere d&#8217;acquisto, mettendo i pensionati bellunesi in gravi difficolt\u00e0 finanziarie. Un&#8217;indagine condotta dallo Spi Cgil del Veneto ha evidenziato che la rivalutazione delle pensioni attuale \u00e8 del tutto insufficiente per recuperare il potere d&#8217;acquisto degli anziani bellunesi, costringendoli a fare rinunce e sacrifici che riducono la loro qualit\u00e0 di vita. Nel 2022, la spesa mensile di una persona di et\u00e0 inferiore ai 65 anni che vive da sola \u00e8 aumentata di 107,50 euro al mese (1.290 euro all&#8217;anno), principalmente a causa delle bollette per luce e gas. Nel 2023, i rincari continueranno con un&#8217;aspettativa di inflazione del 5%, aumentando ulteriormente il costo della spesa di altri 71,60 euro al mese. Complessivamente, considerando i rincari del 2022 e quelli previsti per il 2023, i pensionati bellunesi spenderanno mediamente 179,10 euro in pi\u00f9 rispetto al 2021. Tuttavia, la rivalutazione delle pensioni ha portato un aumento medio di soli 63 euro al mese. Pertanto, mancano ancora 116,10 euro mensili per far fronte alle spese crescenti. Purtroppo, nel Bellunese, la percentuale di pensioni al di sotto dei mille euro lordi mensili rimane elevata, rappresentando il 58% del totale.<\/p>\n<p>&nbsp;<\/p>\n<hr \/>\n<p>&nbsp;<\/p>\n<blockquote>\n<h3>CENTRO SERVIZI DI ARABBA, LA NUOVA CASA DELLO SCI CLUB E LIA DA MONT<\/h3>\n<\/blockquote>\n<p><strong><img loading=\"lazy\" decoding=\"async\" class=\"alignleft\" src=\"https:\/\/www.radiopiu.net\/wordpress\/wp-content\/uploads\/2023\/05\/ecm5z9d1.bmp\" width=\"222\" height=\"125\" \/>LIVINALLONGO<\/strong><\/p>\n<p><strong>DI LORENZO SORATROI<\/strong><\/p>\n<audio class=\"wp-audio-shortcode\" id=\"audio-337564-4\" preload=\"none\" style=\"width: 100%;\" controls=\"controls\"><source type=\"audio\/mpeg\" src=\"https:\/\/www.radiopiu.net\/wordpress\/wp-content\/uploads\/2023\/05\/lorenzo-2.mp3?_=4\" \/><a href=\"https:\/\/www.radiopiu.net\/wordpress\/wp-content\/uploads\/2023\/05\/lorenzo-2.mp3\">https:\/\/www.radiopiu.net\/wordpress\/wp-content\/uploads\/2023\/05\/lorenzo-2.mp3<\/a><\/audio>\n<p>&nbsp;<\/p>\n<p>&nbsp;<\/p>\n<hr \/>\n<p>&nbsp;<\/p>\n<blockquote>\n<h3>CONSIGLIO COMUNALE: IL BANDO PER LA GESTIONE DEL SITO DI VALLE IMPERINA<\/h3>\n<\/blockquote>\n<p><img loading=\"lazy\" decoding=\"async\" class=\"alignleft\" src=\"https:\/\/www.radiopiu.net\/wordpress\/wp-content\/uploads\/2021\/09\/DJI_0034-scaled.jpg\" width=\"162\" height=\"122\" \/><strong>RIVAMONTE\u00a0<\/strong><\/p>\n<p><strong>DI GIANNI SANTOMASO<\/strong><\/p>\n<audio class=\"wp-audio-shortcode\" id=\"audio-337564-5\" preload=\"none\" style=\"width: 100%;\" controls=\"controls\"><source type=\"audio\/mpeg\" src=\"https:\/\/www.radiopiu.net\/wordpress\/wp-content\/uploads\/2023\/05\/CONS-COM-RIVAMONTE-GIANNI.mp3?_=5\" \/><a href=\"https:\/\/www.radiopiu.net\/wordpress\/wp-content\/uploads\/2023\/05\/CONS-COM-RIVAMONTE-GIANNI.mp3\">https:\/\/www.radiopiu.net\/wordpress\/wp-content\/uploads\/2023\/05\/CONS-COM-RIVAMONTE-GIANNI.mp3<\/a><\/audio>\n<p>&nbsp;<\/p>\n<p>&nbsp;<\/p>\n<hr \/>\n<p>&nbsp;<\/p>\n<blockquote>\n<h3 align=\"CENTER\"><span style=\"font-size: large;\"><b>Tre nuovi medici di medicina generale da giugno<\/b><\/span><\/h3>\n<\/blockquote>\n<p><strong><a class=\"dt-pswp-item\" href=\"https:\/\/www.radiopiu.net\/wordpress\/wp-content\/uploads\/2023\/05\/mm-ss.jpg\" data-dt-img-description=\"Doctor using a digital tablet in the hospital, Healthcare and Medicine concept.\" data-large_image_width=\"800\" data-large_image_height=\"445\"><img loading=\"lazy\" decoding=\"async\" class=\" wp-image-336923 alignleft\" src=\"https:\/\/www.radiopiu.net\/wordpress\/wp-content\/uploads\/2023\/05\/mm-ss-300x167.jpg\" alt=\"\" width=\"260\" height=\"145\" srcset=\"https:\/\/www.radiopiu.net\/wordpress\/wp-content\/uploads\/2023\/05\/mm-ss-300x167.jpg 300w, https:\/\/www.radiopiu.net\/wordpress\/wp-content\/uploads\/2023\/05\/mm-ss-768x427.jpg 768w, https:\/\/www.radiopiu.net\/wordpress\/wp-content\/uploads\/2023\/05\/mm-ss.jpg 800w\" sizes=\"auto, (max-width: 260px) 100vw, 260px\" \/><\/a>BELLUNO<\/strong> I primi giorni di giugno prenderanno servizio in Ulss Dolomiti tre nuovi Medici di Medicina Generale, rafforzando l\u2019assistenza territoriale in aree in difficolt\u00e0.\u00a0 <span style=\"font-family: Calibri, serif;\">Il 1\u00b0 giugno 2023 prender\u00e0 servizio il dr <\/span><span style=\"font-family: Calibri, serif;\"><b>Marco Penzo<\/b><\/span><span style=\"font-family: Calibri, serif;\"> con ambulatorio a <\/span><span style=\"font-family: Calibri, serif;\"><b>Cesiomaggiore, <\/b><\/span><span style=\"font-family: Calibri, serif;\">la dr.ssa <\/span><span style=\"font-family: Calibri, serif;\"><b>Greta Lorenzon<\/b><\/span><span style=\"font-family: Calibri, serif;\"> con ambulatorio a <\/span><span style=\"font-family: Calibri, serif;\"><b>Sedico. <\/b><\/span>Il 5 giugno ad Alano prende servizio la dr.ssa <b>Camilla Forlin<\/b> con ambulatori a Fener e Vas.<\/p>\n<blockquote><p><span style=\"font-family: Calibri, serif;\"><b>.<\/b><\/span><em>\u00abDo il benvenuto ai nuovi medici nella squadra dell\u2019Ulss Dolomiti e auguro loro buon lavoro. Il ruolo del Medico di Medicina Generale \u00e8 centrale nel percorso di assistenza, avamposto delle cure e punto di riferimento per il cittadino\u00bb commenta il Commissario Giuseppe Dal Ben. \u00abRingrazio i professionisti che in questi mesi si sono messi a disposizione degli assistiti per assicurare loro l\u2019assistenza primaria dopo i pensionamenti dei colleghi. Hanno dimostrato senso di responsabilit\u00e0 e dedizione\u00bb\u00a0<\/em><\/p>\n<p>&nbsp;<\/p><\/blockquote>\n<hr \/>\n<p>&nbsp;<\/p>\n<blockquote>\n<h3>PROMOZIONE DEL TERRITORIO CON SKI AREA CIVETTA, PROMO FALCADE E SKI AREA ALPE LUSIA SAN PELLEGRINO IN POLONIA E REPUBBLICA CECA<\/h3>\n<\/blockquote>\n<p><strong>di Marco Gaz<\/strong><\/p>\n<p><strong>REDAZIONE<\/strong> Si \u00e8 conclusa da poco l&#8217;attivit\u00e0 di promozione del territorio di Ski area Civetta, Promo Falcade e Ski area Alpe Lusia San Pellegrino in Polonia e Repubblica Ceca. Quattro serate dedicate ad agenzie e tour operator per illustrare le nostre zone agli operatori del settore turistico. Prossimamente le tappe saranno anche in Ungheria, Croazia e Serbia. Poi nella fase autunnale ancora incontri tra Italia e mercati emergenti.<\/p>\n<blockquote><p><em>&#8220;Incontri importanti &#8211; dice Andrea Dal Farra, responsabile marketing di Alleghe Funivie &#8211; abbiamo riscontrato molto interesse per le nostre proposte.\u00a0 Molte le agenzie che hanno voluto conoscere i particolari delle nostre aree. Grazie a Marco Sartori per il coordinamento nell&#8217;organizzazione dei vari eventi &#8220;.<\/em><\/p><\/blockquote>\n\n\t\t\t<style type='text\/css'>\n\t\t\t\t#gallery-3 {\n\t\t\t\t\tmargin: auto;\n\t\t\t\t}\n\t\t\t\t#gallery-3 .gallery-item {\n\t\t\t\t\tfloat: left;\n\t\t\t\t\tmargin-top: 10px;\n\t\t\t\t\ttext-align: center;\n\t\t\t\t\twidth: 33%;\n\t\t\t\t}\n\t\t\t\t#gallery-3 img {\n\t\t\t\t\tborder: 2px solid #cfcfcf;\n\t\t\t\t}\n\t\t\t\t#gallery-3 .gallery-caption {\n\t\t\t\t\tmargin-left: 0;\n\t\t\t\t}\n\t\t\t\t\/* see gallery_shortcode() in wp-includes\/media.php *\/\n\t\t\t<\/style>\n\t\t<div id='gallery-3' class='dt-gallery-container gallery galleryid-337564 gallery-columns-3 gallery-size-thumbnail'><dl class='gallery-item'>\n\t\t\t\t<dt class='gallery-icon landscape'>\n\t\t\t\t\t<a class=\"rollover rollover-zoom dt-pswp-item\" title=\"a8247027-2c7f-4076-9fba-6882091aeca5\" data-dt-img-description=\"\" data-large_image_width=\"2000\" data-large_image_height=\"1125\"href='https:\/\/www.radiopiu.net\/wordpress\/wp-content\/uploads\/2023\/05\/a8247027-2c7f-4076-9fba-6882091aeca5.jpg'><img loading=\"lazy\" decoding=\"async\" width=\"150\" height=\"150\" src=\"https:\/\/www.radiopiu.net\/wordpress\/wp-content\/uploads\/2023\/05\/a8247027-2c7f-4076-9fba-6882091aeca5-150x150.jpg\" class=\"attachment-thumbnail size-thumbnail\" alt=\"\" \/><\/a>\n\t\t\t\t<\/dt><\/dl><dl class='gallery-item'>\n\t\t\t\t<dt class='gallery-icon landscape'>\n\t\t\t\t\t<a class=\"rollover rollover-zoom dt-pswp-item\" title=\"8865be34-66a3-4629-8bc5-6305b76757d7\" data-dt-img-description=\"\" data-large_image_width=\"2000\" data-large_image_height=\"1125\"href='https:\/\/www.radiopiu.net\/wordpress\/wp-content\/uploads\/2023\/05\/8865be34-66a3-4629-8bc5-6305b76757d7.jpg'><img loading=\"lazy\" decoding=\"async\" width=\"150\" height=\"150\" src=\"https:\/\/www.radiopiu.net\/wordpress\/wp-content\/uploads\/2023\/05\/8865be34-66a3-4629-8bc5-6305b76757d7-150x150.jpg\" class=\"attachment-thumbnail size-thumbnail\" alt=\"\" \/><\/a>\n\t\t\t\t<\/dt><\/dl><dl class='gallery-item'>\n\t\t\t\t<dt class='gallery-icon portrait'>\n\t\t\t\t\t<a class=\"rollover rollover-zoom dt-pswp-item\" title=\"a6b73137-a803-49a5-9691-38c22009a19b\" data-dt-img-description=\"\" data-large_image_width=\"1125\" data-large_image_height=\"2000\"href='https:\/\/www.radiopiu.net\/wordpress\/wp-content\/uploads\/2023\/05\/a6b73137-a803-49a5-9691-38c22009a19b.jpg'><img loading=\"lazy\" decoding=\"async\" width=\"150\" height=\"150\" src=\"https:\/\/www.radiopiu.net\/wordpress\/wp-content\/uploads\/2023\/05\/a6b73137-a803-49a5-9691-38c22009a19b-150x150.jpg\" class=\"attachment-thumbnail size-thumbnail\" alt=\"\" \/><\/a>\n\t\t\t\t<\/dt><\/dl><br style=\"clear: both\" \/><dl class='gallery-item'>\n\t\t\t\t<dt class='gallery-icon landscape'>\n\t\t\t\t\t<a class=\"rollover rollover-zoom dt-pswp-item\" title=\"b07e7e85-ccfa-4fdb-ad4d-1c7776cd26fe\" data-dt-img-description=\"\" data-large_image_width=\"1024\" data-large_image_height=\"768\"href='https:\/\/www.radiopiu.net\/wordpress\/wp-content\/uploads\/2023\/05\/b07e7e85-ccfa-4fdb-ad4d-1c7776cd26fe.jpg'><img loading=\"lazy\" decoding=\"async\" width=\"150\" height=\"150\" src=\"https:\/\/www.radiopiu.net\/wordpress\/wp-content\/uploads\/2023\/05\/b07e7e85-ccfa-4fdb-ad4d-1c7776cd26fe-150x150.jpg\" class=\"attachment-thumbnail size-thumbnail\" alt=\"\" \/><\/a>\n\t\t\t\t<\/dt><\/dl><dl class='gallery-item'>\n\t\t\t\t<dt class='gallery-icon landscape'>\n\t\t\t\t\t<a class=\"rollover rollover-zoom dt-pswp-item\" title=\"8537ed6f-f9b0-49c6-ae4e-f2d1e8ce51f8\" data-dt-img-description=\"\" data-large_image_width=\"2040\" data-large_image_height=\"1536\"href='https:\/\/www.radiopiu.net\/wordpress\/wp-content\/uploads\/2023\/05\/8537ed6f-f9b0-49c6-ae4e-f2d1e8ce51f8.jpg'><img loading=\"lazy\" decoding=\"async\" width=\"150\" height=\"150\" src=\"https:\/\/www.radiopiu.net\/wordpress\/wp-content\/uploads\/2023\/05\/8537ed6f-f9b0-49c6-ae4e-f2d1e8ce51f8-150x150.jpg\" class=\"attachment-thumbnail size-thumbnail\" alt=\"\" \/><\/a>\n\t\t\t\t<\/dt><\/dl><dl class='gallery-item'>\n\t\t\t\t<dt class='gallery-icon portrait'>\n\t\t\t\t\t<a class=\"rollover rollover-zoom dt-pswp-item\" title=\"2e698faa-b9c7-4e96-8d44-5b7a315ab6fb\" data-dt-img-description=\"\" data-large_image_width=\"1204\" data-large_image_height=\"1600\"href='https:\/\/www.radiopiu.net\/wordpress\/wp-content\/uploads\/2023\/05\/2e698faa-b9c7-4e96-8d44-5b7a315ab6fb.jpg'><img loading=\"lazy\" decoding=\"async\" width=\"150\" height=\"150\" src=\"https:\/\/www.radiopiu.net\/wordpress\/wp-content\/uploads\/2023\/05\/2e698faa-b9c7-4e96-8d44-5b7a315ab6fb-150x150.jpg\" class=\"attachment-thumbnail size-thumbnail\" alt=\"\" \/><\/a>\n\t\t\t\t<\/dt><\/dl><br style=\"clear: both\" \/>\n\t\t\t<\/div>\n\n<p>&nbsp;<\/p>\n<hr \/>\n<p>&nbsp;<\/p>\n<blockquote>\n<h3>IL 6 GIUGNO L&#8217;INAUGURAZIONE DELLA NUOVA SEDE CISL A TAI DI CADORE<\/h3>\n<\/blockquote>\n<p><strong><a class=\"dt-pswp-item\" href=\"https:\/\/www.radiopiu.net\/wordpress\/wp-content\/uploads\/2023\/05\/sede-Cisl-Tai-di-CadoreOK.jpeg\" data-dt-img-description=\"\" data-large_image_width=\"1600\" data-large_image_height=\"900\"><img loading=\"lazy\" decoding=\"async\" class=\" wp-image-337628 alignleft\" src=\"https:\/\/www.radiopiu.net\/wordpress\/wp-content\/uploads\/2023\/05\/sede-Cisl-Tai-di-CadoreOK-300x169.jpeg\" alt=\"\" width=\"186\" height=\"105\" srcset=\"https:\/\/www.radiopiu.net\/wordpress\/wp-content\/uploads\/2023\/05\/sede-Cisl-Tai-di-CadoreOK-300x169.jpeg 300w, https:\/\/www.radiopiu.net\/wordpress\/wp-content\/uploads\/2023\/05\/sede-Cisl-Tai-di-CadoreOK-1024x576.jpeg 1024w, https:\/\/www.radiopiu.net\/wordpress\/wp-content\/uploads\/2023\/05\/sede-Cisl-Tai-di-CadoreOK-768x432.jpeg 768w, https:\/\/www.radiopiu.net\/wordpress\/wp-content\/uploads\/2023\/05\/sede-Cisl-Tai-di-CadoreOK-1536x864.jpeg 1536w, https:\/\/www.radiopiu.net\/wordpress\/wp-content\/uploads\/2023\/05\/sede-Cisl-Tai-di-CadoreOK.jpeg 1600w\" sizes=\"auto, (max-width: 186px) 100vw, 186px\" \/><\/a>BELLUNO<\/strong> Sar\u00e0 inaugurata il prossimo 6 giugno alle 11 la nuova sede della Cisl a Tai di Cadore, in via Coletti 84. Uno spazio moderno e accogliente, di cento metri quadrati, con sei postazioni e parcheggio attiguo agli uffici e nelle immediate vicinanze. Il trasferimento dalla vecchia sede di piazza Tiziano a Pieve alla nuova nella frazione di Tai rappresenta il primo passo di progetto pi\u00f9 ampio di efficientamento e potenziamento di uffici, sedi e servizi Cisl in tutto il territorio cadorino, da Santo Stefano a Cortina, nell\u2019ottica di mantenere e rafforzare il presidio nelle zone montane.<\/p>\n<p>&nbsp;<\/p>\n<hr \/>\n<p>&nbsp;<\/p>\n<p>&nbsp;<\/p>\n<blockquote>\n<h3>IN PREFETTURA IL CONCERTO PER L&#8217;EMILIA<\/h3>\n<\/blockquote>\n<p><strong><img loading=\"lazy\" decoding=\"async\" class=\"alignleft\" src=\"https:\/\/www.radiopiu.net\/wordpress\/wp-content\/uploads\/2023\/05\/dab3034b-6c0d-4af2-8ca4-bb7a0d9bb9a1.jpg\" width=\"217\" height=\"122\" \/>BELLUNO\u00a0<\/strong> Il Lions Club Feltre Castello di Alboino e la Prefettura di Belluno insieme per l&#8217;Emilia Romagna: Palazzo dei Rettori ha ospitato\u00a0 un concerto di beneficenza per raccogliere fondi destinati all&#8217;emergenza emiliana.<\/p>\n<p><strong>DI DANIELE DALVIT<\/strong><\/p>\n<audio class=\"wp-audio-shortcode\" id=\"audio-337564-6\" preload=\"none\" style=\"width: 100%;\" controls=\"controls\"><source type=\"audio\/mpeg\" src=\"https:\/\/www.radiopiu.net\/wordpress\/wp-content\/uploads\/2023\/05\/Radio-Piu-Servizio-Concerto-per-Emilia-Prefettura.mp3?_=6\" \/><a href=\"https:\/\/www.radiopiu.net\/wordpress\/wp-content\/uploads\/2023\/05\/Radio-Piu-Servizio-Concerto-per-Emilia-Prefettura.mp3\">https:\/\/www.radiopiu.net\/wordpress\/wp-content\/uploads\/2023\/05\/Radio-Piu-Servizio-Concerto-per-Emilia-Prefettura.mp3<\/a><\/audio>\n<p>&nbsp;<\/p>\n<hr \/>\n<p>&nbsp;<\/p>\n<blockquote>\n<h3><a class=\"dt-pswp-item\" href=\"https:\/\/www.radiopiu.net\/wordpress\/wp-content\/uploads\/2023\/05\/988a900a-eaca-aa7c-c9fe-94f07bc95303.jpeg\" data-dt-img-description=\"\" data-large_image_width=\"327\" data-large_image_height=\"698\"><img loading=\"lazy\" decoding=\"async\" class=\" wp-image-337638 alignleft\" src=\"https:\/\/www.radiopiu.net\/wordpress\/wp-content\/uploads\/2023\/05\/988a900a-eaca-aa7c-c9fe-94f07bc95303-141x300.jpeg\" alt=\"\" width=\"67\" height=\"143\" srcset=\"https:\/\/www.radiopiu.net\/wordpress\/wp-content\/uploads\/2023\/05\/988a900a-eaca-aa7c-c9fe-94f07bc95303-141x300.jpeg 141w, https:\/\/www.radiopiu.net\/wordpress\/wp-content\/uploads\/2023\/05\/988a900a-eaca-aa7c-c9fe-94f07bc95303.jpeg 327w\" sizes=\"auto, (max-width: 67px) 100vw, 67px\" \/><\/a>NUOVO DIRETTIVO PER LA FILARMONICA DI BELLUNO<\/h3>\n<\/blockquote>\n<p><strong>BELLUNO <\/strong>Il 25 aprile, dopo il tradizionale servizio in occasione dell&#8217;anniversario della Liberazione,\u00a0i soci si sono riuniti per la consueta assemblea annuale e hanno votato una serie di importanti novit\u00e0, prima fra tutte l\u2019elezione di un nuovo Consiglio Direttivo, formato interamente da persone nuove a questo incarico.\u00a0 \u00a0Il presidente uscente Pierangelo Da Gioz, che ha guidato l\u2019associazione nei difficili momenti della pandemia portandola non solo a continuare ma addirittura ad espandere la propria attivit\u00e0, ha ceduto il testimone al nuovo presidente Daniel Creter, musicista della Filarmonica da alcuni anni. Trasferitosi a Belluno nel 2018, \u00e8 entrato fin da subito nelle fila della Filarmonica con il clarinetto basso.<\/p>\n<p>&nbsp;<\/p>\n<p>&nbsp;<\/p>\n<hr \/>\n<p>&nbsp;<\/p>\n<blockquote>\n<h3>QUATTRO PUNTI NEL CONSIGLIO COMUNALE DI AGORDO<\/h3>\n<\/blockquote>\n<p><strong>DI GIANNI SANTOMASO<\/strong><\/p>\n<audio class=\"wp-audio-shortcode\" id=\"audio-337564-7\" preload=\"none\" style=\"width: 100%;\" controls=\"controls\"><source type=\"audio\/mpeg\" src=\"https:\/\/www.radiopiu.net\/wordpress\/wp-content\/uploads\/2023\/05\/agordo-gianni.mp3?_=7\" \/><a href=\"https:\/\/www.radiopiu.net\/wordpress\/wp-content\/uploads\/2023\/05\/agordo-gianni.mp3\">https:\/\/www.radiopiu.net\/wordpress\/wp-content\/uploads\/2023\/05\/agordo-gianni.mp3<\/a><\/audio>\n<p>&nbsp;<\/p>\n<p><img loading=\"lazy\" decoding=\"async\" class=\"alignleft\" src=\"https:\/\/www.radiopiu.net\/wordpress\/wp-content\/uploads\/2022\/12\/MUNICIPIO-AGORDO.png\" width=\"280\" height=\"179\" \/><strong>AGORDO<\/strong> Il sindaco di Agordo Roberto Chissal\u00e8 ha convocato il consiglio comunale per luned\u00ec mattina alle 8. Saranno quattro i punti da discutere nella seduta: Il bilancio 2022 dell&#8217;Azienda Speciale Agordo Servizi e il bilancio preventivo 2023-2025, l&#8217;approvazione dello schema di concessione d&#8217;uso a titolo gratuito degli immobili destinati ad ecocentro e il nuovo regolamento edilizio.<\/p>\n<p>&nbsp;<\/p>\n<p>&nbsp;<\/p>\n<p>&nbsp;<\/p>\n<p>&nbsp;<\/p>\n<hr \/>\n<p>&nbsp;<\/p>\n<blockquote>\n<h3><a class=\"dt-pswp-item\" href=\"https:\/\/www.radiopiu.net\/wordpress\/wp-content\/uploads\/2021\/06\/8554eb80-bb6e-4752-a6d3-57aff91a2903.jpg\" data-dt-img-description=\"\" data-large_image_width=\"768\" data-large_image_height=\"1024\"><img loading=\"lazy\" decoding=\"async\" class=\"wp-image-215003 alignleft\" src=\"https:\/\/www.radiopiu.net\/wordpress\/wp-content\/uploads\/2021\/06\/8554eb80-bb6e-4752-a6d3-57aff91a2903-225x300.jpg\" alt=\"\" width=\"99\" height=\"132\" srcset=\"https:\/\/www.radiopiu.net\/wordpress\/wp-content\/uploads\/2021\/06\/8554eb80-bb6e-4752-a6d3-57aff91a2903-225x300.jpg 225w, https:\/\/www.radiopiu.net\/wordpress\/wp-content\/uploads\/2021\/06\/8554eb80-bb6e-4752-a6d3-57aff91a2903.jpg 768w\" sizes=\"auto, (max-width: 99px) 100vw, 99px\" \/><\/a>UNO SOLTANTO E NESSUNA INTERROGAZIONE<\/h3>\n<\/blockquote>\n<p><strong>ROCCA PIETORE\u00a0<\/strong> Che la minoranza o l&#8217;ex di maggioranza Diana Iraci Borgia non abbiano presentato interrogazioni o mozioni \u00e8 una notizia.<\/p>\n<p>Infatti nel consiglio comunale di lunedi alle 18.30 \u00e8 all&#8217;ordine del giorno un unico punto sull&#8217;approvazione del rendiconto di gestione dell&#8217;esercizio finanziario 2022<\/p>\n<p>&nbsp;<\/p>\n<p>&nbsp;<\/p>\n<hr \/>\n<p>&nbsp;<\/p>\n<blockquote>\n<h3>CONFERMA E PROMOZIONE PER MARILISA LUCHETTA: VICESINDACO, DE PRA ASSESSORE<\/h3>\n<\/blockquote>\n<blockquote>\n<h3><em><img loading=\"lazy\" decoding=\"async\" class=\"alignleft\" src=\"https:\/\/www.radiopiu.net\/wordpress\/wp-content\/uploads\/2022\/12\/foto-Marilisa.jpg\" width=\"153\" height=\"189\" \/>IL GIURAMENTO DI MASSIMO MURER<\/em><\/h3>\n<\/blockquote>\n<p><strong>CANALE D&#8217;AGORDO<\/strong> Dopo il giuramento del sindaco di Cencenighe si prepara ad indossare la fascia tricolore anche Massimo Murer, l&#8217;occasione il consiglio comunale di mercoledi, convocato per le 20 in sala Lina Zando&#8217;. Oltre al giuramento del sindaco saranno comunicati i nomi del vice sindaco, assessore, rappresentanti per L&#8217;unione Montana, Comitato di gemellaggio e Fondazione Papa Luciani.<\/p>\n<p><strong>DI GIANNI SANTOMASO<\/strong><\/p>\n<audio class=\"wp-audio-shortcode\" id=\"audio-337564-8\" preload=\"none\" style=\"width: 100%;\" controls=\"controls\"><source type=\"audio\/mpeg\" src=\"https:\/\/www.radiopiu.net\/wordpress\/wp-content\/uploads\/2023\/05\/canale-gianni.mp3?_=8\" \/><a href=\"https:\/\/www.radiopiu.net\/wordpress\/wp-content\/uploads\/2023\/05\/canale-gianni.mp3\">https:\/\/www.radiopiu.net\/wordpress\/wp-content\/uploads\/2023\/05\/canale-gianni.mp3<\/a><\/audio>\n<p>&nbsp;<\/p>\n<p>&nbsp;<\/p>\n<hr \/>\n<p>&nbsp;<\/p>\n<blockquote>\n<h3>MERCOLEDI IL CONSIGLIO COMUNALE A RIVAMONTE<\/h3>\n<\/blockquote>\n<p><strong>RIVAMONTE<\/strong> Il sindaco di Rivamonte Giovanni Deon ha convocato i consiglieri per mercoled\u00ec alle 18:30 nella sede del Municipio per trattare sei punti all&#8217;ordine del giorno. Si parler\u00e0 del rendiconto 2021 di ASCA, dell&#8217;affidamento del campo di calcio al Rivamonte Calcio, l&#8217;approvazione dello schema di concessione d&#8217;uso a titolo gratuito degli immobili destinati ad ecocentro e una variazione a bilancio<\/p>\n<p>&nbsp;<\/p>\n<hr \/>\n<p>&nbsp;<\/p>\n<blockquote>\n<h3>WALKZONE PER LA PRIMA VOLTA A BELLUNO<\/h3>\n<\/blockquote>\n<p><strong>BELLUNO<\/strong> L\u2019appuntamento con la camminata silenziosa \u00e8 per domenica 25 giugno in centro storico. Dopo il successo del primo appuntamento di Yoga al parco, che\u00a0 ha radunato 80 persone nell\u2019area verde di Lambioi, la nuova iniziativa punta a diffondere la consapevolezza sui benefici della camminata, per tutte le fasce d\u2019et\u00e0 portando per la prima volta a Belluno un format ideato nel 2008 da Daniele Canestri.<\/p>\n<p><strong>L&#8217;ASSESSORE MONICA MAZZOCCOLI<\/strong><\/p>\n<p><iframe loading=\"lazy\" title=\"IMG 5639\" width=\"1200\" height=\"675\" src=\"https:\/\/www.youtube.com\/embed\/kPS_lXQZnnk?feature=oembed\" frameborder=\"0\" allow=\"accelerometer; autoplay; clipboard-write; encrypted-media; gyroscope; picture-in-picture; web-share\" allowfullscreen><\/iframe><\/p>\n<p>&nbsp;<\/p>\n<p>&nbsp;<\/p>\n<hr \/>\n<p>&nbsp;<\/p>\n<blockquote>\n<h3>A BELLUNO LA CAMPAGNA CONTRO IL FUMO DELLA LILT<\/h3>\n<\/blockquote>\n<p><strong><a class=\"dt-pswp-item\" href=\"https:\/\/www.radiopiu.net\/wordpress\/wp-content\/uploads\/2023\/01\/SIGARETTA.png\" data-dt-img-description=\"\" data-large_image_width=\"1620\" data-large_image_height=\"1068\"><img loading=\"lazy\" decoding=\"async\" class=\" wp-image-319122 alignleft\" src=\"https:\/\/www.radiopiu.net\/wordpress\/wp-content\/uploads\/2023\/01\/SIGARETTA-300x198.png\" alt=\"\" width=\"133\" height=\"88\" srcset=\"https:\/\/www.radiopiu.net\/wordpress\/wp-content\/uploads\/2023\/01\/SIGARETTA-300x198.png 300w, https:\/\/www.radiopiu.net\/wordpress\/wp-content\/uploads\/2023\/01\/SIGARETTA-1024x675.png 1024w, https:\/\/www.radiopiu.net\/wordpress\/wp-content\/uploads\/2023\/01\/SIGARETTA-768x506.png 768w, https:\/\/www.radiopiu.net\/wordpress\/wp-content\/uploads\/2023\/01\/SIGARETTA-1536x1013.png 1536w, https:\/\/www.radiopiu.net\/wordpress\/wp-content\/uploads\/2023\/01\/SIGARETTA.png 1620w\" sizes=\"auto, (max-width: 133px) 100vw, 133px\" \/><\/a>BELLUNO <\/strong>Lilt (Lega italiana per la lotta contro i tumori) sezione di Belluno, nell\u2019ambito delle attivit\u00e0 di prevenzione e informazione congiunte con l\u2019Ulss1 Dolomiti (Pneumologia e Ser.d), promuove \u2013 in occasione della Giornata mondiale senza tabacco \u2013 la campagna \u201cIl respiro \u00e8 vita. Dai vita al tuo respiro!\u201d con il patrocinio del Comune di Belluno. Oggi, dalle 9 alle 12 in Piazza dei Martiri a Belluno, verranno offerti dei servizi gratuiti nella logica di tenere monitorata la salute delle persone e invitarle a smettere di fumare<\/p>\n<p>L\u2019Ulss 1 Dolomiti, in collaborazione con LILT, sar\u00e0 presente oggi in piazza Martiri per celebrare la giornata mondiale senza tabacco. Personale medico della Pneumologia di Belluno e operatori del Ser.D. saranno a disposizione per sensibilizzare la comunit\u00e0 sull\u2019importanza della prevenzione oncologica e una corretta educazione sanitaria per uno stile di vita libero dal fumo. A richiesta verranno eseguite misurazione del respiro (SPIROMETRIA) e del monossido di carbonio nel respiro dei fumatori. Chi avesse bisogno di ulteriori informazioni, pu\u00f2 contattare il numero S.O.S fumo dedicato: 348 10 29 013<\/p>\n<p>&nbsp;<\/p>\n<p>&nbsp;<\/p>\n<hr \/>\n<p>&nbsp;<\/p>\n<blockquote>\n<h3 align=\"CENTER\"><span style=\"font-family: Calibri, serif;\"><span style=\"font-size: medium;\"><b>GIORNATA DEL SOLLIEVO: punti informativi con le Cure Palliative e il Volontariato<\/b><\/span><\/span><\/h3>\n<\/blockquote>\n<p><span style=\"font-family: Calibri, serif;\"><span style=\"font-size: medium;\"><strong>BELLUNO<\/strong> In occasione della Giornata del Sollievo, per sensibilizzare la cittadinanza sul tema del sollievo dal dolore e far conoscere l\u2019attivit\u00e0 delle Cure Palliative, l\u2019Ulss Dolomiti, in collaborazione con le Associazioni di Volontariato, allestir\u00e0 dei punti informativi in alcune piazze della provincia. <\/span><\/span><span style=\"font-family: Calibri, serif;\"><span style=\"font-size: medium;\">Gli operatori della Cure Palliative, insieme ai Volontari delle Associazioni Cucchini (Bellunese), Mano Amica (Feltrino) e Pettirosso (Agordino) saranno: <\/span><\/span><span style=\"font-family: Calibri, serif;\"><span style=\"font-size: medium;\"><b>Feltre<\/b><\/span><\/span><span style=\"font-family: Calibri, serif;\"><span style=\"font-size: medium;\">: atrio dell\u2019Ospedale Santa Maria del Prato venerd\u00ec 26 maggio dalle 10:00 alle 12.30 e dalle 15:00 alle 17:30 <\/span><\/span><span style=\"font-family: Calibri, serif;\"><span style=\"font-size: medium;\"><b>Belluno<\/b><\/span><\/span><span style=\"font-family: Calibri, serif;\"><span style=\"font-size: medium;\">: Piazza dei Martiri e in piazza Vittime di via Fani (Cavarzano) il 27 e 28 maggio dalle 8.30 alle 13.00 <\/span><\/span><span style=\"font-family: Calibri, serif;\"><span style=\"font-size: medium;\"><b>Agordino<\/b><\/span><\/span><span style=\"font-family: Calibri, serif;\"><span style=\"font-size: medium;\">: nelle piazze di: <\/span><\/span><span style=\"font-family: Calibri, serif;\"><span style=\"font-size: medium;\">Agordo sabato 27 maggio 8.30 &#8211; 12.30 <\/span><\/span><span style=\"font-size: medium; font-family: Calibri, serif;\">Cencenighe sabato 27 maggio 8.30 &#8211; 12.00 <\/span><span style=\"font-family: Calibri, serif;\"><span style=\"font-size: medium;\">Caviola sabato 27 maggio 17.30 &#8211; 19.30 <\/span><\/span><span style=\"font-family: Calibri, serif;\"><span style=\"font-size: medium;\">Alleghe domenica 29 maggio 9.00 &#8211; 12.30\u00a0 <\/span><\/span><span style=\"font-family: Calibri, serif;\"><span style=\"font-size: medium;\"><b>Borgo Valbelluna<\/b><\/span><\/span><span style=\"font-family: Calibri, serif;\"><span style=\"font-size: medium;\">: Piazza Papa Luciani luned\u00ec 29 maggio dalle 9.00 alle 13.00\u00a0\u00a0<\/span><\/span><\/p>\n<p>&nbsp;<\/p>\n<hr \/>\n<p>&nbsp;<\/p>\n<blockquote>\n<h3>IERI A CIMA GRAPPA L&#8217;INTESA PER 25 COMUNI<\/h3>\n<\/blockquote>\n<p><a class=\"dt-pswp-item\" href=\"https:\/\/www.radiopiu.net\/wordpress\/wp-content\/uploads\/2023\/05\/grappa.jpg\" data-dt-img-description=\"\" data-large_image_width=\"1329\" data-large_image_height=\"700\"><img loading=\"lazy\" decoding=\"async\" class=\"size-medium wp-image-337691 alignleft\" src=\"https:\/\/www.radiopiu.net\/wordpress\/wp-content\/uploads\/2023\/05\/grappa-300x158.jpg\" alt=\"\" width=\"300\" height=\"158\" srcset=\"https:\/\/www.radiopiu.net\/wordpress\/wp-content\/uploads\/2023\/05\/grappa-300x158.jpg 300w, https:\/\/www.radiopiu.net\/wordpress\/wp-content\/uploads\/2023\/05\/grappa-1024x539.jpg 1024w, https:\/\/www.radiopiu.net\/wordpress\/wp-content\/uploads\/2023\/05\/grappa-768x405.jpg 768w, https:\/\/www.radiopiu.net\/wordpress\/wp-content\/uploads\/2023\/05\/grappa.jpg 1329w\" sizes=\"auto, (max-width: 300px) 100vw, 300px\" \/><\/a>Si \u00e8 celebrata sulla Cima del Monte Grappa la sottoscrizione dell\u2019intesa tra le Aziende ULSS 2 Marca Trevigiana (con il ruolo di Capofila), ULSS 1 Dolomiti, ULSS 7 Pedemontana e l\u2019Associazione Medici per l\u2019Ambiente ISDE Italia ODV per la promozione e lo sviluppo di azioni congiunte all\u2019interno del tavolo tematico \u201cNatura &amp; Salute\u201d della Riserva della Biosfera MAB UNESCO \u201cMonte Grappa\u201d. L\u2019impegno del Servizio Sanitario, a firma dei Direttori dei Dipartimenti di Prevenzione delle 3 ULSS indicate, \u00e8 quello di essere garanti di un approccio integrato all\u2019attuazione delle politiche di intervento, nell\u2019ottica One Health e nella prospettiva \u201csalutogenica\u201d.<\/p>\n<p>&nbsp;<\/p>\n<p>&nbsp;<\/p>\n<hr \/>\n<p>&nbsp;<\/p>\n<p><a class=\"dt-pswp-item\" href=\"https:\/\/www.radiopiu.net\/wordpress\/wp-content\/uploads\/2023\/05\/07b370aa-6c88-4a9c-929f-e4e6e20e615b.jpg\" data-dt-img-description=\"\" data-large_image_width=\"832\" data-large_image_height=\"1024\"><img loading=\"lazy\" decoding=\"async\" class=\"size-medium wp-image-337511 aligncenter\" src=\"https:\/\/www.radiopiu.net\/wordpress\/wp-content\/uploads\/2023\/05\/07b370aa-6c88-4a9c-929f-e4e6e20e615b-244x300.jpg\" alt=\"\" width=\"244\" height=\"300\" srcset=\"https:\/\/www.radiopiu.net\/wordpress\/wp-content\/uploads\/2023\/05\/07b370aa-6c88-4a9c-929f-e4e6e20e615b-244x300.jpg 244w, https:\/\/www.radiopiu.net\/wordpress\/wp-content\/uploads\/2023\/05\/07b370aa-6c88-4a9c-929f-e4e6e20e615b-768x945.jpg 768w, https:\/\/www.radiopiu.net\/wordpress\/wp-content\/uploads\/2023\/05\/07b370aa-6c88-4a9c-929f-e4e6e20e615b.jpg 832w\" sizes=\"auto, (max-width: 244px) 100vw, 244px\" \/><\/a><\/p>\n<blockquote>\n<h3>TORNA IL &#8220;MINIERE SUNSET&#8221; NELL&#8217;ESTATE DEL CAFFE&#8217; MINIERE DI AGORDO<\/h3>\n<\/blockquote>\n<p><strong><a class=\"dt-pswp-item\" href=\"https:\/\/www.radiopiu.net\/wordpress\/wp-content\/uploads\/2023\/05\/SCR-20230525-kofy.jpeg\" data-dt-img-description=\"\" data-large_image_width=\"1166\" data-large_image_height=\"646\"><img loading=\"lazy\" decoding=\"async\" class=\" wp-image-337439 alignleft\" src=\"https:\/\/www.radiopiu.net\/wordpress\/wp-content\/uploads\/2023\/05\/SCR-20230525-kofy-300x166.jpeg\" alt=\"\" width=\"154\" height=\"85\" srcset=\"https:\/\/www.radiopiu.net\/wordpress\/wp-content\/uploads\/2023\/05\/SCR-20230525-kofy-300x166.jpeg 300w, https:\/\/www.radiopiu.net\/wordpress\/wp-content\/uploads\/2023\/05\/SCR-20230525-kofy-1024x567.jpeg 1024w, https:\/\/www.radiopiu.net\/wordpress\/wp-content\/uploads\/2023\/05\/SCR-20230525-kofy-768x425.jpeg 768w, https:\/\/www.radiopiu.net\/wordpress\/wp-content\/uploads\/2023\/05\/SCR-20230525-kofy.jpeg 1166w\" sizes=\"auto, (max-width: 154px) 100vw, 154px\" \/><\/a>AGORDO<\/strong> Si torna a ballare nell&#8217;estate 2023. Il Caff\u00e8 Miniere di Agordo organizza il &#8220;Miniere Sunset&#8221;, un appuntamento a cadenza mensile con cocktail bar e DJ Set dalle 18 alle 24. Tre mercoled\u00ec di festa. Il 14 giugno con DJ Jack &amp; RDJ, il 19 luglio e il 30 agosto con Morgan &amp; Battaglia DJ&#8217;s. Tutte le serate saranno in diretta su Radio Pi\u00f9 con ospiti a sorpresa.<\/p>\n<p>&nbsp;<\/p>\n<p>&nbsp;<\/p>\n<hr \/>\n<p>&nbsp;<\/p>\n<blockquote>\n<h3><a class=\"dt-pswp-item\" href=\"https:\/\/www.radiopiu.net\/wordpress\/wp-content\/uploads\/2021\/06\/ebe0e140-b21f-4a97-a898-717eb7fd126f.jpg\" data-dt-img-description=\"\" data-large_image_width=\"2000\" data-large_image_height=\"1500\"><img loading=\"lazy\" decoding=\"async\" class=\" wp-image-215869 alignleft\" src=\"https:\/\/www.radiopiu.net\/wordpress\/wp-content\/uploads\/2021\/06\/ebe0e140-b21f-4a97-a898-717eb7fd126f-300x225.jpg\" alt=\"\" width=\"241\" height=\"181\" srcset=\"https:\/\/www.radiopiu.net\/wordpress\/wp-content\/uploads\/2021\/06\/ebe0e140-b21f-4a97-a898-717eb7fd126f-300x225.jpg 300w, https:\/\/www.radiopiu.net\/wordpress\/wp-content\/uploads\/2021\/06\/ebe0e140-b21f-4a97-a898-717eb7fd126f-1024x768.jpg 1024w, https:\/\/www.radiopiu.net\/wordpress\/wp-content\/uploads\/2021\/06\/ebe0e140-b21f-4a97-a898-717eb7fd126f-768x576.jpg 768w, https:\/\/www.radiopiu.net\/wordpress\/wp-content\/uploads\/2021\/06\/ebe0e140-b21f-4a97-a898-717eb7fd126f-1536x1152.jpg 1536w, https:\/\/www.radiopiu.net\/wordpress\/wp-content\/uploads\/2021\/06\/ebe0e140-b21f-4a97-a898-717eb7fd126f.jpg 2000w\" sizes=\"auto, (max-width: 241px) 100vw, 241px\" \/><\/a>SANT&#8217;ANTONIO&#8230; LA SAGRA A RIVAMONTE!<\/h3>\n<\/blockquote>\n<p><strong>VENERDI 9 GIUGNO<\/strong> ALLE 17 APERTURA TENDONE, SERATA BAVARESE CON LA SPRITZ BAND; <strong>SABATO 10<\/strong> DALLE 17 DJ MORGAN E BATTAGLIA, AL CHIOSCO FANTASIOSI COCKTAIL. IN SERATA LA MUSICA DI WILMER, GNOCH CO LA POINA E ALTRE SPECIALITA&#8217;, DALLA MEZZANOTTE DJ MORGAN A BATTAGLIA.<strong> DOMENICA 11<\/strong> IL TENDONE APRE ALLE 9, ALLE 10 LA CORSA PODISTICA RIVARON, DALLE 12 SI MANGIA, POMERIGGIO CON DJ BISSO E IN SERATA L&#8217;ORCHESTRA PIERETTE ENSAMBLE. PER I BIMBI LA NOVITA&#8217; BUBBLE TEA. <strong>LUNEDI SERA<\/strong> IL TENDONE APRE ALLE 17, IN SERATA SI BALLA CON EROS E KARIN.<strong> MARTEDI 13<\/strong> IL GIORNO SI SANT&#8217;ANTONIO, UNA LUNGA GIORNATA DI FESTA CON IL BALLO FINALE DELLA TUA IDEA. SANT&#8217;ANTONIO, LA SAGRA, CON LA PROLOCO DI RIVAMONTE.<\/p>\n<p>&nbsp;<\/p>\n<hr \/>\n<p>&nbsp;<\/p>\n<div class=\"page-title-head hgroup\">\n<blockquote>\n<h3 class=\"entry-title\">2-4 GIUGNO! AD ALLEGHE RITORNA IL MERCATINO SUL LUNGOLAGO<\/h3>\n<\/blockquote>\n<\/div>\n<div class=\"page-title-breadcrumbs\">\n<p><a class=\"dt-pswp-item\" href=\"https:\/\/www.radiopiu.net\/wordpress\/wp-content\/uploads\/2023\/05\/download-2.jpg\" data-dt-img-description=\"\" data-large_image_width=\"1009\" data-large_image_height=\"1024\"><img loading=\"lazy\" decoding=\"async\" class=\" wp-image-337551 alignleft\" src=\"https:\/\/www.radiopiu.net\/wordpress\/wp-content\/uploads\/2023\/05\/download-2-296x300.jpg\" alt=\"\" width=\"249\" height=\"252\" srcset=\"https:\/\/www.radiopiu.net\/wordpress\/wp-content\/uploads\/2023\/05\/download-2-296x300.jpg 296w, https:\/\/www.radiopiu.net\/wordpress\/wp-content\/uploads\/2023\/05\/download-2-768x779.jpg 768w, https:\/\/www.radiopiu.net\/wordpress\/wp-content\/uploads\/2023\/05\/download-2.jpg 1009w\" sizes=\"auto, (max-width: 249px) 100vw, 249px\" \/><\/a><strong>ALLEGHE<\/strong> Siete pronti a vivere una primavera ricca di arte, sapori e divertimento? Allora segnatevi questa data: da venerd\u00ec 2 a domenica 4 giugno, sul lungolago di Alleghe, arriva il Mercatino di Primavera! \u00a0Il Mercatino di Primavera vi aspetta con un&#8217;esplosione di gusti irresistibili! Siete pronti a soddisfare le vostre papille gustative?\u00a0 Assolutamente, perch\u00e9 al Mercatino di Primavera troverete una variet\u00e0 di prelibatezze che vi faranno venire l&#8217;acquolina in bocca. Fritture di pesce fresco, per i buongustai amanti del mare. E che dire della famosa porchetta di Ariccia? Un&#8217;esplosione di sapori tradizionali. : se siete amanti dei salumi e dei formaggi, non rimarrete delusi!\u00a0 non dimentichiamo le olive, i taralli e la gastronomia siciliana, autentici tesori culinari che vi faranno viaggiare attraverso le tradizioni del nostro Paese. e per deliziarzi il dolce finale con frittelle e caramelle artigianali. dal 2 al 4 giugno, ad Alleghe, sul lungolago, godetevi il Mercatino di Primavera con arte e sapori unici.<\/p>\n<\/div>\n<p>&nbsp;<\/p>\n<p>&nbsp;<\/p>\n<hr \/>\n<p>&nbsp;<\/p>\n<h2><span style=\"color: #800080;\">IERI ALLA RADIO<\/span><\/h2>\n<h2><span style=\"color: #008080;\">&#8220;DINTORN E FORA VIA&#8221;\u00a0<\/span><span style=\"color: #008080;\"> IL PROGRAMMA\u00a0 <\/span><span style=\"color: #008080;\">A CURA DEL MUSLA\u00a0\u00a0<\/span><\/h2>\n<p><strong><a class=\"dt-pswp-item\" href=\"https:\/\/www.radiopiu.net\/wordpress\/wp-content\/uploads\/2023\/04\/322100301_516815977090762_8285095125123579123_n.jpg\" data-dt-img-description=\"\" data-large_image_width=\"640\" data-large_image_height=\"640\"><img loading=\"lazy\" decoding=\"async\" class=\" wp-image-331476 alignleft\" src=\"https:\/\/www.radiopiu.net\/wordpress\/wp-content\/uploads\/2023\/04\/322100301_516815977090762_8285095125123579123_n-300x300.jpg\" alt=\"\" width=\"145\" height=\"145\" srcset=\"https:\/\/www.radiopiu.net\/wordpress\/wp-content\/uploads\/2023\/04\/322100301_516815977090762_8285095125123579123_n-300x300.jpg 300w, https:\/\/www.radiopiu.net\/wordpress\/wp-content\/uploads\/2023\/04\/322100301_516815977090762_8285095125123579123_n-150x150.jpg 150w, https:\/\/www.radiopiu.net\/wordpress\/wp-content\/uploads\/2023\/04\/322100301_516815977090762_8285095125123579123_n.jpg 640w\" sizes=\"auto, (max-width: 145px) 100vw, 145px\" \/><\/a>PUNTATA 26 MAGGIO ELEONORA TROI<\/strong><\/p>\n<audio class=\"wp-audio-shortcode\" id=\"audio-337564-9\" preload=\"none\" style=\"width: 100%;\" controls=\"controls\"><source type=\"audio\/mpeg\" src=\"https:\/\/www.radiopiu.net\/wordpress\/wp-content\/uploads\/2023\/05\/MUSLA-6.mp3?_=9\" \/><a href=\"https:\/\/www.radiopiu.net\/wordpress\/wp-content\/uploads\/2023\/05\/MUSLA-6.mp3\">https:\/\/www.radiopiu.net\/wordpress\/wp-content\/uploads\/2023\/05\/MUSLA-6.mp3<\/a><\/audio>\n<p><strong>\u00a0<\/strong><\/p>\n<p><strong>LA RACCOLTA COMPLETA<\/strong><\/p>\n<blockquote class=\"wp-embedded-content\" data-secret=\"3Vt33ZpYUq\"><p><a href=\"https:\/\/www.radiopiu.net\/wordpress\/musla\/\">MUSLA<\/a><\/p><\/blockquote>\n<p><iframe loading=\"lazy\" class=\"wp-embedded-content\" sandbox=\"allow-scripts\" security=\"restricted\" style=\"position: absolute; clip: rect(1px, 1px, 1px, 1px);\" title=\"&#8220;MUSLA&#8221; &#8212; Radio Pi\u00f9\" src=\"https:\/\/www.radiopiu.net\/wordpress\/musla\/embed\/#?secret=kjnNWczY1Z#?secret=3Vt33ZpYUq\" data-secret=\"3Vt33ZpYUq\" width=\"600\" height=\"338\" frameborder=\"0\" marginwidth=\"0\" marginheight=\"0\" scrolling=\"no\"><\/iframe><\/p>\n<p>&nbsp;<\/p>\n<h2><strong><a class=\"dt-pswp-item\" href=\"https:\/\/www.radiopiu.net\/wordpress\/wp-content\/uploads\/2023\/02\/giacomo-bressan.png\" data-dt-img-description=\"\" data-large_image_width=\"622\" data-large_image_height=\"430\"><img loading=\"lazy\" decoding=\"async\" class=\" wp-image-324033 alignleft\" src=\"https:\/\/www.radiopiu.net\/wordpress\/wp-content\/uploads\/2023\/02\/giacomo-bressan-300x207.png\" alt=\"\" width=\"151\" height=\"104\" srcset=\"https:\/\/www.radiopiu.net\/wordpress\/wp-content\/uploads\/2023\/02\/giacomo-bressan-300x207.png 300w, https:\/\/www.radiopiu.net\/wordpress\/wp-content\/uploads\/2023\/02\/giacomo-bressan.png 622w\" sizes=\"auto, (max-width: 151px) 100vw, 151px\" \/><\/a><span style=\"color: #ff6600;\">LA SAGRA DI SANT&#8217;ANTONIO A RIVAMONTE CON GIACOMO BRESSAN, PRESIDENTE DELLA PRO LOCO <\/span><\/strong><\/h2>\n<p><strong>di Mirko Mezzacasa<\/strong><\/p>\n<p>OSPITE: Giacomo Bressan, presidente della Pro Loco Rivamonte<\/p>\n<audio class=\"wp-audio-shortcode\" id=\"audio-337564-10\" preload=\"none\" style=\"width: 100%;\" controls=\"controls\"><source type=\"audio\/mpeg\" src=\"https:\/\/www.radiopiu.net\/wordpress\/wp-content\/uploads\/2023\/05\/giacomo-bressan-proloco-rivamonte-sanantosnio-1.mp3?_=10\" \/><a href=\"https:\/\/www.radiopiu.net\/wordpress\/wp-content\/uploads\/2023\/05\/giacomo-bressan-proloco-rivamonte-sanantosnio-1.mp3\">https:\/\/www.radiopiu.net\/wordpress\/wp-content\/uploads\/2023\/05\/giacomo-bressan-proloco-rivamonte-sanantosnio-1.mp3<\/a><\/audio>\n<p>&nbsp;<\/p>\n<p>&nbsp;<\/p>\n<hr \/>\n<p>&nbsp;<\/p>\n<h2><span style=\"color: #ff0000;\">GLI APPUNTAMENTI DEL FINE SETTIMANA<\/span><\/h2>\n<p>&nbsp;<\/p>\n<blockquote>\n<h3>DAS MAGISCHE AUGE, IL RECITAL<\/h3>\n<\/blockquote>\n<p><strong>LENTIAI<\/strong> Oggi alle ore 20.30 alla Societ\u00e0 Operaia di Mutuo Soccorso \u201cFelice Cavallotti\u201d di Lentiai, si svolger\u00e0 un recital poetico-musicale a cura del poeta e musicista bellunese Gianni Carlin; si tratta di un adattamento e recitazione del poema \u201cDas Magische Auge\u201d di Claudio Giuseppe De Don\u00e0<\/p>\n<p>&nbsp;<\/p>\n<hr \/>\n<p>&nbsp;<\/p>\n<blockquote>\n<h3>30+1 CIFRE CHE RACCONTANO L&#8217;ITALIA<\/h3>\n<\/blockquote>\n<p><strong>BORGO VALBELLUNA\u00a0<\/strong> Il libro \u00e8 stato scritto in 30 + 1 mesi a due mani dal trichianese Simone Gasperin e da Guendalina Anzolin. La prima presentazione Oggi alle\u00a0 20,30 al palazzo Tina Merlin di Trichiana di Borgo Valbelluna. L\u2019iniziativa, promossa dall\u2019Associazione Le Fregole in collaborazione con la Biblioteca di Trichiana, ha il patrocinio del Comune di Borgo Valbelluna.<\/p>\n<p>&nbsp;<\/p>\n<hr \/>\n<p>&nbsp;<\/p>\n<blockquote>\n<h3>IL RITORNO DI LUNGARDO IN FEST<\/h3>\n<\/blockquote>\n<p><strong>BELLUNO<\/strong>\u00a0 Lungardo In Fest \u00e8 la festa della Cooperativa Societ\u00e0 Nuova. L&#8217;appuntamento \u00e8 per oggi\u00a0 presso la sede di via Lungardo. Per maggiori informazioni\u00a0 Facebook: cooperativasocietanuova. Programma, dalle 11 frasca , dj set, pesca di beneficenza, gonfiabili per i bambini. Dalle 20:00 musica dal vivo con\u00a0 gli Sklero Zero e i Maci&#8217;s Mobile<\/p>\n<p>&nbsp;<\/p>\n<p>&nbsp;<\/p>\n<hr \/>\n<p>&nbsp;<\/p>\n<blockquote>\n<h3>LA MISSIONE DI PACE IN AFGHANISTAN<\/h3>\n<\/blockquote>\n<p><strong>BELLUNO <\/strong>La missione di pace dei militari italiani in Afghanistan raccontata dal\u00a0 generale di corpo d\u2019armata Carmelo Burgio, oggi alle 18 a Palazzo Fulcis. Saranno la pace e l\u2019attivit\u00e0 dei militari italiani nei luoghi martoriati dai conflitti, ma anche il racconto di esperienze umane e professionali da parte di chi le ha vissute in prima persona, i temi al centro dell\u2019incontro organizzato dal Comune e aperto a tutti.<\/p>\n<p>&nbsp;<\/p>\n<p>&nbsp;<\/p>\n<hr \/>\n<p>&nbsp;<\/p>\n<blockquote>\n<h3>FOLKLOR JALPE&#8217; DE LA MARMOLEDA<\/h3>\n<\/blockquote>\n<p><strong><a class=\"dt-pswp-item\" href=\"https:\/\/www.radiopiu.net\/wordpress\/wp-content\/uploads\/2023\/05\/7706e5f5-3112-441b-9cd0-f5e34015bdca.jpg\" data-dt-img-description=\"\" data-large_image_width=\"1080\" data-large_image_height=\"1547\"><img loading=\"lazy\" decoding=\"async\" class=\"size-medium wp-image-337472 alignleft\" src=\"https:\/\/www.radiopiu.net\/wordpress\/wp-content\/uploads\/2023\/05\/7706e5f5-3112-441b-9cd0-f5e34015bdca-209x300.jpg\" alt=\"\" width=\"209\" height=\"300\" srcset=\"https:\/\/www.radiopiu.net\/wordpress\/wp-content\/uploads\/2023\/05\/7706e5f5-3112-441b-9cd0-f5e34015bdca-209x300.jpg 209w, https:\/\/www.radiopiu.net\/wordpress\/wp-content\/uploads\/2023\/05\/7706e5f5-3112-441b-9cd0-f5e34015bdca-715x1024.jpg 715w, https:\/\/www.radiopiu.net\/wordpress\/wp-content\/uploads\/2023\/05\/7706e5f5-3112-441b-9cd0-f5e34015bdca-768x1100.jpg 768w, https:\/\/www.radiopiu.net\/wordpress\/wp-content\/uploads\/2023\/05\/7706e5f5-3112-441b-9cd0-f5e34015bdca-1072x1536.jpg 1072w, https:\/\/www.radiopiu.net\/wordpress\/wp-content\/uploads\/2023\/05\/7706e5f5-3112-441b-9cd0-f5e34015bdca.jpg 1080w\" sizes=\"auto, (max-width: 209px) 100vw, 209px\" \/><\/a>ROCCA PIETORE<\/strong> \u00c8 in programma\u00a0 fino a domani l&#8217;edizione 2023 di Folklor Jalp\u00e8 De La Marmoleda. Sotto al tendone riscaldato in localit\u00e0 Bosco Verde a Rocca Pietore tra cucina tipica e balli con le band tirolesi. Domenica 28, nel pomeriggio, la sfilata dei gruppi folk<\/p>\n<p>IL SINDACO ANDREA DE BERNARDIN<\/p>\n<blockquote><p>Festa grande a Rocca Pietore. L&#8217;occasione sono i 30 anni del Gruppo Folkloristico Marmoleda nato quindi nel 1993. La prima edizione della festa venne organizzata nel 1997 e fino al 2007 divenne uno dei pi\u00f9 importanti raduni folkloristici delle Dolomiti. Poi il gruppo ebbe qualche problema di organizzazione e venne sospesa per alcuni anni. Il ricambio generazionale che il gruppo folk di Rocca Pietore \u00e8 riuscito ad avere ha fatto si che nell&#8217;autunno del 2018 la festa riprese. Poi la pandemia la fece nuovamente sospendere ma ora torna con tutto il suo carico di allegria e Folklore. Alcuni dei pi\u00f9 bei gruppi dolomitici si esibiranno sul palco domenica e questo \u00e8 sicuramente appuntamento da non perdere. Ma sono certo che anche venerd\u00ec e sabato saranno attrattivi con la scaletta prevista. Auguro davvero agli organizzatori di fare una bella festa e soprattutto di divertirsi. Per Rocca \u00e8 anche di buon auspicio per tornare a vivere con tranquillit\u00e0 dopo i noti eventi causati dalla tempesta Vaia.<\/p><\/blockquote>\n<p>&nbsp;<\/p>\n<hr \/>\n<p>&nbsp;<\/p>\n<p>&nbsp;<\/p>\n<blockquote>\n<h3><a class=\"dt-pswp-item\" href=\"https:\/\/www.radiopiu.net\/wordpress\/wp-content\/uploads\/2023\/05\/Senza-nome-71.jpg\" data-dt-img-description=\"\" data-large_image_width=\"178\" data-large_image_height=\"99\"><img loading=\"lazy\" decoding=\"async\" class=\"size-full wp-image-337323 alignleft\" src=\"https:\/\/www.radiopiu.net\/wordpress\/wp-content\/uploads\/2023\/05\/Senza-nome-71.jpg\" alt=\"\" width=\"178\" height=\"99\" \/><\/a>WILD DOLOMITES AL PALAFALCADE CON GLI STUDENTI DEL FOLLADOR-DE ROSSI<\/h3>\n<\/blockquote>\n<p><strong>LO SPOT ALLA RADIO<\/strong><\/p>\n<audio class=\"wp-audio-shortcode\" id=\"audio-337564-11\" preload=\"none\" style=\"width: 100%;\" controls=\"controls\"><source type=\"audio\/mpeg\" src=\"https:\/\/www.radiopiu.net\/wordpress\/wp-content\/uploads\/2023\/05\/wild-dolomites-c.mp3?_=11\" \/><a href=\"https:\/\/www.radiopiu.net\/wordpress\/wp-content\/uploads\/2023\/05\/wild-dolomites-c.mp3\">https:\/\/www.radiopiu.net\/wordpress\/wp-content\/uploads\/2023\/05\/wild-dolomites-c.mp3<\/a><\/audio>\n<p>&nbsp;<\/p>\n<p>&nbsp;<\/p>\n<hr \/>\n<p>&nbsp;<\/p>\n<blockquote>\n<h3>\u00a0IL CENTRO ESTIVO, AD AGORDO<\/h3>\n<\/blockquote>\n<p><strong>RENDILO FACILE,<\/strong> Nuovo progetto\u2026 per i ragazzi delle medie: Centro Estivo Alternativo con laboratori creativi ed esperienziali per far capire ad adulti e ragazzi che stare insieme crea dipendenza Per informazioni ed iscrizioni contattare Gloria o Giada.\u00a0 Il centro apre dal 3 al 31 luglio, dal lunedi al venerdi\u00a0 dalle 10 alle 17.30. Per il centro estivo superiori: dal 3 al 31 luglio dalle 12 alle 17.30, dal lunedi al venerdi.<\/p>\n\n\t\t\t<style type='text\/css'>\n\t\t\t\t#gallery-4 {\n\t\t\t\t\tmargin: auto;\n\t\t\t\t}\n\t\t\t\t#gallery-4 .gallery-item {\n\t\t\t\t\tfloat: left;\n\t\t\t\t\tmargin-top: 10px;\n\t\t\t\t\ttext-align: center;\n\t\t\t\t\twidth: 50%;\n\t\t\t\t}\n\t\t\t\t#gallery-4 img {\n\t\t\t\t\tborder: 2px solid #cfcfcf;\n\t\t\t\t}\n\t\t\t\t#gallery-4 .gallery-caption {\n\t\t\t\t\tmargin-left: 0;\n\t\t\t\t}\n\t\t\t\t\/* see gallery_shortcode() in wp-includes\/media.php *\/\n\t\t\t<\/style>\n\t\t<div id='gallery-4' class='dt-gallery-container gallery galleryid-337564 gallery-columns-2 gallery-size-thumbnail'><dl class='gallery-item'>\n\t\t\t\t<dt class='gallery-icon landscape'>\n\t\t\t\t\t<a class=\"rollover rollover-zoom dt-pswp-item\" title=\"download\" data-dt-img-description=\"\" data-large_image_width=\"640\" data-large_image_height=\"640\"href='https:\/\/www.radiopiu.net\/wordpress\/wp-content\/uploads\/2023\/05\/download-1.jpg'><img loading=\"lazy\" decoding=\"async\" width=\"150\" height=\"150\" src=\"https:\/\/www.radiopiu.net\/wordpress\/wp-content\/uploads\/2023\/05\/download-1-150x150.jpg\" class=\"attachment-thumbnail size-thumbnail\" alt=\"\" srcset=\"https:\/\/www.radiopiu.net\/wordpress\/wp-content\/uploads\/2023\/05\/download-1-150x150.jpg 150w, https:\/\/www.radiopiu.net\/wordpress\/wp-content\/uploads\/2023\/05\/download-1-300x300.jpg 300w, https:\/\/www.radiopiu.net\/wordpress\/wp-content\/uploads\/2023\/05\/download-1.jpg 640w\" sizes=\"auto, (max-width: 150px) 100vw, 150px\" \/><\/a>\n\t\t\t\t<\/dt><\/dl><dl class='gallery-item'>\n\t\t\t\t<dt class='gallery-icon landscape'>\n\t\t\t\t\t<a class=\"rollover rollover-zoom dt-pswp-item\" title=\"1ae099a3-0836-4db3-b0e2-37fc9826359a\" data-dt-img-description=\"\" data-large_image_width=\"1080\" data-large_image_height=\"1080\"href='https:\/\/www.radiopiu.net\/wordpress\/wp-content\/uploads\/2023\/05\/1ae099a3-0836-4db3-b0e2-37fc9826359a.jpg'><img loading=\"lazy\" decoding=\"async\" width=\"150\" height=\"150\" src=\"https:\/\/www.radiopiu.net\/wordpress\/wp-content\/uploads\/2023\/05\/1ae099a3-0836-4db3-b0e2-37fc9826359a-150x150.jpg\" class=\"attachment-thumbnail size-thumbnail\" alt=\"\" srcset=\"https:\/\/www.radiopiu.net\/wordpress\/wp-content\/uploads\/2023\/05\/1ae099a3-0836-4db3-b0e2-37fc9826359a-150x150.jpg 150w, https:\/\/www.radiopiu.net\/wordpress\/wp-content\/uploads\/2023\/05\/1ae099a3-0836-4db3-b0e2-37fc9826359a-300x300.jpg 300w, https:\/\/www.radiopiu.net\/wordpress\/wp-content\/uploads\/2023\/05\/1ae099a3-0836-4db3-b0e2-37fc9826359a-1024x1024.jpg 1024w, https:\/\/www.radiopiu.net\/wordpress\/wp-content\/uploads\/2023\/05\/1ae099a3-0836-4db3-b0e2-37fc9826359a-768x768.jpg 768w, https:\/\/www.radiopiu.net\/wordpress\/wp-content\/uploads\/2023\/05\/1ae099a3-0836-4db3-b0e2-37fc9826359a.jpg 1080w\" sizes=\"auto, (max-width: 150px) 100vw, 150px\" \/><\/a>\n\t\t\t\t<\/dt><\/dl><br style=\"clear: both\" \/>\n\t\t\t<\/div>\n\n<hr \/>\n<blockquote class=\"wp-embedded-content\" data-secret=\"skhAkoN06d\"><p><a href=\"https:\/\/www.radiopiu.net\/wordpress\/ncontonse-in-ladino-su-radio-piu-terza-puntata\/\">&#8220;NCONTONSE&#8221; IN LADINO SU RADIO PI\u00d9, terza puntata<\/a><\/p><\/blockquote>\n<p><iframe loading=\"lazy\" class=\"wp-embedded-content\" sandbox=\"allow-scripts\" security=\"restricted\" style=\"position: absolute; clip: rect(1px, 1px, 1px, 1px);\" title=\"&#8220;&#8220;NCONTONSE&#8221; IN LADINO SU RADIO PI\u00d9, terza puntata&#8221; &#8212; Radio Pi\u00f9\" src=\"https:\/\/www.radiopiu.net\/wordpress\/ncontonse-in-ladino-su-radio-piu-terza-puntata\/embed\/#?secret=e8un0uX3Lp#?secret=skhAkoN06d\" data-secret=\"skhAkoN06d\" width=\"600\" height=\"338\" frameborder=\"0\" marginwidth=\"0\" marginheight=\"0\" scrolling=\"no\"><\/iframe><\/p>\n<p>&nbsp;<\/p>\n<hr \/>\n<p>&nbsp;<\/p>\n<blockquote>\n<h3>LATTERIE APERTE IN VALBELLUNA<\/h3>\n<\/blockquote>\n<p><strong>BELLUNO<\/strong> Domani in Val Belluna ritrona l&#8217;evento &#8220;Latteirie Aperte&#8221; dove le principali latterie apriranno le porte per illustrare l&#8217;arte del fare formaggio. Le latterie aderenti sono; Camolino, Tisoi e Bolzano Bellunese, Sedico, Valpiana, Frontin, Valmorel, Lentiai e Sant&#8217;Antonio di Tortal.<\/p>\n<div class=\"page\" title=\"Page 1\">\n<div class=\"layoutArea\">\n<div class=\"column\">\n<p><a class=\"dt-pswp-item\" href=\"https:\/\/www.radiopiu.net\/wordpress\/wp-content\/uploads\/2023\/05\/Latteria-1-scaled.jpg\" data-dt-img-description=\"\" data-large_image_width=\"2560\" data-large_image_height=\"1707\"><img loading=\"lazy\" decoding=\"async\" class=\" wp-image-337640 alignleft\" src=\"https:\/\/www.radiopiu.net\/wordpress\/wp-content\/uploads\/2023\/05\/Latteria-1-300x200.jpg\" alt=\"\" width=\"119\" height=\"79\" srcset=\"https:\/\/www.radiopiu.net\/wordpress\/wp-content\/uploads\/2023\/05\/Latteria-1-300x200.jpg 300w, https:\/\/www.radiopiu.net\/wordpress\/wp-content\/uploads\/2023\/05\/Latteria-1-1024x683.jpg 1024w, https:\/\/www.radiopiu.net\/wordpress\/wp-content\/uploads\/2023\/05\/Latteria-1-768x512.jpg 768w, https:\/\/www.radiopiu.net\/wordpress\/wp-content\/uploads\/2023\/05\/Latteria-1-1536x1024.jpg 1536w, https:\/\/www.radiopiu.net\/wordpress\/wp-content\/uploads\/2023\/05\/Latteria-1-2048x1365.jpg 2048w\" sizes=\"auto, (max-width: 119px) 100vw, 119px\" \/><\/a>Nell\u2019ambito della manifestazione \u201cLatteria Aperte, in svolgimento domenica 28 maggio 2023, nel programma di visite e\u0300 inserita anche l\u2019ex latteria di Bolzano Bellunese, unica latteria inattiva e storica . Questa latteria ha operato dal 1932 fino il 1982, l\u2019Immobile rimasto chiuso per circa 20 anni, e\u0300 stato ristrutturato e ora, come allora, ha un interesse collettivo, in quanto sede del Comitato Usi Civici di Bolzano e Vezzano che lo ha in gestione e sede delle Associazioni delle Frazioni.<\/p>\n<\/div>\n<\/div>\n<\/div>\n<p>&nbsp;<\/p>\n<p>&nbsp;<\/p>\n<hr \/>\n<p>&nbsp;<\/p>\n<blockquote>\n<h3>I 75 ANNI DELLA COMUNITA&#8217; DI VILLA SAN FRANCESCO<\/h3>\n<\/blockquote>\n<p><strong>PEDAVENA <\/strong>Oggi e domani \u00e8 in programma una due giorni dedicata ai 75 anni della comunit\u00e0 di Villa San Francesco dove ci saranno dei convegni dedicati ai giovani in occasione della 26\u00aa edizione della Festa del Volontariato Sociale.<\/p>\n<p>&nbsp;<\/p>\n<p>&nbsp;<\/p>\n<hr \/>\n<p>&nbsp;<\/p>\n<blockquote>\n<h3>ALL&#8217;EREMO DEI ROMITI CON IL CAI DI AGORDO<\/h3>\n<\/blockquote>\n<p><strong>AGORDO<\/strong> Il CAI di Agordo organizza per domani un&#8217;escursione all&#8217;Eremo dei Romiti di Domegge di Cadore. Ritrovo alla sede sociale del Municipio di Agordo alle 7:15 e partenza con mezzi propri. Per info e iscrizioni 380 6983040<\/p>\n<p>&nbsp;<\/p>\n<p>&nbsp;<\/p>\n<hr \/>\n<p>&nbsp;<\/p>\n<blockquote>\n<h3>LA PRIMA EDIZIONE DELLA DON &#8211; PIANLONCH<\/h3>\n<\/blockquote>\n<p><strong>GOSALDO<\/strong> E&#8217; in programma per <strong>domani <\/strong>la prima edizione della gara di corsa Don &#8211; Pianlonch. Una passeggiata ludicomotoria di 5,6 km non competitiva. Iscrizione 6 euro prima della partenza, 10 euro con panino farcito e bottigllia d&#8217;acqua.<\/p>\n<p>&nbsp;<\/p>\n<p>&nbsp;<\/p>\n<hr \/>\n<p>&nbsp;<\/p>\n<blockquote>\n<h3>LE PREMIAZIONI DEL CONCORSO LETTERARIO DELL&#8217;ASSOCIAZIONE VESES<\/h3>\n<\/blockquote>\n<p><strong>BORGO VALBELLUNA<\/strong> Si terr\u00e0 domani, alle 10 presso il Palazzo delle Contesse a Mel di Borgo Valbelluna, la cerimonia di premiazione del concorso di scrittura \u201cParole che parlano di noi\u201d proposto dall\u2019associazione culturale \u201cVeses\u201d.<\/p>\n<p>&nbsp;<\/p>\n<p>&nbsp;<\/p>\n<hr \/>\n<p>&nbsp;<\/p>\n<blockquote>\n<h3>DOMENICA IN VALMOREL LA RETE GAS<\/h3>\n<\/blockquote>\n<p><strong>LIMANA <\/strong>I G.A.S. si incontrano a Valmorel. Oltre ad essere uno dei punti focali di \u201cLatterie aperte\u201d, domani, Valmorel di Limana sar\u00e0 anche il punto di incontro della vasta rete dei G.A.S. (gruppi di acquisto solidale) del Veneto, ospiti del gruppo locale, GAS INSIEME PER LIMANA, organizzatore della giornata che inizia alle 10.15.\u00a0 Alle 11.30 si parler\u00e0 di comunit\u00e0 energetiche con l\u2019esperienza portata da MiraGAS. A seguire, alle 13, il pranzo condiviso. Il pomeriggio sar\u00e0 invece dedicato alle visite delle rinomate realt\u00e0 agricole.\u00a0 Per informazioni e iscrizioni (i posti sono limitati, soprattutto in caso di maltempo) \u00e8 possibile scrivere a <a href=\"mailto:gasinsiemeperlimana@gmail.com\">gasinsiemeperlimana@gmail.com<\/a><\/p>\n<p>&nbsp;<\/p>\n<p>&nbsp;<\/p>\n<hr \/>\n<p>&nbsp;<\/p>\n<blockquote>\n<h3>ARMONIE IN MONASTERO<\/h3>\n<\/blockquote>\n<p><strong>BELLUNO<\/strong> Domani alle 16 nella chiesa dei Santi Gervasio e Protasio\u00a0 concerto del Coro San Martino diretto da Radmila Visentin, al pianoforte Mose&#8217; Andrich;\u00a0 note di storia e arte dell&#8217;ex convento e chiesa con l&#8217;associazione Campedel. Ingresso libero ed eventuali offerte destinate ai giovani della Diocesi che parteciperanno alla Giornata Mondiale della Gioventu&#8217; di Lisbona.<\/p>\n<p>&nbsp;<\/p>\n<p>&nbsp;<\/p>\n<hr \/>\n<p>&nbsp;<\/p>\n<h2><span style=\"color: #ff0000;\">PROSSIMAMENTE&#8230;\u00a0<\/span><\/h2>\n<blockquote>\n<h3>MASK TO RIDE A SEDICO<\/h3>\n<\/blockquote>\n<p><strong>SEDICO<\/strong> Luned\u00ec in Piazza della Vittoria a Sedico \u00e8 in programma la prima tappa di Mask To Ride, evento di mototerapia e inclusione<\/p>\n<p>&nbsp;<\/p>\n<p>&nbsp;<\/p>\n<hr \/>\n<p>&nbsp;<\/p>\n<blockquote>\n<h3>MARTEDIACOLOR<\/h3>\n<\/blockquote>\n<p><strong>BELLUNO <\/strong>Con la Primavera tornano a Belluno i Martediacolor, una tradizionale manifestazione che trova sempre l\u2019interesse di un numeroso pubblico. Organizzate dal C.T.G. gruppo Belluno, in collaborazione con i Circoli Fotografici di Belluno ed Agordo, sono piacevoli serate con racconti fotografici realizzati in multivisione, dedicate agli amanti dei viaggi, della natura e dell&#8217;arte. Il programma si articola in tre appuntamenti presso la sala Parrocchiale di Cavarzano alle ore 20.45, con ingresso libero, ultimo appuntamento il 30 maggio.<\/p>\n<p>&nbsp;<\/p>\n<p>&nbsp;<\/p>\n<hr \/>\n<p>&nbsp;<\/p>\n<blockquote>\n<h3>SABATO 3 GIUGNO LA CENA DELLA CLASSE 1955-56<\/h3>\n<\/blockquote>\n<p><strong>AGORDO<\/strong> E&#8217; in programma per sabato 3 giugno al Ristorante &#8220;La Stanga&#8221; la cena delle classi 1955-1956. Ritrovo al ristorante alle 19, cena , musica e premi. Per informazioni ed iscrizioni Roberto Schenot al 348 8524340. Iscrizioni entro il 29 maggio.<\/p>\n<p>&nbsp;<\/p>\n<p>&nbsp;<\/p>\n<hr \/>\n<p>&nbsp;<\/p>\n<blockquote>\n<h3>DOMENICA 4 GIUGNO LA 4 PAS IN DOI<\/h3>\n<\/blockquote>\n<p><strong>AGORDO<\/strong> <strong>DOMENICA 4 GIUGNO<\/strong> AD AGORDO: &#8220;4 Pas in doi&#8221; TRAIL RUNNING A COPPIE. Due percorsi: 16 km con 900 metri di dislivello, o 5 km con 250 metri di dislivello. E per i pi\u00f9 golosi, la &#8220;4 Pas in doi Bocoi&#8221;: itinerario enogastronomico, 6 km, con 4 tappe da&#8230; gustare. Per informazioni ed iscrizioni: www.4pasindoi.it<\/p>\n<p>&nbsp;<\/p>\n<p>&nbsp;<\/p>\n<hr \/>\n<p>&nbsp;<\/p>\n<blockquote>\n<h3>Il Gruppo Alpini organizza una gita indimenticabile alla Foiba di Basovizza con pranzo di pesce a Lignano<\/h3>\n<\/blockquote>\n<p><strong>FALCADE <\/strong>\u00a0I Gruppi Alpini rappresentano un importante pilastro della comunit\u00e0 locale, promuovendo attivit\u00e0 che uniscono tradizione, avventura e scoperta del patrimonio culturale. Nel contesto di queste iniziative, il Gruppo Alpini di Falcade ha annunciato una gita straordinaria che si terr\u00e0 l&#8217;11 giugno, con destinazione la Foiba di Basovizza e una deliziosa pausa pranzo a Lignano.\u00a0 Remo Secchi, responsabile delle iscrizioni, sar\u00e0 il punto di riferimento per tutti coloro che desiderano partecipare. Per prenotare un posto e per ulteriori informazioni, \u00e8 possibile contattare\u00a0 il\u00a0 338 5628415.<\/p>\n<p>&nbsp;<\/p>\n<p>&nbsp;<\/p>\n<hr \/>\n<p>&nbsp;<\/p>\n<p>&nbsp;<\/p>\n<blockquote class=\"wp-embedded-content\" data-secret=\"aPl7kCA2KP\"><p><a href=\"https:\/\/www.radiopiu.net\/wordpress\/periti-minerari-agordini-nel-mondo-la-presentazione-del-libro-la-diretta\/\">PERITI MINERARI AGORDINI NEL MONDO, LA PRESENTAZIONE DEL LIBRO &#8211; LA DIRETTA<\/a><\/p><\/blockquote>\n<p><iframe loading=\"lazy\" class=\"wp-embedded-content\" sandbox=\"allow-scripts\" security=\"restricted\" style=\"position: absolute; clip: rect(1px, 1px, 1px, 1px);\" title=\"&#8220;PERITI MINERARI AGORDINI NEL MONDO, LA PRESENTAZIONE DEL LIBRO &#8211; LA DIRETTA&#8221; &#8212; Radio Pi\u00f9\" src=\"https:\/\/www.radiopiu.net\/wordpress\/periti-minerari-agordini-nel-mondo-la-presentazione-del-libro-la-diretta\/embed\/#?secret=IxiX8OU8t3#?secret=aPl7kCA2KP\" data-secret=\"aPl7kCA2KP\" width=\"600\" height=\"338\" frameborder=\"0\" marginwidth=\"0\" marginheight=\"0\" scrolling=\"no\"><\/iframe><\/p>\n<p>&nbsp;<\/p>\n<hr \/>\n<p>&nbsp;<\/p>\n<blockquote class=\"wp-embedded-content\" data-secret=\"25vuOyCdeY\"><p><a href=\"https:\/\/www.radiopiu.net\/wordpress\/convegno-cosa-chiede-il-mondo-del-lavoro-alla-scuola-conoscenze-e-competenze-richieste-ai-diplomati-tecnici-dalle-imprese\/\">CONVEGNO &#8220;COSA CHIEDE IL MONDO DEL LAVORO ALLA SCUOLA: CONOSCENZE E COMPETENZE RICHIESTE AI DIPLOMATI TECNICI DALLE IMPRESE&#8221;<\/a><\/p><\/blockquote>\n<p><iframe loading=\"lazy\" class=\"wp-embedded-content\" sandbox=\"allow-scripts\" security=\"restricted\" style=\"position: absolute; clip: rect(1px, 1px, 1px, 1px);\" title=\"&#8220;CONVEGNO &#8220;COSA CHIEDE IL MONDO DEL LAVORO ALLA SCUOLA: CONOSCENZE E COMPETENZE RICHIESTE AI DIPLOMATI TECNICI DALLE IMPRESE&#8221;&#8221; &#8212; Radio Pi\u00f9\" src=\"https:\/\/www.radiopiu.net\/wordpress\/convegno-cosa-chiede-il-mondo-del-lavoro-alla-scuola-conoscenze-e-competenze-richieste-ai-diplomati-tecnici-dalle-imprese\/embed\/#?secret=hFnwEnmVKn#?secret=25vuOyCdeY\" data-secret=\"25vuOyCdeY\" width=\"600\" height=\"338\" frameborder=\"0\" marginwidth=\"0\" marginheight=\"0\" scrolling=\"no\"><\/iframe><\/p>\n<p>&nbsp;<\/p>\n<hr \/>\n<p>&nbsp;<\/p>\n<p>&nbsp;<\/p>\n<blockquote class=\"wp-embedded-content\" data-secret=\"eNBtBAcgcd\"><p><a href=\"https:\/\/www.radiopiu.net\/wordpress\/rolling-stones-il-programma-di-siro-lena-e-moreno-tocchetto\/\">ROLLING STONES, IL PROGRAMMA DI SIRO LENA E MORENO TOCCHETTO<\/a><\/p><\/blockquote>\n<p><iframe loading=\"lazy\" class=\"wp-embedded-content\" sandbox=\"allow-scripts\" security=\"restricted\" style=\"position: absolute; clip: rect(1px, 1px, 1px, 1px);\" title=\"&#8220;ROLLING STONES, IL PROGRAMMA DI SIRO LENA E MORENO TOCCHETTO&#8221; &#8212; Radio Pi\u00f9\" src=\"https:\/\/www.radiopiu.net\/wordpress\/rolling-stones-il-programma-di-siro-lena-e-moreno-tocchetto\/embed\/#?secret=ydwxrLl4jO#?secret=eNBtBAcgcd\" data-secret=\"eNBtBAcgcd\" width=\"600\" height=\"338\" frameborder=\"0\" marginwidth=\"0\" marginheight=\"0\" scrolling=\"no\"><\/iframe><\/p>\n<p>&nbsp;<\/p>\n<p>&nbsp;<\/p>\n<hr \/>\n<p>&nbsp;<\/p>\n<div dir=\"auto\">\n<div class=\"message spoilers-container\" dir=\"auto\">\n<div>\n<div class=\"b654a4as d2edcug0\">\n<div class=\"rq0escxv hkbzh7o3 jwdofwj8 n8tt0mok r8blr3vg hyh9befq\">\n<p><a class=\"dt-pswp-item\" href=\"https:\/\/www.radiopiu.net\/wordpress\/wp-content\/uploads\/2020\/10\/pp.jpg\" data-dt-img-description=\"\" data-large_image_width=\"640\" data-large_image_height=\"640\"><img loading=\"lazy\" decoding=\"async\" class=\"wp-image-163678 alignleft\" src=\"https:\/\/www.radiopiu.net\/wordpress\/wp-content\/uploads\/2020\/10\/pp-300x300.jpg\" alt=\"\" width=\"106\" height=\"106\" srcset=\"https:\/\/www.radiopiu.net\/wordpress\/wp-content\/uploads\/2020\/10\/pp-300x300.jpg 300w, https:\/\/www.radiopiu.net\/wordpress\/wp-content\/uploads\/2020\/10\/pp-150x150.jpg 150w, https:\/\/www.radiopiu.net\/wordpress\/wp-content\/uploads\/2020\/10\/pp-125x125.jpg 125w, https:\/\/www.radiopiu.net\/wordpress\/wp-content\/uploads\/2020\/10\/pp-200x200.jpg 200w, https:\/\/www.radiopiu.net\/wordpress\/wp-content\/uploads\/2020\/10\/pp-80x80.jpg 80w, https:\/\/www.radiopiu.net\/wordpress\/wp-content\/uploads\/2020\/10\/pp-480x480.jpg 480w, https:\/\/www.radiopiu.net\/wordpress\/wp-content\/uploads\/2020\/10\/pp.jpg 640w\" sizes=\"auto, (max-width: 106px) 100vw, 106px\" \/><\/a><\/p>\n<\/div>\n<\/div>\n<\/div>\n<\/div>\n<div class=\"message spoilers-container\" dir=\"auto\">\n<div class=\"page-title-head hgroup\">\n<div class=\"page-title-head hgroup\">\n<div class=\"b654a4as d2edcug0\">\n<div class=\"j83agx80 btwxx1t3 lhclo0ds hop8lmos nkwizq5d scwd0bx6 roh60bw9\">\n<div class=\"rq0escxv hkbzh7o3 jwdofwj8 n8tt0mok r8blr3vg hyh9befq\">\n<div class=\"do00u71z l9j0dhe7 k4urcfbm\" style=\"text-align: left;\">\n<h2><span style=\"color: #000080;\">DON CESARE, IL PENSIERO DEL GIORNO. ALLA RADIO ALLE 7 DEL MATTINO E ALLE 19.30 DELLA SERA<\/span><\/h2>\n<\/div>\n<div class=\"do00u71z l9j0dhe7 k4urcfbm\" style=\"text-align: left;\">\n<h2 style=\"text-align: left;\"><span style=\"color: #ff0000;\"><span style=\"vertical-align: inherit;\"><a class=\"dt-pswp-item\" href=\"https:\/\/www.radiopiu.net\/wordpress\/wp-content\/uploads\/2023\/04\/e0aad41d-951e-47b9-9fae-1a879a9bcb7e-1.jpg\" data-dt-img-description=\"\" data-large_image_width=\"1200\" data-large_image_height=\"1200\"><img loading=\"lazy\" decoding=\"async\" class=\"wp-image-333205 aligncenter\" src=\"https:\/\/www.radiopiu.net\/wordpress\/wp-content\/uploads\/2023\/04\/e0aad41d-951e-47b9-9fae-1a879a9bcb7e-1-300x300.jpg\" alt=\"\" width=\"227\" height=\"227\" srcset=\"https:\/\/www.radiopiu.net\/wordpress\/wp-content\/uploads\/2023\/04\/e0aad41d-951e-47b9-9fae-1a879a9bcb7e-1-300x300.jpg 300w, https:\/\/www.radiopiu.net\/wordpress\/wp-content\/uploads\/2023\/04\/e0aad41d-951e-47b9-9fae-1a879a9bcb7e-1-1024x1024.jpg 1024w, https:\/\/www.radiopiu.net\/wordpress\/wp-content\/uploads\/2023\/04\/e0aad41d-951e-47b9-9fae-1a879a9bcb7e-1-150x150.jpg 150w, https:\/\/www.radiopiu.net\/wordpress\/wp-content\/uploads\/2023\/04\/e0aad41d-951e-47b9-9fae-1a879a9bcb7e-1-768x768.jpg 768w, https:\/\/www.radiopiu.net\/wordpress\/wp-content\/uploads\/2023\/04\/e0aad41d-951e-47b9-9fae-1a879a9bcb7e-1.jpg 1200w\" sizes=\"auto, (max-width: 227px) 100vw, 227px\" \/><br \/>\n<\/a><\/span><\/span><\/h2>\n<\/div>\n<\/div>\n<\/div>\n<\/div>\n<\/div>\n<\/div>\n<\/div>\n<\/div>\n<hr \/>\n<p>&nbsp;<\/p>\n<div class=\"message spoilers-container\" dir=\"auto\">\n<h2><span style=\"color: #008080;\">GOCCE DI FILOSOFIA\u00a0\u00a0<\/span><\/h2>\n<p><strong>PUNTATA 320 &#8211; CHIARA CAU &#8211; TERZO ANNO\u00a0<\/strong><\/p>\n<audio class=\"wp-audio-shortcode\" id=\"audio-337564-12\" preload=\"none\" style=\"width: 100%;\" controls=\"controls\"><source type=\"audio\/mpeg\" src=\"https:\/\/www.radiopiu.net\/wordpress\/wp-content\/uploads\/2023\/05\/FI5-3.mp3?_=12\" \/><a href=\"https:\/\/www.radiopiu.net\/wordpress\/wp-content\/uploads\/2023\/05\/FI5-3.mp3\">https:\/\/www.radiopiu.net\/wordpress\/wp-content\/uploads\/2023\/05\/FI5-3.mp3<\/a><\/audio>\n<p class=\"photoswipe-wrapper\"><strong class=\"photoswipe-wrapper\"><a class=\"dt-pswp-item\" href=\"https:\/\/www.radiopiu.net\/wordpress\/wp-content\/uploads\/2023\/05\/LISA-DE-LUCA.png\" data-dt-img-description=\"\" data-large_image_width=\"216\" data-large_image_height=\"268\"><img loading=\"lazy\" decoding=\"async\" class=\" wp-image-337542 alignleft\" src=\"https:\/\/www.radiopiu.net\/wordpress\/wp-content\/uploads\/2023\/05\/LISA-DE-LUCA.png\" alt=\"\" width=\"132\" height=\"164\" \/><\/a>REDAZIONE<\/strong> Si conclude la terza stagione di \u201cGocce di Filosofia\u201d, il programma radiofonico condotto con grande passione e dedizione da Chiara Cau e Lisa De Luca (foto in alto). In questa occasione, Radio Pi\u00f9 desidera esprimere la sua gratitudine per l\u2019impegno profuso dalle due conduttrici nel portare avanti questo affascinante progetto che ha regalato ai suoi ascoltatori momenti di riflessione e approfondimento filosofico. Durante quest\u2019ultima stagione, \u201cGocce di Filosofia\u201d ha dimostrato ancora una volta la sua capacit\u00e0 di coniugare la profondit\u00e0 del pensiero filosofico con l\u2019approccio accessibile e coinvolgente delle conduttrici. Ogni puntata \u00e8 stata un viaggio attraverso le grandi questioni\u00a0<a class=\"dt-pswp-item pspw-wrap-ready\" href=\"https:\/\/www.radiopiu.net\/wordpress\/wp-content\/uploads\/2023\/05\/Senza-nome-9.png\" data-dt-img-description=\"\" data-large_image_width=\"143\" data-large_image_height=\"138\"><img loading=\"lazy\" decoding=\"async\" class=\"size-full wp-image-337541 alignright\" src=\"https:\/\/www.radiopiu.net\/wordpress\/wp-content\/uploads\/2023\/05\/Senza-nome-9.png\" alt=\"\" width=\"143\" height=\"138\" \/><\/a>dell\u2019esistenza umana, toccando temi come la libert\u00e0, l\u2019etica, la conoscenza, l\u2019amore e molti altri. La forza di \u201cGocce di Filosofia\u201d risiede nella capacit\u00e0 di trasmettere concetti complessi in modo chiaro e comprensibile, rendendo la filosofia accessibile a tutti, anche a coloro che potrebbero avvicinarsi per la prima volta a questa disciplina. Chiara Cau (foto a lato) e Lisa De Luca hanno saputo creare un\u2019atmosfera accogliente e coinvolgente, in cui gli ascoltatori sono stati invitati a riflettere e ad approfondire le tematiche trattate.\u00a0 In conclusione, la terza stagione di \u201cGocce di Filosofia\u201d si chiude lasciando un segno importante nel panorama radiofonico, offrendo ai suoi ascoltatori l\u2019opportunit\u00e0 di esplorare il mondo della filosofia in modo accessibile e appassionante (MM)<\/p>\n<p>&nbsp;<\/p>\n<\/div>\n<blockquote>\n<div class=\"message spoilers-container\" dir=\"auto\">\n<p><strong>LA RACCOLTA COMPLETA<\/strong><\/p>\n<\/div>\n<\/blockquote>\n<div class=\"message spoilers-container\" dir=\"auto\">\n<blockquote class=\"wp-embedded-content\" data-secret=\"MbH0FTNguI\"><p><a href=\"https:\/\/www.radiopiu.net\/wordpress\/gocce-filosofia\/\">Gocce di filosofia,  LA TERZA STAGIONE&#8230; 2023<\/a><\/p><\/blockquote>\n<p><iframe loading=\"lazy\" class=\"wp-embedded-content\" sandbox=\"allow-scripts\" security=\"restricted\" style=\"position: absolute; clip: rect(1px, 1px, 1px, 1px);\" title=\"&#8220;Gocce di filosofia,  LA TERZA STAGIONE&#8230; 2023&#8221; &#8212; Radio Pi\u00f9\" src=\"https:\/\/www.radiopiu.net\/wordpress\/gocce-filosofia\/embed\/#?secret=6rfO8IDlWH#?secret=MbH0FTNguI\" data-secret=\"MbH0FTNguI\" width=\"600\" height=\"338\" frameborder=\"0\" marginwidth=\"0\" marginheight=\"0\" scrolling=\"no\"><\/iframe><\/p>\n<\/div>\n<hr \/>\n<p>&nbsp;<\/p>\n<p>&nbsp;<\/p>\n<blockquote class=\"wp-embedded-content\" data-secret=\"RTGPG8MBaJ\"><p><a href=\"https:\/\/www.radiopiu.net\/wordpress\/sentimental-il-nuovo-programma-di-paola-lanciato\/\">SENTIMENTAL, IL NUOVO PROGRAMMA DI PAOLA LANCIATO<\/a><\/p><\/blockquote>\n<p><iframe loading=\"lazy\" class=\"wp-embedded-content\" sandbox=\"allow-scripts\" security=\"restricted\" style=\"position: absolute; clip: rect(1px, 1px, 1px, 1px);\" title=\"&#8220;SENTIMENTAL, IL NUOVO PROGRAMMA DI PAOLA LANCIATO&#8221; &#8212; Radio Pi\u00f9\" src=\"https:\/\/www.radiopiu.net\/wordpress\/sentimental-il-nuovo-programma-di-paola-lanciato\/embed\/#?secret=AY8VLu7J2p#?secret=RTGPG8MBaJ\" data-secret=\"RTGPG8MBaJ\" width=\"600\" height=\"338\" frameborder=\"0\" marginwidth=\"0\" marginheight=\"0\" scrolling=\"no\"><\/iframe><\/p>\n<p>&nbsp;<\/p>\n<div class=\"message spoilers-container\" dir=\"auto\">\n<p>&nbsp;<\/p>\n<p>&nbsp;<\/p>\n<hr \/>\n<p>&nbsp;<\/p>\n<\/div>\n<div class=\"message spoilers-container\" dir=\"auto\">\n<div class=\"column\">\n<p><img loading=\"lazy\" decoding=\"async\" class=\"aligncenter wp-image-61954 size-full\" src=\"https:\/\/www.radiopiu.net\/wordpress\/wp-content\/uploads\/2018\/09\/viabilita.jpeg\" sizes=\"auto, (max-width: 800px) 100vw, 800px\" srcset=\"https:\/\/www.radiopiu.net\/wordpress\/wp-content\/uploads\/2018\/09\/viabilita.jpeg 800w, https:\/\/www.radiopiu.net\/wordpress\/wp-content\/uploads\/2018\/09\/viabilita-300x38.jpeg 300w, https:\/\/www.radiopiu.net\/wordpress\/wp-content\/uploads\/2018\/09\/viabilita-768x96.jpeg 768w\" alt=\"\" width=\"800\" height=\"100\" \/><\/p>\n<\/div>\n<\/div>\n<div class=\"message spoilers-container\" dir=\"auto\">\n<div class=\"column\">\n<p>&nbsp;<\/p>\n<\/div>\n<\/div>\n<div class=\"message spoilers-container\" dir=\"auto\">\n<div class=\"column\">\n<div dir=\"ltr\">\n<div class=\"gmail_quote\">\n<div dir=\"ltr\">\n<div class=\"gmail_quote\">\n<blockquote class=\"wp-embedded-content\" data-secret=\"8Nr0PX9L0p\"><p><a href=\"https:\/\/www.radiopiu.net\/wordpress\/viabilita\/\">viabilita<\/a><\/p><\/blockquote>\n<p><iframe loading=\"lazy\" class=\"wp-embedded-content\" sandbox=\"allow-scripts\" security=\"restricted\" style=\"position: absolute; clip: rect(1px, 1px, 1px, 1px);\" title=\"&#8220;viabilita&#8221; &#8212; Radio Pi\u00f9\" src=\"https:\/\/www.radiopiu.net\/wordpress\/viabilita\/embed\/#?secret=q1GAJefzN4#?secret=8Nr0PX9L0p\" data-secret=\"8Nr0PX9L0p\" width=\"600\" height=\"338\" frameborder=\"0\" marginwidth=\"0\" marginheight=\"0\" scrolling=\"no\"><\/iframe><\/p>\n<\/div>\n<\/div>\n<\/div>\n<\/div>\n<\/div>\n<\/div>\n<div class=\"message spoilers-container\" dir=\"auto\">\n<div class=\"column\">\n<div>\n<div dir=\"ltr\">\n<div class=\"gmail_quote\">\n<div dir=\"ltr\">\n<div><\/div>\n<\/div>\n<\/div>\n<\/div>\n<\/div>\n<hr \/>\n<p>&nbsp;<\/p>\n<p><a class=\"dt-pswp-item\" href=\"https:\/\/www.radiopiu.net\/wordpress\/wp-content\/uploads\/2018\/09\/WhatsApp-Image-2018-09-20-at-16.04.06.jpeg\" data-dt-img-description=\"\" data-large_image_width=\"800\" data-large_image_height=\"100\"><img loading=\"lazy\" decoding=\"async\" class=\"wp-image-61378 size-full aligncenter\" src=\"https:\/\/www.radiopiu.net\/wordpress\/wp-content\/uploads\/2018\/09\/WhatsApp-Image-2018-09-20-at-16.04.06.jpeg\" alt=\"\" width=\"800\" height=\"100\" srcset=\"https:\/\/www.radiopiu.net\/wordpress\/wp-content\/uploads\/2018\/09\/WhatsApp-Image-2018-09-20-at-16.04.06.jpeg 800w, https:\/\/www.radiopiu.net\/wordpress\/wp-content\/uploads\/2018\/09\/WhatsApp-Image-2018-09-20-at-16.04.06-300x38.jpeg 300w, https:\/\/www.radiopiu.net\/wordpress\/wp-content\/uploads\/2018\/09\/WhatsApp-Image-2018-09-20-at-16.04.06-768x96.jpeg 768w\" sizes=\"auto, (max-width: 800px) 100vw, 800px\" \/><\/a><\/p>\n<\/div>\n<\/div>\n<div class=\"message spoilers-container\" dir=\"auto\"><\/div>\n<p><strong>OGGI<\/strong> Eventuale instabilit\u00e0 notturna su Prealpi occidentali. In giornata maggiore soleggiamento con modesti annuvolamenti per attivit\u00e0 cumuliforme durante le ore pi\u00f9 calde, localmente pi\u00f9 intensa ed associata a qualche fenomeno convettivo pomeridiano, ma il rischio sar\u00e0 minore rispetto a venerd\u00ec, specie sulle Dolomiti. Contesto termico diurno primaverile nelle valli.<\/p>\n<p><strong>DOMANI<\/strong> . Al mattino tempo parzialmente soleggiato per presenza di nubi alte e di stratocumuli. Dalle ore centrali crescente nuvolosit\u00e0, anche per addensamenti cumuliformi associati a rovesci e temporali. Instabilit\u00e0 che si attenuer\u00e0 nel tardo pomeriggio\/sera. Il minore soleggiamento e l&#8217;instabilit\u00e0 pomeridiana avranno qualche effetto sull&#8217;andamento termico diurno.<\/p>\n<p><strong>LUNEDI<\/strong> Tempo ben soleggiato e stabile con cielo sereno al mattino, riduzione del<br \/>\nsoleggiamento per attivit\u00e0 cumuliforme irregolare al pomeriggio. L&#8217;insidia convettiva sar\u00e0<br \/>\npresente, ma sempre pi\u00f9 remota su buona parte della montagna veneta.<\/p>\n<p><strong>MARTEDI .<\/strong> Tempo sempre pi\u00f9 stabile, ben soleggiato con modesti cumuli diurni. Temperature<br \/>\nmassime in lieve rialzo. Venti deboli a regime di brezza nelle valli, a tratti e localmente<br \/>\nmoderati nei settori solitamente pi\u00f9 ventilati; in quota perlopi\u00f9 deboli da nord-est.<\/p>\n<div class=\"message spoilers-container\" dir=\"auto\">\n<hr \/>\n<p>&nbsp;<\/p>\n<p><a class=\"dt-pswp-item\" href=\"https:\/\/www.radiopiu.net\/wordpress\/wp-content\/uploads\/2018\/09\/sport.jpg\" data-dt-img-description=\"\" data-large_image_width=\"800\" data-large_image_height=\"100\"><img loading=\"lazy\" decoding=\"async\" class=\"aligncenter wp-image-60761 size-full\" src=\"https:\/\/www.radiopiu.net\/wordpress\/wp-content\/uploads\/2018\/09\/sport.jpg\" alt=\"\" width=\"800\" height=\"100\" srcset=\"https:\/\/www.radiopiu.net\/wordpress\/wp-content\/uploads\/2018\/09\/sport.jpg 800w, https:\/\/www.radiopiu.net\/wordpress\/wp-content\/uploads\/2018\/09\/sport-300x38.jpg 300w, https:\/\/www.radiopiu.net\/wordpress\/wp-content\/uploads\/2018\/09\/sport-768x96.jpg 768w\" sizes=\"auto, (max-width: 800px) 100vw, 800px\" \/><\/a><\/p>\n<\/div>\n<div class=\"message spoilers-container\" dir=\"auto\">\n<p>&nbsp;<\/p>\n<p><span style=\"color: #0000ff;\"><strong>NUOTO<\/strong><\/span><\/p>\n<blockquote>\n<h3>MEETING \u201cANDREA MONTANO\u201d: LA SPORTIVAMENTE BELLUNO CALA UN POKER DI ATLETI<\/h3>\n<\/blockquote>\n<p><strong><a class=\"dt-pswp-item\" href=\"https:\/\/www.radiopiu.net\/wordpress\/wp-content\/uploads\/2019\/12\/NUOTO.jpeg\" data-dt-img-description=\"\" data-large_image_width=\"766\" data-large_image_height=\"588\"><img loading=\"lazy\" decoding=\"async\" class=\" wp-image-108447 alignleft\" src=\"https:\/\/www.radiopiu.net\/wordpress\/wp-content\/uploads\/2019\/12\/NUOTO-300x230.jpeg\" alt=\"\" width=\"157\" height=\"120\" srcset=\"https:\/\/www.radiopiu.net\/wordpress\/wp-content\/uploads\/2019\/12\/NUOTO-300x230.jpeg 300w, https:\/\/www.radiopiu.net\/wordpress\/wp-content\/uploads\/2019\/12\/NUOTO.jpeg 766w\" sizes=\"auto, (max-width: 157px) 100vw, 157px\" \/><\/a>BELLUNO <\/strong>La Sportivamente Belluno \u00e8 protagonista al dodicesimo meeting interregionale \u201cAndrea Monta\u00f1o\u201d. Nella piscina di Montebelluna, intitolata a \u201cChiara Giavi\u201d, si sono confrontati trentacinque atleti, in rappresentanza di undici societ\u00e0 provenienti da varie regioni italiane. Al via anche nuotatori che hanno preso parte alle Paralimpiadi di Tokyo, come Antonio Fantin e Xenia Palazzo (quattro medaglie in Giappone). In questo nobile contesto, poteva mancare il team bellunese? No, di certo. E infatti la Sportivamente si \u00e8 presentata in terra trevigiana con un poker di atleti: Daniela Belletti, Eleonora Dal Paos, Enrico Giacomin e Nicol\u00f2 Guido Pierni. Oltre al secondo posto assoluto nel medagliere, grazie a undici podi conquistati, i dolomitici hanno registrato una crescita importante, come testimonia il tecnico Silvia Casagrande: \u00abAl di l\u00e0 di una generale e pi\u00f9 che soddisfacente conferma dei tempi, ci sono stati dei miglioramenti notevoli. In particolare per quanto riguarda Daniela Belletti\u00bb. A curare la sfera organizzativa ha pensato l\u2019Associazione Sportiva Sport Life, mentre l\u2019appuntamento era valido come competizione interregionale di nuoto Finp e per il Trofeo Futuri Campioni della Federazione Italiana Nuoto Paralimpico.<\/p>\n<p>&nbsp;<\/p>\n<p><span style=\"color: #0000ff;\"><strong>HOCKEY SU GHIACCIO<\/strong><\/span><\/p>\n<blockquote>\n<h3>I MONDIALI DI HOCKEY DI PRIMA DIVISIONE ASSEGNATI A BOLZANO<\/h3>\n<\/blockquote>\n<p class=\"null\"><a class=\"dt-pswp-item\" href=\"https:\/\/www.radiopiu.net\/wordpress\/wp-content\/uploads\/2023\/05\/90c53a41-e1d9-5482-4d0b-2877349d3e36-scaled.jpg\" data-dt-img-description=\"\" data-large_image_width=\"2560\" data-large_image_height=\"1707\"><img loading=\"lazy\" decoding=\"async\" class=\" wp-image-337624 alignleft\" src=\"https:\/\/www.radiopiu.net\/wordpress\/wp-content\/uploads\/2023\/05\/90c53a41-e1d9-5482-4d0b-2877349d3e36-300x200.jpg\" alt=\"\" width=\"135\" height=\"90\" srcset=\"https:\/\/www.radiopiu.net\/wordpress\/wp-content\/uploads\/2023\/05\/90c53a41-e1d9-5482-4d0b-2877349d3e36-300x200.jpg 300w, https:\/\/www.radiopiu.net\/wordpress\/wp-content\/uploads\/2023\/05\/90c53a41-e1d9-5482-4d0b-2877349d3e36-1024x683.jpg 1024w, https:\/\/www.radiopiu.net\/wordpress\/wp-content\/uploads\/2023\/05\/90c53a41-e1d9-5482-4d0b-2877349d3e36-768x512.jpg 768w, https:\/\/www.radiopiu.net\/wordpress\/wp-content\/uploads\/2023\/05\/90c53a41-e1d9-5482-4d0b-2877349d3e36-1536x1024.jpg 1536w, https:\/\/www.radiopiu.net\/wordpress\/wp-content\/uploads\/2023\/05\/90c53a41-e1d9-5482-4d0b-2877349d3e36-2048x1365.jpg 2048w\" sizes=\"auto, (max-width: 135px) 100vw, 135px\" \/><\/a>Si disputer\u00e0 a Bolzano il prossimo Mondiale di 1^ Divisione Gruppo A, che andr\u00e0 in scena quindi alla Sparkasse Arena dal 28 aprile al 4 maggio 2024. La decisione \u00e8 stata presa nel corso del congresso IIHF che si sta tenendo in questi giorni a Tampere, in Finlandia. Quella italiana era rimasta l\u2019unica candidatura in gara. L\u2019Italia torner\u00e0 quindi ad ospitare una rassegna iridata a livello senior maschile esattamente 30 anni dopo l\u2019ultima volta: nel 1994 furono Milano, Bolzano e Canazei ad ospitare i Mondiali, in occasione dei quali nel capoluogo altoatesino fu costruito il Palaonda (oggi appunto Sparkasse Arena).<\/p>\n<p>&nbsp;<\/p>\n<p>&nbsp;<\/p>\n<hr \/>\n<p>&nbsp;<\/p>\n<h2><span style=\"color: #ff6600;\">DEDICHE E RICHIESTE<\/span><\/h2>\n<blockquote>\n<h3>ALVARO DAL FARRA ED IL FREESTYLE HOSPITAL<\/h3>\n<\/blockquote>\n<p><strong><a class=\"dt-pswp-item\" href=\"https:\/\/www.radiopiu.net\/wordpress\/wp-content\/uploads\/2023\/05\/e77f58f8-e787-4501-be81-fb044229d5a7.jpg\" data-dt-img-description=\"\" data-large_image_width=\"1600\" data-large_image_height=\"1066\"><img loading=\"lazy\" decoding=\"async\" class=\" wp-image-337252 alignleft\" src=\"https:\/\/www.radiopiu.net\/wordpress\/wp-content\/uploads\/2023\/05\/e77f58f8-e787-4501-be81-fb044229d5a7-300x200.jpg\" alt=\"\" width=\"174\" height=\"116\" srcset=\"https:\/\/www.radiopiu.net\/wordpress\/wp-content\/uploads\/2023\/05\/e77f58f8-e787-4501-be81-fb044229d5a7-300x200.jpg 300w, https:\/\/www.radiopiu.net\/wordpress\/wp-content\/uploads\/2023\/05\/e77f58f8-e787-4501-be81-fb044229d5a7-1024x682.jpg 1024w, https:\/\/www.radiopiu.net\/wordpress\/wp-content\/uploads\/2023\/05\/e77f58f8-e787-4501-be81-fb044229d5a7-768x512.jpg 768w, https:\/\/www.radiopiu.net\/wordpress\/wp-content\/uploads\/2023\/05\/e77f58f8-e787-4501-be81-fb044229d5a7-1536x1023.jpg 1536w, https:\/\/www.radiopiu.net\/wordpress\/wp-content\/uploads\/2023\/05\/e77f58f8-e787-4501-be81-fb044229d5a7.jpg 1600w\" sizes=\"auto, (max-width: 174px) 100vw, 174px\" \/><\/a>REDAZIONE<\/strong> Per la prima volta dopo tanto tempo l&#8217;ospedale di Belluno dar\u00e0 il benvenuto a un&#8217;iniziativa unica nel suo genere. Alvaro Dal Farra, rinomato pilota di freestyle motocross, sar\u00e0 accompagnato dal suo fido amico Mattia Cattapan CROSSabili per portare il progetto sociale di Freestyle Hospital direttamente alla struttura ospedaliera. Il Freestyle Hospital \u00e8 un progetto che da anni si dedica a portare attivit\u00e0 sociali negli ospedali, con un&#8217;attenzione particolare ai bambini e ai reparti di pediatria. Dopo quasi 15 anni di Mototerapia e 10 anni di Freestyle Hospital, il progetto ha preso sempre pi\u00f9 forma, ottenendo un grande successo e risultati unici sui bambini e sui malati in generale.<\/p>\n<p><strong>ALVARO DAL FARRA<\/strong><\/p>\n<audio class=\"wp-audio-shortcode\" id=\"audio-337564-13\" preload=\"none\" style=\"width: 100%;\" controls=\"controls\"><source type=\"audio\/mpeg\" src=\"https:\/\/www.radiopiu.net\/wordpress\/wp-content\/uploads\/2023\/05\/DEDICHE-ALVARO-DAL-FARRA.mp3?_=13\" \/><a href=\"https:\/\/www.radiopiu.net\/wordpress\/wp-content\/uploads\/2023\/05\/DEDICHE-ALVARO-DAL-FARRA.mp3\">https:\/\/www.radiopiu.net\/wordpress\/wp-content\/uploads\/2023\/05\/DEDICHE-ALVARO-DAL-FARRA.mp3<\/a><\/audio>\n<p>&nbsp;<\/p>\n<blockquote>\n<h3>MARCO DE MARTIN E SILVIA SAPONARO PRESENTANO LO SPETTACOLO TEATRALE &#8220;OCCHIO PER OCCHIO, DENTIERA PER DENTIERA&#8221;<\/h3>\n<\/blockquote>\n<p><strong><a class=\"dt-pswp-item\" href=\"https:\/\/www.radiopiu.net\/wordpress\/wp-content\/uploads\/2023\/05\/spettacolo-teatrale-occhio-per-occhio-dentiera-per-dentiera-la-truffa-imperfetta-.jpg\" data-dt-img-description=\"\" data-large_image_width=\"1200\" data-large_image_height=\"642\"><img loading=\"lazy\" decoding=\"async\" class=\" wp-image-337351 alignleft\" src=\"https:\/\/www.radiopiu.net\/wordpress\/wp-content\/uploads\/2023\/05\/spettacolo-teatrale-occhio-per-occhio-dentiera-per-dentiera-la-truffa-imperfetta--300x161.jpg\" alt=\"\" width=\"198\" height=\"106\" srcset=\"https:\/\/www.radiopiu.net\/wordpress\/wp-content\/uploads\/2023\/05\/spettacolo-teatrale-occhio-per-occhio-dentiera-per-dentiera-la-truffa-imperfetta--300x161.jpg 300w, https:\/\/www.radiopiu.net\/wordpress\/wp-content\/uploads\/2023\/05\/spettacolo-teatrale-occhio-per-occhio-dentiera-per-dentiera-la-truffa-imperfetta--1024x548.jpg 1024w, https:\/\/www.radiopiu.net\/wordpress\/wp-content\/uploads\/2023\/05\/spettacolo-teatrale-occhio-per-occhio-dentiera-per-dentiera-la-truffa-imperfetta--768x411.jpg 768w, https:\/\/www.radiopiu.net\/wordpress\/wp-content\/uploads\/2023\/05\/spettacolo-teatrale-occhio-per-occhio-dentiera-per-dentiera-la-truffa-imperfetta-.jpg 1200w\" sizes=\"auto, (max-width: 198px) 100vw, 198px\" \/><\/a>REDAZIONE\u00a0<\/strong>Sabato 3 giugno all&#8217;Auditorium San Pietro di Mel andr\u00e0 in scena &#8220;OCCHIO PER OCCHIO, DENTIERA PER DENTIERA &#8211; La truffa imperfetta&#8221;. Una commedia sulle mirabolanti avventure di Uliana e Urbano. Due ottantenni amici da sempre che, ormai stanchi di subire continue truffe e ingiustizie, decidono di vendicarsi sfidando i giovani d\u2019oggi e organizzando &#8220;il piano perfetto&#8221; per truffarli! Di Silvia Saponaro. Con Silvia Saponaro e Marco De Martin. Commedia realizzata con la collaborazione dei Carabinieri Provinciali di Torino.<\/p>\n<p><strong>MARCO DE MARTIN E SILVIA SAPONARO<\/strong><\/p>\n<audio class=\"wp-audio-shortcode\" id=\"audio-337564-14\" preload=\"none\" style=\"width: 100%;\" controls=\"controls\"><source type=\"audio\/mpeg\" src=\"https:\/\/www.radiopiu.net\/wordpress\/wp-content\/uploads\/2023\/05\/DEDICHE-TEATRO.mp3?_=14\" \/><a href=\"https:\/\/www.radiopiu.net\/wordpress\/wp-content\/uploads\/2023\/05\/DEDICHE-TEATRO.mp3\">https:\/\/www.radiopiu.net\/wordpress\/wp-content\/uploads\/2023\/05\/DEDICHE-TEATRO.mp3<\/a><\/audio>\n<p>&nbsp;<\/p>\n<p><strong>IL TRAILER<\/strong><\/p>\n<p><iframe loading=\"lazy\" title=\"OCCHIO PER OCCHIO, DENTIERA PER DENTIERA - La truffa imperfetta\" src=\"https:\/\/player.vimeo.com\/video\/826151400?h=52963dfe2e&amp;dnt=1&amp;app_id=122963\" width=\"1200\" height=\"675\" frameborder=\"0\" allow=\"autoplay; fullscreen; picture-in-picture\" allowfullscreen><\/iframe><\/p>\n<p>&nbsp;<\/p>\n<blockquote>\n<h3>WALTER DE BIASIO, L&#8217;ARTISTA DI CANALE D&#8217;AGORDO<\/h3>\n<\/blockquote>\n<p><strong><a class=\"dt-pswp-item\" href=\"https:\/\/www.radiopiu.net\/wordpress\/wp-content\/uploads\/2023\/05\/2b6646c0-158e-46c1-8e3e-7d5d9926f1ac.jpg\" data-dt-img-description=\"\" data-large_image_width=\"1024\" data-large_image_height=\"768\"><img loading=\"lazy\" decoding=\"async\" class=\" wp-image-337354 alignleft\" src=\"https:\/\/www.radiopiu.net\/wordpress\/wp-content\/uploads\/2023\/05\/2b6646c0-158e-46c1-8e3e-7d5d9926f1ac-300x225.jpg\" alt=\"\" width=\"135\" height=\"101\" srcset=\"https:\/\/www.radiopiu.net\/wordpress\/wp-content\/uploads\/2023\/05\/2b6646c0-158e-46c1-8e3e-7d5d9926f1ac-300x225.jpg 300w, https:\/\/www.radiopiu.net\/wordpress\/wp-content\/uploads\/2023\/05\/2b6646c0-158e-46c1-8e3e-7d5d9926f1ac-768x576.jpg 768w, https:\/\/www.radiopiu.net\/wordpress\/wp-content\/uploads\/2023\/05\/2b6646c0-158e-46c1-8e3e-7d5d9926f1ac.jpg 1024w\" sizes=\"auto, (max-width: 135px) 100vw, 135px\" \/><\/a>REDAZIONE<\/strong> Ospite negli studi di Radio Pi\u00f9 nell&#8217;ultimo appuntamento con Dediche e Richieste Walter De Biasio. Walter ha una grande passione per il legno che lo scolpisce creando delle splendide sculture. Una passione iniziata a 40 anni ma che da alcuni anni sta portando avanti nel suo laboratorio di Canale D&#8217;Agordo.<\/p>\n<p><strong>WALTER DE BIASIO<\/strong><\/p>\n<audio class=\"wp-audio-shortcode\" id=\"audio-337564-15\" preload=\"none\" style=\"width: 100%;\" controls=\"controls\"><source type=\"audio\/mpeg\" src=\"https:\/\/www.radiopiu.net\/wordpress\/wp-content\/uploads\/2023\/05\/DEDICHE-WALTER-DE-BIASIO.mp3?_=15\" \/><a href=\"https:\/\/www.radiopiu.net\/wordpress\/wp-content\/uploads\/2023\/05\/DEDICHE-WALTER-DE-BIASIO.mp3\">https:\/\/www.radiopiu.net\/wordpress\/wp-content\/uploads\/2023\/05\/DEDICHE-WALTER-DE-BIASIO.mp3<\/a><\/audio>\n<p>&nbsp;<\/p>\n<blockquote>\n<h3>LA CALCHERA DE LE TORTE CON AGOSTINO CADORIN<\/h3>\n<\/blockquote>\n<p><strong><a class=\"dt-pswp-item\" href=\"https:\/\/www.radiopiu.net\/wordpress\/wp-content\/uploads\/2023\/05\/291423a3-601a-4e00-a555-597c69ce9290.jpg\" data-dt-img-description=\"\" data-large_image_width=\"2048\" data-large_image_height=\"1366\"><img loading=\"lazy\" decoding=\"async\" class=\" wp-image-336944 alignleft\" src=\"https:\/\/www.radiopiu.net\/wordpress\/wp-content\/uploads\/2023\/05\/291423a3-601a-4e00-a555-597c69ce9290-300x200.jpg\" alt=\"\" width=\"174\" height=\"116\" srcset=\"https:\/\/www.radiopiu.net\/wordpress\/wp-content\/uploads\/2023\/05\/291423a3-601a-4e00-a555-597c69ce9290-300x200.jpg 300w, https:\/\/www.radiopiu.net\/wordpress\/wp-content\/uploads\/2023\/05\/291423a3-601a-4e00-a555-597c69ce9290-1024x683.jpg 1024w, https:\/\/www.radiopiu.net\/wordpress\/wp-content\/uploads\/2023\/05\/291423a3-601a-4e00-a555-597c69ce9290-768x512.jpg 768w, https:\/\/www.radiopiu.net\/wordpress\/wp-content\/uploads\/2023\/05\/291423a3-601a-4e00-a555-597c69ce9290-1536x1025.jpg 1536w, https:\/\/www.radiopiu.net\/wordpress\/wp-content\/uploads\/2023\/05\/291423a3-601a-4e00-a555-597c69ce9290.jpg 2048w\" sizes=\"auto, (max-width: 174px) 100vw, 174px\" \/><\/a>REDAZIONE <\/strong>Quasi 5 giorni di lavoro per gli uomini del Piodech di Taibon per mantenere vivo il fuoco alla Calchera De Le Torte in Valle di San Lucano. Un fine settimana impegnativo con chili e chili di fascine da bruciare per mantere in temperatura i sassi da trasformare in calce. Tra gli uomini che si sono alternati ad alimentare il fuoco anche Agostino Cadorin che nell&#8217;ultima puntata di Dediche e Richieste ci ha raccontato queste giornate in Valle di San Lucano e cosa succede ora con la calce prodotta<\/p>\n<p><strong>AGOSTINO CADORIN<\/strong><\/p>\n<audio class=\"wp-audio-shortcode\" id=\"audio-337564-16\" preload=\"none\" style=\"width: 100%;\" controls=\"controls\"><source type=\"audio\/mpeg\" src=\"https:\/\/www.radiopiu.net\/wordpress\/wp-content\/uploads\/2023\/05\/DEDICHE-AGOSTINO-CADORIN.mp3?_=16\" \/><a href=\"https:\/\/www.radiopiu.net\/wordpress\/wp-content\/uploads\/2023\/05\/DEDICHE-AGOSTINO-CADORIN.mp3\">https:\/\/www.radiopiu.net\/wordpress\/wp-content\/uploads\/2023\/05\/DEDICHE-AGOSTINO-CADORIN.mp3<\/a><\/audio>\n<p>&nbsp;<\/p>\n<blockquote>\n<h3>GIORGIO DE NARDIN E LA PISCINA DI AGORDO<\/h3>\n<\/blockquote>\n<p><strong><a class=\"dt-pswp-item\" href=\"https:\/\/www.radiopiu.net\/wordpress\/wp-content\/uploads\/2023\/05\/e55160b5-f381-4bbc-8edb-a6068c92e0be.jpg\" data-dt-img-description=\"\" data-large_image_width=\"1169\" data-large_image_height=\"1138\"><img loading=\"lazy\" decoding=\"async\" class=\" wp-image-337360 alignleft\" src=\"https:\/\/www.radiopiu.net\/wordpress\/wp-content\/uploads\/2023\/05\/e55160b5-f381-4bbc-8edb-a6068c92e0be-300x292.jpg\" alt=\"\" width=\"100\" height=\"97\" srcset=\"https:\/\/www.radiopiu.net\/wordpress\/wp-content\/uploads\/2023\/05\/e55160b5-f381-4bbc-8edb-a6068c92e0be-300x292.jpg 300w, https:\/\/www.radiopiu.net\/wordpress\/wp-content\/uploads\/2023\/05\/e55160b5-f381-4bbc-8edb-a6068c92e0be-1024x997.jpg 1024w, https:\/\/www.radiopiu.net\/wordpress\/wp-content\/uploads\/2023\/05\/e55160b5-f381-4bbc-8edb-a6068c92e0be-768x748.jpg 768w, https:\/\/www.radiopiu.net\/wordpress\/wp-content\/uploads\/2023\/05\/e55160b5-f381-4bbc-8edb-a6068c92e0be.jpg 1169w\" sizes=\"auto, (max-width: 100px) 100vw, 100px\" \/><\/a>REDAZIONE<\/strong> Giorgio De Nardin \u00e8 tra coloro che hanno preso in mano la piscina di Agordo fin dalle prime ore di vita. Istruttore di nuoto che ha insegnato a nuotare mezzo Agordino assieme al suo compagno di avventure Roberto Broglio. Una vita passata a bordo piscina non solo ad insegnare ma anche ad intrattenere i pi\u00f9 piccoli come l&#8217;ultima volta che \u00e8 entrato in piscina vestito da squalo&#8230;<\/p>\n<p><strong>GIORGIO DE NARDIN<\/strong><\/p>\n<audio class=\"wp-audio-shortcode\" id=\"audio-337564-17\" preload=\"none\" style=\"width: 100%;\" controls=\"controls\"><source type=\"audio\/mpeg\" src=\"https:\/\/www.radiopiu.net\/wordpress\/wp-content\/uploads\/2023\/05\/DEDICHE-GIORGIO-DE-NARDIN.mp3?_=17\" \/><a href=\"https:\/\/www.radiopiu.net\/wordpress\/wp-content\/uploads\/2023\/05\/DEDICHE-GIORGIO-DE-NARDIN.mp3\">https:\/\/www.radiopiu.net\/wordpress\/wp-content\/uploads\/2023\/05\/DEDICHE-GIORGIO-DE-NARDIN.mp3<\/a><\/audio>\n<p>&nbsp;<\/p>\n<div style=\"width: 848px;\" class=\"wp-video\"><video class=\"wp-video-shortcode\" id=\"video-337564-3\" width=\"848\" height=\"480\" preload=\"metadata\" controls=\"controls\"><source type=\"video\/mp4\" src=\"https:\/\/www.radiopiu.net\/wordpress\/wp-content\/uploads\/2023\/05\/WhatsApp-Video-2023-05-24-at-22.52.22.mp4?_=3\" \/><a href=\"https:\/\/www.radiopiu.net\/wordpress\/wp-content\/uploads\/2023\/05\/WhatsApp-Video-2023-05-24-at-22.52.22.mp4\">https:\/\/www.radiopiu.net\/wordpress\/wp-content\/uploads\/2023\/05\/WhatsApp-Video-2023-05-24-at-22.52.22.mp4<\/a><\/video><\/div>\n<p>&nbsp;<\/p>\n<\/div>\n","protected":false},"excerpt":{"rendered":"<p>ISCRIVITI AL NOSTRO CANALE\u00a0 YOUTUBE PER SEGUIRE IN DIRETTA I PRINCIPALI PROGRAMMI DI RADIO PIU&#8217; E LE FUTURE DIRETTE IN ESTERNA. PER ISCRIVERTI CLICCA QUI E PREMI\u00a0 &#8220;Iscriviti&#8221;\u00a0 \u00a0 &nbsp; IERI IL GIORNO DELL&#8217; 86ESIMOCOMPLEANNO DELLE DOLOMITI AL GIRO, IL 26 MAGGIO DEL 1937 PER LA PRIMA VOLTA CON BARTALI E I CICLISTI SULLE DOLOMITI,&hellip;<\/p>\n","protected":false},"author":4,"featured_media":337697,"comment_status":"closed","ping_status":"closed","sticky":false,"template":"","format":"standard","meta":{"_monsterinsights_skip_tracking":false,"_monsterinsights_sitenote_active":false,"_monsterinsights_sitenote_note":"","_monsterinsights_sitenote_category":0,"footnotes":""},"categories":[51,86,49],"tags":[],"class_list":["post-337564","post","type-post","status-publish","format-standard","has-post-thumbnail","hentry","category-evidenza-top","category-gr","category-news-18","category-51","category-86","category-49","description-off"],"img_url":"https:\/\/www.radiopiu.net\/wordpress\/wp-content\/uploads\/2023\/05\/5b93d800-91ed-4e21-b320-b1408ce2b8a0.jpg","_links":{"self":[{"href":"https:\/\/www.radiopiu.net\/wordpress\/wp-json\/wp\/v2\/posts\/337564","targetHints":{"allow":["GET"]}}],"collection":[{"href":"https:\/\/www.radiopiu.net\/wordpress\/wp-json\/wp\/v2\/posts"}],"about":[{"href":"https:\/\/www.radiopiu.net\/wordpress\/wp-json\/wp\/v2\/types\/post"}],"author":[{"embeddable":true,"href":"https:\/\/www.radiopiu.net\/wordpress\/wp-json\/wp\/v2\/users\/4"}],"replies":[{"embeddable":true,"href":"https:\/\/www.radiopiu.net\/wordpress\/wp-json\/wp\/v2\/comments?post=337564"}],"version-history":[{"count":0,"href":"https:\/\/www.radiopiu.net\/wordpress\/wp-json\/wp\/v2\/posts\/337564\/revisions"}],"wp:featuredmedia":[{"embeddable":true,"href":"https:\/\/www.radiopiu.net\/wordpress\/wp-json\/wp\/v2\/media\/337697"}],"wp:attachment":[{"href":"https:\/\/www.radiopiu.net\/wordpress\/wp-json\/wp\/v2\/media?parent=337564"}],"wp:term":[{"taxonomy":"category","embeddable":true,"href":"https:\/\/www.radiopiu.net\/wordpress\/wp-json\/wp\/v2\/categories?post=337564"},{"taxonomy":"post_tag","embeddable":true,"href":"https:\/\/www.radiopiu.net\/wordpress\/wp-json\/wp\/v2\/tags?post=337564"}],"curies":[{"name":"wp","href":"https:\/\/api.w.org\/{rel}","templated":true}]}}