{"id":337596,"date":"2023-05-26T10:40:00","date_gmt":"2023-05-26T08:40:00","guid":{"rendered":"https:\/\/www.radiopiu.net\/wordpress\/?p=337596"},"modified":"2023-05-26T10:40:00","modified_gmt":"2023-05-26T08:40:00","slug":"vincenzo-nibali-cittadino-onorario-di-auronzo-la-maglia-rosa-allasta-a-favore-delle-popolazioni-dellemilia-romagna","status":"publish","type":"post","link":"https:\/\/www.radiopiu.net\/wordpress\/vincenzo-nibali-cittadino-onorario-di-auronzo-la-maglia-rosa-allasta-a-favore-delle-popolazioni-dellemilia-romagna\/","title":{"rendered":"VINCENZO NIBALI CITTADINO ONORARIO DI AURONZO. LA MAGLIA ROSA ALL\u2019ASTA, A FAVORE DELLE POPOLAZIONI DELL\u2019EMILIA ROMAGNA"},"content":{"rendered":"<p><strong>AURONZO <\/strong>A dieci anni dall\u2019impresa con la quale ha messo il sigillo al suo primo Giro d\u2019Italia, vincendo in maglia rosa, sotto una fitta nevicata, la tappa che si concludeva al rifugio Auronzo ai piedi delle Tre Cime di Lavaredo, Vincenzo Nibali \u00e8 diventato cittadino onorario di Auronzo di Cadore (Belluno). La cittadinanza onoraria gli \u00e8 stata conferita, nel corso di una cerimonia partecipatissima, alla sala consiliare di Auronzo, nella serata di gioved\u00ec 25 maggio, a dieci anni esatti dal 25 maggio del 2013.\u00a0 \u00abProtagonista di un&#8217;impresa epica, il 25 maggio 2013 con l&#8217;arrivo alle Tre Cime di Lavaredo ha scritto il proprio nome tra i vincitori di una delle salite pi\u00f9 iconiche del Giro d&#8217;Italia\u00bb cos\u00ec il sindaco di Auronzo, Dario Vecellio Galeno, leggendo la pergamena del conferimento. \u00abVincenzo Nibali ha contribuito a divulgare nel mondo la lealt\u00e0, la tenacia, il coraggio, la perseveranza come veri valori che il ciclismo sa trasmettere\u00bb. Madrina della serata, un\u2019atleta degli sport invernali, orgoglio delle Dolomiti, che nella stagione scorsa ha conquistato il terzo posto nella classifica generale della Coppa del mondo di biathlon e quattro medaglie (di cui una d\u2019oro in staffetta) ai Campionati del mondo: Lisa Vittozzi. La serata \u00e8 stata, anche, l\u2019occasione per lanciare un\u2019asta benefica a favore delle popolazioni dell\u2019Emilia Romagna colpite dall\u2019alluvione delle scorse settimane. Il comitato tappa, coordinato da Massimo Panighel e Lorenzo De Martin, ha messo all\u2019asta la maglia rosa del decennale, firmata da Nibali, insieme al logo di citt\u00e0 di tappa 2023, realizzato in legno di cirmolo, firmato da Nibali e da Lisa Vittozzi. L\u2019asta, gi\u00e0 aperta (lo rimarr\u00e0 fino al 4 giugno), \u00e8 disponibile sul sito <a href=\"http:\/\/www.regalaunsogno.org\">www.regalaunsogno.org<\/a>.<\/p>\n\n\t\t\t<style type='text\/css'>\n\t\t\t\t#gallery-1 {\n\t\t\t\t\tmargin: auto;\n\t\t\t\t}\n\t\t\t\t#gallery-1 .gallery-item {\n\t\t\t\t\tfloat: left;\n\t\t\t\t\tmargin-top: 10px;\n\t\t\t\t\ttext-align: center;\n\t\t\t\t\twidth: 20%;\n\t\t\t\t}\n\t\t\t\t#gallery-1 img {\n\t\t\t\t\tborder: 2px solid #cfcfcf;\n\t\t\t\t}\n\t\t\t\t#gallery-1 .gallery-caption {\n\t\t\t\t\tmargin-left: 0;\n\t\t\t\t}\n\t\t\t\t\/* see gallery_shortcode() in wp-includes\/media.php *\/\n\t\t\t<\/style>\n\t\t<div id='gallery-1' class='dt-gallery-container gallery galleryid-337596 gallery-columns-5 gallery-size-thumbnail'><dl class='gallery-item'>\n\t\t\t\t<dt class='gallery-icon portrait'>\n\t\t\t\t\t<a class=\"rollover rollover-zoom dt-pswp-item\" title=\"da sx dario vecellio galeno sindaco di auronzo_vincenzo nibali_ massimo pa... 2023\" data-dt-img-description=\"\" data-large_image_width=\"1200\" data-large_image_height=\"1600\"href='https:\/\/www.radiopiu.net\/wordpress\/wp-content\/uploads\/2023\/05\/da-sx-dario-vecellio-galeno-sindaco-di-auronzo_vincenzo-nibali_-massimo-pa.-2023.jpeg'><img loading=\"lazy\" decoding=\"async\" width=\"150\" height=\"150\" src=\"https:\/\/www.radiopiu.net\/wordpress\/wp-content\/uploads\/2023\/05\/da-sx-dario-vecellio-galeno-sindaco-di-auronzo_vincenzo-nibali_-massimo-pa.-2023-150x150.jpeg\" class=\"attachment-thumbnail size-thumbnail\" alt=\"\" \/><\/a>\n\t\t\t\t<\/dt><\/dl><dl class='gallery-item'>\n\t\t\t\t<dt class='gallery-icon landscape'>\n\t\t\t\t\t<a class=\"rollover rollover-zoom dt-pswp-item\" title=\"da sx dario vecellio galeno sindaco auronzo - vincenzo nibali - lisa vittozzi\" data-dt-img-description=\"\" data-large_image_width=\"2048\" data-large_image_height=\"2048\"href='https:\/\/www.radiopiu.net\/wordpress\/wp-content\/uploads\/2023\/05\/da-sx-dario-vecellio-galeno-sindaco-auronzo-vincenzo-nibali-lisa-vittozzi.jpeg'><img loading=\"lazy\" decoding=\"async\" width=\"150\" height=\"150\" src=\"https:\/\/www.radiopiu.net\/wordpress\/wp-content\/uploads\/2023\/05\/da-sx-dario-vecellio-galeno-sindaco-auronzo-vincenzo-nibali-lisa-vittozzi-150x150.jpeg\" class=\"attachment-thumbnail size-thumbnail\" alt=\"\" srcset=\"https:\/\/www.radiopiu.net\/wordpress\/wp-content\/uploads\/2023\/05\/da-sx-dario-vecellio-galeno-sindaco-auronzo-vincenzo-nibali-lisa-vittozzi-150x150.jpeg 150w, https:\/\/www.radiopiu.net\/wordpress\/wp-content\/uploads\/2023\/05\/da-sx-dario-vecellio-galeno-sindaco-auronzo-vincenzo-nibali-lisa-vittozzi-300x300.jpeg 300w, https:\/\/www.radiopiu.net\/wordpress\/wp-content\/uploads\/2023\/05\/da-sx-dario-vecellio-galeno-sindaco-auronzo-vincenzo-nibali-lisa-vittozzi-1024x1024.jpeg 1024w, https:\/\/www.radiopiu.net\/wordpress\/wp-content\/uploads\/2023\/05\/da-sx-dario-vecellio-galeno-sindaco-auronzo-vincenzo-nibali-lisa-vittozzi-768x768.jpeg 768w, https:\/\/www.radiopiu.net\/wordpress\/wp-content\/uploads\/2023\/05\/da-sx-dario-vecellio-galeno-sindaco-auronzo-vincenzo-nibali-lisa-vittozzi-1536x1536.jpeg 1536w, https:\/\/www.radiopiu.net\/wordpress\/wp-content\/uploads\/2023\/05\/da-sx-dario-vecellio-galeno-sindaco-auronzo-vincenzo-nibali-lisa-vittozzi.jpeg 2048w\" sizes=\"auto, (max-width: 150px) 100vw, 150px\" \/><\/a>\n\t\t\t\t<\/dt><\/dl><dl class='gallery-item'>\n\t\t\t\t<dt class='gallery-icon portrait'>\n\t\t\t\t\t<a class=\"rollover rollover-zoom dt-pswp-item\" title=\"logo citt\u00e0 tappa firmato vincenzo nibali e lisa vittozzi\" data-dt-img-description=\"\" data-large_image_width=\"1154\" data-large_image_height=\"2048\"href='https:\/\/www.radiopiu.net\/wordpress\/wp-content\/uploads\/2023\/05\/logo-citta-tappa-firmato-vincenzo-nibali-e-lisa-vittozzi.jpeg'><img loading=\"lazy\" decoding=\"async\" width=\"150\" height=\"150\" src=\"https:\/\/www.radiopiu.net\/wordpress\/wp-content\/uploads\/2023\/05\/logo-citta-tappa-firmato-vincenzo-nibali-e-lisa-vittozzi-150x150.jpeg\" class=\"attachment-thumbnail size-thumbnail\" alt=\"\" \/><\/a>\n\t\t\t\t<\/dt><\/dl><dl class='gallery-item'>\n\t\t\t\t<dt class='gallery-icon portrait'>\n\t\t\t\t\t<a class=\"rollover rollover-zoom dt-pswp-item\" title=\"maglia rosa vincenzo nibali_asta 2023\" data-dt-img-description=\"\" data-large_image_width=\"1155\" data-large_image_height=\"2048\"href='https:\/\/www.radiopiu.net\/wordpress\/wp-content\/uploads\/2023\/05\/maglia-rosa-vincenzo-nibali_asta-2023.jpeg'><img loading=\"lazy\" decoding=\"async\" width=\"150\" height=\"150\" src=\"https:\/\/www.radiopiu.net\/wordpress\/wp-content\/uploads\/2023\/05\/maglia-rosa-vincenzo-nibali_asta-2023-150x150.jpeg\" class=\"attachment-thumbnail size-thumbnail\" alt=\"\" \/><\/a>\n\t\t\t\t<\/dt><\/dl><dl class='gallery-item'>\n\t\t\t\t<dt class='gallery-icon landscape'>\n\t\t\t\t\t<a class=\"rollover rollover-zoom dt-pswp-item\" title=\"sala consiliare nibali\" data-dt-img-description=\"\" data-large_image_width=\"2048\" data-large_image_height=\"1536\"href='https:\/\/www.radiopiu.net\/wordpress\/wp-content\/uploads\/2023\/05\/sala-consiliare-nibali.jpeg'><img loading=\"lazy\" decoding=\"async\" width=\"150\" height=\"150\" src=\"https:\/\/www.radiopiu.net\/wordpress\/wp-content\/uploads\/2023\/05\/sala-consiliare-nibali-150x150.jpeg\" class=\"attachment-thumbnail size-thumbnail\" alt=\"\" \/><\/a>\n\t\t\t\t<\/dt><\/dl><br style=\"clear: both\" \/>\n\t\t\t<\/div>\n\n<p>&nbsp;<\/p>\n<p>&nbsp;<\/p>\n<p>********<\/p>\n","protected":false},"excerpt":{"rendered":"<p>AURONZO A dieci anni dall\u2019impresa con la quale ha messo il sigillo al suo primo Giro d\u2019Italia, vincendo in maglia rosa, sotto una fitta nevicata, la tappa che si concludeva al rifugio Auronzo ai piedi delle Tre Cime di Lavaredo, Vincenzo Nibali \u00e8 diventato cittadino onorario di Auronzo di Cadore (Belluno). La cittadinanza onoraria gli&hellip;<\/p>\n","protected":false},"author":4,"featured_media":337602,"comment_status":"closed","ping_status":"closed","sticky":false,"template":"","format":"standard","meta":{"_monsterinsights_skip_tracking":false,"_monsterinsights_sitenote_active":false,"_monsterinsights_sitenote_note":"","_monsterinsights_sitenote_category":0,"footnotes":""},"categories":[49],"tags":[],"class_list":["post-337596","post","type-post","status-publish","format-standard","has-post-thumbnail","hentry","category-news-18","category-49","description-off"],"img_url":"https:\/\/www.radiopiu.net\/wordpress\/wp-content\/uploads\/2023\/05\/da-sx-dario-vecellio-galeno-sindaco-auronzo-vincenzo-nibali-lisa-vittozzi.jpeg","_links":{"self":[{"href":"https:\/\/www.radiopiu.net\/wordpress\/wp-json\/wp\/v2\/posts\/337596","targetHints":{"allow":["GET"]}}],"collection":[{"href":"https:\/\/www.radiopiu.net\/wordpress\/wp-json\/wp\/v2\/posts"}],"about":[{"href":"https:\/\/www.radiopiu.net\/wordpress\/wp-json\/wp\/v2\/types\/post"}],"author":[{"embeddable":true,"href":"https:\/\/www.radiopiu.net\/wordpress\/wp-json\/wp\/v2\/users\/4"}],"replies":[{"embeddable":true,"href":"https:\/\/www.radiopiu.net\/wordpress\/wp-json\/wp\/v2\/comments?post=337596"}],"version-history":[{"count":0,"href":"https:\/\/www.radiopiu.net\/wordpress\/wp-json\/wp\/v2\/posts\/337596\/revisions"}],"wp:featuredmedia":[{"embeddable":true,"href":"https:\/\/www.radiopiu.net\/wordpress\/wp-json\/wp\/v2\/media\/337602"}],"wp:attachment":[{"href":"https:\/\/www.radiopiu.net\/wordpress\/wp-json\/wp\/v2\/media?parent=337596"}],"wp:term":[{"taxonomy":"category","embeddable":true,"href":"https:\/\/www.radiopiu.net\/wordpress\/wp-json\/wp\/v2\/categories?post=337596"},{"taxonomy":"post_tag","embeddable":true,"href":"https:\/\/www.radiopiu.net\/wordpress\/wp-json\/wp\/v2\/tags?post=337596"}],"curies":[{"name":"wp","href":"https:\/\/api.w.org\/{rel}","templated":true}]}}