{"id":337634,"date":"2023-05-26T11:49:59","date_gmt":"2023-05-26T09:49:59","guid":{"rendered":"https:\/\/www.radiopiu.net\/wordpress\/?p=337634"},"modified":"2023-05-26T11:49:59","modified_gmt":"2023-05-26T09:49:59","slug":"linflazione-erode-il-potere-dacquisto-dei-pensionati-bellunesi","status":"publish","type":"post","link":"https:\/\/www.radiopiu.net\/wordpress\/linflazione-erode-il-potere-dacquisto-dei-pensionati-bellunesi\/","title":{"rendered":"L\u2019INFLAZIONE ERODE IL POTERE D\u2019ACQUISTO DEI PENSIONATI BELLUNESI"},"content":{"rendered":"<p><strong><a class=\"dt-pswp-item\" href=\"https:\/\/www.radiopiu.net\/wordpress\/wp-content\/uploads\/2023\/02\/SPI-CGIL.png\" data-dt-img-description=\"\" data-large_image_width=\"278\" data-large_image_height=\"244\"><img loading=\"lazy\" decoding=\"async\" class=\" wp-image-322694 alignleft\" src=\"https:\/\/www.radiopiu.net\/wordpress\/wp-content\/uploads\/2023\/02\/SPI-CGIL.png\" alt=\"\" width=\"156\" height=\"137\" \/><\/a>BELLUNO <\/strong>Carrello della spesa e bollette, tanto per cominciare. Poi, spese mediche, (come il dentista), farmaci, carburanti, trasporti, servizi alle persone (come il parrucchiere). A partire dal 2022 tutto \u00e8 rincarato con percentuali anche a doppia cifra e ora i pensionati bellunesi, i pi\u00f9 poveri del Veneto dopo i rodigini, sono in grandissima difficolt\u00e0 e per loro arrivare a fine mese \u00e8 un\u2019impresa. Crolla il potere d\u2019acquisto. Secondo un\u2019indagine realizzata dallo Spi Cgil del Veneto in tutte le province della regione, la rivalutazione degli assegni previdenziali risulta allo stato attuale del tutto insufficiente per recuperare il potere d\u2019acquisto degli anziani bellunesi che sono dunque costretti a rinunce e sacrifici che riducono la loro qualit\u00e0 della vita. La ricerca evidenzia come nel 2022 la spesa di un under 65 che vive solo sia aumentata di 107,50 euro al mese (1.290 euro nell\u2019arco dell\u2019anno), trascinata soprattutto dalle bollette di luce e gas. Ma i rincari mordono anche nel 2023 con una inflazione che, secondo le previsioni, viagger\u00e0 al 5% incrementando ulteriormente il costo della spesa di altri 71,60 euro mensili. \u00a0Insomma, fra rincari del 2022 (107,50 euro, come detto) e quelli del 2023, la spesa quest\u2019anno ai pensionati bellunesi costa mediamente 179,10 euro in pi\u00f9 rispetto al 2021. Ma la rivalutazione ha portato in dote, sempre in media, 63 euro in pi\u00f9 al mese. All\u2019appello mancano dunque 116,10 euro mensili. Non proprio briciole.\u00a0 Le pensioni nel 2023. Analizzando i dati Inps emerge che il valore medio delle pensioni private in provincia (esclusi i centesimi) \u00e8 passato dai 982 euro lordi mensili del 2022 ai 1.045 euro attuali, con una crescita assoluta di circa 63 euro e un aumento percentuale di poco superiore al 6%. Ovviamente fra uomini e donne le differenze di reddito sono evidenti. Ai maschi arrivano assegni previdenziali medi di circa 1.410 euro lordi (pi\u00f9 73 euro rispetto al 2022) mentre le donne si debbono \u201caccontentare\u201d della met\u00e0, 765 euro lordi mensili (pi\u00f9 53 euro in confronto all\u2019anno passato). Pensioni povere. Guardando sempre ai nuovi dati Inps, si conferma pure nel Bellunese una larga quota di pensioni sotto i mille euro lordi mensili che rappresentano il 58% del totale. In pratica, tre assegni previdenziali su cinque sono inferiori a quella cifra \u201csimbolo\u201d, sotto la quale arrivare a fine mese \u00e8 una lotta. \u00a0Unica consolazione, il confronto con il 2022, quando la quota di pensioni under 1.000 euro era del 61,8%. Un decremento strettamente legato alla rivalutazione. Preoccupante, da questo punto di vista, il divario fra i pensionati di et\u00e0 compresa fra i 65 e i 79 anni, che possono contare su pensioni lorde medie mensili di 1.237 euro (pi\u00f9 81 euro rispetto al 2022), e gli over 80 che hanno assegni previdenziali di 764 euro (pi\u00f9 51 euro in confronto all\u2019anno passato). Il dato dipende dal divario di genere, infatti la stragrande maggioranza dei pensionati ultra80enni \u00e8 donna. L\u2019appello al governo. \u00ab<em>La nostra analisi<\/em> &#8211; commenta MariaRita Gentilin, segretaria generale dello Spi Cgil di Belluno &#8211; <em>conferma le sensazioni di questi mesi. Le pensioni dei nostri anziani non sono tutelate neppure dalla rivalutazione mentre l\u2019inflazione continua a mordere soprattutto sul carrello della spesa. Purtroppo, constatiamo che molti nostri pensionati hanno dovuto ridurre molte spese, soprattutto quelle dedicate ai prodotti alimentari. Per questo &#8211; <\/em>prosegue Gentilin<em> -, chiediamo di rivedere il sistema della rivalutazione e auspichiamo che il conguaglio previsto a partire da gennaio 2024 venga erogato in anticipo, come aveva fatto il governo Draghi nel 2022 assecondando le richieste dei sindacati. Torniamo a ribadire la necessit\u00e0 di allargare la platea dei beneficiari della 14esima mensilit\u00e0 e aumentare gli importi. Inoltre, monitoreremo anche la questione dell\u2019innalzamento delle pensioni minime, che ora appare solo come uno spot elettorale senza costrutto. Inevitabile, infine, la battaglia per una maggiore equit\u00e0 retributiva di genere<\/em>\u00bb. Massimo Cestaro della segreteria dello Spi Cgil del Veneto ribadisce che \u00ab<em>il meccanismo dell\u2019adeguamento all\u2019inflazione, seppur molto importante, appare insufficiente tanto pi\u00f9 che il governo Meloni ha riconosciuto una rivalutazione al 100% solo alle pensioni inferiori ai 2.101,52 euro lordi mensili (quattro volte il minimo) riducendola drasticamente per gli assegni superiori. Un torto che il nostro sindacato ha condannato fin da subito \u2013 <\/em>prosegue Cestaro -,<em> evidenziando che molti dei pensionati penalizzati dal governo non sono nababbi, ma ex operai specializzati o ex insegnanti, che dopo una vita di sacrifici e di contributi ora portano a casa assegni netti di 1.600, 1.700 euro. Anche per loro l\u2019inflazione \u00e8 stata devastante ma evidentemente l\u2019esecutivo Meloni non se n\u2019\u00e8 accorto<\/em><em>\u00bb. \u00a0<\/em><\/p>\n<p>&nbsp;<\/p>\n<p>&nbsp;<\/p>\n<p>*******<\/p>\n","protected":false},"excerpt":{"rendered":"<p>BELLUNO Carrello della spesa e bollette, tanto per cominciare. Poi, spese mediche, (come il dentista), farmaci, carburanti, trasporti, servizi alle persone (come il parrucchiere). A partire dal 2022 tutto \u00e8 rincarato con percentuali anche a doppia cifra e ora i pensionati bellunesi, i pi\u00f9 poveri del Veneto dopo i rodigini, sono in grandissima difficolt\u00e0 e&hellip;<\/p>\n","protected":false},"author":4,"featured_media":146655,"comment_status":"closed","ping_status":"closed","sticky":false,"template":"","format":"standard","meta":{"_monsterinsights_skip_tracking":false,"_monsterinsights_sitenote_active":false,"_monsterinsights_sitenote_note":"","_monsterinsights_sitenote_category":0,"footnotes":""},"categories":[49],"tags":[],"class_list":["post-337634","post","type-post","status-publish","format-standard","has-post-thumbnail","hentry","category-news-18","category-49","description-off"],"img_url":"https:\/\/www.radiopiu.net\/wordpress\/wp-content\/uploads\/2020\/06\/vista-frontale-dei-soldi-della-holding-della-persona_23-2148547912.jpg","_links":{"self":[{"href":"https:\/\/www.radiopiu.net\/wordpress\/wp-json\/wp\/v2\/posts\/337634","targetHints":{"allow":["GET"]}}],"collection":[{"href":"https:\/\/www.radiopiu.net\/wordpress\/wp-json\/wp\/v2\/posts"}],"about":[{"href":"https:\/\/www.radiopiu.net\/wordpress\/wp-json\/wp\/v2\/types\/post"}],"author":[{"embeddable":true,"href":"https:\/\/www.radiopiu.net\/wordpress\/wp-json\/wp\/v2\/users\/4"}],"replies":[{"embeddable":true,"href":"https:\/\/www.radiopiu.net\/wordpress\/wp-json\/wp\/v2\/comments?post=337634"}],"version-history":[{"count":0,"href":"https:\/\/www.radiopiu.net\/wordpress\/wp-json\/wp\/v2\/posts\/337634\/revisions"}],"wp:featuredmedia":[{"embeddable":true,"href":"https:\/\/www.radiopiu.net\/wordpress\/wp-json\/wp\/v2\/media\/146655"}],"wp:attachment":[{"href":"https:\/\/www.radiopiu.net\/wordpress\/wp-json\/wp\/v2\/media?parent=337634"}],"wp:term":[{"taxonomy":"category","embeddable":true,"href":"https:\/\/www.radiopiu.net\/wordpress\/wp-json\/wp\/v2\/categories?post=337634"},{"taxonomy":"post_tag","embeddable":true,"href":"https:\/\/www.radiopiu.net\/wordpress\/wp-json\/wp\/v2\/tags?post=337634"}],"curies":[{"name":"wp","href":"https:\/\/api.w.org\/{rel}","templated":true}]}}