{"id":337675,"date":"2023-05-26T15:54:17","date_gmt":"2023-05-26T13:54:17","guid":{"rendered":"https:\/\/www.radiopiu.net\/wordpress\/?p=337675"},"modified":"2023-05-26T15:59:07","modified_gmt":"2023-05-26T13:59:07","slug":"debitori-di-un-grazie-per-le-immagini","status":"publish","type":"post","link":"https:\/\/www.radiopiu.net\/wordpress\/debitori-di-un-grazie-per-le-immagini\/","title":{"rendered":"DEBITORI DI UN GRAZIE&#8230; PER LE IMMAGINI"},"content":{"rendered":"<p><strong><img loading=\"lazy\" decoding=\"async\" class=\"alignleft\" src=\"https:\/\/www.radiopiu.net\/wordpress\/wp-content\/uploads\/2023\/05\/b409db86-2ed3-4671-aa93-e3950040d859.jpg\" width=\"289\" height=\"163\" \/>AGORDO<\/strong> L&#8217;elicottero al servizio della Rai ha insistito molto su Agordo, diversamente da un anno fa quando il passaggio dei ciclisti \u00e8 coinciso con il lancio di un cluster pubblicitario&#8230;e non erano mancate le critiche miste a perplessit\u00e0.<\/p>\n<p>Quest&#8217;anno no, \u00e8 andata in modo diverso. Una precisa descrizione della citt\u00e0, con le sue peculiarit\u00e0, i suoi musei non ultimo quello dell&#8217;occhiale. Credo che ci sia qualcuno da ringraziare anche se ufficialmente non ci sono conferme&#8230; Grazie comunque, a nome di tutte le attivit\u00e0 che hanno creato il loro futuro sul turismo, quindi sulla conoscenza del territorio.<br \/>\nFOTO la scritta in piana dei mogn, PalaLuxottica.<\/p>\n<p>&nbsp;<\/p>\n<div style=\"width: 848px;\" class=\"wp-video\"><video class=\"wp-video-shortcode\" id=\"video-337675-1\" width=\"848\" height=\"480\" preload=\"metadata\" controls=\"controls\"><source type=\"video\/mp4\" src=\"https:\/\/www.radiopiu.net\/wordpress\/wp-content\/uploads\/2023\/05\/SCRITTA-PALALUXOTTICA.mp4?_=1\" \/><a href=\"https:\/\/www.radiopiu.net\/wordpress\/wp-content\/uploads\/2023\/05\/SCRITTA-PALALUXOTTICA.mp4\">https:\/\/www.radiopiu.net\/wordpress\/wp-content\/uploads\/2023\/05\/SCRITTA-PALALUXOTTICA.mp4<\/a><\/video><\/div>\n<p>___<\/p>\n","protected":false},"excerpt":{"rendered":"<p>AGORDO L&#8217;elicottero al servizio della Rai ha insistito molto su Agordo, diversamente da un anno fa quando il passaggio dei ciclisti \u00e8 coinciso con il lancio di un cluster pubblicitario&#8230;e non erano mancate le critiche miste a perplessit\u00e0. Quest&#8217;anno no, \u00e8 andata in modo diverso. Una precisa descrizione della citt\u00e0, con le sue peculiarit\u00e0, i&hellip;<\/p>\n","protected":false},"author":4,"featured_media":337676,"comment_status":"closed","ping_status":"closed","sticky":false,"template":"","format":"standard","meta":{"_monsterinsights_skip_tracking":false,"_monsterinsights_sitenote_active":false,"_monsterinsights_sitenote_note":"","_monsterinsights_sitenote_category":0,"footnotes":""},"categories":[51,49],"tags":[],"class_list":["post-337675","post","type-post","status-publish","format-standard","has-post-thumbnail","hentry","category-evidenza-top","category-news-18","category-51","category-49","description-off"],"img_url":"https:\/\/www.radiopiu.net\/wordpress\/wp-content\/uploads\/2023\/05\/b409db86-2ed3-4671-aa93-e3950040d859.jpg","_links":{"self":[{"href":"https:\/\/www.radiopiu.net\/wordpress\/wp-json\/wp\/v2\/posts\/337675","targetHints":{"allow":["GET"]}}],"collection":[{"href":"https:\/\/www.radiopiu.net\/wordpress\/wp-json\/wp\/v2\/posts"}],"about":[{"href":"https:\/\/www.radiopiu.net\/wordpress\/wp-json\/wp\/v2\/types\/post"}],"author":[{"embeddable":true,"href":"https:\/\/www.radiopiu.net\/wordpress\/wp-json\/wp\/v2\/users\/4"}],"replies":[{"embeddable":true,"href":"https:\/\/www.radiopiu.net\/wordpress\/wp-json\/wp\/v2\/comments?post=337675"}],"version-history":[{"count":0,"href":"https:\/\/www.radiopiu.net\/wordpress\/wp-json\/wp\/v2\/posts\/337675\/revisions"}],"wp:featuredmedia":[{"embeddable":true,"href":"https:\/\/www.radiopiu.net\/wordpress\/wp-json\/wp\/v2\/media\/337676"}],"wp:attachment":[{"href":"https:\/\/www.radiopiu.net\/wordpress\/wp-json\/wp\/v2\/media?parent=337675"}],"wp:term":[{"taxonomy":"category","embeddable":true,"href":"https:\/\/www.radiopiu.net\/wordpress\/wp-json\/wp\/v2\/categories?post=337675"},{"taxonomy":"post_tag","embeddable":true,"href":"https:\/\/www.radiopiu.net\/wordpress\/wp-json\/wp\/v2\/tags?post=337675"}],"curies":[{"name":"wp","href":"https:\/\/api.w.org\/{rel}","templated":true}]}}