{"id":337686,"date":"2023-05-26T16:35:53","date_gmt":"2023-05-26T14:35:53","guid":{"rendered":"https:\/\/www.radiopiu.net\/wordpress\/?p=337686"},"modified":"2023-05-29T05:41:51","modified_gmt":"2023-05-29T03:41:51","slug":"dolomitibus-sospende-il-servizio-impossibile-linversione","status":"publish","type":"post","link":"https:\/\/www.radiopiu.net\/wordpress\/dolomitibus-sospende-il-servizio-impossibile-linversione\/","title":{"rendered":"DOLOMITIBUS SOSPENDE IL SERVIZIO, IMPOSSIBILE L&#8217;INVERSIONE"},"content":{"rendered":"<p><strong><img loading=\"lazy\" decoding=\"async\" class=\"alignleft\" src=\"https:\/\/www.radiopiu.net\/wordpress\/wp-content\/uploads\/2021\/10\/9396bbfc-2818-4225-b55d-9a56c39206f1.jpg\" width=\"373\" height=\"210\" \/>FALCADE <\/strong>La localit\u00e0 Le Frate, situata lungo il percorso della tratta sospesa, presenta attualmente problemi che rendono impossibile eseguire la manovra di inversione delle marce in modo sicuro. Per questo motivo, Dolomitibus ha deciso di sospendere temporaneamente tutti i servizi di linea e atipici che effettuano il passaggio attraverso questa localit\u00e0. Nonostante la sospensione, il servizio di trasporto pubblico sar\u00e0 garantito fino alla fermata di Falcade Chiesa secondo gli orari programmati. I passeggeri potranno continuare a usufruire del servizio di trasporto pubblico nella tratta rimasta attiva, con la certezza che gli autobus seguiranno gli orari prestabiliti. Dolomitibus si impegna a ripristinare le condizioni di sicurezza necessarie il prima possibile per poter riprendere la tratta sospesa e garantire la continuit\u00e0 dei servizi di trasporto pubblico nella zona. Nel frattempo, sar\u00e0 importante per i passeggeri prendere nota di questa variazione e adeguare i propri piani di viaggio di conseguenza.<\/p>\n<blockquote><p><em>Gli utenti sono invitati a consultare i canali di comunicazione ufficiali di Dolomitibus per rimanere aggiornati sulle eventuali modifiche o sul ripristino del servizio nella tratta Falcade Chiesa-Falcade Alto, Le Frate. La sicurezza dei passeggeri rimane la massima priorit\u00e0 per l&#8217;azienda, che lavorer\u00e0 per garantire un servizio affidabile e efficiente non appena sar\u00e0 possibile.<\/em><\/p><\/blockquote>\n<p>&nbsp;<\/p>\n<hr \/>\n<p>&nbsp;<\/p>\n","protected":false},"excerpt":{"rendered":"<p>FALCADE La localit\u00e0 Le Frate, situata lungo il percorso della tratta sospesa, presenta attualmente problemi che rendono impossibile eseguire la manovra di inversione delle marce in modo sicuro. Per questo motivo, Dolomitibus ha deciso di sospendere temporaneamente tutti i servizi di linea e atipici che effettuano il passaggio attraverso questa localit\u00e0. Nonostante la sospensione, il&hellip;<\/p>\n","protected":false},"author":4,"featured_media":237486,"comment_status":"closed","ping_status":"closed","sticky":false,"template":"","format":"standard","meta":{"_monsterinsights_skip_tracking":false,"_monsterinsights_sitenote_active":false,"_monsterinsights_sitenote_note":"","_monsterinsights_sitenote_category":0,"footnotes":""},"categories":[51,49],"tags":[],"class_list":["post-337686","post","type-post","status-publish","format-standard","has-post-thumbnail","hentry","category-evidenza-top","category-news-18","category-51","category-49","description-off"],"img_url":"https:\/\/www.radiopiu.net\/wordpress\/wp-content\/uploads\/2021\/10\/9396bbfc-2818-4225-b55d-9a56c39206f1.jpg","_links":{"self":[{"href":"https:\/\/www.radiopiu.net\/wordpress\/wp-json\/wp\/v2\/posts\/337686","targetHints":{"allow":["GET"]}}],"collection":[{"href":"https:\/\/www.radiopiu.net\/wordpress\/wp-json\/wp\/v2\/posts"}],"about":[{"href":"https:\/\/www.radiopiu.net\/wordpress\/wp-json\/wp\/v2\/types\/post"}],"author":[{"embeddable":true,"href":"https:\/\/www.radiopiu.net\/wordpress\/wp-json\/wp\/v2\/users\/4"}],"replies":[{"embeddable":true,"href":"https:\/\/www.radiopiu.net\/wordpress\/wp-json\/wp\/v2\/comments?post=337686"}],"version-history":[{"count":0,"href":"https:\/\/www.radiopiu.net\/wordpress\/wp-json\/wp\/v2\/posts\/337686\/revisions"}],"wp:featuredmedia":[{"embeddable":true,"href":"https:\/\/www.radiopiu.net\/wordpress\/wp-json\/wp\/v2\/media\/237486"}],"wp:attachment":[{"href":"https:\/\/www.radiopiu.net\/wordpress\/wp-json\/wp\/v2\/media?parent=337686"}],"wp:term":[{"taxonomy":"category","embeddable":true,"href":"https:\/\/www.radiopiu.net\/wordpress\/wp-json\/wp\/v2\/categories?post=337686"},{"taxonomy":"post_tag","embeddable":true,"href":"https:\/\/www.radiopiu.net\/wordpress\/wp-json\/wp\/v2\/tags?post=337686"}],"curies":[{"name":"wp","href":"https:\/\/api.w.org\/{rel}","templated":true}]}}