{"id":337735,"date":"2023-05-29T05:41:59","date_gmt":"2023-05-29T03:41:59","guid":{"rendered":"https:\/\/www.radiopiu.net\/wordpress\/?p=337735"},"modified":"2023-05-29T10:13:08","modified_gmt":"2023-05-29T08:13:08","slug":"giornale-radiopiu-29-maggio-2023-direttore-mirko-mezzacasaverso-i-40-anni-25-giugno-1983-25-giugno-2023","status":"publish","type":"post","link":"https:\/\/www.radiopiu.net\/wordpress\/giornale-radiopiu-29-maggio-2023-direttore-mirko-mezzacasaverso-i-40-anni-25-giugno-1983-25-giugno-2023\/","title":{"rendered":"GIORNALE RADIOPIU 29 MAGGIO 2023 DIRETTORE MIRKO MEZZACASA\u2026VERSO I 40 ANNI 25 GIUGNO 1983-25 GIUGNO 2023"},"content":{"rendered":"<h2 style=\"text-align: left;\"><span style=\"color: #ff0000;\"><span style=\"vertical-align: inherit;\"><a class=\"dt-pswp-item\" href=\"https:\/\/www.radiopiu.net\/wordpress\/wp-content\/uploads\/2023\/04\/e0aad41d-951e-47b9-9fae-1a879a9bcb7e-1.jpg\" data-dt-img-description=\"\" data-large_image_width=\"1200\" data-large_image_height=\"1200\"><img loading=\"lazy\" decoding=\"async\" class=\"wp-image-333205 alignleft\" src=\"https:\/\/www.radiopiu.net\/wordpress\/wp-content\/uploads\/2023\/04\/e0aad41d-951e-47b9-9fae-1a879a9bcb7e-1-300x300.jpg\" alt=\"\" width=\"110\" height=\"110\" srcset=\"https:\/\/www.radiopiu.net\/wordpress\/wp-content\/uploads\/2023\/04\/e0aad41d-951e-47b9-9fae-1a879a9bcb7e-1-300x300.jpg 300w, https:\/\/www.radiopiu.net\/wordpress\/wp-content\/uploads\/2023\/04\/e0aad41d-951e-47b9-9fae-1a879a9bcb7e-1-1024x1024.jpg 1024w, https:\/\/www.radiopiu.net\/wordpress\/wp-content\/uploads\/2023\/04\/e0aad41d-951e-47b9-9fae-1a879a9bcb7e-1-150x150.jpg 150w, https:\/\/www.radiopiu.net\/wordpress\/wp-content\/uploads\/2023\/04\/e0aad41d-951e-47b9-9fae-1a879a9bcb7e-1-768x768.jpg 768w, https:\/\/www.radiopiu.net\/wordpress\/wp-content\/uploads\/2023\/04\/e0aad41d-951e-47b9-9fae-1a879a9bcb7e-1.jpg 1200w\" sizes=\"auto, (max-width: 110px) 100vw, 110px\" \/><\/a><\/span><\/span><\/h2>\n<h2 style=\"text-align: left;\"><span style=\"color: #ff0000;\"><span style=\"vertical-align: inherit;\">ISCRIVITI AL NOSTRO CANALE\u00a0 <\/span><\/span><span style=\"vertical-align: inherit;\"> YOUTUBE PER SEGUIRE IN DIRETTA I PRINCIPALI PROGRAMMI DI RADIO PIU&#8217; E LE FUTURE DIRETTE IN ESTERNA. PER ISCRIVERTI <\/span><a style=\"color: #ff0000;\" href=\"https:\/\/youtube.com\/@radiopiu1527\"><span style=\"vertical-align: inherit;\">CLICCA QUI <\/span><\/a><span style=\"color: #ff0000; font-size: 14px; font-weight: normal;\"><span style=\"vertical-align: inherit;\">E PREMI\u00a0 &#8220;Iscriviti&#8221;\u00a0 \u00a0<\/span><\/span><\/h2>\n<p>&nbsp;<\/p>\n<blockquote>\n<h3><strong>I PREMI ALLO SPORT BELLUNESE<\/strong><\/h3>\n<\/blockquote>\n<p><strong>Complimenti allo Sci Club Arabba, premio RADIO PIU&#8217; al festone del Corriere delle Alpi al Palafiere di Longarone. Oggi sul quotidiano bellunese il racconto di una fantastica serata, le foto dei protagonisti, la storia di un anno e piu&#8217; di sport bellunese. Bravo Attilio De Col. preziosissima colonna della redazione sportiva,\u00a0 per la perfetta organizzazione dell&#8217;evento.\u00a0<\/strong><br \/>\n<a class=\"dt-pswp-item\" href=\"https:\/\/www.radiopiu.net\/wordpress\/wp-content\/uploads\/2023\/05\/Senza-nome-82.jpg\" data-dt-img-description=\"\" data-large_image_width=\"437\" data-large_image_height=\"305\"><img loading=\"lazy\" decoding=\"async\" class=\"wp-image-337950 size-full aligncenter\" src=\"https:\/\/www.radiopiu.net\/wordpress\/wp-content\/uploads\/2023\/05\/Senza-nome-82.jpg\" alt=\"\" width=\"437\" height=\"305\" srcset=\"https:\/\/www.radiopiu.net\/wordpress\/wp-content\/uploads\/2023\/05\/Senza-nome-82.jpg 437w, https:\/\/www.radiopiu.net\/wordpress\/wp-content\/uploads\/2023\/05\/Senza-nome-82-300x209.jpg 300w\" sizes=\"auto, (max-width: 437px) 100vw, 437px\" \/><\/a><\/p>\n<p>&nbsp;<\/p>\n<p><span style=\"color: #0000ff;\"><strong>LA FESTA DELLO SPORT<\/strong><\/span><\/p>\n<blockquote>\n<h3>A LONGARONE FIERE LA FESTA DELLO SPORT<\/h3>\n<\/blockquote>\n<p><strong>LONGARONE<\/strong><\/p>\n<p><strong>LA PREMIAZIONE ALLO SCI CLUB ARABBA (PREMIO RADIO PIU&#8217;)<\/strong><\/p>\n<div style=\"width: 1200px;\" class=\"wp-video\"><video class=\"wp-video-shortcode\" id=\"video-337735-1\" width=\"1200\" height=\"675\" preload=\"metadata\" controls=\"controls\"><source type=\"video\/mp4\" src=\"https:\/\/www.radiopiu.net\/wordpress\/wp-content\/uploads\/2023\/05\/PREMIAZIONI-FESTA-SPORT-LONGARONE.mp4?_=1\" \/><a href=\"https:\/\/www.radiopiu.net\/wordpress\/wp-content\/uploads\/2023\/05\/PREMIAZIONI-FESTA-SPORT-LONGARONE.mp4\">https:\/\/www.radiopiu.net\/wordpress\/wp-content\/uploads\/2023\/05\/PREMIAZIONI-FESTA-SPORT-LONGARONE.mp4<\/a><\/video><\/div>\n<p>&nbsp;<\/p>\n<p><span style=\"color: #ff0000;\"><strong>di GIANLUCA DA POIAN<\/strong><\/span><\/p>\n<div class=\"articlePlainText\">\n<h2 style=\"text-align: left;\"><span style=\"vertical-align: inherit;\"><a class=\"dt-pswp-item\" href=\"https:\/\/www.radiopiu.net\/wordpress\/wp-content\/uploads\/2023\/05\/file-1.jpg\" data-dt-img-description=\"\" data-large_image_width=\"640\" data-large_image_height=\"640\"><img loading=\"lazy\" decoding=\"async\" class=\" wp-image-337971 alignleft\" src=\"https:\/\/www.radiopiu.net\/wordpress\/wp-content\/uploads\/2023\/05\/file-1-300x300.jpg\" alt=\"\" width=\"153\" height=\"153\" srcset=\"https:\/\/www.radiopiu.net\/wordpress\/wp-content\/uploads\/2023\/05\/file-1-300x300.jpg 300w, https:\/\/www.radiopiu.net\/wordpress\/wp-content\/uploads\/2023\/05\/file-1-150x150.jpg 150w, https:\/\/www.radiopiu.net\/wordpress\/wp-content\/uploads\/2023\/05\/file-1.jpg 640w\" sizes=\"auto, (max-width: 153px) 100vw, 153px\" \/><\/a><\/span><\/h2>\n<p><strong>corrierealpi <\/strong>E&#8217; stata la festa dello sport. Di chi lo pratica, di chi lo segue, di chi ne \u00e8 appassionato, di chi lo racconta quotidianamente. \u00c8 stata un&#8217;iniezione di orgoglio per un territorio che troppo spesso scivola in uno sguardo d&#8217;invidia per i vicini. Sabato, nel notevole scenario di Longarone Fiere addobbato a festa per il Giro d&#8217;Italia, abbiamo ospitato oltre una settantina tra squadre e singoli atleti e ci siamo resi conto che forse sono gli altri a doverci osservare meravigliati. Nonostante numeri pi\u00f9 scarni, al di l\u00e0 di un&#8217;impiantistica troppo spesso dimenticata dalla politica, sul palco sono salite medaglie mondiali ed olimpiche, atleti professionisti, realt\u00e0 nazionali, talenti del futuro.<\/p>\n<\/div>\n<div class=\"articlePlainText\">Scusate, ma chi in un territorio di montagna, spesso trovandosi a fare i conti con carenze infrastrutturali ed economiche oltre al noto spopolamento, poteva proporre un parterre come sabato? Da Axel Bassani talento della Superbike all&#8217;ormai affermata biathleta Lisa Vittozzi, dal ciclista professionista Andrea Pietrobon ad un Elia Barp che nel fondo promette di regalarci sorrisi. Alyssa D&#8217;Inc\u00e0 con la maglia della nazionale azzurra di rugby, Luicia Dalmasso che continua a crescere nello snowboard e punta dritto e determinata ai Giochi olimipici sulle nevi di casa. E sono solo alcuni dei nomi di maggior rilevanza mediatica. Sabato \u00e8 stata la festa di tutte le discipline, nessuno escluso. Motori, ghiaccio, campi in erba e parquet di palestre, sentieri sterrati, piste innevate\u2026 Abbiamo ascoltato storie splendide di persone di ogni et\u00e0. Ci siamo fermati a riflettere di fronte ai nostri sportivi paralimpici, i quali trasformano le ulteriori difficolt\u00e0 in motivazioni utili ad abbattere limiti e barriere. Sono state applaudite le squadre vincitrici dei campionati e anche chi magari si \u00e8 fermato ad un passo dal traguardo. Una carrellata di campioni affermati e promesse che qui riproponiamo con le immagini della serata in un album che gi\u00e0 trova posto tra i ricordi pi\u00f9 belli, grazie al contribuito di Manzotti automobili, Panciera arredamenti, Springo, Superauto, Autopratiche Dolomiti, Nuova Ceramiche, Udifon e Azzalini Energie.<\/div>\n<div class=\"articlePlainText\">Ringraziamenti doverosi e sinceri agli ospiti saliti sul palco per consegnare i premi assieme ai giornalisti del Corriere. Allenatori, atleti del passato, dirigenti sportivi. Esempi da seguire che hanno stretto la mano e consegnato l&#8217;ideale testimone a chi adesso o tra qualche anno tener\u00e0 di scrivere altre pagine di storia della nostra provincia.\u00a0\u2014<\/div>\n<div class=\"articlePlainText\"><\/div>\n<p>&nbsp;<\/p>\n<h2 style=\"text-align: left;\"><span style=\"vertical-align: inherit;\"><a class=\"dt-pswp-item\" href=\"https:\/\/www.radiopiu.net\/wordpress\/wp-content\/uploads\/2023\/05\/Senza-nome-87.jpg\" data-dt-img-description=\"\" data-large_image_width=\"465\" data-large_image_height=\"649\"><img loading=\"lazy\" decoding=\"async\" class=\"wp-image-337969 size-full aligncenter\" src=\"https:\/\/www.radiopiu.net\/wordpress\/wp-content\/uploads\/2023\/05\/Senza-nome-87.jpg\" alt=\"\" width=\"465\" height=\"649\" srcset=\"https:\/\/www.radiopiu.net\/wordpress\/wp-content\/uploads\/2023\/05\/Senza-nome-87.jpg 465w, https:\/\/www.radiopiu.net\/wordpress\/wp-content\/uploads\/2023\/05\/Senza-nome-87-215x300.jpg 215w\" sizes=\"auto, (max-width: 465px) 100vw, 465px\" \/><\/a><\/span><\/h2>\n<hr \/>\n<p>&nbsp;<\/p>\n<blockquote>\n<h3>ACQUA\u00a0 POTABILE<\/h3>\n<\/blockquote>\n<blockquote>\n<h3><img loading=\"lazy\" decoding=\"async\" class=\"alignleft\" src=\"https:\/\/www.radiopiu.net\/wordpress\/wp-content\/uploads\/2023\/04\/drop-545377__340.jpg\" width=\"200\" height=\"121\" \/>ACQUA\u00a0 POTABILE<\/h3>\n<\/blockquote>\n<p><strong>FALCADE<\/strong> Gestione Servizi Pubblici informa che a FALCADE nelle localit\u00e0 FALCADE ALTO, VILLOTTA, LA FOCA E VIA MAS DE LE MOLE l&#8217;acqua erogata dall&#8217;acquedotto \u00e8 di nuovo potabile e pu\u00f2 essere usata, quindi, per scopi alimentari. Per informazioni \u00e8 possibile contattare il Servizio Clienti al numero 800 306 999 o +39 0445 230521 (da estero)<\/p>\n<p>&nbsp;<\/p>\n<p>&nbsp;<\/p>\n<hr \/>\n<p>&nbsp;<\/p>\n<p align=\"CENTER\"><span style=\"color: #000000;\"><span style=\"font-family: Arial, serif;\"><span style=\"font-size: large;\"><b>CHIUSURA SENTIERO ALTA VIA NUMERO 1<\/b><\/span><\/span><\/span><\/p>\n<p><strong>LA VALLE AGORDINA<\/strong> Sentiero chiuso al transito lungo l&#8217;Alta via delle Dolomiti tra Pian de Caleda e Forcella Dagarei per lavori di esbosco. dal 29 maggio a fine lavori, sabato e domenica compresi.<\/p>\n<p>&nbsp;<\/p>\n<p>&nbsp;<\/p>\n<hr \/>\n<p>&nbsp;<\/p>\n<blockquote>\n<h3 class=\"entry-title\">GRAVISSIMO INCIDENTE SULLA STATALE 51 LUNGO IL LAGO DI SANTA CROCE<\/h3>\n<\/blockquote>\n<p><strong>ALPAGO<\/strong> Un tragico incidente si \u00e8 verificato ieri pomeriggio lungo la statale 51, che costeggia il suggestivo lago di Santa Croce. Alle 15.30, all\u2019altezza del bivio che porta a Cornolade, un motociclista ha perso il controllo del suo mezzo mentre affrontava una curva. Purtroppo, l\u2019uomo, identificato come Walter Lorenzon, un 56enne residente a Pieve di Soligo, ha perso la vita nell\u2019impatto. La moglie del motociclista, che viaggiava come passeggera, ha riportato ferite non gravi nell\u2019incidente. Tempestivamente, il personale sanitario \u00e8 intervenuto, arrivando sul luogo con un\u2019ambulanza e un elicottero provenienti dall\u2019ospedale San Martino di Belluno. Nonostante gli sforzi compiuti per salvarlo, il motociclista \u00e8 purtroppo deceduto. La moglie \u00e8 stata trasportata in ospedale per ricevere le cure necessarie. I carabinieri, oltre al personale medico, si sono occupati di effettuare i rilievi del sinistro.<\/p>\n<p>&nbsp;<\/p>\n<p>&nbsp;<\/p>\n<hr \/>\n<p>&nbsp;<\/p>\n<p>&nbsp;<\/p>\n<blockquote>\n<h3>IL GRAVE INCIDENTE DELLO SCORSO FINE SETTIMANA A TAIBON<\/h3>\n<\/blockquote>\n<p><strong><img loading=\"lazy\" decoding=\"async\" class=\"alignleft\" src=\"https:\/\/www.radiopiu.net\/wordpress\/wp-content\/uploads\/2023\/05\/09db9405-115c-4833-af12-9a0fe0e4bf07.jpg\" width=\"284\" height=\"160\" \/>TAIBON<\/strong> Venerdi pomeriggio, dopo dopo il passaggio del giro d&#8217;Italia l&#8217;incidente, lungo via Aivata a Taibon. Lo scooter \u00e8 finito contro il guard rail, gravemente ferito il conducente, F.B. di Agordo,\u00a0 trasportato dapprima all&#8217;ospedale di Agordo e successivamente al San Martino di Belluno. Illesa la ragazza trasportata sul sellino dello scooter.\u00a0 La bella notizia, come ci racconta la mamma. &#8220;Mio figlio \u00e8 rimasto per oltre un giorno in rianimazione, sottoposto a intervento chirurgico \u00e8 ora stato trasferito nel reparto di radiologia&#8221;. Un incidente autonomo a quanto pare, all&#8217;altezza dell&#8217;imbocco con l&#8217;ex regionale 203 agordina.<br \/>\n<em>A F. anche dalla nostra redazione l&#8217;augurio di una pronta guarigione.<\/em><\/p>\n<p>&nbsp;<\/p>\n<p>&nbsp;<\/p>\n<hr \/>\n<p>&nbsp;<\/p>\n<div id=\"cappello\"><\/div>\n<blockquote>\n<h3 id=\"data\">UNA VALLE IN LACRIME PER LEO<\/h3>\n<\/blockquote>\n<div id=\"testo\">\n<p><a class=\"dt-pswp-item\" href=\"https:\/\/www.radiopiu.net\/wordpress\/wp-content\/uploads\/2023\/05\/Senza-nome-84.jpg\" data-dt-img-description=\"\" data-large_image_width=\"263\" data-large_image_height=\"193\"><img loading=\"lazy\" decoding=\"async\" class=\" wp-image-337953 alignleft\" src=\"https:\/\/www.radiopiu.net\/wordpress\/wp-content\/uploads\/2023\/05\/Senza-nome-84.jpg\" alt=\"\" width=\"219\" height=\"161\" \/><\/a><\/p>\n<div class=\"sezioneArticolo\"><strong>VAL DI ZOLDO <\/strong>Leonardo Corazza, 21 anni, Leo per gli amici \u00e8 mancato,\u00a0 portato via da un male incurabile scoperto\u00a0 un anno fa, nella scorsa estate ha gestito, insieme al fratello Riccardo e a Gabriele, il rifugio Bosconero, da fine maggio fino ai primi di ottobre.<\/div>\n<div>I funerali si sono celebrati la scorsa settimana nella chiesa San Floriano in Val di Zoldo. La famiglia ringrazia Dannahuser, Elena, Barbara dell&#8217;unit\u00e0 cure palliative domiciliari di Belluno .<\/div>\n<div><\/div>\n<div><\/div>\n<div><\/div>\n<div><\/div>\n<div><\/div>\n<div><\/div>\n<\/div>\n<hr \/>\n<p>&nbsp;<\/p>\n<blockquote>\n<h3>ADDIO CARA TERESA, NELLE TUE POESIE LE RADICI MAI DIMENTICATE<\/h3>\n<\/blockquote>\n<p><strong>GOSALDO<\/strong>\u00a0 Teresa Renon una cara persona di 99 anni che ci ha lasciati e alla quale volevamo bene. Scriveva filastrocche e poesie raccolte anche in un libricino. Il ricordo affidato a Italo Rualta.<\/p>\n<audio class=\"wp-audio-shortcode\" id=\"audio-337735-1\" preload=\"none\" style=\"width: 100%;\" controls=\"controls\"><source type=\"audio\/mpeg\" src=\"https:\/\/www.radiopiu.net\/wordpress\/wp-content\/uploads\/2023\/05\/ITALO.mp3?_=1\" \/><a href=\"https:\/\/www.radiopiu.net\/wordpress\/wp-content\/uploads\/2023\/05\/ITALO.mp3\">https:\/\/www.radiopiu.net\/wordpress\/wp-content\/uploads\/2023\/05\/ITALO.mp3<\/a><\/audio>\n<p>&nbsp;<\/p>\n\n\t\t\t<style type='text\/css'>\n\t\t\t\t#gallery-1 {\n\t\t\t\t\tmargin: auto;\n\t\t\t\t}\n\t\t\t\t#gallery-1 .gallery-item {\n\t\t\t\t\tfloat: left;\n\t\t\t\t\tmargin-top: 10px;\n\t\t\t\t\ttext-align: center;\n\t\t\t\t\twidth: 33%;\n\t\t\t\t}\n\t\t\t\t#gallery-1 img {\n\t\t\t\t\tborder: 2px solid #cfcfcf;\n\t\t\t\t}\n\t\t\t\t#gallery-1 .gallery-caption {\n\t\t\t\t\tmargin-left: 0;\n\t\t\t\t}\n\t\t\t\t\/* see gallery_shortcode() in wp-includes\/media.php *\/\n\t\t\t<\/style>\n\t\t<div id='gallery-1' class='dt-gallery-container gallery galleryid-337735 gallery-columns-3 gallery-size-thumbnail'><dl class='gallery-item'>\n\t\t\t\t<dt class='gallery-icon landscape'>\n\t\t\t\t\t<a class=\"rollover rollover-zoom dt-pswp-item\" title=\"346975142_151478584449181_4655514369637706891_n\" data-dt-img-description=\"\" data-large_image_width=\"720\" data-large_image_height=\"540\"href='https:\/\/www.radiopiu.net\/wordpress\/wp-content\/uploads\/2023\/05\/346975142_151478584449181_4655514369637706891_n.jpg'><img loading=\"lazy\" decoding=\"async\" width=\"150\" height=\"150\" src=\"https:\/\/www.radiopiu.net\/wordpress\/wp-content\/uploads\/2023\/05\/346975142_151478584449181_4655514369637706891_n-150x150.jpg\" class=\"attachment-thumbnail size-thumbnail\" alt=\"\" \/><\/a>\n\t\t\t\t<\/dt><\/dl><dl class='gallery-item'>\n\t\t\t\t<dt class='gallery-icon portrait'>\n\t\t\t\t\t<a class=\"rollover rollover-zoom dt-pswp-item\" title=\"346281556_626359016212385_7900700998625637751_n\" data-dt-img-description=\"\" data-large_image_width=\"718\" data-large_image_height=\"957\"href='https:\/\/www.radiopiu.net\/wordpress\/wp-content\/uploads\/2023\/05\/346281556_626359016212385_7900700998625637751_n.jpg'><img loading=\"lazy\" decoding=\"async\" width=\"150\" height=\"150\" src=\"https:\/\/www.radiopiu.net\/wordpress\/wp-content\/uploads\/2023\/05\/346281556_626359016212385_7900700998625637751_n-150x150.jpg\" class=\"attachment-thumbnail size-thumbnail\" alt=\"\" \/><\/a>\n\t\t\t\t<\/dt><\/dl><dl class='gallery-item'>\n\t\t\t\t<dt class='gallery-icon portrait'>\n\t\t\t\t\t<a class=\"rollover rollover-zoom dt-pswp-item\" title=\"6566a09b-f36c-4484-bddb-2f041cb41548\" data-dt-img-description=\"\" data-large_image_width=\"1512\" data-large_image_height=\"2016\"href='https:\/\/www.radiopiu.net\/wordpress\/wp-content\/uploads\/2023\/05\/6566a09b-f36c-4484-bddb-2f041cb41548.jpg'><img loading=\"lazy\" decoding=\"async\" width=\"150\" height=\"150\" src=\"https:\/\/www.radiopiu.net\/wordpress\/wp-content\/uploads\/2023\/05\/6566a09b-f36c-4484-bddb-2f041cb41548-150x150.jpg\" class=\"attachment-thumbnail size-thumbnail\" alt=\"\" \/><\/a>\n\t\t\t\t<\/dt><\/dl><br style=\"clear: both\" \/>\n\t\t\t<\/div>\n\n<p>&nbsp;<\/p>\n<p>&nbsp;<\/p>\n<p>&nbsp;<\/p>\n<p>&nbsp;<\/p>\n<hr \/>\n<p>&nbsp;<\/p>\n<blockquote>\n<h3>E&#8217; MANCATA LA MAESTRA MONEGO, INSEGNANTE PER 30 ANNI<\/h3>\n<\/blockquote>\n<p><a class=\"dt-pswp-item\" href=\"https:\/\/www.radiopiu.net\/wordpress\/wp-content\/uploads\/2023\/05\/Senza-nome-80.jpg\" data-dt-img-description=\"\" data-large_image_width=\"240\" data-large_image_height=\"238\"><img loading=\"lazy\" decoding=\"async\" class=\" wp-image-337947 alignleft\" src=\"https:\/\/www.radiopiu.net\/wordpress\/wp-content\/uploads\/2023\/05\/Senza-nome-80.jpg\" alt=\"\" width=\"126\" height=\"125\" srcset=\"https:\/\/www.radiopiu.net\/wordpress\/wp-content\/uploads\/2023\/05\/Senza-nome-80.jpg 240w, https:\/\/www.radiopiu.net\/wordpress\/wp-content\/uploads\/2023\/05\/Senza-nome-80-150x150.jpg 150w\" sizes=\"auto, (max-width: 126px) 100vw, 126px\" \/><\/a><br \/>\n<strong>VODO\u00a0 DI CADORE<\/strong>\u00a0 Un paese in lutto per la morte della maestra Marta Monego. Di origini veneziane, aveva 72 anni e per circa 30 anni aveva insegnato alle scuole elementari di Vodo, definendo l&#8217;educazione di intere generazioni. Lascia il marito Marco Moretta figlio Michele.<\/p>\n<p>&nbsp;<\/p>\n<p>&nbsp;<\/p>\n<hr \/>\n<p>&nbsp;<\/p>\n<p>&nbsp;<\/p>\n<p>&nbsp;<\/p>\n<blockquote>\n<h3>PILOTA DI FREESTYLE MOTOCROSS SOTTO AI FERRI DOPO L&#8217;INCIDENTE<\/h3>\n<\/blockquote>\n<p><strong>BELLUNO<\/strong> A.B.\u00a0 pilota bellunese di freestyle motocross \u00e8 stato operato ieri presso l&#8217;ospedale di Treviso dopo aver subito un grave incidente durante un&#8217;esibizione al Motor Street Food a Ponte. Il trentenne\u00a0 ha riportato la rottura di due vertebre a seguito di una caduta durante un salto. L&#8217;incidente si \u00e8 verificato quando la moto ha improvvisamente perso il controllo e il pilota \u00e8 caduto, venendo colpito alla schiena dal veicolo stesso. Fortunatamente, i volontari dell&#8217;Eva Alpago, che fornivano assistenza alla manifestazione presso il campo sportivo pontalpino, sono intervenuti prontamente per soccorrere il giovane. A.B. \u00e8 stato trasportato in ambulanza al Pronto Soccorso dell&#8217;ospedale San Martino di Belluno, dove sono stati effettuati i primi accertamenti. Gi\u00e0 nella serata di sabato si sospettava la presenza di una frattura alla schiena. Successivamente, \u00e8 stato deciso di trasferirlo a Treviso per l&#8217;intervento chirurgico. La delicata operazione \u00e8 riuscita con successo, ma il pilota dovr\u00e0 affrontare un lungo periodo di recupero che richieder\u00e0 diverse settimane.<\/p>\n<p>&nbsp;<\/p>\n<hr \/>\n<p>&nbsp;<\/p>\n<p>&nbsp;<\/p>\n<p>&nbsp;<\/p>\n<blockquote>\n<h3>\u00a0BIMBA DI UN ANNO COLPITA DA MALORE, SCATTANO I SOCCORSI<\/h3>\n<\/blockquote>\n<p>&nbsp;<\/p>\n<p><strong>ALANO DI PIAVE<\/strong> Una bimba di un anno residente a Pieve del Grappa ha avuto un malore mentre si trovava con i genitori a nord di Malga Camparonetta. La piccola ha avuto una &#8220;crisi di assenza&#8221; con difficolt\u00e0 respiratorie, causando paura ai genitori. Essi hanno immediatamente chiamato il numero di emergenza 118 per chiedere aiuto. In risposta alla chiamata, sono stati inviati un&#8217;ambulanza fuoristrada, medico e infermiere di Pedemontana Emergenza, insieme a due mezzi del Soccorso alpino della Pedemontana del Grappa. Dopo circa venti minuti, i soccorritori hanno raggiunto la famiglia e hanno assistito la piccola, che nel frattempo era gi\u00e0 in condizioni notevolmente migliorate. Non \u00e8 stato necessario trasferirla in ospedale poich\u00e9 l&#8217;elicottero del Ca&#8217; Foncello \u00e8 stato fermato<\/p>\n<p>&nbsp;<\/p>\n<hr \/>\n<p>&nbsp;<\/p>\n<p>&nbsp;<\/p>\n<p>&nbsp;<\/p>\n<blockquote>\n<h3 class=\"entry-title\">RECUPERATI PADRE E FIGLIO SULLA FERRATA<\/h3>\n<\/blockquote>\n<p><strong><img loading=\"lazy\" decoding=\"async\" class=\"alignleft\" src=\"https:\/\/www.radiopiu.net\/wordpress\/wp-content\/uploads\/2023\/05\/th-25.jpg\" width=\"147\" height=\"110\" \/>LIVINALLONGO<\/strong>\u00a0 Attorno alle 16 di sabato l\u2019elicottero del Suem di Pieve di Cadore \u00e8 intervenuto all\u2019uscita della Ferrata Piazzetta, per due escursionisti trevigiani, padre e figlio, che erano rimasti bloccati dalla neve. A causa della nebbia, l\u2019eliambulanza \u00e8 rimasta pi\u00f9 alta, individuando il punto dalle coordinate, fin quando si \u00e8 aperto un varco che ha permesso l\u2019avvicinamento. Recuperati in hovering, i due sono stati trasportati a valle alla macchina.<\/p>\n<p>&nbsp;<\/p>\n<p>&nbsp;<\/p>\n<p>&nbsp;<\/p>\n<p>&nbsp;<\/p>\n<hr \/>\n<p>&nbsp;<\/p>\n<blockquote>\n<h3>SOCCORSI AL\u00a0 LAGO DEL MIS<\/h3>\n<\/blockquote>\n<div class=\"articlePlainText\"><strong>SOSPIROLO<\/strong> I vigili del fuoco sono intervenuti prontamente sul lago del Mis per soccorrere alcune persone in difficolt\u00e0. Tuttavia, al momento del loro arrivo con l&#8217;attrezzatura necessaria, fortunatamente le persone erano gi\u00e0 riuscite a uscire autonomamente dal lago. Nonostante ci\u00f2, i pompieri hanno compiuto una perlustrazione del lago utilizzando un gommone, al fine di accertarsi che non vi fossero altre persone in pericolo.<\/div>\n<div><\/div>\n<div><\/div>\n<div>\n<hr \/>\n<\/div>\n<blockquote>\n<h3><\/h3>\n<h3>RICERCA PERSONA\u00a0 IN ALPAGO<\/h3>\n<\/blockquote>\n<p><strong>ALPAGO<\/strong>\u00a0 Elicottero Drago in volo ieri sera a Chies alla ricerca di\u00a0 una persona scomparsa. L&#8217;auto era stata ritrovata a Pian Cavallo. Dopo aver raggiunto il bivacco Semenza, l&#8217;elicottero ha localizzato l&#8217;uomo e ha scoperto che aveva intenzione di trascorrere la notte l\u00ec e fare ritorno a casa il giorno successivo. Nonostante le intenzioni dell&#8217;uomo, gli operatori hanno deciso di riportarlo a valle tramite l&#8217;elicottero per garantire la sua sicurezza.<\/p>\n<p>&nbsp;<\/p>\n<p>&nbsp;<\/p>\n<hr \/>\n<p>&nbsp;<\/p>\n<blockquote>\n<h3>TEMPORALE A BELLUNO. ZONA VENEGGIA ALLAGATA<\/h3>\n<\/blockquote>\n<p><strong><a class=\"dt-pswp-item\" href=\"https:\/\/www.radiopiu.net\/wordpress\/wp-content\/uploads\/2023\/05\/SCR-20230528-phle.jpeg\" data-dt-img-description=\"\" data-large_image_width=\"1076\" data-large_image_height=\"606\"><img loading=\"lazy\" decoding=\"async\" class=\" wp-image-337914 alignleft\" src=\"https:\/\/www.radiopiu.net\/wordpress\/wp-content\/uploads\/2023\/05\/SCR-20230528-phle-300x169.jpeg\" alt=\"\" width=\"199\" height=\"112\" srcset=\"https:\/\/www.radiopiu.net\/wordpress\/wp-content\/uploads\/2023\/05\/SCR-20230528-phle-300x169.jpeg 300w, https:\/\/www.radiopiu.net\/wordpress\/wp-content\/uploads\/2023\/05\/SCR-20230528-phle-1024x577.jpeg 1024w, https:\/\/www.radiopiu.net\/wordpress\/wp-content\/uploads\/2023\/05\/SCR-20230528-phle-768x433.jpeg 768w, https:\/\/www.radiopiu.net\/wordpress\/wp-content\/uploads\/2023\/05\/SCR-20230528-phle.jpeg 1076w\" sizes=\"auto, (max-width: 199px) 100vw, 199px\" \/><\/a>REDAZIONE<\/strong> Ieri la zona di Belluno \u00e8 stata colpita da un violento acquazzone che ha creato dei problemi alla circolazione. Non sono mancate le segnalazioni nella chat Telegram Viabilit\u00e0 Provincia di Belluno. Una delle zone maggiormente colpite della citt\u00e0 \u00e8 stata la Veneggia dove si colloca il centro commerciale con degli allagamenti da quanto si apprende dalle foto pubblicate sulla chat Telegram. Anche altre zone della Val Belluna sono state colpite dall&#8217;ondata di maltempo. (foto: Telegram Chat Viabilit\u00e0 Provincia di Belluno)<\/p>\n<p>&nbsp;<\/p>\n<p><strong><a class=\"dt-pswp-item\" href=\"https:\/\/www.radiopiu.net\/wordpress\/wp-content\/uploads\/2023\/05\/Senza-nome-81.jpg\" data-dt-img-description=\"\" data-large_image_width=\"424\" data-large_image_height=\"349\"><img loading=\"lazy\" decoding=\"async\" class=\"size-medium wp-image-337949 aligncenter\" src=\"https:\/\/www.radiopiu.net\/wordpress\/wp-content\/uploads\/2023\/05\/Senza-nome-81-300x247.jpg\" alt=\"\" width=\"300\" height=\"247\" srcset=\"https:\/\/www.radiopiu.net\/wordpress\/wp-content\/uploads\/2023\/05\/Senza-nome-81-300x247.jpg 300w, https:\/\/www.radiopiu.net\/wordpress\/wp-content\/uploads\/2023\/05\/Senza-nome-81.jpg 424w\" sizes=\"auto, (max-width: 300px) 100vw, 300px\" \/><\/a> <\/strong><\/p>\n<p><strong>VIDEO &#8211; LEVEGO<\/strong><\/p>\n<div style=\"width: 848px;\" class=\"wp-video\"><video class=\"wp-video-shortcode\" id=\"video-337735-2\" width=\"848\" height=\"480\" preload=\"metadata\" controls=\"controls\"><source type=\"video\/mp4\" src=\"https:\/\/www.radiopiu.net\/wordpress\/wp-content\/uploads\/2023\/05\/WhatsApp-Video-2023-05-28-at-17.32.57.mp4?_=2\" \/><a href=\"https:\/\/www.radiopiu.net\/wordpress\/wp-content\/uploads\/2023\/05\/WhatsApp-Video-2023-05-28-at-17.32.57.mp4\">https:\/\/www.radiopiu.net\/wordpress\/wp-content\/uploads\/2023\/05\/WhatsApp-Video-2023-05-28-at-17.32.57.mp4<\/a><\/video><\/div>\n<p>&nbsp;<\/p>\n<p><strong>VIDEO &#8211; SAGROGNA<\/strong><\/p>\n<div style=\"width: 848px;\" class=\"wp-video\"><video class=\"wp-video-shortcode\" id=\"video-337735-3\" width=\"848\" height=\"480\" preload=\"metadata\" controls=\"controls\"><source type=\"video\/mp4\" src=\"https:\/\/www.radiopiu.net\/wordpress\/wp-content\/uploads\/2023\/05\/WhatsApp-Video-2023-05-28-at-15.33.44.mp4?_=3\" \/><a href=\"https:\/\/www.radiopiu.net\/wordpress\/wp-content\/uploads\/2023\/05\/WhatsApp-Video-2023-05-28-at-15.33.44.mp4\">https:\/\/www.radiopiu.net\/wordpress\/wp-content\/uploads\/2023\/05\/WhatsApp-Video-2023-05-28-at-15.33.44.mp4<\/a><\/video><\/div>\n<p>&nbsp;<\/p>\n<p>&nbsp;<\/p>\n<hr \/>\n<p>&nbsp;<\/p>\n<blockquote>\n<h3>FINALMENTE A CASA CON LE AMOREVOLI CURE DELLA FAMIGLIA<\/h3>\n<\/blockquote>\n<p><img loading=\"lazy\" decoding=\"async\" class=\"alignleft\" src=\"https:\/\/www.radiopiu.net\/wordpress\/wp-content\/uploads\/2023\/05\/th-26.jpg\" width=\"210\" height=\"110\" \/><strong>VOLTAGO<\/strong> Bentornato piccolino! Le mura di casa, l&#8217;amore di una famiglia, la cura migliore per il bimbo ustionatosi nell&#8217;accensione della stufa. Emoziona il messaggio della mamma<em> &#8220;Oggi il mio bimbo ritorna a casa&#8230;.ci sar\u00e0 ancora tanto tempo da dedicare tra medicazioni a Treviso e in altre strutture&#8230;.ma almeno \u00e8 a casa&#8221;.<\/em><\/p>\n<div role=\"none\">\n<p><em>\u00a0Non sono stati necessari interventi chirurgici. La mattina del 23 aprile il ragazzino si era svegliato presto, per preparare la colazione ai genitori, come succedeva spesso quando non doveva andare a scuola. Ha cercato di accendere il fuoco in maniera molto rischiosa, con il risultato che il flacone \u00e8 esploso e le fiamme l\u2019hanno investito <\/em><\/p>\n<\/div>\n<div role=\"none\"><\/div>\n<p>&nbsp;<\/p>\n<hr \/>\n<p>&nbsp;<\/p>\n<blockquote>\n<h3>IL VIAGGIO NELLA SANITA&#8217; BELLUNESE DEL COMMISSARIO DAL BEN<\/h3>\n<p><em>&#8220;\u00c8 stato approvato il progetto definito per la realizzazione di 12 posti letto aggiuntivi di Rianimazione all\u2019ospedale di Feltre. L\u2019intervento, programmato nell\u2019ambito dei piani di potenziamento delle strutture ospedalieri emanati durante l\u2019emergenza covid, prevede un investimento di 2,8 milioni di euro e saranno realizzati al primo piano del padiglione Dalla Palma&#8221;.<\/em><\/p><\/blockquote>\n<p><strong>SANTO STEFANO DI CADORE<\/strong> Il Commissario della Ulss1 Giuseppe Dal Ben ha partecipato a un incontro con i Medici di Medicina Generale della Medicina di gruppo, il personale del distretto e della postazione SUEM e i Sindaci del Comelico. L&#8217;incontro \u00e8 stato descritto come un confronto aperto e sincero. L&#8217;obiettivo dell&#8217;incontro era quello di discutere di come potenziare il distretto, che viene considerato un presidio fondamentale per il territorio. Si \u00e8 sottolineata l&#8217;importanza dell&#8217;integrazione tra i servizi territoriali e aziendali per fornire una risposta tempestiva alle esigenze di salute delle persone e valorizzare le competenze dei professionisti. Inoltre, si menziona che si cercher\u00e0 di dotare i presidi territoriali di nuove tecnologie al fine di migliorare i servizi offerti. Infine, il Commissario Dal Ben ha assicurato che manterr\u00e0 i servizi attuali a Santo Stefano.<\/p>\n<p><strong>IL COMMISSARIO DAL BEN<\/strong><\/p>\n<audio class=\"wp-audio-shortcode\" id=\"audio-337735-2\" preload=\"none\" style=\"width: 100%;\" controls=\"controls\"><source type=\"audio\/mpeg\" src=\"https:\/\/www.radiopiu.net\/wordpress\/wp-content\/uploads\/2023\/05\/DAL-BEN.mp3?_=2\" \/><a href=\"https:\/\/www.radiopiu.net\/wordpress\/wp-content\/uploads\/2023\/05\/DAL-BEN.mp3\">https:\/\/www.radiopiu.net\/wordpress\/wp-content\/uploads\/2023\/05\/DAL-BEN.mp3<\/a><\/audio>\n<p>&nbsp;<\/p>\n\n\t\t\t<style type='text\/css'>\n\t\t\t\t#gallery-2 {\n\t\t\t\t\tmargin: auto;\n\t\t\t\t}\n\t\t\t\t#gallery-2 .gallery-item {\n\t\t\t\t\tfloat: left;\n\t\t\t\t\tmargin-top: 10px;\n\t\t\t\t\ttext-align: center;\n\t\t\t\t\twidth: 50%;\n\t\t\t\t}\n\t\t\t\t#gallery-2 img {\n\t\t\t\t\tborder: 2px solid #cfcfcf;\n\t\t\t\t}\n\t\t\t\t#gallery-2 .gallery-caption {\n\t\t\t\t\tmargin-left: 0;\n\t\t\t\t}\n\t\t\t\t\/* see gallery_shortcode() in wp-includes\/media.php *\/\n\t\t\t<\/style>\n\t\t<div id='gallery-2' class='dt-gallery-container gallery galleryid-337735 gallery-columns-2 gallery-size-thumbnail'><dl class='gallery-item'>\n\t\t\t\t<dt class='gallery-icon landscape'>\n\t\t\t\t\t<a class=\"rollover rollover-zoom dt-pswp-item\" title=\"20230527_112200\" data-dt-img-description=\"\" data-large_image_width=\"2560\" data-large_image_height=\"2243\"href='https:\/\/www.radiopiu.net\/wordpress\/wp-content\/uploads\/2023\/05\/20230527_112200-scaled.jpg'><img loading=\"lazy\" decoding=\"async\" width=\"150\" height=\"150\" src=\"https:\/\/www.radiopiu.net\/wordpress\/wp-content\/uploads\/2023\/05\/20230527_112200-150x150.jpg\" class=\"attachment-thumbnail size-thumbnail\" alt=\"\" \/><\/a>\n\t\t\t\t<\/dt><\/dl><dl class='gallery-item'>\n\t\t\t\t<dt class='gallery-icon landscape'>\n\t\t\t\t\t<a class=\"rollover rollover-zoom dt-pswp-item\" title=\"20230527_114232\" data-dt-img-description=\"\" data-large_image_width=\"2560\" data-large_image_height=\"2560\"href='https:\/\/www.radiopiu.net\/wordpress\/wp-content\/uploads\/2023\/05\/20230527_114232-scaled.jpg'><img loading=\"lazy\" decoding=\"async\" width=\"150\" height=\"150\" src=\"https:\/\/www.radiopiu.net\/wordpress\/wp-content\/uploads\/2023\/05\/20230527_114232-150x150.jpg\" class=\"attachment-thumbnail size-thumbnail\" alt=\"\" srcset=\"https:\/\/www.radiopiu.net\/wordpress\/wp-content\/uploads\/2023\/05\/20230527_114232-150x150.jpg 150w, https:\/\/www.radiopiu.net\/wordpress\/wp-content\/uploads\/2023\/05\/20230527_114232-300x300.jpg 300w, https:\/\/www.radiopiu.net\/wordpress\/wp-content\/uploads\/2023\/05\/20230527_114232-1024x1024.jpg 1024w, https:\/\/www.radiopiu.net\/wordpress\/wp-content\/uploads\/2023\/05\/20230527_114232-768x768.jpg 768w, https:\/\/www.radiopiu.net\/wordpress\/wp-content\/uploads\/2023\/05\/20230527_114232-1536x1536.jpg 1536w, https:\/\/www.radiopiu.net\/wordpress\/wp-content\/uploads\/2023\/05\/20230527_114232-2048x2048.jpg 2048w\" sizes=\"auto, (max-width: 150px) 100vw, 150px\" \/><\/a>\n\t\t\t\t<\/dt><\/dl><br style=\"clear: both\" \/><dl class='gallery-item'>\n\t\t\t\t<dt class='gallery-icon landscape'>\n\t\t\t\t\t<a class=\"rollover rollover-zoom dt-pswp-item\" title=\"20230527_114009\" data-dt-img-description=\"\" data-large_image_width=\"2560\" data-large_image_height=\"2560\"href='https:\/\/www.radiopiu.net\/wordpress\/wp-content\/uploads\/2023\/05\/20230527_114009-scaled.jpg'><img loading=\"lazy\" decoding=\"async\" width=\"150\" height=\"150\" src=\"https:\/\/www.radiopiu.net\/wordpress\/wp-content\/uploads\/2023\/05\/20230527_114009-150x150.jpg\" class=\"attachment-thumbnail size-thumbnail\" alt=\"\" srcset=\"https:\/\/www.radiopiu.net\/wordpress\/wp-content\/uploads\/2023\/05\/20230527_114009-150x150.jpg 150w, https:\/\/www.radiopiu.net\/wordpress\/wp-content\/uploads\/2023\/05\/20230527_114009-300x300.jpg 300w, https:\/\/www.radiopiu.net\/wordpress\/wp-content\/uploads\/2023\/05\/20230527_114009-1024x1024.jpg 1024w, https:\/\/www.radiopiu.net\/wordpress\/wp-content\/uploads\/2023\/05\/20230527_114009-768x768.jpg 768w, https:\/\/www.radiopiu.net\/wordpress\/wp-content\/uploads\/2023\/05\/20230527_114009-1536x1536.jpg 1536w, https:\/\/www.radiopiu.net\/wordpress\/wp-content\/uploads\/2023\/05\/20230527_114009-2048x2048.jpg 2048w\" sizes=\"auto, (max-width: 150px) 100vw, 150px\" \/><\/a>\n\t\t\t\t<\/dt><\/dl><dl class='gallery-item'>\n\t\t\t\t<dt class='gallery-icon landscape'>\n\t\t\t\t\t<a class=\"rollover rollover-zoom dt-pswp-item\" title=\"20230527_114038\" data-dt-img-description=\"\" data-large_image_width=\"2560\" data-large_image_height=\"2560\"href='https:\/\/www.radiopiu.net\/wordpress\/wp-content\/uploads\/2023\/05\/20230527_114038-scaled.jpg'><img loading=\"lazy\" decoding=\"async\" width=\"150\" height=\"150\" src=\"https:\/\/www.radiopiu.net\/wordpress\/wp-content\/uploads\/2023\/05\/20230527_114038-150x150.jpg\" class=\"attachment-thumbnail size-thumbnail\" alt=\"\" srcset=\"https:\/\/www.radiopiu.net\/wordpress\/wp-content\/uploads\/2023\/05\/20230527_114038-150x150.jpg 150w, https:\/\/www.radiopiu.net\/wordpress\/wp-content\/uploads\/2023\/05\/20230527_114038-300x300.jpg 300w, https:\/\/www.radiopiu.net\/wordpress\/wp-content\/uploads\/2023\/05\/20230527_114038-1024x1024.jpg 1024w, https:\/\/www.radiopiu.net\/wordpress\/wp-content\/uploads\/2023\/05\/20230527_114038-768x768.jpg 768w, https:\/\/www.radiopiu.net\/wordpress\/wp-content\/uploads\/2023\/05\/20230527_114038-1536x1536.jpg 1536w, https:\/\/www.radiopiu.net\/wordpress\/wp-content\/uploads\/2023\/05\/20230527_114038-2048x2048.jpg 2048w\" sizes=\"auto, (max-width: 150px) 100vw, 150px\" \/><\/a>\n\t\t\t\t<\/dt><\/dl><br style=\"clear: both\" \/>\n\t\t\t<\/div>\n\n<p>&nbsp;<\/p>\n<hr \/>\n<p>&nbsp;<\/p>\n<blockquote>\n<h3>CUCCIOLO DI CERVO SALVATO DAI VIGILI DEL FUOCO NEL TORRENTE BIGONTINA<\/h3>\n<\/blockquote>\n<p><img loading=\"lazy\" decoding=\"async\" class=\"alignleft\" src=\"https:\/\/www.radiopiu.net\/wordpress\/wp-content\/uploads\/2023\/05\/Senza-nome-79.jpg\" width=\"230\" height=\"156\" \/><strong>CORTINA<\/strong> Un cucciolo di cervo \u00e8 stato salvato da una squadra dei vigili del fuoco nel tardo pomeriggio di sabato lungo il torrente Bigontina, nei pressi di Via Baroni Franchetti. L&#8217;animale, di pochi giorni, era finito in acqua e non riusciva a risalire le sponde verticali. Il distaccamento dei vigili del fuoco della cittadina ampezzana \u00e8 intervenuto prontamente sulla scena con un&#8217;autoscala e il personale Saf (Speleo Alpino Fluviale) per effettuare il salvataggio. L&#8217;operazione ha richiesto abilit\u00e0 e coordinazione per garantire la sicurezza dell&#8217;animale e dei soccorritori. Una volta raggiunto il cucciolo di cervo, i vigili del fuoco lo hanno catturato e issato fino a terra con l&#8217;ausilio dell&#8217;autoscala. L&#8217;animale \u00e8 stato quindi immediatamente rilasciato in un prato adiacente, dove la madre cervo era rimasta nelle vicinanze, in attesa del suo cucciolo. La tempestivit\u00e0 dell&#8217;intervento dei vigili del fuoco ha permesso di evitare conseguenze negative per il piccolo cervo e di riunirlo con la sua famiglia. L&#8217;episodio sottolinea l&#8217;importanza del lavoro svolto dai soccorritori per la tutela della fauna selvatica e l&#8217;ecosistema locale. La comunit\u00e0 locale ha espresso la propria gratitudine e ammirazione per l&#8217;operato dei vigili del fuoco, sottolineando l&#8217;importanza di preservare la ricchezza naturale della zona e la necessit\u00e0 di garantire la sicurezza degli animali che vi abitano. Il salvataggio del cucciolo di cervo \u00e8 diventato un esempio di come la collaborazione tra autorit\u00e0 locali e soccorritori specializzati possa proteggere e preservare la fauna selvatica, promuovendo la convivenza armoniosa tra l&#8217;uomo e l&#8217;ambiente naturale. I vigili del fuoco, con il loro impegno costante e la prontezza nell&#8217;intervento, continuano a svolgere un ruolo fondamentale nella sicurezza e nella protezione dell&#8217;intera comunit\u00e0, inclusi gli esseri viventi che condividono il territorio.<\/p>\n<div class=\"flex-1 overflow-hidden\">\n<div class=\"react-scroll-to-bottom--css-jmixd-79elbk h-full dark:bg-gray-800\">\n<div class=\"react-scroll-to-bottom--css-jmixd-1n7m0yu\">\n<div class=\"flex flex-col text-sm dark:bg-gray-800\">\n<div class=\"group w-full text-gray-800 dark:text-gray-100 border-b border-black\/10 dark:border-gray-900\/50 bg-gray-50 dark:bg-[#444654]\">\n<div class=\"flex p-4 gap-4 text-base md:gap-6 md:max-w-2xl lg:max-w-xl xl:max-w-3xl md:py-6 lg:px-0 m-auto\">\n<div class=\"relative flex w-[calc(100%-50px)] flex-col gap-1 md:gap-3 lg:w-[calc(100%-115px)]\">\n<div class=\"flex justify-between lg:block\"><\/div>\n<\/div>\n<\/div>\n<\/div>\n<\/div>\n<\/div>\n<\/div>\n<\/div>\n<div class=\"absolute bottom-0 left-0 w-full border-t md:border-t-0 dark:border-white\/20 md:border-transparent md:dark:border-transparent md:bg-vert-light-gradient bg-white dark:bg-gray-800 md:!bg-transparent dark:md:bg-vert-dark-gradient pt-2\">\n<div class=\"px-3 pb-3 pt-2 text-center text-xs text-gray-600 dark:text-gray-300 md:px-4 md:pb-6 md:pt-3\"><\/div>\n<\/div>\n<div style=\"width: 1200px;\" class=\"wp-video\"><video class=\"wp-video-shortcode\" id=\"video-337735-4\" width=\"1200\" height=\"690\" preload=\"metadata\" controls=\"controls\"><source type=\"video\/mp4\" src=\"https:\/\/www.radiopiu.net\/wordpress\/wp-content\/uploads\/2023\/05\/WhatsApp-Video-2023-05-27-at-23.07.03.mp4?_=4\" \/><a href=\"https:\/\/www.radiopiu.net\/wordpress\/wp-content\/uploads\/2023\/05\/WhatsApp-Video-2023-05-27-at-23.07.03.mp4\">https:\/\/www.radiopiu.net\/wordpress\/wp-content\/uploads\/2023\/05\/WhatsApp-Video-2023-05-27-at-23.07.03.mp4<\/a><\/video><\/div>\n<p>&nbsp;<\/p>\n\n\t\t\t<style type='text\/css'>\n\t\t\t\t#gallery-3 {\n\t\t\t\t\tmargin: auto;\n\t\t\t\t}\n\t\t\t\t#gallery-3 .gallery-item {\n\t\t\t\t\tfloat: left;\n\t\t\t\t\tmargin-top: 10px;\n\t\t\t\t\ttext-align: center;\n\t\t\t\t\twidth: 20%;\n\t\t\t\t}\n\t\t\t\t#gallery-3 img {\n\t\t\t\t\tborder: 2px solid #cfcfcf;\n\t\t\t\t}\n\t\t\t\t#gallery-3 .gallery-caption {\n\t\t\t\t\tmargin-left: 0;\n\t\t\t\t}\n\t\t\t\t\/* see gallery_shortcode() in wp-includes\/media.php *\/\n\t\t\t<\/style>\n\t\t<div id='gallery-3' class='dt-gallery-container gallery galleryid-337735 gallery-columns-5 gallery-size-thumbnail'><dl class='gallery-item'>\n\t\t\t\t<dt class='gallery-icon landscape'>\n\t\t\t\t\t<a class=\"rollover rollover-zoom dt-pswp-item\" title=\"a72384c8-eb3d-46dd-88e3-4cecab8e757a\" data-dt-img-description=\"\" data-large_image_width=\"960\" data-large_image_height=\"704\"href='https:\/\/www.radiopiu.net\/wordpress\/wp-content\/uploads\/2023\/05\/a72384c8-eb3d-46dd-88e3-4cecab8e757a.jpg'><img loading=\"lazy\" decoding=\"async\" width=\"150\" height=\"150\" src=\"https:\/\/www.radiopiu.net\/wordpress\/wp-content\/uploads\/2023\/05\/a72384c8-eb3d-46dd-88e3-4cecab8e757a-150x150.jpg\" class=\"attachment-thumbnail size-thumbnail\" alt=\"\" \/><\/a>\n\t\t\t\t<\/dt><\/dl><dl class='gallery-item'>\n\t\t\t\t<dt class='gallery-icon portrait'>\n\t\t\t\t\t<a class=\"rollover rollover-zoom dt-pswp-item\" title=\"3f532665-5780-4e09-b7b9-af937debfa21\" data-dt-img-description=\"\" data-large_image_width=\"960\" data-large_image_height=\"1280\"href='https:\/\/www.radiopiu.net\/wordpress\/wp-content\/uploads\/2023\/05\/3f532665-5780-4e09-b7b9-af937debfa21.jpg'><img loading=\"lazy\" decoding=\"async\" width=\"150\" height=\"150\" src=\"https:\/\/www.radiopiu.net\/wordpress\/wp-content\/uploads\/2023\/05\/3f532665-5780-4e09-b7b9-af937debfa21-150x150.jpg\" class=\"attachment-thumbnail size-thumbnail\" alt=\"\" \/><\/a>\n\t\t\t\t<\/dt><\/dl><dl class='gallery-item'>\n\t\t\t\t<dt class='gallery-icon landscape'>\n\t\t\t\t\t<a class=\"rollover rollover-zoom dt-pswp-item\" title=\"24b38629-addc-4076-8a69-dc4e0fa59905\" data-dt-img-description=\"\" data-large_image_width=\"876\" data-large_image_height=\"632\"href='https:\/\/www.radiopiu.net\/wordpress\/wp-content\/uploads\/2023\/05\/24b38629-addc-4076-8a69-dc4e0fa59905.jpg'><img loading=\"lazy\" decoding=\"async\" width=\"150\" height=\"150\" src=\"https:\/\/www.radiopiu.net\/wordpress\/wp-content\/uploads\/2023\/05\/24b38629-addc-4076-8a69-dc4e0fa59905-150x150.jpg\" class=\"attachment-thumbnail size-thumbnail\" alt=\"\" \/><\/a>\n\t\t\t\t<\/dt><\/dl><dl class='gallery-item'>\n\t\t\t\t<dt class='gallery-icon landscape'>\n\t\t\t\t\t<a class=\"rollover rollover-zoom dt-pswp-item\" title=\"c9fda3a9-045b-4433-97d9-76323221289c\" data-dt-img-description=\"\" data-large_image_width=\"960\" data-large_image_height=\"770\"href='https:\/\/www.radiopiu.net\/wordpress\/wp-content\/uploads\/2023\/05\/c9fda3a9-045b-4433-97d9-76323221289c.jpg'><img loading=\"lazy\" decoding=\"async\" width=\"150\" height=\"150\" src=\"https:\/\/www.radiopiu.net\/wordpress\/wp-content\/uploads\/2023\/05\/c9fda3a9-045b-4433-97d9-76323221289c-150x150.jpg\" class=\"attachment-thumbnail size-thumbnail\" alt=\"\" \/><\/a>\n\t\t\t\t<\/dt><\/dl><dl class='gallery-item'>\n\t\t\t\t<dt class='gallery-icon landscape'>\n\t\t\t\t\t<a class=\"rollover rollover-zoom dt-pswp-item\" title=\"1f9a6a3e-73eb-4a95-93aa-bd3c1795417b\" data-dt-img-description=\"\" data-large_image_width=\"900\" data-large_image_height=\"585\"href='https:\/\/www.radiopiu.net\/wordpress\/wp-content\/uploads\/2023\/05\/1f9a6a3e-73eb-4a95-93aa-bd3c1795417b.jpg'><img loading=\"lazy\" decoding=\"async\" width=\"150\" height=\"150\" src=\"https:\/\/www.radiopiu.net\/wordpress\/wp-content\/uploads\/2023\/05\/1f9a6a3e-73eb-4a95-93aa-bd3c1795417b-150x150.jpg\" class=\"attachment-thumbnail size-thumbnail\" alt=\"\" \/><\/a>\n\t\t\t\t<\/dt><\/dl><br style=\"clear: both\" \/>\n\t\t\t<\/div>\n\n<p>&nbsp;<\/p>\n<hr \/>\n<p>&nbsp;<\/p>\n<blockquote>\n<h3>PIANO DI ASSETTO DEL TERRITORIO, VIA ALL&#8217;ITER<\/h3>\n<\/blockquote>\n<p><strong><a class=\"dt-pswp-item\" href=\"https:\/\/www.radiopiu.net\/wordpress\/wp-content\/uploads\/2022\/05\/1928d5d7-b2fc-43d9-ad3c-022e2999fe12.jpg\" data-dt-img-description=\"\" data-large_image_width=\"1920\" data-large_image_height=\"1080\"><img loading=\"lazy\" decoding=\"async\" class=\" wp-image-274673 alignleft\" src=\"https:\/\/www.radiopiu.net\/wordpress\/wp-content\/uploads\/2022\/05\/1928d5d7-b2fc-43d9-ad3c-022e2999fe12-300x169.jpg\" alt=\"\" width=\"217\" height=\"122\" srcset=\"https:\/\/www.radiopiu.net\/wordpress\/wp-content\/uploads\/2022\/05\/1928d5d7-b2fc-43d9-ad3c-022e2999fe12-300x169.jpg 300w, https:\/\/www.radiopiu.net\/wordpress\/wp-content\/uploads\/2022\/05\/1928d5d7-b2fc-43d9-ad3c-022e2999fe12-1024x576.jpg 1024w, https:\/\/www.radiopiu.net\/wordpress\/wp-content\/uploads\/2022\/05\/1928d5d7-b2fc-43d9-ad3c-022e2999fe12-768x432.jpg 768w, https:\/\/www.radiopiu.net\/wordpress\/wp-content\/uploads\/2022\/05\/1928d5d7-b2fc-43d9-ad3c-022e2999fe12-1536x864.jpg 1536w, https:\/\/www.radiopiu.net\/wordpress\/wp-content\/uploads\/2022\/05\/1928d5d7-b2fc-43d9-ad3c-022e2999fe12.jpg 1920w\" sizes=\"auto, (max-width: 217px) 100vw, 217px\" \/><\/a>AGORDO<\/strong><\/p>\n<p>DI GIANNI SANTOMASO<\/p>\n<audio class=\"wp-audio-shortcode\" id=\"audio-337735-3\" preload=\"none\" style=\"width: 100%;\" controls=\"controls\"><source type=\"audio\/mpeg\" src=\"https:\/\/www.radiopiu.net\/wordpress\/wp-content\/uploads\/2023\/05\/GIANNI-AGORDO.mp3?_=3\" \/><a href=\"https:\/\/www.radiopiu.net\/wordpress\/wp-content\/uploads\/2023\/05\/GIANNI-AGORDO.mp3\">https:\/\/www.radiopiu.net\/wordpress\/wp-content\/uploads\/2023\/05\/GIANNI-AGORDO.mp3<\/a><\/audio>\n<p>&nbsp;<\/p>\n<hr \/>\n<p>&nbsp;<\/p>\n<blockquote>\n<h3>DA ROCCA PIETORE ALLA ROMAGNA IN AIUTO AGLI ALLUVIONATI<\/h3>\n<\/blockquote>\n<p><strong>ROCCA PIETORE<\/strong> Ci sono anche Volontari del Gruppo ANA di Protezione Civile del Comune di Rocca Pietore in Romagna assieme ai bellunesi facenti parte la colonna Veneta di Protezione Civile in aiuto a quelle terre e alla sua popolazione.<\/p>\n<p><strong>IL SINDACO ANDREA DE BERNARDIN<\/strong><\/p>\n<audio class=\"wp-audio-shortcode\" id=\"audio-337735-4\" preload=\"none\" style=\"width: 100%;\" controls=\"controls\"><source type=\"audio\/mpeg\" src=\"https:\/\/www.radiopiu.net\/wordpress\/wp-content\/uploads\/2023\/05\/andrea-de-bernardin.mp3?_=4\" \/><a href=\"https:\/\/www.radiopiu.net\/wordpress\/wp-content\/uploads\/2023\/05\/andrea-de-bernardin.mp3\">https:\/\/www.radiopiu.net\/wordpress\/wp-content\/uploads\/2023\/05\/andrea-de-bernardin.mp3<\/a><\/audio>\n<p>&nbsp;<\/p>\n<div style=\"width: 848px;\" class=\"wp-video\"><video class=\"wp-video-shortcode\" id=\"video-337735-5\" width=\"848\" height=\"480\" preload=\"metadata\" controls=\"controls\"><source type=\"video\/mp4\" src=\"https:\/\/www.radiopiu.net\/wordpress\/wp-content\/uploads\/2023\/05\/WhatsApp-Video-2023-05-27-at-13.38.20.mp4?_=5\" \/><a href=\"https:\/\/www.radiopiu.net\/wordpress\/wp-content\/uploads\/2023\/05\/WhatsApp-Video-2023-05-27-at-13.38.20.mp4\">https:\/\/www.radiopiu.net\/wordpress\/wp-content\/uploads\/2023\/05\/WhatsApp-Video-2023-05-27-at-13.38.20.mp4<\/a><\/video><\/div>\n\n\t\t\t<style type='text\/css'>\n\t\t\t\t#gallery-4 {\n\t\t\t\t\tmargin: auto;\n\t\t\t\t}\n\t\t\t\t#gallery-4 .gallery-item {\n\t\t\t\t\tfloat: left;\n\t\t\t\t\tmargin-top: 10px;\n\t\t\t\t\ttext-align: center;\n\t\t\t\t\twidth: 20%;\n\t\t\t\t}\n\t\t\t\t#gallery-4 img {\n\t\t\t\t\tborder: 2px solid #cfcfcf;\n\t\t\t\t}\n\t\t\t\t#gallery-4 .gallery-caption {\n\t\t\t\t\tmargin-left: 0;\n\t\t\t\t}\n\t\t\t\t\/* see gallery_shortcode() in wp-includes\/media.php *\/\n\t\t\t<\/style>\n\t\t<div id='gallery-4' class='dt-gallery-container gallery galleryid-337735 gallery-columns-5 gallery-size-thumbnail'><dl class='gallery-item'>\n\t\t\t\t<dt class='gallery-icon landscape'>\n\t\t\t\t\t<a class=\"rollover rollover-zoom dt-pswp-item\" title=\"f0880594-e270-4bd6-aba0-2cd9e7d70f9c\" data-dt-img-description=\"\" data-large_image_width=\"1024\" data-large_image_height=\"768\"href='https:\/\/www.radiopiu.net\/wordpress\/wp-content\/uploads\/2023\/05\/f0880594-e270-4bd6-aba0-2cd9e7d70f9c.jpg'><img loading=\"lazy\" decoding=\"async\" width=\"150\" height=\"150\" src=\"https:\/\/www.radiopiu.net\/wordpress\/wp-content\/uploads\/2023\/05\/f0880594-e270-4bd6-aba0-2cd9e7d70f9c-150x150.jpg\" class=\"attachment-thumbnail size-thumbnail\" alt=\"\" \/><\/a>\n\t\t\t\t<\/dt><\/dl><dl class='gallery-item'>\n\t\t\t\t<dt class='gallery-icon portrait'>\n\t\t\t\t\t<a class=\"rollover rollover-zoom dt-pswp-item\" title=\"efc70c4c-df2f-44ea-a5e5-d0dd2918e38d\" data-dt-img-description=\"\" data-large_image_width=\"768\" data-large_image_height=\"1024\"href='https:\/\/www.radiopiu.net\/wordpress\/wp-content\/uploads\/2023\/05\/efc70c4c-df2f-44ea-a5e5-d0dd2918e38d.jpg'><img loading=\"lazy\" decoding=\"async\" width=\"150\" height=\"150\" src=\"https:\/\/www.radiopiu.net\/wordpress\/wp-content\/uploads\/2023\/05\/efc70c4c-df2f-44ea-a5e5-d0dd2918e38d-150x150.jpg\" class=\"attachment-thumbnail size-thumbnail\" alt=\"\" \/><\/a>\n\t\t\t\t<\/dt><\/dl><dl class='gallery-item'>\n\t\t\t\t<dt class='gallery-icon landscape'>\n\t\t\t\t\t<a class=\"rollover rollover-zoom dt-pswp-item\" title=\"e0923907-391b-4cf3-8bc2-bf1bcf6f43a2\" data-dt-img-description=\"\" data-large_image_width=\"1024\" data-large_image_height=\"768\"href='https:\/\/www.radiopiu.net\/wordpress\/wp-content\/uploads\/2023\/05\/e0923907-391b-4cf3-8bc2-bf1bcf6f43a2.jpg'><img loading=\"lazy\" decoding=\"async\" width=\"150\" height=\"150\" src=\"https:\/\/www.radiopiu.net\/wordpress\/wp-content\/uploads\/2023\/05\/e0923907-391b-4cf3-8bc2-bf1bcf6f43a2-150x150.jpg\" class=\"attachment-thumbnail size-thumbnail\" alt=\"\" \/><\/a>\n\t\t\t\t<\/dt><\/dl><dl class='gallery-item'>\n\t\t\t\t<dt class='gallery-icon portrait'>\n\t\t\t\t\t<a class=\"rollover rollover-zoom dt-pswp-item\" title=\"dfa6ddf0-25f3-4db1-a76d-f9ff6f09f323\" data-dt-img-description=\"\" data-large_image_width=\"768\" data-large_image_height=\"1024\"href='https:\/\/www.radiopiu.net\/wordpress\/wp-content\/uploads\/2023\/05\/dfa6ddf0-25f3-4db1-a76d-f9ff6f09f323.jpg'><img loading=\"lazy\" decoding=\"async\" width=\"150\" height=\"150\" src=\"https:\/\/www.radiopiu.net\/wordpress\/wp-content\/uploads\/2023\/05\/dfa6ddf0-25f3-4db1-a76d-f9ff6f09f323-150x150.jpg\" class=\"attachment-thumbnail size-thumbnail\" alt=\"\" \/><\/a>\n\t\t\t\t<\/dt><\/dl><dl class='gallery-item'>\n\t\t\t\t<dt class='gallery-icon landscape'>\n\t\t\t\t\t<a class=\"rollover rollover-zoom dt-pswp-item\" title=\"c44f428b-471d-4d86-9b51-a970c80434e7\" data-dt-img-description=\"\" data-large_image_width=\"1024\" data-large_image_height=\"768\"href='https:\/\/www.radiopiu.net\/wordpress\/wp-content\/uploads\/2023\/05\/c44f428b-471d-4d86-9b51-a970c80434e7.jpg'><img loading=\"lazy\" decoding=\"async\" width=\"150\" height=\"150\" src=\"https:\/\/www.radiopiu.net\/wordpress\/wp-content\/uploads\/2023\/05\/c44f428b-471d-4d86-9b51-a970c80434e7-150x150.jpg\" class=\"attachment-thumbnail size-thumbnail\" alt=\"\" \/><\/a>\n\t\t\t\t<\/dt><\/dl><br style=\"clear: both\" \/><dl class='gallery-item'>\n\t\t\t\t<dt class='gallery-icon landscape'>\n\t\t\t\t\t<a class=\"rollover rollover-zoom dt-pswp-item\" title=\"b9c4bf34-3a62-4d21-a00f-dd89c0f17e3a\" data-dt-img-description=\"\" data-large_image_width=\"1024\" data-large_image_height=\"768\"href='https:\/\/www.radiopiu.net\/wordpress\/wp-content\/uploads\/2023\/05\/b9c4bf34-3a62-4d21-a00f-dd89c0f17e3a.jpg'><img loading=\"lazy\" decoding=\"async\" width=\"150\" height=\"150\" src=\"https:\/\/www.radiopiu.net\/wordpress\/wp-content\/uploads\/2023\/05\/b9c4bf34-3a62-4d21-a00f-dd89c0f17e3a-150x150.jpg\" class=\"attachment-thumbnail size-thumbnail\" alt=\"\" \/><\/a>\n\t\t\t\t<\/dt><\/dl><dl class='gallery-item'>\n\t\t\t\t<dt class='gallery-icon landscape'>\n\t\t\t\t\t<a class=\"rollover rollover-zoom dt-pswp-item\" title=\"a502c3da-7af2-4846-9438-eb00cb19181f\" data-dt-img-description=\"\" data-large_image_width=\"1024\" data-large_image_height=\"768\"href='https:\/\/www.radiopiu.net\/wordpress\/wp-content\/uploads\/2023\/05\/a502c3da-7af2-4846-9438-eb00cb19181f.jpg'><img loading=\"lazy\" decoding=\"async\" width=\"150\" height=\"150\" src=\"https:\/\/www.radiopiu.net\/wordpress\/wp-content\/uploads\/2023\/05\/a502c3da-7af2-4846-9438-eb00cb19181f-150x150.jpg\" class=\"attachment-thumbnail size-thumbnail\" alt=\"\" \/><\/a>\n\t\t\t\t<\/dt><\/dl><dl class='gallery-item'>\n\t\t\t\t<dt class='gallery-icon portrait'>\n\t\t\t\t\t<a class=\"rollover rollover-zoom dt-pswp-item\" title=\"14642b15-fca4-430d-836d-b717c001c509\" data-dt-img-description=\"\" data-large_image_width=\"768\" data-large_image_height=\"1024\"href='https:\/\/www.radiopiu.net\/wordpress\/wp-content\/uploads\/2023\/05\/14642b15-fca4-430d-836d-b717c001c509.jpg'><img loading=\"lazy\" decoding=\"async\" width=\"150\" height=\"150\" src=\"https:\/\/www.radiopiu.net\/wordpress\/wp-content\/uploads\/2023\/05\/14642b15-fca4-430d-836d-b717c001c509-150x150.jpg\" class=\"attachment-thumbnail size-thumbnail\" alt=\"\" \/><\/a>\n\t\t\t\t<\/dt><\/dl><dl class='gallery-item'>\n\t\t\t\t<dt class='gallery-icon landscape'>\n\t\t\t\t\t<a class=\"rollover rollover-zoom dt-pswp-item\" title=\"933badd1-3874-484f-ad40-e0d2e281f12d\" data-dt-img-description=\"\" data-large_image_width=\"1024\" data-large_image_height=\"768\"href='https:\/\/www.radiopiu.net\/wordpress\/wp-content\/uploads\/2023\/05\/933badd1-3874-484f-ad40-e0d2e281f12d.jpg'><img loading=\"lazy\" decoding=\"async\" width=\"150\" height=\"150\" src=\"https:\/\/www.radiopiu.net\/wordpress\/wp-content\/uploads\/2023\/05\/933badd1-3874-484f-ad40-e0d2e281f12d-150x150.jpg\" class=\"attachment-thumbnail size-thumbnail\" alt=\"\" \/><\/a>\n\t\t\t\t<\/dt><\/dl><dl class='gallery-item'>\n\t\t\t\t<dt class='gallery-icon portrait'>\n\t\t\t\t\t<a class=\"rollover rollover-zoom dt-pswp-item\" title=\"65d3bbdf-b449-45bf-a203-fa87a97f3c19\" data-dt-img-description=\"\" data-large_image_width=\"768\" data-large_image_height=\"1024\"href='https:\/\/www.radiopiu.net\/wordpress\/wp-content\/uploads\/2023\/05\/65d3bbdf-b449-45bf-a203-fa87a97f3c19.jpg'><img loading=\"lazy\" decoding=\"async\" width=\"150\" height=\"150\" src=\"https:\/\/www.radiopiu.net\/wordpress\/wp-content\/uploads\/2023\/05\/65d3bbdf-b449-45bf-a203-fa87a97f3c19-150x150.jpg\" class=\"attachment-thumbnail size-thumbnail\" alt=\"\" \/><\/a>\n\t\t\t\t<\/dt><\/dl><br style=\"clear: both\" \/><dl class='gallery-item'>\n\t\t\t\t<dt class='gallery-icon landscape'>\n\t\t\t\t\t<a class=\"rollover rollover-zoom dt-pswp-item\" title=\"45a061c9-7a40-454f-a283-8168553213ed\" data-dt-img-description=\"\" data-large_image_width=\"1024\" data-large_image_height=\"768\"href='https:\/\/www.radiopiu.net\/wordpress\/wp-content\/uploads\/2023\/05\/45a061c9-7a40-454f-a283-8168553213ed.jpg'><img loading=\"lazy\" decoding=\"async\" width=\"150\" height=\"150\" src=\"https:\/\/www.radiopiu.net\/wordpress\/wp-content\/uploads\/2023\/05\/45a061c9-7a40-454f-a283-8168553213ed-150x150.jpg\" class=\"attachment-thumbnail size-thumbnail\" alt=\"\" \/><\/a>\n\t\t\t\t<\/dt><\/dl><dl class='gallery-item'>\n\t\t\t\t<dt class='gallery-icon landscape'>\n\t\t\t\t\t<a class=\"rollover rollover-zoom dt-pswp-item\" title=\"35bda746-c311-461b-b049-22aec19f6cf7\" data-dt-img-description=\"\" data-large_image_width=\"1024\" data-large_image_height=\"768\"href='https:\/\/www.radiopiu.net\/wordpress\/wp-content\/uploads\/2023\/05\/35bda746-c311-461b-b049-22aec19f6cf7.jpg'><img loading=\"lazy\" decoding=\"async\" width=\"150\" height=\"150\" src=\"https:\/\/www.radiopiu.net\/wordpress\/wp-content\/uploads\/2023\/05\/35bda746-c311-461b-b049-22aec19f6cf7-150x150.jpg\" class=\"attachment-thumbnail size-thumbnail\" alt=\"\" \/><\/a>\n\t\t\t\t<\/dt><\/dl><dl class='gallery-item'>\n\t\t\t\t<dt class='gallery-icon landscape'>\n\t\t\t\t\t<a class=\"rollover rollover-zoom dt-pswp-item\" title=\"9e15bb51-c213-40e4-abff-e1769a11ee27\" data-dt-img-description=\"\" data-large_image_width=\"1024\" data-large_image_height=\"768\"href='https:\/\/www.radiopiu.net\/wordpress\/wp-content\/uploads\/2023\/05\/9e15bb51-c213-40e4-abff-e1769a11ee27.jpg'><img loading=\"lazy\" decoding=\"async\" width=\"150\" height=\"150\" src=\"https:\/\/www.radiopiu.net\/wordpress\/wp-content\/uploads\/2023\/05\/9e15bb51-c213-40e4-abff-e1769a11ee27-150x150.jpg\" class=\"attachment-thumbnail size-thumbnail\" alt=\"\" \/><\/a>\n\t\t\t\t<\/dt><\/dl><dl class='gallery-item'>\n\t\t\t\t<dt class='gallery-icon landscape'>\n\t\t\t\t\t<a class=\"rollover rollover-zoom dt-pswp-item\" title=\"4c32cfa0-f2fa-4eef-85f2-1e47aba50774\" data-dt-img-description=\"\" data-large_image_width=\"1024\" data-large_image_height=\"768\"href='https:\/\/www.radiopiu.net\/wordpress\/wp-content\/uploads\/2023\/05\/4c32cfa0-f2fa-4eef-85f2-1e47aba50774.jpg'><img loading=\"lazy\" decoding=\"async\" width=\"150\" height=\"150\" src=\"https:\/\/www.radiopiu.net\/wordpress\/wp-content\/uploads\/2023\/05\/4c32cfa0-f2fa-4eef-85f2-1e47aba50774-150x150.jpg\" class=\"attachment-thumbnail size-thumbnail\" alt=\"\" \/><\/a>\n\t\t\t\t<\/dt><\/dl>\n\t\t\t\t<br style='clear: both' \/>\n\t\t\t<\/div>\n\n<p>&nbsp;<\/p>\n<hr \/>\n<p>&nbsp;<\/p>\n<blockquote>\n<h3>DUE INDIMENTICABILI GIORNATE IN ROSA. PADRIN &#8220;GRANDE SENTIMENTO DI ACCOGLIENZA&#8221;<\/h3>\n<\/blockquote>\n<p><strong>BELLUNO<\/strong> Il Giro d&#8217;Italia nel Bellunese \u00e8 stato un grande successo. Circa 120.000 persone sono state stimate lungo il percorso e la trasmissione televisiva ha registrato un alto numero di spettatori. Il presidente della Provincia, Roberto Padrin, commenta i numeri positivi e l&#8217;entusiasmo generato dagli eventi. L&#8217;organizzazione efficiente e la bellezza dei paesaggi hanno contribuito al successo dell&#8217;evento. L&#8217;effetto positivo del Giro continuer\u00e0 a richiamare ciclisti e turisti nei prossimi mesi. La Provincia di Belluno ha organizzato tre grandi eventi internazionali per promuovere le Dolomiti Bellunesi e il territorio. Il consigliere provinciale delegato al turismo, Danilo De Toni, evidenzia l&#8217;importanza di continuare a valorizzare le bellezze locali per attirare i turisti.<\/p>\n<p><strong>IL PRESIDENTE DELLA PROVINCIA ROBERTO PADRIN<\/strong><\/p>\n<audio class=\"wp-audio-shortcode\" id=\"audio-337735-5\" preload=\"none\" style=\"width: 100%;\" controls=\"controls\"><source type=\"audio\/mpeg\" src=\"https:\/\/www.radiopiu.net\/wordpress\/wp-content\/uploads\/2023\/05\/padrin.mp3?_=5\" \/><a href=\"https:\/\/www.radiopiu.net\/wordpress\/wp-content\/uploads\/2023\/05\/padrin.mp3\">https:\/\/www.radiopiu.net\/wordpress\/wp-content\/uploads\/2023\/05\/padrin.mp3<\/a><\/audio>\n<p>&nbsp;<\/p>\n<p><strong>IL CONSIGLIERE PROVINCIALE DANILO DE TONI<\/strong><\/p>\n<audio class=\"wp-audio-shortcode\" id=\"audio-337735-6\" preload=\"none\" style=\"width: 100%;\" controls=\"controls\"><source type=\"audio\/mpeg\" src=\"https:\/\/www.radiopiu.net\/wordpress\/wp-content\/uploads\/2023\/05\/DANILO-DE-TONI.mp3?_=6\" \/><a href=\"https:\/\/www.radiopiu.net\/wordpress\/wp-content\/uploads\/2023\/05\/DANILO-DE-TONI.mp3\">https:\/\/www.radiopiu.net\/wordpress\/wp-content\/uploads\/2023\/05\/DANILO-DE-TONI.mp3<\/a><\/audio>\n<p>&nbsp;<\/p>\n<hr \/>\n<p>&nbsp;<\/p>\n<blockquote>\n<h3>LA GIORNATA MONDIALE SENZA TABACCO. A BELLUNO LILT E ULSS 1 DOLOMITI IN PIAZZA PER SENSIBILIZZARE I CITTADINI<\/h3>\n<\/blockquote>\n<p><strong><a class=\"dt-pswp-item\" href=\"https:\/\/www.radiopiu.net\/wordpress\/wp-content\/uploads\/2023\/05\/3b22f7ba-435e-4822-9ec6-de942816cd8f.jpg\" data-dt-img-description=\"\" data-large_image_width=\"1600\" data-large_image_height=\"900\"><img loading=\"lazy\" decoding=\"async\" class=\" wp-image-337877 alignleft\" src=\"https:\/\/www.radiopiu.net\/wordpress\/wp-content\/uploads\/2023\/05\/3b22f7ba-435e-4822-9ec6-de942816cd8f-300x169.jpg\" alt=\"\" width=\"160\" height=\"90\" srcset=\"https:\/\/www.radiopiu.net\/wordpress\/wp-content\/uploads\/2023\/05\/3b22f7ba-435e-4822-9ec6-de942816cd8f-300x169.jpg 300w, https:\/\/www.radiopiu.net\/wordpress\/wp-content\/uploads\/2023\/05\/3b22f7ba-435e-4822-9ec6-de942816cd8f-1024x576.jpg 1024w, https:\/\/www.radiopiu.net\/wordpress\/wp-content\/uploads\/2023\/05\/3b22f7ba-435e-4822-9ec6-de942816cd8f-768x432.jpg 768w, https:\/\/www.radiopiu.net\/wordpress\/wp-content\/uploads\/2023\/05\/3b22f7ba-435e-4822-9ec6-de942816cd8f-1536x864.jpg 1536w, https:\/\/www.radiopiu.net\/wordpress\/wp-content\/uploads\/2023\/05\/3b22f7ba-435e-4822-9ec6-de942816cd8f.jpg 1600w\" sizes=\"auto, (max-width: 160px) 100vw, 160px\" \/><\/a>BELLUNO<\/strong> Cade il 31 maggio la Giornata mondiale senza tabacco: per sensibilizzare i cittadini, LILT e Ulss 1 Dolomiti sono scese in piazza a Belluno con il camper del SerD.<\/p>\n<p><strong>di Daniele Dalvit<\/strong><\/p>\n<audio class=\"wp-audio-shortcode\" id=\"audio-337735-7\" preload=\"none\" style=\"width: 100%;\" controls=\"controls\"><source type=\"audio\/mpeg\" src=\"https:\/\/www.radiopiu.net\/wordpress\/wp-content\/uploads\/2023\/05\/DALVIT-Giornata-senza-tabacco.mp3?_=7\" \/><a href=\"https:\/\/www.radiopiu.net\/wordpress\/wp-content\/uploads\/2023\/05\/DALVIT-Giornata-senza-tabacco.mp3\">https:\/\/www.radiopiu.net\/wordpress\/wp-content\/uploads\/2023\/05\/DALVIT-Giornata-senza-tabacco.mp3<\/a><\/audio>\n<p>&nbsp;<\/p>\n<hr \/>\n<p>&nbsp;<\/p>\n<blockquote>\n<h3>VIA VAI ALLA CALCHERA, ESEMPIO DI SOCIALITA&#8217;<\/h3>\n<\/blockquote>\n<p><a class=\"dt-pswp-item\" href=\"https:\/\/www.radiopiu.net\/wordpress\/wp-content\/uploads\/2023\/05\/PAOLO-SIBILLON-300x191-1.png\" data-dt-img-description=\"\" data-large_image_width=\"300\" data-large_image_height=\"191\"><img loading=\"lazy\" decoding=\"async\" class=\" wp-image-337864 alignright\" src=\"https:\/\/www.radiopiu.net\/wordpress\/wp-content\/uploads\/2023\/05\/PAOLO-SIBILLON-300x191-1.png\" alt=\"\" width=\"203\" height=\"129\" \/><\/a><strong>TAIBON<\/strong><\/p>\n<p>DI GIANNI SANTOMASO<\/p>\n<p>&nbsp;<\/p>\n<p>FOTO IL PRESIDENTE PAOLO SIBILLON<\/p>\n<audio class=\"wp-audio-shortcode\" id=\"audio-337735-8\" preload=\"none\" style=\"width: 100%;\" controls=\"controls\"><source type=\"audio\/mpeg\" src=\"https:\/\/www.radiopiu.net\/wordpress\/wp-content\/uploads\/2023\/05\/GIANNI-COTA.mp3?_=8\" \/><a href=\"https:\/\/www.radiopiu.net\/wordpress\/wp-content\/uploads\/2023\/05\/GIANNI-COTA.mp3\">https:\/\/www.radiopiu.net\/wordpress\/wp-content\/uploads\/2023\/05\/GIANNI-COTA.mp3<\/a><\/audio>\n<p>&nbsp;<\/p>\n<p>&nbsp;<\/p>\n<hr \/>\n<p>&nbsp;<\/p>\n<blockquote>\n<h3>UN PATENTINO PER L&#8217;USO CORRETTO DELLO SMARTPHONE<\/h3>\n<\/blockquote>\n<p><strong><a class=\"dt-pswp-item\" href=\"https:\/\/www.radiopiu.net\/wordpress\/wp-content\/uploads\/2023\/05\/Patentino_digitale.jpg\" data-dt-img-description=\"\" data-large_image_width=\"1024\" data-large_image_height=\"837\"><img loading=\"lazy\" decoding=\"async\" class=\" wp-image-337881 alignleft\" src=\"https:\/\/www.radiopiu.net\/wordpress\/wp-content\/uploads\/2023\/05\/Patentino_digitale-300x245.jpg\" alt=\"\" width=\"125\" height=\"102\" srcset=\"https:\/\/www.radiopiu.net\/wordpress\/wp-content\/uploads\/2023\/05\/Patentino_digitale-300x245.jpg 300w, https:\/\/www.radiopiu.net\/wordpress\/wp-content\/uploads\/2023\/05\/Patentino_digitale-768x628.jpg 768w, https:\/\/www.radiopiu.net\/wordpress\/wp-content\/uploads\/2023\/05\/Patentino_digitale.jpg 1024w\" sizes=\"auto, (max-width: 125px) 100vw, 125px\" \/><\/a>PONTE NELLE ALPI <\/strong>\u00c8 stato consegnato il primo patentino a livello regionale per l\u2019uso consapevole dello smartphone, all\u2019interno di un percorso che ha coinvolto gli alunni delle classi prime legate alla scuola secondaria di primo grado \u201cSandro Pertini\u201d di Canevoi.<span class=\"gmail-Apple-converted-space\"> \u00a0<\/span>Il piazzale dell\u2019Istituto era gremito di genitori e ragazzi per una cerimonia ricca di significati e che certifica l\u2019acquisizione delle competenze digitali. Competenze, s\u00ec, ma anche responsabilit\u00e0, necessaria affinch\u00e9 l\u2019uso del digitale diventi un\u2019opportunit\u00e0 e non uno svantaggio.<span class=\"gmail-Apple-converted-space\">\u00a0<\/span><\/p>\n<p>&nbsp;<\/p>\n<p>&nbsp;<\/p>\n<hr \/>\n<p>&nbsp;<\/p>\n<blockquote>\n<h3>IL 3 GIUGNO SI RICORDA ETTORE CASTIGLIONI<\/h3>\n<\/blockquote>\n<p><strong><a class=\"dt-pswp-item\" href=\"https:\/\/www.radiopiu.net\/wordpress\/wp-content\/uploads\/2023\/05\/ettore-castiglioni.jpg\" data-dt-img-description=\"\" data-large_image_width=\"1280\" data-large_image_height=\"800\"><img loading=\"lazy\" decoding=\"async\" class=\" wp-image-337925 alignleft\" src=\"https:\/\/www.radiopiu.net\/wordpress\/wp-content\/uploads\/2023\/05\/ettore-castiglioni-300x188.jpg\" alt=\"\" width=\"182\" height=\"114\" srcset=\"https:\/\/www.radiopiu.net\/wordpress\/wp-content\/uploads\/2023\/05\/ettore-castiglioni-300x188.jpg 300w, https:\/\/www.radiopiu.net\/wordpress\/wp-content\/uploads\/2023\/05\/ettore-castiglioni-1024x640.jpg 1024w, https:\/\/www.radiopiu.net\/wordpress\/wp-content\/uploads\/2023\/05\/ettore-castiglioni-768x480.jpg 768w, https:\/\/www.radiopiu.net\/wordpress\/wp-content\/uploads\/2023\/05\/ettore-castiglioni.jpg 1280w\" sizes=\"auto, (max-width: 182px) 100vw, 182px\" \/><\/a>SOSPIROLO<\/strong><\/p>\n<p>di Roberto Bona<\/p>\n<audio class=\"wp-audio-shortcode\" id=\"audio-337735-9\" preload=\"none\" style=\"width: 100%;\" controls=\"controls\"><source type=\"audio\/mpeg\" src=\"https:\/\/www.radiopiu.net\/wordpress\/wp-content\/uploads\/2023\/05\/BONA-ETTORE-CATIGLIONI.mp3?_=9\" \/><a href=\"https:\/\/www.radiopiu.net\/wordpress\/wp-content\/uploads\/2023\/05\/BONA-ETTORE-CATIGLIONI.mp3\">https:\/\/www.radiopiu.net\/wordpress\/wp-content\/uploads\/2023\/05\/BONA-ETTORE-CATIGLIONI.mp3<\/a><\/audio>\n<p>&nbsp;<\/p>\n<hr \/>\n<p>&nbsp;<\/p>\n<blockquote>\n<h3>QUATTRO PUNTI NEL CONSIGLIO COMUNALE DI AGORDO CONVOCATO PER LE OTTO DI QUESTA MATTINA<\/h3>\n<\/blockquote>\n<p><strong>DI GIANNI SANTOMASO<\/strong><\/p>\n<audio class=\"wp-audio-shortcode\" id=\"audio-337735-10\" preload=\"none\" style=\"width: 100%;\" controls=\"controls\"><source type=\"audio\/mpeg\" src=\"https:\/\/www.radiopiu.net\/wordpress\/wp-content\/uploads\/2023\/05\/agordo-gianni.mp3?_=10\" \/><a href=\"https:\/\/www.radiopiu.net\/wordpress\/wp-content\/uploads\/2023\/05\/agordo-gianni.mp3\">https:\/\/www.radiopiu.net\/wordpress\/wp-content\/uploads\/2023\/05\/agordo-gianni.mp3<\/a><\/audio>\n<p>&nbsp;<\/p>\n<p><img loading=\"lazy\" decoding=\"async\" class=\"alignleft\" src=\"https:\/\/www.radiopiu.net\/wordpress\/wp-content\/uploads\/2022\/12\/MUNICIPIO-AGORDO.png\" width=\"147\" height=\"94\" \/><strong>AGORDO<\/strong> Il sindaco di Agordo Roberto Chissal\u00e8 ha convocato il consiglio comunale per oggi alle 8. Saranno quattro i punti da discutere nella seduta: Il bilancio 2022 dell&#8217;Azienda Speciale Agordo Servizi e il bilancio preventivo 2023-2025, l&#8217;approvazione dello schema di concessione d&#8217;uso a titolo gratuito degli immobili destinati ad ecocentro e il nuovo regolamento edilizio.<\/p>\n<p>&nbsp;<\/p>\n<p>&nbsp;<\/p>\n<hr \/>\n<p>&nbsp;<\/p>\n<blockquote>\n<h3><a class=\"dt-pswp-item\" href=\"https:\/\/www.radiopiu.net\/wordpress\/wp-content\/uploads\/2021\/06\/8554eb80-bb6e-4752-a6d3-57aff91a2903.jpg\" data-dt-img-description=\"\" data-large_image_width=\"768\" data-large_image_height=\"1024\"><img loading=\"lazy\" decoding=\"async\" class=\"wp-image-215003 alignleft\" src=\"https:\/\/www.radiopiu.net\/wordpress\/wp-content\/uploads\/2021\/06\/8554eb80-bb6e-4752-a6d3-57aff91a2903-225x300.jpg\" alt=\"\" width=\"99\" height=\"132\" srcset=\"https:\/\/www.radiopiu.net\/wordpress\/wp-content\/uploads\/2021\/06\/8554eb80-bb6e-4752-a6d3-57aff91a2903-225x300.jpg 225w, https:\/\/www.radiopiu.net\/wordpress\/wp-content\/uploads\/2021\/06\/8554eb80-bb6e-4752-a6d3-57aff91a2903.jpg 768w\" sizes=\"auto, (max-width: 99px) 100vw, 99px\" \/><\/a>UNO SOLTANTO E NESSUNA INTERROGAZIONE<\/h3>\n<\/blockquote>\n<p><strong>ROCCA PIETORE\u00a0<\/strong> Che la minoranza o l&#8217;ex di maggioranza Diana Iraci Borgia non abbiano presentato interrogazioni o mozioni \u00e8 una notizia.<\/p>\n<p>Infatti nel consiglio comunale di oggi alle 18.30 \u00e8 all&#8217;ordine del giorno un unico punto sull&#8217;approvazione del rendiconto di gestione dell&#8217;esercizio finanziario 2022<\/p>\n<p>&nbsp;<\/p>\n<p>&nbsp;<\/p>\n<hr \/>\n<p>&nbsp;<\/p>\n<blockquote>\n<h3>CONFERMA E PROMOZIONE PER MARILISA LUCHETTA: VICESINDACO, DE PRA ASSESSORE<\/h3>\n<\/blockquote>\n<blockquote>\n<h3><em><img loading=\"lazy\" decoding=\"async\" class=\"alignleft\" src=\"https:\/\/www.radiopiu.net\/wordpress\/wp-content\/uploads\/2022\/12\/foto-Marilisa.jpg\" width=\"153\" height=\"189\" \/>IL GIURAMENTO DI MASSIMO MURER<\/em><\/h3>\n<\/blockquote>\n<p><strong>CANALE D&#8217;AGORDO<\/strong> Dopo il giuramento del sindaco di Cencenighe si prepara ad indossare la fascia tricolore anche Massimo Murer, l&#8217;occasione il consiglio comunale di mercoledi, convocato per le 20 in sala Lina Zando&#8217;. Oltre al giuramento del sindaco saranno comunicati i nomi del vice sindaco, assessore, rappresentanti per L&#8217;unione Montana, Comitato di gemellaggio e Fondazione Papa Luciani.<\/p>\n<p><strong>DI GIANNI SANTOMASO<\/strong><\/p>\n<audio class=\"wp-audio-shortcode\" id=\"audio-337735-11\" preload=\"none\" style=\"width: 100%;\" controls=\"controls\"><source type=\"audio\/mpeg\" src=\"https:\/\/www.radiopiu.net\/wordpress\/wp-content\/uploads\/2023\/05\/canale-gianni.mp3?_=11\" \/><a href=\"https:\/\/www.radiopiu.net\/wordpress\/wp-content\/uploads\/2023\/05\/canale-gianni.mp3\">https:\/\/www.radiopiu.net\/wordpress\/wp-content\/uploads\/2023\/05\/canale-gianni.mp3<\/a><\/audio>\n<p>&nbsp;<\/p>\n<p>&nbsp;<\/p>\n<hr \/>\n<p>&nbsp;<\/p>\n<blockquote>\n<h3>MERCOLEDI IL CONSIGLIO COMUNALE A RIVAMONTE<\/h3>\n<\/blockquote>\n<p><strong>RIVAMONTE<\/strong> Il sindaco di Rivamonte Giovanni Deon ha convocato i consiglieri per mercoled\u00ec alle 18:30 nella sede del Municipio per trattare sei punti all&#8217;ordine del giorno. Si parler\u00e0 del rendiconto 2021 di ASCA, dell&#8217;affidamento del campo di calcio al Rivamonte Calcio, l&#8217;approvazione dello schema di concessione d&#8217;uso a titolo gratuito degli immobili destinati ad ecocentro e una variazione a bilancio<\/p>\n<p>&nbsp;<\/p>\n<hr \/>\n<p>&nbsp;<\/p>\n<blockquote>\n<h3><span dir=\"ltr\" role=\"presentation\">DA FELTRE ALL\u2019EMILIA<\/span><span dir=\"ltr\" role=\"presentation\">&#8211;<\/span><span dir=\"ltr\" role=\"presentation\">ROMAGNA <\/span><span dir=\"ltr\" role=\"presentation\">RACCOLTA FONDI PER<\/span> <span dir=\"ltr\" role=\"presentation\">L\u2019ALLUVIONE IN ROMAGNA\u00a0<\/span><\/h3>\n<\/blockquote>\n<p><strong>FELTRE<\/strong>\u00a0 <span dir=\"ltr\" role=\"presentation\">Il Panfilo tende la mano ai Comuni<\/span> <span dir=\"ltr\" role=\"presentation\">dell\u2019Emilia<\/span><span dir=\"ltr\" role=\"presentation\">&#8211;<\/span><span dir=\"ltr\" role=\"presentation\">Romagna<\/span> <span dir=\"ltr\" role=\"presentation\">colpiti dall\u2019alluvione. Lo fa con una <\/span><span dir=\"ltr\" role=\"presentation\">raccolta fon<\/span><span dir=\"ltr\" role=\"presentation\">d<\/span><span dir=\"ltr\" role=\"presentation\">i\u00a0 <\/span><span dir=\"ltr\" role=\"presentation\">Chi volesse<\/span> <span dir=\"ltr\" role=\"presentation\">effettuare<\/span> <span dir=\"ltr\" role=\"presentation\">una donazione per questa finalit\u00e0 pu\u00f2 versare la somma sulle seguenti <\/span><span dir=\"ltr\" role=\"presentation\">coordinate bancarie<\/span><span dir=\"ltr\" role=\"presentation\">: <\/span><span dir=\"ltr\" role=\"presentation\">Banca Prealpi Credito Cooperativo San Biagio, IBAN:<\/span> <span dir=\"ltr\" role=\"presentation\">IT91W0890461110026000002965 <\/span><span dir=\"ltr\" role=\"presentation\">specificando come<\/span> <span dir=\"ltr\" role=\"presentation\">causale:<\/span> <span dir=\"ltr\" role=\"presentation\">EMERGENZA ALLUVIONE<\/span><span dir=\"ltr\" role=\"presentation\">.<\/span><br role=\"presentation\" \/><span dir=\"ltr\" role=\"presentation\">L<\/span><span dir=\"ltr\" role=\"presentation\">\u2019<\/span><span dir=\"ltr\" role=\"presentation\">intera quota raccolta sar\u00e0 trasferita alla Protezione Civile<\/span> <span dir=\"ltr\" role=\"presentation\">dell\u2019Emilia<\/span><span dir=\"ltr\" role=\"presentation\">&#8211;<\/span><span dir=\"ltr\" role=\"presentation\">Romagna<\/span><span dir=\"ltr\" role=\"presentation\">.<\/span><\/p>\n<p>&nbsp;<\/p>\n<p>&nbsp;<\/p>\n<hr \/>\n<p>&nbsp;<\/p>\n<p><strong>IERI ALLA RADIO<\/strong><\/p>\n<blockquote>\n<h3>PINOCCHIO IN LADINO, PROTAGONISTI GLI STUDENTI E LA BANDA DA FODOM<\/h3>\n<\/blockquote>\n<blockquote><p><strong><em><img loading=\"lazy\" decoding=\"async\" class=\"alignleft\" src=\"https:\/\/www.radiopiu.net\/wordpress\/wp-content\/uploads\/2018\/06\/148079.jpg\" width=\"250\" height=\"167\" \/>Pinocchio, storia di un burattino.<\/em><\/strong><\/p><\/blockquote>\n<p><strong>LIVINALLONGO<\/strong><\/p>\n<p><strong>DI LORENZO SORATROI<\/strong><\/p>\n<p>&nbsp;<\/p>\n<audio class=\"wp-audio-shortcode\" id=\"audio-337735-12\" preload=\"none\" style=\"width: 100%;\" controls=\"controls\"><source type=\"audio\/mpeg\" src=\"https:\/\/www.radiopiu.net\/wordpress\/wp-content\/uploads\/2023\/05\/LORENZO-1.mp3?_=12\" \/><a href=\"https:\/\/www.radiopiu.net\/wordpress\/wp-content\/uploads\/2023\/05\/LORENZO-1.mp3\">https:\/\/www.radiopiu.net\/wordpress\/wp-content\/uploads\/2023\/05\/LORENZO-1.mp3<\/a><\/audio>\n<p>&nbsp;<\/p>\n<p>&nbsp;<\/p>\n<hr \/>\n<p>&nbsp;<\/p>\n<blockquote>\n<h3 class=\"entry-title\">NEGOZI: IN VENETO 7 FURTI SU 10 RESTANO IMPUNITI<\/h3>\n<\/blockquote>\n<p class=\"photoswipe-wrapper\"><a class=\"dt-pswp-item pspw-wrap-ready\" href=\"https:\/\/www.radiopiu.net\/wordpress\/wp-content\/uploads\/2023\/05\/Schermata-2023-05-27-alle-09.29.12.png\" data-dt-img-description=\"\" data-large_image_width=\"1196\" data-large_image_height=\"1552\"><img loading=\"lazy\" decoding=\"async\" class=\"size-medium wp-image-337742 alignleft\" src=\"https:\/\/www.radiopiu.net\/wordpress\/wp-content\/uploads\/2023\/05\/Schermata-2023-05-27-alle-09.29.12-231x300.png\" sizes=\"auto, (max-width: 231px) 100vw, 231px\" srcset=\"https:\/\/www.radiopiu.net\/wordpress\/wp-content\/uploads\/2023\/05\/Schermata-2023-05-27-alle-09.29.12-231x300.png 231w, https:\/\/www.radiopiu.net\/wordpress\/wp-content\/uploads\/2023\/05\/Schermata-2023-05-27-alle-09.29.12-789x1024.png 789w, https:\/\/www.radiopiu.net\/wordpress\/wp-content\/uploads\/2023\/05\/Schermata-2023-05-27-alle-09.29.12-768x997.png 768w, https:\/\/www.radiopiu.net\/wordpress\/wp-content\/uploads\/2023\/05\/Schermata-2023-05-27-alle-09.29.12-1184x1536.png 1184w, https:\/\/www.radiopiu.net\/wordpress\/wp-content\/uploads\/2023\/05\/Schermata-2023-05-27-alle-09.29.12.png 1196w\" alt=\"\" width=\"231\" height=\"300\" \/><\/a>Furti e spaccate continuano a essere un grosso problema per tanti commercianti e altrettanti artigiani. Sebbene in Veneto la situazione sia meno critica rispetto alle principali regioni del Nord, i negozianti veneti rimangono comunque nel mirino dei malviventi. Non solo. Questi ultimi, molto spesso, la fanno anche franca. Nel 2021, ad esempio, il 69,5 per cento dei furti compiuti ai danni di negozi e botteghe presenti in Veneto sono rimasti impuniti.<br \/>\n<strong>Stiamo ovviamente parlando di reati contro il patrimonio che sono stati denunciati dalle vittime alle forze dell\u2019ordine che, si stima, costino alle attivit\u00e0 economiche del Veneto attorno ai 400 milioni di euro all\u2019anno.<\/strong><br \/>\n<strong>La difficolt\u00e0 di consegnare alla giustizia coloro che si sono resi responsabili di questi illeciti sta diventando ormai cronica e, probabilmente, sta \u201ccondizionando\u201d anche le statistiche. Non \u00e8 da escludere, infatti, che la riduzione del numero delle denunce registrato negli ultimi anni prima dell\u2019avvento del Covid, non sia riconducibile a una ritrovata sicurezza, ma a un atteggiamento di sfiducia delle vittime nei confronti delle istituzioni che li \u201cspinge\u201d a non denunciare alle autorit\u00e0 giudiziarie il danno subito.<\/strong><br \/>\nL\u2019Ufficio studi della CGIA, che ha elaborato i dati dell\u2019Istat, tiene a precisare che non si vuole sollevare alcuna critica nei confronti delle forze dell\u2019ordine. Anzi, l\u2019impegno, la dedizione e il senso del dovere non sono mai venuti meno. Il problema, purtroppo, \u00e8 di natura politica. Se il corpo dei Carabinieri e quello della Polizia di Stato disponessero di un maggior numero di uomini e di mezzi in grado di presidiare con maggiore attenzione il territorio soprattutto nelle ore notturne, i malviventi avrebbero sicuramente la vita pi\u00f9 dura.<\/p>\n<p><strong class=\"photoswipe-wrapper\"><a class=\"dt-pswp-item pspw-wrap-ready\" href=\"https:\/\/www.radiopiu.net\/wordpress\/wp-content\/uploads\/2023\/05\/Schermata-2023-05-27-alle-09.29.26.png\" data-dt-img-description=\"\" data-large_image_width=\"894\" data-large_image_height=\"866\"><img loading=\"lazy\" decoding=\"async\" class=\"size-medium wp-image-337741 alignleft\" src=\"https:\/\/www.radiopiu.net\/wordpress\/wp-content\/uploads\/2023\/05\/Schermata-2023-05-27-alle-09.29.26-300x291.png\" sizes=\"auto, (max-width: 300px) 100vw, 300px\" srcset=\"https:\/\/www.radiopiu.net\/wordpress\/wp-content\/uploads\/2023\/05\/Schermata-2023-05-27-alle-09.29.26-300x291.png 300w, https:\/\/www.radiopiu.net\/wordpress\/wp-content\/uploads\/2023\/05\/Schermata-2023-05-27-alle-09.29.26-768x744.png 768w, https:\/\/www.radiopiu.net\/wordpress\/wp-content\/uploads\/2023\/05\/Schermata-2023-05-27-alle-09.29.26.png 894w\" alt=\"\" width=\"300\" height=\"291\" \/><\/a>I numeri<\/strong><\/p>\n<p>Nel 2021 (ultimo anno in cui i dati sono disponibili), in Veneto ci sono state 4.493 denunce per furto nei negozi. Di queste, nel 69,5 per cento dei casi l\u2019autore\/gli autori del delitto non sono stati catturati dalle forze di polizia entro un anno dall\u2019evento. Sempre a livello regionale, il numero dei furti denunciati nel 2021 ogni 100 mila abitanti \u00e8 stato pari a 92,4. Un dato al di sotto della media nazionale che si \u00e8 attestata a 96,1. A livello provinciale la situazione pi\u00f9 critica si \u00e8 verificata a Venezia con 134,2 furti denunciati ogni 100 mila abitanti (in termini assoluti sono stati 1.129). Seguono Verona con 128,6 (1.193 furti), Padova con 87,1 (812 furti), Rovigo con 76,5 (176 denunce), Vicenza con 69,1 (590 furti), Treviso con 56,9 (500 denunce) e Belluno con 46,7 (93 furti).<\/p>\n<p><strong>Negozi come fortini<\/strong><br \/>\nLe strategie di difesa apportate dai negozianti sono note ai pi\u00f9: negli ultimi anni per difendersi dalle \u201crazzie\u201d dei malviventi c\u2019\u00e8 stato un boom di installazioni di saracinesche, inferriate e vetri antisfondamento. I negozi sono diventati dei fortini che, controllati 24 ore su 24 dai sistemi di videosorveglianza, hanno \u201carginato\u201d queste intrusioni. Spesso, per\u00f2, nei palazzi di pregio o negli edifici pi\u00f9 recenti montare delle grate non \u00e8 consentito. Va altres\u00ec segnalato che il numero di coloro che ricorrono ad una assicurazione \u00e8 in calo. Il premio di una polizza contro i furti ha ormai dimensioni economiche proibitive, soprattutto per alcune tipologie merceologiche, quelle, ovviamente, di maggior pregio.<\/p>\n<p>&nbsp;<\/p>\n<p><strong>Le attivit\u00e0 pi\u00f9 a rischio<\/strong><br \/>\nStoricamente le categorie pi\u00f9 attenzionate da ladri e rapinatori sono gli orafi\/gioiellieri, i pellicciai, i tabaccai, i farmacisti e i benzinai. Le prime due per il valore economico dei loro prodotti, le altre per la disponibilit\u00e0 di contanti che hanno in cassa. Ora grazie ai pagamenti elettronici, alle telecamere di sorveglianza e alle casseforti a tempo il rischio \u00e8 sceso, tuttavia rimangono ancora un obbiettivo sensibile per molte bande di criminali. Da qualche anno sono sempre pi\u00f9 nel mirino dei ladri anche i negozi di prodotti tecnologici (computer, cellulari, Tv, etc.), gli autoriparatori\/concessionari auto-moto, i commercianti di bici di pregio, i supermercati\/alimentari, la moda\/abbigliamento sportivo e i negozi di cosmetici e profumi.<\/p>\n<p>&nbsp;<\/p>\n<p>&nbsp;<\/p>\n<hr \/>\n<p>&nbsp;<\/p>\n<p><a class=\"dt-pswp-item\" href=\"https:\/\/www.radiopiu.net\/wordpress\/wp-content\/uploads\/2023\/05\/07b370aa-6c88-4a9c-929f-e4e6e20e615b.jpg\" data-dt-img-description=\"\" data-large_image_width=\"832\" data-large_image_height=\"1024\"><img loading=\"lazy\" decoding=\"async\" class=\"size-medium wp-image-337511 aligncenter\" src=\"https:\/\/www.radiopiu.net\/wordpress\/wp-content\/uploads\/2023\/05\/07b370aa-6c88-4a9c-929f-e4e6e20e615b-244x300.jpg\" alt=\"\" width=\"244\" height=\"300\" srcset=\"https:\/\/www.radiopiu.net\/wordpress\/wp-content\/uploads\/2023\/05\/07b370aa-6c88-4a9c-929f-e4e6e20e615b-244x300.jpg 244w, https:\/\/www.radiopiu.net\/wordpress\/wp-content\/uploads\/2023\/05\/07b370aa-6c88-4a9c-929f-e4e6e20e615b-768x945.jpg 768w, https:\/\/www.radiopiu.net\/wordpress\/wp-content\/uploads\/2023\/05\/07b370aa-6c88-4a9c-929f-e4e6e20e615b.jpg 832w\" sizes=\"auto, (max-width: 244px) 100vw, 244px\" \/><\/a><\/p>\n<blockquote>\n<h3>TORNA IL &#8220;MINIERE SUNSET&#8221; NELL&#8217;ESTATE DEL CAFFE&#8217; MINIERE DI AGORDO<\/h3>\n<\/blockquote>\n<p><strong><a class=\"dt-pswp-item\" href=\"https:\/\/www.radiopiu.net\/wordpress\/wp-content\/uploads\/2023\/05\/SCR-20230525-kofy.jpeg\" data-dt-img-description=\"\" data-large_image_width=\"1166\" data-large_image_height=\"646\"><img loading=\"lazy\" decoding=\"async\" class=\" wp-image-337439 alignleft\" src=\"https:\/\/www.radiopiu.net\/wordpress\/wp-content\/uploads\/2023\/05\/SCR-20230525-kofy-300x166.jpeg\" alt=\"\" width=\"154\" height=\"85\" srcset=\"https:\/\/www.radiopiu.net\/wordpress\/wp-content\/uploads\/2023\/05\/SCR-20230525-kofy-300x166.jpeg 300w, https:\/\/www.radiopiu.net\/wordpress\/wp-content\/uploads\/2023\/05\/SCR-20230525-kofy-1024x567.jpeg 1024w, https:\/\/www.radiopiu.net\/wordpress\/wp-content\/uploads\/2023\/05\/SCR-20230525-kofy-768x425.jpeg 768w, https:\/\/www.radiopiu.net\/wordpress\/wp-content\/uploads\/2023\/05\/SCR-20230525-kofy.jpeg 1166w\" sizes=\"auto, (max-width: 154px) 100vw, 154px\" \/><\/a>AGORDO<\/strong> Si torna a ballare nell&#8217;estate 2023. Il Caff\u00e8 Miniere di Agordo organizza il &#8220;Miniere Sunset&#8221;, un appuntamento a cadenza mensile con cocktail bar e DJ Set dalle 18 alle 24. Tre mercoled\u00ec di festa. Il 14 giugno con DJ Jack &amp; RDJ, il 19 luglio e il 30 agosto con Morgan &amp; Battaglia DJ&#8217;s. Tutte le serate saranno in diretta su Radio Pi\u00f9 con ospiti a sorpresa.<\/p>\n<p>&nbsp;<\/p>\n<p>&nbsp;<\/p>\n<hr \/>\n<p>&nbsp;<\/p>\n<blockquote>\n<h3><a class=\"dt-pswp-item\" href=\"https:\/\/www.radiopiu.net\/wordpress\/wp-content\/uploads\/2021\/06\/ebe0e140-b21f-4a97-a898-717eb7fd126f.jpg\" data-dt-img-description=\"\" data-large_image_width=\"2000\" data-large_image_height=\"1500\"><img loading=\"lazy\" decoding=\"async\" class=\" wp-image-215869 alignleft\" src=\"https:\/\/www.radiopiu.net\/wordpress\/wp-content\/uploads\/2021\/06\/ebe0e140-b21f-4a97-a898-717eb7fd126f-300x225.jpg\" alt=\"\" width=\"241\" height=\"181\" srcset=\"https:\/\/www.radiopiu.net\/wordpress\/wp-content\/uploads\/2021\/06\/ebe0e140-b21f-4a97-a898-717eb7fd126f-300x225.jpg 300w, https:\/\/www.radiopiu.net\/wordpress\/wp-content\/uploads\/2021\/06\/ebe0e140-b21f-4a97-a898-717eb7fd126f-1024x768.jpg 1024w, https:\/\/www.radiopiu.net\/wordpress\/wp-content\/uploads\/2021\/06\/ebe0e140-b21f-4a97-a898-717eb7fd126f-768x576.jpg 768w, https:\/\/www.radiopiu.net\/wordpress\/wp-content\/uploads\/2021\/06\/ebe0e140-b21f-4a97-a898-717eb7fd126f-1536x1152.jpg 1536w, https:\/\/www.radiopiu.net\/wordpress\/wp-content\/uploads\/2021\/06\/ebe0e140-b21f-4a97-a898-717eb7fd126f.jpg 2000w\" sizes=\"auto, (max-width: 241px) 100vw, 241px\" \/><\/a>SANT&#8217;ANTONIO&#8230; LA SAGRA A RIVAMONTE!<\/h3>\n<\/blockquote>\n<p><strong>VENERDI 9 GIUGNO<\/strong> ALLE 17 APERTURA TENDONE, SERATA BAVARESE CON LA SPRITZ BAND; <strong>SABATO 10<\/strong> DALLE 17 DJ MORGAN E BATTAGLIA, AL CHIOSCO FANTASIOSI COCKTAIL. IN SERATA LA MUSICA DI WILMER, GNOCH CO LA POINA E ALTRE SPECIALITA&#8217;, DALLA MEZZANOTTE DJ MORGAN A BATTAGLIA.<strong> DOMENICA 11<\/strong> IL TENDONE APRE ALLE 9, ALLE 10 LA CORSA PODISTICA RIVARON, DALLE 12 SI MANGIA, POMERIGGIO CON DJ BISSO E IN SERATA L&#8217;ORCHESTRA PIERETTE ENSAMBLE. PER I BIMBI LA NOVITA&#8217; BUBBLE TEA. <strong>LUNEDI SERA<\/strong> IL TENDONE APRE ALLE 17, IN SERATA SI BALLA CON EROS E KARIN.<strong> MARTEDI 13<\/strong> IL GIORNO SI SANT&#8217;ANTONIO, UNA LUNGA GIORNATA DI FESTA CON IL BALLO FINALE DELLA TUA IDEA. SANT&#8217;ANTONIO, LA SAGRA, CON LA PROLOCO DI RIVAMONTE.<\/p>\n<p>&nbsp;<\/p>\n<hr \/>\n<p>&nbsp;<\/p>\n<div class=\"page-title-head hgroup\">\n<blockquote>\n<h3 class=\"entry-title\">2-4 GIUGNO! AD ALLEGHE RITORNA IL MERCATINO SUL LUNGOLAGO<\/h3>\n<\/blockquote>\n<\/div>\n<div class=\"page-title-breadcrumbs\">\n<p><a class=\"dt-pswp-item\" href=\"https:\/\/www.radiopiu.net\/wordpress\/wp-content\/uploads\/2023\/05\/download-2.jpg\" data-dt-img-description=\"\" data-large_image_width=\"1009\" data-large_image_height=\"1024\"><img loading=\"lazy\" decoding=\"async\" class=\" wp-image-337551 alignleft\" src=\"https:\/\/www.radiopiu.net\/wordpress\/wp-content\/uploads\/2023\/05\/download-2-296x300.jpg\" alt=\"\" width=\"156\" height=\"158\" srcset=\"https:\/\/www.radiopiu.net\/wordpress\/wp-content\/uploads\/2023\/05\/download-2-296x300.jpg 296w, https:\/\/www.radiopiu.net\/wordpress\/wp-content\/uploads\/2023\/05\/download-2-768x779.jpg 768w, https:\/\/www.radiopiu.net\/wordpress\/wp-content\/uploads\/2023\/05\/download-2.jpg 1009w\" sizes=\"auto, (max-width: 156px) 100vw, 156px\" \/><\/a><strong>ALLEGHE<\/strong> Siete pronti a vivere una primavera ricca di arte, sapori e divertimento? Allora segnatevi questa data: da venerd\u00ec 2 a domenica 4 giugno, sul lungolago di Alleghe, arriva il Mercatino di Primavera! \u00a0Il Mercatino di Primavera vi aspetta con un&#8217;esplosione di gusti irresistibili! Siete pronti a soddisfare le vostre papille gustative?\u00a0 Assolutamente, perch\u00e9 al Mercatino di Primavera troverete una variet\u00e0 di prelibatezze che vi faranno venire l&#8217;acquolina in bocca. Fritture di pesce fresco, per i buongustai amanti del mare. E che dire della famosa porchetta di Ariccia? Un&#8217;esplosione di sapori tradizionali. : se siete amanti dei salumi e dei formaggi, non rimarrete delusi!\u00a0 non dimentichiamo le olive, i taralli e la gastronomia siciliana, autentici tesori culinari che vi faranno viaggiare attraverso le tradizioni del nostro Paese. e per deliziarzi il dolce finale con frittelle e caramelle artigianali. dal 2 al 4 giugno, ad Alleghe, sul lungolago, godetevi il Mercatino di Primavera con arte e sapori unici.<\/p>\n<p>&nbsp;<\/p>\n<p>&nbsp;<\/p>\n<hr \/>\n<p>&nbsp;<\/p>\n<h2><span style=\"color: #ff0000;\">GLI APPUNTAMENTI DELLA SETTIMANA<\/span><\/h2>\n<blockquote>\n<h3>MARTEDIACOLOR<\/h3>\n<\/blockquote>\n<p><strong>BELLUNO <\/strong>Con la Primavera tornano a Belluno i Martediacolor, una tradizionale manifestazione che trova sempre l\u2019interesse di un numeroso pubblico. Organizzate dal C.T.G. gruppo Belluno, in collaborazione con i Circoli Fotografici di Belluno ed Agordo, sono piacevoli serate con racconti fotografici realizzati in multivisione, dedicate agli amanti dei viaggi, della natura e dell&#8217;arte. Il programma si articola in tre appuntamenti presso la sala Parrocchiale di Cavarzano alle ore 20.45, con ingresso libero, ultimo appuntamento domani.<\/p>\n<p>&nbsp;<\/p>\n<p>&nbsp;<\/p>\n<hr \/>\n<p>&nbsp;<\/p>\n<blockquote>\n<h3><a class=\"dt-pswp-item\" href=\"https:\/\/www.radiopiu.net\/wordpress\/wp-content\/uploads\/2023\/05\/Benedetta-Tobagi.jpg\" data-dt-img-description=\"\" data-large_image_width=\"1000\" data-large_image_height=\"1000\"><img loading=\"lazy\" decoding=\"async\" class=\"wp-image-337812 alignleft\" src=\"https:\/\/www.radiopiu.net\/wordpress\/wp-content\/uploads\/2023\/05\/Benedetta-Tobagi-300x300.jpg\" alt=\"\" width=\"127\" height=\"127\" srcset=\"https:\/\/www.radiopiu.net\/wordpress\/wp-content\/uploads\/2023\/05\/Benedetta-Tobagi-300x300.jpg 300w, https:\/\/www.radiopiu.net\/wordpress\/wp-content\/uploads\/2023\/05\/Benedetta-Tobagi-150x150.jpg 150w, https:\/\/www.radiopiu.net\/wordpress\/wp-content\/uploads\/2023\/05\/Benedetta-Tobagi-768x768.jpg 768w, https:\/\/www.radiopiu.net\/wordpress\/wp-content\/uploads\/2023\/05\/Benedetta-Tobagi.jpg 1000w\" sizes=\"auto, (max-width: 127px) 100vw, 127px\" \/><\/a>Presentazione del libro \u201cLa Resistenza delle donne\u201d di Benedetta Tobagi<\/h3>\n<\/blockquote>\n<p><strong>BELLUNO<\/strong> In occasione della Festa della Repubblica, venerd\u00ec 2 giugno, alle ore 17.30 nella Sala \u201cZanardelli\u201d della Prefettura, con i saluti del Prefetto Mariano Savastano e del Direttore dell\u2019Isbrec Enrico Bacchetti la scrittrice Benedetta Tobagi (foto) presenter\u00e0 il suo ultimo libro La Resistenza delle donne, Einaudi, 2022. L\u2019autrice dialogher\u00e0 con Mirta Amanda Barbonetti, componente del direttivo Isbrec, traduttrice e saggista. Alcuni passi del libro saranno letti dalla poetessa Serena Dal Borgo. L\u2019incontro \u00e8 ad ingresso libero fino ad esaurimento dei posti.<\/p>\n<p>&nbsp;<\/p>\n<p>&nbsp;<\/p>\n<hr \/>\n<p>&nbsp;<\/p>\n<blockquote>\n<h3>SABATO 3 GIUGNO LA CENA DELLA CLASSE 1955-56<\/h3>\n<\/blockquote>\n<p><strong>AGORDO<\/strong> E&#8217; in programma per sabato 3 giugno al Ristorante &#8220;La Stanga&#8221; la cena delle classi 1955-1956. Ritrovo al ristorante alle 19, cena , musica e premi. Per informazioni ed iscrizioni Roberto Schenot al 348 8524340. Iscrizioni entro il 29 maggio.<\/p>\n<p>&nbsp;<\/p>\n<p>&nbsp;<\/p>\n<hr \/>\n<p>&nbsp;<\/p>\n<blockquote>\n<h3>DOMENICA 4 GIUGNO LA 4 PAS IN DOI<\/h3>\n<\/blockquote>\n<p><strong>AGORDO<\/strong> <strong>DOMENICA 4 GIUGNO<\/strong> AD AGORDO: &#8220;4 Pas in doi&#8221; TRAIL RUNNING A COPPIE. Due percorsi: 16 km con 900 metri di dislivello, o 5 km con 250 metri di dislivello. E per i pi\u00f9 golosi, la &#8220;4 Pas in doi Bocoi&#8221;: itinerario enogastronomico, 6 km, con 4 tappe da&#8230; gustare. Per informazioni ed iscrizioni: www.4pasindoi.it<\/p>\n<p>&nbsp;<\/p>\n<p>&nbsp;<\/p>\n<hr \/>\n<p>&nbsp;<\/p>\n<h2><span style=\"color: #ff0000;\">PROSSIMAMENTE&#8230;\u00a0<\/span><\/h2>\n<blockquote>\n<h3>Il Gruppo Alpini organizza una gita indimenticabile alla Foiba di Basovizza con pranzo di pesce a Lignano<\/h3>\n<\/blockquote>\n<p><strong>FALCADE <\/strong>\u00a0I Gruppi Alpini rappresentano un importante pilastro della comunit\u00e0 locale, promuovendo attivit\u00e0 che uniscono tradizione, avventura e scoperta del patrimonio culturale. Nel contesto di queste iniziative, il Gruppo Alpini di Falcade ha annunciato una gita straordinaria che si terr\u00e0 l&#8217;11 giugno, con destinazione la Foiba di Basovizza e una deliziosa pausa pranzo a Lignano.\u00a0 Remo Secchi, responsabile delle iscrizioni, sar\u00e0 il punto di riferimento per tutti coloro che desiderano partecipare. Per prenotare un posto e per ulteriori informazioni, \u00e8 possibile contattare\u00a0 il\u00a0 338 5628415.<\/p>\n<p>&nbsp;<\/p>\n<p>&nbsp;<\/p>\n<hr \/>\n<p>&nbsp;<\/p>\n<p>&nbsp;<\/p>\n<blockquote class=\"wp-embedded-content\" data-secret=\"QzUns6uhmS\"><p><a href=\"https:\/\/www.radiopiu.net\/wordpress\/periti-minerari-agordini-nel-mondo-la-presentazione-del-libro-la-diretta\/\">PERITI MINERARI AGORDINI NEL MONDO, LA PRESENTAZIONE DEL LIBRO &#8211; LA DIRETTA<\/a><\/p><\/blockquote>\n<p><iframe loading=\"lazy\" class=\"wp-embedded-content\" sandbox=\"allow-scripts\" security=\"restricted\" style=\"position: absolute; clip: rect(1px, 1px, 1px, 1px);\" title=\"&#8220;PERITI MINERARI AGORDINI NEL MONDO, LA PRESENTAZIONE DEL LIBRO &#8211; LA DIRETTA&#8221; &#8212; Radio Pi\u00f9\" src=\"https:\/\/www.radiopiu.net\/wordpress\/periti-minerari-agordini-nel-mondo-la-presentazione-del-libro-la-diretta\/embed\/#?secret=5bCkDGTVmD#?secret=QzUns6uhmS\" data-secret=\"QzUns6uhmS\" width=\"600\" height=\"338\" frameborder=\"0\" marginwidth=\"0\" marginheight=\"0\" scrolling=\"no\"><\/iframe><\/p>\n<p>&nbsp;<\/p>\n<hr \/>\n<p>&nbsp;<\/p>\n<blockquote class=\"wp-embedded-content\" data-secret=\"l7LU0YpmSE\"><p><a href=\"https:\/\/www.radiopiu.net\/wordpress\/convegno-cosa-chiede-il-mondo-del-lavoro-alla-scuola-conoscenze-e-competenze-richieste-ai-diplomati-tecnici-dalle-imprese\/\">CONVEGNO &#8220;COSA CHIEDE IL MONDO DEL LAVORO ALLA SCUOLA: CONOSCENZE E COMPETENZE RICHIESTE AI DIPLOMATI TECNICI DALLE IMPRESE&#8221;<\/a><\/p><\/blockquote>\n<p><iframe loading=\"lazy\" class=\"wp-embedded-content\" sandbox=\"allow-scripts\" security=\"restricted\" style=\"position: absolute; clip: rect(1px, 1px, 1px, 1px);\" title=\"&#8220;CONVEGNO &#8220;COSA CHIEDE IL MONDO DEL LAVORO ALLA SCUOLA: CONOSCENZE E COMPETENZE RICHIESTE AI DIPLOMATI TECNICI DALLE IMPRESE&#8221;&#8221; &#8212; Radio Pi\u00f9\" src=\"https:\/\/www.radiopiu.net\/wordpress\/convegno-cosa-chiede-il-mondo-del-lavoro-alla-scuola-conoscenze-e-competenze-richieste-ai-diplomati-tecnici-dalle-imprese\/embed\/#?secret=bhh70XpgDI#?secret=l7LU0YpmSE\" data-secret=\"l7LU0YpmSE\" width=\"600\" height=\"338\" frameborder=\"0\" marginwidth=\"0\" marginheight=\"0\" scrolling=\"no\"><\/iframe><\/p>\n<p>&nbsp;<\/p>\n<hr \/>\n<p>&nbsp;<\/p>\n<blockquote>\n<h3>VIA VAI ALLA CALCHERA, ESEMPIO DI SOCIALITA&#8217;<\/h3>\n<\/blockquote>\n<p><a class=\"dt-pswp-item\" href=\"https:\/\/www.radiopiu.net\/wordpress\/wp-content\/uploads\/2023\/05\/PAOLO-SIBILLON-300x191-1.png\" data-dt-img-description=\"\" data-large_image_width=\"300\" data-large_image_height=\"191\"><img loading=\"lazy\" decoding=\"async\" class=\"size-full wp-image-337864 alignright\" src=\"https:\/\/www.radiopiu.net\/wordpress\/wp-content\/uploads\/2023\/05\/PAOLO-SIBILLON-300x191-1.png\" alt=\"\" width=\"300\" height=\"191\" \/><\/a>TAIBON<\/p>\n<p>DI GIANNI SANTOMASO<\/p>\n<p>&nbsp;<\/p>\n<p>FOTO IL PRESIDENTE PAOLO SIBILLON<\/p>\n<audio class=\"wp-audio-shortcode\" id=\"audio-337735-13\" preload=\"none\" style=\"width: 100%;\" controls=\"controls\"><source type=\"audio\/mpeg\" src=\"https:\/\/www.radiopiu.net\/wordpress\/wp-content\/uploads\/2023\/05\/GIANNI-COTA.mp3?_=13\" \/><a href=\"https:\/\/www.radiopiu.net\/wordpress\/wp-content\/uploads\/2023\/05\/GIANNI-COTA.mp3\">https:\/\/www.radiopiu.net\/wordpress\/wp-content\/uploads\/2023\/05\/GIANNI-COTA.mp3<\/a><\/audio>\n<blockquote class=\"wp-embedded-content\" data-secret=\"ppfJMJRXwx\"><p><a href=\"https:\/\/www.radiopiu.net\/wordpress\/cronostoria-la-calchera-dal-22-marzo-2022-ad-oggi-24-maggio-2023\/\">CRONOSTORIA, LA CALCHERA: DAL 22 MARZO 2022 AD OGGI 24 MAGGIO 2023<\/a><\/p><\/blockquote>\n<p><iframe loading=\"lazy\" class=\"wp-embedded-content\" sandbox=\"allow-scripts\" security=\"restricted\" style=\"position: absolute; clip: rect(1px, 1px, 1px, 1px);\" title=\"&#8220;CRONOSTORIA, LA CALCHERA: DAL 22 MARZO 2022 AD OGGI 24 MAGGIO 2023&#8221; &#8212; Radio Pi\u00f9\" src=\"https:\/\/www.radiopiu.net\/wordpress\/cronostoria-la-calchera-dal-22-marzo-2022-ad-oggi-24-maggio-2023\/embed\/#?secret=bBnjMgWhHp#?secret=ppfJMJRXwx\" data-secret=\"ppfJMJRXwx\" width=\"600\" height=\"338\" frameborder=\"0\" marginwidth=\"0\" marginheight=\"0\" scrolling=\"no\"><\/iframe><\/p>\n<p>&nbsp;<\/p>\n<p>&nbsp;<\/p>\n<p>&nbsp;<\/p>\n<hr \/>\n<p>&nbsp;<\/p>\n<h2><strong><a class=\"dt-pswp-item\" href=\"https:\/\/www.radiopiu.net\/wordpress\/wp-content\/uploads\/2020\/12\/DON-GIORGIO-LISE.jpg\" data-dt-img-description=\"\" data-large_image_width=\"1600\" data-large_image_height=\"901\"><img loading=\"lazy\" decoding=\"async\" class=\" wp-image-177420 alignleft\" src=\"https:\/\/www.radiopiu.net\/wordpress\/wp-content\/uploads\/2020\/12\/DON-GIORGIO-LISE-300x169.jpg\" alt=\"\" width=\"183\" height=\"103\" srcset=\"https:\/\/www.radiopiu.net\/wordpress\/wp-content\/uploads\/2020\/12\/DON-GIORGIO-LISE-300x169.jpg 300w, https:\/\/www.radiopiu.net\/wordpress\/wp-content\/uploads\/2020\/12\/DON-GIORGIO-LISE-1024x577.jpg 1024w, https:\/\/www.radiopiu.net\/wordpress\/wp-content\/uploads\/2020\/12\/DON-GIORGIO-LISE-768x432.jpg 768w, https:\/\/www.radiopiu.net\/wordpress\/wp-content\/uploads\/2020\/12\/DON-GIORGIO-LISE-1536x865.jpg 1536w, https:\/\/www.radiopiu.net\/wordpress\/wp-content\/uploads\/2020\/12\/DON-GIORGIO-LISE.jpg 1600w\" sizes=\"auto, (max-width: 183px) 100vw, 183px\" \/><\/a><\/strong><span style=\"color: #33cccc;\">DUE MINUTI PER TE<\/span><\/h2>\n<p><strong>APPUNTAMENTO DELLA DOMENICA CON IL PENSIERO DI MONSIGNOR GIORGIO LISE<\/strong><\/p>\n<audio class=\"wp-audio-shortcode\" id=\"audio-337735-14\" preload=\"none\" style=\"width: 100%;\" controls=\"controls\"><source type=\"audio\/mpeg\" src=\"https:\/\/www.radiopiu.net\/wordpress\/wp-content\/uploads\/2023\/05\/DON-GIORGIO-3.mp3?_=14\" \/><a href=\"https:\/\/www.radiopiu.net\/wordpress\/wp-content\/uploads\/2023\/05\/DON-GIORGIO-3.mp3\">https:\/\/www.radiopiu.net\/wordpress\/wp-content\/uploads\/2023\/05\/DON-GIORGIO-3.mp3<\/a><\/audio>\n<p>&nbsp;<\/p>\n<hr \/>\n<p>&nbsp;<\/p>\n<div dir=\"auto\">\n<div class=\"message spoilers-container\" dir=\"auto\">\n<div>\n<div class=\"b654a4as d2edcug0\">\n<div class=\"rq0escxv hkbzh7o3 jwdofwj8 n8tt0mok r8blr3vg hyh9befq\">\n<p><a class=\"dt-pswp-item\" href=\"https:\/\/www.radiopiu.net\/wordpress\/wp-content\/uploads\/2020\/10\/pp.jpg\" data-dt-img-description=\"\" data-large_image_width=\"640\" data-large_image_height=\"640\"><img loading=\"lazy\" decoding=\"async\" class=\"wp-image-163678 alignleft\" src=\"https:\/\/www.radiopiu.net\/wordpress\/wp-content\/uploads\/2020\/10\/pp-300x300.jpg\" alt=\"\" width=\"106\" height=\"106\" srcset=\"https:\/\/www.radiopiu.net\/wordpress\/wp-content\/uploads\/2020\/10\/pp-300x300.jpg 300w, https:\/\/www.radiopiu.net\/wordpress\/wp-content\/uploads\/2020\/10\/pp-150x150.jpg 150w, https:\/\/www.radiopiu.net\/wordpress\/wp-content\/uploads\/2020\/10\/pp-125x125.jpg 125w, https:\/\/www.radiopiu.net\/wordpress\/wp-content\/uploads\/2020\/10\/pp-200x200.jpg 200w, https:\/\/www.radiopiu.net\/wordpress\/wp-content\/uploads\/2020\/10\/pp-80x80.jpg 80w, https:\/\/www.radiopiu.net\/wordpress\/wp-content\/uploads\/2020\/10\/pp-480x480.jpg 480w, https:\/\/www.radiopiu.net\/wordpress\/wp-content\/uploads\/2020\/10\/pp.jpg 640w\" sizes=\"auto, (max-width: 106px) 100vw, 106px\" \/><\/a><\/p>\n<\/div>\n<\/div>\n<\/div>\n<\/div>\n<div class=\"message spoilers-container\" dir=\"auto\">\n<div class=\"page-title-head hgroup\">\n<div class=\"page-title-head hgroup\">\n<div class=\"b654a4as d2edcug0\">\n<div class=\"j83agx80 btwxx1t3 lhclo0ds hop8lmos nkwizq5d scwd0bx6 roh60bw9\">\n<div class=\"rq0escxv hkbzh7o3 jwdofwj8 n8tt0mok r8blr3vg hyh9befq\">\n<div class=\"do00u71z l9j0dhe7 k4urcfbm\" style=\"text-align: left;\">\n<h2><span style=\"color: #000080;\">DON CESARE, IL PENSIERO DEL GIORNO. ALLA RADIO ALLE 7 DEL MATTINO E ALLE 19.30 DELLA SERA\u00a0<\/span><\/h2>\n<p>&nbsp;<\/p>\n<p>&nbsp;<\/p>\n<\/div>\n<div class=\"do00u71z l9j0dhe7 k4urcfbm\" style=\"text-align: left;\">\n<h2 style=\"text-align: left;\"><\/h2>\n<audio class=\"wp-audio-shortcode\" id=\"audio-337735-15\" preload=\"none\" style=\"width: 100%;\" controls=\"controls\"><source type=\"audio\/mpeg\" src=\"https:\/\/www.radiopiu.net\/wordpress\/wp-content\/uploads\/2023\/05\/CESARE-23.mp3?_=15\" \/><a href=\"https:\/\/www.radiopiu.net\/wordpress\/wp-content\/uploads\/2023\/05\/CESARE-23.mp3\">https:\/\/www.radiopiu.net\/wordpress\/wp-content\/uploads\/2023\/05\/CESARE-23.mp3<\/a><\/audio>\n<h2 style=\"text-align: left;\"><span style=\"color: #ff0000;\"><span style=\"vertical-align: inherit;\"><a class=\"dt-pswp-item\" href=\"https:\/\/www.radiopiu.net\/wordpress\/wp-content\/uploads\/2023\/04\/e0aad41d-951e-47b9-9fae-1a879a9bcb7e-1.jpg\" data-dt-img-description=\"\" data-large_image_width=\"1200\" data-large_image_height=\"1200\"><img loading=\"lazy\" decoding=\"async\" class=\"wp-image-333205 aligncenter\" src=\"https:\/\/www.radiopiu.net\/wordpress\/wp-content\/uploads\/2023\/04\/e0aad41d-951e-47b9-9fae-1a879a9bcb7e-1-300x300.jpg\" alt=\"\" width=\"227\" height=\"227\" srcset=\"https:\/\/www.radiopiu.net\/wordpress\/wp-content\/uploads\/2023\/04\/e0aad41d-951e-47b9-9fae-1a879a9bcb7e-1-300x300.jpg 300w, https:\/\/www.radiopiu.net\/wordpress\/wp-content\/uploads\/2023\/04\/e0aad41d-951e-47b9-9fae-1a879a9bcb7e-1-1024x1024.jpg 1024w, https:\/\/www.radiopiu.net\/wordpress\/wp-content\/uploads\/2023\/04\/e0aad41d-951e-47b9-9fae-1a879a9bcb7e-1-150x150.jpg 150w, https:\/\/www.radiopiu.net\/wordpress\/wp-content\/uploads\/2023\/04\/e0aad41d-951e-47b9-9fae-1a879a9bcb7e-1-768x768.jpg 768w, https:\/\/www.radiopiu.net\/wordpress\/wp-content\/uploads\/2023\/04\/e0aad41d-951e-47b9-9fae-1a879a9bcb7e-1.jpg 1200w\" sizes=\"auto, (max-width: 227px) 100vw, 227px\" \/><br \/>\n<\/a><\/span><\/span><\/h2>\n<\/div>\n<\/div>\n<\/div>\n<\/div>\n<\/div>\n<\/div>\n<\/div>\n<\/div>\n<hr \/>\n<p>&nbsp;<\/p>\n<div class=\"message spoilers-container\" dir=\"auto\">\n<p>&nbsp;<\/p>\n<\/div>\n<blockquote>\n<div class=\"message spoilers-container\" dir=\"auto\"><\/div>\n<\/blockquote>\n<div class=\"message spoilers-container\" dir=\"auto\">\n<blockquote class=\"wp-embedded-content\" data-secret=\"XrVyWBRLSF\"><p><a href=\"https:\/\/www.radiopiu.net\/wordpress\/gocce-filosofia\/\">Gocce di filosofia,  LA TERZA STAGIONE&#8230; 2023<\/a><\/p><\/blockquote>\n<p><iframe loading=\"lazy\" class=\"wp-embedded-content\" sandbox=\"allow-scripts\" security=\"restricted\" style=\"position: absolute; clip: rect(1px, 1px, 1px, 1px);\" title=\"&#8220;Gocce di filosofia,  LA TERZA STAGIONE&#8230; 2023&#8221; &#8212; Radio Pi\u00f9\" src=\"https:\/\/www.radiopiu.net\/wordpress\/gocce-filosofia\/embed\/#?secret=JRglwC68W4#?secret=XrVyWBRLSF\" data-secret=\"XrVyWBRLSF\" width=\"600\" height=\"338\" frameborder=\"0\" marginwidth=\"0\" marginheight=\"0\" scrolling=\"no\"><\/iframe><\/p>\n<\/div>\n<hr \/>\n<p>&nbsp;<\/p>\n<h2><strong><a class=\"dt-pswp-item\" href=\"https:\/\/www.radiopiu.net\/wordpress\/wp-content\/uploads\/2023\/05\/copertina-sito-formazione-mar23.png\" data-dt-img-description=\"\" data-large_image_width=\"730\" data-large_image_height=\"410\"><img loading=\"lazy\" decoding=\"async\" class=\" wp-image-337766 alignleft\" src=\"https:\/\/www.radiopiu.net\/wordpress\/wp-content\/uploads\/2023\/05\/copertina-sito-formazione-mar23-300x168.png\" alt=\"\" width=\"182\" height=\"102\" srcset=\"https:\/\/www.radiopiu.net\/wordpress\/wp-content\/uploads\/2023\/05\/copertina-sito-formazione-mar23-300x168.png 300w, https:\/\/www.radiopiu.net\/wordpress\/wp-content\/uploads\/2023\/05\/copertina-sito-formazione-mar23.png 730w\" sizes=\"auto, (max-width: 182px) 100vw, 182px\" \/><\/a><\/strong><span style=\"color: #33cccc;\">LA RASSEGNA STAMPA DA L&#8217;AMICO DEL POPOLO<\/span><\/h2>\n<p><strong>di Gianni Santomaso<\/strong><\/p>\n<p>OSPITE: Sonia Andrich<\/p>\n<p>(foto: 365giorni.org)<\/p>\n<audio class=\"wp-audio-shortcode\" id=\"audio-337735-16\" preload=\"none\" style=\"width: 100%;\" controls=\"controls\"><source type=\"audio\/mpeg\" src=\"https:\/\/www.radiopiu.net\/wordpress\/wp-content\/uploads\/2023\/05\/RASSEGNA-GIANNI-3.mp3?_=16\" \/><a href=\"https:\/\/www.radiopiu.net\/wordpress\/wp-content\/uploads\/2023\/05\/RASSEGNA-GIANNI-3.mp3\">https:\/\/www.radiopiu.net\/wordpress\/wp-content\/uploads\/2023\/05\/RASSEGNA-GIANNI-3.mp3<\/a><\/audio>\n<p>&nbsp;<\/p>\n<hr \/>\n<p>&nbsp;<\/p>\n<blockquote class=\"wp-embedded-content\" data-secret=\"3rL35pq06l\"><p><a href=\"https:\/\/www.radiopiu.net\/wordpress\/sentimental-il-nuovo-programma-di-paola-lanciato\/\">SENTIMENTAL, IL NUOVO PROGRAMMA DI PAOLA LANCIATO<\/a><\/p><\/blockquote>\n<p><iframe loading=\"lazy\" class=\"wp-embedded-content\" sandbox=\"allow-scripts\" security=\"restricted\" style=\"position: absolute; clip: rect(1px, 1px, 1px, 1px);\" title=\"&#8220;SENTIMENTAL, IL NUOVO PROGRAMMA DI PAOLA LANCIATO&#8221; &#8212; Radio Pi\u00f9\" src=\"https:\/\/www.radiopiu.net\/wordpress\/sentimental-il-nuovo-programma-di-paola-lanciato\/embed\/#?secret=rWuUi2VgJv#?secret=3rL35pq06l\" data-secret=\"3rL35pq06l\" width=\"600\" height=\"338\" frameborder=\"0\" marginwidth=\"0\" marginheight=\"0\" scrolling=\"no\"><\/iframe><\/p>\n<p>&nbsp;<\/p>\n<div class=\"message spoilers-container\" dir=\"auto\">\n<p>&nbsp;<\/p>\n<p>&nbsp;<\/p>\n<hr \/>\n<p>&nbsp;<\/p>\n<\/div>\n<div class=\"message spoilers-container\" dir=\"auto\">\n<div class=\"column\">\n<p><img loading=\"lazy\" decoding=\"async\" class=\"aligncenter wp-image-61954 size-full\" src=\"https:\/\/www.radiopiu.net\/wordpress\/wp-content\/uploads\/2018\/09\/viabilita.jpeg\" sizes=\"auto, (max-width: 800px) 100vw, 800px\" srcset=\"https:\/\/www.radiopiu.net\/wordpress\/wp-content\/uploads\/2018\/09\/viabilita.jpeg 800w, https:\/\/www.radiopiu.net\/wordpress\/wp-content\/uploads\/2018\/09\/viabilita-300x38.jpeg 300w, https:\/\/www.radiopiu.net\/wordpress\/wp-content\/uploads\/2018\/09\/viabilita-768x96.jpeg 768w\" alt=\"\" width=\"800\" height=\"100\" \/><\/p>\n<\/div>\n<\/div>\n<div class=\"message spoilers-container\" dir=\"auto\">\n<div class=\"column\">\n<p>&nbsp;<\/p>\n<\/div>\n<\/div>\n<div class=\"message spoilers-container\" dir=\"auto\">\n<div class=\"column\">\n<div dir=\"ltr\">\n<div class=\"gmail_quote\">\n<div dir=\"ltr\">\n<div class=\"gmail_quote\">\n<blockquote class=\"wp-embedded-content\" data-secret=\"rpkQZTcBeX\"><p><a href=\"https:\/\/www.radiopiu.net\/wordpress\/viabilita\/\">viabilita<\/a><\/p><\/blockquote>\n<p><iframe loading=\"lazy\" class=\"wp-embedded-content\" sandbox=\"allow-scripts\" security=\"restricted\" style=\"position: absolute; clip: rect(1px, 1px, 1px, 1px);\" title=\"&#8220;viabilita&#8221; &#8212; Radio Pi\u00f9\" src=\"https:\/\/www.radiopiu.net\/wordpress\/viabilita\/embed\/#?secret=hs3BQVaisb#?secret=rpkQZTcBeX\" data-secret=\"rpkQZTcBeX\" width=\"600\" height=\"338\" frameborder=\"0\" marginwidth=\"0\" marginheight=\"0\" scrolling=\"no\"><\/iframe><\/p>\n<\/div>\n<\/div>\n<\/div>\n<\/div>\n<\/div>\n<\/div>\n<div class=\"message spoilers-container\" dir=\"auto\">\n<div class=\"column\">\n<div>\n<div dir=\"ltr\">\n<div class=\"gmail_quote\">\n<div dir=\"ltr\">\n<div><\/div>\n<\/div>\n<\/div>\n<\/div>\n<\/div>\n<hr \/>\n<p>&nbsp;<\/p>\n<p><a class=\"dt-pswp-item\" href=\"https:\/\/www.radiopiu.net\/wordpress\/wp-content\/uploads\/2018\/09\/WhatsApp-Image-2018-09-20-at-16.04.06.jpeg\" data-dt-img-description=\"\" data-large_image_width=\"800\" data-large_image_height=\"100\"><img loading=\"lazy\" decoding=\"async\" class=\"wp-image-61378 size-full aligncenter\" src=\"https:\/\/www.radiopiu.net\/wordpress\/wp-content\/uploads\/2018\/09\/WhatsApp-Image-2018-09-20-at-16.04.06.jpeg\" alt=\"\" width=\"800\" height=\"100\" srcset=\"https:\/\/www.radiopiu.net\/wordpress\/wp-content\/uploads\/2018\/09\/WhatsApp-Image-2018-09-20-at-16.04.06.jpeg 800w, https:\/\/www.radiopiu.net\/wordpress\/wp-content\/uploads\/2018\/09\/WhatsApp-Image-2018-09-20-at-16.04.06-300x38.jpeg 300w, https:\/\/www.radiopiu.net\/wordpress\/wp-content\/uploads\/2018\/09\/WhatsApp-Image-2018-09-20-at-16.04.06-768x96.jpeg 768w\" sizes=\"auto, (max-width: 800px) 100vw, 800px\" \/><\/a><\/p>\n<\/div>\n<\/div>\n<div class=\"message spoilers-container\" dir=\"auto\"><\/div>\n<p><center><b>OGGI<\/b><\/center><b>Tempo atteso: <\/b>Al mattino tempo ben soleggiato e stabile con cielo sereno o poco nuvoloso per transito di altocumuli. Al pomeriggio riduzione del soleggiamento per attivit\u00e0 cumuliforme irregolare, pi\u00f9 intensa sulle Prealpi che non sulle Dolomiti, specie a ridosso del Trentino &#8211; Alto-Adige.<br \/>\n<b>Precipitazioni: <\/b>Al mattino assenti (0%); nelle ore pi\u00f9 calde l&#8217;insidia convettiva sar\u00e0 presente, ma assai remota su buona parte della montagna veneta (10-20%). A ridosso del Trentino-Alto Adige, tuttavia, la probabilit\u00e0 sar\u00e0 maggiore (30-50%) con qualche singolo rovescio o temporale.<br \/>\n<b>Temperature: <\/b>Minime in leggera flessione e massime senza notevoli variazioni.<\/p>\n<hr \/>\n<p><center><b>DOMANI<\/b><\/center><b>Tempo atteso: <\/b>Tempo in prevalenza soleggiato con modesta e irregolare attivit\u00e0 cumuliforme nelle ore pi\u00f9 calde; localmente tali annuvolamenti saranno intensi a sufficienza per generare residui fenomeni convettivi.<br \/>\n<b>Precipitazioni: <\/b>Al mattino assenti (0%), al pomeriggio su molti settori non piover\u00e0 affatto, ma qua e l\u00e0, sul confine con il Trentino e l&#8217;Alto-Adige, non escluso qualche rovescio o, nella peggiore delle ipotesi, qualche isolato breve temporale (20-30%).<br \/>\n<b>Temperature: <\/b>Minime senza notevoli variazioni e massime in lieve rialzo.<\/p>\n<hr \/>\n<p><center><b>MERCOLEDI<\/b><\/center>Tempo pi\u00f9 stabile, in prevalenza soleggiato con modesti cumuli diurni. L&#8217;insidia convettiva sar\u00e0 piuttosto bassa, seppur non del tuuto esclusa sui confini con il Trentino e l&#8217;Alto Adige. Temperature minime in calo e massime senza notevoli variazioni.<\/p>\n<hr \/>\n<p><center><b>GIOVEDI<\/b><\/center>Tempo perlopi\u00f9 stabile, in prevalenza soleggiato con modesti cumuli diurni. L&#8217;insidia convettiva sar\u00e0 bassa. Temperature in generale rialzo.<\/p>\n<p>&nbsp;<\/p>\n<div class=\"message spoilers-container\" dir=\"auto\">\n<hr \/>\n<p>&nbsp;<\/p>\n<p><a class=\"dt-pswp-item\" href=\"https:\/\/www.radiopiu.net\/wordpress\/wp-content\/uploads\/2018\/09\/sport.jpg\" data-dt-img-description=\"\" data-large_image_width=\"800\" data-large_image_height=\"100\"><img loading=\"lazy\" decoding=\"async\" class=\"aligncenter wp-image-60761 size-full\" src=\"https:\/\/www.radiopiu.net\/wordpress\/wp-content\/uploads\/2018\/09\/sport.jpg\" alt=\"\" width=\"800\" height=\"100\" srcset=\"https:\/\/www.radiopiu.net\/wordpress\/wp-content\/uploads\/2018\/09\/sport.jpg 800w, https:\/\/www.radiopiu.net\/wordpress\/wp-content\/uploads\/2018\/09\/sport-300x38.jpg 300w, https:\/\/www.radiopiu.net\/wordpress\/wp-content\/uploads\/2018\/09\/sport-768x96.jpg 768w\" sizes=\"auto, (max-width: 800px) 100vw, 800px\" \/><\/a><\/p>\n<\/div>\n<div class=\"message spoilers-container\" dir=\"auto\">\n<p>&nbsp;<\/p>\n<p><span style=\"color: #0000ff;\"><strong>CALCIO A 5<\/strong><\/span><\/p>\n<blockquote>\n<h3>LA CANOTTIERI BELLUNO TORNA DA ISCHIA CON UNA VITTORIA. IL SOGNO A2 E&#8217; SEMPRE PIU&#8217; VICINO<\/h3>\n<\/blockquote>\n<p><span style=\"color: #ff0000;\"><strong><a class=\"dt-pswp-item\" href=\"https:\/\/www.radiopiu.net\/wordpress\/wp-content\/uploads\/2023\/05\/349579242_935534217701417_7064298858732293821_n.jpg\" data-dt-img-description=\"\" data-large_image_width=\"1665\" data-large_image_height=\"1080\"><img loading=\"lazy\" decoding=\"async\" class=\" wp-image-337856 alignleft\" src=\"https:\/\/www.radiopiu.net\/wordpress\/wp-content\/uploads\/2023\/05\/349579242_935534217701417_7064298858732293821_n-300x195.jpg\" alt=\"\" width=\"148\" height=\"96\" srcset=\"https:\/\/www.radiopiu.net\/wordpress\/wp-content\/uploads\/2023\/05\/349579242_935534217701417_7064298858732293821_n-300x195.jpg 300w, https:\/\/www.radiopiu.net\/wordpress\/wp-content\/uploads\/2023\/05\/349579242_935534217701417_7064298858732293821_n-1024x664.jpg 1024w, https:\/\/www.radiopiu.net\/wordpress\/wp-content\/uploads\/2023\/05\/349579242_935534217701417_7064298858732293821_n-768x498.jpg 768w, https:\/\/www.radiopiu.net\/wordpress\/wp-content\/uploads\/2023\/05\/349579242_935534217701417_7064298858732293821_n-1536x996.jpg 1536w, https:\/\/www.radiopiu.net\/wordpress\/wp-content\/uploads\/2023\/05\/349579242_935534217701417_7064298858732293821_n.jpg 1665w\" sizes=\"auto, (max-width: 148px) 100vw, 148px\" \/><\/a>SERIE B &#8211; FINALE PLAYOFF<\/strong><\/span><\/p>\n<p><strong>VIRTUS LIBERA ISCHIA &#8211; CANOTTIERI BELLUNO 1-5<\/strong><\/p>\n<p>\u00c8 il primo tempo di una finale. \u00c8 il giorno di Vise. C&#8217;\u00e8 una grande partita, c&#8217;\u00e8 un palazzetto infuocato. C&#8217;\u00e8 una grande Canottieri, e un ragazzo, Max Dall&#8217;\u00d2, che vede il futuro. Canottieri batte Ischia 5 a 1: una volta Gheno, quattro volte Max.<\/p>\n<p><strong>IL SERVIZIO DI ANTONIO FIABANE, PORTAVOCE DELLA CANOTTIERI BELLUNO<\/strong><\/p>\n<audio class=\"wp-audio-shortcode\" id=\"audio-337735-17\" preload=\"none\" style=\"width: 100%;\" controls=\"controls\"><source type=\"audio\/mpeg\" src=\"https:\/\/www.radiopiu.net\/wordpress\/wp-content\/uploads\/2023\/05\/canottieri-sito.mp3?_=17\" \/><a href=\"https:\/\/www.radiopiu.net\/wordpress\/wp-content\/uploads\/2023\/05\/canottieri-sito.mp3\">https:\/\/www.radiopiu.net\/wordpress\/wp-content\/uploads\/2023\/05\/canottieri-sito.mp3<\/a><\/audio>\n<p>&nbsp;<\/p>\n<p><span style=\"color: #0000ff;\"><strong>CORSA CAMPESTRE<\/strong><\/span><\/p>\n<blockquote>\n<h3>DANIELE E FRANCESCA DE COLO&#8217; SI AGGIUDICANO LA PRIMA EDIZIONE DELLA DON &#8211; PIAN LONCH<\/h3>\n<\/blockquote>\n<p><strong>GOSALDO<\/strong> Si \u00e8 svolta a Gosaldo la prima edizione della Don &#8211; Pian Lonch, corsa non competitiva\u00a0 e passeggiata ludico motoria per chi fosse sprovvisto di certificato medico. Sono stati 104 gli iscritti alla manifestazione che si \u00e8 svolta regolarmente nonostante l&#8217;incertezza delle previsioni meteo. Grande soddisfazione tra gli organizzatori di questa prima edizione. In ambito maschile Ha vinto la gara Daniele De Col\u00f2 che ha chiuso con il tempo di 30&#8217;04&#8221; rifilando quasi due minuti a Eris Costa. Al terzo posto Matteo Costa. Tra le donne la vittoria \u00e8 andata a Francesca De Col\u00f2, secondo posto per Ornella Bona e terza Giulia Titon.<\/p>\n\n\t\t\t<style type='text\/css'>\n\t\t\t\t#gallery-5 {\n\t\t\t\t\tmargin: auto;\n\t\t\t\t}\n\t\t\t\t#gallery-5 .gallery-item {\n\t\t\t\t\tfloat: left;\n\t\t\t\t\tmargin-top: 10px;\n\t\t\t\t\ttext-align: center;\n\t\t\t\t\twidth: 20%;\n\t\t\t\t}\n\t\t\t\t#gallery-5 img {\n\t\t\t\t\tborder: 2px solid #cfcfcf;\n\t\t\t\t}\n\t\t\t\t#gallery-5 .gallery-caption {\n\t\t\t\t\tmargin-left: 0;\n\t\t\t\t}\n\t\t\t\t\/* see gallery_shortcode() in wp-includes\/media.php *\/\n\t\t\t<\/style>\n\t\t<div id='gallery-5' class='dt-gallery-container gallery galleryid-337735 gallery-columns-5 gallery-size-thumbnail'><dl class='gallery-item'>\n\t\t\t\t<dt class='gallery-icon landscape'>\n\t\t\t\t\t<a class=\"rollover rollover-zoom dt-pswp-item\" title=\"1046839a-a2db-46b0-8c8b-181535975baa\" data-dt-img-description=\"\" data-large_image_width=\"1600\" data-large_image_height=\"1200\"href='https:\/\/www.radiopiu.net\/wordpress\/wp-content\/uploads\/2023\/05\/1046839a-a2db-46b0-8c8b-181535975baa.jpg'><img loading=\"lazy\" decoding=\"async\" width=\"150\" height=\"150\" src=\"https:\/\/www.radiopiu.net\/wordpress\/wp-content\/uploads\/2023\/05\/1046839a-a2db-46b0-8c8b-181535975baa-150x150.jpg\" class=\"attachment-thumbnail size-thumbnail\" alt=\"\" \/><\/a>\n\t\t\t\t<\/dt><\/dl><dl class='gallery-item'>\n\t\t\t\t<dt class='gallery-icon landscape'>\n\t\t\t\t\t<a class=\"rollover rollover-zoom dt-pswp-item\" title=\"11087a68-45e0-40cd-b8cd-4b7fbc9ea80b\" data-dt-img-description=\"\" data-large_image_width=\"1600\" data-large_image_height=\"1200\"href='https:\/\/www.radiopiu.net\/wordpress\/wp-content\/uploads\/2023\/05\/11087a68-45e0-40cd-b8cd-4b7fbc9ea80b.jpg'><img loading=\"lazy\" decoding=\"async\" width=\"150\" height=\"150\" src=\"https:\/\/www.radiopiu.net\/wordpress\/wp-content\/uploads\/2023\/05\/11087a68-45e0-40cd-b8cd-4b7fbc9ea80b-150x150.jpg\" class=\"attachment-thumbnail size-thumbnail\" alt=\"\" \/><\/a>\n\t\t\t\t<\/dt><\/dl><dl class='gallery-item'>\n\t\t\t\t<dt class='gallery-icon landscape'>\n\t\t\t\t\t<a class=\"rollover rollover-zoom dt-pswp-item\" title=\"2d6f442d-4326-4258-af3f-8b2206c8995b\" data-dt-img-description=\"\" data-large_image_width=\"1600\" data-large_image_height=\"1200\"href='https:\/\/www.radiopiu.net\/wordpress\/wp-content\/uploads\/2023\/05\/2d6f442d-4326-4258-af3f-8b2206c8995b.jpg'><img loading=\"lazy\" decoding=\"async\" width=\"150\" height=\"150\" src=\"https:\/\/www.radiopiu.net\/wordpress\/wp-content\/uploads\/2023\/05\/2d6f442d-4326-4258-af3f-8b2206c8995b-150x150.jpg\" class=\"attachment-thumbnail size-thumbnail\" alt=\"\" \/><\/a>\n\t\t\t\t<\/dt><\/dl><dl class='gallery-item'>\n\t\t\t\t<dt class='gallery-icon portrait'>\n\t\t\t\t\t<a class=\"rollover rollover-zoom dt-pswp-item\" title=\"1c61dfbf-0786-4dca-b252-1242d042165c\" data-dt-img-description=\"\" data-large_image_width=\"1200\" data-large_image_height=\"1600\"href='https:\/\/www.radiopiu.net\/wordpress\/wp-content\/uploads\/2023\/05\/1c61dfbf-0786-4dca-b252-1242d042165c.jpg'><img loading=\"lazy\" decoding=\"async\" width=\"150\" height=\"150\" src=\"https:\/\/www.radiopiu.net\/wordpress\/wp-content\/uploads\/2023\/05\/1c61dfbf-0786-4dca-b252-1242d042165c-150x150.jpg\" class=\"attachment-thumbnail size-thumbnail\" alt=\"\" \/><\/a>\n\t\t\t\t<\/dt><\/dl><dl class='gallery-item'>\n\t\t\t\t<dt class='gallery-icon portrait'>\n\t\t\t\t\t<a class=\"rollover rollover-zoom dt-pswp-item\" title=\"2548216c-4f72-4670-94aa-da6f15446aa4\" data-dt-img-description=\"\" data-large_image_width=\"1200\" data-large_image_height=\"1600\"href='https:\/\/www.radiopiu.net\/wordpress\/wp-content\/uploads\/2023\/05\/2548216c-4f72-4670-94aa-da6f15446aa4.jpg'><img loading=\"lazy\" decoding=\"async\" width=\"150\" height=\"150\" src=\"https:\/\/www.radiopiu.net\/wordpress\/wp-content\/uploads\/2023\/05\/2548216c-4f72-4670-94aa-da6f15446aa4-150x150.jpg\" class=\"attachment-thumbnail size-thumbnail\" alt=\"\" \/><\/a>\n\t\t\t\t<\/dt><\/dl><br style=\"clear: both\" \/><dl class='gallery-item'>\n\t\t\t\t<dt class='gallery-icon portrait'>\n\t\t\t\t\t<a class=\"rollover rollover-zoom dt-pswp-item\" title=\"b5e2e7f1-2173-4fb2-b62f-28f2e460ba15\" data-dt-img-description=\"\" data-large_image_width=\"1200\" data-large_image_height=\"1600\"href='https:\/\/www.radiopiu.net\/wordpress\/wp-content\/uploads\/2023\/05\/b5e2e7f1-2173-4fb2-b62f-28f2e460ba15.jpg'><img loading=\"lazy\" decoding=\"async\" width=\"150\" height=\"150\" src=\"https:\/\/www.radiopiu.net\/wordpress\/wp-content\/uploads\/2023\/05\/b5e2e7f1-2173-4fb2-b62f-28f2e460ba15-150x150.jpg\" class=\"attachment-thumbnail size-thumbnail\" alt=\"\" \/><\/a>\n\t\t\t\t<\/dt><\/dl><dl class='gallery-item'>\n\t\t\t\t<dt class='gallery-icon portrait'>\n\t\t\t\t\t<a class=\"rollover rollover-zoom dt-pswp-item\" title=\"8388d8fb-d99e-4da9-8564-9298cfe8280d\" data-dt-img-description=\"\" data-large_image_width=\"1200\" data-large_image_height=\"1600\"href='https:\/\/www.radiopiu.net\/wordpress\/wp-content\/uploads\/2023\/05\/8388d8fb-d99e-4da9-8564-9298cfe8280d.jpg'><img loading=\"lazy\" decoding=\"async\" width=\"150\" height=\"150\" src=\"https:\/\/www.radiopiu.net\/wordpress\/wp-content\/uploads\/2023\/05\/8388d8fb-d99e-4da9-8564-9298cfe8280d-150x150.jpg\" class=\"attachment-thumbnail size-thumbnail\" alt=\"\" \/><\/a>\n\t\t\t\t<\/dt><\/dl><dl class='gallery-item'>\n\t\t\t\t<dt class='gallery-icon portrait'>\n\t\t\t\t\t<a class=\"rollover rollover-zoom dt-pswp-item\" title=\"b5733cb6-fdf5-4af3-9280-47ebce416166\" data-dt-img-description=\"\" data-large_image_width=\"1200\" data-large_image_height=\"1600\"href='https:\/\/www.radiopiu.net\/wordpress\/wp-content\/uploads\/2023\/05\/b5733cb6-fdf5-4af3-9280-47ebce416166.jpg'><img loading=\"lazy\" decoding=\"async\" width=\"150\" height=\"150\" src=\"https:\/\/www.radiopiu.net\/wordpress\/wp-content\/uploads\/2023\/05\/b5733cb6-fdf5-4af3-9280-47ebce416166-150x150.jpg\" class=\"attachment-thumbnail size-thumbnail\" alt=\"\" \/><\/a>\n\t\t\t\t<\/dt><\/dl><dl class='gallery-item'>\n\t\t\t\t<dt class='gallery-icon portrait'>\n\t\t\t\t\t<a class=\"rollover rollover-zoom dt-pswp-item\" title=\"fc4f2358-679e-4fb6-802c-e6fc7b383e98\" data-dt-img-description=\"\" data-large_image_width=\"1200\" data-large_image_height=\"1600\"href='https:\/\/www.radiopiu.net\/wordpress\/wp-content\/uploads\/2023\/05\/fc4f2358-679e-4fb6-802c-e6fc7b383e98.jpg'><img loading=\"lazy\" decoding=\"async\" width=\"150\" height=\"150\" src=\"https:\/\/www.radiopiu.net\/wordpress\/wp-content\/uploads\/2023\/05\/fc4f2358-679e-4fb6-802c-e6fc7b383e98-150x150.jpg\" class=\"attachment-thumbnail size-thumbnail\" alt=\"\" \/><\/a>\n\t\t\t\t<\/dt><\/dl><dl class='gallery-item'>\n\t\t\t\t<dt class='gallery-icon portrait'>\n\t\t\t\t\t<a class=\"rollover rollover-zoom dt-pswp-item\" title=\"7d0a375a-74e3-46ce-af75-d7e448abbf3d\" data-dt-img-description=\"\" data-large_image_width=\"1200\" data-large_image_height=\"1600\"href='https:\/\/www.radiopiu.net\/wordpress\/wp-content\/uploads\/2023\/05\/7d0a375a-74e3-46ce-af75-d7e448abbf3d.jpg'><img loading=\"lazy\" decoding=\"async\" width=\"150\" height=\"150\" src=\"https:\/\/www.radiopiu.net\/wordpress\/wp-content\/uploads\/2023\/05\/7d0a375a-74e3-46ce-af75-d7e448abbf3d-150x150.jpg\" class=\"attachment-thumbnail size-thumbnail\" alt=\"\" \/><\/a>\n\t\t\t\t<\/dt><\/dl><br style=\"clear: both\" \/>\n\t\t\t<\/div>\n\n<p>&nbsp;<\/p>\n<p><span style=\"color: #0000ff;\"><strong>PALLAVOLO<\/strong><\/span><\/p>\n<blockquote>\n<h3>BARTOSZ BUCKO E&#8217; IL NUOVO GIOCATORE DELLA PALLAVOLO BELLUNO MASCHILE<\/h3>\n<\/blockquote>\n<p><strong><a class=\"dt-pswp-item\" href=\"https:\/\/www.radiopiu.net\/wordpress\/wp-content\/uploads\/2023\/05\/Bucko_arriva_dalla_Polonia.jpg\" data-dt-img-description=\"\" data-large_image_width=\"1066\" data-large_image_height=\"933\"><img loading=\"lazy\" decoding=\"async\" class=\" wp-image-337870 alignleft\" src=\"https:\/\/www.radiopiu.net\/wordpress\/wp-content\/uploads\/2023\/05\/Bucko_arriva_dalla_Polonia-300x263.jpg\" alt=\"\" width=\"139\" height=\"122\" srcset=\"https:\/\/www.radiopiu.net\/wordpress\/wp-content\/uploads\/2023\/05\/Bucko_arriva_dalla_Polonia-300x263.jpg 300w, https:\/\/www.radiopiu.net\/wordpress\/wp-content\/uploads\/2023\/05\/Bucko_arriva_dalla_Polonia-1024x896.jpg 1024w, https:\/\/www.radiopiu.net\/wordpress\/wp-content\/uploads\/2023\/05\/Bucko_arriva_dalla_Polonia-768x672.jpg 768w, https:\/\/www.radiopiu.net\/wordpress\/wp-content\/uploads\/2023\/05\/Bucko_arriva_dalla_Polonia.jpg 1066w\" sizes=\"auto, (max-width: 139px) 100vw, 139px\" \/><\/a>BELLUNO <\/strong>La DRL Volley Team \u00e8 lieta di annunciare il primo rinforzo che arriva dall\u2019estero. In particolare, dalla Polonia: \u00e8 Bartosz Bucko. Ha 28 anni ed \u00e8 uno schiacciatore mancino, con esperienza e qualit\u00e0: vanta gi\u00e0 una parentesi in Italia, in A1, nelle file della Calzedonia Verona (stagione 2015-2016), mentre a livello giovanile ha meravigliato con la sua nazionale. Tanto da essersi meritato il titolo di miglior realizzatore agli Europei Under 19 del 2013 e a quelli Under 20, un anno pi\u00f9 tardi. In entrambi i casi, peraltro, Bucko e compagni si sono messi al collo la medaglia d\u2019argento.<span class=\"gmail-Apple-converted-space\"> \u00a0<\/span>Nato nel sud della Polonia, a Bielsko-Bia\u0142a, \u00e8 cresciuto nel suo club di origine, prima di spiccare il volo verso il Veneto e la citt\u00e0 di Romeo e Giulietta, dove ha alzato al cielo una Challenge Cup.<span class=\"gmail-Apple-converted-space\">\u00a0<\/span><\/p>\n<p>&nbsp;<\/p>\n<p><span style=\"color: #0000ff;\"><strong>BEACH VOLLEY<\/strong><\/span><\/p>\n<blockquote>\n<h3>SECONDO POSTO PER IL VOLLEY CLUB AGORDINO NEL TORNEO DI BEACH VOLLEY IN TERRA TREVIGIANA<\/h3>\n<\/blockquote>\n<p><strong><a class=\"dt-pswp-item\" href=\"https:\/\/www.radiopiu.net\/wordpress\/wp-content\/uploads\/2023\/05\/67475b5a-0b95-4b47-b780-5ab8dcbccf92.jpg\" data-dt-img-description=\"\" data-large_image_width=\"2048\" data-large_image_height=\"921\"><img loading=\"lazy\" decoding=\"async\" class=\" wp-image-337884 alignleft\" src=\"https:\/\/www.radiopiu.net\/wordpress\/wp-content\/uploads\/2023\/05\/67475b5a-0b95-4b47-b780-5ab8dcbccf92-300x135.jpg\" alt=\"\" width=\"182\" height=\"82\" srcset=\"https:\/\/www.radiopiu.net\/wordpress\/wp-content\/uploads\/2023\/05\/67475b5a-0b95-4b47-b780-5ab8dcbccf92-300x135.jpg 300w, https:\/\/www.radiopiu.net\/wordpress\/wp-content\/uploads\/2023\/05\/67475b5a-0b95-4b47-b780-5ab8dcbccf92-1024x461.jpg 1024w, https:\/\/www.radiopiu.net\/wordpress\/wp-content\/uploads\/2023\/05\/67475b5a-0b95-4b47-b780-5ab8dcbccf92-768x345.jpg 768w, https:\/\/www.radiopiu.net\/wordpress\/wp-content\/uploads\/2023\/05\/67475b5a-0b95-4b47-b780-5ab8dcbccf92-1536x691.jpg 1536w, https:\/\/www.radiopiu.net\/wordpress\/wp-content\/uploads\/2023\/05\/67475b5a-0b95-4b47-b780-5ab8dcbccf92.jpg 2048w\" sizes=\"auto, (max-width: 182px) 100vw, 182px\" \/><\/a>di Marco Gaz<\/strong><\/p>\n<p><strong>SAN BIAGIO DI CALLALTA (TV)\u00a0<\/strong> Si \u00e8 svolto a San Biagio Di Callalta in provincia di Treviso la fase finale del Torneo di Beach Volley Under 16. In corsa anche il Volley Club Agordino che si \u00e8 presentato in terra trevigiana per chiudere al meglio la stagione. Nella mattinata si sono giocate le partite della fase finale con le agordine che dopo aver vinto i quarti e le semifinali si sono presentate alla finalissima contro il Lupino. Non una partita facile per le ragazze di Agordo che hanno dovuto arrendersi ed accontentarsi del secondo posto in classifica. Si chiude ufficialmente la stagione per il Volley Club Agordino.<\/p>\n<p>&nbsp;<\/p>\n<p><span style=\"color: #0000ff;\"><strong>RALLY<\/strong><\/span><\/p>\n<blockquote>\n<h3>BATTISTOLLI &#8211; SCARTOLINI VINCONO IL 39ESIMO RALLY DELLA MARCA<\/h3>\n<\/blockquote>\n<p><strong><a class=\"dt-pswp-item\" href=\"https:\/\/www.radiopiu.net\/wordpress\/wp-content\/uploads\/2023\/05\/5097e69f-c4a1-4e40-80a1-da35ab22404d.jpg\" data-dt-img-description=\"\" data-large_image_width=\"1100\" data-large_image_height=\"733\"><img loading=\"lazy\" decoding=\"async\" class=\" wp-image-337923 alignleft\" src=\"https:\/\/www.radiopiu.net\/wordpress\/wp-content\/uploads\/2023\/05\/5097e69f-c4a1-4e40-80a1-da35ab22404d-300x200.jpg\" alt=\"\" width=\"159\" height=\"106\" srcset=\"https:\/\/www.radiopiu.net\/wordpress\/wp-content\/uploads\/2023\/05\/5097e69f-c4a1-4e40-80a1-da35ab22404d-300x200.jpg 300w, https:\/\/www.radiopiu.net\/wordpress\/wp-content\/uploads\/2023\/05\/5097e69f-c4a1-4e40-80a1-da35ab22404d-1024x682.jpg 1024w, https:\/\/www.radiopiu.net\/wordpress\/wp-content\/uploads\/2023\/05\/5097e69f-c4a1-4e40-80a1-da35ab22404d-768x512.jpg 768w, https:\/\/www.radiopiu.net\/wordpress\/wp-content\/uploads\/2023\/05\/5097e69f-c4a1-4e40-80a1-da35ab22404d.jpg 1100w\" sizes=\"auto, (max-width: 159px) 100vw, 159px\" \/><\/a>VALDOBBIADENE (TV)<\/strong><\/p>\n<p>di Roberto Bona<\/p>\n<audio class=\"wp-audio-shortcode\" id=\"audio-337735-18\" preload=\"none\" style=\"width: 100%;\" controls=\"controls\"><source type=\"audio\/mpeg\" src=\"https:\/\/www.radiopiu.net\/wordpress\/wp-content\/uploads\/2023\/05\/BONA-RALLY-MARCA.mp3?_=18\" \/><a href=\"https:\/\/www.radiopiu.net\/wordpress\/wp-content\/uploads\/2023\/05\/BONA-RALLY-MARCA.mp3\">https:\/\/www.radiopiu.net\/wordpress\/wp-content\/uploads\/2023\/05\/BONA-RALLY-MARCA.mp3<\/a><\/audio>\n<p>&nbsp;<\/p>\n<\/div>\n<\/div>\n","protected":false},"excerpt":{"rendered":"<p>ISCRIVITI AL NOSTRO CANALE\u00a0 YOUTUBE PER SEGUIRE IN DIRETTA I PRINCIPALI PROGRAMMI DI RADIO PIU&#8217; E LE FUTURE DIRETTE IN ESTERNA. PER ISCRIVERTI CLICCA QUI E PREMI\u00a0 &#8220;Iscriviti&#8221;\u00a0 \u00a0 &nbsp; I PREMI ALLO SPORT BELLUNESE Complimenti allo Sci Club Arabba, premio RADIO PIU&#8217; al festone del Corriere delle Alpi al Palafiere di Longarone. Oggi sul&hellip;<\/p>\n","protected":false},"author":4,"featured_media":337942,"comment_status":"closed","ping_status":"closed","sticky":false,"template":"","format":"standard","meta":{"_monsterinsights_skip_tracking":false,"_monsterinsights_sitenote_active":false,"_monsterinsights_sitenote_note":"","_monsterinsights_sitenote_category":0,"footnotes":""},"categories":[86,49],"tags":[],"class_list":["post-337735","post","type-post","status-publish","format-standard","has-post-thumbnail","hentry","category-gr","category-news-18","category-86","category-49","description-off"],"img_url":"https:\/\/www.radiopiu.net\/wordpress\/wp-content\/uploads\/2023\/05\/163108c2-6f08-44be-99c7-2200f365701b.jpg","_links":{"self":[{"href":"https:\/\/www.radiopiu.net\/wordpress\/wp-json\/wp\/v2\/posts\/337735","targetHints":{"allow":["GET"]}}],"collection":[{"href":"https:\/\/www.radiopiu.net\/wordpress\/wp-json\/wp\/v2\/posts"}],"about":[{"href":"https:\/\/www.radiopiu.net\/wordpress\/wp-json\/wp\/v2\/types\/post"}],"author":[{"embeddable":true,"href":"https:\/\/www.radiopiu.net\/wordpress\/wp-json\/wp\/v2\/users\/4"}],"replies":[{"embeddable":true,"href":"https:\/\/www.radiopiu.net\/wordpress\/wp-json\/wp\/v2\/comments?post=337735"}],"version-history":[{"count":0,"href":"https:\/\/www.radiopiu.net\/wordpress\/wp-json\/wp\/v2\/posts\/337735\/revisions"}],"wp:featuredmedia":[{"embeddable":true,"href":"https:\/\/www.radiopiu.net\/wordpress\/wp-json\/wp\/v2\/media\/337942"}],"wp:attachment":[{"href":"https:\/\/www.radiopiu.net\/wordpress\/wp-json\/wp\/v2\/media?parent=337735"}],"wp:term":[{"taxonomy":"category","embeddable":true,"href":"https:\/\/www.radiopiu.net\/wordpress\/wp-json\/wp\/v2\/categories?post=337735"},{"taxonomy":"post_tag","embeddable":true,"href":"https:\/\/www.radiopiu.net\/wordpress\/wp-json\/wp\/v2\/tags?post=337735"}],"curies":[{"name":"wp","href":"https:\/\/api.w.org\/{rel}","templated":true}]}}