{"id":337739,"date":"2023-05-29T05:20:42","date_gmt":"2023-05-29T03:20:42","guid":{"rendered":"https:\/\/www.radiopiu.net\/wordpress\/?p=337739"},"modified":"2023-05-29T05:37:57","modified_gmt":"2023-05-29T03:37:57","slug":"negozi-in-veneto-7-furti-su-10-restano-impuniti","status":"publish","type":"post","link":"https:\/\/www.radiopiu.net\/wordpress\/negozi-in-veneto-7-furti-su-10-restano-impuniti\/","title":{"rendered":"NEGOZI: IN VENETO 7 FURTI SU 10 RESTANO IMPUNITI"},"content":{"rendered":"<p><a class=\"dt-pswp-item\" href=\"https:\/\/www.radiopiu.net\/wordpress\/wp-content\/uploads\/2023\/05\/Schermata-2023-05-27-alle-09.29.12.png\" data-dt-img-description=\"\" data-large_image_width=\"1196\" data-large_image_height=\"1552\"><img loading=\"lazy\" decoding=\"async\" class=\"size-medium wp-image-337742 alignleft\" src=\"https:\/\/www.radiopiu.net\/wordpress\/wp-content\/uploads\/2023\/05\/Schermata-2023-05-27-alle-09.29.12-231x300.png\" alt=\"\" width=\"231\" height=\"300\" srcset=\"https:\/\/www.radiopiu.net\/wordpress\/wp-content\/uploads\/2023\/05\/Schermata-2023-05-27-alle-09.29.12-231x300.png 231w, https:\/\/www.radiopiu.net\/wordpress\/wp-content\/uploads\/2023\/05\/Schermata-2023-05-27-alle-09.29.12-789x1024.png 789w, https:\/\/www.radiopiu.net\/wordpress\/wp-content\/uploads\/2023\/05\/Schermata-2023-05-27-alle-09.29.12-768x997.png 768w, https:\/\/www.radiopiu.net\/wordpress\/wp-content\/uploads\/2023\/05\/Schermata-2023-05-27-alle-09.29.12-1184x1536.png 1184w, https:\/\/www.radiopiu.net\/wordpress\/wp-content\/uploads\/2023\/05\/Schermata-2023-05-27-alle-09.29.12.png 1196w\" sizes=\"auto, (max-width: 231px) 100vw, 231px\" \/><\/a>Furti e spaccate continuano a essere un grosso problema per tanti commercianti e altrettanti artigiani. Sebbene in Veneto la situazione sia meno critica rispetto alle principali regioni del Nord, i negozianti veneti rimangono comunque nel mirino dei malviventi. Non solo. Questi ultimi, molto spesso, la fanno anche franca. Nel 2021, ad esempio, il 69,5 per cento dei furti compiuti ai danni di negozi e botteghe presenti in Veneto sono rimasti impuniti.<br \/>\n<strong>Stiamo ovviamente parlando di reati contro il patrimonio che sono stati denunciati dalle vittime alle forze dell\u2019ordine che, si stima, costino alle attivit\u00e0 economiche del Veneto attorno ai 400 milioni di euro all\u2019anno.<\/strong><br \/>\n<strong>La difficolt\u00e0 di consegnare alla giustizia coloro che si sono resi responsabili di questi illeciti sta diventando ormai cronica e, probabilmente, sta \u201ccondizionando\u201d anche le statistiche. Non \u00e8 da escludere, infatti, che la riduzione del numero delle denunce registrato negli ultimi anni prima dell\u2019avvento del Covid, non sia riconducibile a una ritrovata sicurezza, ma a un atteggiamento di sfiducia delle vittime nei confronti delle istituzioni che li \u201cspinge\u201d a non denunciare alle autorit\u00e0 giudiziarie il danno subito.<\/strong><br \/>\nL\u2019Ufficio studi della CGIA, che ha elaborato i dati dell\u2019Istat, tiene a precisare che non si vuole sollevare alcuna critica nei confronti delle forze dell\u2019ordine. Anzi, l\u2019impegno, la dedizione e il senso del dovere non sono mai venuti meno. Il problema, purtroppo, \u00e8 di natura politica. Se il corpo dei Carabinieri e quello della Polizia di Stato disponessero di un maggior numero di uomini e di mezzi in grado di presidiare con maggiore attenzione il territorio soprattutto nelle ore notturne, i malviventi avrebbero sicuramente la vita pi\u00f9 dura.<\/p>\n<p><strong><a class=\"dt-pswp-item\" href=\"https:\/\/www.radiopiu.net\/wordpress\/wp-content\/uploads\/2023\/05\/Schermata-2023-05-27-alle-09.29.26.png\" data-dt-img-description=\"\" data-large_image_width=\"894\" data-large_image_height=\"866\"><img loading=\"lazy\" decoding=\"async\" class=\"size-medium wp-image-337741 alignleft\" src=\"https:\/\/www.radiopiu.net\/wordpress\/wp-content\/uploads\/2023\/05\/Schermata-2023-05-27-alle-09.29.26-300x291.png\" alt=\"\" width=\"300\" height=\"291\" srcset=\"https:\/\/www.radiopiu.net\/wordpress\/wp-content\/uploads\/2023\/05\/Schermata-2023-05-27-alle-09.29.26-300x291.png 300w, https:\/\/www.radiopiu.net\/wordpress\/wp-content\/uploads\/2023\/05\/Schermata-2023-05-27-alle-09.29.26-768x744.png 768w, https:\/\/www.radiopiu.net\/wordpress\/wp-content\/uploads\/2023\/05\/Schermata-2023-05-27-alle-09.29.26.png 894w\" sizes=\"auto, (max-width: 300px) 100vw, 300px\" \/><\/a>I numeri<\/strong><\/p>\n<p>Nel 2021 (ultimo anno in cui i dati sono disponibili), in Veneto ci sono state 4.493 denunce per furto nei negozi. Di queste, nel 69,5 per cento dei casi l\u2019autore\/gli autori del delitto non sono stati catturati dalle forze di polizia entro un anno dall\u2019evento. Sempre a livello regionale, il numero dei furti denunciati nel 2021 ogni 100 mila abitanti \u00e8 stato pari a 92,4. Un dato al di sotto della media nazionale che si \u00e8 attestata a 96,1. A livello provinciale la situazione pi\u00f9 critica si \u00e8 verificata a Venezia con 134,2 furti denunciati ogni 100 mila abitanti (in termini assoluti sono stati 1.129). Seguono Verona con 128,6 (1.193 furti), Padova con 87,1 (812 furti), Rovigo con 76,5 (176 denunce), Vicenza con 69,1 (590 furti), Treviso con 56,9 (500 denunce) e Belluno con 46,7 (93 furti).<\/p>\n<p><strong>Negozi come fortini<\/strong><br \/>\nLe strategie di difesa apportate dai negozianti sono note ai pi\u00f9: negli ultimi anni per difendersi dalle \u201crazzie\u201d dei malviventi c\u2019\u00e8 stato un boom di installazioni di saracinesche, inferriate e vetri antisfondamento. I negozi sono diventati dei fortini che, controllati 24 ore su 24 dai sistemi di videosorveglianza, hanno \u201carginato\u201d queste intrusioni. Spesso, per\u00f2, nei palazzi di pregio o negli edifici pi\u00f9 recenti montare delle grate non \u00e8 consentito. Va altres\u00ec segnalato che il numero di coloro che ricorrono ad una assicurazione \u00e8 in calo. Il premio di una polizza contro i furti ha ormai dimensioni economiche proibitive, soprattutto per alcune tipologie merceologiche, quelle, ovviamente, di maggior pregio.<\/p>\n<p>&nbsp;<\/p>\n<p><strong>Le attivit\u00e0 pi\u00f9 a rischio<\/strong><br \/>\nStoricamente le categorie pi\u00f9 attenzionate da ladri e rapinatori sono gli orafi\/gioiellieri, i pellicciai, i tabaccai, i farmacisti e i benzinai. Le prime due per il valore economico dei loro prodotti, le altre per la disponibilit\u00e0 di contanti che hanno in cassa. Ora grazie ai pagamenti elettronici, alle telecamere di sorveglianza e alle casseforti a tempo il rischio \u00e8 sceso, tuttavia rimangono ancora un obbiettivo sensibile per molte bande di criminali. Da qualche anno sono sempre pi\u00f9 nel mirino dei ladri anche i negozi di prodotti tecnologici (computer, cellulari, Tv, etc.), gli autoriparatori\/concessionari auto-moto, i commercianti di bici di pregio, i supermercati\/alimentari, la moda\/abbigliamento sportivo e i negozi di cosmetici e profumi.<\/p>\n","protected":false},"excerpt":{"rendered":"<p>Furti e spaccate continuano a essere un grosso problema per tanti commercianti e altrettanti artigiani. Sebbene in Veneto la situazione sia meno critica rispetto alle principali regioni del Nord, i negozianti veneti rimangono comunque nel mirino dei malviventi. Non solo. Questi ultimi, molto spesso, la fanno anche franca. Nel 2021, ad esempio, il 69,5 per&hellip;<\/p>\n","protected":false},"author":2,"featured_media":337745,"comment_status":"closed","ping_status":"closed","sticky":false,"template":"","format":"standard","meta":{"_monsterinsights_skip_tracking":false,"_monsterinsights_sitenote_active":false,"_monsterinsights_sitenote_note":"","_monsterinsights_sitenote_category":0,"footnotes":""},"categories":[51,49],"tags":[],"class_list":["post-337739","post","type-post","status-publish","format-standard","has-post-thumbnail","hentry","category-evidenza-top","category-news-18","category-51","category-49","description-off"],"img_url":"https:\/\/www.radiopiu.net\/wordpress\/wp-content\/uploads\/2023\/05\/giovane-ladro-ragazzo-vestito-con-una-felpa-con-cappuccio-nera-con-la-faccia-mascherata.jpg","_links":{"self":[{"href":"https:\/\/www.radiopiu.net\/wordpress\/wp-json\/wp\/v2\/posts\/337739","targetHints":{"allow":["GET"]}}],"collection":[{"href":"https:\/\/www.radiopiu.net\/wordpress\/wp-json\/wp\/v2\/posts"}],"about":[{"href":"https:\/\/www.radiopiu.net\/wordpress\/wp-json\/wp\/v2\/types\/post"}],"author":[{"embeddable":true,"href":"https:\/\/www.radiopiu.net\/wordpress\/wp-json\/wp\/v2\/users\/2"}],"replies":[{"embeddable":true,"href":"https:\/\/www.radiopiu.net\/wordpress\/wp-json\/wp\/v2\/comments?post=337739"}],"version-history":[{"count":0,"href":"https:\/\/www.radiopiu.net\/wordpress\/wp-json\/wp\/v2\/posts\/337739\/revisions"}],"wp:featuredmedia":[{"embeddable":true,"href":"https:\/\/www.radiopiu.net\/wordpress\/wp-json\/wp\/v2\/media\/337745"}],"wp:attachment":[{"href":"https:\/\/www.radiopiu.net\/wordpress\/wp-json\/wp\/v2\/media?parent=337739"}],"wp:term":[{"taxonomy":"category","embeddable":true,"href":"https:\/\/www.radiopiu.net\/wordpress\/wp-json\/wp\/v2\/categories?post=337739"},{"taxonomy":"post_tag","embeddable":true,"href":"https:\/\/www.radiopiu.net\/wordpress\/wp-json\/wp\/v2\/tags?post=337739"}],"curies":[{"name":"wp","href":"https:\/\/api.w.org\/{rel}","templated":true}]}}