{"id":337913,"date":"2023-05-29T05:25:03","date_gmt":"2023-05-29T03:25:03","guid":{"rendered":"https:\/\/www.radiopiu.net\/wordpress\/?p=337913"},"modified":"2023-05-29T05:36:23","modified_gmt":"2023-05-29T03:36:23","slug":"temporale-a-belluno-zona-veneggia-allagata","status":"publish","type":"post","link":"https:\/\/www.radiopiu.net\/wordpress\/temporale-a-belluno-zona-veneggia-allagata\/","title":{"rendered":"TEMPORALE A BELLUNO. ZONA VENEGGIA ALLAGATA"},"content":{"rendered":"<p><strong><a class=\"dt-pswp-item\" href=\"https:\/\/www.radiopiu.net\/wordpress\/wp-content\/uploads\/2023\/05\/SCR-20230528-phle.jpeg\" data-dt-img-description=\"\" data-large_image_width=\"1076\" data-large_image_height=\"606\"><img loading=\"lazy\" decoding=\"async\" class=\" wp-image-337914 alignleft\" src=\"https:\/\/www.radiopiu.net\/wordpress\/wp-content\/uploads\/2023\/05\/SCR-20230528-phle-300x169.jpeg\" alt=\"\" width=\"199\" height=\"112\" srcset=\"https:\/\/www.radiopiu.net\/wordpress\/wp-content\/uploads\/2023\/05\/SCR-20230528-phle-300x169.jpeg 300w, https:\/\/www.radiopiu.net\/wordpress\/wp-content\/uploads\/2023\/05\/SCR-20230528-phle-1024x577.jpeg 1024w, https:\/\/www.radiopiu.net\/wordpress\/wp-content\/uploads\/2023\/05\/SCR-20230528-phle-768x433.jpeg 768w, https:\/\/www.radiopiu.net\/wordpress\/wp-content\/uploads\/2023\/05\/SCR-20230528-phle.jpeg 1076w\" sizes=\"auto, (max-width: 199px) 100vw, 199px\" \/><\/a>REDAZIONE<\/strong> La zona di Belluno \u00e8 stata colpita da un violento acquazzone che ha creato dei problemi alla circolazione. Non sono mancate le segnalazioni nella chat Telegram Viabilit\u00e0 Provincia di Belluno. Una delle zone maggiormente colpite della citt\u00e0 sembra sia dove si colloca il centro commerciale Veneggia. Infatti la zona \u00e8 allagata da quanto si apprende dalle foto pubblicate sulla chat Telegram. Anche altre zone della Val Belluna sono state colpite dall&#8217;ondata di maltempo. (foto: Telegram Chat Viabilit\u00e0 Provincia di Belluno)<\/p>\n<p>&nbsp;<\/p>\n<p><strong>VIDEO &#8211; LEVEGO<\/strong><\/p>\n<div style=\"width: 848px;\" class=\"wp-video\"><video class=\"wp-video-shortcode\" id=\"video-337913-1\" width=\"848\" height=\"480\" preload=\"metadata\" controls=\"controls\"><source type=\"video\/mp4\" src=\"https:\/\/www.radiopiu.net\/wordpress\/wp-content\/uploads\/2023\/05\/WhatsApp-Video-2023-05-28-at-17.32.57.mp4?_=1\" \/><a href=\"https:\/\/www.radiopiu.net\/wordpress\/wp-content\/uploads\/2023\/05\/WhatsApp-Video-2023-05-28-at-17.32.57.mp4\">https:\/\/www.radiopiu.net\/wordpress\/wp-content\/uploads\/2023\/05\/WhatsApp-Video-2023-05-28-at-17.32.57.mp4<\/a><\/video><\/div>\n<p>&nbsp;<\/p>\n<p><strong>VIDEO &#8211; SAGROGNA<\/strong><\/p>\n<div style=\"width: 848px;\" class=\"wp-video\"><video class=\"wp-video-shortcode\" id=\"video-337913-2\" width=\"848\" height=\"480\" preload=\"metadata\" controls=\"controls\"><source type=\"video\/mp4\" src=\"https:\/\/www.radiopiu.net\/wordpress\/wp-content\/uploads\/2023\/05\/WhatsApp-Video-2023-05-28-at-15.33.44.mp4?_=2\" \/><a href=\"https:\/\/www.radiopiu.net\/wordpress\/wp-content\/uploads\/2023\/05\/WhatsApp-Video-2023-05-28-at-15.33.44.mp4\">https:\/\/www.radiopiu.net\/wordpress\/wp-content\/uploads\/2023\/05\/WhatsApp-Video-2023-05-28-at-15.33.44.mp4<\/a><\/video><\/div>\n<p>&nbsp;<\/p>\n<p>&nbsp;<\/p>\n<p>&nbsp;<\/p>\n<p>******<\/p>\n<p>&nbsp;<\/p>\n","protected":false},"excerpt":{"rendered":"<p>REDAZIONE La zona di Belluno \u00e8 stata colpita da un violento acquazzone che ha creato dei problemi alla circolazione. Non sono mancate le segnalazioni nella chat Telegram Viabilit\u00e0 Provincia di Belluno. Una delle zone maggiormente colpite della citt\u00e0 sembra sia dove si colloca il centro commerciale Veneggia. Infatti la zona \u00e8 allagata da quanto si&hellip;<\/p>\n","protected":false},"author":4,"featured_media":337914,"comment_status":"closed","ping_status":"closed","sticky":false,"template":"","format":"standard","meta":{"_monsterinsights_skip_tracking":false,"_monsterinsights_sitenote_active":false,"_monsterinsights_sitenote_note":"","_monsterinsights_sitenote_category":0,"footnotes":""},"categories":[51,49],"tags":[],"class_list":["post-337913","post","type-post","status-publish","format-standard","has-post-thumbnail","hentry","category-evidenza-top","category-news-18","category-51","category-49","description-off"],"img_url":"https:\/\/www.radiopiu.net\/wordpress\/wp-content\/uploads\/2023\/05\/SCR-20230528-phle.jpeg","_links":{"self":[{"href":"https:\/\/www.radiopiu.net\/wordpress\/wp-json\/wp\/v2\/posts\/337913","targetHints":{"allow":["GET"]}}],"collection":[{"href":"https:\/\/www.radiopiu.net\/wordpress\/wp-json\/wp\/v2\/posts"}],"about":[{"href":"https:\/\/www.radiopiu.net\/wordpress\/wp-json\/wp\/v2\/types\/post"}],"author":[{"embeddable":true,"href":"https:\/\/www.radiopiu.net\/wordpress\/wp-json\/wp\/v2\/users\/4"}],"replies":[{"embeddable":true,"href":"https:\/\/www.radiopiu.net\/wordpress\/wp-json\/wp\/v2\/comments?post=337913"}],"version-history":[{"count":0,"href":"https:\/\/www.radiopiu.net\/wordpress\/wp-json\/wp\/v2\/posts\/337913\/revisions"}],"wp:featuredmedia":[{"embeddable":true,"href":"https:\/\/www.radiopiu.net\/wordpress\/wp-json\/wp\/v2\/media\/337914"}],"wp:attachment":[{"href":"https:\/\/www.radiopiu.net\/wordpress\/wp-json\/wp\/v2\/media?parent=337913"}],"wp:term":[{"taxonomy":"category","embeddable":true,"href":"https:\/\/www.radiopiu.net\/wordpress\/wp-json\/wp\/v2\/categories?post=337913"},{"taxonomy":"post_tag","embeddable":true,"href":"https:\/\/www.radiopiu.net\/wordpress\/wp-json\/wp\/v2\/tags?post=337913"}],"curies":[{"name":"wp","href":"https:\/\/api.w.org\/{rel}","templated":true}]}}