{"id":337939,"date":"2023-05-30T05:53:44","date_gmt":"2023-05-30T03:53:44","guid":{"rendered":"https:\/\/www.radiopiu.net\/wordpress\/?p=337939"},"modified":"2023-05-30T09:46:16","modified_gmt":"2023-05-30T07:46:16","slug":"giornale-radiopiu-30-maggio-2023-direttore-mirko-mezzacasaverso-i-40-anni-25-giugno-1983-25-giugno-2023","status":"publish","type":"post","link":"https:\/\/www.radiopiu.net\/wordpress\/giornale-radiopiu-30-maggio-2023-direttore-mirko-mezzacasaverso-i-40-anni-25-giugno-1983-25-giugno-2023\/","title":{"rendered":"GIORNALE RADIOPIU 30 MAGGIO 2023 DIRETTORE MIRKO MEZZACASA\u2026VERSO I 40 ANNI 25 GIUGNO 1983-25 GIUGNO 2023"},"content":{"rendered":"<h2 style=\"text-align: left;\"><span style=\"color: #ff0000;\"><span style=\"vertical-align: inherit;\"><a class=\"dt-pswp-item\" href=\"https:\/\/www.radiopiu.net\/wordpress\/wp-content\/uploads\/2023\/04\/e0aad41d-951e-47b9-9fae-1a879a9bcb7e-1.jpg\" data-dt-img-description=\"\" data-large_image_width=\"1200\" data-large_image_height=\"1200\"><img loading=\"lazy\" decoding=\"async\" class=\"wp-image-333205 alignleft\" src=\"https:\/\/www.radiopiu.net\/wordpress\/wp-content\/uploads\/2023\/04\/e0aad41d-951e-47b9-9fae-1a879a9bcb7e-1-300x300.jpg\" alt=\"\" width=\"110\" height=\"110\" srcset=\"https:\/\/www.radiopiu.net\/wordpress\/wp-content\/uploads\/2023\/04\/e0aad41d-951e-47b9-9fae-1a879a9bcb7e-1-300x300.jpg 300w, https:\/\/www.radiopiu.net\/wordpress\/wp-content\/uploads\/2023\/04\/e0aad41d-951e-47b9-9fae-1a879a9bcb7e-1-1024x1024.jpg 1024w, https:\/\/www.radiopiu.net\/wordpress\/wp-content\/uploads\/2023\/04\/e0aad41d-951e-47b9-9fae-1a879a9bcb7e-1-150x150.jpg 150w, https:\/\/www.radiopiu.net\/wordpress\/wp-content\/uploads\/2023\/04\/e0aad41d-951e-47b9-9fae-1a879a9bcb7e-1-768x768.jpg 768w, https:\/\/www.radiopiu.net\/wordpress\/wp-content\/uploads\/2023\/04\/e0aad41d-951e-47b9-9fae-1a879a9bcb7e-1.jpg 1200w\" sizes=\"auto, (max-width: 110px) 100vw, 110px\" \/><\/a><\/span><\/span><\/h2>\n<h2 style=\"text-align: left;\"><span style=\"color: #ff0000;\"><span style=\"vertical-align: inherit;\">ISCRIVITI AL NOSTRO CANALE\u00a0 <\/span><\/span><span style=\"vertical-align: inherit;\"> YOUTUBE PER SEGUIRE IN DIRETTA I PRINCIPALI PROGRAMMI DI RADIO PIU&#8217; E LE FUTURE DIRETTE IN ESTERNA. PER ISCRIVERTI <\/span><a style=\"color: #ff0000;\" href=\"https:\/\/youtube.com\/@radiopiu1527\"><span style=\"vertical-align: inherit;\">CLICCA QUI <\/span><\/a><span style=\"color: #ff0000; font-size: 14px; font-weight: normal;\"><span style=\"vertical-align: inherit;\">E PREMI\u00a0 &#8220;Iscriviti&#8221;\u00a0 \u00a0<\/span><\/span><\/h2>\n<p>&nbsp;<\/p>\n<p>&nbsp;<\/p>\n<hr \/>\n<p>&nbsp;<\/p>\n<blockquote>\n<h3>PROVINCIALE 26, VOLTAGO-RIVAMONTE CHIUSA PER QUATTRO GIORNI<\/h3>\n<\/blockquote>\n<blockquote>\n<h3><span style=\"color: #ff0000;\"><a class=\"dt-pswp-item\" href=\"https:\/\/www.radiopiu.net\/wordpress\/wp-content\/uploads\/2020\/05\/VENETO-STRADE.png\" data-dt-img-description=\"\" data-large_image_width=\"400\" data-large_image_height=\"400\"><img loading=\"lazy\" decoding=\"async\" class=\"wp-image-135574 alignleft\" src=\"https:\/\/www.radiopiu.net\/wordpress\/wp-content\/uploads\/2020\/05\/VENETO-STRADE-300x300.png\" alt=\"\" width=\"102\" height=\"102\" srcset=\"https:\/\/www.radiopiu.net\/wordpress\/wp-content\/uploads\/2020\/05\/VENETO-STRADE-300x300.png 300w, https:\/\/www.radiopiu.net\/wordpress\/wp-content\/uploads\/2020\/05\/VENETO-STRADE-150x150.png 150w, https:\/\/www.radiopiu.net\/wordpress\/wp-content\/uploads\/2020\/05\/VENETO-STRADE.png 400w\" sizes=\"auto, (max-width: 102px) 100vw, 102px\" \/><\/a>AGGIORNAMENTO QUOTIDIANO, IN\u00a0 COLLABORAZIONE CON VENETO STRADE<\/span><\/h3>\n<\/blockquote>\n<div class=\"flex-1 overflow-hidden\">\n<div class=\"react-scroll-to-bottom--css-blflc-79elbk h-full dark:bg-gray-800\">\n<div class=\"react-scroll-to-bottom--css-blflc-1n7m0yu\">\n<div class=\"flex flex-col items-center text-sm dark:bg-gray-800\">\n<div class=\"group w-full text-gray-800 dark:text-gray-100 border-b border-black\/10 dark:border-gray-900\/50 bg-gray-50 dark:bg-[#444654]\">\n<div class=\"flex p-4 gap-4 text-base md:gap-6 md:max-w-2xl lg:max-w-xl xl:max-w-3xl md:py-6 lg:px-0 m-auto\">\n<div class=\"relative flex flex-col w-[calc(100%-50px)] gap-1 md:gap-3 lg:w-[calc(100%-115px)]\">\n<div class=\"flex justify-between lg:block\">\n<div class=\"text-xs flex items-center justify-center gap-1 self-center pt-2 !invisible\"><\/div>\n<\/div>\n<\/div>\n<\/div>\n<\/div>\n<\/div>\n<\/div>\n<\/div>\n<\/div>\n<div class=\"absolute bottom-0 left-0 w-full border-t md:border-t-0 dark:border-white\/20 md:border-transparent md:dark:border-transparent md:bg-vert-light-gradient bg-white dark:bg-gray-800 md:!bg-transparent dark:md:bg-vert-dark-gradient pt-2\">\n<form class=\"stretch mx-2 flex flex-row gap-3 last:mb-2 md:mx-4 md:last:mb-6 lg:mx-auto lg:max-w-2xl xl:max-w-3xl\">\n<div class=\"relative flex h-full flex-1 items-stretch md:flex-col\">\n<div class=\"flex w-full items-center justify-center gap-2\">\n<blockquote><p><strong>SP 26 DI DIGOMAN<\/strong> localit\u00e0 Voltago,<span style=\"color: #800000;\"> dal 5 all&#8217;8 giugno<\/span> INTERDIZIONE\u00a0 totale in entrambi i sensi di marcia dalle 7.30 alle 17.30. Negli altri orari senso unico alternato<\/p><\/blockquote>\n<p><strong>SP 522 PASSO SANT&#8217;ANTONIO<\/strong> Auronzo, <span style=\"color: #ff0000;\">dal 30 maggio al 6 giugno<\/span> -domeniche e festivi esclusi &#8211; INTERDIZIONE TOTALE alla viabilit\u00e0<\/p>\n<\/div>\n<\/div>\n<\/form>\n<\/div>\n<p>&nbsp;<\/p>\n<p>&nbsp;<\/p>\n<hr \/>\n<p>&nbsp;<\/p>\n<blockquote>\n<h3>IL GRAVE INCIDENTE DELLO SCORSO FINE SETTIMANA A TAIBON<\/h3>\n<\/blockquote>\n<p><strong><img loading=\"lazy\" decoding=\"async\" class=\"alignleft\" src=\"https:\/\/www.radiopiu.net\/wordpress\/wp-content\/uploads\/2023\/05\/09db9405-115c-4833-af12-9a0fe0e4bf07.jpg\" width=\"284\" height=\"160\" \/>TAIBON<\/strong> Venerdi pomeriggio, dopo dopo il passaggio del giro d&#8217;Italia l&#8217;incidente, lungo via Aivata a Taibon. Lo scooter \u00e8 finito contro il guard rail, gravemente ferito il conducente, F.B. di Agordo,\u00a0 trasportato dapprima all&#8217;ospedale di Agordo e successivamente al San Martino di Belluno. Illesa la ragazza trasportata sul sellino dello scooter.\u00a0 La bella notizia, come ci racconta la mamma. &#8220;Mio figlio \u00e8 rimasto per oltre un giorno in rianimazione, sottoposto a intervento chirurgico \u00e8 ora stato trasferito nel reparto di radiologia&#8221;. Un incidente autonomo a quanto pare, all&#8217;altezza dell&#8217;imbocco con l&#8217;ex regionale 203 agordina.<br \/>\n<em>A F. anche dalla nostra redazione l&#8217;augurio di una pronta guarigione.<\/em><\/p>\n<p>&nbsp;<\/p>\n<p>&nbsp;<\/p>\n<hr \/>\n<p>&nbsp;<\/p>\n<blockquote>\n<h3>DOLOMITIBUS RIPRENDE IL SERVIZIO DA FALCADE ALTO E LE FRATTE<\/h3>\n<\/blockquote>\n<p><strong>FALCADE <\/strong>Da ieri sera \u00e8 ripreso il servizio fino alle fermate di Falcade alto e le Fratte, con la messa a disposizione di personale del Comune di Falcade, per l\u2019assistenza a terra durante la manovra di inversione. Ancora per qualche giorno, rimarr\u00e0 una sola corsa, quella che porta a casa il turno notte di Luxottica che termina alle 6.00 che avr\u00e0 la limitazione a Falcade Alto.<\/p>\n<p>&nbsp;<\/p>\n<p>&nbsp;<\/p>\n<hr \/>\n<p>&nbsp;<\/p>\n<blockquote>\n<blockquote>\n<h3><img loading=\"lazy\" decoding=\"async\" class=\"alignleft\" src=\"https:\/\/www.radiopiu.net\/wordpress\/wp-content\/uploads\/2023\/04\/drop-545377__340.jpg\" width=\"200\" height=\"121\" \/>ACQUA\u00a0 POTABILE<\/h3>\n<\/blockquote>\n<p><strong>FALCADE<\/strong> Gestione Servizi Pubblici informa che a FALCADE nelle localit\u00e0 FALCADE ALTO, VILLOTTA, LA FOCA E VIA MAS DE LE MOLE l&#8217;acqua erogata dall&#8217;acquedotto \u00e8 di nuovo potabile e pu\u00f2 essere usata, quindi, per scopi alimentari. Per informazioni \u00e8 possibile contattare il Servizio Clienti al numero 800 306 999 o +39 0445 230521 (da estero)<\/p><\/blockquote>\n<p>&nbsp;<\/p>\n<p>&nbsp;<\/p>\n<p>&nbsp;<\/p>\n<hr \/>\n<p>&nbsp;<\/p>\n<p align=\"CENTER\"><span style=\"color: #000000;\"><span style=\"font-family: Arial, serif;\"><span style=\"font-size: large;\"><b>CHIUSURA SENTIERO ALTA VIA NUMERO 1<\/b><\/span><\/span><\/span><\/p>\n<p><strong>LA VALLE AGORDINA<\/strong> Sentiero chiuso al transito lungo l&#8217;Alta via delle Dolomiti tra Pian de Caleda e Forcella Dagarei per lavori di esbosco. dal 29 maggio a fine lavori, sabato e domenica compresi.<\/p>\n<p>&nbsp;<\/p>\n<hr \/>\n<p>&nbsp;<\/p>\n<blockquote>\n<h3><a class=\"dt-pswp-item\" href=\"https:\/\/www.radiopiu.net\/wordpress\/wp-content\/uploads\/2023\/05\/Senza-nome-88.jpg\" data-dt-img-description=\"\" data-large_image_width=\"481\" data-large_image_height=\"325\"><img loading=\"lazy\" decoding=\"async\" class=\" wp-image-338098 alignleft\" src=\"https:\/\/www.radiopiu.net\/wordpress\/wp-content\/uploads\/2023\/05\/Senza-nome-88-300x203.jpg\" alt=\"\" width=\"202\" height=\"137\" srcset=\"https:\/\/www.radiopiu.net\/wordpress\/wp-content\/uploads\/2023\/05\/Senza-nome-88-300x203.jpg 300w, https:\/\/www.radiopiu.net\/wordpress\/wp-content\/uploads\/2023\/05\/Senza-nome-88.jpg 481w\" sizes=\"auto, (max-width: 202px) 100vw, 202px\" \/><\/a>NO VAX: 10 INDAGATI PER DIFFAMAZIONE AL PEDIATRA BELLUNESE<\/h3>\n<\/blockquote>\n<p><strong>BELLUNO<\/strong> Il 26 agosto 2021 dieci utenti di facebook hanno diffamato il pediatra e infettivologo bellunese Giangiacomo Nicolini, il Pubblico Ministero Alberto Primavera ha inviato gli avvisI di garanzia<\/p>\n<p>&nbsp;<\/p>\n<p>&nbsp;<\/p>\n<hr \/>\n<hr \/>\n<p>&nbsp;<\/p>\n<div id=\"articleToolBar\">\n<div id=\"articleToolBarContent\">\n<div id=\"articleZoomOut\" class=\"articleToolBarButton firstHover\"><\/div>\n<blockquote>\n<h3 id=\"articleClipButton\" class=\"articleToolBarButton firstHover\"><a class=\"dt-pswp-item\" href=\"https:\/\/www.radiopiu.net\/wordpress\/wp-content\/uploads\/2022\/12\/16.12.2022_i-carabinieri-al-posto-di-controllo-effettuano-lalcoltest-4-scaled.jpg\" data-dt-img-description=\"\" data-large_image_width=\"2560\" data-large_image_height=\"1864\"><img loading=\"lazy\" decoding=\"async\" class=\"wp-image-311926 alignleft\" src=\"https:\/\/www.radiopiu.net\/wordpress\/wp-content\/uploads\/2022\/12\/16.12.2022_i-carabinieri-al-posto-di-controllo-effettuano-lalcoltest-4-300x218.jpg\" alt=\"\" width=\"168\" height=\"122\" srcset=\"https:\/\/www.radiopiu.net\/wordpress\/wp-content\/uploads\/2022\/12\/16.12.2022_i-carabinieri-al-posto-di-controllo-effettuano-lalcoltest-4-300x218.jpg 300w, https:\/\/www.radiopiu.net\/wordpress\/wp-content\/uploads\/2022\/12\/16.12.2022_i-carabinieri-al-posto-di-controllo-effettuano-lalcoltest-4-1024x746.jpg 1024w, https:\/\/www.radiopiu.net\/wordpress\/wp-content\/uploads\/2022\/12\/16.12.2022_i-carabinieri-al-posto-di-controllo-effettuano-lalcoltest-4-768x559.jpg 768w, https:\/\/www.radiopiu.net\/wordpress\/wp-content\/uploads\/2022\/12\/16.12.2022_i-carabinieri-al-posto-di-controllo-effettuano-lalcoltest-4-1536x1118.jpg 1536w, https:\/\/www.radiopiu.net\/wordpress\/wp-content\/uploads\/2022\/12\/16.12.2022_i-carabinieri-al-posto-di-controllo-effettuano-lalcoltest-4-2048x1491.jpg 2048w\" sizes=\"auto, (max-width: 168px) 100vw, 168px\" \/><\/a>UBRIACO CONTRO IL MURO<\/h3>\n<p><em>Il 26 giugno di due anni fa l&#8217;uomo stava viaggiando in direzione sud, sulla regionale 203 Agordina, alla guida della sua Mitssubishi Colt, quando all&#8217;uscita di Agordo aveva perso il controllo dell&#8217;auto, invadendo la corsia opposta e andando a sbattere sul muro di cinta\u00a0<\/em><\/p><\/blockquote>\n<div id=\"articlePrintButton\" class=\"articleToolBarButton firstHover\"><strong>AGORDO<\/strong> Dopo l&#8217;incidente \u00a0l&#8217;esame del sangue, in ospedale: 2,5 grammi di alcol per litro di sangue.\u00a0 L&#8217;uomo\u00a0 ha chiesto la messa alla prova: processo per guida in stato di ebbrezza aggravata sospeso e lavori di pubblica utilit\u00e0 per il Comune. \u00c8 quanto ha ottenuto il difensore Valentina Mazzucco dal giudice Antonella Coniglio in udienza predibattimentale.<\/div>\n<\/div>\n<\/div>\n<div id=\"articleContent\" class=\"mercuryWrapper\">\n<div class=\"mercuryScroller\">\n<div class=\"mercuryElement\">\n<div class=\"mercuryBox\">\n<div id=\"articlePlain\"><\/div>\n<div><\/div>\n<div>\n<hr \/>\n<\/div>\n<div><\/div>\n<blockquote>\n<h3>LOTTA AL LAVORO NERO: DAGLI ACCERTAMENTI DELLA FINANZA 25 IRREGOLARI<\/h3>\n<\/blockquote>\n<div><strong><a class=\"dt-pswp-item\" href=\"https:\/\/www.radiopiu.net\/wordpress\/wp-content\/uploads\/2020\/07\/gdf-scaled.jpg\" data-dt-img-description=\"\" data-large_image_width=\"1937\" data-large_image_height=\"2560\"><img loading=\"lazy\" decoding=\"async\" class=\"size-medium wp-image-149906 alignleft\" src=\"https:\/\/www.radiopiu.net\/wordpress\/wp-content\/uploads\/2020\/07\/gdf-227x300.jpg\" alt=\"\" width=\"227\" height=\"300\" srcset=\"https:\/\/www.radiopiu.net\/wordpress\/wp-content\/uploads\/2020\/07\/gdf-227x300.jpg 227w, https:\/\/www.radiopiu.net\/wordpress\/wp-content\/uploads\/2020\/07\/gdf-775x1024.jpg 775w, https:\/\/www.radiopiu.net\/wordpress\/wp-content\/uploads\/2020\/07\/gdf-768x1015.jpg 768w, https:\/\/www.radiopiu.net\/wordpress\/wp-content\/uploads\/2020\/07\/gdf-1162x1536.jpg 1162w, https:\/\/www.radiopiu.net\/wordpress\/wp-content\/uploads\/2020\/07\/gdf-1550x2048.jpg 1550w, https:\/\/www.radiopiu.net\/wordpress\/wp-content\/uploads\/2020\/07\/gdf-scaled.jpg 1937w\" sizes=\"auto, (max-width: 227px) 100vw, 227px\" \/><\/a>BELLUNO <\/strong>La Guardia di Finanza del Comando Provinciale di Belluno ha intensificato i controlli volti a contrastare il lavoro nero e irregolare nella provincia. Da inizio anno fino ad oggi, sono stati effettuati accertamenti presso diversi operatori economici, portando all&#8217;individuazione di 25 lavoratori in nero o irregolari. Nell&#8217;ambito dell&#8217;inizio della stagione primaverile, sono state condotte attivit\u00e0 info-investigative mirate per verificare possibili irregolarit\u00e0. Queste operazioni hanno coinvolto diverse attivit\u00e0 commerciali, principalmente nel settore della somministrazione di alimenti e bevande, e hanno portato all&#8217;individuazione di 13 esercizi commerciali operanti in modo irregolare. Nello specifico, sono stati scoperti 17 lavoratori in nero, impiegati senza la previa comunicazione di inizio della prestazione lavorativa da parte del datore di lavoro, e 8 lavoratori irregolari, i quali, nonostante avessero contratti di lavoro intermittente &#8220;a chiamata&#8221;, non avevano ricevuto le comunicazioni richieste per le giornate di impiego. Durante i controlli, sono state riscontrate anche altre irregolarit\u00e0 da parte dei datori di <a class=\"dt-pswp-item\" href=\"https:\/\/www.radiopiu.net\/wordpress\/wp-content\/uploads\/2020\/04\/CONTROLLI-FINANZA-1.jpg\" data-dt-img-description=\"\" data-large_image_width=\"1632\" data-large_image_height=\"1224\"><img loading=\"lazy\" decoding=\"async\" class=\"size-medium wp-image-130941 alignright\" src=\"https:\/\/www.radiopiu.net\/wordpress\/wp-content\/uploads\/2020\/04\/CONTROLLI-FINANZA-1-300x225.jpg\" alt=\"\" width=\"300\" height=\"225\" srcset=\"https:\/\/www.radiopiu.net\/wordpress\/wp-content\/uploads\/2020\/04\/CONTROLLI-FINANZA-1-300x225.jpg 300w, https:\/\/www.radiopiu.net\/wordpress\/wp-content\/uploads\/2020\/04\/CONTROLLI-FINANZA-1-1024x768.jpg 1024w, https:\/\/www.radiopiu.net\/wordpress\/wp-content\/uploads\/2020\/04\/CONTROLLI-FINANZA-1-768x576.jpg 768w, https:\/\/www.radiopiu.net\/wordpress\/wp-content\/uploads\/2020\/04\/CONTROLLI-FINANZA-1-1536x1152.jpg 1536w, https:\/\/www.radiopiu.net\/wordpress\/wp-content\/uploads\/2020\/04\/CONTROLLI-FINANZA-1.jpg 1632w\" sizes=\"auto, (max-width: 300px) 100vw, 300px\" \/><\/a>lavoro, come la retribuzione dei lavoratori con modalit\u00e0 non previste dalla legge, la mancata istituzione e tenuta del libro unico del lavoro e violazioni delle norme sulla salute e sicurezza del lavoro in due esercizi commerciali. Inoltre, sono state rilevate mancanze nella formazione e addestramento di 10 &#8220;scaffalisti&#8221; impiegati illegalmente, provenienti da due societ\u00e0 di Napoli e una di Roma. Le violazioni riscontrate sono state segnalate all&#8217;Ispettorato Territoriale del Lavoro competente, che ha adottato provvedimenti di sospensione dell&#8217;attivit\u00e0 imprenditoriale in 5 casi, in cui l&#8217;utilizzo di personale non regolare superava il 10% del totale dei lavoratori presenti nei luoghi ispezionati. La Guardia di Finanza svolge un ruolo costante di vigilanza per tutelare il lavoro e contrastare tutte le forme di illecito che minacciano l&#8217;equilibrio economico e finanziario del Paese. Il lavoro nero rappresenta una piaga che sottrae risorse all&#8217;Erario, danneggia gli interessi dei lavoratori, spesso sfruttati, e crea una concorrenza sleale nei confronti delle imprese oneste.<\/div>\n<\/div>\n<\/div>\n<\/div>\n<\/div>\n<div id=\"articlePrev\"><\/div>\n<p>&nbsp;<\/p>\n<hr \/>\n<p>&nbsp;<\/p>\n<blockquote>\n<h3>NEL CONSIGLIO COMUNALE DI AGORDO IL BILANCIO DELL&#8217;AZIENDA SPECIALE AGORDO SERVIZI. PREOCCUPANO GLI INTROITI DELLA FARMACIA COMUNALE<\/h3>\n<\/blockquote>\n<p><strong><a class=\"dt-pswp-item\" href=\"https:\/\/www.radiopiu.net\/wordpress\/wp-content\/uploads\/2020\/03\/CONSIGLIO-AGORDO.jpg\" data-dt-img-description=\"\" data-large_image_width=\"1477\" data-large_image_height=\"832\"><img loading=\"lazy\" decoding=\"async\" class=\" wp-image-122996 alignleft\" src=\"https:\/\/www.radiopiu.net\/wordpress\/wp-content\/uploads\/2020\/03\/CONSIGLIO-AGORDO-300x169.jpg\" alt=\"\" width=\"220\" height=\"124\" srcset=\"https:\/\/www.radiopiu.net\/wordpress\/wp-content\/uploads\/2020\/03\/CONSIGLIO-AGORDO-300x169.jpg 300w, https:\/\/www.radiopiu.net\/wordpress\/wp-content\/uploads\/2020\/03\/CONSIGLIO-AGORDO-1024x577.jpg 1024w, https:\/\/www.radiopiu.net\/wordpress\/wp-content\/uploads\/2020\/03\/CONSIGLIO-AGORDO-768x433.jpg 768w, https:\/\/www.radiopiu.net\/wordpress\/wp-content\/uploads\/2020\/03\/CONSIGLIO-AGORDO.jpg 1477w\" sizes=\"auto, (max-width: 220px) 100vw, 220px\" \/><\/a>AGORDO<\/strong><\/p>\n<p>di Gianni Santomaso<\/p>\n<audio class=\"wp-audio-shortcode\" id=\"audio-337939-1\" preload=\"none\" style=\"width: 100%;\" controls=\"controls\"><source type=\"audio\/mpeg\" src=\"https:\/\/www.radiopiu.net\/wordpress\/wp-content\/uploads\/2023\/05\/GIANNI-CONSIGLIO-COMUNALE-AGORDO.mp3?_=1\" \/><a href=\"https:\/\/www.radiopiu.net\/wordpress\/wp-content\/uploads\/2023\/05\/GIANNI-CONSIGLIO-COMUNALE-AGORDO.mp3\">https:\/\/www.radiopiu.net\/wordpress\/wp-content\/uploads\/2023\/05\/GIANNI-CONSIGLIO-COMUNALE-AGORDO.mp3<\/a><\/audio>\n<p>&nbsp;<\/p>\n<hr \/>\n<p>&nbsp;<\/p>\n<blockquote>\n<h3>AREE A RISCHIO DISSESTO AD AGORDO. IL CONSIGLIERE DI MINORANZA SILVANO SAVIO NE PARLA IN CONSIGLIO COMUNALE<\/h3>\n<\/blockquote>\n<p><a class=\"dt-pswp-item\" href=\"https:\/\/www.radiopiu.net\/wordpress\/wp-content\/uploads\/2021\/02\/71784bc3-f71e-47de-bda2-16363539ce3c.jpg\" data-dt-img-description=\"SILVANO SAVIO\" data-large_image_width=\"312\" data-large_image_height=\"341\"><img loading=\"lazy\" decoding=\"async\" class=\"alignleft wp-image-193172\" src=\"https:\/\/www.radiopiu.net\/wordpress\/wp-content\/uploads\/2021\/02\/71784bc3-f71e-47de-bda2-16363539ce3c-274x300.jpg\" alt=\"\" width=\"105\" height=\"115\" srcset=\"https:\/\/www.radiopiu.net\/wordpress\/wp-content\/uploads\/2021\/02\/71784bc3-f71e-47de-bda2-16363539ce3c-274x300.jpg 274w, https:\/\/www.radiopiu.net\/wordpress\/wp-content\/uploads\/2021\/02\/71784bc3-f71e-47de-bda2-16363539ce3c.jpg 312w\" sizes=\"auto, (max-width: 105px) 100vw, 105px\" \/><\/a><\/p>\n<p><strong>AGORDO<\/strong> Si \u00e8 svolto ad Agordo il consiglio comunale. Tra gli argomenti il regolamento edilizio. A parlare di dissesti \u00e8 stato il consigliere di minoranza Silvano Savio che nel suo intervento ha evidenziato alcune aree a rischio del comune di Agordo.<\/p>\n<p><strong>L&#8217;INTERVENTO DEL CONSIGLIERE DI MINORANZA SILVANO SAVIO<\/strong><\/p>\n<audio class=\"wp-audio-shortcode\" id=\"audio-337939-2\" preload=\"none\" style=\"width: 100%;\" controls=\"controls\"><source type=\"audio\/mpeg\" src=\"https:\/\/www.radiopiu.net\/wordpress\/wp-content\/uploads\/2023\/05\/silvano-savio.mp3?_=2\" \/><a href=\"https:\/\/www.radiopiu.net\/wordpress\/wp-content\/uploads\/2023\/05\/silvano-savio.mp3\">https:\/\/www.radiopiu.net\/wordpress\/wp-content\/uploads\/2023\/05\/silvano-savio.mp3<\/a><\/audio>\n<p>&nbsp;<\/p>\n<hr \/>\n<p>&nbsp;<\/p>\n<blockquote>\n<h3>FRANA DI REVIS A LOZZO DI CADORE, AVVIATI I LAVORI DI MESSA IN SICUREZZA<\/h3>\n<\/blockquote>\n<p><strong>BELLUNO <\/strong>Sono partiti in questi giorni i lavori sulla frana di Revis, a Lozzo di Cadore. Si tratta di un intervento piuttosto complesso, finalizzato alla messa in sicurezza del centro abitato e del corso d\u2019acqua sottostante il dissesto. Due i lotti di cantiere, per un investimento complessivo di 2,5 milioni di euro, derivanti da Fondi Vaia e risorse provinciali e regionali. Proprio Vaia ha assestato il primo colpo alla frana di Revis, dissesto problematico fin dagli anni Novanta. Risale infatti a trent\u2019anni fa il primo intervento in zona, con la realizzazione di alcuni gradoni sul corpo di frana, utili a frenare il movimento ed evitare il distacco di blocchi di terra e roccia. I lavori si dividono in due parti. La prima riguarda la riprofilatura della frana, mediante abbassamento del pendio. La seconda invece prevede la realizzazione di un deposito a poca distanza (nella zona della cosiddetta \u201ccurva dei sindaci\u201d) per stoccare il materiale.<\/p>\n\n\t\t\t<style type='text\/css'>\n\t\t\t\t#gallery-1 {\n\t\t\t\t\tmargin: auto;\n\t\t\t\t}\n\t\t\t\t#gallery-1 .gallery-item {\n\t\t\t\t\tfloat: left;\n\t\t\t\t\tmargin-top: 10px;\n\t\t\t\t\ttext-align: center;\n\t\t\t\t\twidth: 50%;\n\t\t\t\t}\n\t\t\t\t#gallery-1 img {\n\t\t\t\t\tborder: 2px solid #cfcfcf;\n\t\t\t\t}\n\t\t\t\t#gallery-1 .gallery-caption {\n\t\t\t\t\tmargin-left: 0;\n\t\t\t\t}\n\t\t\t\t\/* see gallery_shortcode() in wp-includes\/media.php *\/\n\t\t\t<\/style>\n\t\t<div id='gallery-1' class='dt-gallery-container gallery galleryid-337939 gallery-columns-2 gallery-size-medium'><dl class='gallery-item'>\n\t\t\t\t<dt class='gallery-icon landscape'>\n\t\t\t\t\t<a class=\"rollover rollover-zoom dt-pswp-item\" title=\"rendering Revis PRIMA\" data-dt-img-description=\"\" data-large_image_width=\"2560\" data-large_image_height=\"1534\"href='https:\/\/www.radiopiu.net\/wordpress\/wp-content\/uploads\/2023\/05\/rendering-Revis-PRIMA-scaled.jpg'><img loading=\"lazy\" decoding=\"async\" width=\"300\" height=\"180\" src=\"https:\/\/www.radiopiu.net\/wordpress\/wp-content\/uploads\/2023\/05\/rendering-Revis-PRIMA-300x180.jpg\" class=\"attachment-medium size-medium\" alt=\"\" aria-describedby=\"gallery-1-338042\" srcset=\"https:\/\/www.radiopiu.net\/wordpress\/wp-content\/uploads\/2023\/05\/rendering-Revis-PRIMA-300x180.jpg 300w, https:\/\/www.radiopiu.net\/wordpress\/wp-content\/uploads\/2023\/05\/rendering-Revis-PRIMA-1024x614.jpg 1024w, https:\/\/www.radiopiu.net\/wordpress\/wp-content\/uploads\/2023\/05\/rendering-Revis-PRIMA-768x460.jpg 768w, https:\/\/www.radiopiu.net\/wordpress\/wp-content\/uploads\/2023\/05\/rendering-Revis-PRIMA-1536x920.jpg 1536w, https:\/\/www.radiopiu.net\/wordpress\/wp-content\/uploads\/2023\/05\/rendering-Revis-PRIMA-2048x1227.jpg 2048w\" sizes=\"auto, (max-width: 300px) 100vw, 300px\" \/><\/a>\n\t\t\t\t<\/dt>\n\t\t\t\t\t<dd class='wp-caption-text gallery-caption' id='gallery-1-338042'>\n\t\t\t\t\tPRIMA\n\t\t\t\t\t<\/dd><\/dl><dl class='gallery-item'>\n\t\t\t\t<dt class='gallery-icon landscape'>\n\t\t\t\t\t<a class=\"rollover rollover-zoom dt-pswp-item\" title=\"rendering Revis DOPO\" data-dt-img-description=\"\" data-large_image_width=\"2560\" data-large_image_height=\"1534\"href='https:\/\/www.radiopiu.net\/wordpress\/wp-content\/uploads\/2023\/05\/rendering-Revis-DOPO-scaled.jpg'><img loading=\"lazy\" decoding=\"async\" width=\"300\" height=\"180\" src=\"https:\/\/www.radiopiu.net\/wordpress\/wp-content\/uploads\/2023\/05\/rendering-Revis-DOPO-300x180.jpg\" class=\"attachment-medium size-medium\" alt=\"\" aria-describedby=\"gallery-1-338043\" srcset=\"https:\/\/www.radiopiu.net\/wordpress\/wp-content\/uploads\/2023\/05\/rendering-Revis-DOPO-300x180.jpg 300w, https:\/\/www.radiopiu.net\/wordpress\/wp-content\/uploads\/2023\/05\/rendering-Revis-DOPO-1024x614.jpg 1024w, https:\/\/www.radiopiu.net\/wordpress\/wp-content\/uploads\/2023\/05\/rendering-Revis-DOPO-768x460.jpg 768w, https:\/\/www.radiopiu.net\/wordpress\/wp-content\/uploads\/2023\/05\/rendering-Revis-DOPO-1536x920.jpg 1536w, https:\/\/www.radiopiu.net\/wordpress\/wp-content\/uploads\/2023\/05\/rendering-Revis-DOPO-2048x1227.jpg 2048w\" sizes=\"auto, (max-width: 300px) 100vw, 300px\" \/><\/a>\n\t\t\t\t<\/dt>\n\t\t\t\t\t<dd class='wp-caption-text gallery-caption' id='gallery-1-338043'>\n\t\t\t\t\tDOPO\n\t\t\t\t\t<\/dd><\/dl><br style=\"clear: both\" \/>\n\t\t\t<\/div>\n\n<p>&nbsp;<\/p>\n<p>&nbsp;<\/p>\n<hr \/>\n<p>&nbsp;<\/p>\n<blockquote>\n<h3>BORSA DI STUDIO IN MEMORIA DEL DOTTOR HAMID REZA FARAMARZI<\/h3>\n<\/blockquote>\n<p><strong>SOSPIROLO<\/strong> Giovedi alle 11 al Centro Civico le Farmacie del Piave, in memoria del\u00a0 dottor\u00a0 Hamid Reza Faramaza, gi\u00e0 direttore della farmacia di Sospirolo saranno premiati\u00a0 4 studenti della Scuola Media del paese scelti dai compagni, riconosciuti generosi, attenti ai bisogni degli altri, capaci di ascoltarli e di aiutarli. Il premio: 1.000 euro alla scuola per l&#8217;acquisto di materiale didattico. \u00a0Alla cerimonia che parteciperanno un musicista e una danzatrice iraniani, paese d\u2019origine di Hamid<\/p>\n<p>&nbsp;<\/p>\n<hr \/>\n<p>&nbsp;<\/p>\n<blockquote>\n<h3>PREMIATI I VINCITORI DEL CONCORSO LETTERARIO DEL VESES<\/h3>\n<\/blockquote>\n<p><strong>BORGO VALBELLUNA\u00a0<\/strong> \u201cParole che parlano di noi\u201d il titolo del concorso proposto dall\u2019associazione culturale \u201cVeses\u201d. La premiazione si \u00e8 svolta domenica 28 maggio presso il Palazzo delle Contesse a Mel di Borgo Valbelluna. Per la sezione delle scuole al primo posto si \u00e8 classificata Lisa Italia Casanova della terza classe della Scuola Secondaria di primo grado \u201cUgo Foscolo\u201d di Sedico con il componimento dal titolo \u201c23:54\u201d. Primo posto tra gli adulti per \u201cBusser\u00f2 alla tua porta\u201d di Federica Cossalter di Feltre. Seconda classificata per le scuole Angelica Ventolini della terza classe della Scuola Secondaria di primo grado \u201cG. Rocca\u201d di Feltre col brano \u201cAmore\u201d; terzo posto per \u201cI confini di Elvi\u201d di Arianna Dalla Corte, anche lei di una terza classe dello stesso istituto. Ancora, tra gli adulti, secondo posto per Fiorenza Mambrini di Sedico con \u201cAmica\u201d e terzo per Ester Andrich di Mel con \u201cConfini e limiti\u2026 negli occhi di un bambino\u201d.<\/p>\n<p>&nbsp;<\/p>\n\n\t\t\t<style type='text\/css'>\n\t\t\t\t#gallery-2 {\n\t\t\t\t\tmargin: auto;\n\t\t\t\t}\n\t\t\t\t#gallery-2 .gallery-item {\n\t\t\t\t\tfloat: left;\n\t\t\t\t\tmargin-top: 10px;\n\t\t\t\t\ttext-align: center;\n\t\t\t\t\twidth: 33%;\n\t\t\t\t}\n\t\t\t\t#gallery-2 img {\n\t\t\t\t\tborder: 2px solid #cfcfcf;\n\t\t\t\t}\n\t\t\t\t#gallery-2 .gallery-caption {\n\t\t\t\t\tmargin-left: 0;\n\t\t\t\t}\n\t\t\t\t\/* see gallery_shortcode() in wp-includes\/media.php *\/\n\t\t\t<\/style>\n\t\t<div id='gallery-2' class='dt-gallery-container gallery galleryid-337939 gallery-columns-3 gallery-size-thumbnail'><dl class='gallery-item'>\n\t\t\t\t<dt class='gallery-icon landscape'>\n\t\t\t\t\t<a class=\"rollover rollover-zoom dt-pswp-item\" title=\"gruppo vincitrici giovani\" data-dt-img-description=\"\" data-large_image_width=\"2560\" data-large_image_height=\"1945\"href='https:\/\/www.radiopiu.net\/wordpress\/wp-content\/uploads\/2023\/05\/gruppo-vincitrici-giovani-scaled.jpg'><img loading=\"lazy\" decoding=\"async\" width=\"150\" height=\"150\" src=\"https:\/\/www.radiopiu.net\/wordpress\/wp-content\/uploads\/2023\/05\/gruppo-vincitrici-giovani-150x150.jpg\" class=\"attachment-thumbnail size-thumbnail\" alt=\"\" aria-describedby=\"gallery-2-338028\" \/><\/a>\n\t\t\t\t<\/dt>\n\t\t\t\t\t<dd class='wp-caption-text gallery-caption' id='gallery-2-338028'>\n\t\t\t\t\tgruppo vincitrici giovani\n\t\t\t\t\t<\/dd><\/dl><dl class='gallery-item'>\n\t\t\t\t<dt class='gallery-icon landscape'>\n\t\t\t\t\t<a class=\"rollover rollover-zoom dt-pswp-item\" title=\"gruppo vincitrici adulte con gli organizzatori\" data-dt-img-description=\"\" data-large_image_width=\"2560\" data-large_image_height=\"1698\"href='https:\/\/www.radiopiu.net\/wordpress\/wp-content\/uploads\/2023\/05\/gruppo-vincitrici-adulte-con-gli-organizzatori-scaled.jpg'><img loading=\"lazy\" decoding=\"async\" width=\"150\" height=\"150\" src=\"https:\/\/www.radiopiu.net\/wordpress\/wp-content\/uploads\/2023\/05\/gruppo-vincitrici-adulte-con-gli-organizzatori-150x150.jpg\" class=\"attachment-thumbnail size-thumbnail\" alt=\"\" aria-describedby=\"gallery-2-338027\" \/><\/a>\n\t\t\t\t<\/dt>\n\t\t\t\t\t<dd class='wp-caption-text gallery-caption' id='gallery-2-338027'>\n\t\t\t\t\tgruppo vincitrici adulte con gli organizzatori\n\t\t\t\t\t<\/dd><\/dl><dl class='gallery-item'>\n\t\t\t\t<dt class='gallery-icon landscape'>\n\t\t\t\t\t<a class=\"rollover rollover-zoom dt-pswp-item\" title=\"gruppo vincitrici giovani e adulte con l&#039;assessore Monica Frapporti\" data-dt-img-description=\"\" data-large_image_width=\"2560\" data-large_image_height=\"1700\"href='https:\/\/www.radiopiu.net\/wordpress\/wp-content\/uploads\/2023\/05\/gruppo-vincitrici-giovani-e-adulte-con-lassessore-Monica-Frapporti-scaled.jpg'><img loading=\"lazy\" decoding=\"async\" width=\"150\" height=\"150\" src=\"https:\/\/www.radiopiu.net\/wordpress\/wp-content\/uploads\/2023\/05\/gruppo-vincitrici-giovani-e-adulte-con-lassessore-Monica-Frapporti-150x150.jpg\" class=\"attachment-thumbnail size-thumbnail\" alt=\"\" aria-describedby=\"gallery-2-338026\" \/><\/a>\n\t\t\t\t<\/dt>\n\t\t\t\t\t<dd class='wp-caption-text gallery-caption' id='gallery-2-338026'>\n\t\t\t\t\tgruppo vincitrici giovani e adulte con l&#8217;assessore Monica Frapporti\n\t\t\t\t\t<\/dd><\/dl><br style=\"clear: both\" \/>\n\t\t\t<\/div>\n\n<p>&nbsp;<\/p>\n<hr \/>\n<p>&nbsp;<\/p>\n<blockquote>\n<h3>IL CAPRIOLO ALBINO VISTO DA VICINO<\/h3>\n<\/blockquote>\n<p style=\"font-weight: 400;\"><strong>Di Marco Gaz<\/strong><\/p>\n<p><strong>REDAZIONE <\/strong><span style=\"font-weight: 400;\">Un filmato pi\u00f9 unico che raro. \u00c8 quello che ci ha girato Mario De Marco e che pubblichiamo oggi. Si tratta di un capriolo albino. Mai prima d\u2019ora era stato filmato cos\u00ec da vicino. Un esemplare femmina che mangia indisturbata. \u201cSono onorato di condividere con Radio Pi\u00f9 questo documento \u2013 dice Mario De Marco \u2013 che conferma la presenza del capriolo albino nelle vallate bellunesi. Il video risale a sabato 27 maggio 2023 e il luogo dove \u00e8 stato filmato non voglio renderlo pubblico\u201d. Il capriolo bianco \u00e8 un animale molto fragile a causa della sua aberrazione cromatica. Una leggenda gallese dice che il capriolo albino rappresenterebbe il viaggio dell\u2019anima attraverso la morte e che se un cacciatore lo uccidesse subirebbe la stessa sorte entro un anno.<\/span><\/p>\n<p><iframe loading=\"lazy\" title=\"Il capriolo albino di Mario De Marco\" width=\"1200\" height=\"675\" src=\"https:\/\/www.youtube.com\/embed\/oY7ZK3REzwQ?feature=oembed\" frameborder=\"0\" allow=\"accelerometer; autoplay; clipboard-write; encrypted-media; gyroscope; picture-in-picture; web-share\" allowfullscreen><\/iframe><\/p>\n<p>&nbsp;<\/p>\n<p>&nbsp;<\/p>\n<p>&nbsp;<\/p>\n<hr \/>\n<p>&nbsp;<\/p>\n<blockquote>\n<h3><strong>MONTAGNATERAPIA A FELTRE, SUCCESSO PER LA PRIMA USCITA<\/strong><\/h3>\n<\/blockquote>\n<p><em><a class=\"dt-pswp-item\" href=\"https:\/\/www.radiopiu.net\/wordpress\/wp-content\/uploads\/2023\/05\/Y5vYVcVb.jpg\" data-dt-img-description=\"\" data-large_image_width=\"1024\" data-large_image_height=\"682\"><img loading=\"lazy\" decoding=\"async\" class=\"size-medium wp-image-338017 alignleft\" src=\"https:\/\/www.radiopiu.net\/wordpress\/wp-content\/uploads\/2023\/05\/Y5vYVcVb-300x200.jpg\" alt=\"\" width=\"300\" height=\"200\" srcset=\"https:\/\/www.radiopiu.net\/wordpress\/wp-content\/uploads\/2023\/05\/Y5vYVcVb-300x200.jpg 300w, https:\/\/www.radiopiu.net\/wordpress\/wp-content\/uploads\/2023\/05\/Y5vYVcVb-768x512.jpg 768w, https:\/\/www.radiopiu.net\/wordpress\/wp-content\/uploads\/2023\/05\/Y5vYVcVb.jpg 1024w\" sizes=\"auto, (max-width: 300px) 100vw, 300px\" \/><\/a>Buona risposta degli escursionisti all&#8217;iniziativa del Lions Club Feltre Host di sabato pomeriggio<\/em><\/p>\n<p><strong>FELTRE<\/strong> Passeggiata riuscita, grazie anche alla clemenza del tempo: l&#8217;uscita sul primo percorso ufficiale di MontagnaTerapia delle Dolomiti Patrimonio Mondiale UNESCO ha visto un&#8217;ottima risposta da parte degli escursionisti che sabato pomeriggio si sono avventurati lungo il sentiero della Valle di San Martino, con partenza dal Casel di Vignui di Feltre, sotto la guida del presidente del Lions Club Feltre Host \u2013 e geologo \u2013 Emiliano Oddone e di Angelo Brega, Primario dell&#8217;Unit\u00e0 Operativa Complessa di Psichiatria del Distretto di Feltre dell&#8217;ULSS 1 Dolomiti.<\/p>\n<p><strong>Emiliano Oddone Presidente Lions Club Feltre Host MontagnaTerapia Lions<\/strong><\/p>\n<audio class=\"wp-audio-shortcode\" id=\"audio-337939-3\" preload=\"none\" style=\"width: 100%;\" controls=\"controls\"><source type=\"audio\/mpeg\" src=\"https:\/\/www.radiopiu.net\/wordpress\/wp-content\/uploads\/2023\/05\/Emiliano-Oddone-Presidente-Lions-Club-Feltre-Host-MontagnaTerapia-Lions.mp3?_=3\" \/><a href=\"https:\/\/www.radiopiu.net\/wordpress\/wp-content\/uploads\/2023\/05\/Emiliano-Oddone-Presidente-Lions-Club-Feltre-Host-MontagnaTerapia-Lions.mp3\">https:\/\/www.radiopiu.net\/wordpress\/wp-content\/uploads\/2023\/05\/Emiliano-Oddone-Presidente-Lions-Club-Feltre-Host-MontagnaTerapia-Lions.mp3<\/a><\/audio>\n<p>&nbsp;<\/p>\n<p><strong> Angelo Brega Primario UOC Psichiatria Distretto di Feltre ULSS 1 MontagnaTerapia Lions<\/strong><\/p>\n<audio class=\"wp-audio-shortcode\" id=\"audio-337939-4\" preload=\"none\" style=\"width: 100%;\" controls=\"controls\"><source type=\"audio\/mpeg\" src=\"https:\/\/www.radiopiu.net\/wordpress\/wp-content\/uploads\/2023\/05\/Angelo-Brega-Primario-UOC-Psichiatria-Distretto-di-Feltre-ULSS-1-MontagnaTerapia-Lions.mp3?_=4\" \/><a href=\"https:\/\/www.radiopiu.net\/wordpress\/wp-content\/uploads\/2023\/05\/Angelo-Brega-Primario-UOC-Psichiatria-Distretto-di-Feltre-ULSS-1-MontagnaTerapia-Lions.mp3\">https:\/\/www.radiopiu.net\/wordpress\/wp-content\/uploads\/2023\/05\/Angelo-Brega-Primario-UOC-Psichiatria-Distretto-di-Feltre-ULSS-1-MontagnaTerapia-Lions.mp3<\/a><\/audio>\n<p>&nbsp;<\/p>\n<p>&nbsp;<\/p>\n<p>&nbsp;<\/p>\n<hr \/>\n<p>&nbsp;<\/p>\n<blockquote>\n<h3>BOCCIATA DALLA COMMISSIONE EUROPEA L&#8217;AUTONOMIA DIFFERENZIATA<\/h3>\n<\/blockquote>\n<p><strong><a class=\"dt-pswp-item\" href=\"https:\/\/www.radiopiu.net\/wordpress\/wp-content\/uploads\/2021\/03\/LEGA-SALVINI.png\" data-dt-img-description=\"\" data-large_image_width=\"262\" data-large_image_height=\"262\"><img loading=\"lazy\" decoding=\"async\" class=\" wp-image-198269 alignleft\" src=\"https:\/\/www.radiopiu.net\/wordpress\/wp-content\/uploads\/2021\/03\/LEGA-SALVINI.png\" alt=\"\" width=\"97\" height=\"97\" srcset=\"https:\/\/www.radiopiu.net\/wordpress\/wp-content\/uploads\/2021\/03\/LEGA-SALVINI.png 262w, https:\/\/www.radiopiu.net\/wordpress\/wp-content\/uploads\/2021\/03\/LEGA-SALVINI-150x150.png 150w\" sizes=\"auto, (max-width: 97px) 100vw, 97px\" \/><\/a>BELLUNO <\/strong><i>\u201cLa commissione europea boccia l\u2019autonomia differenziata? A mio parere sarebbe il modo per superare il divario tra le regioni e aiutare, veramente, chi resta indietro\u201d.\u00a0 <\/i>Interviene cos\u00ec il segretario provinciale della Lega, Andrea De Bernardin, in merito al dibattito di queste settimane sul tema dell\u2019autonomia differenziata. Tema caro da sempre al partito di Salvini, preso in mano dal ministro Calderoli, in queste settimane il disegno di legge sull\u2019autonomia differenziata rischia di subire un rallentamento per il no della commissione europea. Per De Bernardin sarebbe un grave errore per l\u2019intero Paese.<span class=\"gmail-Apple-converted-space\">\u00a0<\/span><\/p>\n<p><strong>ANDREA DE BERNARDIN, SEGRETARIO PROVINCIALE LEGA<\/strong><\/p>\n<audio class=\"wp-audio-shortcode\" id=\"audio-337939-5\" preload=\"none\" style=\"width: 100%;\" controls=\"controls\"><source type=\"audio\/mpeg\" src=\"https:\/\/www.radiopiu.net\/wordpress\/wp-content\/uploads\/2023\/05\/De-Bernardin-su-autonomia-differenziata.mp3?_=5\" \/><a href=\"https:\/\/www.radiopiu.net\/wordpress\/wp-content\/uploads\/2023\/05\/De-Bernardin-su-autonomia-differenziata.mp3\">https:\/\/www.radiopiu.net\/wordpress\/wp-content\/uploads\/2023\/05\/De-Bernardin-su-autonomia-differenziata.mp3<\/a><\/audio>\n<p>&nbsp;<\/p>\n<hr \/>\n<p>&nbsp;<\/p>\n<blockquote>\n<h3>TRA I RAMI DI FAGGIO, RISPETTATA L\u2019ANTICHISSIMA TRADIZIONE DELLA PENTECOSTE A COLLE SANTA LUCIA<\/h3>\n<\/blockquote>\n<p><strong>COLLE SANTA LUCIA <\/strong>Un tuffo nel passato, che non lascia indifferenti. Ci\u00f2 che ha colpito immediatamente l\u2019attenzione e la curiosit\u00e0 di coloro che in questi giorni sono saliti sul Colle dove si erge la bellissima Chiesa dedicata a Santa Lucia, sono le rigogliose foglie di faggio collocate per l\u2019occasione all\u2019ingresso del cimitero, intorno al portone d\u2019ingresso della chiesa e tutto attorno all\u2019altar maggiore, trasformando il presbiterio in un vero e proprio giardino. Una tradizione secolare, probabilmente millenaria, che potrebbe avere radici addirittura precristiane, quando Pentecoste (<em>che in greco antico significa \u201ccinquantesimo giorno\u201d<\/em>) nella tradizione ebraica era la festa delle primizie, in qualche modo legata ai primi raccolti della primavera. Appare quindi chiaro il simbolismo che accosta le fresche foglie verdi dei faggi di maggio alla tradizione cristiana che vede nella Pentecoste la forza rinnovatrice dello Spirito. Per trovare analogie con questa interessante consuetudine bisogna addentrarsi nell\u2019antica cultura tedesca, in particolare nelle aree della Bassa Sassonia, dove \u201cil verde di maggio\u201d spesso fa da ornamento agli ingressi delle case, ai cortili e agli interni delle chiese.\u00a0 \u00c8 infatti risaputo che nei tempi antichi, le popolazioni dell\u2019alta Germania, credevano che erigendo una betulla potessero proteggersi dagli spiriti maligni. Anche in Baviera non \u00e8 raro trovare, il giorno di Pentecoste, ramoscelli di betulla come decorazioni delle abitazioni. La betulla \u00e8 anche considerata un simbolo d\u2019amore, e, anche in questo caso, il parallelismo con la venuta dello Spirito Santo che \u00e8 Amore, \u00e8 del tutto evidente. Probabilmente fin dalle origini, a Colle Santa Lucia, la betulla \u00e8 stata sostituita, per ovvi motivi, dal faggio. Ma Pentecoste a Colle Santa Lucia significa anche molto altro: un\u2019intera giornata di preghiera, con le varie frazioni che si alternano in un\u2019incessante adorazione, i vespri solenni e i canti gregoriani&#8230; ed infine, il Luned\u00ec di Pentecoste, che, come nella cultura sudtirolese, \u00e8 vissuto ancora come un giorno di festa! Tutto questo \u00e8 una testimonianza viva della semplicit\u00e0 e spontaneit\u00e0 di una fede di altri tempi, un sentimento di appartenenza ad una comunit\u00e0 che proprio in questi giorni di festa si ritrova, richiamando anche chi vive lontano; un legame profondo con la propria storia e la propria identit\u00e0, che si tramanda di generazione in generazione\u2026 l\u2019anima di una piccola comunit\u00e0 che con tenacia e determinazione, cura e custodisce le proprie radici.<\/p>\n\n\t\t\t<style type='text\/css'>\n\t\t\t\t#gallery-3 {\n\t\t\t\t\tmargin: auto;\n\t\t\t\t}\n\t\t\t\t#gallery-3 .gallery-item {\n\t\t\t\t\tfloat: left;\n\t\t\t\t\tmargin-top: 10px;\n\t\t\t\t\ttext-align: center;\n\t\t\t\t\twidth: 33%;\n\t\t\t\t}\n\t\t\t\t#gallery-3 img {\n\t\t\t\t\tborder: 2px solid #cfcfcf;\n\t\t\t\t}\n\t\t\t\t#gallery-3 .gallery-caption {\n\t\t\t\t\tmargin-left: 0;\n\t\t\t\t}\n\t\t\t\t\/* see gallery_shortcode() in wp-includes\/media.php *\/\n\t\t\t<\/style>\n\t\t<div id='gallery-3' class='dt-gallery-container gallery galleryid-337939 gallery-columns-3 gallery-size-medium'><dl class='gallery-item'>\n\t\t\t\t<dt class='gallery-icon landscape'>\n\t\t\t\t\t<a class=\"rollover rollover-zoom dt-pswp-item\" title=\"20fc24cb-9392-4b4f-a251-f506f702cd82\" data-dt-img-description=\"\" data-large_image_width=\"1024\" data-large_image_height=\"978\"href='https:\/\/www.radiopiu.net\/wordpress\/wp-content\/uploads\/2023\/05\/20fc24cb-9392-4b4f-a251-f506f702cd82.jpg'><img loading=\"lazy\" decoding=\"async\" width=\"300\" height=\"287\" src=\"https:\/\/www.radiopiu.net\/wordpress\/wp-content\/uploads\/2023\/05\/20fc24cb-9392-4b4f-a251-f506f702cd82-300x287.jpg\" class=\"attachment-medium size-medium\" alt=\"\" aria-describedby=\"gallery-3-338070\" srcset=\"https:\/\/www.radiopiu.net\/wordpress\/wp-content\/uploads\/2023\/05\/20fc24cb-9392-4b4f-a251-f506f702cd82-300x287.jpg 300w, https:\/\/www.radiopiu.net\/wordpress\/wp-content\/uploads\/2023\/05\/20fc24cb-9392-4b4f-a251-f506f702cd82-768x734.jpg 768w, https:\/\/www.radiopiu.net\/wordpress\/wp-content\/uploads\/2023\/05\/20fc24cb-9392-4b4f-a251-f506f702cd82.jpg 1024w\" sizes=\"auto, (max-width: 300px) 100vw, 300px\" \/><\/a>\n\t\t\t\t<\/dt>\n\t\t\t\t\t<dd class='wp-caption-text gallery-caption' id='gallery-3-338070'>\n\t\t\t\t\tMolto bella \u00e8 l\u2019illustrazione intitolata \u201cLa mattina di Pentecoste\u201d pubblicata su una rivista tedesca del 1886 in cui viene rappresentata una famiglia intenta a posizionare i rami di faggio (o di betulla), proprio come avviene ancora oggi a Colle Santa Lucia.  \n\t\t\t\t\t<\/dd><\/dl><dl class='gallery-item'>\n\t\t\t\t<dt class='gallery-icon landscape'>\n\t\t\t\t\t<a class=\"rollover rollover-zoom dt-pswp-item\" title=\"359c4dab-b693-4ac5-ac01-82438b403114\" data-dt-img-description=\"\" data-large_image_width=\"1024\" data-large_image_height=\"768\"href='https:\/\/www.radiopiu.net\/wordpress\/wp-content\/uploads\/2023\/05\/359c4dab-b693-4ac5-ac01-82438b403114.jpg'><img loading=\"lazy\" decoding=\"async\" width=\"300\" height=\"225\" src=\"https:\/\/www.radiopiu.net\/wordpress\/wp-content\/uploads\/2023\/05\/359c4dab-b693-4ac5-ac01-82438b403114-300x225.jpg\" class=\"attachment-medium size-medium\" alt=\"\" srcset=\"https:\/\/www.radiopiu.net\/wordpress\/wp-content\/uploads\/2023\/05\/359c4dab-b693-4ac5-ac01-82438b403114-300x225.jpg 300w, https:\/\/www.radiopiu.net\/wordpress\/wp-content\/uploads\/2023\/05\/359c4dab-b693-4ac5-ac01-82438b403114-768x576.jpg 768w, https:\/\/www.radiopiu.net\/wordpress\/wp-content\/uploads\/2023\/05\/359c4dab-b693-4ac5-ac01-82438b403114.jpg 1024w\" sizes=\"auto, (max-width: 300px) 100vw, 300px\" \/><\/a>\n\t\t\t\t<\/dt><\/dl><dl class='gallery-item'>\n\t\t\t\t<dt class='gallery-icon landscape'>\n\t\t\t\t\t<a class=\"rollover rollover-zoom dt-pswp-item\" title=\"405c9fab-2386-4975-abb3-7d8d7e32581b\" data-dt-img-description=\"\" data-large_image_width=\"1024\" data-large_image_height=\"768\"href='https:\/\/www.radiopiu.net\/wordpress\/wp-content\/uploads\/2023\/05\/405c9fab-2386-4975-abb3-7d8d7e32581b.jpg'><img loading=\"lazy\" decoding=\"async\" width=\"300\" height=\"225\" src=\"https:\/\/www.radiopiu.net\/wordpress\/wp-content\/uploads\/2023\/05\/405c9fab-2386-4975-abb3-7d8d7e32581b-300x225.jpg\" class=\"attachment-medium size-medium\" alt=\"\" srcset=\"https:\/\/www.radiopiu.net\/wordpress\/wp-content\/uploads\/2023\/05\/405c9fab-2386-4975-abb3-7d8d7e32581b-300x225.jpg 300w, https:\/\/www.radiopiu.net\/wordpress\/wp-content\/uploads\/2023\/05\/405c9fab-2386-4975-abb3-7d8d7e32581b-768x576.jpg 768w, https:\/\/www.radiopiu.net\/wordpress\/wp-content\/uploads\/2023\/05\/405c9fab-2386-4975-abb3-7d8d7e32581b.jpg 1024w\" sizes=\"auto, (max-width: 300px) 100vw, 300px\" \/><\/a>\n\t\t\t\t<\/dt><\/dl><br style=\"clear: both\" \/>\n\t\t\t<\/div>\n\n<p>&nbsp;<\/p>\n<hr \/>\n<p>&nbsp;<\/p>\n<blockquote>\n<h3>PROGETTO \u201cGENERAZIONE2026&#8243;<\/h3>\n<\/blockquote>\n<p><strong><a class=\"dt-pswp-item\" href=\"https:\/\/www.radiopiu.net\/wordpress\/wp-content\/uploads\/2023\/05\/954-2023-scaled.jpg\" data-dt-img-description=\"\" data-large_image_width=\"2560\" data-large_image_height=\"1920\"><img loading=\"lazy\" decoding=\"async\" class=\" wp-image-338045 alignleft\" src=\"https:\/\/www.radiopiu.net\/wordpress\/wp-content\/uploads\/2023\/05\/954-2023-300x225.jpg\" alt=\"\" width=\"167\" height=\"125\" srcset=\"https:\/\/www.radiopiu.net\/wordpress\/wp-content\/uploads\/2023\/05\/954-2023-300x225.jpg 300w, https:\/\/www.radiopiu.net\/wordpress\/wp-content\/uploads\/2023\/05\/954-2023-1024x768.jpg 1024w, https:\/\/www.radiopiu.net\/wordpress\/wp-content\/uploads\/2023\/05\/954-2023-768x576.jpg 768w, https:\/\/www.radiopiu.net\/wordpress\/wp-content\/uploads\/2023\/05\/954-2023-1536x1152.jpg 1536w, https:\/\/www.radiopiu.net\/wordpress\/wp-content\/uploads\/2023\/05\/954-2023-2048x1536.jpg 2048w\" sizes=\"auto, (max-width: 167px) 100vw, 167px\" \/><\/a>TREVISO <\/strong>\u201cIl cammino che abbiamo iniziato con la Federazione FICTS e la Camera di Commercio sta dando ottimi risultati. Come Regione del Venero ci siamo posti l\u2019obiettivo di diffondere la pratica sportiva nelle scuole e la promozione dei valori Olimpici, coinvolgendo direttamente i nostri giovani, coloro che vivranno le emozioni di questa indimenticabile kermesse che tra tre anni sar\u00e0 ospitata anche nei nostri territori\u201d. Lo ha detto, ieri, in Camera di Commercio a Treviso, l\u2019assessore all\u2019Istruzione, Formazione e Lavoro della Regione del Veneto, in occasione della presentazione della seconda edizione del progetto \u201cGenerAZIONE2026\u201d: momento in cui sono stati condivisi i momenti salienti della \u201cTre giorni\u201d dell\u2019evento finale che vedr\u00e0 impegnati a Treviso, Cortina e Belluno i delegati della Federazione Internazionale Cinema e Televisioni Sportive, provenienti da 130 Paesi del mondo. In programma mostre, proiezioni, workshop, convegni e premiazioni per promuovere il significato socio-culturale dei Giochi Olimpici e Paralimpici Milano Cortina 2026 con progetti rivolti ai giovani (31.835 in Lombardia, 10.130 in Veneto &#8211; con iscrizioni gratuite) per diffondere i valori Olimpici sul territorio, all\u2019insegna dello slogan \u201cCulture through sport\u201d.<\/p>\n<p>&nbsp;<\/p>\n<p>&nbsp;<\/p>\n<hr \/>\n<p>&nbsp;<\/p>\n<blockquote>\n<h3>CONCLUSA LA PRIMA FASE DI CONSULTAZIONE PER LA REALIZZAZIONE DEL PROSSIMO PROGRAMMA DI SVILUPPO LOCALE<\/h3>\n<\/blockquote>\n<p><strong><a class=\"dt-pswp-item\" href=\"https:\/\/www.radiopiu.net\/wordpress\/wp-content\/uploads\/2023\/05\/IMG-20230529-WA0001.jpg\" data-dt-img-description=\"\" data-large_image_width=\"1024\" data-large_image_height=\"768\"><img loading=\"lazy\" decoding=\"async\" class=\" wp-image-338052 alignleft\" src=\"https:\/\/www.radiopiu.net\/wordpress\/wp-content\/uploads\/2023\/05\/IMG-20230529-WA0001-300x225.jpg\" alt=\"\" width=\"137\" height=\"103\" srcset=\"https:\/\/www.radiopiu.net\/wordpress\/wp-content\/uploads\/2023\/05\/IMG-20230529-WA0001-300x225.jpg 300w, https:\/\/www.radiopiu.net\/wordpress\/wp-content\/uploads\/2023\/05\/IMG-20230529-WA0001-768x576.jpg 768w, https:\/\/www.radiopiu.net\/wordpress\/wp-content\/uploads\/2023\/05\/IMG-20230529-WA0001.jpg 1024w\" sizes=\"auto, (max-width: 137px) 100vw, 137px\" \/><\/a>BELLUNO<\/strong> Prende corpo il percorso di realizzazione del prossimo Programma di Sviluppo Locale Leader 2023-2027 promosso dal GAL Prealpi e Dolomiti. Se ne \u00e8 parlato durante l\u2019Assemblea degli Associati, tenutasi presso il Polo Culturale del Comune di Sedico, che ha avuto come tema quello di analizzare i primi risultati degli appuntamenti intrapresi dal GAL in questi ultimi 40 giorni di programmazione. Infatti, in questi quaranta giorni sono state realizzate due assemblee, sette incontri di partenariato e un questionario online. Molto soddisfacente la partecipazione; oltre un centinaio di persone hanno dato il loro contributo nelle sessioni in presenza e online. Dagli incontri sono emersi temi quali il miglioramento dei servizi per la popolazione, il miglioramento degli spazi di vivibilit\u00e0 e la necessit\u00e0 di incentrare gli sforzi sull\u2019innovazione dell\u2019economia locale. Queste indicazioni aiuteranno a definire gli obiettivi da inserire nella strategia di sviluppo locale.<\/p>\n<p>&nbsp;<\/p>\n<p>&nbsp;<\/p>\n<hr \/>\n<p>&nbsp;<\/p>\n<blockquote>\n<h3>CONFERMA E PROMOZIONE PER MARILISA LUCHETTA: VICESINDACO, DE PRA ASSESSORE<\/h3>\n<\/blockquote>\n<blockquote>\n<h3><em><img loading=\"lazy\" decoding=\"async\" class=\"alignleft\" src=\"https:\/\/www.radiopiu.net\/wordpress\/wp-content\/uploads\/2022\/12\/foto-Marilisa.jpg\" width=\"153\" height=\"189\" \/>IL GIURAMENTO DI MASSIMO MURER<\/em><\/h3>\n<\/blockquote>\n<p><strong>CANALE D&#8217;AGORDO<\/strong> Dopo il giuramento del sindaco di Cencenighe si prepara ad indossare la fascia tricolore anche Massimo Murer, l&#8217;occasione il consiglio comunale di domani, convocato per le 20 in sala Lina Zando&#8217;. Oltre al giuramento del sindaco saranno comunicati i nomi del vice sindaco, assessore, rappresentanti per L&#8217;unione Montana, Comitato di gemellaggio e Fondazione Papa Luciani.<\/p>\n<p><strong>DI GIANNI SANTOMASO<\/strong><\/p>\n<audio class=\"wp-audio-shortcode\" id=\"audio-337939-6\" preload=\"none\" style=\"width: 100%;\" controls=\"controls\"><source type=\"audio\/mpeg\" src=\"https:\/\/www.radiopiu.net\/wordpress\/wp-content\/uploads\/2023\/05\/canale-gianni.mp3?_=6\" \/><a href=\"https:\/\/www.radiopiu.net\/wordpress\/wp-content\/uploads\/2023\/05\/canale-gianni.mp3\">https:\/\/www.radiopiu.net\/wordpress\/wp-content\/uploads\/2023\/05\/canale-gianni.mp3<\/a><\/audio>\n<p>&nbsp;<\/p>\n<p>&nbsp;<\/p>\n<hr \/>\n<p>&nbsp;<\/p>\n<blockquote>\n<h3>DOMANI IL CONSIGLIO COMUNALE A RIVAMONTE<\/h3>\n<\/blockquote>\n<p><strong>RIVAMONTE<\/strong> Il sindaco di Rivamonte Giovanni Deon ha convocato i consiglieri per domani alle 18:30 nella sede del Municipio per trattare sei punti all&#8217;ordine del giorno. Si parler\u00e0 del rendiconto 2021 di ASCA, dell&#8217;affidamento del campo di calcio al Rivamonte Calcio, l&#8217;approvazione dello schema di concessione d&#8217;uso a titolo gratuito degli immobili destinati ad ecocentro e una variazione a bilancio<\/p>\n<p>&nbsp;<\/p>\n<p>&nbsp;<\/p>\n<hr \/>\n<p>&nbsp;<\/p>\n<blockquote>\n<h3>Festa della Repubblica a Limana all\u2019insegna dei giovani:<\/h3>\n<\/blockquote>\n<p><strong><a class=\"dt-pswp-item\" href=\"https:\/\/www.radiopiu.net\/wordpress\/wp-content\/uploads\/2023\/01\/MUNICIPIO-LIMANA.png\" data-dt-img-description=\"\" data-large_image_width=\"1940\" data-large_image_height=\"1032\"><img loading=\"lazy\" decoding=\"async\" class=\" wp-image-318876 alignleft\" src=\"https:\/\/www.radiopiu.net\/wordpress\/wp-content\/uploads\/2023\/01\/MUNICIPIO-LIMANA-300x160.png\" alt=\"\" width=\"238\" height=\"127\" srcset=\"https:\/\/www.radiopiu.net\/wordpress\/wp-content\/uploads\/2023\/01\/MUNICIPIO-LIMANA-300x160.png 300w, https:\/\/www.radiopiu.net\/wordpress\/wp-content\/uploads\/2023\/01\/MUNICIPIO-LIMANA-1024x545.png 1024w, https:\/\/www.radiopiu.net\/wordpress\/wp-content\/uploads\/2023\/01\/MUNICIPIO-LIMANA-768x409.png 768w, https:\/\/www.radiopiu.net\/wordpress\/wp-content\/uploads\/2023\/01\/MUNICIPIO-LIMANA-1536x817.png 1536w, https:\/\/www.radiopiu.net\/wordpress\/wp-content\/uploads\/2023\/01\/MUNICIPIO-LIMANA.png 1940w\" sizes=\"auto, (max-width: 238px) 100vw, 238px\" \/><\/a>LIMANA\u00a0<\/strong> In occasione della Festa della Repubblica, l\u2019Amministrazione Comunale di Limana organizza anche quest\u2019anno la Consegna delle Costituzioni ai neodiciottenni, quest\u2019anno tocca ai ragazzi nati nel 2004. Quest\u2019anno per la prima volta verr\u00e0 anche consegnata la Cittadinanza onoraria ai minori stranieri residenti nel Comune, quale auspicata premessa di un effettivo riconoscimento della Cittadinanza italiana da parte della legislazione nazionale. La serata si terr\u00e0 venerd\u00ec 2 giugno alle 18.30 presso il Municipio e inizier\u00e0 con una conferenza dello storico Valentino Grimaldi sul periodo storico in cui \u00e8 nata la Costituzione, ma con cenni anche alla contemporaneit\u00e0. La serata vedr\u00e0 anche la partecipazione di ABVS, ADMO e AIDO, per testimoniare alle giovani generazioni l\u2019importanza della donazione di sangue, midollo osseo, organi e tessuti.<\/p>\n<p>&nbsp;<\/p>\n<hr \/>\n<p>&nbsp;<\/p>\n<blockquote>\n<h3>IL MOTOR STREET FOOD DI PONTE NELLE ALPI E&#8217; UN SUCCESSO<\/h3>\n<\/blockquote>\n<p><strong>PONTE NELLE ALPI <\/strong>Tremila partecipanti al Motor Street Food di Ponte nelle Alpi.<span class=\"gmail-Apple-converted-space\"> \u00a0<\/span>Notevole successo di pubblico per una manifestazione che ha coinvolto famiglie, bimbi, ragazzi: tutti protagonisti della tre giorni pontalpina di moto freestyle, coordinata dal campione italiano Matteo Botteon. A conferma che il connubio tra acrobazie ed enogastronomia si \u00e8 rivelato riuscitissimo.<span class=\"gmail-Apple-converted-space\"> \u00a0<\/span>L\u2019organizzazione ha ringraziato la Polisportiva Ponte nelle Alpi per l\u2019ospitalit\u00e0 e il proficuo sostegno alla manifestazione. E si \u00e8 detta pienamente soddisfatta della nutrita presenza di appassionati, provenienti da tutta la provincia di Belluno e da molte zone del Veneto. Chiunque ha applaudito le acrobazie dei fuoriclasse di freestyle e assaporato i piatti tipici nel piazzale stadio di Nuova Erto. In pi\u00f9, numerosi bimbi hanno provatole mini moto in un apposito circuito.<span class=\"gmail-Apple-converted-space\"> \u00a0<\/span>Nemmeno alcune pause dovute al maltempo hanno fermato o allontanato il pubblico.<span class=\"gmail-Apple-converted-space\">\u00a0<\/span><\/p>\n\n\t\t\t<style type='text\/css'>\n\t\t\t\t#gallery-4 {\n\t\t\t\t\tmargin: auto;\n\t\t\t\t}\n\t\t\t\t#gallery-4 .gallery-item {\n\t\t\t\t\tfloat: left;\n\t\t\t\t\tmargin-top: 10px;\n\t\t\t\t\ttext-align: center;\n\t\t\t\t\twidth: 33%;\n\t\t\t\t}\n\t\t\t\t#gallery-4 img {\n\t\t\t\t\tborder: 2px solid #cfcfcf;\n\t\t\t\t}\n\t\t\t\t#gallery-4 .gallery-caption {\n\t\t\t\t\tmargin-left: 0;\n\t\t\t\t}\n\t\t\t\t\/* see gallery_shortcode() in wp-includes\/media.php *\/\n\t\t\t<\/style>\n\t\t<div id='gallery-4' class='dt-gallery-container gallery galleryid-337939 gallery-columns-3 gallery-size-thumbnail'><dl class='gallery-item'>\n\t\t\t\t<dt class='gallery-icon portrait'>\n\t\t\t\t\t<a class=\"rollover rollover-zoom dt-pswp-item\" title=\"Motor_1\" data-dt-img-description=\"\" data-large_image_width=\"1223\" data-large_image_height=\"1909\"href='https:\/\/www.radiopiu.net\/wordpress\/wp-content\/uploads\/2023\/05\/Motor_1.jpg'><img loading=\"lazy\" decoding=\"async\" width=\"150\" height=\"150\" src=\"https:\/\/www.radiopiu.net\/wordpress\/wp-content\/uploads\/2023\/05\/Motor_1-150x150.jpg\" class=\"attachment-thumbnail size-thumbnail\" alt=\"\" \/><\/a>\n\t\t\t\t<\/dt><\/dl><dl class='gallery-item'>\n\t\t\t\t<dt class='gallery-icon landscape'>\n\t\t\t\t\t<a class=\"rollover rollover-zoom dt-pswp-item\" title=\"Motor_2\" data-dt-img-description=\"\" data-large_image_width=\"1591\" data-large_image_height=\"733\"href='https:\/\/www.radiopiu.net\/wordpress\/wp-content\/uploads\/2023\/05\/Motor_2.jpg'><img loading=\"lazy\" decoding=\"async\" width=\"150\" height=\"150\" src=\"https:\/\/www.radiopiu.net\/wordpress\/wp-content\/uploads\/2023\/05\/Motor_2-150x150.jpg\" class=\"attachment-thumbnail size-thumbnail\" alt=\"\" \/><\/a>\n\t\t\t\t<\/dt><\/dl><dl class='gallery-item'>\n\t\t\t\t<dt class='gallery-icon landscape'>\n\t\t\t\t\t<a class=\"rollover rollover-zoom dt-pswp-item\" title=\"Motor_3\" data-dt-img-description=\"\" data-large_image_width=\"1024\" data-large_image_height=\"473\"href='https:\/\/www.radiopiu.net\/wordpress\/wp-content\/uploads\/2023\/05\/Motor_3.jpg'><img loading=\"lazy\" decoding=\"async\" width=\"150\" height=\"150\" src=\"https:\/\/www.radiopiu.net\/wordpress\/wp-content\/uploads\/2023\/05\/Motor_3-150x150.jpg\" class=\"attachment-thumbnail size-thumbnail\" alt=\"\" \/><\/a>\n\t\t\t\t<\/dt><\/dl><br style=\"clear: both\" \/>\n\t\t\t<\/div>\n\n<p>&nbsp;<\/p>\n<p>&nbsp;<\/p>\n<hr \/>\n<p>&nbsp;<\/p>\n<p><strong>L&#8217;OPINIONE, DI FRANCO PIACENTINI<\/strong><\/p>\n<p align=\"CENTER\"><span style=\"color: #660033;\"><span style=\"font-family: Arial, serif;\"><span style=\"font-size: medium;\">Ha un futuro il Volontariato?\u201d<\/span><\/span><\/span><\/p>\n<p align=\"JUSTIFY\"><span style=\"font-family: Arial, serif;\">Da alcune settimane nel nostro Paese \u00e8 fortemente e motivatamente evidenziata la preoccupante situazione che sta vivendo il volontariato, per le soggettive difficolt\u00e0 di ricambio generazionale. Il numero dei volontari (oggi la stragrande maggioranza sono anziani dai 65 ai 75 anni di et\u00e0) si sta inesorabilmente riducendo. In molte realt\u00e0 associative del Volontariato e del Terzo Settore, pochissimi sono i giovani che bussano alle loro porte per (anche) sperimentare la loro sussidiariet\u00e0 costituzionale in prestazioni volontarie di solidariet\u00e0. Attenzione, questa criticit\u00e0 sociale sulla attuale difficile situazione organizzativa del volontariato, assolutamente non oscura la straordinaria, spontanea e preziosa disponibilit\u00e0 di migliaia di giovani nello svolgere impegnativi servizi di volontariato, soprattutto nelle situazioni emergenziali. Commovente (anche) la loro presenza nelle zone alluvionate dell\u2019Emilia Romagna e nel 2020 \u2013 2021 a Padova \u201cCapitale Europea del Volontariato\u201d nel drammatico biennio della pandemia COVID 19. Le attuali soggettive ed oggettive difficolt\u00e0 del volontariato, per chi (come il sottoscritto) ha contatti con la Fondazione Emanuela Zancan ed ha conosciuto il compianto Mons. Giovanni Nervo, erano e sono preoccupazioni da tempo evidenziate, purtroppo, soprattutto alle pubbliche istituzioni, sottovalutate. Per \u201crinfrescare\u201d un po&#8217; la memoria, ricordo che gi\u00e0 nel lontano 2007, Mons. Giovanni Nervo, al capitolo trentatreesimo del volumetto \u201cHa un futuro il volontariato?\u201d (casa editrice EDB) nel sottolineare: \u201cantiche e nuove sfide per il volontariato\u201d, elencava le seguenti sei sfide (da superare) che attendevano (attendono) il volontariato in Italia. 1. Il volontariato deve mantenere la propria identit\u00e0. Chiamare volontariato tutto il terzo settore, che ha al suo interno varie componenti diverse fra loro, deforma l\u2019identit\u00e0 del volontariato. 2. Per l\u2019identit\u00e0 del volontariato un secondo pericolo pu\u00f2 provenire da un\u2019interpretazione estensiva delle funzioni dei CSV. Quando i contributi sono consistenti e destinati alla gestione dei servizi strutturali e permanenti, il passaggio dal volontariato all\u2019impresa sociale \u00e8 inevitabile. 3. Affinch\u00e9 il volontariato possa esercitare liberamente il suo ruolo di sussidiariet\u00e0 costituzionale, deve mantenersi libero di fronte sia al potere politico che a quello economico, che poi sono strettamente connessi. 4. Come vincere l\u2019invecchiamento del volontariato? Non \u00e8 una piccola sfida. E\u2019 una questione di motivazioni, di proposte coraggiose che i giovani possono comprendere e cogliere con entusiasmo; forse \u00e8 anche questione di lasciare spazio ai giovani nei posti di responsabilit\u00e0 del volontariato. 5. Riuscire ad aggregare, alla pari, nelle associazioni di volontariato giovani immigrati. Ci piaccia o no, il nostro futuro \u00e8 di una societ\u00e0 multiculturale, multietnica e multireligiosa. 6. Maggior coinvolgimento nel volontariato di persone di alto livello di cultura e di competenza. Nel ricordare che Mons. Giovanni Nervo (come Don Lorenzo Milani) nelle sue riflessioni, nelle sue proposte e nelle sue azioni, intrecciava strettamente, da Uomo di chiesa, il Vangelo e la Costituzione, le sue sei sfide del 2007, essendo straordinariamente attuali, dovrebbero (devono) essere valorizzate ed utilizzate, da uno specifico tavolo di concertazione, per un positivo stimolo finalizzato a concretizzare positivamente, il presente ed il futuro del volontariato. <\/span><\/p>\n<p align=\"CENTER\"><span style=\"font-family: Arial, serif;\"><i><b>Franco Piacentini <\/b><\/i><\/span><\/p>\n<p align=\"CENTER\"><span style=\"font-family: Arial, serif;\"><i>Socio Circolo AUSER Progetti Donna Padova <\/i><\/span><\/p>\n<p>&nbsp;<\/p>\n<p>&nbsp;<\/p>\n<hr \/>\n<p>&nbsp;<\/p>\n<h2><span style=\"color: #ff00ff;\">IERI ALLA RADIO<\/span><\/h2>\n<h2><span style=\"color: #ff6600;\">PERITI MINERARI DALL\u2019AGORDINO AL MONDO<\/span><\/h2>\n<p><strong>REDAZIONE<\/strong> Continuano i racconti con i periti minerari agordini. Oggi \u00e8 il turno di Giampiero De Zaiacomo. I racconti dei periti minerari agordini che hanno lavorato nel mondo, ogni luned\u00ec alle 10:30 e alle 19 su Radio Pi\u00f9<\/p>\n<p><iframe loading=\"lazy\" title=\"GIAMPIERO DE ZAIACOMO\" width=\"1200\" height=\"675\" src=\"https:\/\/www.youtube.com\/embed\/qLNJnsLOodY?start=8&#038;feature=oembed\" frameborder=\"0\" allow=\"accelerometer; autoplay; clipboard-write; encrypted-media; gyroscope; picture-in-picture; web-share\" allowfullscreen><\/iframe><\/p>\n<p>&nbsp;<\/p>\n<p><strong>LA RACCOLTA COMPLETA<\/strong><\/p>\n<blockquote class=\"wp-embedded-content\" data-secret=\"IHM4UiBNpr\"><p><a href=\"https:\/\/www.radiopiu.net\/wordpress\/periti-minerari-dallagordino-al-mondo\/\">Periti minerari dall&#8217;agordino al mondo<\/a><\/p><\/blockquote>\n<p><iframe loading=\"lazy\" class=\"wp-embedded-content\" sandbox=\"allow-scripts\" security=\"restricted\" style=\"position: absolute; clip: rect(1px, 1px, 1px, 1px);\" title=\"&#8220;Periti minerari dall&#8217;agordino al mondo&#8221; &#8212; Radio Pi\u00f9\" src=\"https:\/\/www.radiopiu.net\/wordpress\/periti-minerari-dallagordino-al-mondo\/embed\/#?secret=4Zl7SVm3il#?secret=IHM4UiBNpr\" data-secret=\"IHM4UiBNpr\" width=\"600\" height=\"338\" frameborder=\"0\" marginwidth=\"0\" marginheight=\"0\" scrolling=\"no\"><\/iframe><\/p>\n<p>&nbsp;<\/p>\n<hr \/>\n<p>&nbsp;<\/p>\n<p>&nbsp;<\/p>\n<h2><strong><a class=\"dt-pswp-item\" href=\"https:\/\/www.radiopiu.net\/wordpress\/wp-content\/uploads\/2023\/05\/copertina-sito-formazione-mar23.png\" data-dt-img-description=\"\" data-large_image_width=\"730\" data-large_image_height=\"410\"><img loading=\"lazy\" decoding=\"async\" class=\" wp-image-337766 alignleft\" src=\"https:\/\/www.radiopiu.net\/wordpress\/wp-content\/uploads\/2023\/05\/copertina-sito-formazione-mar23-300x168.png\" alt=\"\" width=\"182\" height=\"102\" srcset=\"https:\/\/www.radiopiu.net\/wordpress\/wp-content\/uploads\/2023\/05\/copertina-sito-formazione-mar23-300x168.png 300w, https:\/\/www.radiopiu.net\/wordpress\/wp-content\/uploads\/2023\/05\/copertina-sito-formazione-mar23.png 730w\" sizes=\"auto, (max-width: 182px) 100vw, 182px\" \/><\/a><\/strong><span style=\"color: #33cccc;\">LA RASSEGNA STAMPA DA L&#8217;AMICO DEL POPOLO<\/span><\/h2>\n<p><strong>di Gianni Santomaso<\/strong><\/p>\n<p>OSPITE: Sonia Andrich<\/p>\n<p>(foto: 365giorni.org)<\/p>\n<audio class=\"wp-audio-shortcode\" id=\"audio-337939-7\" preload=\"none\" style=\"width: 100%;\" controls=\"controls\"><source type=\"audio\/mpeg\" src=\"https:\/\/www.radiopiu.net\/wordpress\/wp-content\/uploads\/2023\/05\/RASSEGNA-GIANNI-3.mp3?_=7\" \/><a href=\"https:\/\/www.radiopiu.net\/wordpress\/wp-content\/uploads\/2023\/05\/RASSEGNA-GIANNI-3.mp3\">https:\/\/www.radiopiu.net\/wordpress\/wp-content\/uploads\/2023\/05\/RASSEGNA-GIANNI-3.mp3<\/a><\/audio>\n<p>&nbsp;<\/p>\n<p>&nbsp;<\/p>\n<p>&nbsp;<\/p>\n<hr \/>\n<p>&nbsp;<\/p>\n<p>&nbsp;<\/p>\n<blockquote>\n<h2>SALUTE E SOCIETA&#8217;, IL LUNEDI ALLE 13.10 CON IL DOTTOR MARCO CARACCIOLO<\/h2>\n<\/blockquote>\n<p><strong><a class=\"dt-pswp-item\" href=\"https:\/\/www.radiopiu.net\/wordpress\/wp-content\/uploads\/2023\/05\/a327cf51-79dc-44a2-bf5b-7947765148d6.jpg\" data-dt-img-description=\"\" data-large_image_width=\"800\" data-large_image_height=\"445\"><img loading=\"lazy\" decoding=\"async\" class=\" wp-image-338023 alignleft\" src=\"https:\/\/www.radiopiu.net\/wordpress\/wp-content\/uploads\/2023\/05\/a327cf51-79dc-44a2-bf5b-7947765148d6-300x167.jpg\" alt=\"\" width=\"241\" height=\"134\" srcset=\"https:\/\/www.radiopiu.net\/wordpress\/wp-content\/uploads\/2023\/05\/a327cf51-79dc-44a2-bf5b-7947765148d6-300x167.jpg 300w, https:\/\/www.radiopiu.net\/wordpress\/wp-content\/uploads\/2023\/05\/a327cf51-79dc-44a2-bf5b-7947765148d6-768x427.jpg 768w, https:\/\/www.radiopiu.net\/wordpress\/wp-content\/uploads\/2023\/05\/a327cf51-79dc-44a2-bf5b-7947765148d6.jpg 800w\" sizes=\"auto, (max-width: 241px) 100vw, 241px\" \/><\/a>Rinosinusite cronica<\/strong><br \/>\nL&#8217;olfatto nell&#8217;uomo ha subito un\u2019involuzione rispetto agli animali, in quanto \u00e8 meno sviluppato e non \u00e8 considerato fondamentale per la sopravvivenza. Nel contempo ha acquisito un ruolo sociale, veicolando emozioni e piaceri.<\/p>\n<p><strong>Virus respiratorio sinciziale<\/strong><br \/>\nIl virus respiratorio sinciziale circola durante l&#8217;inverno e colpisce soprattutto i bambini piccoli e la popolazione anziana. Da pochi giorni \u00e8 arrivato il parere positivo per il primo vaccino contro questo virus.<\/p>\n<audio class=\"wp-audio-shortcode\" id=\"audio-337939-8\" preload=\"none\" style=\"width: 100%;\" controls=\"controls\"><source type=\"audio\/mpeg\" src=\"https:\/\/www.radiopiu.net\/wordpress\/wp-content\/uploads\/2023\/05\/SALUTE-2.mp3?_=8\" \/><a href=\"https:\/\/www.radiopiu.net\/wordpress\/wp-content\/uploads\/2023\/05\/SALUTE-2.mp3\">https:\/\/www.radiopiu.net\/wordpress\/wp-content\/uploads\/2023\/05\/SALUTE-2.mp3<\/a><\/audio>\n<p>&nbsp;<\/p>\n<p>&nbsp;<\/p>\n<hr \/>\n<p>&nbsp;<\/p>\n<blockquote>\n<h3><strong><img loading=\"lazy\" decoding=\"async\" class=\"alignleft\" src=\"https:\/\/www.radiopiu.net\/wordpress\/wp-content\/uploads\/2023\/04\/heart-1486112__340.jpg\" width=\"168\" height=\"119\" \/><\/strong>SENTIMENTAL,\u00a0 &#8220;le storie d&#8217;amore&#8221; DI PAOLA LANCIATO<\/h3>\n<\/blockquote>\n<p>&nbsp;<\/p>\n<p>&nbsp;<\/p>\n<p>&nbsp;<\/p>\n<p><strong>PUNTATA 06 Giulietta &amp; Romeo<\/strong><\/p>\n<audio class=\"wp-audio-shortcode\" id=\"audio-337939-9\" preload=\"none\" style=\"width: 100%;\" controls=\"controls\"><source type=\"audio\/mpeg\" src=\"https:\/\/www.radiopiu.net\/wordpress\/wp-content\/uploads\/2023\/05\/FATTO-6-ROMEO-E-GIULIETTA.mp3?_=9\" \/><a href=\"https:\/\/www.radiopiu.net\/wordpress\/wp-content\/uploads\/2023\/05\/FATTO-6-ROMEO-E-GIULIETTA.mp3\">https:\/\/www.radiopiu.net\/wordpress\/wp-content\/uploads\/2023\/05\/FATTO-6-ROMEO-E-GIULIETTA.mp3<\/a><\/audio>\n<blockquote class=\"wp-embedded-content\" data-secret=\"jawTAUs7cn\"><p><a href=\"https:\/\/www.radiopiu.net\/wordpress\/sentimental-il-nuovo-programma-di-paola-lanciato\/\">SENTIMENTAL, IL NUOVO PROGRAMMA DI PAOLA LANCIATO<\/a><\/p><\/blockquote>\n<p><iframe loading=\"lazy\" class=\"wp-embedded-content\" sandbox=\"allow-scripts\" security=\"restricted\" style=\"position: absolute; clip: rect(1px, 1px, 1px, 1px);\" title=\"&#8220;SENTIMENTAL, IL NUOVO PROGRAMMA DI PAOLA LANCIATO&#8221; &#8212; Radio Pi\u00f9\" src=\"https:\/\/www.radiopiu.net\/wordpress\/sentimental-il-nuovo-programma-di-paola-lanciato\/embed\/#?secret=MkAhqvC2PX#?secret=jawTAUs7cn\" data-secret=\"jawTAUs7cn\" width=\"600\" height=\"338\" frameborder=\"0\" marginwidth=\"0\" marginheight=\"0\" scrolling=\"no\"><\/iframe><\/p>\n<p>&nbsp;<\/p>\n<hr \/>\n<p>&nbsp;<\/p>\n<p>&nbsp;<\/p>\n<blockquote>\n<h3><img loading=\"lazy\" decoding=\"async\" class=\"alignleft\" src=\"https:\/\/www.radiopiu.net\/wordpress\/wp-content\/uploads\/2023\/05\/linda-podcast-300x300.png\" width=\"140\" height=\"140\" \/>&#8220;NCONTONSE&#8221; IN LADINO SU RADIO PI\u00d9, quarta puntata<\/h3>\n<\/blockquote>\n<p><strong>\u00a0<\/strong><\/p>\n<p><strong>PUNTATA 04 Vittorio Pallabazzer_prima parte\u00a0\u00a0<\/strong><\/p>\n<audio class=\"wp-audio-shortcode\" id=\"audio-337939-10\" preload=\"none\" style=\"width: 100%;\" controls=\"controls\"><source type=\"audio\/mpeg\" src=\"https:\/\/www.radiopiu.net\/wordpress\/wp-content\/uploads\/2023\/05\/2.NCONTONSE_VITTORIO-PALLABAZZER-2.parte_-1.mp3?_=10\" \/><a href=\"https:\/\/www.radiopiu.net\/wordpress\/wp-content\/uploads\/2023\/05\/2.NCONTONSE_VITTORIO-PALLABAZZER-2.parte_-1.mp3\">https:\/\/www.radiopiu.net\/wordpress\/wp-content\/uploads\/2023\/05\/2.NCONTONSE_VITTORIO-PALLABAZZER-2.parte_-1.mp3<\/a><\/audio>\n<p>&nbsp;<\/p>\n<p><strong>la raccolta completa\u00a0<\/strong><\/p>\n<blockquote class=\"wp-embedded-content\" data-secret=\"4H3DBc12wD\"><p><a href=\"https:\/\/www.radiopiu.net\/wordpress\/ncontonse-in-ladino-su-radio-piu-terza-puntata\/\">&#8220;NCONTONSE&#8221; IN LADINO SU RADIO PI\u00d9, terza puntata<\/a><\/p><\/blockquote>\n<p><iframe loading=\"lazy\" class=\"wp-embedded-content\" sandbox=\"allow-scripts\" security=\"restricted\" style=\"position: absolute; clip: rect(1px, 1px, 1px, 1px);\" title=\"&#8220;&#8220;NCONTONSE&#8221; IN LADINO SU RADIO PI\u00d9, terza puntata&#8221; &#8212; Radio Pi\u00f9\" src=\"https:\/\/www.radiopiu.net\/wordpress\/ncontonse-in-ladino-su-radio-piu-terza-puntata\/embed\/#?secret=GbR6iXn1uM#?secret=4H3DBc12wD\" data-secret=\"4H3DBc12wD\" width=\"600\" height=\"338\" frameborder=\"0\" marginwidth=\"0\" marginheight=\"0\" scrolling=\"no\"><\/iframe><\/p>\n<p>&nbsp;<\/p>\n<hr \/>\n<p>&nbsp;<\/p>\n<p><a class=\"dt-pswp-item\" href=\"https:\/\/www.radiopiu.net\/wordpress\/wp-content\/uploads\/2023\/05\/07b370aa-6c88-4a9c-929f-e4e6e20e615b.jpg\" data-dt-img-description=\"\" data-large_image_width=\"832\" data-large_image_height=\"1024\"><img loading=\"lazy\" decoding=\"async\" class=\"size-medium wp-image-337511 aligncenter\" src=\"https:\/\/www.radiopiu.net\/wordpress\/wp-content\/uploads\/2023\/05\/07b370aa-6c88-4a9c-929f-e4e6e20e615b-244x300.jpg\" alt=\"\" width=\"244\" height=\"300\" srcset=\"https:\/\/www.radiopiu.net\/wordpress\/wp-content\/uploads\/2023\/05\/07b370aa-6c88-4a9c-929f-e4e6e20e615b-244x300.jpg 244w, https:\/\/www.radiopiu.net\/wordpress\/wp-content\/uploads\/2023\/05\/07b370aa-6c88-4a9c-929f-e4e6e20e615b-768x945.jpg 768w, https:\/\/www.radiopiu.net\/wordpress\/wp-content\/uploads\/2023\/05\/07b370aa-6c88-4a9c-929f-e4e6e20e615b.jpg 832w\" sizes=\"auto, (max-width: 244px) 100vw, 244px\" \/><\/a><\/p>\n<blockquote>\n<h3>TORNA IL &#8220;MINIERE SUNSET&#8221; NELL&#8217;ESTATE DEL CAFFE&#8217; MINIERE DI AGORDO<\/h3>\n<\/blockquote>\n<p><strong><a class=\"dt-pswp-item\" href=\"https:\/\/www.radiopiu.net\/wordpress\/wp-content\/uploads\/2023\/05\/SCR-20230525-kofy.jpeg\" data-dt-img-description=\"\" data-large_image_width=\"1166\" data-large_image_height=\"646\"><img loading=\"lazy\" decoding=\"async\" class=\" wp-image-337439 alignleft\" src=\"https:\/\/www.radiopiu.net\/wordpress\/wp-content\/uploads\/2023\/05\/SCR-20230525-kofy-300x166.jpeg\" alt=\"\" width=\"154\" height=\"85\" srcset=\"https:\/\/www.radiopiu.net\/wordpress\/wp-content\/uploads\/2023\/05\/SCR-20230525-kofy-300x166.jpeg 300w, https:\/\/www.radiopiu.net\/wordpress\/wp-content\/uploads\/2023\/05\/SCR-20230525-kofy-1024x567.jpeg 1024w, https:\/\/www.radiopiu.net\/wordpress\/wp-content\/uploads\/2023\/05\/SCR-20230525-kofy-768x425.jpeg 768w, https:\/\/www.radiopiu.net\/wordpress\/wp-content\/uploads\/2023\/05\/SCR-20230525-kofy.jpeg 1166w\" sizes=\"auto, (max-width: 154px) 100vw, 154px\" \/><\/a>AGORDO<\/strong> Si torna a ballare nell&#8217;estate 2023. Il Caff\u00e8 Miniere di Agordo organizza il &#8220;Miniere Sunset&#8221;, un appuntamento a cadenza mensile con cocktail bar e DJ Set dalle 18 alle 24. Tre mercoled\u00ec di festa. Il 14 giugno con DJ Jack &amp; RDJ, il 19 luglio e il 30 agosto con Morgan &amp; Battaglia DJ&#8217;s. Tutte le serate saranno in diretta su Radio Pi\u00f9 con ospiti a sorpresa.<\/p>\n<p>&nbsp;<\/p>\n<p>&nbsp;<\/p>\n<hr \/>\n<p>&nbsp;<\/p>\n<blockquote>\n<h3><a class=\"dt-pswp-item\" href=\"https:\/\/www.radiopiu.net\/wordpress\/wp-content\/uploads\/2021\/06\/ebe0e140-b21f-4a97-a898-717eb7fd126f.jpg\" data-dt-img-description=\"\" data-large_image_width=\"2000\" data-large_image_height=\"1500\"><img loading=\"lazy\" decoding=\"async\" class=\" wp-image-215869 alignleft\" src=\"https:\/\/www.radiopiu.net\/wordpress\/wp-content\/uploads\/2021\/06\/ebe0e140-b21f-4a97-a898-717eb7fd126f-300x225.jpg\" alt=\"\" width=\"241\" height=\"181\" srcset=\"https:\/\/www.radiopiu.net\/wordpress\/wp-content\/uploads\/2021\/06\/ebe0e140-b21f-4a97-a898-717eb7fd126f-300x225.jpg 300w, https:\/\/www.radiopiu.net\/wordpress\/wp-content\/uploads\/2021\/06\/ebe0e140-b21f-4a97-a898-717eb7fd126f-1024x768.jpg 1024w, https:\/\/www.radiopiu.net\/wordpress\/wp-content\/uploads\/2021\/06\/ebe0e140-b21f-4a97-a898-717eb7fd126f-768x576.jpg 768w, https:\/\/www.radiopiu.net\/wordpress\/wp-content\/uploads\/2021\/06\/ebe0e140-b21f-4a97-a898-717eb7fd126f-1536x1152.jpg 1536w, https:\/\/www.radiopiu.net\/wordpress\/wp-content\/uploads\/2021\/06\/ebe0e140-b21f-4a97-a898-717eb7fd126f.jpg 2000w\" sizes=\"auto, (max-width: 241px) 100vw, 241px\" \/><\/a>SANT&#8217;ANTONIO&#8230; LA SAGRA A RIVAMONTE!<\/h3>\n<\/blockquote>\n<p><strong>VENERDI 9 GIUGNO<\/strong> ALLE 17 APERTURA TENDONE, SERATA BAVARESE CON LA SPRITZ BAND; <strong>SABATO 10<\/strong> DALLE 17 DJ MORGAN E BATTAGLIA, AL CHIOSCO FANTASIOSI COCKTAIL. IN SERATA LA MUSICA DI WILMER, GNOCH CO LA POINA E ALTRE SPECIALITA&#8217;, DALLA MEZZANOTTE DJ MORGAN A BATTAGLIA.<strong> DOMENICA 11<\/strong> IL TENDONE APRE ALLE 9, ALLE 10 LA CORSA PODISTICA RIVARON, DALLE 12 SI MANGIA, POMERIGGIO CON DJ BISSO E IN SERATA L&#8217;ORCHESTRA PIERETTE ENSAMBLE. PER I BIMBI LA NOVITA&#8217; BUBBLE TEA. <strong>LUNEDI SERA<\/strong> IL TENDONE APRE ALLE 17, IN SERATA SI BALLA CON EROS E KARIN.<strong> MARTEDI 13<\/strong> IL GIORNO SI SANT&#8217;ANTONIO, UNA LUNGA GIORNATA DI FESTA CON IL BALLO FINALE DELLA TUA IDEA. SANT&#8217;ANTONIO, LA SAGRA, CON LA PROLOCO DI RIVAMONTE.<\/p>\n<div class=\"page-title-breadcrumbs\">\n<p>&nbsp;<\/p>\n<p>&nbsp;<\/p>\n<hr \/>\n<p>&nbsp;<\/p>\n<h2><span style=\"color: #ff0000;\">GLI APPUNTAMENTI DELLA SETTIMANA<\/span><\/h2>\n<p>&nbsp;<\/p>\n<blockquote>\n<h3>MARTEDIACOLOR<\/h3>\n<\/blockquote>\n<p><strong>BELLUNO <\/strong>Con la Primavera tornano a Belluno i Martediacolor, una tradizionale manifestazione che trova sempre l\u2019interesse di un numeroso pubblico. Organizzate dal C.T.G. gruppo Belluno, in collaborazione con i Circoli Fotografici di Belluno ed Agordo, sono piacevoli serate con racconti fotografici realizzati in multivisione, dedicate agli amanti dei viaggi, della natura e dell&#8217;arte. Il programma si articola in tre appuntamenti presso la sala Parrocchiale di Cavarzano alle ore 20.45, con ingresso libero, ultimo appuntamento stasera.<\/p>\n<p>&nbsp;<\/p>\n<p>&nbsp;<\/p>\n<hr \/>\n<p>&nbsp;<\/p>\n<blockquote>\n<h3><a class=\"dt-pswp-item\" href=\"https:\/\/www.radiopiu.net\/wordpress\/wp-content\/uploads\/2023\/05\/Benedetta-Tobagi.jpg\" data-dt-img-description=\"\" data-large_image_width=\"1000\" data-large_image_height=\"1000\"><img loading=\"lazy\" decoding=\"async\" class=\"wp-image-337812 alignleft\" src=\"https:\/\/www.radiopiu.net\/wordpress\/wp-content\/uploads\/2023\/05\/Benedetta-Tobagi-300x300.jpg\" alt=\"\" width=\"127\" height=\"127\" srcset=\"https:\/\/www.radiopiu.net\/wordpress\/wp-content\/uploads\/2023\/05\/Benedetta-Tobagi-300x300.jpg 300w, https:\/\/www.radiopiu.net\/wordpress\/wp-content\/uploads\/2023\/05\/Benedetta-Tobagi-150x150.jpg 150w, https:\/\/www.radiopiu.net\/wordpress\/wp-content\/uploads\/2023\/05\/Benedetta-Tobagi-768x768.jpg 768w, https:\/\/www.radiopiu.net\/wordpress\/wp-content\/uploads\/2023\/05\/Benedetta-Tobagi.jpg 1000w\" sizes=\"auto, (max-width: 127px) 100vw, 127px\" \/><\/a>Presentazione del libro \u201cLa Resistenza delle donne\u201d di Benedetta Tobagi<\/h3>\n<\/blockquote>\n<p><strong>BELLUNO<\/strong> In occasione della Festa della Repubblica, venerd\u00ec 2 giugno, alle ore 17.30 nella Sala \u201cZanardelli\u201d della Prefettura, con i saluti del Prefetto Mariano Savastano e del Direttore dell\u2019Isbrec Enrico Bacchetti la scrittrice Benedetta Tobagi (foto) presenter\u00e0 il suo ultimo libro La Resistenza delle donne, Einaudi, 2022. L\u2019autrice dialogher\u00e0 con Mirta Amanda Barbonetti, componente del direttivo Isbrec, traduttrice e saggista. Alcuni passi del libro saranno letti dalla poetessa Serena Dal Borgo. L\u2019incontro \u00e8 ad ingresso libero fino ad esaurimento dei posti.<\/p>\n<p>&nbsp;<\/p>\n<p>&nbsp;<\/p>\n<hr \/>\n<p>&nbsp;<\/p>\n<div class=\"page-title-head hgroup\">\n<blockquote>\n<h3 class=\"entry-title\">2-4 GIUGNO! AD ALLEGHE RITORNA IL MERCATINO SUL LUNGOLAGO<\/h3>\n<\/blockquote>\n<\/div>\n<div class=\"page-title-breadcrumbs\">\n<p><a class=\"dt-pswp-item\" href=\"https:\/\/www.radiopiu.net\/wordpress\/wp-content\/uploads\/2023\/05\/download-2.jpg\" data-dt-img-description=\"\" data-large_image_width=\"1009\" data-large_image_height=\"1024\"><img loading=\"lazy\" decoding=\"async\" class=\" wp-image-337551 alignleft\" src=\"https:\/\/www.radiopiu.net\/wordpress\/wp-content\/uploads\/2023\/05\/download-2-296x300.jpg\" alt=\"\" width=\"156\" height=\"158\" srcset=\"https:\/\/www.radiopiu.net\/wordpress\/wp-content\/uploads\/2023\/05\/download-2-296x300.jpg 296w, https:\/\/www.radiopiu.net\/wordpress\/wp-content\/uploads\/2023\/05\/download-2-768x779.jpg 768w, https:\/\/www.radiopiu.net\/wordpress\/wp-content\/uploads\/2023\/05\/download-2.jpg 1009w\" sizes=\"auto, (max-width: 156px) 100vw, 156px\" \/><\/a><strong>ALLEGHE<\/strong> Siete pronti a vivere una primavera ricca di arte, sapori e divertimento? Allora segnatevi questa data: da venerd\u00ec 2 a domenica 4 giugno, sul lungolago di Alleghe, arriva il Mercatino di Primavera! \u00a0Il Mercatino di Primavera vi aspetta con un&#8217;esplosione di gusti irresistibili! Siete pronti a soddisfare le vostre papille gustative?\u00a0 Assolutamente, perch\u00e9 al Mercatino di Primavera troverete una variet\u00e0 di prelibatezze che vi faranno venire l&#8217;acquolina in bocca. Fritture di pesce fresco, per i buongustai amanti del mare. E che dire della famosa porchetta di Ariccia? Un&#8217;esplosione di sapori tradizionali. : se siete amanti dei salumi e dei formaggi, non rimarrete delusi!\u00a0 non dimentichiamo le olive, i taralli e la gastronomia siciliana, autentici tesori culinari che vi faranno viaggiare attraverso le tradizioni del nostro Paese. e per deliziarzi il dolce finale con frittelle e caramelle artigianali. dal 2 al 4 giugno, ad Alleghe, sul lungolago, godetevi il Mercatino di Primavera con arte e sapori unici.<\/p>\n<p>&nbsp;<\/p>\n<p>&nbsp;<\/p>\n<hr \/>\n<p>&nbsp;<\/p>\n<\/div>\n<blockquote>\n<h3>SABATO 3 GIUGNO LA CENA DELLA CLASSE 1955-56<\/h3>\n<\/blockquote>\n<p><strong>AGORDO<\/strong> E&#8217; in programma per sabato 3 giugno al Ristorante &#8220;La Stanga&#8221; la cena delle classi 1955-1956. Ritrovo al ristorante alle 19, cena , musica e premi. Per informazioni ed iscrizioni Roberto Schenot al 348 8524340. Iscrizioni entro il 29 maggio.<\/p>\n<p>&nbsp;<\/p>\n<p>&nbsp;<\/p>\n<hr \/>\n<p>&nbsp;<\/p>\n<blockquote>\n<h3>DOMENICA 4 GIUGNO LA 4 PAS IN DOI<\/h3>\n<\/blockquote>\n<p><strong>AGORDO<\/strong> <strong>DOMENICA 4 GIUGNO<\/strong> AD AGORDO: &#8220;4 Pas in doi&#8221; TRAIL RUNNING A COPPIE. Due percorsi: 16 km con 900 metri di dislivello, o 5 km con 250 metri di dislivello. E per i pi\u00f9 golosi, la &#8220;4 Pas in doi Bocoi&#8221;: itinerario enogastronomico, 6 km, con 4 tappe da&#8230; gustare. Per informazioni ed iscrizioni: www.4pasindoi.it<\/p>\n<p>&nbsp;<\/p>\n<p>&nbsp;<\/p>\n<hr \/>\n<p>&nbsp;<\/p>\n<h2><span style=\"color: #ff0000;\">PROSSIMAMENTE&#8230;\u00a0<\/span><\/h2>\n<blockquote>\n<h3>Il Gruppo Alpini organizza una gita indimenticabile alla Foiba di Basovizza con pranzo di pesce a Lignano<\/h3>\n<\/blockquote>\n<p><strong>FALCADE <\/strong>\u00a0I Gruppi Alpini rappresentano un importante pilastro della comunit\u00e0 locale, promuovendo attivit\u00e0 che uniscono tradizione, avventura e scoperta del patrimonio culturale. Nel contesto di queste iniziative, il Gruppo Alpini di Falcade ha annunciato una gita straordinaria che si terr\u00e0 l&#8217;11 giugno, con destinazione la Foiba di Basovizza e una deliziosa pausa pranzo a Lignano.\u00a0 Remo Secchi, responsabile delle iscrizioni, sar\u00e0 il punto di riferimento per tutti coloro che desiderano partecipare. Per prenotare un posto e per ulteriori informazioni, \u00e8 possibile contattare\u00a0 il\u00a0 338 5628415.<\/p>\n<p>&nbsp;<\/p>\n<p>&nbsp;<\/p>\n<hr \/>\n<p>&nbsp;<\/p>\n<blockquote class=\"wp-embedded-content\" data-secret=\"rOQHwEJATA\"><p><a href=\"https:\/\/www.radiopiu.net\/wordpress\/la-costruzione-in-pietra-del-ponte-di-lantrago\/\">LA COSTRUZIONE IN PIETRA DEL PONTE DI LANTRAGO E LE GRANDI ALLUVIONI A LA VALLE AGORDINA NELLA SECONDA META&#8217; DEL 1800 \u2013 PRIMA PARTE<\/a><\/p><\/blockquote>\n<p><iframe loading=\"lazy\" class=\"wp-embedded-content\" sandbox=\"allow-scripts\" security=\"restricted\" style=\"position: absolute; clip: rect(1px, 1px, 1px, 1px);\" title=\"&#8220;LA COSTRUZIONE IN PIETRA DEL PONTE DI LANTRAGO E LE GRANDI ALLUVIONI A LA VALLE AGORDINA NELLA SECONDA META&#8217; DEL 1800 \u2013 PRIMA PARTE&#8221; &#8212; Radio Pi\u00f9\" src=\"https:\/\/www.radiopiu.net\/wordpress\/la-costruzione-in-pietra-del-ponte-di-lantrago\/embed\/#?secret=ZnUwfISdKP#?secret=rOQHwEJATA\" data-secret=\"rOQHwEJATA\" width=\"600\" height=\"338\" frameborder=\"0\" marginwidth=\"0\" marginheight=\"0\" scrolling=\"no\"><\/iframe><\/p>\n<p>&nbsp;<\/p>\n<hr \/>\n<p>&nbsp;<\/p>\n<div dir=\"auto\">\n<div class=\"message spoilers-container\" dir=\"auto\">\n<div>\n<div class=\"b654a4as d2edcug0\">\n<div class=\"rq0escxv hkbzh7o3 jwdofwj8 n8tt0mok r8blr3vg hyh9befq\">\n<p><a class=\"dt-pswp-item\" href=\"https:\/\/www.radiopiu.net\/wordpress\/wp-content\/uploads\/2020\/10\/pp.jpg\" data-dt-img-description=\"\" data-large_image_width=\"640\" data-large_image_height=\"640\"><img loading=\"lazy\" decoding=\"async\" class=\"wp-image-163678 alignleft\" src=\"https:\/\/www.radiopiu.net\/wordpress\/wp-content\/uploads\/2020\/10\/pp-300x300.jpg\" alt=\"\" width=\"106\" height=\"106\" srcset=\"https:\/\/www.radiopiu.net\/wordpress\/wp-content\/uploads\/2020\/10\/pp-300x300.jpg 300w, https:\/\/www.radiopiu.net\/wordpress\/wp-content\/uploads\/2020\/10\/pp-150x150.jpg 150w, https:\/\/www.radiopiu.net\/wordpress\/wp-content\/uploads\/2020\/10\/pp-125x125.jpg 125w, https:\/\/www.radiopiu.net\/wordpress\/wp-content\/uploads\/2020\/10\/pp-200x200.jpg 200w, https:\/\/www.radiopiu.net\/wordpress\/wp-content\/uploads\/2020\/10\/pp-80x80.jpg 80w, https:\/\/www.radiopiu.net\/wordpress\/wp-content\/uploads\/2020\/10\/pp-480x480.jpg 480w, https:\/\/www.radiopiu.net\/wordpress\/wp-content\/uploads\/2020\/10\/pp.jpg 640w\" sizes=\"auto, (max-width: 106px) 100vw, 106px\" \/><\/a><\/p>\n<\/div>\n<\/div>\n<\/div>\n<\/div>\n<div class=\"message spoilers-container\" dir=\"auto\">\n<div class=\"page-title-head hgroup\">\n<div class=\"page-title-head hgroup\">\n<div class=\"b654a4as d2edcug0\">\n<div class=\"j83agx80 btwxx1t3 lhclo0ds hop8lmos nkwizq5d scwd0bx6 roh60bw9\">\n<div class=\"rq0escxv hkbzh7o3 jwdofwj8 n8tt0mok r8blr3vg hyh9befq\">\n<div class=\"do00u71z l9j0dhe7 k4urcfbm\" style=\"text-align: left;\">\n<h2><span style=\"color: #000080;\">DON CESARE, IL PENSIERO DEL GIORNO. ALLA RADIO ALLE 7 DEL MATTINO E ALLE 19.30 DELLA SERA<\/span><\/h2>\n<audio class=\"wp-audio-shortcode\" id=\"audio-337939-11\" preload=\"none\" style=\"width: 100%;\" controls=\"controls\"><source type=\"audio\/mpeg\" src=\"https:\/\/www.radiopiu.net\/wordpress\/wp-content\/uploads\/2023\/05\/CESARE-24.mp3?_=11\" \/><a href=\"https:\/\/www.radiopiu.net\/wordpress\/wp-content\/uploads\/2023\/05\/CESARE-24.mp3\">https:\/\/www.radiopiu.net\/wordpress\/wp-content\/uploads\/2023\/05\/CESARE-24.mp3<\/a><\/audio>\n<\/div>\n<div class=\"do00u71z l9j0dhe7 k4urcfbm\" style=\"text-align: left;\">\n<h2 style=\"text-align: left;\"><span style=\"color: #ff0000;\"><span style=\"vertical-align: inherit;\"><a class=\"dt-pswp-item\" href=\"https:\/\/www.radiopiu.net\/wordpress\/wp-content\/uploads\/2023\/04\/e0aad41d-951e-47b9-9fae-1a879a9bcb7e-1.jpg\" data-dt-img-description=\"\" data-large_image_width=\"1200\" data-large_image_height=\"1200\"><img loading=\"lazy\" decoding=\"async\" class=\"wp-image-333205 aligncenter\" src=\"https:\/\/www.radiopiu.net\/wordpress\/wp-content\/uploads\/2023\/04\/e0aad41d-951e-47b9-9fae-1a879a9bcb7e-1-300x300.jpg\" alt=\"\" width=\"227\" height=\"227\" srcset=\"https:\/\/www.radiopiu.net\/wordpress\/wp-content\/uploads\/2023\/04\/e0aad41d-951e-47b9-9fae-1a879a9bcb7e-1-300x300.jpg 300w, https:\/\/www.radiopiu.net\/wordpress\/wp-content\/uploads\/2023\/04\/e0aad41d-951e-47b9-9fae-1a879a9bcb7e-1-1024x1024.jpg 1024w, https:\/\/www.radiopiu.net\/wordpress\/wp-content\/uploads\/2023\/04\/e0aad41d-951e-47b9-9fae-1a879a9bcb7e-1-150x150.jpg 150w, https:\/\/www.radiopiu.net\/wordpress\/wp-content\/uploads\/2023\/04\/e0aad41d-951e-47b9-9fae-1a879a9bcb7e-1-768x768.jpg 768w, https:\/\/www.radiopiu.net\/wordpress\/wp-content\/uploads\/2023\/04\/e0aad41d-951e-47b9-9fae-1a879a9bcb7e-1.jpg 1200w\" sizes=\"auto, (max-width: 227px) 100vw, 227px\" \/><br \/>\n<\/a><\/span><\/span><\/h2>\n<\/div>\n<\/div>\n<\/div>\n<\/div>\n<\/div>\n<\/div>\n<\/div>\n<\/div>\n<hr \/>\n<p>&nbsp;<\/p>\n<h2><span style=\"color: #99cc00;\">I RACCONTI DI PAOLO SOPPELSA<\/span><\/h2>\n<p><strong>LA PREGHIERA<\/strong><\/p>\n<p><strong>AUDIO<\/strong><\/p>\n<audio class=\"wp-audio-shortcode\" id=\"audio-337939-12\" preload=\"none\" style=\"width: 100%;\" controls=\"controls\"><source type=\"audio\/mpeg\" src=\"https:\/\/www.radiopiu.net\/wordpress\/wp-content\/uploads\/2023\/05\/PAOLO-SOPPELSA-LA-PREGHIERA.mp3?_=12\" \/><a href=\"https:\/\/www.radiopiu.net\/wordpress\/wp-content\/uploads\/2023\/05\/PAOLO-SOPPELSA-LA-PREGHIERA.mp3\">https:\/\/www.radiopiu.net\/wordpress\/wp-content\/uploads\/2023\/05\/PAOLO-SOPPELSA-LA-PREGHIERA.mp3<\/a><\/audio>\n<p>&nbsp;<\/p>\n<p><a class=\"dt-pswp-item\" href=\"https:\/\/www.radiopiu.net\/wordpress\/wp-content\/uploads\/2023\/05\/956b6663-d605-4710-a22f-1bba78476603.jpg\" data-dt-img-description=\"\" data-large_image_width=\"1080\" data-large_image_height=\"1440\"><img loading=\"lazy\" decoding=\"async\" class=\" wp-image-337934 alignleft\" src=\"https:\/\/www.radiopiu.net\/wordpress\/wp-content\/uploads\/2023\/05\/956b6663-d605-4710-a22f-1bba78476603-225x300.jpg\" alt=\"\" width=\"167\" height=\"223\" srcset=\"https:\/\/www.radiopiu.net\/wordpress\/wp-content\/uploads\/2023\/05\/956b6663-d605-4710-a22f-1bba78476603-225x300.jpg 225w, https:\/\/www.radiopiu.net\/wordpress\/wp-content\/uploads\/2023\/05\/956b6663-d605-4710-a22f-1bba78476603-768x1024.jpg 768w, https:\/\/www.radiopiu.net\/wordpress\/wp-content\/uploads\/2023\/05\/956b6663-d605-4710-a22f-1bba78476603.jpg 1080w\" sizes=\"auto, (max-width: 167px) 100vw, 167px\" \/><\/a>In quella limpida e calda mattina di fine luglio cercavo un percorso ripido da salire e poi storie di montagna e un po&#8217; delle mie radici. Era da tempo che pensavo di partire da Costoia, la frazione di San Tomaso che per prima vede spuntare il sole sopra il Pelsa, per poi inoltrarmi lungo la strada forestale che porta lass\u00f9 sui ripidi pendii del Sasso Bianco, dove i miei avi falciavano i prati d&#8217;alta quota. Per me, gran parte di quelle persone che hanno vissuto questa montagna, sono nomi i cui visi sono ritratti in bianco e nero su fotografie ormai sbiadite che si trovano nel camposanto che guarda il Civetta; nomi di uomini e donne che talvolta chiamano, che invitano a far loro visita lass\u00f9, lungo quei versanti che erano la loro casa e la loro vita. Era mattina presto quando ho parcheggiato in una piccola piazzola mentre il sole si preparava a scavalcare il Mont&#8217;Alt e dopo i primi passi la salita si \u00e8 presentata subito erta. Camminavo lentamente e nel frattempo pensavo a quelle radici importanti che abitano in questi luoghi; esse chiamano, ma occorre un p\u00f2 di sforzo per raggiungerle. \u00c8 salita ripida, sfrontata, dura, a tratti quasi violenta. Occorre salire con il passo sapiente dei vecchi: un passo lento ma continuo, il passo di quelli che c&#8217;erano prima che su questi pendii erano di casa; erano figli di questa montagna, camminare in salita era la loro vita e sapevano come farlo al meglio. Poi bisogna superare gli abeti schiantati che sbarrano la strada: erano imponenti, si innalzavano fieri verso il cielo, a quel tempo giacevano malinconicamente sdraiati verso valle ed occorreva scavalcarli o pi\u00f9 frequentemente passarci sotto. Poi la strada diviene sentiero calcato da pochi scarponi. Ancora due ruscelli gonfiati dal temporale della notte precedenti da superare e poi l&#8217;arrivo dove &#8220;&#8230;se slarga i pr\u00e0 nel cielo, parole e musica di Bepi De Marzi. Quass\u00f9 per\u00f2 non c&#8217;\u00e8 il Rifugio Bianco citato nel bellissimo canto di montagna: ci sono invece i piccoli tabi\u00e0 di La Mont dove un tempo veniva immagazzinato il fieno falciato a 1800 metri di quota. Erano vite dure, faticose, e i piccoli tabi\u00e0 raccontano queste vite. Sembrava di sentirlo il frusciare dell&#8217;erba tagliata dalla &#8220;faoz&#8221;, come pure l&#8217;inesorabile grattare dei &#8220;restiei&#8221; che non lasciavano sparso nemmeno un filo di quell&#8217;erba preziosa che costava fatica. Guardavo il Pelsa, il Civetta, l&#8217;Agner che spuntava dietro le Pale di San Lucano e pensavo che chi \u00e8 venuto prima di me aveva vissuto una vita di sacrifici in questo luogo dove ora regna il grande silenzio della montagna. Mi chiedevo quali fossero i loro pensieri nei confronti delle montagne; io ero l\u00ec un po&#8217; per diletto e un po&#8217; per cercare testimonianze di quel loro vivere, loro, invece, salivano fin quass\u00f9 a faticare per garantire il fieno alle proprie vacche. Chiss\u00e0 se si emozionavano quando assistevano ad un&#8217;alba o quando vedevano arrossire il Civetta al tramonto, oppure se per loro la montagna rappresentava solamente una condanna a fatiche e sacrifici perpetui. Mi ponevo domande difficili ed era impossibile trovare le risposte; forse era sempre valido quello scarno e severo &#8220;era cos\u00ec&#8221; che a loro bastava per narrare la loro dura vita di montagna. Ammiravo le montagne vestite d&#8217;estate e i fienili vecchi di chiss\u00e0 quanti anni, e mentre osservavo le &#8220;breghe&#8221; di larice ingrigite, ho trovato una piccola targa sulla quale era riportata una semplice preghiera;<br \/>\n<em>Proteggi le fatiche dei nostri nonni, <\/em><br \/>\n<em>proteggi le bellezze naturali dei nostri monti. <\/em><br \/>\n<em>Proteggi il cammino della gente che percorre questi sentieri.<\/em><br \/>\nParole semplici che ho scandito ad alta voce mentre cercavo quel quarto delle mie radici che abitano sui ripidi costoni del Sasso Bianco. Mentre iniziavo la discesa mi sentivo sereno, ero riuscito a scovarle quelle radici, a sentirle dentro di me. Avevo ammirato le stesse cime e calcato i sentieri che quelli che c&#8217;erano prima avevano percorso per decenni; avevo trovato tutto, ed era stato emozionante.<\/p>\n<p>&nbsp;<\/p>\n<p>&nbsp;<\/p>\n<hr \/>\n<p>&nbsp;<\/p>\n<div class=\"message spoilers-container\" dir=\"auto\">\n<p>&nbsp;<\/p>\n<\/div>\n<blockquote>\n<div class=\"message spoilers-container\" dir=\"auto\">\n<p><strong>LA RACCOLTA COMPLETA<\/strong><\/p>\n<\/div>\n<\/blockquote>\n<div class=\"message spoilers-container\" dir=\"auto\">\n<blockquote class=\"wp-embedded-content\" data-secret=\"e1hnPz6Rz7\"><p><a href=\"https:\/\/www.radiopiu.net\/wordpress\/gocce-filosofia\/\">Gocce di filosofia,  LA TERZA STAGIONE&#8230; 2023<\/a><\/p><\/blockquote>\n<p><iframe loading=\"lazy\" class=\"wp-embedded-content\" sandbox=\"allow-scripts\" security=\"restricted\" style=\"position: absolute; clip: rect(1px, 1px, 1px, 1px);\" title=\"&#8220;Gocce di filosofia,  LA TERZA STAGIONE&#8230; 2023&#8221; &#8212; Radio Pi\u00f9\" src=\"https:\/\/www.radiopiu.net\/wordpress\/gocce-filosofia\/embed\/#?secret=vhnpkN7pWx#?secret=e1hnPz6Rz7\" data-secret=\"e1hnPz6Rz7\" width=\"600\" height=\"338\" frameborder=\"0\" marginwidth=\"0\" marginheight=\"0\" scrolling=\"no\"><\/iframe><\/p>\n<\/div>\n<p>&nbsp;<\/p>\n<div class=\"message spoilers-container\" dir=\"auto\">\n<hr \/>\n<p>&nbsp;<\/p>\n<\/div>\n<div class=\"message spoilers-container\" dir=\"auto\">\n<div class=\"column\">\n<p><img loading=\"lazy\" decoding=\"async\" class=\"aligncenter wp-image-61954 size-full\" src=\"https:\/\/www.radiopiu.net\/wordpress\/wp-content\/uploads\/2018\/09\/viabilita.jpeg\" sizes=\"auto, (max-width: 800px) 100vw, 800px\" srcset=\"https:\/\/www.radiopiu.net\/wordpress\/wp-content\/uploads\/2018\/09\/viabilita.jpeg 800w, https:\/\/www.radiopiu.net\/wordpress\/wp-content\/uploads\/2018\/09\/viabilita-300x38.jpeg 300w, https:\/\/www.radiopiu.net\/wordpress\/wp-content\/uploads\/2018\/09\/viabilita-768x96.jpeg 768w\" alt=\"\" width=\"800\" height=\"100\" \/><\/p>\n<\/div>\n<\/div>\n<div class=\"message spoilers-container\" dir=\"auto\">\n<div class=\"column\">\n<p>&nbsp;<\/p>\n<\/div>\n<\/div>\n<div class=\"message spoilers-container\" dir=\"auto\">\n<div class=\"column\">\n<div dir=\"ltr\">\n<div class=\"gmail_quote\">\n<div dir=\"ltr\">\n<div class=\"gmail_quote\">\n<blockquote class=\"wp-embedded-content\" data-secret=\"wV8Boc55xP\"><p><a href=\"https:\/\/www.radiopiu.net\/wordpress\/viabilita\/\">viabilita<\/a><\/p><\/blockquote>\n<p><iframe loading=\"lazy\" class=\"wp-embedded-content\" sandbox=\"allow-scripts\" security=\"restricted\" style=\"position: absolute; clip: rect(1px, 1px, 1px, 1px);\" title=\"&#8220;viabilita&#8221; &#8212; Radio Pi\u00f9\" src=\"https:\/\/www.radiopiu.net\/wordpress\/viabilita\/embed\/#?secret=7fkiOiEC5S#?secret=wV8Boc55xP\" data-secret=\"wV8Boc55xP\" width=\"600\" height=\"338\" frameborder=\"0\" marginwidth=\"0\" marginheight=\"0\" scrolling=\"no\"><\/iframe><\/p>\n<\/div>\n<\/div>\n<\/div>\n<\/div>\n<\/div>\n<\/div>\n<div class=\"message spoilers-container\" dir=\"auto\">\n<div class=\"column\">\n<div>\n<div dir=\"ltr\">\n<div class=\"gmail_quote\">\n<div dir=\"ltr\">\n<div><\/div>\n<\/div>\n<\/div>\n<\/div>\n<\/div>\n<hr \/>\n<p>&nbsp;<\/p>\n<p><a class=\"dt-pswp-item\" href=\"https:\/\/www.radiopiu.net\/wordpress\/wp-content\/uploads\/2018\/09\/WhatsApp-Image-2018-09-20-at-16.04.06.jpeg\" data-dt-img-description=\"\" data-large_image_width=\"800\" data-large_image_height=\"100\"><img loading=\"lazy\" decoding=\"async\" class=\"wp-image-61378 size-full aligncenter\" src=\"https:\/\/www.radiopiu.net\/wordpress\/wp-content\/uploads\/2018\/09\/WhatsApp-Image-2018-09-20-at-16.04.06.jpeg\" alt=\"\" width=\"800\" height=\"100\" srcset=\"https:\/\/www.radiopiu.net\/wordpress\/wp-content\/uploads\/2018\/09\/WhatsApp-Image-2018-09-20-at-16.04.06.jpeg 800w, https:\/\/www.radiopiu.net\/wordpress\/wp-content\/uploads\/2018\/09\/WhatsApp-Image-2018-09-20-at-16.04.06-300x38.jpeg 300w, https:\/\/www.radiopiu.net\/wordpress\/wp-content\/uploads\/2018\/09\/WhatsApp-Image-2018-09-20-at-16.04.06-768x96.jpeg 768w\" sizes=\"auto, (max-width: 800px) 100vw, 800px\" \/><\/a><\/p>\n<\/div>\n<\/div>\n<div class=\"message spoilers-container\" dir=\"auto\"><\/div>\n<p><center><\/center><b>OGGI: <\/b>Tempo in prevalenza soleggiato al mattino; nel pomeriggio irregolare attivit\u00e0 cumuliforme.<br \/>\n<b>Precipitazioni: <\/b>Al mattino assenti\u00a0 al pomeriggio possibili rovesci sparsi o isolati temporali . Qualche isolato fenomeno possibile anche tra la sera e la notte<\/p>\n<p>&nbsp;<\/p>\n<hr \/>\n<p><center><\/center><b>DOMANI\u00a0 <\/b>Al mattino poco nuvoloso, nel pomeriggio irregolarmente nuvoloso per attivit\u00e0 cumuliforme. <b>Precipitazioni: <\/b>Nel pomeriggio\/sera possibili rovesci sparsi e isolati temporali<\/p>\n<p>&nbsp;<\/p>\n<hr \/>\n<p><center><\/center><strong>GIOVEDI<\/strong> Al mattino poco nuvoloso, nel pomeriggio irregolarmente nuvoloso e possibili isolati rovesci. Temperature in generale rialzo.<\/p>\n<hr \/>\n<p><center><\/center><strong>VENERDI<\/strong> Al mattino poco o parzialmente nuvoloso, nel pomeriggio maggior probabilit\u00e0 di rovesci o isolati temporali rispetto a gioved\u00ec. Temperature stazionarie o in lieve calo le massime.<\/p>\n<p>&nbsp;<\/p>\n<div class=\"message spoilers-container\" dir=\"auto\">\n<hr \/>\n<p>&nbsp;<\/p>\n<p><a class=\"dt-pswp-item\" href=\"https:\/\/www.radiopiu.net\/wordpress\/wp-content\/uploads\/2018\/09\/sport.jpg\" data-dt-img-description=\"\" data-large_image_width=\"800\" data-large_image_height=\"100\"><img loading=\"lazy\" decoding=\"async\" class=\"aligncenter wp-image-60761 size-full\" src=\"https:\/\/www.radiopiu.net\/wordpress\/wp-content\/uploads\/2018\/09\/sport.jpg\" alt=\"\" width=\"800\" height=\"100\" srcset=\"https:\/\/www.radiopiu.net\/wordpress\/wp-content\/uploads\/2018\/09\/sport.jpg 800w, https:\/\/www.radiopiu.net\/wordpress\/wp-content\/uploads\/2018\/09\/sport-300x38.jpg 300w, https:\/\/www.radiopiu.net\/wordpress\/wp-content\/uploads\/2018\/09\/sport-768x96.jpg 768w\" sizes=\"auto, (max-width: 800px) 100vw, 800px\" \/><\/a><\/p>\n<\/div>\n<div class=\"message spoilers-container\" dir=\"auto\">\n<p>&nbsp;<\/p>\n<p><span style=\"color: #0000ff;\"><strong>HOCKEY SU GHIACCIO<\/strong><\/span><\/p>\n<blockquote>\n<h3>ALESSANDRO FONTANA LASCIA LA PANCHINA DELL&#8217;ALLEGHE HOCKEY<\/h3>\n<\/blockquote>\n<p><strong><a class=\"dt-pswp-item\" href=\"https:\/\/www.radiopiu.net\/wordpress\/wp-content\/uploads\/2023\/05\/22c7f9e9-d9d4-47b7-8dcd-46c476cb2937.jpg\" data-dt-img-description=\"\" data-large_image_width=\"1024\" data-large_image_height=\"682\"><img loading=\"lazy\" decoding=\"async\" class=\" wp-image-338060 alignleft\" src=\"https:\/\/www.radiopiu.net\/wordpress\/wp-content\/uploads\/2023\/05\/22c7f9e9-d9d4-47b7-8dcd-46c476cb2937-300x200.jpg\" alt=\"\" width=\"212\" height=\"141\" srcset=\"https:\/\/www.radiopiu.net\/wordpress\/wp-content\/uploads\/2023\/05\/22c7f9e9-d9d4-47b7-8dcd-46c476cb2937-300x200.jpg 300w, https:\/\/www.radiopiu.net\/wordpress\/wp-content\/uploads\/2023\/05\/22c7f9e9-d9d4-47b7-8dcd-46c476cb2937-768x512.jpg 768w, https:\/\/www.radiopiu.net\/wordpress\/wp-content\/uploads\/2023\/05\/22c7f9e9-d9d4-47b7-8dcd-46c476cb2937.jpg 1024w\" sizes=\"auto, (max-width: 212px) 100vw, 212px\" \/><\/a>di Marco Gaz<\/strong><\/p>\n<p><strong>ALLEGHE<\/strong> Alessandro Fontana non \u00e8 pi\u00f9 l&#8217;allenatore dell&#8217;Alleghe Hockey. Lo si legge in una breve nota della societ\u00e0 che saluta e augura buona fortuna al coach alleghese<\/p>\n<p><strong>IL COMUNICATO<\/strong><\/p>\n<blockquote><p><em>La societ\u00e0 ringrazia Alessandro per il lavoro svolto con impegno e professionalit\u00e0, augurandogli le migliori fortune e soddisfazioni professionali nel proseguo della carriera sportiva.<\/em><\/p>\n<p><em>Grazie Alessandro<\/em><\/p><\/blockquote>\n<p>Il popolo biancorosso auspica comunque che l&#8217;Alleghe riesca ad iscrivere la squadra ad un campionato senior, importante traguardo a 90 anni dalla fondazione del club.<\/p>\n<p>&nbsp;<\/p>\n<p><span style=\"color: #0000ff;\"><strong>PALLAVOLO<\/strong><\/span><\/p>\n<blockquote>\n<h3>PRESENTATO IL NUOVO GIOCATORE DELLA DRL VOLLEY BELLUNO: BARTOSZ BUCKO<\/h3>\n<\/blockquote>\n<p><strong>BELLUNO<\/strong> Arriva dalla Polonia il primo giocatore straniero DRL Volley Belluno: Bartosz Bucko torna in Italia 8 anni dopo la sua esperienza in A1 a Verona. Porta un grande bagaglio di esperienza internazionale e voglia di vincere.<\/p>\n<p><strong>di Daniele Dalvit<\/strong><\/p>\n<audio class=\"wp-audio-shortcode\" id=\"audio-337939-13\" preload=\"none\" style=\"width: 100%;\" controls=\"controls\"><source type=\"audio\/mpeg\" src=\"https:\/\/www.radiopiu.net\/wordpress\/wp-content\/uploads\/2023\/05\/Radio-Piu-Servizio-polacco-DRL.mp3?_=13\" \/><a href=\"https:\/\/www.radiopiu.net\/wordpress\/wp-content\/uploads\/2023\/05\/Radio-Piu-Servizio-polacco-DRL.mp3\">https:\/\/www.radiopiu.net\/wordpress\/wp-content\/uploads\/2023\/05\/Radio-Piu-Servizio-polacco-DRL.mp3<\/a><\/audio>\n<p>&nbsp;<\/p>\n\n\t\t\t<style type='text\/css'>\n\t\t\t\t#gallery-5 {\n\t\t\t\t\tmargin: auto;\n\t\t\t\t}\n\t\t\t\t#gallery-5 .gallery-item {\n\t\t\t\t\tfloat: left;\n\t\t\t\t\tmargin-top: 10px;\n\t\t\t\t\ttext-align: center;\n\t\t\t\t\twidth: 33%;\n\t\t\t\t}\n\t\t\t\t#gallery-5 img {\n\t\t\t\t\tborder: 2px solid #cfcfcf;\n\t\t\t\t}\n\t\t\t\t#gallery-5 .gallery-caption {\n\t\t\t\t\tmargin-left: 0;\n\t\t\t\t}\n\t\t\t\t\/* see gallery_shortcode() in wp-includes\/media.php *\/\n\t\t\t<\/style>\n\t\t<div id='gallery-5' class='dt-gallery-container gallery galleryid-337939 gallery-columns-3 gallery-size-medium'><dl class='gallery-item'>\n\t\t\t\t<dt class='gallery-icon landscape'>\n\t\t\t\t\t<a class=\"rollover rollover-zoom dt-pswp-item\" title=\"Bucko_1\" data-dt-img-description=\"\" data-large_image_width=\"1599\" data-large_image_height=\"1144\"href='https:\/\/www.radiopiu.net\/wordpress\/wp-content\/uploads\/2023\/05\/Bucko_1.jpg'><img loading=\"lazy\" decoding=\"async\" width=\"300\" height=\"215\" src=\"https:\/\/www.radiopiu.net\/wordpress\/wp-content\/uploads\/2023\/05\/Bucko_1-300x215.jpg\" class=\"attachment-medium size-medium\" alt=\"\" srcset=\"https:\/\/www.radiopiu.net\/wordpress\/wp-content\/uploads\/2023\/05\/Bucko_1-300x215.jpg 300w, https:\/\/www.radiopiu.net\/wordpress\/wp-content\/uploads\/2023\/05\/Bucko_1-1024x733.jpg 1024w, https:\/\/www.radiopiu.net\/wordpress\/wp-content\/uploads\/2023\/05\/Bucko_1-768x549.jpg 768w, https:\/\/www.radiopiu.net\/wordpress\/wp-content\/uploads\/2023\/05\/Bucko_1-1536x1099.jpg 1536w, https:\/\/www.radiopiu.net\/wordpress\/wp-content\/uploads\/2023\/05\/Bucko_1.jpg 1599w\" sizes=\"auto, (max-width: 300px) 100vw, 300px\" \/><\/a>\n\t\t\t\t<\/dt><\/dl><dl class='gallery-item'>\n\t\t\t\t<dt class='gallery-icon landscape'>\n\t\t\t\t\t<a class=\"rollover rollover-zoom dt-pswp-item\" title=\"Bucko_2\" data-dt-img-description=\"\" data-large_image_width=\"1500\" data-large_image_height=\"1203\"href='https:\/\/www.radiopiu.net\/wordpress\/wp-content\/uploads\/2023\/05\/Bucko_2.jpg'><img loading=\"lazy\" decoding=\"async\" width=\"300\" height=\"241\" src=\"https:\/\/www.radiopiu.net\/wordpress\/wp-content\/uploads\/2023\/05\/Bucko_2-300x241.jpg\" class=\"attachment-medium size-medium\" alt=\"\" srcset=\"https:\/\/www.radiopiu.net\/wordpress\/wp-content\/uploads\/2023\/05\/Bucko_2-300x241.jpg 300w, https:\/\/www.radiopiu.net\/wordpress\/wp-content\/uploads\/2023\/05\/Bucko_2-1024x821.jpg 1024w, https:\/\/www.radiopiu.net\/wordpress\/wp-content\/uploads\/2023\/05\/Bucko_2-768x616.jpg 768w, https:\/\/www.radiopiu.net\/wordpress\/wp-content\/uploads\/2023\/05\/Bucko_2.jpg 1500w\" sizes=\"auto, (max-width: 300px) 100vw, 300px\" \/><\/a>\n\t\t\t\t<\/dt><\/dl><dl class='gallery-item'>\n\t\t\t\t<dt class='gallery-icon landscape'>\n\t\t\t\t\t<a class=\"rollover rollover-zoom dt-pswp-item\" title=\"Bucko_3\" data-dt-img-description=\"\" data-large_image_width=\"1600\" data-large_image_height=\"1200\"href='https:\/\/www.radiopiu.net\/wordpress\/wp-content\/uploads\/2023\/05\/Bucko_3.jpg'><img loading=\"lazy\" decoding=\"async\" width=\"300\" height=\"225\" src=\"https:\/\/www.radiopiu.net\/wordpress\/wp-content\/uploads\/2023\/05\/Bucko_3-300x225.jpg\" class=\"attachment-medium size-medium\" alt=\"\" srcset=\"https:\/\/www.radiopiu.net\/wordpress\/wp-content\/uploads\/2023\/05\/Bucko_3-300x225.jpg 300w, https:\/\/www.radiopiu.net\/wordpress\/wp-content\/uploads\/2023\/05\/Bucko_3-1024x768.jpg 1024w, https:\/\/www.radiopiu.net\/wordpress\/wp-content\/uploads\/2023\/05\/Bucko_3-768x576.jpg 768w, https:\/\/www.radiopiu.net\/wordpress\/wp-content\/uploads\/2023\/05\/Bucko_3-1536x1152.jpg 1536w, https:\/\/www.radiopiu.net\/wordpress\/wp-content\/uploads\/2023\/05\/Bucko_3.jpg 1600w\" sizes=\"auto, (max-width: 300px) 100vw, 300px\" \/><\/a>\n\t\t\t\t<\/dt><\/dl><br style=\"clear: both\" \/>\n\t\t\t<\/div>\n\n<p>&nbsp;<\/p>\n<p>&nbsp;<\/p>\n<p><span style=\"color: #0000ff;\"><strong>CALCIO\u00a0<\/strong><\/span><\/p>\n<blockquote>\n<h3>INIZIA IL CONTO ALLA ROVESCIA PER IL CALCIO D&#8217;INIZIO DEL CAMPIONATO AGORDINO DI CALCIO<\/h3>\n<\/blockquote>\n<p><strong><a class=\"dt-pswp-item\" href=\"https:\/\/www.radiopiu.net\/wordpress\/wp-content\/uploads\/2023\/03\/CAMPIONATO-AGORDINO-2023.png\" data-dt-img-description=\"\" data-large_image_width=\"1434\" data-large_image_height=\"938\"><img loading=\"lazy\" decoding=\"async\" class=\" wp-image-327073 alignleft\" src=\"https:\/\/www.radiopiu.net\/wordpress\/wp-content\/uploads\/2023\/03\/CAMPIONATO-AGORDINO-2023-300x196.png\" alt=\"\" width=\"202\" height=\"132\" srcset=\"https:\/\/www.radiopiu.net\/wordpress\/wp-content\/uploads\/2023\/03\/CAMPIONATO-AGORDINO-2023-300x196.png 300w, https:\/\/www.radiopiu.net\/wordpress\/wp-content\/uploads\/2023\/03\/CAMPIONATO-AGORDINO-2023-1024x670.png 1024w, https:\/\/www.radiopiu.net\/wordpress\/wp-content\/uploads\/2023\/03\/CAMPIONATO-AGORDINO-2023-768x502.png 768w, https:\/\/www.radiopiu.net\/wordpress\/wp-content\/uploads\/2023\/03\/CAMPIONATO-AGORDINO-2023.png 1434w\" sizes=\"auto, (max-width: 202px) 100vw, 202px\" \/><\/a>di Marco Gaz<\/strong><\/p>\n<p><strong>REDAZIONE<\/strong> Mancano pochi giorni al via del 48\u00b0 Campionato Agordino di Calcio. Le 12 squadre iscritte al torneo sono pronte per il calcio d&#8217;inizio del Memorial Attilio Moretti. Sabato alle 18 al &#8220;Cesare Scatena&#8221; di Taibon saranno Le Ville e Taibon ad inaugurare l&#8217;edizione 2023 del torneo calcistico pi\u00f9 seguito nell&#8217;itera vallata. Mezz&#8217;ora dopo toccher\u00e0 ai campionai in carica del Voltago che ospiteranno il Cencenighe al &#8220;Renzo Da Campo&#8221;. Insomma, un inizio col botto per inaugurare al meglio la prima giornata di stagione regolare. Domenica quattro partite in programma tutte alle 16: a Cernadoi il Fodom se la vedr\u00e0 con il Canale, i pluriscudettati del Gosaldo ospiteranno il Caprile, il Vallada gioca in casa con l&#8217;Alleghe e a Rivamonte viene inaugurato il campo di calcio con i padroni di casa che ospitano il La Valle. Intanto continuano le amichevoli pre campionato in vista del fischio d&#8217;inizio ufficiale della manifestazione. Insomma, le squadre sono pronte per dare vita a due mesi di calcio giocato sui green di vallata.<\/p>\n<p>&nbsp;<\/p>\n<p><span style=\"color: #0000ff;\"><strong>BASKET<\/strong><\/span><\/p>\n<blockquote>\n<h3><span style=\"font-family: arial, sans-serif;\">TORNANO I GIOVANI TALENTI DEL BASKET EUROPEO A DOMEGGE DI CADORE <\/span><\/h3>\n<\/blockquote>\n<p><a class=\"dt-pswp-item\" href=\"https:\/\/www.radiopiu.net\/wordpress\/wp-content\/uploads\/2023\/05\/2_Italia_Slovenia2019.jpg\" data-dt-img-description=\"????????????????????????????????????\" data-large_image_width=\"1024\" data-large_image_height=\"768\"><img loading=\"lazy\" decoding=\"async\" class=\"alignleft wp-image-338058 \" src=\"https:\/\/www.radiopiu.net\/wordpress\/wp-content\/uploads\/2023\/05\/2_Italia_Slovenia2019-300x225.jpg\" alt=\"\" width=\"157\" height=\"118\" srcset=\"https:\/\/www.radiopiu.net\/wordpress\/wp-content\/uploads\/2023\/05\/2_Italia_Slovenia2019-300x225.jpg 300w, https:\/\/www.radiopiu.net\/wordpress\/wp-content\/uploads\/2023\/05\/2_Italia_Slovenia2019-768x576.jpg 768w, https:\/\/www.radiopiu.net\/wordpress\/wp-content\/uploads\/2023\/05\/2_Italia_Slovenia2019.jpg 1024w\" sizes=\"auto, (max-width: 157px) 100vw, 157px\" \/><\/a><strong>DOMEGGE DI CADORE<\/strong> <span style=\"font-family: arial, sans-serif;\">Torna il grande basket internazionale in Cadore per la 21\u00aa edizione del Torneo \u201cMemorial Vigilio De Silvestro \u2013 Trofeo Bepi Meneghin\u201d in programma al palazzetto Mario Cian Toma di Domegge dal 23 al 25 giugno 2023, e che vedr\u00e0 la partecipazione delle Nazionali Under 20 di Italia, Germania, Slovenia e della Grecia. Gli azzurrini di coach Alessandro Magro effettueranno a Domegge la prima parte del ritiro &#8220;pre-europeo&#8221; con il torneo che per Casarin e compagni sar\u00e0 la &#8220;prova generale&#8221; in vista dei Campionati Europei in programma ad Heraklion (Grecia) dall\u20198 al 16 luglio. Il Torneo, organizzato dall\u2019 ASD Dolomia Sport Belluno in collaborazione con il Comune di Domegge di Cadore (BL) e il Valbelluna Basket, \u00e8 una delle manifestazioni giovanili pi\u00f9 longeve del panorama europeo e nelle passate edizioni ha messo in mostra talenti di livello europeo e mondiale.<\/span><\/p>\n<p>&nbsp;<\/p>\n<\/div>\n<\/div>\n","protected":false},"excerpt":{"rendered":"<p>ISCRIVITI AL NOSTRO CANALE\u00a0 YOUTUBE PER SEGUIRE IN DIRETTA I PRINCIPALI PROGRAMMI DI RADIO PIU&#8217; E LE FUTURE DIRETTE IN ESTERNA. PER ISCRIVERTI CLICCA QUI E PREMI\u00a0 &#8220;Iscriviti&#8221;\u00a0 \u00a0 &nbsp; &nbsp; &nbsp; PROVINCIALE 26, VOLTAGO-RIVAMONTE CHIUSA PER QUATTRO GIORNI AGGIORNAMENTO QUOTIDIANO, IN\u00a0 COLLABORAZIONE CON VENETO STRADE SP 26 DI DIGOMAN localit\u00e0 Voltago, dal 5 all&#8217;8&hellip;<\/p>\n","protected":false},"author":4,"featured_media":338040,"comment_status":"closed","ping_status":"closed","sticky":false,"template":"","format":"standard","meta":{"_monsterinsights_skip_tracking":false,"_monsterinsights_sitenote_active":false,"_monsterinsights_sitenote_note":"","_monsterinsights_sitenote_category":0,"footnotes":""},"categories":[104,86,49],"tags":[],"class_list":["post-337939","post","type-post","status-publish","format-standard","has-post-thumbnail","hentry","category-evidenza_3","category-gr","category-news-18","category-104","category-86","category-49","description-off"],"img_url":"https:\/\/www.radiopiu.net\/wordpress\/wp-content\/uploads\/2023\/05\/Motor_3.jpg","_links":{"self":[{"href":"https:\/\/www.radiopiu.net\/wordpress\/wp-json\/wp\/v2\/posts\/337939","targetHints":{"allow":["GET"]}}],"collection":[{"href":"https:\/\/www.radiopiu.net\/wordpress\/wp-json\/wp\/v2\/posts"}],"about":[{"href":"https:\/\/www.radiopiu.net\/wordpress\/wp-json\/wp\/v2\/types\/post"}],"author":[{"embeddable":true,"href":"https:\/\/www.radiopiu.net\/wordpress\/wp-json\/wp\/v2\/users\/4"}],"replies":[{"embeddable":true,"href":"https:\/\/www.radiopiu.net\/wordpress\/wp-json\/wp\/v2\/comments?post=337939"}],"version-history":[{"count":0,"href":"https:\/\/www.radiopiu.net\/wordpress\/wp-json\/wp\/v2\/posts\/337939\/revisions"}],"wp:featuredmedia":[{"embeddable":true,"href":"https:\/\/www.radiopiu.net\/wordpress\/wp-json\/wp\/v2\/media\/338040"}],"wp:attachment":[{"href":"https:\/\/www.radiopiu.net\/wordpress\/wp-json\/wp\/v2\/media?parent=337939"}],"wp:term":[{"taxonomy":"category","embeddable":true,"href":"https:\/\/www.radiopiu.net\/wordpress\/wp-json\/wp\/v2\/categories?post=337939"},{"taxonomy":"post_tag","embeddable":true,"href":"https:\/\/www.radiopiu.net\/wordpress\/wp-json\/wp\/v2\/tags?post=337939"}],"curies":[{"name":"wp","href":"https:\/\/api.w.org\/{rel}","templated":true}]}}