{"id":337963,"date":"2023-05-29T07:55:35","date_gmt":"2023-05-29T05:55:35","guid":{"rendered":"https:\/\/www.radiopiu.net\/wordpress\/?p=337963"},"modified":"2023-05-29T08:33:49","modified_gmt":"2023-05-29T06:33:49","slug":"dal-1983-ogni-giorno-alle-otto-del-mattino-la-rassegna-stampa-locale-dallagordino-alla-provincia-di-mirko-mezzacasa","status":"publish","type":"post","link":"https:\/\/www.radiopiu.net\/wordpress\/dal-1983-ogni-giorno-alle-otto-del-mattino-la-rassegna-stampa-locale-dallagordino-alla-provincia-di-mirko-mezzacasa\/","title":{"rendered":"DAL 1983, OGNI GIORNO ALLE OTTO DEL MATTINO LA RASSEGNA STAMPA LOCALE, DALL&#8217;AGORDINO ALLA PROVINCIA di mirko mezzacasa"},"content":{"rendered":"<p><strong>ALPAGO<\/strong> Sbanda in curva e lo scooter si schianta contro le protezioni a lato strada. il conducente Walter Lorenzon, 56 anni di Pieve di Soligo ha perso la vita sulla 51 di Alemagna che costeggia il lago di Santa Croce. Ferita in modo lieve la moglie.<br \/>\n<strong>VAL DI ZOLDO<\/strong> Una valle in lacrime per la morte di Leonardo Corazza, Leo aveva solo 21 anni, strappato alla vita da un male incurabile. Nella scorsa estate con Riccardo e Gabriele ha gestito il rifugio Bosconero.<br \/>\n<strong>GOSALDO<\/strong>\u00a0 Teresa Renon una cara persona di 99 anni che ci ha lasciati e alla quale volevamo bene. Scriveva filastrocche e poesie raccolte anche in un libricino. Il ricordo alla radio affidato a Italo Rualta.<br \/>\n<strong>VODO\u00a0 DI CADORE<\/strong>\u00a0 Un paese in lutto\u00a0 per la morte della maestra Marta Monego. Di origini veneziane, aveva 72 anni e per circa 30 anni aveva insegnato alle scuole elementari di Vodo<br \/>\n<strong>BELLUNO<\/strong> Violento nubifragio in zona Veneggia-Vezzano-Cavarzano. Alberi schiantati come con il vento di vaia, citt\u00e0 allagata, colata di fango in via Fan Francesco.<br \/>\n<strong>BELLUNO A.B.<\/strong>\u00a0 pilota bellunese di freestyle motocross \u00e8 stato operato ieri presso l&#8217;ospedale di Treviso dopo aver subito un grave incidente durante un&#8217;esibizione al Motor Street Food a Ponte.<br \/>\n<strong>ALANO DI PIAVE<\/strong> Una bimba di un anno residente a Pieve del Grappa ha avuto un malore mentre si trovava con i genitori a nord di Malga Camparonetta. La piccola ha avuto una &#8220;crisi di assenza&#8221; con difficolt\u00e0 respiratorie, causando paura ai genitori. Non \u00e8 stato necessario trasferirla in ospedale poich\u00e9 l&#8217;elicottero del Ca&#8217; Foncello \u00e8 stato fermato<br \/>\n<strong>LIVINALLONGO\u00a0<\/strong> Attorno alle 16 di sabato l\u2019elicottero del Suem di Pieve di Cadore \u00e8 intervenuto all\u2019uscita della Ferrata Piazzetta, per due escursionisti trevigiani, padre e figlio, che erano rimasti bloccati dalla neve. Recuperati in hovering, i due sono stati trasportati a valle alla macchina.<br \/>\n<strong>SOSPIROLO<\/strong> I vigili del fuoco sono intervenuti prontamente sul lago del Mis per soccorrere alcune persone in difficolt\u00e0. Tuttavia, al momento del loro arrivo con l&#8217;attrezzatura necessaria, fortunatamente le persone erano gi\u00e0 riuscite a uscire autonomamente dal lago.<br \/>\n<strong>ALPAGO\u00a0<\/strong> Elicottero Drago in volo ieri sera a Chies alla ricerca di\u00a0 una persona scomparsa. L&#8217;auto era stata ritrovata a Pian Cavallo. Dopo aver raggiunto il bivacco Semenza, l&#8217;elicottero ha localizzato l&#8217;uomo e ha scoperto che aveva intenzione di trascorrere la notte l\u00ec e fare ritorno a casa il giorno successivo.<br \/>\n<strong>VOLTAGO<\/strong> Bentornato piccolino! Le mura di casa, l&#8217;amore di una famiglia, la cura migliore per il bimbo ustionatosi nell&#8217;accensione della stufa.<br \/>\n<strong>CORTINA<\/strong> Un cucciolo di cervo \u00e8 stato salvato da una squadra dei vigili del fuoco nel tardo pomeriggio di sabato lungo il torrente Bigontina, nei pressi di Via Baroni Franchetti.<br \/>\n<strong>ROCCA PIETORE<\/strong> Ci sono anche Volontari del Gruppo ANA di Protezione Civile del Comune di Rocca Pietore in Romagna assieme ai bellunesi facenti parte la colonna Veneta di Protezione Civile in aiuto a quelle terre e alla sua popolazione.<br \/>\n<strong>AGORDO<\/strong> Il sindaco di Agordo Roberto Chissal\u00e8 ha convocato il consiglio comunale per oggi alle 8. Saranno quattro i punti da discutere nella seduta,anche Il bilancio 2022 dell&#8217;Azienda Speciale Agordo Servizi e il bilancio preventivo 2023-2025<br \/>\n<strong>NEGOZI: IN VENETO 7 FURTI SU 10 RESTANO IMPUNITI<\/strong> Furti e spaccate continuano a essere un grosso problema per tanti commercianti e altrettanti artigiani. Sebbene in Veneto la situazione sia meno critica rispetto alle principali regioni del Nord, i negozianti veneti rimangono comunque nel mirino dei malviventi. Non solo. Questi ultimi, molto spesso, la fanno anche franca. Nel 2021, ad esempio, il 69,5 per cento dei furti compiuti ai danni di negozi e botteghe presenti in Veneto sono rimasti impuniti.<\/p>\n<p><strong>CALCIO<\/strong> A 5 LA CANOTTIERI BELLUNO TORNA DA ISCHIA CON UNA VITTORIA. IL SOGNO A2 E&#8217; SEMPRE PIU&#8217; VICINO<br \/>\n<strong>LA FESTA DELLO SPORT <\/strong>A LONGARONE FIERE LA FESTA DELLO SPORT ALLO SCI CLUB ARABBA il PREMIO RADIO PIU&#8217;<br \/>\n<strong>CORSA CAMPESTRE<\/strong> DANIELE E FRANCESCA DE COLO&#8217; SI AGGIUDICANO LA PRIMA EDIZIONE DELLA DON &#8211; PIAN LONCH<br \/>\n<strong>PALLAVOLO<\/strong> BARTOSZ BUCKO E&#8217; IL NUOVO GIOCATORE DELLA PALLAVOLO BELLUNO MASCHILE<br \/>\n<strong>BEACH VOLLEY<\/strong> SECONDO POSTO PER IL VOLLEY CLUB AGORDINO NEL TORNEO DI IN TERRA TREVIGIANA<br \/>\n<strong>RALLY <\/strong>BATTISTOLLI &#8211; SCARTOLINI VINCONO IL 39ESIMO RALLY DELLA MARCA<\/p>\n<p>&nbsp;<\/p>\n<p>&nbsp;<\/p>\n<p><iframe loading=\"lazy\" title=\"RASSEGNA STAMPA LOCALE\" width=\"1200\" height=\"675\" src=\"https:\/\/www.youtube.com\/embed\/SCD3Aj2u7bQ?feature=oembed\" frameborder=\"0\" allow=\"accelerometer; autoplay; clipboard-write; encrypted-media; gyroscope; picture-in-picture; web-share\" allowfullscreen><\/iframe><\/p>\n<p>&nbsp;<\/p>\n<p>&nbsp;<\/p>\n<p>&nbsp;<\/p>\n<hr \/>\n<p>&nbsp;<\/p>\n","protected":false},"excerpt":{"rendered":"<p>ALPAGO Sbanda in curva e lo scooter si schianta contro le protezioni a lato strada. il conducente Walter Lorenzon, 56 anni di Pieve di Soligo ha perso la vita sulla 51 di Alemagna che costeggia il lago di Santa Croce. Ferita in modo lieve la moglie. VAL DI ZOLDO Una valle in lacrime per la&hellip;<\/p>\n","protected":false},"author":4,"featured_media":337964,"comment_status":"closed","ping_status":"closed","sticky":false,"template":"","format":"standard","meta":{"_monsterinsights_skip_tracking":false,"_monsterinsights_sitenote_active":false,"_monsterinsights_sitenote_note":"","_monsterinsights_sitenote_category":0,"footnotes":""},"categories":[104,49,142],"tags":[],"class_list":["post-337963","post","type-post","status-publish","format-standard","has-post-thumbnail","hentry","category-evidenza_3","category-news-18","category-rassegna-stampa","category-104","category-49","category-142","description-off"],"img_url":"https:\/\/www.radiopiu.net\/wordpress\/wp-content\/uploads\/2023\/05\/Senza-nome-86.jpg","_links":{"self":[{"href":"https:\/\/www.radiopiu.net\/wordpress\/wp-json\/wp\/v2\/posts\/337963","targetHints":{"allow":["GET"]}}],"collection":[{"href":"https:\/\/www.radiopiu.net\/wordpress\/wp-json\/wp\/v2\/posts"}],"about":[{"href":"https:\/\/www.radiopiu.net\/wordpress\/wp-json\/wp\/v2\/types\/post"}],"author":[{"embeddable":true,"href":"https:\/\/www.radiopiu.net\/wordpress\/wp-json\/wp\/v2\/users\/4"}],"replies":[{"embeddable":true,"href":"https:\/\/www.radiopiu.net\/wordpress\/wp-json\/wp\/v2\/comments?post=337963"}],"version-history":[{"count":0,"href":"https:\/\/www.radiopiu.net\/wordpress\/wp-json\/wp\/v2\/posts\/337963\/revisions"}],"wp:featuredmedia":[{"embeddable":true,"href":"https:\/\/www.radiopiu.net\/wordpress\/wp-json\/wp\/v2\/media\/337964"}],"wp:attachment":[{"href":"https:\/\/www.radiopiu.net\/wordpress\/wp-json\/wp\/v2\/media?parent=337963"}],"wp:term":[{"taxonomy":"category","embeddable":true,"href":"https:\/\/www.radiopiu.net\/wordpress\/wp-json\/wp\/v2\/categories?post=337963"},{"taxonomy":"post_tag","embeddable":true,"href":"https:\/\/www.radiopiu.net\/wordpress\/wp-json\/wp\/v2\/tags?post=337963"}],"curies":[{"name":"wp","href":"https:\/\/api.w.org\/{rel}","templated":true}]}}