{"id":338049,"date":"2023-05-29T16:00:30","date_gmt":"2023-05-29T14:00:30","guid":{"rendered":"https:\/\/www.radiopiu.net\/wordpress\/?p=338049"},"modified":"2023-05-30T06:12:07","modified_gmt":"2023-05-30T04:12:07","slug":"la-costruzione-in-pietra-del-ponte-di-lantrago","status":"publish","type":"post","link":"https:\/\/www.radiopiu.net\/wordpress\/la-costruzione-in-pietra-del-ponte-di-lantrago\/","title":{"rendered":"LA COSTRUZIONE IN PIETRA DEL PONTE DI LANTRAGO E LE GRANDI ALLUVIONI A LA VALLE AGORDINA NELLA SECONDA META&#8217; DEL 1800 \u2013 PRIMA PARTE"},"content":{"rendered":"<p><strong><a class=\"dt-pswp-item\" href=\"https:\/\/www.radiopiu.net\/wordpress\/wp-content\/uploads\/2023\/05\/e8da4f05-71ed-40f1-9936-6353105bb9f8.jpg\" data-dt-img-description=\"\" data-large_image_width=\"1600\" data-large_image_height=\"1127\"><img loading=\"lazy\" decoding=\"async\" class=\" wp-image-338050 alignleft\" src=\"https:\/\/www.radiopiu.net\/wordpress\/wp-content\/uploads\/2023\/05\/e8da4f05-71ed-40f1-9936-6353105bb9f8-300x211.jpg\" alt=\"\" width=\"208\" height=\"146\" srcset=\"https:\/\/www.radiopiu.net\/wordpress\/wp-content\/uploads\/2023\/05\/e8da4f05-71ed-40f1-9936-6353105bb9f8-300x211.jpg 300w, https:\/\/www.radiopiu.net\/wordpress\/wp-content\/uploads\/2023\/05\/e8da4f05-71ed-40f1-9936-6353105bb9f8-1024x721.jpg 1024w, https:\/\/www.radiopiu.net\/wordpress\/wp-content\/uploads\/2023\/05\/e8da4f05-71ed-40f1-9936-6353105bb9f8-768x541.jpg 768w, https:\/\/www.radiopiu.net\/wordpress\/wp-content\/uploads\/2023\/05\/e8da4f05-71ed-40f1-9936-6353105bb9f8-1536x1082.jpg 1536w, https:\/\/www.radiopiu.net\/wordpress\/wp-content\/uploads\/2023\/05\/e8da4f05-71ed-40f1-9936-6353105bb9f8.jpg 1600w\" sizes=\"auto, (max-width: 208px) 100vw, 208px\" \/><\/a>di Tiziano De Col<\/strong><\/p>\n<p>In questi giorni di maggio 2023 sono iniziati i lavori di sistemazione del ponte in pietra detto \u201cdi Lantrago\u201d la cui costruzione risale a due secoli fa e precisamente le pratiche amministrative partirono nel 1853 sotto il Regno del Lombardo Veneto. La Valle Agordina \u00e8 un paese tagliato praticamente in due dal torrente Missiaga e lambito nella parte alta nella frazione di Conaggia, dal torrente Bordina che poi , prima della confluenza con il Cordevole, separa le frazioni di Cancellade e Noach dal resto del paese. Il Ponte di Lantrago, non solo congiunge la frazione di Lantrago con il resto del paese , ma \u00e8 il ponte che garantisce il collegamento diretto ed agevole con Agordo essendo posto , all\u2019inizio del paese, sulla SP347 del Passo Cereda e Dur\u00e0n. Abbiamo gi\u00e0 scritto su Radio Pi\u00f9 su grandi catastrofi che interessarono il paese di La Valle Agordina, a partire dalla grande Boa del Missiaga del 1701 che distrusse la Chiesa, le due Canoniche e la Cappella della Beata Vergine di Loreto nel 1701 provocando la morte di 41 persone e la distruzione di 54 fienili, 12 abitazioni e 14 opifici tra molini, segherie ed altre attivit\u00e0 artigianali: <a href=\"https:\/\/www.radiopiu.net\/wordpress\/sestadisei\/\">CLICCA QUI<\/a><\/p>\n<p>Nel 1792 si ebbe un\u2019altra calamit\u00e0 idrogeologica con il crollo delle Creppe Rotte del Monte Tamer da noi qui descritta: <a href=\"https:\/\/www.radiopiu.net\/wordpress\/il-crollo-delle-creppe-rotte-del-tamer-1791-1792-e-lattuale-dissesto-per-il-crolle-del-tamer-grande\/\">CLICCA QUI<\/a><\/p>\n<p>Abbiamo anche gi\u00e0 descritto altri due avvenimenti che avvennero nel 1888, il primo, la Bo\u00e0 del Bordina che interr\u00f2 parte della frazione di Conaggia: <strong>PRIMA PARTE<\/strong> <a href=\"https:\/\/www.radiopiu.net\/wordpress\/la-boa-di-conaggia-del-23-27-aprile-1888-parte-prima\/\">CLICCA QUI<\/a>, <strong>SECONDA PARTE<\/strong> <a href=\"https:\/\/www.radiopiu.net\/wordpress\/boa-di-conaggia-23-27-aprile-1888-parte-seconda\/\">CLICCA QUI<\/a><\/p>\n<p>Su una relazione riguardante la Boa di Conaggia del 1888 viene anche citato un evento calamitoso avvenuto nel 1748 che interr\u00f2 una parte di Conaggia ed era presente nella memoria degli abitanti di Conaggia 114 anni dopo, nel 1888, i quali lo riferirono al relatore Sommavilla. Purtroppo, al momento, non abbiamo ancora potuto rintracciare notizie scritte od orali riguardanti l\u2019evento del 1748. Il secondo evento del 1888 \u00e8 la frana del Monte Tamer: <a href=\"https:\/\/www.radiopiu.net\/wordpress\/frana-del-monte-tamer-ottobre-1888\/\">CLICCA QUI<\/a><\/p>\n<p>Ora, con una nuova serie di articoli, della quale questa prima parte \u00e8 una specie di introduzione, vorremmo affrontare, tramite la pubblicazione di riproduzioni fotografiche di disegni, mappe, ed estratti di documentazione progettuale e relazioni, il periodo che interessa la seconda met\u00e0 del secolo XIX\u00b0 (1800) che vide diversi eventi alluvionali i quali interessarono tutto il territorio Agordino e dei quali normalmente viene ricordata come maggior esempio la grande Alluvione del 1882 che si considera paragonabile alla Alluvione del 1966. Tutta la documentazione che verr\u00e0 pubblicata \u00e8 fotoriproduzione o scansione di documentazione originale e fa parte dell\u2019archivio fotografico di Tiziano De Col.<\/p>\n<p><em><strong>(FOTO: Ponte di Lantrago e ingresso del paese di La Valle nei primi decenni del secolo scorso)<\/strong><\/em><\/p>\n<p>&nbsp;<\/p>\n<p>&nbsp;<\/p>\n<p>********<\/p>\n","protected":false},"excerpt":{"rendered":"<p>di Tiziano De Col In questi giorni di maggio 2023 sono iniziati i lavori di sistemazione del ponte in pietra detto \u201cdi Lantrago\u201d la cui costruzione risale a due secoli fa e precisamente le pratiche amministrative partirono nel 1853 sotto il Regno del Lombardo Veneto. La Valle Agordina \u00e8 un paese tagliato praticamente in due&hellip;<\/p>\n","protected":false},"author":4,"featured_media":338050,"comment_status":"closed","ping_status":"closed","sticky":false,"template":"","format":"standard","meta":{"_monsterinsights_skip_tracking":false,"_monsterinsights_sitenote_active":false,"_monsterinsights_sitenote_note":"","_monsterinsights_sitenote_category":0,"footnotes":""},"categories":[51,49],"tags":[],"class_list":["post-338049","post","type-post","status-publish","format-standard","has-post-thumbnail","hentry","category-evidenza-top","category-news-18","category-51","category-49","description-off"],"img_url":"https:\/\/www.radiopiu.net\/wordpress\/wp-content\/uploads\/2023\/05\/e8da4f05-71ed-40f1-9936-6353105bb9f8.jpg","_links":{"self":[{"href":"https:\/\/www.radiopiu.net\/wordpress\/wp-json\/wp\/v2\/posts\/338049","targetHints":{"allow":["GET"]}}],"collection":[{"href":"https:\/\/www.radiopiu.net\/wordpress\/wp-json\/wp\/v2\/posts"}],"about":[{"href":"https:\/\/www.radiopiu.net\/wordpress\/wp-json\/wp\/v2\/types\/post"}],"author":[{"embeddable":true,"href":"https:\/\/www.radiopiu.net\/wordpress\/wp-json\/wp\/v2\/users\/4"}],"replies":[{"embeddable":true,"href":"https:\/\/www.radiopiu.net\/wordpress\/wp-json\/wp\/v2\/comments?post=338049"}],"version-history":[{"count":0,"href":"https:\/\/www.radiopiu.net\/wordpress\/wp-json\/wp\/v2\/posts\/338049\/revisions"}],"wp:featuredmedia":[{"embeddable":true,"href":"https:\/\/www.radiopiu.net\/wordpress\/wp-json\/wp\/v2\/media\/338050"}],"wp:attachment":[{"href":"https:\/\/www.radiopiu.net\/wordpress\/wp-json\/wp\/v2\/media?parent=338049"}],"wp:term":[{"taxonomy":"category","embeddable":true,"href":"https:\/\/www.radiopiu.net\/wordpress\/wp-json\/wp\/v2\/categories?post=338049"},{"taxonomy":"post_tag","embeddable":true,"href":"https:\/\/www.radiopiu.net\/wordpress\/wp-json\/wp\/v2\/tags?post=338049"}],"curies":[{"name":"wp","href":"https:\/\/api.w.org\/{rel}","templated":true}]}}