{"id":338055,"date":"2023-05-29T18:00:28","date_gmt":"2023-05-29T16:00:28","guid":{"rendered":"https:\/\/www.radiopiu.net\/wordpress\/?p=338055"},"modified":"2023-05-31T04:53:11","modified_gmt":"2023-05-31T02:53:11","slug":"alessandro-fontana-lascia-la-panchina-dellalleghe-hockey","status":"publish","type":"post","link":"https:\/\/www.radiopiu.net\/wordpress\/alessandro-fontana-lascia-la-panchina-dellalleghe-hockey\/","title":{"rendered":"ALESSANDRO FONTANA LASCIA LA PANCHINA DELL&#8217;ALLEGHE HOCKEY"},"content":{"rendered":"<p><strong><a class=\"dt-pswp-item\" href=\"https:\/\/www.radiopiu.net\/wordpress\/wp-content\/uploads\/2023\/05\/22c7f9e9-d9d4-47b7-8dcd-46c476cb2937.jpg\" data-dt-img-description=\"\" data-large_image_width=\"1024\" data-large_image_height=\"682\"><img loading=\"lazy\" decoding=\"async\" class=\" wp-image-338060 alignleft\" src=\"https:\/\/www.radiopiu.net\/wordpress\/wp-content\/uploads\/2023\/05\/22c7f9e9-d9d4-47b7-8dcd-46c476cb2937-300x200.jpg\" alt=\"\" width=\"212\" height=\"141\" srcset=\"https:\/\/www.radiopiu.net\/wordpress\/wp-content\/uploads\/2023\/05\/22c7f9e9-d9d4-47b7-8dcd-46c476cb2937-300x200.jpg 300w, https:\/\/www.radiopiu.net\/wordpress\/wp-content\/uploads\/2023\/05\/22c7f9e9-d9d4-47b7-8dcd-46c476cb2937-768x512.jpg 768w, https:\/\/www.radiopiu.net\/wordpress\/wp-content\/uploads\/2023\/05\/22c7f9e9-d9d4-47b7-8dcd-46c476cb2937.jpg 1024w\" sizes=\"auto, (max-width: 212px) 100vw, 212px\" \/><\/a>di Marco Gaz<\/strong><\/p>\n<p><strong>ALLEGHE<\/strong> Alessandro Fontana non \u00e8 pi\u00f9 l&#8217;allenatore dell&#8217;Alleghe Hockey. Lo si legge in una breve nota della societ\u00e0 che saluta e augura buona fortuna al coach alleghese<\/p>\n<p><strong>IL COMUNICATO<\/strong><\/p>\n<blockquote><p><em>La societ\u00e0 ringrazia Alessandro per il lavoro svolto con impegno e professionalit\u00e0, augurandogli le migliori fortune e soddisfazioni professionali nel proseguo della carriera sportiva.<\/em><\/p>\n<p><em>Grazie Alessandro<\/em><\/p><\/blockquote>\n<p>&nbsp;<\/p>\n<p>&nbsp;<\/p>\n<p>&nbsp;<\/p>\n<p>*******<\/p>\n","protected":false},"excerpt":{"rendered":"<p>di Marco Gaz ALLEGHE Alessandro Fontana non \u00e8 pi\u00f9 l&#8217;allenatore dell&#8217;Alleghe Hockey. Lo si legge in una breve nota della societ\u00e0 che saluta e augura buona fortuna al coach alleghese IL COMUNICATO La societ\u00e0 ringrazia Alessandro per il lavoro svolto con impegno e professionalit\u00e0, augurandogli le migliori fortune e soddisfazioni professionali nel proseguo della carriera&hellip;<\/p>\n","protected":false},"author":4,"featured_media":338060,"comment_status":"closed","ping_status":"closed","sticky":false,"template":"","format":"standard","meta":{"_monsterinsights_skip_tracking":false,"_monsterinsights_sitenote_active":false,"_monsterinsights_sitenote_note":"","_monsterinsights_sitenote_category":0,"footnotes":""},"categories":[51,104,49],"tags":[],"class_list":["post-338055","post","type-post","status-publish","format-standard","has-post-thumbnail","hentry","category-evidenza-top","category-evidenza_3","category-news-18","category-51","category-104","category-49","description-off"],"img_url":"https:\/\/www.radiopiu.net\/wordpress\/wp-content\/uploads\/2023\/05\/22c7f9e9-d9d4-47b7-8dcd-46c476cb2937.jpg","_links":{"self":[{"href":"https:\/\/www.radiopiu.net\/wordpress\/wp-json\/wp\/v2\/posts\/338055","targetHints":{"allow":["GET"]}}],"collection":[{"href":"https:\/\/www.radiopiu.net\/wordpress\/wp-json\/wp\/v2\/posts"}],"about":[{"href":"https:\/\/www.radiopiu.net\/wordpress\/wp-json\/wp\/v2\/types\/post"}],"author":[{"embeddable":true,"href":"https:\/\/www.radiopiu.net\/wordpress\/wp-json\/wp\/v2\/users\/4"}],"replies":[{"embeddable":true,"href":"https:\/\/www.radiopiu.net\/wordpress\/wp-json\/wp\/v2\/comments?post=338055"}],"version-history":[{"count":0,"href":"https:\/\/www.radiopiu.net\/wordpress\/wp-json\/wp\/v2\/posts\/338055\/revisions"}],"wp:featuredmedia":[{"embeddable":true,"href":"https:\/\/www.radiopiu.net\/wordpress\/wp-json\/wp\/v2\/media\/338060"}],"wp:attachment":[{"href":"https:\/\/www.radiopiu.net\/wordpress\/wp-json\/wp\/v2\/media?parent=338055"}],"wp:term":[{"taxonomy":"category","embeddable":true,"href":"https:\/\/www.radiopiu.net\/wordpress\/wp-json\/wp\/v2\/categories?post=338055"},{"taxonomy":"post_tag","embeddable":true,"href":"https:\/\/www.radiopiu.net\/wordpress\/wp-json\/wp\/v2\/tags?post=338055"}],"curies":[{"name":"wp","href":"https:\/\/api.w.org\/{rel}","templated":true}]}}