{"id":338103,"date":"2023-05-30T07:55:32","date_gmt":"2023-05-30T05:55:32","guid":{"rendered":"https:\/\/www.radiopiu.net\/wordpress\/?p=338103"},"modified":"2023-05-30T09:08:12","modified_gmt":"2023-05-30T07:08:12","slug":"338103-2","status":"publish","type":"post","link":"https:\/\/www.radiopiu.net\/wordpress\/338103-2\/","title":{"rendered":"dal 1983  LA RASSEGNA STAMPA LOCALE ALLE OTTO DEL MATTINO, DA 40 ANNI"},"content":{"rendered":"<p>&nbsp;<\/p>\n<p>&nbsp;<\/p>\n<p><iframe loading=\"lazy\" title=\"RASSEGNA STAMPA LOCALE\" width=\"1200\" height=\"675\" src=\"https:\/\/www.youtube.com\/embed\/3qCqA5KD35c?feature=oembed\" frameborder=\"0\" allow=\"accelerometer; autoplay; clipboard-write; encrypted-media; gyroscope; picture-in-picture; web-share\" allowfullscreen><\/iframe><\/p>\n<p>&nbsp;<\/p>\n<p>&nbsp;<\/p>\n<p><strong>CANAZEI<\/strong>\u00a0 Il sindaco Giovanni Bernard anticipa: nei mesi di luglio e agosto vietate le escursioni in Marmolada, quindi zona rossa. Le precipitazioni non hanno compensato la carenza di neve dello scorso inverno. Se le temperature non smentiranno la progressione al rialzo sar\u00e0 vietata la frequentazione del ghiacciaio nei due mesi pi\u00f9 caldi.<\/p>\n<p><strong>BELLUNO<\/strong> Sono 10 gli indagati per la diffamazione al pediatra Giangiacomo Nicolini. Spediti gli avvisi di garanzia e avvocati al lavoro per difenderli in Tribunale. Il medico aveva lanciato un appello per la vaccinazione dei bambini, ha ricevuto di tutto&#8230;comprese le minacce via social<\/p>\n<p><strong>AGORDO<\/strong> Paura per la farmacia del colosso Luxottica. Agordo Servizi prevede 110 mila euro di minore utile dopo l&#8217;acquisto della farmacia Favretti<\/p>\n<p><strong>AGORDO <\/strong>Tra gli argomenti del consiglio comunale il regolamento edilizio. A parlare di dissesti \u00e8 stato il consigliere di minoranza Silvano Savio che nel suo intervento ha evidenziato alcune aree a rischio del comune di Agordo.<\/p>\n<p><strong>BELLUNO<\/strong> I detenuti con problemi psichiatrici del carcere di Baldenich saranno trasferiti in altra casa circondariale. A Baldenich in programma lavori di ristrutturazione.<\/p>\n<p><strong>BELLUNO<\/strong> Un agente della Polizia Penitenziaria ha portato un detenuto in Tribunale per resistenza a pubblico ufficiale. Il Transgender sar\u00e0 processato a luglio per minacce.<\/p>\n<p><strong>AGORDO<\/strong> Dopo l&#8217;incidente \u00a0l&#8217;esame del sangue, in ospedale: 2,5 grammi di alcol per litro di sangue.\u00a0 Ha chiesto la messa alla prova: processo per guida in stato di ebbrezza aggravata sospeso e lavori di pubblica utilit\u00e0 per il Comune<\/p>\n<p><strong>VOLTAGO<\/strong> SP 26 DI DIGOMAN localit\u00e0 Voltago,<span style=\"color: #800000;\"> dal 5 all&#8217;8 giugno<\/span> INTERDIZIONE\u00a0 totale in entrambi i sensi di marcia dalle 7.30 alle 17.30. Negli altri orari senso unico alternato<\/p>\n<p><strong>FALCADE<\/strong> Gestione Servizi Pubblici informa che a FALCADE nelle localit\u00e0 FALCADE ALTO, VILLOTTA, LA FOCA E VIA MAS DE LE MOLE l&#8217;acqua erogata dall&#8217;acquedotto \u00e8 di nuovo potabile e pu\u00f2 essere usata, quindi, per scopi alimentari.<\/p>\n<p><strong>BELLUNO <\/strong>Sono partiti in questi giorni i lavori sulla frana di Revis, a Lozzo di Cadore. Si tratta di un intervento piuttosto complesso<\/p>\n<p><strong>FELTRE<\/strong> Passeggiata riuscita, grazie anche alla clemenza del tempo: l&#8217;uscita sul primo percorso ufficiale di MontagnaTerapia delle Dolomiti Patrimonio Mondiale UNESCO ha visto un&#8217;ottima risposta da parte degli escursionisti<\/p>\n<p><strong>COLLE SANTA LUCIA <\/strong>Un tuffo nel passato, che non lascia indifferenti. Ci\u00f2 che ha colpito immediatamente l\u2019attenzione e la curiosit\u00e0 di coloro che in questi giorni sono saliti sul Colle dove si erge la bellissima Chiesa dedicata a Santa Lucia, sono le rigogliose foglie di faggio collocate per l\u2019occasione all\u2019ingresso del cimitero, intorno al portone d\u2019ingresso della chiesa e tutto attorno all\u2019altar maggiore, trasformando il presbiterio in un vero e proprio giardino.<\/p>\n<p><strong>REDAZIONE<\/strong> Continuano i racconti con i periti minerari agordini. Oggi \u00e8 il turno di Giampiero De Zaiacomo. I racconti dei periti minerari agordini che hanno lavorato nel mondo, ogni luned\u00ec alle 10:30 e alle 19 su Radio Pi\u00f9<\/p>\n<p><span style=\"color: #0000ff;\"><strong>HOCKEY SU GHIACCIO <\/strong><\/span>ALESSANDRO FONTANA LASCIA LA PANCHINA DELL&#8217;ALLEGHE HOCKEY<\/p>\n<p><span style=\"color: #0000ff;\"><strong>PALLAVOLO <\/strong><\/span>PRESENTATO IL NUOVO GIOCATORE DELLA DRL VOLLEY BELLUNO: BARTOSZ BUCKO<\/p>\n<p><span style=\"color: #0000ff;\"><strong>CALCIO <\/strong><\/span>INIZIA IL CONTO ALLA ROVESCIA PER IL CALCIO D&#8217;INIZIO DEL CAMPIONATO AGORDINO DI CALCIO<\/p>\n<p><span style=\"color: #0000ff;\"><strong>BASKET <\/strong><\/span><span style=\"font-family: arial, sans-serif;\">TORNANO I GIOVANI TALENTI DEL BASKET EUROPEO A DOMEGGE DI CADORE<\/span><\/p>\n","protected":false},"excerpt":{"rendered":"<p>&nbsp; &nbsp; &nbsp; &nbsp; CANAZEI\u00a0 Il sindaco Giovanni Bernard anticipa: nei mesi di luglio e agosto vietate le escursioni in Marmolada, quindi zona rossa. Le precipitazioni non hanno compensato la carenza di neve dello scorso inverno. Se le temperature non smentiranno la progressione al rialzo sar\u00e0 vietata la frequentazione del ghiacciaio nei due mesi pi\u00f9&hellip;<\/p>\n","protected":false},"author":4,"featured_media":338108,"comment_status":"closed","ping_status":"closed","sticky":false,"template":"","format":"standard","meta":{"_monsterinsights_skip_tracking":false,"_monsterinsights_sitenote_active":false,"_monsterinsights_sitenote_note":"","_monsterinsights_sitenote_category":0,"footnotes":""},"categories":[49,142],"tags":[],"class_list":["post-338103","post","type-post","status-publish","format-standard","has-post-thumbnail","hentry","category-news-18","category-rassegna-stampa","category-49","category-142","description-off"],"img_url":"https:\/\/www.radiopiu.net\/wordpress\/wp-content\/uploads\/2023\/05\/Senza-nome-89.jpg","_links":{"self":[{"href":"https:\/\/www.radiopiu.net\/wordpress\/wp-json\/wp\/v2\/posts\/338103","targetHints":{"allow":["GET"]}}],"collection":[{"href":"https:\/\/www.radiopiu.net\/wordpress\/wp-json\/wp\/v2\/posts"}],"about":[{"href":"https:\/\/www.radiopiu.net\/wordpress\/wp-json\/wp\/v2\/types\/post"}],"author":[{"embeddable":true,"href":"https:\/\/www.radiopiu.net\/wordpress\/wp-json\/wp\/v2\/users\/4"}],"replies":[{"embeddable":true,"href":"https:\/\/www.radiopiu.net\/wordpress\/wp-json\/wp\/v2\/comments?post=338103"}],"version-history":[{"count":0,"href":"https:\/\/www.radiopiu.net\/wordpress\/wp-json\/wp\/v2\/posts\/338103\/revisions"}],"wp:featuredmedia":[{"embeddable":true,"href":"https:\/\/www.radiopiu.net\/wordpress\/wp-json\/wp\/v2\/media\/338108"}],"wp:attachment":[{"href":"https:\/\/www.radiopiu.net\/wordpress\/wp-json\/wp\/v2\/media?parent=338103"}],"wp:term":[{"taxonomy":"category","embeddable":true,"href":"https:\/\/www.radiopiu.net\/wordpress\/wp-json\/wp\/v2\/categories?post=338103"},{"taxonomy":"post_tag","embeddable":true,"href":"https:\/\/www.radiopiu.net\/wordpress\/wp-json\/wp\/v2\/tags?post=338103"}],"curies":[{"name":"wp","href":"https:\/\/api.w.org\/{rel}","templated":true}]}}