{"id":338110,"date":"2023-05-30T07:14:00","date_gmt":"2023-05-30T05:14:00","guid":{"rendered":"https:\/\/www.radiopiu.net\/wordpress\/?p=338110"},"modified":"2023-05-30T07:14:00","modified_gmt":"2023-05-30T05:14:00","slug":"lotta-al-lavoro-nero-dagli-accertamenti-della-finanza-25-irregolari","status":"publish","type":"post","link":"https:\/\/www.radiopiu.net\/wordpress\/lotta-al-lavoro-nero-dagli-accertamenti-della-finanza-25-irregolari\/","title":{"rendered":"LOTTA AL LAVORO NERO:  DAGLI ACCERTAMENTI DELLA FINANZA  25 IRREGOLARI"},"content":{"rendered":"<p><strong><a class=\"dt-pswp-item\" href=\"https:\/\/www.radiopiu.net\/wordpress\/wp-content\/uploads\/2020\/07\/gdf-scaled.jpg\" data-dt-img-description=\"\" data-large_image_width=\"1937\" data-large_image_height=\"2560\"><img loading=\"lazy\" decoding=\"async\" class=\"size-medium wp-image-149906 alignleft\" src=\"https:\/\/www.radiopiu.net\/wordpress\/wp-content\/uploads\/2020\/07\/gdf-227x300.jpg\" alt=\"\" width=\"227\" height=\"300\" srcset=\"https:\/\/www.radiopiu.net\/wordpress\/wp-content\/uploads\/2020\/07\/gdf-227x300.jpg 227w, https:\/\/www.radiopiu.net\/wordpress\/wp-content\/uploads\/2020\/07\/gdf-775x1024.jpg 775w, https:\/\/www.radiopiu.net\/wordpress\/wp-content\/uploads\/2020\/07\/gdf-768x1015.jpg 768w, https:\/\/www.radiopiu.net\/wordpress\/wp-content\/uploads\/2020\/07\/gdf-1162x1536.jpg 1162w, https:\/\/www.radiopiu.net\/wordpress\/wp-content\/uploads\/2020\/07\/gdf-1550x2048.jpg 1550w, https:\/\/www.radiopiu.net\/wordpress\/wp-content\/uploads\/2020\/07\/gdf-scaled.jpg 1937w\" sizes=\"auto, (max-width: 227px) 100vw, 227px\" \/><\/a>BELLUNO <\/strong>La Guardia di Finanza del Comando Provinciale di Belluno ha intensificato i controlli volti a contrastare il lavoro nero e irregolare nella provincia. Da inizio anno fino ad oggi, sono stati effettuati accertamenti presso diversi operatori economici, portando all&#8217;individuazione di 25 lavoratori in nero o irregolari. Nell&#8217;ambito dell&#8217;inizio della stagione primaverile, sono state condotte attivit\u00e0 info-investigative mirate per verificare possibili irregolarit\u00e0. Queste operazioni hanno coinvolto diverse attivit\u00e0 commerciali, principalmente nel settore della somministrazione di alimenti e bevande, e hanno portato all&#8217;individuazione di 13 esercizi commerciali operanti in modo irregolare. Nello specifico, sono stati scoperti 17 lavoratori in nero, impiegati senza la previa comunicazione di inizio della prestazione lavorativa da parte del datore di lavoro, e 8 lavoratori irregolari, i quali, nonostante avessero contratti di lavoro intermittente &#8220;a chiamata&#8221;, non avevano ricevuto le comunicazioni richieste per le giornate di impiego. Durante i controlli, sono state riscontrate anche altre irregolarit\u00e0 da parte dei datori di <a class=\"dt-pswp-item\" href=\"https:\/\/www.radiopiu.net\/wordpress\/wp-content\/uploads\/2020\/04\/CONTROLLI-FINANZA-1.jpg\" data-dt-img-description=\"\" data-large_image_width=\"1632\" data-large_image_height=\"1224\"><img loading=\"lazy\" decoding=\"async\" class=\"size-medium wp-image-130941 alignright\" src=\"https:\/\/www.radiopiu.net\/wordpress\/wp-content\/uploads\/2020\/04\/CONTROLLI-FINANZA-1-300x225.jpg\" alt=\"\" width=\"300\" height=\"225\" srcset=\"https:\/\/www.radiopiu.net\/wordpress\/wp-content\/uploads\/2020\/04\/CONTROLLI-FINANZA-1-300x225.jpg 300w, https:\/\/www.radiopiu.net\/wordpress\/wp-content\/uploads\/2020\/04\/CONTROLLI-FINANZA-1-1024x768.jpg 1024w, https:\/\/www.radiopiu.net\/wordpress\/wp-content\/uploads\/2020\/04\/CONTROLLI-FINANZA-1-768x576.jpg 768w, https:\/\/www.radiopiu.net\/wordpress\/wp-content\/uploads\/2020\/04\/CONTROLLI-FINANZA-1-1536x1152.jpg 1536w, https:\/\/www.radiopiu.net\/wordpress\/wp-content\/uploads\/2020\/04\/CONTROLLI-FINANZA-1.jpg 1632w\" sizes=\"auto, (max-width: 300px) 100vw, 300px\" \/><\/a>lavoro, come la retribuzione dei lavoratori con modalit\u00e0 non previste dalla legge, la mancata istituzione e tenuta del libro unico del lavoro e violazioni delle norme sulla salute e sicurezza del lavoro in due esercizi commerciali. Inoltre, sono state rilevate mancanze nella formazione e addestramento di 10 &#8220;scaffalisti&#8221; impiegati illegalmente, provenienti da due societ\u00e0 di Napoli e una di Roma. Le violazioni riscontrate sono state segnalate all&#8217;Ispettorato Territoriale del Lavoro competente, che ha adottato provvedimenti di sospensione dell&#8217;attivit\u00e0 imprenditoriale in 5 casi, in cui l&#8217;utilizzo di personale non regolare superava il 10% del totale dei lavoratori presenti nei luoghi ispezionati. La Guardia di Finanza svolge un ruolo costante di vigilanza per tutelare il lavoro e contrastare tutte le forme di illecito che minacciano l&#8217;equilibrio economico e finanziario del Paese. Il lavoro nero rappresenta una piaga che sottrae risorse all&#8217;Erario, danneggia gli interessi dei lavoratori, spesso sfruttati, e crea una concorrenza sleale nei confronti delle imprese oneste.<\/p>\n<div class=\"flex-1 overflow-hidden\">\n<div class=\"react-scroll-to-bottom--css-qeoyj-79elbk h-full dark:bg-gray-800\">\n<div class=\"react-scroll-to-bottom--css-qeoyj-1n7m0yu\">\n<div class=\"flex flex-col text-sm dark:bg-gray-800\">\n<div class=\"group w-full text-gray-800 dark:text-gray-100 border-b border-black\/10 dark:border-gray-900\/50 bg-gray-50 dark:bg-[#444654]\">\n<div class=\"flex p-4 gap-4 text-base md:gap-6 md:max-w-2xl lg:max-w-xl xl:max-w-3xl md:py-6 lg:px-0 m-auto\">\n<div class=\"text-gray-400 flex self-end lg:self-center justify-center mt-2 gap-2 md:gap-3 lg:gap-1 lg:absolute lg:top-0 lg:translate-x-full lg:right-0 lg:mt-0 lg:pl-2 visible\">___<\/div>\n<\/div>\n<\/div>\n<\/div>\n<\/div>\n<\/div>\n<\/div>\n","protected":false},"excerpt":{"rendered":"<p>BELLUNO La Guardia di Finanza del Comando Provinciale di Belluno ha intensificato i controlli volti a contrastare il lavoro nero e irregolare nella provincia. Da inizio anno fino ad oggi, sono stati effettuati accertamenti presso diversi operatori economici, portando all&#8217;individuazione di 25 lavoratori in nero o irregolari. Nell&#8217;ambito dell&#8217;inizio della stagione primaverile, sono state condotte&hellip;<\/p>\n","protected":false},"author":4,"featured_media":222506,"comment_status":"closed","ping_status":"closed","sticky":false,"template":"","format":"standard","meta":{"_monsterinsights_skip_tracking":false,"_monsterinsights_sitenote_active":false,"_monsterinsights_sitenote_note":"","_monsterinsights_sitenote_category":0,"footnotes":""},"categories":[51,49],"tags":[],"class_list":["post-338110","post","type-post","status-publish","format-standard","has-post-thumbnail","hentry","category-evidenza-top","category-news-18","category-51","category-49","description-off"],"img_url":"https:\/\/www.radiopiu.net\/wordpress\/wp-content\/uploads\/2021\/07\/2eb8f214-39a6-4e15-bd1e-539b9100c08b.jpg","_links":{"self":[{"href":"https:\/\/www.radiopiu.net\/wordpress\/wp-json\/wp\/v2\/posts\/338110","targetHints":{"allow":["GET"]}}],"collection":[{"href":"https:\/\/www.radiopiu.net\/wordpress\/wp-json\/wp\/v2\/posts"}],"about":[{"href":"https:\/\/www.radiopiu.net\/wordpress\/wp-json\/wp\/v2\/types\/post"}],"author":[{"embeddable":true,"href":"https:\/\/www.radiopiu.net\/wordpress\/wp-json\/wp\/v2\/users\/4"}],"replies":[{"embeddable":true,"href":"https:\/\/www.radiopiu.net\/wordpress\/wp-json\/wp\/v2\/comments?post=338110"}],"version-history":[{"count":0,"href":"https:\/\/www.radiopiu.net\/wordpress\/wp-json\/wp\/v2\/posts\/338110\/revisions"}],"wp:featuredmedia":[{"embeddable":true,"href":"https:\/\/www.radiopiu.net\/wordpress\/wp-json\/wp\/v2\/media\/222506"}],"wp:attachment":[{"href":"https:\/\/www.radiopiu.net\/wordpress\/wp-json\/wp\/v2\/media?parent=338110"}],"wp:term":[{"taxonomy":"category","embeddable":true,"href":"https:\/\/www.radiopiu.net\/wordpress\/wp-json\/wp\/v2\/categories?post=338110"},{"taxonomy":"post_tag","embeddable":true,"href":"https:\/\/www.radiopiu.net\/wordpress\/wp-json\/wp\/v2\/tags?post=338110"}],"curies":[{"name":"wp","href":"https:\/\/api.w.org\/{rel}","templated":true}]}}