{"id":338115,"date":"2023-05-30T08:44:27","date_gmt":"2023-05-30T06:44:27","guid":{"rendered":"https:\/\/www.radiopiu.net\/wordpress\/?p=338115"},"modified":"2023-05-30T09:46:25","modified_gmt":"2023-05-30T07:46:25","slug":"podio-per-i-ragazzi-di-genera","status":"publish","type":"post","link":"https:\/\/www.radiopiu.net\/wordpress\/podio-per-i-ragazzi-di-genera\/","title":{"rendered":"PODIO PER I RAGAZZI DI GenerAZIONE 2026 DI BELLUNO E TREVISO"},"content":{"rendered":"<p><strong>TREVISO\u00a0<\/strong> Ed \u00e8 podio con il 1\u00b0 classificato per l&#8217;u. Cosmo Vittorio Veneto (Tv) nella superfinale delle staffette Classe 2. Femminile con (Meneghetti, Cazzari, Rossato Vetri, De Biasi) con un meraviglioso tempo di 2,07,82 . Sempre sul podio 3\u00b0 classificato l\u2019 IC Feltre (Bl) (Milone, Battistel, Venzin, Fantinel, Iritti) con un tempo di 2,12,87. Continuano le grandi soddisfazioni nella Superfinale Staffette &#8211; Classe 3\u00b0 MASCHILE delle Scuole Secondarie 1\u00b0grado con il 1\u00b0 Classificato: U. Cosmo Vittorio Veneto (Tv) (Barel, Pianca, Tavo, Norlen, Franceschin) con un tempo di 1,53,58. Non soli podi, ma anche tanta partecipazione anche per L\u2019IC Montebelluna 2 (Tv) (Bertolini Gottardo Bovo Darici Martignago) \u2013 tempo 2,18,68 4\u00b0 classificato: IC Vedelago (Tv) <a class=\"dt-pswp-item\" href=\"https:\/\/www.radiopiu.net\/wordpress\/wp-content\/uploads\/2023\/05\/a3f09651-7a74-4cbb-8191-0b709e0dc5b0.jpg\" data-dt-img-description=\"\" data-large_image_width=\"2048\" data-large_image_height=\"1536\"><img loading=\"lazy\" decoding=\"async\" class=\"size-medium wp-image-338120 alignleft\" src=\"https:\/\/www.radiopiu.net\/wordpress\/wp-content\/uploads\/2023\/05\/a3f09651-7a74-4cbb-8191-0b709e0dc5b0-300x225.jpg\" alt=\"\" width=\"300\" height=\"225\" srcset=\"https:\/\/www.radiopiu.net\/wordpress\/wp-content\/uploads\/2023\/05\/a3f09651-7a74-4cbb-8191-0b709e0dc5b0-300x225.jpg 300w, https:\/\/www.radiopiu.net\/wordpress\/wp-content\/uploads\/2023\/05\/a3f09651-7a74-4cbb-8191-0b709e0dc5b0-1024x768.jpg 1024w, https:\/\/www.radiopiu.net\/wordpress\/wp-content\/uploads\/2023\/05\/a3f09651-7a74-4cbb-8191-0b709e0dc5b0-768x576.jpg 768w, https:\/\/www.radiopiu.net\/wordpress\/wp-content\/uploads\/2023\/05\/a3f09651-7a74-4cbb-8191-0b709e0dc5b0-1536x1152.jpg 1536w, https:\/\/www.radiopiu.net\/wordpress\/wp-content\/uploads\/2023\/05\/a3f09651-7a74-4cbb-8191-0b709e0dc5b0.jpg 2048w\" sizes=\"auto, (max-width: 300px) 100vw, 300px\" \/><\/a>(Milani Graziotto Nicoletti Callegari Simionato) \u2013 tempo 2,12,99 IC Resana (Tv) (Mabisia Ziqing Craglietto La Fortezza Serafin) \u2013 tempo 2,00,12 IC Mel-Lentiai (Bl) (Da Canal Balen Cesan Scarton Berton) \u2013 tempo 2,00,26 IC Gaiarine (Tv) (Casetta Zaghet Tonus Vidotto Roveda) \u2013 tempo 2,01,78 Pedavena (Bl) (Menegazzo Canova Isma De Marco De Marchi) \u2013 tempo 2,09,47<\/p>\n<blockquote><p><em>Che dire, bravissimi ragazzi, partiti all\u2019alba da Treviso e Belluno per Milano ci avete fatto sognare ed emozionare per la vostra grinta, preparazione e partecipazione \u2013 commenta il Presidente della Camera di Commercio di Treviso \u2013 <a class=\"dt-pswp-item\" href=\"https:\/\/www.radiopiu.net\/wordpress\/wp-content\/uploads\/2023\/05\/a45cee4f-8674-4f90-997d-57fbc873a153-1.jpg\" data-dt-img-description=\"\" data-large_image_width=\"2048\" data-large_image_height=\"1536\"><img loading=\"lazy\" decoding=\"async\" class=\" wp-image-338123 alignleft\" src=\"https:\/\/www.radiopiu.net\/wordpress\/wp-content\/uploads\/2023\/05\/a45cee4f-8674-4f90-997d-57fbc873a153-1-300x225.jpg\" alt=\"\" width=\"208\" height=\"156\" srcset=\"https:\/\/www.radiopiu.net\/wordpress\/wp-content\/uploads\/2023\/05\/a45cee4f-8674-4f90-997d-57fbc873a153-1-300x225.jpg 300w, https:\/\/www.radiopiu.net\/wordpress\/wp-content\/uploads\/2023\/05\/a45cee4f-8674-4f90-997d-57fbc873a153-1-1024x768.jpg 1024w, https:\/\/www.radiopiu.net\/wordpress\/wp-content\/uploads\/2023\/05\/a45cee4f-8674-4f90-997d-57fbc873a153-1-768x576.jpg 768w, https:\/\/www.radiopiu.net\/wordpress\/wp-content\/uploads\/2023\/05\/a45cee4f-8674-4f90-997d-57fbc873a153-1-1536x1152.jpg 1536w, https:\/\/www.radiopiu.net\/wordpress\/wp-content\/uploads\/2023\/05\/a45cee4f-8674-4f90-997d-57fbc873a153-1.jpg 2048w\" sizes=\"auto, (max-width: 208px) 100vw, 208px\" \/><\/a>Belluno |Dolomiti Mario Pozza &#8211; .Ci vediamo al teatro Mario del Monaco l\u20198 Giugno alle 17.30 per premiarvi ancora, assieme ai vostri docenti che con voi hanno condiviso, preparazione, sacrificio, strategie e allenamenti. Ringrazio la Prof. Sattin coordinatrice per Belluno e il coordinatore di Treviso prof. Chiariotti. Un grande impegno condiviso per i giovani che li vedr\u00e0 interpreti nella strepitosa occasione dei Giochi Olimpici e Paralimpici Invernali Milano Cortina 2026. Con queste medaglie mi sembra proprio un ottimo inizio! Procediamo con entusiasmo per coinvolgere le nuove generazioni attraverso la cultura sportiva e dei valori olimpici \u2013 racconta il prof. Franco Ascani Presidente del Comitato Organizzatore -. L&#8217;educazione sportiva \u00e8 protagonista sia nelle attivit\u00e0 motorie sia nelle attivit\u00e0 formative della &#8220;GenerAZIONE 2026&#8221; anche in prospettiva dei Giochi Olimpici e Paralimpici Invernali Milano Cortina 2026\u00bb. L\u2019Assessore all\u2019Istruzione, Formazione e Lavoro della Regione Veneto ha sottolineato: \u201c\u00c8 un cammino che abbiamo iniziato con la Federazione FICTS e la Camera di Commercio che sta dando ottimi risultati. Gli obiettivi per la Regione del Veneto sono di diffondere la conoscenza e il senso di avere le Olimpiadi \u201cin casa\u201d e l\u2019obiettivo ancora pi\u00f9 grande che possiamo cogliere con questo tipo di animazione \u00e8 quello di promuovere i valori dello sport e far aumentare la pratica sportiva nei giovani\u201d.\u00a0<\/em><\/p><\/blockquote>\n<p>&nbsp;<\/p>\n<p><strong>Mario Pozza, Elena Donazzan, Franco Ascani\u00a0<\/strong><\/p>\n<p><strong><a class=\"dt-pswp-item\" href=\"https:\/\/www.radiopiu.net\/wordpress\/wp-content\/uploads\/2023\/05\/af410d93-f07c-4cad-b80b-0562e2d083c4.jpg\" data-dt-img-description=\"\" data-large_image_width=\"2048\" data-large_image_height=\"1536\"><img loading=\"lazy\" decoding=\"async\" class=\"wp-image-338133 size-large aligncenter\" src=\"https:\/\/www.radiopiu.net\/wordpress\/wp-content\/uploads\/2023\/05\/af410d93-f07c-4cad-b80b-0562e2d083c4-1024x768.jpg\" alt=\"\" width=\"1024\" height=\"768\" srcset=\"https:\/\/www.radiopiu.net\/wordpress\/wp-content\/uploads\/2023\/05\/af410d93-f07c-4cad-b80b-0562e2d083c4-1024x768.jpg 1024w, https:\/\/www.radiopiu.net\/wordpress\/wp-content\/uploads\/2023\/05\/af410d93-f07c-4cad-b80b-0562e2d083c4-300x225.jpg 300w, https:\/\/www.radiopiu.net\/wordpress\/wp-content\/uploads\/2023\/05\/af410d93-f07c-4cad-b80b-0562e2d083c4-768x576.jpg 768w, https:\/\/www.radiopiu.net\/wordpress\/wp-content\/uploads\/2023\/05\/af410d93-f07c-4cad-b80b-0562e2d083c4-1536x1152.jpg 1536w, https:\/\/www.radiopiu.net\/wordpress\/wp-content\/uploads\/2023\/05\/af410d93-f07c-4cad-b80b-0562e2d083c4.jpg 2048w\" sizes=\"auto, (max-width: 1024px) 100vw, 1024px\" \/><\/a><\/strong><\/p>\n<p lang=\"en-GB\" align=\"JUSTIFY\"><span style=\"color: #000000;\"><span style=\"font-family: Minion Pro, serif;\"><span style=\"color: #404040;\"><span style=\"font-family: Avenir Next LT Pro, serif;\"><span style=\"font-size: small;\"><span lang=\"it-IT\"><b>\u00a0<\/b><\/span><\/span><\/span><\/span><\/span><\/span><\/p>\n<p lang=\"en-GB\" align=\"JUSTIFY\"><span style=\"color: #000000;\"><span style=\"font-family: Minion Pro, serif;\"><span style=\"color: #404040;\"><span style=\"font-family: Avenir Next LT Pro, serif;\"><span style=\"font-size: small;\"><span lang=\"it-IT\"><b>\u00a0<\/b><\/span><\/span><\/span><\/span><\/span><\/span><span style=\"color: #000000;\"><span style=\"font-family: Minion Pro, serif;\"><span style=\"color: #404040;\"><span style=\"font-family: Avenir Next LT Pro, serif;\"><span style=\"font-size: small;\"><span lang=\"it-IT\"><b>\u00a0<\/b><\/span><\/span><\/span><\/span><\/span><\/span><\/p>\n<p lang=\"en-GB\" align=\"JUSTIFY\"><span style=\"color: #000000;\"><span style=\"font-family: Minion Pro, serif;\"><span style=\"color: #404040;\"><span style=\"font-family: Avenir Next LT Pro, serif;\"><span style=\"font-size: small;\"><span lang=\"it-IT\"><b>\u00a0I momenti salienti della <\/b><\/span><\/span><\/span><\/span><span style=\"font-family: Avenir Next LT Pro, serif;\"><span style=\"font-size: small;\"><span lang=\"it-IT\"><b>\u201cTre <\/b><\/span><\/span><\/span><span style=\"color: #404040;\"><span style=\"font-family: Avenir Next LT Pro, serif;\"><span style=\"font-size: small;\"><span lang=\"it-IT\"><b>giorni<\/b><\/span><\/span><\/span><\/span><span style=\"font-family: Avenir Next LT Pro, serif;\"><span style=\"font-size: small;\"><span lang=\"it-IT\"><b>\u201d<\/b><\/span><\/span><\/span><b> <\/b><a href=\"file:\/\/\/C:\\Users\\etv0121\\Downloads\\Downloads\\PROGETTI\\ASCANI\\0-2023%20GENERAZIONE2026\\0-evento-finale-programma\\CARTELLA%20STAMPA%202023\\PROGRAMMA-3GIORNI-TREVISO-CORTINA-DEF.docx\"><span style=\"font-family: Avenir Next LT Pro, serif;\"><span style=\"font-size: small;\"><span lang=\"it-IT\"><b>VEDI PROGRAMMA<\/b><\/span><\/span><\/span><\/a><b> <\/b><span style=\"color: #404040;\"><span style=\"font-family: Avenir Next LT Pro, serif;\"><span style=\"font-size: small;\"><span lang=\"it-IT\">(Treviso, Cortina, Belluno),<\/span><\/span><\/span><\/span><b> <\/b><span style=\"color: #404040;\"><span style=\"font-family: Avenir Next LT Pro, serif;\"><span style=\"font-size: small;\"><span lang=\"it-IT\">evento finale che vedr\u00e0 la presenza dei <\/span><\/span><\/span><\/span><span style=\"font-family: Avenir Next LT Pro, serif;\"><span style=\"font-size: small;\"><span lang=\"it-IT\">D<\/span><\/span><\/span><span style=\"color: #404040;\"><span style=\"font-family: Avenir Next LT Pro, serif;\"><span style=\"font-size: small;\"><span lang=\"it-IT\">elegati <\/span><\/span><\/span><\/span><span style=\"font-family: Avenir Next LT Pro, serif;\"><span style=\"font-size: small;\"><span lang=\"it-IT\">della Federazione FICTS <\/span><\/span><\/span><span style=\"color: #404040;\"><span style=\"font-family: Avenir Next LT Pro, serif;\"><span style=\"font-size: small;\"><span lang=\"it-IT\">provenienti da <\/span><\/span><\/span><\/span><span style=\"font-family: Avenir Next LT Pro, serif;\"><span style=\"font-size: small;\"><span lang=\"it-IT\"><b>130 Paesi<\/b><\/span><\/span><\/span> <a href=\"C:\\\\Users\\\\etv0121\\\\Downloads\\\\Downloads\\\\PROGETTI\\\\ASCANI\\\\0-2023 GENERAZIONE2026\\\\0-evento-finale-programma\\\\CARTELLA STAMPA 2023\\\\Elenco delegatiDEF.pdf\"><span style=\"font-family: Avenir Next LT Pro, serif;\"><span style=\"font-size: small;\"><span lang=\"it-IT\"><b>VEDI ELENCO<\/b><\/span><\/span><\/span><\/a><span style=\"font-family: Avenir Next LT Pro, serif;\"><span style=\"font-size: small;\"><span lang=\"it-IT\"> e del qualificato ospite <\/span><\/span><\/span><span style=\"color: #404040;\"><span style=\"font-family: Avenir Next LT Pro, serif;\"><span style=\"font-size: small;\"><span lang=\"it-IT\">di <\/span><\/span><\/span><\/span><span style=\"font-family: Avenir Next LT Pro, serif;\"><span style=\"font-size: small;\"><span lang=\"it-IT\"><b>F<\/b><\/span><\/span><\/span><span style=\"color: #404040;\"><span style=\"font-family: Avenir Next LT Pro, serif;\"><span style=\"font-size: small;\"><span lang=\"it-IT\"><b>ondazione Milano <\/b><\/span><\/span><\/span><\/span><span style=\"font-family: Avenir Next LT Pro, serif;\"><span style=\"font-size: small;\"><span lang=\"it-IT\"><b>C<\/b><\/span><\/span><\/span><span style=\"color: #404040;\"><span style=\"font-family: Avenir Next LT Pro, serif;\"><span style=\"font-size: small;\"><span lang=\"it-IT\"><b>ortina 2026<\/b><\/span><\/span><\/span><\/span><span style=\"color: #404040;\"><span style=\"font-family: Avenir Next LT Pro, serif;\"><span style=\"font-size: small;\"><span lang=\"it-IT\"> oltre <\/span><\/span><\/span><\/span><span style=\"font-family: Avenir Next LT Pro, serif;\"><span style=\"font-size: small;\"><span lang=\"it-IT\">all\u2019illustrazione<\/span><\/span><\/span><span style=\"color: #404040;\"><span style=\"font-family: Avenir Next LT Pro, serif;\"><span style=\"font-size: small;\"><span lang=\"it-IT\"> delle<\/span><\/span><\/span><\/span><b> <\/b><a href=\"file:\/\/\/C:\\Users\\etv0121\\Downloads\\Downloads\\PROGETTI\\ASCANI\\0-2023%20GENERAZIONE2026\\0-evento-finale-programma\\CARTELLA%20STAMPA%202023\\Mostre%20olimpiche%20e%20paralimpiche%20proiezioni.docx\"><span style=\"font-family: Avenir Next LT Pro, serif;\"><span style=\"font-size: small;\"><span lang=\"it-IT\"><b>3 Mostre a tema Olimpico e Paralimpico<\/b><\/span><\/span><\/span><\/a><span style=\"font-family: Avenir Next LT Pro, serif;\"><span style=\"font-size: small;\"><span lang=\"it-IT\">.<\/span><\/span><\/span><\/span><\/span><\/p>\n<p lang=\"en-GB\" align=\"JUSTIFY\"><span style=\"color: #000000;\"><span style=\"font-family: Minion Pro, serif;\"><a href=\"file:\/\/\/C:\\Users\\etv0121\\Downloads\\Downloads\\PROGETTI\\ASCANI\\0-2023%20GENERAZIONE2026\\0-evento-finale-programma\\CARTELLA%20STAMPA%202023\\SCHEDA%20INFORMATIVA_generale-Momenti%20salienti%20Generazione2026%20TREVISAN.docx\"><span style=\"font-family: Avenir Next LT Pro, serif;\"><span style=\"font-size: small;\"><span lang=\"it-IT\"><b>VEDI SCHEDA RIASSUNTIVA<\/b><\/span><\/span><\/span><\/a><\/span><\/span><\/p>\n<p lang=\"en-GB\" align=\"JUSTIFY\"><span style=\"color: #000000;\"><span style=\"font-family: Minion Pro, serif;\"><a href=\"file:\/\/\/C:\\Users\\etv0121\\Downloads\\Downloads\\PROGETTI\\ASCANI\\0-2023%20GENERAZIONE2026\\0-evento-finale-programma\\CARTELLA%20STAMPA%202023\\OSPITI%20PREMIATI%20CON%20LA%20FICTS%20GdH.pdf\"><span style=\"font-family: Avenir Next LT Pro, serif;\"><span style=\"font-size: small;\"><span lang=\"it-IT\"><b>ELENCO PREMIATI\u00a0<\/b><\/span><\/span><\/span><\/a><b> <\/b><\/span><\/span><\/p>\n<p>_____<\/p>\n","protected":false},"excerpt":{"rendered":"<p>TREVISO\u00a0 Ed \u00e8 podio con il 1\u00b0 classificato per l&#8217;u. Cosmo Vittorio Veneto (Tv) nella superfinale delle staffette Classe 2. Femminile con (Meneghetti, Cazzari, Rossato Vetri, De Biasi) con un meraviglioso tempo di 2,07,82 . Sempre sul podio 3\u00b0 classificato l\u2019 IC Feltre (Bl) (Milone, Battistel, Venzin, Fantinel, Iritti) con un tempo di 2,12,87. Continuano&hellip;<\/p>\n","protected":false},"author":4,"featured_media":338120,"comment_status":"closed","ping_status":"closed","sticky":false,"template":"","format":"standard","meta":{"_monsterinsights_skip_tracking":false,"_monsterinsights_sitenote_active":false,"_monsterinsights_sitenote_note":"","_monsterinsights_sitenote_category":0,"footnotes":""},"categories":[49],"tags":[],"class_list":["post-338115","post","type-post","status-publish","format-standard","has-post-thumbnail","hentry","category-news-18","category-49","description-off"],"img_url":"https:\/\/www.radiopiu.net\/wordpress\/wp-content\/uploads\/2023\/05\/a3f09651-7a74-4cbb-8191-0b709e0dc5b0.jpg","_links":{"self":[{"href":"https:\/\/www.radiopiu.net\/wordpress\/wp-json\/wp\/v2\/posts\/338115","targetHints":{"allow":["GET"]}}],"collection":[{"href":"https:\/\/www.radiopiu.net\/wordpress\/wp-json\/wp\/v2\/posts"}],"about":[{"href":"https:\/\/www.radiopiu.net\/wordpress\/wp-json\/wp\/v2\/types\/post"}],"author":[{"embeddable":true,"href":"https:\/\/www.radiopiu.net\/wordpress\/wp-json\/wp\/v2\/users\/4"}],"replies":[{"embeddable":true,"href":"https:\/\/www.radiopiu.net\/wordpress\/wp-json\/wp\/v2\/comments?post=338115"}],"version-history":[{"count":0,"href":"https:\/\/www.radiopiu.net\/wordpress\/wp-json\/wp\/v2\/posts\/338115\/revisions"}],"wp:featuredmedia":[{"embeddable":true,"href":"https:\/\/www.radiopiu.net\/wordpress\/wp-json\/wp\/v2\/media\/338120"}],"wp:attachment":[{"href":"https:\/\/www.radiopiu.net\/wordpress\/wp-json\/wp\/v2\/media?parent=338115"}],"wp:term":[{"taxonomy":"category","embeddable":true,"href":"https:\/\/www.radiopiu.net\/wordpress\/wp-json\/wp\/v2\/categories?post=338115"},{"taxonomy":"post_tag","embeddable":true,"href":"https:\/\/www.radiopiu.net\/wordpress\/wp-json\/wp\/v2\/tags?post=338115"}],"curies":[{"name":"wp","href":"https:\/\/api.w.org\/{rel}","templated":true}]}}