{"id":338149,"date":"2023-05-30T11:13:40","date_gmt":"2023-05-30T09:13:40","guid":{"rendered":"https:\/\/www.radiopiu.net\/wordpress\/?p=338149"},"modified":"2023-05-30T11:43:49","modified_gmt":"2023-05-30T09:43:49","slug":"tirocini-post-lauream-per-25-neo-laureati","status":"publish","type":"post","link":"https:\/\/www.radiopiu.net\/wordpress\/tirocini-post-lauream-per-25-neo-laureati\/","title":{"rendered":"TIROCINI POST LAUREAM PER  25 NEO LAUREATI"},"content":{"rendered":"<p><strong><img loading=\"lazy\" decoding=\"async\" class=\"alignleft\" src=\"https:\/\/www.radiopiu.net\/wordpress\/wp-content\/uploads\/2023\/05\/Senza-nome-91.jpg\" width=\"281\" height=\"164\" \/>TREVISO <\/strong>Camera di Commercio di Treviso e Belluno e l&#8217;Universit\u00e0 Ca&#8217; Foscari di Venezia hanno rinnovato l&#8217;accordo per avviare 25 tirocini formativi e di orientamento destinati ai neo-laureati e alle neo-laureate delle universit\u00e0. Questi tirocini saranno offerti alle micro, piccole e medie imprese situate nei territori di Treviso e Belluno. La Camera di Commercio coinvolger\u00e0 le aziende associate appartenenti al settore specificato e fornir\u00e0 un contributo finanziario ai tirocinanti per integrare l&#8217;indennit\u00e0 di partecipazione gi\u00e0 fornita dalle aziende ospitanti. \u00a0Il presidente Mario Pozza sottolinea l&#8217;importanza del progetto &#8220;Crescere in azienda&#8221;, che offre alle imprese di Treviso e Belluno un canale privilegiato per entrare in contatto con giovani talentuosi appena laureati. Questa partnership strategica mira a favorire il dialogo tra le aziende e i neolaureati, offrendo loro opportunit\u00e0 di crescita e sviluppo professionale. I dettagli del progetto verranno presentati durante un webinar dal titolo <a href=\"https:\/\/www.tb.camcom.gov.it\/CCIAA_formazione.asp?cod=2211\" target=\"_blank\" rel=\"noopener\">\u201cCrescere in azienda &#8211; tirocini per neolaureati\u201d<\/a>,che si terr\u00e0 oggi dalle ore 14:30 alle 16:00 Iscrizione <a href=\"https:\/\/conference-web-it.zoom.us\/webinar\/register\/WN_nDWGh3ZXQuOhxwi0U7HWzg#\/registration\" target=\"_blank\" rel=\"noopener\">qui<\/a>.<\/p>\n<div class=\"group w-full text-gray-800 dark:text-gray-100 border-b border-black\/10 dark:border-gray-900\/50 bg-gray-50 dark:bg-[#444654]\">\n<div class=\"flex p-4 gap-4 text-base md:gap-6 md:max-w-2xl lg:max-w-xl xl:max-w-3xl md:py-6 lg:px-0 m-auto\">\n<div class=\"relative flex w-[calc(100%-50px)] flex-col gap-1 md:gap-3 lg:w-[calc(100%-115px)]\">\n<div class=\"flex justify-between lg:block\"><\/div>\n<\/div>\n<\/div>\n<\/div>\n<blockquote><p><i>Mi fa molto piacere rinnovare la collaborazione con la Camera di Commercio di Treviso e Belluno <\/i>dichiara Tiziana Lippiello, Rettrice dell\u2019Universit\u00e0 Ca\u2019 Foscari Venezia<i> &#8211; e offrire cos\u00ec nuove opportunit\u00e0 post lauream alle nostre studentesse e ai nostri studenti. Siamo sinceramente lieti di aver rinnovato la collaborazione con l\u2019Universit\u00e0 Ca\u2019 Foscari Venezia \u2013 <\/i>commenta\u00a0Mario Pozza, Presidente della Camera di Commercio di Treviso-Belluno|Dolomiti. <i>Sono diversi anni che puntiamo sul progetto \u201cCrescere in azienda\u201d. Ritengo, infatti,\u00a0 che sia\u00a0\u00a0assolutamente\u00a0 strategico proporre\u00a0 alle imprese di Treviso e Belluno, un canale privilegiato per favorire il dialogo con i giovani neolaureati di talento<\/i><\/p><\/blockquote>\n<p>A partire da met\u00e0 giugno, i dettagli del progetto, i requisiti per partecipare alla prossima selezione, le offerte di tirocinio delle aziende e le modalit\u00e0 di candidatura saranno consultabili all&#8217;interno dell&#8217;Area riservata del sito dell&#8217;Universit\u00e0. Tutti i riferimenti possono essere trovati nella <a href=\"https:\/\/www.tb.camcom.gov.it\/content\/14636\/ASL\/PlacementUniversitario\/\">pagina del progetto<\/a> presente nel sito camerale.<\/p>\n<p>&nbsp;<\/p>\n<p>&nbsp;<\/p>\n<hr \/>\n<p>&nbsp;<\/p>\n","protected":false},"excerpt":{"rendered":"<p>TREVISO Camera di Commercio di Treviso e Belluno e l&#8217;Universit\u00e0 Ca&#8217; Foscari di Venezia hanno rinnovato l&#8217;accordo per avviare 25 tirocini formativi e di orientamento destinati ai neo-laureati e alle neo-laureate delle universit\u00e0. Questi tirocini saranno offerti alle micro, piccole e medie imprese situate nei territori di Treviso e Belluno. La Camera di Commercio coinvolger\u00e0&hellip;<\/p>\n","protected":false},"author":4,"featured_media":338151,"comment_status":"closed","ping_status":"closed","sticky":false,"template":"","format":"standard","meta":{"_monsterinsights_skip_tracking":false,"_monsterinsights_sitenote_active":false,"_monsterinsights_sitenote_note":"","_monsterinsights_sitenote_category":0,"footnotes":""},"categories":[49],"tags":[],"class_list":["post-338149","post","type-post","status-publish","format-standard","has-post-thumbnail","hentry","category-news-18","category-49","description-off"],"img_url":"https:\/\/www.radiopiu.net\/wordpress\/wp-content\/uploads\/2023\/05\/Senza-nome-91.jpg","_links":{"self":[{"href":"https:\/\/www.radiopiu.net\/wordpress\/wp-json\/wp\/v2\/posts\/338149","targetHints":{"allow":["GET"]}}],"collection":[{"href":"https:\/\/www.radiopiu.net\/wordpress\/wp-json\/wp\/v2\/posts"}],"about":[{"href":"https:\/\/www.radiopiu.net\/wordpress\/wp-json\/wp\/v2\/types\/post"}],"author":[{"embeddable":true,"href":"https:\/\/www.radiopiu.net\/wordpress\/wp-json\/wp\/v2\/users\/4"}],"replies":[{"embeddable":true,"href":"https:\/\/www.radiopiu.net\/wordpress\/wp-json\/wp\/v2\/comments?post=338149"}],"version-history":[{"count":0,"href":"https:\/\/www.radiopiu.net\/wordpress\/wp-json\/wp\/v2\/posts\/338149\/revisions"}],"wp:featuredmedia":[{"embeddable":true,"href":"https:\/\/www.radiopiu.net\/wordpress\/wp-json\/wp\/v2\/media\/338151"}],"wp:attachment":[{"href":"https:\/\/www.radiopiu.net\/wordpress\/wp-json\/wp\/v2\/media?parent=338149"}],"wp:term":[{"taxonomy":"category","embeddable":true,"href":"https:\/\/www.radiopiu.net\/wordpress\/wp-json\/wp\/v2\/categories?post=338149"},{"taxonomy":"post_tag","embeddable":true,"href":"https:\/\/www.radiopiu.net\/wordpress\/wp-json\/wp\/v2\/tags?post=338149"}],"curies":[{"name":"wp","href":"https:\/\/api.w.org\/{rel}","templated":true}]}}