{"id":338274,"date":"2023-06-01T05:40:46","date_gmt":"2023-06-01T03:40:46","guid":{"rendered":"https:\/\/www.radiopiu.net\/wordpress\/?p=338274"},"modified":"2023-06-01T07:32:56","modified_gmt":"2023-06-01T05:32:56","slug":"giornale-radiopiu-01-giugno-2023-direttore-mirko-mezzacasaverso-i-40-anni-25-giugno-1983-25-giugno-2023","status":"publish","type":"post","link":"https:\/\/www.radiopiu.net\/wordpress\/giornale-radiopiu-01-giugno-2023-direttore-mirko-mezzacasaverso-i-40-anni-25-giugno-1983-25-giugno-2023\/","title":{"rendered":"GIORNALE RADIOPIU 01 GIUGNO 2023 DIRETTORE MIRKO MEZZACASA\u2026VERSO I 40 ANNI 25 GIUGNO 1983-25 GIUGNO 2023"},"content":{"rendered":"<h2 style=\"text-align: left;\"><span style=\"color: #ff0000;\"><span style=\"vertical-align: inherit;\"><a class=\"dt-pswp-item\" href=\"https:\/\/www.radiopiu.net\/wordpress\/wp-content\/uploads\/2023\/04\/e0aad41d-951e-47b9-9fae-1a879a9bcb7e-1.jpg\" data-dt-img-description=\"\" data-large_image_width=\"1200\" data-large_image_height=\"1200\"><img loading=\"lazy\" decoding=\"async\" class=\"wp-image-333205 alignleft\" src=\"https:\/\/www.radiopiu.net\/wordpress\/wp-content\/uploads\/2023\/04\/e0aad41d-951e-47b9-9fae-1a879a9bcb7e-1-300x300.jpg\" alt=\"\" width=\"110\" height=\"110\" srcset=\"https:\/\/www.radiopiu.net\/wordpress\/wp-content\/uploads\/2023\/04\/e0aad41d-951e-47b9-9fae-1a879a9bcb7e-1-300x300.jpg 300w, https:\/\/www.radiopiu.net\/wordpress\/wp-content\/uploads\/2023\/04\/e0aad41d-951e-47b9-9fae-1a879a9bcb7e-1-1024x1024.jpg 1024w, https:\/\/www.radiopiu.net\/wordpress\/wp-content\/uploads\/2023\/04\/e0aad41d-951e-47b9-9fae-1a879a9bcb7e-1-150x150.jpg 150w, https:\/\/www.radiopiu.net\/wordpress\/wp-content\/uploads\/2023\/04\/e0aad41d-951e-47b9-9fae-1a879a9bcb7e-1-768x768.jpg 768w, https:\/\/www.radiopiu.net\/wordpress\/wp-content\/uploads\/2023\/04\/e0aad41d-951e-47b9-9fae-1a879a9bcb7e-1.jpg 1200w\" sizes=\"auto, (max-width: 110px) 100vw, 110px\" \/><\/a><\/span><\/span><\/h2>\n<h2 style=\"text-align: left;\"><span style=\"color: #ff0000;\"><span style=\"vertical-align: inherit;\">ISCRIVITI AL NOSTRO CANALE\u00a0 <\/span><\/span><span style=\"vertical-align: inherit;\"> YOUTUBE PER SEGUIRE IN DIRETTA I PRINCIPALI PROGRAMMI DI RADIO PIU&#8217; E LE FUTURE DIRETTE IN ESTERNA. PER ISCRIVERTI <\/span><a style=\"color: #ff0000;\" href=\"https:\/\/youtube.com\/@radiopiu1527\"><span style=\"vertical-align: inherit;\">CLICCA QUI <\/span><\/a><span style=\"color: #ff0000; font-size: 14px; font-weight: normal;\"><span style=\"vertical-align: inherit;\">E PREMI\u00a0 &#8220;Iscriviti&#8221;\u00a0 \u00a0<\/span><\/span><\/h2>\n<p><strong>COME 40 ANNI FA.<\/strong>&#8230; quattro amici attorno al mixer, l&#8217;ultima puntata della prima stagione con Simonetta Tome&#8217;, Marco Gaz, Moreno Tocchetto, Mirko Mezzacasa.<br \/>\nOspiti: Ivan Dj Battaglia, la festa di sabato con gli studenti del Follador; Daniele Galligani e Marta Moretti, proloco Agordo: domenica la 4 pas in doi; Andrea Baldassi, al via il campionato agordino di calcio.<\/p>\n<p><iframe loading=\"lazy\" title=\"DEDICHE E RICHIESTE - 31 MAGGIO 2023\" width=\"1200\" height=\"675\" src=\"https:\/\/www.youtube.com\/embed\/zuRJTRnVGcU?feature=oembed\" frameborder=\"0\" allow=\"accelerometer; autoplay; clipboard-write; encrypted-media; gyroscope; picture-in-picture; web-share\" allowfullscreen><\/iframe><\/p>\n<hr \/>\n<p>&nbsp;<\/p>\n<blockquote>\n<h3>PROVINCIALE 26, VOLTAGO-RIVAMONTE CHIUSA PER QUATTRO GIORNI<\/h3>\n<\/blockquote>\n<blockquote>\n<h3><span style=\"color: #ff0000;\"><a class=\"dt-pswp-item\" href=\"https:\/\/www.radiopiu.net\/wordpress\/wp-content\/uploads\/2020\/05\/VENETO-STRADE.png\" data-dt-img-description=\"\" data-large_image_width=\"400\" data-large_image_height=\"400\"><img loading=\"lazy\" decoding=\"async\" class=\"wp-image-135574 alignleft\" src=\"https:\/\/www.radiopiu.net\/wordpress\/wp-content\/uploads\/2020\/05\/VENETO-STRADE-300x300.png\" alt=\"\" width=\"102\" height=\"102\" srcset=\"https:\/\/www.radiopiu.net\/wordpress\/wp-content\/uploads\/2020\/05\/VENETO-STRADE-300x300.png 300w, https:\/\/www.radiopiu.net\/wordpress\/wp-content\/uploads\/2020\/05\/VENETO-STRADE-150x150.png 150w, https:\/\/www.radiopiu.net\/wordpress\/wp-content\/uploads\/2020\/05\/VENETO-STRADE.png 400w\" sizes=\"auto, (max-width: 102px) 100vw, 102px\" \/><\/a>AGGIORNAMENTO QUOTIDIANO, IN\u00a0 COLLABORAZIONE CON VENETO STRADE<\/span><\/h3>\n<\/blockquote>\n<div class=\"flex-1 overflow-hidden\">\n<div class=\"react-scroll-to-bottom--css-blflc-79elbk h-full dark:bg-gray-800\">\n<div class=\"react-scroll-to-bottom--css-blflc-1n7m0yu\">\n<div class=\"flex flex-col items-center text-sm dark:bg-gray-800\">\n<div class=\"group w-full text-gray-800 dark:text-gray-100 border-b border-black\/10 dark:border-gray-900\/50 bg-gray-50 dark:bg-[#444654]\">\n<div class=\"flex p-4 gap-4 text-base md:gap-6 md:max-w-2xl lg:max-w-xl xl:max-w-3xl md:py-6 lg:px-0 m-auto\">\n<div class=\"relative flex flex-col w-[calc(100%-50px)] gap-1 md:gap-3 lg:w-[calc(100%-115px)]\">\n<div class=\"flex justify-between lg:block\">\n<div class=\"text-xs flex items-center justify-center gap-1 self-center pt-2 !invisible\"><\/div>\n<\/div>\n<\/div>\n<\/div>\n<\/div>\n<\/div>\n<\/div>\n<\/div>\n<\/div>\n<div class=\"absolute bottom-0 left-0 w-full border-t md:border-t-0 dark:border-white\/20 md:border-transparent md:dark:border-transparent md:bg-vert-light-gradient bg-white dark:bg-gray-800 md:!bg-transparent dark:md:bg-vert-dark-gradient pt-2\">\n<form class=\"stretch mx-2 flex flex-row gap-3 last:mb-2 md:mx-4 md:last:mb-6 lg:mx-auto lg:max-w-2xl xl:max-w-3xl\">\n<div class=\"relative flex h-full flex-1 items-stretch md:flex-col\">\n<div class=\"flex w-full items-center justify-center gap-2\">\n<blockquote><p><strong>SP 26 DI DIGOMAN<\/strong> localit\u00e0 Voltago,<span style=\"color: #800000;\"> dal 5 all&#8217;8 giugno<\/span> INTERDIZIONE\u00a0 totale in entrambi i sensi di marcia dalle 7.30 alle 17.30. Negli altri orari senso unico alternato<\/p><\/blockquote>\n<p><strong>PROROGA ORDINANZA: 346 DEL SAN PELLEGRINO INTERDETTA FINO AL 9 GIUGNO (IN ORARI DI LAVORO)<\/strong><\/p>\n<\/div>\n<\/div>\n<\/form>\n<\/div>\n<p><strong>FALCADE\u00a0<\/strong> Prorogata l&#8217;ordinanza in scadenza domani. La nuova data di fine lavori \u00e8 fissata al 9 giugno. Per questo la provinciale 346 del San Pellegrino sar\u00e0 chiusa totalmente alla circolazione nel tratto bivio Passo Valles-Zingari Bassi,\u00a0 dalle 8 alle 12 e dalle 13 alle 17, esclusi festivi, sabato e domenica. Durante le riapertura senso unico alternato.<\/p>\n<p>&nbsp;<\/p>\n<p>&nbsp;<\/p>\n<hr \/>\n<p>&nbsp;<\/p>\n<p align=\"CENTER\"><span style=\"color: #000000;\"><span style=\"font-family: Arial, serif;\"><span style=\"font-size: large;\"><b><a class=\"dt-pswp-item\" href=\"https:\/\/www.radiopiu.net\/wordpress\/wp-content\/uploads\/2023\/05\/SCALE-LAMBIOI.jpg\" data-dt-img-description=\"\" data-large_image_width=\"1280\" data-large_image_height=\"720\"><img loading=\"lazy\" decoding=\"async\" class=\"wp-image-334195 alignleft\" src=\"https:\/\/www.radiopiu.net\/wordpress\/wp-content\/uploads\/2023\/05\/SCALE-LAMBIOI-300x169.jpg\" alt=\"\" width=\"208\" height=\"117\" srcset=\"https:\/\/www.radiopiu.net\/wordpress\/wp-content\/uploads\/2023\/05\/SCALE-LAMBIOI-300x169.jpg 300w, https:\/\/www.radiopiu.net\/wordpress\/wp-content\/uploads\/2023\/05\/SCALE-LAMBIOI-1024x576.jpg 1024w, https:\/\/www.radiopiu.net\/wordpress\/wp-content\/uploads\/2023\/05\/SCALE-LAMBIOI-768x432.jpg 768w, https:\/\/www.radiopiu.net\/wordpress\/wp-content\/uploads\/2023\/05\/SCALE-LAMBIOI.jpg 1280w\" sizes=\"auto, (max-width: 208px) 100vw, 208px\" \/><\/a>CHIUSA PER UN MESE\u00a0 LA SCALA MOBILE DI LAMBIOI<\/b><\/span><\/span><\/span><\/p>\n<p><strong>BELLUNO <\/strong>La rampa centrale della scala mobile di Lambioi, nel tratto in discesa, \u00e8 chiusa. Gli utenti del parcheggio sono costretti anche per il prossimo mese a utilizzare le scale esterne. Si \u00e8 rotto un dispositivo che compromette il funzionamento del freno di emergenza e il\u00a0 materiale per la riparazione non \u00e8 disponibile. Avere il freno di emergenza con una sicurezza non funzionante,\u00a0 comporta un rischio serio nel caso in cui la scala debba essere fermata per qualsiasi ragione.<\/p>\n<p>&nbsp;<\/p>\n<p>&nbsp;<\/p>\n<hr \/>\n<p>&nbsp;<\/p>\n<blockquote>\n<h3 class=\"entry-title\"><span style=\"color: #ff0000;\"><a class=\"dt-pswp-item\" href=\"https:\/\/www.radiopiu.net\/wordpress\/wp-content\/uploads\/2023\/06\/226fe43b-75c6-49e2-8cdb-cddf5412ff70.jpg\" data-dt-img-description=\"\" data-large_image_width=\"720\" data-large_image_height=\"1280\"><img loading=\"lazy\" decoding=\"async\" class=\"wp-image-338437 alignleft\" src=\"https:\/\/www.radiopiu.net\/wordpress\/wp-content\/uploads\/2023\/06\/226fe43b-75c6-49e2-8cdb-cddf5412ff70-169x300.jpg\" alt=\"\" width=\"128\" height=\"227\" srcset=\"https:\/\/www.radiopiu.net\/wordpress\/wp-content\/uploads\/2023\/06\/226fe43b-75c6-49e2-8cdb-cddf5412ff70-169x300.jpg 169w, https:\/\/www.radiopiu.net\/wordpress\/wp-content\/uploads\/2023\/06\/226fe43b-75c6-49e2-8cdb-cddf5412ff70-576x1024.jpg 576w, https:\/\/www.radiopiu.net\/wordpress\/wp-content\/uploads\/2023\/06\/226fe43b-75c6-49e2-8cdb-cddf5412ff70.jpg 720w\" sizes=\"auto, (max-width: 128px) 100vw, 128px\" \/><\/a>SCOSSA DI TERREMOTO A BORGO VALBELLUNA<\/span><\/h3>\n<\/blockquote>\n<p><strong>REDAZIONE<\/strong> Ieri sera alle 20:42 \u00e8 stata registrata una scossa di terremoto a Borgo Valbelluna. Un leggero movimento\u00a0 di magnitudo 1.5. Epicentro a Trichiana con una profondit\u00e0 di 10, 2 km<\/p>\n<p>&nbsp;<\/p>\n<p>&nbsp;<\/p>\n<p>&nbsp;<\/p>\n<p>&nbsp;<\/p>\n<p>&nbsp;<\/p>\n<p>&nbsp;<\/p>\n<hr \/>\n<p>&nbsp;<\/p>\n<blockquote>\n<h3>INDAGINI AMPLIATE SUI FURTI DI BICICLETTE A FELTRE: UN ARRESTO E DIVIETO DI DIMORA<\/h3>\n<\/blockquote>\n<p><strong><a class=\"dt-pswp-item\" href=\"https:\/\/www.radiopiu.net\/wordpress\/wp-content\/uploads\/2019\/03\/bicicletta-mtb.jpg\" data-dt-img-description=\"\" data-large_image_width=\"885\" data-large_image_height=\"581\"><img loading=\"lazy\" decoding=\"async\" class=\"wp-image-78296 alignleft\" src=\"https:\/\/www.radiopiu.net\/wordpress\/wp-content\/uploads\/2019\/03\/bicicletta-mtb-300x197.jpg\" alt=\"\" width=\"238\" height=\"156\" srcset=\"https:\/\/www.radiopiu.net\/wordpress\/wp-content\/uploads\/2019\/03\/bicicletta-mtb-300x197.jpg 300w, https:\/\/www.radiopiu.net\/wordpress\/wp-content\/uploads\/2019\/03\/bicicletta-mtb-768x504.jpg 768w, https:\/\/www.radiopiu.net\/wordpress\/wp-content\/uploads\/2019\/03\/bicicletta-mtb.jpg 885w\" sizes=\"auto, (max-width: 238px) 100vw, 238px\" \/><\/a>FELTRE<\/strong>\u00a0 \u00a0La questura di Padova ha smantellato una banda specializzata nel furto di biciclette di pregio da garage privati e negozi.\u00a0 Un cittadino moldavo di 22 anni \u00e8 stato arrestato e un altro di 23 anni ha ricevuto il divieto di dimora in Veneto. Un serbo di 43 anni \u00e8 stato obbligato a rimanere a Breganze, nel Vicentino. Sono in corso indagini su altri sette sospettati. Solo nell&#8217;ultimo furto, i ladri hanno rubato 18 biciclette elettriche e tradizionali dal negozio di Gr Bike, per un valore di 110.000 euro. La banda utilizzava la stessa tecnica di lancio di un furgone in retromarcia per sfondare la vetrina del negozio.\u00a0 Ai membri della banda moldavi e serbo vengono contestati vari reati, tra cui furto, ricettazione e riciclaggio. Gli episodi di furto sono avvenuti in diverse province italiane e Feltre.<\/p>\n<div class=\"flex-1 overflow-hidden\">\n<div class=\"react-scroll-to-bottom--css-vgyly-79elbk h-full dark:bg-gray-800\">\n<div class=\"react-scroll-to-bottom--css-vgyly-1n7m0yu\">\n<div class=\"flex flex-col text-sm dark:bg-gray-800\">\n<div class=\"group w-full text-gray-800 dark:text-gray-100 border-b border-black\/10 dark:border-gray-900\/50 bg-gray-50 dark:bg-[#444654]\">\n<div class=\"flex p-4 gap-4 text-base md:gap-6 md:max-w-2xl lg:max-w-xl xl:max-w-3xl md:py-6 lg:px-0 m-auto\">\n<div class=\"relative flex w-[calc(100%-50px)] flex-col gap-1 md:gap-3 lg:w-[calc(100%-115px)]\">\n<div class=\"flex justify-between lg:block\">\n<div class=\"text-xs flex items-center justify-center gap-1 self-center pt-2 !invisible\"><\/div>\n<div><\/div>\n<div>\n<hr \/>\n<\/div>\n<div>\n<div class=\"flex-1 overflow-hidden\">\n<div class=\"react-scroll-to-bottom--css-vgyly-79elbk h-full dark:bg-gray-800\">\n<div class=\"react-scroll-to-bottom--css-vgyly-1n7m0yu\">\n<div class=\"flex flex-col text-sm dark:bg-gray-800\">\n<div class=\"group w-full text-gray-800 dark:text-gray-100 border-b border-black\/10 dark:border-gray-900\/50 bg-gray-50 dark:bg-[#444654]\">\n<div class=\"flex p-4 gap-4 text-base md:gap-6 md:max-w-2xl lg:max-w-xl xl:max-w-3xl md:py-6 lg:px-0 m-auto\">\n<div class=\"relative flex w-[calc(100%-50px)] flex-col gap-1 md:gap-3 lg:w-[calc(100%-115px)]\">\n<div class=\"flex flex-grow flex-col gap-3\">\n<div class=\"min-h-[20px] flex flex-col items-start gap-4 whitespace-pre-wrap break-words\">\n<div class=\"markdown prose w-full break-words dark:prose-invert light\">\n<blockquote>\n<hr \/>\n<hr \/>\n<hr \/>\n<hr \/>\n<hr \/>\n<hr \/>\n<hr \/>\n<hr \/>\n<hr \/>\n<hr \/>\n<hr \/>\n<hr \/>\n<hr \/>\n<hr \/>\n<hr \/>\n<h3><\/h3>\n<hr \/>\n<\/blockquote>\n<hr \/>\n<h3><\/h3>\n<h3>\u00a0IERI SERA DAL TG DI ANTENNA 3, CANALE 10 DIGITALE TERRESTRE. Ogni giorno alle 19 alla radio le anticipazioni del telegiornale in onda alle 19.30 a cura di Tiziana Bolognani.<\/h3>\n<blockquote>\n<h3 class=\"_title post-title entry-title\">BELLUNO | IMPIANTI NEVEGAL, IL COMUNE CHIEDE PROROGA DI 30 GIORNI PER L\u2019ACQUISTO<\/h3>\n<\/blockquote>\n<h3><\/h3>\n<p><iframe loading=\"lazy\" title=\"IMPIANTI NEVEGAL, IL COMUNE CHIEDE PROROGA DI 30 GIORNI PER L&#039;ACQUISTO | 31\/05\/2023\" width=\"1200\" height=\"675\" src=\"https:\/\/www.youtube.com\/embed\/MnYsmU4gptU?feature=oembed\" frameborder=\"0\" allow=\"accelerometer; autoplay; clipboard-write; encrypted-media; gyroscope; picture-in-picture; web-share\" allowfullscreen><\/iframe><\/p>\n<h3><\/h3>\n<p>&nbsp;<\/p>\n<hr \/>\n<blockquote>\n<h3><\/h3>\n<h3>Tariffe Tari 2023: Riduzione per le famiglie, aumento per la casa di riposo e supermercati<\/h3>\n<p><em><a class=\"dt-pswp-item\" href=\"https:\/\/www.radiopiu.net\/wordpress\/wp-content\/uploads\/2018\/03\/220px-Municipio_Santa_Giustina.jpg\" data-dt-img-description=\"\" data-large_image_width=\"220\" data-large_image_height=\"165\"><img loading=\"lazy\" decoding=\"async\" class=\"size-full wp-image-44829 alignleft\" src=\"https:\/\/www.radiopiu.net\/wordpress\/wp-content\/uploads\/2018\/03\/220px-Municipio_Santa_Giustina.jpg\" alt=\"\" width=\"220\" height=\"165\" \/><\/a>La casa di riposo di Meano subir\u00e0 un significativo aumento a causa della nuova classificazione, prevedendo un pagamento di circa 10.000 euro, ossia un incremento di quasi 7.000 euro rispetto al passato. Anche i supermercati e altre attivit\u00e0 simili subiranno un aumento dei costi, con un incremento del 4,70% complessivo per 19 attivit\u00e0 presenti nel territorio.<\/em><\/p><\/blockquote>\n<p><strong>SANTA GIUSTINA\u00a0<\/strong> Per il servizio di Bellunum Il Comune di Santa Giustina approva con il solo voto della maggioranza (contraria l&#8217;opposizione) la nuova tariffa della Tari 2023. Per una superficie di circa 100 metri quadri, la Tari per un nucleo familiare di una persona si riduce dell&#8217;1,67% rispetto al 2022, dell&#8217;1,71% per due persone, del 2,71% per tre e cos\u00ec via, fino a raggiungere una riduzione del 7,74% per i nuclei di sei persone. Per quanto riguarda le utenze non domestiche, si registra una riduzione generalizzata in media del 4%. Non ci saranno costi aggiuntivi per i\u00a0 conferimenti di pannolini e pannoloni.<\/p>\n<\/div>\n<\/div>\n<\/div>\n<\/div>\n<\/div>\n<\/div>\n<\/div>\n<\/div>\n<\/div>\n<\/div>\n<\/div>\n<\/div>\n<\/div>\n<\/div>\n<\/div>\n<\/div>\n<\/div>\n<\/div>\n<\/div>\n<p>&nbsp;<\/p>\n<hr \/>\n<p>&nbsp;<\/p>\n<blockquote>\n<h3>ULSS 1 DOLOMITI: INVESTIMENTI DEL PNRR PER OLTRE 20 MILIONI DI EURO<\/h3>\n<\/blockquote>\n<p><strong><a class=\"dt-pswp-item\" href=\"https:\/\/www.radiopiu.net\/wordpress\/wp-content\/uploads\/2023\/05\/DAL-BEN.jpg\" data-dt-img-description=\"\" data-large_image_width=\"277\" data-large_image_height=\"190\"><img loading=\"lazy\" decoding=\"async\" class=\" wp-image-336389 alignleft\" src=\"https:\/\/www.radiopiu.net\/wordpress\/wp-content\/uploads\/2023\/05\/DAL-BEN.jpg\" alt=\"\" width=\"163\" height=\"112\" \/><\/a>BELLUNO<\/strong><\/p>\n<p>di Moreno Gioli<\/p>\n<audio class=\"wp-audio-shortcode\" id=\"audio-338274-1\" preload=\"none\" style=\"width: 100%;\" controls=\"controls\"><source type=\"audio\/mpeg\" src=\"https:\/\/www.radiopiu.net\/wordpress\/wp-content\/uploads\/2023\/05\/sanita-pnrr.mp3?_=1\" \/><a href=\"https:\/\/www.radiopiu.net\/wordpress\/wp-content\/uploads\/2023\/05\/sanita-pnrr.mp3\">https:\/\/www.radiopiu.net\/wordpress\/wp-content\/uploads\/2023\/05\/sanita-pnrr.mp3<\/a><\/audio>\n<p>&nbsp;<\/p>\n<hr \/>\n<p>&nbsp;<\/p>\n<blockquote>\n<h3>L&#8217;AGGIORNAMENTO DELL&#8217;ULSS 1 DOLOMITI SU CANTIERI E LAVORI DEL PNRR<\/h3>\n<\/blockquote>\n<p><strong><a class=\"dt-pswp-item\" href=\"https:\/\/www.radiopiu.net\/wordpress\/wp-content\/uploads\/2021\/03\/ULSS-1.jpg\" data-dt-img-description=\"\" data-large_image_width=\"776\" data-large_image_height=\"408\"><img loading=\"lazy\" decoding=\"async\" class=\" wp-image-198838 alignleft\" src=\"https:\/\/www.radiopiu.net\/wordpress\/wp-content\/uploads\/2021\/03\/ULSS-1-300x158.jpg\" alt=\"\" width=\"196\" height=\"103\" srcset=\"https:\/\/www.radiopiu.net\/wordpress\/wp-content\/uploads\/2021\/03\/ULSS-1-300x158.jpg 300w, https:\/\/www.radiopiu.net\/wordpress\/wp-content\/uploads\/2021\/03\/ULSS-1-768x404.jpg 768w, https:\/\/www.radiopiu.net\/wordpress\/wp-content\/uploads\/2021\/03\/ULSS-1.jpg 776w\" sizes=\"auto, (max-width: 196px) 100vw, 196px\" \/><\/a>BELLUNO<\/strong> L&#8217;Ulss 1 Dolomiti ha presentato gli avanzamenti dei lavori nei vari ospedali della provincia di Belluno. Alla presenza del Comissario Giuseppe Dal Ben sono tanti i progetti presentati. Lavori del PNRR e cantieri gi\u00e0 aperti.<\/p>\n<p>&nbsp;<\/p>\n<p><span style=\"color: #0000ff;\"><strong>CASE DI COMUNITA&#8217;<\/strong><\/span><\/p>\n<p><em><strong>BELLUNO<\/strong><\/em> La nuova Casa di Comunit\u00e0 a Belluno, sar\u00e0 realizzata all\u2019interno dell\u2019esistente Presidio Ospedaliero, presso l\u2019 \u201cEx Convento Cistercense dei Santi Gervasio e Protasio\u201d<\/p>\n<p><em><strong>FELTRE <\/strong><\/em>Il progetto, redatto dalla societ\u00e0 di Ingegneria Areatecnica, prevede il rinforzo strutturale e la ristrutturazione del piano terra e del primo piano e l\u2019adeguamento antincendio.<\/p>\n<p><em><strong>AGORDO <\/strong><\/em>Il progetto, prevede la riqualificazione del primo piano dell\u2019ala ovest del corpo C del complesso Ospedaliero di Agordo, attualmente in disuso, oltre al miglioramento sismico del corpo che prevede lavorazioni puntuali a tutti i piani. Il progetto, prevede un intervento di ristrutturazione su una superficie totale di circa 507 mq.<\/p>\n<p><em><strong>PIEVE DI CADORE <\/strong><\/em>Il progetto prevede la ristrutturazione dei locali dell\u2019 ex Policonsultorio a Tai di Cadore, con la realizzazione di un nuovo layout dei locali e di nuove opere di finiture interne.<\/p>\n<p><span style=\"color: #0000ff;\"><strong>OSPEDALI DI COMUNITA&#8217;<\/strong><\/span><\/p>\n<p><em><strong>FELTRE <\/strong><\/em>L&#8217;intervento prevede la ristrutturazione di porzione del secondo piano del padiglione Guarnieri<\/p>\n<p><em><strong>AURONZO DI CADORE\u00a0 <\/strong><\/em>L&#8217;intervento prevede l\u2019adeguamento di una porzione del Centro Sanitario Polifunzionale<\/p>\n<p><em><strong>AGORDO <\/strong><\/em>Intervento puntuale di sostituzione infissi presso l&#8217;OdC esistente.17 posti letto da programmare.<\/p>\n<p>&nbsp;<\/p>\n<hr \/>\n<p>&nbsp;<\/p>\n<blockquote>\n<h3>GLI INCONTRI DEL COMMISSARIO DAL BEN<\/h3>\n<\/blockquote>\n<div class=\"flex flex-grow flex-col gap-3\">\n<div class=\"min-h-[20px] flex flex-col items-start gap-4 whitespace-pre-wrap break-words\">\n<div class=\"markdown prose w-full break-words dark:prose-invert light\">\n<p><strong>BELLUNO<\/strong> Nel corso degli ultimi giorni, il dr. Dal Ben, Commissario della Ulss1 Dolomiti, ha continuato la sua serie di incontri allo scopo di promuovere il dialogo e la collaborazione tra le diverse istituzioni del territorio. Due degli incontri pi\u00f9 recenti hanno coinvolto il signor Prefetto Mariano Savastano e SE mons. Renato Marangoni, Vescovo di Belluno Feltre. L&#8217;incontro con il signor Prefetto Mariano Savastano \u00e8 stato un&#8217;occasione per discutere e affrontare questioni di interesse comune tra il Commissario e l&#8217;autorit\u00e0 governativa locale. Successivamente, il dr. Dal Ben ha avuto l&#8217;onore di incontrare SE mons. Renato Marangoni, Vescovo di Belluno Feltre. Questo incontro ha avuto l&#8217;obiettivo di rafforzare il dialogo e la collaborazione tra la Chiesa e le istituzioni civili nella regione.\u00a0 L&#8217;iniziativa del Commissario Dal Ben nel promuovere questi incontri istituzionali testimonia la sua volont\u00e0 di favorire una cooperazione sinergica tra le varie autorit\u00e0 locali. Questa collaborazione mira a migliorare la qualit\u00e0 della vita dei cittadini e a favorire lo sviluppo sostenibile del territorio.<\/p>\n\n\t\t\t<style type='text\/css'>\n\t\t\t\t#gallery-1 {\n\t\t\t\t\tmargin: auto;\n\t\t\t\t}\n\t\t\t\t#gallery-1 .gallery-item {\n\t\t\t\t\tfloat: left;\n\t\t\t\t\tmargin-top: 10px;\n\t\t\t\t\ttext-align: center;\n\t\t\t\t\twidth: 50%;\n\t\t\t\t}\n\t\t\t\t#gallery-1 img {\n\t\t\t\t\tborder: 2px solid #cfcfcf;\n\t\t\t\t}\n\t\t\t\t#gallery-1 .gallery-caption {\n\t\t\t\t\tmargin-left: 0;\n\t\t\t\t}\n\t\t\t\t\/* see gallery_shortcode() in wp-includes\/media.php *\/\n\t\t\t<\/style>\n\t\t<div id='gallery-1' class='dt-gallery-container gallery galleryid-338274 gallery-columns-2 gallery-size-thumbnail'><dl class='gallery-item'>\n\t\t\t\t<dt class='gallery-icon landscape'>\n\t\t\t\t\t<a class=\"rollover rollover-zoom dt-pswp-item\" title=\"N\" data-dt-img-description=\"\" data-large_image_width=\"1496\" data-large_image_height=\"1496\"href='https:\/\/www.radiopiu.net\/wordpress\/wp-content\/uploads\/2023\/05\/N.jpg'><img loading=\"lazy\" decoding=\"async\" width=\"150\" height=\"150\" src=\"https:\/\/www.radiopiu.net\/wordpress\/wp-content\/uploads\/2023\/05\/N-150x150.jpg\" class=\"attachment-thumbnail size-thumbnail\" alt=\"\" srcset=\"https:\/\/www.radiopiu.net\/wordpress\/wp-content\/uploads\/2023\/05\/N-150x150.jpg 150w, https:\/\/www.radiopiu.net\/wordpress\/wp-content\/uploads\/2023\/05\/N-300x300.jpg 300w, https:\/\/www.radiopiu.net\/wordpress\/wp-content\/uploads\/2023\/05\/N-1024x1024.jpg 1024w, https:\/\/www.radiopiu.net\/wordpress\/wp-content\/uploads\/2023\/05\/N-768x768.jpg 768w, https:\/\/www.radiopiu.net\/wordpress\/wp-content\/uploads\/2023\/05\/N.jpg 1496w\" sizes=\"auto, (max-width: 150px) 100vw, 150px\" \/><\/a>\n\t\t\t\t<\/dt><\/dl><dl class='gallery-item'>\n\t\t\t\t<dt class='gallery-icon portrait'>\n\t\t\t\t\t<a class=\"rollover rollover-zoom dt-pswp-item\" title=\"M\" data-dt-img-description=\"\" data-large_image_width=\"1200\" data-large_image_height=\"1600\"href='https:\/\/www.radiopiu.net\/wordpress\/wp-content\/uploads\/2023\/05\/M-1.jpg'><img loading=\"lazy\" decoding=\"async\" width=\"150\" height=\"150\" src=\"https:\/\/www.radiopiu.net\/wordpress\/wp-content\/uploads\/2023\/05\/M-1-150x150.jpg\" class=\"attachment-thumbnail size-thumbnail\" alt=\"\" \/><\/a>\n\t\t\t\t<\/dt><\/dl><br style=\"clear: both\" \/>\n\t\t\t<\/div>\n\n<\/div>\n<p>&nbsp;<\/p>\n<\/div>\n<\/div>\n<p>&nbsp;<\/p>\n<hr \/>\n<p>&nbsp;<\/p>\n<blockquote>\n<h3>MASSIMO MURER HA GIURATO DA SINDACO DI CANALE D&#8217;AGORDO<\/h3>\n<\/blockquote>\n<p><strong>CANALE D&#8217;AGORDO<\/strong><\/p>\n<p>di Gianni Santomaso<\/p>\n<audio class=\"wp-audio-shortcode\" id=\"audio-338274-2\" preload=\"none\" style=\"width: 100%;\" controls=\"controls\"><source type=\"audio\/mpeg\" src=\"https:\/\/www.radiopiu.net\/wordpress\/wp-content\/uploads\/2023\/05\/GIANNI-MASSIMO-MURER.mp3?_=2\" \/><a href=\"https:\/\/www.radiopiu.net\/wordpress\/wp-content\/uploads\/2023\/05\/GIANNI-MASSIMO-MURER.mp3\">https:\/\/www.radiopiu.net\/wordpress\/wp-content\/uploads\/2023\/05\/GIANNI-MASSIMO-MURER.mp3<\/a><\/audio>\n<p>&nbsp;<\/p>\n\n\t\t\t<style type='text\/css'>\n\t\t\t\t#gallery-2 {\n\t\t\t\t\tmargin: auto;\n\t\t\t\t}\n\t\t\t\t#gallery-2 .gallery-item {\n\t\t\t\t\tfloat: left;\n\t\t\t\t\tmargin-top: 10px;\n\t\t\t\t\ttext-align: center;\n\t\t\t\t\twidth: 25%;\n\t\t\t\t}\n\t\t\t\t#gallery-2 img {\n\t\t\t\t\tborder: 2px solid #cfcfcf;\n\t\t\t\t}\n\t\t\t\t#gallery-2 .gallery-caption {\n\t\t\t\t\tmargin-left: 0;\n\t\t\t\t}\n\t\t\t\t\/* see gallery_shortcode() in wp-includes\/media.php *\/\n\t\t\t<\/style>\n\t\t<div id='gallery-2' class='dt-gallery-container gallery galleryid-338274 gallery-columns-4 gallery-size-medium'><dl class='gallery-item'>\n\t\t\t\t<dt class='gallery-icon landscape'>\n\t\t\t\t\t<a class=\"rollover rollover-zoom dt-pswp-item\" title=\"2fbd2bfe-9725-4da0-8fe6-6fd8592674d0\" data-dt-img-description=\"\" data-large_image_width=\"1600\" data-large_image_height=\"1200\"href='https:\/\/www.radiopiu.net\/wordpress\/wp-content\/uploads\/2023\/05\/2fbd2bfe-9725-4da0-8fe6-6fd8592674d0.jpg'><img loading=\"lazy\" decoding=\"async\" width=\"300\" height=\"225\" src=\"https:\/\/www.radiopiu.net\/wordpress\/wp-content\/uploads\/2023\/05\/2fbd2bfe-9725-4da0-8fe6-6fd8592674d0-300x225.jpg\" class=\"attachment-medium size-medium\" alt=\"\" srcset=\"https:\/\/www.radiopiu.net\/wordpress\/wp-content\/uploads\/2023\/05\/2fbd2bfe-9725-4da0-8fe6-6fd8592674d0-300x225.jpg 300w, https:\/\/www.radiopiu.net\/wordpress\/wp-content\/uploads\/2023\/05\/2fbd2bfe-9725-4da0-8fe6-6fd8592674d0-1024x768.jpg 1024w, https:\/\/www.radiopiu.net\/wordpress\/wp-content\/uploads\/2023\/05\/2fbd2bfe-9725-4da0-8fe6-6fd8592674d0-768x576.jpg 768w, https:\/\/www.radiopiu.net\/wordpress\/wp-content\/uploads\/2023\/05\/2fbd2bfe-9725-4da0-8fe6-6fd8592674d0-1536x1152.jpg 1536w, https:\/\/www.radiopiu.net\/wordpress\/wp-content\/uploads\/2023\/05\/2fbd2bfe-9725-4da0-8fe6-6fd8592674d0.jpg 1600w\" sizes=\"auto, (max-width: 300px) 100vw, 300px\" \/><\/a>\n\t\t\t\t<\/dt><\/dl><dl class='gallery-item'>\n\t\t\t\t<dt class='gallery-icon landscape'>\n\t\t\t\t\t<a class=\"rollover rollover-zoom dt-pswp-item\" title=\"cbc9c6ca-f359-40f5-a2da-40a46a66da4e\" data-dt-img-description=\"\" data-large_image_width=\"1600\" data-large_image_height=\"1200\"href='https:\/\/www.radiopiu.net\/wordpress\/wp-content\/uploads\/2023\/05\/cbc9c6ca-f359-40f5-a2da-40a46a66da4e.jpg'><img loading=\"lazy\" decoding=\"async\" width=\"300\" height=\"225\" src=\"https:\/\/www.radiopiu.net\/wordpress\/wp-content\/uploads\/2023\/05\/cbc9c6ca-f359-40f5-a2da-40a46a66da4e-300x225.jpg\" class=\"attachment-medium size-medium\" alt=\"\" srcset=\"https:\/\/www.radiopiu.net\/wordpress\/wp-content\/uploads\/2023\/05\/cbc9c6ca-f359-40f5-a2da-40a46a66da4e-300x225.jpg 300w, https:\/\/www.radiopiu.net\/wordpress\/wp-content\/uploads\/2023\/05\/cbc9c6ca-f359-40f5-a2da-40a46a66da4e-1024x768.jpg 1024w, https:\/\/www.radiopiu.net\/wordpress\/wp-content\/uploads\/2023\/05\/cbc9c6ca-f359-40f5-a2da-40a46a66da4e-768x576.jpg 768w, https:\/\/www.radiopiu.net\/wordpress\/wp-content\/uploads\/2023\/05\/cbc9c6ca-f359-40f5-a2da-40a46a66da4e-1536x1152.jpg 1536w, https:\/\/www.radiopiu.net\/wordpress\/wp-content\/uploads\/2023\/05\/cbc9c6ca-f359-40f5-a2da-40a46a66da4e.jpg 1600w\" sizes=\"auto, (max-width: 300px) 100vw, 300px\" \/><\/a>\n\t\t\t\t<\/dt><\/dl><dl class='gallery-item'>\n\t\t\t\t<dt class='gallery-icon landscape'>\n\t\t\t\t\t<a class=\"rollover rollover-zoom dt-pswp-item\" title=\"c628cff6-6c9a-4847-8496-09c2e2a7462a\" data-dt-img-description=\"\" data-large_image_width=\"1600\" data-large_image_height=\"1200\"href='https:\/\/www.radiopiu.net\/wordpress\/wp-content\/uploads\/2023\/05\/c628cff6-6c9a-4847-8496-09c2e2a7462a.jpg'><img loading=\"lazy\" decoding=\"async\" width=\"300\" height=\"225\" src=\"https:\/\/www.radiopiu.net\/wordpress\/wp-content\/uploads\/2023\/05\/c628cff6-6c9a-4847-8496-09c2e2a7462a-300x225.jpg\" class=\"attachment-medium size-medium\" alt=\"\" srcset=\"https:\/\/www.radiopiu.net\/wordpress\/wp-content\/uploads\/2023\/05\/c628cff6-6c9a-4847-8496-09c2e2a7462a-300x225.jpg 300w, https:\/\/www.radiopiu.net\/wordpress\/wp-content\/uploads\/2023\/05\/c628cff6-6c9a-4847-8496-09c2e2a7462a-1024x768.jpg 1024w, https:\/\/www.radiopiu.net\/wordpress\/wp-content\/uploads\/2023\/05\/c628cff6-6c9a-4847-8496-09c2e2a7462a-768x576.jpg 768w, https:\/\/www.radiopiu.net\/wordpress\/wp-content\/uploads\/2023\/05\/c628cff6-6c9a-4847-8496-09c2e2a7462a-1536x1152.jpg 1536w, https:\/\/www.radiopiu.net\/wordpress\/wp-content\/uploads\/2023\/05\/c628cff6-6c9a-4847-8496-09c2e2a7462a.jpg 1600w\" sizes=\"auto, (max-width: 300px) 100vw, 300px\" \/><\/a>\n\t\t\t\t<\/dt><\/dl><dl class='gallery-item'>\n\t\t\t\t<dt class='gallery-icon landscape'>\n\t\t\t\t\t<a class=\"rollover rollover-zoom dt-pswp-item\" title=\"d0089f7c-09f4-4677-9b56-4b90bcc9cb7e\" data-dt-img-description=\"\" data-large_image_width=\"1600\" data-large_image_height=\"1200\"href='https:\/\/www.radiopiu.net\/wordpress\/wp-content\/uploads\/2023\/05\/d0089f7c-09f4-4677-9b56-4b90bcc9cb7e.jpg'><img loading=\"lazy\" decoding=\"async\" width=\"300\" height=\"225\" src=\"https:\/\/www.radiopiu.net\/wordpress\/wp-content\/uploads\/2023\/05\/d0089f7c-09f4-4677-9b56-4b90bcc9cb7e-300x225.jpg\" class=\"attachment-medium size-medium\" alt=\"\" srcset=\"https:\/\/www.radiopiu.net\/wordpress\/wp-content\/uploads\/2023\/05\/d0089f7c-09f4-4677-9b56-4b90bcc9cb7e-300x225.jpg 300w, https:\/\/www.radiopiu.net\/wordpress\/wp-content\/uploads\/2023\/05\/d0089f7c-09f4-4677-9b56-4b90bcc9cb7e-1024x768.jpg 1024w, https:\/\/www.radiopiu.net\/wordpress\/wp-content\/uploads\/2023\/05\/d0089f7c-09f4-4677-9b56-4b90bcc9cb7e-768x576.jpg 768w, https:\/\/www.radiopiu.net\/wordpress\/wp-content\/uploads\/2023\/05\/d0089f7c-09f4-4677-9b56-4b90bcc9cb7e-1536x1152.jpg 1536w, https:\/\/www.radiopiu.net\/wordpress\/wp-content\/uploads\/2023\/05\/d0089f7c-09f4-4677-9b56-4b90bcc9cb7e.jpg 1600w\" sizes=\"auto, (max-width: 300px) 100vw, 300px\" \/><\/a>\n\t\t\t\t<\/dt><\/dl><br style=\"clear: both\" \/>\n\t\t\t<\/div>\n\n<p>&nbsp;<\/p>\n<p><strong>LA DIRETTA RADIO PIU&#8217;<\/strong><\/p>\n<p>https:\/\/www.facebook.com\/100056995117700\/videos\/3455056574765416<\/p>\n<p>&nbsp;<\/p>\n<p>&nbsp;<\/p>\n<p>&nbsp;<\/p>\n<hr \/>\n<p>&nbsp;<\/p>\n<blockquote>\n<h3>SILVANO SAVIO, CONSIGLIERE DI MINORANZA DI AGORDO, ESPRIME PREOCCUPAZIONE PER IL DISSESTO IDROGEOLOGICO DI ALCUNE ZONE DELLA CITTA&#8217;<\/h3>\n<\/blockquote>\n<p><strong>di Gianni Santomaso<\/strong><\/p>\n<audio class=\"wp-audio-shortcode\" id=\"audio-338274-3\" preload=\"none\" style=\"width: 100%;\" controls=\"controls\"><source type=\"audio\/mpeg\" src=\"https:\/\/www.radiopiu.net\/wordpress\/wp-content\/uploads\/2023\/05\/GIANNI-DISSESTO-SILVANO-SAVIO.mp3?_=3\" \/><a href=\"https:\/\/www.radiopiu.net\/wordpress\/wp-content\/uploads\/2023\/05\/GIANNI-DISSESTO-SILVANO-SAVIO.mp3\">https:\/\/www.radiopiu.net\/wordpress\/wp-content\/uploads\/2023\/05\/GIANNI-DISSESTO-SILVANO-SAVIO.mp3<\/a><\/audio>\n<p>&nbsp;<\/p>\n<p><strong>L&#8217;INTERVENTO\u00a0<\/strong><\/p>\n<p>del consigliere comunale Silvano Savio<\/p>\n<p><strong><a class=\"dt-pswp-item\" href=\"https:\/\/www.radiopiu.net\/wordpress\/wp-content\/uploads\/2023\/05\/file-2.jpg\" data-dt-img-description=\"\" data-large_image_width=\"489\" data-large_image_height=\"489\"><img loading=\"lazy\" decoding=\"async\" class=\" wp-image-338320 alignleft\" src=\"https:\/\/www.radiopiu.net\/wordpress\/wp-content\/uploads\/2023\/05\/file-2-300x300.jpg\" alt=\"\" width=\"248\" height=\"248\" srcset=\"https:\/\/www.radiopiu.net\/wordpress\/wp-content\/uploads\/2023\/05\/file-2-300x300.jpg 300w, https:\/\/www.radiopiu.net\/wordpress\/wp-content\/uploads\/2023\/05\/file-2-150x150.jpg 150w, https:\/\/www.radiopiu.net\/wordpress\/wp-content\/uploads\/2023\/05\/file-2.jpg 489w\" sizes=\"auto, (max-width: 248px) 100vw, 248px\" \/><\/a>AGORDO\u00a0<\/strong> Durante la seduta di Consiglio Comunale di Agordo del 29 maggio, nel contesto della discussione del Regolamento edilizio, ho ritenuto opportuno mettere in evidenza una problematica legata all&#8217;attivit\u00e0 edilizia in atto sul territorio comunale. Entrando nello specifico, nel 1997 l&#8217;Amministrazione Comunale ha dato incarico al Geologo Vittorio Fenti per lo svolgimento di uno studio puntuale su tutto il territorio comunale, a corredo del P.R.G.il quale \u00e8 stato poi approvat. Lo studio geologico, eseguito attraverso studi approfonditi, ha messo in evidenza delle aree con forte problematica idrogeologica, che si presentano in modo puntiforme e distribuite sostanzialmente nelle zone di Faion, Pragrande, Col di Foglia e definite nella carta tecnica come: &#8220;<em>terreno pessimo, con morfologia molto sfavorevole, con dissesti in atto&#8230;aree gessose soggette a cedimento doliniforme in atto&#8230;&#8221;. <\/em>In buona sostanza sono aree dove sono state accertate delle importanti attivit\u00e0 erosive dovute alla presenza di gessi che hanno la caratteristica di essere idrosolubili e conseguente formazione di vuoti nel sottosuolo. In queste zone negli ultimi anni \u00e8 posta in atto una importante attivit\u00e0 edilizia di tipo residenziale e, a quanto pare, alcune abitazioni presenterebbero gi\u00e0, a distanza di poco tempo, problemi strutturali. Il Dott. Vittorio Fenti, forte anche della sua indiscussa competenza e fama a livello internazionale, ha pi\u00f9 volte ribadito in occasione di pubbliche assemblee il proprio disappunto in merito. Da tempo aleggia sulla &#8220;Piazza di Agordo&#8221; un malumore popolare, causato dal modo di vedere e gestire queste situazioni, malumore che mi sento di condividere e che ho ritenuto di istituzionalizzare in sede di consiglio comunale. A tal fine mi coglie spontanea una riflessione, riferita ad una possibile, pregressa e viziata sorveglianza tecnica, istituzionale ma anche morale, all&#8217;interno del Palazzo Comunale di Agordo.<\/p>\n<p><em>Silvano Savio- Consigliere Comunale Agordo\u00a0<\/em><\/p>\n<p>&nbsp;<\/p>\n<hr \/>\n<p>&nbsp;<\/p>\n<blockquote>\n<h3>DILLO A RADIO&#8230;LE AUTORIZZAZIONI EDILIZIE AD AGORDO<\/h3>\n<\/blockquote>\n<p><a class=\"dt-pswp-item\" href=\"https:\/\/www.radiopiu.net\/wordpress\/wp-content\/uploads\/2020\/03\/CONSIGLIO-AGORDO.jpg\" data-dt-img-description=\"\" data-large_image_width=\"1477\" data-large_image_height=\"832\"><img loading=\"lazy\" decoding=\"async\" class=\"size-medium wp-image-122996 alignleft\" src=\"https:\/\/www.radiopiu.net\/wordpress\/wp-content\/uploads\/2020\/03\/CONSIGLIO-AGORDO-300x169.jpg\" alt=\"\" width=\"300\" height=\"169\" srcset=\"https:\/\/www.radiopiu.net\/wordpress\/wp-content\/uploads\/2020\/03\/CONSIGLIO-AGORDO-300x169.jpg 300w, https:\/\/www.radiopiu.net\/wordpress\/wp-content\/uploads\/2020\/03\/CONSIGLIO-AGORDO-1024x577.jpg 1024w, https:\/\/www.radiopiu.net\/wordpress\/wp-content\/uploads\/2020\/03\/CONSIGLIO-AGORDO-768x433.jpg 768w, https:\/\/www.radiopiu.net\/wordpress\/wp-content\/uploads\/2020\/03\/CONSIGLIO-AGORDO.jpg 1477w\" sizes=\"auto, (max-width: 300px) 100vw, 300px\" \/><\/a><strong>Riceviamo e pubblichiamo alcune considerazione di Alberto Curti in merito all&#8217;intervento di Silvano Savio in consiglio comunale ad Agordo riguardante la gestione delle autorizzazioni edilizie in alcune zone della citt\u00e0.<\/strong><\/p>\n<blockquote><p><em>Un consigliere comunale ha pubblicato un intervento molto critico sulla gestione delle autorizzazioni edilizie in comune di Agordo, relativamente a zone di pericolosit\u00e0 geologica. Cio\u00e8, in questi anni, sarebbe stato consentito costruire abitazioni in luoghi ove una perizia tecnica, redatta da un esperto geologo per conto dello stesso Comune, avrebbe sconsigliato di edificare. In questo modo sarebbero sorti immobili in siti non adatti, mettendo a repentaglio la stabilit\u00e0 degli stessi ,nonch\u00e8 la sicurezza di chi vi abita, per il conseguente pericolo di crolli. Io ritengo che sarebbe opportuno fare luce su questo problema di interesse generale. Per far luce, e quindi esprimere conseguentemente un giudizio sul ruolo degli Amministratori e Tecnici comunali, sarebbe per\u00f2 importante avere alcune informazioni. Queste possono agevolmente essere fornite dagli attuali Amministratori, compreso lo stesso Consigliere comunale che ha sollevato il problema. La relazione geologica del professor Fenti era allegata al Piano Regolatore approvato dal Consiglio comunale? \u00a0 \u00a0 \u00a0Cosa prescriveva, tecnicamente, nei siti interessati dal &#8220;fenomeno gessi&#8221; ? Il Piano Regolatore ha tenuto conto di quelle prescrizioni ,e ha previsto nelle Carte Tecniche del PRG &#8220;zone edificabili&#8221; , oppure &#8220;zone non edificabili&#8221;? \u00a0 \u00a0 \u00a0 In che \u00a0anno \u00e8 stato approvato il PRG, e da quale Amministrazione (Sindaco e Giunta)? Se tali zone risultano &#8220;edificabili&#8221;, le attuali costruzioni sono legittime per il costuttore, ma appare evidente una responsabilit\u00e0 (&#8230;.solo politica&#8230;..?) da parte di Amministratori che non hanno rispettato le Prescrizioni tecniche della documentazione geologica richiesta per redigere il PRG. Se nel PRG le citate zone risultano &#8221; non edificabili &#8220;, la domanda conseguenziale \u00e8 : &#8221; come \u00e8 possibile che il Comune abbia dato le autorizzazioni edilizie ?&#8221; Tutto questo dovrebbe essere chiarito \u00a0a \u00a0livello amministrativo e anche nei confronti dei cittadini, dopo di che ognuno potr\u00e0 fare le proprie valutazioni tecniche, politiche e morali<\/em><\/p>\n<p><em>Alberto Curti<\/em><\/p><\/blockquote>\n<p>&nbsp;<\/p>\n<p>&nbsp;<\/p>\n<hr \/>\n<p>&nbsp;<\/p>\n<blockquote>\n<h3>UN MILIONE DI EURO PER RENDERE PIU&#8217; BELLO IL CENTRO DI BELLUNO<\/h3>\n<\/blockquote>\n<p><strong><a class=\"dt-pswp-item\" href=\"https:\/\/www.radiopiu.net\/wordpress\/wp-content\/uploads\/2022\/12\/PALAZZO-ROSSO.png\" data-dt-img-description=\"\" data-large_image_width=\"2076\" data-large_image_height=\"1328\"><img loading=\"lazy\" decoding=\"async\" class=\" wp-image-313801 alignleft\" src=\"https:\/\/www.radiopiu.net\/wordpress\/wp-content\/uploads\/2022\/12\/PALAZZO-ROSSO-300x192.png\" alt=\"\" width=\"195\" height=\"125\" srcset=\"https:\/\/www.radiopiu.net\/wordpress\/wp-content\/uploads\/2022\/12\/PALAZZO-ROSSO-300x192.png 300w, https:\/\/www.radiopiu.net\/wordpress\/wp-content\/uploads\/2022\/12\/PALAZZO-ROSSO-1024x655.png 1024w, https:\/\/www.radiopiu.net\/wordpress\/wp-content\/uploads\/2022\/12\/PALAZZO-ROSSO-768x491.png 768w, https:\/\/www.radiopiu.net\/wordpress\/wp-content\/uploads\/2022\/12\/PALAZZO-ROSSO-1536x983.png 1536w, https:\/\/www.radiopiu.net\/wordpress\/wp-content\/uploads\/2022\/12\/PALAZZO-ROSSO-2048x1310.png 2048w\" sizes=\"auto, (max-width: 195px) 100vw, 195px\" \/><\/a>BELLUNO<\/strong><\/p>\n<p>di Moreno Gioli<\/p>\n<audio class=\"wp-audio-shortcode\" id=\"audio-338274-4\" preload=\"none\" style=\"width: 100%;\" controls=\"controls\"><source type=\"audio\/mpeg\" src=\"https:\/\/www.radiopiu.net\/wordpress\/wp-content\/uploads\/2023\/05\/GIOLI-progetti-rigenerazione-urbana.mp3?_=4\" \/><a href=\"https:\/\/www.radiopiu.net\/wordpress\/wp-content\/uploads\/2023\/05\/GIOLI-progetti-rigenerazione-urbana.mp3\">https:\/\/www.radiopiu.net\/wordpress\/wp-content\/uploads\/2023\/05\/GIOLI-progetti-rigenerazione-urbana.mp3<\/a><\/audio>\n<p>&nbsp;<\/p>\n<hr \/>\n<p>&nbsp;<\/p>\n<blockquote>\n<h3>PRESENTATO &#8220;IL MIO DIARIO&#8221;, L&#8217;AGENDA SCOLASTICA DELLA POLIZIA DI STATO<\/h3>\n<\/blockquote>\n<p><b><a class=\"dt-pswp-item\" href=\"https:\/\/www.radiopiu.net\/wordpress\/wp-content\/uploads\/2023\/05\/7ce32bdc-2ca2-4957-a9b3-20a481fe61ed.jpg\" data-dt-img-description=\"\" data-large_image_width=\"2048\" data-large_image_height=\"1536\"><img loading=\"lazy\" decoding=\"async\" class=\" wp-image-338357 alignleft\" src=\"https:\/\/www.radiopiu.net\/wordpress\/wp-content\/uploads\/2023\/05\/7ce32bdc-2ca2-4957-a9b3-20a481fe61ed-300x225.jpg\" alt=\"\" width=\"149\" height=\"112\" srcset=\"https:\/\/www.radiopiu.net\/wordpress\/wp-content\/uploads\/2023\/05\/7ce32bdc-2ca2-4957-a9b3-20a481fe61ed-300x225.jpg 300w, https:\/\/www.radiopiu.net\/wordpress\/wp-content\/uploads\/2023\/05\/7ce32bdc-2ca2-4957-a9b3-20a481fe61ed-1024x768.jpg 1024w, https:\/\/www.radiopiu.net\/wordpress\/wp-content\/uploads\/2023\/05\/7ce32bdc-2ca2-4957-a9b3-20a481fe61ed-768x576.jpg 768w, https:\/\/www.radiopiu.net\/wordpress\/wp-content\/uploads\/2023\/05\/7ce32bdc-2ca2-4957-a9b3-20a481fe61ed-1536x1152.jpg 1536w, https:\/\/www.radiopiu.net\/wordpress\/wp-content\/uploads\/2023\/05\/7ce32bdc-2ca2-4957-a9b3-20a481fe61ed.jpg 2048w\" sizes=\"auto, (max-width: 149px) 100vw, 149px\" \/><\/a>PONTE NELLE ALPI <\/b>Belluno \u00e8 una delle 22 province italiane scelte dalla Polizia di Stato per la consegna de \u201cIl mio Diario\u201d, l&#8217;agenda scolastica che tratta temi di cittadinanza attiva, legalit\u00e0 e ambiente. La cerimonia di consegna alla scuola di Canevoi di Ponte nelle Alpi.<\/p>\n<p><strong>di Daniele Dalvit<\/strong><\/p>\n<audio class=\"wp-audio-shortcode\" id=\"audio-338274-5\" preload=\"none\" style=\"width: 100%;\" controls=\"controls\"><source type=\"audio\/mpeg\" src=\"https:\/\/www.radiopiu.net\/wordpress\/wp-content\/uploads\/2023\/05\/Radio-Piu-Servizio-Diario-Questura-Ponte-nelle-Alpi.mp3?_=5\" \/><a href=\"https:\/\/www.radiopiu.net\/wordpress\/wp-content\/uploads\/2023\/05\/Radio-Piu-Servizio-Diario-Questura-Ponte-nelle-Alpi.mp3\">https:\/\/www.radiopiu.net\/wordpress\/wp-content\/uploads\/2023\/05\/Radio-Piu-Servizio-Diario-Questura-Ponte-nelle-Alpi.mp3<\/a><\/audio>\n<p>&nbsp;<\/p>\n<hr \/>\n<p>&nbsp;<\/p>\n<blockquote>\n<h3>AGENTI DI POLIZIA LOCALE DA VARIE PARTI DEL VENETO, E OLTRE, A FELTRE PER UN INCONTRO DI FORMAZIONE SULLA MOBILIT\u00c0 ELETTRICA<\/h3>\n<\/blockquote>\n<p><strong>FELTRE <\/strong>La sala Ocri ha ospitato un incontro di formazione promosso dal Comune di Feltre e dal locale Comando di Polizia Locale, in collaborazione con l&#8217;ANVU, l&#8217;Associazione Professionale Polizia Locale d&#8217;Italia, sul tema \u201cMobilit\u00e0 elettrica e sicurezza stradale: strumenti di contrasto alle violazioni e verifica delle caratteristiche tecniche\u201d. Al centro dell&#8217;appuntamento gli aspetti normativi, alcuni dei quali ancora da definire con precisione, relativi all&#8217;utilizzo di monopattini, e-bike, bighe e altri mezzi di locomozione a propulsione elettrica, utilizzati soprattutto in ambito cittadino.<\/p>\n\n\t\t\t<style type='text\/css'>\n\t\t\t\t#gallery-3 {\n\t\t\t\t\tmargin: auto;\n\t\t\t\t}\n\t\t\t\t#gallery-3 .gallery-item {\n\t\t\t\t\tfloat: left;\n\t\t\t\t\tmargin-top: 10px;\n\t\t\t\t\ttext-align: center;\n\t\t\t\t\twidth: 33%;\n\t\t\t\t}\n\t\t\t\t#gallery-3 img {\n\t\t\t\t\tborder: 2px solid #cfcfcf;\n\t\t\t\t}\n\t\t\t\t#gallery-3 .gallery-caption {\n\t\t\t\t\tmargin-left: 0;\n\t\t\t\t}\n\t\t\t\t\/* see gallery_shortcode() in wp-includes\/media.php *\/\n\t\t\t<\/style>\n\t\t<div id='gallery-3' class='dt-gallery-container gallery galleryid-338274 gallery-columns-3 gallery-size-medium'><dl class='gallery-item'>\n\t\t\t\t<dt class='gallery-icon landscape'>\n\t\t\t\t\t<a class=\"rollover rollover-zoom dt-pswp-item\" title=\"Formazione Polizia Locale Feltre 1\" data-dt-img-description=\"\" data-large_image_width=\"1920\" data-large_image_height=\"1080\"href='https:\/\/www.radiopiu.net\/wordpress\/wp-content\/uploads\/2023\/05\/Formazione-Polizia-Locale-Feltre-1.jpg'><img loading=\"lazy\" decoding=\"async\" width=\"300\" height=\"169\" src=\"https:\/\/www.radiopiu.net\/wordpress\/wp-content\/uploads\/2023\/05\/Formazione-Polizia-Locale-Feltre-1-300x169.jpg\" class=\"attachment-medium size-medium\" alt=\"\" srcset=\"https:\/\/www.radiopiu.net\/wordpress\/wp-content\/uploads\/2023\/05\/Formazione-Polizia-Locale-Feltre-1-300x169.jpg 300w, https:\/\/www.radiopiu.net\/wordpress\/wp-content\/uploads\/2023\/05\/Formazione-Polizia-Locale-Feltre-1-1024x576.jpg 1024w, https:\/\/www.radiopiu.net\/wordpress\/wp-content\/uploads\/2023\/05\/Formazione-Polizia-Locale-Feltre-1-768x432.jpg 768w, https:\/\/www.radiopiu.net\/wordpress\/wp-content\/uploads\/2023\/05\/Formazione-Polizia-Locale-Feltre-1-1536x864.jpg 1536w, https:\/\/www.radiopiu.net\/wordpress\/wp-content\/uploads\/2023\/05\/Formazione-Polizia-Locale-Feltre-1.jpg 1920w\" sizes=\"auto, (max-width: 300px) 100vw, 300px\" \/><\/a>\n\t\t\t\t<\/dt><\/dl><dl class='gallery-item'>\n\t\t\t\t<dt class='gallery-icon landscape'>\n\t\t\t\t\t<a class=\"rollover rollover-zoom dt-pswp-item\" title=\"Formazione Polizia Locale Feltre 2\" data-dt-img-description=\"\" data-large_image_width=\"1920\" data-large_image_height=\"1080\"href='https:\/\/www.radiopiu.net\/wordpress\/wp-content\/uploads\/2023\/05\/Formazione-Polizia-Locale-Feltre-2.jpg'><img loading=\"lazy\" decoding=\"async\" width=\"300\" height=\"169\" src=\"https:\/\/www.radiopiu.net\/wordpress\/wp-content\/uploads\/2023\/05\/Formazione-Polizia-Locale-Feltre-2-300x169.jpg\" class=\"attachment-medium size-medium\" alt=\"\" srcset=\"https:\/\/www.radiopiu.net\/wordpress\/wp-content\/uploads\/2023\/05\/Formazione-Polizia-Locale-Feltre-2-300x169.jpg 300w, https:\/\/www.radiopiu.net\/wordpress\/wp-content\/uploads\/2023\/05\/Formazione-Polizia-Locale-Feltre-2-1024x576.jpg 1024w, https:\/\/www.radiopiu.net\/wordpress\/wp-content\/uploads\/2023\/05\/Formazione-Polizia-Locale-Feltre-2-768x432.jpg 768w, https:\/\/www.radiopiu.net\/wordpress\/wp-content\/uploads\/2023\/05\/Formazione-Polizia-Locale-Feltre-2-1536x864.jpg 1536w, https:\/\/www.radiopiu.net\/wordpress\/wp-content\/uploads\/2023\/05\/Formazione-Polizia-Locale-Feltre-2.jpg 1920w\" sizes=\"auto, (max-width: 300px) 100vw, 300px\" \/><\/a>\n\t\t\t\t<\/dt><\/dl><dl class='gallery-item'>\n\t\t\t\t<dt class='gallery-icon landscape'>\n\t\t\t\t\t<a class=\"rollover rollover-zoom dt-pswp-item\" title=\"Formazione Polizia Locale Feltre 3\" data-dt-img-description=\"\" data-large_image_width=\"1920\" data-large_image_height=\"1080\"href='https:\/\/www.radiopiu.net\/wordpress\/wp-content\/uploads\/2023\/05\/Formazione-Polizia-Locale-Feltre-3.jpg'><img loading=\"lazy\" decoding=\"async\" width=\"300\" height=\"169\" src=\"https:\/\/www.radiopiu.net\/wordpress\/wp-content\/uploads\/2023\/05\/Formazione-Polizia-Locale-Feltre-3-300x169.jpg\" class=\"attachment-medium size-medium\" alt=\"\" srcset=\"https:\/\/www.radiopiu.net\/wordpress\/wp-content\/uploads\/2023\/05\/Formazione-Polizia-Locale-Feltre-3-300x169.jpg 300w, https:\/\/www.radiopiu.net\/wordpress\/wp-content\/uploads\/2023\/05\/Formazione-Polizia-Locale-Feltre-3-1024x576.jpg 1024w, https:\/\/www.radiopiu.net\/wordpress\/wp-content\/uploads\/2023\/05\/Formazione-Polizia-Locale-Feltre-3-768x432.jpg 768w, https:\/\/www.radiopiu.net\/wordpress\/wp-content\/uploads\/2023\/05\/Formazione-Polizia-Locale-Feltre-3-1536x864.jpg 1536w, https:\/\/www.radiopiu.net\/wordpress\/wp-content\/uploads\/2023\/05\/Formazione-Polizia-Locale-Feltre-3.jpg 1920w\" sizes=\"auto, (max-width: 300px) 100vw, 300px\" \/><\/a>\n\t\t\t\t<\/dt><\/dl><br style=\"clear: both\" \/>\n\t\t\t<\/div>\n\n<p>&nbsp;<\/p>\n<p>&nbsp;<\/p>\n<hr \/>\n<p>&nbsp;<\/p>\n<blockquote>\n<h3><span style=\"color: #000000;\">2 GIUGNO, EVENTI<\/span><\/h3>\n<p><strong><span style=\"color: #ff0000;\">Cerimonie in occasione del 77\u00b0<\/span> anniversario della <span style=\"color: #339966;\">Festa della Repubblica<\/span><\/strong><\/p>\n<p>&nbsp;<\/p>\n<p><strong><a class=\"dt-pswp-item\" href=\"https:\/\/www.radiopiu.net\/wordpress\/wp-content\/uploads\/2021\/06\/68d028ad-2468-42a2-a92d-95fbdaa97527.jpg\" data-dt-img-description=\"\" data-large_image_width=\"1024\" data-large_image_height=\"768\"><img loading=\"lazy\" decoding=\"async\" class=\" wp-image-213618 alignleft\" src=\"https:\/\/www.radiopiu.net\/wordpress\/wp-content\/uploads\/2021\/06\/68d028ad-2468-42a2-a92d-95fbdaa97527-300x225.jpg\" alt=\"\" width=\"248\" height=\"186\" srcset=\"https:\/\/www.radiopiu.net\/wordpress\/wp-content\/uploads\/2021\/06\/68d028ad-2468-42a2-a92d-95fbdaa97527-300x225.jpg 300w, https:\/\/www.radiopiu.net\/wordpress\/wp-content\/uploads\/2021\/06\/68d028ad-2468-42a2-a92d-95fbdaa97527-768x576.jpg 768w, https:\/\/www.radiopiu.net\/wordpress\/wp-content\/uploads\/2021\/06\/68d028ad-2468-42a2-a92d-95fbdaa97527.jpg 1024w\" sizes=\"auto, (max-width: 248px) 100vw, 248px\" \/><\/a>BELLUNO<\/strong> Domani alle 10<strong>, <\/strong>in Piazza Vittorio Emanuele\u00a0 verranno resi gli onori al Prefetto da parte di un Picchetto d\u2019Onore Interforze e alle 10.15 in Piazza dei Martiri si terr\u00e0 la cerimonia dell\u2019alzabandiera sulle note dell\u2019Inno d\u2019Italia cui seguir\u00e0 la lettura da parte del Prefetto, Mariano Savastano, del messaggio originale inviato per l\u2019occasione dal Presidente della Repubblica ai Prefetti e, per loro tramite, agli amministratori locali. Alle ore 11.00 in Piazza Duomo la \u201cFilarmonica di Belluno 1867\u201d intratterr\u00e0 la cittadinanza e sulle note dell\u2019Inno nazionale i Vigili del Fuoco isseranno il Tricolore sulla Torre dell\u2019orologio di Palazzo dei Rettori. Dalle ore 9 alle ore 12 in Piazza Duomo sar\u00e0 allestita un\u2019esposizione di veicoli in dotazione all\u2019Esercito,\u00a0 Carabinieri, Guardia di Finanza, Polizia di Stato, Polizia Penitenziaria, Vigili del Fuoco e Polizia Locale. La Festa della Repubblica sar\u00e0 anche l\u2019occasione per consegnare oggi\u00a0 \u00a0alle 17.30 a Palazzo dei Rettori, le onorificenze dell\u2019Ordine \u201cAl Merito della Repubblica Italiana\u201d e le \u201cMedaglie d\u2019Onore\u201d agli insigniti.<\/p><\/blockquote>\n<p><strong><a class=\"dt-pswp-item\" href=\"https:\/\/www.radiopiu.net\/wordpress\/wp-content\/uploads\/2023\/05\/image004.jpg\" data-dt-img-description=\"\" data-large_image_width=\"378\" data-large_image_height=\"284\"><img loading=\"lazy\" decoding=\"async\" class=\"size-medium wp-image-338159 alignleft\" src=\"https:\/\/www.radiopiu.net\/wordpress\/wp-content\/uploads\/2023\/05\/image004-300x225.jpg\" alt=\"\" width=\"300\" height=\"225\" srcset=\"https:\/\/www.radiopiu.net\/wordpress\/wp-content\/uploads\/2023\/05\/image004-300x225.jpg 300w, https:\/\/www.radiopiu.net\/wordpress\/wp-content\/uploads\/2023\/05\/image004.jpg 378w\" sizes=\"auto, (max-width: 300px) 100vw, 300px\" \/><\/a><br \/>\n<\/strong><\/p>\n<h3>A FELTRE SCENDE IN PIAZZA LA BANDA<\/h3>\n<p><strong>FELTRE<\/strong> Per la festa della Repubblica domani alle 17.30 in Piazza Maggiore dopo l&#8217;inno Nazionale il saluto dell&#8217;amministrazione comunale e delle autorit\u00e0, quindi il concerto della Banda Citt\u00e0 di feltre<\/p>\n<p>&nbsp;<\/p>\n<blockquote>\n<h3>Festa della Repubblica a Limana all\u2019insegna dei giovani:<\/h3>\n<\/blockquote>\n<p><strong><a class=\"dt-pswp-item\" href=\"https:\/\/www.radiopiu.net\/wordpress\/wp-content\/uploads\/2023\/01\/MUNICIPIO-LIMANA.png\" data-dt-img-description=\"\" data-large_image_width=\"1940\" data-large_image_height=\"1032\"><img loading=\"lazy\" decoding=\"async\" class=\" wp-image-318876 alignleft\" src=\"https:\/\/www.radiopiu.net\/wordpress\/wp-content\/uploads\/2023\/01\/MUNICIPIO-LIMANA-300x160.png\" alt=\"\" width=\"172\" height=\"92\" srcset=\"https:\/\/www.radiopiu.net\/wordpress\/wp-content\/uploads\/2023\/01\/MUNICIPIO-LIMANA-300x160.png 300w, https:\/\/www.radiopiu.net\/wordpress\/wp-content\/uploads\/2023\/01\/MUNICIPIO-LIMANA-1024x545.png 1024w, https:\/\/www.radiopiu.net\/wordpress\/wp-content\/uploads\/2023\/01\/MUNICIPIO-LIMANA-768x409.png 768w, https:\/\/www.radiopiu.net\/wordpress\/wp-content\/uploads\/2023\/01\/MUNICIPIO-LIMANA-1536x817.png 1536w, https:\/\/www.radiopiu.net\/wordpress\/wp-content\/uploads\/2023\/01\/MUNICIPIO-LIMANA.png 1940w\" sizes=\"auto, (max-width: 172px) 100vw, 172px\" \/><\/a>LIMANA\u00a0<\/strong> In occasione della Festa della Repubblica, l\u2019Amministrazione Comunale di Limana domani\u00a0 alle 18.30 in Municipio\u00a0 consegna le Costituzioni ai neodiciottenni, ovvero ai ragazzi nati nel 2004. Quest\u2019anno per la prima volta verr\u00e0 anche consegnata la Cittadinanza onoraria ai minori stranieri residenti nel Comune. Per l&#8217;occasione conferenza dello storico Valentino Grimaldi.<\/p>\n<p>&nbsp;<\/p>\n<hr \/>\n<p>&nbsp;<\/p>\n<blockquote>\n<h3><strong>DONAZZAN PREMIA I VINCITORI DEL CONTEST \u201cTALENTI AL LAVORO\u201d.\u00a0<\/strong><\/h3>\n<\/blockquote>\n<p><strong>VENEZIA<\/strong> \u201c<em>Talenti al Lavoro \u00e8 un innovativo progetto di formazione-informazione che aiuta i giovani a capire come avvicinarsi al mondo del lavoro. Una iniziativa di successo che considera le scuole come palestre di collegamento con il mondo del lavoro, in cui si allenano le competenze, per saper giocare in squadra e per vincere. Gli allenatori sono i docenti ai quali la Regione fornisce cos\u00ec gli strumenti per aggiornare i modelli formativi in un mondo che cambia, in stretta sinergia con le aziende\u201d. <\/em>Lo ha detto l\u2019Assessore regionale all\u2019istruzione, formazione e lavoro Elena Donazzan presiedendo la cerimonia di premiazione della seconda edizione del contest di \u201cTalenti al lavoro\u201d svoltasi stamane a Venezia al Palazzo Grandi Stazioni<\/p>\n<p>&nbsp;<\/p>\n<hr \/>\n<p>&nbsp;<\/p>\n<blockquote>\n<h3 style=\"text-align: left;\">DA OGGI PENSIONI IN PAGAMENTO<\/h3>\n<\/blockquote>\n<p><strong>BELLUNO<\/strong> Poste Italiane comunica che in tutti i 104 Uffici Postali della provincia di Belluno le pensioni del mese di giugno saranno in pagamento da oggi.\u00a0 Per evitare assembramenti il pagamento delle pensioni in contanti avverr\u00e0 preferibilmente in base al cognome, secondo quest\u2019ordine (che potr\u00e0 variare in base al numero di giorni di apertura del proprio ufficio postale): i cognomi dalla A alla C gioved\u00ec 1\u00b0giugno; dalla D alla K sabato 3 giugno (solo mattina), dalla L alla P;\u00a0 luned\u00ec 5 giugno,dalla Q alla Z marted\u00ec 6 giugno.<\/p>\n<p>&nbsp;<\/p>\n<p>&nbsp;<\/p>\n<div class=\"flex justify-between lg:block\">\n<hr \/>\n<\/div>\n<blockquote>\n<h3>IL GELATO NELLA RISTORAZIONE<\/h3>\n<\/blockquote>\n<div>\n<div class=\"flex-1 overflow-hidden\">\n<div class=\"react-scroll-to-bottom--css-yhcoo-79elbk h-full dark:bg-gray-800\">\n<div class=\"react-scroll-to-bottom--css-yhcoo-1n7m0yu\">\n<div class=\"flex flex-col text-sm dark:bg-gray-800\">\n<div class=\"group w-full text-gray-800 dark:text-gray-100 border-b border-black\/10 dark:border-gray-900\/50 bg-gray-50 dark:bg-[#444654]\">\n<div class=\"flex p-4 gap-4 text-base md:gap-6 md:max-w-2xl lg:max-w-xl xl:max-w-3xl md:py-6 lg:px-0 m-auto\">\n<div class=\"relative flex w-[calc(100%-50px)] flex-col gap-1 md:gap-3 lg:w-[calc(100%-115px)]\">\n<div class=\"flex flex-grow flex-col gap-3\">\n<div class=\"min-h-[20px] flex flex-col items-start gap-4 whitespace-pre-wrap break-words\">\n<div class=\"markdown prose w-full break-words dark:prose-invert light\">\n<p><strong><a class=\"dt-pswp-item\" href=\"https:\/\/www.radiopiu.net\/wordpress\/wp-content\/uploads\/2023\/05\/Piatto-gelato-dessert-vincitore-Gelato-a-due-2022-di-Matteo-Bau-e-Alex-Mic.elazzo.jpg\" data-dt-img-description=\"\" data-large_image_width=\"2500\" data-large_image_height=\"1407\"><img loading=\"lazy\" decoding=\"async\" class=\" wp-image-338351 alignleft\" src=\"https:\/\/www.radiopiu.net\/wordpress\/wp-content\/uploads\/2023\/05\/Piatto-gelato-dessert-vincitore-Gelato-a-due-2022-di-Matteo-Bau-e-Alex-Mic.elazzo-300x169.jpg\" alt=\"\" width=\"240\" height=\"135\" srcset=\"https:\/\/www.radiopiu.net\/wordpress\/wp-content\/uploads\/2023\/05\/Piatto-gelato-dessert-vincitore-Gelato-a-due-2022-di-Matteo-Bau-e-Alex-Mic.elazzo-300x169.jpg 300w, https:\/\/www.radiopiu.net\/wordpress\/wp-content\/uploads\/2023\/05\/Piatto-gelato-dessert-vincitore-Gelato-a-due-2022-di-Matteo-Bau-e-Alex-Mic.elazzo-1024x576.jpg 1024w, https:\/\/www.radiopiu.net\/wordpress\/wp-content\/uploads\/2023\/05\/Piatto-gelato-dessert-vincitore-Gelato-a-due-2022-di-Matteo-Bau-e-Alex-Mic.elazzo-768x432.jpg 768w, https:\/\/www.radiopiu.net\/wordpress\/wp-content\/uploads\/2023\/05\/Piatto-gelato-dessert-vincitore-Gelato-a-due-2022-di-Matteo-Bau-e-Alex-Mic.elazzo-1536x864.jpg 1536w, https:\/\/www.radiopiu.net\/wordpress\/wp-content\/uploads\/2023\/05\/Piatto-gelato-dessert-vincitore-Gelato-a-due-2022-di-Matteo-Bau-e-Alex-Mic.elazzo-2048x1153.jpg 2048w\" sizes=\"auto, (max-width: 240px) 100vw, 240px\" \/><\/a>LONGARONE<\/strong> La 63\u00aa Mostra Internazionale del Gelato Artigianale di Longarone (26-29 novembre 2023) dar\u00e0 spazio al gelato artigianale nella ristorazione. Il dessert svolge un ruolo importante nella gastronomia, diventando sempre pi\u00f9 parte integrante di un percorso di degustazione di alta qualit\u00e0, cultura e territorialit\u00e0 che un locale esprime. I migliori ristoranti stanno introducendo gelati di qualit\u00e0 sulle loro tavole, con cuochi e chef che sperimentano abbinamenti gustativi innovativi, che vanno oltre il tradizionale dessert e si contaminano con altre portate. Le aziende produttrici di macchine e ingredienti per gelato stanno ampliando l&#8217;offerta sul mercato, offrendo soluzioni specifiche che rispondono alle esigenze organizzative e di spazio dei ristoratori. Grazie alle moderne tecnologie, i ristoratori possono preparare e offrire gelati freschi e cremosi come quelli delle gelaterie, semplificando e migliorando il loro lavoro.<\/p>\n<\/div>\n<\/div>\n<\/div>\n<div class=\"flex justify-between lg:block\"><\/div>\n<\/div>\n<\/div>\n<\/div>\n<\/div>\n<\/div>\n<\/div>\n<\/div>\n<div class=\"absolute bottom-0 left-0 w-full border-t md:border-t-0 dark:border-white\/20 md:border-transparent md:dark:border-transparent md:bg-vert-light-gradient bg-white dark:bg-gray-800 md:!bg-transparent dark:md:bg-vert-dark-gradient pt-2\">\n<form class=\"stretch mx-2 flex flex-row gap-3 last:mb-2 md:mx-4 md:last:mb-6 lg:mx-auto lg:max-w-2xl xl:max-w-3xl\">\n<div class=\"relative flex h-full flex-1 items-stretch md:flex-col\">\n<div class=\"\">\n<div class=\"h-full flex ml-1 md:w-full md:m-auto md:mb-2 gap-0 md:gap-2 justify-center\"><\/div>\n<\/div>\n<\/div>\n<\/form>\n<\/div>\n<\/div>\n<div><\/div>\n<p>&nbsp;<\/p>\n<hr \/>\n<p>&nbsp;<\/p>\n<blockquote>\n<h3><a class=\"dt-pswp-item\" href=\"https:\/\/www.radiopiu.net\/wordpress\/wp-content\/uploads\/2023\/05\/Senza-nome-98.jpg\" data-dt-img-description=\"\" data-large_image_width=\"365\" data-large_image_height=\"153\"><img loading=\"lazy\" decoding=\"async\" class=\" wp-image-338331 alignleft\" src=\"https:\/\/www.radiopiu.net\/wordpress\/wp-content\/uploads\/2023\/05\/Senza-nome-98-300x126.jpg\" alt=\"\" width=\"262\" height=\"110\" srcset=\"https:\/\/www.radiopiu.net\/wordpress\/wp-content\/uploads\/2023\/05\/Senza-nome-98-300x126.jpg 300w, https:\/\/www.radiopiu.net\/wordpress\/wp-content\/uploads\/2023\/05\/Senza-nome-98.jpg 365w\" sizes=\"auto, (max-width: 262px) 100vw, 262px\" \/><\/a>Serata di beneficenza a Bolzano Bellunese per la ricostruzione dopo l&#8217;incendio<\/h3>\n<\/blockquote>\n<p><strong>BELLUNO<\/strong> Dopo l&#8217;incendio che ha causato ingenti danni a un immobile nel mese di aprile, le Associazioni del luogo si sono mobilitate per aiutare le famiglie colpite. Una serata di beneficenza, intitolata &#8220;Cantando con il cuore&#8221;, \u00e8 stata organizzata con l&#8217;obiettivo di raccogliere fondi per contribuire alla ricostruzione dell&#8217;immobile. L&#8217;iniziativa, patrocinata dal Comune di Belluno, vedr\u00e0 un concerto del Gruppo &#8220;Voci dai Cortivi&#8221;, il cui ricavato verr\u00e0 interamente destinato a un Conto Corrente aperto per questo specifico progetto. La serata si terr\u00e0 sabato alle\u00a0 20:30 presso il salone Monsignor Savio, situato nell&#8217;ex asilo Dartora a Bolzano Bellunese.<\/p>\n<div class=\"flex-1 overflow-hidden\">\n<div class=\"react-scroll-to-bottom--css-yhcoo-79elbk h-full dark:bg-gray-800\">\n<div class=\"react-scroll-to-bottom--css-yhcoo-1n7m0yu\">\n<div class=\"flex flex-col text-sm dark:bg-gray-800\">\n<div class=\"group w-full text-gray-800 dark:text-gray-100 border-b border-black\/10 dark:border-gray-900\/50 bg-gray-50 dark:bg-[#444654]\">\n<div class=\"flex p-4 gap-4 text-base md:gap-6 md:max-w-2xl lg:max-w-xl xl:max-w-3xl md:py-6 lg:px-0 m-auto\">\n<div class=\"relative flex w-[calc(100%-50px)] flex-col gap-1 md:gap-3 lg:w-[calc(100%-115px)]\">\n<div class=\"flex justify-between lg:block\"><\/div>\n<\/div>\n<\/div>\n<\/div>\n<div class=\"h-32 md:h-48 flex-shrink-0\"><\/div>\n<\/div>\n<\/div>\n<\/div>\n<\/div>\n<p>&nbsp;<\/p>\n<hr \/>\n<p>&nbsp;<\/p>\n<blockquote>\n<h3><strong>SUCCESSO DEL \u201cVILLAGGIO IN ROSA\u201d, IN TRE GIORNI OLTRE 6MILA PASSAGGI A LONGARONE FIERE DOLOMITI<\/strong><\/h3>\n<\/blockquote>\n<p><strong><a class=\"dt-pswp-item\" href=\"https:\/\/www.radiopiu.net\/wordpress\/wp-content\/uploads\/2023\/05\/Anche-il-presidente-Zaia-da-una-mano-ai-laboratori-di-Confartigianato.jpg\" data-dt-img-description=\"\" data-large_image_width=\"2500\" data-large_image_height=\"1722\"><img loading=\"lazy\" decoding=\"async\" class=\" wp-image-338342 alignleft\" src=\"https:\/\/www.radiopiu.net\/wordpress\/wp-content\/uploads\/2023\/05\/Anche-il-presidente-Zaia-da-una-mano-ai-laboratori-di-Confartigianato-300x207.jpg\" alt=\"\" width=\"157\" height=\"108\" srcset=\"https:\/\/www.radiopiu.net\/wordpress\/wp-content\/uploads\/2023\/05\/Anche-il-presidente-Zaia-da-una-mano-ai-laboratori-di-Confartigianato-300x207.jpg 300w, https:\/\/www.radiopiu.net\/wordpress\/wp-content\/uploads\/2023\/05\/Anche-il-presidente-Zaia-da-una-mano-ai-laboratori-di-Confartigianato-1024x705.jpg 1024w, https:\/\/www.radiopiu.net\/wordpress\/wp-content\/uploads\/2023\/05\/Anche-il-presidente-Zaia-da-una-mano-ai-laboratori-di-Confartigianato-768x529.jpg 768w, https:\/\/www.radiopiu.net\/wordpress\/wp-content\/uploads\/2023\/05\/Anche-il-presidente-Zaia-da-una-mano-ai-laboratori-di-Confartigianato-1536x1058.jpg 1536w, https:\/\/www.radiopiu.net\/wordpress\/wp-content\/uploads\/2023\/05\/Anche-il-presidente-Zaia-da-una-mano-ai-laboratori-di-Confartigianato-2048x1411.jpg 2048w\" sizes=\"auto, (max-width: 157px) 100vw, 157px\" \/><\/a>LONGARONE <\/strong>Si \u00e8 chiuso il sipario sul Giro d\u2019Italia e Longarone Fiere Dolomiti tira le somme del \u201cVillaggio in Rosa\u201d, che per tre giorni \u00e8 stato il quartier generale di tappa, con eventi, incontri, laboratori, l\u2019esposizione dei musei della bicicletta e serate di festa. Da gioved\u00ec a sabato della scorsa settimana, in concomitanza con le due tappe bellunesi del Giro, il \u201cVillaggio in Rosa\u201d \u00e8 diventato salone di mostra. Inoltre, ha ospitato un importante evento di Confindustria Belluno Dolomiti su innovazione e territorio, con i riflettori puntati sull\u2019open innovation, alla presenza delle imprese dello Sport System e di ben cinque start-up; e poi i laboratori dei mestieri curati dai maestri artigiani di Confartigianato Belluno, dedicati ai bambini e ai ragazzi. Bambini e ragazzi che hanno disegnato il loro Giro, in un concorso che ha visto decine e decine di elaborati, e che hanno partecipato con entusiasmo alle dimostrazioni di educazione stradale in bicicletta con i vigili urbani di Belluno e Longarone, conseguendo oltre 100 patenti.<\/p>\n<p>&nbsp;<\/p>\n<p>&nbsp;<\/p>\n<hr \/>\n<p>&nbsp;<\/p>\n<blockquote>\n<h3>GRANDE SUCCESSO PER LA RASSEGNA DELLE ROSE AL MUSEO ETNOGRAFICO<\/h3>\n<\/blockquote>\n<p><strong><a class=\"dt-pswp-item\" href=\"https:\/\/www.radiopiu.net\/wordpress\/wp-content\/uploads\/2022\/12\/berceau-rose-al-museo-218-300x225-1.jpg\" data-dt-img-description=\"\" data-large_image_width=\"300\" data-large_image_height=\"225\"><img loading=\"lazy\" decoding=\"async\" class=\" wp-image-310168 alignleft\" src=\"https:\/\/www.radiopiu.net\/wordpress\/wp-content\/uploads\/2022\/12\/berceau-rose-al-museo-218-300x225-1.jpg\" alt=\"\" width=\"153\" height=\"115\" \/><\/a>BELLUNO<\/strong> Gli appassionati non hanno mancato l\u2019appuntamento: grande successo per la rassegna delle rose al Museo etnografico Dolomiti (a Cesiomaggiore). Tra sabato e domenica, per il fine settimana clou del programma annuale, sono passate oltre 400 persone, tra adulti, bambini, esperti di rose e neofiti. Molti sono arrivati da diverse parti del Veneto, e alcuni anche da fuori regione, per una visita che ormai \u00e8 diventata tradizione di fine maggio.\u00a0Il roseto rimarr\u00e0 in fiore fino a met\u00e0 giugno e nei prossimi giorni c\u2019\u00e8 la possibilit\u00e0 di prenotare le visite guidate per gruppi precostituiti (al numero 3519927115 o scrivendo a <a href=\"mailto:seravella@isoipse.it\">seravella@isoipse.it<\/a>).<\/p>\n<p>&nbsp;<\/p>\n<p>&nbsp;<\/p>\n<hr \/>\n<p>&nbsp;<\/p>\n<blockquote>\n<h3>LA FILARMONICA DI BELLUNO FESTEGGIA IL 156ESIMO COMPLEANNO CON UN CONCERTO<\/h3>\n<\/blockquote>\n<p><strong><a class=\"dt-pswp-item\" href=\"https:\/\/www.radiopiu.net\/wordpress\/wp-content\/uploads\/2023\/05\/2022_concerto-compleanno.jpg\" data-dt-img-description=\"\" data-large_image_width=\"2000\" data-large_image_height=\"1333\"><img loading=\"lazy\" decoding=\"async\" class=\" wp-image-338360 alignleft\" src=\"https:\/\/www.radiopiu.net\/wordpress\/wp-content\/uploads\/2023\/05\/2022_concerto-compleanno-300x200.jpg\" alt=\"\" width=\"165\" height=\"110\" srcset=\"https:\/\/www.radiopiu.net\/wordpress\/wp-content\/uploads\/2023\/05\/2022_concerto-compleanno-300x200.jpg 300w, https:\/\/www.radiopiu.net\/wordpress\/wp-content\/uploads\/2023\/05\/2022_concerto-compleanno-1024x682.jpg 1024w, https:\/\/www.radiopiu.net\/wordpress\/wp-content\/uploads\/2023\/05\/2022_concerto-compleanno-768x512.jpg 768w, https:\/\/www.radiopiu.net\/wordpress\/wp-content\/uploads\/2023\/05\/2022_concerto-compleanno-1536x1024.jpg 1536w, https:\/\/www.radiopiu.net\/wordpress\/wp-content\/uploads\/2023\/05\/2022_concerto-compleanno.jpg 2000w\" sizes=\"auto, (max-width: 165px) 100vw, 165px\" \/><\/a>BELLUNO <\/strong>Il mese di giugno \u00e8 il mese dell\u2019estate, del caldo (si spera!) e delle giornate pi\u00f9 lunghe dell\u2019anno\u2026ma per la Filarmonica di Belluno 1867 \u00e8 anche il momento di celebrare il proprio compleanno, quest\u2019anno soffiando su ben 156 candeline. Come ormai di prassi, il sodalizio musicale pi\u00f9 antico della citt\u00e0 di Belluno si appresta a festeggiare con un concerto di gala questa ricorrenza, che offrir\u00e0 alla cittadinanza la possibilit\u00e0 di gustare in anteprima il repertorio musicale rinnovato per la stagione estiva. Sotto la guida del direttore Sandro De Marchi la musica celebrer\u00e0 questo momento in vari modi spaziando, come d\u2019abitudine nelle composizioni originali per orchestra di fiati di epoche e stili diversi. L\u2019ambientazione scelta quest\u2019anno \u00e8 quella del giardino delle scuole \u201cA. Gabelli\u201d in Via Girolamo Segato a Belluno (l\u2019edificio \u201cstorico\u201d, per capirsi), scuola a cui la Filarmonica \u00e8 legata affettivamente e storicamente. L&#8217;appuntamento \u00e8 per sabato 10 giugno alle 18:30. Nella stessa giornata dalle 15 alle 18 sar\u00e0 possibile visitare i giardini e la scuola.<\/p>\n<p>&nbsp;<\/p>\n<p>&nbsp;<\/p>\n<hr \/>\n<p>&nbsp;<\/p>\n<blockquote>\n<h3>IL CONCERTO DEGLI STUDENTI DEL RENIER<\/h3>\n<\/blockquote>\n<p><strong>BELLUNO<\/strong> Una serata a dir poco emozionante, il concerto di fine anno degli studenti del Liceo musicale Renier di Belluno, che ieri sera si sono esibiti sul palco del teatro Comunale. 84 giovanissimi elementi che si sono alternati in una girandola di musica classica , jazz e rock , guidati dai loro insegnanti passando dalle note di Bach, Ravel , Freddy Mercury, Carmen Consoli, Miles Davies e i Deep Purple con un mitico Smoke on the water sia in versione originale che jazz. Teatro gremito e tantissima ammirazione e invidia per chi, come ha sostenuto l\u2019assessore alla Cultura Barbara Olivotto, non sa suonare. Grande merito alla dirigente scolastica Viola Anesin, che con la sua grande disponibilit\u00e0 ha permesso al pubblico presente di godere di una serata indimenticabile. Bellissimi giovani studenti , spiritosi talentosi e capaci, che sicuramente si faranno strada e continueranno a farci battere il cuore.<\/p>\n<div style=\"width: 848px;\" class=\"wp-video\"><video class=\"wp-video-shortcode\" id=\"video-338274-1\" width=\"848\" height=\"480\" preload=\"metadata\" controls=\"controls\"><source type=\"video\/mp4\" src=\"https:\/\/www.radiopiu.net\/wordpress\/wp-content\/uploads\/2023\/05\/WhatsApp-Video-2023-05-31-at-23.11.45.mp4?_=1\" \/><a href=\"https:\/\/www.radiopiu.net\/wordpress\/wp-content\/uploads\/2023\/05\/WhatsApp-Video-2023-05-31-at-23.11.45.mp4\">https:\/\/www.radiopiu.net\/wordpress\/wp-content\/uploads\/2023\/05\/WhatsApp-Video-2023-05-31-at-23.11.45.mp4<\/a><\/video><\/div>\n<p>&nbsp;<\/p>\n\n\t\t\t<style type='text\/css'>\n\t\t\t\t#gallery-4 {\n\t\t\t\t\tmargin: auto;\n\t\t\t\t}\n\t\t\t\t#gallery-4 .gallery-item {\n\t\t\t\t\tfloat: left;\n\t\t\t\t\tmargin-top: 10px;\n\t\t\t\t\ttext-align: center;\n\t\t\t\t\twidth: 20%;\n\t\t\t\t}\n\t\t\t\t#gallery-4 img {\n\t\t\t\t\tborder: 2px solid #cfcfcf;\n\t\t\t\t}\n\t\t\t\t#gallery-4 .gallery-caption {\n\t\t\t\t\tmargin-left: 0;\n\t\t\t\t}\n\t\t\t\t\/* see gallery_shortcode() in wp-includes\/media.php *\/\n\t\t\t<\/style>\n\t\t<div id='gallery-4' class='dt-gallery-container gallery galleryid-338274 gallery-columns-5 gallery-size-thumbnail'><dl class='gallery-item'>\n\t\t\t\t<dt class='gallery-icon portrait'>\n\t\t\t\t\t<a class=\"rollover rollover-zoom dt-pswp-item\" title=\"68e095c5-9750-411f-ade6-1222f5e2a8e8\" data-dt-img-description=\"\" data-large_image_width=\"900\" data-large_image_height=\"1600\"href='https:\/\/www.radiopiu.net\/wordpress\/wp-content\/uploads\/2023\/05\/68e095c5-9750-411f-ade6-1222f5e2a8e8.jpg'><img loading=\"lazy\" decoding=\"async\" width=\"150\" height=\"150\" src=\"https:\/\/www.radiopiu.net\/wordpress\/wp-content\/uploads\/2023\/05\/68e095c5-9750-411f-ade6-1222f5e2a8e8-150x150.jpg\" class=\"attachment-thumbnail size-thumbnail\" alt=\"\" \/><\/a>\n\t\t\t\t<\/dt><\/dl><dl class='gallery-item'>\n\t\t\t\t<dt class='gallery-icon landscape'>\n\t\t\t\t\t<a class=\"rollover rollover-zoom dt-pswp-item\" title=\"19289523-f5a0-41bb-9337-b470c09563db\" data-dt-img-description=\"\" data-large_image_width=\"1600\" data-large_image_height=\"900\"href='https:\/\/www.radiopiu.net\/wordpress\/wp-content\/uploads\/2023\/05\/19289523-f5a0-41bb-9337-b470c09563db.jpg'><img loading=\"lazy\" decoding=\"async\" width=\"150\" height=\"150\" src=\"https:\/\/www.radiopiu.net\/wordpress\/wp-content\/uploads\/2023\/05\/19289523-f5a0-41bb-9337-b470c09563db-150x150.jpg\" class=\"attachment-thumbnail size-thumbnail\" alt=\"\" \/><\/a>\n\t\t\t\t<\/dt><\/dl><dl class='gallery-item'>\n\t\t\t\t<dt class='gallery-icon landscape'>\n\t\t\t\t\t<a class=\"rollover rollover-zoom dt-pswp-item\" title=\"391ac6df-c1b1-45e6-b64c-70e81c3190c6\" data-dt-img-description=\"\" data-large_image_width=\"1600\" data-large_image_height=\"900\"href='https:\/\/www.radiopiu.net\/wordpress\/wp-content\/uploads\/2023\/05\/391ac6df-c1b1-45e6-b64c-70e81c3190c6.jpg'><img loading=\"lazy\" decoding=\"async\" width=\"150\" height=\"150\" src=\"https:\/\/www.radiopiu.net\/wordpress\/wp-content\/uploads\/2023\/05\/391ac6df-c1b1-45e6-b64c-70e81c3190c6-150x150.jpg\" class=\"attachment-thumbnail size-thumbnail\" alt=\"\" \/><\/a>\n\t\t\t\t<\/dt><\/dl><dl class='gallery-item'>\n\t\t\t\t<dt class='gallery-icon portrait'>\n\t\t\t\t\t<a class=\"rollover rollover-zoom dt-pswp-item\" title=\"8dff22a8-f600-44bf-9fc8-8cec75346933\" data-dt-img-description=\"\" data-large_image_width=\"750\" data-large_image_height=\"917\"href='https:\/\/www.radiopiu.net\/wordpress\/wp-content\/uploads\/2023\/05\/8dff22a8-f600-44bf-9fc8-8cec75346933.jpg'><img loading=\"lazy\" decoding=\"async\" width=\"150\" height=\"150\" src=\"https:\/\/www.radiopiu.net\/wordpress\/wp-content\/uploads\/2023\/05\/8dff22a8-f600-44bf-9fc8-8cec75346933-150x150.jpg\" class=\"attachment-thumbnail size-thumbnail\" alt=\"\" \/><\/a>\n\t\t\t\t<\/dt><\/dl><dl class='gallery-item'>\n\t\t\t\t<dt class='gallery-icon landscape'>\n\t\t\t\t\t<a class=\"rollover rollover-zoom dt-pswp-item\" title=\"ebd0bdbd-9f71-4398-8339-8d26873f93ec\" data-dt-img-description=\"\" data-large_image_width=\"1024\" data-large_image_height=\"768\"href='https:\/\/www.radiopiu.net\/wordpress\/wp-content\/uploads\/2023\/05\/ebd0bdbd-9f71-4398-8339-8d26873f93ec.jpg'><img loading=\"lazy\" decoding=\"async\" width=\"150\" height=\"150\" src=\"https:\/\/www.radiopiu.net\/wordpress\/wp-content\/uploads\/2023\/05\/ebd0bdbd-9f71-4398-8339-8d26873f93ec-150x150.jpg\" class=\"attachment-thumbnail size-thumbnail\" alt=\"\" \/><\/a>\n\t\t\t\t<\/dt><\/dl><br style=\"clear: both\" \/><dl class='gallery-item'>\n\t\t\t\t<dt class='gallery-icon portrait'>\n\t\t\t\t\t<a class=\"rollover rollover-zoom dt-pswp-item\" title=\"62925476-fa3b-4b32-a4eb-fd309e5aa628\" data-dt-img-description=\"\" data-large_image_width=\"401\" data-large_image_height=\"869\"href='https:\/\/www.radiopiu.net\/wordpress\/wp-content\/uploads\/2023\/05\/62925476-fa3b-4b32-a4eb-fd309e5aa628.jpg'><img loading=\"lazy\" decoding=\"async\" width=\"150\" height=\"150\" src=\"https:\/\/www.radiopiu.net\/wordpress\/wp-content\/uploads\/2023\/05\/62925476-fa3b-4b32-a4eb-fd309e5aa628-150x150.jpg\" class=\"attachment-thumbnail size-thumbnail\" alt=\"\" \/><\/a>\n\t\t\t\t<\/dt><\/dl><dl class='gallery-item'>\n\t\t\t\t<dt class='gallery-icon portrait'>\n\t\t\t\t\t<a class=\"rollover rollover-zoom dt-pswp-item\" title=\"be440e39-e196-41a7-a932-02f9bf6534ee\" data-dt-img-description=\"\" data-large_image_width=\"375\" data-large_image_height=\"812\"href='https:\/\/www.radiopiu.net\/wordpress\/wp-content\/uploads\/2023\/05\/be440e39-e196-41a7-a932-02f9bf6534ee.jpg'><img loading=\"lazy\" decoding=\"async\" width=\"150\" height=\"150\" src=\"https:\/\/www.radiopiu.net\/wordpress\/wp-content\/uploads\/2023\/05\/be440e39-e196-41a7-a932-02f9bf6534ee-150x150.jpg\" class=\"attachment-thumbnail size-thumbnail\" alt=\"\" \/><\/a>\n\t\t\t\t<\/dt><\/dl><dl class='gallery-item'>\n\t\t\t\t<dt class='gallery-icon landscape'>\n\t\t\t\t\t<a class=\"rollover rollover-zoom dt-pswp-item\" title=\"a8d658c4-09a2-4d1c-ba6c-d24501a93ca5\" data-dt-img-description=\"\" data-large_image_width=\"1024\" data-large_image_height=\"768\"href='https:\/\/www.radiopiu.net\/wordpress\/wp-content\/uploads\/2023\/05\/a8d658c4-09a2-4d1c-ba6c-d24501a93ca5.jpg'><img loading=\"lazy\" decoding=\"async\" width=\"150\" height=\"150\" src=\"https:\/\/www.radiopiu.net\/wordpress\/wp-content\/uploads\/2023\/05\/a8d658c4-09a2-4d1c-ba6c-d24501a93ca5-150x150.jpg\" class=\"attachment-thumbnail size-thumbnail\" alt=\"\" \/><\/a>\n\t\t\t\t<\/dt><\/dl><dl class='gallery-item'>\n\t\t\t\t<dt class='gallery-icon landscape'>\n\t\t\t\t\t<a class=\"rollover rollover-zoom dt-pswp-item\" title=\"35b11bd4-2d53-408d-b4b2-084115ed851c\" data-dt-img-description=\"\" data-large_image_width=\"1024\" data-large_image_height=\"768\"href='https:\/\/www.radiopiu.net\/wordpress\/wp-content\/uploads\/2023\/05\/35b11bd4-2d53-408d-b4b2-084115ed851c.jpg'><img loading=\"lazy\" decoding=\"async\" width=\"150\" height=\"150\" src=\"https:\/\/www.radiopiu.net\/wordpress\/wp-content\/uploads\/2023\/05\/35b11bd4-2d53-408d-b4b2-084115ed851c-150x150.jpg\" class=\"attachment-thumbnail size-thumbnail\" alt=\"\" \/><\/a>\n\t\t\t\t<\/dt><\/dl><dl class='gallery-item'>\n\t\t\t\t<dt class='gallery-icon landscape'>\n\t\t\t\t\t<a class=\"rollover rollover-zoom dt-pswp-item\" title=\"0aa57927-3b81-486e-a141-9f1520544885\" data-dt-img-description=\"\" data-large_image_width=\"1024\" data-large_image_height=\"768\"href='https:\/\/www.radiopiu.net\/wordpress\/wp-content\/uploads\/2023\/05\/0aa57927-3b81-486e-a141-9f1520544885.jpg'><img loading=\"lazy\" decoding=\"async\" width=\"150\" height=\"150\" src=\"https:\/\/www.radiopiu.net\/wordpress\/wp-content\/uploads\/2023\/05\/0aa57927-3b81-486e-a141-9f1520544885-150x150.jpg\" class=\"attachment-thumbnail size-thumbnail\" alt=\"\" \/><\/a>\n\t\t\t\t<\/dt><\/dl><br style=\"clear: both\" \/>\n\t\t\t<\/div>\n\n<p>&nbsp;<\/p>\n<hr \/>\n<p>&nbsp;<\/p>\n<blockquote>\n<h3>CISL LA VOCE PER I LAVORATORI<\/h3>\n<\/blockquote>\n<p>31 maggio 2023<\/p>\n<p><strong><a class=\"dt-pswp-item\" href=\"https:\/\/www.radiopiu.net\/wordpress\/wp-content\/uploads\/2022\/02\/Paglini-relazione.jpeg\" data-dt-img-description=\"\" data-large_image_width=\"1368\" data-large_image_height=\"912\"><img loading=\"lazy\" decoding=\"async\" class=\"wp-image-258793 alignleft\" src=\"https:\/\/www.radiopiu.net\/wordpress\/wp-content\/uploads\/2022\/02\/Paglini-relazione-300x200.jpeg\" alt=\"\" width=\"177\" height=\"118\" srcset=\"https:\/\/www.radiopiu.net\/wordpress\/wp-content\/uploads\/2022\/02\/Paglini-relazione-300x200.jpeg 300w, https:\/\/www.radiopiu.net\/wordpress\/wp-content\/uploads\/2022\/02\/Paglini-relazione-1024x683.jpeg 1024w, https:\/\/www.radiopiu.net\/wordpress\/wp-content\/uploads\/2022\/02\/Paglini-relazione-768x512.jpeg 768w, https:\/\/www.radiopiu.net\/wordpress\/wp-content\/uploads\/2022\/02\/Paglini-relazione.jpeg 1368w\" sizes=\"auto, (max-width: 177px) 100vw, 177px\" \/><\/a>PUNTATA 23, MASSIMILIANO PAGLINI, SEG. CISL TREVISO_BELLUNO\u00a0<\/strong><\/p>\n<audio class=\"wp-audio-shortcode\" id=\"audio-338274-6\" preload=\"none\" style=\"width: 100%;\" controls=\"controls\"><source type=\"audio\/mpeg\" src=\"https:\/\/www.radiopiu.net\/wordpress\/wp-content\/uploads\/2023\/05\/FEMCA-CISL-5.mp3?_=6\" \/><a href=\"https:\/\/www.radiopiu.net\/wordpress\/wp-content\/uploads\/2023\/05\/FEMCA-CISL-5.mp3\">https:\/\/www.radiopiu.net\/wordpress\/wp-content\/uploads\/2023\/05\/FEMCA-CISL-5.mp3<\/a><\/audio>\n<p>&nbsp;<\/p>\n<p>LA RACCOLTA COMPLETA<\/p>\n<blockquote class=\"wp-embedded-content\" data-secret=\"D5I2Q5cQee\"><p><a href=\"https:\/\/www.radiopiu.net\/wordpress\/cisl-e-femca-cisl-la-vocef\/\">CISL E FEMCA CISL  LA VOCE PER I LAVORATORI<\/a><\/p><\/blockquote>\n<p><iframe loading=\"lazy\" class=\"wp-embedded-content\" sandbox=\"allow-scripts\" security=\"restricted\" style=\"position: absolute; clip: rect(1px, 1px, 1px, 1px);\" title=\"&#8220;CISL E FEMCA CISL  LA VOCE PER I LAVORATORI&#8221; &#8212; Radio Pi\u00f9\" src=\"https:\/\/www.radiopiu.net\/wordpress\/cisl-e-femca-cisl-la-vocef\/embed\/#?secret=OxHN0vPXJg#?secret=D5I2Q5cQee\" data-secret=\"D5I2Q5cQee\" width=\"600\" height=\"338\" frameborder=\"0\" marginwidth=\"0\" marginheight=\"0\" scrolling=\"no\"><\/iframe><\/p>\n<p>&nbsp;<\/p>\n<p>&nbsp;<\/p>\n<hr \/>\n<p>&nbsp;<\/p>\n<blockquote>\n<h3><strong>GIORNALE RADIO 4 PAS IN DOI, PUNTATA 03\u00a0\u00a0<\/strong><\/h3>\n<\/blockquote>\n<p><strong><a class=\"dt-pswp-item\" href=\"https:\/\/www.radiopiu.net\/wordpress\/wp-content\/uploads\/2023\/05\/02.06.2019-4pas-678x381-1.jpg\" data-dt-img-description=\"\" data-large_image_width=\"678\" data-large_image_height=\"381\"><img loading=\"lazy\" decoding=\"async\" class=\"wp-image-338441 alignleft\" src=\"https:\/\/www.radiopiu.net\/wordpress\/wp-content\/uploads\/2023\/05\/02.06.2019-4pas-678x381-1-300x169.jpg\" alt=\"\" width=\"183\" height=\"103\" srcset=\"https:\/\/www.radiopiu.net\/wordpress\/wp-content\/uploads\/2023\/05\/02.06.2019-4pas-678x381-1-300x169.jpg 300w, https:\/\/www.radiopiu.net\/wordpress\/wp-content\/uploads\/2023\/05\/02.06.2019-4pas-678x381-1.jpg 678w\" sizes=\"auto, (max-width: 183px) 100vw, 183px\" \/><\/a><br \/>\n<\/strong><\/p>\n<p><strong>4 PAS DOI BOCOI<\/strong><br \/>\ndi marta moretti<\/p>\n<audio class=\"wp-audio-shortcode\" id=\"audio-338274-7\" preload=\"none\" style=\"width: 100%;\" controls=\"controls\"><source type=\"audio\/mpeg\" src=\"https:\/\/www.radiopiu.net\/wordpress\/wp-content\/uploads\/2023\/05\/terza-4-pass.mp3?_=7\" \/><a href=\"https:\/\/www.radiopiu.net\/wordpress\/wp-content\/uploads\/2023\/05\/terza-4-pass.mp3\">https:\/\/www.radiopiu.net\/wordpress\/wp-content\/uploads\/2023\/05\/terza-4-pass.mp3<\/a><\/audio>\n<p>LA RACCOLTA COMPLETA<\/p>\n<blockquote class=\"wp-embedded-content\" data-secret=\"EDEg61fDMH\"><p><a href=\"https:\/\/www.radiopiu.net\/wordpress\/terza-puntata-4\/\">VERSO LA 4 PAS IN DOI, E I &#8220;DOI BOCOI&#8221;&#8230;TRA LE MONTAGNE DI AGORDO<\/a><\/p><\/blockquote>\n<p><iframe loading=\"lazy\" class=\"wp-embedded-content\" sandbox=\"allow-scripts\" security=\"restricted\" style=\"position: absolute; clip: rect(1px, 1px, 1px, 1px);\" title=\"&#8220;VERSO LA 4 PAS IN DOI, E I &#8220;DOI BOCOI&#8221;&#8230;TRA LE MONTAGNE DI AGORDO&#8221; &#8212; Radio Pi\u00f9\" src=\"https:\/\/www.radiopiu.net\/wordpress\/terza-puntata-4\/embed\/#?secret=jfhA9CFupw#?secret=EDEg61fDMH\" data-secret=\"EDEg61fDMH\" width=\"600\" height=\"338\" frameborder=\"0\" marginwidth=\"0\" marginheight=\"0\" scrolling=\"no\"><\/iframe><\/p>\n<p>&nbsp;<\/p>\n<p>&nbsp;<\/p>\n<hr \/>\n<p>&nbsp;<\/p>\n<h2><span style=\"color: #ff00ff;\">IERI ALLA RADIO<\/span><\/h2>\n<h2 class=\"entry-title\"><span style=\"color: #008000;\">HOTEL TERMALI, BENESSERE ENERGETICO ALLA RADIO CON FRANCESCO ZILLIO_ EPCENTER<\/span><\/h2>\n<p><iframe loading=\"lazy\" title=\"HOTEL TERMALI, BENESSERE ENERGETICO\" width=\"1200\" height=\"675\" src=\"https:\/\/www.youtube.com\/embed\/VHLGU3Cqohc?feature=oembed\" frameborder=\"0\" allow=\"accelerometer; autoplay; clipboard-write; encrypted-media; gyroscope; picture-in-picture; web-share\" allowfullscreen><\/iframe><\/p>\n<p>&nbsp;<\/p>\n<p>&nbsp;<\/p>\n<p>&nbsp;<\/p>\n<hr \/>\n<p>&nbsp;<\/p>\n<blockquote class=\"wp-embedded-content\" data-secret=\"IhUW7oBXve\"><p><a href=\"https:\/\/www.radiopiu.net\/wordpress\/sentimental-le-storie-damore-di-paola-lanciato\/\">SENTIMENTAL,\u00a0 &#8220;le storie d&#8217;amore&#8221; DI PAOLA LANCIATO<\/a><\/p><\/blockquote>\n<p><iframe loading=\"lazy\" class=\"wp-embedded-content\" sandbox=\"allow-scripts\" security=\"restricted\" style=\"position: absolute; clip: rect(1px, 1px, 1px, 1px);\" title=\"&#8220;SENTIMENTAL,\u00a0 &#8220;le storie d&#8217;amore&#8221; DI PAOLA LANCIATO&#8221; &#8212; Radio Pi\u00f9\" src=\"https:\/\/www.radiopiu.net\/wordpress\/sentimental-le-storie-damore-di-paola-lanciato\/embed\/#?secret=yrnguII0hf#?secret=IhUW7oBXve\" data-secret=\"IhUW7oBXve\" width=\"600\" height=\"338\" frameborder=\"0\" marginwidth=\"0\" marginheight=\"0\" scrolling=\"no\"><\/iframe><\/p>\n<p>&nbsp;<\/p>\n<hr \/>\n<p>&nbsp;<\/p>\n<blockquote class=\"wp-embedded-content\" data-secret=\"mBBRzLVt88\"><p><a href=\"https:\/\/www.radiopiu.net\/wordpress\/ncontonse-in-ladino-su-radio-piu-quarta-puntata\/\">&#8220;NCONTONSE&#8221; IN LADINO SU RADIO PI\u00d9, quarta  puntata<\/a><\/p><\/blockquote>\n<p><iframe loading=\"lazy\" class=\"wp-embedded-content\" sandbox=\"allow-scripts\" security=\"restricted\" style=\"position: absolute; clip: rect(1px, 1px, 1px, 1px);\" title=\"&#8220;&#8220;NCONTONSE&#8221; IN LADINO SU RADIO PI\u00d9, quarta  puntata&#8221; &#8212; Radio Pi\u00f9\" src=\"https:\/\/www.radiopiu.net\/wordpress\/ncontonse-in-ladino-su-radio-piu-quarta-puntata\/embed\/#?secret=dFm6nDZWck#?secret=mBBRzLVt88\" data-secret=\"mBBRzLVt88\" width=\"600\" height=\"338\" frameborder=\"0\" marginwidth=\"0\" marginheight=\"0\" scrolling=\"no\"><\/iframe><\/p>\n<p>&nbsp;<\/p>\n<hr \/>\n<p>&nbsp;<\/p>\n<p><a class=\"dt-pswp-item\" href=\"https:\/\/www.radiopiu.net\/wordpress\/wp-content\/uploads\/2023\/05\/07b370aa-6c88-4a9c-929f-e4e6e20e615b.jpg\" data-dt-img-description=\"\" data-large_image_width=\"832\" data-large_image_height=\"1024\"><img loading=\"lazy\" decoding=\"async\" class=\"size-medium wp-image-337511 aligncenter\" src=\"https:\/\/www.radiopiu.net\/wordpress\/wp-content\/uploads\/2023\/05\/07b370aa-6c88-4a9c-929f-e4e6e20e615b-244x300.jpg\" alt=\"\" width=\"244\" height=\"300\" srcset=\"https:\/\/www.radiopiu.net\/wordpress\/wp-content\/uploads\/2023\/05\/07b370aa-6c88-4a9c-929f-e4e6e20e615b-244x300.jpg 244w, https:\/\/www.radiopiu.net\/wordpress\/wp-content\/uploads\/2023\/05\/07b370aa-6c88-4a9c-929f-e4e6e20e615b-768x945.jpg 768w, https:\/\/www.radiopiu.net\/wordpress\/wp-content\/uploads\/2023\/05\/07b370aa-6c88-4a9c-929f-e4e6e20e615b.jpg 832w\" sizes=\"auto, (max-width: 244px) 100vw, 244px\" \/><\/a><\/p>\n<blockquote>\n<h3>TORNA IL &#8220;MINIERE SUNSET&#8221; NELL&#8217;ESTATE DEL CAFFE&#8217; MINIERE DI AGORDO<\/h3>\n<\/blockquote>\n<p><strong><a class=\"dt-pswp-item\" href=\"https:\/\/www.radiopiu.net\/wordpress\/wp-content\/uploads\/2023\/05\/SCR-20230525-kofy.jpeg\" data-dt-img-description=\"\" data-large_image_width=\"1166\" data-large_image_height=\"646\"><img loading=\"lazy\" decoding=\"async\" class=\" wp-image-337439 alignleft\" src=\"https:\/\/www.radiopiu.net\/wordpress\/wp-content\/uploads\/2023\/05\/SCR-20230525-kofy-300x166.jpeg\" alt=\"\" width=\"154\" height=\"85\" srcset=\"https:\/\/www.radiopiu.net\/wordpress\/wp-content\/uploads\/2023\/05\/SCR-20230525-kofy-300x166.jpeg 300w, https:\/\/www.radiopiu.net\/wordpress\/wp-content\/uploads\/2023\/05\/SCR-20230525-kofy-1024x567.jpeg 1024w, https:\/\/www.radiopiu.net\/wordpress\/wp-content\/uploads\/2023\/05\/SCR-20230525-kofy-768x425.jpeg 768w, https:\/\/www.radiopiu.net\/wordpress\/wp-content\/uploads\/2023\/05\/SCR-20230525-kofy.jpeg 1166w\" sizes=\"auto, (max-width: 154px) 100vw, 154px\" \/><\/a>AGORDO<\/strong> Si torna a ballare nell&#8217;estate 2023. Il Caff\u00e8 Miniere di Agordo organizza il &#8220;Miniere Sunset&#8221;, un appuntamento a cadenza mensile con cocktail bar e DJ Set dalle 18 alle 24. Tre mercoled\u00ec di festa. Il 14 giugno con DJ Jack &amp; RDJ, il 19 luglio e il 30 agosto con Morgan &amp; Battaglia DJ&#8217;s. Tutte le serate saranno in diretta su Radio Pi\u00f9 con ospiti a sorpresa.<\/p>\n<p>&nbsp;<\/p>\n<p>&nbsp;<\/p>\n<hr \/>\n<p>&nbsp;<\/p>\n<blockquote>\n<h3><a class=\"dt-pswp-item\" href=\"https:\/\/www.radiopiu.net\/wordpress\/wp-content\/uploads\/2021\/06\/ebe0e140-b21f-4a97-a898-717eb7fd126f.jpg\" data-dt-img-description=\"\" data-large_image_width=\"2000\" data-large_image_height=\"1500\"><img loading=\"lazy\" decoding=\"async\" class=\" wp-image-215869 alignleft\" src=\"https:\/\/www.radiopiu.net\/wordpress\/wp-content\/uploads\/2021\/06\/ebe0e140-b21f-4a97-a898-717eb7fd126f-300x225.jpg\" alt=\"\" width=\"241\" height=\"181\" srcset=\"https:\/\/www.radiopiu.net\/wordpress\/wp-content\/uploads\/2021\/06\/ebe0e140-b21f-4a97-a898-717eb7fd126f-300x225.jpg 300w, https:\/\/www.radiopiu.net\/wordpress\/wp-content\/uploads\/2021\/06\/ebe0e140-b21f-4a97-a898-717eb7fd126f-1024x768.jpg 1024w, https:\/\/www.radiopiu.net\/wordpress\/wp-content\/uploads\/2021\/06\/ebe0e140-b21f-4a97-a898-717eb7fd126f-768x576.jpg 768w, https:\/\/www.radiopiu.net\/wordpress\/wp-content\/uploads\/2021\/06\/ebe0e140-b21f-4a97-a898-717eb7fd126f-1536x1152.jpg 1536w, https:\/\/www.radiopiu.net\/wordpress\/wp-content\/uploads\/2021\/06\/ebe0e140-b21f-4a97-a898-717eb7fd126f.jpg 2000w\" sizes=\"auto, (max-width: 241px) 100vw, 241px\" \/><\/a>SANT&#8217;ANTONIO&#8230; LA SAGRA A RIVAMONTE!<\/h3>\n<\/blockquote>\n<p><strong>VENERDI 9 GIUGNO<\/strong> ALLE 17 APERTURA TENDONE, SERATA BAVARESE CON LA SPRITZ BAND; <strong>SABATO 10<\/strong> DALLE 17 DJ MORGAN E BATTAGLIA, AL CHIOSCO FANTASIOSI COCKTAIL. IN SERATA LA MUSICA DI WILMER, GNOCH CO LA POINA E ALTRE SPECIALITA&#8217;, DALLA MEZZANOTTE DJ MORGAN A BATTAGLIA.<strong> DOMENICA 11<\/strong> IL TENDONE APRE ALLE 9, ALLE 10 LA CORSA PODISTICA RIVARON, DALLE 12 SI MANGIA, POMERIGGIO CON DJ BISSO E IN SERATA L&#8217;ORCHESTRA PIERETTE ENSAMBLE. PER I BIMBI LA NOVITA&#8217; BUBBLE TEA. <strong>LUNEDI SERA<\/strong> IL TENDONE APRE ALLE 17, IN SERATA SI BALLA CON EROS E KARIN.<strong> MARTEDI 13<\/strong> IL GIORNO SI SANT&#8217;ANTONIO, UNA LUNGA GIORNATA DI FESTA CON IL BALLO FINALE DELLA TUA IDEA. SANT&#8217;ANTONIO, LA SAGRA, CON LA PROLOCO DI RIVAMONTE.<\/p>\n<div class=\"page-title-breadcrumbs\">\n<p>&nbsp;<\/p>\n<p>&nbsp;<\/p>\n<hr \/>\n<p>&nbsp;<\/p>\n<h2><span style=\"color: #ff0000;\">GLI APPUNTAMENTI DELLA SETTIMANA<\/span><\/h2>\n<blockquote>\n<h3><a class=\"dt-pswp-item\" href=\"https:\/\/www.radiopiu.net\/wordpress\/wp-content\/uploads\/2023\/05\/Benedetta-Tobagi.jpg\" data-dt-img-description=\"\" data-large_image_width=\"1000\" data-large_image_height=\"1000\"><img loading=\"lazy\" decoding=\"async\" class=\"wp-image-337812 alignleft\" src=\"https:\/\/www.radiopiu.net\/wordpress\/wp-content\/uploads\/2023\/05\/Benedetta-Tobagi-300x300.jpg\" alt=\"\" width=\"127\" height=\"127\" srcset=\"https:\/\/www.radiopiu.net\/wordpress\/wp-content\/uploads\/2023\/05\/Benedetta-Tobagi-300x300.jpg 300w, https:\/\/www.radiopiu.net\/wordpress\/wp-content\/uploads\/2023\/05\/Benedetta-Tobagi-150x150.jpg 150w, https:\/\/www.radiopiu.net\/wordpress\/wp-content\/uploads\/2023\/05\/Benedetta-Tobagi-768x768.jpg 768w, https:\/\/www.radiopiu.net\/wordpress\/wp-content\/uploads\/2023\/05\/Benedetta-Tobagi.jpg 1000w\" sizes=\"auto, (max-width: 127px) 100vw, 127px\" \/><\/a>Presentazione del libro \u201cLa Resistenza delle donne\u201d di Benedetta Tobagi<\/h3>\n<\/blockquote>\n<p><strong>BELLUNO<\/strong> In occasione della Festa della Repubblica, domani, alle ore 17.30 nella Sala \u201cZanardelli\u201d della Prefettura, con i saluti del Prefetto Mariano Savastano e del Direttore dell\u2019Isbrec Enrico Bacchetti la scrittrice Benedetta Tobagi (foto) presenter\u00e0 il suo ultimo libro La Resistenza delle donne, Einaudi, 2022. L\u2019autrice dialogher\u00e0 con Mirta Amanda Barbonetti, componente del direttivo Isbrec, traduttrice e saggista. Alcuni passi del libro saranno letti dalla poetessa Serena Dal Borgo. L\u2019incontro \u00e8 ad ingresso libero fino ad esaurimento dei posti.<\/p>\n<p>&nbsp;<\/p>\n<p>&nbsp;<\/p>\n<hr \/>\n<p>&nbsp;<\/p>\n<div class=\"page-title-head hgroup\">\n<blockquote>\n<h3 class=\"entry-title\">2-4 GIUGNO! AD ALLEGHE RITORNA IL MERCATINO SUL LUNGOLAGO<\/h3>\n<\/blockquote>\n<\/div>\n<div class=\"page-title-breadcrumbs\">\n<p><a class=\"dt-pswp-item\" href=\"https:\/\/www.radiopiu.net\/wordpress\/wp-content\/uploads\/2023\/05\/download-2.jpg\" data-dt-img-description=\"\" data-large_image_width=\"1009\" data-large_image_height=\"1024\"><img loading=\"lazy\" decoding=\"async\" class=\" wp-image-337551 alignleft\" src=\"https:\/\/www.radiopiu.net\/wordpress\/wp-content\/uploads\/2023\/05\/download-2-296x300.jpg\" alt=\"\" width=\"156\" height=\"158\" srcset=\"https:\/\/www.radiopiu.net\/wordpress\/wp-content\/uploads\/2023\/05\/download-2-296x300.jpg 296w, https:\/\/www.radiopiu.net\/wordpress\/wp-content\/uploads\/2023\/05\/download-2-768x779.jpg 768w, https:\/\/www.radiopiu.net\/wordpress\/wp-content\/uploads\/2023\/05\/download-2.jpg 1009w\" sizes=\"auto, (max-width: 156px) 100vw, 156px\" \/><\/a><strong>ALLEGHE<\/strong> Siete pronti a vivere una primavera ricca di arte, sapori e divertimento? Allora segnatevi questa data: da domani a domenica, sul lungolago di Alleghe, arriva il Mercatino di Primavera! \u00a0Il Mercatino di Primavera vi aspetta con un&#8217;esplosione di gusti irresistibili! Siete pronti a soddisfare le vostre papille gustative?\u00a0 Assolutamente, perch\u00e9 al Mercatino di Primavera troverete una variet\u00e0 di prelibatezze che vi faranno venire l&#8217;acquolina in bocca. Fritture di pesce fresco, per i buongustai amanti del mare. E che dire della famosa porchetta di Ariccia? Un&#8217;esplosione di sapori tradizionali. : se siete amanti dei salumi e dei formaggi, non rimarrete delusi!\u00a0 non dimentichiamo le olive, i taralli e la gastronomia siciliana, autentici tesori culinari che vi faranno viaggiare attraverso le tradizioni del nostro Paese. e per deliziarzi il dolce finale con frittelle e caramelle artigianali. dal 2 al 4 giugno, ad Alleghe, sul lungolago, godetevi il Mercatino di Primavera con arte e sapori unici.<\/p>\n<p>&nbsp;<\/p>\n<p>&nbsp;<\/p>\n<hr \/>\n<p>&nbsp;<\/p>\n<\/div>\n<blockquote>\n<h3>SABATO 3 GIUGNO LA CENA DELLA CLASSE 1955-56<\/h3>\n<\/blockquote>\n<p><strong>AGORDO<\/strong> E&#8217; in programma per sabato 3 giugno al Ristorante &#8220;La Stanga&#8221; la cena delle classi 1955-1956. Ritrovo al ristorante alle 19, cena , musica e premi. Per informazioni ed iscrizioni Roberto Schenot al 348 8524340. Iscrizioni entro il 29 maggio.<\/p>\n<p>&nbsp;<\/p>\n<p>&nbsp;<\/p>\n<hr \/>\n<p>&nbsp;<\/p>\n<blockquote>\n<h3>ESCURSIONI NELLA NATURA, ARTE, STORIA E TRADIZIONI DELLA VAL BELLUNA E DINTORNI<\/h3>\n<\/blockquote>\n<p><strong>BELLUNO<\/strong> Il Centro Turistico giovanile di Belluno organizza per sabato una gita in Cadore al Museo dell&#8217;Occhiale e a Perarolo al Ponte Tibetano. Per info ed iscrizioni 0437 950075<\/p>\n<p>&nbsp;<\/p>\n<p>&nbsp;<\/p>\n<hr \/>\n<p>&nbsp;<\/p>\n<blockquote>\n<h3>DOMENICA 4 GIUGNO LA 4 PAS IN DOI<\/h3>\n<\/blockquote>\n<p><strong>AGORDO<\/strong> <strong>DOMENICA 4 GIUGNO<\/strong> AD AGORDO: &#8220;4 Pas in doi&#8221; TRAIL RUNNING A COPPIE. Due percorsi: 16 km con 900 metri di dislivello, o 5 km con 250 metri di dislivello. E per i pi\u00f9 golosi, la &#8220;4 Pas in doi Bocoi&#8221;: itinerario enogastronomico, 6 km, con 4 tappe da&#8230; gustare. Per informazioni ed iscrizioni: www.4pasindoi.it<\/p>\n<p>&nbsp;<\/p>\n<p>&nbsp;<\/p>\n<hr \/>\n<p>&nbsp;<\/p>\n<h2><span style=\"color: #ff0000;\">PROSSIMAMENTE&#8230;\u00a0 \u00a0<\/span><\/h2>\n<blockquote>\n<h3>FALCADE, VAL BIOIS&#8230;. LA PRIMAVERA<\/h3>\n<\/blockquote>\n\n\t\t\t<style type='text\/css'>\n\t\t\t\t#gallery-5 {\n\t\t\t\t\tmargin: auto;\n\t\t\t\t}\n\t\t\t\t#gallery-5 .gallery-item {\n\t\t\t\t\tfloat: left;\n\t\t\t\t\tmargin-top: 10px;\n\t\t\t\t\ttext-align: center;\n\t\t\t\t\twidth: 100%;\n\t\t\t\t}\n\t\t\t\t#gallery-5 img {\n\t\t\t\t\tborder: 2px solid #cfcfcf;\n\t\t\t\t}\n\t\t\t\t#gallery-5 .gallery-caption {\n\t\t\t\t\tmargin-left: 0;\n\t\t\t\t}\n\t\t\t\t\/* see gallery_shortcode() in wp-includes\/media.php *\/\n\t\t\t<\/style>\n\t\t<div id='gallery-5' class='dt-gallery-container gallery galleryid-338274 gallery-columns-1 gallery-size-medium'><dl class='gallery-item'>\n\t\t\t\t<dt class='gallery-icon portrait'>\n\t\t\t\t\t<a class=\"rollover rollover-zoom dt-pswp-item\" title=\"ab011da9-91ce-49ff-a667-e512c13932d4\" data-dt-img-description=\"\" data-large_image_width=\"1464\" data-large_image_height=\"2048\"href='https:\/\/www.radiopiu.net\/wordpress\/wp-content\/uploads\/2023\/05\/ab011da9-91ce-49ff-a667-e512c13932d4.jpg'><img loading=\"lazy\" decoding=\"async\" width=\"214\" height=\"300\" src=\"https:\/\/www.radiopiu.net\/wordpress\/wp-content\/uploads\/2023\/05\/ab011da9-91ce-49ff-a667-e512c13932d4-214x300.jpg\" class=\"attachment-medium size-medium\" alt=\"\" srcset=\"https:\/\/www.radiopiu.net\/wordpress\/wp-content\/uploads\/2023\/05\/ab011da9-91ce-49ff-a667-e512c13932d4-214x300.jpg 214w, https:\/\/www.radiopiu.net\/wordpress\/wp-content\/uploads\/2023\/05\/ab011da9-91ce-49ff-a667-e512c13932d4-732x1024.jpg 732w, https:\/\/www.radiopiu.net\/wordpress\/wp-content\/uploads\/2023\/05\/ab011da9-91ce-49ff-a667-e512c13932d4-768x1074.jpg 768w, https:\/\/www.radiopiu.net\/wordpress\/wp-content\/uploads\/2023\/05\/ab011da9-91ce-49ff-a667-e512c13932d4-1098x1536.jpg 1098w, https:\/\/www.radiopiu.net\/wordpress\/wp-content\/uploads\/2023\/05\/ab011da9-91ce-49ff-a667-e512c13932d4.jpg 1464w\" sizes=\"auto, (max-width: 214px) 100vw, 214px\" \/><\/a>\n\t\t\t\t<\/dt><\/dl><br style=\"clear: both\" \/>\n\t\t\t<\/div>\n\n<p>&nbsp;<\/p>\n<p>&nbsp;<\/p>\n<blockquote>\n<h3>FLAUTO E CLARINETTO<\/h3>\n<\/blockquote>\n<p><strong>BELLUNO\u00a0<\/strong>Linee irregolari: declinazioni melodiche novecentesche e contemporanee \u00e8 il tema del programma che la flautista Cecilia Vendrasco e il clarinettista Vincenzo Paci presentano a Belluno, luned\u00ec 5 giugno,\u00a0 alle 20:30, alla Casa dei Maestri (ex Sala De Luca) a Borgo Pra. Organizzazione Circolo Culturale Bellunese<\/p>\n<p>&nbsp;<\/p>\n\n\t\t\t<style type='text\/css'>\n\t\t\t\t#gallery-6 {\n\t\t\t\t\tmargin: auto;\n\t\t\t\t}\n\t\t\t\t#gallery-6 .gallery-item {\n\t\t\t\t\tfloat: left;\n\t\t\t\t\tmargin-top: 10px;\n\t\t\t\t\ttext-align: center;\n\t\t\t\t\twidth: 100%;\n\t\t\t\t}\n\t\t\t\t#gallery-6 img {\n\t\t\t\t\tborder: 2px solid #cfcfcf;\n\t\t\t\t}\n\t\t\t\t#gallery-6 .gallery-caption {\n\t\t\t\t\tmargin-left: 0;\n\t\t\t\t}\n\t\t\t\t\/* see gallery_shortcode() in wp-includes\/media.php *\/\n\t\t\t<\/style>\n\t\t<div id='gallery-6' class='dt-gallery-container gallery galleryid-338274 gallery-columns-1 gallery-size-medium'><dl class='gallery-item'>\n\t\t\t\t<dt class='gallery-icon portrait'>\n\t\t\t\t\t<a class=\"rollover rollover-zoom dt-pswp-item\" title=\"42abf5ad-ee3c-42c9-9043-e91339305204\" data-dt-img-description=\"\" data-large_image_width=\"915\" data-large_image_height=\"1280\"href='https:\/\/www.radiopiu.net\/wordpress\/wp-content\/uploads\/2023\/05\/42abf5ad-ee3c-42c9-9043-e91339305204.jpg'><img loading=\"lazy\" decoding=\"async\" width=\"214\" height=\"300\" src=\"https:\/\/www.radiopiu.net\/wordpress\/wp-content\/uploads\/2023\/05\/42abf5ad-ee3c-42c9-9043-e91339305204-214x300.jpg\" class=\"attachment-medium size-medium\" alt=\"\" srcset=\"https:\/\/www.radiopiu.net\/wordpress\/wp-content\/uploads\/2023\/05\/42abf5ad-ee3c-42c9-9043-e91339305204-214x300.jpg 214w, https:\/\/www.radiopiu.net\/wordpress\/wp-content\/uploads\/2023\/05\/42abf5ad-ee3c-42c9-9043-e91339305204-732x1024.jpg 732w, https:\/\/www.radiopiu.net\/wordpress\/wp-content\/uploads\/2023\/05\/42abf5ad-ee3c-42c9-9043-e91339305204-768x1074.jpg 768w, https:\/\/www.radiopiu.net\/wordpress\/wp-content\/uploads\/2023\/05\/42abf5ad-ee3c-42c9-9043-e91339305204.jpg 915w\" sizes=\"auto, (max-width: 214px) 100vw, 214px\" \/><\/a>\n\t\t\t\t<\/dt><\/dl><br style=\"clear: both\" \/>\n\t\t\t<\/div>\n\n<p>&nbsp;<\/p>\n<\/div>\n<p>&nbsp;<\/p>\n<div class=\"page-title-breadcrumbs\">\n<blockquote>\n<h3>LA SERATA DI PRESENTAZIONE DI UNIONETICA<\/h3>\n<\/blockquote>\n<p><strong>BELLUNO<\/strong> Luned\u00ec 12 giugno alle 20:30 alla Sala Eliseo Dal Pont Bianchi di Belluno verr\u00e0 presentata l&#8217;associazione UnionEtica, associazione sindacale che raccoglie famiglie e piccole\/microimprese. Interverranno Diego Moschini, consulente del lavoro, e Daniele Trabucco, Costituzionalista ed autore. Ingresso a offerta libera<\/p>\n<p>&nbsp;<\/p>\n<p>&nbsp;<\/p>\n<hr \/>\n<p>&nbsp;<\/p>\n<blockquote>\n<h3>Il Gruppo Alpini organizza una gita indimenticabile alla Foiba di Basovizza con pranzo di pesce a Lignano<\/h3>\n<\/blockquote>\n<p><strong>FALCADE <\/strong>\u00a0I Gruppi Alpini rappresentano un importante pilastro della comunit\u00e0 locale, promuovendo attivit\u00e0 che uniscono tradizione, avventura e scoperta del patrimonio culturale. Nel contesto di queste iniziative, il Gruppo Alpini di Falcade ha annunciato una gita straordinaria che si terr\u00e0 l&#8217;11 giugno, con destinazione la Foiba di Basovizza e una deliziosa pausa pranzo a Lignano.\u00a0 Remo Secchi, responsabile delle iscrizioni, sar\u00e0 il punto di riferimento per tutti coloro che desiderano partecipare. Per prenotare un posto e per ulteriori informazioni, \u00e8 possibile contattare\u00a0 il\u00a0 338 5628415.<\/p>\n<p>&nbsp;<\/p>\n<p>&nbsp;<\/p>\n<p>&nbsp;<\/p>\n<hr \/>\n<p>&nbsp;<\/p>\n<div dir=\"auto\">\n<div class=\"message spoilers-container\" dir=\"auto\">\n<div>\n<div class=\"b654a4as d2edcug0\">\n<div class=\"rq0escxv hkbzh7o3 jwdofwj8 n8tt0mok r8blr3vg hyh9befq\">\n<p><a class=\"dt-pswp-item\" href=\"https:\/\/www.radiopiu.net\/wordpress\/wp-content\/uploads\/2020\/10\/pp.jpg\" data-dt-img-description=\"\" data-large_image_width=\"640\" data-large_image_height=\"640\"><img loading=\"lazy\" decoding=\"async\" class=\"wp-image-163678 alignleft\" src=\"https:\/\/www.radiopiu.net\/wordpress\/wp-content\/uploads\/2020\/10\/pp-300x300.jpg\" alt=\"\" width=\"106\" height=\"106\" srcset=\"https:\/\/www.radiopiu.net\/wordpress\/wp-content\/uploads\/2020\/10\/pp-300x300.jpg 300w, https:\/\/www.radiopiu.net\/wordpress\/wp-content\/uploads\/2020\/10\/pp-150x150.jpg 150w, https:\/\/www.radiopiu.net\/wordpress\/wp-content\/uploads\/2020\/10\/pp-125x125.jpg 125w, https:\/\/www.radiopiu.net\/wordpress\/wp-content\/uploads\/2020\/10\/pp-200x200.jpg 200w, https:\/\/www.radiopiu.net\/wordpress\/wp-content\/uploads\/2020\/10\/pp-80x80.jpg 80w, https:\/\/www.radiopiu.net\/wordpress\/wp-content\/uploads\/2020\/10\/pp-480x480.jpg 480w, https:\/\/www.radiopiu.net\/wordpress\/wp-content\/uploads\/2020\/10\/pp.jpg 640w\" sizes=\"auto, (max-width: 106px) 100vw, 106px\" \/><\/a><\/p>\n<\/div>\n<\/div>\n<\/div>\n<\/div>\n<div class=\"message spoilers-container\" dir=\"auto\">\n<div class=\"page-title-head hgroup\">\n<div class=\"page-title-head hgroup\">\n<div class=\"b654a4as d2edcug0\">\n<div class=\"j83agx80 btwxx1t3 lhclo0ds hop8lmos nkwizq5d scwd0bx6 roh60bw9\">\n<div class=\"rq0escxv hkbzh7o3 jwdofwj8 n8tt0mok r8blr3vg hyh9befq\">\n<div class=\"do00u71z l9j0dhe7 k4urcfbm\" style=\"text-align: left;\">\n<h2><span style=\"color: #000080;\">DON CESARE, IL PENSIERO DEL GIORNO. ALLA RADIO ALLE 7 DEL MATTINO E ALLE 19.30 DELLA SERA<\/span><\/h2>\n<audio class=\"wp-audio-shortcode\" id=\"audio-338274-8\" preload=\"none\" style=\"width: 100%;\" controls=\"controls\"><source type=\"audio\/mpeg\" src=\"https:\/\/www.radiopiu.net\/wordpress\/wp-content\/uploads\/2023\/06\/CESARE.mp3?_=8\" \/><a href=\"https:\/\/www.radiopiu.net\/wordpress\/wp-content\/uploads\/2023\/06\/CESARE.mp3\">https:\/\/www.radiopiu.net\/wordpress\/wp-content\/uploads\/2023\/06\/CESARE.mp3<\/a><\/audio>\n<\/div>\n<div class=\"do00u71z l9j0dhe7 k4urcfbm\" style=\"text-align: left;\"><\/div>\n<\/div>\n<\/div>\n<\/div>\n<\/div>\n<\/div>\n<\/div>\n<\/div>\n<blockquote>\n<div class=\"message spoilers-container\" dir=\"auto\">\n<p>&nbsp;<\/p>\n<\/div>\n<\/blockquote>\n<p>&nbsp;<\/p>\n<div class=\"message spoilers-container\" dir=\"auto\">\n<hr \/>\n<p>&nbsp;<\/p>\n<\/div>\n<div class=\"message spoilers-container\" dir=\"auto\">\n<div class=\"column\">\n<p><img loading=\"lazy\" decoding=\"async\" class=\"aligncenter wp-image-61954 size-full\" src=\"https:\/\/www.radiopiu.net\/wordpress\/wp-content\/uploads\/2018\/09\/viabilita.jpeg\" sizes=\"auto, (max-width: 800px) 100vw, 800px\" srcset=\"https:\/\/www.radiopiu.net\/wordpress\/wp-content\/uploads\/2018\/09\/viabilita.jpeg 800w, https:\/\/www.radiopiu.net\/wordpress\/wp-content\/uploads\/2018\/09\/viabilita-300x38.jpeg 300w, https:\/\/www.radiopiu.net\/wordpress\/wp-content\/uploads\/2018\/09\/viabilita-768x96.jpeg 768w\" alt=\"\" width=\"800\" height=\"100\" \/><\/p>\n<\/div>\n<\/div>\n<div class=\"message spoilers-container\" dir=\"auto\">\n<div class=\"column\">\n<p>&nbsp;<\/p>\n<\/div>\n<\/div>\n<div class=\"message spoilers-container\" dir=\"auto\">\n<div class=\"column\">\n<div>\n<div dir=\"ltr\">\n<div class=\"gmail_quote\">\n<div dir=\"ltr\">\n<div>\n<blockquote class=\"wp-embedded-content\" data-secret=\"wwUO4j1Ee1\"><p><a href=\"https:\/\/www.radiopiu.net\/wordpress\/viabilita\/\">viabilita<\/a><\/p><\/blockquote>\n<p><iframe loading=\"lazy\" class=\"wp-embedded-content\" sandbox=\"allow-scripts\" security=\"restricted\" style=\"position: absolute; clip: rect(1px, 1px, 1px, 1px);\" title=\"&#8220;viabilita&#8221; &#8212; Radio Pi\u00f9\" src=\"https:\/\/www.radiopiu.net\/wordpress\/viabilita\/embed\/#?secret=H0njoEKbPm#?secret=wwUO4j1Ee1\" data-secret=\"wwUO4j1Ee1\" width=\"600\" height=\"338\" frameborder=\"0\" marginwidth=\"0\" marginheight=\"0\" scrolling=\"no\"><\/iframe><\/p>\n<\/div>\n<div><\/div>\n<div><\/div>\n<div><\/div>\n<\/div>\n<\/div>\n<\/div>\n<\/div>\n<hr \/>\n<p>&nbsp;<\/p>\n<p><a class=\"dt-pswp-item\" href=\"https:\/\/www.radiopiu.net\/wordpress\/wp-content\/uploads\/2018\/09\/WhatsApp-Image-2018-09-20-at-16.04.06.jpeg\" data-dt-img-description=\"\" data-large_image_width=\"800\" data-large_image_height=\"100\"><img loading=\"lazy\" decoding=\"async\" class=\"wp-image-61378 size-full aligncenter\" src=\"https:\/\/www.radiopiu.net\/wordpress\/wp-content\/uploads\/2018\/09\/WhatsApp-Image-2018-09-20-at-16.04.06.jpeg\" alt=\"\" width=\"800\" height=\"100\" srcset=\"https:\/\/www.radiopiu.net\/wordpress\/wp-content\/uploads\/2018\/09\/WhatsApp-Image-2018-09-20-at-16.04.06.jpeg 800w, https:\/\/www.radiopiu.net\/wordpress\/wp-content\/uploads\/2018\/09\/WhatsApp-Image-2018-09-20-at-16.04.06-300x38.jpeg 300w, https:\/\/www.radiopiu.net\/wordpress\/wp-content\/uploads\/2018\/09\/WhatsApp-Image-2018-09-20-at-16.04.06-768x96.jpeg 768w\" sizes=\"auto, (max-width: 800px) 100vw, 800px\" \/><\/a><\/p>\n<\/div>\n<\/div>\n<div class=\"message spoilers-container\" dir=\"auto\"><\/div>\n<p><center><\/center><b>OGGI <\/b>Al mattino poco o parzialmente nuvoloso, dalle ore centrali aumento irregolare della nuvolosit\u00e0 cumuliforme fino a nuvoloso. <b>Precipitazioni: <\/b>Dal mezzogiorno aumento della probabilit\u00e0 di rovesci sparsi e isolati temporali fino a divenire medio-alta\u00a0 possibili a tratti fino a sera.<\/p>\n<hr \/>\n<p><center><\/center><b>DOMANI\u00a0 <\/b>Via via pi\u00f9 instabile: al mattino parzialmente nuvoloso con nubi in aumento gi\u00e0 entro il mezzogiorno fino a nuvoloso o molto nuvoloso ovunque. <b>Precipitazioni: <\/b>Probabilit\u00e0 in aumento gi\u00e0 entro il mezzogiorno con primi rovesci sparsi o isolati temporali\u00a0 via via pi\u00f9 probabili dalle ore centrali e fino a sera<\/p>\n<hr \/>\n<p><center><\/center><strong>SABATO<\/strong> Tempo variabile al mattino con schiarite ed annuvolamenti tendente a divenire instabile dalle ore centrali e fino a sera con probabili rovesci sparsi e isolati temporali. Temperature pressoch\u00e8 stazionarie. Venti in quota deboli da ovest\/sudovest, deboli variabili nelle valli.<\/p>\n<hr \/>\n<p><center><\/center><strong>DOMENICA<\/strong> Tempo instabile con molte nubi e alta probabilit\u00e0 di rovesci sparsi o temporali possibili a tratti durante tutta la giornata seppur pi\u00f9 probabili dalle ore centrali in poi. Temperature senza notevoli variazioni. Venti in quota deboli da ovest\/sudovest, deboli variabili nelle valli. Previsore:DDL<\/p>\n<p>&nbsp;<\/p>\n<div class=\"message spoilers-container\" dir=\"auto\">\n<hr \/>\n<p>&nbsp;<\/p>\n<p><a class=\"dt-pswp-item\" href=\"https:\/\/www.radiopiu.net\/wordpress\/wp-content\/uploads\/2018\/09\/sport.jpg\" data-dt-img-description=\"\" data-large_image_width=\"800\" data-large_image_height=\"100\"><img loading=\"lazy\" decoding=\"async\" class=\"aligncenter wp-image-60761 size-full\" src=\"https:\/\/www.radiopiu.net\/wordpress\/wp-content\/uploads\/2018\/09\/sport.jpg\" alt=\"\" width=\"800\" height=\"100\" srcset=\"https:\/\/www.radiopiu.net\/wordpress\/wp-content\/uploads\/2018\/09\/sport.jpg 800w, https:\/\/www.radiopiu.net\/wordpress\/wp-content\/uploads\/2018\/09\/sport-300x38.jpg 300w, https:\/\/www.radiopiu.net\/wordpress\/wp-content\/uploads\/2018\/09\/sport-768x96.jpg 768w\" sizes=\"auto, (max-width: 800px) 100vw, 800px\" \/><\/a><\/p>\n<\/div>\n<div class=\"message spoilers-container\" dir=\"auto\">\n<p>&nbsp;<\/p>\n<p><span style=\"color: #0000ff;\"><strong>HOCKEY SU GHIACCIO<\/strong><\/span><\/p>\n<blockquote>\n<h3>ALESSANDRO FONTANA E LA VOGLIA DI AFFRONTARE NUOVE SFIDE<\/h3>\n<\/blockquote>\n<p><strong><a class=\"dt-pswp-item\" href=\"https:\/\/www.radiopiu.net\/wordpress\/wp-content\/uploads\/2023\/05\/a523e83e-71ab-405e-8ec4-193854cb6431.jpg\" data-dt-img-description=\"\" data-large_image_width=\"1024\" data-large_image_height=\"681\"><img loading=\"lazy\" decoding=\"async\" class=\" wp-image-338381 alignleft\" src=\"https:\/\/www.radiopiu.net\/wordpress\/wp-content\/uploads\/2023\/05\/a523e83e-71ab-405e-8ec4-193854cb6431-300x200.jpg\" alt=\"\" width=\"207\" height=\"138\" srcset=\"https:\/\/www.radiopiu.net\/wordpress\/wp-content\/uploads\/2023\/05\/a523e83e-71ab-405e-8ec4-193854cb6431-300x200.jpg 300w, https:\/\/www.radiopiu.net\/wordpress\/wp-content\/uploads\/2023\/05\/a523e83e-71ab-405e-8ec4-193854cb6431-768x511.jpg 768w, https:\/\/www.radiopiu.net\/wordpress\/wp-content\/uploads\/2023\/05\/a523e83e-71ab-405e-8ec4-193854cb6431.jpg 1024w\" sizes=\"auto, (max-width: 207px) 100vw, 207px\" \/><\/a>di Marco Gaz<\/strong><\/p>\n<p><strong>REDAZIONE<\/strong> Alessandro Fontana non \u00e8 pi\u00f9 l&#8217;allenatore dell&#8217;Alleghe Hockey. Il coach alleghese ha gettato la spugna nei giorni scorsi in comune accordo con la societ\u00e0. Fontana ha deciso di lasciare le civette per affrontare nuove sfide in ambito hockeistico. Le offerte da altre societ\u00e0 non sono mancate e la voglia di provare nuove avventure \u00e8 tanta. Nessun diverbio con la squadra del Presidente Levis che \u00e8 sempre stata al fianco dell&#8217;allenatore e della squadra nell&#8217;ultimo anno. Una stagione difficile chiusa con l&#8217;ultima posizione nel campionato IHL.<\/p>\n<p><strong>ALESSANDRO FONTANA<\/strong><\/p>\n<audio class=\"wp-audio-shortcode\" id=\"audio-338274-9\" preload=\"none\" style=\"width: 100%;\" controls=\"controls\"><source type=\"audio\/mpeg\" src=\"https:\/\/www.radiopiu.net\/wordpress\/wp-content\/uploads\/2023\/05\/ALESSANDRO-FONTANA.mp3?_=9\" \/><a href=\"https:\/\/www.radiopiu.net\/wordpress\/wp-content\/uploads\/2023\/05\/ALESSANDRO-FONTANA.mp3\">https:\/\/www.radiopiu.net\/wordpress\/wp-content\/uploads\/2023\/05\/ALESSANDRO-FONTANA.mp3<\/a><\/audio>\n<p>&nbsp;<\/p>\n<p><span style=\"color: #0000ff;\"><strong>MOTORI<\/strong><\/span><\/p>\n<blockquote>\n<h3>LA BELLA PRESTAZIONE DI &#8220;BRIK&#8221; AL RALLY DELLA MARCA<\/h3>\n<\/blockquote>\n<p><strong>BELLUNO<\/strong><\/p>\n<p>di Roberto Bona<\/p>\n<p><em>(foto: Fotosport e Flavio Casoni)<\/em><\/p>\n<audio class=\"wp-audio-shortcode\" id=\"audio-338274-10\" preload=\"none\" style=\"width: 100%;\" controls=\"controls\"><source type=\"audio\/mpeg\" src=\"https:\/\/www.radiopiu.net\/wordpress\/wp-content\/uploads\/2023\/05\/gr-01-sport-rally-brik-bona.mp3?_=10\" \/><a href=\"https:\/\/www.radiopiu.net\/wordpress\/wp-content\/uploads\/2023\/05\/gr-01-sport-rally-brik-bona.mp3\">https:\/\/www.radiopiu.net\/wordpress\/wp-content\/uploads\/2023\/05\/gr-01-sport-rally-brik-bona.mp3<\/a><\/audio>\n<p>&nbsp;<\/p>\n\n\t\t\t<style type='text\/css'>\n\t\t\t\t#gallery-7 {\n\t\t\t\t\tmargin: auto;\n\t\t\t\t}\n\t\t\t\t#gallery-7 .gallery-item {\n\t\t\t\t\tfloat: left;\n\t\t\t\t\tmargin-top: 10px;\n\t\t\t\t\ttext-align: center;\n\t\t\t\t\twidth: 50%;\n\t\t\t\t}\n\t\t\t\t#gallery-7 img {\n\t\t\t\t\tborder: 2px solid #cfcfcf;\n\t\t\t\t}\n\t\t\t\t#gallery-7 .gallery-caption {\n\t\t\t\t\tmargin-left: 0;\n\t\t\t\t}\n\t\t\t\t\/* see gallery_shortcode() in wp-includes\/media.php *\/\n\t\t\t<\/style>\n\t\t<div id='gallery-7' class='dt-gallery-container gallery galleryid-338274 gallery-columns-2 gallery-size-medium'><dl class='gallery-item'>\n\t\t\t\t<dt class='gallery-icon landscape'>\n\t\t\t\t\t<a class=\"rollover rollover-zoom dt-pswp-item\" title=\"1b779d80-7266-45d4-a48a-690eddcf8244\" data-dt-img-description=\"\" data-large_image_width=\"1600\" data-large_image_height=\"1064\"href='https:\/\/www.radiopiu.net\/wordpress\/wp-content\/uploads\/2023\/05\/1b779d80-7266-45d4-a48a-690eddcf8244.jpg'><img loading=\"lazy\" decoding=\"async\" width=\"300\" height=\"200\" src=\"https:\/\/www.radiopiu.net\/wordpress\/wp-content\/uploads\/2023\/05\/1b779d80-7266-45d4-a48a-690eddcf8244-300x200.jpg\" class=\"attachment-medium size-medium\" alt=\"\" srcset=\"https:\/\/www.radiopiu.net\/wordpress\/wp-content\/uploads\/2023\/05\/1b779d80-7266-45d4-a48a-690eddcf8244-300x200.jpg 300w, https:\/\/www.radiopiu.net\/wordpress\/wp-content\/uploads\/2023\/05\/1b779d80-7266-45d4-a48a-690eddcf8244-1024x681.jpg 1024w, https:\/\/www.radiopiu.net\/wordpress\/wp-content\/uploads\/2023\/05\/1b779d80-7266-45d4-a48a-690eddcf8244-768x511.jpg 768w, https:\/\/www.radiopiu.net\/wordpress\/wp-content\/uploads\/2023\/05\/1b779d80-7266-45d4-a48a-690eddcf8244-1536x1021.jpg 1536w, https:\/\/www.radiopiu.net\/wordpress\/wp-content\/uploads\/2023\/05\/1b779d80-7266-45d4-a48a-690eddcf8244.jpg 1600w\" sizes=\"auto, (max-width: 300px) 100vw, 300px\" \/><\/a>\n\t\t\t\t<\/dt><\/dl><dl class='gallery-item'>\n\t\t\t\t<dt class='gallery-icon landscape'>\n\t\t\t\t\t<a class=\"rollover rollover-zoom dt-pswp-item\" title=\"055626a2-ce18-4bba-9a26-64e25bef8007\" data-dt-img-description=\"\" data-large_image_width=\"1100\" data-large_image_height=\"733\"href='https:\/\/www.radiopiu.net\/wordpress\/wp-content\/uploads\/2023\/05\/055626a2-ce18-4bba-9a26-64e25bef8007.jpg'><img loading=\"lazy\" decoding=\"async\" width=\"300\" height=\"200\" src=\"https:\/\/www.radiopiu.net\/wordpress\/wp-content\/uploads\/2023\/05\/055626a2-ce18-4bba-9a26-64e25bef8007-300x200.jpg\" class=\"attachment-medium size-medium\" alt=\"\" srcset=\"https:\/\/www.radiopiu.net\/wordpress\/wp-content\/uploads\/2023\/05\/055626a2-ce18-4bba-9a26-64e25bef8007-300x200.jpg 300w, https:\/\/www.radiopiu.net\/wordpress\/wp-content\/uploads\/2023\/05\/055626a2-ce18-4bba-9a26-64e25bef8007-1024x682.jpg 1024w, https:\/\/www.radiopiu.net\/wordpress\/wp-content\/uploads\/2023\/05\/055626a2-ce18-4bba-9a26-64e25bef8007-768x512.jpg 768w, https:\/\/www.radiopiu.net\/wordpress\/wp-content\/uploads\/2023\/05\/055626a2-ce18-4bba-9a26-64e25bef8007.jpg 1100w\" sizes=\"auto, (max-width: 300px) 100vw, 300px\" \/><\/a>\n\t\t\t\t<\/dt><\/dl><br style=\"clear: both\" \/>\n\t\t\t<\/div>\n\n<p>&nbsp;<\/p>\n<p><span style=\"color: #0000ff;\"><strong>CALCIO<\/strong><\/span><\/p>\n<blockquote>\n<h3>SI AVVICINA SEMPRE DI PIU&#8217; LA GRANDE FESTA PER IL 60ESIMO DEL FIORI BARP MAS<\/h3>\n<\/blockquote>\n<p><strong>SEDICO<\/strong><\/p>\n<p>di Roberto Bona<\/p>\n<audio class=\"wp-audio-shortcode\" id=\"audio-338274-11\" preload=\"none\" style=\"width: 100%;\" controls=\"controls\"><source type=\"audio\/mpeg\" src=\"https:\/\/www.radiopiu.net\/wordpress\/wp-content\/uploads\/2023\/05\/SessantesimoFioriBarpDalCin.mp3?_=11\" \/><a href=\"https:\/\/www.radiopiu.net\/wordpress\/wp-content\/uploads\/2023\/05\/SessantesimoFioriBarpDalCin.mp3\">https:\/\/www.radiopiu.net\/wordpress\/wp-content\/uploads\/2023\/05\/SessantesimoFioriBarpDalCin.mp3<\/a><\/audio>\n<p>&nbsp;<\/p>\n\n\t\t\t<style type='text\/css'>\n\t\t\t\t#gallery-8 {\n\t\t\t\t\tmargin: auto;\n\t\t\t\t}\n\t\t\t\t#gallery-8 .gallery-item {\n\t\t\t\t\tfloat: left;\n\t\t\t\t\tmargin-top: 10px;\n\t\t\t\t\ttext-align: center;\n\t\t\t\t\twidth: 33%;\n\t\t\t\t}\n\t\t\t\t#gallery-8 img {\n\t\t\t\t\tborder: 2px solid #cfcfcf;\n\t\t\t\t}\n\t\t\t\t#gallery-8 .gallery-caption {\n\t\t\t\t\tmargin-left: 0;\n\t\t\t\t}\n\t\t\t\t\/* see gallery_shortcode() in wp-includes\/media.php *\/\n\t\t\t<\/style>\n\t\t<div id='gallery-8' class='dt-gallery-container gallery galleryid-338274 gallery-columns-3 gallery-size-medium'><dl class='gallery-item'>\n\t\t\t\t<dt class='gallery-icon landscape'>\n\t\t\t\t\t<a class=\"rollover rollover-zoom dt-pswp-item\" title=\"67aaf7ff-eac1-4bf6-ab23-cbfa956cd3b5\" data-dt-img-description=\"\" data-large_image_width=\"1126\" data-large_image_height=\"681\"href='https:\/\/www.radiopiu.net\/wordpress\/wp-content\/uploads\/2023\/05\/67aaf7ff-eac1-4bf6-ab23-cbfa956cd3b5.jpg'><img loading=\"lazy\" decoding=\"async\" width=\"300\" height=\"181\" src=\"https:\/\/www.radiopiu.net\/wordpress\/wp-content\/uploads\/2023\/05\/67aaf7ff-eac1-4bf6-ab23-cbfa956cd3b5-300x181.jpg\" class=\"attachment-medium size-medium\" alt=\"\" srcset=\"https:\/\/www.radiopiu.net\/wordpress\/wp-content\/uploads\/2023\/05\/67aaf7ff-eac1-4bf6-ab23-cbfa956cd3b5-300x181.jpg 300w, https:\/\/www.radiopiu.net\/wordpress\/wp-content\/uploads\/2023\/05\/67aaf7ff-eac1-4bf6-ab23-cbfa956cd3b5-1024x619.jpg 1024w, https:\/\/www.radiopiu.net\/wordpress\/wp-content\/uploads\/2023\/05\/67aaf7ff-eac1-4bf6-ab23-cbfa956cd3b5-768x464.jpg 768w, https:\/\/www.radiopiu.net\/wordpress\/wp-content\/uploads\/2023\/05\/67aaf7ff-eac1-4bf6-ab23-cbfa956cd3b5.jpg 1126w\" sizes=\"auto, (max-width: 300px) 100vw, 300px\" \/><\/a>\n\t\t\t\t<\/dt><\/dl><dl class='gallery-item'>\n\t\t\t\t<dt class='gallery-icon portrait'>\n\t\t\t\t\t<a class=\"rollover rollover-zoom dt-pswp-item\" title=\"8d099915-fb16-48d4-8bf5-82c0cd287f06\" data-dt-img-description=\"\" data-large_image_width=\"1156\" data-large_image_height=\"1600\"href='https:\/\/www.radiopiu.net\/wordpress\/wp-content\/uploads\/2023\/05\/8d099915-fb16-48d4-8bf5-82c0cd287f06.jpg'><img loading=\"lazy\" decoding=\"async\" width=\"217\" height=\"300\" src=\"https:\/\/www.radiopiu.net\/wordpress\/wp-content\/uploads\/2023\/05\/8d099915-fb16-48d4-8bf5-82c0cd287f06-217x300.jpg\" class=\"attachment-medium size-medium\" alt=\"\" srcset=\"https:\/\/www.radiopiu.net\/wordpress\/wp-content\/uploads\/2023\/05\/8d099915-fb16-48d4-8bf5-82c0cd287f06-217x300.jpg 217w, https:\/\/www.radiopiu.net\/wordpress\/wp-content\/uploads\/2023\/05\/8d099915-fb16-48d4-8bf5-82c0cd287f06-740x1024.jpg 740w, https:\/\/www.radiopiu.net\/wordpress\/wp-content\/uploads\/2023\/05\/8d099915-fb16-48d4-8bf5-82c0cd287f06-768x1063.jpg 768w, https:\/\/www.radiopiu.net\/wordpress\/wp-content\/uploads\/2023\/05\/8d099915-fb16-48d4-8bf5-82c0cd287f06-1110x1536.jpg 1110w, https:\/\/www.radiopiu.net\/wordpress\/wp-content\/uploads\/2023\/05\/8d099915-fb16-48d4-8bf5-82c0cd287f06.jpg 1156w\" sizes=\"auto, (max-width: 217px) 100vw, 217px\" \/><\/a>\n\t\t\t\t<\/dt><\/dl><dl class='gallery-item'>\n\t\t\t\t<dt class='gallery-icon landscape'>\n\t\t\t\t\t<a class=\"rollover rollover-zoom dt-pswp-item\" title=\"1d210df7-9266-4a89-bd86-1300d72ac006\" data-dt-img-description=\"\" data-large_image_width=\"1377\" data-large_image_height=\"995\"href='https:\/\/www.radiopiu.net\/wordpress\/wp-content\/uploads\/2023\/05\/1d210df7-9266-4a89-bd86-1300d72ac006.jpg'><img loading=\"lazy\" decoding=\"async\" width=\"300\" height=\"217\" src=\"https:\/\/www.radiopiu.net\/wordpress\/wp-content\/uploads\/2023\/05\/1d210df7-9266-4a89-bd86-1300d72ac006-300x217.jpg\" class=\"attachment-medium size-medium\" alt=\"\" srcset=\"https:\/\/www.radiopiu.net\/wordpress\/wp-content\/uploads\/2023\/05\/1d210df7-9266-4a89-bd86-1300d72ac006-300x217.jpg 300w, https:\/\/www.radiopiu.net\/wordpress\/wp-content\/uploads\/2023\/05\/1d210df7-9266-4a89-bd86-1300d72ac006-1024x740.jpg 1024w, https:\/\/www.radiopiu.net\/wordpress\/wp-content\/uploads\/2023\/05\/1d210df7-9266-4a89-bd86-1300d72ac006-768x555.jpg 768w, https:\/\/www.radiopiu.net\/wordpress\/wp-content\/uploads\/2023\/05\/1d210df7-9266-4a89-bd86-1300d72ac006.jpg 1377w\" sizes=\"auto, (max-width: 300px) 100vw, 300px\" \/><\/a>\n\t\t\t\t<\/dt><\/dl><br style=\"clear: both\" \/>\n\t\t\t<\/div>\n\n<p>&nbsp;<\/p>\n<blockquote>\n<h3>NUOTO GIOVANILE, ATTIVAMENTE AGORDINO: ALLA GRANDE!<\/h3>\n<p><strong>AGORDO<\/strong>\u00a0La piscina di Agordo ha ospitato la 5\u00aa giornata del circuito Propaganda, da sottolineare la super prova degli atleti dell&#8217;Attivamente Agordino che vincono in tutte le gare eccezion fatta per i 50 delfino dorso femminili.<\/p><\/blockquote>\n<p class=\"articlePlainText\"><strong><a class=\"dt-pswp-item\" href=\"https:\/\/www.radiopiu.net\/wordpress\/wp-content\/uploads\/2022\/07\/Piscina.jpg\" data-dt-img-description=\"\" data-large_image_width=\"725\" data-large_image_height=\"832\"><img loading=\"lazy\" decoding=\"async\" class=\"size-medium wp-image-288129 alignleft\" src=\"https:\/\/www.radiopiu.net\/wordpress\/wp-content\/uploads\/2022\/07\/Piscina-261x300.jpg\" alt=\"\" width=\"261\" height=\"300\" srcset=\"https:\/\/www.radiopiu.net\/wordpress\/wp-content\/uploads\/2022\/07\/Piscina-261x300.jpg 261w, https:\/\/www.radiopiu.net\/wordpress\/wp-content\/uploads\/2022\/07\/Piscina.jpg 725w\" sizes=\"auto, (max-width: 261px) 100vw, 261px\" \/><\/a>CLASSIFICHE<\/strong><\/p>\n<div class=\"articlePlainText\">Maschile. 50 stile . 1. Erik De Nardin (Agordino) 36.5; 2. Daniel Baracco (Mondo Sport) 39.8; 3. Pietro Milanov (Lessinia) 40.6; 4. Gioele Dal Magro (Ondablu) 40.9; 5. Devid Olivier (Agordino) 41.0. 50 rana . 1. Nicola De Min (Sportivamente) 52.5; 2. Alessandro Buxaj (Agordino) 52.5; 3. Mattia Brianti (Sportivamente) 52.9; 4. Devid Olivier (Agordino) 53.2; 5. Diego Cetta (Mondo Sport) 56.1. 50 delfino dorso . 1. Erik Franceschetti (Agordino) 56.3; 2. Leonardo Arrighini (Sportivamente) 1.08.2; 3. Tommaso Nogar\u00e8 (Sportivamente) 1.09.7; 4. Manuel Rizzello (Dolomiti) 1.36.0; 4. Tommaso De Zorzi (Agordino) 1.36.0. 100 misti . 1. Erik De Nardin (Agordino) 1.35.5; 2. Mattia Brianti (Sportivamente) 1.37.4; 3. Alessandro Buxaj (Agordino) 1.43.5; 4. Sebastiano Migotto (Agordino) 1.45.0; 5. Gioele Dal Magro (Ondablu) 1.45.4. Femminile. 50 stile\u00a0. 1. Ilenia Venialetti (Agordino) 39.5; 2. Emma Vecellio (Dolomiti) 42.0; 3. Giulia Soppelsa (Agordino) 42.3; 4. Ginevra Sposato (Dolomiti) 42.4; 5. Alice Comin (Ondablu) 43.6.\u00a050 rana\u00a0. 1. Carlotta Fusina (Agordino) 51.5; 2. Veronica Zancol\u00f2 (Dolomiti) 54.0; 3. Alice Latti (Agordino) 54.8; 4. Livia Ren (Agordino) 56.1; 5. Veronica Fabbricatore (Dolomiti) 57.1.\u00a050 delfino dorso\u00a0. 1. Diana Zorzetto (Dolomiti) 50.8; 2. Giulia Granzotto (Mondo Sport) 54.3; 3. Caterina Schinetti (Sportivamente) 1.00.0; 3. Colette Samassa (Agordino) 1.00.0; 3. Amelie Scolza (Agordino) 1.00.0; 3. Veronica Scussel (Agordino) 1.00.0; 3. Letizia Mosca (Agordino) 1.00.0.\u00a0100 misti.\u00a01. Ilenia Venialetti (Agordino) 1.39.6; 2. Alice Comin (Ondablu) 1.42.7; 3. Veronica Zancol\u00f2 (Dolomiti) 1.44.4; 4. Carlotta Fusina (Agordino) 1.44.6; 5. Giulia Soppelsa (Agordino) 1.47.6.\u00a0\u2014<\/div>\n<div class=\"articlePlainText\"><\/div>\n<p>&nbsp;<\/p>\n<p>&nbsp;<\/p>\n<p>&nbsp;<\/p>\n<p>&nbsp;<\/p>\n<\/div>\n<\/div>\n","protected":false},"excerpt":{"rendered":"<p>ISCRIVITI AL NOSTRO CANALE\u00a0 YOUTUBE PER SEGUIRE IN DIRETTA I PRINCIPALI PROGRAMMI DI RADIO PIU&#8217; E LE FUTURE DIRETTE IN ESTERNA. PER ISCRIVERTI CLICCA QUI E PREMI\u00a0 &#8220;Iscriviti&#8221;\u00a0 \u00a0 COME 40 ANNI FA.&#8230; quattro amici attorno al mixer, l&#8217;ultima puntata della prima stagione con Simonetta Tome&#8217;, Marco Gaz, Moreno Tocchetto, Mirko Mezzacasa. Ospiti: Ivan Dj&hellip;<\/p>\n","protected":false},"author":4,"featured_media":338342,"comment_status":"closed","ping_status":"closed","sticky":false,"template":"","format":"standard","meta":{"_monsterinsights_skip_tracking":false,"_monsterinsights_sitenote_active":false,"_monsterinsights_sitenote_note":"","_monsterinsights_sitenote_category":0,"footnotes":""},"categories":[51,86,49],"tags":[],"class_list":["post-338274","post","type-post","status-publish","format-standard","has-post-thumbnail","hentry","category-evidenza-top","category-gr","category-news-18","category-51","category-86","category-49","description-off"],"img_url":"https:\/\/www.radiopiu.net\/wordpress\/wp-content\/uploads\/2023\/05\/Anche-il-presidente-Zaia-da-una-mano-ai-laboratori-di-Confartigianato.jpg","_links":{"self":[{"href":"https:\/\/www.radiopiu.net\/wordpress\/wp-json\/wp\/v2\/posts\/338274","targetHints":{"allow":["GET"]}}],"collection":[{"href":"https:\/\/www.radiopiu.net\/wordpress\/wp-json\/wp\/v2\/posts"}],"about":[{"href":"https:\/\/www.radiopiu.net\/wordpress\/wp-json\/wp\/v2\/types\/post"}],"author":[{"embeddable":true,"href":"https:\/\/www.radiopiu.net\/wordpress\/wp-json\/wp\/v2\/users\/4"}],"replies":[{"embeddable":true,"href":"https:\/\/www.radiopiu.net\/wordpress\/wp-json\/wp\/v2\/comments?post=338274"}],"version-history":[{"count":0,"href":"https:\/\/www.radiopiu.net\/wordpress\/wp-json\/wp\/v2\/posts\/338274\/revisions"}],"wp:featuredmedia":[{"embeddable":true,"href":"https:\/\/www.radiopiu.net\/wordpress\/wp-json\/wp\/v2\/media\/338342"}],"wp:attachment":[{"href":"https:\/\/www.radiopiu.net\/wordpress\/wp-json\/wp\/v2\/media?parent=338274"}],"wp:term":[{"taxonomy":"category","embeddable":true,"href":"https:\/\/www.radiopiu.net\/wordpress\/wp-json\/wp\/v2\/categories?post=338274"},{"taxonomy":"post_tag","embeddable":true,"href":"https:\/\/www.radiopiu.net\/wordpress\/wp-json\/wp\/v2\/tags?post=338274"}],"curies":[{"name":"wp","href":"https:\/\/api.w.org\/{rel}","templated":true}]}}