{"id":338282,"date":"2023-05-31T05:37:09","date_gmt":"2023-05-31T03:37:09","guid":{"rendered":"https:\/\/www.radiopiu.net\/wordpress\/?p=338282"},"modified":"2023-05-31T05:41:48","modified_gmt":"2023-05-31T03:41:48","slug":"tragedia-della-solitudine-a-baldenich","status":"publish","type":"post","link":"https:\/\/www.radiopiu.net\/wordpress\/tragedia-della-solitudine-a-baldenich\/","title":{"rendered":"TRAGEDIA DELLA SOLITUDINE A BALDENICH"},"content":{"rendered":"<p>&nbsp;<\/p>\n<p><strong><img loading=\"lazy\" decoding=\"async\" class=\"alignleft\" src=\"https:\/\/www.radiopiu.net\/wordpress\/wp-content\/uploads\/2023\/05\/Senza-nome-93.jpg\" width=\"178\" height=\"170\" \/>BELLUNO<\/strong> Una donna di 95 anni, Bice Giovanna Pomar\u00e8, \u00e8 stata trovata senza vita ai piedi delle scale della sua abitazione a Baldenich, in via Agosti. L&#8217;allarme \u00e8 stato dato dai vicini che avevano notato la sua assenza e hanno chiamato la polizia. Gli agenti, insieme ai soccorritori, sono entrati nell&#8217;abitazione dopo aver forzato l&#8217;ingresso e hanno purtroppo constatato che la signora era deceduta da alcuni giorni. Secondo le prime indagini mediche, si ipotizza che la morte sia stata causata da una caduta accidentale dalla scala interna alla casa. Si ritiene che la donna abbia subito un malore che l&#8217;ha fatto perdere l&#8217;equilibrio, facendola precipitare. Non sono state riscontrate prove di coinvolgimento di terze persone o segni di effrazioni. Giovanna Pomar\u00e8 era originaria del Comelico e non aveva figli. I funerali della donna si svolgeranno domani alle 11 presso la chiesa parrocchiale di Costalissoio.<\/p>\n<div class=\"group w-full text-gray-800 dark:text-gray-100 border-b border-black\/10 dark:border-gray-900\/50 bg-gray-50 dark:bg-[#444654]\">\n<div class=\"flex p-4 gap-4 text-base md:gap-6 md:max-w-2xl lg:max-w-xl xl:max-w-3xl md:py-6 lg:px-0 m-auto\">\n<div class=\"relative flex w-[calc(100%-50px)] flex-col gap-1 md:gap-3 lg:w-[calc(100%-115px)]\">\n<div class=\"flex justify-between lg:block\">\n<div class=\"text-gray-400 flex self-end lg:self-center justify-center mt-2 gap-2 md:gap-3 lg:gap-1 lg:absolute lg:top-0 lg:translate-x-full lg:right-0 lg:mt-0 lg:pl-2 visible\"><\/div>\n<div>_<\/div>\n<\/div>\n<\/div>\n<\/div>\n<\/div>\n","protected":false},"excerpt":{"rendered":"<p>&nbsp; BELLUNO Una donna di 95 anni, Bice Giovanna Pomar\u00e8, \u00e8 stata trovata senza vita ai piedi delle scale della sua abitazione a Baldenich, in via Agosti. L&#8217;allarme \u00e8 stato dato dai vicini che avevano notato la sua assenza e hanno chiamato la polizia. Gli agenti, insieme ai soccorritori, sono entrati nell&#8217;abitazione dopo aver forzato&hellip;<\/p>\n","protected":false},"author":4,"featured_media":338283,"comment_status":"closed","ping_status":"closed","sticky":false,"template":"","format":"standard","meta":{"_monsterinsights_skip_tracking":false,"_monsterinsights_sitenote_active":false,"_monsterinsights_sitenote_note":"","_monsterinsights_sitenote_category":0,"footnotes":""},"categories":[51,49],"tags":[],"class_list":["post-338282","post","type-post","status-publish","format-standard","has-post-thumbnail","hentry","category-evidenza-top","category-news-18","category-51","category-49","description-off"],"img_url":"https:\/\/www.radiopiu.net\/wordpress\/wp-content\/uploads\/2023\/05\/Senza-nome-93.jpg","_links":{"self":[{"href":"https:\/\/www.radiopiu.net\/wordpress\/wp-json\/wp\/v2\/posts\/338282","targetHints":{"allow":["GET"]}}],"collection":[{"href":"https:\/\/www.radiopiu.net\/wordpress\/wp-json\/wp\/v2\/posts"}],"about":[{"href":"https:\/\/www.radiopiu.net\/wordpress\/wp-json\/wp\/v2\/types\/post"}],"author":[{"embeddable":true,"href":"https:\/\/www.radiopiu.net\/wordpress\/wp-json\/wp\/v2\/users\/4"}],"replies":[{"embeddable":true,"href":"https:\/\/www.radiopiu.net\/wordpress\/wp-json\/wp\/v2\/comments?post=338282"}],"version-history":[{"count":0,"href":"https:\/\/www.radiopiu.net\/wordpress\/wp-json\/wp\/v2\/posts\/338282\/revisions"}],"wp:featuredmedia":[{"embeddable":true,"href":"https:\/\/www.radiopiu.net\/wordpress\/wp-json\/wp\/v2\/media\/338283"}],"wp:attachment":[{"href":"https:\/\/www.radiopiu.net\/wordpress\/wp-json\/wp\/v2\/media?parent=338282"}],"wp:term":[{"taxonomy":"category","embeddable":true,"href":"https:\/\/www.radiopiu.net\/wordpress\/wp-json\/wp\/v2\/categories?post=338282"},{"taxonomy":"post_tag","embeddable":true,"href":"https:\/\/www.radiopiu.net\/wordpress\/wp-json\/wp\/v2\/tags?post=338282"}],"curies":[{"name":"wp","href":"https:\/\/api.w.org\/{rel}","templated":true}]}}