{"id":338375,"date":"2023-06-01T00:00:03","date_gmt":"2023-05-31T22:00:03","guid":{"rendered":"https:\/\/www.radiopiu.net\/wordpress\/?p=338375"},"modified":"2023-06-01T06:05:51","modified_gmt":"2023-06-01T04:05:51","slug":"silvano-savio-consigliere-di-minoranza-di-agordo-esprime-preoccupazione-per-il-dissesto-idrogeologico-di-alcune-zone-della-citta","status":"publish","type":"post","link":"https:\/\/www.radiopiu.net\/wordpress\/silvano-savio-consigliere-di-minoranza-di-agordo-esprime-preoccupazione-per-il-dissesto-idrogeologico-di-alcune-zone-della-citta\/","title":{"rendered":"SILVANO SAVIO, CONSIGLIERE DI MINORANZA DI AGORDO, ESPRIME PREOCCUPAZIONE PER IL DISSESTO IDROGEOLOGICO DI ALCUNE ZONE DELLA CITTA&#8217;"},"content":{"rendered":"<p><strong>di Gianni Santomaso<\/strong><\/p>\n<audio class=\"wp-audio-shortcode\" id=\"audio-338375-1\" preload=\"none\" style=\"width: 100%;\" controls=\"controls\"><source type=\"audio\/mpeg\" src=\"https:\/\/www.radiopiu.net\/wordpress\/wp-content\/uploads\/2023\/05\/GIANNI-DISSESTO-SILVANO-SAVIO.mp3?_=1\" \/><a href=\"https:\/\/www.radiopiu.net\/wordpress\/wp-content\/uploads\/2023\/05\/GIANNI-DISSESTO-SILVANO-SAVIO.mp3\">https:\/\/www.radiopiu.net\/wordpress\/wp-content\/uploads\/2023\/05\/GIANNI-DISSESTO-SILVANO-SAVIO.mp3<\/a><\/audio>\n<p>&nbsp;<\/p>\n<p><strong>L&#8217;INTERVENTO\u00a0<\/strong><\/p>\n<p>del consigliere comunale Silvano Savio<\/p>\n<p><strong><a class=\"dt-pswp-item\" href=\"https:\/\/www.radiopiu.net\/wordpress\/wp-content\/uploads\/2023\/05\/file-2.jpg\" data-dt-img-description=\"\" data-large_image_width=\"489\" data-large_image_height=\"489\"><img loading=\"lazy\" decoding=\"async\" class=\" wp-image-338320 alignleft\" src=\"https:\/\/www.radiopiu.net\/wordpress\/wp-content\/uploads\/2023\/05\/file-2-300x300.jpg\" alt=\"\" width=\"248\" height=\"248\" srcset=\"https:\/\/www.radiopiu.net\/wordpress\/wp-content\/uploads\/2023\/05\/file-2-300x300.jpg 300w, https:\/\/www.radiopiu.net\/wordpress\/wp-content\/uploads\/2023\/05\/file-2-150x150.jpg 150w, https:\/\/www.radiopiu.net\/wordpress\/wp-content\/uploads\/2023\/05\/file-2.jpg 489w\" sizes=\"auto, (max-width: 248px) 100vw, 248px\" \/><\/a>AGORDO\u00a0<\/strong> Durante la seduta di Consiglio Comunale di Agordo del 29 maggio, nel contesto della discussione del Regolamento edilizio, ho ritenuto opportuno mettere in evidenza una problematica legata all&#8217;attivit\u00e0 edilizia in atto sul territorio comunale. Entrando nello specifico, nel 1997 l&#8217;Amministrazione Comunale ha dato incarico al Geologo Vittorio Fenti per lo svolgimento di uno studio puntuale su tutto il territorio comunale, a corredo del P.R.G.il quale \u00e8 stato poi approvat. Lo studio geologico, eseguito attraverso studi approfonditi, ha messo in evidenza delle aree con forte problematica idrogeologica, che si presentano in modo puntiforme e distribuite sostanzialmente nelle zone di Faion, Pragrande, Col di Foglia e definite nella carta tecnica come: &#8220;<em>terreno pessimo, con morfologia molto sfavorevole, con dissesti in atto&#8230;aree gessose soggette a cedimento doliniforme in atto&#8230;&#8221;. <\/em>In buona sostanza sono aree dove sono state accertate delle importanti attivit\u00e0 erosive dovute alla presenza di gessi che hanno la caratteristica di essere idrosolubili e conseguente formazione di vuoti nel sottosuolo. In queste zone negli ultimi anni \u00e8 posta in atto una importante attivit\u00e0 edilizia di tipo residenziale e, a quanto pare, alcune abitazioni presenterebbero gi\u00e0, a distanza di poco tempo, problemi strutturali. Il Dott. Vittorio Fenti, forte anche della sua indiscussa competenza e fama a livello internazionale, ha pi\u00f9 volte ribadito in occasione di pubbliche assemblee il proprio disappunto in merito. Da tempo aleggia sulla &#8220;Piazza di Agordo&#8221; un malumore popolare, causato dal modo di vedere e gestire queste situazioni, malumore che mi sento di condividere e che ho ritenuto di istituzionalizzare in sede di consiglio comunale. A tal fine mi coglie spontanea una riflessione, riferita ad una possibile, pregressa e viziata sorveglianza tecnica, istituzionale ma anche morale, all&#8217;interno del Palazzo Comunale di Agordo.<\/p>\n<p><em>Silvano Savio- Consigliere Comunale Agordo\u00a0<\/em><\/p>\n<p>&nbsp;<\/p>\n<p>&nbsp;<\/p>\n<p>*******<\/p>\n","protected":false},"excerpt":{"rendered":"<p>di Gianni Santomaso &nbsp; L&#8217;INTERVENTO\u00a0 del consigliere comunale Silvano Savio AGORDO\u00a0 Durante la seduta di Consiglio Comunale di Agordo del 29 maggio, nel contesto della discussione del Regolamento edilizio, ho ritenuto opportuno mettere in evidenza una problematica legata all&#8217;attivit\u00e0 edilizia in atto sul territorio comunale. Entrando nello specifico, nel 1997 l&#8217;Amministrazione Comunale ha dato incarico&hellip;<\/p>\n","protected":false},"author":4,"featured_media":338320,"comment_status":"closed","ping_status":"closed","sticky":false,"template":"","format":"standard","meta":{"_monsterinsights_skip_tracking":false,"_monsterinsights_sitenote_active":false,"_monsterinsights_sitenote_note":"","_monsterinsights_sitenote_category":0,"footnotes":""},"categories":[51,49],"tags":[],"class_list":["post-338375","post","type-post","status-publish","format-standard","has-post-thumbnail","hentry","category-evidenza-top","category-news-18","category-51","category-49","description-off"],"img_url":"https:\/\/www.radiopiu.net\/wordpress\/wp-content\/uploads\/2023\/05\/file-2.jpg","_links":{"self":[{"href":"https:\/\/www.radiopiu.net\/wordpress\/wp-json\/wp\/v2\/posts\/338375","targetHints":{"allow":["GET"]}}],"collection":[{"href":"https:\/\/www.radiopiu.net\/wordpress\/wp-json\/wp\/v2\/posts"}],"about":[{"href":"https:\/\/www.radiopiu.net\/wordpress\/wp-json\/wp\/v2\/types\/post"}],"author":[{"embeddable":true,"href":"https:\/\/www.radiopiu.net\/wordpress\/wp-json\/wp\/v2\/users\/4"}],"replies":[{"embeddable":true,"href":"https:\/\/www.radiopiu.net\/wordpress\/wp-json\/wp\/v2\/comments?post=338375"}],"version-history":[{"count":0,"href":"https:\/\/www.radiopiu.net\/wordpress\/wp-json\/wp\/v2\/posts\/338375\/revisions"}],"wp:featuredmedia":[{"embeddable":true,"href":"https:\/\/www.radiopiu.net\/wordpress\/wp-json\/wp\/v2\/media\/338320"}],"wp:attachment":[{"href":"https:\/\/www.radiopiu.net\/wordpress\/wp-json\/wp\/v2\/media?parent=338375"}],"wp:term":[{"taxonomy":"category","embeddable":true,"href":"https:\/\/www.radiopiu.net\/wordpress\/wp-json\/wp\/v2\/categories?post=338375"},{"taxonomy":"post_tag","embeddable":true,"href":"https:\/\/www.radiopiu.net\/wordpress\/wp-json\/wp\/v2\/tags?post=338375"}],"curies":[{"name":"wp","href":"https:\/\/api.w.org\/{rel}","templated":true}]}}